{"id":23781,"date":"2026-01-15T15:55:53","date_gmt":"2026-01-15T14:55:53","guid":{"rendered":"https:\/\/www.visitamalfi.info\/noel-2025-et-nouvel-an-a-amalfi-une-histoire-emouvante-au-quotidien\/"},"modified":"2026-01-15T15:55:53","modified_gmt":"2026-01-15T14:55:53","slug":"noel-2025-et-nouvel-an-a-amalfi-une-histoire-emouvante-au-quotidien","status":"publish","type":"post","link":"https:\/\/www.visitamalfi.info\/fr\/noel-2025-et-nouvel-an-a-amalfi-une-histoire-emouvante-au-quotidien\/","title":{"rendered":"No\u00ebl 2025 et Nouvel An \u00e0 Amalfi : une histoire \u00e9mouvante au quotidien"},"content":{"rendered":"<p data-start=\"380\" data-end=\"478\">Il y a des endroits qui s&#8217;illuminent pendant les vacances.<br data-start=\"432\" data-end=\"435\">Et puis il y a des endroits, comme Amalfi, qui <strong data-start=\"460\" data-end=\"477\">racontent leur propre histoire.<\/strong><\/p>\n<p data-start=\"480\" data-end=\"818\">\u00c0 Amalfi, les f\u00eates de fin d&#8217;ann\u00e9e ne sont pas seulement un calendrier d&#8217;\u00e9v\u00e9nements, mais un voyage \u00e9motionnel et culturel, une histoire de plusieurs semaines, capable de r\u00e9unir tradition et contemporan\u00e9it\u00e9, c\u00e9l\u00e9bration et \u00e9coute, piazza et intimit\u00e9.<br data-start=\"710\" data-end=\"713\">Un conte choral qui a transform\u00e9 les f\u00eates de fin d&#8217;ann\u00e9e en une exp\u00e9rience authentique, partag\u00e9e, vivante, mais surtout magique pour petits et grands.<\/p>\n<h3 data-start=\"829\" data-end=\"889\"><strong data-start=\"833\" data-end=\"889\">Le son ancien de No\u00ebl : des cornemuses dans les ruelles<img decoding=\"async\" class=\" wp-image-23724 alignleft\" src=\"https:\/\/www.visitamalfi.info\/wp-content\/uploads\/2026\/01\/3-300x200.jpeg\" alt=\"\" width=\"174\" height=\"116\" srcset=\"https:\/\/www.visitamalfi.info\/wp-content\/uploads\/2026\/01\/3-300x200.jpeg 300w, https:\/\/www.visitamalfi.info\/wp-content\/uploads\/2026\/01\/3-1024x683.jpeg 1024w, https:\/\/www.visitamalfi.info\/wp-content\/uploads\/2026\/01\/3-768x512.jpeg 768w, https:\/\/www.visitamalfi.info\/wp-content\/uploads\/2026\/01\/3-870x580.jpeg 870w, https:\/\/www.visitamalfi.info\/wp-content\/uploads\/2026\/01\/3-615x410.jpeg 615w, https:\/\/www.visitamalfi.info\/wp-content\/uploads\/2026\/01\/3-1240x825.jpeg 1240w, https:\/\/www.visitamalfi.info\/wp-content\/uploads\/2026\/01\/3.jpeg 1439w\" sizes=\"(max-width: 174px) 100vw, 174px\" \/><\/strong><\/h3>\n<p data-start=\"891\" data-end=\"1273\">\u00c0 Amalfi, No\u00ebl a commenc\u00e9 ainsi : avec le son ancien des <strong data-start=\"983\" data-end=\"995\">cornemuses<\/strong> traversant les ruelles de la ville.<br data-start=\"1032\" data-end=\"1035\">Un son profond et archa\u00efque, capable d&#8217;\u00e9voquer des souvenirs lointains et de cr\u00e9er un lien imm\u00e9diat entre le pass\u00e9 et le pr\u00e9sent. La cornemuse ne se contente pas d&#8217;accompagner No\u00ebl : elle l&#8217;annonce, elle le raconte, elle le fait vivre dans les rues et dans les c\u0153urs.<\/p>\n<h3 data-start=\"296\" data-end=\"366\"><strong data-start=\"300\" data-end=\"366\">Les march\u00e9s de No\u00ebl : Amalfi, un petit enchantement au bord de la mer<img decoding=\"async\" class=\"wp-image-23729 alignright\" src=\"https:\/\/www.visitamalfi.info\/wp-content\/uploads\/2026\/01\/1-300x200.jpg\" alt=\"\" width=\"181\" height=\"120\" srcset=\"https:\/\/www.visitamalfi.info\/wp-content\/uploads\/2026\/01\/1-300x200.jpg 300w, https:\/\/www.visitamalfi.info\/wp-content\/uploads\/2026\/01\/1-1024x682.jpg 1024w, https:\/\/www.visitamalfi.info\/wp-content\/uploads\/2026\/01\/1-768x512.jpg 768w, https:\/\/www.visitamalfi.info\/wp-content\/uploads\/2026\/01\/1-870x580.jpg 870w, https:\/\/www.visitamalfi.info\/wp-content\/uploads\/2026\/01\/1-615x410.jpg 615w, https:\/\/www.visitamalfi.info\/wp-content\/uploads\/2026\/01\/1-1240x825.jpg 1240w, https:\/\/www.visitamalfi.info\/wp-content\/uploads\/2026\/01\/1.jpg 1280w\" sizes=\"(max-width: 181px) 100vw, 181px\" \/><\/strong><\/h3>\n<p data-start=\"368\" data-end=\"822\">Avec ses lumi\u00e8res chaudes, ses odeurs de tradition et ses rues parcourues de sourires, les <strong data-start=\"445\" data-end=\"468\">march\u00e9s de No\u00ebl<\/strong> ont transform\u00e9 Amalfi en une petite f\u00e9erie surplombant la mer.<br data-start=\"536\" data-end=\"539\">Fl\u00e2ner parmi les \u00e9tals, c&#8217;est entrer dans une dimension suspendue, o\u00f9 le temps ralentit et o\u00f9 chaque d\u00e9tail t\u00e9moigne de la chaleur des festivit\u00e9s, de la bont\u00e9 et de la beaut\u00e9 des produits locaux. Objets artisanaux, saveurs authentiques et atmosph\u00e8res famili\u00e8res ont fait de No\u00ebl \u00e0 Amalfi une exp\u00e9rience \u00e0 savourer avec tous les sens.<\/p>\n<h3 data-start=\"1280\" data-end=\"1347\"><strong data-start=\"1284\" data-end=\"1347\">Du papier, des mains et de l&#8217;imagination : No\u00ebl au Mus\u00e9e du papier<img decoding=\"async\" class=\" wp-image-23734 alignleft\" src=\"https:\/\/www.visitamalfi.info\/wp-content\/uploads\/2026\/01\/6-300x200.jpg\" alt=\"\" width=\"230\" height=\"153\" srcset=\"https:\/\/www.visitamalfi.info\/wp-content\/uploads\/2026\/01\/6-300x200.jpg 300w, https:\/\/www.visitamalfi.info\/wp-content\/uploads\/2026\/01\/6-1024x683.jpg 1024w, https:\/\/www.visitamalfi.info\/wp-content\/uploads\/2026\/01\/6-768x512.jpg 768w, https:\/\/www.visitamalfi.info\/wp-content\/uploads\/2026\/01\/6-870x580.jpg 870w, https:\/\/www.visitamalfi.info\/wp-content\/uploads\/2026\/01\/6-615x410.jpg 615w, https:\/\/www.visitamalfi.info\/wp-content\/uploads\/2026\/01\/6-1240x825.jpg 1240w, https:\/\/www.visitamalfi.info\/wp-content\/uploads\/2026\/01\/6.jpg 1440w\" sizes=\"(max-width: 230px) 100vw, 230px\" \/><\/strong><\/h3>\n<p data-start=\"1349\" data-end=\"1703\">Des mains qui cr\u00e9ent, des d\u00e9sirs qui prennent forme, des regards curieux et \u00e9merveill\u00e9s.<br data-start=\"1431\" data-end=\"1434\">Au <strong data-start=\"1437\" data-end=\"1468\">mus\u00e9e du papier d&#8217;Amalfi<\/strong>, No\u00ebl est devenu une exp\u00e9rience faite de papier, d&#8217;imagination et de cr\u00e9ativit\u00e9. Les enfants ont fabriqu\u00e9 leur lettre de No\u00ebl sur du papier fait main, vivant ainsi un moment authentique o\u00f9 tradition et jeu se rencontrent.<\/p>\n<p data-start=\"1705\" data-end=\"1860\">Une exp\u00e9rience simple et pr\u00e9cieuse, capable de transmettre la valeur de l&#8217;action, de l&#8217;attente, du r\u00eave.<\/p>\n<h3 data-start=\"1867\" data-end=\"1923\"><strong data-start=\"1871\" data-end=\"1923\">La fabrique de No\u00ebl : l\u00e0 o\u00f9 la magie a pris forme<img loading=\"lazy\" decoding=\"async\" class=\" wp-image-23739 alignright\" src=\"https:\/\/www.visitamalfi.info\/wp-content\/uploads\/2026\/01\/9-300x200.jpeg\" alt=\"\" width=\"255\" height=\"170\" srcset=\"https:\/\/www.visitamalfi.info\/wp-content\/uploads\/2026\/01\/9-300x200.jpeg 300w, https:\/\/www.visitamalfi.info\/wp-content\/uploads\/2026\/01\/9-1024x683.jpeg 1024w, https:\/\/www.visitamalfi.info\/wp-content\/uploads\/2026\/01\/9-768x512.jpeg 768w, https:\/\/www.visitamalfi.info\/wp-content\/uploads\/2026\/01\/9-870x580.jpeg 870w, https:\/\/www.visitamalfi.info\/wp-content\/uploads\/2026\/01\/9-615x410.jpeg 615w, https:\/\/www.visitamalfi.info\/wp-content\/uploads\/2026\/01\/9-1240x825.jpeg 1240w, https:\/\/www.visitamalfi.info\/wp-content\/uploads\/2026\/01\/9.jpeg 1440w\" sizes=\"(max-width: 255px) 100vw, 255px\" \/><\/strong><\/h3>\n<p data-start=\"1925\" data-end=\"2285\">\u00c0 l&#8217;<strong data-start=\"1929\" data-end=\"1958\">Arsenale della Repubblica<\/strong>, la <strong data-start=\"1963\" data-end=\"1984\">Fabrique de No\u00ebl<\/strong> a ouvert ses portes \u00e0 un lieu o\u00f9 l&#8217;imagination prend forme et o\u00f9 la magie devient r\u00e9elle.<br data-start=\"2074\" data-end=\"2077\">Des rires, de l&#8217;\u00e9merveillement dans les yeux, des mains qui travaillent, des jeux, des ateliers et des rencontres sp\u00e9ciales : la Fabrique de No\u00ebl s&#8217;est anim\u00e9e avec ses petits et grands visiteurs, se transformant en un village enchant\u00e9.<\/p>\n<p data-start=\"2287\" data-end=\"2476\">Jusqu&#8217;au 23 d\u00e9cembre, familles et enfants ont \u00e9t\u00e9 accueillis dans un espace con\u00e7u pour partager un temps authentique, fait de cr\u00e9ativit\u00e9 et d&#8217;\u00e9merveillement. Des moments simples, mais destin\u00e9s \u00e0 rester.<\/p>\n<p data-start=\"2478\" data-end=\"2651\"><img loading=\"lazy\" decoding=\"async\" class=\" wp-image-23744 alignleft\" src=\"https:\/\/www.visitamalfi.info\/wp-content\/uploads\/2026\/01\/10-300x200.jpeg\" alt=\"\" width=\"253\" height=\"168\" srcset=\"https:\/\/www.visitamalfi.info\/wp-content\/uploads\/2026\/01\/10-300x200.jpeg 300w, https:\/\/www.visitamalfi.info\/wp-content\/uploads\/2026\/01\/10-1024x683.jpeg 1024w, https:\/\/www.visitamalfi.info\/wp-content\/uploads\/2026\/01\/10-768x512.jpeg 768w, https:\/\/www.visitamalfi.info\/wp-content\/uploads\/2026\/01\/10-870x580.jpeg 870w, https:\/\/www.visitamalfi.info\/wp-content\/uploads\/2026\/01\/10-615x410.jpeg 615w, https:\/\/www.visitamalfi.info\/wp-content\/uploads\/2026\/01\/10-1240x825.jpeg 1240w, https:\/\/www.visitamalfi.info\/wp-content\/uploads\/2026\/01\/10.jpeg 1440w\" sizes=\"(max-width: 253px) 100vw, 253px\" \/>Et le 24 d\u00e9cembre, un \u00e9v\u00e9nement sp\u00e9cial a rendu le tout encore plus magique : l <strong data-start=\"2554\" data-end=\"2592\">&#8216;arriv\u00e9e du P\u00e8re No\u00ebl \u00e0 Amalfi<\/strong>, au milieu des sourires, de l&#8217;excitation et des yeux brillants de bonheur.<\/p>\n<h3 data-start=\"2658\" data-end=\"2714\"><strong data-start=\"2662\" data-end=\"2714\">26 d\u00e9cembre : quand la musique embrasse la ville<\/strong><\/h3>\n<p data-start=\"2716\" data-end=\"2936\">Le 26 d\u00e9cembre, \u00e0 Amalfi, le temps s&#8217;est arr\u00eat\u00e9 un instant.<br data-start=\"2780\" data-end=\"2783\">Les voix de <strong data-start=\"2795\" data-end=\"2812\">Neri per Caso<\/strong> remplissent la place comme une \u00e9treinte chaleureuse, se m\u00ealant aux pierres anciennes de la <strong data-start=\"2904\" data-end=\"2933\">cath\u00e9drale Saint-Andr\u00e9<\/strong>.<\/p>\n<p data-start=\"2938\" data-end=\"3180\">Un concert capable de r\u00e9unir diff\u00e9rentes g\u00e9n\u00e9rations, dans une atmosph\u00e8re intime et intense, o\u00f9 la musique est devenue une pr\u00e9sence, une relation, une \u00e9motion partag\u00e9e. Un moment qui a racont\u00e9 l&#8217;histoire de No\u00ebl dans sa forme la plus pure : celle de la rencontre.<\/p>\n<h3 data-start=\"820\" data-end=\"889\"><strong data-start=\"824\" data-end=\"889\">Et puis&#8230; le plus long r\u00e9veillon d&#8217;Italie : quand le temps change de rythme<\/strong><\/h3>\n<p data-start=\"891\" data-end=\"959\">\u00c0 Amalfi, le r\u00e9veillon du Nouvel An ne se d\u00e9roule pas en une seule nuit.<img loading=\"lazy\" decoding=\"async\" class=\" wp-image-23749 alignright\" src=\"https:\/\/www.visitamalfi.info\/wp-content\/uploads\/2026\/01\/17-300x200.jpg\" alt=\"\" width=\"273\" height=\"182\" srcset=\"https:\/\/www.visitamalfi.info\/wp-content\/uploads\/2026\/01\/17-300x200.jpg 300w, https:\/\/www.visitamalfi.info\/wp-content\/uploads\/2026\/01\/17-1024x682.jpg 1024w, https:\/\/www.visitamalfi.info\/wp-content\/uploads\/2026\/01\/17-768x512.jpg 768w, https:\/\/www.visitamalfi.info\/wp-content\/uploads\/2026\/01\/17-870x580.jpg 870w, https:\/\/www.visitamalfi.info\/wp-content\/uploads\/2026\/01\/17-615x410.jpg 615w, https:\/\/www.visitamalfi.info\/wp-content\/uploads\/2026\/01\/17-1240x825.jpg 1240w, https:\/\/www.visitamalfi.info\/wp-content\/uploads\/2026\/01\/17.jpg 1439w\" sizes=\"(max-width: 273px) 100vw, 273px\" \/><br data-start=\"942\" data-end=\"945\">Il traverse.<\/p>\n<p data-start=\"961\" data-end=\"1236\">La ville a choisi de ralentir le temps et de le dilater, en donnant vie \u00e0 ce que l&#8217;on peut d\u00e9finir sans h\u00e9sitation comme <strong data-start=\"1077\" data-end=\"1112\">le r\u00e9veillon le plus long d&#8217;Italie<\/strong>: une succession de moments, d&#8217;atmosph\u00e8res et de langages diff\u00e9rents, destin\u00e9s \u00e0 impliquer profond\u00e9ment les habitants et les visiteurs.<\/p>\n<p data-start=\"1238\" data-end=\"1429\">De la musique qui accompagne l&#8217;apr\u00e8s-midi aux places remplies jusque tard dans la nuit, des rituels collectifs aux exp\u00e9riences plus intimes, chaque \u00e9v\u00e9nement est devenu un chapitre d&#8217;une histoire plus vaste.<\/p>\n<h3 data-start=\"1431\" data-end=\"1476\"><strong data-start=\"1435\" data-end=\"1476\">Les places : le c\u0153ur battant du festival<\/strong><\/h3>\n<p data-start=\"1478\" data-end=\"1685\"><img loading=\"lazy\" decoding=\"async\" class=\" wp-image-23754 alignleft\" src=\"https:\/\/www.visitamalfi.info\/wp-content\/uploads\/2026\/01\/14-300x200.jpg\" alt=\"\" width=\"269\" height=\"179\" srcset=\"https:\/\/www.visitamalfi.info\/wp-content\/uploads\/2026\/01\/14-300x200.jpg 300w, https:\/\/www.visitamalfi.info\/wp-content\/uploads\/2026\/01\/14-1024x683.jpg 1024w, https:\/\/www.visitamalfi.info\/wp-content\/uploads\/2026\/01\/14-768x512.jpg 768w, https:\/\/www.visitamalfi.info\/wp-content\/uploads\/2026\/01\/14-870x580.jpg 870w, https:\/\/www.visitamalfi.info\/wp-content\/uploads\/2026\/01\/14-615x410.jpg 615w, https:\/\/www.visitamalfi.info\/wp-content\/uploads\/2026\/01\/14-1240x825.jpg 1240w, https:\/\/www.visitamalfi.info\/wp-content\/uploads\/2026\/01\/14.jpg 1440w\" sizes=\"(max-width: 269px) 100vw, 269px\" \/>Les places d&#8217;Amalfi sont redevenues le centre de la communaut\u00e9.<br data-start=\"1545\" data-end=\"1548\">Piazza Duomo, Piazza Flavio Gioia, les ruelles et les rues ont accueilli la musique, les sourires, les rencontres, devenant des lieux de v\u00e9ritable partage.<\/p>\n<p data-start=\"1687\" data-end=\"2047\">Le r\u00e9veillon s&#8217;est anim\u00e9 d\u00e8s l&#8217;apr\u00e8s-midi du 31 d\u00e9cembre, avec l&#8217;\u00e9nergie de la Happy Music Selection, et s&#8217;est poursuivi dans la soir\u00e9e avec du karaok\u00e9, du folk, des \u00e9motions collectives et un minuit radieux, c\u00e9l\u00e9br\u00e9 par des feux d&#8217;artifice.<br data-start=\"1922\" data-end=\"1925\">Et quand ailleurs la f\u00eate est finie, \u00e0 Amalfi elle continue : musique live, spectacles disco et une nuit qui semble ne jamais finir.<\/p>\n<h3 data-start=\"2049\" data-end=\"2107\"><strong data-start=\"2053\" data-end=\"2107\">Le Nouvel An folklorique amalfitain : une identit\u00e9 \u00e0 pied<\/strong><\/h3>\n<p data-start=\"2109\" data-end=\"2332\">Parmi les moments les plus authentiques, le <strong data-start=\"2141\" data-end=\"2170\">Capodanno Folk Amalfitano<\/strong> a ramen\u00e9 la puissance des racines au centre.<br data-start=\"2216\" data-end=\"2219\">Les groupes qui traversent les rues, la musique qui bouge avec les gens, les regards qui se reconnaissent.<img loading=\"lazy\" decoding=\"async\" class=\"wp-image-23759 alignright\" src=\"https:\/\/www.visitamalfi.info\/wp-content\/uploads\/2026\/01\/20-300x200.jpg\" alt=\"\" width=\"267\" height=\"178\" srcset=\"https:\/\/www.visitamalfi.info\/wp-content\/uploads\/2026\/01\/20-300x200.jpg 300w, https:\/\/www.visitamalfi.info\/wp-content\/uploads\/2026\/01\/20-1024x682.jpg 1024w, https:\/\/www.visitamalfi.info\/wp-content\/uploads\/2026\/01\/20-768x512.jpg 768w, https:\/\/www.visitamalfi.info\/wp-content\/uploads\/2026\/01\/20-1536x1023.jpg 1536w, https:\/\/www.visitamalfi.info\/wp-content\/uploads\/2026\/01\/20-870x580.jpg 870w, https:\/\/www.visitamalfi.info\/wp-content\/uploads\/2026\/01\/20-615x410.jpg 615w, https:\/\/www.visitamalfi.info\/wp-content\/uploads\/2026\/01\/20-1240x825.jpg 1240w, https:\/\/www.visitamalfi.info\/wp-content\/uploads\/2026\/01\/20.jpg 1600w\" sizes=\"(max-width: 267px) 100vw, 267px\" \/><\/p>\n<p data-start=\"2334\" data-end=\"2547\">Un r\u00e9veillon qui n&#8217;a pas besoin d&#8217;\u00e9tapes pour exciter, parce qu&#8217;il est n\u00e9 parmi les gens et pour les gens.<br data-start=\"2433\" data-end=\"2436\">Un rituel collectif qui raconte l&#8217;\u00e2me la plus authentique d&#8217;Amalfi, celle qui est faite de m\u00e9moire, d&#8217;appartenance et de continuit\u00e9.<\/p>\n<h3 data-start=\"2549\" data-end=\"2601\"><strong data-start=\"2553\" data-end=\"2601\">L&#8217;Arsenal : une musique qui invite \u00e0 l&#8217;\u00e9coute<\/strong><\/h3>\n<p data-start=\"2603\" data-end=\"2824\">Outre la dimension chorale des places, Amalfi offre \u00e9galement des espaces d&#8217;\u00e9coute profonde.<br data-start=\"2698\" data-end=\"2701\">L&#8217;Arsenal est devenu le lieu de l&#8217;intimit\u00e9, des mots qui p\u00e8sent, de la musique qui ne cherche pas le bruit mais la relation.<\/p>\n<p data-start=\"2826\" data-end=\"3014\"><img loading=\"lazy\" decoding=\"async\" class=\"wp-image-23764 alignleft\" src=\"https:\/\/www.visitamalfi.info\/wp-content\/uploads\/2026\/01\/19-300x200.jpg\" alt=\"\" width=\"198\" height=\"132\" srcset=\"https:\/\/www.visitamalfi.info\/wp-content\/uploads\/2026\/01\/19-300x200.jpg 300w, https:\/\/www.visitamalfi.info\/wp-content\/uploads\/2026\/01\/19-1024x683.jpg 1024w, https:\/\/www.visitamalfi.info\/wp-content\/uploads\/2026\/01\/19-768x512.jpg 768w, https:\/\/www.visitamalfi.info\/wp-content\/uploads\/2026\/01\/19-870x580.jpg 870w, https:\/\/www.visitamalfi.info\/wp-content\/uploads\/2026\/01\/19-615x410.jpg 615w, https:\/\/www.visitamalfi.info\/wp-content\/uploads\/2026\/01\/19-1240x825.jpg 1240w, https:\/\/www.visitamalfi.info\/wp-content\/uploads\/2026\/01\/19.jpg 1439w\" sizes=\"(max-width: 198px) 100vw, 198px\" \/>Le concert de l&#8217;<strong data-start=\"2843\" data-end=\"2887\">International Harmonia Chamber Orchestra<\/strong> du 1er janvier a ouvert l&#8217;ann\u00e9e avec \u00e9l\u00e9gance et harmonie, transformant le premier jour de la nouvelle ann\u00e9e en une invitation \u00e0 la beaut\u00e9.<\/p>\n<p data-start=\"3016\" data-end=\"3194\">Le 2 janvier, <strong data-start=\"3030\" data-end=\"3038\">Gnut<\/strong> propose un concert intime et po\u00e9tique, fait de silences, de guitares et de v\u00e9rit\u00e9s chuchot\u00e9es, capable de cr\u00e9er un lien profond entre l&#8217;artiste, le public et le lieu.<img loading=\"lazy\" decoding=\"async\" class=\" wp-image-23769 alignright\" src=\"https:\/\/www.visitamalfi.info\/wp-content\/uploads\/2026\/01\/21-300x200.jpg\" alt=\"\" width=\"242\" height=\"161\" srcset=\"https:\/\/www.visitamalfi.info\/wp-content\/uploads\/2026\/01\/21-300x200.jpg 300w, https:\/\/www.visitamalfi.info\/wp-content\/uploads\/2026\/01\/21-1024x683.jpg 1024w, https:\/\/www.visitamalfi.info\/wp-content\/uploads\/2026\/01\/21-768x512.jpg 768w, https:\/\/www.visitamalfi.info\/wp-content\/uploads\/2026\/01\/21-870x580.jpg 870w, https:\/\/www.visitamalfi.info\/wp-content\/uploads\/2026\/01\/21-615x410.jpg 615w, https:\/\/www.visitamalfi.info\/wp-content\/uploads\/2026\/01\/21-1240x825.jpg 1240w, https:\/\/www.visitamalfi.info\/wp-content\/uploads\/2026\/01\/21.jpg 1440w\" sizes=\"(max-width: 242px) 100vw, 242px\" \/><\/p>\n<p data-start=\"3196\" data-end=\"3377\">Le 4 janvier, la <strong data-start=\"3213\" data-end=\"3238\">Compagnia Daltrocanto<\/strong> a donn\u00e9 la parole \u00e0 un <em data-start=\"3255\" data-end=\"3270\">auteur folklorique<\/em>, tissant tradition et recherche, pass\u00e9 et pr\u00e9sent, dans un conte musical qui pr\u00e9serve et transmet.<\/p>\n<h3 data-start=\"3379\" data-end=\"3420\"><strong data-start=\"3383\" data-end=\"3420\"><img loading=\"lazy\" decoding=\"async\" class=\" wp-image-23774 alignleft\" src=\"https:\/\/www.visitamalfi.info\/wp-content\/uploads\/2026\/01\/22-300x200.jpg\" alt=\"\" width=\"224\" height=\"149\" srcset=\"https:\/\/www.visitamalfi.info\/wp-content\/uploads\/2026\/01\/22-300x200.jpg 300w, https:\/\/www.visitamalfi.info\/wp-content\/uploads\/2026\/01\/22-1024x682.jpg 1024w, https:\/\/www.visitamalfi.info\/wp-content\/uploads\/2026\/01\/22-768x512.jpg 768w, https:\/\/www.visitamalfi.info\/wp-content\/uploads\/2026\/01\/22-870x580.jpg 870w, https:\/\/www.visitamalfi.info\/wp-content\/uploads\/2026\/01\/22-615x410.jpg 615w, https:\/\/www.visitamalfi.info\/wp-content\/uploads\/2026\/01\/22-1240x825.jpg 1240w, https:\/\/www.visitamalfi.info\/wp-content\/uploads\/2026\/01\/22.jpg 1439w\" sizes=\"(max-width: 224px) 100vw, 224px\" \/>Une vision qui va au-del\u00e0 du parti<\/strong><\/h3>\n<p data-start=\"3422\" data-end=\"3682\">Ce qui a fait la particularit\u00e9 des f\u00eates de No\u00ebl et du Nouvel An \u00e0 Amalfi, ce n&#8217;est pas seulement la qualit\u00e9 des \u00e9v\u00e9nements, mais aussi la <strong data-start=\"3530\" data-end=\"3541\">vision<\/strong> qui les a r\u00e9unis.<br data-start=\"3567\" data-end=\"3570\">Une vision qui met l&#8217;accent sur la communaut\u00e9, la culture, la beaut\u00e9 des lieux et la valeur du temps partag\u00e9.<\/p>\n<p data-start=\"3684\" data-end=\"3897\">\u00c0 Amalfi, No\u00ebl n&#8217;est pas qu&#8217;une question de d\u00e9coration.<br data-start=\"3734\" data-end=\"3737\">Le Nouvel An n&#8217;est pas seulement une f\u00eate.<br data-start=\"3780\" data-end=\"3783\">Ils ont constitu\u00e9 une histoire continue, capable d&#8217;accueillir diff\u00e9rentes langues et diff\u00e9rents peuples, sans perdre leur identit\u00e9.<\/p>\n<h3 data-start=\"3899\" data-end=\"3927\"><strong data-start=\"3903\" data-end=\"3927\">Une histoire qui reste<\/strong><\/h3>\n<p data-start=\"3929\" data-end=\"4081\">\u00c0 la fin des festivit\u00e9s, ce qui reste, ce ne sont pas seulement des images et des vid\u00e9os, mais un sentiment :<br data-start=\"4017\" data-end=\"4020\">celui d&#8217;avoir v\u00e9cu quelque chose qui ne s&#8217;use pas rapidement.<\/p>\n<p data-start=\"4083\" data-end=\"4313\">Parce que <strong data-start=\"4090\" data-end=\"4122\">No\u00ebl et le Nouvel An \u00e0 Amalfi<\/strong> ne sont pas seulement des \u00e9v\u00e9nements \u00e0 regarder, mais <strong data-start=\"4166\" data-end=\"4190\">une histoire \u00e0 vivre<\/strong>, \u00e0 traverser, \u00e0 se rappeler.<br data-start=\"4216\" data-end=\"4219\">Un moment privil\u00e9gi\u00e9 o\u00f9 la ville a choisi de raconter son histoire, une fois de plus, avec authenticit\u00e9.<\/p>\n<p data-start=\"4315\" data-end=\"4386\">Et lorsque le temps reprend ses droits, les \u00e9motions restent \u00e0 Amalfi.<\/p>\n","protected":false},"excerpt":{"rendered":"<p>Il y a des endroits qui s&#8217;illuminent pendant les vacances.Et puis il y a des endroits, comme Amalfi, qui racontent leur propre histoire. \u00c0 Amalfi, les f\u00eates de fin d&#8217;ann\u00e9e [&hellip;]<\/p>\n","protected":false},"author":7,"featured_media":23746,"comment_status":"open","ping_status":"closed","sticky":false,"template":"","format":"standard","meta":{"inline_featured_image":false,"footnotes":""},"categories":[810],"tags":[1960],"class_list":["post-23781","post","type-post","status-publish","format-standard","has-post-thumbnail","hentry","category-eventi-fr","tag-a-la-une"],"yoast_head":"<!-- This site is optimized with the Yoast SEO plugin v27.3 - https:\/\/yoast.com\/product\/yoast-seo-wordpress\/ -->\n<title>No\u00ebl 2025 et Nouvel An \u00e0 Amalfi : une histoire \u00e9mouvante au quotidien - Visit Amalfi<\/title>\n<meta name=\"robots\" content=\"index, follow, max-snippet:-1, max-image-preview:large, max-video-preview:-1\" \/>\n<link rel=\"canonical\" href=\"https:\/\/www.visitamalfi.info\/fr\/noel-2025-et-nouvel-an-a-amalfi-une-histoire-emouvante-au-quotidien\/\" \/>\n<meta property=\"og:locale\" content=\"fr_FR\" \/>\n<meta property=\"og:type\" content=\"article\" \/>\n<meta property=\"og:title\" content=\"No\u00ebl 2025 et Nouvel An \u00e0 Amalfi : une histoire \u00e9mouvante au quotidien - Visit Amalfi\" \/>\n<meta property=\"og:description\" content=\"Il y a des endroits qui s&#8217;illuminent pendant les vacances.Et puis il y a des endroits, comme Amalfi, qui racontent leur propre histoire. \u00c0 Amalfi, les f\u00eates de fin d&#8217;ann\u00e9e [&hellip;]\" \/>\n<meta property=\"og:url\" content=\"https:\/\/www.visitamalfi.info\/fr\/noel-2025-et-nouvel-an-a-amalfi-une-histoire-emouvante-au-quotidien\/\" \/>\n<meta property=\"og:site_name\" content=\"Visit Amalfi\" \/>\n<meta property=\"article:publisher\" content=\"https:\/\/www.facebook.com\/visitamalfiofficial\" \/>\n<meta property=\"article:published_time\" content=\"2026-01-15T14:55:53+00:00\" \/>\n<meta property=\"og:image\" content=\"https:\/\/www.visitamalfi.info\/wp-content\/uploads\/2026\/01\/10.jpeg\" \/>\n\t<meta property=\"og:image:width\" content=\"1440\" \/>\n\t<meta property=\"og:image:height\" content=\"960\" \/>\n\t<meta property=\"og:image:type\" content=\"image\/jpeg\" \/>\n<meta name=\"author\" content=\"Federica Dumont\" \/>\n<meta name=\"twitter:card\" content=\"summary_large_image\" \/>\n<meta name=\"twitter:label1\" content=\"\u00c9crit par\" \/>\n\t<meta name=\"twitter:data1\" content=\"Federica Dumont\" \/>\n\t<meta name=\"twitter:label2\" content=\"Dur\u00e9e de lecture estim\u00e9e\" \/>\n\t<meta name=\"twitter:data2\" content=\"6 minutes\" \/>\n<script type=\"application\/ld+json\" class=\"yoast-schema-graph\">{\"@context\":\"https:\\\/\\\/schema.org\",\"@graph\":[{\"@type\":\"Article\",\"@id\":\"https:\\\/\\\/www.visitamalfi.info\\\/fr\\\/noel-2025-et-nouvel-an-a-amalfi-une-histoire-emouvante-au-quotidien\\\/#article\",\"isPartOf\":{\"@id\":\"https:\\\/\\\/www.visitamalfi.info\\\/fr\\\/noel-2025-et-nouvel-an-a-amalfi-une-histoire-emouvante-au-quotidien\\\/\"},\"author\":{\"name\":\"Federica Dumont\",\"@id\":\"https:\\\/\\\/www.visitamalfi.info\\\/fr\\\/#\\\/schema\\\/person\\\/0c7584af846d5d2da6c69f7e68f3af96\"},\"headline\":\"No\u00ebl 2025 et Nouvel An \u00e0 Amalfi : une histoire \u00e9mouvante au quotidien\",\"datePublished\":\"2026-01-15T14:55:53+00:00\",\"mainEntityOfPage\":{\"@id\":\"https:\\\/\\\/www.visitamalfi.info\\\/fr\\\/noel-2025-et-nouvel-an-a-amalfi-une-histoire-emouvante-au-quotidien\\\/\"},\"wordCount\":1335,\"commentCount\":0,\"publisher\":{\"@id\":\"https:\\\/\\\/www.visitamalfi.info\\\/fr\\\/#organization\"},\"image\":{\"@id\":\"https:\\\/\\\/www.visitamalfi.info\\\/fr\\\/noel-2025-et-nouvel-an-a-amalfi-une-histoire-emouvante-au-quotidien\\\/#primaryimage\"},\"thumbnailUrl\":\"https:\\\/\\\/www.visitamalfi.info\\\/wp-content\\\/uploads\\\/2026\\\/01\\\/10.jpeg\",\"keywords\":[\"\u00c0 la une\"],\"articleSection\":[\"Eventi\"],\"inLanguage\":\"fr-FR\",\"potentialAction\":[{\"@type\":\"CommentAction\",\"name\":\"Comment\",\"target\":[\"https:\\\/\\\/www.visitamalfi.info\\\/fr\\\/noel-2025-et-nouvel-an-a-amalfi-une-histoire-emouvante-au-quotidien\\\/#respond\"]}]},{\"@type\":\"WebPage\",\"@id\":\"https:\\\/\\\/www.visitamalfi.info\\\/fr\\\/noel-2025-et-nouvel-an-a-amalfi-une-histoire-emouvante-au-quotidien\\\/\",\"url\":\"https:\\\/\\\/www.visitamalfi.info\\\/fr\\\/noel-2025-et-nouvel-an-a-amalfi-une-histoire-emouvante-au-quotidien\\\/\",\"name\":\"No\u00ebl 2025 et Nouvel An \u00e0 Amalfi : une histoire \u00e9mouvante au quotidien - Visit Amalfi\",\"isPartOf\":{\"@id\":\"https:\\\/\\\/www.visitamalfi.info\\\/fr\\\/#website\"},\"primaryImageOfPage\":{\"@id\":\"https:\\\/\\\/www.visitamalfi.info\\\/fr\\\/noel-2025-et-nouvel-an-a-amalfi-une-histoire-emouvante-au-quotidien\\\/#primaryimage\"},\"image\":{\"@id\":\"https:\\\/\\\/www.visitamalfi.info\\\/fr\\\/noel-2025-et-nouvel-an-a-amalfi-une-histoire-emouvante-au-quotidien\\\/#primaryimage\"},\"thumbnailUrl\":\"https:\\\/\\\/www.visitamalfi.info\\\/wp-content\\\/uploads\\\/2026\\\/01\\\/10.jpeg\",\"datePublished\":\"2026-01-15T14:55:53+00:00\",\"breadcrumb\":{\"@id\":\"https:\\\/\\\/www.visitamalfi.info\\\/fr\\\/noel-2025-et-nouvel-an-a-amalfi-une-histoire-emouvante-au-quotidien\\\/#breadcrumb\"},\"inLanguage\":\"fr-FR\",\"potentialAction\":[{\"@type\":\"ReadAction\",\"target\":[\"https:\\\/\\\/www.visitamalfi.info\\\/fr\\\/noel-2025-et-nouvel-an-a-amalfi-une-histoire-emouvante-au-quotidien\\\/\"]}]},{\"@type\":\"ImageObject\",\"inLanguage\":\"fr-FR\",\"@id\":\"https:\\\/\\\/www.visitamalfi.info\\\/fr\\\/noel-2025-et-nouvel-an-a-amalfi-une-histoire-emouvante-au-quotidien\\\/#primaryimage\",\"url\":\"https:\\\/\\\/www.visitamalfi.info\\\/wp-content\\\/uploads\\\/2026\\\/01\\\/10.jpeg\",\"contentUrl\":\"https:\\\/\\\/www.visitamalfi.info\\\/wp-content\\\/uploads\\\/2026\\\/01\\\/10.jpeg\",\"width\":1440,\"height\":960},{\"@type\":\"BreadcrumbList\",\"@id\":\"https:\\\/\\\/www.visitamalfi.info\\\/fr\\\/noel-2025-et-nouvel-an-a-amalfi-une-histoire-emouvante-au-quotidien\\\/#breadcrumb\",\"itemListElement\":[{\"@type\":\"ListItem\",\"position\":1,\"name\":\"Home\",\"item\":\"https:\\\/\\\/www.visitamalfi.info\\\/fr\\\/\"},{\"@type\":\"ListItem\",\"position\":2,\"name\":\"No\u00ebl 2025 et Nouvel An \u00e0 Amalfi : une histoire \u00e9mouvante au quotidien\"}]},{\"@type\":\"WebSite\",\"@id\":\"https:\\\/\\\/www.visitamalfi.info\\\/fr\\\/#website\",\"url\":\"https:\\\/\\\/www.visitamalfi.info\\\/fr\\\/\",\"name\":\"Visit Amalfi\",\"description\":\"Amalfi Destination Official Website\",\"publisher\":{\"@id\":\"https:\\\/\\\/www.visitamalfi.info\\\/fr\\\/#organization\"},\"potentialAction\":[{\"@type\":\"SearchAction\",\"target\":{\"@type\":\"EntryPoint\",\"urlTemplate\":\"https:\\\/\\\/www.visitamalfi.info\\\/fr\\\/?s={search_term_string}\"},\"query-input\":{\"@type\":\"PropertyValueSpecification\",\"valueRequired\":true,\"valueName\":\"search_term_string\"}}],\"inLanguage\":\"fr-FR\"},{\"@type\":\"Organization\",\"@id\":\"https:\\\/\\\/www.visitamalfi.info\\\/fr\\\/#organization\",\"name\":\"Visit Amalfi\",\"url\":\"https:\\\/\\\/www.visitamalfi.info\\\/fr\\\/\",\"logo\":{\"@type\":\"ImageObject\",\"inLanguage\":\"fr-FR\",\"@id\":\"https:\\\/\\\/www.visitamalfi.info\\\/fr\\\/#\\\/schema\\\/logo\\\/image\\\/\",\"url\":\"https:\\\/\\\/www.visitamalfi.info\\\/wp-content\\\/uploads\\\/2023\\\/04\\\/visit-amalfi-logo-web.png\",\"contentUrl\":\"https:\\\/\\\/www.visitamalfi.info\\\/wp-content\\\/uploads\\\/2023\\\/04\\\/visit-amalfi-logo-web.png\",\"width\":800,\"height\":870,\"caption\":\"Visit Amalfi\"},\"image\":{\"@id\":\"https:\\\/\\\/www.visitamalfi.info\\\/fr\\\/#\\\/schema\\\/logo\\\/image\\\/\"},\"sameAs\":[\"https:\\\/\\\/www.facebook.com\\\/visitamalfiofficial\",\"https:\\\/\\\/www.instagram.com\\\/visitamalfiofficial\\\/\"]},{\"@type\":\"Person\",\"@id\":\"https:\\\/\\\/www.visitamalfi.info\\\/fr\\\/#\\\/schema\\\/person\\\/0c7584af846d5d2da6c69f7e68f3af96\",\"name\":\"Federica Dumont\",\"image\":{\"@type\":\"ImageObject\",\"inLanguage\":\"fr-FR\",\"@id\":\"https:\\\/\\\/secure.gravatar.com\\\/avatar\\\/0803dab414b6c6f1fd2399680f587870a020419b6ebe9d36dd75df06a6a68060?s=96&d=mm&r=g\",\"url\":\"https:\\\/\\\/secure.gravatar.com\\\/avatar\\\/0803dab414b6c6f1fd2399680f587870a020419b6ebe9d36dd75df06a6a68060?s=96&d=mm&r=g\",\"contentUrl\":\"https:\\\/\\\/secure.gravatar.com\\\/avatar\\\/0803dab414b6c6f1fd2399680f587870a020419b6ebe9d36dd75df06a6a68060?s=96&d=mm&r=g\",\"caption\":\"Federica Dumont\"},\"url\":\"https:\\\/\\\/www.visitamalfi.info\\\/fr\\\/author\\\/federica\\\/\"}]}<\/script>\n<!-- \/ Yoast SEO plugin. -->","yoast_head_json":{"title":"No\u00ebl 2025 et Nouvel An \u00e0 Amalfi : une histoire \u00e9mouvante au quotidien - Visit Amalfi","robots":{"index":"index","follow":"follow","max-snippet":"max-snippet:-1","max-image-preview":"max-image-preview:large","max-video-preview":"max-video-preview:-1"},"canonical":"https:\/\/www.visitamalfi.info\/fr\/noel-2025-et-nouvel-an-a-amalfi-une-histoire-emouvante-au-quotidien\/","og_locale":"fr_FR","og_type":"article","og_title":"No\u00ebl 2025 et Nouvel An \u00e0 Amalfi : une histoire \u00e9mouvante au quotidien - Visit Amalfi","og_description":"Il y a des endroits qui s&#8217;illuminent pendant les vacances.Et puis il y a des endroits, comme Amalfi, qui racontent leur propre histoire. \u00c0 Amalfi, les f\u00eates de fin d&#8217;ann\u00e9e [&hellip;]","og_url":"https:\/\/www.visitamalfi.info\/fr\/noel-2025-et-nouvel-an-a-amalfi-une-histoire-emouvante-au-quotidien\/","og_site_name":"Visit Amalfi","article_publisher":"https:\/\/www.facebook.com\/visitamalfiofficial","article_published_time":"2026-01-15T14:55:53+00:00","og_image":[{"width":1440,"height":960,"url":"https:\/\/www.visitamalfi.info\/wp-content\/uploads\/2026\/01\/10.jpeg","type":"image\/jpeg"}],"author":"Federica Dumont","twitter_card":"summary_large_image","twitter_misc":{"\u00c9crit par":"Federica Dumont","Dur\u00e9e de lecture estim\u00e9e":"6 minutes"},"schema":{"@context":"https:\/\/schema.org","@graph":[{"@type":"Article","@id":"https:\/\/www.visitamalfi.info\/fr\/noel-2025-et-nouvel-an-a-amalfi-une-histoire-emouvante-au-quotidien\/#article","isPartOf":{"@id":"https:\/\/www.visitamalfi.info\/fr\/noel-2025-et-nouvel-an-a-amalfi-une-histoire-emouvante-au-quotidien\/"},"author":{"name":"Federica Dumont","@id":"https:\/\/www.visitamalfi.info\/fr\/#\/schema\/person\/0c7584af846d5d2da6c69f7e68f3af96"},"headline":"No\u00ebl 2025 et Nouvel An \u00e0 Amalfi : une histoire \u00e9mouvante au quotidien","datePublished":"2026-01-15T14:55:53+00:00","mainEntityOfPage":{"@id":"https:\/\/www.visitamalfi.info\/fr\/noel-2025-et-nouvel-an-a-amalfi-une-histoire-emouvante-au-quotidien\/"},"wordCount":1335,"commentCount":0,"publisher":{"@id":"https:\/\/www.visitamalfi.info\/fr\/#organization"},"image":{"@id":"https:\/\/www.visitamalfi.info\/fr\/noel-2025-et-nouvel-an-a-amalfi-une-histoire-emouvante-au-quotidien\/#primaryimage"},"thumbnailUrl":"https:\/\/www.visitamalfi.info\/wp-content\/uploads\/2026\/01\/10.jpeg","keywords":["\u00c0 la une"],"articleSection":["Eventi"],"inLanguage":"fr-FR","potentialAction":[{"@type":"CommentAction","name":"Comment","target":["https:\/\/www.visitamalfi.info\/fr\/noel-2025-et-nouvel-an-a-amalfi-une-histoire-emouvante-au-quotidien\/#respond"]}]},{"@type":"WebPage","@id":"https:\/\/www.visitamalfi.info\/fr\/noel-2025-et-nouvel-an-a-amalfi-une-histoire-emouvante-au-quotidien\/","url":"https:\/\/www.visitamalfi.info\/fr\/noel-2025-et-nouvel-an-a-amalfi-une-histoire-emouvante-au-quotidien\/","name":"No\u00ebl 2025 et Nouvel An \u00e0 Amalfi : une histoire \u00e9mouvante au quotidien - Visit Amalfi","isPartOf":{"@id":"https:\/\/www.visitamalfi.info\/fr\/#website"},"primaryImageOfPage":{"@id":"https:\/\/www.visitamalfi.info\/fr\/noel-2025-et-nouvel-an-a-amalfi-une-histoire-emouvante-au-quotidien\/#primaryimage"},"image":{"@id":"https:\/\/www.visitamalfi.info\/fr\/noel-2025-et-nouvel-an-a-amalfi-une-histoire-emouvante-au-quotidien\/#primaryimage"},"thumbnailUrl":"https:\/\/www.visitamalfi.info\/wp-content\/uploads\/2026\/01\/10.jpeg","datePublished":"2026-01-15T14:55:53+00:00","breadcrumb":{"@id":"https:\/\/www.visitamalfi.info\/fr\/noel-2025-et-nouvel-an-a-amalfi-une-histoire-emouvante-au-quotidien\/#breadcrumb"},"inLanguage":"fr-FR","potentialAction":[{"@type":"ReadAction","target":["https:\/\/www.visitamalfi.info\/fr\/noel-2025-et-nouvel-an-a-amalfi-une-histoire-emouvante-au-quotidien\/"]}]},{"@type":"ImageObject","inLanguage":"fr-FR","@id":"https:\/\/www.visitamalfi.info\/fr\/noel-2025-et-nouvel-an-a-amalfi-une-histoire-emouvante-au-quotidien\/#primaryimage","url":"https:\/\/www.visitamalfi.info\/wp-content\/uploads\/2026\/01\/10.jpeg","contentUrl":"https:\/\/www.visitamalfi.info\/wp-content\/uploads\/2026\/01\/10.jpeg","width":1440,"height":960},{"@type":"BreadcrumbList","@id":"https:\/\/www.visitamalfi.info\/fr\/noel-2025-et-nouvel-an-a-amalfi-une-histoire-emouvante-au-quotidien\/#breadcrumb","itemListElement":[{"@type":"ListItem","position":1,"name":"Home","item":"https:\/\/www.visitamalfi.info\/fr\/"},{"@type":"ListItem","position":2,"name":"No\u00ebl 2025 et Nouvel An \u00e0 Amalfi : une histoire \u00e9mouvante au quotidien"}]},{"@type":"WebSite","@id":"https:\/\/www.visitamalfi.info\/fr\/#website","url":"https:\/\/www.visitamalfi.info\/fr\/","name":"Visit Amalfi","description":"Amalfi Destination Official Website","publisher":{"@id":"https:\/\/www.visitamalfi.info\/fr\/#organization"},"potentialAction":[{"@type":"SearchAction","target":{"@type":"EntryPoint","urlTemplate":"https:\/\/www.visitamalfi.info\/fr\/?s={search_term_string}"},"query-input":{"@type":"PropertyValueSpecification","valueRequired":true,"valueName":"search_term_string"}}],"inLanguage":"fr-FR"},{"@type":"Organization","@id":"https:\/\/www.visitamalfi.info\/fr\/#organization","name":"Visit Amalfi","url":"https:\/\/www.visitamalfi.info\/fr\/","logo":{"@type":"ImageObject","inLanguage":"fr-FR","@id":"https:\/\/www.visitamalfi.info\/fr\/#\/schema\/logo\/image\/","url":"https:\/\/www.visitamalfi.info\/wp-content\/uploads\/2023\/04\/visit-amalfi-logo-web.png","contentUrl":"https:\/\/www.visitamalfi.info\/wp-content\/uploads\/2023\/04\/visit-amalfi-logo-web.png","width":800,"height":870,"caption":"Visit Amalfi"},"image":{"@id":"https:\/\/www.visitamalfi.info\/fr\/#\/schema\/logo\/image\/"},"sameAs":["https:\/\/www.facebook.com\/visitamalfiofficial","https:\/\/www.instagram.com\/visitamalfiofficial\/"]},{"@type":"Person","@id":"https:\/\/www.visitamalfi.info\/fr\/#\/schema\/person\/0c7584af846d5d2da6c69f7e68f3af96","name":"Federica Dumont","image":{"@type":"ImageObject","inLanguage":"fr-FR","@id":"https:\/\/secure.gravatar.com\/avatar\/0803dab414b6c6f1fd2399680f587870a020419b6ebe9d36dd75df06a6a68060?s=96&d=mm&r=g","url":"https:\/\/secure.gravatar.com\/avatar\/0803dab414b6c6f1fd2399680f587870a020419b6ebe9d36dd75df06a6a68060?s=96&d=mm&r=g","contentUrl":"https:\/\/secure.gravatar.com\/avatar\/0803dab414b6c6f1fd2399680f587870a020419b6ebe9d36dd75df06a6a68060?s=96&d=mm&r=g","caption":"Federica Dumont"},"url":"https:\/\/www.visitamalfi.info\/fr\/author\/federica\/"}]}},"_links":{"self":[{"href":"https:\/\/www.visitamalfi.info\/fr\/wp-json\/wp\/v2\/posts\/23781","targetHints":{"allow":["GET"]}}],"collection":[{"href":"https:\/\/www.visitamalfi.info\/fr\/wp-json\/wp\/v2\/posts"}],"about":[{"href":"https:\/\/www.visitamalfi.info\/fr\/wp-json\/wp\/v2\/types\/post"}],"author":[{"embeddable":true,"href":"https:\/\/www.visitamalfi.info\/fr\/wp-json\/wp\/v2\/users\/7"}],"replies":[{"embeddable":true,"href":"https:\/\/www.visitamalfi.info\/fr\/wp-json\/wp\/v2\/comments?post=23781"}],"version-history":[{"count":0,"href":"https:\/\/www.visitamalfi.info\/fr\/wp-json\/wp\/v2\/posts\/23781\/revisions"}],"wp:featuredmedia":[{"embeddable":true,"href":"https:\/\/www.visitamalfi.info\/fr\/wp-json\/wp\/v2\/media\/23746"}],"wp:attachment":[{"href":"https:\/\/www.visitamalfi.info\/fr\/wp-json\/wp\/v2\/media?parent=23781"}],"wp:term":[{"taxonomy":"category","embeddable":true,"href":"https:\/\/www.visitamalfi.info\/fr\/wp-json\/wp\/v2\/categories?post=23781"},{"taxonomy":"post_tag","embeddable":true,"href":"https:\/\/www.visitamalfi.info\/fr\/wp-json\/wp\/v2\/tags?post=23781"}],"curies":[{"name":"wp","href":"https:\/\/api.w.org\/{rel}","templated":true}]}}