{"id":23272,"date":"2025-11-30T10:00:38","date_gmt":"2025-11-30T09:00:38","guid":{"rendered":"https:\/\/www.visitamalfi.info\/?p=23272"},"modified":"2025-11-30T10:00:38","modified_gmt":"2025-11-30T09:00:38","slug":"votre-mariage-a-amalfi-une-journee-inoubliable-entre-mer-et-histoire","status":"publish","type":"post","link":"https:\/\/www.visitamalfi.info\/fr\/votre-mariage-a-amalfi-une-journee-inoubliable-entre-mer-et-histoire\/","title":{"rendered":"Votre mariage \u00e0 Amalfi : une journ\u00e9e inoubliable entre mer et histoire"},"content":{"rendered":"<p>R\u00eaver d&#8217;un mariage de conte de f\u00e9es, c&#8217;est souvent imaginer des vues \u00e0 couper le souffle, des atmosph\u00e8res romantiques et des lieux qui racontent une histoire. Amalfi, avec son littoral spectaculaire et son charme traditionnel, offre tout cela, transformant chaque c\u00e9l\u00e9bration en une exp\u00e9rience unique et m\u00e9morable.<\/p>\n<h2 data-start=\"561\" data-end=\"609\"><strong data-start=\"564\" data-end=\"609\">Des lieux historiques pour une c\u00e9r\u00e9monie unique<\/strong><\/h2>\n<h3 data-start=\"611\" data-end=\"646\"><strong data-start=\"615\" data-end=\"646\">L&#8217;arsenal de la R\u00e9publique<\/strong><\/h3>\n<p data-start=\"647\" data-end=\"975\"><img decoding=\"async\" class=\" wp-image-23265 alignleft\" src=\"https:\/\/www.visitamalfi.info\/wp-content\/uploads\/2025\/11\/Progetto-senza-titolo-1-300x225.jpg\" alt=\"\" width=\"217\" height=\"163\" srcset=\"https:\/\/www.visitamalfi.info\/wp-content\/uploads\/2025\/11\/Progetto-senza-titolo-1-300x225.jpg 300w, https:\/\/www.visitamalfi.info\/wp-content\/uploads\/2025\/11\/Progetto-senza-titolo-1-1024x768.jpg 1024w, https:\/\/www.visitamalfi.info\/wp-content\/uploads\/2025\/11\/Progetto-senza-titolo-1-768x576.jpg 768w, https:\/\/www.visitamalfi.info\/wp-content\/uploads\/2025\/11\/Progetto-senza-titolo-1-1536x1152.jpg 1536w, https:\/\/www.visitamalfi.info\/wp-content\/uploads\/2025\/11\/Progetto-senza-titolo-1.jpg 1920w\" sizes=\"(max-width: 217px) 100vw, 217px\" \/>Un lieu riche en histoire, symbole de la puissance maritime d&#8217;Amalfi. L&#8217;Arsenal, avec ses espaces, est parfait pour ceux qui souhaitent un mariage alliant \u00e9l\u00e9gance, histoire et charme. Imaginez que vous prononciez vos v\u0153ux entre d&#8217;anciennes vo\u00fbtes en pierre, entour\u00e9s de l&#8217;histoire de l&#8217;une des quatre r\u00e9publiques maritimes.<\/p>\n<h3 data-start=\"977\" data-end=\"1002\"><strong data-start=\"981\" data-end=\"1002\">Le Salon Morelli<\/strong><\/h3>\n<p data-start=\"1003\" data-end=\"1340\">Situ\u00e9 dans la Maison municipale, le Salone Morelli est id\u00e9al pour une c\u00e9r\u00e9monie civile \u00e9l\u00e9gante et raffin\u00e9e. L&#8217;int\u00e9rieur soign\u00e9 et la situation centrale permettent de c\u00e9l\u00e9brer le mariage au c\u0153ur de la ville, avec la possibilit\u00e9 de continuer jusqu&#8217;\u00e0 la r\u00e9ception, en passant par des ruelles et des places caract\u00e9ristiques \u00e9clair\u00e9es par la lumi\u00e8re m\u00e9diterran\u00e9enne.<\/p>\n<h3 data-start=\"1342\" data-end=\"1389\"><strong data-start=\"1346\" data-end=\"1389\">Grand Hotel Anantara Convento di Amalfi<\/strong><\/h3>\n<p data-start=\"1390\" data-end=\"1760\"><img fetchpriority=\"high\" decoding=\"async\" class=\"size-medium wp-image-16435 alignright\" src=\"https:\/\/www.visitamalfi.info\/wp-content\/uploads\/2024\/03\/Anantara_Convento_di_Amalfi_Grand_Hotel_untitled_0918-300x192.jpg\" alt=\"\" width=\"300\" height=\"192\" srcset=\"https:\/\/www.visitamalfi.info\/wp-content\/uploads\/2024\/03\/Anantara_Convento_di_Amalfi_Grand_Hotel_untitled_0918-300x192.jpg 300w, https:\/\/www.visitamalfi.info\/wp-content\/uploads\/2024\/03\/Anantara_Convento_di_Amalfi_Grand_Hotel_untitled_0918-1024x655.jpg 1024w, https:\/\/www.visitamalfi.info\/wp-content\/uploads\/2024\/03\/Anantara_Convento_di_Amalfi_Grand_Hotel_untitled_0918-768x491.jpg 768w, https:\/\/www.visitamalfi.info\/wp-content\/uploads\/2024\/03\/Anantara_Convento_di_Amalfi_Grand_Hotel_untitled_0918-1536x982.jpg 1536w, https:\/\/www.visitamalfi.info\/wp-content\/uploads\/2024\/03\/Anantara_Convento_di_Amalfi_Grand_Hotel_untitled_0918.jpg 1920w\" sizes=\"(max-width: 300px) 100vw, 300px\" \/>Pour ceux qui souhaitent un mariage de r\u00eave dans un lieu luxueux, le Grand H\u00f4tel Anantara Convento di Amalfi offre des espaces raffin\u00e9s et des vues \u00e0 couper le souffle. La combinaison d&#8217;une architecture historique, de jardins et de terrasses surplombant la mer en fait le lieu id\u00e9al pour la c\u00e9r\u00e9monie et la r\u00e9ception, offrant aux mari\u00e9s et \u00e0 leurs invit\u00e9s une exp\u00e9rience exclusive et in\u00e9gal\u00e9e.<\/p>\n<h2 data-start=\"1762\" data-end=\"1792\"><strong data-start=\"1765\" data-end=\"1792\">Pourquoi choisir Amalfi<\/strong><\/h2>\n<p data-start=\"1793\" data-end=\"2114\">Se marier \u00e0 Amalfi, c&#8217;est allier la beaut\u00e9 naturelle de la c\u00f4te amalfitaine, la richesse culturelle de la ville et la possibilit\u00e9 d&#8217;offrir aux invit\u00e9s une exp\u00e9rience authentique et inoubliable. Des promenades \u00e0 travers les citronniers en terrasse aux aper\u00e7us de la mer, chaque instant fait partie du souvenir du jour le plus important.<\/p>\n<h2 data-start=\"2116\" data-end=\"2139\"><strong data-start=\"2119\" data-end=\"2139\">Notre conseil :<\/strong><\/h2>\n<p data-start=\"2142\" data-end=\"2329\"><strong data-start=\"2142\" data-end=\"2168\"><img decoding=\"async\" class=\" wp-image-13069 alignleft\" src=\"https:\/\/www.visitamalfi.info\/wp-content\/uploads\/2023\/11\/EmilioMegan-279-200x300.jpg\" alt=\"\" width=\"137\" height=\"206\" srcset=\"https:\/\/www.visitamalfi.info\/wp-content\/uploads\/2023\/11\/EmilioMegan-279-200x300.jpg 200w, https:\/\/www.visitamalfi.info\/wp-content\/uploads\/2023\/11\/EmilioMegan-279.jpg 512w\" sizes=\"(max-width: 137px) 100vw, 137px\" \/>Planifiez \u00e0 l&#8217;avance :<\/strong> Amalfi est une destination tr\u00e8s pris\u00e9e, surtout au printemps et en \u00e9t\u00e9. En r\u00e9servant le lieu suffisamment \u00e0 l&#8217;avance, vous vous assurez de la disponibilit\u00e9 et de la tranquillit\u00e9 d&#8217;esprit.<\/p>\n<p data-start=\"2720\" data-end=\"2944\">Un mariage \u00e0 Amalfi n&#8217;est pas seulement une c\u00e9l\u00e9bration, mais une exp\u00e9rience immersive dans l&#8217;une des plus belles villes du monde. Entre histoire, mer et paysages de carte postale, chaque d\u00e9tail peut devenir magique et chaque souvenir inoubliable.<\/p>\n","protected":false},"excerpt":{"rendered":"<p>R\u00eaver d&#8217;un mariage de conte de f\u00e9es, c&#8217;est souvent imaginer des vues \u00e0 couper le souffle, des atmosph\u00e8res romantiques et des lieux qui racontent une histoire. Amalfi, avec son littoral [&hellip;]<\/p>\n","protected":false},"author":7,"featured_media":13031,"comment_status":"open","ping_status":"closed","sticky":false,"template":"","format":"standard","meta":{"inline_featured_image":false,"footnotes":""},"categories":[810],"tags":[1960],"class_list":["post-23272","post","type-post","status-publish","format-standard","has-post-thumbnail","hentry","category-eventi-fr","tag-a-la-une"],"yoast_head":"<!-- This site is optimized with the Yoast SEO plugin v27.3 - https:\/\/yoast.com\/product\/yoast-seo-wordpress\/ -->\n<title>Votre mariage \u00e0 Amalfi : une journ\u00e9e inoubliable entre mer et histoire - Visit Amalfi<\/title>\n<meta name=\"robots\" content=\"index, follow, max-snippet:-1, max-image-preview:large, max-video-preview:-1\" \/>\n<link rel=\"canonical\" href=\"https:\/\/www.visitamalfi.info\/fr\/votre-mariage-a-amalfi-une-journee-inoubliable-entre-mer-et-histoire\/\" \/>\n<meta property=\"og:locale\" content=\"fr_FR\" \/>\n<meta property=\"og:type\" content=\"article\" \/>\n<meta property=\"og:title\" content=\"Votre mariage \u00e0 Amalfi : une journ\u00e9e inoubliable entre mer et histoire - Visit Amalfi\" \/>\n<meta property=\"og:description\" content=\"R\u00eaver d&#8217;un mariage de conte de f\u00e9es, c&#8217;est souvent imaginer des vues \u00e0 couper le souffle, des atmosph\u00e8res romantiques et des lieux qui racontent une histoire. Amalfi, avec son littoral [&hellip;]\" \/>\n<meta property=\"og:url\" content=\"https:\/\/www.visitamalfi.info\/fr\/votre-mariage-a-amalfi-une-journee-inoubliable-entre-mer-et-histoire\/\" \/>\n<meta property=\"og:site_name\" content=\"Visit Amalfi\" \/>\n<meta property=\"article:publisher\" content=\"https:\/\/www.facebook.com\/visitamalfiofficial\" \/>\n<meta property=\"article:published_time\" content=\"2025-11-30T09:00:38+00:00\" \/>\n<meta property=\"og:image\" content=\"https:\/\/www.visitamalfi.info\/wp-content\/uploads\/2023\/11\/AdameCatherine-587.jpg\" \/>\n\t<meta property=\"og:image:width\" content=\"1024\" \/>\n\t<meta property=\"og:image:height\" content=\"682\" \/>\n\t<meta property=\"og:image:type\" content=\"image\/jpeg\" \/>\n<meta name=\"author\" content=\"Federica Dumont\" \/>\n<meta name=\"twitter:card\" content=\"summary_large_image\" \/>\n<meta name=\"twitter:label1\" content=\"\u00c9crit par\" \/>\n\t<meta name=\"twitter:data1\" content=\"Federica Dumont\" \/>\n\t<meta name=\"twitter:label2\" content=\"Dur\u00e9e de lecture estim\u00e9e\" \/>\n\t<meta name=\"twitter:data2\" content=\"2 minutes\" \/>\n<script type=\"application\/ld+json\" class=\"yoast-schema-graph\">{\"@context\":\"https:\\\/\\\/schema.org\",\"@graph\":[{\"@type\":\"Article\",\"@id\":\"https:\\\/\\\/www.visitamalfi.info\\\/fr\\\/votre-mariage-a-amalfi-une-journee-inoubliable-entre-mer-et-histoire\\\/#article\",\"isPartOf\":{\"@id\":\"https:\\\/\\\/www.visitamalfi.info\\\/fr\\\/votre-mariage-a-amalfi-une-journee-inoubliable-entre-mer-et-histoire\\\/\"},\"author\":{\"name\":\"Federica Dumont\",\"@id\":\"https:\\\/\\\/www.visitamalfi.info\\\/fr\\\/#\\\/schema\\\/person\\\/0c7584af846d5d2da6c69f7e68f3af96\"},\"headline\":\"Votre mariage \u00e0 Amalfi : une journ\u00e9e inoubliable entre mer et histoire\",\"datePublished\":\"2025-11-30T09:00:38+00:00\",\"mainEntityOfPage\":{\"@id\":\"https:\\\/\\\/www.visitamalfi.info\\\/fr\\\/votre-mariage-a-amalfi-une-journee-inoubliable-entre-mer-et-histoire\\\/\"},\"wordCount\":439,\"commentCount\":0,\"publisher\":{\"@id\":\"https:\\\/\\\/www.visitamalfi.info\\\/fr\\\/#organization\"},\"image\":{\"@id\":\"https:\\\/\\\/www.visitamalfi.info\\\/fr\\\/votre-mariage-a-amalfi-une-journee-inoubliable-entre-mer-et-histoire\\\/#primaryimage\"},\"thumbnailUrl\":\"https:\\\/\\\/www.visitamalfi.info\\\/wp-content\\\/uploads\\\/2023\\\/11\\\/AdameCatherine-587.jpg\",\"keywords\":[\"\u00c0 la une\"],\"articleSection\":[\"Eventi\"],\"inLanguage\":\"fr-FR\",\"potentialAction\":[{\"@type\":\"CommentAction\",\"name\":\"Comment\",\"target\":[\"https:\\\/\\\/www.visitamalfi.info\\\/fr\\\/votre-mariage-a-amalfi-une-journee-inoubliable-entre-mer-et-histoire\\\/#respond\"]}]},{\"@type\":\"WebPage\",\"@id\":\"https:\\\/\\\/www.visitamalfi.info\\\/fr\\\/votre-mariage-a-amalfi-une-journee-inoubliable-entre-mer-et-histoire\\\/\",\"url\":\"https:\\\/\\\/www.visitamalfi.info\\\/fr\\\/votre-mariage-a-amalfi-une-journee-inoubliable-entre-mer-et-histoire\\\/\",\"name\":\"Votre mariage \u00e0 Amalfi : une journ\u00e9e inoubliable entre mer et histoire - Visit Amalfi\",\"isPartOf\":{\"@id\":\"https:\\\/\\\/www.visitamalfi.info\\\/fr\\\/#website\"},\"primaryImageOfPage\":{\"@id\":\"https:\\\/\\\/www.visitamalfi.info\\\/fr\\\/votre-mariage-a-amalfi-une-journee-inoubliable-entre-mer-et-histoire\\\/#primaryimage\"},\"image\":{\"@id\":\"https:\\\/\\\/www.visitamalfi.info\\\/fr\\\/votre-mariage-a-amalfi-une-journee-inoubliable-entre-mer-et-histoire\\\/#primaryimage\"},\"thumbnailUrl\":\"https:\\\/\\\/www.visitamalfi.info\\\/wp-content\\\/uploads\\\/2023\\\/11\\\/AdameCatherine-587.jpg\",\"datePublished\":\"2025-11-30T09:00:38+00:00\",\"breadcrumb\":{\"@id\":\"https:\\\/\\\/www.visitamalfi.info\\\/fr\\\/votre-mariage-a-amalfi-une-journee-inoubliable-entre-mer-et-histoire\\\/#breadcrumb\"},\"inLanguage\":\"fr-FR\",\"potentialAction\":[{\"@type\":\"ReadAction\",\"target\":[\"https:\\\/\\\/www.visitamalfi.info\\\/fr\\\/votre-mariage-a-amalfi-une-journee-inoubliable-entre-mer-et-histoire\\\/\"]}]},{\"@type\":\"ImageObject\",\"inLanguage\":\"fr-FR\",\"@id\":\"https:\\\/\\\/www.visitamalfi.info\\\/fr\\\/votre-mariage-a-amalfi-une-journee-inoubliable-entre-mer-et-histoire\\\/#primaryimage\",\"url\":\"https:\\\/\\\/www.visitamalfi.info\\\/wp-content\\\/uploads\\\/2023\\\/11\\\/AdameCatherine-587.jpg\",\"contentUrl\":\"https:\\\/\\\/www.visitamalfi.info\\\/wp-content\\\/uploads\\\/2023\\\/11\\\/AdameCatherine-587.jpg\",\"width\":1024,\"height\":682},{\"@type\":\"BreadcrumbList\",\"@id\":\"https:\\\/\\\/www.visitamalfi.info\\\/fr\\\/votre-mariage-a-amalfi-une-journee-inoubliable-entre-mer-et-histoire\\\/#breadcrumb\",\"itemListElement\":[{\"@type\":\"ListItem\",\"position\":1,\"name\":\"Home\",\"item\":\"https:\\\/\\\/www.visitamalfi.info\\\/fr\\\/\"},{\"@type\":\"ListItem\",\"position\":2,\"name\":\"Votre mariage \u00e0 Amalfi : une journ\u00e9e inoubliable entre mer et histoire\"}]},{\"@type\":\"WebSite\",\"@id\":\"https:\\\/\\\/www.visitamalfi.info\\\/fr\\\/#website\",\"url\":\"https:\\\/\\\/www.visitamalfi.info\\\/fr\\\/\",\"name\":\"Visit Amalfi\",\"description\":\"Amalfi Destination Official Website\",\"publisher\":{\"@id\":\"https:\\\/\\\/www.visitamalfi.info\\\/fr\\\/#organization\"},\"potentialAction\":[{\"@type\":\"SearchAction\",\"target\":{\"@type\":\"EntryPoint\",\"urlTemplate\":\"https:\\\/\\\/www.visitamalfi.info\\\/fr\\\/?s={search_term_string}\"},\"query-input\":{\"@type\":\"PropertyValueSpecification\",\"valueRequired\":true,\"valueName\":\"search_term_string\"}}],\"inLanguage\":\"fr-FR\"},{\"@type\":\"Organization\",\"@id\":\"https:\\\/\\\/www.visitamalfi.info\\\/fr\\\/#organization\",\"name\":\"Visit Amalfi\",\"url\":\"https:\\\/\\\/www.visitamalfi.info\\\/fr\\\/\",\"logo\":{\"@type\":\"ImageObject\",\"inLanguage\":\"fr-FR\",\"@id\":\"https:\\\/\\\/www.visitamalfi.info\\\/fr\\\/#\\\/schema\\\/logo\\\/image\\\/\",\"url\":\"https:\\\/\\\/www.visitamalfi.info\\\/wp-content\\\/uploads\\\/2023\\\/04\\\/visit-amalfi-logo-web.png\",\"contentUrl\":\"https:\\\/\\\/www.visitamalfi.info\\\/wp-content\\\/uploads\\\/2023\\\/04\\\/visit-amalfi-logo-web.png\",\"width\":800,\"height\":870,\"caption\":\"Visit Amalfi\"},\"image\":{\"@id\":\"https:\\\/\\\/www.visitamalfi.info\\\/fr\\\/#\\\/schema\\\/logo\\\/image\\\/\"},\"sameAs\":[\"https:\\\/\\\/www.facebook.com\\\/visitamalfiofficial\",\"https:\\\/\\\/www.instagram.com\\\/visitamalfiofficial\\\/\"]},{\"@type\":\"Person\",\"@id\":\"https:\\\/\\\/www.visitamalfi.info\\\/fr\\\/#\\\/schema\\\/person\\\/0c7584af846d5d2da6c69f7e68f3af96\",\"name\":\"Federica Dumont\",\"image\":{\"@type\":\"ImageObject\",\"inLanguage\":\"fr-FR\",\"@id\":\"https:\\\/\\\/secure.gravatar.com\\\/avatar\\\/0803dab414b6c6f1fd2399680f587870a020419b6ebe9d36dd75df06a6a68060?s=96&d=mm&r=g\",\"url\":\"https:\\\/\\\/secure.gravatar.com\\\/avatar\\\/0803dab414b6c6f1fd2399680f587870a020419b6ebe9d36dd75df06a6a68060?s=96&d=mm&r=g\",\"contentUrl\":\"https:\\\/\\\/secure.gravatar.com\\\/avatar\\\/0803dab414b6c6f1fd2399680f587870a020419b6ebe9d36dd75df06a6a68060?s=96&d=mm&r=g\",\"caption\":\"Federica Dumont\"},\"url\":\"https:\\\/\\\/www.visitamalfi.info\\\/fr\\\/author\\\/federica\\\/\"}]}<\/script>\n<!-- \/ Yoast SEO plugin. -->","yoast_head_json":{"title":"Votre mariage \u00e0 Amalfi : une journ\u00e9e inoubliable entre mer et histoire - Visit Amalfi","robots":{"index":"index","follow":"follow","max-snippet":"max-snippet:-1","max-image-preview":"max-image-preview:large","max-video-preview":"max-video-preview:-1"},"canonical":"https:\/\/www.visitamalfi.info\/fr\/votre-mariage-a-amalfi-une-journee-inoubliable-entre-mer-et-histoire\/","og_locale":"fr_FR","og_type":"article","og_title":"Votre mariage \u00e0 Amalfi : une journ\u00e9e inoubliable entre mer et histoire - Visit Amalfi","og_description":"R\u00eaver d&#8217;un mariage de conte de f\u00e9es, c&#8217;est souvent imaginer des vues \u00e0 couper le souffle, des atmosph\u00e8res romantiques et des lieux qui racontent une histoire. Amalfi, avec son littoral [&hellip;]","og_url":"https:\/\/www.visitamalfi.info\/fr\/votre-mariage-a-amalfi-une-journee-inoubliable-entre-mer-et-histoire\/","og_site_name":"Visit Amalfi","article_publisher":"https:\/\/www.facebook.com\/visitamalfiofficial","article_published_time":"2025-11-30T09:00:38+00:00","og_image":[{"width":1024,"height":682,"url":"https:\/\/www.visitamalfi.info\/wp-content\/uploads\/2023\/11\/AdameCatherine-587.jpg","type":"image\/jpeg"}],"author":"Federica Dumont","twitter_card":"summary_large_image","twitter_misc":{"\u00c9crit par":"Federica Dumont","Dur\u00e9e de lecture estim\u00e9e":"2 minutes"},"schema":{"@context":"https:\/\/schema.org","@graph":[{"@type":"Article","@id":"https:\/\/www.visitamalfi.info\/fr\/votre-mariage-a-amalfi-une-journee-inoubliable-entre-mer-et-histoire\/#article","isPartOf":{"@id":"https:\/\/www.visitamalfi.info\/fr\/votre-mariage-a-amalfi-une-journee-inoubliable-entre-mer-et-histoire\/"},"author":{"name":"Federica Dumont","@id":"https:\/\/www.visitamalfi.info\/fr\/#\/schema\/person\/0c7584af846d5d2da6c69f7e68f3af96"},"headline":"Votre mariage \u00e0 Amalfi : une journ\u00e9e inoubliable entre mer et histoire","datePublished":"2025-11-30T09:00:38+00:00","mainEntityOfPage":{"@id":"https:\/\/www.visitamalfi.info\/fr\/votre-mariage-a-amalfi-une-journee-inoubliable-entre-mer-et-histoire\/"},"wordCount":439,"commentCount":0,"publisher":{"@id":"https:\/\/www.visitamalfi.info\/fr\/#organization"},"image":{"@id":"https:\/\/www.visitamalfi.info\/fr\/votre-mariage-a-amalfi-une-journee-inoubliable-entre-mer-et-histoire\/#primaryimage"},"thumbnailUrl":"https:\/\/www.visitamalfi.info\/wp-content\/uploads\/2023\/11\/AdameCatherine-587.jpg","keywords":["\u00c0 la une"],"articleSection":["Eventi"],"inLanguage":"fr-FR","potentialAction":[{"@type":"CommentAction","name":"Comment","target":["https:\/\/www.visitamalfi.info\/fr\/votre-mariage-a-amalfi-une-journee-inoubliable-entre-mer-et-histoire\/#respond"]}]},{"@type":"WebPage","@id":"https:\/\/www.visitamalfi.info\/fr\/votre-mariage-a-amalfi-une-journee-inoubliable-entre-mer-et-histoire\/","url":"https:\/\/www.visitamalfi.info\/fr\/votre-mariage-a-amalfi-une-journee-inoubliable-entre-mer-et-histoire\/","name":"Votre mariage \u00e0 Amalfi : une journ\u00e9e inoubliable entre mer et histoire - Visit Amalfi","isPartOf":{"@id":"https:\/\/www.visitamalfi.info\/fr\/#website"},"primaryImageOfPage":{"@id":"https:\/\/www.visitamalfi.info\/fr\/votre-mariage-a-amalfi-une-journee-inoubliable-entre-mer-et-histoire\/#primaryimage"},"image":{"@id":"https:\/\/www.visitamalfi.info\/fr\/votre-mariage-a-amalfi-une-journee-inoubliable-entre-mer-et-histoire\/#primaryimage"},"thumbnailUrl":"https:\/\/www.visitamalfi.info\/wp-content\/uploads\/2023\/11\/AdameCatherine-587.jpg","datePublished":"2025-11-30T09:00:38+00:00","breadcrumb":{"@id":"https:\/\/www.visitamalfi.info\/fr\/votre-mariage-a-amalfi-une-journee-inoubliable-entre-mer-et-histoire\/#breadcrumb"},"inLanguage":"fr-FR","potentialAction":[{"@type":"ReadAction","target":["https:\/\/www.visitamalfi.info\/fr\/votre-mariage-a-amalfi-une-journee-inoubliable-entre-mer-et-histoire\/"]}]},{"@type":"ImageObject","inLanguage":"fr-FR","@id":"https:\/\/www.visitamalfi.info\/fr\/votre-mariage-a-amalfi-une-journee-inoubliable-entre-mer-et-histoire\/#primaryimage","url":"https:\/\/www.visitamalfi.info\/wp-content\/uploads\/2023\/11\/AdameCatherine-587.jpg","contentUrl":"https:\/\/www.visitamalfi.info\/wp-content\/uploads\/2023\/11\/AdameCatherine-587.jpg","width":1024,"height":682},{"@type":"BreadcrumbList","@id":"https:\/\/www.visitamalfi.info\/fr\/votre-mariage-a-amalfi-une-journee-inoubliable-entre-mer-et-histoire\/#breadcrumb","itemListElement":[{"@type":"ListItem","position":1,"name":"Home","item":"https:\/\/www.visitamalfi.info\/fr\/"},{"@type":"ListItem","position":2,"name":"Votre mariage \u00e0 Amalfi : une journ\u00e9e inoubliable entre mer et histoire"}]},{"@type":"WebSite","@id":"https:\/\/www.visitamalfi.info\/fr\/#website","url":"https:\/\/www.visitamalfi.info\/fr\/","name":"Visit Amalfi","description":"Amalfi Destination Official Website","publisher":{"@id":"https:\/\/www.visitamalfi.info\/fr\/#organization"},"potentialAction":[{"@type":"SearchAction","target":{"@type":"EntryPoint","urlTemplate":"https:\/\/www.visitamalfi.info\/fr\/?s={search_term_string}"},"query-input":{"@type":"PropertyValueSpecification","valueRequired":true,"valueName":"search_term_string"}}],"inLanguage":"fr-FR"},{"@type":"Organization","@id":"https:\/\/www.visitamalfi.info\/fr\/#organization","name":"Visit Amalfi","url":"https:\/\/www.visitamalfi.info\/fr\/","logo":{"@type":"ImageObject","inLanguage":"fr-FR","@id":"https:\/\/www.visitamalfi.info\/fr\/#\/schema\/logo\/image\/","url":"https:\/\/www.visitamalfi.info\/wp-content\/uploads\/2023\/04\/visit-amalfi-logo-web.png","contentUrl":"https:\/\/www.visitamalfi.info\/wp-content\/uploads\/2023\/04\/visit-amalfi-logo-web.png","width":800,"height":870,"caption":"Visit Amalfi"},"image":{"@id":"https:\/\/www.visitamalfi.info\/fr\/#\/schema\/logo\/image\/"},"sameAs":["https:\/\/www.facebook.com\/visitamalfiofficial","https:\/\/www.instagram.com\/visitamalfiofficial\/"]},{"@type":"Person","@id":"https:\/\/www.visitamalfi.info\/fr\/#\/schema\/person\/0c7584af846d5d2da6c69f7e68f3af96","name":"Federica Dumont","image":{"@type":"ImageObject","inLanguage":"fr-FR","@id":"https:\/\/secure.gravatar.com\/avatar\/0803dab414b6c6f1fd2399680f587870a020419b6ebe9d36dd75df06a6a68060?s=96&d=mm&r=g","url":"https:\/\/secure.gravatar.com\/avatar\/0803dab414b6c6f1fd2399680f587870a020419b6ebe9d36dd75df06a6a68060?s=96&d=mm&r=g","contentUrl":"https:\/\/secure.gravatar.com\/avatar\/0803dab414b6c6f1fd2399680f587870a020419b6ebe9d36dd75df06a6a68060?s=96&d=mm&r=g","caption":"Federica Dumont"},"url":"https:\/\/www.visitamalfi.info\/fr\/author\/federica\/"}]}},"_links":{"self":[{"href":"https:\/\/www.visitamalfi.info\/fr\/wp-json\/wp\/v2\/posts\/23272","targetHints":{"allow":["GET"]}}],"collection":[{"href":"https:\/\/www.visitamalfi.info\/fr\/wp-json\/wp\/v2\/posts"}],"about":[{"href":"https:\/\/www.visitamalfi.info\/fr\/wp-json\/wp\/v2\/types\/post"}],"author":[{"embeddable":true,"href":"https:\/\/www.visitamalfi.info\/fr\/wp-json\/wp\/v2\/users\/7"}],"replies":[{"embeddable":true,"href":"https:\/\/www.visitamalfi.info\/fr\/wp-json\/wp\/v2\/comments?post=23272"}],"version-history":[{"count":1,"href":"https:\/\/www.visitamalfi.info\/fr\/wp-json\/wp\/v2\/posts\/23272\/revisions"}],"predecessor-version":[{"id":23299,"href":"https:\/\/www.visitamalfi.info\/fr\/wp-json\/wp\/v2\/posts\/23272\/revisions\/23299"}],"wp:featuredmedia":[{"embeddable":true,"href":"https:\/\/www.visitamalfi.info\/fr\/wp-json\/wp\/v2\/media\/13031"}],"wp:attachment":[{"href":"https:\/\/www.visitamalfi.info\/fr\/wp-json\/wp\/v2\/media?parent=23272"}],"wp:term":[{"taxonomy":"category","embeddable":true,"href":"https:\/\/www.visitamalfi.info\/fr\/wp-json\/wp\/v2\/categories?post=23272"},{"taxonomy":"post_tag","embeddable":true,"href":"https:\/\/www.visitamalfi.info\/fr\/wp-json\/wp\/v2\/tags?post=23272"}],"curies":[{"name":"wp","href":"https:\/\/api.w.org\/{rel}","templated":true}]}}