{"id":23261,"date":"2025-11-25T10:56:26","date_gmt":"2025-11-25T09:56:26","guid":{"rendered":"https:\/\/www.visitamalfi.info\/amalfi-en-hiver-pourquoi-la-periode-la-plus-calme-de-lannee-est-la-meilleure-pour-la-decouvrir\/"},"modified":"2025-11-25T10:56:26","modified_gmt":"2025-11-25T09:56:26","slug":"amalfi-en-hiver-pourquoi-la-periode-la-plus-calme-de-lannee-est-la-meilleure-pour-la-decouvrir","status":"publish","type":"post","link":"https:\/\/www.visitamalfi.info\/fr\/amalfi-en-hiver-pourquoi-la-periode-la-plus-calme-de-lannee-est-la-meilleure-pour-la-decouvrir\/","title":{"rendered":"Amalfi en hiver : pourquoi la p\u00e9riode la plus calme de l&#8217;ann\u00e9e est la meilleure pour la d\u00e9couvrir"},"content":{"rendered":"<p data-start=\"341\" data-end=\"729\">Quand on pense \u00e0 Amalfi, on pense imm\u00e9diatement \u00e0 l&#8217;\u00e9t\u00e9 : le soleil, la mer, les bateaux dans le port, les plages&#8230;<br data-start=\"467\" data-end=\"470\">Pourtant, c&#8217;est pr\u00e9cis\u00e9ment en <strong data-start=\"488\" data-end=\"501\">hiver<\/strong> que la ville r\u00e9v\u00e8le son caract\u00e8re le plus authentique. Un temps de tranquillit\u00e9, de calme, un rythme plus tranquille et la possibilit\u00e9 de profiter de la ville en s&#8217;int\u00e9ressant de plus pr\u00e8s \u00e0 sa vie quotidienne.<\/p>\n<p data-start=\"731\" data-end=\"854\">Dans cet article, nous vous expliquons pourquoi Amalfi en hiver est une exp\u00e9rience extraordinaire.<\/p>\n<h2 data-start=\"861\" data-end=\"902\"><strong data-start=\"864\" data-end=\"902\">La ville se montre sans filtre<\/strong><\/h2>\n<p data-start=\"904\" data-end=\"1167\"><img decoding=\"async\" class=\" wp-image-15052 alignleft\" src=\"https:\/\/www.visitamalfi.info\/wp-content\/uploads\/2024\/03\/DSC03296-300x200.jpg\" alt=\"Amalfi_ Piazza Duomo\" width=\"237\" height=\"158\" srcset=\"https:\/\/www.visitamalfi.info\/wp-content\/uploads\/2024\/03\/DSC03296-300x200.jpg 300w, https:\/\/www.visitamalfi.info\/wp-content\/uploads\/2024\/03\/DSC03296-1024x683.jpg 1024w, https:\/\/www.visitamalfi.info\/wp-content\/uploads\/2024\/03\/DSC03296-768x512.jpg 768w, https:\/\/www.visitamalfi.info\/wp-content\/uploads\/2024\/03\/DSC03296-1536x1024.jpg 1536w, https:\/\/www.visitamalfi.info\/wp-content\/uploads\/2024\/03\/DSC03296-870x580.jpg 870w, https:\/\/www.visitamalfi.info\/wp-content\/uploads\/2024\/03\/DSC03296-615x410.jpg 615w, https:\/\/www.visitamalfi.info\/wp-content\/uploads\/2024\/03\/DSC03296-1240x825.jpg 1240w, https:\/\/www.visitamalfi.info\/wp-content\/uploads\/2024\/03\/DSC03296.jpg 1920w\" sizes=\"(max-width: 237px) 100vw, 237px\" \/>De novembre \u00e0 mars, Amalfi ralentit son rythme.<br data-start=\"941\" data-end=\"944\">Ce n&#8217;est plus le flux des touristes qui domine, mais la vraie vie : les habitants qui occupent la place principale, les boutiques d&#8217;artisans qui travaillent sans se presser, les caf\u00e9s pris tranquillement entre deux bavardages&#8230;<\/p>\n<p data-start=\"1169\" data-end=\"1322\">L&#8217;hiver permet \u00e0 ceux qui arrivent de vraiment conna\u00eetre Amalfi, en entrant en contact avec les espaces, les sons et les gestes qui la d\u00e9finissent au quotidien.<\/p>\n<h2 data-start=\"1329\" data-end=\"1373\"><strong data-start=\"1332\" data-end=\"1373\">La mer d&#8217;hiver : une autre histoire<\/strong><\/h2>\n<p data-start=\"1375\" data-end=\"1677\">En d\u00e9cembre, janvier et f\u00e9vrier, la mer a une couleur diff\u00e9rente.<img decoding=\"async\" class=\" wp-image-1425 alignright\" src=\"https:\/\/www.visitamalfi.info\/wp-content\/uploads\/2023\/05\/amalfi-mare-inverno-300x200.jpg\" alt=\"\" width=\"248\" height=\"165\" srcset=\"https:\/\/www.visitamalfi.info\/wp-content\/uploads\/2023\/05\/amalfi-mare-inverno-300x200.jpg 300w, https:\/\/www.visitamalfi.info\/wp-content\/uploads\/2023\/05\/amalfi-mare-inverno-1024x682.jpg 1024w, https:\/\/www.visitamalfi.info\/wp-content\/uploads\/2023\/05\/amalfi-mare-inverno-768x511.jpg 768w, https:\/\/www.visitamalfi.info\/wp-content\/uploads\/2023\/05\/amalfi-mare-inverno-1536x1022.jpg 1536w, https:\/\/www.visitamalfi.info\/wp-content\/uploads\/2023\/05\/amalfi-mare-inverno-870x580.jpg 870w, https:\/\/www.visitamalfi.info\/wp-content\/uploads\/2023\/05\/amalfi-mare-inverno-615x410.jpg 615w, https:\/\/www.visitamalfi.info\/wp-content\/uploads\/2023\/05\/amalfi-mare-inverno-1240x825.jpg 1240w, https:\/\/www.visitamalfi.info\/wp-content\/uploads\/2023\/05\/amalfi-mare-inverno.jpg 1920w\" sizes=\"(max-width: 248px) 100vw, 248px\" \/><br data-start=\"1436\" data-end=\"1439\">Plus intense, plus calme, parfois \u00e9tonnamment transparent.<br data-start=\"1501\" data-end=\"1504\">Les plages sont vides, la jet\u00e9e devient un lieu id\u00e9al pour fl\u00e2ner et photographier, et le paysage semble presque fait pour ceux qui aiment d\u00e9couvrir des lieux sans bruit.<\/p>\n<p data-start=\"1679\" data-end=\"1802\">Pour de nombreux voyageurs internationaux, c&#8217;est l&#8217;une des exp\u00e9riences les plus m\u00e9morables.<\/p>\n<h2 data-start=\"1809\" data-end=\"1855\"><strong data-start=\"1812\" data-end=\"1855\">Sentiers et nature : des conditions id\u00e9ales<\/strong><\/h2>\n<p data-start=\"1857\" data-end=\"2038\"><img decoding=\"async\" class=\" wp-image-15827 alignleft\" src=\"https:\/\/www.visitamalfi.info\/wp-content\/uploads\/2024\/03\/DJI_0038-8K-fuondi-300x225.jpg\" alt=\"Amalfi_Pogerola_Chiesa della Madonna dei Fuondi\" width=\"239\" height=\"179\" srcset=\"https:\/\/www.visitamalfi.info\/wp-content\/uploads\/2024\/03\/DJI_0038-8K-fuondi-300x225.jpg 300w, https:\/\/www.visitamalfi.info\/wp-content\/uploads\/2024\/03\/DJI_0038-8K-fuondi-1024x768.jpg 1024w, https:\/\/www.visitamalfi.info\/wp-content\/uploads\/2024\/03\/DJI_0038-8K-fuondi-768x576.jpg 768w, https:\/\/www.visitamalfi.info\/wp-content\/uploads\/2024\/03\/DJI_0038-8K-fuondi-1536x1152.jpg 1536w, https:\/\/www.visitamalfi.info\/wp-content\/uploads\/2024\/03\/DJI_0038-8K-fuondi.jpg 1920w\" sizes=\"(max-width: 239px) 100vw, 239px\" \/>L&#8217;automne et l&#8217;hiver sont les meilleures p\u00e9riodes pour parcourir les sentiers de la C\u00f4te.<br data-start=\"1935\" data-end=\"1938\">L&#8217;air pur et les couleurs plus vives offrent des paysages parfaits pour les amateurs de plein air.<\/p>\n<p data-start=\"2040\" data-end=\"2072\">Parmi les itin\u00e9raires les plus populaires<\/p>\n<ul data-start=\"2074\" data-end=\"2337\">\n<li data-start=\"2074\" data-end=\"2148\">\n<p data-start=\"2076\" data-end=\"2148\"><strong data-start=\"2076\" data-end=\"2100\">Via Maestra dei Villaggi<\/strong>, id\u00e9al pour ceux qui aiment la nature, l&#8217;histoire et les coins cach\u00e9s ;<\/p>\n<\/li>\n<li data-start=\"2149\" data-end=\"2236\">\n<p data-start=\"2151\" data-end=\"2236\"><strong>Circuito Pogerola<\/strong>, la d\u00e9couverte d&#8217;un Amalfi m\u00e9connu, un sentier de randonn\u00e9e de difficult\u00e9 moyenne d&#8217;environ 8 km.<\/p>\n<\/li>\n<li data-start=\"2237\" data-end=\"2337\">\n<p data-start=\"2239\" data-end=\"2337\"><strong data-start=\"2239\" data-end=\"2264\">Le<\/strong> village de <strong data-start=\"2239\" data-end=\"2264\">Pogerola<\/strong>, un hameau d&#8217;Amalfi situ\u00e9 sur la colline du Monte Falconcello.<\/p>\n<\/li>\n<\/ul>\n<p>E tanto altro ancora&#8230;<\/p>\n<h2 data-start=\"2344\" data-end=\"2398\"><strong data-start=\"2347\" data-end=\"2398\">Gastronomie saisonni\u00e8re : des saveurs qui r\u00e9chauffent<\/strong><\/h2>\n<p data-start=\"2400\" data-end=\"2549\"><img loading=\"lazy\" decoding=\"async\" class=\" wp-image-1576 alignright\" src=\"https:\/\/www.visitamalfi.info\/wp-content\/uploads\/2023\/05\/cooking-classes-handmade-pasta-300x169.jpg\" alt=\"\" width=\"250\" height=\"141\" srcset=\"https:\/\/www.visitamalfi.info\/wp-content\/uploads\/2023\/05\/cooking-classes-handmade-pasta-300x169.jpg 300w, https:\/\/www.visitamalfi.info\/wp-content\/uploads\/2023\/05\/cooking-classes-handmade-pasta-1024x576.jpg 1024w, https:\/\/www.visitamalfi.info\/wp-content\/uploads\/2023\/05\/cooking-classes-handmade-pasta-768x432.jpg 768w, https:\/\/www.visitamalfi.info\/wp-content\/uploads\/2023\/05\/cooking-classes-handmade-pasta-1536x864.jpg 1536w, https:\/\/www.visitamalfi.info\/wp-content\/uploads\/2023\/05\/cooking-classes-handmade-pasta.jpg 1920w\" sizes=\"(max-width: 250px) 100vw, 250px\" \/>L&#8217;hiver apporte une cuisine diff\u00e9rente, compos\u00e9e de plats traditionnels et d&#8217;ingr\u00e9dients locaux.<br data-start=\"2493\" data-end=\"2496\">Un exemple savoureux ?<\/p>\n<ul data-start=\"2551\" data-end=\"2705\">\n<li data-start=\"2572\" data-end=\"2595\">\n<p data-start=\"2574\" data-end=\"2595\">des p\u00e2tes faites \u00e0 la main,<\/p>\n<\/li>\n<li data-start=\"2596\" data-end=\"2658\">\n<p data-start=\"2598\" data-end=\"2658\">pesce fresco del giorno<\/p>\n<\/li>\n<li data-start=\"2659\" data-end=\"2705\">\n<p data-start=\"2661\" data-end=\"2705\">dolci della tradizione natalizia e non solo.<\/p>\n<\/li>\n<\/ul>\n<h2 data-start=\"2873\" data-end=\"2920\"><strong data-start=\"2876\" data-end=\"2920\">Eventi, cultura e musei\u2026 senza fretta<\/strong><\/h2>\n<p data-start=\"2922\" data-end=\"3210\"><img loading=\"lazy\" decoding=\"async\" class=\" wp-image-15002 alignleft\" src=\"https:\/\/www.visitamalfi.info\/wp-content\/uploads\/2024\/03\/Copia-di-41-Museo-della-Bussola-foto-abbagnara-300x200.jpg\" alt=\"Amalfi_Arsenal de la R\u00e9publique\" width=\"242\" height=\"161\" srcset=\"https:\/\/www.visitamalfi.info\/wp-content\/uploads\/2024\/03\/Copia-di-41-Museo-della-Bussola-foto-abbagnara-300x200.jpg 300w, https:\/\/www.visitamalfi.info\/wp-content\/uploads\/2024\/03\/Copia-di-41-Museo-della-Bussola-foto-abbagnara-1024x683.jpg 1024w, https:\/\/www.visitamalfi.info\/wp-content\/uploads\/2024\/03\/Copia-di-41-Museo-della-Bussola-foto-abbagnara-768x512.jpg 768w, https:\/\/www.visitamalfi.info\/wp-content\/uploads\/2024\/03\/Copia-di-41-Museo-della-Bussola-foto-abbagnara-1536x1024.jpg 1536w, https:\/\/www.visitamalfi.info\/wp-content\/uploads\/2024\/03\/Copia-di-41-Museo-della-Bussola-foto-abbagnara-870x580.jpg 870w, https:\/\/www.visitamalfi.info\/wp-content\/uploads\/2024\/03\/Copia-di-41-Museo-della-Bussola-foto-abbagnara-615x410.jpg 615w, https:\/\/www.visitamalfi.info\/wp-content\/uploads\/2024\/03\/Copia-di-41-Museo-della-Bussola-foto-abbagnara-1240x825.jpg 1240w, https:\/\/www.visitamalfi.info\/wp-content\/uploads\/2024\/03\/Copia-di-41-Museo-della-Bussola-foto-abbagnara.jpg 1920w\" sizes=\"(max-width: 242px) 100vw, 242px\" \/>Amalfi en hiver est parfait pour les amateurs de culture.<br data-start=\"2973\" data-end=\"2976\">Il <strong data-start=\"2979\" data-end=\"3003\">Duomo di Sant\u2019Andrea<\/strong>, l\u2019<strong data-start=\"3007\" data-end=\"3036\">Arsenale della Repubblica<\/strong>, il <strong data-start=\"3041\" data-end=\"3062\">Museo della Carta<\/strong> e il <strong data-start=\"3087\" data-end=\"3110\">Museo della Bussola<\/strong> possono essere visitati con calma, apprezzando i dettagli e la storia che spesso d\u2019estate sfuggono.<\/p>\n<p data-start=\"3212\" data-end=\"3321\">C&#8217;est aussi la p\u00e9riode o\u00f9 la ville accueille de petits \u00e9v\u00e9nements locaux, des concerts et des initiatives li\u00e9es aux festivit\u00e9s.<\/p>\n<h2 data-start=\"2873\" data-end=\"2920\"><strong data-start=\"2876\" data-end=\"2920\">En bref.<\/strong><\/h2>\n<p>D\u00e9couvrir Amalfi en hiver est une exp\u00e9rience \u00e0 la fois authentique et magique.<\/p>\n<p>Pronti per quest&#8217;avventura?<\/p>\n","protected":false},"excerpt":{"rendered":"<p>Quand on pense \u00e0 Amalfi, on pense imm\u00e9diatement \u00e0 l&#8217;\u00e9t\u00e9 : le soleil, la mer, les bateaux dans le port, les plages&#8230;Pourtant, c&#8217;est pr\u00e9cis\u00e9ment en hiver que la ville r\u00e9v\u00e8le [&hellip;]<\/p>\n","protected":false},"author":7,"featured_media":15829,"comment_status":"open","ping_status":"closed","sticky":false,"template":"","format":"standard","meta":{"inline_featured_image":false,"footnotes":""},"categories":[891,810,812],"tags":[1960,1967,1968],"class_list":["post-23261","post","type-post","status-publish","format-standard","has-post-thumbnail","hentry","category-consigli-di-viaggio","category-eventi-fr","category-tradition","tag-a-la-une","tag-amalfi-en-hiver","tag-conseils-de-voyage"],"yoast_head":"<!-- This site is optimized with the Yoast SEO plugin v27.3 - https:\/\/yoast.com\/product\/yoast-seo-wordpress\/ -->\n<title>Amalfi en hiver : pourquoi la p\u00e9riode la plus calme de l&#039;ann\u00e9e est la meilleure pour la d\u00e9couvrir - Visit Amalfi<\/title>\n<meta name=\"robots\" content=\"index, follow, max-snippet:-1, max-image-preview:large, max-video-preview:-1\" \/>\n<link rel=\"canonical\" href=\"https:\/\/www.visitamalfi.info\/fr\/amalfi-en-hiver-pourquoi-la-periode-la-plus-calme-de-lannee-est-la-meilleure-pour-la-decouvrir\/\" \/>\n<meta property=\"og:locale\" content=\"fr_FR\" \/>\n<meta property=\"og:type\" content=\"article\" \/>\n<meta property=\"og:title\" content=\"Amalfi en hiver : pourquoi la p\u00e9riode la plus calme de l&#039;ann\u00e9e est la meilleure pour la d\u00e9couvrir - Visit Amalfi\" \/>\n<meta property=\"og:description\" content=\"Quand on pense \u00e0 Amalfi, on pense imm\u00e9diatement \u00e0 l&#8217;\u00e9t\u00e9 : le soleil, la mer, les bateaux dans le port, les plages&#8230;Pourtant, c&#8217;est pr\u00e9cis\u00e9ment en hiver que la ville r\u00e9v\u00e8le [&hellip;]\" \/>\n<meta property=\"og:url\" content=\"https:\/\/www.visitamalfi.info\/fr\/amalfi-en-hiver-pourquoi-la-periode-la-plus-calme-de-lannee-est-la-meilleure-pour-la-decouvrir\/\" \/>\n<meta property=\"og:site_name\" content=\"Visit Amalfi\" \/>\n<meta property=\"article:publisher\" content=\"https:\/\/www.facebook.com\/visitamalfiofficial\" \/>\n<meta property=\"article:published_time\" content=\"2025-11-25T09:56:26+00:00\" \/>\n<meta property=\"og:image\" content=\"https:\/\/www.visitamalfi.info\/wp-content\/uploads\/2024\/03\/DJI_0038-8K-fuondi.jpg\" \/>\n\t<meta property=\"og:image:width\" content=\"1920\" \/>\n\t<meta property=\"og:image:height\" content=\"1440\" \/>\n\t<meta property=\"og:image:type\" content=\"image\/jpeg\" \/>\n<meta name=\"author\" content=\"Federica Dumont\" \/>\n<meta name=\"twitter:card\" content=\"summary_large_image\" \/>\n<meta name=\"twitter:label1\" content=\"\u00c9crit par\" \/>\n\t<meta name=\"twitter:data1\" content=\"Federica Dumont\" \/>\n\t<meta name=\"twitter:label2\" content=\"Dur\u00e9e de lecture estim\u00e9e\" \/>\n\t<meta name=\"twitter:data2\" content=\"2 minutes\" \/>\n<script type=\"application\/ld+json\" class=\"yoast-schema-graph\">{\"@context\":\"https:\\\/\\\/schema.org\",\"@graph\":[{\"@type\":\"Article\",\"@id\":\"https:\\\/\\\/www.visitamalfi.info\\\/fr\\\/amalfi-en-hiver-pourquoi-la-periode-la-plus-calme-de-lannee-est-la-meilleure-pour-la-decouvrir\\\/#article\",\"isPartOf\":{\"@id\":\"https:\\\/\\\/www.visitamalfi.info\\\/fr\\\/amalfi-en-hiver-pourquoi-la-periode-la-plus-calme-de-lannee-est-la-meilleure-pour-la-decouvrir\\\/\"},\"author\":{\"name\":\"Federica Dumont\",\"@id\":\"https:\\\/\\\/www.visitamalfi.info\\\/fr\\\/#\\\/schema\\\/person\\\/0c7584af846d5d2da6c69f7e68f3af96\"},\"headline\":\"Amalfi en hiver : pourquoi la p\u00e9riode la plus calme de l&#8217;ann\u00e9e est la meilleure pour la d\u00e9couvrir\",\"datePublished\":\"2025-11-25T09:56:26+00:00\",\"mainEntityOfPage\":{\"@id\":\"https:\\\/\\\/www.visitamalfi.info\\\/fr\\\/amalfi-en-hiver-pourquoi-la-periode-la-plus-calme-de-lannee-est-la-meilleure-pour-la-decouvrir\\\/\"},\"wordCount\":512,\"commentCount\":0,\"publisher\":{\"@id\":\"https:\\\/\\\/www.visitamalfi.info\\\/fr\\\/#organization\"},\"image\":{\"@id\":\"https:\\\/\\\/www.visitamalfi.info\\\/fr\\\/amalfi-en-hiver-pourquoi-la-periode-la-plus-calme-de-lannee-est-la-meilleure-pour-la-decouvrir\\\/#primaryimage\"},\"thumbnailUrl\":\"https:\\\/\\\/www.visitamalfi.info\\\/wp-content\\\/uploads\\\/2024\\\/03\\\/DJI_0038-8K-fuondi.jpg\",\"keywords\":[\"\u00c0 la une\",\"Amalfi en hiver\",\"conseils de voyage\"],\"articleSection\":[\"Consigli di viaggio\",\"Eventi\",\"tradition\"],\"inLanguage\":\"fr-FR\",\"potentialAction\":[{\"@type\":\"CommentAction\",\"name\":\"Comment\",\"target\":[\"https:\\\/\\\/www.visitamalfi.info\\\/fr\\\/amalfi-en-hiver-pourquoi-la-periode-la-plus-calme-de-lannee-est-la-meilleure-pour-la-decouvrir\\\/#respond\"]}]},{\"@type\":\"WebPage\",\"@id\":\"https:\\\/\\\/www.visitamalfi.info\\\/fr\\\/amalfi-en-hiver-pourquoi-la-periode-la-plus-calme-de-lannee-est-la-meilleure-pour-la-decouvrir\\\/\",\"url\":\"https:\\\/\\\/www.visitamalfi.info\\\/fr\\\/amalfi-en-hiver-pourquoi-la-periode-la-plus-calme-de-lannee-est-la-meilleure-pour-la-decouvrir\\\/\",\"name\":\"Amalfi en hiver : pourquoi la p\u00e9riode la plus calme de l'ann\u00e9e est la meilleure pour la d\u00e9couvrir - Visit Amalfi\",\"isPartOf\":{\"@id\":\"https:\\\/\\\/www.visitamalfi.info\\\/fr\\\/#website\"},\"primaryImageOfPage\":{\"@id\":\"https:\\\/\\\/www.visitamalfi.info\\\/fr\\\/amalfi-en-hiver-pourquoi-la-periode-la-plus-calme-de-lannee-est-la-meilleure-pour-la-decouvrir\\\/#primaryimage\"},\"image\":{\"@id\":\"https:\\\/\\\/www.visitamalfi.info\\\/fr\\\/amalfi-en-hiver-pourquoi-la-periode-la-plus-calme-de-lannee-est-la-meilleure-pour-la-decouvrir\\\/#primaryimage\"},\"thumbnailUrl\":\"https:\\\/\\\/www.visitamalfi.info\\\/wp-content\\\/uploads\\\/2024\\\/03\\\/DJI_0038-8K-fuondi.jpg\",\"datePublished\":\"2025-11-25T09:56:26+00:00\",\"breadcrumb\":{\"@id\":\"https:\\\/\\\/www.visitamalfi.info\\\/fr\\\/amalfi-en-hiver-pourquoi-la-periode-la-plus-calme-de-lannee-est-la-meilleure-pour-la-decouvrir\\\/#breadcrumb\"},\"inLanguage\":\"fr-FR\",\"potentialAction\":[{\"@type\":\"ReadAction\",\"target\":[\"https:\\\/\\\/www.visitamalfi.info\\\/fr\\\/amalfi-en-hiver-pourquoi-la-periode-la-plus-calme-de-lannee-est-la-meilleure-pour-la-decouvrir\\\/\"]}]},{\"@type\":\"ImageObject\",\"inLanguage\":\"fr-FR\",\"@id\":\"https:\\\/\\\/www.visitamalfi.info\\\/fr\\\/amalfi-en-hiver-pourquoi-la-periode-la-plus-calme-de-lannee-est-la-meilleure-pour-la-decouvrir\\\/#primaryimage\",\"url\":\"https:\\\/\\\/www.visitamalfi.info\\\/wp-content\\\/uploads\\\/2024\\\/03\\\/DJI_0038-8K-fuondi.jpg\",\"contentUrl\":\"https:\\\/\\\/www.visitamalfi.info\\\/wp-content\\\/uploads\\\/2024\\\/03\\\/DJI_0038-8K-fuondi.jpg\",\"width\":1920,\"height\":1440,\"caption\":\"Amalfi_Pogerola_Chiesa della Madonna dei Fuondi\"},{\"@type\":\"BreadcrumbList\",\"@id\":\"https:\\\/\\\/www.visitamalfi.info\\\/fr\\\/amalfi-en-hiver-pourquoi-la-periode-la-plus-calme-de-lannee-est-la-meilleure-pour-la-decouvrir\\\/#breadcrumb\",\"itemListElement\":[{\"@type\":\"ListItem\",\"position\":1,\"name\":\"Home\",\"item\":\"https:\\\/\\\/www.visitamalfi.info\\\/fr\\\/\"},{\"@type\":\"ListItem\",\"position\":2,\"name\":\"Amalfi en hiver : pourquoi la p\u00e9riode la plus calme de l&#8217;ann\u00e9e est la meilleure pour la d\u00e9couvrir\"}]},{\"@type\":\"WebSite\",\"@id\":\"https:\\\/\\\/www.visitamalfi.info\\\/fr\\\/#website\",\"url\":\"https:\\\/\\\/www.visitamalfi.info\\\/fr\\\/\",\"name\":\"Visit Amalfi\",\"description\":\"Amalfi Destination Official Website\",\"publisher\":{\"@id\":\"https:\\\/\\\/www.visitamalfi.info\\\/fr\\\/#organization\"},\"potentialAction\":[{\"@type\":\"SearchAction\",\"target\":{\"@type\":\"EntryPoint\",\"urlTemplate\":\"https:\\\/\\\/www.visitamalfi.info\\\/fr\\\/?s={search_term_string}\"},\"query-input\":{\"@type\":\"PropertyValueSpecification\",\"valueRequired\":true,\"valueName\":\"search_term_string\"}}],\"inLanguage\":\"fr-FR\"},{\"@type\":\"Organization\",\"@id\":\"https:\\\/\\\/www.visitamalfi.info\\\/fr\\\/#organization\",\"name\":\"Visit Amalfi\",\"url\":\"https:\\\/\\\/www.visitamalfi.info\\\/fr\\\/\",\"logo\":{\"@type\":\"ImageObject\",\"inLanguage\":\"fr-FR\",\"@id\":\"https:\\\/\\\/www.visitamalfi.info\\\/fr\\\/#\\\/schema\\\/logo\\\/image\\\/\",\"url\":\"https:\\\/\\\/www.visitamalfi.info\\\/wp-content\\\/uploads\\\/2023\\\/04\\\/visit-amalfi-logo-web.png\",\"contentUrl\":\"https:\\\/\\\/www.visitamalfi.info\\\/wp-content\\\/uploads\\\/2023\\\/04\\\/visit-amalfi-logo-web.png\",\"width\":800,\"height\":870,\"caption\":\"Visit Amalfi\"},\"image\":{\"@id\":\"https:\\\/\\\/www.visitamalfi.info\\\/fr\\\/#\\\/schema\\\/logo\\\/image\\\/\"},\"sameAs\":[\"https:\\\/\\\/www.facebook.com\\\/visitamalfiofficial\",\"https:\\\/\\\/www.instagram.com\\\/visitamalfiofficial\\\/\"]},{\"@type\":\"Person\",\"@id\":\"https:\\\/\\\/www.visitamalfi.info\\\/fr\\\/#\\\/schema\\\/person\\\/0c7584af846d5d2da6c69f7e68f3af96\",\"name\":\"Federica Dumont\",\"image\":{\"@type\":\"ImageObject\",\"inLanguage\":\"fr-FR\",\"@id\":\"https:\\\/\\\/secure.gravatar.com\\\/avatar\\\/0803dab414b6c6f1fd2399680f587870a020419b6ebe9d36dd75df06a6a68060?s=96&d=mm&r=g\",\"url\":\"https:\\\/\\\/secure.gravatar.com\\\/avatar\\\/0803dab414b6c6f1fd2399680f587870a020419b6ebe9d36dd75df06a6a68060?s=96&d=mm&r=g\",\"contentUrl\":\"https:\\\/\\\/secure.gravatar.com\\\/avatar\\\/0803dab414b6c6f1fd2399680f587870a020419b6ebe9d36dd75df06a6a68060?s=96&d=mm&r=g\",\"caption\":\"Federica Dumont\"},\"url\":\"https:\\\/\\\/www.visitamalfi.info\\\/fr\\\/author\\\/federica\\\/\"}]}<\/script>\n<!-- \/ Yoast SEO plugin. -->","yoast_head_json":{"title":"Amalfi en hiver : pourquoi la p\u00e9riode la plus calme de l'ann\u00e9e est la meilleure pour la d\u00e9couvrir - Visit Amalfi","robots":{"index":"index","follow":"follow","max-snippet":"max-snippet:-1","max-image-preview":"max-image-preview:large","max-video-preview":"max-video-preview:-1"},"canonical":"https:\/\/www.visitamalfi.info\/fr\/amalfi-en-hiver-pourquoi-la-periode-la-plus-calme-de-lannee-est-la-meilleure-pour-la-decouvrir\/","og_locale":"fr_FR","og_type":"article","og_title":"Amalfi en hiver : pourquoi la p\u00e9riode la plus calme de l'ann\u00e9e est la meilleure pour la d\u00e9couvrir - Visit Amalfi","og_description":"Quand on pense \u00e0 Amalfi, on pense imm\u00e9diatement \u00e0 l&#8217;\u00e9t\u00e9 : le soleil, la mer, les bateaux dans le port, les plages&#8230;Pourtant, c&#8217;est pr\u00e9cis\u00e9ment en hiver que la ville r\u00e9v\u00e8le [&hellip;]","og_url":"https:\/\/www.visitamalfi.info\/fr\/amalfi-en-hiver-pourquoi-la-periode-la-plus-calme-de-lannee-est-la-meilleure-pour-la-decouvrir\/","og_site_name":"Visit Amalfi","article_publisher":"https:\/\/www.facebook.com\/visitamalfiofficial","article_published_time":"2025-11-25T09:56:26+00:00","og_image":[{"width":1920,"height":1440,"url":"https:\/\/www.visitamalfi.info\/wp-content\/uploads\/2024\/03\/DJI_0038-8K-fuondi.jpg","type":"image\/jpeg"}],"author":"Federica Dumont","twitter_card":"summary_large_image","twitter_misc":{"\u00c9crit par":"Federica Dumont","Dur\u00e9e de lecture estim\u00e9e":"2 minutes"},"schema":{"@context":"https:\/\/schema.org","@graph":[{"@type":"Article","@id":"https:\/\/www.visitamalfi.info\/fr\/amalfi-en-hiver-pourquoi-la-periode-la-plus-calme-de-lannee-est-la-meilleure-pour-la-decouvrir\/#article","isPartOf":{"@id":"https:\/\/www.visitamalfi.info\/fr\/amalfi-en-hiver-pourquoi-la-periode-la-plus-calme-de-lannee-est-la-meilleure-pour-la-decouvrir\/"},"author":{"name":"Federica Dumont","@id":"https:\/\/www.visitamalfi.info\/fr\/#\/schema\/person\/0c7584af846d5d2da6c69f7e68f3af96"},"headline":"Amalfi en hiver : pourquoi la p\u00e9riode la plus calme de l&#8217;ann\u00e9e est la meilleure pour la d\u00e9couvrir","datePublished":"2025-11-25T09:56:26+00:00","mainEntityOfPage":{"@id":"https:\/\/www.visitamalfi.info\/fr\/amalfi-en-hiver-pourquoi-la-periode-la-plus-calme-de-lannee-est-la-meilleure-pour-la-decouvrir\/"},"wordCount":512,"commentCount":0,"publisher":{"@id":"https:\/\/www.visitamalfi.info\/fr\/#organization"},"image":{"@id":"https:\/\/www.visitamalfi.info\/fr\/amalfi-en-hiver-pourquoi-la-periode-la-plus-calme-de-lannee-est-la-meilleure-pour-la-decouvrir\/#primaryimage"},"thumbnailUrl":"https:\/\/www.visitamalfi.info\/wp-content\/uploads\/2024\/03\/DJI_0038-8K-fuondi.jpg","keywords":["\u00c0 la une","Amalfi en hiver","conseils de voyage"],"articleSection":["Consigli di viaggio","Eventi","tradition"],"inLanguage":"fr-FR","potentialAction":[{"@type":"CommentAction","name":"Comment","target":["https:\/\/www.visitamalfi.info\/fr\/amalfi-en-hiver-pourquoi-la-periode-la-plus-calme-de-lannee-est-la-meilleure-pour-la-decouvrir\/#respond"]}]},{"@type":"WebPage","@id":"https:\/\/www.visitamalfi.info\/fr\/amalfi-en-hiver-pourquoi-la-periode-la-plus-calme-de-lannee-est-la-meilleure-pour-la-decouvrir\/","url":"https:\/\/www.visitamalfi.info\/fr\/amalfi-en-hiver-pourquoi-la-periode-la-plus-calme-de-lannee-est-la-meilleure-pour-la-decouvrir\/","name":"Amalfi en hiver : pourquoi la p\u00e9riode la plus calme de l'ann\u00e9e est la meilleure pour la d\u00e9couvrir - Visit Amalfi","isPartOf":{"@id":"https:\/\/www.visitamalfi.info\/fr\/#website"},"primaryImageOfPage":{"@id":"https:\/\/www.visitamalfi.info\/fr\/amalfi-en-hiver-pourquoi-la-periode-la-plus-calme-de-lannee-est-la-meilleure-pour-la-decouvrir\/#primaryimage"},"image":{"@id":"https:\/\/www.visitamalfi.info\/fr\/amalfi-en-hiver-pourquoi-la-periode-la-plus-calme-de-lannee-est-la-meilleure-pour-la-decouvrir\/#primaryimage"},"thumbnailUrl":"https:\/\/www.visitamalfi.info\/wp-content\/uploads\/2024\/03\/DJI_0038-8K-fuondi.jpg","datePublished":"2025-11-25T09:56:26+00:00","breadcrumb":{"@id":"https:\/\/www.visitamalfi.info\/fr\/amalfi-en-hiver-pourquoi-la-periode-la-plus-calme-de-lannee-est-la-meilleure-pour-la-decouvrir\/#breadcrumb"},"inLanguage":"fr-FR","potentialAction":[{"@type":"ReadAction","target":["https:\/\/www.visitamalfi.info\/fr\/amalfi-en-hiver-pourquoi-la-periode-la-plus-calme-de-lannee-est-la-meilleure-pour-la-decouvrir\/"]}]},{"@type":"ImageObject","inLanguage":"fr-FR","@id":"https:\/\/www.visitamalfi.info\/fr\/amalfi-en-hiver-pourquoi-la-periode-la-plus-calme-de-lannee-est-la-meilleure-pour-la-decouvrir\/#primaryimage","url":"https:\/\/www.visitamalfi.info\/wp-content\/uploads\/2024\/03\/DJI_0038-8K-fuondi.jpg","contentUrl":"https:\/\/www.visitamalfi.info\/wp-content\/uploads\/2024\/03\/DJI_0038-8K-fuondi.jpg","width":1920,"height":1440,"caption":"Amalfi_Pogerola_Chiesa della Madonna dei Fuondi"},{"@type":"BreadcrumbList","@id":"https:\/\/www.visitamalfi.info\/fr\/amalfi-en-hiver-pourquoi-la-periode-la-plus-calme-de-lannee-est-la-meilleure-pour-la-decouvrir\/#breadcrumb","itemListElement":[{"@type":"ListItem","position":1,"name":"Home","item":"https:\/\/www.visitamalfi.info\/fr\/"},{"@type":"ListItem","position":2,"name":"Amalfi en hiver : pourquoi la p\u00e9riode la plus calme de l&#8217;ann\u00e9e est la meilleure pour la d\u00e9couvrir"}]},{"@type":"WebSite","@id":"https:\/\/www.visitamalfi.info\/fr\/#website","url":"https:\/\/www.visitamalfi.info\/fr\/","name":"Visit Amalfi","description":"Amalfi Destination Official Website","publisher":{"@id":"https:\/\/www.visitamalfi.info\/fr\/#organization"},"potentialAction":[{"@type":"SearchAction","target":{"@type":"EntryPoint","urlTemplate":"https:\/\/www.visitamalfi.info\/fr\/?s={search_term_string}"},"query-input":{"@type":"PropertyValueSpecification","valueRequired":true,"valueName":"search_term_string"}}],"inLanguage":"fr-FR"},{"@type":"Organization","@id":"https:\/\/www.visitamalfi.info\/fr\/#organization","name":"Visit Amalfi","url":"https:\/\/www.visitamalfi.info\/fr\/","logo":{"@type":"ImageObject","inLanguage":"fr-FR","@id":"https:\/\/www.visitamalfi.info\/fr\/#\/schema\/logo\/image\/","url":"https:\/\/www.visitamalfi.info\/wp-content\/uploads\/2023\/04\/visit-amalfi-logo-web.png","contentUrl":"https:\/\/www.visitamalfi.info\/wp-content\/uploads\/2023\/04\/visit-amalfi-logo-web.png","width":800,"height":870,"caption":"Visit Amalfi"},"image":{"@id":"https:\/\/www.visitamalfi.info\/fr\/#\/schema\/logo\/image\/"},"sameAs":["https:\/\/www.facebook.com\/visitamalfiofficial","https:\/\/www.instagram.com\/visitamalfiofficial\/"]},{"@type":"Person","@id":"https:\/\/www.visitamalfi.info\/fr\/#\/schema\/person\/0c7584af846d5d2da6c69f7e68f3af96","name":"Federica Dumont","image":{"@type":"ImageObject","inLanguage":"fr-FR","@id":"https:\/\/secure.gravatar.com\/avatar\/0803dab414b6c6f1fd2399680f587870a020419b6ebe9d36dd75df06a6a68060?s=96&d=mm&r=g","url":"https:\/\/secure.gravatar.com\/avatar\/0803dab414b6c6f1fd2399680f587870a020419b6ebe9d36dd75df06a6a68060?s=96&d=mm&r=g","contentUrl":"https:\/\/secure.gravatar.com\/avatar\/0803dab414b6c6f1fd2399680f587870a020419b6ebe9d36dd75df06a6a68060?s=96&d=mm&r=g","caption":"Federica Dumont"},"url":"https:\/\/www.visitamalfi.info\/fr\/author\/federica\/"}]}},"_links":{"self":[{"href":"https:\/\/www.visitamalfi.info\/fr\/wp-json\/wp\/v2\/posts\/23261","targetHints":{"allow":["GET"]}}],"collection":[{"href":"https:\/\/www.visitamalfi.info\/fr\/wp-json\/wp\/v2\/posts"}],"about":[{"href":"https:\/\/www.visitamalfi.info\/fr\/wp-json\/wp\/v2\/types\/post"}],"author":[{"embeddable":true,"href":"https:\/\/www.visitamalfi.info\/fr\/wp-json\/wp\/v2\/users\/7"}],"replies":[{"embeddable":true,"href":"https:\/\/www.visitamalfi.info\/fr\/wp-json\/wp\/v2\/comments?post=23261"}],"version-history":[{"count":0,"href":"https:\/\/www.visitamalfi.info\/fr\/wp-json\/wp\/v2\/posts\/23261\/revisions"}],"wp:featuredmedia":[{"embeddable":true,"href":"https:\/\/www.visitamalfi.info\/fr\/wp-json\/wp\/v2\/media\/15829"}],"wp:attachment":[{"href":"https:\/\/www.visitamalfi.info\/fr\/wp-json\/wp\/v2\/media?parent=23261"}],"wp:term":[{"taxonomy":"category","embeddable":true,"href":"https:\/\/www.visitamalfi.info\/fr\/wp-json\/wp\/v2\/categories?post=23261"},{"taxonomy":"post_tag","embeddable":true,"href":"https:\/\/www.visitamalfi.info\/fr\/wp-json\/wp\/v2\/tags?post=23261"}],"curies":[{"name":"wp","href":"https:\/\/api.w.org\/{rel}","templated":true}]}}