{"id":23126,"date":"2025-11-17T10:28:33","date_gmt":"2025-11-17T09:28:33","guid":{"rendered":"https:\/\/www.visitamalfi.info\/la-fete-de-saint-andre-a-amalfi-levenement-qui-enchante-entre-mer-foi-et-tradition\/"},"modified":"2025-11-17T10:28:33","modified_gmt":"2025-11-17T09:28:33","slug":"la-fete-de-saint-andre-a-amalfi-levenement-qui-enchante-entre-mer-foi-et-tradition","status":"publish","type":"post","link":"https:\/\/www.visitamalfi.info\/fr\/la-fete-de-saint-andre-a-amalfi-levenement-qui-enchante-entre-mer-foi-et-tradition\/","title":{"rendered":"La f\u00eate de Saint-Andr\u00e9 \u00e0 Amalfi : l&#8217;\u00e9v\u00e9nement qui enchante entre mer, foi et tradition"},"content":{"rendered":"<p data-start=\"261\" data-end=\"657\">S&#8217;il est un \u00e9v\u00e9nement capable de raconter l&#8217;\u00e2me profonde d&#8217;Amalfi, c&#8217;est sans aucun doute la <strong data-start=\"356\" data-end=\"380\">f\u00eate de Saint-Andr\u00e9<\/strong>, une c\u00e9l\u00e9bration qui allie spiritualit\u00e9, histoire, folklore et grande \u00e9motion. Deux fois par an, <strong data-start=\"479\" data-end=\"495\">le 27 juin<\/strong> et le <strong data-start=\"498\" data-end=\"516\">30 novembre<\/strong>, la ville s&#8217;illumine de festivit\u00e9s pour rendre hommage \u00e0 son saint patron, Saint-Andr\u00e9 l&#8217;Ap\u00f4tre, gardien et symbole de la communaut\u00e9 amalfitaine.<\/p>\n<h3 data-start=\"659\" data-end=\"702\"><strong data-start=\"663\" data-end=\"702\">D\u00e9votion \u00e0 Saint-Andr\u00e9<\/strong><\/h3>\n<p data-start=\"704\" data-end=\"1046\"><img fetchpriority=\"high\" decoding=\"async\" class=\"size-medium wp-image-5151 alignright\" src=\"https:\/\/www.visitamalfi.info\/wp-content\/uploads\/2023\/07\/08-Cattedrale-300x200.jpg\" alt=\"\" width=\"300\" height=\"200\" srcset=\"https:\/\/www.visitamalfi.info\/wp-content\/uploads\/2023\/07\/08-Cattedrale-300x200.jpg 300w, https:\/\/www.visitamalfi.info\/wp-content\/uploads\/2023\/07\/08-Cattedrale-1024x683.jpg 1024w, https:\/\/www.visitamalfi.info\/wp-content\/uploads\/2023\/07\/08-Cattedrale-768x512.jpg 768w, https:\/\/www.visitamalfi.info\/wp-content\/uploads\/2023\/07\/08-Cattedrale-1536x1024.jpg 1536w, https:\/\/www.visitamalfi.info\/wp-content\/uploads\/2023\/07\/08-Cattedrale-870x580.jpg 870w, https:\/\/www.visitamalfi.info\/wp-content\/uploads\/2023\/07\/08-Cattedrale-615x410.jpg 615w, https:\/\/www.visitamalfi.info\/wp-content\/uploads\/2023\/07\/08-Cattedrale-1240x825.jpg 1240w, https:\/\/www.visitamalfi.info\/wp-content\/uploads\/2023\/07\/08-Cattedrale.jpg 1920w\" sizes=\"(max-width: 300px) 100vw, 300px\" \/>La d\u00e9votion \u00e0 Saint-Andr\u00e9 \u00e0 Amalfi remonte \u00e0 <strong data-start=\"767\" data-end=\"775\">1208<\/strong>, lorsque les reliques de l&#8217;ap\u00f4tre sont arriv\u00e9es dans la ville en provenance de la lointaine Constantinople. Depuis lors, Amalfi est devenue l&#8217;une des plus importantes destinations spirituelles d\u00e9di\u00e9es au saint p\u00eacheur et, aujourd&#8217;hui encore, la tradition se renouvelle avec la m\u00eame intensit\u00e9 et la m\u00eame participation.<\/p>\n<p data-start=\"1048\" data-end=\"1106\">Les c\u00e9l\u00e9brations sont deux et profond\u00e9ment diff\u00e9rentes :<\/p>\n<ul data-start=\"1108\" data-end=\"1425\">\n<li data-start=\"1108\" data-end=\"1267\">\n<p data-start=\"1110\" data-end=\"1267\"><strong data-start=\"1110\" data-end=\"1126\">Le 27 juin<\/strong>, un festival d&#8217;\u00e9t\u00e9 anim\u00e9 et pittoresque, n\u00e9 du miracle de <strong data-start=\"1190\" data-end=\"1198\">1544<\/strong>, lorsque Saint-Andr\u00e9 aurait sauv\u00e9 Amalfi d&#8217;un assaut de pirates.<\/p>\n<\/li>\n<li data-start=\"1268\" data-end=\"1425\">\n<p data-start=\"1270\" data-end=\"1425\">Le <strong data-start=\"1270\" data-end=\"1288\">30 novembre<\/strong>, l&#8217;anniversaire liturgique le plus intime et le plus spirituel, d\u00e9di\u00e9 au souvenir, \u00e0 la pri\u00e8re et \u00e0 la forte identit\u00e9 religieuse de la communaut\u00e9.<\/p>\n<\/li>\n<\/ul>\n<h3 data-start=\"1427\" data-end=\"1482\"><strong data-start=\"1431\" data-end=\"1482\">Le c\u0153ur de la c\u00e9l\u00e9bration : la cath\u00e9drale d&#8217;Amalfi<\/strong><\/h3>\n<p data-start=\"1484\" data-end=\"1825\"><img decoding=\"async\" class=\"size-medium wp-image-1833 alignleft\" src=\"https:\/\/www.visitamalfi.info\/wp-content\/uploads\/2023\/05\/cattedrale-di-santandrea-amalfi-300x200.jpg\" alt=\"\" width=\"300\" height=\"200\" srcset=\"https:\/\/www.visitamalfi.info\/wp-content\/uploads\/2023\/05\/cattedrale-di-santandrea-amalfi-300x200.jpg 300w, https:\/\/www.visitamalfi.info\/wp-content\/uploads\/2023\/05\/cattedrale-di-santandrea-amalfi-1024x683.jpg 1024w, https:\/\/www.visitamalfi.info\/wp-content\/uploads\/2023\/05\/cattedrale-di-santandrea-amalfi-768x512.jpg 768w, https:\/\/www.visitamalfi.info\/wp-content\/uploads\/2023\/05\/cattedrale-di-santandrea-amalfi-1536x1024.jpg 1536w, https:\/\/www.visitamalfi.info\/wp-content\/uploads\/2023\/05\/cattedrale-di-santandrea-amalfi-870x580.jpg 870w, https:\/\/www.visitamalfi.info\/wp-content\/uploads\/2023\/05\/cattedrale-di-santandrea-amalfi-615x410.jpg 615w, https:\/\/www.visitamalfi.info\/wp-content\/uploads\/2023\/05\/cattedrale-di-santandrea-amalfi-1240x825.jpg 1240w, https:\/\/www.visitamalfi.info\/wp-content\/uploads\/2023\/05\/cattedrale-di-santandrea-amalfi.jpg 1920w\" sizes=\"(max-width: 300px) 100vw, 300px\" \/>L&#8217;\u00e9v\u00e9nement s&#8217;articule autour de la majestueuse <strong data-start=\"1519\" data-end=\"1538\">cath\u00e9drale d&#8217;Amalfi<\/strong>, l&#8217;un des \u00e9difices sacr\u00e9s les plus embl\u00e9matiques du sud de l&#8217;Italie, d\u00e9di\u00e9 \u00e0 Saint-Andr\u00e9. C&#8217;est l\u00e0 que se d\u00e9roule la <strong data-start=\"1644\" data-end=\"1661\">messe solennelle<\/strong>, en pr\u00e9sence des autorit\u00e9s et des fid\u00e8les, suivie de l&#8217;un des moments les plus \u00e9vocateurs : la <strong data-start=\"1745\" data-end=\"1783\">procession de la statue du saint<\/strong>, port\u00e9e sur les \u00e9paules \u00e0 travers les rues de la ville.<\/p>\n<p data-start=\"1827\" data-end=\"2004\">Entre chants, odeurs d&#8217;encens, applaudissements et \u00e9motion, toute la communaut\u00e9 accompagne son patron, partageant un rite \u00e0 la fois religieux, identitaire et populaire.<\/p>\n<h3 data-start=\"2006\" data-end=\"2054\"><strong data-start=\"2010\" data-end=\"2054\">L&#8217;acte symbolique : monter les marches en courant<\/strong><\/h3>\n<p data-start=\"2056\" data-end=\"2349\">L&#8217;un des moments les plus attendus &#8211; et les plus excitants &#8211; est la <strong data-start=\"2110\" data-end=\"2188\">descente de la statue de Saint-Andr\u00e9 sur les marches monumentales de la cath\u00e9drale<\/strong>. Un geste fort, spectaculaire et significatif : il ne s&#8217;agit pas d&#8217;un simple folklore, mais d&#8217;un acte de foi, d&#8217;une preuve de d\u00e9vouement et d&#8217;un symbole de protection pour Amalfi.<\/p>\n<p data-start=\"2351\" data-end=\"2444\">\u00c0 chaque fois, la foule retient son souffle&#8230; avant d&#8217;\u00e9clater en applaudissements nourris.<img decoding=\"async\" class=\"size-medium wp-image-19942 alignright\" src=\"https:\/\/www.visitamalfi.info\/wp-content\/uploads\/2024\/09\/DSC03296-300x200.jpg\" alt=\"\" width=\"300\" height=\"200\" srcset=\"https:\/\/www.visitamalfi.info\/wp-content\/uploads\/2024\/09\/DSC03296-300x200.jpg 300w, https:\/\/www.visitamalfi.info\/wp-content\/uploads\/2024\/09\/DSC03296-1024x683.jpg 1024w, https:\/\/www.visitamalfi.info\/wp-content\/uploads\/2024\/09\/DSC03296-768x512.jpg 768w, https:\/\/www.visitamalfi.info\/wp-content\/uploads\/2024\/09\/DSC03296-1536x1024.jpg 1536w, https:\/\/www.visitamalfi.info\/wp-content\/uploads\/2024\/09\/DSC03296-870x580.jpg 870w, https:\/\/www.visitamalfi.info\/wp-content\/uploads\/2024\/09\/DSC03296-615x410.jpg 615w, https:\/\/www.visitamalfi.info\/wp-content\/uploads\/2024\/09\/DSC03296-1240x825.jpg 1240w, https:\/\/www.visitamalfi.info\/wp-content\/uploads\/2024\/09\/DSC03296.jpg 1920w\" sizes=\"(max-width: 300px) 100vw, 300px\" \/><\/p>\n<h3 data-start=\"2446\" data-end=\"2500\"><strong data-start=\"2450\" data-end=\"2500\">Une c\u00e9l\u00e9bration embrassant la mer, le ciel et la communaut\u00e9<\/strong><\/h3>\n<p data-start=\"2502\" data-end=\"2833\">La f\u00eate se poursuit sur fond de musique, de tradition et de magie : les orchestres sillonnent les rues et les <strong data-start=\"2664\" data-end=\"2686\">feux d&#8217;artifice<\/strong> transforment le ciel en un tableau unique. C&#8217;est l&#8217;un des moments les plus po\u00e9tiques et les plus photographi\u00e9s de l&#8217;ann\u00e9e : la c\u00e9l\u00e9bration d&#8217;Amalfi se refl\u00e9tant dans sa mer.<\/p>\n<h3 data-start=\"2835\" data-end=\"2884\"><strong data-start=\"2839\" data-end=\"2884\">Plus qu&#8217;une f\u00eate : une exp\u00e9rience \u00e0 vivre<\/strong><\/h3>\n<p data-start=\"2886\" data-end=\"3229\">Participer au Festival de Saint-Andr\u00e9, c&#8217;est renouer avec la v\u00e9ritable identit\u00e9 de la ville, faite de foi, d&#8217;histoire maritime, de l\u00e9gendes, d&#8217;\u00e9motions et de fiert\u00e9 culturelle. Que vous soyez croyant, voyageur curieux ou simple amateur de traditions locales, c&#8217;est une f\u00eate qui parle au c\u0153ur de chacun.<\/p>\n<p data-start=\"3236\" data-end=\"3415\">Il ne s&#8217;agit pas seulement d&#8217;un \u00e9v\u00e9nement \u00e0 voir, mais d&#8217;une histoire \u00e0 entendre&#8230; et \u00e0 emporter avec soi.<\/p>\n<p data-start=\"3417\" data-end=\"3505\"><strong data-start=\"3417\" data-end=\"3439\">Amalfi vous attend.<\/strong><br data-start=\"3439\" data-end=\"3442\">Avec toute sa lumi\u00e8re.<br data-start=\"3464\" data-end=\"3467\">Et c&#8217;est la mer qui raconte des miracles.<\/p>\n","protected":false},"excerpt":{"rendered":"<p>S&#8217;il est un \u00e9v\u00e9nement capable de raconter l&#8217;\u00e2me profonde d&#8217;Amalfi, c&#8217;est sans aucun doute la f\u00eate de Saint-Andr\u00e9, une c\u00e9l\u00e9bration qui allie spiritualit\u00e9, histoire, folklore et grande \u00e9motion. Deux fois [&hellip;]<\/p>\n","protected":false},"author":7,"featured_media":5169,"comment_status":"open","ping_status":"closed","sticky":false,"template":"","format":"standard","meta":{"inline_featured_image":false,"footnotes":""},"categories":[891,810,812],"tags":[1960],"class_list":["post-23126","post","type-post","status-publish","format-standard","has-post-thumbnail","hentry","category-consigli-di-viaggio","category-eventi-fr","category-tradition","tag-a-la-une"],"yoast_head":"<!-- This site is optimized with the Yoast SEO plugin v27.3 - https:\/\/yoast.com\/product\/yoast-seo-wordpress\/ -->\n<title>La f\u00eate de Saint-Andr\u00e9 \u00e0 Amalfi : l&#039;\u00e9v\u00e9nement qui enchante entre mer, foi et tradition - Visit Amalfi<\/title>\n<meta name=\"robots\" content=\"index, follow, max-snippet:-1, max-image-preview:large, max-video-preview:-1\" \/>\n<link rel=\"canonical\" href=\"https:\/\/www.visitamalfi.info\/fr\/la-fete-de-saint-andre-a-amalfi-levenement-qui-enchante-entre-mer-foi-et-tradition\/\" \/>\n<meta property=\"og:locale\" content=\"fr_FR\" \/>\n<meta property=\"og:type\" content=\"article\" \/>\n<meta property=\"og:title\" content=\"La f\u00eate de Saint-Andr\u00e9 \u00e0 Amalfi : l&#039;\u00e9v\u00e9nement qui enchante entre mer, foi et tradition - Visit Amalfi\" \/>\n<meta property=\"og:description\" content=\"S&#8217;il est un \u00e9v\u00e9nement capable de raconter l&#8217;\u00e2me profonde d&#8217;Amalfi, c&#8217;est sans aucun doute la f\u00eate de Saint-Andr\u00e9, une c\u00e9l\u00e9bration qui allie spiritualit\u00e9, histoire, folklore et grande \u00e9motion. Deux fois [&hellip;]\" \/>\n<meta property=\"og:url\" content=\"https:\/\/www.visitamalfi.info\/fr\/la-fete-de-saint-andre-a-amalfi-levenement-qui-enchante-entre-mer-foi-et-tradition\/\" \/>\n<meta property=\"og:site_name\" content=\"Visit Amalfi\" \/>\n<meta property=\"article:publisher\" content=\"https:\/\/www.facebook.com\/visitamalfiofficial\" \/>\n<meta property=\"article:published_time\" content=\"2025-11-17T09:28:33+00:00\" \/>\n<meta property=\"og:image\" content=\"https:\/\/www.visitamalfi.info\/wp-content\/uploads\/2023\/07\/38-Cattedrale-di-SantAndrea.jpg\" \/>\n\t<meta property=\"og:image:width\" content=\"1920\" \/>\n\t<meta property=\"og:image:height\" content=\"1280\" \/>\n\t<meta property=\"og:image:type\" content=\"image\/jpeg\" \/>\n<meta name=\"author\" content=\"Federica Dumont\" \/>\n<meta name=\"twitter:card\" content=\"summary_large_image\" \/>\n<meta name=\"twitter:label1\" content=\"\u00c9crit par\" \/>\n\t<meta name=\"twitter:data1\" content=\"Federica Dumont\" \/>\n\t<meta name=\"twitter:label2\" content=\"Dur\u00e9e de lecture estim\u00e9e\" \/>\n\t<meta name=\"twitter:data2\" content=\"3 minutes\" \/>\n<script type=\"application\/ld+json\" class=\"yoast-schema-graph\">{\"@context\":\"https:\\\/\\\/schema.org\",\"@graph\":[{\"@type\":\"Article\",\"@id\":\"https:\\\/\\\/www.visitamalfi.info\\\/fr\\\/la-fete-de-saint-andre-a-amalfi-levenement-qui-enchante-entre-mer-foi-et-tradition\\\/#article\",\"isPartOf\":{\"@id\":\"https:\\\/\\\/www.visitamalfi.info\\\/fr\\\/la-fete-de-saint-andre-a-amalfi-levenement-qui-enchante-entre-mer-foi-et-tradition\\\/\"},\"author\":{\"name\":\"Federica Dumont\",\"@id\":\"https:\\\/\\\/www.visitamalfi.info\\\/fr\\\/#\\\/schema\\\/person\\\/0c7584af846d5d2da6c69f7e68f3af96\"},\"headline\":\"La f\u00eate de Saint-Andr\u00e9 \u00e0 Amalfi : l&#8217;\u00e9v\u00e9nement qui enchante entre mer, foi et tradition\",\"datePublished\":\"2025-11-17T09:28:33+00:00\",\"mainEntityOfPage\":{\"@id\":\"https:\\\/\\\/www.visitamalfi.info\\\/fr\\\/la-fete-de-saint-andre-a-amalfi-levenement-qui-enchante-entre-mer-foi-et-tradition\\\/\"},\"wordCount\":585,\"commentCount\":0,\"publisher\":{\"@id\":\"https:\\\/\\\/www.visitamalfi.info\\\/fr\\\/#organization\"},\"image\":{\"@id\":\"https:\\\/\\\/www.visitamalfi.info\\\/fr\\\/la-fete-de-saint-andre-a-amalfi-levenement-qui-enchante-entre-mer-foi-et-tradition\\\/#primaryimage\"},\"thumbnailUrl\":\"https:\\\/\\\/www.visitamalfi.info\\\/wp-content\\\/uploads\\\/2023\\\/07\\\/38-Cattedrale-di-SantAndrea.jpg\",\"keywords\":[\"\u00c0 la une\"],\"articleSection\":[\"Consigli di viaggio\",\"Eventi\",\"tradition\"],\"inLanguage\":\"fr-FR\",\"potentialAction\":[{\"@type\":\"CommentAction\",\"name\":\"Comment\",\"target\":[\"https:\\\/\\\/www.visitamalfi.info\\\/fr\\\/la-fete-de-saint-andre-a-amalfi-levenement-qui-enchante-entre-mer-foi-et-tradition\\\/#respond\"]}]},{\"@type\":\"WebPage\",\"@id\":\"https:\\\/\\\/www.visitamalfi.info\\\/fr\\\/la-fete-de-saint-andre-a-amalfi-levenement-qui-enchante-entre-mer-foi-et-tradition\\\/\",\"url\":\"https:\\\/\\\/www.visitamalfi.info\\\/fr\\\/la-fete-de-saint-andre-a-amalfi-levenement-qui-enchante-entre-mer-foi-et-tradition\\\/\",\"name\":\"La f\u00eate de Saint-Andr\u00e9 \u00e0 Amalfi : l'\u00e9v\u00e9nement qui enchante entre mer, foi et tradition - Visit Amalfi\",\"isPartOf\":{\"@id\":\"https:\\\/\\\/www.visitamalfi.info\\\/fr\\\/#website\"},\"primaryImageOfPage\":{\"@id\":\"https:\\\/\\\/www.visitamalfi.info\\\/fr\\\/la-fete-de-saint-andre-a-amalfi-levenement-qui-enchante-entre-mer-foi-et-tradition\\\/#primaryimage\"},\"image\":{\"@id\":\"https:\\\/\\\/www.visitamalfi.info\\\/fr\\\/la-fete-de-saint-andre-a-amalfi-levenement-qui-enchante-entre-mer-foi-et-tradition\\\/#primaryimage\"},\"thumbnailUrl\":\"https:\\\/\\\/www.visitamalfi.info\\\/wp-content\\\/uploads\\\/2023\\\/07\\\/38-Cattedrale-di-SantAndrea.jpg\",\"datePublished\":\"2025-11-17T09:28:33+00:00\",\"breadcrumb\":{\"@id\":\"https:\\\/\\\/www.visitamalfi.info\\\/fr\\\/la-fete-de-saint-andre-a-amalfi-levenement-qui-enchante-entre-mer-foi-et-tradition\\\/#breadcrumb\"},\"inLanguage\":\"fr-FR\",\"potentialAction\":[{\"@type\":\"ReadAction\",\"target\":[\"https:\\\/\\\/www.visitamalfi.info\\\/fr\\\/la-fete-de-saint-andre-a-amalfi-levenement-qui-enchante-entre-mer-foi-et-tradition\\\/\"]}]},{\"@type\":\"ImageObject\",\"inLanguage\":\"fr-FR\",\"@id\":\"https:\\\/\\\/www.visitamalfi.info\\\/fr\\\/la-fete-de-saint-andre-a-amalfi-levenement-qui-enchante-entre-mer-foi-et-tradition\\\/#primaryimage\",\"url\":\"https:\\\/\\\/www.visitamalfi.info\\\/wp-content\\\/uploads\\\/2023\\\/07\\\/38-Cattedrale-di-SantAndrea.jpg\",\"contentUrl\":\"https:\\\/\\\/www.visitamalfi.info\\\/wp-content\\\/uploads\\\/2023\\\/07\\\/38-Cattedrale-di-SantAndrea.jpg\",\"width\":1920,\"height\":1280},{\"@type\":\"BreadcrumbList\",\"@id\":\"https:\\\/\\\/www.visitamalfi.info\\\/fr\\\/la-fete-de-saint-andre-a-amalfi-levenement-qui-enchante-entre-mer-foi-et-tradition\\\/#breadcrumb\",\"itemListElement\":[{\"@type\":\"ListItem\",\"position\":1,\"name\":\"Home\",\"item\":\"https:\\\/\\\/www.visitamalfi.info\\\/fr\\\/\"},{\"@type\":\"ListItem\",\"position\":2,\"name\":\"La f\u00eate de Saint-Andr\u00e9 \u00e0 Amalfi : l&#8217;\u00e9v\u00e9nement qui enchante entre mer, foi et tradition\"}]},{\"@type\":\"WebSite\",\"@id\":\"https:\\\/\\\/www.visitamalfi.info\\\/fr\\\/#website\",\"url\":\"https:\\\/\\\/www.visitamalfi.info\\\/fr\\\/\",\"name\":\"Visit Amalfi\",\"description\":\"Amalfi Destination Official Website\",\"publisher\":{\"@id\":\"https:\\\/\\\/www.visitamalfi.info\\\/fr\\\/#organization\"},\"potentialAction\":[{\"@type\":\"SearchAction\",\"target\":{\"@type\":\"EntryPoint\",\"urlTemplate\":\"https:\\\/\\\/www.visitamalfi.info\\\/fr\\\/?s={search_term_string}\"},\"query-input\":{\"@type\":\"PropertyValueSpecification\",\"valueRequired\":true,\"valueName\":\"search_term_string\"}}],\"inLanguage\":\"fr-FR\"},{\"@type\":\"Organization\",\"@id\":\"https:\\\/\\\/www.visitamalfi.info\\\/fr\\\/#organization\",\"name\":\"Visit Amalfi\",\"url\":\"https:\\\/\\\/www.visitamalfi.info\\\/fr\\\/\",\"logo\":{\"@type\":\"ImageObject\",\"inLanguage\":\"fr-FR\",\"@id\":\"https:\\\/\\\/www.visitamalfi.info\\\/fr\\\/#\\\/schema\\\/logo\\\/image\\\/\",\"url\":\"https:\\\/\\\/www.visitamalfi.info\\\/wp-content\\\/uploads\\\/2023\\\/04\\\/visit-amalfi-logo-web.png\",\"contentUrl\":\"https:\\\/\\\/www.visitamalfi.info\\\/wp-content\\\/uploads\\\/2023\\\/04\\\/visit-amalfi-logo-web.png\",\"width\":800,\"height\":870,\"caption\":\"Visit Amalfi\"},\"image\":{\"@id\":\"https:\\\/\\\/www.visitamalfi.info\\\/fr\\\/#\\\/schema\\\/logo\\\/image\\\/\"},\"sameAs\":[\"https:\\\/\\\/www.facebook.com\\\/visitamalfiofficial\",\"https:\\\/\\\/www.instagram.com\\\/visitamalfiofficial\\\/\"]},{\"@type\":\"Person\",\"@id\":\"https:\\\/\\\/www.visitamalfi.info\\\/fr\\\/#\\\/schema\\\/person\\\/0c7584af846d5d2da6c69f7e68f3af96\",\"name\":\"Federica Dumont\",\"image\":{\"@type\":\"ImageObject\",\"inLanguage\":\"fr-FR\",\"@id\":\"https:\\\/\\\/secure.gravatar.com\\\/avatar\\\/0803dab414b6c6f1fd2399680f587870a020419b6ebe9d36dd75df06a6a68060?s=96&d=mm&r=g\",\"url\":\"https:\\\/\\\/secure.gravatar.com\\\/avatar\\\/0803dab414b6c6f1fd2399680f587870a020419b6ebe9d36dd75df06a6a68060?s=96&d=mm&r=g\",\"contentUrl\":\"https:\\\/\\\/secure.gravatar.com\\\/avatar\\\/0803dab414b6c6f1fd2399680f587870a020419b6ebe9d36dd75df06a6a68060?s=96&d=mm&r=g\",\"caption\":\"Federica Dumont\"},\"url\":\"https:\\\/\\\/www.visitamalfi.info\\\/fr\\\/author\\\/federica\\\/\"}]}<\/script>\n<!-- \/ Yoast SEO plugin. -->","yoast_head_json":{"title":"La f\u00eate de Saint-Andr\u00e9 \u00e0 Amalfi : l'\u00e9v\u00e9nement qui enchante entre mer, foi et tradition - Visit Amalfi","robots":{"index":"index","follow":"follow","max-snippet":"max-snippet:-1","max-image-preview":"max-image-preview:large","max-video-preview":"max-video-preview:-1"},"canonical":"https:\/\/www.visitamalfi.info\/fr\/la-fete-de-saint-andre-a-amalfi-levenement-qui-enchante-entre-mer-foi-et-tradition\/","og_locale":"fr_FR","og_type":"article","og_title":"La f\u00eate de Saint-Andr\u00e9 \u00e0 Amalfi : l'\u00e9v\u00e9nement qui enchante entre mer, foi et tradition - Visit Amalfi","og_description":"S&#8217;il est un \u00e9v\u00e9nement capable de raconter l&#8217;\u00e2me profonde d&#8217;Amalfi, c&#8217;est sans aucun doute la f\u00eate de Saint-Andr\u00e9, une c\u00e9l\u00e9bration qui allie spiritualit\u00e9, histoire, folklore et grande \u00e9motion. Deux fois [&hellip;]","og_url":"https:\/\/www.visitamalfi.info\/fr\/la-fete-de-saint-andre-a-amalfi-levenement-qui-enchante-entre-mer-foi-et-tradition\/","og_site_name":"Visit Amalfi","article_publisher":"https:\/\/www.facebook.com\/visitamalfiofficial","article_published_time":"2025-11-17T09:28:33+00:00","og_image":[{"width":1920,"height":1280,"url":"https:\/\/www.visitamalfi.info\/wp-content\/uploads\/2023\/07\/38-Cattedrale-di-SantAndrea.jpg","type":"image\/jpeg"}],"author":"Federica Dumont","twitter_card":"summary_large_image","twitter_misc":{"\u00c9crit par":"Federica Dumont","Dur\u00e9e de lecture estim\u00e9e":"3 minutes"},"schema":{"@context":"https:\/\/schema.org","@graph":[{"@type":"Article","@id":"https:\/\/www.visitamalfi.info\/fr\/la-fete-de-saint-andre-a-amalfi-levenement-qui-enchante-entre-mer-foi-et-tradition\/#article","isPartOf":{"@id":"https:\/\/www.visitamalfi.info\/fr\/la-fete-de-saint-andre-a-amalfi-levenement-qui-enchante-entre-mer-foi-et-tradition\/"},"author":{"name":"Federica Dumont","@id":"https:\/\/www.visitamalfi.info\/fr\/#\/schema\/person\/0c7584af846d5d2da6c69f7e68f3af96"},"headline":"La f\u00eate de Saint-Andr\u00e9 \u00e0 Amalfi : l&#8217;\u00e9v\u00e9nement qui enchante entre mer, foi et tradition","datePublished":"2025-11-17T09:28:33+00:00","mainEntityOfPage":{"@id":"https:\/\/www.visitamalfi.info\/fr\/la-fete-de-saint-andre-a-amalfi-levenement-qui-enchante-entre-mer-foi-et-tradition\/"},"wordCount":585,"commentCount":0,"publisher":{"@id":"https:\/\/www.visitamalfi.info\/fr\/#organization"},"image":{"@id":"https:\/\/www.visitamalfi.info\/fr\/la-fete-de-saint-andre-a-amalfi-levenement-qui-enchante-entre-mer-foi-et-tradition\/#primaryimage"},"thumbnailUrl":"https:\/\/www.visitamalfi.info\/wp-content\/uploads\/2023\/07\/38-Cattedrale-di-SantAndrea.jpg","keywords":["\u00c0 la une"],"articleSection":["Consigli di viaggio","Eventi","tradition"],"inLanguage":"fr-FR","potentialAction":[{"@type":"CommentAction","name":"Comment","target":["https:\/\/www.visitamalfi.info\/fr\/la-fete-de-saint-andre-a-amalfi-levenement-qui-enchante-entre-mer-foi-et-tradition\/#respond"]}]},{"@type":"WebPage","@id":"https:\/\/www.visitamalfi.info\/fr\/la-fete-de-saint-andre-a-amalfi-levenement-qui-enchante-entre-mer-foi-et-tradition\/","url":"https:\/\/www.visitamalfi.info\/fr\/la-fete-de-saint-andre-a-amalfi-levenement-qui-enchante-entre-mer-foi-et-tradition\/","name":"La f\u00eate de Saint-Andr\u00e9 \u00e0 Amalfi : l'\u00e9v\u00e9nement qui enchante entre mer, foi et tradition - Visit Amalfi","isPartOf":{"@id":"https:\/\/www.visitamalfi.info\/fr\/#website"},"primaryImageOfPage":{"@id":"https:\/\/www.visitamalfi.info\/fr\/la-fete-de-saint-andre-a-amalfi-levenement-qui-enchante-entre-mer-foi-et-tradition\/#primaryimage"},"image":{"@id":"https:\/\/www.visitamalfi.info\/fr\/la-fete-de-saint-andre-a-amalfi-levenement-qui-enchante-entre-mer-foi-et-tradition\/#primaryimage"},"thumbnailUrl":"https:\/\/www.visitamalfi.info\/wp-content\/uploads\/2023\/07\/38-Cattedrale-di-SantAndrea.jpg","datePublished":"2025-11-17T09:28:33+00:00","breadcrumb":{"@id":"https:\/\/www.visitamalfi.info\/fr\/la-fete-de-saint-andre-a-amalfi-levenement-qui-enchante-entre-mer-foi-et-tradition\/#breadcrumb"},"inLanguage":"fr-FR","potentialAction":[{"@type":"ReadAction","target":["https:\/\/www.visitamalfi.info\/fr\/la-fete-de-saint-andre-a-amalfi-levenement-qui-enchante-entre-mer-foi-et-tradition\/"]}]},{"@type":"ImageObject","inLanguage":"fr-FR","@id":"https:\/\/www.visitamalfi.info\/fr\/la-fete-de-saint-andre-a-amalfi-levenement-qui-enchante-entre-mer-foi-et-tradition\/#primaryimage","url":"https:\/\/www.visitamalfi.info\/wp-content\/uploads\/2023\/07\/38-Cattedrale-di-SantAndrea.jpg","contentUrl":"https:\/\/www.visitamalfi.info\/wp-content\/uploads\/2023\/07\/38-Cattedrale-di-SantAndrea.jpg","width":1920,"height":1280},{"@type":"BreadcrumbList","@id":"https:\/\/www.visitamalfi.info\/fr\/la-fete-de-saint-andre-a-amalfi-levenement-qui-enchante-entre-mer-foi-et-tradition\/#breadcrumb","itemListElement":[{"@type":"ListItem","position":1,"name":"Home","item":"https:\/\/www.visitamalfi.info\/fr\/"},{"@type":"ListItem","position":2,"name":"La f\u00eate de Saint-Andr\u00e9 \u00e0 Amalfi : l&#8217;\u00e9v\u00e9nement qui enchante entre mer, foi et tradition"}]},{"@type":"WebSite","@id":"https:\/\/www.visitamalfi.info\/fr\/#website","url":"https:\/\/www.visitamalfi.info\/fr\/","name":"Visit Amalfi","description":"Amalfi Destination Official Website","publisher":{"@id":"https:\/\/www.visitamalfi.info\/fr\/#organization"},"potentialAction":[{"@type":"SearchAction","target":{"@type":"EntryPoint","urlTemplate":"https:\/\/www.visitamalfi.info\/fr\/?s={search_term_string}"},"query-input":{"@type":"PropertyValueSpecification","valueRequired":true,"valueName":"search_term_string"}}],"inLanguage":"fr-FR"},{"@type":"Organization","@id":"https:\/\/www.visitamalfi.info\/fr\/#organization","name":"Visit Amalfi","url":"https:\/\/www.visitamalfi.info\/fr\/","logo":{"@type":"ImageObject","inLanguage":"fr-FR","@id":"https:\/\/www.visitamalfi.info\/fr\/#\/schema\/logo\/image\/","url":"https:\/\/www.visitamalfi.info\/wp-content\/uploads\/2023\/04\/visit-amalfi-logo-web.png","contentUrl":"https:\/\/www.visitamalfi.info\/wp-content\/uploads\/2023\/04\/visit-amalfi-logo-web.png","width":800,"height":870,"caption":"Visit Amalfi"},"image":{"@id":"https:\/\/www.visitamalfi.info\/fr\/#\/schema\/logo\/image\/"},"sameAs":["https:\/\/www.facebook.com\/visitamalfiofficial","https:\/\/www.instagram.com\/visitamalfiofficial\/"]},{"@type":"Person","@id":"https:\/\/www.visitamalfi.info\/fr\/#\/schema\/person\/0c7584af846d5d2da6c69f7e68f3af96","name":"Federica Dumont","image":{"@type":"ImageObject","inLanguage":"fr-FR","@id":"https:\/\/secure.gravatar.com\/avatar\/0803dab414b6c6f1fd2399680f587870a020419b6ebe9d36dd75df06a6a68060?s=96&d=mm&r=g","url":"https:\/\/secure.gravatar.com\/avatar\/0803dab414b6c6f1fd2399680f587870a020419b6ebe9d36dd75df06a6a68060?s=96&d=mm&r=g","contentUrl":"https:\/\/secure.gravatar.com\/avatar\/0803dab414b6c6f1fd2399680f587870a020419b6ebe9d36dd75df06a6a68060?s=96&d=mm&r=g","caption":"Federica Dumont"},"url":"https:\/\/www.visitamalfi.info\/fr\/author\/federica\/"}]}},"_links":{"self":[{"href":"https:\/\/www.visitamalfi.info\/fr\/wp-json\/wp\/v2\/posts\/23126","targetHints":{"allow":["GET"]}}],"collection":[{"href":"https:\/\/www.visitamalfi.info\/fr\/wp-json\/wp\/v2\/posts"}],"about":[{"href":"https:\/\/www.visitamalfi.info\/fr\/wp-json\/wp\/v2\/types\/post"}],"author":[{"embeddable":true,"href":"https:\/\/www.visitamalfi.info\/fr\/wp-json\/wp\/v2\/users\/7"}],"replies":[{"embeddable":true,"href":"https:\/\/www.visitamalfi.info\/fr\/wp-json\/wp\/v2\/comments?post=23126"}],"version-history":[{"count":0,"href":"https:\/\/www.visitamalfi.info\/fr\/wp-json\/wp\/v2\/posts\/23126\/revisions"}],"wp:featuredmedia":[{"embeddable":true,"href":"https:\/\/www.visitamalfi.info\/fr\/wp-json\/wp\/v2\/media\/5169"}],"wp:attachment":[{"href":"https:\/\/www.visitamalfi.info\/fr\/wp-json\/wp\/v2\/media?parent=23126"}],"wp:term":[{"taxonomy":"category","embeddable":true,"href":"https:\/\/www.visitamalfi.info\/fr\/wp-json\/wp\/v2\/categories?post=23126"},{"taxonomy":"post_tag","embeddable":true,"href":"https:\/\/www.visitamalfi.info\/fr\/wp-json\/wp\/v2\/tags?post=23126"}],"curies":[{"name":"wp","href":"https:\/\/api.w.org\/{rel}","templated":true}]}}