{"id":23100,"date":"2025-10-20T12:56:00","date_gmt":"2025-10-20T10:56:00","guid":{"rendered":"https:\/\/www.visitamalfi.info\/week-end-de-la-durabilite-2025-a-amalfi-une-mer-une-ville-une-communaute-unies-pour-lenvironnement\/"},"modified":"2025-10-20T13:16:28","modified_gmt":"2025-10-20T11:16:28","slug":"week-end-de-la-durabilite-2025-a-amalfi-une-mer-une-ville-une-communaute-unies-pour-lenvironnement","status":"publish","type":"post","link":"https:\/\/www.visitamalfi.info\/fr\/week-end-de-la-durabilite-2025-a-amalfi-une-mer-une-ville-une-communaute-unies-pour-lenvironnement\/","title":{"rendered":"Week-end de la durabilit\u00e9 2025 \u00e0 Amalfi : une mer, une ville, une communaut\u00e9 unies pour l&#8217;environnement"},"content":{"rendered":"<p>Trois jours pour red\u00e9couvrir la valeur de l&#8217;attention.<br data-start=\"418\" data-end=\"421\">Du centre historique \u00e0 la mer, <em data-start=\"449\" data-end=\"457\">Amalfi<\/em> a v\u00e9cu un week-end de durabilit\u00e9, de partage et de respect du territoire et de l&#8217;environnement.<\/p>\n<h3 data-start=\"569\" data-end=\"598\">Jour 1 &#8211; Journ\u00e9e de nettoyage<\/h3>\n<p data-start=\"599\" data-end=\"996\"><img decoding=\"async\" class=\"wp-image-23060 alignleft\" src=\"https:\/\/www.visitamalfi.info\/wp-content\/uploads\/2025\/10\/20251017_182106-300x169.jpg\" alt=\"\" width=\"264\" height=\"149\" srcset=\"https:\/\/www.visitamalfi.info\/wp-content\/uploads\/2025\/10\/20251017_182106-300x169.jpg 300w, https:\/\/www.visitamalfi.info\/wp-content\/uploads\/2025\/10\/20251017_182106-1024x577.jpg 1024w, https:\/\/www.visitamalfi.info\/wp-content\/uploads\/2025\/10\/20251017_182106-768x432.jpg 768w, https:\/\/www.visitamalfi.info\/wp-content\/uploads\/2025\/10\/20251017_182106-1536x865.jpg 1536w, https:\/\/www.visitamalfi.info\/wp-content\/uploads\/2025\/10\/20251017_182106.jpg 1920w\" sizes=\"(max-width: 264px) 100vw, 264px\" \/>Le premier \u00e9v\u00e9nement a rassembl\u00e9 des volontaires, des citoyens et de jeunes scouts, engag\u00e9s dans le <em data-start=\"700\" data-end=\"714\">Clean Up<\/em> Day : une journ\u00e9e consacr\u00e9e au nettoyage du centre historique d&#8217;Amalfi.<img decoding=\"async\" class=\" wp-image-23065 alignright\" src=\"https:\/\/www.visitamalfi.info\/wp-content\/uploads\/2025\/10\/20251017_181754-300x169.jpg\" alt=\"\" width=\"206\" height=\"116\" srcset=\"https:\/\/www.visitamalfi.info\/wp-content\/uploads\/2025\/10\/20251017_181754-300x169.jpg 300w, https:\/\/www.visitamalfi.info\/wp-content\/uploads\/2025\/10\/20251017_181754-1024x577.jpg 1024w, https:\/\/www.visitamalfi.info\/wp-content\/uploads\/2025\/10\/20251017_181754-768x432.jpg 768w, https:\/\/www.visitamalfi.info\/wp-content\/uploads\/2025\/10\/20251017_181754-1536x865.jpg 1536w, https:\/\/www.visitamalfi.info\/wp-content\/uploads\/2025\/10\/20251017_181754.jpg 1920w\" sizes=\"(max-width: 206px) 100vw, 206px\" \/><br data-start=\"793\" data-end=\"796\">Entre les ruelles, les places et les vues embl\u00e9matiques, des dizaines de personnes ont uni leurs efforts pour restaurer la beaut\u00e9 et le d\u00e9corum de la ville. Un geste simple mais puissant qui a transform\u00e9 l&#8217;amour pour Amalfi en action concr\u00e8te.<\/p>\n<h3 data-start=\"998\" data-end=\"1039\">Jour 2 &#8211; Jeunesse et sensibilisation<\/h3>\n<p><img decoding=\"async\" class=\"wp-image-23070 alignleft\" src=\"https:\/\/www.visitamalfi.info\/wp-content\/uploads\/2025\/10\/DJI_20251018103259_0863_D-300x169.jpg\" alt=\"\" width=\"201\" height=\"113\" srcset=\"https:\/\/www.visitamalfi.info\/wp-content\/uploads\/2025\/10\/DJI_20251018103259_0863_D-300x169.jpg 300w, https:\/\/www.visitamalfi.info\/wp-content\/uploads\/2025\/10\/DJI_20251018103259_0863_D-1024x576.jpg 1024w, https:\/\/www.visitamalfi.info\/wp-content\/uploads\/2025\/10\/DJI_20251018103259_0863_D-768x432.jpg 768w, https:\/\/www.visitamalfi.info\/wp-content\/uploads\/2025\/10\/DJI_20251018103259_0863_D-1536x864.jpg 1536w, https:\/\/www.visitamalfi.info\/wp-content\/uploads\/2025\/10\/DJI_20251018103259_0863_D.jpg 1920w\" sizes=\"(max-width: 201px) 100vw, 201px\" \/><\/p>\n<p data-start=\"1040\" data-end=\"1581\">La deuxi\u00e8me journ\u00e9e a r\u00e9uni des lyc\u00e9ens et des experts dans le cadre magnifique de l&#8217;Arsenal.<br data-start=\"1166\" data-end=\"1169\">La journ\u00e9e a d\u00e9but\u00e9 dans l&#8217;ancien Arsenal de la R\u00e9publique, par un moment de r\u00e9flexion et de discussion sur l&#8217;importance des petits choix quotidiens.<\/p>\n<p><img loading=\"lazy\" decoding=\"async\" class=\"wp-image-23075 alignright\" src=\"https:\/\/www.visitamalfi.info\/wp-content\/uploads\/2025\/10\/DJI_20251018104936_0890_D-300x169.jpg\" alt=\"\" width=\"205\" height=\"115\" srcset=\"https:\/\/www.visitamalfi.info\/wp-content\/uploads\/2025\/10\/DJI_20251018104936_0890_D-300x169.jpg 300w, https:\/\/www.visitamalfi.info\/wp-content\/uploads\/2025\/10\/DJI_20251018104936_0890_D-1024x576.jpg 1024w, https:\/\/www.visitamalfi.info\/wp-content\/uploads\/2025\/10\/DJI_20251018104936_0890_D-768x432.jpg 768w, https:\/\/www.visitamalfi.info\/wp-content\/uploads\/2025\/10\/DJI_20251018104936_0890_D-1536x864.jpg 1536w, https:\/\/www.visitamalfi.info\/wp-content\/uploads\/2025\/10\/DJI_20251018104936_0890_D.jpg 1920w\" sizes=\"(max-width: 205px) 100vw, 205px\" \/><\/p>\n<p data-start=\"1040\" data-end=\"1581\"><br data-start=\"1345\" data-end=\"1348\">Puis, tous ensemble, gar\u00e7ons et filles ont particip\u00e9 \u00e0 une nouvelle activit\u00e9 de nettoyage, contribuant avec enthousiasme et sens des responsabilit\u00e9s, tandis que des volontaires de l&#8217;Archeoclub plongeaient pour un premier nettoyage en profondeur.<br data-start=\"1492\" data-end=\"1495\">Un message clair : la durabilit\u00e9 commence avec les jeunes et se d\u00e9veloppe par l&#8217;exemple.<\/p>\n<h3 data-start=\"1583\" data-end=\"1614\">Jour 3 &#8211; Des toiles de fond propres<\/h3>\n<p data-start=\"1615\" data-end=\"1990\"><img loading=\"lazy\" decoding=\"async\" class=\" wp-image-23080 alignleft\" src=\"https:\/\/www.visitamalfi.info\/wp-content\/uploads\/2025\/10\/20251019_115802-300x169.jpg\" alt=\"\" width=\"220\" height=\"124\" srcset=\"https:\/\/www.visitamalfi.info\/wp-content\/uploads\/2025\/10\/20251019_115802-300x169.jpg 300w, https:\/\/www.visitamalfi.info\/wp-content\/uploads\/2025\/10\/20251019_115802-1024x577.jpg 1024w, https:\/\/www.visitamalfi.info\/wp-content\/uploads\/2025\/10\/20251019_115802-768x432.jpg 768w, https:\/\/www.visitamalfi.info\/wp-content\/uploads\/2025\/10\/20251019_115802-1536x865.jpg 1536w, https:\/\/www.visitamalfi.info\/wp-content\/uploads\/2025\/10\/20251019_115802.jpg 1920w\" sizes=\"(max-width: 220px) 100vw, 220px\" \/>Le week-end s&#8217;est achev\u00e9 par l&#8217;initiative <em data-start=\"1657\" data-end=\"1673\">Fondali Puliti (fonds marins propres<\/em>), dans le cadre de laquelle des plongeurs et des b\u00e9n\u00e9voles ont ramass\u00e9 des d\u00e9chets dans la mer d&#8217;Amalfi.<img loading=\"lazy\" decoding=\"async\" class=\" wp-image-23085 alignright\" src=\"https:\/\/www.visitamalfi.info\/wp-content\/uploads\/2025\/10\/20251019_1210350-300x169.jpg\" alt=\"\" width=\"272\" height=\"153\" srcset=\"https:\/\/www.visitamalfi.info\/wp-content\/uploads\/2025\/10\/20251019_1210350-300x169.jpg 300w, https:\/\/www.visitamalfi.info\/wp-content\/uploads\/2025\/10\/20251019_1210350-1024x577.jpg 1024w, https:\/\/www.visitamalfi.info\/wp-content\/uploads\/2025\/10\/20251019_1210350-768x432.jpg 768w, https:\/\/www.visitamalfi.info\/wp-content\/uploads\/2025\/10\/20251019_1210350-1536x865.jpg 1536w, https:\/\/www.visitamalfi.info\/wp-content\/uploads\/2025\/10\/20251019_1210350.jpg 1920w\" sizes=\"(max-width: 272px) 100vw, 272px\" \/><br data-start=\"1802\" data-end=\"1805\">Un geste symbolique et concret pour rendre \u00e0 la mer sa puret\u00e9, pour la remercier de sa beaut\u00e9, pour nous rappeler que la protection de l&#8217;environnement est l&#8217;affaire de tous, chaque jour.<\/p>\n<h3 data-start=\"1992\" data-end=\"2028\">Un week-end qui laisse des traces<\/h3>\n<p data-start=\"2029\" data-end=\"2267\">Trois jours intenses, riches en \u00e9motions et en participation.<br data-start=\"2088\" data-end=\"2091\">Un projet qui unit les g\u00e9n\u00e9rations et raconte une Amalfi de plus en plus attentive \u00e0 la durabilit\u00e9, \u00e0 la collaboration et au respect de son patrimoine naturel et culturel.<\/p>\n<p data-start=\"2269\" data-end=\"2366\">Parce que l&#8217;avenir d&#8217;Amalfi &#8211; et de tous les lieux que nous aimons &#8211; d\u00e9pend aussi des gestes d&#8217;aujourd&#8217;hui.<\/p>\n","protected":false},"excerpt":{"rendered":"<p>Trois jours pour red\u00e9couvrir la valeur de l&#8217;attention.Du centre historique \u00e0 la mer, Amalfi a v\u00e9cu un week-end de durabilit\u00e9, de partage et de respect du territoire et de l&#8217;environnement. [&hellip;]<\/p>\n","protected":false},"author":7,"featured_media":23094,"comment_status":"open","ping_status":"closed","sticky":false,"template":"","format":"standard","meta":{"inline_featured_image":false,"footnotes":""},"categories":[257],"tags":[],"class_list":["post-23100","post","type-post","status-publish","format-standard","has-post-thumbnail","hentry","category-curiosites"],"yoast_head":"<!-- This site is optimized with the Yoast SEO plugin v27.3 - https:\/\/yoast.com\/product\/yoast-seo-wordpress\/ -->\n<title>Week-end de la durabilit\u00e9 2025 \u00e0 Amalfi : une mer, une ville, une communaut\u00e9 unies pour l&#039;environnement - Visit Amalfi<\/title>\n<meta name=\"robots\" content=\"index, follow, max-snippet:-1, max-image-preview:large, max-video-preview:-1\" \/>\n<link rel=\"canonical\" href=\"https:\/\/www.visitamalfi.info\/fr\/week-end-de-la-durabilite-2025-a-amalfi-une-mer-une-ville-une-communaute-unies-pour-lenvironnement\/\" \/>\n<meta property=\"og:locale\" content=\"fr_FR\" \/>\n<meta property=\"og:type\" content=\"article\" \/>\n<meta property=\"og:title\" content=\"Week-end de la durabilit\u00e9 2025 \u00e0 Amalfi : une mer, une ville, une communaut\u00e9 unies pour l&#039;environnement - Visit Amalfi\" \/>\n<meta property=\"og:description\" content=\"Trois jours pour red\u00e9couvrir la valeur de l&#8217;attention.Du centre historique \u00e0 la mer, Amalfi a v\u00e9cu un week-end de durabilit\u00e9, de partage et de respect du territoire et de l&#8217;environnement. [&hellip;]\" \/>\n<meta property=\"og:url\" content=\"https:\/\/www.visitamalfi.info\/fr\/week-end-de-la-durabilite-2025-a-amalfi-une-mer-une-ville-une-communaute-unies-pour-lenvironnement\/\" \/>\n<meta property=\"og:site_name\" content=\"Visit Amalfi\" \/>\n<meta property=\"article:publisher\" content=\"https:\/\/www.facebook.com\/visitamalfiofficial\" \/>\n<meta property=\"article:published_time\" content=\"2025-10-20T10:56:00+00:00\" \/>\n<meta property=\"article:modified_time\" content=\"2025-10-20T11:16:28+00:00\" \/>\n<meta property=\"og:image\" content=\"https:\/\/www.visitamalfi.info\/wp-content\/uploads\/2025\/10\/20251019_114225.jpg\" \/>\n\t<meta property=\"og:image:width\" content=\"1920\" \/>\n\t<meta property=\"og:image:height\" content=\"1081\" \/>\n\t<meta property=\"og:image:type\" content=\"image\/jpeg\" \/>\n<meta name=\"author\" content=\"Federica Dumont\" \/>\n<meta name=\"twitter:card\" content=\"summary_large_image\" \/>\n<meta name=\"twitter:label1\" content=\"\u00c9crit par\" \/>\n\t<meta name=\"twitter:data1\" content=\"Federica Dumont\" \/>\n\t<meta name=\"twitter:label2\" content=\"Dur\u00e9e de lecture estim\u00e9e\" \/>\n\t<meta name=\"twitter:data2\" content=\"2 minutes\" \/>\n<script type=\"application\/ld+json\" class=\"yoast-schema-graph\">{\"@context\":\"https:\\\/\\\/schema.org\",\"@graph\":[{\"@type\":\"Article\",\"@id\":\"https:\\\/\\\/www.visitamalfi.info\\\/fr\\\/week-end-de-la-durabilite-2025-a-amalfi-une-mer-une-ville-une-communaute-unies-pour-lenvironnement\\\/#article\",\"isPartOf\":{\"@id\":\"https:\\\/\\\/www.visitamalfi.info\\\/fr\\\/week-end-de-la-durabilite-2025-a-amalfi-une-mer-une-ville-une-communaute-unies-pour-lenvironnement\\\/\"},\"author\":{\"name\":\"Federica Dumont\",\"@id\":\"https:\\\/\\\/www.visitamalfi.info\\\/fr\\\/#\\\/schema\\\/person\\\/0c7584af846d5d2da6c69f7e68f3af96\"},\"headline\":\"Week-end de la durabilit\u00e9 2025 \u00e0 Amalfi : une mer, une ville, une communaut\u00e9 unies pour l&#8217;environnement\",\"datePublished\":\"2025-10-20T10:56:00+00:00\",\"dateModified\":\"2025-10-20T11:16:28+00:00\",\"mainEntityOfPage\":{\"@id\":\"https:\\\/\\\/www.visitamalfi.info\\\/fr\\\/week-end-de-la-durabilite-2025-a-amalfi-une-mer-une-ville-une-communaute-unies-pour-lenvironnement\\\/\"},\"wordCount\":385,\"commentCount\":0,\"publisher\":{\"@id\":\"https:\\\/\\\/www.visitamalfi.info\\\/fr\\\/#organization\"},\"image\":{\"@id\":\"https:\\\/\\\/www.visitamalfi.info\\\/fr\\\/week-end-de-la-durabilite-2025-a-amalfi-une-mer-une-ville-une-communaute-unies-pour-lenvironnement\\\/#primaryimage\"},\"thumbnailUrl\":\"https:\\\/\\\/www.visitamalfi.info\\\/wp-content\\\/uploads\\\/2025\\\/10\\\/20251019_114225.jpg\",\"articleSection\":[\"Curiosit\u00e9s\"],\"inLanguage\":\"fr-FR\",\"potentialAction\":[{\"@type\":\"CommentAction\",\"name\":\"Comment\",\"target\":[\"https:\\\/\\\/www.visitamalfi.info\\\/fr\\\/week-end-de-la-durabilite-2025-a-amalfi-une-mer-une-ville-une-communaute-unies-pour-lenvironnement\\\/#respond\"]}]},{\"@type\":\"WebPage\",\"@id\":\"https:\\\/\\\/www.visitamalfi.info\\\/fr\\\/week-end-de-la-durabilite-2025-a-amalfi-une-mer-une-ville-une-communaute-unies-pour-lenvironnement\\\/\",\"url\":\"https:\\\/\\\/www.visitamalfi.info\\\/fr\\\/week-end-de-la-durabilite-2025-a-amalfi-une-mer-une-ville-une-communaute-unies-pour-lenvironnement\\\/\",\"name\":\"Week-end de la durabilit\u00e9 2025 \u00e0 Amalfi : une mer, une ville, une communaut\u00e9 unies pour l'environnement - Visit Amalfi\",\"isPartOf\":{\"@id\":\"https:\\\/\\\/www.visitamalfi.info\\\/fr\\\/#website\"},\"primaryImageOfPage\":{\"@id\":\"https:\\\/\\\/www.visitamalfi.info\\\/fr\\\/week-end-de-la-durabilite-2025-a-amalfi-une-mer-une-ville-une-communaute-unies-pour-lenvironnement\\\/#primaryimage\"},\"image\":{\"@id\":\"https:\\\/\\\/www.visitamalfi.info\\\/fr\\\/week-end-de-la-durabilite-2025-a-amalfi-une-mer-une-ville-une-communaute-unies-pour-lenvironnement\\\/#primaryimage\"},\"thumbnailUrl\":\"https:\\\/\\\/www.visitamalfi.info\\\/wp-content\\\/uploads\\\/2025\\\/10\\\/20251019_114225.jpg\",\"datePublished\":\"2025-10-20T10:56:00+00:00\",\"dateModified\":\"2025-10-20T11:16:28+00:00\",\"breadcrumb\":{\"@id\":\"https:\\\/\\\/www.visitamalfi.info\\\/fr\\\/week-end-de-la-durabilite-2025-a-amalfi-une-mer-une-ville-une-communaute-unies-pour-lenvironnement\\\/#breadcrumb\"},\"inLanguage\":\"fr-FR\",\"potentialAction\":[{\"@type\":\"ReadAction\",\"target\":[\"https:\\\/\\\/www.visitamalfi.info\\\/fr\\\/week-end-de-la-durabilite-2025-a-amalfi-une-mer-une-ville-une-communaute-unies-pour-lenvironnement\\\/\"]}]},{\"@type\":\"ImageObject\",\"inLanguage\":\"fr-FR\",\"@id\":\"https:\\\/\\\/www.visitamalfi.info\\\/fr\\\/week-end-de-la-durabilite-2025-a-amalfi-une-mer-une-ville-une-communaute-unies-pour-lenvironnement\\\/#primaryimage\",\"url\":\"https:\\\/\\\/www.visitamalfi.info\\\/wp-content\\\/uploads\\\/2025\\\/10\\\/20251019_114225.jpg\",\"contentUrl\":\"https:\\\/\\\/www.visitamalfi.info\\\/wp-content\\\/uploads\\\/2025\\\/10\\\/20251019_114225.jpg\",\"width\":1920,\"height\":1081},{\"@type\":\"BreadcrumbList\",\"@id\":\"https:\\\/\\\/www.visitamalfi.info\\\/fr\\\/week-end-de-la-durabilite-2025-a-amalfi-une-mer-une-ville-une-communaute-unies-pour-lenvironnement\\\/#breadcrumb\",\"itemListElement\":[{\"@type\":\"ListItem\",\"position\":1,\"name\":\"Home\",\"item\":\"https:\\\/\\\/www.visitamalfi.info\\\/fr\\\/\"},{\"@type\":\"ListItem\",\"position\":2,\"name\":\"Week-end de la durabilit\u00e9 2025 \u00e0 Amalfi : une mer, une ville, une communaut\u00e9 unies pour l&#8217;environnement\"}]},{\"@type\":\"WebSite\",\"@id\":\"https:\\\/\\\/www.visitamalfi.info\\\/fr\\\/#website\",\"url\":\"https:\\\/\\\/www.visitamalfi.info\\\/fr\\\/\",\"name\":\"Visit Amalfi\",\"description\":\"Amalfi Destination Official Website\",\"publisher\":{\"@id\":\"https:\\\/\\\/www.visitamalfi.info\\\/fr\\\/#organization\"},\"potentialAction\":[{\"@type\":\"SearchAction\",\"target\":{\"@type\":\"EntryPoint\",\"urlTemplate\":\"https:\\\/\\\/www.visitamalfi.info\\\/fr\\\/?s={search_term_string}\"},\"query-input\":{\"@type\":\"PropertyValueSpecification\",\"valueRequired\":true,\"valueName\":\"search_term_string\"}}],\"inLanguage\":\"fr-FR\"},{\"@type\":\"Organization\",\"@id\":\"https:\\\/\\\/www.visitamalfi.info\\\/fr\\\/#organization\",\"name\":\"Visit Amalfi\",\"url\":\"https:\\\/\\\/www.visitamalfi.info\\\/fr\\\/\",\"logo\":{\"@type\":\"ImageObject\",\"inLanguage\":\"fr-FR\",\"@id\":\"https:\\\/\\\/www.visitamalfi.info\\\/fr\\\/#\\\/schema\\\/logo\\\/image\\\/\",\"url\":\"https:\\\/\\\/www.visitamalfi.info\\\/wp-content\\\/uploads\\\/2023\\\/04\\\/visit-amalfi-logo-web.png\",\"contentUrl\":\"https:\\\/\\\/www.visitamalfi.info\\\/wp-content\\\/uploads\\\/2023\\\/04\\\/visit-amalfi-logo-web.png\",\"width\":800,\"height\":870,\"caption\":\"Visit Amalfi\"},\"image\":{\"@id\":\"https:\\\/\\\/www.visitamalfi.info\\\/fr\\\/#\\\/schema\\\/logo\\\/image\\\/\"},\"sameAs\":[\"https:\\\/\\\/www.facebook.com\\\/visitamalfiofficial\",\"https:\\\/\\\/www.instagram.com\\\/visitamalfiofficial\\\/\"]},{\"@type\":\"Person\",\"@id\":\"https:\\\/\\\/www.visitamalfi.info\\\/fr\\\/#\\\/schema\\\/person\\\/0c7584af846d5d2da6c69f7e68f3af96\",\"name\":\"Federica Dumont\",\"image\":{\"@type\":\"ImageObject\",\"inLanguage\":\"fr-FR\",\"@id\":\"https:\\\/\\\/secure.gravatar.com\\\/avatar\\\/0803dab414b6c6f1fd2399680f587870a020419b6ebe9d36dd75df06a6a68060?s=96&d=mm&r=g\",\"url\":\"https:\\\/\\\/secure.gravatar.com\\\/avatar\\\/0803dab414b6c6f1fd2399680f587870a020419b6ebe9d36dd75df06a6a68060?s=96&d=mm&r=g\",\"contentUrl\":\"https:\\\/\\\/secure.gravatar.com\\\/avatar\\\/0803dab414b6c6f1fd2399680f587870a020419b6ebe9d36dd75df06a6a68060?s=96&d=mm&r=g\",\"caption\":\"Federica Dumont\"},\"url\":\"https:\\\/\\\/www.visitamalfi.info\\\/fr\\\/author\\\/federica\\\/\"}]}<\/script>\n<!-- \/ Yoast SEO plugin. -->","yoast_head_json":{"title":"Week-end de la durabilit\u00e9 2025 \u00e0 Amalfi : une mer, une ville, une communaut\u00e9 unies pour l'environnement - Visit Amalfi","robots":{"index":"index","follow":"follow","max-snippet":"max-snippet:-1","max-image-preview":"max-image-preview:large","max-video-preview":"max-video-preview:-1"},"canonical":"https:\/\/www.visitamalfi.info\/fr\/week-end-de-la-durabilite-2025-a-amalfi-une-mer-une-ville-une-communaute-unies-pour-lenvironnement\/","og_locale":"fr_FR","og_type":"article","og_title":"Week-end de la durabilit\u00e9 2025 \u00e0 Amalfi : une mer, une ville, une communaut\u00e9 unies pour l'environnement - Visit Amalfi","og_description":"Trois jours pour red\u00e9couvrir la valeur de l&#8217;attention.Du centre historique \u00e0 la mer, Amalfi a v\u00e9cu un week-end de durabilit\u00e9, de partage et de respect du territoire et de l&#8217;environnement. [&hellip;]","og_url":"https:\/\/www.visitamalfi.info\/fr\/week-end-de-la-durabilite-2025-a-amalfi-une-mer-une-ville-une-communaute-unies-pour-lenvironnement\/","og_site_name":"Visit Amalfi","article_publisher":"https:\/\/www.facebook.com\/visitamalfiofficial","article_published_time":"2025-10-20T10:56:00+00:00","article_modified_time":"2025-10-20T11:16:28+00:00","og_image":[{"width":1920,"height":1081,"url":"https:\/\/www.visitamalfi.info\/wp-content\/uploads\/2025\/10\/20251019_114225.jpg","type":"image\/jpeg"}],"author":"Federica Dumont","twitter_card":"summary_large_image","twitter_misc":{"\u00c9crit par":"Federica Dumont","Dur\u00e9e de lecture estim\u00e9e":"2 minutes"},"schema":{"@context":"https:\/\/schema.org","@graph":[{"@type":"Article","@id":"https:\/\/www.visitamalfi.info\/fr\/week-end-de-la-durabilite-2025-a-amalfi-une-mer-une-ville-une-communaute-unies-pour-lenvironnement\/#article","isPartOf":{"@id":"https:\/\/www.visitamalfi.info\/fr\/week-end-de-la-durabilite-2025-a-amalfi-une-mer-une-ville-une-communaute-unies-pour-lenvironnement\/"},"author":{"name":"Federica Dumont","@id":"https:\/\/www.visitamalfi.info\/fr\/#\/schema\/person\/0c7584af846d5d2da6c69f7e68f3af96"},"headline":"Week-end de la durabilit\u00e9 2025 \u00e0 Amalfi : une mer, une ville, une communaut\u00e9 unies pour l&#8217;environnement","datePublished":"2025-10-20T10:56:00+00:00","dateModified":"2025-10-20T11:16:28+00:00","mainEntityOfPage":{"@id":"https:\/\/www.visitamalfi.info\/fr\/week-end-de-la-durabilite-2025-a-amalfi-une-mer-une-ville-une-communaute-unies-pour-lenvironnement\/"},"wordCount":385,"commentCount":0,"publisher":{"@id":"https:\/\/www.visitamalfi.info\/fr\/#organization"},"image":{"@id":"https:\/\/www.visitamalfi.info\/fr\/week-end-de-la-durabilite-2025-a-amalfi-une-mer-une-ville-une-communaute-unies-pour-lenvironnement\/#primaryimage"},"thumbnailUrl":"https:\/\/www.visitamalfi.info\/wp-content\/uploads\/2025\/10\/20251019_114225.jpg","articleSection":["Curiosit\u00e9s"],"inLanguage":"fr-FR","potentialAction":[{"@type":"CommentAction","name":"Comment","target":["https:\/\/www.visitamalfi.info\/fr\/week-end-de-la-durabilite-2025-a-amalfi-une-mer-une-ville-une-communaute-unies-pour-lenvironnement\/#respond"]}]},{"@type":"WebPage","@id":"https:\/\/www.visitamalfi.info\/fr\/week-end-de-la-durabilite-2025-a-amalfi-une-mer-une-ville-une-communaute-unies-pour-lenvironnement\/","url":"https:\/\/www.visitamalfi.info\/fr\/week-end-de-la-durabilite-2025-a-amalfi-une-mer-une-ville-une-communaute-unies-pour-lenvironnement\/","name":"Week-end de la durabilit\u00e9 2025 \u00e0 Amalfi : une mer, une ville, une communaut\u00e9 unies pour l'environnement - Visit Amalfi","isPartOf":{"@id":"https:\/\/www.visitamalfi.info\/fr\/#website"},"primaryImageOfPage":{"@id":"https:\/\/www.visitamalfi.info\/fr\/week-end-de-la-durabilite-2025-a-amalfi-une-mer-une-ville-une-communaute-unies-pour-lenvironnement\/#primaryimage"},"image":{"@id":"https:\/\/www.visitamalfi.info\/fr\/week-end-de-la-durabilite-2025-a-amalfi-une-mer-une-ville-une-communaute-unies-pour-lenvironnement\/#primaryimage"},"thumbnailUrl":"https:\/\/www.visitamalfi.info\/wp-content\/uploads\/2025\/10\/20251019_114225.jpg","datePublished":"2025-10-20T10:56:00+00:00","dateModified":"2025-10-20T11:16:28+00:00","breadcrumb":{"@id":"https:\/\/www.visitamalfi.info\/fr\/week-end-de-la-durabilite-2025-a-amalfi-une-mer-une-ville-une-communaute-unies-pour-lenvironnement\/#breadcrumb"},"inLanguage":"fr-FR","potentialAction":[{"@type":"ReadAction","target":["https:\/\/www.visitamalfi.info\/fr\/week-end-de-la-durabilite-2025-a-amalfi-une-mer-une-ville-une-communaute-unies-pour-lenvironnement\/"]}]},{"@type":"ImageObject","inLanguage":"fr-FR","@id":"https:\/\/www.visitamalfi.info\/fr\/week-end-de-la-durabilite-2025-a-amalfi-une-mer-une-ville-une-communaute-unies-pour-lenvironnement\/#primaryimage","url":"https:\/\/www.visitamalfi.info\/wp-content\/uploads\/2025\/10\/20251019_114225.jpg","contentUrl":"https:\/\/www.visitamalfi.info\/wp-content\/uploads\/2025\/10\/20251019_114225.jpg","width":1920,"height":1081},{"@type":"BreadcrumbList","@id":"https:\/\/www.visitamalfi.info\/fr\/week-end-de-la-durabilite-2025-a-amalfi-une-mer-une-ville-une-communaute-unies-pour-lenvironnement\/#breadcrumb","itemListElement":[{"@type":"ListItem","position":1,"name":"Home","item":"https:\/\/www.visitamalfi.info\/fr\/"},{"@type":"ListItem","position":2,"name":"Week-end de la durabilit\u00e9 2025 \u00e0 Amalfi : une mer, une ville, une communaut\u00e9 unies pour l&#8217;environnement"}]},{"@type":"WebSite","@id":"https:\/\/www.visitamalfi.info\/fr\/#website","url":"https:\/\/www.visitamalfi.info\/fr\/","name":"Visit Amalfi","description":"Amalfi Destination Official Website","publisher":{"@id":"https:\/\/www.visitamalfi.info\/fr\/#organization"},"potentialAction":[{"@type":"SearchAction","target":{"@type":"EntryPoint","urlTemplate":"https:\/\/www.visitamalfi.info\/fr\/?s={search_term_string}"},"query-input":{"@type":"PropertyValueSpecification","valueRequired":true,"valueName":"search_term_string"}}],"inLanguage":"fr-FR"},{"@type":"Organization","@id":"https:\/\/www.visitamalfi.info\/fr\/#organization","name":"Visit Amalfi","url":"https:\/\/www.visitamalfi.info\/fr\/","logo":{"@type":"ImageObject","inLanguage":"fr-FR","@id":"https:\/\/www.visitamalfi.info\/fr\/#\/schema\/logo\/image\/","url":"https:\/\/www.visitamalfi.info\/wp-content\/uploads\/2023\/04\/visit-amalfi-logo-web.png","contentUrl":"https:\/\/www.visitamalfi.info\/wp-content\/uploads\/2023\/04\/visit-amalfi-logo-web.png","width":800,"height":870,"caption":"Visit Amalfi"},"image":{"@id":"https:\/\/www.visitamalfi.info\/fr\/#\/schema\/logo\/image\/"},"sameAs":["https:\/\/www.facebook.com\/visitamalfiofficial","https:\/\/www.instagram.com\/visitamalfiofficial\/"]},{"@type":"Person","@id":"https:\/\/www.visitamalfi.info\/fr\/#\/schema\/person\/0c7584af846d5d2da6c69f7e68f3af96","name":"Federica Dumont","image":{"@type":"ImageObject","inLanguage":"fr-FR","@id":"https:\/\/secure.gravatar.com\/avatar\/0803dab414b6c6f1fd2399680f587870a020419b6ebe9d36dd75df06a6a68060?s=96&d=mm&r=g","url":"https:\/\/secure.gravatar.com\/avatar\/0803dab414b6c6f1fd2399680f587870a020419b6ebe9d36dd75df06a6a68060?s=96&d=mm&r=g","contentUrl":"https:\/\/secure.gravatar.com\/avatar\/0803dab414b6c6f1fd2399680f587870a020419b6ebe9d36dd75df06a6a68060?s=96&d=mm&r=g","caption":"Federica Dumont"},"url":"https:\/\/www.visitamalfi.info\/fr\/author\/federica\/"}]}},"_links":{"self":[{"href":"https:\/\/www.visitamalfi.info\/fr\/wp-json\/wp\/v2\/posts\/23100","targetHints":{"allow":["GET"]}}],"collection":[{"href":"https:\/\/www.visitamalfi.info\/fr\/wp-json\/wp\/v2\/posts"}],"about":[{"href":"https:\/\/www.visitamalfi.info\/fr\/wp-json\/wp\/v2\/types\/post"}],"author":[{"embeddable":true,"href":"https:\/\/www.visitamalfi.info\/fr\/wp-json\/wp\/v2\/users\/7"}],"replies":[{"embeddable":true,"href":"https:\/\/www.visitamalfi.info\/fr\/wp-json\/wp\/v2\/comments?post=23100"}],"version-history":[{"count":1,"href":"https:\/\/www.visitamalfi.info\/fr\/wp-json\/wp\/v2\/posts\/23100\/revisions"}],"predecessor-version":[{"id":23101,"href":"https:\/\/www.visitamalfi.info\/fr\/wp-json\/wp\/v2\/posts\/23100\/revisions\/23101"}],"wp:featuredmedia":[{"embeddable":true,"href":"https:\/\/www.visitamalfi.info\/fr\/wp-json\/wp\/v2\/media\/23094"}],"wp:attachment":[{"href":"https:\/\/www.visitamalfi.info\/fr\/wp-json\/wp\/v2\/media?parent=23100"}],"wp:term":[{"taxonomy":"category","embeddable":true,"href":"https:\/\/www.visitamalfi.info\/fr\/wp-json\/wp\/v2\/categories?post=23100"},{"taxonomy":"post_tag","embeddable":true,"href":"https:\/\/www.visitamalfi.info\/fr\/wp-json\/wp\/v2\/tags?post=23100"}],"curies":[{"name":"wp","href":"https:\/\/api.w.org\/{rel}","templated":true}]}}