{"id":23011,"date":"2025-10-11T21:07:09","date_gmt":"2025-10-11T19:07:09","guid":{"rendered":"https:\/\/www.visitamalfi.info\/noel-2025-a-amalfi-lumieres-tradition-et-magie-au-bord-de-la-mer\/"},"modified":"2025-10-11T21:07:09","modified_gmt":"2025-10-11T19:07:09","slug":"noel-2025-a-amalfi-lumieres-tradition-et-magie-au-bord-de-la-mer","status":"publish","type":"post","link":"https:\/\/www.visitamalfi.info\/fr\/noel-2025-a-amalfi-lumieres-tradition-et-magie-au-bord-de-la-mer\/","title":{"rendered":"No\u00ebl 2025 \u00e0 Amalfi : lumi\u00e8res, tradition et magie au bord de la mer"},"content":{"rendered":"<p class=\"cvGsUA direction-ltr align-start para-style-body\"><span class=\"a_GcMg font-feature-liga-off font-feature-clig-off font-feature-calt-off text-decoration-none text-strikethrough-none\">Lorsque l&#8217;on pense \u00e0 No\u00ebl, on l&#8217;imagine souvent au milieu des march\u00e9s de montagne et des paysages enneig\u00e9s. Mais il y a un endroit en Italie o\u00f9 les festivals sont teint\u00e9s de magie d&#8217;une mani\u00e8re unique :  <\/span><span class=\"a_GcMg font-feature-liga-off font-feature-clig-off font-feature-calt-off text-decoration-none text-strikethrough-none\">Amalfi<\/span><span class=\"a_GcMg font-feature-liga-off font-feature-clig-off font-feature-calt-off text-decoration-none text-strikethrough-none\">. Ici, le charme de la mer hivernale rencontre les lumi\u00e8res scintillantes de No\u00ebl, cr\u00e9ant une atmosph\u00e8re qui captive les adultes comme les enfants.<\/span><\/p>\n<p class=\"cvGsUA direction-ltr align-start para-style-body\"><strong><span class=\"a_GcMg font-feature-liga-off font-feature-clig-off font-feature-calt-off text-decoration-none text-strikethrough-none\">Les illuminations qui \u00e9clairent la ville<\/span><\/strong><\/p>\n<p class=\"cvGsUA direction-ltr align-start para-style-body\"><span class=\"a_GcMg font-feature-liga-off font-feature-clig-off font-feature-calt-off text-decoration-none text-strikethrough-none\">Chaque ann\u00e9e, Amalfi s&#8217;illumine de couleurs et de d\u00e9corations spectaculaires. Les rues de la vieille ville, les balcons et la Piazza Duomo se transforment en une sc\u00e8ne atmosph\u00e9rique o\u00f9 la promenade devient une exp\u00e9rience f\u00e9erique. La magie des illuminations transforme Amalfi en une cr\u00e8che \u00e0 ciel ouvert, id\u00e9ale pour des photos inoubliables et pour vivre l&#8217;esprit des f\u00eates.<\/span><\/p>\n<p class=\"cvGsUA direction-ltr align-start para-style-body\"><strong><span class=\"a_GcMg font-feature-liga-off font-feature-clig-off font-feature-calt-off text-decoration-none text-strikethrough-none\">Cornemuses et musique traditionnelle<\/span><\/strong><\/p>\n<p class=\"cvGsUA direction-ltr align-start para-style-body\"><span class=\"a_GcMg font-feature-liga-off font-feature-clig-off font-feature-calt-off text-decoration-none text-strikethrough-none\">No\u00ebl \u00e0 Amalfi, ce n&#8217;est pas seulement de la lumi\u00e8re, mais aussi des sons anciens qui r\u00e9chauffent le c\u0153ur. Les joueurs de cornemuse, avec leurs m\u00e9lodies traditionnelles, accompagnent les visiteurs dans les rues \u00e9troites du centre, faisant revivre l&#8217;atmosph\u00e8re authentique d&#8217;autrefois. Une rencontre qui passionne petits et grands et qui ravive le lien profond entre la ville et ses racines populaires.<\/span><\/p>\n<p class=\"cvGsUA direction-ltr align-start para-style-body\"><strong><span class=\"a_GcMg font-feature-liga-off font-feature-clig-off font-feature-calt-off text-decoration-none text-strikethrough-none\">La maison du P\u00e8re No\u00ebl<\/span><\/strong><\/p>\n<p class=\"cvGsUA direction-ltr align-start para-style-body\"><span class=\"a_GcMg font-feature-liga-off font-feature-clig-off font-feature-calt-off text-decoration-none text-strikethrough-none\">Pour les plus petits, le moment le plus attendu est l&#8217;arriv\u00e9e du Village du P\u00e8re No\u00ebl. Un lieu enchant\u00e9 o\u00f9 les enfants peuvent rencontrer le P\u00e8re No\u00ebl, \u00e9crire leurs lettres et vivre des moments d&#8217;amusement et de jeux. Une exp\u00e9rience qui fait d&#8217;Amalfi une destination id\u00e9ale pour les familles.<\/span><\/p>\n<p class=\"cvGsUA direction-ltr align-start para-style-body\"><strong><span class=\"a_GcMg font-feature-liga-off font-feature-clig-off font-feature-calt-off text-decoration-none text-strikethrough-none\">Saveurs et chaleur des f\u00eates de fin d&#8217;ann\u00e9e<\/span><\/strong><\/p>\n<p class=\"cvGsUA direction-ltr align-start para-style-body\"><span class=\"a_GcMg font-feature-liga-off font-feature-clig-off font-feature-calt-off text-decoration-none text-strikethrough-none\">No\u00ebl, c&#8217;est aussi la convivialit\u00e9 et la bonne ch\u00e8re. En marchant dans les rues, les ar\u00f4mes des sp\u00e9cialit\u00e9s locales ne manquent pas : des sucreries traditionnelles de No\u00ebl amalfitain \u00e0 la chaleur d&#8217;un verre de vin local. C&#8217;est le moment id\u00e9al pour d\u00e9couvrir les saveurs authentiques de la r\u00e9gion et ramener un savoureux souvenir des vacances.<\/span><\/p>\n<p class=\"cvGsUA direction-ltr align-start para-style-body\"><strong><span class=\"a_GcMg font-feature-liga-off font-feature-clig-off font-feature-calt-off text-decoration-none text-strikethrough-none\">Le Nouvel An folklorique<\/span><\/strong><\/p>\n<p class=\"cvGsUA direction-ltr align-start para-style-body\"><span class=\"a_GcMg font-feature-liga-off font-feature-clig-off font-feature-calt-off text-decoration-none text-strikethrough-none\">Comme le veut la tradition, le spectacle bien aim\u00e9 du groupe folklorique local : un porte-bonheur collectif qui, parmi les chansons populaires et les instruments typiques, fait revivre l&#8217;\u00e2me la plus authentique et la plus festive de la tradition amalfitaine.<\/span><\/p>\n<p class=\"cvGsUA direction-ltr align-start para-style-body\"><strong><span class=\"a_GcMg font-feature-liga-off font-feature-clig-off font-feature-calt-off text-decoration-none text-strikethrough-none\">R\u00e9veillon du Nouvel An sur la place<\/span><\/strong><\/p>\n<p class=\"cvGsUA direction-ltr align-start para-style-body\"><span class=\"a_GcMg font-feature-liga-off font-feature-clig-off font-feature-calt-off text-decoration-none text-strikethrough-none\">Le calendrier des festivit\u00e9s culmine avec le r\u00e9veillon du Nouvel An \u00e0 Amalfi, une nuit sp\u00e9ciale, unique et inoubliable o\u00f9 la place se transforme en une grande sc\u00e8ne en plein air. Musique, spectacles et feux d&#8217;artifice accueillent l&#8217;arriv\u00e9e de la nouvelle ann\u00e9e avec toute la magie de la c\u00f4te amalfitaine.<\/span><\/p>\n<p class=\"cvGsUA direction-ltr align-start para-style-body\"><strong><span class=\"a_GcMg font-feature-liga-off font-feature-clig-off font-feature-calt-off text-decoration-none text-strikethrough-none\">Pourquoi choisir Amalfi \u00e0 No\u00ebl<\/span><\/strong><\/p>\n<p class=\"cvGsUA direction-ltr align-start para-style-body\"><span class=\"a_GcMg font-feature-liga-off font-feature-clig-off font-feature-calt-off text-decoration-none text-strikethrough-none\">Visiter Amalfi pendant la p\u00e9riode de No\u00ebl est une exp\u00e9rience diff\u00e9rente :<\/span><\/p>\n<ul>\n<li><span class=\"a_GcMg font-feature-liga-off font-feature-clig-off font-feature-calt-off text-decoration-none text-strikethrough-none\">Des rues moins fr\u00e9quent\u00e9es mais pleines d&#8217;ambiance ;<\/span><\/li>\n<li><span class=\"a_GcMg font-feature-liga-off font-feature-clig-off font-feature-calt-off text-decoration-none text-strikethrough-none\">des traditions authentiques qui r\u00e9chauffent le c\u0153ur ;<\/span><\/li>\n<li><span class=\"a_GcMg font-feature-liga-off font-feature-clig-off font-feature-calt-off text-decoration-none text-strikethrough-none\">le charme de la mer hivernale qui encadre un No\u00ebl unique.<\/span><\/li>\n<\/ul>\n<p class=\"cvGsUA direction-ltr align-start para-style-body\"><span class=\"a_GcMg font-feature-liga-off font-feature-clig-off font-feature-calt-off text-decoration-none text-strikethrough-none\">Que ce soit pour un week-end ou pour des vacances plus longues, Amalfi est le choix id\u00e9al pour ceux qui recherchent un No\u00ebl inoubliable dans la culture, la tradition et la beaut\u00e9.<\/span><\/p>\n<p class=\"cvGsUA direction-ltr align-start para-style-body\"><strong><span class=\"a_GcMg font-feature-liga-off font-feature-clig-off font-feature-calt-off text-decoration-none text-strikethrough-none\">Venez d\u00e9couvrir No\u00ebl \u00e0 Amalfi : nous vous attendons pour vivre ensemble la magie des f\u00eates !<\/span><\/strong><\/p>\n","protected":false},"excerpt":{"rendered":"<p>Lorsque l&#8217;on pense \u00e0 No\u00ebl, on l&#8217;imagine souvent au milieu des march\u00e9s de montagne et des paysages enneig\u00e9s. Mais il y a un endroit en Italie o\u00f9 les festivals sont [&hellip;]<\/p>\n","protected":false},"author":7,"featured_media":20132,"comment_status":"open","ping_status":"closed","sticky":false,"template":"","format":"standard","meta":{"inline_featured_image":false,"footnotes":""},"categories":[891,810,812],"tags":[1955],"class_list":["post-23011","post","type-post","status-publish","format-standard","has-post-thumbnail","hentry","category-consigli-di-viaggio","category-eventi-fr","category-tradition","tag-nataleadamalfi"],"yoast_head":"<!-- This site is optimized with the Yoast SEO plugin v27.3 - https:\/\/yoast.com\/product\/yoast-seo-wordpress\/ -->\n<title>No\u00ebl 2025 \u00e0 Amalfi : lumi\u00e8res, tradition et magie au bord de la mer - Visit Amalfi<\/title>\n<meta name=\"robots\" content=\"index, follow, max-snippet:-1, max-image-preview:large, max-video-preview:-1\" \/>\n<link rel=\"canonical\" href=\"https:\/\/www.visitamalfi.info\/fr\/noel-2025-a-amalfi-lumieres-tradition-et-magie-au-bord-de-la-mer\/\" \/>\n<meta property=\"og:locale\" content=\"fr_FR\" \/>\n<meta property=\"og:type\" content=\"article\" \/>\n<meta property=\"og:title\" content=\"No\u00ebl 2025 \u00e0 Amalfi : lumi\u00e8res, tradition et magie au bord de la mer - Visit Amalfi\" \/>\n<meta property=\"og:description\" content=\"Lorsque l&#8217;on pense \u00e0 No\u00ebl, on l&#8217;imagine souvent au milieu des march\u00e9s de montagne et des paysages enneig\u00e9s. Mais il y a un endroit en Italie o\u00f9 les festivals sont [&hellip;]\" \/>\n<meta property=\"og:url\" content=\"https:\/\/www.visitamalfi.info\/fr\/noel-2025-a-amalfi-lumieres-tradition-et-magie-au-bord-de-la-mer\/\" \/>\n<meta property=\"og:site_name\" content=\"Visit Amalfi\" \/>\n<meta property=\"article:publisher\" content=\"https:\/\/www.facebook.com\/visitamalfiofficial\" \/>\n<meta property=\"article:published_time\" content=\"2025-10-11T19:07:09+00:00\" \/>\n<meta property=\"og:image\" content=\"https:\/\/www.visitamalfi.info\/wp-content\/uploads\/2024\/11\/ANA_2779@emanueleanastasioph-amalfi-villaggio-natale-2023.jpg\" \/>\n\t<meta property=\"og:image:width\" content=\"1280\" \/>\n\t<meta property=\"og:image:height\" content=\"1920\" \/>\n\t<meta property=\"og:image:type\" content=\"image\/jpeg\" \/>\n<meta name=\"author\" content=\"Federica Dumont\" \/>\n<meta name=\"twitter:card\" content=\"summary_large_image\" \/>\n<meta name=\"twitter:label1\" content=\"\u00c9crit par\" \/>\n\t<meta name=\"twitter:data1\" content=\"Federica Dumont\" \/>\n\t<meta name=\"twitter:label2\" content=\"Dur\u00e9e de lecture estim\u00e9e\" \/>\n\t<meta name=\"twitter:data2\" content=\"3 minutes\" \/>\n<script type=\"application\/ld+json\" class=\"yoast-schema-graph\">{\"@context\":\"https:\\\/\\\/schema.org\",\"@graph\":[{\"@type\":\"Article\",\"@id\":\"https:\\\/\\\/www.visitamalfi.info\\\/fr\\\/noel-2025-a-amalfi-lumieres-tradition-et-magie-au-bord-de-la-mer\\\/#article\",\"isPartOf\":{\"@id\":\"https:\\\/\\\/www.visitamalfi.info\\\/fr\\\/noel-2025-a-amalfi-lumieres-tradition-et-magie-au-bord-de-la-mer\\\/\"},\"author\":{\"name\":\"Federica Dumont\",\"@id\":\"https:\\\/\\\/www.visitamalfi.info\\\/fr\\\/#\\\/schema\\\/person\\\/0c7584af846d5d2da6c69f7e68f3af96\"},\"headline\":\"No\u00ebl 2025 \u00e0 Amalfi : lumi\u00e8res, tradition et magie au bord de la mer\",\"datePublished\":\"2025-10-11T19:07:09+00:00\",\"mainEntityOfPage\":{\"@id\":\"https:\\\/\\\/www.visitamalfi.info\\\/fr\\\/noel-2025-a-amalfi-lumieres-tradition-et-magie-au-bord-de-la-mer\\\/\"},\"wordCount\":586,\"commentCount\":0,\"publisher\":{\"@id\":\"https:\\\/\\\/www.visitamalfi.info\\\/fr\\\/#organization\"},\"image\":{\"@id\":\"https:\\\/\\\/www.visitamalfi.info\\\/fr\\\/noel-2025-a-amalfi-lumieres-tradition-et-magie-au-bord-de-la-mer\\\/#primaryimage\"},\"thumbnailUrl\":\"https:\\\/\\\/www.visitamalfi.info\\\/wp-content\\\/uploads\\\/2024\\\/11\\\/ANA_2779@emanueleanastasioph-amalfi-villaggio-natale-2023.jpg\",\"keywords\":[\"nataleadamalfi\"],\"articleSection\":[\"Consigli di viaggio\",\"Eventi\",\"tradition\"],\"inLanguage\":\"fr-FR\",\"potentialAction\":[{\"@type\":\"CommentAction\",\"name\":\"Comment\",\"target\":[\"https:\\\/\\\/www.visitamalfi.info\\\/fr\\\/noel-2025-a-amalfi-lumieres-tradition-et-magie-au-bord-de-la-mer\\\/#respond\"]}]},{\"@type\":\"WebPage\",\"@id\":\"https:\\\/\\\/www.visitamalfi.info\\\/fr\\\/noel-2025-a-amalfi-lumieres-tradition-et-magie-au-bord-de-la-mer\\\/\",\"url\":\"https:\\\/\\\/www.visitamalfi.info\\\/fr\\\/noel-2025-a-amalfi-lumieres-tradition-et-magie-au-bord-de-la-mer\\\/\",\"name\":\"No\u00ebl 2025 \u00e0 Amalfi : lumi\u00e8res, tradition et magie au bord de la mer - Visit Amalfi\",\"isPartOf\":{\"@id\":\"https:\\\/\\\/www.visitamalfi.info\\\/fr\\\/#website\"},\"primaryImageOfPage\":{\"@id\":\"https:\\\/\\\/www.visitamalfi.info\\\/fr\\\/noel-2025-a-amalfi-lumieres-tradition-et-magie-au-bord-de-la-mer\\\/#primaryimage\"},\"image\":{\"@id\":\"https:\\\/\\\/www.visitamalfi.info\\\/fr\\\/noel-2025-a-amalfi-lumieres-tradition-et-magie-au-bord-de-la-mer\\\/#primaryimage\"},\"thumbnailUrl\":\"https:\\\/\\\/www.visitamalfi.info\\\/wp-content\\\/uploads\\\/2024\\\/11\\\/ANA_2779@emanueleanastasioph-amalfi-villaggio-natale-2023.jpg\",\"datePublished\":\"2025-10-11T19:07:09+00:00\",\"breadcrumb\":{\"@id\":\"https:\\\/\\\/www.visitamalfi.info\\\/fr\\\/noel-2025-a-amalfi-lumieres-tradition-et-magie-au-bord-de-la-mer\\\/#breadcrumb\"},\"inLanguage\":\"fr-FR\",\"potentialAction\":[{\"@type\":\"ReadAction\",\"target\":[\"https:\\\/\\\/www.visitamalfi.info\\\/fr\\\/noel-2025-a-amalfi-lumieres-tradition-et-magie-au-bord-de-la-mer\\\/\"]}]},{\"@type\":\"ImageObject\",\"inLanguage\":\"fr-FR\",\"@id\":\"https:\\\/\\\/www.visitamalfi.info\\\/fr\\\/noel-2025-a-amalfi-lumieres-tradition-et-magie-au-bord-de-la-mer\\\/#primaryimage\",\"url\":\"https:\\\/\\\/www.visitamalfi.info\\\/wp-content\\\/uploads\\\/2024\\\/11\\\/ANA_2779@emanueleanastasioph-amalfi-villaggio-natale-2023.jpg\",\"contentUrl\":\"https:\\\/\\\/www.visitamalfi.info\\\/wp-content\\\/uploads\\\/2024\\\/11\\\/ANA_2779@emanueleanastasioph-amalfi-villaggio-natale-2023.jpg\",\"width\":1280,\"height\":1920},{\"@type\":\"BreadcrumbList\",\"@id\":\"https:\\\/\\\/www.visitamalfi.info\\\/fr\\\/noel-2025-a-amalfi-lumieres-tradition-et-magie-au-bord-de-la-mer\\\/#breadcrumb\",\"itemListElement\":[{\"@type\":\"ListItem\",\"position\":1,\"name\":\"Home\",\"item\":\"https:\\\/\\\/www.visitamalfi.info\\\/fr\\\/\"},{\"@type\":\"ListItem\",\"position\":2,\"name\":\"No\u00ebl 2025 \u00e0 Amalfi : lumi\u00e8res, tradition et magie au bord de la mer\"}]},{\"@type\":\"WebSite\",\"@id\":\"https:\\\/\\\/www.visitamalfi.info\\\/fr\\\/#website\",\"url\":\"https:\\\/\\\/www.visitamalfi.info\\\/fr\\\/\",\"name\":\"Visit Amalfi\",\"description\":\"Amalfi Destination Official Website\",\"publisher\":{\"@id\":\"https:\\\/\\\/www.visitamalfi.info\\\/fr\\\/#organization\"},\"potentialAction\":[{\"@type\":\"SearchAction\",\"target\":{\"@type\":\"EntryPoint\",\"urlTemplate\":\"https:\\\/\\\/www.visitamalfi.info\\\/fr\\\/?s={search_term_string}\"},\"query-input\":{\"@type\":\"PropertyValueSpecification\",\"valueRequired\":true,\"valueName\":\"search_term_string\"}}],\"inLanguage\":\"fr-FR\"},{\"@type\":\"Organization\",\"@id\":\"https:\\\/\\\/www.visitamalfi.info\\\/fr\\\/#organization\",\"name\":\"Visit Amalfi\",\"url\":\"https:\\\/\\\/www.visitamalfi.info\\\/fr\\\/\",\"logo\":{\"@type\":\"ImageObject\",\"inLanguage\":\"fr-FR\",\"@id\":\"https:\\\/\\\/www.visitamalfi.info\\\/fr\\\/#\\\/schema\\\/logo\\\/image\\\/\",\"url\":\"https:\\\/\\\/www.visitamalfi.info\\\/wp-content\\\/uploads\\\/2023\\\/04\\\/visit-amalfi-logo-web.png\",\"contentUrl\":\"https:\\\/\\\/www.visitamalfi.info\\\/wp-content\\\/uploads\\\/2023\\\/04\\\/visit-amalfi-logo-web.png\",\"width\":800,\"height\":870,\"caption\":\"Visit Amalfi\"},\"image\":{\"@id\":\"https:\\\/\\\/www.visitamalfi.info\\\/fr\\\/#\\\/schema\\\/logo\\\/image\\\/\"},\"sameAs\":[\"https:\\\/\\\/www.facebook.com\\\/visitamalfiofficial\",\"https:\\\/\\\/www.instagram.com\\\/visitamalfiofficial\\\/\"]},{\"@type\":\"Person\",\"@id\":\"https:\\\/\\\/www.visitamalfi.info\\\/fr\\\/#\\\/schema\\\/person\\\/0c7584af846d5d2da6c69f7e68f3af96\",\"name\":\"Federica Dumont\",\"image\":{\"@type\":\"ImageObject\",\"inLanguage\":\"fr-FR\",\"@id\":\"https:\\\/\\\/secure.gravatar.com\\\/avatar\\\/0803dab414b6c6f1fd2399680f587870a020419b6ebe9d36dd75df06a6a68060?s=96&d=mm&r=g\",\"url\":\"https:\\\/\\\/secure.gravatar.com\\\/avatar\\\/0803dab414b6c6f1fd2399680f587870a020419b6ebe9d36dd75df06a6a68060?s=96&d=mm&r=g\",\"contentUrl\":\"https:\\\/\\\/secure.gravatar.com\\\/avatar\\\/0803dab414b6c6f1fd2399680f587870a020419b6ebe9d36dd75df06a6a68060?s=96&d=mm&r=g\",\"caption\":\"Federica Dumont\"},\"url\":\"https:\\\/\\\/www.visitamalfi.info\\\/fr\\\/author\\\/federica\\\/\"}]}<\/script>\n<!-- \/ Yoast SEO plugin. -->","yoast_head_json":{"title":"No\u00ebl 2025 \u00e0 Amalfi : lumi\u00e8res, tradition et magie au bord de la mer - Visit Amalfi","robots":{"index":"index","follow":"follow","max-snippet":"max-snippet:-1","max-image-preview":"max-image-preview:large","max-video-preview":"max-video-preview:-1"},"canonical":"https:\/\/www.visitamalfi.info\/fr\/noel-2025-a-amalfi-lumieres-tradition-et-magie-au-bord-de-la-mer\/","og_locale":"fr_FR","og_type":"article","og_title":"No\u00ebl 2025 \u00e0 Amalfi : lumi\u00e8res, tradition et magie au bord de la mer - Visit Amalfi","og_description":"Lorsque l&#8217;on pense \u00e0 No\u00ebl, on l&#8217;imagine souvent au milieu des march\u00e9s de montagne et des paysages enneig\u00e9s. Mais il y a un endroit en Italie o\u00f9 les festivals sont [&hellip;]","og_url":"https:\/\/www.visitamalfi.info\/fr\/noel-2025-a-amalfi-lumieres-tradition-et-magie-au-bord-de-la-mer\/","og_site_name":"Visit Amalfi","article_publisher":"https:\/\/www.facebook.com\/visitamalfiofficial","article_published_time":"2025-10-11T19:07:09+00:00","og_image":[{"width":1280,"height":1920,"url":"https:\/\/www.visitamalfi.info\/wp-content\/uploads\/2024\/11\/ANA_2779@emanueleanastasioph-amalfi-villaggio-natale-2023.jpg","type":"image\/jpeg"}],"author":"Federica Dumont","twitter_card":"summary_large_image","twitter_misc":{"\u00c9crit par":"Federica Dumont","Dur\u00e9e de lecture estim\u00e9e":"3 minutes"},"schema":{"@context":"https:\/\/schema.org","@graph":[{"@type":"Article","@id":"https:\/\/www.visitamalfi.info\/fr\/noel-2025-a-amalfi-lumieres-tradition-et-magie-au-bord-de-la-mer\/#article","isPartOf":{"@id":"https:\/\/www.visitamalfi.info\/fr\/noel-2025-a-amalfi-lumieres-tradition-et-magie-au-bord-de-la-mer\/"},"author":{"name":"Federica Dumont","@id":"https:\/\/www.visitamalfi.info\/fr\/#\/schema\/person\/0c7584af846d5d2da6c69f7e68f3af96"},"headline":"No\u00ebl 2025 \u00e0 Amalfi : lumi\u00e8res, tradition et magie au bord de la mer","datePublished":"2025-10-11T19:07:09+00:00","mainEntityOfPage":{"@id":"https:\/\/www.visitamalfi.info\/fr\/noel-2025-a-amalfi-lumieres-tradition-et-magie-au-bord-de-la-mer\/"},"wordCount":586,"commentCount":0,"publisher":{"@id":"https:\/\/www.visitamalfi.info\/fr\/#organization"},"image":{"@id":"https:\/\/www.visitamalfi.info\/fr\/noel-2025-a-amalfi-lumieres-tradition-et-magie-au-bord-de-la-mer\/#primaryimage"},"thumbnailUrl":"https:\/\/www.visitamalfi.info\/wp-content\/uploads\/2024\/11\/ANA_2779@emanueleanastasioph-amalfi-villaggio-natale-2023.jpg","keywords":["nataleadamalfi"],"articleSection":["Consigli di viaggio","Eventi","tradition"],"inLanguage":"fr-FR","potentialAction":[{"@type":"CommentAction","name":"Comment","target":["https:\/\/www.visitamalfi.info\/fr\/noel-2025-a-amalfi-lumieres-tradition-et-magie-au-bord-de-la-mer\/#respond"]}]},{"@type":"WebPage","@id":"https:\/\/www.visitamalfi.info\/fr\/noel-2025-a-amalfi-lumieres-tradition-et-magie-au-bord-de-la-mer\/","url":"https:\/\/www.visitamalfi.info\/fr\/noel-2025-a-amalfi-lumieres-tradition-et-magie-au-bord-de-la-mer\/","name":"No\u00ebl 2025 \u00e0 Amalfi : lumi\u00e8res, tradition et magie au bord de la mer - Visit Amalfi","isPartOf":{"@id":"https:\/\/www.visitamalfi.info\/fr\/#website"},"primaryImageOfPage":{"@id":"https:\/\/www.visitamalfi.info\/fr\/noel-2025-a-amalfi-lumieres-tradition-et-magie-au-bord-de-la-mer\/#primaryimage"},"image":{"@id":"https:\/\/www.visitamalfi.info\/fr\/noel-2025-a-amalfi-lumieres-tradition-et-magie-au-bord-de-la-mer\/#primaryimage"},"thumbnailUrl":"https:\/\/www.visitamalfi.info\/wp-content\/uploads\/2024\/11\/ANA_2779@emanueleanastasioph-amalfi-villaggio-natale-2023.jpg","datePublished":"2025-10-11T19:07:09+00:00","breadcrumb":{"@id":"https:\/\/www.visitamalfi.info\/fr\/noel-2025-a-amalfi-lumieres-tradition-et-magie-au-bord-de-la-mer\/#breadcrumb"},"inLanguage":"fr-FR","potentialAction":[{"@type":"ReadAction","target":["https:\/\/www.visitamalfi.info\/fr\/noel-2025-a-amalfi-lumieres-tradition-et-magie-au-bord-de-la-mer\/"]}]},{"@type":"ImageObject","inLanguage":"fr-FR","@id":"https:\/\/www.visitamalfi.info\/fr\/noel-2025-a-amalfi-lumieres-tradition-et-magie-au-bord-de-la-mer\/#primaryimage","url":"https:\/\/www.visitamalfi.info\/wp-content\/uploads\/2024\/11\/ANA_2779@emanueleanastasioph-amalfi-villaggio-natale-2023.jpg","contentUrl":"https:\/\/www.visitamalfi.info\/wp-content\/uploads\/2024\/11\/ANA_2779@emanueleanastasioph-amalfi-villaggio-natale-2023.jpg","width":1280,"height":1920},{"@type":"BreadcrumbList","@id":"https:\/\/www.visitamalfi.info\/fr\/noel-2025-a-amalfi-lumieres-tradition-et-magie-au-bord-de-la-mer\/#breadcrumb","itemListElement":[{"@type":"ListItem","position":1,"name":"Home","item":"https:\/\/www.visitamalfi.info\/fr\/"},{"@type":"ListItem","position":2,"name":"No\u00ebl 2025 \u00e0 Amalfi : lumi\u00e8res, tradition et magie au bord de la mer"}]},{"@type":"WebSite","@id":"https:\/\/www.visitamalfi.info\/fr\/#website","url":"https:\/\/www.visitamalfi.info\/fr\/","name":"Visit Amalfi","description":"Amalfi Destination Official Website","publisher":{"@id":"https:\/\/www.visitamalfi.info\/fr\/#organization"},"potentialAction":[{"@type":"SearchAction","target":{"@type":"EntryPoint","urlTemplate":"https:\/\/www.visitamalfi.info\/fr\/?s={search_term_string}"},"query-input":{"@type":"PropertyValueSpecification","valueRequired":true,"valueName":"search_term_string"}}],"inLanguage":"fr-FR"},{"@type":"Organization","@id":"https:\/\/www.visitamalfi.info\/fr\/#organization","name":"Visit Amalfi","url":"https:\/\/www.visitamalfi.info\/fr\/","logo":{"@type":"ImageObject","inLanguage":"fr-FR","@id":"https:\/\/www.visitamalfi.info\/fr\/#\/schema\/logo\/image\/","url":"https:\/\/www.visitamalfi.info\/wp-content\/uploads\/2023\/04\/visit-amalfi-logo-web.png","contentUrl":"https:\/\/www.visitamalfi.info\/wp-content\/uploads\/2023\/04\/visit-amalfi-logo-web.png","width":800,"height":870,"caption":"Visit Amalfi"},"image":{"@id":"https:\/\/www.visitamalfi.info\/fr\/#\/schema\/logo\/image\/"},"sameAs":["https:\/\/www.facebook.com\/visitamalfiofficial","https:\/\/www.instagram.com\/visitamalfiofficial\/"]},{"@type":"Person","@id":"https:\/\/www.visitamalfi.info\/fr\/#\/schema\/person\/0c7584af846d5d2da6c69f7e68f3af96","name":"Federica Dumont","image":{"@type":"ImageObject","inLanguage":"fr-FR","@id":"https:\/\/secure.gravatar.com\/avatar\/0803dab414b6c6f1fd2399680f587870a020419b6ebe9d36dd75df06a6a68060?s=96&d=mm&r=g","url":"https:\/\/secure.gravatar.com\/avatar\/0803dab414b6c6f1fd2399680f587870a020419b6ebe9d36dd75df06a6a68060?s=96&d=mm&r=g","contentUrl":"https:\/\/secure.gravatar.com\/avatar\/0803dab414b6c6f1fd2399680f587870a020419b6ebe9d36dd75df06a6a68060?s=96&d=mm&r=g","caption":"Federica Dumont"},"url":"https:\/\/www.visitamalfi.info\/fr\/author\/federica\/"}]}},"_links":{"self":[{"href":"https:\/\/www.visitamalfi.info\/fr\/wp-json\/wp\/v2\/posts\/23011","targetHints":{"allow":["GET"]}}],"collection":[{"href":"https:\/\/www.visitamalfi.info\/fr\/wp-json\/wp\/v2\/posts"}],"about":[{"href":"https:\/\/www.visitamalfi.info\/fr\/wp-json\/wp\/v2\/types\/post"}],"author":[{"embeddable":true,"href":"https:\/\/www.visitamalfi.info\/fr\/wp-json\/wp\/v2\/users\/7"}],"replies":[{"embeddable":true,"href":"https:\/\/www.visitamalfi.info\/fr\/wp-json\/wp\/v2\/comments?post=23011"}],"version-history":[{"count":0,"href":"https:\/\/www.visitamalfi.info\/fr\/wp-json\/wp\/v2\/posts\/23011\/revisions"}],"wp:featuredmedia":[{"embeddable":true,"href":"https:\/\/www.visitamalfi.info\/fr\/wp-json\/wp\/v2\/media\/20132"}],"wp:attachment":[{"href":"https:\/\/www.visitamalfi.info\/fr\/wp-json\/wp\/v2\/media?parent=23011"}],"wp:term":[{"taxonomy":"category","embeddable":true,"href":"https:\/\/www.visitamalfi.info\/fr\/wp-json\/wp\/v2\/categories?post=23011"},{"taxonomy":"post_tag","embeddable":true,"href":"https:\/\/www.visitamalfi.info\/fr\/wp-json\/wp\/v2\/tags?post=23011"}],"curies":[{"name":"wp","href":"https:\/\/api.w.org\/{rel}","templated":true}]}}