{"id":22512,"date":"2025-08-29T18:00:55","date_gmt":"2025-08-29T16:00:55","guid":{"rendered":"https:\/\/www.visitamalfi.info\/mario-biondi-revient-en-campanie-un-spectacle-incontournable-a-amalfi\/"},"modified":"2025-08-29T18:00:55","modified_gmt":"2025-08-29T16:00:55","slug":"mario-biondi-revient-en-campanie-un-spectacle-incontournable-a-amalfi","status":"publish","type":"post","link":"https:\/\/www.visitamalfi.info\/fr\/mario-biondi-revient-en-campanie-un-spectacle-incontournable-a-amalfi\/","title":{"rendered":"Mario Biondi revient en Campanie : un spectacle incontournable \u00e0 Amalfi"},"content":{"rendered":"<p data-start=\"215\" data-end=\"683\">Apr\u00e8s deux ann\u00e9es de records et plus de <strong data-start=\"251\" data-end=\"285\">110 concerts dans le monde entier<\/strong>, Mario Biondi revient enfin en Campanie pour un \u00e9v\u00e9nement sp\u00e9cial qui promet de rester dans le c\u0153ur des fans. Le <strong>dimanche 31 ao\u00fbt<\/strong>, Amalfi sera le th\u00e9\u00e2tre d&#8217;un spectacle unique, o\u00f9 le crooner sicilien offrira des \u00e9motions authentiques, accompagn\u00e9 par trois musiciens extraordinaires : <strong data-start=\"567\" data-end=\"587\">Elisabetta Serio<\/strong> au piano, <strong data-start=\"603\" data-end=\"623\">Francesca Regimi<\/strong> \u00e0 la batterie et <strong data-start=\"640\" data-end=\"656\">Aldo Capasso<\/strong> \u00e0 la basse et \u00e0 la contrebasse.<\/p>\n<p data-start=\"685\" data-end=\"1404\"><img fetchpriority=\"high\" decoding=\"async\" class=\"size-medium wp-image-22503 alignleft\" src=\"https:\/\/www.visitamalfi.info\/wp-content\/uploads\/2025\/08\/Mario-Biondi-3_reference-1-229x300.jpg\" alt=\"\" width=\"229\" height=\"300\" srcset=\"https:\/\/www.visitamalfi.info\/wp-content\/uploads\/2025\/08\/Mario-Biondi-3_reference-1-229x300.jpg 229w, https:\/\/www.visitamalfi.info\/wp-content\/uploads\/2025\/08\/Mario-Biondi-3_reference-1-780x1024.jpg 780w, https:\/\/www.visitamalfi.info\/wp-content\/uploads\/2025\/08\/Mario-Biondi-3_reference-1-768x1008.jpg 768w, https:\/\/www.visitamalfi.info\/wp-content\/uploads\/2025\/08\/Mario-Biondi-3_reference-1.jpg 1080w\" sizes=\"(max-width: 229px) 100vw, 229px\" \/>N\u00e9 en 1971 et originaire de Catane, Mario Biondi (anagrafe Mario Ranno) cultive une passion pour la musique depuis l&#8217;enfance, influenc\u00e9 par son p\u00e8re Stefano Biondi, chanteur et premier grand exemple de vie musicale. Sa carri\u00e8re artistique prend une tournure internationale avec le single<em>&#8220;This Is What You Are<\/em>&#8220;, lanc\u00e9 sur les radios europ\u00e9ennes gr\u00e2ce \u00e0 une rencontre avec le c\u00e9l\u00e8bre DJ de la BBC1 Norman Jay. Depuis, la carri\u00e8re de Biondi est une succession de succ\u00e8s : le premier album <em data-start=\"1175\" data-end=\"1192\">Handful of Soul<\/em> en 2006, le double album avec le Duke Orchestra<em data-start=\"1242\" data-end=\"1259\">(I Love You More<\/em> et <em data-start=\"1262\" data-end=\"1266\">If<\/em>) qui a \u00e9t\u00e9 triple disque de platine, des concerts \u00e0 guichets ferm\u00e9s dans le monde entier et la participation aux festivals de jazz europ\u00e9ens et italiens les plus prestigieux.<\/p>\n<p data-start=\"1406\" data-end=\"1813\">Avec son timbre de voix unique, chaud et profond, Mario Biondi a fusionn\u00e9 la tradition soul am\u00e9ricaine avec les influences italiennes des ann\u00e9es 1960 et la bossa nova br\u00e9silienne, cr\u00e9ant un style \u00e9l\u00e9gant et unique. Son nouveau projet, <strong data-start=\"1650\" data-end=\"1673\">Crooning Undercover<\/strong>, a conquis plus de 100 sc\u00e8nes en Italie et dans 22 pays du monde, le confirmant comme l&#8217;un des crooners les plus appr\u00e9ci\u00e9s au niveau international.<\/p>\n<p data-start=\"1815\" data-end=\"2080\">L&#8217;\u00e9v\u00e9nement d&#8217;Amalfi ne sera pas un simple concert, mais une exp\u00e9rience intime et \u00e9l\u00e9gante : un voyage \u00e0 travers les plus c\u00e9l\u00e8bres succ\u00e8s et m\u00e9lodies qui ont marqu\u00e9 la carri\u00e8re de Biondi, le tout plong\u00e9 dans l&#8217;atmosph\u00e8re festive et raffin\u00e9e que seule une voix comme la sienne peut cr\u00e9er.<\/p>\n<p data-start=\"2082\" data-end=\"2351\">Si vous aimez la musique soul, le jazz de classe et les soir\u00e9es qui laissent leur empreinte, ne manquez pas l&#8217;occasion de d\u00e9couvrir ce spectacle en direct. Amalfi, avec sa magie et sa beaut\u00e9 intemporelle, sera le cadre parfait pour une soir\u00e9e d&#8217;\u00e9motions authentiques et de notes inoubliables.<\/p>\n","protected":false},"excerpt":{"rendered":"<p>Apr\u00e8s deux ann\u00e9es de records et plus de 110 concerts dans le monde entier, Mario Biondi revient enfin en Campanie pour un \u00e9v\u00e9nement sp\u00e9cial qui promet de rester dans le [&hellip;]<\/p>\n","protected":false},"author":7,"featured_media":22500,"comment_status":"open","ping_status":"closed","sticky":false,"template":"","format":"standard","meta":{"inline_featured_image":false,"footnotes":""},"categories":[810],"tags":[],"class_list":["post-22512","post","type-post","status-publish","format-standard","has-post-thumbnail","hentry","category-eventi-fr"],"yoast_head":"<!-- This site is optimized with the Yoast SEO plugin v27.3 - https:\/\/yoast.com\/product\/yoast-seo-wordpress\/ -->\n<title>Mario Biondi revient en Campanie : un spectacle incontournable \u00e0 Amalfi - Visit Amalfi<\/title>\n<meta name=\"robots\" content=\"index, follow, max-snippet:-1, max-image-preview:large, max-video-preview:-1\" \/>\n<link rel=\"canonical\" href=\"https:\/\/www.visitamalfi.info\/fr\/mario-biondi-revient-en-campanie-un-spectacle-incontournable-a-amalfi\/\" \/>\n<meta property=\"og:locale\" content=\"fr_FR\" \/>\n<meta property=\"og:type\" content=\"article\" \/>\n<meta property=\"og:title\" content=\"Mario Biondi revient en Campanie : un spectacle incontournable \u00e0 Amalfi - Visit Amalfi\" \/>\n<meta property=\"og:description\" content=\"Apr\u00e8s deux ann\u00e9es de records et plus de 110 concerts dans le monde entier, Mario Biondi revient enfin en Campanie pour un \u00e9v\u00e9nement sp\u00e9cial qui promet de rester dans le [&hellip;]\" \/>\n<meta property=\"og:url\" content=\"https:\/\/www.visitamalfi.info\/fr\/mario-biondi-revient-en-campanie-un-spectacle-incontournable-a-amalfi\/\" \/>\n<meta property=\"og:site_name\" content=\"Visit Amalfi\" \/>\n<meta property=\"article:publisher\" content=\"https:\/\/www.facebook.com\/visitamalfiofficial\" \/>\n<meta property=\"article:published_time\" content=\"2025-08-29T16:00:55+00:00\" \/>\n<meta property=\"og:image\" content=\"https:\/\/www.visitamalfi.info\/wp-content\/uploads\/2025\/08\/Mario-Biondi-3_reference-e1756483175759.jpg\" \/>\n\t<meta property=\"og:image:width\" content=\"1080\" \/>\n\t<meta property=\"og:image:height\" content=\"1417\" \/>\n\t<meta property=\"og:image:type\" content=\"image\/jpeg\" \/>\n<meta name=\"author\" content=\"Federica Dumont\" \/>\n<meta name=\"twitter:card\" content=\"summary_large_image\" \/>\n<meta name=\"twitter:label1\" content=\"\u00c9crit par\" \/>\n\t<meta name=\"twitter:data1\" content=\"Federica Dumont\" \/>\n\t<meta name=\"twitter:label2\" content=\"Dur\u00e9e de lecture estim\u00e9e\" \/>\n\t<meta name=\"twitter:data2\" content=\"2 minutes\" \/>\n<script type=\"application\/ld+json\" class=\"yoast-schema-graph\">{\"@context\":\"https:\\\/\\\/schema.org\",\"@graph\":[{\"@type\":\"Article\",\"@id\":\"https:\\\/\\\/www.visitamalfi.info\\\/fr\\\/mario-biondi-revient-en-campanie-un-spectacle-incontournable-a-amalfi\\\/#article\",\"isPartOf\":{\"@id\":\"https:\\\/\\\/www.visitamalfi.info\\\/fr\\\/mario-biondi-revient-en-campanie-un-spectacle-incontournable-a-amalfi\\\/\"},\"author\":{\"name\":\"Federica Dumont\",\"@id\":\"https:\\\/\\\/www.visitamalfi.info\\\/fr\\\/#\\\/schema\\\/person\\\/0c7584af846d5d2da6c69f7e68f3af96\"},\"headline\":\"Mario Biondi revient en Campanie : un spectacle incontournable \u00e0 Amalfi\",\"datePublished\":\"2025-08-29T16:00:55+00:00\",\"mainEntityOfPage\":{\"@id\":\"https:\\\/\\\/www.visitamalfi.info\\\/fr\\\/mario-biondi-revient-en-campanie-un-spectacle-incontournable-a-amalfi\\\/\"},\"wordCount\":408,\"commentCount\":0,\"publisher\":{\"@id\":\"https:\\\/\\\/www.visitamalfi.info\\\/fr\\\/#organization\"},\"image\":{\"@id\":\"https:\\\/\\\/www.visitamalfi.info\\\/fr\\\/mario-biondi-revient-en-campanie-un-spectacle-incontournable-a-amalfi\\\/#primaryimage\"},\"thumbnailUrl\":\"https:\\\/\\\/www.visitamalfi.info\\\/wp-content\\\/uploads\\\/2025\\\/08\\\/Mario-Biondi-3_reference-e1756483175759.jpg\",\"articleSection\":[\"Eventi\"],\"inLanguage\":\"fr-FR\",\"potentialAction\":[{\"@type\":\"CommentAction\",\"name\":\"Comment\",\"target\":[\"https:\\\/\\\/www.visitamalfi.info\\\/fr\\\/mario-biondi-revient-en-campanie-un-spectacle-incontournable-a-amalfi\\\/#respond\"]}]},{\"@type\":\"WebPage\",\"@id\":\"https:\\\/\\\/www.visitamalfi.info\\\/fr\\\/mario-biondi-revient-en-campanie-un-spectacle-incontournable-a-amalfi\\\/\",\"url\":\"https:\\\/\\\/www.visitamalfi.info\\\/fr\\\/mario-biondi-revient-en-campanie-un-spectacle-incontournable-a-amalfi\\\/\",\"name\":\"Mario Biondi revient en Campanie : un spectacle incontournable \u00e0 Amalfi - Visit Amalfi\",\"isPartOf\":{\"@id\":\"https:\\\/\\\/www.visitamalfi.info\\\/fr\\\/#website\"},\"primaryImageOfPage\":{\"@id\":\"https:\\\/\\\/www.visitamalfi.info\\\/fr\\\/mario-biondi-revient-en-campanie-un-spectacle-incontournable-a-amalfi\\\/#primaryimage\"},\"image\":{\"@id\":\"https:\\\/\\\/www.visitamalfi.info\\\/fr\\\/mario-biondi-revient-en-campanie-un-spectacle-incontournable-a-amalfi\\\/#primaryimage\"},\"thumbnailUrl\":\"https:\\\/\\\/www.visitamalfi.info\\\/wp-content\\\/uploads\\\/2025\\\/08\\\/Mario-Biondi-3_reference-e1756483175759.jpg\",\"datePublished\":\"2025-08-29T16:00:55+00:00\",\"breadcrumb\":{\"@id\":\"https:\\\/\\\/www.visitamalfi.info\\\/fr\\\/mario-biondi-revient-en-campanie-un-spectacle-incontournable-a-amalfi\\\/#breadcrumb\"},\"inLanguage\":\"fr-FR\",\"potentialAction\":[{\"@type\":\"ReadAction\",\"target\":[\"https:\\\/\\\/www.visitamalfi.info\\\/fr\\\/mario-biondi-revient-en-campanie-un-spectacle-incontournable-a-amalfi\\\/\"]}]},{\"@type\":\"ImageObject\",\"inLanguage\":\"fr-FR\",\"@id\":\"https:\\\/\\\/www.visitamalfi.info\\\/fr\\\/mario-biondi-revient-en-campanie-un-spectacle-incontournable-a-amalfi\\\/#primaryimage\",\"url\":\"https:\\\/\\\/www.visitamalfi.info\\\/wp-content\\\/uploads\\\/2025\\\/08\\\/Mario-Biondi-3_reference-e1756483175759.jpg\",\"contentUrl\":\"https:\\\/\\\/www.visitamalfi.info\\\/wp-content\\\/uploads\\\/2025\\\/08\\\/Mario-Biondi-3_reference-e1756483175759.jpg\",\"width\":1080,\"height\":1417},{\"@type\":\"BreadcrumbList\",\"@id\":\"https:\\\/\\\/www.visitamalfi.info\\\/fr\\\/mario-biondi-revient-en-campanie-un-spectacle-incontournable-a-amalfi\\\/#breadcrumb\",\"itemListElement\":[{\"@type\":\"ListItem\",\"position\":1,\"name\":\"Home\",\"item\":\"https:\\\/\\\/www.visitamalfi.info\\\/fr\\\/\"},{\"@type\":\"ListItem\",\"position\":2,\"name\":\"Mario Biondi revient en Campanie : un spectacle incontournable \u00e0 Amalfi\"}]},{\"@type\":\"WebSite\",\"@id\":\"https:\\\/\\\/www.visitamalfi.info\\\/fr\\\/#website\",\"url\":\"https:\\\/\\\/www.visitamalfi.info\\\/fr\\\/\",\"name\":\"Visit Amalfi\",\"description\":\"Amalfi Destination Official Website\",\"publisher\":{\"@id\":\"https:\\\/\\\/www.visitamalfi.info\\\/fr\\\/#organization\"},\"potentialAction\":[{\"@type\":\"SearchAction\",\"target\":{\"@type\":\"EntryPoint\",\"urlTemplate\":\"https:\\\/\\\/www.visitamalfi.info\\\/fr\\\/?s={search_term_string}\"},\"query-input\":{\"@type\":\"PropertyValueSpecification\",\"valueRequired\":true,\"valueName\":\"search_term_string\"}}],\"inLanguage\":\"fr-FR\"},{\"@type\":\"Organization\",\"@id\":\"https:\\\/\\\/www.visitamalfi.info\\\/fr\\\/#organization\",\"name\":\"Visit Amalfi\",\"url\":\"https:\\\/\\\/www.visitamalfi.info\\\/fr\\\/\",\"logo\":{\"@type\":\"ImageObject\",\"inLanguage\":\"fr-FR\",\"@id\":\"https:\\\/\\\/www.visitamalfi.info\\\/fr\\\/#\\\/schema\\\/logo\\\/image\\\/\",\"url\":\"https:\\\/\\\/www.visitamalfi.info\\\/wp-content\\\/uploads\\\/2023\\\/04\\\/visit-amalfi-logo-web.png\",\"contentUrl\":\"https:\\\/\\\/www.visitamalfi.info\\\/wp-content\\\/uploads\\\/2023\\\/04\\\/visit-amalfi-logo-web.png\",\"width\":800,\"height\":870,\"caption\":\"Visit Amalfi\"},\"image\":{\"@id\":\"https:\\\/\\\/www.visitamalfi.info\\\/fr\\\/#\\\/schema\\\/logo\\\/image\\\/\"},\"sameAs\":[\"https:\\\/\\\/www.facebook.com\\\/visitamalfiofficial\",\"https:\\\/\\\/www.instagram.com\\\/visitamalfiofficial\\\/\"]},{\"@type\":\"Person\",\"@id\":\"https:\\\/\\\/www.visitamalfi.info\\\/fr\\\/#\\\/schema\\\/person\\\/0c7584af846d5d2da6c69f7e68f3af96\",\"name\":\"Federica Dumont\",\"image\":{\"@type\":\"ImageObject\",\"inLanguage\":\"fr-FR\",\"@id\":\"https:\\\/\\\/secure.gravatar.com\\\/avatar\\\/0803dab414b6c6f1fd2399680f587870a020419b6ebe9d36dd75df06a6a68060?s=96&d=mm&r=g\",\"url\":\"https:\\\/\\\/secure.gravatar.com\\\/avatar\\\/0803dab414b6c6f1fd2399680f587870a020419b6ebe9d36dd75df06a6a68060?s=96&d=mm&r=g\",\"contentUrl\":\"https:\\\/\\\/secure.gravatar.com\\\/avatar\\\/0803dab414b6c6f1fd2399680f587870a020419b6ebe9d36dd75df06a6a68060?s=96&d=mm&r=g\",\"caption\":\"Federica Dumont\"},\"url\":\"https:\\\/\\\/www.visitamalfi.info\\\/fr\\\/author\\\/federica\\\/\"}]}<\/script>\n<!-- \/ Yoast SEO plugin. -->","yoast_head_json":{"title":"Mario Biondi revient en Campanie : un spectacle incontournable \u00e0 Amalfi - Visit Amalfi","robots":{"index":"index","follow":"follow","max-snippet":"max-snippet:-1","max-image-preview":"max-image-preview:large","max-video-preview":"max-video-preview:-1"},"canonical":"https:\/\/www.visitamalfi.info\/fr\/mario-biondi-revient-en-campanie-un-spectacle-incontournable-a-amalfi\/","og_locale":"fr_FR","og_type":"article","og_title":"Mario Biondi revient en Campanie : un spectacle incontournable \u00e0 Amalfi - Visit Amalfi","og_description":"Apr\u00e8s deux ann\u00e9es de records et plus de 110 concerts dans le monde entier, Mario Biondi revient enfin en Campanie pour un \u00e9v\u00e9nement sp\u00e9cial qui promet de rester dans le [&hellip;]","og_url":"https:\/\/www.visitamalfi.info\/fr\/mario-biondi-revient-en-campanie-un-spectacle-incontournable-a-amalfi\/","og_site_name":"Visit Amalfi","article_publisher":"https:\/\/www.facebook.com\/visitamalfiofficial","article_published_time":"2025-08-29T16:00:55+00:00","og_image":[{"width":1080,"height":1417,"url":"https:\/\/www.visitamalfi.info\/wp-content\/uploads\/2025\/08\/Mario-Biondi-3_reference-e1756483175759.jpg","type":"image\/jpeg"}],"author":"Federica Dumont","twitter_card":"summary_large_image","twitter_misc":{"\u00c9crit par":"Federica Dumont","Dur\u00e9e de lecture estim\u00e9e":"2 minutes"},"schema":{"@context":"https:\/\/schema.org","@graph":[{"@type":"Article","@id":"https:\/\/www.visitamalfi.info\/fr\/mario-biondi-revient-en-campanie-un-spectacle-incontournable-a-amalfi\/#article","isPartOf":{"@id":"https:\/\/www.visitamalfi.info\/fr\/mario-biondi-revient-en-campanie-un-spectacle-incontournable-a-amalfi\/"},"author":{"name":"Federica Dumont","@id":"https:\/\/www.visitamalfi.info\/fr\/#\/schema\/person\/0c7584af846d5d2da6c69f7e68f3af96"},"headline":"Mario Biondi revient en Campanie : un spectacle incontournable \u00e0 Amalfi","datePublished":"2025-08-29T16:00:55+00:00","mainEntityOfPage":{"@id":"https:\/\/www.visitamalfi.info\/fr\/mario-biondi-revient-en-campanie-un-spectacle-incontournable-a-amalfi\/"},"wordCount":408,"commentCount":0,"publisher":{"@id":"https:\/\/www.visitamalfi.info\/fr\/#organization"},"image":{"@id":"https:\/\/www.visitamalfi.info\/fr\/mario-biondi-revient-en-campanie-un-spectacle-incontournable-a-amalfi\/#primaryimage"},"thumbnailUrl":"https:\/\/www.visitamalfi.info\/wp-content\/uploads\/2025\/08\/Mario-Biondi-3_reference-e1756483175759.jpg","articleSection":["Eventi"],"inLanguage":"fr-FR","potentialAction":[{"@type":"CommentAction","name":"Comment","target":["https:\/\/www.visitamalfi.info\/fr\/mario-biondi-revient-en-campanie-un-spectacle-incontournable-a-amalfi\/#respond"]}]},{"@type":"WebPage","@id":"https:\/\/www.visitamalfi.info\/fr\/mario-biondi-revient-en-campanie-un-spectacle-incontournable-a-amalfi\/","url":"https:\/\/www.visitamalfi.info\/fr\/mario-biondi-revient-en-campanie-un-spectacle-incontournable-a-amalfi\/","name":"Mario Biondi revient en Campanie : un spectacle incontournable \u00e0 Amalfi - Visit Amalfi","isPartOf":{"@id":"https:\/\/www.visitamalfi.info\/fr\/#website"},"primaryImageOfPage":{"@id":"https:\/\/www.visitamalfi.info\/fr\/mario-biondi-revient-en-campanie-un-spectacle-incontournable-a-amalfi\/#primaryimage"},"image":{"@id":"https:\/\/www.visitamalfi.info\/fr\/mario-biondi-revient-en-campanie-un-spectacle-incontournable-a-amalfi\/#primaryimage"},"thumbnailUrl":"https:\/\/www.visitamalfi.info\/wp-content\/uploads\/2025\/08\/Mario-Biondi-3_reference-e1756483175759.jpg","datePublished":"2025-08-29T16:00:55+00:00","breadcrumb":{"@id":"https:\/\/www.visitamalfi.info\/fr\/mario-biondi-revient-en-campanie-un-spectacle-incontournable-a-amalfi\/#breadcrumb"},"inLanguage":"fr-FR","potentialAction":[{"@type":"ReadAction","target":["https:\/\/www.visitamalfi.info\/fr\/mario-biondi-revient-en-campanie-un-spectacle-incontournable-a-amalfi\/"]}]},{"@type":"ImageObject","inLanguage":"fr-FR","@id":"https:\/\/www.visitamalfi.info\/fr\/mario-biondi-revient-en-campanie-un-spectacle-incontournable-a-amalfi\/#primaryimage","url":"https:\/\/www.visitamalfi.info\/wp-content\/uploads\/2025\/08\/Mario-Biondi-3_reference-e1756483175759.jpg","contentUrl":"https:\/\/www.visitamalfi.info\/wp-content\/uploads\/2025\/08\/Mario-Biondi-3_reference-e1756483175759.jpg","width":1080,"height":1417},{"@type":"BreadcrumbList","@id":"https:\/\/www.visitamalfi.info\/fr\/mario-biondi-revient-en-campanie-un-spectacle-incontournable-a-amalfi\/#breadcrumb","itemListElement":[{"@type":"ListItem","position":1,"name":"Home","item":"https:\/\/www.visitamalfi.info\/fr\/"},{"@type":"ListItem","position":2,"name":"Mario Biondi revient en Campanie : un spectacle incontournable \u00e0 Amalfi"}]},{"@type":"WebSite","@id":"https:\/\/www.visitamalfi.info\/fr\/#website","url":"https:\/\/www.visitamalfi.info\/fr\/","name":"Visit Amalfi","description":"Amalfi Destination Official Website","publisher":{"@id":"https:\/\/www.visitamalfi.info\/fr\/#organization"},"potentialAction":[{"@type":"SearchAction","target":{"@type":"EntryPoint","urlTemplate":"https:\/\/www.visitamalfi.info\/fr\/?s={search_term_string}"},"query-input":{"@type":"PropertyValueSpecification","valueRequired":true,"valueName":"search_term_string"}}],"inLanguage":"fr-FR"},{"@type":"Organization","@id":"https:\/\/www.visitamalfi.info\/fr\/#organization","name":"Visit Amalfi","url":"https:\/\/www.visitamalfi.info\/fr\/","logo":{"@type":"ImageObject","inLanguage":"fr-FR","@id":"https:\/\/www.visitamalfi.info\/fr\/#\/schema\/logo\/image\/","url":"https:\/\/www.visitamalfi.info\/wp-content\/uploads\/2023\/04\/visit-amalfi-logo-web.png","contentUrl":"https:\/\/www.visitamalfi.info\/wp-content\/uploads\/2023\/04\/visit-amalfi-logo-web.png","width":800,"height":870,"caption":"Visit Amalfi"},"image":{"@id":"https:\/\/www.visitamalfi.info\/fr\/#\/schema\/logo\/image\/"},"sameAs":["https:\/\/www.facebook.com\/visitamalfiofficial","https:\/\/www.instagram.com\/visitamalfiofficial\/"]},{"@type":"Person","@id":"https:\/\/www.visitamalfi.info\/fr\/#\/schema\/person\/0c7584af846d5d2da6c69f7e68f3af96","name":"Federica Dumont","image":{"@type":"ImageObject","inLanguage":"fr-FR","@id":"https:\/\/secure.gravatar.com\/avatar\/0803dab414b6c6f1fd2399680f587870a020419b6ebe9d36dd75df06a6a68060?s=96&d=mm&r=g","url":"https:\/\/secure.gravatar.com\/avatar\/0803dab414b6c6f1fd2399680f587870a020419b6ebe9d36dd75df06a6a68060?s=96&d=mm&r=g","contentUrl":"https:\/\/secure.gravatar.com\/avatar\/0803dab414b6c6f1fd2399680f587870a020419b6ebe9d36dd75df06a6a68060?s=96&d=mm&r=g","caption":"Federica Dumont"},"url":"https:\/\/www.visitamalfi.info\/fr\/author\/federica\/"}]}},"_links":{"self":[{"href":"https:\/\/www.visitamalfi.info\/fr\/wp-json\/wp\/v2\/posts\/22512","targetHints":{"allow":["GET"]}}],"collection":[{"href":"https:\/\/www.visitamalfi.info\/fr\/wp-json\/wp\/v2\/posts"}],"about":[{"href":"https:\/\/www.visitamalfi.info\/fr\/wp-json\/wp\/v2\/types\/post"}],"author":[{"embeddable":true,"href":"https:\/\/www.visitamalfi.info\/fr\/wp-json\/wp\/v2\/users\/7"}],"replies":[{"embeddable":true,"href":"https:\/\/www.visitamalfi.info\/fr\/wp-json\/wp\/v2\/comments?post=22512"}],"version-history":[{"count":0,"href":"https:\/\/www.visitamalfi.info\/fr\/wp-json\/wp\/v2\/posts\/22512\/revisions"}],"wp:featuredmedia":[{"embeddable":true,"href":"https:\/\/www.visitamalfi.info\/fr\/wp-json\/wp\/v2\/media\/22500"}],"wp:attachment":[{"href":"https:\/\/www.visitamalfi.info\/fr\/wp-json\/wp\/v2\/media?parent=22512"}],"wp:term":[{"taxonomy":"category","embeddable":true,"href":"https:\/\/www.visitamalfi.info\/fr\/wp-json\/wp\/v2\/categories?post=22512"},{"taxonomy":"post_tag","embeddable":true,"href":"https:\/\/www.visitamalfi.info\/fr\/wp-json\/wp\/v2\/tags?post=22512"}],"curies":[{"name":"wp","href":"https:\/\/api.w.org\/{rel}","templated":true}]}}