{"id":22430,"date":"2025-08-06T10:58:55","date_gmt":"2025-08-06T08:58:55","guid":{"rendered":"https:\/\/www.visitamalfi.info\/aout-a-amalfi-un-mois-magique-et-passionnant-de-musique-et-detoiles\/"},"modified":"2025-08-06T10:58:55","modified_gmt":"2025-08-06T08:58:55","slug":"aout-a-amalfi-un-mois-magique-et-passionnant-de-musique-et-detoiles","status":"publish","type":"post","link":"https:\/\/www.visitamalfi.info\/fr\/aout-a-amalfi-un-mois-magique-et-passionnant-de-musique-et-detoiles\/","title":{"rendered":"Ao\u00fbt \u00e0 Amalfi : un mois magique et passionnant de musique et d&#8217;\u00e9toiles !"},"content":{"rendered":"<p data-start=\"225\" data-end=\"623\">\u00c0 Amalfi, l&#8217;\u00e9t\u00e9 2025 brille plus que jamais ! L&#8217;excitation atteint son paroxysme en AO\u00dbT, avec des soir\u00e9es inoubliables sous le ciel \u00e9toil\u00e9 de la ville.<\/p>\n<p data-start=\"225\" data-end=\"623\">Cette ann\u00e9e encore, l&#8217;<strong data-start=\"364\" data-end=\"391\">Amalfi Summer Fest 2025<\/strong> apporte \u00e0 la ville un calendrier d&#8217;\u00e9v\u00e9nements pleins de musique, de divertissement et d&#8217;enchantement. Un m\u00e9lange de tradition, d&#8217;hommages \u00e0 de grands noms de la musique italienne, de sons contemporains et de moments d&#8217;\u00e9motion pure qui font battre le c\u0153ur des citoyens et des visiteurs sous un merveilleux ciel \u00e9toil\u00e9.<\/p>\n<h3 data-start=\"625\" data-end=\"661\"><em data-start=\"632\" data-end=\"659\">Mandolines sous les \u00e9toiles &#8211; 8 ao\u00fbt<\/em><\/h3>\n<p data-start=\"662\" data-end=\"943\">Un d\u00e9but po\u00e9tique qui sent bon la tradition pour le mois le plus attendu de l&#8217;\u00e9t\u00e9. L&#8217;\u00e9motion devient musique avec les douces notes des <strong data-start=\"765\" data-end=\"778\">mandolines<\/strong>, qui r\u00e9sonnent sur la Piazza Duomo sous les \u00e9toiles. Un rendez-vous romantique et suggestif, capable de rendre \u00e0 Amalfi son \u00e2me la plus authentique.<\/p>\n<h3 data-start=\"945\" data-end=\"979\"><em data-start=\"952\" data-end=\"977\">Frankie &amp; Canthina Band -14 <\/em><em data-start=\"632\" data-end=\"659\">Ao\u00fbt<\/em><\/h3>\n<p data-start=\"980\" data-end=\"1242\">Une soir\u00e9e explosive avec l&#8217;un des groupes les plus appr\u00e9ci\u00e9s de la sc\u00e8ne funky italienne et toujours tr\u00e8s appr\u00e9ci\u00e9 \u00e0 Amalfi. Rythme, \u00e9nergie et plaisir garantis : <strong data-start=\"1101\" data-end=\"1128\">Frankie &amp; Canthina Band<\/strong> pr\u00e9sente un spectacle captivant qui, comme toujours, fera danser tout le carr\u00e9, avec un son qui allie rythme et passion. Mais le plaisir ne s&#8217;arr\u00eate pas l\u00e0. DJ set de cl\u00f4ture avec Eddie J Warner et Filippo di Costanzo.<\/p>\n<h3 data-start=\"1244\" data-end=\"1276\"><em data-start=\"1251\" data-end=\"1274\">Les G\u00e9meaux de Guidonia &#8211; 22 ao\u00fbt<\/em><\/h3>\n<p data-start=\"1277\" data-end=\"1532\">Avec leur \u00e9nergie impeccable et leur ironie irr\u00e9sistible, <strong data-start=\"1342\" data-end=\"1367\">les Guidonia Twins<\/strong> enchantent et divertissent. Un voyage bouleversant entre musique et com\u00e9die, avec des moments hilarants. Le m\u00e9lange parfait pour une soir\u00e9e en famille ou entre amis.<\/p>\n<h3 data-start=\"1534\" data-end=\"1595\"><em data-start=\"1541\" data-end=\"1562\">Giacomo in the Mood<\/em> &#8211; Concert hommage \u00e0 De Simone &#8211; 26 ao\u00fbt<\/h3>\n<p data-start=\"1596\" data-end=\"1839\">Un \u00e9v\u00e9nement sp\u00e9cial, d\u00e9licat et profond : <strong data-start=\"1637\" data-end=\"1660\">Giacomo in the Mood<\/strong> est un hommage sinc\u00e8re et raffin\u00e9 au maestro<strong data-start=\"1705\" data-end=\"1726\"> De Simone<\/strong>, entre musique cultiv\u00e9e et tradition populaire. Une occasion unique de d\u00e9couvrir ou red\u00e9couvrir l&#8217;\u00e2me culturelle du Sud.<\/p>\n<h3 data-start=\"1841\" data-end=\"1874\"><em data-start=\"1848\" data-end=\"1872\">Jovanotti Tribute Band &#8211; 27 ao\u00fbt<\/em><\/h3>\n<p data-start=\"1875\" data-end=\"2141\">De l&#8217;\u00e9nergie \u00e0 l&#8217;\u00e9tat pur, un \u00e9t\u00e9 qui explose, la libert\u00e9 et l&#8217;envie de chanter \u00e0 tue-t\u00eate : le <strong data-start=\"1956\" data-end=\"1982\">Jovanotti Tribute Band<\/strong> met en sc\u00e8ne les plus grands succ\u00e8s de l&#8217;artiste dans un concert \u00e0 vivre, dont &#8220;Penso positivo&#8221;, &#8220;L&#8217;ombelico del mondo&#8221; et bien d&#8217;autres chansons embl\u00e9matiques.<\/p>\n<p data-start=\"1875\" data-end=\"2141\">Et enfin.<\/p>\n<h3 data-start=\"2143\" data-end=\"2178\"><em data-start=\"2150\" data-end=\"2176\">Mario Biondi en concert &#8211; 31 ao\u00fbt<\/em><\/h3>\n<p data-start=\"2179\" data-end=\"2418\">Pour clore le mois avec \u00e9l\u00e9gance, la voix profonde et inimitable de <strong data-start=\"2249\" data-end=\"2265\">Mario Biondi<\/strong>, qui offrira \u00e0 Amalfi une soir\u00e9e classieuse de soul, de jazz et d&#8217;atmosph\u00e8res raffin\u00e9es. Un concert qui promet d&#8217;\u00eatre m\u00e9morable, dans un cadre \u00e9poustouflant.<\/p>\n<p data-start=\"2179\" data-end=\"2418\">En bref, Amalfi au mois d&#8217;ao\u00fbt s&#8217;illumine. \u00cates-vous pr\u00eats ?<\/p>\n<p data-start=\"2680\" data-end=\"2800\">Suivez la page Instagram de <strong data-start=\"2709\" data-end=\"2725\">Visit Amalfi<\/strong> pour des mises \u00e0 jour, des histoires en direct et du contenu exclusif des \u00e9v\u00e9nements.<\/p>\n<p data-start=\"2802\" data-end=\"2864\"><strong data-start=\"2802\" data-end=\"2864\">Amalfi vous attend : vivez un mois d&#8217;ao\u00fbt inoubliable avec nous.<\/strong><\/p>\n<h3 data-start=\"945\" data-end=\"979\"><\/h3>\n<h3 data-start=\"625\" data-end=\"661\"><\/h3>\n","protected":false},"excerpt":{"rendered":"<p>\u00c0 Amalfi, l&#8217;\u00e9t\u00e9 2025 brille plus que jamais ! L&#8217;excitation atteint son paroxysme en AO\u00dbT, avec des soir\u00e9es inoubliables sous le ciel \u00e9toil\u00e9 de la ville. Cette ann\u00e9e encore, l&#8217;Amalfi [&hellip;]<\/p>\n","protected":false},"author":7,"featured_media":22077,"comment_status":"open","ping_status":"closed","sticky":false,"template":"","format":"standard","meta":{"inline_featured_image":false,"footnotes":""},"categories":[891,810,812],"tags":[],"class_list":["post-22430","post","type-post","status-publish","format-standard","has-post-thumbnail","hentry","category-consigli-di-viaggio","category-eventi-fr","category-tradition"],"yoast_head":"<!-- This site is optimized with the Yoast SEO plugin v27.3 - https:\/\/yoast.com\/product\/yoast-seo-wordpress\/ -->\n<title>Ao\u00fbt \u00e0 Amalfi : un mois magique et passionnant de musique et d&#039;\u00e9toiles ! - Visit Amalfi<\/title>\n<meta name=\"robots\" content=\"index, follow, max-snippet:-1, max-image-preview:large, max-video-preview:-1\" \/>\n<link rel=\"canonical\" href=\"https:\/\/www.visitamalfi.info\/fr\/aout-a-amalfi-un-mois-magique-et-passionnant-de-musique-et-detoiles\/\" \/>\n<meta property=\"og:locale\" content=\"fr_FR\" \/>\n<meta property=\"og:type\" content=\"article\" \/>\n<meta property=\"og:title\" content=\"Ao\u00fbt \u00e0 Amalfi : un mois magique et passionnant de musique et d&#039;\u00e9toiles ! - Visit Amalfi\" \/>\n<meta property=\"og:description\" content=\"\u00c0 Amalfi, l&#8217;\u00e9t\u00e9 2025 brille plus que jamais ! L&#8217;excitation atteint son paroxysme en AO\u00dbT, avec des soir\u00e9es inoubliables sous le ciel \u00e9toil\u00e9 de la ville. Cette ann\u00e9e encore, l&#8217;Amalfi [&hellip;]\" \/>\n<meta property=\"og:url\" content=\"https:\/\/www.visitamalfi.info\/fr\/aout-a-amalfi-un-mois-magique-et-passionnant-de-musique-et-detoiles\/\" \/>\n<meta property=\"og:site_name\" content=\"Visit Amalfi\" \/>\n<meta property=\"article:publisher\" content=\"https:\/\/www.facebook.com\/visitamalfiofficial\" \/>\n<meta property=\"article:published_time\" content=\"2025-08-06T08:58:55+00:00\" \/>\n<meta name=\"author\" content=\"Federica Dumont\" \/>\n<meta name=\"twitter:card\" content=\"summary_large_image\" \/>\n<meta name=\"twitter:label1\" content=\"\u00c9crit par\" \/>\n\t<meta name=\"twitter:data1\" content=\"Federica Dumont\" \/>\n\t<meta name=\"twitter:label2\" content=\"Dur\u00e9e de lecture estim\u00e9e\" \/>\n\t<meta name=\"twitter:data2\" content=\"2 minutes\" \/>\n<script type=\"application\/ld+json\" class=\"yoast-schema-graph\">{\"@context\":\"https:\\\/\\\/schema.org\",\"@graph\":[{\"@type\":\"Article\",\"@id\":\"https:\\\/\\\/www.visitamalfi.info\\\/fr\\\/aout-a-amalfi-un-mois-magique-et-passionnant-de-musique-et-detoiles\\\/#article\",\"isPartOf\":{\"@id\":\"https:\\\/\\\/www.visitamalfi.info\\\/fr\\\/aout-a-amalfi-un-mois-magique-et-passionnant-de-musique-et-detoiles\\\/\"},\"author\":{\"name\":\"Federica Dumont\",\"@id\":\"https:\\\/\\\/www.visitamalfi.info\\\/fr\\\/#\\\/schema\\\/person\\\/0c7584af846d5d2da6c69f7e68f3af96\"},\"headline\":\"Ao\u00fbt \u00e0 Amalfi : un mois magique et passionnant de musique et d&#8217;\u00e9toiles !\",\"datePublished\":\"2025-08-06T08:58:55+00:00\",\"mainEntityOfPage\":{\"@id\":\"https:\\\/\\\/www.visitamalfi.info\\\/fr\\\/aout-a-amalfi-un-mois-magique-et-passionnant-de-musique-et-detoiles\\\/\"},\"wordCount\":513,\"commentCount\":0,\"publisher\":{\"@id\":\"https:\\\/\\\/www.visitamalfi.info\\\/fr\\\/#organization\"},\"image\":{\"@id\":\"https:\\\/\\\/www.visitamalfi.info\\\/fr\\\/aout-a-amalfi-un-mois-magique-et-passionnant-de-musique-et-detoiles\\\/#primaryimage\"},\"thumbnailUrl\":\"https:\\\/\\\/www.visitamalfi.info\\\/wp-content\\\/uploads\\\/2025\\\/06\\\/concerto-cover-queen-of-bulsara-foto-abbagnara-59-1.jpg\",\"articleSection\":[\"Consigli di viaggio\",\"Eventi\",\"tradition\"],\"inLanguage\":\"fr-FR\",\"potentialAction\":[{\"@type\":\"CommentAction\",\"name\":\"Comment\",\"target\":[\"https:\\\/\\\/www.visitamalfi.info\\\/fr\\\/aout-a-amalfi-un-mois-magique-et-passionnant-de-musique-et-detoiles\\\/#respond\"]}]},{\"@type\":\"WebPage\",\"@id\":\"https:\\\/\\\/www.visitamalfi.info\\\/fr\\\/aout-a-amalfi-un-mois-magique-et-passionnant-de-musique-et-detoiles\\\/\",\"url\":\"https:\\\/\\\/www.visitamalfi.info\\\/fr\\\/aout-a-amalfi-un-mois-magique-et-passionnant-de-musique-et-detoiles\\\/\",\"name\":\"Ao\u00fbt \u00e0 Amalfi : un mois magique et passionnant de musique et d'\u00e9toiles ! - Visit Amalfi\",\"isPartOf\":{\"@id\":\"https:\\\/\\\/www.visitamalfi.info\\\/fr\\\/#website\"},\"primaryImageOfPage\":{\"@id\":\"https:\\\/\\\/www.visitamalfi.info\\\/fr\\\/aout-a-amalfi-un-mois-magique-et-passionnant-de-musique-et-detoiles\\\/#primaryimage\"},\"image\":{\"@id\":\"https:\\\/\\\/www.visitamalfi.info\\\/fr\\\/aout-a-amalfi-un-mois-magique-et-passionnant-de-musique-et-detoiles\\\/#primaryimage\"},\"thumbnailUrl\":\"https:\\\/\\\/www.visitamalfi.info\\\/wp-content\\\/uploads\\\/2025\\\/06\\\/concerto-cover-queen-of-bulsara-foto-abbagnara-59-1.jpg\",\"datePublished\":\"2025-08-06T08:58:55+00:00\",\"breadcrumb\":{\"@id\":\"https:\\\/\\\/www.visitamalfi.info\\\/fr\\\/aout-a-amalfi-un-mois-magique-et-passionnant-de-musique-et-detoiles\\\/#breadcrumb\"},\"inLanguage\":\"fr-FR\",\"potentialAction\":[{\"@type\":\"ReadAction\",\"target\":[\"https:\\\/\\\/www.visitamalfi.info\\\/fr\\\/aout-a-amalfi-un-mois-magique-et-passionnant-de-musique-et-detoiles\\\/\"]}]},{\"@type\":\"ImageObject\",\"inLanguage\":\"fr-FR\",\"@id\":\"https:\\\/\\\/www.visitamalfi.info\\\/fr\\\/aout-a-amalfi-un-mois-magique-et-passionnant-de-musique-et-detoiles\\\/#primaryimage\",\"url\":\"https:\\\/\\\/www.visitamalfi.info\\\/wp-content\\\/uploads\\\/2025\\\/06\\\/concerto-cover-queen-of-bulsara-foto-abbagnara-59-1.jpg\",\"contentUrl\":\"https:\\\/\\\/www.visitamalfi.info\\\/wp-content\\\/uploads\\\/2025\\\/06\\\/concerto-cover-queen-of-bulsara-foto-abbagnara-59-1.jpg\",\"width\":1920,\"height\":1280},{\"@type\":\"BreadcrumbList\",\"@id\":\"https:\\\/\\\/www.visitamalfi.info\\\/fr\\\/aout-a-amalfi-un-mois-magique-et-passionnant-de-musique-et-detoiles\\\/#breadcrumb\",\"itemListElement\":[{\"@type\":\"ListItem\",\"position\":1,\"name\":\"Home\",\"item\":\"https:\\\/\\\/www.visitamalfi.info\\\/fr\\\/\"},{\"@type\":\"ListItem\",\"position\":2,\"name\":\"Ao\u00fbt \u00e0 Amalfi : un mois magique et passionnant de musique et d&#8217;\u00e9toiles !\"}]},{\"@type\":\"WebSite\",\"@id\":\"https:\\\/\\\/www.visitamalfi.info\\\/fr\\\/#website\",\"url\":\"https:\\\/\\\/www.visitamalfi.info\\\/fr\\\/\",\"name\":\"Visit Amalfi\",\"description\":\"Amalfi Destination Official Website\",\"publisher\":{\"@id\":\"https:\\\/\\\/www.visitamalfi.info\\\/fr\\\/#organization\"},\"potentialAction\":[{\"@type\":\"SearchAction\",\"target\":{\"@type\":\"EntryPoint\",\"urlTemplate\":\"https:\\\/\\\/www.visitamalfi.info\\\/fr\\\/?s={search_term_string}\"},\"query-input\":{\"@type\":\"PropertyValueSpecification\",\"valueRequired\":true,\"valueName\":\"search_term_string\"}}],\"inLanguage\":\"fr-FR\"},{\"@type\":\"Organization\",\"@id\":\"https:\\\/\\\/www.visitamalfi.info\\\/fr\\\/#organization\",\"name\":\"Visit Amalfi\",\"url\":\"https:\\\/\\\/www.visitamalfi.info\\\/fr\\\/\",\"logo\":{\"@type\":\"ImageObject\",\"inLanguage\":\"fr-FR\",\"@id\":\"https:\\\/\\\/www.visitamalfi.info\\\/fr\\\/#\\\/schema\\\/logo\\\/image\\\/\",\"url\":\"https:\\\/\\\/www.visitamalfi.info\\\/wp-content\\\/uploads\\\/2023\\\/04\\\/visit-amalfi-logo-web.png\",\"contentUrl\":\"https:\\\/\\\/www.visitamalfi.info\\\/wp-content\\\/uploads\\\/2023\\\/04\\\/visit-amalfi-logo-web.png\",\"width\":800,\"height\":870,\"caption\":\"Visit Amalfi\"},\"image\":{\"@id\":\"https:\\\/\\\/www.visitamalfi.info\\\/fr\\\/#\\\/schema\\\/logo\\\/image\\\/\"},\"sameAs\":[\"https:\\\/\\\/www.facebook.com\\\/visitamalfiofficial\",\"https:\\\/\\\/www.instagram.com\\\/visitamalfiofficial\\\/\"]},{\"@type\":\"Person\",\"@id\":\"https:\\\/\\\/www.visitamalfi.info\\\/fr\\\/#\\\/schema\\\/person\\\/0c7584af846d5d2da6c69f7e68f3af96\",\"name\":\"Federica Dumont\",\"image\":{\"@type\":\"ImageObject\",\"inLanguage\":\"fr-FR\",\"@id\":\"https:\\\/\\\/secure.gravatar.com\\\/avatar\\\/0803dab414b6c6f1fd2399680f587870a020419b6ebe9d36dd75df06a6a68060?s=96&d=mm&r=g\",\"url\":\"https:\\\/\\\/secure.gravatar.com\\\/avatar\\\/0803dab414b6c6f1fd2399680f587870a020419b6ebe9d36dd75df06a6a68060?s=96&d=mm&r=g\",\"contentUrl\":\"https:\\\/\\\/secure.gravatar.com\\\/avatar\\\/0803dab414b6c6f1fd2399680f587870a020419b6ebe9d36dd75df06a6a68060?s=96&d=mm&r=g\",\"caption\":\"Federica Dumont\"},\"url\":\"https:\\\/\\\/www.visitamalfi.info\\\/fr\\\/author\\\/federica\\\/\"}]}<\/script>\n<!-- \/ Yoast SEO plugin. -->","yoast_head_json":{"title":"Ao\u00fbt \u00e0 Amalfi : un mois magique et passionnant de musique et d'\u00e9toiles ! - Visit Amalfi","robots":{"index":"index","follow":"follow","max-snippet":"max-snippet:-1","max-image-preview":"max-image-preview:large","max-video-preview":"max-video-preview:-1"},"canonical":"https:\/\/www.visitamalfi.info\/fr\/aout-a-amalfi-un-mois-magique-et-passionnant-de-musique-et-detoiles\/","og_locale":"fr_FR","og_type":"article","og_title":"Ao\u00fbt \u00e0 Amalfi : un mois magique et passionnant de musique et d'\u00e9toiles ! - Visit Amalfi","og_description":"\u00c0 Amalfi, l&#8217;\u00e9t\u00e9 2025 brille plus que jamais ! L&#8217;excitation atteint son paroxysme en AO\u00dbT, avec des soir\u00e9es inoubliables sous le ciel \u00e9toil\u00e9 de la ville. Cette ann\u00e9e encore, l&#8217;Amalfi [&hellip;]","og_url":"https:\/\/www.visitamalfi.info\/fr\/aout-a-amalfi-un-mois-magique-et-passionnant-de-musique-et-detoiles\/","og_site_name":"Visit Amalfi","article_publisher":"https:\/\/www.facebook.com\/visitamalfiofficial","article_published_time":"2025-08-06T08:58:55+00:00","author":"Federica Dumont","twitter_card":"summary_large_image","twitter_misc":{"\u00c9crit par":"Federica Dumont","Dur\u00e9e de lecture estim\u00e9e":"2 minutes"},"schema":{"@context":"https:\/\/schema.org","@graph":[{"@type":"Article","@id":"https:\/\/www.visitamalfi.info\/fr\/aout-a-amalfi-un-mois-magique-et-passionnant-de-musique-et-detoiles\/#article","isPartOf":{"@id":"https:\/\/www.visitamalfi.info\/fr\/aout-a-amalfi-un-mois-magique-et-passionnant-de-musique-et-detoiles\/"},"author":{"name":"Federica Dumont","@id":"https:\/\/www.visitamalfi.info\/fr\/#\/schema\/person\/0c7584af846d5d2da6c69f7e68f3af96"},"headline":"Ao\u00fbt \u00e0 Amalfi : un mois magique et passionnant de musique et d&#8217;\u00e9toiles !","datePublished":"2025-08-06T08:58:55+00:00","mainEntityOfPage":{"@id":"https:\/\/www.visitamalfi.info\/fr\/aout-a-amalfi-un-mois-magique-et-passionnant-de-musique-et-detoiles\/"},"wordCount":513,"commentCount":0,"publisher":{"@id":"https:\/\/www.visitamalfi.info\/fr\/#organization"},"image":{"@id":"https:\/\/www.visitamalfi.info\/fr\/aout-a-amalfi-un-mois-magique-et-passionnant-de-musique-et-detoiles\/#primaryimage"},"thumbnailUrl":"https:\/\/www.visitamalfi.info\/wp-content\/uploads\/2025\/06\/concerto-cover-queen-of-bulsara-foto-abbagnara-59-1.jpg","articleSection":["Consigli di viaggio","Eventi","tradition"],"inLanguage":"fr-FR","potentialAction":[{"@type":"CommentAction","name":"Comment","target":["https:\/\/www.visitamalfi.info\/fr\/aout-a-amalfi-un-mois-magique-et-passionnant-de-musique-et-detoiles\/#respond"]}]},{"@type":"WebPage","@id":"https:\/\/www.visitamalfi.info\/fr\/aout-a-amalfi-un-mois-magique-et-passionnant-de-musique-et-detoiles\/","url":"https:\/\/www.visitamalfi.info\/fr\/aout-a-amalfi-un-mois-magique-et-passionnant-de-musique-et-detoiles\/","name":"Ao\u00fbt \u00e0 Amalfi : un mois magique et passionnant de musique et d'\u00e9toiles ! - Visit Amalfi","isPartOf":{"@id":"https:\/\/www.visitamalfi.info\/fr\/#website"},"primaryImageOfPage":{"@id":"https:\/\/www.visitamalfi.info\/fr\/aout-a-amalfi-un-mois-magique-et-passionnant-de-musique-et-detoiles\/#primaryimage"},"image":{"@id":"https:\/\/www.visitamalfi.info\/fr\/aout-a-amalfi-un-mois-magique-et-passionnant-de-musique-et-detoiles\/#primaryimage"},"thumbnailUrl":"https:\/\/www.visitamalfi.info\/wp-content\/uploads\/2025\/06\/concerto-cover-queen-of-bulsara-foto-abbagnara-59-1.jpg","datePublished":"2025-08-06T08:58:55+00:00","breadcrumb":{"@id":"https:\/\/www.visitamalfi.info\/fr\/aout-a-amalfi-un-mois-magique-et-passionnant-de-musique-et-detoiles\/#breadcrumb"},"inLanguage":"fr-FR","potentialAction":[{"@type":"ReadAction","target":["https:\/\/www.visitamalfi.info\/fr\/aout-a-amalfi-un-mois-magique-et-passionnant-de-musique-et-detoiles\/"]}]},{"@type":"ImageObject","inLanguage":"fr-FR","@id":"https:\/\/www.visitamalfi.info\/fr\/aout-a-amalfi-un-mois-magique-et-passionnant-de-musique-et-detoiles\/#primaryimage","url":"https:\/\/www.visitamalfi.info\/wp-content\/uploads\/2025\/06\/concerto-cover-queen-of-bulsara-foto-abbagnara-59-1.jpg","contentUrl":"https:\/\/www.visitamalfi.info\/wp-content\/uploads\/2025\/06\/concerto-cover-queen-of-bulsara-foto-abbagnara-59-1.jpg","width":1920,"height":1280},{"@type":"BreadcrumbList","@id":"https:\/\/www.visitamalfi.info\/fr\/aout-a-amalfi-un-mois-magique-et-passionnant-de-musique-et-detoiles\/#breadcrumb","itemListElement":[{"@type":"ListItem","position":1,"name":"Home","item":"https:\/\/www.visitamalfi.info\/fr\/"},{"@type":"ListItem","position":2,"name":"Ao\u00fbt \u00e0 Amalfi : un mois magique et passionnant de musique et d&#8217;\u00e9toiles !"}]},{"@type":"WebSite","@id":"https:\/\/www.visitamalfi.info\/fr\/#website","url":"https:\/\/www.visitamalfi.info\/fr\/","name":"Visit Amalfi","description":"Amalfi Destination Official Website","publisher":{"@id":"https:\/\/www.visitamalfi.info\/fr\/#organization"},"potentialAction":[{"@type":"SearchAction","target":{"@type":"EntryPoint","urlTemplate":"https:\/\/www.visitamalfi.info\/fr\/?s={search_term_string}"},"query-input":{"@type":"PropertyValueSpecification","valueRequired":true,"valueName":"search_term_string"}}],"inLanguage":"fr-FR"},{"@type":"Organization","@id":"https:\/\/www.visitamalfi.info\/fr\/#organization","name":"Visit Amalfi","url":"https:\/\/www.visitamalfi.info\/fr\/","logo":{"@type":"ImageObject","inLanguage":"fr-FR","@id":"https:\/\/www.visitamalfi.info\/fr\/#\/schema\/logo\/image\/","url":"https:\/\/www.visitamalfi.info\/wp-content\/uploads\/2023\/04\/visit-amalfi-logo-web.png","contentUrl":"https:\/\/www.visitamalfi.info\/wp-content\/uploads\/2023\/04\/visit-amalfi-logo-web.png","width":800,"height":870,"caption":"Visit Amalfi"},"image":{"@id":"https:\/\/www.visitamalfi.info\/fr\/#\/schema\/logo\/image\/"},"sameAs":["https:\/\/www.facebook.com\/visitamalfiofficial","https:\/\/www.instagram.com\/visitamalfiofficial\/"]},{"@type":"Person","@id":"https:\/\/www.visitamalfi.info\/fr\/#\/schema\/person\/0c7584af846d5d2da6c69f7e68f3af96","name":"Federica Dumont","image":{"@type":"ImageObject","inLanguage":"fr-FR","@id":"https:\/\/secure.gravatar.com\/avatar\/0803dab414b6c6f1fd2399680f587870a020419b6ebe9d36dd75df06a6a68060?s=96&d=mm&r=g","url":"https:\/\/secure.gravatar.com\/avatar\/0803dab414b6c6f1fd2399680f587870a020419b6ebe9d36dd75df06a6a68060?s=96&d=mm&r=g","contentUrl":"https:\/\/secure.gravatar.com\/avatar\/0803dab414b6c6f1fd2399680f587870a020419b6ebe9d36dd75df06a6a68060?s=96&d=mm&r=g","caption":"Federica Dumont"},"url":"https:\/\/www.visitamalfi.info\/fr\/author\/federica\/"}]}},"_links":{"self":[{"href":"https:\/\/www.visitamalfi.info\/fr\/wp-json\/wp\/v2\/posts\/22430","targetHints":{"allow":["GET"]}}],"collection":[{"href":"https:\/\/www.visitamalfi.info\/fr\/wp-json\/wp\/v2\/posts"}],"about":[{"href":"https:\/\/www.visitamalfi.info\/fr\/wp-json\/wp\/v2\/types\/post"}],"author":[{"embeddable":true,"href":"https:\/\/www.visitamalfi.info\/fr\/wp-json\/wp\/v2\/users\/7"}],"replies":[{"embeddable":true,"href":"https:\/\/www.visitamalfi.info\/fr\/wp-json\/wp\/v2\/comments?post=22430"}],"version-history":[{"count":0,"href":"https:\/\/www.visitamalfi.info\/fr\/wp-json\/wp\/v2\/posts\/22430\/revisions"}],"wp:featuredmedia":[{"embeddable":true,"href":"https:\/\/www.visitamalfi.info\/fr\/wp-json\/wp\/v2\/media\/22077"}],"wp:attachment":[{"href":"https:\/\/www.visitamalfi.info\/fr\/wp-json\/wp\/v2\/media?parent=22430"}],"wp:term":[{"taxonomy":"category","embeddable":true,"href":"https:\/\/www.visitamalfi.info\/fr\/wp-json\/wp\/v2\/categories?post=22430"},{"taxonomy":"post_tag","embeddable":true,"href":"https:\/\/www.visitamalfi.info\/fr\/wp-json\/wp\/v2\/tags?post=22430"}],"curies":[{"name":"wp","href":"https:\/\/api.w.org\/{rel}","templated":true}]}}