{"id":22244,"date":"2025-06-30T11:35:44","date_gmt":"2025-06-30T09:35:44","guid":{"rendered":"https:\/\/www.visitamalfi.info\/les-meilleurs-points-panoramiques-et-plus-a-amalfi-et-quand-y-aller\/"},"modified":"2025-06-30T11:35:44","modified_gmt":"2025-06-30T09:35:44","slug":"les-meilleurs-points-panoramiques-et-plus-a-amalfi-et-quand-y-aller","status":"publish","type":"post","link":"https:\/\/www.visitamalfi.info\/fr\/les-meilleurs-points-panoramiques-et-plus-a-amalfi-et-quand-y-aller\/","title":{"rendered":"Les meilleurs points panoramiques (et plus) \u00e0 Amalfi, et quand y aller."},"content":{"rendered":"<p class=\"cvGsUA direction-ltr align-start para-style-body\"><span class=\"OYPEnA font-feature-liga-off font-feature-clig-off font-feature-calt-off text-decoration-none text-strikethrough-none\">Des aper\u00e7us inoubliables entre ciel et mer : <strong>le guide ultime<\/strong> pour photographier la beaut\u00e9 de la ville.<\/span><\/p>\n<p class=\"cvGsUA direction-ltr align-start para-style-body\"><span class=\"OYPEnA font-feature-liga-off font-feature-clig-off font-feature-calt-off text-decoration-none text-strikethrough-none\">Amalfi est un lieu qui reste dans vos yeux mais surtout dans votre c\u0153ur. Mais il y a des moments et des coins o\u00f9 sa beaut\u00e9 est amplifi\u00e9e, et o\u00f9 chaque plan devient de la po\u00e9sie. Que vous soyez un passionn\u00e9 de photographie, un romantique \u00e0 la recherche du coucher de soleil parfait, ou simplement un voyageur curieux, ce guide vous emm\u00e8nera \u00e0 la d\u00e9couverte <strong>des sites les plus \u00e9vocateurs d&#8217;Amalfi<\/strong>&#8211; avec les bons conseils sur le moment o\u00f9 il faut s&#8217;y rendre pour les d\u00e9couvrir sous leur meilleur jour.<\/span><\/p>\n<p class=\"cvGsUA direction-ltr align-start para-style-body\"><strong><span class=\"OYPEnA font-feature-liga-off font-feature-clig-off font-feature-calt-off text-decoration-none text-strikethrough-none\">1. <\/span><a class=\"OYPEnA font-feature-liga-off font-feature-clig-off font-feature-calt-off text-decoration-none text-strikethrough-none\" draggable=\"false\" href=\"https:\/\/www.visitamalfi.info\/fr\/poi\/largo-duchi-piccolomini\/\" target=\"_blank\" rel=\"noopener\">Largo Duchi Piccolomini<img decoding=\"async\" class=\"wp-image-15270 alignright\" src=\"https:\/\/www.visitamalfi.info\/wp-content\/uploads\/2024\/03\/LARGO-DUCA-PICCOLOMINI-SENZA-MODELLI-M.ABBAGNARA-8-300x200.jpg\" alt=\"Amalfi_Largo Duchi Piccolomini\" width=\"189\" height=\"126\" srcset=\"https:\/\/www.visitamalfi.info\/wp-content\/uploads\/2024\/03\/LARGO-DUCA-PICCOLOMINI-SENZA-MODELLI-M.ABBAGNARA-8-300x200.jpg 300w, https:\/\/www.visitamalfi.info\/wp-content\/uploads\/2024\/03\/LARGO-DUCA-PICCOLOMINI-SENZA-MODELLI-M.ABBAGNARA-8-1024x683.jpg 1024w, https:\/\/www.visitamalfi.info\/wp-content\/uploads\/2024\/03\/LARGO-DUCA-PICCOLOMINI-SENZA-MODELLI-M.ABBAGNARA-8-768x512.jpg 768w, https:\/\/www.visitamalfi.info\/wp-content\/uploads\/2024\/03\/LARGO-DUCA-PICCOLOMINI-SENZA-MODELLI-M.ABBAGNARA-8-1536x1024.jpg 1536w, https:\/\/www.visitamalfi.info\/wp-content\/uploads\/2024\/03\/LARGO-DUCA-PICCOLOMINI-SENZA-MODELLI-M.ABBAGNARA-8-870x580.jpg 870w, https:\/\/www.visitamalfi.info\/wp-content\/uploads\/2024\/03\/LARGO-DUCA-PICCOLOMINI-SENZA-MODELLI-M.ABBAGNARA-8-615x410.jpg 615w, https:\/\/www.visitamalfi.info\/wp-content\/uploads\/2024\/03\/LARGO-DUCA-PICCOLOMINI-SENZA-MODELLI-M.ABBAGNARA-8-1240x825.jpg 1240w, https:\/\/www.visitamalfi.info\/wp-content\/uploads\/2024\/03\/LARGO-DUCA-PICCOLOMINI-SENZA-MODELLI-M.ABBAGNARA-8.jpg 1920w\" sizes=\"(max-width: 189px) 100vw, 189px\" \/><\/a><\/strong><\/p>\n<p class=\"cvGsUA direction-ltr align-start para-style-body\"><span class=\"OYPEnA font-feature-liga-off font-feature-clig-off font-feature-calt-off text-decoration-none text-strikethrough-none\">O\u00f9 se trouve l&#8217;h\u00f4tel ? <\/span><span class=\"OYPEnA font-feature-liga-off font-feature-clig-off font-feature-calt-off text-decoration-none text-strikethrough-none\">au c\u0153ur du centre historique, \u00e0 deux pas de la place principale.<\/span><\/p>\n<p class=\"cvGsUA direction-ltr align-start para-style-body\"><span class=\"OYPEnA font-feature-liga-off font-feature-clig-off font-feature-calt-off text-decoration-none text-strikethrough-none\">Pourquoi y aller ?<\/span><span class=\"OYPEnA font-feature-liga-off font-feature-clig-off font-feature-calt-off text-decoration-none text-strikethrough-none\"> C&#8217;est l&#8217;un des endroits les plus photog\u00e9niques de la ville, o\u00f9 la vue s&#8217;ouvre entre des aper\u00e7us architecturaux et le profil de la mer qui se dessine entre les maisons.<\/span><\/p>\n<p class=\"cvGsUA direction-ltr align-start para-style-body\"><span class=\"OYPEnA font-feature-liga-off font-feature-clig-off font-feature-calt-off text-decoration-none text-strikethrough-none\">Quand partir ?<\/span><span class=\"OYPEnA font-feature-liga-off font-feature-clig-off font-feature-calt-off text-decoration-none text-strikethrough-none\">Le matin, t\u00f4t, lorsque la lumi\u00e8re est faible et que les rues sont encore calmes. Parfait pour un premier regard authentique sur la ville qui s&#8217;\u00e9veille.<\/span><\/p>\n<p class=\"cvGsUA direction-ltr align-start para-style-body\"><strong><span class=\"OYPEnA font-feature-liga-off font-feature-clig-off font-feature-calt-off text-decoration-none text-strikethrough-none\">2. Marches de la <a href=\"https:\/\/www.visitamalfi.info\/poi\/complesso-della-cattedrale-di-santandrea\/\">cath\u00e9drale Saint-Andr\u00e9<\/a><\/span><\/strong><\/p>\n<p class=\"cvGsUA direction-ltr align-start para-style-body\"><span class=\"OYPEnA font-feature-liga-off font-feature-clig-off font-feature-calt-off text-decoration-none text-strikethrough-none\"><img decoding=\"async\" class=\"wp-image-19942 alignleft\" src=\"https:\/\/www.visitamalfi.info\/wp-content\/uploads\/2024\/09\/DSC03296-300x200.jpg\" alt=\"\" width=\"195\" height=\"130\" srcset=\"https:\/\/www.visitamalfi.info\/wp-content\/uploads\/2024\/09\/DSC03296-300x200.jpg 300w, https:\/\/www.visitamalfi.info\/wp-content\/uploads\/2024\/09\/DSC03296-1024x683.jpg 1024w, https:\/\/www.visitamalfi.info\/wp-content\/uploads\/2024\/09\/DSC03296-768x512.jpg 768w, https:\/\/www.visitamalfi.info\/wp-content\/uploads\/2024\/09\/DSC03296-1536x1024.jpg 1536w, https:\/\/www.visitamalfi.info\/wp-content\/uploads\/2024\/09\/DSC03296-870x580.jpg 870w, https:\/\/www.visitamalfi.info\/wp-content\/uploads\/2024\/09\/DSC03296-615x410.jpg 615w, https:\/\/www.visitamalfi.info\/wp-content\/uploads\/2024\/09\/DSC03296-1240x825.jpg 1240w, https:\/\/www.visitamalfi.info\/wp-content\/uploads\/2024\/09\/DSC03296.jpg 1920w\" sizes=\"(max-width: 195px) 100vw, 195px\" \/>O\u00f9 il se trouve<\/span><span class=\"OYPEnA font-feature-liga-off font-feature-clig-off font-feature-calt-off text-decoration-none text-strikethrough-none\">Piazza Duomo<\/span><\/p>\n<p class=\"cvGsUA direction-ltr align-start para-style-body\"><span class=\"OYPEnA font-feature-liga-off font-feature-clig-off font-feature-calt-off text-decoration-none text-strikethrough-none\">Pourquoi s&#8217;y rendre ?<\/span><span class=\"OYPEnA font-feature-liga-off font-feature-clig-off font-feature-calt-off text-decoration-none text-strikethrough-none\">Il s&#8217;agit du point de vue urbain par excellence. De l\u00e0, vous pouvez voir toute la place en effervescence et, derri\u00e8re vous, la magnifique fa\u00e7ade de la cath\u00e9drale.<\/span><\/p>\n<p class=\"cvGsUA direction-ltr align-start para-style-body\"><span class=\"OYPEnA font-feature-liga-off font-feature-clig-off font-feature-calt-off text-decoration-none text-strikethrough-none\">Quand y aller<\/span><span class=\"OYPEnA font-feature-liga-off font-feature-clig-off font-feature-calt-off text-decoration-none text-strikethrough-none\">Au coucher du soleil, lorsque le soleil colore les fa\u00e7ades d&#8217;orange et de rose et que la place s&#8217;anime sans \u00eatre bond\u00e9e.<\/span><\/p>\n<p class=\"cvGsUA direction-ltr align-start para-style-body\"><strong><span class=\"OYPEnA font-feature-liga-off font-feature-clig-off font-feature-calt-off text-decoration-none text-strikethrough-none\">3. La terrasse de l&#8217;<a href=\"https:\/\/www.visitamalfi.info\/fr\/poi\/chiesa-della-nativita-di-maria-ss\/\">\u00e9glise de la Nativit\u00e9 de Marie SS.<\/a><\/span><\/strong><\/p>\n<p class=\"cvGsUA direction-ltr align-start para-style-body\"><span class=\"OYPEnA font-feature-liga-off font-feature-clig-off font-feature-calt-off text-decoration-none text-strikethrough-none\">O\u00f9 il se trouve<\/span><span class=\"OYPEnA font-feature-liga-off font-feature-clig-off font-feature-calt-off text-decoration-none text-strikethrough-none\">:<\/span> <span class=\"OYPEnA font-feature-liga-off font-feature-clig-off font-feature-calt-off text-decoration-none text-strikethrough-none\">dans le village de Lone, entour\u00e9 de jardins luxuriants, de terrasses et de vues \u00e0 couper le souffle.<img decoding=\"async\" class=\" wp-image-15703 alignright\" src=\"https:\/\/www.visitamalfi.info\/wp-content\/uploads\/2024\/03\/ANA_2290-8k-300x200.jpg\" alt=\"Amalfi_Via Mestra dei Villaggi_Lone_\u00c9glise de la Nativit\u00e9 de Maria SS.\" width=\"197\" height=\"131\" srcset=\"https:\/\/www.visitamalfi.info\/wp-content\/uploads\/2024\/03\/ANA_2290-8k-300x200.jpg 300w, https:\/\/www.visitamalfi.info\/wp-content\/uploads\/2024\/03\/ANA_2290-8k-1024x683.jpg 1024w, https:\/\/www.visitamalfi.info\/wp-content\/uploads\/2024\/03\/ANA_2290-8k-768x512.jpg 768w, https:\/\/www.visitamalfi.info\/wp-content\/uploads\/2024\/03\/ANA_2290-8k-1536x1024.jpg 1536w, https:\/\/www.visitamalfi.info\/wp-content\/uploads\/2024\/03\/ANA_2290-8k-870x580.jpg 870w, https:\/\/www.visitamalfi.info\/wp-content\/uploads\/2024\/03\/ANA_2290-8k-615x410.jpg 615w, https:\/\/www.visitamalfi.info\/wp-content\/uploads\/2024\/03\/ANA_2290-8k-1240x825.jpg 1240w, https:\/\/www.visitamalfi.info\/wp-content\/uploads\/2024\/03\/ANA_2290-8k.jpg 1920w\" sizes=\"(max-width: 197px) 100vw, 197px\" \/><\/span><\/p>\n<p class=\"cvGsUA direction-ltr align-start para-style-body\"><span class=\"OYPEnA font-feature-liga-off font-feature-clig-off font-feature-calt-off text-decoration-none text-strikethrough-none\">Pourquoi s&#8217;y rendre ?<\/span><span class=\"OYPEnA font-feature-liga-off font-feature-clig-off font-feature-calt-off text-decoration-none text-strikethrough-none\">Ce point est un petit secret pour ceux qui connaissent bien Amalfi et ses hameaux. De l\u00e0, la vue d&#8217;en haut est magnifique, avec des aper\u00e7us uniques.<\/span><\/p>\n<p class=\"cvGsUA direction-ltr align-start para-style-body\"><span class=\"OYPEnA font-feature-liga-off font-feature-clig-off font-feature-calt-off text-decoration-none text-strikethrough-none\">Quand partir<\/span><span class=\"OYPEnA font-feature-liga-off font-feature-clig-off font-feature-calt-off text-decoration-none text-strikethrough-none\">Le matin, au milieu des magnifiques couleurs de la c\u00f4te.<\/span><\/p>\n<p class=\"cvGsUA direction-ltr align-start para-style-body\"><strong><span class=\"OYPEnA font-feature-liga-off font-feature-clig-off font-feature-calt-off text-decoration-none text-strikethrough-none\">4. Le Quay Brush<\/span><\/strong><\/p>\n<p class=\"cvGsUA direction-ltr align-start para-style-body\"><span class=\"OYPEnA font-feature-liga-off font-feature-clig-off font-feature-calt-off text-decoration-none text-strikethrough-none\">O\u00f9 se trouve l&#8217;h\u00f4tel<\/span><span class=\"OYPEnA font-feature-liga-off font-feature-clig-off font-feature-calt-off text-decoration-none text-strikethrough-none\">L&#8217;h\u00f4tel est situ\u00e9 dans le port d&#8217;Amalfi, accessible en marchant jusqu&#8217;au bout de l&#8217;embarcad\u00e8re.<\/span><\/p>\n<p class=\"cvGsUA direction-ltr align-start para-style-body\"><span class=\"OYPEnA font-feature-liga-off font-feature-clig-off font-feature-calt-off text-decoration-none text-strikethrough-none\">Pourquoi y aller ?<\/span><span class=\"OYPEnA font-feature-liga-off font-feature-clig-off font-feature-calt-off text-decoration-none text-strikethrough-none\">Il offre une vue oppos\u00e9e : d&#8217;ici, vous voyez Amalfi dans son int\u00e9gralit\u00e9, comme s&#8217;il s&#8217;agissait d&#8217;un tableau entre mer et montagne.<\/span><\/p>\n<p class=\"cvGsUA direction-ltr align-start para-style-body\"><span class=\"OYPEnA font-feature-liga-off font-feature-clig-off font-feature-calt-off text-decoration-none text-strikethrough-none\">Quand y aller<\/span><span class=\"OYPEnA font-feature-liga-off font-feature-clig-off font-feature-calt-off text-decoration-none text-strikethrough-none\">Le matin lorsque le soleil illumine la fa\u00e7ade de la ville ou le soir pour photographier les lumi\u00e8res qui se refl\u00e8tent sur l&#8217;eau.<\/span><\/p>\n<p class=\"cvGsUA direction-ltr align-start para-style-body\"><strong><span class=\"OYPEnA font-feature-liga-off font-feature-clig-off font-feature-calt-off text-decoration-none text-strikethrough-none\">5. Route vers le <a href=\"https:\/\/www.visitamalfi.info\/fr\/poi\/cimitero-monumentale\/\">cimeti\u00e8re monumental<\/a><\/span><\/strong><\/p>\n<p class=\"cvGsUA direction-ltr align-start para-style-body\"><span class=\"OYPEnA font-feature-liga-off font-feature-clig-off font-feature-calt-off text-decoration-none text-strikethrough-none\"><img loading=\"lazy\" decoding=\"async\" class=\"wp-image-22130 alignleft\" src=\"https:\/\/www.visitamalfi.info\/wp-content\/uploads\/2025\/06\/CIMITERO-MONUMENTALE-SENZA-MODELLI-M.ABBAGNARA-6-200x300.jpg\" alt=\"\" width=\"115\" height=\"173\" srcset=\"https:\/\/www.visitamalfi.info\/wp-content\/uploads\/2025\/06\/CIMITERO-MONUMENTALE-SENZA-MODELLI-M.ABBAGNARA-6-200x300.jpg 200w, https:\/\/www.visitamalfi.info\/wp-content\/uploads\/2025\/06\/CIMITERO-MONUMENTALE-SENZA-MODELLI-M.ABBAGNARA-6-683x1024.jpg 683w, https:\/\/www.visitamalfi.info\/wp-content\/uploads\/2025\/06\/CIMITERO-MONUMENTALE-SENZA-MODELLI-M.ABBAGNARA-6-768x1152.jpg 768w, https:\/\/www.visitamalfi.info\/wp-content\/uploads\/2025\/06\/CIMITERO-MONUMENTALE-SENZA-MODELLI-M.ABBAGNARA-6-1024x1536.jpg 1024w, https:\/\/www.visitamalfi.info\/wp-content\/uploads\/2025\/06\/CIMITERO-MONUMENTALE-SENZA-MODELLI-M.ABBAGNARA-6.jpg 1280w\" sizes=\"(max-width: 115px) 100vw, 115px\" \/>O\u00f9 il se trouve<\/span><span class=\"OYPEnA font-feature-liga-off font-feature-clig-off font-feature-calt-off text-decoration-none text-strikethrough-none\">Le site est situ\u00e9 \u00e0 l&#8217;entr\u00e9e de la ville : en prenant la mont\u00e9e vers le Cimeti\u00e8re Monumental, derri\u00e8re la ville.<\/span><\/p>\n<p class=\"cvGsUA direction-ltr align-start para-style-body\"><span class=\"OYPEnA font-feature-liga-off font-feature-clig-off font-feature-calt-off text-decoration-none text-strikethrough-none\">Pourquoi y aller ?<\/span><span class=\"OYPEnA font-feature-liga-off font-feature-clig-off font-feature-calt-off text-decoration-none text-strikethrough-none\">La vue d&#8217;en haut est \u00e0 couper le souffle : cath\u00e9drale, toits, citronniers et l&#8217;horizon qui s&#8217;estompe dans le bleu.<\/span><\/p>\n<p class=\"cvGsUA direction-ltr align-start para-style-body\"><span class=\"OYPEnA font-feature-liga-off font-feature-clig-off font-feature-calt-off text-decoration-none text-strikethrough-none\">Quand y aller<\/span><span class=\"OYPEnA font-feature-liga-off font-feature-clig-off font-feature-calt-off text-decoration-none text-strikethrough-none\">Les matins clairs ou au coucher du soleil, lorsque les couleurs rendent l&#8217;ensemble plus magique.<\/span><\/p>\n<p>&nbsp;<\/p>\n<p class=\"cvGsUA direction-ltr align-start para-style-body\"><strong><span class=\"OYPEnA font-feature-liga-off font-feature-clig-off font-feature-calt-off text-decoration-none text-strikethrough-none\">Conseils pour d\u00e9couvrir (et photographier) les sites touristiques d&#8217;Amalfi<\/span><\/strong><\/p>\n<ul>\n<li><span class=\"OYPEnA font-feature-liga-off font-feature-clig-off font-feature-calt-off text-decoration-none text-strikethrough-none\">Munissez-vous d&#8217;un appareil photo ou d&#8217;un bon smartphone, mais aussi d&#8217;yeux pr\u00eats \u00e0 s&#8217;\u00e9merveiller : parfois, c&#8217;est sans \u00e9cran que l&#8217;on saisit le mieux la beaut\u00e9.<\/span><\/li>\n<li><span class=\"OYPEnA font-feature-liga-off font-feature-clig-off font-feature-calt-off text-decoration-none text-strikethrough-none\">Portez des chaussures confortables : de nombreux points de vue ne sont accessibles qu&#8217;\u00e0 pied, par des escaliers et des sentiers.<\/span><\/li>\n<li><span class=\"OYPEnA font-feature-liga-off font-feature-clig-off font-feature-calt-off text-decoration-none text-strikethrough-none\">Si vous marchez beaucoup, \u00e9vitez le milieu de l&#8217;\u00e9t\u00e9 : le matin ou l&#8217;heure dor\u00e9e sont plus propices \u00e0 une lumi\u00e8re plus douce et \u00e0 des temp\u00e9ratures plus agr\u00e9ables.<\/span><\/li>\n<li><span class=\"OYPEnA font-feature-liga-off font-feature-clig-off font-feature-calt-off text-decoration-none text-strikethrough-none\">Emportez une petite bouteille d&#8217;eau avec vous.<\/span><\/li>\n<\/ul>\n<p class=\"cvGsUA direction-ltr align-start para-style-body\"><strong><span class=\"OYPEnA font-feature-liga-off font-feature-clig-off font-feature-calt-off text-decoration-none text-strikethrough-none\">Amalfi vu par vous !<\/span><\/strong><\/p>\n<p class=\"cvGsUA direction-ltr align-start para-style-body\"><span class=\"OYPEnA font-feature-liga-off font-feature-clig-off font-feature-calt-off text-decoration-none text-strikethrough-none\">Chaque aper\u00e7u d&#8217;Amalfi est une carte postale, mais chaque voyageur le voit avec des yeux diff\u00e9rents.<\/span><\/p>\n<p class=\"cvGsUA direction-ltr align-start para-style-body\"><span class=\"OYPEnA font-feature-liga-off font-feature-clig-off font-feature-calt-off text-decoration-none text-strikethrough-none\">Partagez vos moments panoramiques sur Instagram en utilisant le hashtag <strong>#<\/strong><\/span><strong><span class=\"OYPEnA font-feature-liga-off font-feature-clig-off font-feature-calt-off text-decoration-none text-strikethrough-none\">VisitAmalfi<\/span><span class=\"OYPEnA font-feature-liga-off font-feature-clig-off font-feature-calt-off text-decoration-none text-strikethrough-none\">.<\/span><\/strong><\/p>\n","protected":false},"excerpt":{"rendered":"<p>Des aper\u00e7us inoubliables entre ciel et mer : le guide ultime pour photographier la beaut\u00e9 de la ville. Amalfi est un lieu qui reste dans vos yeux mais surtout dans [&hellip;]<\/p>\n","protected":false},"author":7,"featured_media":15705,"comment_status":"open","ping_status":"closed","sticky":false,"template":"","format":"standard","meta":{"inline_featured_image":false,"footnotes":""},"categories":[891,257],"tags":[],"class_list":["post-22244","post","type-post","status-publish","format-standard","has-post-thumbnail","hentry","category-consigli-di-viaggio","category-curiosites"],"yoast_head":"<!-- This site is optimized with the Yoast SEO plugin v27.3 - https:\/\/yoast.com\/product\/yoast-seo-wordpress\/ -->\n<title>Les meilleurs points panoramiques (et plus) \u00e0 Amalfi, et quand y aller. - Visit Amalfi<\/title>\n<meta name=\"robots\" content=\"index, follow, max-snippet:-1, max-image-preview:large, max-video-preview:-1\" \/>\n<link rel=\"canonical\" href=\"https:\/\/www.visitamalfi.info\/fr\/les-meilleurs-points-panoramiques-et-plus-a-amalfi-et-quand-y-aller\/\" \/>\n<meta property=\"og:locale\" content=\"fr_FR\" \/>\n<meta property=\"og:type\" content=\"article\" \/>\n<meta property=\"og:title\" content=\"Les meilleurs points panoramiques (et plus) \u00e0 Amalfi, et quand y aller. - Visit Amalfi\" \/>\n<meta property=\"og:description\" content=\"Des aper\u00e7us inoubliables entre ciel et mer : le guide ultime pour photographier la beaut\u00e9 de la ville. Amalfi est un lieu qui reste dans vos yeux mais surtout dans [&hellip;]\" \/>\n<meta property=\"og:url\" content=\"https:\/\/www.visitamalfi.info\/fr\/les-meilleurs-points-panoramiques-et-plus-a-amalfi-et-quand-y-aller\/\" \/>\n<meta property=\"og:site_name\" content=\"Visit Amalfi\" \/>\n<meta property=\"article:publisher\" content=\"https:\/\/www.facebook.com\/visitamalfiofficial\" \/>\n<meta property=\"article:published_time\" content=\"2025-06-30T09:35:44+00:00\" \/>\n<meta property=\"og:image\" content=\"https:\/\/www.visitamalfi.info\/wp-content\/uploads\/2024\/03\/ANA_2290-8k.jpg\" \/>\n\t<meta property=\"og:image:width\" content=\"1920\" \/>\n\t<meta property=\"og:image:height\" content=\"1280\" \/>\n\t<meta property=\"og:image:type\" content=\"image\/jpeg\" \/>\n<meta name=\"author\" content=\"Federica Dumont\" \/>\n<meta name=\"twitter:card\" content=\"summary_large_image\" \/>\n<meta name=\"twitter:label1\" content=\"\u00c9crit par\" \/>\n\t<meta name=\"twitter:data1\" content=\"Federica Dumont\" \/>\n\t<meta name=\"twitter:label2\" content=\"Dur\u00e9e de lecture estim\u00e9e\" \/>\n\t<meta name=\"twitter:data2\" content=\"3 minutes\" \/>\n<script type=\"application\/ld+json\" class=\"yoast-schema-graph\">{\"@context\":\"https:\\\/\\\/schema.org\",\"@graph\":[{\"@type\":\"Article\",\"@id\":\"https:\\\/\\\/www.visitamalfi.info\\\/fr\\\/les-meilleurs-points-panoramiques-et-plus-a-amalfi-et-quand-y-aller\\\/#article\",\"isPartOf\":{\"@id\":\"https:\\\/\\\/www.visitamalfi.info\\\/fr\\\/les-meilleurs-points-panoramiques-et-plus-a-amalfi-et-quand-y-aller\\\/\"},\"author\":{\"name\":\"Federica Dumont\",\"@id\":\"https:\\\/\\\/www.visitamalfi.info\\\/fr\\\/#\\\/schema\\\/person\\\/0c7584af846d5d2da6c69f7e68f3af96\"},\"headline\":\"Les meilleurs points panoramiques (et plus) \u00e0 Amalfi, et quand y aller.\",\"datePublished\":\"2025-06-30T09:35:44+00:00\",\"mainEntityOfPage\":{\"@id\":\"https:\\\/\\\/www.visitamalfi.info\\\/fr\\\/les-meilleurs-points-panoramiques-et-plus-a-amalfi-et-quand-y-aller\\\/\"},\"wordCount\":674,\"commentCount\":0,\"publisher\":{\"@id\":\"https:\\\/\\\/www.visitamalfi.info\\\/fr\\\/#organization\"},\"image\":{\"@id\":\"https:\\\/\\\/www.visitamalfi.info\\\/fr\\\/les-meilleurs-points-panoramiques-et-plus-a-amalfi-et-quand-y-aller\\\/#primaryimage\"},\"thumbnailUrl\":\"https:\\\/\\\/www.visitamalfi.info\\\/wp-content\\\/uploads\\\/2024\\\/03\\\/ANA_2290-8k.jpg\",\"articleSection\":[\"Consigli di viaggio\",\"Curiosit\u00e9s\"],\"inLanguage\":\"fr-FR\",\"potentialAction\":[{\"@type\":\"CommentAction\",\"name\":\"Comment\",\"target\":[\"https:\\\/\\\/www.visitamalfi.info\\\/fr\\\/les-meilleurs-points-panoramiques-et-plus-a-amalfi-et-quand-y-aller\\\/#respond\"]}]},{\"@type\":\"WebPage\",\"@id\":\"https:\\\/\\\/www.visitamalfi.info\\\/fr\\\/les-meilleurs-points-panoramiques-et-plus-a-amalfi-et-quand-y-aller\\\/\",\"url\":\"https:\\\/\\\/www.visitamalfi.info\\\/fr\\\/les-meilleurs-points-panoramiques-et-plus-a-amalfi-et-quand-y-aller\\\/\",\"name\":\"Les meilleurs points panoramiques (et plus) \u00e0 Amalfi, et quand y aller. - Visit Amalfi\",\"isPartOf\":{\"@id\":\"https:\\\/\\\/www.visitamalfi.info\\\/fr\\\/#website\"},\"primaryImageOfPage\":{\"@id\":\"https:\\\/\\\/www.visitamalfi.info\\\/fr\\\/les-meilleurs-points-panoramiques-et-plus-a-amalfi-et-quand-y-aller\\\/#primaryimage\"},\"image\":{\"@id\":\"https:\\\/\\\/www.visitamalfi.info\\\/fr\\\/les-meilleurs-points-panoramiques-et-plus-a-amalfi-et-quand-y-aller\\\/#primaryimage\"},\"thumbnailUrl\":\"https:\\\/\\\/www.visitamalfi.info\\\/wp-content\\\/uploads\\\/2024\\\/03\\\/ANA_2290-8k.jpg\",\"datePublished\":\"2025-06-30T09:35:44+00:00\",\"breadcrumb\":{\"@id\":\"https:\\\/\\\/www.visitamalfi.info\\\/fr\\\/les-meilleurs-points-panoramiques-et-plus-a-amalfi-et-quand-y-aller\\\/#breadcrumb\"},\"inLanguage\":\"fr-FR\",\"potentialAction\":[{\"@type\":\"ReadAction\",\"target\":[\"https:\\\/\\\/www.visitamalfi.info\\\/fr\\\/les-meilleurs-points-panoramiques-et-plus-a-amalfi-et-quand-y-aller\\\/\"]}]},{\"@type\":\"ImageObject\",\"inLanguage\":\"fr-FR\",\"@id\":\"https:\\\/\\\/www.visitamalfi.info\\\/fr\\\/les-meilleurs-points-panoramiques-et-plus-a-amalfi-et-quand-y-aller\\\/#primaryimage\",\"url\":\"https:\\\/\\\/www.visitamalfi.info\\\/wp-content\\\/uploads\\\/2024\\\/03\\\/ANA_2290-8k.jpg\",\"contentUrl\":\"https:\\\/\\\/www.visitamalfi.info\\\/wp-content\\\/uploads\\\/2024\\\/03\\\/ANA_2290-8k.jpg\",\"width\":1920,\"height\":1280,\"caption\":\"Amalfi_Via Mestra dei Villaggi_Lone_Chiesa della Nativit\u00e0 di Maria SS\"},{\"@type\":\"BreadcrumbList\",\"@id\":\"https:\\\/\\\/www.visitamalfi.info\\\/fr\\\/les-meilleurs-points-panoramiques-et-plus-a-amalfi-et-quand-y-aller\\\/#breadcrumb\",\"itemListElement\":[{\"@type\":\"ListItem\",\"position\":1,\"name\":\"Home\",\"item\":\"https:\\\/\\\/www.visitamalfi.info\\\/fr\\\/\"},{\"@type\":\"ListItem\",\"position\":2,\"name\":\"Les meilleurs points panoramiques (et plus) \u00e0 Amalfi, et quand y aller.\"}]},{\"@type\":\"WebSite\",\"@id\":\"https:\\\/\\\/www.visitamalfi.info\\\/fr\\\/#website\",\"url\":\"https:\\\/\\\/www.visitamalfi.info\\\/fr\\\/\",\"name\":\"Visit Amalfi\",\"description\":\"Amalfi Destination Official Website\",\"publisher\":{\"@id\":\"https:\\\/\\\/www.visitamalfi.info\\\/fr\\\/#organization\"},\"potentialAction\":[{\"@type\":\"SearchAction\",\"target\":{\"@type\":\"EntryPoint\",\"urlTemplate\":\"https:\\\/\\\/www.visitamalfi.info\\\/fr\\\/?s={search_term_string}\"},\"query-input\":{\"@type\":\"PropertyValueSpecification\",\"valueRequired\":true,\"valueName\":\"search_term_string\"}}],\"inLanguage\":\"fr-FR\"},{\"@type\":\"Organization\",\"@id\":\"https:\\\/\\\/www.visitamalfi.info\\\/fr\\\/#organization\",\"name\":\"Visit Amalfi\",\"url\":\"https:\\\/\\\/www.visitamalfi.info\\\/fr\\\/\",\"logo\":{\"@type\":\"ImageObject\",\"inLanguage\":\"fr-FR\",\"@id\":\"https:\\\/\\\/www.visitamalfi.info\\\/fr\\\/#\\\/schema\\\/logo\\\/image\\\/\",\"url\":\"https:\\\/\\\/www.visitamalfi.info\\\/wp-content\\\/uploads\\\/2023\\\/04\\\/visit-amalfi-logo-web.png\",\"contentUrl\":\"https:\\\/\\\/www.visitamalfi.info\\\/wp-content\\\/uploads\\\/2023\\\/04\\\/visit-amalfi-logo-web.png\",\"width\":800,\"height\":870,\"caption\":\"Visit Amalfi\"},\"image\":{\"@id\":\"https:\\\/\\\/www.visitamalfi.info\\\/fr\\\/#\\\/schema\\\/logo\\\/image\\\/\"},\"sameAs\":[\"https:\\\/\\\/www.facebook.com\\\/visitamalfiofficial\",\"https:\\\/\\\/www.instagram.com\\\/visitamalfiofficial\\\/\"]},{\"@type\":\"Person\",\"@id\":\"https:\\\/\\\/www.visitamalfi.info\\\/fr\\\/#\\\/schema\\\/person\\\/0c7584af846d5d2da6c69f7e68f3af96\",\"name\":\"Federica Dumont\",\"image\":{\"@type\":\"ImageObject\",\"inLanguage\":\"fr-FR\",\"@id\":\"https:\\\/\\\/secure.gravatar.com\\\/avatar\\\/0803dab414b6c6f1fd2399680f587870a020419b6ebe9d36dd75df06a6a68060?s=96&d=mm&r=g\",\"url\":\"https:\\\/\\\/secure.gravatar.com\\\/avatar\\\/0803dab414b6c6f1fd2399680f587870a020419b6ebe9d36dd75df06a6a68060?s=96&d=mm&r=g\",\"contentUrl\":\"https:\\\/\\\/secure.gravatar.com\\\/avatar\\\/0803dab414b6c6f1fd2399680f587870a020419b6ebe9d36dd75df06a6a68060?s=96&d=mm&r=g\",\"caption\":\"Federica Dumont\"},\"url\":\"https:\\\/\\\/www.visitamalfi.info\\\/fr\\\/author\\\/federica\\\/\"}]}<\/script>\n<!-- \/ Yoast SEO plugin. -->","yoast_head_json":{"title":"Les meilleurs points panoramiques (et plus) \u00e0 Amalfi, et quand y aller. - Visit Amalfi","robots":{"index":"index","follow":"follow","max-snippet":"max-snippet:-1","max-image-preview":"max-image-preview:large","max-video-preview":"max-video-preview:-1"},"canonical":"https:\/\/www.visitamalfi.info\/fr\/les-meilleurs-points-panoramiques-et-plus-a-amalfi-et-quand-y-aller\/","og_locale":"fr_FR","og_type":"article","og_title":"Les meilleurs points panoramiques (et plus) \u00e0 Amalfi, et quand y aller. - Visit Amalfi","og_description":"Des aper\u00e7us inoubliables entre ciel et mer : le guide ultime pour photographier la beaut\u00e9 de la ville. Amalfi est un lieu qui reste dans vos yeux mais surtout dans [&hellip;]","og_url":"https:\/\/www.visitamalfi.info\/fr\/les-meilleurs-points-panoramiques-et-plus-a-amalfi-et-quand-y-aller\/","og_site_name":"Visit Amalfi","article_publisher":"https:\/\/www.facebook.com\/visitamalfiofficial","article_published_time":"2025-06-30T09:35:44+00:00","og_image":[{"width":1920,"height":1280,"url":"https:\/\/www.visitamalfi.info\/wp-content\/uploads\/2024\/03\/ANA_2290-8k.jpg","type":"image\/jpeg"}],"author":"Federica Dumont","twitter_card":"summary_large_image","twitter_misc":{"\u00c9crit par":"Federica Dumont","Dur\u00e9e de lecture estim\u00e9e":"3 minutes"},"schema":{"@context":"https:\/\/schema.org","@graph":[{"@type":"Article","@id":"https:\/\/www.visitamalfi.info\/fr\/les-meilleurs-points-panoramiques-et-plus-a-amalfi-et-quand-y-aller\/#article","isPartOf":{"@id":"https:\/\/www.visitamalfi.info\/fr\/les-meilleurs-points-panoramiques-et-plus-a-amalfi-et-quand-y-aller\/"},"author":{"name":"Federica Dumont","@id":"https:\/\/www.visitamalfi.info\/fr\/#\/schema\/person\/0c7584af846d5d2da6c69f7e68f3af96"},"headline":"Les meilleurs points panoramiques (et plus) \u00e0 Amalfi, et quand y aller.","datePublished":"2025-06-30T09:35:44+00:00","mainEntityOfPage":{"@id":"https:\/\/www.visitamalfi.info\/fr\/les-meilleurs-points-panoramiques-et-plus-a-amalfi-et-quand-y-aller\/"},"wordCount":674,"commentCount":0,"publisher":{"@id":"https:\/\/www.visitamalfi.info\/fr\/#organization"},"image":{"@id":"https:\/\/www.visitamalfi.info\/fr\/les-meilleurs-points-panoramiques-et-plus-a-amalfi-et-quand-y-aller\/#primaryimage"},"thumbnailUrl":"https:\/\/www.visitamalfi.info\/wp-content\/uploads\/2024\/03\/ANA_2290-8k.jpg","articleSection":["Consigli di viaggio","Curiosit\u00e9s"],"inLanguage":"fr-FR","potentialAction":[{"@type":"CommentAction","name":"Comment","target":["https:\/\/www.visitamalfi.info\/fr\/les-meilleurs-points-panoramiques-et-plus-a-amalfi-et-quand-y-aller\/#respond"]}]},{"@type":"WebPage","@id":"https:\/\/www.visitamalfi.info\/fr\/les-meilleurs-points-panoramiques-et-plus-a-amalfi-et-quand-y-aller\/","url":"https:\/\/www.visitamalfi.info\/fr\/les-meilleurs-points-panoramiques-et-plus-a-amalfi-et-quand-y-aller\/","name":"Les meilleurs points panoramiques (et plus) \u00e0 Amalfi, et quand y aller. - Visit Amalfi","isPartOf":{"@id":"https:\/\/www.visitamalfi.info\/fr\/#website"},"primaryImageOfPage":{"@id":"https:\/\/www.visitamalfi.info\/fr\/les-meilleurs-points-panoramiques-et-plus-a-amalfi-et-quand-y-aller\/#primaryimage"},"image":{"@id":"https:\/\/www.visitamalfi.info\/fr\/les-meilleurs-points-panoramiques-et-plus-a-amalfi-et-quand-y-aller\/#primaryimage"},"thumbnailUrl":"https:\/\/www.visitamalfi.info\/wp-content\/uploads\/2024\/03\/ANA_2290-8k.jpg","datePublished":"2025-06-30T09:35:44+00:00","breadcrumb":{"@id":"https:\/\/www.visitamalfi.info\/fr\/les-meilleurs-points-panoramiques-et-plus-a-amalfi-et-quand-y-aller\/#breadcrumb"},"inLanguage":"fr-FR","potentialAction":[{"@type":"ReadAction","target":["https:\/\/www.visitamalfi.info\/fr\/les-meilleurs-points-panoramiques-et-plus-a-amalfi-et-quand-y-aller\/"]}]},{"@type":"ImageObject","inLanguage":"fr-FR","@id":"https:\/\/www.visitamalfi.info\/fr\/les-meilleurs-points-panoramiques-et-plus-a-amalfi-et-quand-y-aller\/#primaryimage","url":"https:\/\/www.visitamalfi.info\/wp-content\/uploads\/2024\/03\/ANA_2290-8k.jpg","contentUrl":"https:\/\/www.visitamalfi.info\/wp-content\/uploads\/2024\/03\/ANA_2290-8k.jpg","width":1920,"height":1280,"caption":"Amalfi_Via Mestra dei Villaggi_Lone_Chiesa della Nativit\u00e0 di Maria SS"},{"@type":"BreadcrumbList","@id":"https:\/\/www.visitamalfi.info\/fr\/les-meilleurs-points-panoramiques-et-plus-a-amalfi-et-quand-y-aller\/#breadcrumb","itemListElement":[{"@type":"ListItem","position":1,"name":"Home","item":"https:\/\/www.visitamalfi.info\/fr\/"},{"@type":"ListItem","position":2,"name":"Les meilleurs points panoramiques (et plus) \u00e0 Amalfi, et quand y aller."}]},{"@type":"WebSite","@id":"https:\/\/www.visitamalfi.info\/fr\/#website","url":"https:\/\/www.visitamalfi.info\/fr\/","name":"Visit Amalfi","description":"Amalfi Destination Official Website","publisher":{"@id":"https:\/\/www.visitamalfi.info\/fr\/#organization"},"potentialAction":[{"@type":"SearchAction","target":{"@type":"EntryPoint","urlTemplate":"https:\/\/www.visitamalfi.info\/fr\/?s={search_term_string}"},"query-input":{"@type":"PropertyValueSpecification","valueRequired":true,"valueName":"search_term_string"}}],"inLanguage":"fr-FR"},{"@type":"Organization","@id":"https:\/\/www.visitamalfi.info\/fr\/#organization","name":"Visit Amalfi","url":"https:\/\/www.visitamalfi.info\/fr\/","logo":{"@type":"ImageObject","inLanguage":"fr-FR","@id":"https:\/\/www.visitamalfi.info\/fr\/#\/schema\/logo\/image\/","url":"https:\/\/www.visitamalfi.info\/wp-content\/uploads\/2023\/04\/visit-amalfi-logo-web.png","contentUrl":"https:\/\/www.visitamalfi.info\/wp-content\/uploads\/2023\/04\/visit-amalfi-logo-web.png","width":800,"height":870,"caption":"Visit Amalfi"},"image":{"@id":"https:\/\/www.visitamalfi.info\/fr\/#\/schema\/logo\/image\/"},"sameAs":["https:\/\/www.facebook.com\/visitamalfiofficial","https:\/\/www.instagram.com\/visitamalfiofficial\/"]},{"@type":"Person","@id":"https:\/\/www.visitamalfi.info\/fr\/#\/schema\/person\/0c7584af846d5d2da6c69f7e68f3af96","name":"Federica Dumont","image":{"@type":"ImageObject","inLanguage":"fr-FR","@id":"https:\/\/secure.gravatar.com\/avatar\/0803dab414b6c6f1fd2399680f587870a020419b6ebe9d36dd75df06a6a68060?s=96&d=mm&r=g","url":"https:\/\/secure.gravatar.com\/avatar\/0803dab414b6c6f1fd2399680f587870a020419b6ebe9d36dd75df06a6a68060?s=96&d=mm&r=g","contentUrl":"https:\/\/secure.gravatar.com\/avatar\/0803dab414b6c6f1fd2399680f587870a020419b6ebe9d36dd75df06a6a68060?s=96&d=mm&r=g","caption":"Federica Dumont"},"url":"https:\/\/www.visitamalfi.info\/fr\/author\/federica\/"}]}},"_links":{"self":[{"href":"https:\/\/www.visitamalfi.info\/fr\/wp-json\/wp\/v2\/posts\/22244","targetHints":{"allow":["GET"]}}],"collection":[{"href":"https:\/\/www.visitamalfi.info\/fr\/wp-json\/wp\/v2\/posts"}],"about":[{"href":"https:\/\/www.visitamalfi.info\/fr\/wp-json\/wp\/v2\/types\/post"}],"author":[{"embeddable":true,"href":"https:\/\/www.visitamalfi.info\/fr\/wp-json\/wp\/v2\/users\/7"}],"replies":[{"embeddable":true,"href":"https:\/\/www.visitamalfi.info\/fr\/wp-json\/wp\/v2\/comments?post=22244"}],"version-history":[{"count":0,"href":"https:\/\/www.visitamalfi.info\/fr\/wp-json\/wp\/v2\/posts\/22244\/revisions"}],"wp:featuredmedia":[{"embeddable":true,"href":"https:\/\/www.visitamalfi.info\/fr\/wp-json\/wp\/v2\/media\/15705"}],"wp:attachment":[{"href":"https:\/\/www.visitamalfi.info\/fr\/wp-json\/wp\/v2\/media?parent=22244"}],"wp:term":[{"taxonomy":"category","embeddable":true,"href":"https:\/\/www.visitamalfi.info\/fr\/wp-json\/wp\/v2\/categories?post=22244"},{"taxonomy":"post_tag","embeddable":true,"href":"https:\/\/www.visitamalfi.info\/fr\/wp-json\/wp\/v2\/tags?post=22244"}],"curies":[{"name":"wp","href":"https:\/\/api.w.org\/{rel}","templated":true}]}}