{"id":21980,"date":"2025-06-19T16:08:23","date_gmt":"2025-06-19T14:08:23","guid":{"rendered":"https:\/\/www.visitamalfi.info\/amalfi-de-plus-en-plus-accessible-naissance-dune-plage-accessible-a-tous\/"},"modified":"2025-06-19T16:08:23","modified_gmt":"2025-06-19T14:08:23","slug":"amalfi-de-plus-en-plus-accessible-naissance-dune-plage-accessible-a-tous","status":"publish","type":"post","link":"https:\/\/www.visitamalfi.info\/fr\/amalfi-de-plus-en-plus-accessible-naissance-dune-plage-accessible-a-tous\/","title":{"rendered":"Amalfi de plus en plus accessible : naissance d&#8217;une plage accessible \u00e0 tous"},"content":{"rendered":"<p>A partir de l&#8217;\u00e9t\u00e9 2025, Amalfi fait un pas important vers un accueil de plus en plus inclusif. Gr\u00e2ce \u00e0 un projet d\u00e9di\u00e9 \u00e0 l&#8217;<strong>accessibilit\u00e9 touristique<\/strong>, une partie de la c\u00e9l\u00e8bre plage &#8220;Marina Spiaggia&#8221; (c\u00f4t\u00e9 ouest) sera \u00e9quip\u00e9e et r\u00e9serv\u00e9e aux personnes handicap\u00e9es ou ayant des difficult\u00e9s motrices, afin qu&#8217;elles puissent profiter de la mer en toute libert\u00e9 et s\u00e9r\u00e9nit\u00e9.<img fetchpriority=\"high\" decoding=\"async\" class=\"size-medium wp-image-21942 alignleft\" src=\"https:\/\/www.visitamalfi.info\/wp-content\/uploads\/2025\/06\/20250619_104153-169x300.jpg\" alt=\"\" width=\"169\" height=\"300\" srcset=\"https:\/\/www.visitamalfi.info\/wp-content\/uploads\/2025\/06\/20250619_104153-169x300.jpg 169w, https:\/\/www.visitamalfi.info\/wp-content\/uploads\/2025\/06\/20250619_104153-577x1024.jpg 577w, https:\/\/www.visitamalfi.info\/wp-content\/uploads\/2025\/06\/20250619_104153-768x1364.jpg 768w, https:\/\/www.visitamalfi.info\/wp-content\/uploads\/2025\/06\/20250619_104153-865x1536.jpg 865w, https:\/\/www.visitamalfi.info\/wp-content\/uploads\/2025\/06\/20250619_104153.jpg 1081w\" sizes=\"(max-width: 169px) 100vw, 169px\" \/><\/p>\n<p><strong>Un espace con\u00e7u avec soin et attention<\/strong><\/p>\n<p>De juin \u00e0 octobre, les visiteurs pourront profiter d&#8217;un espace confortable et bien \u00e9quip\u00e9, con\u00e7u pour faciliter leur acc\u00e8s et leur s\u00e9jour sur la plage.<\/p>\n<p>L&#8217;espace sera \u00e9quip\u00e9 de :<\/p>\n<ul>\n<li>Chaises flottantes (pour faciliter l&#8217;entr\u00e9e dans l&#8217;eau en toute s\u00e9curit\u00e9),<\/li>\n<li>Une chaise Job, id\u00e9ale pour le transport sur le sable,<\/li>\n<li>Une passerelle permet d&#8217;acc\u00e9der facilement aux chaises longues et aux parasols,<\/li>\n<li>Postes de d\u00e9tente avec 6 chaises longues, 6 parasols et des chaises de directeur.<\/li>\n<\/ul>\n<p><strong>Accueil gratuit et personnel d\u00e9vou\u00e9<\/strong><\/p>\n<p>La pr\u00e9sence d&#8217;<strong>op\u00e9rateurs qualifi\u00e9s<\/strong>, pr\u00eats \u00e0 accueillir et \u00e0 soutenir chaque invit\u00e9, rendra ce projet encore plus sp\u00e9cial. L&#8217;assistance sera enti\u00e8rement gratuite et confi\u00e9e \u00e0 la Cooperativa Sociale L&#8217;Alveare, qui assurera \u00e9galement l&#8217;orientation et l&#8217;organisation de l&#8217;acc\u00e8s.<img decoding=\"async\" class=\"size-medium wp-image-21952 alignright\" src=\"https:\/\/www.visitamalfi.info\/wp-content\/uploads\/2025\/06\/20250619_105039-300x169.jpg\" alt=\"\" width=\"300\" height=\"169\" srcset=\"https:\/\/www.visitamalfi.info\/wp-content\/uploads\/2025\/06\/20250619_105039-300x169.jpg 300w, https:\/\/www.visitamalfi.info\/wp-content\/uploads\/2025\/06\/20250619_105039-1024x577.jpg 1024w, https:\/\/www.visitamalfi.info\/wp-content\/uploads\/2025\/06\/20250619_105039-768x432.jpg 768w, https:\/\/www.visitamalfi.info\/wp-content\/uploads\/2025\/06\/20250619_105039-1536x865.jpg 1536w, https:\/\/www.visitamalfi.info\/wp-content\/uploads\/2025\/06\/20250619_105039.jpg 1920w\" sizes=\"(max-width: 300px) 100vw, 300px\" \/><\/p>\n<p><strong>Un engagement concret en faveur du tourisme qui n&#8217;exclut personne<\/strong><\/p>\n<p>Avec cette initiative, Amalfi renouvelle son engagement en faveur d&#8217;un tourisme accessible et sensible aux besoins de tous. Pour ceux qui aiment voyager, explorer et se d\u00e9tendre au bord de la mer, savoir qu&#8217;ils peuvent compter sur un lieu bien \u00e9quip\u00e9 et inclusif fait toute la diff\u00e9rence.<\/p>\n<p>Qu&#8217;il s&#8217;agisse de vacances en famille, d&#8217;un s\u00e9jour entre amis ou d&#8217;une pause personnelle, \u00e0 partir de cet \u00e9t\u00e9, Amalfi sera encore plus accueillante pour tous.<\/p>\n<p>&nbsp;<\/p>\n<div id='gallery-1' class='gallery galleryid-21980 gallery-columns-3 gallery-size-thumbnail'><figure class='gallery-item'>\n\t\t\t<div class='gallery-icon portrait'>\n\t\t\t\t<a href='https:\/\/www.visitamalfi.info\/fr\/amalfi-de-plus-en-plus-accessible-naissance-dune-plage-accessible-a-tous\/20250619_103953-2\/'><img decoding=\"async\" width=\"300\" height=\"300\" src=\"https:\/\/www.visitamalfi.info\/wp-content\/uploads\/2025\/06\/20250619_103953-300x300.jpg\" class=\"attachment-thumbnail size-thumbnail\" alt=\"\" srcset=\"https:\/\/www.visitamalfi.info\/wp-content\/uploads\/2025\/06\/20250619_103953-300x300.jpg 300w, https:\/\/www.visitamalfi.info\/wp-content\/uploads\/2025\/06\/20250619_103953-510x510.jpg 510w, https:\/\/www.visitamalfi.info\/wp-content\/uploads\/2025\/06\/20250619_103953-160x160.jpg 160w\" sizes=\"(max-width: 300px) 100vw, 300px\" \/><\/a>\n\t\t\t<\/div><\/figure><figure class='gallery-item'>\n\t\t\t<div class='gallery-icon portrait'>\n\t\t\t\t<a href='https:\/\/www.visitamalfi.info\/fr\/amalfi-de-plus-en-plus-accessible-naissance-dune-plage-accessible-a-tous\/20250619_104001-2\/'><img loading=\"lazy\" decoding=\"async\" width=\"300\" height=\"300\" src=\"https:\/\/www.visitamalfi.info\/wp-content\/uploads\/2025\/06\/20250619_104001-300x300.jpg\" class=\"attachment-thumbnail size-thumbnail\" alt=\"\" srcset=\"https:\/\/www.visitamalfi.info\/wp-content\/uploads\/2025\/06\/20250619_104001-300x300.jpg 300w, https:\/\/www.visitamalfi.info\/wp-content\/uploads\/2025\/06\/20250619_104001-510x510.jpg 510w, https:\/\/www.visitamalfi.info\/wp-content\/uploads\/2025\/06\/20250619_104001-160x160.jpg 160w\" sizes=\"(max-width: 300px) 100vw, 300px\" \/><\/a>\n\t\t\t<\/div><\/figure><figure class='gallery-item'>\n\t\t\t<div class='gallery-icon portrait'>\n\t\t\t\t<a href='https:\/\/www.visitamalfi.info\/fr\/amalfi-de-plus-en-plus-accessible-naissance-dune-plage-accessible-a-tous\/20250619_104153-2\/'><img loading=\"lazy\" decoding=\"async\" width=\"300\" height=\"300\" src=\"https:\/\/www.visitamalfi.info\/wp-content\/uploads\/2025\/06\/20250619_104153-300x300.jpg\" class=\"attachment-thumbnail size-thumbnail\" alt=\"\" srcset=\"https:\/\/www.visitamalfi.info\/wp-content\/uploads\/2025\/06\/20250619_104153-300x300.jpg 300w, https:\/\/www.visitamalfi.info\/wp-content\/uploads\/2025\/06\/20250619_104153-510x510.jpg 510w, https:\/\/www.visitamalfi.info\/wp-content\/uploads\/2025\/06\/20250619_104153-160x160.jpg 160w\" sizes=\"(max-width: 300px) 100vw, 300px\" \/><\/a>\n\t\t\t<\/div><\/figure><figure class='gallery-item'>\n\t\t\t<div class='gallery-icon landscape'>\n\t\t\t\t<a href='https:\/\/www.visitamalfi.info\/fr\/amalfi-de-plus-en-plus-accessible-naissance-dune-plage-accessible-a-tous\/20250619_104215-2\/'><img loading=\"lazy\" decoding=\"async\" width=\"300\" height=\"300\" src=\"https:\/\/www.visitamalfi.info\/wp-content\/uploads\/2025\/06\/20250619_104215-300x300.jpg\" class=\"attachment-thumbnail size-thumbnail\" alt=\"\" srcset=\"https:\/\/www.visitamalfi.info\/wp-content\/uploads\/2025\/06\/20250619_104215-300x300.jpg 300w, https:\/\/www.visitamalfi.info\/wp-content\/uploads\/2025\/06\/20250619_104215-510x510.jpg 510w, https:\/\/www.visitamalfi.info\/wp-content\/uploads\/2025\/06\/20250619_104215-160x160.jpg 160w\" sizes=\"(max-width: 300px) 100vw, 300px\" \/><\/a>\n\t\t\t<\/div><\/figure><figure class='gallery-item'>\n\t\t\t<div class='gallery-icon landscape'>\n\t\t\t\t<a href='https:\/\/www.visitamalfi.info\/fr\/amalfi-de-plus-en-plus-accessible-naissance-dune-plage-accessible-a-tous\/20250619_105039-2\/'><img loading=\"lazy\" decoding=\"async\" width=\"300\" height=\"300\" src=\"https:\/\/www.visitamalfi.info\/wp-content\/uploads\/2025\/06\/20250619_105039-300x300.jpg\" class=\"attachment-thumbnail size-thumbnail\" alt=\"\" srcset=\"https:\/\/www.visitamalfi.info\/wp-content\/uploads\/2025\/06\/20250619_105039-300x300.jpg 300w, https:\/\/www.visitamalfi.info\/wp-content\/uploads\/2025\/06\/20250619_105039-510x510.jpg 510w, https:\/\/www.visitamalfi.info\/wp-content\/uploads\/2025\/06\/20250619_105039-160x160.jpg 160w\" sizes=\"(max-width: 300px) 100vw, 300px\" \/><\/a>\n\t\t\t<\/div><\/figure><figure class='gallery-item'>\n\t\t\t<div class='gallery-icon landscape'>\n\t\t\t\t<a href='https:\/\/www.visitamalfi.info\/fr\/amalfi-de-plus-en-plus-accessible-naissance-dune-plage-accessible-a-tous\/20250619_105711-2\/'><img loading=\"lazy\" decoding=\"async\" width=\"300\" height=\"300\" src=\"https:\/\/www.visitamalfi.info\/wp-content\/uploads\/2025\/06\/20250619_105711-300x300.jpg\" class=\"attachment-thumbnail size-thumbnail\" alt=\"\" srcset=\"https:\/\/www.visitamalfi.info\/wp-content\/uploads\/2025\/06\/20250619_105711-300x300.jpg 300w, https:\/\/www.visitamalfi.info\/wp-content\/uploads\/2025\/06\/20250619_105711-510x510.jpg 510w, https:\/\/www.visitamalfi.info\/wp-content\/uploads\/2025\/06\/20250619_105711-160x160.jpg 160w\" sizes=\"(max-width: 300px) 100vw, 300px\" \/><\/a>\n\t\t\t<\/div><\/figure><figure class='gallery-item'>\n\t\t\t<div class='gallery-icon portrait'>\n\t\t\t\t<a href='https:\/\/www.visitamalfi.info\/fr\/amalfi-de-plus-en-plus-accessible-naissance-dune-plage-accessible-a-tous\/20250619_105740-2\/'><img loading=\"lazy\" decoding=\"async\" width=\"300\" height=\"300\" src=\"https:\/\/www.visitamalfi.info\/wp-content\/uploads\/2025\/06\/20250619_105740-300x300.jpg\" class=\"attachment-thumbnail size-thumbnail\" alt=\"\" srcset=\"https:\/\/www.visitamalfi.info\/wp-content\/uploads\/2025\/06\/20250619_105740-300x300.jpg 300w, https:\/\/www.visitamalfi.info\/wp-content\/uploads\/2025\/06\/20250619_105740-510x510.jpg 510w, https:\/\/www.visitamalfi.info\/wp-content\/uploads\/2025\/06\/20250619_105740-160x160.jpg 160w\" sizes=\"(max-width: 300px) 100vw, 300px\" \/><\/a>\n\t\t\t<\/div><\/figure><figure class='gallery-item'>\n\t\t\t<div class='gallery-icon portrait'>\n\t\t\t\t<a href='https:\/\/www.visitamalfi.info\/fr\/amalfi-de-plus-en-plus-accessible-naissance-dune-plage-accessible-a-tous\/20250619_105909-2\/'><img loading=\"lazy\" decoding=\"async\" width=\"300\" height=\"300\" src=\"https:\/\/www.visitamalfi.info\/wp-content\/uploads\/2025\/06\/20250619_105909-300x300.jpg\" class=\"attachment-thumbnail size-thumbnail\" alt=\"\" srcset=\"https:\/\/www.visitamalfi.info\/wp-content\/uploads\/2025\/06\/20250619_105909-300x300.jpg 300w, https:\/\/www.visitamalfi.info\/wp-content\/uploads\/2025\/06\/20250619_105909-510x510.jpg 510w, https:\/\/www.visitamalfi.info\/wp-content\/uploads\/2025\/06\/20250619_105909-160x160.jpg 160w\" sizes=\"(max-width: 300px) 100vw, 300px\" \/><\/a>\n\t\t\t<\/div><\/figure><figure class='gallery-item'>\n\t\t\t<div class='gallery-icon landscape'>\n\t\t\t\t<a href='https:\/\/www.visitamalfi.info\/fr\/amalfi-de-plus-en-plus-accessible-naissance-dune-plage-accessible-a-tous\/whatsapp-image-2025-06-19-at-11-48-33-2\/'><img loading=\"lazy\" decoding=\"async\" width=\"300\" height=\"300\" src=\"https:\/\/www.visitamalfi.info\/wp-content\/uploads\/2025\/06\/WhatsApp-Image-2025-06-19-at-11.48.33-300x300.jpeg\" class=\"attachment-thumbnail size-thumbnail\" alt=\"\" srcset=\"https:\/\/www.visitamalfi.info\/wp-content\/uploads\/2025\/06\/WhatsApp-Image-2025-06-19-at-11.48.33-300x300.jpeg 300w, https:\/\/www.visitamalfi.info\/wp-content\/uploads\/2025\/06\/WhatsApp-Image-2025-06-19-at-11.48.33-510x510.jpeg 510w, https:\/\/www.visitamalfi.info\/wp-content\/uploads\/2025\/06\/WhatsApp-Image-2025-06-19-at-11.48.33-160x160.jpeg 160w\" sizes=\"(max-width: 300px) 100vw, 300px\" \/><\/a>\n\t\t\t<\/div><\/figure>\n\t\t<\/div>\n\n","protected":false},"excerpt":{"rendered":"<p>A partir de l&#8217;\u00e9t\u00e9 2025, Amalfi fait un pas important vers un accueil de plus en plus inclusif. Gr\u00e2ce \u00e0 un projet d\u00e9di\u00e9 \u00e0 l&#8217;accessibilit\u00e9 touristique, une partie de la [&hellip;]<\/p>\n","protected":false},"author":7,"featured_media":21929,"comment_status":"open","ping_status":"closed","sticky":false,"template":"","format":"standard","meta":{"inline_featured_image":false,"footnotes":""},"categories":[891,257],"tags":[],"class_list":["post-21980","post","type-post","status-publish","format-standard","has-post-thumbnail","hentry","category-consigli-di-viaggio","category-curiosites"],"yoast_head":"<!-- This site is optimized with the Yoast SEO plugin v27.3 - https:\/\/yoast.com\/product\/yoast-seo-wordpress\/ -->\n<title>Amalfi de plus en plus accessible : naissance d&#039;une plage accessible \u00e0 tous - Visit Amalfi<\/title>\n<meta name=\"robots\" content=\"index, follow, max-snippet:-1, max-image-preview:large, max-video-preview:-1\" \/>\n<link rel=\"canonical\" href=\"https:\/\/www.visitamalfi.info\/fr\/amalfi-de-plus-en-plus-accessible-naissance-dune-plage-accessible-a-tous\/\" \/>\n<meta property=\"og:locale\" content=\"fr_FR\" \/>\n<meta property=\"og:type\" content=\"article\" \/>\n<meta property=\"og:title\" content=\"Amalfi de plus en plus accessible : naissance d&#039;une plage accessible \u00e0 tous - Visit Amalfi\" \/>\n<meta property=\"og:description\" content=\"A partir de l&#8217;\u00e9t\u00e9 2025, Amalfi fait un pas important vers un accueil de plus en plus inclusif. Gr\u00e2ce \u00e0 un projet d\u00e9di\u00e9 \u00e0 l&#8217;accessibilit\u00e9 touristique, une partie de la [&hellip;]\" \/>\n<meta property=\"og:url\" content=\"https:\/\/www.visitamalfi.info\/fr\/amalfi-de-plus-en-plus-accessible-naissance-dune-plage-accessible-a-tous\/\" \/>\n<meta property=\"og:site_name\" content=\"Visit Amalfi\" \/>\n<meta property=\"article:publisher\" content=\"https:\/\/www.facebook.com\/visitamalfiofficial\" \/>\n<meta property=\"article:published_time\" content=\"2025-06-19T14:08:23+00:00\" \/>\n<meta property=\"og:image\" content=\"https:\/\/www.visitamalfi.info\/wp-content\/uploads\/2025\/06\/WhatsApp-Image-2025-06-19-at-11.48.33.jpeg\" \/>\n\t<meta property=\"og:image:width\" content=\"1920\" \/>\n\t<meta property=\"og:image:height\" content=\"1081\" \/>\n\t<meta property=\"og:image:type\" content=\"image\/jpeg\" \/>\n<meta name=\"author\" content=\"Federica Dumont\" \/>\n<meta name=\"twitter:card\" content=\"summary_large_image\" \/>\n<meta name=\"twitter:label1\" content=\"\u00c9crit par\" \/>\n\t<meta name=\"twitter:data1\" content=\"Federica Dumont\" \/>\n\t<meta name=\"twitter:label2\" content=\"Dur\u00e9e de lecture estim\u00e9e\" \/>\n\t<meta name=\"twitter:data2\" content=\"1 minute\" \/>\n<script type=\"application\/ld+json\" class=\"yoast-schema-graph\">{\"@context\":\"https:\\\/\\\/schema.org\",\"@graph\":[{\"@type\":\"Article\",\"@id\":\"https:\\\/\\\/www.visitamalfi.info\\\/fr\\\/amalfi-de-plus-en-plus-accessible-naissance-dune-plage-accessible-a-tous\\\/#article\",\"isPartOf\":{\"@id\":\"https:\\\/\\\/www.visitamalfi.info\\\/fr\\\/amalfi-de-plus-en-plus-accessible-naissance-dune-plage-accessible-a-tous\\\/\"},\"author\":{\"name\":\"Federica Dumont\",\"@id\":\"https:\\\/\\\/www.visitamalfi.info\\\/fr\\\/#\\\/schema\\\/person\\\/0c7584af846d5d2da6c69f7e68f3af96\"},\"headline\":\"Amalfi de plus en plus accessible : naissance d&#8217;une plage accessible \u00e0 tous\",\"datePublished\":\"2025-06-19T14:08:23+00:00\",\"mainEntityOfPage\":{\"@id\":\"https:\\\/\\\/www.visitamalfi.info\\\/fr\\\/amalfi-de-plus-en-plus-accessible-naissance-dune-plage-accessible-a-tous\\\/\"},\"wordCount\":325,\"commentCount\":0,\"publisher\":{\"@id\":\"https:\\\/\\\/www.visitamalfi.info\\\/fr\\\/#organization\"},\"image\":{\"@id\":\"https:\\\/\\\/www.visitamalfi.info\\\/fr\\\/amalfi-de-plus-en-plus-accessible-naissance-dune-plage-accessible-a-tous\\\/#primaryimage\"},\"thumbnailUrl\":\"https:\\\/\\\/www.visitamalfi.info\\\/wp-content\\\/uploads\\\/2025\\\/06\\\/WhatsApp-Image-2025-06-19-at-11.48.33.jpeg\",\"articleSection\":[\"Consigli di viaggio\",\"Curiosit\u00e9s\"],\"inLanguage\":\"fr-FR\",\"potentialAction\":[{\"@type\":\"CommentAction\",\"name\":\"Comment\",\"target\":[\"https:\\\/\\\/www.visitamalfi.info\\\/fr\\\/amalfi-de-plus-en-plus-accessible-naissance-dune-plage-accessible-a-tous\\\/#respond\"]}]},{\"@type\":\"WebPage\",\"@id\":\"https:\\\/\\\/www.visitamalfi.info\\\/fr\\\/amalfi-de-plus-en-plus-accessible-naissance-dune-plage-accessible-a-tous\\\/\",\"url\":\"https:\\\/\\\/www.visitamalfi.info\\\/fr\\\/amalfi-de-plus-en-plus-accessible-naissance-dune-plage-accessible-a-tous\\\/\",\"name\":\"Amalfi de plus en plus accessible : naissance d'une plage accessible \u00e0 tous - Visit Amalfi\",\"isPartOf\":{\"@id\":\"https:\\\/\\\/www.visitamalfi.info\\\/fr\\\/#website\"},\"primaryImageOfPage\":{\"@id\":\"https:\\\/\\\/www.visitamalfi.info\\\/fr\\\/amalfi-de-plus-en-plus-accessible-naissance-dune-plage-accessible-a-tous\\\/#primaryimage\"},\"image\":{\"@id\":\"https:\\\/\\\/www.visitamalfi.info\\\/fr\\\/amalfi-de-plus-en-plus-accessible-naissance-dune-plage-accessible-a-tous\\\/#primaryimage\"},\"thumbnailUrl\":\"https:\\\/\\\/www.visitamalfi.info\\\/wp-content\\\/uploads\\\/2025\\\/06\\\/WhatsApp-Image-2025-06-19-at-11.48.33.jpeg\",\"datePublished\":\"2025-06-19T14:08:23+00:00\",\"breadcrumb\":{\"@id\":\"https:\\\/\\\/www.visitamalfi.info\\\/fr\\\/amalfi-de-plus-en-plus-accessible-naissance-dune-plage-accessible-a-tous\\\/#breadcrumb\"},\"inLanguage\":\"fr-FR\",\"potentialAction\":[{\"@type\":\"ReadAction\",\"target\":[\"https:\\\/\\\/www.visitamalfi.info\\\/fr\\\/amalfi-de-plus-en-plus-accessible-naissance-dune-plage-accessible-a-tous\\\/\"]}]},{\"@type\":\"ImageObject\",\"inLanguage\":\"fr-FR\",\"@id\":\"https:\\\/\\\/www.visitamalfi.info\\\/fr\\\/amalfi-de-plus-en-plus-accessible-naissance-dune-plage-accessible-a-tous\\\/#primaryimage\",\"url\":\"https:\\\/\\\/www.visitamalfi.info\\\/wp-content\\\/uploads\\\/2025\\\/06\\\/WhatsApp-Image-2025-06-19-at-11.48.33.jpeg\",\"contentUrl\":\"https:\\\/\\\/www.visitamalfi.info\\\/wp-content\\\/uploads\\\/2025\\\/06\\\/WhatsApp-Image-2025-06-19-at-11.48.33.jpeg\",\"width\":1920,\"height\":1081},{\"@type\":\"BreadcrumbList\",\"@id\":\"https:\\\/\\\/www.visitamalfi.info\\\/fr\\\/amalfi-de-plus-en-plus-accessible-naissance-dune-plage-accessible-a-tous\\\/#breadcrumb\",\"itemListElement\":[{\"@type\":\"ListItem\",\"position\":1,\"name\":\"Home\",\"item\":\"https:\\\/\\\/www.visitamalfi.info\\\/fr\\\/\"},{\"@type\":\"ListItem\",\"position\":2,\"name\":\"Amalfi de plus en plus accessible : naissance d&#8217;une plage accessible \u00e0 tous\"}]},{\"@type\":\"WebSite\",\"@id\":\"https:\\\/\\\/www.visitamalfi.info\\\/fr\\\/#website\",\"url\":\"https:\\\/\\\/www.visitamalfi.info\\\/fr\\\/\",\"name\":\"Visit Amalfi\",\"description\":\"Amalfi Destination Official Website\",\"publisher\":{\"@id\":\"https:\\\/\\\/www.visitamalfi.info\\\/fr\\\/#organization\"},\"potentialAction\":[{\"@type\":\"SearchAction\",\"target\":{\"@type\":\"EntryPoint\",\"urlTemplate\":\"https:\\\/\\\/www.visitamalfi.info\\\/fr\\\/?s={search_term_string}\"},\"query-input\":{\"@type\":\"PropertyValueSpecification\",\"valueRequired\":true,\"valueName\":\"search_term_string\"}}],\"inLanguage\":\"fr-FR\"},{\"@type\":\"Organization\",\"@id\":\"https:\\\/\\\/www.visitamalfi.info\\\/fr\\\/#organization\",\"name\":\"Visit Amalfi\",\"url\":\"https:\\\/\\\/www.visitamalfi.info\\\/fr\\\/\",\"logo\":{\"@type\":\"ImageObject\",\"inLanguage\":\"fr-FR\",\"@id\":\"https:\\\/\\\/www.visitamalfi.info\\\/fr\\\/#\\\/schema\\\/logo\\\/image\\\/\",\"url\":\"https:\\\/\\\/www.visitamalfi.info\\\/wp-content\\\/uploads\\\/2023\\\/04\\\/visit-amalfi-logo-web.png\",\"contentUrl\":\"https:\\\/\\\/www.visitamalfi.info\\\/wp-content\\\/uploads\\\/2023\\\/04\\\/visit-amalfi-logo-web.png\",\"width\":800,\"height\":870,\"caption\":\"Visit Amalfi\"},\"image\":{\"@id\":\"https:\\\/\\\/www.visitamalfi.info\\\/fr\\\/#\\\/schema\\\/logo\\\/image\\\/\"},\"sameAs\":[\"https:\\\/\\\/www.facebook.com\\\/visitamalfiofficial\",\"https:\\\/\\\/www.instagram.com\\\/visitamalfiofficial\\\/\"]},{\"@type\":\"Person\",\"@id\":\"https:\\\/\\\/www.visitamalfi.info\\\/fr\\\/#\\\/schema\\\/person\\\/0c7584af846d5d2da6c69f7e68f3af96\",\"name\":\"Federica Dumont\",\"image\":{\"@type\":\"ImageObject\",\"inLanguage\":\"fr-FR\",\"@id\":\"https:\\\/\\\/secure.gravatar.com\\\/avatar\\\/0803dab414b6c6f1fd2399680f587870a020419b6ebe9d36dd75df06a6a68060?s=96&d=mm&r=g\",\"url\":\"https:\\\/\\\/secure.gravatar.com\\\/avatar\\\/0803dab414b6c6f1fd2399680f587870a020419b6ebe9d36dd75df06a6a68060?s=96&d=mm&r=g\",\"contentUrl\":\"https:\\\/\\\/secure.gravatar.com\\\/avatar\\\/0803dab414b6c6f1fd2399680f587870a020419b6ebe9d36dd75df06a6a68060?s=96&d=mm&r=g\",\"caption\":\"Federica Dumont\"},\"url\":\"https:\\\/\\\/www.visitamalfi.info\\\/fr\\\/author\\\/federica\\\/\"}]}<\/script>\n<!-- \/ Yoast SEO plugin. -->","yoast_head_json":{"title":"Amalfi de plus en plus accessible : naissance d'une plage accessible \u00e0 tous - Visit Amalfi","robots":{"index":"index","follow":"follow","max-snippet":"max-snippet:-1","max-image-preview":"max-image-preview:large","max-video-preview":"max-video-preview:-1"},"canonical":"https:\/\/www.visitamalfi.info\/fr\/amalfi-de-plus-en-plus-accessible-naissance-dune-plage-accessible-a-tous\/","og_locale":"fr_FR","og_type":"article","og_title":"Amalfi de plus en plus accessible : naissance d'une plage accessible \u00e0 tous - Visit Amalfi","og_description":"A partir de l&#8217;\u00e9t\u00e9 2025, Amalfi fait un pas important vers un accueil de plus en plus inclusif. Gr\u00e2ce \u00e0 un projet d\u00e9di\u00e9 \u00e0 l&#8217;accessibilit\u00e9 touristique, une partie de la [&hellip;]","og_url":"https:\/\/www.visitamalfi.info\/fr\/amalfi-de-plus-en-plus-accessible-naissance-dune-plage-accessible-a-tous\/","og_site_name":"Visit Amalfi","article_publisher":"https:\/\/www.facebook.com\/visitamalfiofficial","article_published_time":"2025-06-19T14:08:23+00:00","og_image":[{"width":1920,"height":1081,"url":"https:\/\/www.visitamalfi.info\/wp-content\/uploads\/2025\/06\/WhatsApp-Image-2025-06-19-at-11.48.33.jpeg","type":"image\/jpeg"}],"author":"Federica Dumont","twitter_card":"summary_large_image","twitter_misc":{"\u00c9crit par":"Federica Dumont","Dur\u00e9e de lecture estim\u00e9e":"1 minute"},"schema":{"@context":"https:\/\/schema.org","@graph":[{"@type":"Article","@id":"https:\/\/www.visitamalfi.info\/fr\/amalfi-de-plus-en-plus-accessible-naissance-dune-plage-accessible-a-tous\/#article","isPartOf":{"@id":"https:\/\/www.visitamalfi.info\/fr\/amalfi-de-plus-en-plus-accessible-naissance-dune-plage-accessible-a-tous\/"},"author":{"name":"Federica Dumont","@id":"https:\/\/www.visitamalfi.info\/fr\/#\/schema\/person\/0c7584af846d5d2da6c69f7e68f3af96"},"headline":"Amalfi de plus en plus accessible : naissance d&#8217;une plage accessible \u00e0 tous","datePublished":"2025-06-19T14:08:23+00:00","mainEntityOfPage":{"@id":"https:\/\/www.visitamalfi.info\/fr\/amalfi-de-plus-en-plus-accessible-naissance-dune-plage-accessible-a-tous\/"},"wordCount":325,"commentCount":0,"publisher":{"@id":"https:\/\/www.visitamalfi.info\/fr\/#organization"},"image":{"@id":"https:\/\/www.visitamalfi.info\/fr\/amalfi-de-plus-en-plus-accessible-naissance-dune-plage-accessible-a-tous\/#primaryimage"},"thumbnailUrl":"https:\/\/www.visitamalfi.info\/wp-content\/uploads\/2025\/06\/WhatsApp-Image-2025-06-19-at-11.48.33.jpeg","articleSection":["Consigli di viaggio","Curiosit\u00e9s"],"inLanguage":"fr-FR","potentialAction":[{"@type":"CommentAction","name":"Comment","target":["https:\/\/www.visitamalfi.info\/fr\/amalfi-de-plus-en-plus-accessible-naissance-dune-plage-accessible-a-tous\/#respond"]}]},{"@type":"WebPage","@id":"https:\/\/www.visitamalfi.info\/fr\/amalfi-de-plus-en-plus-accessible-naissance-dune-plage-accessible-a-tous\/","url":"https:\/\/www.visitamalfi.info\/fr\/amalfi-de-plus-en-plus-accessible-naissance-dune-plage-accessible-a-tous\/","name":"Amalfi de plus en plus accessible : naissance d'une plage accessible \u00e0 tous - Visit Amalfi","isPartOf":{"@id":"https:\/\/www.visitamalfi.info\/fr\/#website"},"primaryImageOfPage":{"@id":"https:\/\/www.visitamalfi.info\/fr\/amalfi-de-plus-en-plus-accessible-naissance-dune-plage-accessible-a-tous\/#primaryimage"},"image":{"@id":"https:\/\/www.visitamalfi.info\/fr\/amalfi-de-plus-en-plus-accessible-naissance-dune-plage-accessible-a-tous\/#primaryimage"},"thumbnailUrl":"https:\/\/www.visitamalfi.info\/wp-content\/uploads\/2025\/06\/WhatsApp-Image-2025-06-19-at-11.48.33.jpeg","datePublished":"2025-06-19T14:08:23+00:00","breadcrumb":{"@id":"https:\/\/www.visitamalfi.info\/fr\/amalfi-de-plus-en-plus-accessible-naissance-dune-plage-accessible-a-tous\/#breadcrumb"},"inLanguage":"fr-FR","potentialAction":[{"@type":"ReadAction","target":["https:\/\/www.visitamalfi.info\/fr\/amalfi-de-plus-en-plus-accessible-naissance-dune-plage-accessible-a-tous\/"]}]},{"@type":"ImageObject","inLanguage":"fr-FR","@id":"https:\/\/www.visitamalfi.info\/fr\/amalfi-de-plus-en-plus-accessible-naissance-dune-plage-accessible-a-tous\/#primaryimage","url":"https:\/\/www.visitamalfi.info\/wp-content\/uploads\/2025\/06\/WhatsApp-Image-2025-06-19-at-11.48.33.jpeg","contentUrl":"https:\/\/www.visitamalfi.info\/wp-content\/uploads\/2025\/06\/WhatsApp-Image-2025-06-19-at-11.48.33.jpeg","width":1920,"height":1081},{"@type":"BreadcrumbList","@id":"https:\/\/www.visitamalfi.info\/fr\/amalfi-de-plus-en-plus-accessible-naissance-dune-plage-accessible-a-tous\/#breadcrumb","itemListElement":[{"@type":"ListItem","position":1,"name":"Home","item":"https:\/\/www.visitamalfi.info\/fr\/"},{"@type":"ListItem","position":2,"name":"Amalfi de plus en plus accessible : naissance d&#8217;une plage accessible \u00e0 tous"}]},{"@type":"WebSite","@id":"https:\/\/www.visitamalfi.info\/fr\/#website","url":"https:\/\/www.visitamalfi.info\/fr\/","name":"Visit Amalfi","description":"Amalfi Destination Official Website","publisher":{"@id":"https:\/\/www.visitamalfi.info\/fr\/#organization"},"potentialAction":[{"@type":"SearchAction","target":{"@type":"EntryPoint","urlTemplate":"https:\/\/www.visitamalfi.info\/fr\/?s={search_term_string}"},"query-input":{"@type":"PropertyValueSpecification","valueRequired":true,"valueName":"search_term_string"}}],"inLanguage":"fr-FR"},{"@type":"Organization","@id":"https:\/\/www.visitamalfi.info\/fr\/#organization","name":"Visit Amalfi","url":"https:\/\/www.visitamalfi.info\/fr\/","logo":{"@type":"ImageObject","inLanguage":"fr-FR","@id":"https:\/\/www.visitamalfi.info\/fr\/#\/schema\/logo\/image\/","url":"https:\/\/www.visitamalfi.info\/wp-content\/uploads\/2023\/04\/visit-amalfi-logo-web.png","contentUrl":"https:\/\/www.visitamalfi.info\/wp-content\/uploads\/2023\/04\/visit-amalfi-logo-web.png","width":800,"height":870,"caption":"Visit Amalfi"},"image":{"@id":"https:\/\/www.visitamalfi.info\/fr\/#\/schema\/logo\/image\/"},"sameAs":["https:\/\/www.facebook.com\/visitamalfiofficial","https:\/\/www.instagram.com\/visitamalfiofficial\/"]},{"@type":"Person","@id":"https:\/\/www.visitamalfi.info\/fr\/#\/schema\/person\/0c7584af846d5d2da6c69f7e68f3af96","name":"Federica Dumont","image":{"@type":"ImageObject","inLanguage":"fr-FR","@id":"https:\/\/secure.gravatar.com\/avatar\/0803dab414b6c6f1fd2399680f587870a020419b6ebe9d36dd75df06a6a68060?s=96&d=mm&r=g","url":"https:\/\/secure.gravatar.com\/avatar\/0803dab414b6c6f1fd2399680f587870a020419b6ebe9d36dd75df06a6a68060?s=96&d=mm&r=g","contentUrl":"https:\/\/secure.gravatar.com\/avatar\/0803dab414b6c6f1fd2399680f587870a020419b6ebe9d36dd75df06a6a68060?s=96&d=mm&r=g","caption":"Federica Dumont"},"url":"https:\/\/www.visitamalfi.info\/fr\/author\/federica\/"}]}},"_links":{"self":[{"href":"https:\/\/www.visitamalfi.info\/fr\/wp-json\/wp\/v2\/posts\/21980","targetHints":{"allow":["GET"]}}],"collection":[{"href":"https:\/\/www.visitamalfi.info\/fr\/wp-json\/wp\/v2\/posts"}],"about":[{"href":"https:\/\/www.visitamalfi.info\/fr\/wp-json\/wp\/v2\/types\/post"}],"author":[{"embeddable":true,"href":"https:\/\/www.visitamalfi.info\/fr\/wp-json\/wp\/v2\/users\/7"}],"replies":[{"embeddable":true,"href":"https:\/\/www.visitamalfi.info\/fr\/wp-json\/wp\/v2\/comments?post=21980"}],"version-history":[{"count":0,"href":"https:\/\/www.visitamalfi.info\/fr\/wp-json\/wp\/v2\/posts\/21980\/revisions"}],"wp:featuredmedia":[{"embeddable":true,"href":"https:\/\/www.visitamalfi.info\/fr\/wp-json\/wp\/v2\/media\/21929"}],"wp:attachment":[{"href":"https:\/\/www.visitamalfi.info\/fr\/wp-json\/wp\/v2\/media?parent=21980"}],"wp:term":[{"taxonomy":"category","embeddable":true,"href":"https:\/\/www.visitamalfi.info\/fr\/wp-json\/wp\/v2\/categories?post=21980"},{"taxonomy":"post_tag","embeddable":true,"href":"https:\/\/www.visitamalfi.info\/fr\/wp-json\/wp\/v2\/tags?post=21980"}],"curies":[{"name":"wp","href":"https:\/\/api.w.org\/{rel}","templated":true}]}}