{"id":21853,"date":"2025-06-03T11:22:13","date_gmt":"2025-06-03T09:22:13","guid":{"rendered":"https:\/\/www.visitamalfi.info\/la-fete-de-saint-andre-a-amalfi-entre-foi-folklore-et-spectacle-en-bord-de-mer\/"},"modified":"2025-06-03T11:22:13","modified_gmt":"2025-06-03T09:22:13","slug":"la-fete-de-saint-andre-a-amalfi-entre-foi-folklore-et-spectacle-en-bord-de-mer","status":"publish","type":"post","link":"https:\/\/www.visitamalfi.info\/fr\/la-fete-de-saint-andre-a-amalfi-entre-foi-folklore-et-spectacle-en-bord-de-mer\/","title":{"rendered":"La f\u00eate de Saint-Andr\u00e9 \u00e0 Amalfi : entre foi, folklore et spectacle en bord de mer"},"content":{"rendered":"<div class=\"page\" title=\"Page 1\">\n<div class=\"section\">\n<div class=\"layoutArea\">\n<div class=\"column\">\n<p>Tout le monde ne sait peut-\u00eatre pas que, le 27 juin et le 30 novembre, Amalfi f\u00eate Saint-Andr\u00e9, son saint patron, et que la ville se pare de ses plus beaux atours.<br \/>\nIl s&#8217;agit d&#8217;une occasion sp\u00e9ciale, alliant tradition, sacralit\u00e9 et spectacle, capable de captiver tout le monde, les citoyens comme les visiteurs. Mais de quoi s&#8217;agit-il ?<\/p>\n<p><img fetchpriority=\"high\" decoding=\"async\" class=\"size-medium wp-image-21836 alignright\" src=\"https:\/\/www.visitamalfi.info\/wp-content\/uploads\/2025\/06\/51-Cattedrale-foto-abbagnara-300x200.jpg\" alt=\"\" width=\"300\" height=\"200\" srcset=\"https:\/\/www.visitamalfi.info\/wp-content\/uploads\/2025\/06\/51-Cattedrale-foto-abbagnara-300x200.jpg 300w, https:\/\/www.visitamalfi.info\/wp-content\/uploads\/2025\/06\/51-Cattedrale-foto-abbagnara-1024x683.jpg 1024w, https:\/\/www.visitamalfi.info\/wp-content\/uploads\/2025\/06\/51-Cattedrale-foto-abbagnara-768x512.jpg 768w, https:\/\/www.visitamalfi.info\/wp-content\/uploads\/2025\/06\/51-Cattedrale-foto-abbagnara-1536x1024.jpg 1536w, https:\/\/www.visitamalfi.info\/wp-content\/uploads\/2025\/06\/51-Cattedrale-foto-abbagnara-870x580.jpg 870w, https:\/\/www.visitamalfi.info\/wp-content\/uploads\/2025\/06\/51-Cattedrale-foto-abbagnara-615x410.jpg 615w, https:\/\/www.visitamalfi.info\/wp-content\/uploads\/2025\/06\/51-Cattedrale-foto-abbagnara-1240x825.jpg 1240w, https:\/\/www.visitamalfi.info\/wp-content\/uploads\/2025\/06\/51-Cattedrale-foto-abbagnara.jpg 1920w\" sizes=\"(max-width: 300px) 100vw, 300px\" \/><strong>Une tradition bien ancr\u00e9e<\/strong><\/p>\n<p>Depuis 1208, date \u00e0 laquelle ses reliques ont \u00e9t\u00e9 ramen\u00e9es de Constantinople, l&#8217;ap\u00f4tre p\u00eacheur fait l&#8217;objet de deux c\u00e9l\u00e9brations solennelles : une estivale (27 juin) comm\u00e9morant le miracle de 1544, lorsqu&#8217;il aurait sauv\u00e9 la ville d&#8217;une attaque de pirates, et une hivernale (30 novembre), plus intime et spirituelle, \u00e0 l&#8217;occasion de la f\u00eate liturgique du saint.<\/p>\n<p><strong>Le c\u0153ur du festival : la cath\u00e9drale et la crypte<\/strong><\/p>\n<p><img decoding=\"async\" class=\"size-medium wp-image-21841 alignleft\" src=\"https:\/\/www.visitamalfi.info\/wp-content\/uploads\/2025\/06\/01-Cattedrale-foto-abbagnara-200x300.jpg\" alt=\"\" width=\"200\" height=\"300\" srcset=\"https:\/\/www.visitamalfi.info\/wp-content\/uploads\/2025\/06\/01-Cattedrale-foto-abbagnara-200x300.jpg 200w, https:\/\/www.visitamalfi.info\/wp-content\/uploads\/2025\/06\/01-Cattedrale-foto-abbagnara-683x1024.jpg 683w, https:\/\/www.visitamalfi.info\/wp-content\/uploads\/2025\/06\/01-Cattedrale-foto-abbagnara-768x1152.jpg 768w, https:\/\/www.visitamalfi.info\/wp-content\/uploads\/2025\/06\/01-Cattedrale-foto-abbagnara-1024x1536.jpg 1024w, https:\/\/www.visitamalfi.info\/wp-content\/uploads\/2025\/06\/01-Cattedrale-foto-abbagnara.jpg 1280w\" sizes=\"(max-width: 200px) 100vw, 200px\" \/>La pi\u00e8ce ma\u00eetresse des c\u00e9l\u00e9brations est la majestueuse cath\u00e9drale d&#8217;Amalfi, d\u00e9di\u00e9e \u00e0 Saint-Andr\u00e9. C&#8217;est l\u00e0 que se d\u00e9roule la messe solennelle, en pr\u00e9sence des autorit\u00e9s civiles et religieuses, et c&#8217;est de l\u00e0 que part l&#8217;impressionnante procession avec la statue du saint port\u00e9e sur les \u00e9paules, accompagn\u00e9e de chants, de pri\u00e8res et de toute une communaut\u00e9 en f\u00eate.<\/p>\n<p><strong>Le moment le plus attendu : la course de la statue<\/strong><br \/>\nL&#8217;un des actes les plus pittoresques de la c\u00e9l\u00e9bration est la descente de la statue de Saint-Andr\u00e9 sur les marches monumentales de la cath\u00e9drale, sous les applaudissements de la foule. Il s&#8217;agit d&#8217;un geste spectaculaire et d&#8217;un acte de foi.<\/p>\n<p><strong>La f\u00eate au bord de la mer<\/strong><\/p>\n<p>Apr\u00e8s la procession, les festivit\u00e9s se d\u00e9placent vers la mer et le ciel : fanfares, bateaux illumin\u00e9s le long de la c\u00f4te et, surtout, feux d&#8217;artifice au-dessus de la mer constituent l&#8217;un des moments les plus excitants de l&#8217;\u00e9t\u00e9 amalfitain.<\/p>\n<p>La f\u00eate de la Saint-Andr\u00e9 n&#8217;est pas seulement un \u00e9v\u00e9nement religieux : c&#8217;est une exp\u00e9rience totale et traditionnelle. C&#8217;est voir Amalfi dans ce qu&#8217;elle a de plus authentique, entre histoire, l\u00e9gende, d\u00e9votion et spectacle.<\/p>\n<p>Que vous soyez croyant ou non, cette c\u00e9l\u00e9bration est une occasion unique d&#8217;entrer en contact avec l&#8217;\u00e2me profonde de la ville.<\/p>\n<\/div>\n<\/div>\n<\/div>\n<\/div>\n","protected":false},"excerpt":{"rendered":"<p>Tout le monde ne sait peut-\u00eatre pas que, le 27 juin et le 30 novembre, Amalfi f\u00eate Saint-Andr\u00e9, son saint patron, et que la ville se pare de ses plus [&hellip;]<\/p>\n","protected":false},"author":7,"featured_media":21848,"comment_status":"open","ping_status":"closed","sticky":false,"template":"","format":"standard","meta":{"inline_featured_image":false,"footnotes":""},"categories":[257],"tags":[],"class_list":["post-21853","post","type-post","status-publish","format-standard","has-post-thumbnail","hentry","category-curiosites"],"yoast_head":"<!-- This site is optimized with the Yoast SEO plugin v27.3 - https:\/\/yoast.com\/product\/yoast-seo-wordpress\/ -->\n<title>La f\u00eate de Saint-Andr\u00e9 \u00e0 Amalfi : entre foi, folklore et spectacle en bord de mer - Visit Amalfi<\/title>\n<meta name=\"robots\" content=\"index, follow, max-snippet:-1, max-image-preview:large, max-video-preview:-1\" \/>\n<link rel=\"canonical\" href=\"https:\/\/www.visitamalfi.info\/fr\/la-fete-de-saint-andre-a-amalfi-entre-foi-folklore-et-spectacle-en-bord-de-mer\/\" \/>\n<meta property=\"og:locale\" content=\"fr_FR\" \/>\n<meta property=\"og:type\" content=\"article\" \/>\n<meta property=\"og:title\" content=\"La f\u00eate de Saint-Andr\u00e9 \u00e0 Amalfi : entre foi, folklore et spectacle en bord de mer - Visit Amalfi\" \/>\n<meta property=\"og:description\" content=\"Tout le monde ne sait peut-\u00eatre pas que, le 27 juin et le 30 novembre, Amalfi f\u00eate Saint-Andr\u00e9, son saint patron, et que la ville se pare de ses plus [&hellip;]\" \/>\n<meta property=\"og:url\" content=\"https:\/\/www.visitamalfi.info\/fr\/la-fete-de-saint-andre-a-amalfi-entre-foi-folklore-et-spectacle-en-bord-de-mer\/\" \/>\n<meta property=\"og:site_name\" content=\"Visit Amalfi\" \/>\n<meta property=\"article:publisher\" content=\"https:\/\/www.facebook.com\/visitamalfiofficial\" \/>\n<meta property=\"article:published_time\" content=\"2025-06-03T09:22:13+00:00\" \/>\n<meta property=\"og:image\" content=\"https:\/\/www.visitamalfi.info\/wp-content\/uploads\/2025\/06\/08-Cattedrale-foto-abbagnara.jpg\" \/>\n\t<meta property=\"og:image:width\" content=\"1920\" \/>\n\t<meta property=\"og:image:height\" content=\"1280\" \/>\n\t<meta property=\"og:image:type\" content=\"image\/jpeg\" \/>\n<meta name=\"author\" content=\"Federica Dumont\" \/>\n<meta name=\"twitter:card\" content=\"summary_large_image\" \/>\n<meta name=\"twitter:label1\" content=\"\u00c9crit par\" \/>\n\t<meta name=\"twitter:data1\" content=\"Federica Dumont\" \/>\n\t<meta name=\"twitter:label2\" content=\"Dur\u00e9e de lecture estim\u00e9e\" \/>\n\t<meta name=\"twitter:data2\" content=\"2 minutes\" \/>\n<script type=\"application\/ld+json\" class=\"yoast-schema-graph\">{\"@context\":\"https:\\\/\\\/schema.org\",\"@graph\":[{\"@type\":\"Article\",\"@id\":\"https:\\\/\\\/www.visitamalfi.info\\\/fr\\\/la-fete-de-saint-andre-a-amalfi-entre-foi-folklore-et-spectacle-en-bord-de-mer\\\/#article\",\"isPartOf\":{\"@id\":\"https:\\\/\\\/www.visitamalfi.info\\\/fr\\\/la-fete-de-saint-andre-a-amalfi-entre-foi-folklore-et-spectacle-en-bord-de-mer\\\/\"},\"author\":{\"name\":\"Federica Dumont\",\"@id\":\"https:\\\/\\\/www.visitamalfi.info\\\/fr\\\/#\\\/schema\\\/person\\\/0c7584af846d5d2da6c69f7e68f3af96\"},\"headline\":\"La f\u00eate de Saint-Andr\u00e9 \u00e0 Amalfi : entre foi, folklore et spectacle en bord de mer\",\"datePublished\":\"2025-06-03T09:22:13+00:00\",\"mainEntityOfPage\":{\"@id\":\"https:\\\/\\\/www.visitamalfi.info\\\/fr\\\/la-fete-de-saint-andre-a-amalfi-entre-foi-folklore-et-spectacle-en-bord-de-mer\\\/\"},\"wordCount\":406,\"commentCount\":0,\"publisher\":{\"@id\":\"https:\\\/\\\/www.visitamalfi.info\\\/fr\\\/#organization\"},\"image\":{\"@id\":\"https:\\\/\\\/www.visitamalfi.info\\\/fr\\\/la-fete-de-saint-andre-a-amalfi-entre-foi-folklore-et-spectacle-en-bord-de-mer\\\/#primaryimage\"},\"thumbnailUrl\":\"https:\\\/\\\/www.visitamalfi.info\\\/wp-content\\\/uploads\\\/2025\\\/06\\\/08-Cattedrale-foto-abbagnara.jpg\",\"articleSection\":[\"Curiosit\u00e9s\"],\"inLanguage\":\"fr-FR\",\"potentialAction\":[{\"@type\":\"CommentAction\",\"name\":\"Comment\",\"target\":[\"https:\\\/\\\/www.visitamalfi.info\\\/fr\\\/la-fete-de-saint-andre-a-amalfi-entre-foi-folklore-et-spectacle-en-bord-de-mer\\\/#respond\"]}]},{\"@type\":\"WebPage\",\"@id\":\"https:\\\/\\\/www.visitamalfi.info\\\/fr\\\/la-fete-de-saint-andre-a-amalfi-entre-foi-folklore-et-spectacle-en-bord-de-mer\\\/\",\"url\":\"https:\\\/\\\/www.visitamalfi.info\\\/fr\\\/la-fete-de-saint-andre-a-amalfi-entre-foi-folklore-et-spectacle-en-bord-de-mer\\\/\",\"name\":\"La f\u00eate de Saint-Andr\u00e9 \u00e0 Amalfi : entre foi, folklore et spectacle en bord de mer - Visit Amalfi\",\"isPartOf\":{\"@id\":\"https:\\\/\\\/www.visitamalfi.info\\\/fr\\\/#website\"},\"primaryImageOfPage\":{\"@id\":\"https:\\\/\\\/www.visitamalfi.info\\\/fr\\\/la-fete-de-saint-andre-a-amalfi-entre-foi-folklore-et-spectacle-en-bord-de-mer\\\/#primaryimage\"},\"image\":{\"@id\":\"https:\\\/\\\/www.visitamalfi.info\\\/fr\\\/la-fete-de-saint-andre-a-amalfi-entre-foi-folklore-et-spectacle-en-bord-de-mer\\\/#primaryimage\"},\"thumbnailUrl\":\"https:\\\/\\\/www.visitamalfi.info\\\/wp-content\\\/uploads\\\/2025\\\/06\\\/08-Cattedrale-foto-abbagnara.jpg\",\"datePublished\":\"2025-06-03T09:22:13+00:00\",\"breadcrumb\":{\"@id\":\"https:\\\/\\\/www.visitamalfi.info\\\/fr\\\/la-fete-de-saint-andre-a-amalfi-entre-foi-folklore-et-spectacle-en-bord-de-mer\\\/#breadcrumb\"},\"inLanguage\":\"fr-FR\",\"potentialAction\":[{\"@type\":\"ReadAction\",\"target\":[\"https:\\\/\\\/www.visitamalfi.info\\\/fr\\\/la-fete-de-saint-andre-a-amalfi-entre-foi-folklore-et-spectacle-en-bord-de-mer\\\/\"]}]},{\"@type\":\"ImageObject\",\"inLanguage\":\"fr-FR\",\"@id\":\"https:\\\/\\\/www.visitamalfi.info\\\/fr\\\/la-fete-de-saint-andre-a-amalfi-entre-foi-folklore-et-spectacle-en-bord-de-mer\\\/#primaryimage\",\"url\":\"https:\\\/\\\/www.visitamalfi.info\\\/wp-content\\\/uploads\\\/2025\\\/06\\\/08-Cattedrale-foto-abbagnara.jpg\",\"contentUrl\":\"https:\\\/\\\/www.visitamalfi.info\\\/wp-content\\\/uploads\\\/2025\\\/06\\\/08-Cattedrale-foto-abbagnara.jpg\",\"width\":1920,\"height\":1280},{\"@type\":\"BreadcrumbList\",\"@id\":\"https:\\\/\\\/www.visitamalfi.info\\\/fr\\\/la-fete-de-saint-andre-a-amalfi-entre-foi-folklore-et-spectacle-en-bord-de-mer\\\/#breadcrumb\",\"itemListElement\":[{\"@type\":\"ListItem\",\"position\":1,\"name\":\"Home\",\"item\":\"https:\\\/\\\/www.visitamalfi.info\\\/fr\\\/\"},{\"@type\":\"ListItem\",\"position\":2,\"name\":\"La f\u00eate de Saint-Andr\u00e9 \u00e0 Amalfi : entre foi, folklore et spectacle en bord de mer\"}]},{\"@type\":\"WebSite\",\"@id\":\"https:\\\/\\\/www.visitamalfi.info\\\/fr\\\/#website\",\"url\":\"https:\\\/\\\/www.visitamalfi.info\\\/fr\\\/\",\"name\":\"Visit Amalfi\",\"description\":\"Amalfi Destination Official Website\",\"publisher\":{\"@id\":\"https:\\\/\\\/www.visitamalfi.info\\\/fr\\\/#organization\"},\"potentialAction\":[{\"@type\":\"SearchAction\",\"target\":{\"@type\":\"EntryPoint\",\"urlTemplate\":\"https:\\\/\\\/www.visitamalfi.info\\\/fr\\\/?s={search_term_string}\"},\"query-input\":{\"@type\":\"PropertyValueSpecification\",\"valueRequired\":true,\"valueName\":\"search_term_string\"}}],\"inLanguage\":\"fr-FR\"},{\"@type\":\"Organization\",\"@id\":\"https:\\\/\\\/www.visitamalfi.info\\\/fr\\\/#organization\",\"name\":\"Visit Amalfi\",\"url\":\"https:\\\/\\\/www.visitamalfi.info\\\/fr\\\/\",\"logo\":{\"@type\":\"ImageObject\",\"inLanguage\":\"fr-FR\",\"@id\":\"https:\\\/\\\/www.visitamalfi.info\\\/fr\\\/#\\\/schema\\\/logo\\\/image\\\/\",\"url\":\"https:\\\/\\\/www.visitamalfi.info\\\/wp-content\\\/uploads\\\/2023\\\/04\\\/visit-amalfi-logo-web.png\",\"contentUrl\":\"https:\\\/\\\/www.visitamalfi.info\\\/wp-content\\\/uploads\\\/2023\\\/04\\\/visit-amalfi-logo-web.png\",\"width\":800,\"height\":870,\"caption\":\"Visit Amalfi\"},\"image\":{\"@id\":\"https:\\\/\\\/www.visitamalfi.info\\\/fr\\\/#\\\/schema\\\/logo\\\/image\\\/\"},\"sameAs\":[\"https:\\\/\\\/www.facebook.com\\\/visitamalfiofficial\",\"https:\\\/\\\/www.instagram.com\\\/visitamalfiofficial\\\/\"]},{\"@type\":\"Person\",\"@id\":\"https:\\\/\\\/www.visitamalfi.info\\\/fr\\\/#\\\/schema\\\/person\\\/0c7584af846d5d2da6c69f7e68f3af96\",\"name\":\"Federica Dumont\",\"image\":{\"@type\":\"ImageObject\",\"inLanguage\":\"fr-FR\",\"@id\":\"https:\\\/\\\/secure.gravatar.com\\\/avatar\\\/0803dab414b6c6f1fd2399680f587870a020419b6ebe9d36dd75df06a6a68060?s=96&d=mm&r=g\",\"url\":\"https:\\\/\\\/secure.gravatar.com\\\/avatar\\\/0803dab414b6c6f1fd2399680f587870a020419b6ebe9d36dd75df06a6a68060?s=96&d=mm&r=g\",\"contentUrl\":\"https:\\\/\\\/secure.gravatar.com\\\/avatar\\\/0803dab414b6c6f1fd2399680f587870a020419b6ebe9d36dd75df06a6a68060?s=96&d=mm&r=g\",\"caption\":\"Federica Dumont\"},\"url\":\"https:\\\/\\\/www.visitamalfi.info\\\/fr\\\/author\\\/federica\\\/\"}]}<\/script>\n<!-- \/ Yoast SEO plugin. -->","yoast_head_json":{"title":"La f\u00eate de Saint-Andr\u00e9 \u00e0 Amalfi : entre foi, folklore et spectacle en bord de mer - Visit Amalfi","robots":{"index":"index","follow":"follow","max-snippet":"max-snippet:-1","max-image-preview":"max-image-preview:large","max-video-preview":"max-video-preview:-1"},"canonical":"https:\/\/www.visitamalfi.info\/fr\/la-fete-de-saint-andre-a-amalfi-entre-foi-folklore-et-spectacle-en-bord-de-mer\/","og_locale":"fr_FR","og_type":"article","og_title":"La f\u00eate de Saint-Andr\u00e9 \u00e0 Amalfi : entre foi, folklore et spectacle en bord de mer - Visit Amalfi","og_description":"Tout le monde ne sait peut-\u00eatre pas que, le 27 juin et le 30 novembre, Amalfi f\u00eate Saint-Andr\u00e9, son saint patron, et que la ville se pare de ses plus [&hellip;]","og_url":"https:\/\/www.visitamalfi.info\/fr\/la-fete-de-saint-andre-a-amalfi-entre-foi-folklore-et-spectacle-en-bord-de-mer\/","og_site_name":"Visit Amalfi","article_publisher":"https:\/\/www.facebook.com\/visitamalfiofficial","article_published_time":"2025-06-03T09:22:13+00:00","og_image":[{"width":1920,"height":1280,"url":"https:\/\/www.visitamalfi.info\/wp-content\/uploads\/2025\/06\/08-Cattedrale-foto-abbagnara.jpg","type":"image\/jpeg"}],"author":"Federica Dumont","twitter_card":"summary_large_image","twitter_misc":{"\u00c9crit par":"Federica Dumont","Dur\u00e9e de lecture estim\u00e9e":"2 minutes"},"schema":{"@context":"https:\/\/schema.org","@graph":[{"@type":"Article","@id":"https:\/\/www.visitamalfi.info\/fr\/la-fete-de-saint-andre-a-amalfi-entre-foi-folklore-et-spectacle-en-bord-de-mer\/#article","isPartOf":{"@id":"https:\/\/www.visitamalfi.info\/fr\/la-fete-de-saint-andre-a-amalfi-entre-foi-folklore-et-spectacle-en-bord-de-mer\/"},"author":{"name":"Federica Dumont","@id":"https:\/\/www.visitamalfi.info\/fr\/#\/schema\/person\/0c7584af846d5d2da6c69f7e68f3af96"},"headline":"La f\u00eate de Saint-Andr\u00e9 \u00e0 Amalfi : entre foi, folklore et spectacle en bord de mer","datePublished":"2025-06-03T09:22:13+00:00","mainEntityOfPage":{"@id":"https:\/\/www.visitamalfi.info\/fr\/la-fete-de-saint-andre-a-amalfi-entre-foi-folklore-et-spectacle-en-bord-de-mer\/"},"wordCount":406,"commentCount":0,"publisher":{"@id":"https:\/\/www.visitamalfi.info\/fr\/#organization"},"image":{"@id":"https:\/\/www.visitamalfi.info\/fr\/la-fete-de-saint-andre-a-amalfi-entre-foi-folklore-et-spectacle-en-bord-de-mer\/#primaryimage"},"thumbnailUrl":"https:\/\/www.visitamalfi.info\/wp-content\/uploads\/2025\/06\/08-Cattedrale-foto-abbagnara.jpg","articleSection":["Curiosit\u00e9s"],"inLanguage":"fr-FR","potentialAction":[{"@type":"CommentAction","name":"Comment","target":["https:\/\/www.visitamalfi.info\/fr\/la-fete-de-saint-andre-a-amalfi-entre-foi-folklore-et-spectacle-en-bord-de-mer\/#respond"]}]},{"@type":"WebPage","@id":"https:\/\/www.visitamalfi.info\/fr\/la-fete-de-saint-andre-a-amalfi-entre-foi-folklore-et-spectacle-en-bord-de-mer\/","url":"https:\/\/www.visitamalfi.info\/fr\/la-fete-de-saint-andre-a-amalfi-entre-foi-folklore-et-spectacle-en-bord-de-mer\/","name":"La f\u00eate de Saint-Andr\u00e9 \u00e0 Amalfi : entre foi, folklore et spectacle en bord de mer - Visit Amalfi","isPartOf":{"@id":"https:\/\/www.visitamalfi.info\/fr\/#website"},"primaryImageOfPage":{"@id":"https:\/\/www.visitamalfi.info\/fr\/la-fete-de-saint-andre-a-amalfi-entre-foi-folklore-et-spectacle-en-bord-de-mer\/#primaryimage"},"image":{"@id":"https:\/\/www.visitamalfi.info\/fr\/la-fete-de-saint-andre-a-amalfi-entre-foi-folklore-et-spectacle-en-bord-de-mer\/#primaryimage"},"thumbnailUrl":"https:\/\/www.visitamalfi.info\/wp-content\/uploads\/2025\/06\/08-Cattedrale-foto-abbagnara.jpg","datePublished":"2025-06-03T09:22:13+00:00","breadcrumb":{"@id":"https:\/\/www.visitamalfi.info\/fr\/la-fete-de-saint-andre-a-amalfi-entre-foi-folklore-et-spectacle-en-bord-de-mer\/#breadcrumb"},"inLanguage":"fr-FR","potentialAction":[{"@type":"ReadAction","target":["https:\/\/www.visitamalfi.info\/fr\/la-fete-de-saint-andre-a-amalfi-entre-foi-folklore-et-spectacle-en-bord-de-mer\/"]}]},{"@type":"ImageObject","inLanguage":"fr-FR","@id":"https:\/\/www.visitamalfi.info\/fr\/la-fete-de-saint-andre-a-amalfi-entre-foi-folklore-et-spectacle-en-bord-de-mer\/#primaryimage","url":"https:\/\/www.visitamalfi.info\/wp-content\/uploads\/2025\/06\/08-Cattedrale-foto-abbagnara.jpg","contentUrl":"https:\/\/www.visitamalfi.info\/wp-content\/uploads\/2025\/06\/08-Cattedrale-foto-abbagnara.jpg","width":1920,"height":1280},{"@type":"BreadcrumbList","@id":"https:\/\/www.visitamalfi.info\/fr\/la-fete-de-saint-andre-a-amalfi-entre-foi-folklore-et-spectacle-en-bord-de-mer\/#breadcrumb","itemListElement":[{"@type":"ListItem","position":1,"name":"Home","item":"https:\/\/www.visitamalfi.info\/fr\/"},{"@type":"ListItem","position":2,"name":"La f\u00eate de Saint-Andr\u00e9 \u00e0 Amalfi : entre foi, folklore et spectacle en bord de mer"}]},{"@type":"WebSite","@id":"https:\/\/www.visitamalfi.info\/fr\/#website","url":"https:\/\/www.visitamalfi.info\/fr\/","name":"Visit Amalfi","description":"Amalfi Destination Official Website","publisher":{"@id":"https:\/\/www.visitamalfi.info\/fr\/#organization"},"potentialAction":[{"@type":"SearchAction","target":{"@type":"EntryPoint","urlTemplate":"https:\/\/www.visitamalfi.info\/fr\/?s={search_term_string}"},"query-input":{"@type":"PropertyValueSpecification","valueRequired":true,"valueName":"search_term_string"}}],"inLanguage":"fr-FR"},{"@type":"Organization","@id":"https:\/\/www.visitamalfi.info\/fr\/#organization","name":"Visit Amalfi","url":"https:\/\/www.visitamalfi.info\/fr\/","logo":{"@type":"ImageObject","inLanguage":"fr-FR","@id":"https:\/\/www.visitamalfi.info\/fr\/#\/schema\/logo\/image\/","url":"https:\/\/www.visitamalfi.info\/wp-content\/uploads\/2023\/04\/visit-amalfi-logo-web.png","contentUrl":"https:\/\/www.visitamalfi.info\/wp-content\/uploads\/2023\/04\/visit-amalfi-logo-web.png","width":800,"height":870,"caption":"Visit Amalfi"},"image":{"@id":"https:\/\/www.visitamalfi.info\/fr\/#\/schema\/logo\/image\/"},"sameAs":["https:\/\/www.facebook.com\/visitamalfiofficial","https:\/\/www.instagram.com\/visitamalfiofficial\/"]},{"@type":"Person","@id":"https:\/\/www.visitamalfi.info\/fr\/#\/schema\/person\/0c7584af846d5d2da6c69f7e68f3af96","name":"Federica Dumont","image":{"@type":"ImageObject","inLanguage":"fr-FR","@id":"https:\/\/secure.gravatar.com\/avatar\/0803dab414b6c6f1fd2399680f587870a020419b6ebe9d36dd75df06a6a68060?s=96&d=mm&r=g","url":"https:\/\/secure.gravatar.com\/avatar\/0803dab414b6c6f1fd2399680f587870a020419b6ebe9d36dd75df06a6a68060?s=96&d=mm&r=g","contentUrl":"https:\/\/secure.gravatar.com\/avatar\/0803dab414b6c6f1fd2399680f587870a020419b6ebe9d36dd75df06a6a68060?s=96&d=mm&r=g","caption":"Federica Dumont"},"url":"https:\/\/www.visitamalfi.info\/fr\/author\/federica\/"}]}},"_links":{"self":[{"href":"https:\/\/www.visitamalfi.info\/fr\/wp-json\/wp\/v2\/posts\/21853","targetHints":{"allow":["GET"]}}],"collection":[{"href":"https:\/\/www.visitamalfi.info\/fr\/wp-json\/wp\/v2\/posts"}],"about":[{"href":"https:\/\/www.visitamalfi.info\/fr\/wp-json\/wp\/v2\/types\/post"}],"author":[{"embeddable":true,"href":"https:\/\/www.visitamalfi.info\/fr\/wp-json\/wp\/v2\/users\/7"}],"replies":[{"embeddable":true,"href":"https:\/\/www.visitamalfi.info\/fr\/wp-json\/wp\/v2\/comments?post=21853"}],"version-history":[{"count":0,"href":"https:\/\/www.visitamalfi.info\/fr\/wp-json\/wp\/v2\/posts\/21853\/revisions"}],"wp:featuredmedia":[{"embeddable":true,"href":"https:\/\/www.visitamalfi.info\/fr\/wp-json\/wp\/v2\/media\/21848"}],"wp:attachment":[{"href":"https:\/\/www.visitamalfi.info\/fr\/wp-json\/wp\/v2\/media?parent=21853"}],"wp:term":[{"taxonomy":"category","embeddable":true,"href":"https:\/\/www.visitamalfi.info\/fr\/wp-json\/wp\/v2\/categories?post=21853"},{"taxonomy":"post_tag","embeddable":true,"href":"https:\/\/www.visitamalfi.info\/fr\/wp-json\/wp\/v2\/tags?post=21853"}],"curies":[{"name":"wp","href":"https:\/\/api.w.org\/{rel}","templated":true}]}}