{"id":21762,"date":"2025-05-19T09:41:26","date_gmt":"2025-05-19T07:41:26","guid":{"rendered":"https:\/\/www.visitamalfi.info\/amalfi-la-70e-regate-des-anciennes-republiques-maritimes-sest-achevee\/"},"modified":"2025-05-19T09:41:26","modified_gmt":"2025-05-19T07:41:26","slug":"amalfi-la-70e-regate-des-anciennes-republiques-maritimes-sest-achevee","status":"publish","type":"post","link":"https:\/\/www.visitamalfi.info\/fr\/amalfi-la-70e-regate-des-anciennes-republiques-maritimes-sest-achevee\/","title":{"rendered":"Amalfi, la 70e r\u00e9gate des Anciennes R\u00e9publiques Maritimes s&#8217;est achev\u00e9e"},"content":{"rendered":"<p class=\"\" data-start=\"326\" data-end=\"788\">Du 15 au 18 mai, Amalfi a accueilli la 70e <strong data-start=\"419\" data-end=\"464\">r\u00e9gate des anciennes r\u00e9publiques maritimes<\/strong>, l&#8217;une des traditions les plus fascinantes et les plus sinc\u00e8res de la M\u00e9diterran\u00e9e. Un \u00e9v\u00e9nement qui plonge ses racines dans l&#8217;histoire, lorsque quatre grandes cit\u00e9s-\u00c9tats &#8211; <strong data-start=\"632\" data-end=\"666\">Amalfi, Pise, G\u00eanes et Venise<\/strong> &#8211; se disputaient autrefois la domination de la mer, mais sont aujourd&#8217;hui plus unies que jamais. Une rivalit\u00e9 s&#8217;est transform\u00e9e en une c\u00e9l\u00e9bration du sport, de la culture et de la fraternit\u00e9.<img fetchpriority=\"high\" decoding=\"async\" class=\"size-medium wp-image-21657 alignright\" src=\"https:\/\/www.visitamalfi.info\/wp-content\/uploads\/2025\/05\/498188648_1111432554359111_6113755544808778168_n-300x201.jpg\" alt=\"\" width=\"300\" height=\"201\" srcset=\"https:\/\/www.visitamalfi.info\/wp-content\/uploads\/2025\/05\/498188648_1111432554359111_6113755544808778168_n-300x201.jpg 300w, https:\/\/www.visitamalfi.info\/wp-content\/uploads\/2025\/05\/498188648_1111432554359111_6113755544808778168_n-1024x685.jpg 1024w, https:\/\/www.visitamalfi.info\/wp-content\/uploads\/2025\/05\/498188648_1111432554359111_6113755544808778168_n-768x513.jpg 768w, https:\/\/www.visitamalfi.info\/wp-content\/uploads\/2025\/05\/498188648_1111432554359111_6113755544808778168_n-870x580.jpg 870w, https:\/\/www.visitamalfi.info\/wp-content\/uploads\/2025\/05\/498188648_1111432554359111_6113755544808778168_n-615x410.jpg 615w, https:\/\/www.visitamalfi.info\/wp-content\/uploads\/2025\/05\/498188648_1111432554359111_6113755544808778168_n-1240x825.jpg 1240w, https:\/\/www.visitamalfi.info\/wp-content\/uploads\/2025\/05\/498188648_1111432554359111_6113755544808778168_n.jpg 1469w\" sizes=\"(max-width: 300px) 100vw, 300px\" \/><\/p>\n<h3 class=\"\" data-start=\"790\" data-end=\"835\"><strong data-start=\"794\" data-end=\"835\">Quatre villes, une grande passion<\/strong><\/h3>\n<p class=\"\" data-start=\"837\" data-end=\"1148\">Pendant ces jours de f\u00eate et de tradition, la ville s&#8217;est transform\u00e9e en une sc\u00e8ne \u00e0 ciel ouvert : manifestations culturelles, d\u00e9fil\u00e9 historique, rencontres, musique et, bien s\u00fbr, la r\u00e9gate tant attendue, le c\u0153ur battant de la comp\u00e9tition animant chaque coin de la ville, chaque balcon, chaque regard vers la mer.<\/p>\n<p class=\"\" data-start=\"1150\" data-end=\"1339\">Amalfi a accueilli ses s\u0153urs maritimes avec fiert\u00e9 et passion, montrant sa beaut\u00e9 authentique, sa capacit\u00e9 \u00e0 unir le pass\u00e9 et le pr\u00e9sent dans un r\u00e9cit qui fait vibrer chaque ann\u00e9e.<\/p>\n<h3 class=\"\" data-start=\"1341\" data-end=\"1383\"><strong data-start=\"1345\" data-end=\"1383\">Une tradition de 70 ans<\/strong><\/h3>\n<p class=\"\" data-start=\"1385\" data-end=\"1781\">Chaque ann\u00e9e, depuis la premi\u00e8re \u00e9dition de la r\u00e9gate, les quatre r\u00e9publiques se relaient en tant que villes h\u00f4tes. Soixante-dix ans de d\u00e9fis \u00e0 l&#8217;aviron, de d\u00e9fil\u00e9s en costumes d&#8217;\u00e9poque et de banni\u00e8res color\u00e9es, de cris d&#8217;encouragement et d&#8217;yeux brillants sur la ligne d&#8217;arriv\u00e9e.<\/p>\n<h3 class=\"\" data-start=\"1908\" data-end=\"1946\"><strong data-start=\"1912\" data-end=\"1946\">La course des femmes, le d\u00e9fil\u00e9, l&#8217;histoire<\/strong><\/h3>\n<p class=\"\" data-start=\"1948\" data-end=\"2390\">Une \u00e9motion particuli\u00e8re a \u00e9galement accompagn\u00e9 la course avec l&#8217;\u00e9quipage f\u00e9minin, qui a fait preuve d&#8217;une grande d\u00e9termination et d&#8217;un esprit d&#8217;\u00e9quipe. Une comp\u00e9tition intense et passionnante. <img decoding=\"async\" class=\"size-medium wp-image-21702 alignright\" src=\"https:\/\/www.visitamalfi.info\/wp-content\/uploads\/2025\/05\/498216887_1111432617692438_8921515639753605227_n-300x200.jpg\" alt=\"\" width=\"300\" height=\"200\" srcset=\"https:\/\/www.visitamalfi.info\/wp-content\/uploads\/2025\/05\/498216887_1111432617692438_8921515639753605227_n-300x200.jpg 300w, https:\/\/www.visitamalfi.info\/wp-content\/uploads\/2025\/05\/498216887_1111432617692438_8921515639753605227_n-1024x684.jpg 1024w, https:\/\/www.visitamalfi.info\/wp-content\/uploads\/2025\/05\/498216887_1111432617692438_8921515639753605227_n-768x513.jpg 768w, https:\/\/www.visitamalfi.info\/wp-content\/uploads\/2025\/05\/498216887_1111432617692438_8921515639753605227_n-1536x1027.jpg 1536w, https:\/\/www.visitamalfi.info\/wp-content\/uploads\/2025\/05\/498216887_1111432617692438_8921515639753605227_n-870x580.jpg 870w, https:\/\/www.visitamalfi.info\/wp-content\/uploads\/2025\/05\/498216887_1111432617692438_8921515639753605227_n-615x410.jpg 615w, https:\/\/www.visitamalfi.info\/wp-content\/uploads\/2025\/05\/498216887_1111432617692438_8921515639753605227_n-1240x825.jpg 1240w, https:\/\/www.visitamalfi.info\/wp-content\/uploads\/2025\/05\/498216887_1111432617692438_8921515639753605227_n.jpg 1616w\" sizes=\"(max-width: 300px) 100vw, 300px\" \/><\/p>\n<p class=\"\" data-start=\"1948\" data-end=\"2390\">Et puis le moment le plus attendu, la course entre les galions, a tenu tout le monde en haleine jusqu&#8217;\u00e0 la derni\u00e8re seconde. Les gar\u00e7ons ont tout donn\u00e9 : passion, force, strat\u00e9gie, c\u0153ur.<\/p>\n<p><img decoding=\"async\" class=\"size-medium wp-image-21662 alignleft\" src=\"https:\/\/www.visitamalfi.info\/wp-content\/uploads\/2025\/05\/499314391_1111996504302716_4381156091683412266_n-300x200.jpg\" alt=\"\" width=\"300\" height=\"200\" srcset=\"https:\/\/www.visitamalfi.info\/wp-content\/uploads\/2025\/05\/499314391_1111996504302716_4381156091683412266_n-300x200.jpg 300w, https:\/\/www.visitamalfi.info\/wp-content\/uploads\/2025\/05\/499314391_1111996504302716_4381156091683412266_n-1024x684.jpg 1024w, https:\/\/www.visitamalfi.info\/wp-content\/uploads\/2025\/05\/499314391_1111996504302716_4381156091683412266_n-768x513.jpg 768w, https:\/\/www.visitamalfi.info\/wp-content\/uploads\/2025\/05\/499314391_1111996504302716_4381156091683412266_n-1536x1027.jpg 1536w, https:\/\/www.visitamalfi.info\/wp-content\/uploads\/2025\/05\/499314391_1111996504302716_4381156091683412266_n-870x580.jpg 870w, https:\/\/www.visitamalfi.info\/wp-content\/uploads\/2025\/05\/499314391_1111996504302716_4381156091683412266_n-615x410.jpg 615w, https:\/\/www.visitamalfi.info\/wp-content\/uploads\/2025\/05\/499314391_1111996504302716_4381156091683412266_n-1240x825.jpg 1240w, https:\/\/www.visitamalfi.info\/wp-content\/uploads\/2025\/05\/499314391_1111996504302716_4381156091683412266_n.jpg 1616w\" sizes=\"(max-width: 300px) 100vw, 300px\" \/><\/p>\n<p class=\"\" data-start=\"1948\" data-end=\"2390\">Le cort\u00e8ge historique a enchant\u00e9 les personnes pr\u00e9sentes. Les v\u00eatements somptueux, la solennit\u00e9 des personnages historiques, le rythme des tambours, racontent le pass\u00e9 glorieux de ces anciennes cit\u00e9s-\u00e9tats qui ont fait l&#8217;histoire.<\/p>\n<h3 class=\"\" data-start=\"2392\" data-end=\"2416\"><strong data-start=\"2396\" data-end=\"2416\">Amalfi, un cadre particulier<\/strong><\/h3>\n<p class=\"\" data-start=\"2418\" data-end=\"2741\">Cette \u00e9dition avait une saveur particuli\u00e8re. Peut-\u00eatre pour la beaut\u00e9 poignante de ses panoramas, peut-\u00eatre pour l&#8217;accueil de ses habitants, ou peut-\u00eatre pour cette \u00e9nergie que seul Amalfi sait donner dans ses moments de f\u00eate, sans oublier le passage de l&#8217;Amerigo Vespucci, le plus beau navire du monde.<img loading=\"lazy\" decoding=\"async\" class=\"size-medium wp-image-21667 alignright\" src=\"https:\/\/www.visitamalfi.info\/wp-content\/uploads\/2025\/05\/499551466_1111432947692405_6093490863381578439_n-300x201.jpg\" alt=\"\" width=\"300\" height=\"201\" srcset=\"https:\/\/www.visitamalfi.info\/wp-content\/uploads\/2025\/05\/499551466_1111432947692405_6093490863381578439_n-300x201.jpg 300w, https:\/\/www.visitamalfi.info\/wp-content\/uploads\/2025\/05\/499551466_1111432947692405_6093490863381578439_n-1024x684.jpg 1024w, https:\/\/www.visitamalfi.info\/wp-content\/uploads\/2025\/05\/499551466_1111432947692405_6093490863381578439_n-768x513.jpg 768w, https:\/\/www.visitamalfi.info\/wp-content\/uploads\/2025\/05\/499551466_1111432947692405_6093490863381578439_n-870x580.jpg 870w, https:\/\/www.visitamalfi.info\/wp-content\/uploads\/2025\/05\/499551466_1111432947692405_6093490863381578439_n-615x410.jpg 615w, https:\/\/www.visitamalfi.info\/wp-content\/uploads\/2025\/05\/499551466_1111432947692405_6093490863381578439_n.jpg 1197w\" sizes=\"(max-width: 300px) 100vw, 300px\" \/><\/p>\n<p class=\"\" data-start=\"2418\" data-end=\"2741\">Une ville qui n&#8217;oublie pas son glorieux pass\u00e9, mais qui regarde vers l&#8217;avenir avec des yeux fiers et brillants.<\/p>\n<p class=\"\" data-start=\"2788\" data-end=\"3096\">Nous partageons avec vous <strong data-start=\"2822\" data-end=\"2880\">une s\u00e9lection des images les plus belles et les plus significatives<\/strong> de ces journ\u00e9es : des visages, des d\u00e9tails, des \u00e9motions et des couleurs qui racontent la magie des R\u00e9gates d&#8217;Amalfi mieux que n&#8217;importe quel mot.<\/p>\n<div id='gallery-1' class='gallery galleryid-21762 gallery-columns-3 gallery-size-thumbnail'><figure class='gallery-item'>\n\t\t\t<div class='gallery-icon landscape'>\n\t\t\t\t<a href='https:\/\/www.visitamalfi.info\/fr\/amalfi-la-70e-regate-des-anciennes-republiques-maritimes-sest-achevee\/492525873_1110327607802939_255743510518372913_n-2\/'><img loading=\"lazy\" decoding=\"async\" width=\"300\" height=\"300\" src=\"https:\/\/www.visitamalfi.info\/wp-content\/uploads\/2025\/05\/492525873_1110327607802939_255743510518372913_n-300x300.jpg\" class=\"attachment-thumbnail size-thumbnail\" alt=\"\" srcset=\"https:\/\/www.visitamalfi.info\/wp-content\/uploads\/2025\/05\/492525873_1110327607802939_255743510518372913_n-300x300.jpg 300w, https:\/\/www.visitamalfi.info\/wp-content\/uploads\/2025\/05\/492525873_1110327607802939_255743510518372913_n-510x510.jpg 510w, https:\/\/www.visitamalfi.info\/wp-content\/uploads\/2025\/05\/492525873_1110327607802939_255743510518372913_n-160x160.jpg 160w\" sizes=\"(max-width: 300px) 100vw, 300px\" \/><\/a>\n\t\t\t<\/div><\/figure><figure class='gallery-item'>\n\t\t\t<div class='gallery-icon landscape'>\n\t\t\t\t<a href='https:\/\/www.visitamalfi.info\/fr\/amalfi-la-70e-regate-des-anciennes-republiques-maritimes-sest-achevee\/494265706_1109735857862114_2775253413335280540_n-2\/'><img loading=\"lazy\" decoding=\"async\" width=\"300\" height=\"300\" src=\"https:\/\/www.visitamalfi.info\/wp-content\/uploads\/2025\/05\/494265706_1109735857862114_2775253413335280540_n-300x300.jpg\" class=\"attachment-thumbnail size-thumbnail\" alt=\"\" srcset=\"https:\/\/www.visitamalfi.info\/wp-content\/uploads\/2025\/05\/494265706_1109735857862114_2775253413335280540_n-300x300.jpg 300w, https:\/\/www.visitamalfi.info\/wp-content\/uploads\/2025\/05\/494265706_1109735857862114_2775253413335280540_n-510x510.jpg 510w, https:\/\/www.visitamalfi.info\/wp-content\/uploads\/2025\/05\/494265706_1109735857862114_2775253413335280540_n-160x160.jpg 160w\" sizes=\"(max-width: 300px) 100vw, 300px\" \/><\/a>\n\t\t\t<\/div><\/figure><figure class='gallery-item'>\n\t\t\t<div class='gallery-icon landscape'>\n\t\t\t\t<a href='https:\/\/www.visitamalfi.info\/fr\/amalfi-la-70e-regate-des-anciennes-republiques-maritimes-sest-achevee\/497882297_1109735984528768_1097365344911079931_n-2\/'><img loading=\"lazy\" decoding=\"async\" width=\"300\" height=\"300\" src=\"https:\/\/www.visitamalfi.info\/wp-content\/uploads\/2025\/05\/497882297_1109735984528768_1097365344911079931_n-300x300.jpg\" class=\"attachment-thumbnail size-thumbnail\" alt=\"\" srcset=\"https:\/\/www.visitamalfi.info\/wp-content\/uploads\/2025\/05\/497882297_1109735984528768_1097365344911079931_n-300x300.jpg 300w, https:\/\/www.visitamalfi.info\/wp-content\/uploads\/2025\/05\/497882297_1109735984528768_1097365344911079931_n-510x510.jpg 510w, https:\/\/www.visitamalfi.info\/wp-content\/uploads\/2025\/05\/497882297_1109735984528768_1097365344911079931_n-160x160.jpg 160w\" sizes=\"(max-width: 300px) 100vw, 300px\" \/><\/a>\n\t\t\t<\/div><\/figure><figure class='gallery-item'>\n\t\t\t<div class='gallery-icon landscape'>\n\t\t\t\t<a href='https:\/\/www.visitamalfi.info\/fr\/amalfi-la-70e-regate-des-anciennes-republiques-maritimes-sest-achevee\/497900891_1110525387783161_3047488301368800675_n-2-2\/'><img loading=\"lazy\" decoding=\"async\" width=\"300\" height=\"300\" src=\"https:\/\/www.visitamalfi.info\/wp-content\/uploads\/2025\/05\/497900891_1110525387783161_3047488301368800675_n-1-300x300.jpg\" class=\"attachment-thumbnail size-thumbnail\" alt=\"\" srcset=\"https:\/\/www.visitamalfi.info\/wp-content\/uploads\/2025\/05\/497900891_1110525387783161_3047488301368800675_n-1-300x300.jpg 300w, https:\/\/www.visitamalfi.info\/wp-content\/uploads\/2025\/05\/497900891_1110525387783161_3047488301368800675_n-1-510x510.jpg 510w, https:\/\/www.visitamalfi.info\/wp-content\/uploads\/2025\/05\/497900891_1110525387783161_3047488301368800675_n-1-160x160.jpg 160w\" sizes=\"(max-width: 300px) 100vw, 300px\" \/><\/a>\n\t\t\t<\/div><\/figure><figure class='gallery-item'>\n\t\t\t<div class='gallery-icon landscape'>\n\t\t\t\t<a href='https:\/\/www.visitamalfi.info\/fr\/amalfi-la-70e-regate-des-anciennes-republiques-maritimes-sest-achevee\/497903035_1110525427783157_3747789723995749728_n-2\/'><img loading=\"lazy\" decoding=\"async\" width=\"300\" height=\"300\" src=\"https:\/\/www.visitamalfi.info\/wp-content\/uploads\/2025\/05\/497903035_1110525427783157_3747789723995749728_n-300x300.jpg\" class=\"attachment-thumbnail size-thumbnail\" alt=\"\" srcset=\"https:\/\/www.visitamalfi.info\/wp-content\/uploads\/2025\/05\/497903035_1110525427783157_3747789723995749728_n-300x300.jpg 300w, https:\/\/www.visitamalfi.info\/wp-content\/uploads\/2025\/05\/497903035_1110525427783157_3747789723995749728_n-510x510.jpg 510w, https:\/\/www.visitamalfi.info\/wp-content\/uploads\/2025\/05\/497903035_1110525427783157_3747789723995749728_n-160x160.jpg 160w\" sizes=\"(max-width: 300px) 100vw, 300px\" \/><\/a>\n\t\t\t<\/div><\/figure><figure class='gallery-item'>\n\t\t\t<div class='gallery-icon landscape'>\n\t\t\t\t<a href='https:\/\/www.visitamalfi.info\/fr\/amalfi-la-70e-regate-des-anciennes-republiques-maritimes-sest-achevee\/498188648_1111432554359111_6113755544808778168_n-2-2\/'><img loading=\"lazy\" decoding=\"async\" width=\"300\" height=\"300\" src=\"https:\/\/www.visitamalfi.info\/wp-content\/uploads\/2025\/05\/498188648_1111432554359111_6113755544808778168_n-1-300x300.jpg\" class=\"attachment-thumbnail size-thumbnail\" alt=\"\" srcset=\"https:\/\/www.visitamalfi.info\/wp-content\/uploads\/2025\/05\/498188648_1111432554359111_6113755544808778168_n-1-300x300.jpg 300w, https:\/\/www.visitamalfi.info\/wp-content\/uploads\/2025\/05\/498188648_1111432554359111_6113755544808778168_n-1-510x510.jpg 510w, https:\/\/www.visitamalfi.info\/wp-content\/uploads\/2025\/05\/498188648_1111432554359111_6113755544808778168_n-1-160x160.jpg 160w\" sizes=\"(max-width: 300px) 100vw, 300px\" \/><\/a>\n\t\t\t<\/div><\/figure><figure class='gallery-item'>\n\t\t\t<div class='gallery-icon landscape'>\n\t\t\t\t<a href='https:\/\/www.visitamalfi.info\/fr\/amalfi-la-70e-regate-des-anciennes-republiques-maritimes-sest-achevee\/498216887_1111432617692438_8921515639753605227_n-2\/'><img loading=\"lazy\" decoding=\"async\" width=\"300\" height=\"300\" src=\"https:\/\/www.visitamalfi.info\/wp-content\/uploads\/2025\/05\/498216887_1111432617692438_8921515639753605227_n-300x300.jpg\" class=\"attachment-thumbnail size-thumbnail\" alt=\"\" srcset=\"https:\/\/www.visitamalfi.info\/wp-content\/uploads\/2025\/05\/498216887_1111432617692438_8921515639753605227_n-300x300.jpg 300w, https:\/\/www.visitamalfi.info\/wp-content\/uploads\/2025\/05\/498216887_1111432617692438_8921515639753605227_n-510x510.jpg 510w, https:\/\/www.visitamalfi.info\/wp-content\/uploads\/2025\/05\/498216887_1111432617692438_8921515639753605227_n-160x160.jpg 160w\" sizes=\"(max-width: 300px) 100vw, 300px\" \/><\/a>\n\t\t\t<\/div><\/figure><figure class='gallery-item'>\n\t\t\t<div class='gallery-icon landscape'>\n\t\t\t\t<a href='https:\/\/www.visitamalfi.info\/fr\/amalfi-la-70e-regate-des-anciennes-republiques-maritimes-sest-achevee\/499153240_1111996570969376_5959425029536137681_n-2\/'><img loading=\"lazy\" decoding=\"async\" width=\"300\" height=\"300\" src=\"https:\/\/www.visitamalfi.info\/wp-content\/uploads\/2025\/05\/499153240_1111996570969376_5959425029536137681_n-300x300.jpg\" class=\"attachment-thumbnail size-thumbnail\" alt=\"\" srcset=\"https:\/\/www.visitamalfi.info\/wp-content\/uploads\/2025\/05\/499153240_1111996570969376_5959425029536137681_n-300x300.jpg 300w, https:\/\/www.visitamalfi.info\/wp-content\/uploads\/2025\/05\/499153240_1111996570969376_5959425029536137681_n-510x510.jpg 510w, https:\/\/www.visitamalfi.info\/wp-content\/uploads\/2025\/05\/499153240_1111996570969376_5959425029536137681_n-160x160.jpg 160w\" sizes=\"(max-width: 300px) 100vw, 300px\" \/><\/a>\n\t\t\t<\/div><\/figure><figure class='gallery-item'>\n\t\t\t<div class='gallery-icon landscape'>\n\t\t\t\t<a href='https:\/\/www.visitamalfi.info\/fr\/amalfi-la-70e-regate-des-anciennes-republiques-maritimes-sest-achevee\/499314391_1111996504302716_4381156091683412266_n-2-2\/'><img loading=\"lazy\" decoding=\"async\" width=\"300\" height=\"300\" src=\"https:\/\/www.visitamalfi.info\/wp-content\/uploads\/2025\/05\/499314391_1111996504302716_4381156091683412266_n-1-300x300.jpg\" class=\"attachment-thumbnail size-thumbnail\" alt=\"\" srcset=\"https:\/\/www.visitamalfi.info\/wp-content\/uploads\/2025\/05\/499314391_1111996504302716_4381156091683412266_n-1-300x300.jpg 300w, https:\/\/www.visitamalfi.info\/wp-content\/uploads\/2025\/05\/499314391_1111996504302716_4381156091683412266_n-1-510x510.jpg 510w, https:\/\/www.visitamalfi.info\/wp-content\/uploads\/2025\/05\/499314391_1111996504302716_4381156091683412266_n-1-160x160.jpg 160w\" sizes=\"(max-width: 300px) 100vw, 300px\" \/><\/a>\n\t\t\t<\/div><\/figure><figure class='gallery-item'>\n\t\t\t<div class='gallery-icon landscape'>\n\t\t\t\t<a href='https:\/\/www.visitamalfi.info\/fr\/amalfi-la-70e-regate-des-anciennes-republiques-maritimes-sest-achevee\/499366626_1111996564302710_2441532875256247265_n-2\/'><img loading=\"lazy\" decoding=\"async\" width=\"300\" height=\"300\" src=\"https:\/\/www.visitamalfi.info\/wp-content\/uploads\/2025\/05\/499366626_1111996564302710_2441532875256247265_n-300x300.jpg\" class=\"attachment-thumbnail size-thumbnail\" alt=\"\" srcset=\"https:\/\/www.visitamalfi.info\/wp-content\/uploads\/2025\/05\/499366626_1111996564302710_2441532875256247265_n-300x300.jpg 300w, https:\/\/www.visitamalfi.info\/wp-content\/uploads\/2025\/05\/499366626_1111996564302710_2441532875256247265_n-510x510.jpg 510w, https:\/\/www.visitamalfi.info\/wp-content\/uploads\/2025\/05\/499366626_1111996564302710_2441532875256247265_n-160x160.jpg 160w\" sizes=\"(max-width: 300px) 100vw, 300px\" \/><\/a>\n\t\t\t<\/div><\/figure><figure class='gallery-item'>\n\t\t\t<div class='gallery-icon landscape'>\n\t\t\t\t<a href='https:\/\/www.visitamalfi.info\/fr\/amalfi-la-70e-regate-des-anciennes-republiques-maritimes-sest-achevee\/499399464_1111996617636038_4574219719329272507_n-2-2\/'><img loading=\"lazy\" decoding=\"async\" width=\"300\" height=\"300\" src=\"https:\/\/www.visitamalfi.info\/wp-content\/uploads\/2025\/05\/499399464_1111996617636038_4574219719329272507_n-1-300x300.jpg\" class=\"attachment-thumbnail size-thumbnail\" alt=\"\" srcset=\"https:\/\/www.visitamalfi.info\/wp-content\/uploads\/2025\/05\/499399464_1111996617636038_4574219719329272507_n-1-300x300.jpg 300w, https:\/\/www.visitamalfi.info\/wp-content\/uploads\/2025\/05\/499399464_1111996617636038_4574219719329272507_n-1-510x510.jpg 510w, https:\/\/www.visitamalfi.info\/wp-content\/uploads\/2025\/05\/499399464_1111996617636038_4574219719329272507_n-1-160x160.jpg 160w\" sizes=\"(max-width: 300px) 100vw, 300px\" \/><\/a>\n\t\t\t<\/div><\/figure><figure class='gallery-item'>\n\t\t\t<div class='gallery-icon landscape'>\n\t\t\t\t<a href='https:\/\/www.visitamalfi.info\/fr\/amalfi-la-70e-regate-des-anciennes-republiques-maritimes-sest-achevee\/499529396_1111996610969372_4159260709990055893_n-2\/'><img loading=\"lazy\" decoding=\"async\" width=\"300\" height=\"300\" src=\"https:\/\/www.visitamalfi.info\/wp-content\/uploads\/2025\/05\/499529396_1111996610969372_4159260709990055893_n-300x300.jpg\" class=\"attachment-thumbnail size-thumbnail\" alt=\"\" srcset=\"https:\/\/www.visitamalfi.info\/wp-content\/uploads\/2025\/05\/499529396_1111996610969372_4159260709990055893_n-300x300.jpg 300w, https:\/\/www.visitamalfi.info\/wp-content\/uploads\/2025\/05\/499529396_1111996610969372_4159260709990055893_n-510x510.jpg 510w, https:\/\/www.visitamalfi.info\/wp-content\/uploads\/2025\/05\/499529396_1111996610969372_4159260709990055893_n-160x160.jpg 160w\" sizes=\"(max-width: 300px) 100vw, 300px\" \/><\/a>\n\t\t\t<\/div><\/figure><figure class='gallery-item'>\n\t\t\t<div class='gallery-icon landscape'>\n\t\t\t\t<a href='https:\/\/www.visitamalfi.info\/fr\/amalfi-la-70e-regate-des-anciennes-republiques-maritimes-sest-achevee\/499551466_1111432947692405_6093490863381578439_n-2-2\/'><img loading=\"lazy\" decoding=\"async\" width=\"300\" height=\"300\" src=\"https:\/\/www.visitamalfi.info\/wp-content\/uploads\/2025\/05\/499551466_1111432947692405_6093490863381578439_n-1-300x300.jpg\" class=\"attachment-thumbnail size-thumbnail\" alt=\"\" srcset=\"https:\/\/www.visitamalfi.info\/wp-content\/uploads\/2025\/05\/499551466_1111432947692405_6093490863381578439_n-1-300x300.jpg 300w, https:\/\/www.visitamalfi.info\/wp-content\/uploads\/2025\/05\/499551466_1111432947692405_6093490863381578439_n-1-510x510.jpg 510w, https:\/\/www.visitamalfi.info\/wp-content\/uploads\/2025\/05\/499551466_1111432947692405_6093490863381578439_n-1-160x160.jpg 160w\" sizes=\"(max-width: 300px) 100vw, 300px\" \/><\/a>\n\t\t\t<\/div><\/figure><figure class='gallery-item'>\n\t\t\t<div class='gallery-icon landscape'>\n\t\t\t\t<a href='https:\/\/www.visitamalfi.info\/fr\/amalfi-la-70e-regate-des-anciennes-republiques-maritimes-sest-achevee\/499570793_1111651464337220_1402161409452429187_n-2\/'><img loading=\"lazy\" decoding=\"async\" width=\"300\" height=\"300\" src=\"https:\/\/www.visitamalfi.info\/wp-content\/uploads\/2025\/05\/499570793_1111651464337220_1402161409452429187_n-300x300.jpg\" class=\"attachment-thumbnail size-thumbnail\" alt=\"\" srcset=\"https:\/\/www.visitamalfi.info\/wp-content\/uploads\/2025\/05\/499570793_1111651464337220_1402161409452429187_n-300x300.jpg 300w, https:\/\/www.visitamalfi.info\/wp-content\/uploads\/2025\/05\/499570793_1111651464337220_1402161409452429187_n-510x510.jpg 510w, https:\/\/www.visitamalfi.info\/wp-content\/uploads\/2025\/05\/499570793_1111651464337220_1402161409452429187_n-160x160.jpg 160w\" sizes=\"(max-width: 300px) 100vw, 300px\" \/><\/a>\n\t\t\t<\/div><\/figure><figure class='gallery-item'>\n\t\t\t<div class='gallery-icon landscape'>\n\t\t\t\t<a href='https:\/\/www.visitamalfi.info\/fr\/amalfi-la-70e-regate-des-anciennes-republiques-maritimes-sest-achevee\/499717347_1111996344302732_3114441923700090575_n-2\/'><img loading=\"lazy\" decoding=\"async\" width=\"300\" height=\"300\" src=\"https:\/\/www.visitamalfi.info\/wp-content\/uploads\/2025\/05\/499717347_1111996344302732_3114441923700090575_n-300x300.jpg\" class=\"attachment-thumbnail size-thumbnail\" alt=\"\" srcset=\"https:\/\/www.visitamalfi.info\/wp-content\/uploads\/2025\/05\/499717347_1111996344302732_3114441923700090575_n-300x300.jpg 300w, https:\/\/www.visitamalfi.info\/wp-content\/uploads\/2025\/05\/499717347_1111996344302732_3114441923700090575_n-510x510.jpg 510w, https:\/\/www.visitamalfi.info\/wp-content\/uploads\/2025\/05\/499717347_1111996344302732_3114441923700090575_n-160x160.jpg 160w\" sizes=\"(max-width: 300px) 100vw, 300px\" \/><\/a>\n\t\t\t<\/div><\/figure><figure class='gallery-item'>\n\t\t\t<div class='gallery-icon landscape'>\n\t\t\t\t<a href='https:\/\/www.visitamalfi.info\/fr\/amalfi-la-70e-regate-des-anciennes-republiques-maritimes-sest-achevee\/499730079_1111996497636050_379709429185307215_n-2\/'><img loading=\"lazy\" decoding=\"async\" width=\"300\" height=\"300\" src=\"https:\/\/www.visitamalfi.info\/wp-content\/uploads\/2025\/05\/499730079_1111996497636050_379709429185307215_n-300x300.jpg\" class=\"attachment-thumbnail size-thumbnail\" alt=\"\" srcset=\"https:\/\/www.visitamalfi.info\/wp-content\/uploads\/2025\/05\/499730079_1111996497636050_379709429185307215_n-300x300.jpg 300w, https:\/\/www.visitamalfi.info\/wp-content\/uploads\/2025\/05\/499730079_1111996497636050_379709429185307215_n-510x510.jpg 510w, https:\/\/www.visitamalfi.info\/wp-content\/uploads\/2025\/05\/499730079_1111996497636050_379709429185307215_n-160x160.jpg 160w\" sizes=\"(max-width: 300px) 100vw, 300px\" \/><\/a>\n\t\t\t<\/div><\/figure><figure class='gallery-item'>\n\t\t\t<div class='gallery-icon landscape'>\n\t\t\t\t<a href='https:\/\/www.visitamalfi.info\/fr\/amalfi-la-70e-regate-des-anciennes-republiques-maritimes-sest-achevee\/499794034_1111996437636056_5843477050932737354_n-2\/'><img loading=\"lazy\" decoding=\"async\" width=\"300\" height=\"300\" src=\"https:\/\/www.visitamalfi.info\/wp-content\/uploads\/2025\/05\/499794034_1111996437636056_5843477050932737354_n-300x300.jpg\" class=\"attachment-thumbnail size-thumbnail\" alt=\"\" srcset=\"https:\/\/www.visitamalfi.info\/wp-content\/uploads\/2025\/05\/499794034_1111996437636056_5843477050932737354_n-300x300.jpg 300w, https:\/\/www.visitamalfi.info\/wp-content\/uploads\/2025\/05\/499794034_1111996437636056_5843477050932737354_n-510x510.jpg 510w, https:\/\/www.visitamalfi.info\/wp-content\/uploads\/2025\/05\/499794034_1111996437636056_5843477050932737354_n-160x160.jpg 160w\" sizes=\"(max-width: 300px) 100vw, 300px\" \/><\/a>\n\t\t\t<\/div><\/figure>\n\t\t<\/div>\n\n","protected":false},"excerpt":{"rendered":"<p>Du 15 au 18 mai, Amalfi a accueilli la 70e r\u00e9gate des anciennes r\u00e9publiques maritimes, l&#8217;une des traditions les plus fascinantes et les plus sinc\u00e8res de la M\u00e9diterran\u00e9e. Un \u00e9v\u00e9nement [&hellip;]<\/p>\n","protected":false},"author":7,"featured_media":21654,"comment_status":"open","ping_status":"closed","sticky":false,"template":"","format":"standard","meta":{"inline_featured_image":false,"footnotes":""},"categories":[257,810,724,811,812],"tags":[],"class_list":["post-21762","post","type-post","status-publish","format-standard","has-post-thumbnail","hentry","category-curiosites","category-eventi-fr","category-lart","category-lhistoire","category-tradition"],"yoast_head":"<!-- This site is optimized with the Yoast SEO plugin v27.3 - https:\/\/yoast.com\/product\/yoast-seo-wordpress\/ -->\n<title>Amalfi, la 70e r\u00e9gate des Anciennes R\u00e9publiques Maritimes s&#039;est achev\u00e9e - Visit Amalfi<\/title>\n<meta name=\"robots\" content=\"index, follow, max-snippet:-1, max-image-preview:large, max-video-preview:-1\" \/>\n<link rel=\"canonical\" href=\"https:\/\/www.visitamalfi.info\/fr\/amalfi-la-70e-regate-des-anciennes-republiques-maritimes-sest-achevee\/\" \/>\n<meta property=\"og:locale\" content=\"fr_FR\" \/>\n<meta property=\"og:type\" content=\"article\" \/>\n<meta property=\"og:title\" content=\"Amalfi, la 70e r\u00e9gate des Anciennes R\u00e9publiques Maritimes s&#039;est achev\u00e9e - Visit Amalfi\" \/>\n<meta property=\"og:description\" content=\"Du 15 au 18 mai, Amalfi a accueilli la 70e r\u00e9gate des anciennes r\u00e9publiques maritimes, l&#8217;une des traditions les plus fascinantes et les plus sinc\u00e8res de la M\u00e9diterran\u00e9e. Un \u00e9v\u00e9nement [&hellip;]\" \/>\n<meta property=\"og:url\" content=\"https:\/\/www.visitamalfi.info\/fr\/amalfi-la-70e-regate-des-anciennes-republiques-maritimes-sest-achevee\/\" \/>\n<meta property=\"og:site_name\" content=\"Visit Amalfi\" \/>\n<meta property=\"article:publisher\" content=\"https:\/\/www.facebook.com\/visitamalfiofficial\" \/>\n<meta property=\"article:published_time\" content=\"2025-05-19T07:41:26+00:00\" \/>\n<meta property=\"og:image\" content=\"https:\/\/www.visitamalfi.info\/wp-content\/uploads\/2025\/05\/499399464_1111996617636038_4574219719329272507_n.jpg\" \/>\n\t<meta property=\"og:image:width\" content=\"1337\" \/>\n\t<meta property=\"og:image:height\" content=\"894\" \/>\n\t<meta property=\"og:image:type\" content=\"image\/jpeg\" \/>\n<meta name=\"author\" content=\"Federica Dumont\" \/>\n<meta name=\"twitter:card\" content=\"summary_large_image\" \/>\n<meta name=\"twitter:label1\" content=\"\u00c9crit par\" \/>\n\t<meta name=\"twitter:data1\" content=\"Federica Dumont\" \/>\n\t<meta name=\"twitter:label2\" content=\"Dur\u00e9e de lecture estim\u00e9e\" \/>\n\t<meta name=\"twitter:data2\" content=\"2 minutes\" \/>\n<script type=\"application\/ld+json\" class=\"yoast-schema-graph\">{\"@context\":\"https:\\\/\\\/schema.org\",\"@graph\":[{\"@type\":\"Article\",\"@id\":\"https:\\\/\\\/www.visitamalfi.info\\\/fr\\\/amalfi-la-70e-regate-des-anciennes-republiques-maritimes-sest-achevee\\\/#article\",\"isPartOf\":{\"@id\":\"https:\\\/\\\/www.visitamalfi.info\\\/fr\\\/amalfi-la-70e-regate-des-anciennes-republiques-maritimes-sest-achevee\\\/\"},\"author\":{\"name\":\"Federica Dumont\",\"@id\":\"https:\\\/\\\/www.visitamalfi.info\\\/fr\\\/#\\\/schema\\\/person\\\/0c7584af846d5d2da6c69f7e68f3af96\"},\"headline\":\"Amalfi, la 70e r\u00e9gate des Anciennes R\u00e9publiques Maritimes s&#8217;est achev\u00e9e\",\"datePublished\":\"2025-05-19T07:41:26+00:00\",\"mainEntityOfPage\":{\"@id\":\"https:\\\/\\\/www.visitamalfi.info\\\/fr\\\/amalfi-la-70e-regate-des-anciennes-republiques-maritimes-sest-achevee\\\/\"},\"wordCount\":511,\"commentCount\":0,\"publisher\":{\"@id\":\"https:\\\/\\\/www.visitamalfi.info\\\/fr\\\/#organization\"},\"image\":{\"@id\":\"https:\\\/\\\/www.visitamalfi.info\\\/fr\\\/amalfi-la-70e-regate-des-anciennes-republiques-maritimes-sest-achevee\\\/#primaryimage\"},\"thumbnailUrl\":\"https:\\\/\\\/www.visitamalfi.info\\\/wp-content\\\/uploads\\\/2025\\\/05\\\/499399464_1111996617636038_4574219719329272507_n.jpg\",\"articleSection\":[\"Curiosit\u00e9s\",\"Eventi\",\"l'art\",\"l'histoire\",\"tradition\"],\"inLanguage\":\"fr-FR\",\"potentialAction\":[{\"@type\":\"CommentAction\",\"name\":\"Comment\",\"target\":[\"https:\\\/\\\/www.visitamalfi.info\\\/fr\\\/amalfi-la-70e-regate-des-anciennes-republiques-maritimes-sest-achevee\\\/#respond\"]}]},{\"@type\":\"WebPage\",\"@id\":\"https:\\\/\\\/www.visitamalfi.info\\\/fr\\\/amalfi-la-70e-regate-des-anciennes-republiques-maritimes-sest-achevee\\\/\",\"url\":\"https:\\\/\\\/www.visitamalfi.info\\\/fr\\\/amalfi-la-70e-regate-des-anciennes-republiques-maritimes-sest-achevee\\\/\",\"name\":\"Amalfi, la 70e r\u00e9gate des Anciennes R\u00e9publiques Maritimes s'est achev\u00e9e - Visit Amalfi\",\"isPartOf\":{\"@id\":\"https:\\\/\\\/www.visitamalfi.info\\\/fr\\\/#website\"},\"primaryImageOfPage\":{\"@id\":\"https:\\\/\\\/www.visitamalfi.info\\\/fr\\\/amalfi-la-70e-regate-des-anciennes-republiques-maritimes-sest-achevee\\\/#primaryimage\"},\"image\":{\"@id\":\"https:\\\/\\\/www.visitamalfi.info\\\/fr\\\/amalfi-la-70e-regate-des-anciennes-republiques-maritimes-sest-achevee\\\/#primaryimage\"},\"thumbnailUrl\":\"https:\\\/\\\/www.visitamalfi.info\\\/wp-content\\\/uploads\\\/2025\\\/05\\\/499399464_1111996617636038_4574219719329272507_n.jpg\",\"datePublished\":\"2025-05-19T07:41:26+00:00\",\"breadcrumb\":{\"@id\":\"https:\\\/\\\/www.visitamalfi.info\\\/fr\\\/amalfi-la-70e-regate-des-anciennes-republiques-maritimes-sest-achevee\\\/#breadcrumb\"},\"inLanguage\":\"fr-FR\",\"potentialAction\":[{\"@type\":\"ReadAction\",\"target\":[\"https:\\\/\\\/www.visitamalfi.info\\\/fr\\\/amalfi-la-70e-regate-des-anciennes-republiques-maritimes-sest-achevee\\\/\"]}]},{\"@type\":\"ImageObject\",\"inLanguage\":\"fr-FR\",\"@id\":\"https:\\\/\\\/www.visitamalfi.info\\\/fr\\\/amalfi-la-70e-regate-des-anciennes-republiques-maritimes-sest-achevee\\\/#primaryimage\",\"url\":\"https:\\\/\\\/www.visitamalfi.info\\\/wp-content\\\/uploads\\\/2025\\\/05\\\/499399464_1111996617636038_4574219719329272507_n.jpg\",\"contentUrl\":\"https:\\\/\\\/www.visitamalfi.info\\\/wp-content\\\/uploads\\\/2025\\\/05\\\/499399464_1111996617636038_4574219719329272507_n.jpg\",\"width\":1337,\"height\":894},{\"@type\":\"BreadcrumbList\",\"@id\":\"https:\\\/\\\/www.visitamalfi.info\\\/fr\\\/amalfi-la-70e-regate-des-anciennes-republiques-maritimes-sest-achevee\\\/#breadcrumb\",\"itemListElement\":[{\"@type\":\"ListItem\",\"position\":1,\"name\":\"Home\",\"item\":\"https:\\\/\\\/www.visitamalfi.info\\\/fr\\\/\"},{\"@type\":\"ListItem\",\"position\":2,\"name\":\"Amalfi, la 70e r\u00e9gate des Anciennes R\u00e9publiques Maritimes s&#8217;est achev\u00e9e\"}]},{\"@type\":\"WebSite\",\"@id\":\"https:\\\/\\\/www.visitamalfi.info\\\/fr\\\/#website\",\"url\":\"https:\\\/\\\/www.visitamalfi.info\\\/fr\\\/\",\"name\":\"Visit Amalfi\",\"description\":\"Amalfi Destination Official Website\",\"publisher\":{\"@id\":\"https:\\\/\\\/www.visitamalfi.info\\\/fr\\\/#organization\"},\"potentialAction\":[{\"@type\":\"SearchAction\",\"target\":{\"@type\":\"EntryPoint\",\"urlTemplate\":\"https:\\\/\\\/www.visitamalfi.info\\\/fr\\\/?s={search_term_string}\"},\"query-input\":{\"@type\":\"PropertyValueSpecification\",\"valueRequired\":true,\"valueName\":\"search_term_string\"}}],\"inLanguage\":\"fr-FR\"},{\"@type\":\"Organization\",\"@id\":\"https:\\\/\\\/www.visitamalfi.info\\\/fr\\\/#organization\",\"name\":\"Visit Amalfi\",\"url\":\"https:\\\/\\\/www.visitamalfi.info\\\/fr\\\/\",\"logo\":{\"@type\":\"ImageObject\",\"inLanguage\":\"fr-FR\",\"@id\":\"https:\\\/\\\/www.visitamalfi.info\\\/fr\\\/#\\\/schema\\\/logo\\\/image\\\/\",\"url\":\"https:\\\/\\\/www.visitamalfi.info\\\/wp-content\\\/uploads\\\/2023\\\/04\\\/visit-amalfi-logo-web.png\",\"contentUrl\":\"https:\\\/\\\/www.visitamalfi.info\\\/wp-content\\\/uploads\\\/2023\\\/04\\\/visit-amalfi-logo-web.png\",\"width\":800,\"height\":870,\"caption\":\"Visit Amalfi\"},\"image\":{\"@id\":\"https:\\\/\\\/www.visitamalfi.info\\\/fr\\\/#\\\/schema\\\/logo\\\/image\\\/\"},\"sameAs\":[\"https:\\\/\\\/www.facebook.com\\\/visitamalfiofficial\",\"https:\\\/\\\/www.instagram.com\\\/visitamalfiofficial\\\/\"]},{\"@type\":\"Person\",\"@id\":\"https:\\\/\\\/www.visitamalfi.info\\\/fr\\\/#\\\/schema\\\/person\\\/0c7584af846d5d2da6c69f7e68f3af96\",\"name\":\"Federica Dumont\",\"image\":{\"@type\":\"ImageObject\",\"inLanguage\":\"fr-FR\",\"@id\":\"https:\\\/\\\/secure.gravatar.com\\\/avatar\\\/0803dab414b6c6f1fd2399680f587870a020419b6ebe9d36dd75df06a6a68060?s=96&d=mm&r=g\",\"url\":\"https:\\\/\\\/secure.gravatar.com\\\/avatar\\\/0803dab414b6c6f1fd2399680f587870a020419b6ebe9d36dd75df06a6a68060?s=96&d=mm&r=g\",\"contentUrl\":\"https:\\\/\\\/secure.gravatar.com\\\/avatar\\\/0803dab414b6c6f1fd2399680f587870a020419b6ebe9d36dd75df06a6a68060?s=96&d=mm&r=g\",\"caption\":\"Federica Dumont\"},\"url\":\"https:\\\/\\\/www.visitamalfi.info\\\/fr\\\/author\\\/federica\\\/\"}]}<\/script>\n<!-- \/ Yoast SEO plugin. -->","yoast_head_json":{"title":"Amalfi, la 70e r\u00e9gate des Anciennes R\u00e9publiques Maritimes s'est achev\u00e9e - Visit Amalfi","robots":{"index":"index","follow":"follow","max-snippet":"max-snippet:-1","max-image-preview":"max-image-preview:large","max-video-preview":"max-video-preview:-1"},"canonical":"https:\/\/www.visitamalfi.info\/fr\/amalfi-la-70e-regate-des-anciennes-republiques-maritimes-sest-achevee\/","og_locale":"fr_FR","og_type":"article","og_title":"Amalfi, la 70e r\u00e9gate des Anciennes R\u00e9publiques Maritimes s'est achev\u00e9e - Visit Amalfi","og_description":"Du 15 au 18 mai, Amalfi a accueilli la 70e r\u00e9gate des anciennes r\u00e9publiques maritimes, l&#8217;une des traditions les plus fascinantes et les plus sinc\u00e8res de la M\u00e9diterran\u00e9e. Un \u00e9v\u00e9nement [&hellip;]","og_url":"https:\/\/www.visitamalfi.info\/fr\/amalfi-la-70e-regate-des-anciennes-republiques-maritimes-sest-achevee\/","og_site_name":"Visit Amalfi","article_publisher":"https:\/\/www.facebook.com\/visitamalfiofficial","article_published_time":"2025-05-19T07:41:26+00:00","og_image":[{"width":1337,"height":894,"url":"https:\/\/www.visitamalfi.info\/wp-content\/uploads\/2025\/05\/499399464_1111996617636038_4574219719329272507_n.jpg","type":"image\/jpeg"}],"author":"Federica Dumont","twitter_card":"summary_large_image","twitter_misc":{"\u00c9crit par":"Federica Dumont","Dur\u00e9e de lecture estim\u00e9e":"2 minutes"},"schema":{"@context":"https:\/\/schema.org","@graph":[{"@type":"Article","@id":"https:\/\/www.visitamalfi.info\/fr\/amalfi-la-70e-regate-des-anciennes-republiques-maritimes-sest-achevee\/#article","isPartOf":{"@id":"https:\/\/www.visitamalfi.info\/fr\/amalfi-la-70e-regate-des-anciennes-republiques-maritimes-sest-achevee\/"},"author":{"name":"Federica Dumont","@id":"https:\/\/www.visitamalfi.info\/fr\/#\/schema\/person\/0c7584af846d5d2da6c69f7e68f3af96"},"headline":"Amalfi, la 70e r\u00e9gate des Anciennes R\u00e9publiques Maritimes s&#8217;est achev\u00e9e","datePublished":"2025-05-19T07:41:26+00:00","mainEntityOfPage":{"@id":"https:\/\/www.visitamalfi.info\/fr\/amalfi-la-70e-regate-des-anciennes-republiques-maritimes-sest-achevee\/"},"wordCount":511,"commentCount":0,"publisher":{"@id":"https:\/\/www.visitamalfi.info\/fr\/#organization"},"image":{"@id":"https:\/\/www.visitamalfi.info\/fr\/amalfi-la-70e-regate-des-anciennes-republiques-maritimes-sest-achevee\/#primaryimage"},"thumbnailUrl":"https:\/\/www.visitamalfi.info\/wp-content\/uploads\/2025\/05\/499399464_1111996617636038_4574219719329272507_n.jpg","articleSection":["Curiosit\u00e9s","Eventi","l'art","l'histoire","tradition"],"inLanguage":"fr-FR","potentialAction":[{"@type":"CommentAction","name":"Comment","target":["https:\/\/www.visitamalfi.info\/fr\/amalfi-la-70e-regate-des-anciennes-republiques-maritimes-sest-achevee\/#respond"]}]},{"@type":"WebPage","@id":"https:\/\/www.visitamalfi.info\/fr\/amalfi-la-70e-regate-des-anciennes-republiques-maritimes-sest-achevee\/","url":"https:\/\/www.visitamalfi.info\/fr\/amalfi-la-70e-regate-des-anciennes-republiques-maritimes-sest-achevee\/","name":"Amalfi, la 70e r\u00e9gate des Anciennes R\u00e9publiques Maritimes s'est achev\u00e9e - Visit Amalfi","isPartOf":{"@id":"https:\/\/www.visitamalfi.info\/fr\/#website"},"primaryImageOfPage":{"@id":"https:\/\/www.visitamalfi.info\/fr\/amalfi-la-70e-regate-des-anciennes-republiques-maritimes-sest-achevee\/#primaryimage"},"image":{"@id":"https:\/\/www.visitamalfi.info\/fr\/amalfi-la-70e-regate-des-anciennes-republiques-maritimes-sest-achevee\/#primaryimage"},"thumbnailUrl":"https:\/\/www.visitamalfi.info\/wp-content\/uploads\/2025\/05\/499399464_1111996617636038_4574219719329272507_n.jpg","datePublished":"2025-05-19T07:41:26+00:00","breadcrumb":{"@id":"https:\/\/www.visitamalfi.info\/fr\/amalfi-la-70e-regate-des-anciennes-republiques-maritimes-sest-achevee\/#breadcrumb"},"inLanguage":"fr-FR","potentialAction":[{"@type":"ReadAction","target":["https:\/\/www.visitamalfi.info\/fr\/amalfi-la-70e-regate-des-anciennes-republiques-maritimes-sest-achevee\/"]}]},{"@type":"ImageObject","inLanguage":"fr-FR","@id":"https:\/\/www.visitamalfi.info\/fr\/amalfi-la-70e-regate-des-anciennes-republiques-maritimes-sest-achevee\/#primaryimage","url":"https:\/\/www.visitamalfi.info\/wp-content\/uploads\/2025\/05\/499399464_1111996617636038_4574219719329272507_n.jpg","contentUrl":"https:\/\/www.visitamalfi.info\/wp-content\/uploads\/2025\/05\/499399464_1111996617636038_4574219719329272507_n.jpg","width":1337,"height":894},{"@type":"BreadcrumbList","@id":"https:\/\/www.visitamalfi.info\/fr\/amalfi-la-70e-regate-des-anciennes-republiques-maritimes-sest-achevee\/#breadcrumb","itemListElement":[{"@type":"ListItem","position":1,"name":"Home","item":"https:\/\/www.visitamalfi.info\/fr\/"},{"@type":"ListItem","position":2,"name":"Amalfi, la 70e r\u00e9gate des Anciennes R\u00e9publiques Maritimes s&#8217;est achev\u00e9e"}]},{"@type":"WebSite","@id":"https:\/\/www.visitamalfi.info\/fr\/#website","url":"https:\/\/www.visitamalfi.info\/fr\/","name":"Visit Amalfi","description":"Amalfi Destination Official Website","publisher":{"@id":"https:\/\/www.visitamalfi.info\/fr\/#organization"},"potentialAction":[{"@type":"SearchAction","target":{"@type":"EntryPoint","urlTemplate":"https:\/\/www.visitamalfi.info\/fr\/?s={search_term_string}"},"query-input":{"@type":"PropertyValueSpecification","valueRequired":true,"valueName":"search_term_string"}}],"inLanguage":"fr-FR"},{"@type":"Organization","@id":"https:\/\/www.visitamalfi.info\/fr\/#organization","name":"Visit Amalfi","url":"https:\/\/www.visitamalfi.info\/fr\/","logo":{"@type":"ImageObject","inLanguage":"fr-FR","@id":"https:\/\/www.visitamalfi.info\/fr\/#\/schema\/logo\/image\/","url":"https:\/\/www.visitamalfi.info\/wp-content\/uploads\/2023\/04\/visit-amalfi-logo-web.png","contentUrl":"https:\/\/www.visitamalfi.info\/wp-content\/uploads\/2023\/04\/visit-amalfi-logo-web.png","width":800,"height":870,"caption":"Visit Amalfi"},"image":{"@id":"https:\/\/www.visitamalfi.info\/fr\/#\/schema\/logo\/image\/"},"sameAs":["https:\/\/www.facebook.com\/visitamalfiofficial","https:\/\/www.instagram.com\/visitamalfiofficial\/"]},{"@type":"Person","@id":"https:\/\/www.visitamalfi.info\/fr\/#\/schema\/person\/0c7584af846d5d2da6c69f7e68f3af96","name":"Federica Dumont","image":{"@type":"ImageObject","inLanguage":"fr-FR","@id":"https:\/\/secure.gravatar.com\/avatar\/0803dab414b6c6f1fd2399680f587870a020419b6ebe9d36dd75df06a6a68060?s=96&d=mm&r=g","url":"https:\/\/secure.gravatar.com\/avatar\/0803dab414b6c6f1fd2399680f587870a020419b6ebe9d36dd75df06a6a68060?s=96&d=mm&r=g","contentUrl":"https:\/\/secure.gravatar.com\/avatar\/0803dab414b6c6f1fd2399680f587870a020419b6ebe9d36dd75df06a6a68060?s=96&d=mm&r=g","caption":"Federica Dumont"},"url":"https:\/\/www.visitamalfi.info\/fr\/author\/federica\/"}]}},"_links":{"self":[{"href":"https:\/\/www.visitamalfi.info\/fr\/wp-json\/wp\/v2\/posts\/21762","targetHints":{"allow":["GET"]}}],"collection":[{"href":"https:\/\/www.visitamalfi.info\/fr\/wp-json\/wp\/v2\/posts"}],"about":[{"href":"https:\/\/www.visitamalfi.info\/fr\/wp-json\/wp\/v2\/types\/post"}],"author":[{"embeddable":true,"href":"https:\/\/www.visitamalfi.info\/fr\/wp-json\/wp\/v2\/users\/7"}],"replies":[{"embeddable":true,"href":"https:\/\/www.visitamalfi.info\/fr\/wp-json\/wp\/v2\/comments?post=21762"}],"version-history":[{"count":0,"href":"https:\/\/www.visitamalfi.info\/fr\/wp-json\/wp\/v2\/posts\/21762\/revisions"}],"wp:featuredmedia":[{"embeddable":true,"href":"https:\/\/www.visitamalfi.info\/fr\/wp-json\/wp\/v2\/media\/21654"}],"wp:attachment":[{"href":"https:\/\/www.visitamalfi.info\/fr\/wp-json\/wp\/v2\/media?parent=21762"}],"wp:term":[{"taxonomy":"category","embeddable":true,"href":"https:\/\/www.visitamalfi.info\/fr\/wp-json\/wp\/v2\/categories?post=21762"},{"taxonomy":"post_tag","embeddable":true,"href":"https:\/\/www.visitamalfi.info\/fr\/wp-json\/wp\/v2\/tags?post=21762"}],"curies":[{"name":"wp","href":"https:\/\/api.w.org\/{rel}","templated":true}]}}