{"id":21639,"date":"2025-05-15T18:27:38","date_gmt":"2025-05-15T16:27:38","guid":{"rendered":"https:\/\/www.visitamalfi.info\/amalfi-prete-a-accueillir-les-republiques-maritimes-le-rideau-se-leve-sur-le-palio-des-reines-des-mers\/"},"modified":"2025-05-15T18:27:38","modified_gmt":"2025-05-15T16:27:38","slug":"amalfi-prete-a-accueillir-les-republiques-maritimes-le-rideau-se-leve-sur-le-palio-des-reines-des-mers","status":"publish","type":"post","link":"https:\/\/www.visitamalfi.info\/fr\/amalfi-prete-a-accueillir-les-republiques-maritimes-le-rideau-se-leve-sur-le-palio-des-reines-des-mers\/","title":{"rendered":"Amalfi pr\u00eate \u00e0 accueillir les r\u00e9publiques maritimes : le rideau se l\u00e8ve sur le Palio des Reines des Mers"},"content":{"rendered":"<p class=\"cvGsUA direction-ltr align-start para-style-body\"><span class=\"OYPEnA font-feature-liga-off font-feature-clig-off font-feature-calt-off text-decoration-none text-strikethrough-none\">Aujourd&#8217;hui, jeudi 15 mai, l&#8217;Arsenal de la R\u00e9publique a \u00e9t\u00e9 le th\u00e9\u00e2tre d&#8217;un moment symbolique, artistique et \u00e9vocateur : la premi\u00e8re manifestation culturelle de l&#8217;Union europ\u00e9enne. <\/span><span class=\"OYPEnA font-feature-liga-off font-feature-clig-off font-feature-calt-off text-decoration-none text-strikethrough-none\">premier \u00e9v\u00e9nement culturel<\/span><span class=\"OYPEnA font-feature-liga-off font-feature-clig-off font-feature-calt-off text-decoration-none text-strikethrough-none\"> ouvrant officiellement les c\u00e9l\u00e9brations d\u00e9di\u00e9es \u00e0 la R\u00e9gate des Anciennes R\u00e9publiques Maritimes.<img fetchpriority=\"high\" decoding=\"async\" class=\"size-medium wp-image-21602 alignright\" src=\"https:\/\/www.visitamalfi.info\/wp-content\/uploads\/2025\/05\/496053856_1109743344528032_975839270209202004_n-300x200.jpg\" alt=\"\" width=\"300\" height=\"200\" srcset=\"https:\/\/www.visitamalfi.info\/wp-content\/uploads\/2025\/05\/496053856_1109743344528032_975839270209202004_n-300x200.jpg 300w, https:\/\/www.visitamalfi.info\/wp-content\/uploads\/2025\/05\/496053856_1109743344528032_975839270209202004_n-1024x682.jpg 1024w, https:\/\/www.visitamalfi.info\/wp-content\/uploads\/2025\/05\/496053856_1109743344528032_975839270209202004_n-768x512.jpg 768w, https:\/\/www.visitamalfi.info\/wp-content\/uploads\/2025\/05\/496053856_1109743344528032_975839270209202004_n-1536x1023.jpg 1536w, https:\/\/www.visitamalfi.info\/wp-content\/uploads\/2025\/05\/496053856_1109743344528032_975839270209202004_n-870x580.jpg 870w, https:\/\/www.visitamalfi.info\/wp-content\/uploads\/2025\/05\/496053856_1109743344528032_975839270209202004_n-615x410.jpg 615w, https:\/\/www.visitamalfi.info\/wp-content\/uploads\/2025\/05\/496053856_1109743344528032_975839270209202004_n-1240x825.jpg 1240w, https:\/\/www.visitamalfi.info\/wp-content\/uploads\/2025\/05\/496053856_1109743344528032_975839270209202004_n.jpg 1600w\" sizes=\"(max-width: 300px) 100vw, 300px\" \/><\/span><\/p>\n<p class=\"cvGsUA direction-ltr align-start para-style-body\"><strong><span class=\"OYPEnA font-feature-liga-off font-feature-clig-off font-feature-calt-off text-decoration-none text-strikethrough-none\">L&#8217;exposition<\/span><\/strong><\/p>\n<p class=\"cvGsUA direction-ltr align-start para-style-body\"><span class=\"OYPEnA font-feature-liga-off font-feature-clig-off font-feature-calt-off text-decoration-none text-strikethrough-none\">Le premier \u00e9v\u00e9nement est un v\u00e9ritable voyage dans la m\u00e9moire et la beaut\u00e9 de l&#8217;\u00e9v\u00e9nement : l&#8217;inauguration d&#8217;une<em> exposition consacr\u00e9e aux affiches les plus significatives des 70 \u00e9ditions de la R\u00e9gate<\/em>. Il s&#8217;agit d&#8217;une occasion unique et passionnante de revivre des moments pass\u00e9s li\u00e9s \u00e0 l&#8217;histoire de la r\u00e9gate \u00e0 travers l&#8217;\u00e9volution de son <em>image graphique<\/em>.<\/span><\/p>\n<p class=\"cvGsUA direction-ltr align-start para-style-body\"><span class=\"OYPEnA font-feature-liga-off font-feature-clig-off font-feature-calt-off text-decoration-none text-strikethrough-none\"><img decoding=\"async\" class=\"size-medium wp-image-21607 alignleft\" src=\"https:\/\/www.visitamalfi.info\/wp-content\/uploads\/2025\/05\/2r-300x200.jpg\" alt=\"\" width=\"300\" height=\"200\" srcset=\"https:\/\/www.visitamalfi.info\/wp-content\/uploads\/2025\/05\/2r-300x200.jpg 300w, https:\/\/www.visitamalfi.info\/wp-content\/uploads\/2025\/05\/2r-1024x682.jpg 1024w, https:\/\/www.visitamalfi.info\/wp-content\/uploads\/2025\/05\/2r-768x512.jpg 768w, https:\/\/www.visitamalfi.info\/wp-content\/uploads\/2025\/05\/2r-1536x1023.jpg 1536w, https:\/\/www.visitamalfi.info\/wp-content\/uploads\/2025\/05\/2r-870x580.jpg 870w, https:\/\/www.visitamalfi.info\/wp-content\/uploads\/2025\/05\/2r-615x410.jpg 615w, https:\/\/www.visitamalfi.info\/wp-content\/uploads\/2025\/05\/2r-1240x825.jpg 1240w, https:\/\/www.visitamalfi.info\/wp-content\/uploads\/2025\/05\/2r.jpg 1600w\" sizes=\"(max-width: 300px) 100vw, 300px\" \/>Pour enrichir la soir\u00e9e, la pr\u00e9sentation du &#8220;<\/span><em><span class=\"OYPEnA font-feature-liga-off font-feature-clig-off font-feature-calt-off text-decoration-none text-strikethrough-none\">num\u00e9ro unique<\/span><\/em><span class=\"OYPEnA font-feature-liga-off font-feature-clig-off font-feature-calt-off text-decoration-none text-strikethrough-none\">&#8216;, c&#8217;est-\u00e0-dire la publication avec laquelle Amalfi c\u00e9l\u00e8bre l&#8217;\u00e9v\u00e9nement, \u00e9dit\u00e9e par le Centro di Cultura e Storia Amalfitana, et des <em>8 nouveaux costumes des personnages<\/em> qui feront leurs d\u00e9buts dans le <em>cort\u00e8ge historique<\/em> (samedi 17 mai, 19h30) : un hommage \u00e0 la tradition \u00e9l\u00e9gamment renouvel\u00e9 gr\u00e2ce \u00e0 une recherche historique et vestimentaire minutieuse qui met en valeur l&#8217;identit\u00e9 de la ville.<\/span><\/p>\n<p class=\"cvGsUA direction-ltr align-start para-style-body\"><span class=\"OYPEnA font-feature-liga-off font-feature-clig-off font-feature-calt-off text-decoration-none text-strikethrough-none\">&#8220;<em>Il s&#8217;agit de quatre chevaliers, appel\u00e9s<strong>&#8220;Milites<\/strong>&#8220;, dont les figures apparaissent sur une fresque de l&#8217;abbaye mill\u00e9naire de <strong>Santa Maria dell&#8217;Olearia<\/strong> \u00e0 Maiori, de deux marchands, le premier appartenant \u00e0 la noblesse amalfitaine, l&#8217;autre \u00e9tant l&#8217;expression de la classe dite des<strong>&#8220;m\u00e9diocres<\/strong>&#8220;, et de deux femmes de la noblesse : la <strong>Ducissa<\/strong>, \u00e9pouse du duc, patricien et ant\u00ecpato <strong>Mansone I<\/strong>, et la <strong>Ducissa Regale<\/strong>, \u00e9pouse du duc correcteur <strong>Giovanni I,<\/strong> dont les r\u00e9f\u00e9rences visuelles proviennent d&#8217;autant de sculptures qui remontent respectivement \u00e0 une Dama di Scala et \u00e0 une Sigilgaida della Marra&#8230;.<\/em>&#8220;<\/span><\/p>\n<p class=\"cvGsUA direction-ltr align-start para-style-body\"><strong><span class=\"OYPEnA font-feature-liga-off font-feature-clig-off font-feature-calt-off text-decoration-none text-strikethrough-none\">L&#8217;Arsenal redevient le c\u0153ur battant de la culture<\/span><\/strong><\/p>\n<p class=\"cvGsUA direction-ltr align-start para-style-body\"><span class=\"OYPEnA font-feature-liga-off font-feature-clig-off font-feature-calt-off text-decoration-none text-strikethrough-none\">L&#8217;ancien Arsenal, symbole incontest\u00e9 de la puissance maritime d&#8217;Amalfi, est \u00e0 nouveau un centre de vie culturelle et un lieu de rencontre <em>entre le pass\u00e9 et le pr\u00e9sent<\/em>. Ce premier \u00e9v\u00e9nement n&#8217;est pas seulement un avant-go\u00fbt de la r\u00e9gate, mais aussi une invitation \u00e0 red\u00e9couvrir la valeur des racines.<img decoding=\"async\" class=\"size-medium wp-image-21597 alignright\" src=\"https:\/\/www.visitamalfi.info\/wp-content\/uploads\/2025\/05\/f-300x200.jpg\" alt=\"\" width=\"300\" height=\"200\" srcset=\"https:\/\/www.visitamalfi.info\/wp-content\/uploads\/2025\/05\/f-300x200.jpg 300w, https:\/\/www.visitamalfi.info\/wp-content\/uploads\/2025\/05\/f-1024x682.jpg 1024w, https:\/\/www.visitamalfi.info\/wp-content\/uploads\/2025\/05\/f-768x512.jpg 768w, https:\/\/www.visitamalfi.info\/wp-content\/uploads\/2025\/05\/f-1536x1023.jpg 1536w, https:\/\/www.visitamalfi.info\/wp-content\/uploads\/2025\/05\/f-870x580.jpg 870w, https:\/\/www.visitamalfi.info\/wp-content\/uploads\/2025\/05\/f-615x410.jpg 615w, https:\/\/www.visitamalfi.info\/wp-content\/uploads\/2025\/05\/f-1240x825.jpg 1240w, https:\/\/www.visitamalfi.info\/wp-content\/uploads\/2025\/05\/f.jpg 1600w\" sizes=\"(max-width: 300px) 100vw, 300px\" \/><\/span><\/p>\n<p class=\"cvGsUA direction-ltr align-start para-style-body\"><strong><span class=\"OYPEnA font-feature-liga-off font-feature-clig-off font-feature-calt-off text-decoration-none text-strikethrough-none\">En attendant le grand \u00e9v\u00e9nement<\/span><\/strong><\/p>\n<p class=\"cvGsUA direction-ltr align-start para-style-body\"><span class=\"OYPEnA font-feature-liga-off font-feature-clig-off font-feature-calt-off text-decoration-none text-strikethrough-none\">Amalfi est donc sur son trente-et-un, pr\u00eate \u00e0 accueillir les invit\u00e9s, les curieux et les passionn\u00e9s du monde entier. Les r\u00e9publiques maritimes &#8211; Amalfi, G\u00eanes, Pise et Venise &#8211; se croisent \u00e0 nouveau entre histoire et sport, culture et divertissement.<\/span><\/p>\n<p class=\"cvGsUA direction-ltr align-start para-style-body\"><span class=\"OYPEnA font-feature-liga-off font-feature-clig-off font-feature-calt-off text-decoration-none text-strikethrough-none\">Et tout commence ici, d\u00e8s cette premi\u00e8re \u00e9tape passionnante.<\/span><\/p>\n<p>Vous \u00eates pr\u00eats \u00e0 encourager Amalfi ?<\/p>\n<div id='gallery-1' class='gallery galleryid-21639 gallery-columns-3 gallery-size-thumbnail'><figure class='gallery-item'>\n\t\t\t<div class='gallery-icon portrait'>\n\t\t\t\t<a href='https:\/\/www.visitamalfi.info\/fr\/amalfi-prete-a-accueillir-les-republiques-maritimes-le-rideau-se-leve-sur-le-palio-des-reines-des-mers\/497350292_1109743221194711_8657796789485730696_n-2\/'><img loading=\"lazy\" decoding=\"async\" width=\"300\" height=\"300\" src=\"https:\/\/www.visitamalfi.info\/wp-content\/uploads\/2025\/05\/497350292_1109743221194711_8657796789485730696_n-300x300.jpg\" class=\"attachment-thumbnail size-thumbnail\" alt=\"\" srcset=\"https:\/\/www.visitamalfi.info\/wp-content\/uploads\/2025\/05\/497350292_1109743221194711_8657796789485730696_n-300x300.jpg 300w, https:\/\/www.visitamalfi.info\/wp-content\/uploads\/2025\/05\/497350292_1109743221194711_8657796789485730696_n-510x510.jpg 510w, https:\/\/www.visitamalfi.info\/wp-content\/uploads\/2025\/05\/497350292_1109743221194711_8657796789485730696_n-160x160.jpg 160w\" sizes=\"(max-width: 300px) 100vw, 300px\" \/><\/a>\n\t\t\t<\/div><\/figure><figure class='gallery-item'>\n\t\t\t<div class='gallery-icon portrait'>\n\t\t\t\t<a href='https:\/\/www.visitamalfi.info\/fr\/amalfi-prete-a-accueillir-les-republiques-maritimes-le-rideau-se-leve-sur-le-palio-des-reines-des-mers\/497524614_1109743251194708_2611088161515784241_n-2\/'><img loading=\"lazy\" decoding=\"async\" width=\"300\" height=\"300\" src=\"https:\/\/www.visitamalfi.info\/wp-content\/uploads\/2025\/05\/497524614_1109743251194708_2611088161515784241_n-300x300.jpg\" class=\"attachment-thumbnail size-thumbnail\" alt=\"\" srcset=\"https:\/\/www.visitamalfi.info\/wp-content\/uploads\/2025\/05\/497524614_1109743251194708_2611088161515784241_n-300x300.jpg 300w, https:\/\/www.visitamalfi.info\/wp-content\/uploads\/2025\/05\/497524614_1109743251194708_2611088161515784241_n-510x510.jpg 510w, https:\/\/www.visitamalfi.info\/wp-content\/uploads\/2025\/05\/497524614_1109743251194708_2611088161515784241_n-160x160.jpg 160w\" sizes=\"(max-width: 300px) 100vw, 300px\" \/><\/a>\n\t\t\t<\/div><\/figure><figure class='gallery-item'>\n\t\t\t<div class='gallery-icon portrait'>\n\t\t\t\t<a href='https:\/\/www.visitamalfi.info\/fr\/amalfi-prete-a-accueillir-les-republiques-maritimes-le-rideau-se-leve-sur-le-palio-des-reines-des-mers\/497672790_1109743107861389_8584494237515674312_n-2\/'><img loading=\"lazy\" decoding=\"async\" width=\"300\" height=\"300\" src=\"https:\/\/www.visitamalfi.info\/wp-content\/uploads\/2025\/05\/497672790_1109743107861389_8584494237515674312_n-300x300.jpg\" class=\"attachment-thumbnail size-thumbnail\" alt=\"\" srcset=\"https:\/\/www.visitamalfi.info\/wp-content\/uploads\/2025\/05\/497672790_1109743107861389_8584494237515674312_n-300x300.jpg 300w, https:\/\/www.visitamalfi.info\/wp-content\/uploads\/2025\/05\/497672790_1109743107861389_8584494237515674312_n-510x510.jpg 510w, https:\/\/www.visitamalfi.info\/wp-content\/uploads\/2025\/05\/497672790_1109743107861389_8584494237515674312_n-160x160.jpg 160w\" sizes=\"(max-width: 300px) 100vw, 300px\" \/><\/a>\n\t\t\t<\/div><\/figure><figure class='gallery-item'>\n\t\t\t<div class='gallery-icon landscape'>\n\t\t\t\t<a href='https:\/\/www.visitamalfi.info\/fr\/amalfi-prete-a-accueillir-les-republiques-maritimes-le-rideau-se-leve-sur-le-palio-des-reines-des-mers\/2r-2\/'><img loading=\"lazy\" decoding=\"async\" width=\"300\" height=\"300\" src=\"https:\/\/www.visitamalfi.info\/wp-content\/uploads\/2025\/05\/2r-300x300.jpg\" class=\"attachment-thumbnail size-thumbnail\" alt=\"\" srcset=\"https:\/\/www.visitamalfi.info\/wp-content\/uploads\/2025\/05\/2r-300x300.jpg 300w, https:\/\/www.visitamalfi.info\/wp-content\/uploads\/2025\/05\/2r-510x510.jpg 510w, https:\/\/www.visitamalfi.info\/wp-content\/uploads\/2025\/05\/2r-160x160.jpg 160w\" sizes=\"(max-width: 300px) 100vw, 300px\" \/><\/a>\n\t\t\t<\/div><\/figure><figure class='gallery-item'>\n\t\t\t<div class='gallery-icon landscape'>\n\t\t\t\t<a href='https:\/\/www.visitamalfi.info\/fr\/amalfi-prete-a-accueillir-les-republiques-maritimes-le-rideau-se-leve-sur-le-palio-des-reines-des-mers\/496053856_1109743344528032_975839270209202004_n-2\/'><img loading=\"lazy\" decoding=\"async\" width=\"300\" height=\"300\" src=\"https:\/\/www.visitamalfi.info\/wp-content\/uploads\/2025\/05\/496053856_1109743344528032_975839270209202004_n-300x300.jpg\" class=\"attachment-thumbnail size-thumbnail\" alt=\"\" srcset=\"https:\/\/www.visitamalfi.info\/wp-content\/uploads\/2025\/05\/496053856_1109743344528032_975839270209202004_n-300x300.jpg 300w, https:\/\/www.visitamalfi.info\/wp-content\/uploads\/2025\/05\/496053856_1109743344528032_975839270209202004_n-510x510.jpg 510w, https:\/\/www.visitamalfi.info\/wp-content\/uploads\/2025\/05\/496053856_1109743344528032_975839270209202004_n-160x160.jpg 160w\" sizes=\"(max-width: 300px) 100vw, 300px\" \/><\/a>\n\t\t\t<\/div><\/figure><figure class='gallery-item'>\n\t\t\t<div class='gallery-icon landscape'>\n\t\t\t\t<a href='https:\/\/www.visitamalfi.info\/fr\/amalfi-prete-a-accueillir-les-republiques-maritimes-le-rideau-se-leve-sur-le-palio-des-reines-des-mers\/f-2\/'><img loading=\"lazy\" decoding=\"async\" width=\"300\" height=\"300\" src=\"https:\/\/www.visitamalfi.info\/wp-content\/uploads\/2025\/05\/f-300x300.jpg\" class=\"attachment-thumbnail size-thumbnail\" alt=\"\" srcset=\"https:\/\/www.visitamalfi.info\/wp-content\/uploads\/2025\/05\/f-300x300.jpg 300w, https:\/\/www.visitamalfi.info\/wp-content\/uploads\/2025\/05\/f-510x510.jpg 510w, https:\/\/www.visitamalfi.info\/wp-content\/uploads\/2025\/05\/f-160x160.jpg 160w\" sizes=\"(max-width: 300px) 100vw, 300px\" \/><\/a>\n\t\t\t<\/div><\/figure><figure class='gallery-item'>\n\t\t\t<div class='gallery-icon landscape'>\n\t\t\t\t<a href='https:\/\/www.visitamalfi.info\/fr\/amalfi-prete-a-accueillir-les-republiques-maritimes-le-rideau-se-leve-sur-le-palio-des-reines-des-mers\/3s-2\/'><img loading=\"lazy\" decoding=\"async\" width=\"300\" height=\"300\" src=\"https:\/\/www.visitamalfi.info\/wp-content\/uploads\/2025\/05\/3s-300x300.jpg\" class=\"attachment-thumbnail size-thumbnail\" alt=\"\" srcset=\"https:\/\/www.visitamalfi.info\/wp-content\/uploads\/2025\/05\/3s-300x300.jpg 300w, https:\/\/www.visitamalfi.info\/wp-content\/uploads\/2025\/05\/3s-510x510.jpg 510w, https:\/\/www.visitamalfi.info\/wp-content\/uploads\/2025\/05\/3s-160x160.jpg 160w\" sizes=\"(max-width: 300px) 100vw, 300px\" \/><\/a>\n\t\t\t<\/div><\/figure><figure class='gallery-item'>\n\t\t\t<div class='gallery-icon portrait'>\n\t\t\t\t<a href='https:\/\/www.visitamalfi.info\/fr\/amalfi-prete-a-accueillir-les-republiques-maritimes-le-rideau-se-leve-sur-le-palio-des-reines-des-mers\/494305486_1109743151194718_6352148661008959502_n-2\/'><img loading=\"lazy\" decoding=\"async\" width=\"300\" height=\"300\" src=\"https:\/\/www.visitamalfi.info\/wp-content\/uploads\/2025\/05\/494305486_1109743151194718_6352148661008959502_n-300x300.jpg\" class=\"attachment-thumbnail size-thumbnail\" alt=\"\" srcset=\"https:\/\/www.visitamalfi.info\/wp-content\/uploads\/2025\/05\/494305486_1109743151194718_6352148661008959502_n-300x300.jpg 300w, https:\/\/www.visitamalfi.info\/wp-content\/uploads\/2025\/05\/494305486_1109743151194718_6352148661008959502_n-510x510.jpg 510w, https:\/\/www.visitamalfi.info\/wp-content\/uploads\/2025\/05\/494305486_1109743151194718_6352148661008959502_n-160x160.jpg 160w\" sizes=\"(max-width: 300px) 100vw, 300px\" \/><\/a>\n\t\t\t<\/div><\/figure><figure class='gallery-item'>\n\t\t\t<div class='gallery-icon portrait'>\n\t\t\t\t<a href='https:\/\/www.visitamalfi.info\/fr\/amalfi-prete-a-accueillir-les-republiques-maritimes-le-rideau-se-leve-sur-le-palio-des-reines-des-mers\/494421358_1109743184528048_4258256673229505645_n-2\/'><img loading=\"lazy\" decoding=\"async\" width=\"300\" height=\"300\" src=\"https:\/\/www.visitamalfi.info\/wp-content\/uploads\/2025\/05\/494421358_1109743184528048_4258256673229505645_n-300x300.jpg\" class=\"attachment-thumbnail size-thumbnail\" alt=\"\" srcset=\"https:\/\/www.visitamalfi.info\/wp-content\/uploads\/2025\/05\/494421358_1109743184528048_4258256673229505645_n-300x300.jpg 300w, https:\/\/www.visitamalfi.info\/wp-content\/uploads\/2025\/05\/494421358_1109743184528048_4258256673229505645_n-510x510.jpg 510w, https:\/\/www.visitamalfi.info\/wp-content\/uploads\/2025\/05\/494421358_1109743184528048_4258256673229505645_n-160x160.jpg 160w\" sizes=\"(max-width: 300px) 100vw, 300px\" \/><\/a>\n\t\t\t<\/div><\/figure>\n\t\t<\/div>\n\n","protected":false},"excerpt":{"rendered":"<p>Aujourd&#8217;hui, jeudi 15 mai, l&#8217;Arsenal de la R\u00e9publique a \u00e9t\u00e9 le th\u00e9\u00e2tre d&#8217;un moment symbolique, artistique et \u00e9vocateur : la premi\u00e8re manifestation culturelle de l&#8217;Union europ\u00e9enne. premier \u00e9v\u00e9nement culturel ouvrant [&hellip;]<\/p>\n","protected":false},"author":7,"featured_media":21599,"comment_status":"open","ping_status":"closed","sticky":false,"template":"","format":"standard","meta":{"inline_featured_image":false,"footnotes":""},"categories":[891,810,724,811,812],"tags":[],"class_list":["post-21639","post","type-post","status-publish","format-standard","has-post-thumbnail","hentry","category-consigli-di-viaggio","category-eventi-fr","category-lart","category-lhistoire","category-tradition"],"yoast_head":"<!-- This site is optimized with the Yoast SEO plugin v27.3 - https:\/\/yoast.com\/product\/yoast-seo-wordpress\/ -->\n<title>Amalfi pr\u00eate \u00e0 accueillir les r\u00e9publiques maritimes : le rideau se l\u00e8ve sur le Palio des Reines des Mers - Visit Amalfi<\/title>\n<meta name=\"robots\" content=\"index, follow, max-snippet:-1, max-image-preview:large, max-video-preview:-1\" \/>\n<link rel=\"canonical\" href=\"https:\/\/www.visitamalfi.info\/fr\/amalfi-prete-a-accueillir-les-republiques-maritimes-le-rideau-se-leve-sur-le-palio-des-reines-des-mers\/\" \/>\n<meta property=\"og:locale\" content=\"fr_FR\" \/>\n<meta property=\"og:type\" content=\"article\" \/>\n<meta property=\"og:title\" content=\"Amalfi pr\u00eate \u00e0 accueillir les r\u00e9publiques maritimes : le rideau se l\u00e8ve sur le Palio des Reines des Mers - Visit Amalfi\" \/>\n<meta property=\"og:description\" content=\"Aujourd&#8217;hui, jeudi 15 mai, l&#8217;Arsenal de la R\u00e9publique a \u00e9t\u00e9 le th\u00e9\u00e2tre d&#8217;un moment symbolique, artistique et \u00e9vocateur : la premi\u00e8re manifestation culturelle de l&#8217;Union europ\u00e9enne. premier \u00e9v\u00e9nement culturel ouvrant [&hellip;]\" \/>\n<meta property=\"og:url\" content=\"https:\/\/www.visitamalfi.info\/fr\/amalfi-prete-a-accueillir-les-republiques-maritimes-le-rideau-se-leve-sur-le-palio-des-reines-des-mers\/\" \/>\n<meta property=\"og:site_name\" content=\"Visit Amalfi\" \/>\n<meta property=\"article:publisher\" content=\"https:\/\/www.facebook.com\/visitamalfiofficial\" \/>\n<meta property=\"article:published_time\" content=\"2025-05-15T16:27:38+00:00\" \/>\n<meta property=\"og:image\" content=\"https:\/\/www.visitamalfi.info\/wp-content\/uploads\/2025\/05\/f.jpg\" \/>\n\t<meta property=\"og:image:width\" content=\"1600\" \/>\n\t<meta property=\"og:image:height\" content=\"1066\" \/>\n\t<meta property=\"og:image:type\" content=\"image\/jpeg\" \/>\n<meta name=\"author\" content=\"Federica Dumont\" \/>\n<meta name=\"twitter:card\" content=\"summary_large_image\" \/>\n<meta name=\"twitter:label1\" content=\"\u00c9crit par\" \/>\n\t<meta name=\"twitter:data1\" content=\"Federica Dumont\" \/>\n\t<meta name=\"twitter:label2\" content=\"Dur\u00e9e de lecture estim\u00e9e\" \/>\n\t<meta name=\"twitter:data2\" content=\"2 minutes\" \/>\n<script type=\"application\/ld+json\" class=\"yoast-schema-graph\">{\"@context\":\"https:\\\/\\\/schema.org\",\"@graph\":[{\"@type\":\"Article\",\"@id\":\"https:\\\/\\\/www.visitamalfi.info\\\/fr\\\/amalfi-prete-a-accueillir-les-republiques-maritimes-le-rideau-se-leve-sur-le-palio-des-reines-des-mers\\\/#article\",\"isPartOf\":{\"@id\":\"https:\\\/\\\/www.visitamalfi.info\\\/fr\\\/amalfi-prete-a-accueillir-les-republiques-maritimes-le-rideau-se-leve-sur-le-palio-des-reines-des-mers\\\/\"},\"author\":{\"name\":\"Federica Dumont\",\"@id\":\"https:\\\/\\\/www.visitamalfi.info\\\/fr\\\/#\\\/schema\\\/person\\\/0c7584af846d5d2da6c69f7e68f3af96\"},\"headline\":\"Amalfi pr\u00eate \u00e0 accueillir les r\u00e9publiques maritimes : le rideau se l\u00e8ve sur le Palio des Reines des Mers\",\"datePublished\":\"2025-05-15T16:27:38+00:00\",\"mainEntityOfPage\":{\"@id\":\"https:\\\/\\\/www.visitamalfi.info\\\/fr\\\/amalfi-prete-a-accueillir-les-republiques-maritimes-le-rideau-se-leve-sur-le-palio-des-reines-des-mers\\\/\"},\"wordCount\":454,\"commentCount\":0,\"publisher\":{\"@id\":\"https:\\\/\\\/www.visitamalfi.info\\\/fr\\\/#organization\"},\"image\":{\"@id\":\"https:\\\/\\\/www.visitamalfi.info\\\/fr\\\/amalfi-prete-a-accueillir-les-republiques-maritimes-le-rideau-se-leve-sur-le-palio-des-reines-des-mers\\\/#primaryimage\"},\"thumbnailUrl\":\"https:\\\/\\\/www.visitamalfi.info\\\/wp-content\\\/uploads\\\/2025\\\/05\\\/f.jpg\",\"articleSection\":[\"Consigli di viaggio\",\"Eventi\",\"l'art\",\"l'histoire\",\"tradition\"],\"inLanguage\":\"fr-FR\",\"potentialAction\":[{\"@type\":\"CommentAction\",\"name\":\"Comment\",\"target\":[\"https:\\\/\\\/www.visitamalfi.info\\\/fr\\\/amalfi-prete-a-accueillir-les-republiques-maritimes-le-rideau-se-leve-sur-le-palio-des-reines-des-mers\\\/#respond\"]}]},{\"@type\":\"WebPage\",\"@id\":\"https:\\\/\\\/www.visitamalfi.info\\\/fr\\\/amalfi-prete-a-accueillir-les-republiques-maritimes-le-rideau-se-leve-sur-le-palio-des-reines-des-mers\\\/\",\"url\":\"https:\\\/\\\/www.visitamalfi.info\\\/fr\\\/amalfi-prete-a-accueillir-les-republiques-maritimes-le-rideau-se-leve-sur-le-palio-des-reines-des-mers\\\/\",\"name\":\"Amalfi pr\u00eate \u00e0 accueillir les r\u00e9publiques maritimes : le rideau se l\u00e8ve sur le Palio des Reines des Mers - Visit Amalfi\",\"isPartOf\":{\"@id\":\"https:\\\/\\\/www.visitamalfi.info\\\/fr\\\/#website\"},\"primaryImageOfPage\":{\"@id\":\"https:\\\/\\\/www.visitamalfi.info\\\/fr\\\/amalfi-prete-a-accueillir-les-republiques-maritimes-le-rideau-se-leve-sur-le-palio-des-reines-des-mers\\\/#primaryimage\"},\"image\":{\"@id\":\"https:\\\/\\\/www.visitamalfi.info\\\/fr\\\/amalfi-prete-a-accueillir-les-republiques-maritimes-le-rideau-se-leve-sur-le-palio-des-reines-des-mers\\\/#primaryimage\"},\"thumbnailUrl\":\"https:\\\/\\\/www.visitamalfi.info\\\/wp-content\\\/uploads\\\/2025\\\/05\\\/f.jpg\",\"datePublished\":\"2025-05-15T16:27:38+00:00\",\"breadcrumb\":{\"@id\":\"https:\\\/\\\/www.visitamalfi.info\\\/fr\\\/amalfi-prete-a-accueillir-les-republiques-maritimes-le-rideau-se-leve-sur-le-palio-des-reines-des-mers\\\/#breadcrumb\"},\"inLanguage\":\"fr-FR\",\"potentialAction\":[{\"@type\":\"ReadAction\",\"target\":[\"https:\\\/\\\/www.visitamalfi.info\\\/fr\\\/amalfi-prete-a-accueillir-les-republiques-maritimes-le-rideau-se-leve-sur-le-palio-des-reines-des-mers\\\/\"]}]},{\"@type\":\"ImageObject\",\"inLanguage\":\"fr-FR\",\"@id\":\"https:\\\/\\\/www.visitamalfi.info\\\/fr\\\/amalfi-prete-a-accueillir-les-republiques-maritimes-le-rideau-se-leve-sur-le-palio-des-reines-des-mers\\\/#primaryimage\",\"url\":\"https:\\\/\\\/www.visitamalfi.info\\\/wp-content\\\/uploads\\\/2025\\\/05\\\/f.jpg\",\"contentUrl\":\"https:\\\/\\\/www.visitamalfi.info\\\/wp-content\\\/uploads\\\/2025\\\/05\\\/f.jpg\",\"width\":1600,\"height\":1066},{\"@type\":\"BreadcrumbList\",\"@id\":\"https:\\\/\\\/www.visitamalfi.info\\\/fr\\\/amalfi-prete-a-accueillir-les-republiques-maritimes-le-rideau-se-leve-sur-le-palio-des-reines-des-mers\\\/#breadcrumb\",\"itemListElement\":[{\"@type\":\"ListItem\",\"position\":1,\"name\":\"Home\",\"item\":\"https:\\\/\\\/www.visitamalfi.info\\\/fr\\\/\"},{\"@type\":\"ListItem\",\"position\":2,\"name\":\"Amalfi pr\u00eate \u00e0 accueillir les r\u00e9publiques maritimes : le rideau se l\u00e8ve sur le Palio des Reines des Mers\"}]},{\"@type\":\"WebSite\",\"@id\":\"https:\\\/\\\/www.visitamalfi.info\\\/fr\\\/#website\",\"url\":\"https:\\\/\\\/www.visitamalfi.info\\\/fr\\\/\",\"name\":\"Visit Amalfi\",\"description\":\"Amalfi Destination Official Website\",\"publisher\":{\"@id\":\"https:\\\/\\\/www.visitamalfi.info\\\/fr\\\/#organization\"},\"potentialAction\":[{\"@type\":\"SearchAction\",\"target\":{\"@type\":\"EntryPoint\",\"urlTemplate\":\"https:\\\/\\\/www.visitamalfi.info\\\/fr\\\/?s={search_term_string}\"},\"query-input\":{\"@type\":\"PropertyValueSpecification\",\"valueRequired\":true,\"valueName\":\"search_term_string\"}}],\"inLanguage\":\"fr-FR\"},{\"@type\":\"Organization\",\"@id\":\"https:\\\/\\\/www.visitamalfi.info\\\/fr\\\/#organization\",\"name\":\"Visit Amalfi\",\"url\":\"https:\\\/\\\/www.visitamalfi.info\\\/fr\\\/\",\"logo\":{\"@type\":\"ImageObject\",\"inLanguage\":\"fr-FR\",\"@id\":\"https:\\\/\\\/www.visitamalfi.info\\\/fr\\\/#\\\/schema\\\/logo\\\/image\\\/\",\"url\":\"https:\\\/\\\/www.visitamalfi.info\\\/wp-content\\\/uploads\\\/2023\\\/04\\\/visit-amalfi-logo-web.png\",\"contentUrl\":\"https:\\\/\\\/www.visitamalfi.info\\\/wp-content\\\/uploads\\\/2023\\\/04\\\/visit-amalfi-logo-web.png\",\"width\":800,\"height\":870,\"caption\":\"Visit Amalfi\"},\"image\":{\"@id\":\"https:\\\/\\\/www.visitamalfi.info\\\/fr\\\/#\\\/schema\\\/logo\\\/image\\\/\"},\"sameAs\":[\"https:\\\/\\\/www.facebook.com\\\/visitamalfiofficial\",\"https:\\\/\\\/www.instagram.com\\\/visitamalfiofficial\\\/\"]},{\"@type\":\"Person\",\"@id\":\"https:\\\/\\\/www.visitamalfi.info\\\/fr\\\/#\\\/schema\\\/person\\\/0c7584af846d5d2da6c69f7e68f3af96\",\"name\":\"Federica Dumont\",\"image\":{\"@type\":\"ImageObject\",\"inLanguage\":\"fr-FR\",\"@id\":\"https:\\\/\\\/secure.gravatar.com\\\/avatar\\\/0803dab414b6c6f1fd2399680f587870a020419b6ebe9d36dd75df06a6a68060?s=96&d=mm&r=g\",\"url\":\"https:\\\/\\\/secure.gravatar.com\\\/avatar\\\/0803dab414b6c6f1fd2399680f587870a020419b6ebe9d36dd75df06a6a68060?s=96&d=mm&r=g\",\"contentUrl\":\"https:\\\/\\\/secure.gravatar.com\\\/avatar\\\/0803dab414b6c6f1fd2399680f587870a020419b6ebe9d36dd75df06a6a68060?s=96&d=mm&r=g\",\"caption\":\"Federica Dumont\"},\"url\":\"https:\\\/\\\/www.visitamalfi.info\\\/fr\\\/author\\\/federica\\\/\"}]}<\/script>\n<!-- \/ Yoast SEO plugin. -->","yoast_head_json":{"title":"Amalfi pr\u00eate \u00e0 accueillir les r\u00e9publiques maritimes : le rideau se l\u00e8ve sur le Palio des Reines des Mers - Visit Amalfi","robots":{"index":"index","follow":"follow","max-snippet":"max-snippet:-1","max-image-preview":"max-image-preview:large","max-video-preview":"max-video-preview:-1"},"canonical":"https:\/\/www.visitamalfi.info\/fr\/amalfi-prete-a-accueillir-les-republiques-maritimes-le-rideau-se-leve-sur-le-palio-des-reines-des-mers\/","og_locale":"fr_FR","og_type":"article","og_title":"Amalfi pr\u00eate \u00e0 accueillir les r\u00e9publiques maritimes : le rideau se l\u00e8ve sur le Palio des Reines des Mers - Visit Amalfi","og_description":"Aujourd&#8217;hui, jeudi 15 mai, l&#8217;Arsenal de la R\u00e9publique a \u00e9t\u00e9 le th\u00e9\u00e2tre d&#8217;un moment symbolique, artistique et \u00e9vocateur : la premi\u00e8re manifestation culturelle de l&#8217;Union europ\u00e9enne. premier \u00e9v\u00e9nement culturel ouvrant [&hellip;]","og_url":"https:\/\/www.visitamalfi.info\/fr\/amalfi-prete-a-accueillir-les-republiques-maritimes-le-rideau-se-leve-sur-le-palio-des-reines-des-mers\/","og_site_name":"Visit Amalfi","article_publisher":"https:\/\/www.facebook.com\/visitamalfiofficial","article_published_time":"2025-05-15T16:27:38+00:00","og_image":[{"width":1600,"height":1066,"url":"https:\/\/www.visitamalfi.info\/wp-content\/uploads\/2025\/05\/f.jpg","type":"image\/jpeg"}],"author":"Federica Dumont","twitter_card":"summary_large_image","twitter_misc":{"\u00c9crit par":"Federica Dumont","Dur\u00e9e de lecture estim\u00e9e":"2 minutes"},"schema":{"@context":"https:\/\/schema.org","@graph":[{"@type":"Article","@id":"https:\/\/www.visitamalfi.info\/fr\/amalfi-prete-a-accueillir-les-republiques-maritimes-le-rideau-se-leve-sur-le-palio-des-reines-des-mers\/#article","isPartOf":{"@id":"https:\/\/www.visitamalfi.info\/fr\/amalfi-prete-a-accueillir-les-republiques-maritimes-le-rideau-se-leve-sur-le-palio-des-reines-des-mers\/"},"author":{"name":"Federica Dumont","@id":"https:\/\/www.visitamalfi.info\/fr\/#\/schema\/person\/0c7584af846d5d2da6c69f7e68f3af96"},"headline":"Amalfi pr\u00eate \u00e0 accueillir les r\u00e9publiques maritimes : le rideau se l\u00e8ve sur le Palio des Reines des Mers","datePublished":"2025-05-15T16:27:38+00:00","mainEntityOfPage":{"@id":"https:\/\/www.visitamalfi.info\/fr\/amalfi-prete-a-accueillir-les-republiques-maritimes-le-rideau-se-leve-sur-le-palio-des-reines-des-mers\/"},"wordCount":454,"commentCount":0,"publisher":{"@id":"https:\/\/www.visitamalfi.info\/fr\/#organization"},"image":{"@id":"https:\/\/www.visitamalfi.info\/fr\/amalfi-prete-a-accueillir-les-republiques-maritimes-le-rideau-se-leve-sur-le-palio-des-reines-des-mers\/#primaryimage"},"thumbnailUrl":"https:\/\/www.visitamalfi.info\/wp-content\/uploads\/2025\/05\/f.jpg","articleSection":["Consigli di viaggio","Eventi","l'art","l'histoire","tradition"],"inLanguage":"fr-FR","potentialAction":[{"@type":"CommentAction","name":"Comment","target":["https:\/\/www.visitamalfi.info\/fr\/amalfi-prete-a-accueillir-les-republiques-maritimes-le-rideau-se-leve-sur-le-palio-des-reines-des-mers\/#respond"]}]},{"@type":"WebPage","@id":"https:\/\/www.visitamalfi.info\/fr\/amalfi-prete-a-accueillir-les-republiques-maritimes-le-rideau-se-leve-sur-le-palio-des-reines-des-mers\/","url":"https:\/\/www.visitamalfi.info\/fr\/amalfi-prete-a-accueillir-les-republiques-maritimes-le-rideau-se-leve-sur-le-palio-des-reines-des-mers\/","name":"Amalfi pr\u00eate \u00e0 accueillir les r\u00e9publiques maritimes : le rideau se l\u00e8ve sur le Palio des Reines des Mers - Visit Amalfi","isPartOf":{"@id":"https:\/\/www.visitamalfi.info\/fr\/#website"},"primaryImageOfPage":{"@id":"https:\/\/www.visitamalfi.info\/fr\/amalfi-prete-a-accueillir-les-republiques-maritimes-le-rideau-se-leve-sur-le-palio-des-reines-des-mers\/#primaryimage"},"image":{"@id":"https:\/\/www.visitamalfi.info\/fr\/amalfi-prete-a-accueillir-les-republiques-maritimes-le-rideau-se-leve-sur-le-palio-des-reines-des-mers\/#primaryimage"},"thumbnailUrl":"https:\/\/www.visitamalfi.info\/wp-content\/uploads\/2025\/05\/f.jpg","datePublished":"2025-05-15T16:27:38+00:00","breadcrumb":{"@id":"https:\/\/www.visitamalfi.info\/fr\/amalfi-prete-a-accueillir-les-republiques-maritimes-le-rideau-se-leve-sur-le-palio-des-reines-des-mers\/#breadcrumb"},"inLanguage":"fr-FR","potentialAction":[{"@type":"ReadAction","target":["https:\/\/www.visitamalfi.info\/fr\/amalfi-prete-a-accueillir-les-republiques-maritimes-le-rideau-se-leve-sur-le-palio-des-reines-des-mers\/"]}]},{"@type":"ImageObject","inLanguage":"fr-FR","@id":"https:\/\/www.visitamalfi.info\/fr\/amalfi-prete-a-accueillir-les-republiques-maritimes-le-rideau-se-leve-sur-le-palio-des-reines-des-mers\/#primaryimage","url":"https:\/\/www.visitamalfi.info\/wp-content\/uploads\/2025\/05\/f.jpg","contentUrl":"https:\/\/www.visitamalfi.info\/wp-content\/uploads\/2025\/05\/f.jpg","width":1600,"height":1066},{"@type":"BreadcrumbList","@id":"https:\/\/www.visitamalfi.info\/fr\/amalfi-prete-a-accueillir-les-republiques-maritimes-le-rideau-se-leve-sur-le-palio-des-reines-des-mers\/#breadcrumb","itemListElement":[{"@type":"ListItem","position":1,"name":"Home","item":"https:\/\/www.visitamalfi.info\/fr\/"},{"@type":"ListItem","position":2,"name":"Amalfi pr\u00eate \u00e0 accueillir les r\u00e9publiques maritimes : le rideau se l\u00e8ve sur le Palio des Reines des Mers"}]},{"@type":"WebSite","@id":"https:\/\/www.visitamalfi.info\/fr\/#website","url":"https:\/\/www.visitamalfi.info\/fr\/","name":"Visit Amalfi","description":"Amalfi Destination Official Website","publisher":{"@id":"https:\/\/www.visitamalfi.info\/fr\/#organization"},"potentialAction":[{"@type":"SearchAction","target":{"@type":"EntryPoint","urlTemplate":"https:\/\/www.visitamalfi.info\/fr\/?s={search_term_string}"},"query-input":{"@type":"PropertyValueSpecification","valueRequired":true,"valueName":"search_term_string"}}],"inLanguage":"fr-FR"},{"@type":"Organization","@id":"https:\/\/www.visitamalfi.info\/fr\/#organization","name":"Visit Amalfi","url":"https:\/\/www.visitamalfi.info\/fr\/","logo":{"@type":"ImageObject","inLanguage":"fr-FR","@id":"https:\/\/www.visitamalfi.info\/fr\/#\/schema\/logo\/image\/","url":"https:\/\/www.visitamalfi.info\/wp-content\/uploads\/2023\/04\/visit-amalfi-logo-web.png","contentUrl":"https:\/\/www.visitamalfi.info\/wp-content\/uploads\/2023\/04\/visit-amalfi-logo-web.png","width":800,"height":870,"caption":"Visit Amalfi"},"image":{"@id":"https:\/\/www.visitamalfi.info\/fr\/#\/schema\/logo\/image\/"},"sameAs":["https:\/\/www.facebook.com\/visitamalfiofficial","https:\/\/www.instagram.com\/visitamalfiofficial\/"]},{"@type":"Person","@id":"https:\/\/www.visitamalfi.info\/fr\/#\/schema\/person\/0c7584af846d5d2da6c69f7e68f3af96","name":"Federica Dumont","image":{"@type":"ImageObject","inLanguage":"fr-FR","@id":"https:\/\/secure.gravatar.com\/avatar\/0803dab414b6c6f1fd2399680f587870a020419b6ebe9d36dd75df06a6a68060?s=96&d=mm&r=g","url":"https:\/\/secure.gravatar.com\/avatar\/0803dab414b6c6f1fd2399680f587870a020419b6ebe9d36dd75df06a6a68060?s=96&d=mm&r=g","contentUrl":"https:\/\/secure.gravatar.com\/avatar\/0803dab414b6c6f1fd2399680f587870a020419b6ebe9d36dd75df06a6a68060?s=96&d=mm&r=g","caption":"Federica Dumont"},"url":"https:\/\/www.visitamalfi.info\/fr\/author\/federica\/"}]}},"_links":{"self":[{"href":"https:\/\/www.visitamalfi.info\/fr\/wp-json\/wp\/v2\/posts\/21639","targetHints":{"allow":["GET"]}}],"collection":[{"href":"https:\/\/www.visitamalfi.info\/fr\/wp-json\/wp\/v2\/posts"}],"about":[{"href":"https:\/\/www.visitamalfi.info\/fr\/wp-json\/wp\/v2\/types\/post"}],"author":[{"embeddable":true,"href":"https:\/\/www.visitamalfi.info\/fr\/wp-json\/wp\/v2\/users\/7"}],"replies":[{"embeddable":true,"href":"https:\/\/www.visitamalfi.info\/fr\/wp-json\/wp\/v2\/comments?post=21639"}],"version-history":[{"count":0,"href":"https:\/\/www.visitamalfi.info\/fr\/wp-json\/wp\/v2\/posts\/21639\/revisions"}],"wp:featuredmedia":[{"embeddable":true,"href":"https:\/\/www.visitamalfi.info\/fr\/wp-json\/wp\/v2\/media\/21599"}],"wp:attachment":[{"href":"https:\/\/www.visitamalfi.info\/fr\/wp-json\/wp\/v2\/media?parent=21639"}],"wp:term":[{"taxonomy":"category","embeddable":true,"href":"https:\/\/www.visitamalfi.info\/fr\/wp-json\/wp\/v2\/categories?post=21639"},{"taxonomy":"post_tag","embeddable":true,"href":"https:\/\/www.visitamalfi.info\/fr\/wp-json\/wp\/v2\/tags?post=21639"}],"curies":[{"name":"wp","href":"https:\/\/api.w.org\/{rel}","templated":true}]}}