{"id":21587,"date":"2025-05-14T19:46:05","date_gmt":"2025-05-14T17:46:05","guid":{"rendered":"https:\/\/www.visitamalfi.info\/un-hommage-artistique-aux-republiques-maritimes-damalfi-quatre-vases-installes-sur-la-place-flavio-gioia\/"},"modified":"2025-05-14T19:46:05","modified_gmt":"2025-05-14T17:46:05","slug":"un-hommage-artistique-aux-republiques-maritimes-damalfi-quatre-vases-installes-sur-la-place-flavio-gioia","status":"publish","type":"post","link":"https:\/\/www.visitamalfi.info\/fr\/un-hommage-artistique-aux-republiques-maritimes-damalfi-quatre-vases-installes-sur-la-place-flavio-gioia\/","title":{"rendered":"Un hommage artistique aux r\u00e9publiques maritimes d&#8217;Amalfi : quatre vases install\u00e9s sur la place Flavio Gioia"},"content":{"rendered":"<p class=\"cvGsUA direction-ltr align-start para-style-body\"><span class=\"OYPEnA font-feature-liga-off font-feature-clig-off font-feature-calt-off text-decoration-none text-strikethrough-none\"><img fetchpriority=\"high\" decoding=\"async\" class=\"size-medium wp-image-21545 alignright\" src=\"https:\/\/www.visitamalfi.info\/wp-content\/uploads\/2025\/05\/vaso-amalfi-200x300.jpeg\" alt=\"\" width=\"200\" height=\"300\" srcset=\"https:\/\/www.visitamalfi.info\/wp-content\/uploads\/2025\/05\/vaso-amalfi-200x300.jpeg 200w, https:\/\/www.visitamalfi.info\/wp-content\/uploads\/2025\/05\/vaso-amalfi-682x1024.jpeg 682w, https:\/\/www.visitamalfi.info\/wp-content\/uploads\/2025\/05\/vaso-amalfi-768x1153.jpeg 768w, https:\/\/www.visitamalfi.info\/wp-content\/uploads\/2025\/05\/vaso-amalfi-1023x1536.jpeg 1023w, https:\/\/www.visitamalfi.info\/wp-content\/uploads\/2025\/05\/vaso-amalfi.jpeg 1066w\" sizes=\"(max-width: 200px) 100vw, 200px\" \/>\u00c0 l&#8217;occasion de la 70e \u00e9dition des R\u00e9gates des Anciennes R\u00e9publiques Maritimes, Amalfi a choisi de c\u00e9l\u00e9brer le pass\u00e9 et la tradition, \u00e0 travers une installation artistique tr\u00e8s sp\u00e9ciale, qui embellit la ville. Quatre vases ont \u00e9t\u00e9 plac\u00e9s sur la Piazza Flavio Gioia, chacun d\u00e9di\u00e9 \u00e0 l&#8217;une des quatre anciennes cit\u00e9s-\u00c9tats : Amalfi, Pise, G\u00eanes et Venise.<\/span><\/p>\n<p class=\"cvGsUA direction-ltr align-start para-style-body\"><strong><span class=\"OYPEnA font-feature-liga-off font-feature-clig-off font-feature-calt-off text-decoration-none text-strikethrough-none\">Un conte artistique en c\u00e9ramique<\/span><\/strong><\/p>\n<p class=\"cvGsUA direction-ltr align-start para-style-body\"><span class=\"OYPEnA font-feature-liga-off font-feature-clig-off font-feature-calt-off text-decoration-none text-strikethrough-none\">Sur chaque vase sont repr\u00e9sent\u00e9s respectivement des \u00e9l\u00e9ments qui racontent l&#8217;identit\u00e9 de chaque ville :<\/span><\/p>\n<ul>\n<li><span class=\"OYPEnA font-feature-liga-off font-feature-clig-off font-feature-calt-off text-decoration-none text-strikethrough-none\">La <\/span><span class=\"OYPEnA font-feature-liga-off font-feature-clig-off font-feature-calt-off text-decoration-none text-strikethrough-none\">Banni\u00e8re<\/span><\/li>\n<li><span class=\"OYPEnA font-feature-liga-off font-feature-clig-off font-feature-calt-off text-decoration-none text-strikethrough-none\">La <\/span><span class=\"OYPEnA font-feature-liga-off font-feature-clig-off font-feature-calt-off text-decoration-none text-strikethrough-none\">Figure de proue<\/span><\/li>\n<li><span class=\"OYPEnA font-feature-liga-off font-feature-clig-off font-feature-calt-off text-decoration-none text-strikethrough-none\">Le <\/span><span class=\"OYPEnA font-feature-liga-off font-feature-clig-off font-feature-calt-off text-decoration-none text-strikethrough-none\">Le Duc<\/span><\/li>\n<\/ul>\n<p class=\"cvGsUA direction-ltr align-start para-style-body\"><span class=\"OYPEnA font-feature-liga-off font-feature-clig-off font-feature-calt-off text-decoration-none text-strikethrough-none\">Les vases<em>&#8220;ont \u00e9t\u00e9 r\u00e9alis\u00e9s par le ma\u00eetre vietnamien <strong>Francesco Raimondi<\/strong>, l&#8217;un des plus grands experts des arts figuratifs sur terre cuite \u00e9maill\u00e9e qui, avec son atelier, l&#8217;Archetto, est aujourd&#8217;hui un point de r\u00e9f\u00e9rence pour de nombreux amateurs de c\u00e9ramique<\/em>&#8230;&#8221;. Ces travaux <\/span>deviennent un r\u00e9cit unique, une \u0153uvre d&#8217;art jetant un pont entre le pass\u00e9 et le pr\u00e9sent, l&#8217;histoire et la tradition, entre Amalfi et ses &#8220;s\u0153urs de la mer&#8221;.<\/p>\n<p class=\"cvGsUA direction-ltr align-start para-style-body\"><span class=\"OYPEnA font-feature-liga-off font-feature-clig-off font-feature-calt-off text-decoration-none text-strikethrough-none\"><img decoding=\"async\" class=\" wp-image-21560 alignleft\" src=\"https:\/\/www.visitamalfi.info\/wp-content\/uploads\/2025\/05\/4-200x300.jpg\" alt=\"\" width=\"183\" height=\"275\" srcset=\"https:\/\/www.visitamalfi.info\/wp-content\/uploads\/2025\/05\/4-200x300.jpg 200w, https:\/\/www.visitamalfi.info\/wp-content\/uploads\/2025\/05\/4-682x1024.jpg 682w, https:\/\/www.visitamalfi.info\/wp-content\/uploads\/2025\/05\/4-768x1153.jpg 768w, https:\/\/www.visitamalfi.info\/wp-content\/uploads\/2025\/05\/4-1023x1536.jpg 1023w, https:\/\/www.visitamalfi.info\/wp-content\/uploads\/2025\/05\/4.jpg 1066w\" sizes=\"(max-width: 183px) 100vw, 183px\" \/><\/span><\/p>\n<p class=\"cvGsUA direction-ltr align-start para-style-body\"><strong><span class=\"OYPEnA font-feature-liga-off font-feature-clig-off font-feature-calt-off text-decoration-none text-strikethrough-none\">Amalfi : art, beaut\u00e9 et tradition<\/span><\/strong><\/p>\n<p class=\"cvGsUA direction-ltr align-start para-style-body\"><span class=\"OYPEnA font-feature-liga-off font-feature-clig-off font-feature-calt-off text-decoration-none text-strikethrough-none\"><img decoding=\"async\" class=\"size-medium wp-image-21550 alignright\" src=\"https:\/\/www.visitamalfi.info\/wp-content\/uploads\/2025\/05\/vaso-genova-1-200x300.jpeg\" alt=\"\" width=\"200\" height=\"300\" srcset=\"https:\/\/www.visitamalfi.info\/wp-content\/uploads\/2025\/05\/vaso-genova-1-200x300.jpeg 200w, https:\/\/www.visitamalfi.info\/wp-content\/uploads\/2025\/05\/vaso-genova-1-682x1024.jpeg 682w, https:\/\/www.visitamalfi.info\/wp-content\/uploads\/2025\/05\/vaso-genova-1-768x1153.jpeg 768w, https:\/\/www.visitamalfi.info\/wp-content\/uploads\/2025\/05\/vaso-genova-1-1023x1536.jpeg 1023w, https:\/\/www.visitamalfi.info\/wp-content\/uploads\/2025\/05\/vaso-genova-1.jpeg 1066w\" sizes=\"(max-width: 200px) 100vw, 200px\" \/>L&#8217;initiative s&#8217;inscrit dans le cadre d&#8217;une revalorisation urbaine et culturelle plus large, transformant la place non seulement en un lieu de passage, mais aussi en un espace de r\u00e9flexion et de beaut\u00e9, o\u00f9 l&#8217;histoire redevient un protagoniste quotidien sous les yeux fascin\u00e9s des citoyens et des visiteurs.<\/span><\/p>\n<p class=\"cvGsUA direction-ltr align-start para-style-body\"><strong><span class=\"OYPEnA font-feature-liga-off font-feature-clig-off font-feature-calt-off text-decoration-none text-strikethrough-none\">Une \u0153uvre qui unit et qui raconte<\/span><\/strong><\/p>\n<p class=\"cvGsUA direction-ltr align-start para-style-body\"><span class=\"OYPEnA font-feature-liga-off font-feature-clig-off font-feature-calt-off text-decoration-none text-strikethrough-none\">L&#8217;hommage aux quatre R\u00e9publiques maritimes est avant tout une invitation \u00e0 red\u00e9couvrir les liens historiques entre les quatre cit\u00e9s-\u00c9tats, autrefois rivales et aujourd&#8217;hui plus unies que jamais.<img loading=\"lazy\" decoding=\"async\" class=\" wp-image-21555 alignleft\" src=\"https:\/\/www.visitamalfi.info\/wp-content\/uploads\/2025\/05\/3-200x300.jpg\" alt=\"\" width=\"189\" height=\"284\" srcset=\"https:\/\/www.visitamalfi.info\/wp-content\/uploads\/2025\/05\/3-200x300.jpg 200w, https:\/\/www.visitamalfi.info\/wp-content\/uploads\/2025\/05\/3-682x1024.jpg 682w, https:\/\/www.visitamalfi.info\/wp-content\/uploads\/2025\/05\/3-768x1153.jpg 768w, https:\/\/www.visitamalfi.info\/wp-content\/uploads\/2025\/05\/3-1023x1536.jpg 1023w, https:\/\/www.visitamalfi.info\/wp-content\/uploads\/2025\/05\/3.jpg 1066w\" sizes=\"(max-width: 189px) 100vw, 189px\" \/><\/span><\/p>\n<p class=\"cvGsUA direction-ltr align-start para-style-body\"><span class=\"OYPEnA font-feature-liga-off font-feature-clig-off font-feature-calt-off text-decoration-none text-strikethrough-none\">Qu&#8217;il s&#8217;agisse d&#8217;un citoyen amalfitain ou d&#8217;un visiteur venu en ville pour des vacances uniques, ceux qui peuvent admirer ces \u0153uvres sur la place Flavio Gioia sont amen\u00e9s \u00e0 s&#8217;arr\u00eater, \u00e0 observer et \u00e0 s&#8217;interroger, car chaque vase n&#8217;est pas un simple objet d\u00e9coratif, mais un r\u00e9cit d&#8217;histoire, de tradition, de mer, de pouvoir et d&#8217;art, qui continue \u00e0 naviguer \u00e0 travers le temps.<\/span><\/p>\n<div id='gallery-1' class='gallery galleryid-21587 gallery-columns-3 gallery-size-thumbnail'><figure class='gallery-item'>\n\t\t\t<div class='gallery-icon portrait'>\n\t\t\t\t<a href='https:\/\/www.visitamalfi.info\/fr\/un-hommage-artistique-aux-republiques-maritimes-damalfi-quatre-vases-installes-sur-la-place-flavio-gioia\/vaso-amalfi-2\/'><img loading=\"lazy\" decoding=\"async\" width=\"300\" height=\"300\" src=\"https:\/\/www.visitamalfi.info\/wp-content\/uploads\/2025\/05\/vaso-amalfi-300x300.jpeg\" class=\"attachment-thumbnail size-thumbnail\" alt=\"\" srcset=\"https:\/\/www.visitamalfi.info\/wp-content\/uploads\/2025\/05\/vaso-amalfi-300x300.jpeg 300w, https:\/\/www.visitamalfi.info\/wp-content\/uploads\/2025\/05\/vaso-amalfi-510x510.jpeg 510w, https:\/\/www.visitamalfi.info\/wp-content\/uploads\/2025\/05\/vaso-amalfi-160x160.jpeg 160w\" sizes=\"(max-width: 300px) 100vw, 300px\" \/><\/a>\n\t\t\t<\/div><\/figure><figure class='gallery-item'>\n\t\t\t<div class='gallery-icon portrait'>\n\t\t\t\t<a href='https:\/\/www.visitamalfi.info\/fr\/un-hommage-artistique-aux-republiques-maritimes-damalfi-quatre-vases-installes-sur-la-place-flavio-gioia\/vaso-genova-1-2\/'><img loading=\"lazy\" decoding=\"async\" width=\"300\" height=\"300\" src=\"https:\/\/www.visitamalfi.info\/wp-content\/uploads\/2025\/05\/vaso-genova-1-300x300.jpeg\" class=\"attachment-thumbnail size-thumbnail\" alt=\"\" srcset=\"https:\/\/www.visitamalfi.info\/wp-content\/uploads\/2025\/05\/vaso-genova-1-300x300.jpeg 300w, https:\/\/www.visitamalfi.info\/wp-content\/uploads\/2025\/05\/vaso-genova-1-510x510.jpeg 510w, https:\/\/www.visitamalfi.info\/wp-content\/uploads\/2025\/05\/vaso-genova-1-160x160.jpeg 160w\" sizes=\"(max-width: 300px) 100vw, 300px\" \/><\/a>\n\t\t\t<\/div><\/figure><figure class='gallery-item'>\n\t\t\t<div class='gallery-icon portrait'>\n\t\t\t\t<a href='https:\/\/www.visitamalfi.info\/fr\/un-hommage-artistique-aux-republiques-maritimes-damalfi-quatre-vases-installes-sur-la-place-flavio-gioia\/3-11-2\/'><img loading=\"lazy\" decoding=\"async\" width=\"300\" height=\"300\" src=\"https:\/\/www.visitamalfi.info\/wp-content\/uploads\/2025\/05\/3-300x300.jpg\" class=\"attachment-thumbnail size-thumbnail\" alt=\"\" srcset=\"https:\/\/www.visitamalfi.info\/wp-content\/uploads\/2025\/05\/3-300x300.jpg 300w, https:\/\/www.visitamalfi.info\/wp-content\/uploads\/2025\/05\/3-510x510.jpg 510w, https:\/\/www.visitamalfi.info\/wp-content\/uploads\/2025\/05\/3-160x160.jpg 160w\" sizes=\"(max-width: 300px) 100vw, 300px\" \/><\/a>\n\t\t\t<\/div><\/figure><figure class='gallery-item'>\n\t\t\t<div class='gallery-icon portrait'>\n\t\t\t\t<a href='https:\/\/www.visitamalfi.info\/fr\/un-hommage-artistique-aux-republiques-maritimes-damalfi-quatre-vases-installes-sur-la-place-flavio-gioia\/4-8-2\/'><img loading=\"lazy\" decoding=\"async\" width=\"300\" height=\"300\" src=\"https:\/\/www.visitamalfi.info\/wp-content\/uploads\/2025\/05\/4-300x300.jpg\" class=\"attachment-thumbnail size-thumbnail\" alt=\"\" srcset=\"https:\/\/www.visitamalfi.info\/wp-content\/uploads\/2025\/05\/4-300x300.jpg 300w, https:\/\/www.visitamalfi.info\/wp-content\/uploads\/2025\/05\/4-510x510.jpg 510w, https:\/\/www.visitamalfi.info\/wp-content\/uploads\/2025\/05\/4-160x160.jpg 160w\" sizes=\"(max-width: 300px) 100vw, 300px\" \/><\/a>\n\t\t\t<\/div><\/figure><figure class='gallery-item'>\n\t\t\t<div class='gallery-icon landscape'>\n\t\t\t\t<a href='https:\/\/www.visitamalfi.info\/fr\/un-hommage-artistique-aux-republiques-maritimes-damalfi-quatre-vases-installes-sur-la-place-flavio-gioia\/polena-vaso-2\/'><img loading=\"lazy\" decoding=\"async\" width=\"300\" height=\"300\" src=\"https:\/\/www.visitamalfi.info\/wp-content\/uploads\/2025\/05\/polena-vaso--300x300.jpeg\" class=\"attachment-thumbnail size-thumbnail\" alt=\"\" srcset=\"https:\/\/www.visitamalfi.info\/wp-content\/uploads\/2025\/05\/polena-vaso--300x300.jpeg 300w, https:\/\/www.visitamalfi.info\/wp-content\/uploads\/2025\/05\/polena-vaso--510x510.jpeg 510w, https:\/\/www.visitamalfi.info\/wp-content\/uploads\/2025\/05\/polena-vaso--160x160.jpeg 160w\" sizes=\"(max-width: 300px) 100vw, 300px\" \/><\/a>\n\t\t\t<\/div><\/figure><figure class='gallery-item'>\n\t\t\t<div class='gallery-icon landscape'>\n\t\t\t\t<a href='https:\/\/www.visitamalfi.info\/fr\/un-hommage-artistique-aux-republiques-maritimes-damalfi-quatre-vases-installes-sur-la-place-flavio-gioia\/vaso-piazza-2\/'><img loading=\"lazy\" decoding=\"async\" width=\"300\" height=\"300\" src=\"https:\/\/www.visitamalfi.info\/wp-content\/uploads\/2025\/05\/vaso-piazza-300x300.jpeg\" class=\"attachment-thumbnail size-thumbnail\" alt=\"\" srcset=\"https:\/\/www.visitamalfi.info\/wp-content\/uploads\/2025\/05\/vaso-piazza-300x300.jpeg 300w, https:\/\/www.visitamalfi.info\/wp-content\/uploads\/2025\/05\/vaso-piazza-510x510.jpeg 510w, https:\/\/www.visitamalfi.info\/wp-content\/uploads\/2025\/05\/vaso-piazza-160x160.jpeg 160w\" sizes=\"(max-width: 300px) 100vw, 300px\" \/><\/a>\n\t\t\t<\/div><\/figure><figure class='gallery-item'>\n\t\t\t<div class='gallery-icon portrait'>\n\t\t\t\t<a href='https:\/\/www.visitamalfi.info\/fr\/un-hommage-artistique-aux-republiques-maritimes-damalfi-quatre-vases-installes-sur-la-place-flavio-gioia\/attachment\/0\/'><img loading=\"lazy\" decoding=\"async\" width=\"300\" height=\"300\" src=\"https:\/\/www.visitamalfi.info\/wp-content\/uploads\/2025\/05\/0-300x300.jpeg\" class=\"attachment-thumbnail size-thumbnail\" alt=\"\" srcset=\"https:\/\/www.visitamalfi.info\/wp-content\/uploads\/2025\/05\/0-300x300.jpeg 300w, https:\/\/www.visitamalfi.info\/wp-content\/uploads\/2025\/05\/0-510x510.jpeg 510w, https:\/\/www.visitamalfi.info\/wp-content\/uploads\/2025\/05\/0-160x160.jpeg 160w\" sizes=\"(max-width: 300px) 100vw, 300px\" \/><\/a>\n\t\t\t<\/div><\/figure><figure class='gallery-item'>\n\t\t\t<div class='gallery-icon portrait'>\n\t\t\t\t<a href='https:\/\/www.visitamalfi.info\/fr\/un-hommage-artistique-aux-republiques-maritimes-damalfi-quatre-vases-installes-sur-la-place-flavio-gioia\/vaso-genova-2-2\/'><img loading=\"lazy\" decoding=\"async\" width=\"300\" height=\"300\" src=\"https:\/\/www.visitamalfi.info\/wp-content\/uploads\/2025\/05\/vaso-genova-2-300x300.jpeg\" class=\"attachment-thumbnail size-thumbnail\" alt=\"\" srcset=\"https:\/\/www.visitamalfi.info\/wp-content\/uploads\/2025\/05\/vaso-genova-2-300x300.jpeg 300w, https:\/\/www.visitamalfi.info\/wp-content\/uploads\/2025\/05\/vaso-genova-2-510x510.jpeg 510w, https:\/\/www.visitamalfi.info\/wp-content\/uploads\/2025\/05\/vaso-genova-2-160x160.jpeg 160w\" sizes=\"(max-width: 300px) 100vw, 300px\" \/><\/a>\n\t\t\t<\/div><\/figure><figure class='gallery-item'>\n\t\t\t<div class='gallery-icon portrait'>\n\t\t\t\t<a href='https:\/\/www.visitamalfi.info\/fr\/un-hommage-artistique-aux-republiques-maritimes-damalfi-quatre-vases-installes-sur-la-place-flavio-gioia\/ven-2\/'><img loading=\"lazy\" decoding=\"async\" width=\"300\" height=\"300\" src=\"https:\/\/www.visitamalfi.info\/wp-content\/uploads\/2025\/05\/ven-300x300.jpg\" class=\"attachment-thumbnail size-thumbnail\" alt=\"\" srcset=\"https:\/\/www.visitamalfi.info\/wp-content\/uploads\/2025\/05\/ven-300x300.jpg 300w, https:\/\/www.visitamalfi.info\/wp-content\/uploads\/2025\/05\/ven-510x510.jpg 510w, https:\/\/www.visitamalfi.info\/wp-content\/uploads\/2025\/05\/ven-160x160.jpg 160w\" sizes=\"(max-width: 300px) 100vw, 300px\" \/><\/a>\n\t\t\t<\/div><\/figure>\n\t\t<\/div>\n\n","protected":false},"excerpt":{"rendered":"<p>\u00c0 l&#8217;occasion de la 70e \u00e9dition des R\u00e9gates des Anciennes R\u00e9publiques Maritimes, Amalfi a choisi de c\u00e9l\u00e9brer le pass\u00e9 et la tradition, \u00e0 travers une installation artistique tr\u00e8s sp\u00e9ciale, qui [&hellip;]<\/p>\n","protected":false},"author":7,"featured_media":21537,"comment_status":"open","ping_status":"closed","sticky":false,"template":"","format":"standard","meta":{"inline_featured_image":false,"footnotes":""},"categories":[257,724],"tags":[],"class_list":["post-21587","post","type-post","status-publish","format-standard","has-post-thumbnail","hentry","category-curiosites","category-lart"],"yoast_head":"<!-- This site is optimized with the Yoast SEO plugin v27.3 - https:\/\/yoast.com\/product\/yoast-seo-wordpress\/ -->\n<title>Un hommage artistique aux r\u00e9publiques maritimes d&#039;Amalfi : quatre vases install\u00e9s sur la place Flavio Gioia - Visit Amalfi<\/title>\n<meta name=\"robots\" content=\"index, follow, max-snippet:-1, max-image-preview:large, max-video-preview:-1\" \/>\n<link rel=\"canonical\" href=\"https:\/\/www.visitamalfi.info\/fr\/un-hommage-artistique-aux-republiques-maritimes-damalfi-quatre-vases-installes-sur-la-place-flavio-gioia\/\" \/>\n<meta property=\"og:locale\" content=\"fr_FR\" \/>\n<meta property=\"og:type\" content=\"article\" \/>\n<meta property=\"og:title\" content=\"Un hommage artistique aux r\u00e9publiques maritimes d&#039;Amalfi : quatre vases install\u00e9s sur la place Flavio Gioia - Visit Amalfi\" \/>\n<meta property=\"og:description\" content=\"\u00c0 l&#8217;occasion de la 70e \u00e9dition des R\u00e9gates des Anciennes R\u00e9publiques Maritimes, Amalfi a choisi de c\u00e9l\u00e9brer le pass\u00e9 et la tradition, \u00e0 travers une installation artistique tr\u00e8s sp\u00e9ciale, qui [&hellip;]\" \/>\n<meta property=\"og:url\" content=\"https:\/\/www.visitamalfi.info\/fr\/un-hommage-artistique-aux-republiques-maritimes-damalfi-quatre-vases-installes-sur-la-place-flavio-gioia\/\" \/>\n<meta property=\"og:site_name\" content=\"Visit Amalfi\" \/>\n<meta property=\"article:publisher\" content=\"https:\/\/www.facebook.com\/visitamalfiofficial\" \/>\n<meta property=\"article:published_time\" content=\"2025-05-14T17:46:05+00:00\" \/>\n<meta property=\"og:image\" content=\"https:\/\/www.visitamalfi.info\/wp-content\/uploads\/2025\/05\/vaso-piazza.jpeg\" \/>\n\t<meta property=\"og:image:width\" content=\"1600\" \/>\n\t<meta property=\"og:image:height\" content=\"1066\" \/>\n\t<meta property=\"og:image:type\" content=\"image\/jpeg\" \/>\n<meta name=\"author\" content=\"Federica Dumont\" \/>\n<meta name=\"twitter:card\" content=\"summary_large_image\" \/>\n<meta name=\"twitter:label1\" content=\"\u00c9crit par\" \/>\n\t<meta name=\"twitter:data1\" content=\"Federica Dumont\" \/>\n\t<meta name=\"twitter:label2\" content=\"Dur\u00e9e de lecture estim\u00e9e\" \/>\n\t<meta name=\"twitter:data2\" content=\"2 minutes\" \/>\n<script type=\"application\/ld+json\" class=\"yoast-schema-graph\">{\"@context\":\"https:\\\/\\\/schema.org\",\"@graph\":[{\"@type\":\"Article\",\"@id\":\"https:\\\/\\\/www.visitamalfi.info\\\/fr\\\/un-hommage-artistique-aux-republiques-maritimes-damalfi-quatre-vases-installes-sur-la-place-flavio-gioia\\\/#article\",\"isPartOf\":{\"@id\":\"https:\\\/\\\/www.visitamalfi.info\\\/fr\\\/un-hommage-artistique-aux-republiques-maritimes-damalfi-quatre-vases-installes-sur-la-place-flavio-gioia\\\/\"},\"author\":{\"name\":\"Federica Dumont\",\"@id\":\"https:\\\/\\\/www.visitamalfi.info\\\/fr\\\/#\\\/schema\\\/person\\\/0c7584af846d5d2da6c69f7e68f3af96\"},\"headline\":\"Un hommage artistique aux r\u00e9publiques maritimes d&#8217;Amalfi : quatre vases install\u00e9s sur la place Flavio Gioia\",\"datePublished\":\"2025-05-14T17:46:05+00:00\",\"mainEntityOfPage\":{\"@id\":\"https:\\\/\\\/www.visitamalfi.info\\\/fr\\\/un-hommage-artistique-aux-republiques-maritimes-damalfi-quatre-vases-installes-sur-la-place-flavio-gioia\\\/\"},\"wordCount\":374,\"commentCount\":0,\"publisher\":{\"@id\":\"https:\\\/\\\/www.visitamalfi.info\\\/fr\\\/#organization\"},\"image\":{\"@id\":\"https:\\\/\\\/www.visitamalfi.info\\\/fr\\\/un-hommage-artistique-aux-republiques-maritimes-damalfi-quatre-vases-installes-sur-la-place-flavio-gioia\\\/#primaryimage\"},\"thumbnailUrl\":\"https:\\\/\\\/www.visitamalfi.info\\\/wp-content\\\/uploads\\\/2025\\\/05\\\/vaso-piazza.jpeg\",\"articleSection\":[\"Curiosit\u00e9s\",\"l'art\"],\"inLanguage\":\"fr-FR\",\"potentialAction\":[{\"@type\":\"CommentAction\",\"name\":\"Comment\",\"target\":[\"https:\\\/\\\/www.visitamalfi.info\\\/fr\\\/un-hommage-artistique-aux-republiques-maritimes-damalfi-quatre-vases-installes-sur-la-place-flavio-gioia\\\/#respond\"]}]},{\"@type\":\"WebPage\",\"@id\":\"https:\\\/\\\/www.visitamalfi.info\\\/fr\\\/un-hommage-artistique-aux-republiques-maritimes-damalfi-quatre-vases-installes-sur-la-place-flavio-gioia\\\/\",\"url\":\"https:\\\/\\\/www.visitamalfi.info\\\/fr\\\/un-hommage-artistique-aux-republiques-maritimes-damalfi-quatre-vases-installes-sur-la-place-flavio-gioia\\\/\",\"name\":\"Un hommage artistique aux r\u00e9publiques maritimes d'Amalfi : quatre vases install\u00e9s sur la place Flavio Gioia - Visit Amalfi\",\"isPartOf\":{\"@id\":\"https:\\\/\\\/www.visitamalfi.info\\\/fr\\\/#website\"},\"primaryImageOfPage\":{\"@id\":\"https:\\\/\\\/www.visitamalfi.info\\\/fr\\\/un-hommage-artistique-aux-republiques-maritimes-damalfi-quatre-vases-installes-sur-la-place-flavio-gioia\\\/#primaryimage\"},\"image\":{\"@id\":\"https:\\\/\\\/www.visitamalfi.info\\\/fr\\\/un-hommage-artistique-aux-republiques-maritimes-damalfi-quatre-vases-installes-sur-la-place-flavio-gioia\\\/#primaryimage\"},\"thumbnailUrl\":\"https:\\\/\\\/www.visitamalfi.info\\\/wp-content\\\/uploads\\\/2025\\\/05\\\/vaso-piazza.jpeg\",\"datePublished\":\"2025-05-14T17:46:05+00:00\",\"breadcrumb\":{\"@id\":\"https:\\\/\\\/www.visitamalfi.info\\\/fr\\\/un-hommage-artistique-aux-republiques-maritimes-damalfi-quatre-vases-installes-sur-la-place-flavio-gioia\\\/#breadcrumb\"},\"inLanguage\":\"fr-FR\",\"potentialAction\":[{\"@type\":\"ReadAction\",\"target\":[\"https:\\\/\\\/www.visitamalfi.info\\\/fr\\\/un-hommage-artistique-aux-republiques-maritimes-damalfi-quatre-vases-installes-sur-la-place-flavio-gioia\\\/\"]}]},{\"@type\":\"ImageObject\",\"inLanguage\":\"fr-FR\",\"@id\":\"https:\\\/\\\/www.visitamalfi.info\\\/fr\\\/un-hommage-artistique-aux-republiques-maritimes-damalfi-quatre-vases-installes-sur-la-place-flavio-gioia\\\/#primaryimage\",\"url\":\"https:\\\/\\\/www.visitamalfi.info\\\/wp-content\\\/uploads\\\/2025\\\/05\\\/vaso-piazza.jpeg\",\"contentUrl\":\"https:\\\/\\\/www.visitamalfi.info\\\/wp-content\\\/uploads\\\/2025\\\/05\\\/vaso-piazza.jpeg\",\"width\":1600,\"height\":1066},{\"@type\":\"BreadcrumbList\",\"@id\":\"https:\\\/\\\/www.visitamalfi.info\\\/fr\\\/un-hommage-artistique-aux-republiques-maritimes-damalfi-quatre-vases-installes-sur-la-place-flavio-gioia\\\/#breadcrumb\",\"itemListElement\":[{\"@type\":\"ListItem\",\"position\":1,\"name\":\"Home\",\"item\":\"https:\\\/\\\/www.visitamalfi.info\\\/fr\\\/\"},{\"@type\":\"ListItem\",\"position\":2,\"name\":\"Un hommage artistique aux r\u00e9publiques maritimes d&#8217;Amalfi : quatre vases install\u00e9s sur la place Flavio Gioia\"}]},{\"@type\":\"WebSite\",\"@id\":\"https:\\\/\\\/www.visitamalfi.info\\\/fr\\\/#website\",\"url\":\"https:\\\/\\\/www.visitamalfi.info\\\/fr\\\/\",\"name\":\"Visit Amalfi\",\"description\":\"Amalfi Destination Official Website\",\"publisher\":{\"@id\":\"https:\\\/\\\/www.visitamalfi.info\\\/fr\\\/#organization\"},\"potentialAction\":[{\"@type\":\"SearchAction\",\"target\":{\"@type\":\"EntryPoint\",\"urlTemplate\":\"https:\\\/\\\/www.visitamalfi.info\\\/fr\\\/?s={search_term_string}\"},\"query-input\":{\"@type\":\"PropertyValueSpecification\",\"valueRequired\":true,\"valueName\":\"search_term_string\"}}],\"inLanguage\":\"fr-FR\"},{\"@type\":\"Organization\",\"@id\":\"https:\\\/\\\/www.visitamalfi.info\\\/fr\\\/#organization\",\"name\":\"Visit Amalfi\",\"url\":\"https:\\\/\\\/www.visitamalfi.info\\\/fr\\\/\",\"logo\":{\"@type\":\"ImageObject\",\"inLanguage\":\"fr-FR\",\"@id\":\"https:\\\/\\\/www.visitamalfi.info\\\/fr\\\/#\\\/schema\\\/logo\\\/image\\\/\",\"url\":\"https:\\\/\\\/www.visitamalfi.info\\\/wp-content\\\/uploads\\\/2023\\\/04\\\/visit-amalfi-logo-web.png\",\"contentUrl\":\"https:\\\/\\\/www.visitamalfi.info\\\/wp-content\\\/uploads\\\/2023\\\/04\\\/visit-amalfi-logo-web.png\",\"width\":800,\"height\":870,\"caption\":\"Visit Amalfi\"},\"image\":{\"@id\":\"https:\\\/\\\/www.visitamalfi.info\\\/fr\\\/#\\\/schema\\\/logo\\\/image\\\/\"},\"sameAs\":[\"https:\\\/\\\/www.facebook.com\\\/visitamalfiofficial\",\"https:\\\/\\\/www.instagram.com\\\/visitamalfiofficial\\\/\"]},{\"@type\":\"Person\",\"@id\":\"https:\\\/\\\/www.visitamalfi.info\\\/fr\\\/#\\\/schema\\\/person\\\/0c7584af846d5d2da6c69f7e68f3af96\",\"name\":\"Federica Dumont\",\"image\":{\"@type\":\"ImageObject\",\"inLanguage\":\"fr-FR\",\"@id\":\"https:\\\/\\\/secure.gravatar.com\\\/avatar\\\/0803dab414b6c6f1fd2399680f587870a020419b6ebe9d36dd75df06a6a68060?s=96&d=mm&r=g\",\"url\":\"https:\\\/\\\/secure.gravatar.com\\\/avatar\\\/0803dab414b6c6f1fd2399680f587870a020419b6ebe9d36dd75df06a6a68060?s=96&d=mm&r=g\",\"contentUrl\":\"https:\\\/\\\/secure.gravatar.com\\\/avatar\\\/0803dab414b6c6f1fd2399680f587870a020419b6ebe9d36dd75df06a6a68060?s=96&d=mm&r=g\",\"caption\":\"Federica Dumont\"},\"url\":\"https:\\\/\\\/www.visitamalfi.info\\\/fr\\\/author\\\/federica\\\/\"}]}<\/script>\n<!-- \/ Yoast SEO plugin. -->","yoast_head_json":{"title":"Un hommage artistique aux r\u00e9publiques maritimes d'Amalfi : quatre vases install\u00e9s sur la place Flavio Gioia - Visit Amalfi","robots":{"index":"index","follow":"follow","max-snippet":"max-snippet:-1","max-image-preview":"max-image-preview:large","max-video-preview":"max-video-preview:-1"},"canonical":"https:\/\/www.visitamalfi.info\/fr\/un-hommage-artistique-aux-republiques-maritimes-damalfi-quatre-vases-installes-sur-la-place-flavio-gioia\/","og_locale":"fr_FR","og_type":"article","og_title":"Un hommage artistique aux r\u00e9publiques maritimes d'Amalfi : quatre vases install\u00e9s sur la place Flavio Gioia - Visit Amalfi","og_description":"\u00c0 l&#8217;occasion de la 70e \u00e9dition des R\u00e9gates des Anciennes R\u00e9publiques Maritimes, Amalfi a choisi de c\u00e9l\u00e9brer le pass\u00e9 et la tradition, \u00e0 travers une installation artistique tr\u00e8s sp\u00e9ciale, qui [&hellip;]","og_url":"https:\/\/www.visitamalfi.info\/fr\/un-hommage-artistique-aux-republiques-maritimes-damalfi-quatre-vases-installes-sur-la-place-flavio-gioia\/","og_site_name":"Visit Amalfi","article_publisher":"https:\/\/www.facebook.com\/visitamalfiofficial","article_published_time":"2025-05-14T17:46:05+00:00","og_image":[{"width":1600,"height":1066,"url":"https:\/\/www.visitamalfi.info\/wp-content\/uploads\/2025\/05\/vaso-piazza.jpeg","type":"image\/jpeg"}],"author":"Federica Dumont","twitter_card":"summary_large_image","twitter_misc":{"\u00c9crit par":"Federica Dumont","Dur\u00e9e de lecture estim\u00e9e":"2 minutes"},"schema":{"@context":"https:\/\/schema.org","@graph":[{"@type":"Article","@id":"https:\/\/www.visitamalfi.info\/fr\/un-hommage-artistique-aux-republiques-maritimes-damalfi-quatre-vases-installes-sur-la-place-flavio-gioia\/#article","isPartOf":{"@id":"https:\/\/www.visitamalfi.info\/fr\/un-hommage-artistique-aux-republiques-maritimes-damalfi-quatre-vases-installes-sur-la-place-flavio-gioia\/"},"author":{"name":"Federica Dumont","@id":"https:\/\/www.visitamalfi.info\/fr\/#\/schema\/person\/0c7584af846d5d2da6c69f7e68f3af96"},"headline":"Un hommage artistique aux r\u00e9publiques maritimes d&#8217;Amalfi : quatre vases install\u00e9s sur la place Flavio Gioia","datePublished":"2025-05-14T17:46:05+00:00","mainEntityOfPage":{"@id":"https:\/\/www.visitamalfi.info\/fr\/un-hommage-artistique-aux-republiques-maritimes-damalfi-quatre-vases-installes-sur-la-place-flavio-gioia\/"},"wordCount":374,"commentCount":0,"publisher":{"@id":"https:\/\/www.visitamalfi.info\/fr\/#organization"},"image":{"@id":"https:\/\/www.visitamalfi.info\/fr\/un-hommage-artistique-aux-republiques-maritimes-damalfi-quatre-vases-installes-sur-la-place-flavio-gioia\/#primaryimage"},"thumbnailUrl":"https:\/\/www.visitamalfi.info\/wp-content\/uploads\/2025\/05\/vaso-piazza.jpeg","articleSection":["Curiosit\u00e9s","l'art"],"inLanguage":"fr-FR","potentialAction":[{"@type":"CommentAction","name":"Comment","target":["https:\/\/www.visitamalfi.info\/fr\/un-hommage-artistique-aux-republiques-maritimes-damalfi-quatre-vases-installes-sur-la-place-flavio-gioia\/#respond"]}]},{"@type":"WebPage","@id":"https:\/\/www.visitamalfi.info\/fr\/un-hommage-artistique-aux-republiques-maritimes-damalfi-quatre-vases-installes-sur-la-place-flavio-gioia\/","url":"https:\/\/www.visitamalfi.info\/fr\/un-hommage-artistique-aux-republiques-maritimes-damalfi-quatre-vases-installes-sur-la-place-flavio-gioia\/","name":"Un hommage artistique aux r\u00e9publiques maritimes d'Amalfi : quatre vases install\u00e9s sur la place Flavio Gioia - Visit Amalfi","isPartOf":{"@id":"https:\/\/www.visitamalfi.info\/fr\/#website"},"primaryImageOfPage":{"@id":"https:\/\/www.visitamalfi.info\/fr\/un-hommage-artistique-aux-republiques-maritimes-damalfi-quatre-vases-installes-sur-la-place-flavio-gioia\/#primaryimage"},"image":{"@id":"https:\/\/www.visitamalfi.info\/fr\/un-hommage-artistique-aux-republiques-maritimes-damalfi-quatre-vases-installes-sur-la-place-flavio-gioia\/#primaryimage"},"thumbnailUrl":"https:\/\/www.visitamalfi.info\/wp-content\/uploads\/2025\/05\/vaso-piazza.jpeg","datePublished":"2025-05-14T17:46:05+00:00","breadcrumb":{"@id":"https:\/\/www.visitamalfi.info\/fr\/un-hommage-artistique-aux-republiques-maritimes-damalfi-quatre-vases-installes-sur-la-place-flavio-gioia\/#breadcrumb"},"inLanguage":"fr-FR","potentialAction":[{"@type":"ReadAction","target":["https:\/\/www.visitamalfi.info\/fr\/un-hommage-artistique-aux-republiques-maritimes-damalfi-quatre-vases-installes-sur-la-place-flavio-gioia\/"]}]},{"@type":"ImageObject","inLanguage":"fr-FR","@id":"https:\/\/www.visitamalfi.info\/fr\/un-hommage-artistique-aux-republiques-maritimes-damalfi-quatre-vases-installes-sur-la-place-flavio-gioia\/#primaryimage","url":"https:\/\/www.visitamalfi.info\/wp-content\/uploads\/2025\/05\/vaso-piazza.jpeg","contentUrl":"https:\/\/www.visitamalfi.info\/wp-content\/uploads\/2025\/05\/vaso-piazza.jpeg","width":1600,"height":1066},{"@type":"BreadcrumbList","@id":"https:\/\/www.visitamalfi.info\/fr\/un-hommage-artistique-aux-republiques-maritimes-damalfi-quatre-vases-installes-sur-la-place-flavio-gioia\/#breadcrumb","itemListElement":[{"@type":"ListItem","position":1,"name":"Home","item":"https:\/\/www.visitamalfi.info\/fr\/"},{"@type":"ListItem","position":2,"name":"Un hommage artistique aux r\u00e9publiques maritimes d&#8217;Amalfi : quatre vases install\u00e9s sur la place Flavio Gioia"}]},{"@type":"WebSite","@id":"https:\/\/www.visitamalfi.info\/fr\/#website","url":"https:\/\/www.visitamalfi.info\/fr\/","name":"Visit Amalfi","description":"Amalfi Destination Official Website","publisher":{"@id":"https:\/\/www.visitamalfi.info\/fr\/#organization"},"potentialAction":[{"@type":"SearchAction","target":{"@type":"EntryPoint","urlTemplate":"https:\/\/www.visitamalfi.info\/fr\/?s={search_term_string}"},"query-input":{"@type":"PropertyValueSpecification","valueRequired":true,"valueName":"search_term_string"}}],"inLanguage":"fr-FR"},{"@type":"Organization","@id":"https:\/\/www.visitamalfi.info\/fr\/#organization","name":"Visit Amalfi","url":"https:\/\/www.visitamalfi.info\/fr\/","logo":{"@type":"ImageObject","inLanguage":"fr-FR","@id":"https:\/\/www.visitamalfi.info\/fr\/#\/schema\/logo\/image\/","url":"https:\/\/www.visitamalfi.info\/wp-content\/uploads\/2023\/04\/visit-amalfi-logo-web.png","contentUrl":"https:\/\/www.visitamalfi.info\/wp-content\/uploads\/2023\/04\/visit-amalfi-logo-web.png","width":800,"height":870,"caption":"Visit Amalfi"},"image":{"@id":"https:\/\/www.visitamalfi.info\/fr\/#\/schema\/logo\/image\/"},"sameAs":["https:\/\/www.facebook.com\/visitamalfiofficial","https:\/\/www.instagram.com\/visitamalfiofficial\/"]},{"@type":"Person","@id":"https:\/\/www.visitamalfi.info\/fr\/#\/schema\/person\/0c7584af846d5d2da6c69f7e68f3af96","name":"Federica Dumont","image":{"@type":"ImageObject","inLanguage":"fr-FR","@id":"https:\/\/secure.gravatar.com\/avatar\/0803dab414b6c6f1fd2399680f587870a020419b6ebe9d36dd75df06a6a68060?s=96&d=mm&r=g","url":"https:\/\/secure.gravatar.com\/avatar\/0803dab414b6c6f1fd2399680f587870a020419b6ebe9d36dd75df06a6a68060?s=96&d=mm&r=g","contentUrl":"https:\/\/secure.gravatar.com\/avatar\/0803dab414b6c6f1fd2399680f587870a020419b6ebe9d36dd75df06a6a68060?s=96&d=mm&r=g","caption":"Federica Dumont"},"url":"https:\/\/www.visitamalfi.info\/fr\/author\/federica\/"}]}},"_links":{"self":[{"href":"https:\/\/www.visitamalfi.info\/fr\/wp-json\/wp\/v2\/posts\/21587","targetHints":{"allow":["GET"]}}],"collection":[{"href":"https:\/\/www.visitamalfi.info\/fr\/wp-json\/wp\/v2\/posts"}],"about":[{"href":"https:\/\/www.visitamalfi.info\/fr\/wp-json\/wp\/v2\/types\/post"}],"author":[{"embeddable":true,"href":"https:\/\/www.visitamalfi.info\/fr\/wp-json\/wp\/v2\/users\/7"}],"replies":[{"embeddable":true,"href":"https:\/\/www.visitamalfi.info\/fr\/wp-json\/wp\/v2\/comments?post=21587"}],"version-history":[{"count":0,"href":"https:\/\/www.visitamalfi.info\/fr\/wp-json\/wp\/v2\/posts\/21587\/revisions"}],"wp:featuredmedia":[{"embeddable":true,"href":"https:\/\/www.visitamalfi.info\/fr\/wp-json\/wp\/v2\/media\/21537"}],"wp:attachment":[{"href":"https:\/\/www.visitamalfi.info\/fr\/wp-json\/wp\/v2\/media?parent=21587"}],"wp:term":[{"taxonomy":"category","embeddable":true,"href":"https:\/\/www.visitamalfi.info\/fr\/wp-json\/wp\/v2\/categories?post=21587"},{"taxonomy":"post_tag","embeddable":true,"href":"https:\/\/www.visitamalfi.info\/fr\/wp-json\/wp\/v2\/tags?post=21587"}],"curies":[{"name":"wp","href":"https:\/\/api.w.org\/{rel}","templated":true}]}}