{"id":21291,"date":"2025-04-16T17:26:10","date_gmt":"2025-04-16T15:26:10","guid":{"rendered":"https:\/\/www.visitamalfi.info\/une-histoire-qui-navigue-depuis-70-ans-amalfi-accueille-la-70e-regate-des-republiques-maritimes\/"},"modified":"2025-04-16T17:26:10","modified_gmt":"2025-04-16T15:26:10","slug":"une-histoire-qui-navigue-depuis-70-ans-amalfi-accueille-la-70e-regate-des-republiques-maritimes","status":"publish","type":"post","link":"https:\/\/www.visitamalfi.info\/fr\/une-histoire-qui-navigue-depuis-70-ans-amalfi-accueille-la-70e-regate-des-republiques-maritimes\/","title":{"rendered":"Une histoire qui navigue depuis 70 ans : Amalfi accueille la 70e r\u00e9gate des r\u00e9publiques maritimes"},"content":{"rendered":"<p class=\"cvGsUA direction-ltr align-start para-style-body\"><span class=\"OYPEnA font-feature-liga-off font-feature-clig-off font-feature-calt-off text-decoration-none text-strikethrough-none\">La mer est au centre de ce spectacle, comme la plus belle des sc\u00e8nes, les foules de fans &#8211; amalfitains et non amalfitains &#8211; remplissent l&#8217;horizon de la ville, et chaque coin d&#8217;Amalfi d\u00e9gage de l&#8217;\u00e9nergie.<\/span><\/p>\n<p class=\"cvGsUA direction-ltr align-start para-style-body\"><strong><span class=\"OYPEnA font-feature-liga-off font-feature-clig-off font-feature-calt-off text-decoration-none text-strikethrough-none\">Dimanche 18 mai 2025<\/span><\/strong><span class=\"OYPEnA font-feature-liga-off font-feature-clig-off font-feature-calt-off text-decoration-none text-strikethrough-none\">Amalfi accueillera la <\/span><em><strong><span class=\"OYPEnA font-feature-liga-off font-feature-clig-off font-feature-calt-off text-decoration-none text-strikethrough-none\">70e \u00e9dition de la R\u00e9gate historique des R\u00e9publiques maritimes<\/span><\/strong><\/em><span class=\"OYPEnA font-feature-liga-off font-feature-clig-off font-feature-calt-off text-decoration-none text-strikethrough-none\">l&#8217;un des \u00e9v\u00e9nements les plus attendus, les plus embl\u00e9matiques et les plus sinc\u00e8res du calendrier culturel d&#8217;Amalfi. Un d\u00e9fi \u00e0 l&#8217;aviron qui voit les quatre glorieuses villes maritimes de l&#8217;Union europ\u00e9enne s&#8217;affronter. <\/span><strong><span class=\"OYPEnA font-feature-liga-off font-feature-clig-off font-feature-calt-off text-decoration-none text-strikethrough-none\">Amalfi, Pise, G\u00eanes et Venise<\/span><\/strong><span class=\"OYPEnA font-feature-liga-off font-feature-clig-off font-feature-calt-off text-decoration-none text-strikethrough-none\">ne se rencontrent plus en tant que rivales, mais sont unies par des valeurs de civilisation, d&#8217;identit\u00e9 culturelle et de sport.<\/span><\/p>\n<p class=\"cvGsUA direction-ltr align-center para-style-body\"><strong><span class=\"OYPEnA font-feature-liga-off font-feature-clig-off font-feature-calt-off text-decoration-none text-strikethrough-none\">Un plongeon dans le pass\u00e9, un retour aux sources<\/span><\/strong><\/p>\n<p class=\"cvGsUA direction-ltr align-start para-style-body\"><span class=\"OYPEnA font-feature-liga-off font-feature-clig-off font-feature-calt-off text-decoration-none text-strikethrough-none\">Fond\u00e9e en 1955 pour c\u00e9l\u00e9brer les exploits navals des quatre cit\u00e9s-\u00c9tats qui dominaient la M\u00e9diterran\u00e9e au Moyen \u00c2ge, la Regata Storica s&#8217;est transform\u00e9e au fil des ans en un \u00e9v\u00e9nement profond, capable d&#8217;allier culture, divertissement et passion populaire.<\/span><\/p>\n<p class=\"cvGsUA direction-ltr align-start para-style-body\"><span class=\"OYPEnA font-feature-liga-off font-feature-clig-off font-feature-calt-off text-decoration-none text-strikethrough-none\">Amalfi, qui a \u00e9t\u00e9 le protagoniste en 1957, se pr\u00e9pare maintenant \u00e0 vivre sa 14e \u00e9dition en tant que ville h\u00f4te. L&#8217;\u00e9motion est \u00e0 son comble.<\/span><\/p>\n<p class=\"cvGsUA direction-ltr align-start para-style-body\"><span class=\"OYPEnA font-feature-liga-off font-feature-clig-off font-feature-calt-off text-decoration-none text-strikethrough-none\"><img fetchpriority=\"high\" decoding=\"async\" class=\"size-medium wp-image-21284 alignleft\" src=\"https:\/\/www.visitamalfi.info\/wp-content\/uploads\/2025\/04\/WhatsApp-Image-2025-04-16-at-15.18.58-210x300.jpeg\" alt=\"\" width=\"210\" height=\"300\" srcset=\"https:\/\/www.visitamalfi.info\/wp-content\/uploads\/2025\/04\/WhatsApp-Image-2025-04-16-at-15.18.58-210x300.jpeg 210w, https:\/\/www.visitamalfi.info\/wp-content\/uploads\/2025\/04\/WhatsApp-Image-2025-04-16-at-15.18.58-717x1024.jpeg 717w, https:\/\/www.visitamalfi.info\/wp-content\/uploads\/2025\/04\/WhatsApp-Image-2025-04-16-at-15.18.58-768x1097.jpeg 768w, https:\/\/www.visitamalfi.info\/wp-content\/uploads\/2025\/04\/WhatsApp-Image-2025-04-16-at-15.18.58-1076x1536.jpeg 1076w, https:\/\/www.visitamalfi.info\/wp-content\/uploads\/2025\/04\/WhatsApp-Image-2025-04-16-at-15.18.58-555x790.jpeg 555w, https:\/\/www.visitamalfi.info\/wp-content\/uploads\/2025\/04\/WhatsApp-Image-2025-04-16-at-15.18.58.jpeg 1080w\" sizes=\"(max-width: 210px) 100vw, 210px\" \/>Aujourd&#8217;hui, la nouvelle <\/span><span class=\"OYPEnA font-feature-liga-off font-feature-clig-off font-feature-calt-off text-decoration-none text-strikethrough-none\">graphisme officiel<\/span><span class=\"OYPEnA font-feature-liga-off font-feature-clig-off font-feature-calt-off text-decoration-none text-strikethrough-none\">: <\/span><span class=\"OYPEnA font-feature-liga-off font-feature-clig-off font-feature-calt-off text-decoration-none text-strikethrough-none\">quatre rameurs stylis\u00e9s en bleu, repr\u00e9sentant les quatre R\u00e9publiques<\/span><span class=\"OYPEnA font-feature-liga-off font-feature-clig-off font-feature-calt-off text-decoration-none text-strikethrough-none\"> Maritime, aujourd&#8217;hui unie plus que jamais. Une image \u00e0 la fois moderne et symbolique, mais profond\u00e9ment ancr\u00e9e dans la tradition. Le choix a \u00e9t\u00e9 de reprendre &#8211; symboliquement &#8211; celui de 1957, o\u00f9 un seul rameur \u00e9tait repr\u00e9sent\u00e9 en superposition des drapeaux des villes concurrentes.<\/span><\/p>\n<p class=\"cvGsUA direction-ltr align-center para-style-body\"><strong><span class=\"OYPEnA font-feature-liga-off font-feature-clig-off font-feature-calt-off text-decoration-none text-strikethrough-none\">O\u00f9 vont-ils s&#8217;affronter ?<\/span><\/strong><\/p>\n<p class=\"cvGsUA direction-ltr align-start para-style-body\"><span class=\"OYPEnA font-feature-liga-off font-feature-clig-off font-feature-calt-off text-decoration-none text-strikethrough-none\">La r\u00e9gate se d\u00e9roulera dans le plan d&#8217;eau entre le Capo di Vettica et la baie d&#8217;Amalfi. <\/span><span class=\"OYPEnA font-feature-liga-off font-feature-clig-off font-feature-calt-off text-decoration-none text-strikethrough-none\"><strong>Capo di Vettica<\/strong> et la <strong>baie d&#8217;Amalfi<\/strong><\/span><span class=\"OYPEnA font-feature-liga-off font-feature-clig-off font-feature-calt-off text-decoration-none text-strikethrough-none\">une sc\u00e8ne naturelle \u00e0 couper le souffle qui rendra le d\u00e9fi de l&#8217;aviron encore plus beau. Les bateaux, totalement identiques en forme et en taille, s&#8217;affronteront dans une course qui n&#8217;est pas seulement une comp\u00e9tition, mais le symbole d&#8217;un lien retrouv\u00e9.<\/span><\/p>\n<p class=\"cvGsUA direction-ltr align-center para-style-body\"><strong><span class=\"OYPEnA font-feature-liga-off font-feature-clig-off font-feature-calt-off text-decoration-none text-strikethrough-none\">Amalfi in festa : entre expositions, musique et culture<\/span><\/strong><\/p>\n<p class=\"cvGsUA direction-ltr align-start para-style-body\"><span class=\"OYPEnA font-feature-liga-off font-feature-clig-off font-feature-calt-off text-decoration-none text-strikethrough-none\">Comme le veut la tradition, la r\u00e9gate sera accompagn\u00e9e d&#8217;\u00e9v\u00e9nements parall\u00e8les incontournables, con\u00e7us pour faire de ce moment de partage et de culture un moment m\u00e9morable.<\/span><\/p>\n<p class=\"cvGsUA direction-ltr align-start para-style-body\"><span class=\"OYPEnA font-feature-liga-off font-feature-clig-off font-feature-calt-off text-decoration-none text-strikethrough-none\">Il s&#8217;agit notamment d&#8217;une <\/span><strong><span class=\"OYPEnA font-feature-liga-off font-feature-clig-off font-feature-calt-off text-decoration-none text-strikethrough-none\">exposition <\/span><\/strong><span class=\"OYPEnA font-feature-liga-off font-feature-clig-off font-feature-calt-off text-decoration-none text-strikethrough-none\">passionnante et \u00e9vocatrice <\/span><strong><span class=\"OYPEnA font-feature-liga-off font-feature-clig-off font-feature-calt-off text-decoration-none text-strikethrough-none\">des affiches c\u00e9l\u00e9brant les 70 \u00e9ditions de la r\u00e9gate<\/span><\/strong><span class=\"OYPEnA font-feature-liga-off font-feature-clig-off font-feature-calt-off text-decoration-none text-strikethrough-none\">un v\u00e9ritable voyage \u00e9motionnel et visuel \u00e0 travers l&#8217;\u00e9volution &#8211; \u00e9galement graphique &#8211; de l&#8217;\u00e9v\u00e9nement.<\/span><\/p>\n<p class=\"cvGsUA direction-ltr align-start para-style-body\"><span class=\"OYPEnA font-feature-liga-off font-feature-clig-off font-feature-calt-off text-decoration-none text-strikethrough-none\">Les moments festifs ne manqueront pas, impliquant toute la ville et les visiteurs, transformant Amalfi en un grand th\u00e9\u00e2tre \u00e0 ciel ouvert.<\/span><\/p>\n<p class=\"cvGsUA direction-ltr align-center para-style-body\"><strong><span class=\"OYPEnA font-feature-liga-off font-feature-clig-off font-feature-calt-off text-decoration-none text-strikethrough-none\">Un d\u00e9fi dans les vagues<\/span><\/strong><\/p>\n<p class=\"cvGsUA direction-ltr align-start para-style-body\"><span class=\"OYPEnA font-feature-liga-off font-feature-clig-off font-feature-calt-off text-decoration-none text-strikethrough-none\">Aujourd&#8217;hui, les R\u00e9publiques maritimes ont mis de c\u00f4t\u00e9 les anciennes rivalit\u00e9s pour ne laisser place qu&#8217;\u00e0 des valeurs de partage et de fraternit\u00e9.<\/span><\/p>\n<p class=\"cvGsUA direction-ltr align-start para-style-body\"><span class=\"OYPEnA font-feature-liga-off font-feature-clig-off font-feature-calt-off text-decoration-none text-strikethrough-none\">L&#8217;histoire, la culture, le sport et l&#8217;unit\u00e9 seront les protagonistes de cette 70e \u00e9dition.<\/span><\/p>\n<p class=\"cvGsUA direction-ltr align-start para-style-body\"><span class=\"OYPEnA font-feature-liga-off font-feature-clig-off font-feature-calt-off text-decoration-none text-strikethrough-none\">Amalfi est pr\u00eat. Les banni\u00e8res seront bient\u00f4t affich\u00e9es. Les \u00e9motions sont \u00e0 fleur de peau.<\/span><\/p>\n<p class=\"cvGsUA direction-ltr align-start para-style-body\"><span class=\"OYPEnA font-feature-liga-off font-feature-clig-off font-feature-calt-off text-decoration-none text-strikethrough-none\">Il ne reste plus qu&#8217;\u00e0 se laisser porter par le rythme des rames, la chaleur de la foule et l&#8217;appel du large.<\/span><\/p>\n<p class=\"cvGsUA direction-ltr align-start para-style-body\"><span class=\"OYPEnA font-feature-liga-off font-feature-clig-off font-feature-calt-off text-decoration-none text-strikethrough-none\"><strong>R\u00e9servez la date :<\/strong><\/span><\/p>\n<p><span class=\"OYPEnA font-feature-liga-off font-feature-clig-off font-feature-calt-off text-decoration-none text-strikethrough-none\">Amalfi | <\/span><span class=\"OYPEnA font-feature-liga-off font-feature-clig-off font-feature-calt-off text-decoration-none text-strikethrough-none\">Dimanche 18 mai 2025<\/span><\/p>\n<p><span class=\"OYPEnA font-feature-liga-off font-feature-clig-off font-feature-calt-off text-decoration-none text-strikethrough-none\">70e r\u00e9gate historique des r\u00e9publiques maritimes<\/span><\/p>\n<p class=\"cvGsUA direction-ltr align-start para-style-body\"><em><span class=\"OYPEnA font-feature-liga-off font-feature-clig-off font-feature-calt-off text-decoration-none text-strikethrough-none\">-Une histoire qui dure depuis 70 ans.<\/span><\/em><\/p>\n","protected":false},"excerpt":{"rendered":"<p>La mer est au centre de ce spectacle, comme la plus belle des sc\u00e8nes, les foules de fans &#8211; amalfitains et non amalfitains &#8211; remplissent l&#8217;horizon de la ville, et [&hellip;]<\/p>\n","protected":false},"author":7,"featured_media":20035,"comment_status":"open","ping_status":"closed","sticky":false,"template":"","format":"standard","meta":{"inline_featured_image":false,"footnotes":""},"categories":[810,811,812],"tags":[1937],"class_list":["post-21291","post","type-post","status-publish","format-standard","has-post-thumbnail","hentry","category-eventi-fr","category-lhistoire","category-tradition","tag-regate-historique"],"yoast_head":"<!-- This site is optimized with the Yoast SEO plugin v27.3 - https:\/\/yoast.com\/product\/yoast-seo-wordpress\/ -->\n<title>Une histoire qui navigue depuis 70 ans : Amalfi accueille la 70e r\u00e9gate des r\u00e9publiques maritimes - Visit Amalfi<\/title>\n<meta name=\"robots\" content=\"index, follow, max-snippet:-1, max-image-preview:large, max-video-preview:-1\" \/>\n<link rel=\"canonical\" href=\"https:\/\/www.visitamalfi.info\/fr\/une-histoire-qui-navigue-depuis-70-ans-amalfi-accueille-la-70e-regate-des-republiques-maritimes\/\" \/>\n<meta property=\"og:locale\" content=\"fr_FR\" \/>\n<meta property=\"og:type\" content=\"article\" \/>\n<meta property=\"og:title\" content=\"Une histoire qui navigue depuis 70 ans : Amalfi accueille la 70e r\u00e9gate des r\u00e9publiques maritimes - Visit Amalfi\" \/>\n<meta property=\"og:description\" content=\"La mer est au centre de ce spectacle, comme la plus belle des sc\u00e8nes, les foules de fans &#8211; amalfitains et non amalfitains &#8211; remplissent l&#8217;horizon de la ville, et [&hellip;]\" \/>\n<meta property=\"og:url\" content=\"https:\/\/www.visitamalfi.info\/fr\/une-histoire-qui-navigue-depuis-70-ans-amalfi-accueille-la-70e-regate-des-republiques-maritimes\/\" \/>\n<meta property=\"og:site_name\" content=\"Visit Amalfi\" \/>\n<meta property=\"article:publisher\" content=\"https:\/\/www.facebook.com\/visitamalfiofficial\" \/>\n<meta property=\"article:published_time\" content=\"2025-04-16T15:26:10+00:00\" \/>\n<meta property=\"og:image\" content=\"https:\/\/www.visitamalfi.info\/wp-content\/uploads\/2024\/10\/1.jpg\" \/>\n\t<meta property=\"og:image:width\" content=\"1920\" \/>\n\t<meta property=\"og:image:height\" content=\"1280\" \/>\n\t<meta property=\"og:image:type\" content=\"image\/jpeg\" \/>\n<meta name=\"author\" content=\"Federica Dumont\" \/>\n<meta name=\"twitter:card\" content=\"summary_large_image\" \/>\n<meta name=\"twitter:label1\" content=\"\u00c9crit par\" \/>\n\t<meta name=\"twitter:data1\" content=\"Federica Dumont\" \/>\n\t<meta name=\"twitter:label2\" content=\"Dur\u00e9e de lecture estim\u00e9e\" \/>\n\t<meta name=\"twitter:data2\" content=\"3 minutes\" \/>\n<script type=\"application\/ld+json\" class=\"yoast-schema-graph\">{\"@context\":\"https:\\\/\\\/schema.org\",\"@graph\":[{\"@type\":\"Article\",\"@id\":\"https:\\\/\\\/www.visitamalfi.info\\\/fr\\\/une-histoire-qui-navigue-depuis-70-ans-amalfi-accueille-la-70e-regate-des-republiques-maritimes\\\/#article\",\"isPartOf\":{\"@id\":\"https:\\\/\\\/www.visitamalfi.info\\\/fr\\\/une-histoire-qui-navigue-depuis-70-ans-amalfi-accueille-la-70e-regate-des-republiques-maritimes\\\/\"},\"author\":{\"name\":\"Federica Dumont\",\"@id\":\"https:\\\/\\\/www.visitamalfi.info\\\/fr\\\/#\\\/schema\\\/person\\\/0c7584af846d5d2da6c69f7e68f3af96\"},\"headline\":\"Une histoire qui navigue depuis 70 ans : Amalfi accueille la 70e r\u00e9gate des r\u00e9publiques maritimes\",\"datePublished\":\"2025-04-16T15:26:10+00:00\",\"mainEntityOfPage\":{\"@id\":\"https:\\\/\\\/www.visitamalfi.info\\\/fr\\\/une-histoire-qui-navigue-depuis-70-ans-amalfi-accueille-la-70e-regate-des-republiques-maritimes\\\/\"},\"wordCount\":583,\"commentCount\":0,\"publisher\":{\"@id\":\"https:\\\/\\\/www.visitamalfi.info\\\/fr\\\/#organization\"},\"image\":{\"@id\":\"https:\\\/\\\/www.visitamalfi.info\\\/fr\\\/une-histoire-qui-navigue-depuis-70-ans-amalfi-accueille-la-70e-regate-des-republiques-maritimes\\\/#primaryimage\"},\"thumbnailUrl\":\"https:\\\/\\\/www.visitamalfi.info\\\/wp-content\\\/uploads\\\/2024\\\/10\\\/1.jpg\",\"keywords\":[\"r\u00e9gate historique\"],\"articleSection\":[\"Eventi\",\"l'histoire\",\"tradition\"],\"inLanguage\":\"fr-FR\",\"potentialAction\":[{\"@type\":\"CommentAction\",\"name\":\"Comment\",\"target\":[\"https:\\\/\\\/www.visitamalfi.info\\\/fr\\\/une-histoire-qui-navigue-depuis-70-ans-amalfi-accueille-la-70e-regate-des-republiques-maritimes\\\/#respond\"]}]},{\"@type\":\"WebPage\",\"@id\":\"https:\\\/\\\/www.visitamalfi.info\\\/fr\\\/une-histoire-qui-navigue-depuis-70-ans-amalfi-accueille-la-70e-regate-des-republiques-maritimes\\\/\",\"url\":\"https:\\\/\\\/www.visitamalfi.info\\\/fr\\\/une-histoire-qui-navigue-depuis-70-ans-amalfi-accueille-la-70e-regate-des-republiques-maritimes\\\/\",\"name\":\"Une histoire qui navigue depuis 70 ans : Amalfi accueille la 70e r\u00e9gate des r\u00e9publiques maritimes - Visit Amalfi\",\"isPartOf\":{\"@id\":\"https:\\\/\\\/www.visitamalfi.info\\\/fr\\\/#website\"},\"primaryImageOfPage\":{\"@id\":\"https:\\\/\\\/www.visitamalfi.info\\\/fr\\\/une-histoire-qui-navigue-depuis-70-ans-amalfi-accueille-la-70e-regate-des-republiques-maritimes\\\/#primaryimage\"},\"image\":{\"@id\":\"https:\\\/\\\/www.visitamalfi.info\\\/fr\\\/une-histoire-qui-navigue-depuis-70-ans-amalfi-accueille-la-70e-regate-des-republiques-maritimes\\\/#primaryimage\"},\"thumbnailUrl\":\"https:\\\/\\\/www.visitamalfi.info\\\/wp-content\\\/uploads\\\/2024\\\/10\\\/1.jpg\",\"datePublished\":\"2025-04-16T15:26:10+00:00\",\"breadcrumb\":{\"@id\":\"https:\\\/\\\/www.visitamalfi.info\\\/fr\\\/une-histoire-qui-navigue-depuis-70-ans-amalfi-accueille-la-70e-regate-des-republiques-maritimes\\\/#breadcrumb\"},\"inLanguage\":\"fr-FR\",\"potentialAction\":[{\"@type\":\"ReadAction\",\"target\":[\"https:\\\/\\\/www.visitamalfi.info\\\/fr\\\/une-histoire-qui-navigue-depuis-70-ans-amalfi-accueille-la-70e-regate-des-republiques-maritimes\\\/\"]}]},{\"@type\":\"ImageObject\",\"inLanguage\":\"fr-FR\",\"@id\":\"https:\\\/\\\/www.visitamalfi.info\\\/fr\\\/une-histoire-qui-navigue-depuis-70-ans-amalfi-accueille-la-70e-regate-des-republiques-maritimes\\\/#primaryimage\",\"url\":\"https:\\\/\\\/www.visitamalfi.info\\\/wp-content\\\/uploads\\\/2024\\\/10\\\/1.jpg\",\"contentUrl\":\"https:\\\/\\\/www.visitamalfi.info\\\/wp-content\\\/uploads\\\/2024\\\/10\\\/1.jpg\",\"width\":1920,\"height\":1280},{\"@type\":\"BreadcrumbList\",\"@id\":\"https:\\\/\\\/www.visitamalfi.info\\\/fr\\\/une-histoire-qui-navigue-depuis-70-ans-amalfi-accueille-la-70e-regate-des-republiques-maritimes\\\/#breadcrumb\",\"itemListElement\":[{\"@type\":\"ListItem\",\"position\":1,\"name\":\"Home\",\"item\":\"https:\\\/\\\/www.visitamalfi.info\\\/fr\\\/\"},{\"@type\":\"ListItem\",\"position\":2,\"name\":\"Une histoire qui navigue depuis 70 ans : Amalfi accueille la 70e r\u00e9gate des r\u00e9publiques maritimes\"}]},{\"@type\":\"WebSite\",\"@id\":\"https:\\\/\\\/www.visitamalfi.info\\\/fr\\\/#website\",\"url\":\"https:\\\/\\\/www.visitamalfi.info\\\/fr\\\/\",\"name\":\"Visit Amalfi\",\"description\":\"Amalfi Destination Official Website\",\"publisher\":{\"@id\":\"https:\\\/\\\/www.visitamalfi.info\\\/fr\\\/#organization\"},\"potentialAction\":[{\"@type\":\"SearchAction\",\"target\":{\"@type\":\"EntryPoint\",\"urlTemplate\":\"https:\\\/\\\/www.visitamalfi.info\\\/fr\\\/?s={search_term_string}\"},\"query-input\":{\"@type\":\"PropertyValueSpecification\",\"valueRequired\":true,\"valueName\":\"search_term_string\"}}],\"inLanguage\":\"fr-FR\"},{\"@type\":\"Organization\",\"@id\":\"https:\\\/\\\/www.visitamalfi.info\\\/fr\\\/#organization\",\"name\":\"Visit Amalfi\",\"url\":\"https:\\\/\\\/www.visitamalfi.info\\\/fr\\\/\",\"logo\":{\"@type\":\"ImageObject\",\"inLanguage\":\"fr-FR\",\"@id\":\"https:\\\/\\\/www.visitamalfi.info\\\/fr\\\/#\\\/schema\\\/logo\\\/image\\\/\",\"url\":\"https:\\\/\\\/www.visitamalfi.info\\\/wp-content\\\/uploads\\\/2023\\\/04\\\/visit-amalfi-logo-web.png\",\"contentUrl\":\"https:\\\/\\\/www.visitamalfi.info\\\/wp-content\\\/uploads\\\/2023\\\/04\\\/visit-amalfi-logo-web.png\",\"width\":800,\"height\":870,\"caption\":\"Visit Amalfi\"},\"image\":{\"@id\":\"https:\\\/\\\/www.visitamalfi.info\\\/fr\\\/#\\\/schema\\\/logo\\\/image\\\/\"},\"sameAs\":[\"https:\\\/\\\/www.facebook.com\\\/visitamalfiofficial\",\"https:\\\/\\\/www.instagram.com\\\/visitamalfiofficial\\\/\"]},{\"@type\":\"Person\",\"@id\":\"https:\\\/\\\/www.visitamalfi.info\\\/fr\\\/#\\\/schema\\\/person\\\/0c7584af846d5d2da6c69f7e68f3af96\",\"name\":\"Federica Dumont\",\"image\":{\"@type\":\"ImageObject\",\"inLanguage\":\"fr-FR\",\"@id\":\"https:\\\/\\\/secure.gravatar.com\\\/avatar\\\/0803dab414b6c6f1fd2399680f587870a020419b6ebe9d36dd75df06a6a68060?s=96&d=mm&r=g\",\"url\":\"https:\\\/\\\/secure.gravatar.com\\\/avatar\\\/0803dab414b6c6f1fd2399680f587870a020419b6ebe9d36dd75df06a6a68060?s=96&d=mm&r=g\",\"contentUrl\":\"https:\\\/\\\/secure.gravatar.com\\\/avatar\\\/0803dab414b6c6f1fd2399680f587870a020419b6ebe9d36dd75df06a6a68060?s=96&d=mm&r=g\",\"caption\":\"Federica Dumont\"},\"url\":\"https:\\\/\\\/www.visitamalfi.info\\\/fr\\\/author\\\/federica\\\/\"}]}<\/script>\n<!-- \/ Yoast SEO plugin. -->","yoast_head_json":{"title":"Une histoire qui navigue depuis 70 ans : Amalfi accueille la 70e r\u00e9gate des r\u00e9publiques maritimes - Visit Amalfi","robots":{"index":"index","follow":"follow","max-snippet":"max-snippet:-1","max-image-preview":"max-image-preview:large","max-video-preview":"max-video-preview:-1"},"canonical":"https:\/\/www.visitamalfi.info\/fr\/une-histoire-qui-navigue-depuis-70-ans-amalfi-accueille-la-70e-regate-des-republiques-maritimes\/","og_locale":"fr_FR","og_type":"article","og_title":"Une histoire qui navigue depuis 70 ans : Amalfi accueille la 70e r\u00e9gate des r\u00e9publiques maritimes - Visit Amalfi","og_description":"La mer est au centre de ce spectacle, comme la plus belle des sc\u00e8nes, les foules de fans &#8211; amalfitains et non amalfitains &#8211; remplissent l&#8217;horizon de la ville, et [&hellip;]","og_url":"https:\/\/www.visitamalfi.info\/fr\/une-histoire-qui-navigue-depuis-70-ans-amalfi-accueille-la-70e-regate-des-republiques-maritimes\/","og_site_name":"Visit Amalfi","article_publisher":"https:\/\/www.facebook.com\/visitamalfiofficial","article_published_time":"2025-04-16T15:26:10+00:00","og_image":[{"width":1920,"height":1280,"url":"https:\/\/www.visitamalfi.info\/wp-content\/uploads\/2024\/10\/1.jpg","type":"image\/jpeg"}],"author":"Federica Dumont","twitter_card":"summary_large_image","twitter_misc":{"\u00c9crit par":"Federica Dumont","Dur\u00e9e de lecture estim\u00e9e":"3 minutes"},"schema":{"@context":"https:\/\/schema.org","@graph":[{"@type":"Article","@id":"https:\/\/www.visitamalfi.info\/fr\/une-histoire-qui-navigue-depuis-70-ans-amalfi-accueille-la-70e-regate-des-republiques-maritimes\/#article","isPartOf":{"@id":"https:\/\/www.visitamalfi.info\/fr\/une-histoire-qui-navigue-depuis-70-ans-amalfi-accueille-la-70e-regate-des-republiques-maritimes\/"},"author":{"name":"Federica Dumont","@id":"https:\/\/www.visitamalfi.info\/fr\/#\/schema\/person\/0c7584af846d5d2da6c69f7e68f3af96"},"headline":"Une histoire qui navigue depuis 70 ans : Amalfi accueille la 70e r\u00e9gate des r\u00e9publiques maritimes","datePublished":"2025-04-16T15:26:10+00:00","mainEntityOfPage":{"@id":"https:\/\/www.visitamalfi.info\/fr\/une-histoire-qui-navigue-depuis-70-ans-amalfi-accueille-la-70e-regate-des-republiques-maritimes\/"},"wordCount":583,"commentCount":0,"publisher":{"@id":"https:\/\/www.visitamalfi.info\/fr\/#organization"},"image":{"@id":"https:\/\/www.visitamalfi.info\/fr\/une-histoire-qui-navigue-depuis-70-ans-amalfi-accueille-la-70e-regate-des-republiques-maritimes\/#primaryimage"},"thumbnailUrl":"https:\/\/www.visitamalfi.info\/wp-content\/uploads\/2024\/10\/1.jpg","keywords":["r\u00e9gate historique"],"articleSection":["Eventi","l'histoire","tradition"],"inLanguage":"fr-FR","potentialAction":[{"@type":"CommentAction","name":"Comment","target":["https:\/\/www.visitamalfi.info\/fr\/une-histoire-qui-navigue-depuis-70-ans-amalfi-accueille-la-70e-regate-des-republiques-maritimes\/#respond"]}]},{"@type":"WebPage","@id":"https:\/\/www.visitamalfi.info\/fr\/une-histoire-qui-navigue-depuis-70-ans-amalfi-accueille-la-70e-regate-des-republiques-maritimes\/","url":"https:\/\/www.visitamalfi.info\/fr\/une-histoire-qui-navigue-depuis-70-ans-amalfi-accueille-la-70e-regate-des-republiques-maritimes\/","name":"Une histoire qui navigue depuis 70 ans : Amalfi accueille la 70e r\u00e9gate des r\u00e9publiques maritimes - Visit Amalfi","isPartOf":{"@id":"https:\/\/www.visitamalfi.info\/fr\/#website"},"primaryImageOfPage":{"@id":"https:\/\/www.visitamalfi.info\/fr\/une-histoire-qui-navigue-depuis-70-ans-amalfi-accueille-la-70e-regate-des-republiques-maritimes\/#primaryimage"},"image":{"@id":"https:\/\/www.visitamalfi.info\/fr\/une-histoire-qui-navigue-depuis-70-ans-amalfi-accueille-la-70e-regate-des-republiques-maritimes\/#primaryimage"},"thumbnailUrl":"https:\/\/www.visitamalfi.info\/wp-content\/uploads\/2024\/10\/1.jpg","datePublished":"2025-04-16T15:26:10+00:00","breadcrumb":{"@id":"https:\/\/www.visitamalfi.info\/fr\/une-histoire-qui-navigue-depuis-70-ans-amalfi-accueille-la-70e-regate-des-republiques-maritimes\/#breadcrumb"},"inLanguage":"fr-FR","potentialAction":[{"@type":"ReadAction","target":["https:\/\/www.visitamalfi.info\/fr\/une-histoire-qui-navigue-depuis-70-ans-amalfi-accueille-la-70e-regate-des-republiques-maritimes\/"]}]},{"@type":"ImageObject","inLanguage":"fr-FR","@id":"https:\/\/www.visitamalfi.info\/fr\/une-histoire-qui-navigue-depuis-70-ans-amalfi-accueille-la-70e-regate-des-republiques-maritimes\/#primaryimage","url":"https:\/\/www.visitamalfi.info\/wp-content\/uploads\/2024\/10\/1.jpg","contentUrl":"https:\/\/www.visitamalfi.info\/wp-content\/uploads\/2024\/10\/1.jpg","width":1920,"height":1280},{"@type":"BreadcrumbList","@id":"https:\/\/www.visitamalfi.info\/fr\/une-histoire-qui-navigue-depuis-70-ans-amalfi-accueille-la-70e-regate-des-republiques-maritimes\/#breadcrumb","itemListElement":[{"@type":"ListItem","position":1,"name":"Home","item":"https:\/\/www.visitamalfi.info\/fr\/"},{"@type":"ListItem","position":2,"name":"Une histoire qui navigue depuis 70 ans : Amalfi accueille la 70e r\u00e9gate des r\u00e9publiques maritimes"}]},{"@type":"WebSite","@id":"https:\/\/www.visitamalfi.info\/fr\/#website","url":"https:\/\/www.visitamalfi.info\/fr\/","name":"Visit Amalfi","description":"Amalfi Destination Official Website","publisher":{"@id":"https:\/\/www.visitamalfi.info\/fr\/#organization"},"potentialAction":[{"@type":"SearchAction","target":{"@type":"EntryPoint","urlTemplate":"https:\/\/www.visitamalfi.info\/fr\/?s={search_term_string}"},"query-input":{"@type":"PropertyValueSpecification","valueRequired":true,"valueName":"search_term_string"}}],"inLanguage":"fr-FR"},{"@type":"Organization","@id":"https:\/\/www.visitamalfi.info\/fr\/#organization","name":"Visit Amalfi","url":"https:\/\/www.visitamalfi.info\/fr\/","logo":{"@type":"ImageObject","inLanguage":"fr-FR","@id":"https:\/\/www.visitamalfi.info\/fr\/#\/schema\/logo\/image\/","url":"https:\/\/www.visitamalfi.info\/wp-content\/uploads\/2023\/04\/visit-amalfi-logo-web.png","contentUrl":"https:\/\/www.visitamalfi.info\/wp-content\/uploads\/2023\/04\/visit-amalfi-logo-web.png","width":800,"height":870,"caption":"Visit Amalfi"},"image":{"@id":"https:\/\/www.visitamalfi.info\/fr\/#\/schema\/logo\/image\/"},"sameAs":["https:\/\/www.facebook.com\/visitamalfiofficial","https:\/\/www.instagram.com\/visitamalfiofficial\/"]},{"@type":"Person","@id":"https:\/\/www.visitamalfi.info\/fr\/#\/schema\/person\/0c7584af846d5d2da6c69f7e68f3af96","name":"Federica Dumont","image":{"@type":"ImageObject","inLanguage":"fr-FR","@id":"https:\/\/secure.gravatar.com\/avatar\/0803dab414b6c6f1fd2399680f587870a020419b6ebe9d36dd75df06a6a68060?s=96&d=mm&r=g","url":"https:\/\/secure.gravatar.com\/avatar\/0803dab414b6c6f1fd2399680f587870a020419b6ebe9d36dd75df06a6a68060?s=96&d=mm&r=g","contentUrl":"https:\/\/secure.gravatar.com\/avatar\/0803dab414b6c6f1fd2399680f587870a020419b6ebe9d36dd75df06a6a68060?s=96&d=mm&r=g","caption":"Federica Dumont"},"url":"https:\/\/www.visitamalfi.info\/fr\/author\/federica\/"}]}},"_links":{"self":[{"href":"https:\/\/www.visitamalfi.info\/fr\/wp-json\/wp\/v2\/posts\/21291","targetHints":{"allow":["GET"]}}],"collection":[{"href":"https:\/\/www.visitamalfi.info\/fr\/wp-json\/wp\/v2\/posts"}],"about":[{"href":"https:\/\/www.visitamalfi.info\/fr\/wp-json\/wp\/v2\/types\/post"}],"author":[{"embeddable":true,"href":"https:\/\/www.visitamalfi.info\/fr\/wp-json\/wp\/v2\/users\/7"}],"replies":[{"embeddable":true,"href":"https:\/\/www.visitamalfi.info\/fr\/wp-json\/wp\/v2\/comments?post=21291"}],"version-history":[{"count":0,"href":"https:\/\/www.visitamalfi.info\/fr\/wp-json\/wp\/v2\/posts\/21291\/revisions"}],"wp:featuredmedia":[{"embeddable":true,"href":"https:\/\/www.visitamalfi.info\/fr\/wp-json\/wp\/v2\/media\/20035"}],"wp:attachment":[{"href":"https:\/\/www.visitamalfi.info\/fr\/wp-json\/wp\/v2\/media?parent=21291"}],"wp:term":[{"taxonomy":"category","embeddable":true,"href":"https:\/\/www.visitamalfi.info\/fr\/wp-json\/wp\/v2\/categories?post=21291"},{"taxonomy":"post_tag","embeddable":true,"href":"https:\/\/www.visitamalfi.info\/fr\/wp-json\/wp\/v2\/tags?post=21291"}],"curies":[{"name":"wp","href":"https:\/\/api.w.org\/{rel}","templated":true}]}}