{"id":20991,"date":"2025-02-21T15:06:42","date_gmt":"2025-02-21T14:06:42","guid":{"rendered":"https:\/\/www.visitamalfi.info\/a-amalfi-le-carnaval-sera-encore-plus-magique-cette-annee-du-2-au-4-mars-trois-jours-fantastiques-dans-le-monde-de-harry-potter\/"},"modified":"2025-02-21T15:06:42","modified_gmt":"2025-02-21T14:06:42","slug":"a-amalfi-le-carnaval-sera-encore-plus-magique-cette-annee-du-2-au-4-mars-trois-jours-fantastiques-dans-le-monde-de-harry-potter","status":"publish","type":"post","link":"https:\/\/www.visitamalfi.info\/fr\/a-amalfi-le-carnaval-sera-encore-plus-magique-cette-annee-du-2-au-4-mars-trois-jours-fantastiques-dans-le-monde-de-harry-potter\/","title":{"rendered":"\u00c0 Amalfi, le carnaval sera encore plus magique cette ann\u00e9e. Du 2 au 4 mars, trois jours fantastiques dans le monde de Harry Potter !"},"content":{"rendered":"<p class=\"cvGsUA direction-ltr align-start para-style-body\"><span class=\"OYPEnA font-feature-liga-off font-feature-clig-off font-feature-calt-off text-decoration-none text-strikethrough-none\">Le <strong>carnaval d&#8217;Amalfi<\/strong> est toujours magique, mais cette ann\u00e9e, il sera encore plus sp\u00e9cial, spectaculaire, unique et&#8230; ensorcel\u00e9, car nous vivrons tous dans le <strong>monde <\/strong> magique de <\/span><strong><span class=\"OYPEnA font-feature-liga-off font-feature-clig-off font-feature-calt-off text-decoration-none text-strikethrough-none\">Harry Potter<\/span><\/strong><span class=\"OYPEnA font-feature-liga-off font-feature-clig-off font-feature-calt-off text-decoration-none text-strikethrough-none\">!<\/span><\/p>\n<p class=\"cvGsUA direction-ltr align-start para-style-body\"><span class=\"OYPEnA font-feature-liga-off font-feature-clig-off font-feature-calt-off text-decoration-none text-strikethrough-none\">Pendant trois jours, la ville se transforme pour offrir une exp\u00e9rience unique aux jeunes et aux moins jeunes.<\/span><\/p>\n<p class=\"cvGsUA direction-ltr align-start para-style-body\"><strong><span class=\"OYPEnA font-feature-liga-off font-feature-clig-off font-feature-calt-off text-decoration-none text-strikethrough-none\">Un voyage dans le monde de la magie :<\/span><\/strong><\/p>\n<p class=\"cvGsUA direction-ltr align-start para-style-body\"><span class=\"OYPEnA font-feature-liga-off font-feature-clig-off font-feature-calt-off text-decoration-none text-strikethrough-none\">Les amateurs de magie pourront se plonger dans une atmosph\u00e8re enchant\u00e9e de &#8216;<em>.<\/em><\/span><em><span class=\"OYPEnA font-feature-liga-off font-feature-clig-off font-feature-calt-off text-decoration-none text-strikethrough-none\">&#8230;cr\u00e9ativit\u00e9, chor\u00e9graphie et \u00e9nergie, \u00e0 travers les plus beaux coins d&#8217;Amalfi, parmi les parades de rue, les histoires fantastiques, les masques et les tours, tandis que la Piazza della Bussola, l&#8217;Ancien Arsenal de la R\u00e9publique et l&#8217;escalier monumental du Duomo s&#8217;animeront avec des spectacles et des repr\u00e9sentations de grande envergure.<\/span><\/em><span class=\"OYPEnA font-feature-liga-off font-feature-clig-off font-feature-calt-off text-decoration-none text-strikethrough-none\">&#8220;<\/span><\/p>\n<p class=\"cvGsUA direction-ltr align-start para-style-body\"><span class=\"OYPEnA font-feature-liga-off font-feature-clig-off font-feature-calt-off text-decoration-none text-strikethrough-none\">En bref, Carnival in the City donnera aux visiteurs l&#8217;impression d&#8217;\u00eatre dans un v\u00e9ritable film de Harry Potter.<\/span><\/p>\n<p class=\"cvGsUA direction-ltr align-start para-style-body\"><strong><span class=\"OYPEnA font-feature-liga-off font-feature-clig-off font-feature-calt-off text-decoration-none text-strikethrough-none\">Une exp\u00e9rience \u00e0 ne pas manquer :<\/span><\/strong><\/p>\n<p class=\"cvGsUA direction-ltr align-start para-style-body\"><span class=\"OYPEnA font-feature-liga-off font-feature-clig-off font-feature-calt-off text-decoration-none text-strikethrough-none\">De plus, ces trois jours de festivit\u00e9s \u00e0 Amalfi proposeront des <strong>ateliers de potion, des le\u00e7ons d&#8217;envo\u00fbtement et beaucoup d&#8217;amusement<\/strong>.<\/span><\/p>\n<p class=\"cvGsUA direction-ltr align-start para-style-body\"><span class=\"OYPEnA font-feature-liga-off font-feature-clig-off font-feature-calt-off text-decoration-none text-strikethrough-none\">Pr\u00e9parez votre costume, perfectionnez vos talents de magicien et laissez-vous transporter dans un monde d&#8217;enchantement et d&#8217;\u00e9merveillement !<\/span><\/p>\n<p class=\"cvGsUA direction-ltr align-start para-style-body\"><span class=\"OYPEnA font-feature-liga-off font-feature-clig-off font-feature-calt-off text-decoration-none text-strikethrough-none\"><em>A<\/em><em>lohomora<\/em> pour le plaisir !<\/span><\/p>\n<p class=\"cvGsUA direction-ltr align-justify para-style-body\"><span class=\"OYPEnA font-feature-liga-off font-feature-clig-off font-feature-calt-off text-decoration-none text-strikethrough-none\"><img fetchpriority=\"high\" decoding=\"async\" class=\"alignnone size-medium wp-image-20983\" src=\"https:\/\/www.visitamalfi.info\/wp-content\/uploads\/2025\/02\/481046384_1043705487798485_2220008779777729701_n-1-210x300.jpg\" alt=\"\" width=\"210\" height=\"300\" srcset=\"https:\/\/www.visitamalfi.info\/wp-content\/uploads\/2025\/02\/481046384_1043705487798485_2220008779777729701_n-1-210x300.jpg 210w, https:\/\/www.visitamalfi.info\/wp-content\/uploads\/2025\/02\/481046384_1043705487798485_2220008779777729701_n-1-717x1024.jpg 717w, https:\/\/www.visitamalfi.info\/wp-content\/uploads\/2025\/02\/481046384_1043705487798485_2220008779777729701_n-1-768x1097.jpg 768w, https:\/\/www.visitamalfi.info\/wp-content\/uploads\/2025\/02\/481046384_1043705487798485_2220008779777729701_n-1-1075x1536.jpg 1075w, https:\/\/www.visitamalfi.info\/wp-content\/uploads\/2025\/02\/481046384_1043705487798485_2220008779777729701_n-1-555x790.jpg 555w, https:\/\/www.visitamalfi.info\/wp-content\/uploads\/2025\/02\/481046384_1043705487798485_2220008779777729701_n-1.jpg 1120w\" sizes=\"(max-width: 210px) 100vw, 210px\" \/><\/span><\/p>\n","protected":false},"excerpt":{"rendered":"<p>Le carnaval d&#8217;Amalfi est toujours magique, mais cette ann\u00e9e, il sera encore plus sp\u00e9cial, spectaculaire, unique et&#8230; ensorcel\u00e9, car nous vivrons tous dans le monde magique de Harry Potter! Pendant [&hellip;]<\/p>\n","protected":false},"author":7,"featured_media":20979,"comment_status":"open","ping_status":"closed","sticky":false,"template":"","format":"standard","meta":{"inline_featured_image":false,"footnotes":""},"categories":[257],"tags":[259,1445,1908],"class_list":["post-20991","post","type-post","status-publish","format-standard","has-post-thumbnail","hentry","category-curiosites","tag-amalfi-fr","tag-carnaval-fr","tag-harry-potter-fr"],"yoast_head":"<!-- This site is optimized with the Yoast SEO plugin v27.3 - https:\/\/yoast.com\/product\/yoast-seo-wordpress\/ -->\n<title>\u00c0 Amalfi, le carnaval sera encore plus magique cette ann\u00e9e. Du 2 au 4 mars, trois jours fantastiques dans le monde de Harry Potter ! - Visit Amalfi<\/title>\n<meta name=\"robots\" content=\"index, follow, max-snippet:-1, max-image-preview:large, max-video-preview:-1\" \/>\n<link rel=\"canonical\" href=\"https:\/\/www.visitamalfi.info\/fr\/a-amalfi-le-carnaval-sera-encore-plus-magique-cette-annee-du-2-au-4-mars-trois-jours-fantastiques-dans-le-monde-de-harry-potter\/\" \/>\n<meta property=\"og:locale\" content=\"fr_FR\" \/>\n<meta property=\"og:type\" content=\"article\" \/>\n<meta property=\"og:title\" content=\"\u00c0 Amalfi, le carnaval sera encore plus magique cette ann\u00e9e. Du 2 au 4 mars, trois jours fantastiques dans le monde de Harry Potter ! - Visit Amalfi\" \/>\n<meta property=\"og:description\" content=\"Le carnaval d&#8217;Amalfi est toujours magique, mais cette ann\u00e9e, il sera encore plus sp\u00e9cial, spectaculaire, unique et&#8230; ensorcel\u00e9, car nous vivrons tous dans le monde magique de Harry Potter! Pendant [&hellip;]\" \/>\n<meta property=\"og:url\" content=\"https:\/\/www.visitamalfi.info\/fr\/a-amalfi-le-carnaval-sera-encore-plus-magique-cette-annee-du-2-au-4-mars-trois-jours-fantastiques-dans-le-monde-de-harry-potter\/\" \/>\n<meta property=\"og:site_name\" content=\"Visit Amalfi\" \/>\n<meta property=\"article:publisher\" content=\"https:\/\/www.facebook.com\/visitamalfiofficial\" \/>\n<meta property=\"article:published_time\" content=\"2025-02-21T14:06:42+00:00\" \/>\n<meta property=\"og:image\" content=\"https:\/\/www.visitamalfi.info\/wp-content\/uploads\/2025\/02\/481046384_1043705487798485_2220008779777729701_n-e1740146679356.jpg\" \/>\n\t<meta property=\"og:image:width\" content=\"1120\" \/>\n\t<meta property=\"og:image:height\" content=\"1600\" \/>\n\t<meta property=\"og:image:type\" content=\"image\/jpeg\" \/>\n<meta name=\"author\" content=\"Federica Dumont\" \/>\n<meta name=\"twitter:card\" content=\"summary_large_image\" \/>\n<meta name=\"twitter:label1\" content=\"\u00c9crit par\" \/>\n\t<meta name=\"twitter:data1\" content=\"Federica Dumont\" \/>\n\t<meta name=\"twitter:label2\" content=\"Dur\u00e9e de lecture estim\u00e9e\" \/>\n\t<meta name=\"twitter:data2\" content=\"1 minute\" \/>\n<script type=\"application\/ld+json\" class=\"yoast-schema-graph\">{\"@context\":\"https:\\\/\\\/schema.org\",\"@graph\":[{\"@type\":\"Article\",\"@id\":\"https:\\\/\\\/www.visitamalfi.info\\\/fr\\\/a-amalfi-le-carnaval-sera-encore-plus-magique-cette-annee-du-2-au-4-mars-trois-jours-fantastiques-dans-le-monde-de-harry-potter\\\/#article\",\"isPartOf\":{\"@id\":\"https:\\\/\\\/www.visitamalfi.info\\\/fr\\\/a-amalfi-le-carnaval-sera-encore-plus-magique-cette-annee-du-2-au-4-mars-trois-jours-fantastiques-dans-le-monde-de-harry-potter\\\/\"},\"author\":{\"name\":\"Federica Dumont\",\"@id\":\"https:\\\/\\\/www.visitamalfi.info\\\/fr\\\/#\\\/schema\\\/person\\\/0c7584af846d5d2da6c69f7e68f3af96\"},\"headline\":\"\u00c0 Amalfi, le carnaval sera encore plus magique cette ann\u00e9e. Du 2 au 4 mars, trois jours fantastiques dans le monde de Harry Potter !\",\"datePublished\":\"2025-02-21T14:06:42+00:00\",\"mainEntityOfPage\":{\"@id\":\"https:\\\/\\\/www.visitamalfi.info\\\/fr\\\/a-amalfi-le-carnaval-sera-encore-plus-magique-cette-annee-du-2-au-4-mars-trois-jours-fantastiques-dans-le-monde-de-harry-potter\\\/\"},\"wordCount\":228,\"commentCount\":0,\"publisher\":{\"@id\":\"https:\\\/\\\/www.visitamalfi.info\\\/fr\\\/#organization\"},\"image\":{\"@id\":\"https:\\\/\\\/www.visitamalfi.info\\\/fr\\\/a-amalfi-le-carnaval-sera-encore-plus-magique-cette-annee-du-2-au-4-mars-trois-jours-fantastiques-dans-le-monde-de-harry-potter\\\/#primaryimage\"},\"thumbnailUrl\":\"https:\\\/\\\/www.visitamalfi.info\\\/wp-content\\\/uploads\\\/2025\\\/02\\\/481046384_1043705487798485_2220008779777729701_n-e1740146679356.jpg\",\"keywords\":[\"amalfi\",\"carnaval\",\"harry potter\"],\"articleSection\":[\"Curiosit\u00e9s\"],\"inLanguage\":\"fr-FR\",\"potentialAction\":[{\"@type\":\"CommentAction\",\"name\":\"Comment\",\"target\":[\"https:\\\/\\\/www.visitamalfi.info\\\/fr\\\/a-amalfi-le-carnaval-sera-encore-plus-magique-cette-annee-du-2-au-4-mars-trois-jours-fantastiques-dans-le-monde-de-harry-potter\\\/#respond\"]}]},{\"@type\":\"WebPage\",\"@id\":\"https:\\\/\\\/www.visitamalfi.info\\\/fr\\\/a-amalfi-le-carnaval-sera-encore-plus-magique-cette-annee-du-2-au-4-mars-trois-jours-fantastiques-dans-le-monde-de-harry-potter\\\/\",\"url\":\"https:\\\/\\\/www.visitamalfi.info\\\/fr\\\/a-amalfi-le-carnaval-sera-encore-plus-magique-cette-annee-du-2-au-4-mars-trois-jours-fantastiques-dans-le-monde-de-harry-potter\\\/\",\"name\":\"\u00c0 Amalfi, le carnaval sera encore plus magique cette ann\u00e9e. Du 2 au 4 mars, trois jours fantastiques dans le monde de Harry Potter ! - Visit Amalfi\",\"isPartOf\":{\"@id\":\"https:\\\/\\\/www.visitamalfi.info\\\/fr\\\/#website\"},\"primaryImageOfPage\":{\"@id\":\"https:\\\/\\\/www.visitamalfi.info\\\/fr\\\/a-amalfi-le-carnaval-sera-encore-plus-magique-cette-annee-du-2-au-4-mars-trois-jours-fantastiques-dans-le-monde-de-harry-potter\\\/#primaryimage\"},\"image\":{\"@id\":\"https:\\\/\\\/www.visitamalfi.info\\\/fr\\\/a-amalfi-le-carnaval-sera-encore-plus-magique-cette-annee-du-2-au-4-mars-trois-jours-fantastiques-dans-le-monde-de-harry-potter\\\/#primaryimage\"},\"thumbnailUrl\":\"https:\\\/\\\/www.visitamalfi.info\\\/wp-content\\\/uploads\\\/2025\\\/02\\\/481046384_1043705487798485_2220008779777729701_n-e1740146679356.jpg\",\"datePublished\":\"2025-02-21T14:06:42+00:00\",\"breadcrumb\":{\"@id\":\"https:\\\/\\\/www.visitamalfi.info\\\/fr\\\/a-amalfi-le-carnaval-sera-encore-plus-magique-cette-annee-du-2-au-4-mars-trois-jours-fantastiques-dans-le-monde-de-harry-potter\\\/#breadcrumb\"},\"inLanguage\":\"fr-FR\",\"potentialAction\":[{\"@type\":\"ReadAction\",\"target\":[\"https:\\\/\\\/www.visitamalfi.info\\\/fr\\\/a-amalfi-le-carnaval-sera-encore-plus-magique-cette-annee-du-2-au-4-mars-trois-jours-fantastiques-dans-le-monde-de-harry-potter\\\/\"]}]},{\"@type\":\"ImageObject\",\"inLanguage\":\"fr-FR\",\"@id\":\"https:\\\/\\\/www.visitamalfi.info\\\/fr\\\/a-amalfi-le-carnaval-sera-encore-plus-magique-cette-annee-du-2-au-4-mars-trois-jours-fantastiques-dans-le-monde-de-harry-potter\\\/#primaryimage\",\"url\":\"https:\\\/\\\/www.visitamalfi.info\\\/wp-content\\\/uploads\\\/2025\\\/02\\\/481046384_1043705487798485_2220008779777729701_n-e1740146679356.jpg\",\"contentUrl\":\"https:\\\/\\\/www.visitamalfi.info\\\/wp-content\\\/uploads\\\/2025\\\/02\\\/481046384_1043705487798485_2220008779777729701_n-e1740146679356.jpg\",\"width\":1120,\"height\":1600},{\"@type\":\"BreadcrumbList\",\"@id\":\"https:\\\/\\\/www.visitamalfi.info\\\/fr\\\/a-amalfi-le-carnaval-sera-encore-plus-magique-cette-annee-du-2-au-4-mars-trois-jours-fantastiques-dans-le-monde-de-harry-potter\\\/#breadcrumb\",\"itemListElement\":[{\"@type\":\"ListItem\",\"position\":1,\"name\":\"Home\",\"item\":\"https:\\\/\\\/www.visitamalfi.info\\\/fr\\\/\"},{\"@type\":\"ListItem\",\"position\":2,\"name\":\"\u00c0 Amalfi, le carnaval sera encore plus magique cette ann\u00e9e. Du 2 au 4 mars, trois jours fantastiques dans le monde de Harry Potter !\"}]},{\"@type\":\"WebSite\",\"@id\":\"https:\\\/\\\/www.visitamalfi.info\\\/fr\\\/#website\",\"url\":\"https:\\\/\\\/www.visitamalfi.info\\\/fr\\\/\",\"name\":\"Visit Amalfi\",\"description\":\"Amalfi Destination Official Website\",\"publisher\":{\"@id\":\"https:\\\/\\\/www.visitamalfi.info\\\/fr\\\/#organization\"},\"potentialAction\":[{\"@type\":\"SearchAction\",\"target\":{\"@type\":\"EntryPoint\",\"urlTemplate\":\"https:\\\/\\\/www.visitamalfi.info\\\/fr\\\/?s={search_term_string}\"},\"query-input\":{\"@type\":\"PropertyValueSpecification\",\"valueRequired\":true,\"valueName\":\"search_term_string\"}}],\"inLanguage\":\"fr-FR\"},{\"@type\":\"Organization\",\"@id\":\"https:\\\/\\\/www.visitamalfi.info\\\/fr\\\/#organization\",\"name\":\"Visit Amalfi\",\"url\":\"https:\\\/\\\/www.visitamalfi.info\\\/fr\\\/\",\"logo\":{\"@type\":\"ImageObject\",\"inLanguage\":\"fr-FR\",\"@id\":\"https:\\\/\\\/www.visitamalfi.info\\\/fr\\\/#\\\/schema\\\/logo\\\/image\\\/\",\"url\":\"https:\\\/\\\/www.visitamalfi.info\\\/wp-content\\\/uploads\\\/2023\\\/04\\\/visit-amalfi-logo-web.png\",\"contentUrl\":\"https:\\\/\\\/www.visitamalfi.info\\\/wp-content\\\/uploads\\\/2023\\\/04\\\/visit-amalfi-logo-web.png\",\"width\":800,\"height\":870,\"caption\":\"Visit Amalfi\"},\"image\":{\"@id\":\"https:\\\/\\\/www.visitamalfi.info\\\/fr\\\/#\\\/schema\\\/logo\\\/image\\\/\"},\"sameAs\":[\"https:\\\/\\\/www.facebook.com\\\/visitamalfiofficial\",\"https:\\\/\\\/www.instagram.com\\\/visitamalfiofficial\\\/\"]},{\"@type\":\"Person\",\"@id\":\"https:\\\/\\\/www.visitamalfi.info\\\/fr\\\/#\\\/schema\\\/person\\\/0c7584af846d5d2da6c69f7e68f3af96\",\"name\":\"Federica Dumont\",\"image\":{\"@type\":\"ImageObject\",\"inLanguage\":\"fr-FR\",\"@id\":\"https:\\\/\\\/secure.gravatar.com\\\/avatar\\\/0803dab414b6c6f1fd2399680f587870a020419b6ebe9d36dd75df06a6a68060?s=96&d=mm&r=g\",\"url\":\"https:\\\/\\\/secure.gravatar.com\\\/avatar\\\/0803dab414b6c6f1fd2399680f587870a020419b6ebe9d36dd75df06a6a68060?s=96&d=mm&r=g\",\"contentUrl\":\"https:\\\/\\\/secure.gravatar.com\\\/avatar\\\/0803dab414b6c6f1fd2399680f587870a020419b6ebe9d36dd75df06a6a68060?s=96&d=mm&r=g\",\"caption\":\"Federica Dumont\"},\"url\":\"https:\\\/\\\/www.visitamalfi.info\\\/fr\\\/author\\\/federica\\\/\"}]}<\/script>\n<!-- \/ Yoast SEO plugin. -->","yoast_head_json":{"title":"\u00c0 Amalfi, le carnaval sera encore plus magique cette ann\u00e9e. Du 2 au 4 mars, trois jours fantastiques dans le monde de Harry Potter ! - Visit Amalfi","robots":{"index":"index","follow":"follow","max-snippet":"max-snippet:-1","max-image-preview":"max-image-preview:large","max-video-preview":"max-video-preview:-1"},"canonical":"https:\/\/www.visitamalfi.info\/fr\/a-amalfi-le-carnaval-sera-encore-plus-magique-cette-annee-du-2-au-4-mars-trois-jours-fantastiques-dans-le-monde-de-harry-potter\/","og_locale":"fr_FR","og_type":"article","og_title":"\u00c0 Amalfi, le carnaval sera encore plus magique cette ann\u00e9e. Du 2 au 4 mars, trois jours fantastiques dans le monde de Harry Potter ! - Visit Amalfi","og_description":"Le carnaval d&#8217;Amalfi est toujours magique, mais cette ann\u00e9e, il sera encore plus sp\u00e9cial, spectaculaire, unique et&#8230; ensorcel\u00e9, car nous vivrons tous dans le monde magique de Harry Potter! Pendant [&hellip;]","og_url":"https:\/\/www.visitamalfi.info\/fr\/a-amalfi-le-carnaval-sera-encore-plus-magique-cette-annee-du-2-au-4-mars-trois-jours-fantastiques-dans-le-monde-de-harry-potter\/","og_site_name":"Visit Amalfi","article_publisher":"https:\/\/www.facebook.com\/visitamalfiofficial","article_published_time":"2025-02-21T14:06:42+00:00","og_image":[{"width":1120,"height":1600,"url":"https:\/\/www.visitamalfi.info\/wp-content\/uploads\/2025\/02\/481046384_1043705487798485_2220008779777729701_n-e1740146679356.jpg","type":"image\/jpeg"}],"author":"Federica Dumont","twitter_card":"summary_large_image","twitter_misc":{"\u00c9crit par":"Federica Dumont","Dur\u00e9e de lecture estim\u00e9e":"1 minute"},"schema":{"@context":"https:\/\/schema.org","@graph":[{"@type":"Article","@id":"https:\/\/www.visitamalfi.info\/fr\/a-amalfi-le-carnaval-sera-encore-plus-magique-cette-annee-du-2-au-4-mars-trois-jours-fantastiques-dans-le-monde-de-harry-potter\/#article","isPartOf":{"@id":"https:\/\/www.visitamalfi.info\/fr\/a-amalfi-le-carnaval-sera-encore-plus-magique-cette-annee-du-2-au-4-mars-trois-jours-fantastiques-dans-le-monde-de-harry-potter\/"},"author":{"name":"Federica Dumont","@id":"https:\/\/www.visitamalfi.info\/fr\/#\/schema\/person\/0c7584af846d5d2da6c69f7e68f3af96"},"headline":"\u00c0 Amalfi, le carnaval sera encore plus magique cette ann\u00e9e. Du 2 au 4 mars, trois jours fantastiques dans le monde de Harry Potter !","datePublished":"2025-02-21T14:06:42+00:00","mainEntityOfPage":{"@id":"https:\/\/www.visitamalfi.info\/fr\/a-amalfi-le-carnaval-sera-encore-plus-magique-cette-annee-du-2-au-4-mars-trois-jours-fantastiques-dans-le-monde-de-harry-potter\/"},"wordCount":228,"commentCount":0,"publisher":{"@id":"https:\/\/www.visitamalfi.info\/fr\/#organization"},"image":{"@id":"https:\/\/www.visitamalfi.info\/fr\/a-amalfi-le-carnaval-sera-encore-plus-magique-cette-annee-du-2-au-4-mars-trois-jours-fantastiques-dans-le-monde-de-harry-potter\/#primaryimage"},"thumbnailUrl":"https:\/\/www.visitamalfi.info\/wp-content\/uploads\/2025\/02\/481046384_1043705487798485_2220008779777729701_n-e1740146679356.jpg","keywords":["amalfi","carnaval","harry potter"],"articleSection":["Curiosit\u00e9s"],"inLanguage":"fr-FR","potentialAction":[{"@type":"CommentAction","name":"Comment","target":["https:\/\/www.visitamalfi.info\/fr\/a-amalfi-le-carnaval-sera-encore-plus-magique-cette-annee-du-2-au-4-mars-trois-jours-fantastiques-dans-le-monde-de-harry-potter\/#respond"]}]},{"@type":"WebPage","@id":"https:\/\/www.visitamalfi.info\/fr\/a-amalfi-le-carnaval-sera-encore-plus-magique-cette-annee-du-2-au-4-mars-trois-jours-fantastiques-dans-le-monde-de-harry-potter\/","url":"https:\/\/www.visitamalfi.info\/fr\/a-amalfi-le-carnaval-sera-encore-plus-magique-cette-annee-du-2-au-4-mars-trois-jours-fantastiques-dans-le-monde-de-harry-potter\/","name":"\u00c0 Amalfi, le carnaval sera encore plus magique cette ann\u00e9e. Du 2 au 4 mars, trois jours fantastiques dans le monde de Harry Potter ! - Visit Amalfi","isPartOf":{"@id":"https:\/\/www.visitamalfi.info\/fr\/#website"},"primaryImageOfPage":{"@id":"https:\/\/www.visitamalfi.info\/fr\/a-amalfi-le-carnaval-sera-encore-plus-magique-cette-annee-du-2-au-4-mars-trois-jours-fantastiques-dans-le-monde-de-harry-potter\/#primaryimage"},"image":{"@id":"https:\/\/www.visitamalfi.info\/fr\/a-amalfi-le-carnaval-sera-encore-plus-magique-cette-annee-du-2-au-4-mars-trois-jours-fantastiques-dans-le-monde-de-harry-potter\/#primaryimage"},"thumbnailUrl":"https:\/\/www.visitamalfi.info\/wp-content\/uploads\/2025\/02\/481046384_1043705487798485_2220008779777729701_n-e1740146679356.jpg","datePublished":"2025-02-21T14:06:42+00:00","breadcrumb":{"@id":"https:\/\/www.visitamalfi.info\/fr\/a-amalfi-le-carnaval-sera-encore-plus-magique-cette-annee-du-2-au-4-mars-trois-jours-fantastiques-dans-le-monde-de-harry-potter\/#breadcrumb"},"inLanguage":"fr-FR","potentialAction":[{"@type":"ReadAction","target":["https:\/\/www.visitamalfi.info\/fr\/a-amalfi-le-carnaval-sera-encore-plus-magique-cette-annee-du-2-au-4-mars-trois-jours-fantastiques-dans-le-monde-de-harry-potter\/"]}]},{"@type":"ImageObject","inLanguage":"fr-FR","@id":"https:\/\/www.visitamalfi.info\/fr\/a-amalfi-le-carnaval-sera-encore-plus-magique-cette-annee-du-2-au-4-mars-trois-jours-fantastiques-dans-le-monde-de-harry-potter\/#primaryimage","url":"https:\/\/www.visitamalfi.info\/wp-content\/uploads\/2025\/02\/481046384_1043705487798485_2220008779777729701_n-e1740146679356.jpg","contentUrl":"https:\/\/www.visitamalfi.info\/wp-content\/uploads\/2025\/02\/481046384_1043705487798485_2220008779777729701_n-e1740146679356.jpg","width":1120,"height":1600},{"@type":"BreadcrumbList","@id":"https:\/\/www.visitamalfi.info\/fr\/a-amalfi-le-carnaval-sera-encore-plus-magique-cette-annee-du-2-au-4-mars-trois-jours-fantastiques-dans-le-monde-de-harry-potter\/#breadcrumb","itemListElement":[{"@type":"ListItem","position":1,"name":"Home","item":"https:\/\/www.visitamalfi.info\/fr\/"},{"@type":"ListItem","position":2,"name":"\u00c0 Amalfi, le carnaval sera encore plus magique cette ann\u00e9e. Du 2 au 4 mars, trois jours fantastiques dans le monde de Harry Potter !"}]},{"@type":"WebSite","@id":"https:\/\/www.visitamalfi.info\/fr\/#website","url":"https:\/\/www.visitamalfi.info\/fr\/","name":"Visit Amalfi","description":"Amalfi Destination Official Website","publisher":{"@id":"https:\/\/www.visitamalfi.info\/fr\/#organization"},"potentialAction":[{"@type":"SearchAction","target":{"@type":"EntryPoint","urlTemplate":"https:\/\/www.visitamalfi.info\/fr\/?s={search_term_string}"},"query-input":{"@type":"PropertyValueSpecification","valueRequired":true,"valueName":"search_term_string"}}],"inLanguage":"fr-FR"},{"@type":"Organization","@id":"https:\/\/www.visitamalfi.info\/fr\/#organization","name":"Visit Amalfi","url":"https:\/\/www.visitamalfi.info\/fr\/","logo":{"@type":"ImageObject","inLanguage":"fr-FR","@id":"https:\/\/www.visitamalfi.info\/fr\/#\/schema\/logo\/image\/","url":"https:\/\/www.visitamalfi.info\/wp-content\/uploads\/2023\/04\/visit-amalfi-logo-web.png","contentUrl":"https:\/\/www.visitamalfi.info\/wp-content\/uploads\/2023\/04\/visit-amalfi-logo-web.png","width":800,"height":870,"caption":"Visit Amalfi"},"image":{"@id":"https:\/\/www.visitamalfi.info\/fr\/#\/schema\/logo\/image\/"},"sameAs":["https:\/\/www.facebook.com\/visitamalfiofficial","https:\/\/www.instagram.com\/visitamalfiofficial\/"]},{"@type":"Person","@id":"https:\/\/www.visitamalfi.info\/fr\/#\/schema\/person\/0c7584af846d5d2da6c69f7e68f3af96","name":"Federica Dumont","image":{"@type":"ImageObject","inLanguage":"fr-FR","@id":"https:\/\/secure.gravatar.com\/avatar\/0803dab414b6c6f1fd2399680f587870a020419b6ebe9d36dd75df06a6a68060?s=96&d=mm&r=g","url":"https:\/\/secure.gravatar.com\/avatar\/0803dab414b6c6f1fd2399680f587870a020419b6ebe9d36dd75df06a6a68060?s=96&d=mm&r=g","contentUrl":"https:\/\/secure.gravatar.com\/avatar\/0803dab414b6c6f1fd2399680f587870a020419b6ebe9d36dd75df06a6a68060?s=96&d=mm&r=g","caption":"Federica Dumont"},"url":"https:\/\/www.visitamalfi.info\/fr\/author\/federica\/"}]}},"_links":{"self":[{"href":"https:\/\/www.visitamalfi.info\/fr\/wp-json\/wp\/v2\/posts\/20991","targetHints":{"allow":["GET"]}}],"collection":[{"href":"https:\/\/www.visitamalfi.info\/fr\/wp-json\/wp\/v2\/posts"}],"about":[{"href":"https:\/\/www.visitamalfi.info\/fr\/wp-json\/wp\/v2\/types\/post"}],"author":[{"embeddable":true,"href":"https:\/\/www.visitamalfi.info\/fr\/wp-json\/wp\/v2\/users\/7"}],"replies":[{"embeddable":true,"href":"https:\/\/www.visitamalfi.info\/fr\/wp-json\/wp\/v2\/comments?post=20991"}],"version-history":[{"count":0,"href":"https:\/\/www.visitamalfi.info\/fr\/wp-json\/wp\/v2\/posts\/20991\/revisions"}],"wp:featuredmedia":[{"embeddable":true,"href":"https:\/\/www.visitamalfi.info\/fr\/wp-json\/wp\/v2\/media\/20979"}],"wp:attachment":[{"href":"https:\/\/www.visitamalfi.info\/fr\/wp-json\/wp\/v2\/media?parent=20991"}],"wp:term":[{"taxonomy":"category","embeddable":true,"href":"https:\/\/www.visitamalfi.info\/fr\/wp-json\/wp\/v2\/categories?post=20991"},{"taxonomy":"post_tag","embeddable":true,"href":"https:\/\/www.visitamalfi.info\/fr\/wp-json\/wp\/v2\/tags?post=20991"}],"curies":[{"name":"wp","href":"https:\/\/api.w.org\/{rel}","templated":true}]}}