{"id":19145,"date":"2024-06-10T11:24:54","date_gmt":"2024-06-10T09:24:54","guid":{"rendered":"https:\/\/www.visitamalfi.info\/festival-dete-damalfi-2024\/"},"modified":"2024-06-10T11:29:17","modified_gmt":"2024-06-10T09:29:17","slug":"festival-dete-damalfi-2024","status":"publish","type":"post","link":"https:\/\/www.visitamalfi.info\/fr\/festival-dete-damalfi-2024\/","title":{"rendered":"Festival d&#8217;\u00e9t\u00e9 d&#8217;Amalfi 2024"},"content":{"rendered":"<p>Arisa, Simona Molinari, Paolo Belli et son Big Band, Frankie &amp; Canthina Band, Maurizio De Giovanni : les grands concerts et spectacles de l&#8217;\u00e9t\u00e9 \u00e0 Amalfi. Amalfi in Jazz, le Sunset Concert, les soir\u00e9es disco. Nouveaut\u00e9s : le set de vinyle sur la Piazza Duomo et la revue th\u00e9\u00e2trale Scene d&#8217;aMare : tous les \u00e9v\u00e9nements 2024 promus par la municipalit\u00e9 d&#8217;Amalfi avec une entr\u00e9e gratuite.<\/p>\n<p>Le son fait irruption \u00e0 Amalfi, qui se transforme en un grand amphith\u00e9\u00e2tre naturel &#8220;en plein air&#8221;. La magie est sur le point d&#8217;exploser avec &#8220;Amalfi Summer Fest&#8221;, le programme d&#8217;\u00e9v\u00e9nements promu par l&#8217;administration municipale dirig\u00e9e par le maire Daniele Milano, pour vivre ensemble la beaut\u00e9 de l&#8217;\u00e9t\u00e9 au nom de la musique, du th\u00e9\u00e2tre, de la litt\u00e9rature et de l&#8217;art.<\/p>\n<p>Arisa, Simona Molinari, Paolo Belli et son Big Band, Ana Carla Maza, Matthew Lee, sont quelques-uns des grands artistes qui se produiront cet \u00e9t\u00e9 \u00e0 Amalfi, l&#8217;une des sc\u00e8nes les plus fascinantes du monde, dans des lieux extraordinaires, du Duomo aux coins les plus intimes et cach\u00e9s de la ville, ou plus haut, le long des pentes des villages les plus \u00e9lev\u00e9s, sur des belv\u00e9d\u00e8res d&#8217;une beaut\u00e9 \u00e9poustouflante.<\/p>\n<p>L&#8217;Amalfi Summer Fest s&#8217;affirme ainsi comme un point de r\u00e9f\u00e9rence sur la c\u00f4te amalfitaine, dans un croisement des genres, incluant la musique italienne remix\u00e9e dans une tonalit\u00e9 dance, des contaminations funky et soul, du rock, de la musique noire, du latin jazz, de la bossa nova et des ambiances gospel. Un groove \u00e0 forte charge \u00e9motionnelle, qui croise la musique pop et l&#8217;\u00e9nergie de la danse disco, pour un \u00e9t\u00e9 inoubliable, rendu encore plus \u00e9vocateur par l&#8217;architecture de la cath\u00e9drale et l&#8217;escalier monumental, qui s&#8217;illuminent pour cr\u00e9er un d\u00e9cor unique. Amalfi in Jazz, l&#8217;\u00e9poustouflant concert du coucher du soleil sur les merveilleuses terrasses panoramiques surplombant la mer, les fascinantes c\u00e9l\u00e9brations du Nouvel An byzantin, y compris les reconstitutions historiques, l&#8217;investiture du Magister, les spectacles de feu et les concerts sur la Piazza Duomo.<\/p>\n<p>Il s&#8217;agira \u00e9galement d&#8217;une c\u00e9l\u00e9bration du Motown Sound et de son r\u00f4le dans les ann\u00e9es 1960 dans la diffusion du genre R&amp;B et de l&#8217;int\u00e9gration raciale dans la musique pop : un hommage au g\u00e9nie cr\u00e9atif de grands musiciens qui sont devenus des l\u00e9gendes de l&#8217;histoire de la musique.<\/p>\n<p>De plus, apr\u00e8s le grand succ\u00e8s de l&#8217;ann\u00e9e derni\u00e8re avec l&#8217;exp\u00e9rience Cover Night, l&#8217;\u00e9nergie pure et perturbatrice de la musique disco sur la place revient \u00e0 la demande g\u00e9n\u00e9rale, avec un set sp\u00e9cial en direct comprenant exclusivement des disques vinyles.<\/p>\n<p>La nouveaut\u00e9 de cette \u00e9dition est la Rassegna &#8220;Scene d&#8217;aMare&#8221;, entre th\u00e9\u00e2tre et litt\u00e9rature : deux rendez-vous qui enrichiront le programme d&#8217;\u00e9t\u00e9, auquel participeront, entre autres, l&#8217;\u00e9crivain Maurizio De Giovanni, les acteurs Paolo Cresta, Rosaria De Cicco, Alessio Sica, Marianita Carfora, Alfredo Mundo, Riccardo Maio, Gennaro Monti, Debora Sacco, Michele Costantino et des musiciens de la grande \u00e9cole de jazz de la Campanie.<\/p>\n<p>Un programme dense et croissant d&#8217;\u00e9v\u00e9nements, qui sera \u00e9galement accompagn\u00e9 par Borghi in Festa, la revue itin\u00e9rante parmi les hameaux d&#8217;Amalfi dans un voyage sensoriel \u00e0 la recherche du grand patrimoine identitaire et de la grande m\u00e9lodie de la chanson italienne et classique. Il y aura \u00e9galement l&#8217;\u00c9t\u00e9 des enfants, le programme exclusif con\u00e7u pour les enfants, et de grandes expositions.<\/p>\n<p>&#8220;Amalfi Summer Fest est une proposition culturelle et artistique de grande envergure, vari\u00e9e, pour vivre tous ensemble des moments de l\u00e9g\u00e8ret\u00e9 et de joie &#8211; souligne le maire Daniele Milano &#8211; Lors des derni\u00e8res \u00e9ditions, nous avons enregistr\u00e9 des records de fr\u00e9quentation. Il s&#8217;agit d&#8217;un programme d&#8217;\u00e9v\u00e9nements con\u00e7us pour apporter de la joie \u00e0 tous nos citoyens, aux jeunes et \u00e0 tous les touristes internationaux qui ont choisi Amalfi comme destination touristique. Des parcours d\u00e9di\u00e9s \u00e0 la d\u00e9couverte d&#8217;Amalfi, de ses centres d&#8217;int\u00e9r\u00eat, de son patrimoine historique et identitaire, de sa beaut\u00e9. Amalfi Summer Fest s&#8217;inscrit dans cette vision, pour cr\u00e9er du dynamisme et de la vitalit\u00e9, avec des rendez-vous gratuits, parce que la culture n&#8217;a pas de barri\u00e8res&#8221;.<\/p>\n<p>&#8220;La Piazza Duomo se transforme en un \u00e9l\u00e9gant salon, avec une musique d&#8217;ambiance sous les \u00e9toiles. Les lumi\u00e8res s&#8217;\u00e9teignent, seule l&#8217;architecture du D\u00f4me est illumin\u00e9e et la po\u00e9sie s&#8217;ouvre au regard du spectateur. C&#8217;est l&#8217;une des images les plus fortes et les plus \u00e9vocatrices d&#8217;Amalfi Summer Fest&#8221;, explique Enza Cobalto, conseill\u00e8re municipale charg\u00e9e des \u00e9v\u00e9nements et commissaire du programme des \u00e9v\u00e9nements d&#8217;\u00e9t\u00e9, &#8220;Le festival se caract\u00e9rise par sa vocation internationale. L&#8217;id\u00e9e de base derri\u00e8re les choix artistiques est de cr\u00e9er des moments de divertissement d\u00e9di\u00e9s \u00e0 la ville et de rendre le s\u00e9jour \u00e0 Amalfi agr\u00e9able pour les touristes. Nous aurons du jazz dans toutes ses nuances, de l&#8217;interplay et de l&#8217;improvisation jazz au pop-jazz, avec de grandes voix italiennes et internationales, dont Simona Molinari et Ana Carla Maza. Nous nous laisserons emporter par la magie du Sunset Concert acoustique avec Lucy Kiely et Cherubino Fariello. Nous danserons avec le Big Band de Paolo Belli et avec des spectacles captivants inspir\u00e9s de la grande musique italienne remix\u00e9e dans une tonalit\u00e9 disco. Nous d\u00e9couvrirons les plus beaux coins d&#8217;Amalfi avec Borghi in Festa, qui sera ajout\u00e9 au programme des \u00e9v\u00e9nements. Et pour finir en beaut\u00e9, le Nouvel An byzantin et une artiste incroyable, Arisa, une voix extraordinaire pour une soir\u00e9e exclusive sur la Piazza Duomo&#8217;.<\/p>\n<p>\u00c9dit\u00e9 par :<\/p>\n<p>Service de presse &#8211; Ville d&#8217;Amalfi<\/p>\n<p>D\u00e9couvrez le programme dans la section <a href=\"https:\/\/www.visitamalfi.info\/eventi\/\">\u00e9v\u00e9nements<\/a> de notre site web et profitez de l&#8217;\u00e9t\u00e9 \u00e0 Amalfi !<\/p>\n","protected":false},"excerpt":{"rendered":"<p>Arisa, Simona Molinari, Paolo Belli et son Big Band, Frankie &amp; Canthina Band, Maurizio De Giovanni : les grands concerts et spectacles de l&#8217;\u00e9t\u00e9 \u00e0 Amalfi. Amalfi in Jazz, le [&hellip;]<\/p>\n","protected":false},"author":7,"featured_media":5278,"comment_status":"open","ping_status":"closed","sticky":false,"template":"","format":"standard","meta":{"inline_featured_image":false,"footnotes":""},"categories":[891,810,812],"tags":[259,1729,1730],"class_list":["post-19145","post","type-post","status-publish","format-standard","has-post-thumbnail","hentry","category-consigli-di-viaggio","category-eventi-fr","category-tradition","tag-amalfi-fr","tag-amalfi-summer-24-fr","tag-evenements-fr"],"yoast_head":"<!-- This site is optimized with the Yoast SEO plugin v27.3 - https:\/\/yoast.com\/product\/yoast-seo-wordpress\/ -->\n<title>Festival d&#039;\u00e9t\u00e9 d&#039;Amalfi 2024 - Visit Amalfi<\/title>\n<meta name=\"robots\" content=\"index, follow, max-snippet:-1, max-image-preview:large, max-video-preview:-1\" \/>\n<link rel=\"canonical\" href=\"https:\/\/www.visitamalfi.info\/fr\/festival-dete-damalfi-2024\/\" \/>\n<meta property=\"og:locale\" content=\"fr_FR\" \/>\n<meta property=\"og:type\" content=\"article\" \/>\n<meta property=\"og:title\" content=\"Festival d&#039;\u00e9t\u00e9 d&#039;Amalfi 2024 - Visit Amalfi\" \/>\n<meta property=\"og:description\" content=\"Arisa, Simona Molinari, Paolo Belli et son Big Band, Frankie &amp; Canthina Band, Maurizio De Giovanni : les grands concerts et spectacles de l&#8217;\u00e9t\u00e9 \u00e0 Amalfi. Amalfi in Jazz, le [&hellip;]\" \/>\n<meta property=\"og:url\" content=\"https:\/\/www.visitamalfi.info\/fr\/festival-dete-damalfi-2024\/\" \/>\n<meta property=\"og:site_name\" content=\"Visit Amalfi\" \/>\n<meta property=\"article:publisher\" content=\"https:\/\/www.facebook.com\/visitamalfiofficial\" \/>\n<meta property=\"article:published_time\" content=\"2024-06-10T09:24:54+00:00\" \/>\n<meta property=\"article:modified_time\" content=\"2024-06-10T09:29:17+00:00\" \/>\n<meta property=\"og:image\" content=\"https:\/\/www.visitamalfi.info\/wp-content\/uploads\/2023\/07\/eventi.jpg\" \/>\n\t<meta property=\"og:image:width\" content=\"1920\" \/>\n\t<meta property=\"og:image:height\" content=\"886\" \/>\n\t<meta property=\"og:image:type\" content=\"image\/jpeg\" \/>\n<meta name=\"author\" content=\"Federica Dumont\" \/>\n<meta name=\"twitter:card\" content=\"summary_large_image\" \/>\n<meta name=\"twitter:label1\" content=\"\u00c9crit par\" \/>\n\t<meta name=\"twitter:data1\" content=\"Federica Dumont\" \/>\n\t<meta name=\"twitter:label2\" content=\"Dur\u00e9e de lecture estim\u00e9e\" \/>\n\t<meta name=\"twitter:data2\" content=\"5 minutes\" \/>\n<script type=\"application\/ld+json\" class=\"yoast-schema-graph\">{\"@context\":\"https:\\\/\\\/schema.org\",\"@graph\":[{\"@type\":\"Article\",\"@id\":\"https:\\\/\\\/www.visitamalfi.info\\\/fr\\\/festival-dete-damalfi-2024\\\/#article\",\"isPartOf\":{\"@id\":\"https:\\\/\\\/www.visitamalfi.info\\\/fr\\\/festival-dete-damalfi-2024\\\/\"},\"author\":{\"name\":\"Federica Dumont\",\"@id\":\"https:\\\/\\\/www.visitamalfi.info\\\/fr\\\/#\\\/schema\\\/person\\\/0c7584af846d5d2da6c69f7e68f3af96\"},\"headline\":\"Festival d&#8217;\u00e9t\u00e9 d&#8217;Amalfi 2024\",\"datePublished\":\"2024-06-10T09:24:54+00:00\",\"dateModified\":\"2024-06-10T09:29:17+00:00\",\"mainEntityOfPage\":{\"@id\":\"https:\\\/\\\/www.visitamalfi.info\\\/fr\\\/festival-dete-damalfi-2024\\\/\"},\"wordCount\":1022,\"commentCount\":0,\"publisher\":{\"@id\":\"https:\\\/\\\/www.visitamalfi.info\\\/fr\\\/#organization\"},\"image\":{\"@id\":\"https:\\\/\\\/www.visitamalfi.info\\\/fr\\\/festival-dete-damalfi-2024\\\/#primaryimage\"},\"thumbnailUrl\":\"https:\\\/\\\/www.visitamalfi.info\\\/wp-content\\\/uploads\\\/2023\\\/07\\\/eventi.jpg\",\"keywords\":[\"amalfi\",\"amalfi summer 24\",\"\u00e9v\u00e9nements\"],\"articleSection\":[\"Consigli di viaggio\",\"Eventi\",\"tradition\"],\"inLanguage\":\"fr-FR\",\"potentialAction\":[{\"@type\":\"CommentAction\",\"name\":\"Comment\",\"target\":[\"https:\\\/\\\/www.visitamalfi.info\\\/fr\\\/festival-dete-damalfi-2024\\\/#respond\"]}]},{\"@type\":\"WebPage\",\"@id\":\"https:\\\/\\\/www.visitamalfi.info\\\/fr\\\/festival-dete-damalfi-2024\\\/\",\"url\":\"https:\\\/\\\/www.visitamalfi.info\\\/fr\\\/festival-dete-damalfi-2024\\\/\",\"name\":\"Festival d'\u00e9t\u00e9 d'Amalfi 2024 - Visit Amalfi\",\"isPartOf\":{\"@id\":\"https:\\\/\\\/www.visitamalfi.info\\\/fr\\\/#website\"},\"primaryImageOfPage\":{\"@id\":\"https:\\\/\\\/www.visitamalfi.info\\\/fr\\\/festival-dete-damalfi-2024\\\/#primaryimage\"},\"image\":{\"@id\":\"https:\\\/\\\/www.visitamalfi.info\\\/fr\\\/festival-dete-damalfi-2024\\\/#primaryimage\"},\"thumbnailUrl\":\"https:\\\/\\\/www.visitamalfi.info\\\/wp-content\\\/uploads\\\/2023\\\/07\\\/eventi.jpg\",\"datePublished\":\"2024-06-10T09:24:54+00:00\",\"dateModified\":\"2024-06-10T09:29:17+00:00\",\"breadcrumb\":{\"@id\":\"https:\\\/\\\/www.visitamalfi.info\\\/fr\\\/festival-dete-damalfi-2024\\\/#breadcrumb\"},\"inLanguage\":\"fr-FR\",\"potentialAction\":[{\"@type\":\"ReadAction\",\"target\":[\"https:\\\/\\\/www.visitamalfi.info\\\/fr\\\/festival-dete-damalfi-2024\\\/\"]}]},{\"@type\":\"ImageObject\",\"inLanguage\":\"fr-FR\",\"@id\":\"https:\\\/\\\/www.visitamalfi.info\\\/fr\\\/festival-dete-damalfi-2024\\\/#primaryimage\",\"url\":\"https:\\\/\\\/www.visitamalfi.info\\\/wp-content\\\/uploads\\\/2023\\\/07\\\/eventi.jpg\",\"contentUrl\":\"https:\\\/\\\/www.visitamalfi.info\\\/wp-content\\\/uploads\\\/2023\\\/07\\\/eventi.jpg\",\"width\":1920,\"height\":886},{\"@type\":\"BreadcrumbList\",\"@id\":\"https:\\\/\\\/www.visitamalfi.info\\\/fr\\\/festival-dete-damalfi-2024\\\/#breadcrumb\",\"itemListElement\":[{\"@type\":\"ListItem\",\"position\":1,\"name\":\"Home\",\"item\":\"https:\\\/\\\/www.visitamalfi.info\\\/fr\\\/\"},{\"@type\":\"ListItem\",\"position\":2,\"name\":\"Festival d&#8217;\u00e9t\u00e9 d&#8217;Amalfi 2024\"}]},{\"@type\":\"WebSite\",\"@id\":\"https:\\\/\\\/www.visitamalfi.info\\\/fr\\\/#website\",\"url\":\"https:\\\/\\\/www.visitamalfi.info\\\/fr\\\/\",\"name\":\"Visit Amalfi\",\"description\":\"Amalfi Destination Official Website\",\"publisher\":{\"@id\":\"https:\\\/\\\/www.visitamalfi.info\\\/fr\\\/#organization\"},\"potentialAction\":[{\"@type\":\"SearchAction\",\"target\":{\"@type\":\"EntryPoint\",\"urlTemplate\":\"https:\\\/\\\/www.visitamalfi.info\\\/fr\\\/?s={search_term_string}\"},\"query-input\":{\"@type\":\"PropertyValueSpecification\",\"valueRequired\":true,\"valueName\":\"search_term_string\"}}],\"inLanguage\":\"fr-FR\"},{\"@type\":\"Organization\",\"@id\":\"https:\\\/\\\/www.visitamalfi.info\\\/fr\\\/#organization\",\"name\":\"Visit Amalfi\",\"url\":\"https:\\\/\\\/www.visitamalfi.info\\\/fr\\\/\",\"logo\":{\"@type\":\"ImageObject\",\"inLanguage\":\"fr-FR\",\"@id\":\"https:\\\/\\\/www.visitamalfi.info\\\/fr\\\/#\\\/schema\\\/logo\\\/image\\\/\",\"url\":\"https:\\\/\\\/www.visitamalfi.info\\\/wp-content\\\/uploads\\\/2023\\\/04\\\/visit-amalfi-logo-web.png\",\"contentUrl\":\"https:\\\/\\\/www.visitamalfi.info\\\/wp-content\\\/uploads\\\/2023\\\/04\\\/visit-amalfi-logo-web.png\",\"width\":800,\"height\":870,\"caption\":\"Visit Amalfi\"},\"image\":{\"@id\":\"https:\\\/\\\/www.visitamalfi.info\\\/fr\\\/#\\\/schema\\\/logo\\\/image\\\/\"},\"sameAs\":[\"https:\\\/\\\/www.facebook.com\\\/visitamalfiofficial\",\"https:\\\/\\\/www.instagram.com\\\/visitamalfiofficial\\\/\"]},{\"@type\":\"Person\",\"@id\":\"https:\\\/\\\/www.visitamalfi.info\\\/fr\\\/#\\\/schema\\\/person\\\/0c7584af846d5d2da6c69f7e68f3af96\",\"name\":\"Federica Dumont\",\"image\":{\"@type\":\"ImageObject\",\"inLanguage\":\"fr-FR\",\"@id\":\"https:\\\/\\\/secure.gravatar.com\\\/avatar\\\/0803dab414b6c6f1fd2399680f587870a020419b6ebe9d36dd75df06a6a68060?s=96&d=mm&r=g\",\"url\":\"https:\\\/\\\/secure.gravatar.com\\\/avatar\\\/0803dab414b6c6f1fd2399680f587870a020419b6ebe9d36dd75df06a6a68060?s=96&d=mm&r=g\",\"contentUrl\":\"https:\\\/\\\/secure.gravatar.com\\\/avatar\\\/0803dab414b6c6f1fd2399680f587870a020419b6ebe9d36dd75df06a6a68060?s=96&d=mm&r=g\",\"caption\":\"Federica Dumont\"},\"url\":\"https:\\\/\\\/www.visitamalfi.info\\\/fr\\\/author\\\/federica\\\/\"}]}<\/script>\n<!-- \/ Yoast SEO plugin. -->","yoast_head_json":{"title":"Festival d'\u00e9t\u00e9 d'Amalfi 2024 - Visit Amalfi","robots":{"index":"index","follow":"follow","max-snippet":"max-snippet:-1","max-image-preview":"max-image-preview:large","max-video-preview":"max-video-preview:-1"},"canonical":"https:\/\/www.visitamalfi.info\/fr\/festival-dete-damalfi-2024\/","og_locale":"fr_FR","og_type":"article","og_title":"Festival d'\u00e9t\u00e9 d'Amalfi 2024 - Visit Amalfi","og_description":"Arisa, Simona Molinari, Paolo Belli et son Big Band, Frankie &amp; Canthina Band, Maurizio De Giovanni : les grands concerts et spectacles de l&#8217;\u00e9t\u00e9 \u00e0 Amalfi. Amalfi in Jazz, le [&hellip;]","og_url":"https:\/\/www.visitamalfi.info\/fr\/festival-dete-damalfi-2024\/","og_site_name":"Visit Amalfi","article_publisher":"https:\/\/www.facebook.com\/visitamalfiofficial","article_published_time":"2024-06-10T09:24:54+00:00","article_modified_time":"2024-06-10T09:29:17+00:00","og_image":[{"width":1920,"height":886,"url":"https:\/\/www.visitamalfi.info\/wp-content\/uploads\/2023\/07\/eventi.jpg","type":"image\/jpeg"}],"author":"Federica Dumont","twitter_card":"summary_large_image","twitter_misc":{"\u00c9crit par":"Federica Dumont","Dur\u00e9e de lecture estim\u00e9e":"5 minutes"},"schema":{"@context":"https:\/\/schema.org","@graph":[{"@type":"Article","@id":"https:\/\/www.visitamalfi.info\/fr\/festival-dete-damalfi-2024\/#article","isPartOf":{"@id":"https:\/\/www.visitamalfi.info\/fr\/festival-dete-damalfi-2024\/"},"author":{"name":"Federica Dumont","@id":"https:\/\/www.visitamalfi.info\/fr\/#\/schema\/person\/0c7584af846d5d2da6c69f7e68f3af96"},"headline":"Festival d&#8217;\u00e9t\u00e9 d&#8217;Amalfi 2024","datePublished":"2024-06-10T09:24:54+00:00","dateModified":"2024-06-10T09:29:17+00:00","mainEntityOfPage":{"@id":"https:\/\/www.visitamalfi.info\/fr\/festival-dete-damalfi-2024\/"},"wordCount":1022,"commentCount":0,"publisher":{"@id":"https:\/\/www.visitamalfi.info\/fr\/#organization"},"image":{"@id":"https:\/\/www.visitamalfi.info\/fr\/festival-dete-damalfi-2024\/#primaryimage"},"thumbnailUrl":"https:\/\/www.visitamalfi.info\/wp-content\/uploads\/2023\/07\/eventi.jpg","keywords":["amalfi","amalfi summer 24","\u00e9v\u00e9nements"],"articleSection":["Consigli di viaggio","Eventi","tradition"],"inLanguage":"fr-FR","potentialAction":[{"@type":"CommentAction","name":"Comment","target":["https:\/\/www.visitamalfi.info\/fr\/festival-dete-damalfi-2024\/#respond"]}]},{"@type":"WebPage","@id":"https:\/\/www.visitamalfi.info\/fr\/festival-dete-damalfi-2024\/","url":"https:\/\/www.visitamalfi.info\/fr\/festival-dete-damalfi-2024\/","name":"Festival d'\u00e9t\u00e9 d'Amalfi 2024 - Visit Amalfi","isPartOf":{"@id":"https:\/\/www.visitamalfi.info\/fr\/#website"},"primaryImageOfPage":{"@id":"https:\/\/www.visitamalfi.info\/fr\/festival-dete-damalfi-2024\/#primaryimage"},"image":{"@id":"https:\/\/www.visitamalfi.info\/fr\/festival-dete-damalfi-2024\/#primaryimage"},"thumbnailUrl":"https:\/\/www.visitamalfi.info\/wp-content\/uploads\/2023\/07\/eventi.jpg","datePublished":"2024-06-10T09:24:54+00:00","dateModified":"2024-06-10T09:29:17+00:00","breadcrumb":{"@id":"https:\/\/www.visitamalfi.info\/fr\/festival-dete-damalfi-2024\/#breadcrumb"},"inLanguage":"fr-FR","potentialAction":[{"@type":"ReadAction","target":["https:\/\/www.visitamalfi.info\/fr\/festival-dete-damalfi-2024\/"]}]},{"@type":"ImageObject","inLanguage":"fr-FR","@id":"https:\/\/www.visitamalfi.info\/fr\/festival-dete-damalfi-2024\/#primaryimage","url":"https:\/\/www.visitamalfi.info\/wp-content\/uploads\/2023\/07\/eventi.jpg","contentUrl":"https:\/\/www.visitamalfi.info\/wp-content\/uploads\/2023\/07\/eventi.jpg","width":1920,"height":886},{"@type":"BreadcrumbList","@id":"https:\/\/www.visitamalfi.info\/fr\/festival-dete-damalfi-2024\/#breadcrumb","itemListElement":[{"@type":"ListItem","position":1,"name":"Home","item":"https:\/\/www.visitamalfi.info\/fr\/"},{"@type":"ListItem","position":2,"name":"Festival d&#8217;\u00e9t\u00e9 d&#8217;Amalfi 2024"}]},{"@type":"WebSite","@id":"https:\/\/www.visitamalfi.info\/fr\/#website","url":"https:\/\/www.visitamalfi.info\/fr\/","name":"Visit Amalfi","description":"Amalfi Destination Official Website","publisher":{"@id":"https:\/\/www.visitamalfi.info\/fr\/#organization"},"potentialAction":[{"@type":"SearchAction","target":{"@type":"EntryPoint","urlTemplate":"https:\/\/www.visitamalfi.info\/fr\/?s={search_term_string}"},"query-input":{"@type":"PropertyValueSpecification","valueRequired":true,"valueName":"search_term_string"}}],"inLanguage":"fr-FR"},{"@type":"Organization","@id":"https:\/\/www.visitamalfi.info\/fr\/#organization","name":"Visit Amalfi","url":"https:\/\/www.visitamalfi.info\/fr\/","logo":{"@type":"ImageObject","inLanguage":"fr-FR","@id":"https:\/\/www.visitamalfi.info\/fr\/#\/schema\/logo\/image\/","url":"https:\/\/www.visitamalfi.info\/wp-content\/uploads\/2023\/04\/visit-amalfi-logo-web.png","contentUrl":"https:\/\/www.visitamalfi.info\/wp-content\/uploads\/2023\/04\/visit-amalfi-logo-web.png","width":800,"height":870,"caption":"Visit Amalfi"},"image":{"@id":"https:\/\/www.visitamalfi.info\/fr\/#\/schema\/logo\/image\/"},"sameAs":["https:\/\/www.facebook.com\/visitamalfiofficial","https:\/\/www.instagram.com\/visitamalfiofficial\/"]},{"@type":"Person","@id":"https:\/\/www.visitamalfi.info\/fr\/#\/schema\/person\/0c7584af846d5d2da6c69f7e68f3af96","name":"Federica Dumont","image":{"@type":"ImageObject","inLanguage":"fr-FR","@id":"https:\/\/secure.gravatar.com\/avatar\/0803dab414b6c6f1fd2399680f587870a020419b6ebe9d36dd75df06a6a68060?s=96&d=mm&r=g","url":"https:\/\/secure.gravatar.com\/avatar\/0803dab414b6c6f1fd2399680f587870a020419b6ebe9d36dd75df06a6a68060?s=96&d=mm&r=g","contentUrl":"https:\/\/secure.gravatar.com\/avatar\/0803dab414b6c6f1fd2399680f587870a020419b6ebe9d36dd75df06a6a68060?s=96&d=mm&r=g","caption":"Federica Dumont"},"url":"https:\/\/www.visitamalfi.info\/fr\/author\/federica\/"}]}},"_links":{"self":[{"href":"https:\/\/www.visitamalfi.info\/fr\/wp-json\/wp\/v2\/posts\/19145","targetHints":{"allow":["GET"]}}],"collection":[{"href":"https:\/\/www.visitamalfi.info\/fr\/wp-json\/wp\/v2\/posts"}],"about":[{"href":"https:\/\/www.visitamalfi.info\/fr\/wp-json\/wp\/v2\/types\/post"}],"author":[{"embeddable":true,"href":"https:\/\/www.visitamalfi.info\/fr\/wp-json\/wp\/v2\/users\/7"}],"replies":[{"embeddable":true,"href":"https:\/\/www.visitamalfi.info\/fr\/wp-json\/wp\/v2\/comments?post=19145"}],"version-history":[{"count":1,"href":"https:\/\/www.visitamalfi.info\/fr\/wp-json\/wp\/v2\/posts\/19145\/revisions"}],"predecessor-version":[{"id":19146,"href":"https:\/\/www.visitamalfi.info\/fr\/wp-json\/wp\/v2\/posts\/19145\/revisions\/19146"}],"wp:featuredmedia":[{"embeddable":true,"href":"https:\/\/www.visitamalfi.info\/fr\/wp-json\/wp\/v2\/media\/5278"}],"wp:attachment":[{"href":"https:\/\/www.visitamalfi.info\/fr\/wp-json\/wp\/v2\/media?parent=19145"}],"wp:term":[{"taxonomy":"category","embeddable":true,"href":"https:\/\/www.visitamalfi.info\/fr\/wp-json\/wp\/v2\/categories?post=19145"},{"taxonomy":"post_tag","embeddable":true,"href":"https:\/\/www.visitamalfi.info\/fr\/wp-json\/wp\/v2\/tags?post=19145"}],"curies":[{"name":"wp","href":"https:\/\/api.w.org\/{rel}","templated":true}]}}