{"id":9457,"global_id":"www.visitamalfi.info\/fr\/?id=9457","global_id_lineage":["www.visitamalfi.info\/fr\/?id=9457"],"author":"7","status":"publish","date":"2023-06-07 18:50:48","date_utc":"2023-06-07 16:50:48","modified":"2023-06-07 18:50:48","modified_utc":"2023-06-07 16:50:48","url":"https:\/\/www.visitamalfi.info\/fr\/\u00e9v\u00e9nement\/borghi-in-festa-belvedere-di-lone\/","rest_url":"https:\/\/www.visitamalfi.info\/fr\/wp-json\/tribe\/events\/v1\/events\/9457","title":"Borghi in Festa-Belvedere di Lone","description":"<p>L&#8217;un des \u00e9v\u00e9nements les plus enchanteurs du programme estival d&#8217;Amalfi est de retour : Concerto al Tramonto &#8211; Promenade a Sud.<\/p>\n<p><em>Promenade a Sud <\/em>est un voyage plein d&#8217;espoir dans la tradition musicale du sud, \u00e0 travers les m\u00e9lodies anciennes et magiques de la villanelle, de la moresche et des cunti populaires avec leurs rythmes captivants de notre patrimoine musical de Campanie, d&#8217;Italie du Sud et de tout le bassin m\u00e9diterran\u00e9en. Dans ce voyage musical, une fen\u00eatre d\u00e9di\u00e9e \u00e0 la grande chanson classique napolitaine, de l&#8217;art des affiches du XXe si\u00e8cle aux compositeurs contemporains tels que De Simone, Bennato et Faiello, ne peut manquer. Un concert qui puise \u00e0 la fois dans le vaste monde populaire et dans le monde cultiv\u00e9, d\u00e9licat et \u00e9l\u00e9gant. L&#8217;utilisation d&#8217;instruments classiques, comme la fl\u00fbte, et traditionnels, comme la chitarra battente et la ciaramella, \u00e9voque et cite les sons ancestraux intemporels qui ont toujours \u00e9t\u00e9 l&#8217;expression de notre <em>\u00eatre<\/em> le plus profond. Avec <strong>Matteo Mauriello, Marianita Carfora, Sossio Arciprete, Vincenzo Laudiero, Fulvio Gombos, Gianluca Mercurio<\/strong> et <strong>Sergio Sivori<\/strong> en tant que narrateur.<\/p>","excerpt":"<p>Promenade a Sud est un voyage plein d&#8217;espoir dans la tradition musicale du sud, \u00e0 travers les m\u00e9lodies anciennes et magiques de la villanelle, de la moresche et des cunti populaires avec leurs rythmes captivants de notre patrimoine musical campanien.<\/p>","slug":"borghi-in-festa-belvedere-di-lone","image":false,"all_day":false,"start_date":"2023-09-05 18:30:00","start_date_details":{"year":"2023","month":"09","day":"05","hour":"18","minutes":"30","seconds":"00"},"end_date":"2023-09-05 20:30:00","end_date_details":{"year":"2023","month":"09","day":"05","hour":"20","minutes":"30","seconds":"00"},"utc_start_date":"2023-09-05 16:30:00","utc_start_date_details":{"year":"2023","month":"09","day":"05","hour":"16","minutes":"30","seconds":"00"},"utc_end_date":"2023-09-05 18:30:00","utc_end_date_details":{"year":"2023","month":"09","day":"05","hour":"18","minutes":"30","seconds":"00"},"timezone":"Europe\/Rome","timezone_abbr":"CEST","cost":"","cost_details":{"currency_symbol":"","currency_code":"","currency_position":"","values":[]},"website":"https:\/\/www.visitamalfi.info\/fr\/\u00e9v\u00e9nement\/borghi-in-festa-belvedere-di-lone\/","show_map":true,"show_map_link":true,"hide_from_listings":false,"sticky":false,"featured":false,"categories":[{"name":"musica dal vivo","slug":"musica-dal-vivo-fr","term_group":0,"term_taxonomy_id":317,"taxonomy":"tribe_events_cat","description":"","parent":0,"count":41,"filter":"raw","id":317,"urls":{"self":"https:\/\/www.visitamalfi.info\/fr\/wp-json\/tribe\/events\/v1\/categories\/317","collection":"https:\/\/www.visitamalfi.info\/fr\/wp-json\/tribe\/events\/v1\/categories"}}],"tags":[{"name":"amalfi","slug":"amalfi-fr","term_group":0,"term_taxonomy_id":259,"taxonomy":"post_tag","description":"","parent":0,"count":55,"filter":"raw","id":259,"urls":{"self":"https:\/\/www.visitamalfi.info\/fr\/wp-json\/tribe\/events\/v1\/tags\/259","collection":"https:\/\/www.visitamalfi.info\/fr\/wp-json\/tribe\/events\/v1\/tags"}},{"name":"amalficoast","slug":"amalficoast-fr","term_group":0,"term_taxonomy_id":580,"taxonomy":"post_tag","description":"","parent":0,"count":10,"filter":"raw","id":580,"urls":{"self":"https:\/\/www.visitamalfi.info\/fr\/wp-json\/tribe\/events\/v1\/tags\/580","collection":"https:\/\/www.visitamalfi.info\/fr\/wp-json\/tribe\/events\/v1\/tags"}},{"name":"Concert au coucher du soleil","slug":"concert-au-coucher-du-soleil","term_group":0,"term_taxonomy_id":732,"taxonomy":"post_tag","description":"","parent":0,"count":1,"filter":"raw","id":732,"urls":{"self":"https:\/\/www.visitamalfi.info\/fr\/wp-json\/tribe\/events\/v1\/tags\/732","collection":"https:\/\/www.visitamalfi.info\/fr\/wp-json\/tribe\/events\/v1\/tags"}},{"name":"eventsinamalfi","slug":"eventsinamalfi-fr","term_group":0,"term_taxonomy_id":734,"taxonomy":"post_tag","description":"","parent":0,"count":1,"filter":"raw","id":734,"urls":{"self":"https:\/\/www.visitamalfi.info\/fr\/wp-json\/tribe\/events\/v1\/tags\/734","collection":"https:\/\/www.visitamalfi.info\/fr\/wp-json\/tribe\/events\/v1\/tags"}},{"name":"Fulvio Gombos","slug":"fulvio-gombos-fr","term_group":0,"term_taxonomy_id":739,"taxonomy":"post_tag","description":"","parent":0,"count":1,"filter":"raw","id":739,"urls":{"self":"https:\/\/www.visitamalfi.info\/fr\/wp-json\/tribe\/events\/v1\/tags\/739","collection":"https:\/\/www.visitamalfi.info\/fr\/wp-json\/tribe\/events\/v1\/tags"}},{"name":"Gianluca Mercurio","slug":"gianluca-mercurio-fr","term_group":0,"term_taxonomy_id":740,"taxonomy":"post_tag","description":"","parent":0,"count":1,"filter":"raw","id":740,"urls":{"self":"https:\/\/www.visitamalfi.info\/fr\/wp-json\/tribe\/events\/v1\/tags\/740","collection":"https:\/\/www.visitamalfi.info\/fr\/wp-json\/tribe\/events\/v1\/tags"}},{"name":"Marianita Carfora","slug":"marianita-carfora-fr","term_group":0,"term_taxonomy_id":736,"taxonomy":"post_tag","description":"","parent":0,"count":1,"filter":"raw","id":736,"urls":{"self":"https:\/\/www.visitamalfi.info\/fr\/wp-json\/tribe\/events\/v1\/tags\/736","collection":"https:\/\/www.visitamalfi.info\/fr\/wp-json\/tribe\/events\/v1\/tags"}},{"name":"Matteo Mauriello","slug":"matteo-mauriello-fr","term_group":0,"term_taxonomy_id":735,"taxonomy":"post_tag","description":"","parent":0,"count":1,"filter":"raw","id":735,"urls":{"self":"https:\/\/www.visitamalfi.info\/fr\/wp-json\/tribe\/events\/v1\/tags\/735","collection":"https:\/\/www.visitamalfi.info\/fr\/wp-json\/tribe\/events\/v1\/tags"}},{"name":"Promenade a Sud","slug":"promenade-a-sud-fr","term_group":0,"term_taxonomy_id":733,"taxonomy":"post_tag","description":"","parent":0,"count":1,"filter":"raw","id":733,"urls":{"self":"https:\/\/www.visitamalfi.info\/fr\/wp-json\/tribe\/events\/v1\/tags\/733","collection":"https:\/\/www.visitamalfi.info\/fr\/wp-json\/tribe\/events\/v1\/tags"}},{"name":"Sergio Sivori","slug":"sergio-sivori-fr","term_group":0,"term_taxonomy_id":741,"taxonomy":"post_tag","description":"","parent":0,"count":1,"filter":"raw","id":741,"urls":{"self":"https:\/\/www.visitamalfi.info\/fr\/wp-json\/tribe\/events\/v1\/tags\/741","collection":"https:\/\/www.visitamalfi.info\/fr\/wp-json\/tribe\/events\/v1\/tags"}},{"name":"Sossio Arciprete","slug":"sossio-arciprete-fr","term_group":0,"term_taxonomy_id":737,"taxonomy":"post_tag","description":"","parent":0,"count":1,"filter":"raw","id":737,"urls":{"self":"https:\/\/www.visitamalfi.info\/fr\/wp-json\/tribe\/events\/v1\/tags\/737","collection":"https:\/\/www.visitamalfi.info\/fr\/wp-json\/tribe\/events\/v1\/tags"}},{"name":"summer2023","slug":"summer2023-fr","term_group":0,"term_taxonomy_id":314,"taxonomy":"post_tag","description":"","parent":0,"count":13,"filter":"raw","id":314,"urls":{"self":"https:\/\/www.visitamalfi.info\/fr\/wp-json\/tribe\/events\/v1\/tags\/314","collection":"https:\/\/www.visitamalfi.info\/fr\/wp-json\/tribe\/events\/v1\/tags"}},{"name":"Vincenzo Laudiero","slug":"vincenzo-laudiero-fr","term_group":0,"term_taxonomy_id":738,"taxonomy":"post_tag","description":"","parent":0,"count":1,"filter":"raw","id":738,"urls":{"self":"https:\/\/www.visitamalfi.info\/fr\/wp-json\/tribe\/events\/v1\/tags\/738","collection":"https:\/\/www.visitamalfi.info\/fr\/wp-json\/tribe\/events\/v1\/tags"}}],"venue":{"id":3902,"author":"7","status":"publish","date":"2023-06-14 10:11:26","date_utc":"2023-06-14 08:11:26","modified":"2023-06-14 10:11:26","modified_utc":"2023-06-14 08:11:26","url":"https:\/\/www.visitamalfi.info\/lieu\/belvedere-di-lone\/","venue":"Belvedere di Lone","slug":"belvedere-di-lone","json_ld":{"@type":"Place","name":"Belvedere di Lone","description":"","url":"","address":{"@type":"PostalAddress"},"telephone":"","sameAs":""},"show_map":true,"show_map_link":true,"global_id":"www.visitamalfi.info\/fr\/?id=3902","global_id_lineage":["www.visitamalfi.info\/fr\/?id=3902"]},"organizer":[],"custom_fields":[],"json_ld":{"@context":"http:\/\/schema.org","@type":"Event","name":"Borghi in Festa-Belvedere di Lone","description":"&lt;p&gt;Promenade a Sud est un voyage plein d\\'espoir dans la tradition musicale du sud, \u00e0 travers les m\u00e9lodies anciennes et magiques de la villanelle, de la moresche et des cunti populaires avec leurs rythmes captivants de notre patrimoine musical campanien.&lt;\/p&gt;\\n","url":"https:\/\/www.visitamalfi.info\/fr\/\u00e9v\u00e9nement\/borghi-in-festa-belvedere-di-lone\/","eventAttendanceMode":"https:\/\/schema.org\/OfflineEventAttendanceMode","eventStatus":"https:\/\/schema.org\/EventScheduled","startDate":"2023-09-05T18:30:00+02:00","endDate":"2023-09-05T20:30:00+02:00","location":{"@type":"Place","name":"Belvedere di Lone","description":"","url":"","address":{"@type":"PostalAddress"},"telephone":"","sameAs":""},"performer":"Organization"}}