{"id":20067,"global_id":"www.visitamalfi.info\/fr\/?id=20067","global_id_lineage":["www.visitamalfi.info\/fr\/?id=20067"],"author":"7","status":"publish","date":"2024-10-15 11:57:08","date_utc":"2024-10-15 09:57:08","modified":"2024-10-15 11:57:08","modified_utc":"2024-10-15 09:57:08","url":"https:\/\/www.visitamalfi.info\/fr\/\u00e9v\u00e9nement\/celebrations-en-lhonneur-de-saint-andre-lapotre\/","rest_url":"https:\/\/www.visitamalfi.info\/fr\/wp-json\/tribe\/events\/v1\/events\/20067","title":"C\u00e9l\u00e9brations en l&#8217;honneur de Saint-Andr\u00e9 l&#8217;Ap\u00f4tre","description":"<p>Saint-Andr\u00e9 l&#8217;Ap\u00f4tre est le patron de la ville d&#8217;Amalfi, qui le f\u00eate deux fois par an : <strong>le 27 juin et le 30 novembre.<\/strong><\/p>\n<article id=\"cos_e\" class=\"it-page-section anchor-offset\">\n<div class=\"\">\n<div class=\"richtext-wrapper lora\">\n<p>La f\u00eate du 30 novembre, qui suit celle du 27 juin qu&#8217;Amalfi c\u00e9l\u00e8bre motu proprio, tombe le jour o\u00f9 le calendrier de l&#8217;\u00c9glise catholique c\u00e9l\u00e8bre l&#8217;ap\u00f4tre. La f\u00eate de Saint-Andr\u00e9 est l&#8217;\u00e9v\u00e9nement le plus populaire pour les r\u00e9sidents et les non-r\u00e9sidents d&#8217;Amalfi. Tout le monde essaie d&#8217;\u00eatre pr\u00e9sent sur la Piazza Duomo pour attendre la sortie de la splendide statue en bronze de l&#8217;ap\u00f4tre Andr\u00e9 de la majestueuse cath\u00e9drale, c\u00e9l\u00e8bre dans le monde entier pour sa beaut\u00e9. L&#8217;effigie du saint est accompagn\u00e9e en procession dans les rues d&#8217;Amalfi, offrant aux fid\u00e8les et aux visiteurs des moments d&#8217;\u00e9motion et de d\u00e9couverte du c\u0153ur le plus cach\u00e9 et le plus ancien de la ville. Celui li\u00e9 aux rites de la foi et de la d\u00e9votion \u00e0 son saint patron. Accompagn\u00e9e par les fid\u00e8les et la fanfare, la procession, apr\u00e8s avoir travers\u00e9 la ville, se termine par la c\u00e9l\u00e8bre et spectaculaire mont\u00e9e des marches de la cath\u00e9drale d\u00e9di\u00e9e \u00e0 Saint-Andr\u00e9. Les porteurs, tous v\u00eatus de rouge, montent le majestueux escalier accompagn\u00e9s par la marche de Mo\u00efse en \u00c9gypte de Rossini et encourag\u00e9s par la foule des fid\u00e8les. Une fois en haut, la tension se dissipe dans un applaudissement nourri, impliquant toute la place, qui se fond dans l&#8217;\u00e9motion et l&#8217;effervescence du salut au saint patron. Source : <em>comune.amalfi.sa.it<\/em><\/p>\n<\/div>\n<\/div>\n<\/article>","excerpt":"<p>Saint Andr\u00e9 l&#8217;Ap\u00f4tre est le patron de la ville d&#8217;Amalfi, qui le f\u00eate deux fois par an : le 27 juin et le 30 novembre. La f\u00eate du 30 novembre, qui suit celle du 27 juin qu&#8217;Amalfi c\u00e9l\u00e8bre motu proprio, tombe le jour o\u00f9 le calendrier de l&#8217;\u00c9glise catholique c\u00e9l\u00e8bre l&#8217;ap\u00f4tre. <\/p>","slug":"celebrations-en-lhonneur-de-saint-andre-lapotre","image":{"url":"https:\/\/www.visitamalfi.info\/wp-content\/uploads\/2024\/03\/80-Cattedrale-foto-abbagnara-2.jpg","id":15118,"extension":"jpg","width":1920,"height":1280,"filesize":550754,"sizes":{"medium":{"width":300,"height":200,"mime-type":"image\/jpeg","filesize":55516,"url":"https:\/\/www.visitamalfi.info\/wp-content\/uploads\/2024\/03\/80-Cattedrale-foto-abbagnara-2-300x200.jpg"},"large":{"width":1024,"height":683,"mime-type":"image\/jpeg","filesize":205395,"url":"https:\/\/www.visitamalfi.info\/wp-content\/uploads\/2024\/03\/80-Cattedrale-foto-abbagnara-2-1024x683.jpg"},"thumbnail":{"width":300,"height":300,"mime-type":"image\/jpeg","filesize":63082,"url":"https:\/\/www.visitamalfi.info\/wp-content\/uploads\/2024\/03\/80-Cattedrale-foto-abbagnara-2-300x300.jpg"},"medium_large":{"width":768,"height":512,"mime-type":"image\/jpeg","filesize":138245,"url":"https:\/\/www.visitamalfi.info\/wp-content\/uploads\/2024\/03\/80-Cattedrale-foto-abbagnara-2-768x512.jpg"},"1536x1536":{"width":1536,"height":1024,"mime-type":"image\/jpeg","filesize":367137,"url":"https:\/\/www.visitamalfi.info\/wp-content\/uploads\/2024\/03\/80-Cattedrale-foto-abbagnara-2-1536x1024.jpg"},"post-thumbnail":{"width":870,"height":580,"mime-type":"image\/jpeg","filesize":164264,"url":"https:\/\/www.visitamalfi.info\/wp-content\/uploads\/2024\/03\/80-Cattedrale-foto-abbagnara-2-870x580.jpg"},"ignition_item":{"width":615,"height":410,"mime-type":"image\/jpeg","filesize":106139,"url":"https:\/\/www.visitamalfi.info\/wp-content\/uploads\/2024\/03\/80-Cattedrale-foto-abbagnara-2-615x410.jpg"},"ignition_item_lg":{"width":1240,"height":825,"mime-type":"image\/jpeg","filesize":269705,"url":"https:\/\/www.visitamalfi.info\/wp-content\/uploads\/2024\/03\/80-Cattedrale-foto-abbagnara-2-1240x825.jpg"},"ignition_article_media":{"width":510,"height":510,"mime-type":"image\/jpeg","filesize":103561,"url":"https:\/\/www.visitamalfi.info\/wp-content\/uploads\/2024\/03\/80-Cattedrale-foto-abbagnara-2-510x510.jpg"},"ignition_minicart_item":{"width":160,"height":160,"mime-type":"image\/jpeg","filesize":44235,"url":"https:\/\/www.visitamalfi.info\/wp-content\/uploads\/2024\/03\/80-Cattedrale-foto-abbagnara-2-160x160.jpg"},"ignition_cousteau_pro_item_package":{"width":555,"height":790,"mime-type":"image\/jpeg","filesize":139127,"url":"https:\/\/www.visitamalfi.info\/wp-content\/uploads\/2024\/03\/80-Cattedrale-foto-abbagnara-2-555x790.jpg"},"maxslider_slide":{"width":750,"height":450,"mime-type":"image\/jpeg","filesize":126200,"url":"https:\/\/www.visitamalfi.info\/wp-content\/uploads\/2024\/03\/80-Cattedrale-foto-abbagnara-2-750x450.jpg"}}},"all_day":true,"start_date":"2024-11-30 00:00:00","start_date_details":{"year":"2024","month":"11","day":"30","hour":"00","minutes":"00","seconds":"00"},"end_date":"2024-11-30 23:59:59","end_date_details":{"year":"2024","month":"11","day":"30","hour":"23","minutes":"59","seconds":"59"},"utc_start_date":"2024-11-29 23:00:00","utc_start_date_details":{"year":"2024","month":"11","day":"29","hour":"23","minutes":"00","seconds":"00"},"utc_end_date":"2024-11-30 22:59:59","utc_end_date_details":{"year":"2024","month":"11","day":"30","hour":"22","minutes":"59","seconds":"59"},"timezone":"Europe\/Rome","timezone_abbr":"CET","cost":"","cost_details":{"currency_symbol":"","currency_code":"","currency_position":"","values":[]},"website":"https:\/\/www.visitamalfi.info\/fr\/\u00e9v\u00e9nement\/celebrations-en-lhonneur-de-saint-andre-lapotre\/","show_map":true,"show_map_link":true,"hide_from_listings":false,"sticky":false,"featured":false,"categories":[{"name":"culture","slug":"culture","term_group":0,"term_taxonomy_id":587,"taxonomy":"tribe_events_cat","description":"","parent":0,"count":10,"filter":"raw","id":587,"urls":{"self":"https:\/\/www.visitamalfi.info\/fr\/wp-json\/tribe\/events\/v1\/categories\/587","collection":"https:\/\/www.visitamalfi.info\/fr\/wp-json\/tribe\/events\/v1\/categories"}},{"name":"tradizione","slug":"tradizione-fr","term_group":0,"term_taxonomy_id":397,"taxonomy":"tribe_events_cat","description":"","parent":0,"count":34,"filter":"raw","id":397,"urls":{"self":"https:\/\/www.visitamalfi.info\/fr\/wp-json\/tribe\/events\/v1\/categories\/397","collection":"https:\/\/www.visitamalfi.info\/fr\/wp-json\/tribe\/events\/v1\/categories"}}],"tags":[{"name":"Saint-Andr\u00e9 l'Ap\u00f4tre","slug":"saint-andre-lapotre","term_group":0,"term_taxonomy_id":1881,"taxonomy":"post_tag","description":"","parent":0,"count":1,"filter":"raw","id":1881,"urls":{"self":"https:\/\/www.visitamalfi.info\/fr\/wp-json\/tribe\/events\/v1\/tags\/1881","collection":"https:\/\/www.visitamalfi.info\/fr\/wp-json\/tribe\/events\/v1\/tags"}}],"venue":{"id":3896,"author":"7","status":"publish","date":"2023-06-14 09:54:47","date_utc":"2023-06-14 07:54:47","modified":"2023-06-14 09:54:47","modified_utc":"2023-06-14 07:54:47","url":"https:\/\/www.visitamalfi.info\/lieu\/amalfi\/","venue":"amalfi","slug":"amalfi","json_ld":{"@type":"Place","name":"amalfi","description":"","url":"","address":{"@type":"PostalAddress"},"telephone":"","sameAs":""},"show_map":true,"show_map_link":true,"global_id":"www.visitamalfi.info\/fr\/?id=3896","global_id_lineage":["www.visitamalfi.info\/fr\/?id=3896"]},"organizer":[],"custom_fields":[],"json_ld":{"@context":"http:\/\/schema.org","@type":"Event","name":"C\u00e9l\u00e9brations en l&#8217;honneur de Saint-Andr\u00e9 l&#8217;Ap\u00f4tre","description":"&lt;p&gt;Saint Andr\u00e9 l\\'Ap\u00f4tre est le patron de la ville d\\'Amalfi, qui le f\u00eate deux fois par an : le 27 juin et le 30 novembre. La f\u00eate du 30 novembre, qui suit celle du 27 juin qu\\'Amalfi c\u00e9l\u00e8bre motu proprio, tombe le jour o\u00f9 le calendrier de l\\'\u00c9glise catholique c\u00e9l\u00e8bre l\\'ap\u00f4tre. &lt;\/p&gt;\\n","image":"https:\/\/www.visitamalfi.info\/wp-content\/uploads\/2024\/03\/80-Cattedrale-foto-abbagnara-2.jpg","url":"https:\/\/www.visitamalfi.info\/fr\/\u00e9v\u00e9nement\/celebrations-en-lhonneur-de-saint-andre-lapotre\/","eventAttendanceMode":"https:\/\/schema.org\/OfflineEventAttendanceMode","eventStatus":"https:\/\/schema.org\/EventScheduled","startDate":"2024-11-30T00:00:00+01:00","endDate":"2024-11-30T23:59:59+01:00","location":{"@type":"Place","name":"amalfi","description":"","url":"","address":{"@type":"PostalAddress"},"telephone":"","sameAs":""},"performer":"Organization"}}