{"id":23800,"date":"2026-01-20T15:55:08","date_gmt":"2026-01-20T14:55:08","guid":{"rendered":"https:\/\/www.visitamalfi.info\/amalfi-mas-alla-de-la-postal-que-ver-cuando-ir-y-como-vivirla-de-verdad\/"},"modified":"2026-01-20T15:55:08","modified_gmt":"2026-01-20T14:55:08","slug":"amalfi-mas-alla-de-la-postal-que-ver-cuando-ir-y-como-vivirla-de-verdad","status":"publish","type":"post","link":"https:\/\/www.visitamalfi.info\/es\/amalfi-mas-alla-de-la-postal-que-ver-cuando-ir-y-como-vivirla-de-verdad\/","title":{"rendered":"Amalfi m\u00e1s all\u00e1 de la postal: qu\u00e9 ver, cu\u00e1ndo ir y c\u00f3mo vivirla de verdad"},"content":{"rendered":"<p data-start=\"293\" data-end=\"638\">Cuando uno piensa en <strong data-start=\"312\" data-end=\"322\">Amalfi<\/strong>, la imagen es casi siempre la misma: la catedral dominando la plaza, el mar resplandeciente y las casas que parecen trepar por la roca, casi como un bel\u00e9n. Y todo es cierto.<br data-start=\"477\" data-end=\"480\">Pero Amalfi no es s\u00f3lo una postal perfecta: es un lugar que cambia de rostro seg\u00fan <strong data-start=\"566\" data-end=\"637\">cu\u00e1ndo lo vivas, c\u00f3mo lo atravieses y qu\u00e9 elijas mirar<\/strong>.<img fetchpriority=\"high\" decoding=\"async\" class=\"size-medium wp-image-21311 alignleft\" src=\"https:\/\/www.visitamalfi.info\/wp-content\/uploads\/2025\/04\/WhatsApp-Image-2025-04-17-at-10.29.13-3-300x200.jpeg\" alt=\"Amalfi Jard\u00edn Monumental_Amalfi_Vista_panor\u00e1mica\" width=\"300\" height=\"200\" srcset=\"https:\/\/www.visitamalfi.info\/wp-content\/uploads\/2025\/04\/WhatsApp-Image-2025-04-17-at-10.29.13-3-300x200.jpeg 300w, https:\/\/www.visitamalfi.info\/wp-content\/uploads\/2025\/04\/WhatsApp-Image-2025-04-17-at-10.29.13-3-1024x683.jpeg 1024w, https:\/\/www.visitamalfi.info\/wp-content\/uploads\/2025\/04\/WhatsApp-Image-2025-04-17-at-10.29.13-3-768x512.jpeg 768w, https:\/\/www.visitamalfi.info\/wp-content\/uploads\/2025\/04\/WhatsApp-Image-2025-04-17-at-10.29.13-3-1536x1024.jpeg 1536w, https:\/\/www.visitamalfi.info\/wp-content\/uploads\/2025\/04\/WhatsApp-Image-2025-04-17-at-10.29.13-3-870x580.jpeg 870w, https:\/\/www.visitamalfi.info\/wp-content\/uploads\/2025\/04\/WhatsApp-Image-2025-04-17-at-10.29.13-3-615x410.jpeg 615w, https:\/\/www.visitamalfi.info\/wp-content\/uploads\/2025\/04\/WhatsApp-Image-2025-04-17-at-10.29.13-3-1240x825.jpeg 1240w, https:\/\/www.visitamalfi.info\/wp-content\/uploads\/2025\/04\/WhatsApp-Image-2025-04-17-at-10.29.13-3.jpeg 1920w\" sizes=\"(max-width: 300px) 100vw, 300px\" \/><\/p>\n<p data-start=\"640\" data-end=\"854\">En este art\u00edculo te llevamos a un <strong data-start=\"693\" data-end=\"721\">aut\u00e9ntico descubrimiento de Amalfi<\/strong>, con consejos \u00fatiles sobre c\u00f3mo organizar tu visita, conocer la mejor \u00e9poca del a\u00f1o y descubrir rincones menos obvios de la ciudad.<\/p>\n<h3 data-start=\"861\" data-end=\"943\"><strong data-start=\"865\" data-end=\"943\">\u00bfPor qu\u00e9 Amalfi es uno de los destinos m\u00e1s populares de la Costa Amalfitana?<\/strong><\/h3>\n<p data-start=\"945\" data-end=\"1192\">Amalfi fue una de las <strong data-start=\"970\" data-end=\"1023\">Rep\u00fablicas Mar\u00edtimas m\u00e1s poderosas del Mediterr\u00e1neo<\/strong>, un pasado que a\u00fan hoy se respira entre sus callejuelas, arcos, escaleras y tiendas antiguas.<br data-start=\"1110\" data-end=\"1113\">Caminando por el centro, uno camina literalmente por la historia, entre:<\/p>\n<ul data-start=\"1194\" data-end=\"1392\">\n<li data-start=\"1194\" data-end=\"1246\">\n<p data-start=\"1196\" data-end=\"1246\">La <strong data-start=\"1199\" data-end=\"1223\">Catedral de San Andr\u00e9s<\/strong>, s\u00edmbolo de la ciudad<\/p>\n<\/li>\n<li data-start=\"1247\" data-end=\"1309\">\n<p data-start=\"1249\" data-end=\"1309\">El <strong data-start=\"1252\" data-end=\"1277\">Claustro del Para\u00edso<\/strong>, un lugar de silencio y belleza<\/p>\n<\/li>\n<li data-start=\"1310\" data-end=\"1392\">\n<p data-start=\"1312\" data-end=\"1392\">El <strong data-start=\"1315\" data-end=\"1336\">Museo del Papel<\/strong>, que relata una antigua tradici\u00f3n artesanal local<\/p>\n<\/li>\n<\/ul>\n<p data-start=\"1394\" data-end=\"1547\">Esta estratificaci\u00f3n hist\u00f3rica hace de Amalfi un destino perfecto no s\u00f3lo para el turismo de playa, sino tambi\u00e9n (y sobre todo) para los amantes <strong data-start=\"1511\" data-end=\"1546\">del arte, la cultura y la identidad local<\/strong>.<\/p>\n<h3 data-start=\"1554\" data-end=\"1627\"><strong data-start=\"1558\" data-end=\"1627\">Cu\u00e1ndo visitar Amalfi: el mejor momento para disfrutarla de verdad<img decoding=\"async\" class=\"size-medium wp-image-23749 alignright\" src=\"https:\/\/www.visitamalfi.info\/wp-content\/uploads\/2026\/01\/17-300x200.jpg\" alt=\"\" width=\"300\" height=\"200\" srcset=\"https:\/\/www.visitamalfi.info\/wp-content\/uploads\/2026\/01\/17-300x200.jpg 300w, https:\/\/www.visitamalfi.info\/wp-content\/uploads\/2026\/01\/17-1024x682.jpg 1024w, https:\/\/www.visitamalfi.info\/wp-content\/uploads\/2026\/01\/17-768x512.jpg 768w, https:\/\/www.visitamalfi.info\/wp-content\/uploads\/2026\/01\/17-870x580.jpg 870w, https:\/\/www.visitamalfi.info\/wp-content\/uploads\/2026\/01\/17-615x410.jpg 615w, https:\/\/www.visitamalfi.info\/wp-content\/uploads\/2026\/01\/17-1240x825.jpg 1240w, https:\/\/www.visitamalfi.info\/wp-content\/uploads\/2026\/01\/17.jpg 1439w\" sizes=\"(max-width: 300px) 100vw, 300px\" \/><\/strong><\/h3>\n<p data-start=\"1629\" data-end=\"1707\">Uno de los secretos para disfrutar al m\u00e1ximo de Amalfi es <strong data-start=\"1675\" data-end=\"1706\">elegir el periodo adecuado<\/strong>.<\/p>\n<ul data-start=\"1709\" data-end=\"1970\">\n<li data-start=\"1709\" data-end=\"1791\">\n<p data-start=\"1711\" data-end=\"1791\"><strong data-start=\"1711\" data-end=\"1740\">Primavera <\/strong>: clima ideal, colores intensos, menos aglomeraciones<\/p>\n<\/li>\n<li data-start=\"1792\" data-end=\"1879\">\n<p data-start=\"1794\" data-end=\"1879\"><strong data-start=\"1794\" data-end=\"1832\">Oto\u00f1o <\/strong>: paseos por la naturaleza y un ambiente m\u00e1s relajado<\/p>\n<\/li>\n<li data-start=\"1880\" data-end=\"1970\">\n<p data-start=\"1882\" data-end=\"1970\"><strong data-start=\"1882\" data-end=\"1892\">Invierno<\/strong>: encantador y poco concurrido, ideal si te gusta la magia de las fiestas y las luces de Navidad.<\/p>\n<\/li>\n<\/ul>\n<p data-start=\"1972\" data-end=\"2150\">Si tu objetivo es descubrir la <strong data-start=\"2006\" data-end=\"2021\">verdadera Amalfi<\/strong>, estos periodos son perfectos: te permiten moverte m\u00e1s despacio y entrar en contacto con la vida cotidiana del lugar, &#8220;como un lugare\u00f1o&#8221;.<\/p>\n<h3 data-start=\"2157\" data-end=\"2212\"><strong data-start=\"2161\" data-end=\"2212\">Qu\u00e9 ver en Amalfi m\u00e1s all\u00e1 de los monumentos m\u00e1s famosos<\/strong><\/h3>\n<p data-start=\"2214\" data-end=\"2314\">Adem\u00e1s de las paradas m\u00e1s conocidas, Amalfi ofrece experiencias menos conocidas pero igualmente evocadoras:<\/p>\n<ul data-start=\"2316\" data-end=\"2607\">\n<li data-start=\"2316\" data-end=\"2392\">\n<p data-start=\"2318\" data-end=\"2392\"><strong data-start=\"2318\" data-end=\"2351\">Paseando por la ma\u00f1ana temprano<\/strong>, cuando la ciudad se despierta lentamente<\/p>\n<\/li>\n<li data-start=\"2393\" data-end=\"2469\">\n<p data-start=\"2395\" data-end=\"2469\">Perderse por las <strong data-start=\"2408\" data-end=\"2446\">callejuelas que conducen al interior<\/strong>, lejos de las multitudes<\/p>\n<\/li>\n<li data-start=\"2470\" data-end=\"2534\">\n<p data-start=\"2472\" data-end=\"2534\">Descubrir peque\u00f1os talleres <strong data-start=\"2489\" data-end=\"2511\">artesanales<\/strong> y talleres hist\u00f3ricos<\/p>\n<\/li>\n<li data-start=\"2535\" data-end=\"2607\">\n<p data-start=\"2537\" data-end=\"2607\">Sube a las aldeas de Amalfi para disfrutar de una vista diferente y emocionante<\/p>\n<\/li>\n<\/ul>\n<p data-start=\"2609\" data-end=\"2710\">Es aqu\u00ed donde Amalfi muestra su lado m\u00e1s \u00edntimo, hecho de gestos sencillos, silencios y vistas inesperadas.<\/p>\n<h3 data-start=\"3291\" data-end=\"3342\"><strong data-start=\"3295\" data-end=\"3342\"><img decoding=\"async\" class=\"size-medium wp-image-15749 alignleft\" src=\"https:\/\/www.visitamalfi.info\/wp-content\/uploads\/2024\/03\/DJI_0028@emanueleanastasioph_2giorno_castrum-pogerola-300x225.jpg\" alt=\"Amalfi_Pogerola_Castrum Pigellulae\" width=\"300\" height=\"225\" srcset=\"https:\/\/www.visitamalfi.info\/wp-content\/uploads\/2024\/03\/DJI_0028@emanueleanastasioph_2giorno_castrum-pogerola-300x225.jpg 300w, https:\/\/www.visitamalfi.info\/wp-content\/uploads\/2024\/03\/DJI_0028@emanueleanastasioph_2giorno_castrum-pogerola-1024x768.jpg 1024w, https:\/\/www.visitamalfi.info\/wp-content\/uploads\/2024\/03\/DJI_0028@emanueleanastasioph_2giorno_castrum-pogerola-768x576.jpg 768w, https:\/\/www.visitamalfi.info\/wp-content\/uploads\/2024\/03\/DJI_0028@emanueleanastasioph_2giorno_castrum-pogerola-1536x1152.jpg 1536w, https:\/\/www.visitamalfi.info\/wp-content\/uploads\/2024\/03\/DJI_0028@emanueleanastasioph_2giorno_castrum-pogerola.jpg 1920w\" sizes=\"(max-width: 300px) 100vw, 300px\" \/>Amalfi no es s\u00f3lo un destino, es una experiencia que hay que vivir<\/strong><\/h3>\n<p data-start=\"3344\" data-end=\"3511\">Amalfi no s\u00f3lo se visita: <strong data-start=\"3375\" data-end=\"3416\">se recorre, se escucha, se respira<\/strong>.<br data-start=\"3417\" data-end=\"3420\">Es una ciudad que cambia seg\u00fan c\u00f3mo la mires y el tiempo que pases en ella.<\/p>\n<p data-start=\"3513\" data-end=\"3656\"><strong>Si est\u00e1s planeando un viaje a la ciudad<\/strong>, t\u00f3mate tu tiempo para ir m\u00e1s all\u00e1 de la imagen m\u00e1s conocida: Amalfi te sorprender\u00e1.<\/p>\n","protected":false},"excerpt":{"rendered":"<p>Cuando uno piensa en Amalfi, la imagen es casi siempre la misma: la catedral dominando la plaza, el mar resplandeciente y las casas que parecen trepar por la roca, casi [&hellip;]<\/p>\n","protected":false},"author":7,"featured_media":21320,"comment_status":"open","ping_status":"closed","sticky":false,"template":"","format":"standard","meta":{"inline_featured_image":false,"footnotes":""},"categories":[726,901,263,1047,823],"tags":[1962],"class_list":["post-23800","post","type-post","status-publish","format-standard","has-post-thumbnail","hentry","category-arte-es","category-consejos-para-viajar","category-curiosidades","category-excursiones","category-historia","tag-destacado"],"yoast_head":"<!-- This site is optimized with the Yoast SEO plugin v27.3 - https:\/\/yoast.com\/product\/yoast-seo-wordpress\/ -->\n<title>Amalfi m\u00e1s all\u00e1 de la postal: qu\u00e9 ver, cu\u00e1ndo ir y c\u00f3mo vivirla de verdad - Visit Amalfi<\/title>\n<meta name=\"robots\" content=\"index, follow, max-snippet:-1, max-image-preview:large, max-video-preview:-1\" \/>\n<link rel=\"canonical\" href=\"https:\/\/www.visitamalfi.info\/es\/amalfi-mas-alla-de-la-postal-que-ver-cuando-ir-y-como-vivirla-de-verdad\/\" \/>\n<meta property=\"og:locale\" content=\"es_ES\" \/>\n<meta property=\"og:type\" content=\"article\" \/>\n<meta property=\"og:title\" content=\"Amalfi m\u00e1s all\u00e1 de la postal: qu\u00e9 ver, cu\u00e1ndo ir y c\u00f3mo vivirla de verdad - Visit Amalfi\" \/>\n<meta property=\"og:description\" content=\"Cuando uno piensa en Amalfi, la imagen es casi siempre la misma: la catedral dominando la plaza, el mar resplandeciente y las casas que parecen trepar por la roca, casi [&hellip;]\" \/>\n<meta property=\"og:url\" content=\"https:\/\/www.visitamalfi.info\/es\/amalfi-mas-alla-de-la-postal-que-ver-cuando-ir-y-como-vivirla-de-verdad\/\" \/>\n<meta property=\"og:site_name\" content=\"Visit Amalfi\" \/>\n<meta property=\"article:publisher\" content=\"https:\/\/www.facebook.com\/visitamalfiofficial\" \/>\n<meta property=\"article:published_time\" content=\"2026-01-20T14:55:08+00:00\" \/>\n<meta property=\"og:image\" content=\"https:\/\/www.visitamalfi.info\/wp-content\/uploads\/2025\/04\/WhatsApp-Image-2025-04-17-at-10.29.13-4.jpeg\" \/>\n\t<meta property=\"og:image:width\" content=\"1920\" \/>\n\t<meta property=\"og:image:height\" content=\"1280\" \/>\n\t<meta property=\"og:image:type\" content=\"image\/jpeg\" \/>\n<meta name=\"author\" content=\"Federica Dumont\" \/>\n<meta name=\"twitter:card\" content=\"summary_large_image\" \/>\n<meta name=\"twitter:label1\" content=\"Escrito por\" \/>\n\t<meta name=\"twitter:data1\" content=\"Federica Dumont\" \/>\n\t<meta name=\"twitter:label2\" content=\"Tiempo de lectura\" \/>\n\t<meta name=\"twitter:data2\" content=\"2 minutos\" \/>\n<script type=\"application\/ld+json\" class=\"yoast-schema-graph\">{\"@context\":\"https:\\\/\\\/schema.org\",\"@graph\":[{\"@type\":\"Article\",\"@id\":\"https:\\\/\\\/www.visitamalfi.info\\\/es\\\/amalfi-mas-alla-de-la-postal-que-ver-cuando-ir-y-como-vivirla-de-verdad\\\/#article\",\"isPartOf\":{\"@id\":\"https:\\\/\\\/www.visitamalfi.info\\\/es\\\/amalfi-mas-alla-de-la-postal-que-ver-cuando-ir-y-como-vivirla-de-verdad\\\/\"},\"author\":{\"name\":\"Federica Dumont\",\"@id\":\"https:\\\/\\\/www.visitamalfi.info\\\/es\\\/#\\\/schema\\\/person\\\/0c7584af846d5d2da6c69f7e68f3af96\"},\"headline\":\"Amalfi m\u00e1s all\u00e1 de la postal: qu\u00e9 ver, cu\u00e1ndo ir y c\u00f3mo vivirla de verdad\",\"datePublished\":\"2026-01-20T14:55:08+00:00\",\"mainEntityOfPage\":{\"@id\":\"https:\\\/\\\/www.visitamalfi.info\\\/es\\\/amalfi-mas-alla-de-la-postal-que-ver-cuando-ir-y-como-vivirla-de-verdad\\\/\"},\"wordCount\":512,\"commentCount\":0,\"publisher\":{\"@id\":\"https:\\\/\\\/www.visitamalfi.info\\\/es\\\/#organization\"},\"image\":{\"@id\":\"https:\\\/\\\/www.visitamalfi.info\\\/es\\\/amalfi-mas-alla-de-la-postal-que-ver-cuando-ir-y-como-vivirla-de-verdad\\\/#primaryimage\"},\"thumbnailUrl\":\"https:\\\/\\\/www.visitamalfi.info\\\/wp-content\\\/uploads\\\/2025\\\/04\\\/WhatsApp-Image-2025-04-17-at-10.29.13-4.jpeg\",\"keywords\":[\"Destacado\"],\"articleSection\":[\"arte\",\"Consejos para viajar\",\"Curiosidades\",\"excursiones\",\"historia\"],\"inLanguage\":\"es\",\"potentialAction\":[{\"@type\":\"CommentAction\",\"name\":\"Comment\",\"target\":[\"https:\\\/\\\/www.visitamalfi.info\\\/es\\\/amalfi-mas-alla-de-la-postal-que-ver-cuando-ir-y-como-vivirla-de-verdad\\\/#respond\"]}]},{\"@type\":\"WebPage\",\"@id\":\"https:\\\/\\\/www.visitamalfi.info\\\/es\\\/amalfi-mas-alla-de-la-postal-que-ver-cuando-ir-y-como-vivirla-de-verdad\\\/\",\"url\":\"https:\\\/\\\/www.visitamalfi.info\\\/es\\\/amalfi-mas-alla-de-la-postal-que-ver-cuando-ir-y-como-vivirla-de-verdad\\\/\",\"name\":\"Amalfi m\u00e1s all\u00e1 de la postal: qu\u00e9 ver, cu\u00e1ndo ir y c\u00f3mo vivirla de verdad - Visit Amalfi\",\"isPartOf\":{\"@id\":\"https:\\\/\\\/www.visitamalfi.info\\\/es\\\/#website\"},\"primaryImageOfPage\":{\"@id\":\"https:\\\/\\\/www.visitamalfi.info\\\/es\\\/amalfi-mas-alla-de-la-postal-que-ver-cuando-ir-y-como-vivirla-de-verdad\\\/#primaryimage\"},\"image\":{\"@id\":\"https:\\\/\\\/www.visitamalfi.info\\\/es\\\/amalfi-mas-alla-de-la-postal-que-ver-cuando-ir-y-como-vivirla-de-verdad\\\/#primaryimage\"},\"thumbnailUrl\":\"https:\\\/\\\/www.visitamalfi.info\\\/wp-content\\\/uploads\\\/2025\\\/04\\\/WhatsApp-Image-2025-04-17-at-10.29.13-4.jpeg\",\"datePublished\":\"2026-01-20T14:55:08+00:00\",\"breadcrumb\":{\"@id\":\"https:\\\/\\\/www.visitamalfi.info\\\/es\\\/amalfi-mas-alla-de-la-postal-que-ver-cuando-ir-y-como-vivirla-de-verdad\\\/#breadcrumb\"},\"inLanguage\":\"es\",\"potentialAction\":[{\"@type\":\"ReadAction\",\"target\":[\"https:\\\/\\\/www.visitamalfi.info\\\/es\\\/amalfi-mas-alla-de-la-postal-que-ver-cuando-ir-y-como-vivirla-de-verdad\\\/\"]}]},{\"@type\":\"ImageObject\",\"inLanguage\":\"es\",\"@id\":\"https:\\\/\\\/www.visitamalfi.info\\\/es\\\/amalfi-mas-alla-de-la-postal-que-ver-cuando-ir-y-como-vivirla-de-verdad\\\/#primaryimage\",\"url\":\"https:\\\/\\\/www.visitamalfi.info\\\/wp-content\\\/uploads\\\/2025\\\/04\\\/WhatsApp-Image-2025-04-17-at-10.29.13-4.jpeg\",\"contentUrl\":\"https:\\\/\\\/www.visitamalfi.info\\\/wp-content\\\/uploads\\\/2025\\\/04\\\/WhatsApp-Image-2025-04-17-at-10.29.13-4.jpeg\",\"width\":1920,\"height\":1280,\"caption\":\"Amalfi Monumental Garden_Lemons\"},{\"@type\":\"BreadcrumbList\",\"@id\":\"https:\\\/\\\/www.visitamalfi.info\\\/es\\\/amalfi-mas-alla-de-la-postal-que-ver-cuando-ir-y-como-vivirla-de-verdad\\\/#breadcrumb\",\"itemListElement\":[{\"@type\":\"ListItem\",\"position\":1,\"name\":\"Home\",\"item\":\"https:\\\/\\\/www.visitamalfi.info\\\/es\\\/\"},{\"@type\":\"ListItem\",\"position\":2,\"name\":\"Amalfi m\u00e1s all\u00e1 de la postal: qu\u00e9 ver, cu\u00e1ndo ir y c\u00f3mo vivirla de verdad\"}]},{\"@type\":\"WebSite\",\"@id\":\"https:\\\/\\\/www.visitamalfi.info\\\/es\\\/#website\",\"url\":\"https:\\\/\\\/www.visitamalfi.info\\\/es\\\/\",\"name\":\"Visit Amalfi\",\"description\":\"Amalfi Destination Official Website\",\"publisher\":{\"@id\":\"https:\\\/\\\/www.visitamalfi.info\\\/es\\\/#organization\"},\"potentialAction\":[{\"@type\":\"SearchAction\",\"target\":{\"@type\":\"EntryPoint\",\"urlTemplate\":\"https:\\\/\\\/www.visitamalfi.info\\\/es\\\/?s={search_term_string}\"},\"query-input\":{\"@type\":\"PropertyValueSpecification\",\"valueRequired\":true,\"valueName\":\"search_term_string\"}}],\"inLanguage\":\"es\"},{\"@type\":\"Organization\",\"@id\":\"https:\\\/\\\/www.visitamalfi.info\\\/es\\\/#organization\",\"name\":\"Visit Amalfi\",\"url\":\"https:\\\/\\\/www.visitamalfi.info\\\/es\\\/\",\"logo\":{\"@type\":\"ImageObject\",\"inLanguage\":\"es\",\"@id\":\"https:\\\/\\\/www.visitamalfi.info\\\/es\\\/#\\\/schema\\\/logo\\\/image\\\/\",\"url\":\"https:\\\/\\\/www.visitamalfi.info\\\/wp-content\\\/uploads\\\/2023\\\/04\\\/visit-amalfi-logo-web.png\",\"contentUrl\":\"https:\\\/\\\/www.visitamalfi.info\\\/wp-content\\\/uploads\\\/2023\\\/04\\\/visit-amalfi-logo-web.png\",\"width\":800,\"height\":870,\"caption\":\"Visit Amalfi\"},\"image\":{\"@id\":\"https:\\\/\\\/www.visitamalfi.info\\\/es\\\/#\\\/schema\\\/logo\\\/image\\\/\"},\"sameAs\":[\"https:\\\/\\\/www.facebook.com\\\/visitamalfiofficial\",\"https:\\\/\\\/www.instagram.com\\\/visitamalfiofficial\\\/\"]},{\"@type\":\"Person\",\"@id\":\"https:\\\/\\\/www.visitamalfi.info\\\/es\\\/#\\\/schema\\\/person\\\/0c7584af846d5d2da6c69f7e68f3af96\",\"name\":\"Federica Dumont\",\"image\":{\"@type\":\"ImageObject\",\"inLanguage\":\"es\",\"@id\":\"https:\\\/\\\/secure.gravatar.com\\\/avatar\\\/0803dab414b6c6f1fd2399680f587870a020419b6ebe9d36dd75df06a6a68060?s=96&d=mm&r=g\",\"url\":\"https:\\\/\\\/secure.gravatar.com\\\/avatar\\\/0803dab414b6c6f1fd2399680f587870a020419b6ebe9d36dd75df06a6a68060?s=96&d=mm&r=g\",\"contentUrl\":\"https:\\\/\\\/secure.gravatar.com\\\/avatar\\\/0803dab414b6c6f1fd2399680f587870a020419b6ebe9d36dd75df06a6a68060?s=96&d=mm&r=g\",\"caption\":\"Federica Dumont\"},\"url\":\"https:\\\/\\\/www.visitamalfi.info\\\/es\\\/author\\\/federica\\\/\"}]}<\/script>\n<!-- \/ Yoast SEO plugin. -->","yoast_head_json":{"title":"Amalfi m\u00e1s all\u00e1 de la postal: qu\u00e9 ver, cu\u00e1ndo ir y c\u00f3mo vivirla de verdad - Visit Amalfi","robots":{"index":"index","follow":"follow","max-snippet":"max-snippet:-1","max-image-preview":"max-image-preview:large","max-video-preview":"max-video-preview:-1"},"canonical":"https:\/\/www.visitamalfi.info\/es\/amalfi-mas-alla-de-la-postal-que-ver-cuando-ir-y-como-vivirla-de-verdad\/","og_locale":"es_ES","og_type":"article","og_title":"Amalfi m\u00e1s all\u00e1 de la postal: qu\u00e9 ver, cu\u00e1ndo ir y c\u00f3mo vivirla de verdad - Visit Amalfi","og_description":"Cuando uno piensa en Amalfi, la imagen es casi siempre la misma: la catedral dominando la plaza, el mar resplandeciente y las casas que parecen trepar por la roca, casi [&hellip;]","og_url":"https:\/\/www.visitamalfi.info\/es\/amalfi-mas-alla-de-la-postal-que-ver-cuando-ir-y-como-vivirla-de-verdad\/","og_site_name":"Visit Amalfi","article_publisher":"https:\/\/www.facebook.com\/visitamalfiofficial","article_published_time":"2026-01-20T14:55:08+00:00","og_image":[{"width":1920,"height":1280,"url":"https:\/\/www.visitamalfi.info\/wp-content\/uploads\/2025\/04\/WhatsApp-Image-2025-04-17-at-10.29.13-4.jpeg","type":"image\/jpeg"}],"author":"Federica Dumont","twitter_card":"summary_large_image","twitter_misc":{"Escrito por":"Federica Dumont","Tiempo de lectura":"2 minutos"},"schema":{"@context":"https:\/\/schema.org","@graph":[{"@type":"Article","@id":"https:\/\/www.visitamalfi.info\/es\/amalfi-mas-alla-de-la-postal-que-ver-cuando-ir-y-como-vivirla-de-verdad\/#article","isPartOf":{"@id":"https:\/\/www.visitamalfi.info\/es\/amalfi-mas-alla-de-la-postal-que-ver-cuando-ir-y-como-vivirla-de-verdad\/"},"author":{"name":"Federica Dumont","@id":"https:\/\/www.visitamalfi.info\/es\/#\/schema\/person\/0c7584af846d5d2da6c69f7e68f3af96"},"headline":"Amalfi m\u00e1s all\u00e1 de la postal: qu\u00e9 ver, cu\u00e1ndo ir y c\u00f3mo vivirla de verdad","datePublished":"2026-01-20T14:55:08+00:00","mainEntityOfPage":{"@id":"https:\/\/www.visitamalfi.info\/es\/amalfi-mas-alla-de-la-postal-que-ver-cuando-ir-y-como-vivirla-de-verdad\/"},"wordCount":512,"commentCount":0,"publisher":{"@id":"https:\/\/www.visitamalfi.info\/es\/#organization"},"image":{"@id":"https:\/\/www.visitamalfi.info\/es\/amalfi-mas-alla-de-la-postal-que-ver-cuando-ir-y-como-vivirla-de-verdad\/#primaryimage"},"thumbnailUrl":"https:\/\/www.visitamalfi.info\/wp-content\/uploads\/2025\/04\/WhatsApp-Image-2025-04-17-at-10.29.13-4.jpeg","keywords":["Destacado"],"articleSection":["arte","Consejos para viajar","Curiosidades","excursiones","historia"],"inLanguage":"es","potentialAction":[{"@type":"CommentAction","name":"Comment","target":["https:\/\/www.visitamalfi.info\/es\/amalfi-mas-alla-de-la-postal-que-ver-cuando-ir-y-como-vivirla-de-verdad\/#respond"]}]},{"@type":"WebPage","@id":"https:\/\/www.visitamalfi.info\/es\/amalfi-mas-alla-de-la-postal-que-ver-cuando-ir-y-como-vivirla-de-verdad\/","url":"https:\/\/www.visitamalfi.info\/es\/amalfi-mas-alla-de-la-postal-que-ver-cuando-ir-y-como-vivirla-de-verdad\/","name":"Amalfi m\u00e1s all\u00e1 de la postal: qu\u00e9 ver, cu\u00e1ndo ir y c\u00f3mo vivirla de verdad - Visit Amalfi","isPartOf":{"@id":"https:\/\/www.visitamalfi.info\/es\/#website"},"primaryImageOfPage":{"@id":"https:\/\/www.visitamalfi.info\/es\/amalfi-mas-alla-de-la-postal-que-ver-cuando-ir-y-como-vivirla-de-verdad\/#primaryimage"},"image":{"@id":"https:\/\/www.visitamalfi.info\/es\/amalfi-mas-alla-de-la-postal-que-ver-cuando-ir-y-como-vivirla-de-verdad\/#primaryimage"},"thumbnailUrl":"https:\/\/www.visitamalfi.info\/wp-content\/uploads\/2025\/04\/WhatsApp-Image-2025-04-17-at-10.29.13-4.jpeg","datePublished":"2026-01-20T14:55:08+00:00","breadcrumb":{"@id":"https:\/\/www.visitamalfi.info\/es\/amalfi-mas-alla-de-la-postal-que-ver-cuando-ir-y-como-vivirla-de-verdad\/#breadcrumb"},"inLanguage":"es","potentialAction":[{"@type":"ReadAction","target":["https:\/\/www.visitamalfi.info\/es\/amalfi-mas-alla-de-la-postal-que-ver-cuando-ir-y-como-vivirla-de-verdad\/"]}]},{"@type":"ImageObject","inLanguage":"es","@id":"https:\/\/www.visitamalfi.info\/es\/amalfi-mas-alla-de-la-postal-que-ver-cuando-ir-y-como-vivirla-de-verdad\/#primaryimage","url":"https:\/\/www.visitamalfi.info\/wp-content\/uploads\/2025\/04\/WhatsApp-Image-2025-04-17-at-10.29.13-4.jpeg","contentUrl":"https:\/\/www.visitamalfi.info\/wp-content\/uploads\/2025\/04\/WhatsApp-Image-2025-04-17-at-10.29.13-4.jpeg","width":1920,"height":1280,"caption":"Amalfi Monumental Garden_Lemons"},{"@type":"BreadcrumbList","@id":"https:\/\/www.visitamalfi.info\/es\/amalfi-mas-alla-de-la-postal-que-ver-cuando-ir-y-como-vivirla-de-verdad\/#breadcrumb","itemListElement":[{"@type":"ListItem","position":1,"name":"Home","item":"https:\/\/www.visitamalfi.info\/es\/"},{"@type":"ListItem","position":2,"name":"Amalfi m\u00e1s all\u00e1 de la postal: qu\u00e9 ver, cu\u00e1ndo ir y c\u00f3mo vivirla de verdad"}]},{"@type":"WebSite","@id":"https:\/\/www.visitamalfi.info\/es\/#website","url":"https:\/\/www.visitamalfi.info\/es\/","name":"Visit Amalfi","description":"Amalfi Destination Official Website","publisher":{"@id":"https:\/\/www.visitamalfi.info\/es\/#organization"},"potentialAction":[{"@type":"SearchAction","target":{"@type":"EntryPoint","urlTemplate":"https:\/\/www.visitamalfi.info\/es\/?s={search_term_string}"},"query-input":{"@type":"PropertyValueSpecification","valueRequired":true,"valueName":"search_term_string"}}],"inLanguage":"es"},{"@type":"Organization","@id":"https:\/\/www.visitamalfi.info\/es\/#organization","name":"Visit Amalfi","url":"https:\/\/www.visitamalfi.info\/es\/","logo":{"@type":"ImageObject","inLanguage":"es","@id":"https:\/\/www.visitamalfi.info\/es\/#\/schema\/logo\/image\/","url":"https:\/\/www.visitamalfi.info\/wp-content\/uploads\/2023\/04\/visit-amalfi-logo-web.png","contentUrl":"https:\/\/www.visitamalfi.info\/wp-content\/uploads\/2023\/04\/visit-amalfi-logo-web.png","width":800,"height":870,"caption":"Visit Amalfi"},"image":{"@id":"https:\/\/www.visitamalfi.info\/es\/#\/schema\/logo\/image\/"},"sameAs":["https:\/\/www.facebook.com\/visitamalfiofficial","https:\/\/www.instagram.com\/visitamalfiofficial\/"]},{"@type":"Person","@id":"https:\/\/www.visitamalfi.info\/es\/#\/schema\/person\/0c7584af846d5d2da6c69f7e68f3af96","name":"Federica Dumont","image":{"@type":"ImageObject","inLanguage":"es","@id":"https:\/\/secure.gravatar.com\/avatar\/0803dab414b6c6f1fd2399680f587870a020419b6ebe9d36dd75df06a6a68060?s=96&d=mm&r=g","url":"https:\/\/secure.gravatar.com\/avatar\/0803dab414b6c6f1fd2399680f587870a020419b6ebe9d36dd75df06a6a68060?s=96&d=mm&r=g","contentUrl":"https:\/\/secure.gravatar.com\/avatar\/0803dab414b6c6f1fd2399680f587870a020419b6ebe9d36dd75df06a6a68060?s=96&d=mm&r=g","caption":"Federica Dumont"},"url":"https:\/\/www.visitamalfi.info\/es\/author\/federica\/"}]}},"_links":{"self":[{"href":"https:\/\/www.visitamalfi.info\/es\/wp-json\/wp\/v2\/posts\/23800","targetHints":{"allow":["GET"]}}],"collection":[{"href":"https:\/\/www.visitamalfi.info\/es\/wp-json\/wp\/v2\/posts"}],"about":[{"href":"https:\/\/www.visitamalfi.info\/es\/wp-json\/wp\/v2\/types\/post"}],"author":[{"embeddable":true,"href":"https:\/\/www.visitamalfi.info\/es\/wp-json\/wp\/v2\/users\/7"}],"replies":[{"embeddable":true,"href":"https:\/\/www.visitamalfi.info\/es\/wp-json\/wp\/v2\/comments?post=23800"}],"version-history":[{"count":0,"href":"https:\/\/www.visitamalfi.info\/es\/wp-json\/wp\/v2\/posts\/23800\/revisions"}],"wp:featuredmedia":[{"embeddable":true,"href":"https:\/\/www.visitamalfi.info\/es\/wp-json\/wp\/v2\/media\/21320"}],"wp:attachment":[{"href":"https:\/\/www.visitamalfi.info\/es\/wp-json\/wp\/v2\/media?parent=23800"}],"wp:term":[{"taxonomy":"category","embeddable":true,"href":"https:\/\/www.visitamalfi.info\/es\/wp-json\/wp\/v2\/categories?post=23800"},{"taxonomy":"post_tag","embeddable":true,"href":"https:\/\/www.visitamalfi.info\/es\/wp-json\/wp\/v2\/tags?post=23800"}],"curies":[{"name":"wp","href":"https:\/\/api.w.org\/{rel}","templated":true}]}}