{"id":23783,"date":"2026-01-15T15:55:53","date_gmt":"2026-01-15T14:55:53","guid":{"rendered":"https:\/\/www.visitamalfi.info\/navidad-2025-y-nochevieja-en-amalfi-una-historia-que-conmovio-cada-dia\/"},"modified":"2026-01-15T15:55:53","modified_gmt":"2026-01-15T14:55:53","slug":"navidad-2025-y-nochevieja-en-amalfi-una-historia-que-conmovio-cada-dia","status":"publish","type":"post","link":"https:\/\/www.visitamalfi.info\/es\/navidad-2025-y-nochevieja-en-amalfi-una-historia-que-conmovio-cada-dia\/","title":{"rendered":"Navidad 2025 y Nochevieja en Amalfi: una historia que conmovi\u00f3 cada d\u00eda"},"content":{"rendered":"<p data-start=\"380\" data-end=\"478\">Hay lugares que se iluminan durante las fiestas.<br data-start=\"432\" data-end=\"435\">Y luego hay lugares -como Amalfi- que <strong data-start=\"460\" data-end=\"477\">cuentan sus propias historias<\/strong>.<\/p>\n<p data-start=\"480\" data-end=\"818\">En Amalfi, Navidad y Nochevieja no eran s\u00f3lo un calendario de acontecimientos, sino un viaje emocional y cultural, una historia de semanas, capaz de unir tradici\u00f3n y contemporaneidad, celebraci\u00f3n y escucha, plaza e intimidad.<br data-start=\"710\" data-end=\"713\">Un cuento coral que transform\u00f3 la \u00e9poca festiva en una experiencia aut\u00e9ntica, compartida, viva, pero sobre todo m\u00e1gica, para grandes y peque\u00f1os.<\/p>\n<h3 data-start=\"829\" data-end=\"889\"><strong data-start=\"833\" data-end=\"889\">El antiguo sonido de la Navidad: gaitas en las callejuelas<img decoding=\"async\" class=\" wp-image-23724 alignleft\" src=\"https:\/\/www.visitamalfi.info\/wp-content\/uploads\/2026\/01\/3-300x200.jpeg\" alt=\"\" width=\"174\" height=\"116\" srcset=\"https:\/\/www.visitamalfi.info\/wp-content\/uploads\/2026\/01\/3-300x200.jpeg 300w, https:\/\/www.visitamalfi.info\/wp-content\/uploads\/2026\/01\/3-1024x683.jpeg 1024w, https:\/\/www.visitamalfi.info\/wp-content\/uploads\/2026\/01\/3-768x512.jpeg 768w, https:\/\/www.visitamalfi.info\/wp-content\/uploads\/2026\/01\/3-870x580.jpeg 870w, https:\/\/www.visitamalfi.info\/wp-content\/uploads\/2026\/01\/3-615x410.jpeg 615w, https:\/\/www.visitamalfi.info\/wp-content\/uploads\/2026\/01\/3-1240x825.jpeg 1240w, https:\/\/www.visitamalfi.info\/wp-content\/uploads\/2026\/01\/3.jpeg 1439w\" sizes=\"(max-width: 174px) 100vw, 174px\" \/><\/strong><\/h3>\n<p data-start=\"891\" data-end=\"1273\">En Amalfi, la Navidad empez\u00f3 as\u00ed: con el antiguo sonido de las <strong data-start=\"983\" data-end=\"995\">gaitas<\/strong> cruzando las callejuelas de la ciudad.<br data-start=\"1032\" data-end=\"1035\">Un sonido profundo y arcaico, capaz de evocar recuerdos lejanos y de crear un v\u00ednculo inmediato entre el pasado y el presente. Las gaitas no s\u00f3lo acompa\u00f1an la Navidad: la anuncian, la cuentan, la hacen vivir en las calles y en los corazones.<\/p>\n<h3 data-start=\"296\" data-end=\"366\"><strong data-start=\"300\" data-end=\"366\">Los Mercados de Navidad: Amalfi como un peque\u00f1o encanto junto al mar<img decoding=\"async\" class=\"wp-image-23729 alignright\" src=\"https:\/\/www.visitamalfi.info\/wp-content\/uploads\/2026\/01\/1-300x200.jpg\" alt=\"\" width=\"181\" height=\"120\" srcset=\"https:\/\/www.visitamalfi.info\/wp-content\/uploads\/2026\/01\/1-300x200.jpg 300w, https:\/\/www.visitamalfi.info\/wp-content\/uploads\/2026\/01\/1-1024x682.jpg 1024w, https:\/\/www.visitamalfi.info\/wp-content\/uploads\/2026\/01\/1-768x512.jpg 768w, https:\/\/www.visitamalfi.info\/wp-content\/uploads\/2026\/01\/1-870x580.jpg 870w, https:\/\/www.visitamalfi.info\/wp-content\/uploads\/2026\/01\/1-615x410.jpg 615w, https:\/\/www.visitamalfi.info\/wp-content\/uploads\/2026\/01\/1-1240x825.jpg 1240w, https:\/\/www.visitamalfi.info\/wp-content\/uploads\/2026\/01\/1.jpg 1280w\" sizes=\"(max-width: 181px) 100vw, 181px\" \/><\/strong><\/h3>\n<p data-start=\"368\" data-end=\"822\">Con luces c\u00e1lidas, aromas de tradici\u00f3n y calles cruzadas de sonrisas, los <strong data-start=\"445\" data-end=\"468\">mercados navide\u00f1os<\/strong> transformaron Amalfi en un peque\u00f1o encanto con vistas al mar.<br data-start=\"536\" data-end=\"539\">Pasear entre los puestos era como entrar en una dimensi\u00f3n suspendida, donde el tiempo se ralentiza y cada detalle nos habla del calor de las fiestas y de la bondad y belleza de los productos locales. Objetos artesanales, sabores aut\u00e9nticos y ambientes familiares hicieron de la Navidad en Amalfi una experiencia para disfrutar con todos los sentidos.<\/p>\n<h3 data-start=\"1280\" data-end=\"1347\"><strong data-start=\"1284\" data-end=\"1347\">Papel, manos e imaginaci\u00f3n: Navidad en el Museo del Papel<img decoding=\"async\" class=\" wp-image-23734 alignleft\" src=\"https:\/\/www.visitamalfi.info\/wp-content\/uploads\/2026\/01\/6-300x200.jpg\" alt=\"\" width=\"230\" height=\"153\" srcset=\"https:\/\/www.visitamalfi.info\/wp-content\/uploads\/2026\/01\/6-300x200.jpg 300w, https:\/\/www.visitamalfi.info\/wp-content\/uploads\/2026\/01\/6-1024x683.jpg 1024w, https:\/\/www.visitamalfi.info\/wp-content\/uploads\/2026\/01\/6-768x512.jpg 768w, https:\/\/www.visitamalfi.info\/wp-content\/uploads\/2026\/01\/6-870x580.jpg 870w, https:\/\/www.visitamalfi.info\/wp-content\/uploads\/2026\/01\/6-615x410.jpg 615w, https:\/\/www.visitamalfi.info\/wp-content\/uploads\/2026\/01\/6-1240x825.jpg 1240w, https:\/\/www.visitamalfi.info\/wp-content\/uploads\/2026\/01\/6.jpg 1440w\" sizes=\"(max-width: 230px) 100vw, 230px\" \/><\/strong><\/h3>\n<p data-start=\"1349\" data-end=\"1703\">Manos que crean, deseos que toman forma, miradas curiosas llenas de asombro.<br data-start=\"1431\" data-end=\"1434\">En el <strong data-start=\"1437\" data-end=\"1468\">Museo del Papel de Amalfi<\/strong>, la Navidad se ha convertido en una experiencia hecha de papel, imaginaci\u00f3n y creatividad. Los ni\u00f1os hicieron su carta de Navidad en papel hecho a mano, viviendo un momento aut\u00e9ntico en el que se encontraron la tradici\u00f3n y el juego.<\/p>\n<p data-start=\"1705\" data-end=\"1860\">Una experiencia sencilla y preciosa, capaz de transmitir el valor de hacer, de esperar, de so\u00f1ar.<\/p>\n<h3 data-start=\"1867\" data-end=\"1923\"><strong data-start=\"1871\" data-end=\"1923\">La F\u00e1brica de Navidad: donde la magia tom\u00f3 forma<img loading=\"lazy\" decoding=\"async\" class=\" wp-image-23739 alignright\" src=\"https:\/\/www.visitamalfi.info\/wp-content\/uploads\/2026\/01\/9-300x200.jpeg\" alt=\"\" width=\"255\" height=\"170\" srcset=\"https:\/\/www.visitamalfi.info\/wp-content\/uploads\/2026\/01\/9-300x200.jpeg 300w, https:\/\/www.visitamalfi.info\/wp-content\/uploads\/2026\/01\/9-1024x683.jpeg 1024w, https:\/\/www.visitamalfi.info\/wp-content\/uploads\/2026\/01\/9-768x512.jpeg 768w, https:\/\/www.visitamalfi.info\/wp-content\/uploads\/2026\/01\/9-870x580.jpeg 870w, https:\/\/www.visitamalfi.info\/wp-content\/uploads\/2026\/01\/9-615x410.jpeg 615w, https:\/\/www.visitamalfi.info\/wp-content\/uploads\/2026\/01\/9-1240x825.jpeg 1240w, https:\/\/www.visitamalfi.info\/wp-content\/uploads\/2026\/01\/9.jpeg 1440w\" sizes=\"(max-width: 255px) 100vw, 255px\" \/><\/strong><\/h3>\n<p data-start=\"1925\" data-end=\"2285\">En el<strong data-start=\"1929\" data-end=\"1958\">Arsenale della Repubblica<\/strong>, la <strong data-start=\"1963\" data-end=\"1984\">F\u00e1brica de Navidad<\/strong> abri\u00f3 sus puertas a un lugar donde la imaginaci\u00f3n toma forma y la magia se hace realidad.<br data-start=\"2074\" data-end=\"2077\">Risas, asombro en los ojos, manos trabajando, juegos, talleres y encuentros especiales: la F\u00e1brica de Navidad cobr\u00f3 vida junto a sus visitantes peque\u00f1os y mayores, convirti\u00e9ndose en una aldea encantada.<\/p>\n<p data-start=\"2287\" data-end=\"2476\">Hasta el 23 de diciembre, familias y ni\u00f1os fueron acogidos en un espacio dise\u00f1ado para compartir un tiempo aut\u00e9ntico, hecho de creatividad y asombro. Momentos sencillos, pero destinados a permanecer.<\/p>\n<p data-start=\"2478\" data-end=\"2651\"><img loading=\"lazy\" decoding=\"async\" class=\" wp-image-23744 alignleft\" src=\"https:\/\/www.visitamalfi.info\/wp-content\/uploads\/2026\/01\/10-300x200.jpeg\" alt=\"\" width=\"253\" height=\"168\" srcset=\"https:\/\/www.visitamalfi.info\/wp-content\/uploads\/2026\/01\/10-300x200.jpeg 300w, https:\/\/www.visitamalfi.info\/wp-content\/uploads\/2026\/01\/10-1024x683.jpeg 1024w, https:\/\/www.visitamalfi.info\/wp-content\/uploads\/2026\/01\/10-768x512.jpeg 768w, https:\/\/www.visitamalfi.info\/wp-content\/uploads\/2026\/01\/10-870x580.jpeg 870w, https:\/\/www.visitamalfi.info\/wp-content\/uploads\/2026\/01\/10-615x410.jpeg 615w, https:\/\/www.visitamalfi.info\/wp-content\/uploads\/2026\/01\/10-1240x825.jpeg 1240w, https:\/\/www.visitamalfi.info\/wp-content\/uploads\/2026\/01\/10.jpeg 1440w\" sizes=\"(max-width: 253px) 100vw, 253px\" \/>Y el 24 de diciembre, una fecha especial lo hizo todo a\u00fan m\u00e1s m\u00e1gico: <strong data-start=\"2554\" data-end=\"2592\">la llegada de Pap\u00e1 Noel a Amalfi<\/strong>, entre sonrisas, emoci\u00f3n y ojos brillantes de felicidad.<\/p>\n<h3 data-start=\"2658\" data-end=\"2714\"><strong data-start=\"2662\" data-end=\"2714\">26 de diciembre: cuando la m\u00fasica abraza la ciudad<\/strong><\/h3>\n<p data-start=\"2716\" data-end=\"2936\">El 26 de diciembre, en Amalfi, el tiempo se detuvo por un instante.<br data-start=\"2780\" data-end=\"2783\">Las voces de <strong data-start=\"2795\" data-end=\"2812\">Neri per<\/strong> Caso llenaron la plaza como un c\u00e1lido abrazo, entrelaz\u00e1ndose con las antiguas piedras de <strong data-start=\"2904\" data-end=\"2933\">la catedral de San Andr\u00e9s.<\/strong><\/p>\n<p data-start=\"2938\" data-end=\"3180\">Un concierto capaz de unir a distintas generaciones, en un ambiente \u00edntimo e intenso, donde la m\u00fasica se convirti\u00f3 en una presencia, una relaci\u00f3n, una emoci\u00f3n compartida. Un momento que contaba la historia de la Navidad en su forma m\u00e1s pura: la del encuentro.<\/p>\n<h3 data-start=\"820\" data-end=\"889\"><strong data-start=\"824\" data-end=\"889\">Y luego&#8230; la Nochevieja m\u00e1s larga de Italia: cuando el tiempo cambia de ritmo<\/strong><\/h3>\n<p data-start=\"891\" data-end=\"959\">En Amalfi, la Nochevieja no se celebra en una sola noche.<img loading=\"lazy\" decoding=\"async\" class=\" wp-image-23749 alignright\" src=\"https:\/\/www.visitamalfi.info\/wp-content\/uploads\/2026\/01\/17-300x200.jpg\" alt=\"\" width=\"273\" height=\"182\" srcset=\"https:\/\/www.visitamalfi.info\/wp-content\/uploads\/2026\/01\/17-300x200.jpg 300w, https:\/\/www.visitamalfi.info\/wp-content\/uploads\/2026\/01\/17-1024x682.jpg 1024w, https:\/\/www.visitamalfi.info\/wp-content\/uploads\/2026\/01\/17-768x512.jpg 768w, https:\/\/www.visitamalfi.info\/wp-content\/uploads\/2026\/01\/17-870x580.jpg 870w, https:\/\/www.visitamalfi.info\/wp-content\/uploads\/2026\/01\/17-615x410.jpg 615w, https:\/\/www.visitamalfi.info\/wp-content\/uploads\/2026\/01\/17-1240x825.jpg 1240w, https:\/\/www.visitamalfi.info\/wp-content\/uploads\/2026\/01\/17.jpg 1439w\" sizes=\"(max-width: 273px) 100vw, 273px\" \/><br data-start=\"942\" data-end=\"945\">Cruza.<\/p>\n<p data-start=\"961\" data-end=\"1236\">La ciudad ha optado por ralentizar el tiempo y dilatarlo, dando vida a lo que puede definirse sin dudarlo como <strong data-start=\"1077\" data-end=\"1112\">la Nochevieja m\u00e1s larga de Italia<\/strong>: una sucesi\u00f3n de momentos, atm\u00f3sferas y lenguajes diferentes, concebida para implicar profundamente tanto a residentes como a visitantes.<\/p>\n<p data-start=\"1238\" data-end=\"1429\">Desde la m\u00fasica que acompa\u00f1a la tarde hasta las plazas llenas hasta altas horas de la noche, desde los rituales colectivos hasta las experiencias m\u00e1s \u00edntimas, cada acto se ha convertido en un cap\u00edtulo de una historia mayor.<\/p>\n<h3 data-start=\"1431\" data-end=\"1476\"><strong data-start=\"1435\" data-end=\"1476\">Las plazas: coraz\u00f3n palpitante de la fiesta<\/strong><\/h3>\n<p data-start=\"1478\" data-end=\"1685\"><img loading=\"lazy\" decoding=\"async\" class=\" wp-image-23754 alignleft\" src=\"https:\/\/www.visitamalfi.info\/wp-content\/uploads\/2026\/01\/14-300x200.jpg\" alt=\"\" width=\"269\" height=\"179\" srcset=\"https:\/\/www.visitamalfi.info\/wp-content\/uploads\/2026\/01\/14-300x200.jpg 300w, https:\/\/www.visitamalfi.info\/wp-content\/uploads\/2026\/01\/14-1024x683.jpg 1024w, https:\/\/www.visitamalfi.info\/wp-content\/uploads\/2026\/01\/14-768x512.jpg 768w, https:\/\/www.visitamalfi.info\/wp-content\/uploads\/2026\/01\/14-870x580.jpg 870w, https:\/\/www.visitamalfi.info\/wp-content\/uploads\/2026\/01\/14-615x410.jpg 615w, https:\/\/www.visitamalfi.info\/wp-content\/uploads\/2026\/01\/14-1240x825.jpg 1240w, https:\/\/www.visitamalfi.info\/wp-content\/uploads\/2026\/01\/14.jpg 1440w\" sizes=\"(max-width: 269px) 100vw, 269px\" \/>Las plazas de Amalfi han vuelto a ser el centro de la comunidad.<br data-start=\"1545\" data-end=\"1548\">Piazza Duomo, Piazza Flavio Gioia, los callejones y las calles acogieron m\u00fasica, sonrisas, encuentros, convirti\u00e9ndose en lugares de aut\u00e9ntico compartir.<\/p>\n<p data-start=\"1687\" data-end=\"2047\">La Nochevieja cobr\u00f3 vida desde la tarde del 31 de diciembre, con la energ\u00eda de la Selecci\u00f3n de M\u00fasica Feliz, y continu\u00f3 por la noche con karaoke, folk, emociones colectivas y una brillante medianoche, celebrada con fuegos artificiales.<br data-start=\"1922\" data-end=\"1925\">Y cuando en otros lugares se acababa la fiesta, en Amalfi continuaba: m\u00fasica en directo, espect\u00e1culos de discoteca y una noche que parec\u00eda no acabar nunca.<\/p>\n<h3 data-start=\"2049\" data-end=\"2107\"><strong data-start=\"2053\" data-end=\"2107\">El A\u00f1o Nuevo Popular Amalfitano: una identidad a pie<\/strong><\/h3>\n<p data-start=\"2109\" data-end=\"2332\">Entre los momentos m\u00e1s aut\u00e9nticos, el <strong data-start=\"2141\" data-end=\"2170\">Capodanno Folk Amalfitano<\/strong> devolvi\u00f3 al centro la fuerza de las ra\u00edces.<br data-start=\"2216\" data-end=\"2219\">Las bandas que cruzan las calles, la m\u00fasica que se mueve con la gente, las miradas que se reconocen.<img loading=\"lazy\" decoding=\"async\" class=\"wp-image-23759 alignright\" src=\"https:\/\/www.visitamalfi.info\/wp-content\/uploads\/2026\/01\/20-300x200.jpg\" alt=\"\" width=\"267\" height=\"178\" srcset=\"https:\/\/www.visitamalfi.info\/wp-content\/uploads\/2026\/01\/20-300x200.jpg 300w, https:\/\/www.visitamalfi.info\/wp-content\/uploads\/2026\/01\/20-1024x682.jpg 1024w, https:\/\/www.visitamalfi.info\/wp-content\/uploads\/2026\/01\/20-768x512.jpg 768w, https:\/\/www.visitamalfi.info\/wp-content\/uploads\/2026\/01\/20-1536x1023.jpg 1536w, https:\/\/www.visitamalfi.info\/wp-content\/uploads\/2026\/01\/20-870x580.jpg 870w, https:\/\/www.visitamalfi.info\/wp-content\/uploads\/2026\/01\/20-615x410.jpg 615w, https:\/\/www.visitamalfi.info\/wp-content\/uploads\/2026\/01\/20-1240x825.jpg 1240w, https:\/\/www.visitamalfi.info\/wp-content\/uploads\/2026\/01\/20.jpg 1600w\" sizes=\"(max-width: 267px) 100vw, 267px\" \/><\/p>\n<p data-start=\"2334\" data-end=\"2547\">Una Nochevieja que no necesita escenarios para emocionar, porque nace entre el pueblo y para el pueblo.<br data-start=\"2433\" data-end=\"2436\">Un ritual colectivo que cuenta el alma m\u00e1s verdadera de Amalfi, la que est\u00e1 hecha de memoria, pertenencia y continuidad.<\/p>\n<h3 data-start=\"2549\" data-end=\"2601\"><strong data-start=\"2553\" data-end=\"2601\">El Arsenal: m\u00fasica que invita a escuchar<\/strong><\/h3>\n<p data-start=\"2603\" data-end=\"2824\">Junto a la dimensi\u00f3n coral de las plazas, Amalfi ofrec\u00eda tambi\u00e9n espacios para la escucha profunda.<br data-start=\"2698\" data-end=\"2701\">El Arsenal se ha convertido en el lugar de la intimidad, de las palabras que pesan, de la m\u00fasica que no busca el ruido sino la relaci\u00f3n.<\/p>\n<p data-start=\"2826\" data-end=\"3014\"><img loading=\"lazy\" decoding=\"async\" class=\"wp-image-23764 alignleft\" src=\"https:\/\/www.visitamalfi.info\/wp-content\/uploads\/2026\/01\/19-300x200.jpg\" alt=\"\" width=\"198\" height=\"132\" srcset=\"https:\/\/www.visitamalfi.info\/wp-content\/uploads\/2026\/01\/19-300x200.jpg 300w, https:\/\/www.visitamalfi.info\/wp-content\/uploads\/2026\/01\/19-1024x683.jpg 1024w, https:\/\/www.visitamalfi.info\/wp-content\/uploads\/2026\/01\/19-768x512.jpg 768w, https:\/\/www.visitamalfi.info\/wp-content\/uploads\/2026\/01\/19-870x580.jpg 870w, https:\/\/www.visitamalfi.info\/wp-content\/uploads\/2026\/01\/19-615x410.jpg 615w, https:\/\/www.visitamalfi.info\/wp-content\/uploads\/2026\/01\/19-1240x825.jpg 1240w, https:\/\/www.visitamalfi.info\/wp-content\/uploads\/2026\/01\/19.jpg 1439w\" sizes=\"(max-width: 198px) 100vw, 198px\" \/>El concierto de<strong data-start=\"2843\" data-end=\"2887\">la Orquesta de C\u00e1mara Internacional Harmonia<\/strong> del 1 de enero abri\u00f3 el a\u00f1o con elegancia y armon\u00eda, convirtiendo el primer d\u00eda del A\u00f1o Nuevo en una invitaci\u00f3n a la belleza.<\/p>\n<p data-start=\"3016\" data-end=\"3194\">El 2 de enero, <strong data-start=\"3030\" data-end=\"3038\">Gnut<\/strong> ofreci\u00f3 un concierto \u00edntimo y po\u00e9tico, hecho de silencios, guitarras y verdades susurradas, capaz de crear un v\u00ednculo profundo entre el artista, el p\u00fablico y el recinto.<img loading=\"lazy\" decoding=\"async\" class=\" wp-image-23769 alignright\" src=\"https:\/\/www.visitamalfi.info\/wp-content\/uploads\/2026\/01\/21-300x200.jpg\" alt=\"\" width=\"242\" height=\"161\" srcset=\"https:\/\/www.visitamalfi.info\/wp-content\/uploads\/2026\/01\/21-300x200.jpg 300w, https:\/\/www.visitamalfi.info\/wp-content\/uploads\/2026\/01\/21-1024x683.jpg 1024w, https:\/\/www.visitamalfi.info\/wp-content\/uploads\/2026\/01\/21-768x512.jpg 768w, https:\/\/www.visitamalfi.info\/wp-content\/uploads\/2026\/01\/21-870x580.jpg 870w, https:\/\/www.visitamalfi.info\/wp-content\/uploads\/2026\/01\/21-615x410.jpg 615w, https:\/\/www.visitamalfi.info\/wp-content\/uploads\/2026\/01\/21-1240x825.jpg 1240w, https:\/\/www.visitamalfi.info\/wp-content\/uploads\/2026\/01\/21.jpg 1440w\" sizes=\"(max-width: 242px) 100vw, 242px\" \/><\/p>\n<p data-start=\"3196\" data-end=\"3377\">El 4 de enero, <strong data-start=\"3213\" data-end=\"3238\">la Compagnia Daltrocanto<\/strong> dio voz <em data-start=\"3255\" data-end=\"3270\">al folk de autor<\/em>, entrelazando tradici\u00f3n e investigaci\u00f3n, pasado y presente, en un relato musical que conserva y transmite.<\/p>\n<h3 data-start=\"3379\" data-end=\"3420\"><strong data-start=\"3383\" data-end=\"3420\"><img loading=\"lazy\" decoding=\"async\" class=\" wp-image-23774 alignleft\" src=\"https:\/\/www.visitamalfi.info\/wp-content\/uploads\/2026\/01\/22-300x200.jpg\" alt=\"\" width=\"224\" height=\"149\" srcset=\"https:\/\/www.visitamalfi.info\/wp-content\/uploads\/2026\/01\/22-300x200.jpg 300w, https:\/\/www.visitamalfi.info\/wp-content\/uploads\/2026\/01\/22-1024x682.jpg 1024w, https:\/\/www.visitamalfi.info\/wp-content\/uploads\/2026\/01\/22-768x512.jpg 768w, https:\/\/www.visitamalfi.info\/wp-content\/uploads\/2026\/01\/22-870x580.jpg 870w, https:\/\/www.visitamalfi.info\/wp-content\/uploads\/2026\/01\/22-615x410.jpg 615w, https:\/\/www.visitamalfi.info\/wp-content\/uploads\/2026\/01\/22-1240x825.jpg 1240w, https:\/\/www.visitamalfi.info\/wp-content\/uploads\/2026\/01\/22.jpg 1439w\" sizes=\"(max-width: 224px) 100vw, 224px\" \/>Una visi\u00f3n que va m\u00e1s all\u00e1 del partido<\/strong><\/h3>\n<p data-start=\"3422\" data-end=\"3682\">Lo que hizo especiales la Navidad y la Nochevieja en Amalfi no fue s\u00f3lo la calidad de los actos, sino la <strong data-start=\"3530\" data-end=\"3541\">visi\u00f3n<\/strong> que los mantuvo unidos.<br data-start=\"3567\" data-end=\"3570\">Una visi\u00f3n centrada en la comunidad, la cultura, la belleza de los lugares y el valor del tiempo compartido.<\/p>\n<p data-start=\"3684\" data-end=\"3897\">En Amalfi, la Navidad no era s\u00f3lo decoraci\u00f3n.<br data-start=\"3734\" data-end=\"3737\">El A\u00f1o Nuevo no fue s\u00f3lo una celebraci\u00f3n.<br data-start=\"3780\" data-end=\"3783\">Han sido una historia continua, capaz de dar cabida a diferentes lenguas y diferentes personas, sin perder la identidad.<\/p>\n<h3 data-start=\"3899\" data-end=\"3927\"><strong data-start=\"3903\" data-end=\"3927\">Una historia que permanece<\/strong><\/h3>\n<p data-start=\"3929\" data-end=\"4081\">Al final de las fiestas, lo que queda no son s\u00f3lo im\u00e1genes y v\u00eddeos, sino un sentimiento:<br data-start=\"4017\" data-end=\"4020\">la de haber experimentado algo que no se desgasta r\u00e1pidamente.<\/p>\n<p data-start=\"4083\" data-end=\"4313\">Porque <strong data-start=\"4090\" data-end=\"4122\">la Navidad y el A\u00f1o Nuevo en Amalfi<\/strong> no eran s\u00f3lo acontecimientos que ver, sino <strong data-start=\"4166\" data-end=\"4190\">una historia que vivir<\/strong>, que atravesar, que recordar.<br data-start=\"4216\" data-end=\"4219\">Un momento especial en el que la ciudad eligi\u00f3 contar su historia, una vez m\u00e1s, con autenticidad.<\/p>\n<p data-start=\"4315\" data-end=\"4386\">Y cuando el tiempo vuelve a correr, las emociones permanecen en Amalfi.<\/p>\n","protected":false},"excerpt":{"rendered":"<p>Hay lugares que se iluminan durante las fiestas.Y luego hay lugares -como Amalfi- que cuentan sus propias historias. En Amalfi, Navidad y Nochevieja no eran s\u00f3lo un calendario de acontecimientos, [&hellip;]<\/p>\n","protected":false},"author":7,"featured_media":23748,"comment_status":"open","ping_status":"closed","sticky":false,"template":"","format":"standard","meta":{"inline_featured_image":false,"footnotes":""},"categories":[822],"tags":[1962],"class_list":["post-23783","post","type-post","status-publish","format-standard","has-post-thumbnail","hentry","category-eventos","tag-destacado"],"yoast_head":"<!-- This site is optimized with the Yoast SEO plugin v27.3 - https:\/\/yoast.com\/product\/yoast-seo-wordpress\/ -->\n<title>Navidad 2025 y Nochevieja en Amalfi: una historia que conmovi\u00f3 cada d\u00eda - Visit Amalfi<\/title>\n<meta name=\"robots\" content=\"index, follow, max-snippet:-1, max-image-preview:large, max-video-preview:-1\" \/>\n<link rel=\"canonical\" href=\"https:\/\/www.visitamalfi.info\/es\/navidad-2025-y-nochevieja-en-amalfi-una-historia-que-conmovio-cada-dia\/\" \/>\n<meta property=\"og:locale\" content=\"es_ES\" \/>\n<meta property=\"og:type\" content=\"article\" \/>\n<meta property=\"og:title\" content=\"Navidad 2025 y Nochevieja en Amalfi: una historia que conmovi\u00f3 cada d\u00eda - Visit Amalfi\" \/>\n<meta property=\"og:description\" content=\"Hay lugares que se iluminan durante las fiestas.Y luego hay lugares -como Amalfi- que cuentan sus propias historias. En Amalfi, Navidad y Nochevieja no eran s\u00f3lo un calendario de acontecimientos, [&hellip;]\" \/>\n<meta property=\"og:url\" content=\"https:\/\/www.visitamalfi.info\/es\/navidad-2025-y-nochevieja-en-amalfi-una-historia-que-conmovio-cada-dia\/\" \/>\n<meta property=\"og:site_name\" content=\"Visit Amalfi\" \/>\n<meta property=\"article:publisher\" content=\"https:\/\/www.facebook.com\/visitamalfiofficial\" \/>\n<meta property=\"article:published_time\" content=\"2026-01-15T14:55:53+00:00\" \/>\n<meta property=\"og:image\" content=\"https:\/\/www.visitamalfi.info\/wp-content\/uploads\/2026\/01\/10.jpeg\" \/>\n\t<meta property=\"og:image:width\" content=\"1440\" \/>\n\t<meta property=\"og:image:height\" content=\"960\" \/>\n\t<meta property=\"og:image:type\" content=\"image\/jpeg\" \/>\n<meta name=\"author\" content=\"Federica Dumont\" \/>\n<meta name=\"twitter:card\" content=\"summary_large_image\" \/>\n<meta name=\"twitter:label1\" content=\"Escrito por\" \/>\n\t<meta name=\"twitter:data1\" content=\"Federica Dumont\" \/>\n\t<meta name=\"twitter:label2\" content=\"Tiempo de lectura\" \/>\n\t<meta name=\"twitter:data2\" content=\"6 minutos\" \/>\n<script type=\"application\/ld+json\" class=\"yoast-schema-graph\">{\"@context\":\"https:\\\/\\\/schema.org\",\"@graph\":[{\"@type\":\"Article\",\"@id\":\"https:\\\/\\\/www.visitamalfi.info\\\/es\\\/navidad-2025-y-nochevieja-en-amalfi-una-historia-que-conmovio-cada-dia\\\/#article\",\"isPartOf\":{\"@id\":\"https:\\\/\\\/www.visitamalfi.info\\\/es\\\/navidad-2025-y-nochevieja-en-amalfi-una-historia-que-conmovio-cada-dia\\\/\"},\"author\":{\"name\":\"Federica Dumont\",\"@id\":\"https:\\\/\\\/www.visitamalfi.info\\\/es\\\/#\\\/schema\\\/person\\\/0c7584af846d5d2da6c69f7e68f3af96\"},\"headline\":\"Navidad 2025 y Nochevieja en Amalfi: una historia que conmovi\u00f3 cada d\u00eda\",\"datePublished\":\"2026-01-15T14:55:53+00:00\",\"mainEntityOfPage\":{\"@id\":\"https:\\\/\\\/www.visitamalfi.info\\\/es\\\/navidad-2025-y-nochevieja-en-amalfi-una-historia-que-conmovio-cada-dia\\\/\"},\"wordCount\":1251,\"commentCount\":0,\"publisher\":{\"@id\":\"https:\\\/\\\/www.visitamalfi.info\\\/es\\\/#organization\"},\"image\":{\"@id\":\"https:\\\/\\\/www.visitamalfi.info\\\/es\\\/navidad-2025-y-nochevieja-en-amalfi-una-historia-que-conmovio-cada-dia\\\/#primaryimage\"},\"thumbnailUrl\":\"https:\\\/\\\/www.visitamalfi.info\\\/wp-content\\\/uploads\\\/2026\\\/01\\\/10.jpeg\",\"keywords\":[\"Destacado\"],\"articleSection\":[\"Eventos\"],\"inLanguage\":\"es\",\"potentialAction\":[{\"@type\":\"CommentAction\",\"name\":\"Comment\",\"target\":[\"https:\\\/\\\/www.visitamalfi.info\\\/es\\\/navidad-2025-y-nochevieja-en-amalfi-una-historia-que-conmovio-cada-dia\\\/#respond\"]}]},{\"@type\":\"WebPage\",\"@id\":\"https:\\\/\\\/www.visitamalfi.info\\\/es\\\/navidad-2025-y-nochevieja-en-amalfi-una-historia-que-conmovio-cada-dia\\\/\",\"url\":\"https:\\\/\\\/www.visitamalfi.info\\\/es\\\/navidad-2025-y-nochevieja-en-amalfi-una-historia-que-conmovio-cada-dia\\\/\",\"name\":\"Navidad 2025 y Nochevieja en Amalfi: una historia que conmovi\u00f3 cada d\u00eda - Visit Amalfi\",\"isPartOf\":{\"@id\":\"https:\\\/\\\/www.visitamalfi.info\\\/es\\\/#website\"},\"primaryImageOfPage\":{\"@id\":\"https:\\\/\\\/www.visitamalfi.info\\\/es\\\/navidad-2025-y-nochevieja-en-amalfi-una-historia-que-conmovio-cada-dia\\\/#primaryimage\"},\"image\":{\"@id\":\"https:\\\/\\\/www.visitamalfi.info\\\/es\\\/navidad-2025-y-nochevieja-en-amalfi-una-historia-que-conmovio-cada-dia\\\/#primaryimage\"},\"thumbnailUrl\":\"https:\\\/\\\/www.visitamalfi.info\\\/wp-content\\\/uploads\\\/2026\\\/01\\\/10.jpeg\",\"datePublished\":\"2026-01-15T14:55:53+00:00\",\"breadcrumb\":{\"@id\":\"https:\\\/\\\/www.visitamalfi.info\\\/es\\\/navidad-2025-y-nochevieja-en-amalfi-una-historia-que-conmovio-cada-dia\\\/#breadcrumb\"},\"inLanguage\":\"es\",\"potentialAction\":[{\"@type\":\"ReadAction\",\"target\":[\"https:\\\/\\\/www.visitamalfi.info\\\/es\\\/navidad-2025-y-nochevieja-en-amalfi-una-historia-que-conmovio-cada-dia\\\/\"]}]},{\"@type\":\"ImageObject\",\"inLanguage\":\"es\",\"@id\":\"https:\\\/\\\/www.visitamalfi.info\\\/es\\\/navidad-2025-y-nochevieja-en-amalfi-una-historia-que-conmovio-cada-dia\\\/#primaryimage\",\"url\":\"https:\\\/\\\/www.visitamalfi.info\\\/wp-content\\\/uploads\\\/2026\\\/01\\\/10.jpeg\",\"contentUrl\":\"https:\\\/\\\/www.visitamalfi.info\\\/wp-content\\\/uploads\\\/2026\\\/01\\\/10.jpeg\",\"width\":1440,\"height\":960},{\"@type\":\"BreadcrumbList\",\"@id\":\"https:\\\/\\\/www.visitamalfi.info\\\/es\\\/navidad-2025-y-nochevieja-en-amalfi-una-historia-que-conmovio-cada-dia\\\/#breadcrumb\",\"itemListElement\":[{\"@type\":\"ListItem\",\"position\":1,\"name\":\"Home\",\"item\":\"https:\\\/\\\/www.visitamalfi.info\\\/es\\\/\"},{\"@type\":\"ListItem\",\"position\":2,\"name\":\"Navidad 2025 y Nochevieja en Amalfi: una historia que conmovi\u00f3 cada d\u00eda\"}]},{\"@type\":\"WebSite\",\"@id\":\"https:\\\/\\\/www.visitamalfi.info\\\/es\\\/#website\",\"url\":\"https:\\\/\\\/www.visitamalfi.info\\\/es\\\/\",\"name\":\"Visit Amalfi\",\"description\":\"Amalfi Destination Official Website\",\"publisher\":{\"@id\":\"https:\\\/\\\/www.visitamalfi.info\\\/es\\\/#organization\"},\"potentialAction\":[{\"@type\":\"SearchAction\",\"target\":{\"@type\":\"EntryPoint\",\"urlTemplate\":\"https:\\\/\\\/www.visitamalfi.info\\\/es\\\/?s={search_term_string}\"},\"query-input\":{\"@type\":\"PropertyValueSpecification\",\"valueRequired\":true,\"valueName\":\"search_term_string\"}}],\"inLanguage\":\"es\"},{\"@type\":\"Organization\",\"@id\":\"https:\\\/\\\/www.visitamalfi.info\\\/es\\\/#organization\",\"name\":\"Visit Amalfi\",\"url\":\"https:\\\/\\\/www.visitamalfi.info\\\/es\\\/\",\"logo\":{\"@type\":\"ImageObject\",\"inLanguage\":\"es\",\"@id\":\"https:\\\/\\\/www.visitamalfi.info\\\/es\\\/#\\\/schema\\\/logo\\\/image\\\/\",\"url\":\"https:\\\/\\\/www.visitamalfi.info\\\/wp-content\\\/uploads\\\/2023\\\/04\\\/visit-amalfi-logo-web.png\",\"contentUrl\":\"https:\\\/\\\/www.visitamalfi.info\\\/wp-content\\\/uploads\\\/2023\\\/04\\\/visit-amalfi-logo-web.png\",\"width\":800,\"height\":870,\"caption\":\"Visit Amalfi\"},\"image\":{\"@id\":\"https:\\\/\\\/www.visitamalfi.info\\\/es\\\/#\\\/schema\\\/logo\\\/image\\\/\"},\"sameAs\":[\"https:\\\/\\\/www.facebook.com\\\/visitamalfiofficial\",\"https:\\\/\\\/www.instagram.com\\\/visitamalfiofficial\\\/\"]},{\"@type\":\"Person\",\"@id\":\"https:\\\/\\\/www.visitamalfi.info\\\/es\\\/#\\\/schema\\\/person\\\/0c7584af846d5d2da6c69f7e68f3af96\",\"name\":\"Federica Dumont\",\"image\":{\"@type\":\"ImageObject\",\"inLanguage\":\"es\",\"@id\":\"https:\\\/\\\/secure.gravatar.com\\\/avatar\\\/0803dab414b6c6f1fd2399680f587870a020419b6ebe9d36dd75df06a6a68060?s=96&d=mm&r=g\",\"url\":\"https:\\\/\\\/secure.gravatar.com\\\/avatar\\\/0803dab414b6c6f1fd2399680f587870a020419b6ebe9d36dd75df06a6a68060?s=96&d=mm&r=g\",\"contentUrl\":\"https:\\\/\\\/secure.gravatar.com\\\/avatar\\\/0803dab414b6c6f1fd2399680f587870a020419b6ebe9d36dd75df06a6a68060?s=96&d=mm&r=g\",\"caption\":\"Federica Dumont\"},\"url\":\"https:\\\/\\\/www.visitamalfi.info\\\/es\\\/author\\\/federica\\\/\"}]}<\/script>\n<!-- \/ Yoast SEO plugin. -->","yoast_head_json":{"title":"Navidad 2025 y Nochevieja en Amalfi: una historia que conmovi\u00f3 cada d\u00eda - Visit Amalfi","robots":{"index":"index","follow":"follow","max-snippet":"max-snippet:-1","max-image-preview":"max-image-preview:large","max-video-preview":"max-video-preview:-1"},"canonical":"https:\/\/www.visitamalfi.info\/es\/navidad-2025-y-nochevieja-en-amalfi-una-historia-que-conmovio-cada-dia\/","og_locale":"es_ES","og_type":"article","og_title":"Navidad 2025 y Nochevieja en Amalfi: una historia que conmovi\u00f3 cada d\u00eda - Visit Amalfi","og_description":"Hay lugares que se iluminan durante las fiestas.Y luego hay lugares -como Amalfi- que cuentan sus propias historias. En Amalfi, Navidad y Nochevieja no eran s\u00f3lo un calendario de acontecimientos, [&hellip;]","og_url":"https:\/\/www.visitamalfi.info\/es\/navidad-2025-y-nochevieja-en-amalfi-una-historia-que-conmovio-cada-dia\/","og_site_name":"Visit Amalfi","article_publisher":"https:\/\/www.facebook.com\/visitamalfiofficial","article_published_time":"2026-01-15T14:55:53+00:00","og_image":[{"width":1440,"height":960,"url":"https:\/\/www.visitamalfi.info\/wp-content\/uploads\/2026\/01\/10.jpeg","type":"image\/jpeg"}],"author":"Federica Dumont","twitter_card":"summary_large_image","twitter_misc":{"Escrito por":"Federica Dumont","Tiempo de lectura":"6 minutos"},"schema":{"@context":"https:\/\/schema.org","@graph":[{"@type":"Article","@id":"https:\/\/www.visitamalfi.info\/es\/navidad-2025-y-nochevieja-en-amalfi-una-historia-que-conmovio-cada-dia\/#article","isPartOf":{"@id":"https:\/\/www.visitamalfi.info\/es\/navidad-2025-y-nochevieja-en-amalfi-una-historia-que-conmovio-cada-dia\/"},"author":{"name":"Federica Dumont","@id":"https:\/\/www.visitamalfi.info\/es\/#\/schema\/person\/0c7584af846d5d2da6c69f7e68f3af96"},"headline":"Navidad 2025 y Nochevieja en Amalfi: una historia que conmovi\u00f3 cada d\u00eda","datePublished":"2026-01-15T14:55:53+00:00","mainEntityOfPage":{"@id":"https:\/\/www.visitamalfi.info\/es\/navidad-2025-y-nochevieja-en-amalfi-una-historia-que-conmovio-cada-dia\/"},"wordCount":1251,"commentCount":0,"publisher":{"@id":"https:\/\/www.visitamalfi.info\/es\/#organization"},"image":{"@id":"https:\/\/www.visitamalfi.info\/es\/navidad-2025-y-nochevieja-en-amalfi-una-historia-que-conmovio-cada-dia\/#primaryimage"},"thumbnailUrl":"https:\/\/www.visitamalfi.info\/wp-content\/uploads\/2026\/01\/10.jpeg","keywords":["Destacado"],"articleSection":["Eventos"],"inLanguage":"es","potentialAction":[{"@type":"CommentAction","name":"Comment","target":["https:\/\/www.visitamalfi.info\/es\/navidad-2025-y-nochevieja-en-amalfi-una-historia-que-conmovio-cada-dia\/#respond"]}]},{"@type":"WebPage","@id":"https:\/\/www.visitamalfi.info\/es\/navidad-2025-y-nochevieja-en-amalfi-una-historia-que-conmovio-cada-dia\/","url":"https:\/\/www.visitamalfi.info\/es\/navidad-2025-y-nochevieja-en-amalfi-una-historia-que-conmovio-cada-dia\/","name":"Navidad 2025 y Nochevieja en Amalfi: una historia que conmovi\u00f3 cada d\u00eda - Visit Amalfi","isPartOf":{"@id":"https:\/\/www.visitamalfi.info\/es\/#website"},"primaryImageOfPage":{"@id":"https:\/\/www.visitamalfi.info\/es\/navidad-2025-y-nochevieja-en-amalfi-una-historia-que-conmovio-cada-dia\/#primaryimage"},"image":{"@id":"https:\/\/www.visitamalfi.info\/es\/navidad-2025-y-nochevieja-en-amalfi-una-historia-que-conmovio-cada-dia\/#primaryimage"},"thumbnailUrl":"https:\/\/www.visitamalfi.info\/wp-content\/uploads\/2026\/01\/10.jpeg","datePublished":"2026-01-15T14:55:53+00:00","breadcrumb":{"@id":"https:\/\/www.visitamalfi.info\/es\/navidad-2025-y-nochevieja-en-amalfi-una-historia-que-conmovio-cada-dia\/#breadcrumb"},"inLanguage":"es","potentialAction":[{"@type":"ReadAction","target":["https:\/\/www.visitamalfi.info\/es\/navidad-2025-y-nochevieja-en-amalfi-una-historia-que-conmovio-cada-dia\/"]}]},{"@type":"ImageObject","inLanguage":"es","@id":"https:\/\/www.visitamalfi.info\/es\/navidad-2025-y-nochevieja-en-amalfi-una-historia-que-conmovio-cada-dia\/#primaryimage","url":"https:\/\/www.visitamalfi.info\/wp-content\/uploads\/2026\/01\/10.jpeg","contentUrl":"https:\/\/www.visitamalfi.info\/wp-content\/uploads\/2026\/01\/10.jpeg","width":1440,"height":960},{"@type":"BreadcrumbList","@id":"https:\/\/www.visitamalfi.info\/es\/navidad-2025-y-nochevieja-en-amalfi-una-historia-que-conmovio-cada-dia\/#breadcrumb","itemListElement":[{"@type":"ListItem","position":1,"name":"Home","item":"https:\/\/www.visitamalfi.info\/es\/"},{"@type":"ListItem","position":2,"name":"Navidad 2025 y Nochevieja en Amalfi: una historia que conmovi\u00f3 cada d\u00eda"}]},{"@type":"WebSite","@id":"https:\/\/www.visitamalfi.info\/es\/#website","url":"https:\/\/www.visitamalfi.info\/es\/","name":"Visit Amalfi","description":"Amalfi Destination Official Website","publisher":{"@id":"https:\/\/www.visitamalfi.info\/es\/#organization"},"potentialAction":[{"@type":"SearchAction","target":{"@type":"EntryPoint","urlTemplate":"https:\/\/www.visitamalfi.info\/es\/?s={search_term_string}"},"query-input":{"@type":"PropertyValueSpecification","valueRequired":true,"valueName":"search_term_string"}}],"inLanguage":"es"},{"@type":"Organization","@id":"https:\/\/www.visitamalfi.info\/es\/#organization","name":"Visit Amalfi","url":"https:\/\/www.visitamalfi.info\/es\/","logo":{"@type":"ImageObject","inLanguage":"es","@id":"https:\/\/www.visitamalfi.info\/es\/#\/schema\/logo\/image\/","url":"https:\/\/www.visitamalfi.info\/wp-content\/uploads\/2023\/04\/visit-amalfi-logo-web.png","contentUrl":"https:\/\/www.visitamalfi.info\/wp-content\/uploads\/2023\/04\/visit-amalfi-logo-web.png","width":800,"height":870,"caption":"Visit Amalfi"},"image":{"@id":"https:\/\/www.visitamalfi.info\/es\/#\/schema\/logo\/image\/"},"sameAs":["https:\/\/www.facebook.com\/visitamalfiofficial","https:\/\/www.instagram.com\/visitamalfiofficial\/"]},{"@type":"Person","@id":"https:\/\/www.visitamalfi.info\/es\/#\/schema\/person\/0c7584af846d5d2da6c69f7e68f3af96","name":"Federica Dumont","image":{"@type":"ImageObject","inLanguage":"es","@id":"https:\/\/secure.gravatar.com\/avatar\/0803dab414b6c6f1fd2399680f587870a020419b6ebe9d36dd75df06a6a68060?s=96&d=mm&r=g","url":"https:\/\/secure.gravatar.com\/avatar\/0803dab414b6c6f1fd2399680f587870a020419b6ebe9d36dd75df06a6a68060?s=96&d=mm&r=g","contentUrl":"https:\/\/secure.gravatar.com\/avatar\/0803dab414b6c6f1fd2399680f587870a020419b6ebe9d36dd75df06a6a68060?s=96&d=mm&r=g","caption":"Federica Dumont"},"url":"https:\/\/www.visitamalfi.info\/es\/author\/federica\/"}]}},"_links":{"self":[{"href":"https:\/\/www.visitamalfi.info\/es\/wp-json\/wp\/v2\/posts\/23783","targetHints":{"allow":["GET"]}}],"collection":[{"href":"https:\/\/www.visitamalfi.info\/es\/wp-json\/wp\/v2\/posts"}],"about":[{"href":"https:\/\/www.visitamalfi.info\/es\/wp-json\/wp\/v2\/types\/post"}],"author":[{"embeddable":true,"href":"https:\/\/www.visitamalfi.info\/es\/wp-json\/wp\/v2\/users\/7"}],"replies":[{"embeddable":true,"href":"https:\/\/www.visitamalfi.info\/es\/wp-json\/wp\/v2\/comments?post=23783"}],"version-history":[{"count":0,"href":"https:\/\/www.visitamalfi.info\/es\/wp-json\/wp\/v2\/posts\/23783\/revisions"}],"wp:featuredmedia":[{"embeddable":true,"href":"https:\/\/www.visitamalfi.info\/es\/wp-json\/wp\/v2\/media\/23748"}],"wp:attachment":[{"href":"https:\/\/www.visitamalfi.info\/es\/wp-json\/wp\/v2\/media?parent=23783"}],"wp:term":[{"taxonomy":"category","embeddable":true,"href":"https:\/\/www.visitamalfi.info\/es\/wp-json\/wp\/v2\/categories?post=23783"},{"taxonomy":"post_tag","embeddable":true,"href":"https:\/\/www.visitamalfi.info\/es\/wp-json\/wp\/v2\/tags?post=23783"}],"curies":[{"name":"wp","href":"https:\/\/api.w.org\/{rel}","templated":true}]}}