{"id":23274,"date":"2025-11-30T10:00:38","date_gmt":"2025-11-30T09:00:38","guid":{"rendered":"https:\/\/www.visitamalfi.info\/?p=23274"},"modified":"2025-11-30T10:00:38","modified_gmt":"2025-11-30T09:00:38","slug":"tu-boda-en-amalfi-un-dia-inolvidable-entre-mar-e-historia","status":"publish","type":"post","link":"https:\/\/www.visitamalfi.info\/es\/tu-boda-en-amalfi-un-dia-inolvidable-entre-mar-e-historia\/","title":{"rendered":"Tu boda en Amalfi: un d\u00eda inolvidable entre mar e historia"},"content":{"rendered":"<p>So\u00f1ar con una boda de cuento de hadas a menudo significa imaginar vistas impresionantes, ambientes rom\u00e1nticos y lugares que cuenten una historia. Amalfi, con su espectacular costa y su encanto tradicional, ofrece todo esto, convirtiendo cada celebraci\u00f3n en una experiencia \u00fanica y memorable.<\/p>\n<h2 data-start=\"561\" data-end=\"609\"><strong data-start=\"564\" data-end=\"609\">Lugares hist\u00f3ricos para una ceremonia \u00fanica<\/strong><\/h2>\n<h3 data-start=\"611\" data-end=\"646\"><strong data-start=\"615\" data-end=\"646\">El Arsenal de la Rep\u00fablica<\/strong><\/h3>\n<p data-start=\"647\" data-end=\"975\"><img decoding=\"async\" class=\" wp-image-23265 alignleft\" src=\"https:\/\/www.visitamalfi.info\/wp-content\/uploads\/2025\/11\/Progetto-senza-titolo-1-300x225.jpg\" alt=\"\" width=\"217\" height=\"163\" srcset=\"https:\/\/www.visitamalfi.info\/wp-content\/uploads\/2025\/11\/Progetto-senza-titolo-1-300x225.jpg 300w, https:\/\/www.visitamalfi.info\/wp-content\/uploads\/2025\/11\/Progetto-senza-titolo-1-1024x768.jpg 1024w, https:\/\/www.visitamalfi.info\/wp-content\/uploads\/2025\/11\/Progetto-senza-titolo-1-768x576.jpg 768w, https:\/\/www.visitamalfi.info\/wp-content\/uploads\/2025\/11\/Progetto-senza-titolo-1-1536x1152.jpg 1536w, https:\/\/www.visitamalfi.info\/wp-content\/uploads\/2025\/11\/Progetto-senza-titolo-1.jpg 1920w\" sizes=\"(max-width: 217px) 100vw, 217px\" \/>Un lugar rico en historia, s\u00edmbolo del poder\u00edo marinero de Amalfi. El Arsenal, con sus espacios, es perfecto para quienes desean una boda que combine elegancia, historia y encanto. Imagina intercambiar votos entre antiguas b\u00f3vedas de piedra, rodeado de la historia de una de las cuatro Rep\u00fablicas Mar\u00edtimas.<\/p>\n<h3 data-start=\"977\" data-end=\"1002\"><strong data-start=\"981\" data-end=\"1002\">Sal\u00f3n Morelli<\/strong><\/h3>\n<p data-start=\"1003\" data-end=\"1340\">Situado en la Casa Municipal, el Salone Morelli es ideal para una ceremonia civil elegante y refinada. Su cuidado interior y su c\u00e9ntrica ubicaci\u00f3n permiten celebrar la boda en el coraz\u00f3n de la ciudad, con la posibilidad de continuar hasta la recepci\u00f3n, pasando por callejuelas y plazas caracter\u00edsticas iluminadas por la luz mediterr\u00e1nea.<\/p>\n<h3 data-start=\"1342\" data-end=\"1389\"><strong data-start=\"1346\" data-end=\"1389\">Grand Hotel Anantara Convento di Amalfi<\/strong><\/h3>\n<p data-start=\"1390\" data-end=\"1760\"><img fetchpriority=\"high\" decoding=\"async\" class=\"size-medium wp-image-16435 alignright\" src=\"https:\/\/www.visitamalfi.info\/wp-content\/uploads\/2024\/03\/Anantara_Convento_di_Amalfi_Grand_Hotel_untitled_0918-300x192.jpg\" alt=\"\" width=\"300\" height=\"192\" srcset=\"https:\/\/www.visitamalfi.info\/wp-content\/uploads\/2024\/03\/Anantara_Convento_di_Amalfi_Grand_Hotel_untitled_0918-300x192.jpg 300w, https:\/\/www.visitamalfi.info\/wp-content\/uploads\/2024\/03\/Anantara_Convento_di_Amalfi_Grand_Hotel_untitled_0918-1024x655.jpg 1024w, https:\/\/www.visitamalfi.info\/wp-content\/uploads\/2024\/03\/Anantara_Convento_di_Amalfi_Grand_Hotel_untitled_0918-768x491.jpg 768w, https:\/\/www.visitamalfi.info\/wp-content\/uploads\/2024\/03\/Anantara_Convento_di_Amalfi_Grand_Hotel_untitled_0918-1536x982.jpg 1536w, https:\/\/www.visitamalfi.info\/wp-content\/uploads\/2024\/03\/Anantara_Convento_di_Amalfi_Grand_Hotel_untitled_0918.jpg 1920w\" sizes=\"(max-width: 300px) 100vw, 300px\" \/>Para quienes deseen una boda de ensue\u00f1o en un lugar de lujo, el Gran Hotel Anantara Convento di Amalfi ofrece espacios refinados y vistas impresionantes. La combinaci\u00f3n de arquitectura hist\u00f3rica, jardines y terrazas con vistas al mar hace que este lugar sea perfecto tanto para la ceremonia como para la recepci\u00f3n, proporcionando a los novios e invitados una experiencia exclusiva e inigualable.<\/p>\n<h2 data-start=\"1762\" data-end=\"1792\"><strong data-start=\"1765\" data-end=\"1792\">Por qu\u00e9 elegir Amalfi<\/strong><\/h2>\n<p data-start=\"1793\" data-end=\"2114\">Casarse en Amalfi significa combinar la belleza natural de la Costa Amalfitana, la riqueza cultural de la ciudad y la posibilidad de ofrecer a los invitados una experiencia aut\u00e9ntica e inolvidable. Desde los paseos por los limoneros en terrazas hasta los destellos del mar, cada momento pasa a formar parte del recuerdo del d\u00eda m\u00e1s importante.<\/p>\n<h2 data-start=\"2116\" data-end=\"2139\"><strong data-start=\"2119\" data-end=\"2139\">Nuestro consejo:<\/strong><\/h2>\n<p data-start=\"2142\" data-end=\"2329\"><strong data-start=\"2142\" data-end=\"2168\"><img decoding=\"async\" class=\" wp-image-13069 alignleft\" src=\"https:\/\/www.visitamalfi.info\/wp-content\/uploads\/2023\/11\/EmilioMegan-279-200x300.jpg\" alt=\"\" width=\"137\" height=\"206\" srcset=\"https:\/\/www.visitamalfi.info\/wp-content\/uploads\/2023\/11\/EmilioMegan-279-200x300.jpg 200w, https:\/\/www.visitamalfi.info\/wp-content\/uploads\/2023\/11\/EmilioMegan-279.jpg 512w\" sizes=\"(max-width: 137px) 100vw, 137px\" \/>Planifica con antelaci\u00f3n:<\/strong> Amalfi es un destino muy popular, sobre todo en los meses de primavera y verano. Reservar el lugar con suficiente antelaci\u00f3n garantiza la disponibilidad y la tranquilidad.<\/p>\n<p data-start=\"2720\" data-end=\"2944\">Una boda en Amalfi no es s\u00f3lo una celebraci\u00f3n, sino una experiencia de inmersi\u00f3n en una de las ciudades m\u00e1s bellas del mundo. Entre la historia, el mar y los paisajes de postal, cada detalle puede convertirse en m\u00e1gico y cada recuerdo en inolvidable.<\/p>\n","protected":false},"excerpt":{"rendered":"<p>So\u00f1ar con una boda de cuento de hadas a menudo significa imaginar vistas impresionantes, ambientes rom\u00e1nticos y lugares que cuenten una historia. Amalfi, con su espectacular costa y su encanto [&hellip;]<\/p>\n","protected":false},"author":7,"featured_media":13033,"comment_status":"open","ping_status":"closed","sticky":false,"template":"","format":"standard","meta":{"inline_featured_image":false,"footnotes":""},"categories":[822],"tags":[1962],"class_list":["post-23274","post","type-post","status-publish","format-standard","has-post-thumbnail","hentry","category-eventos","tag-destacado"],"yoast_head":"<!-- This site is optimized with the Yoast SEO plugin v27.3 - https:\/\/yoast.com\/product\/yoast-seo-wordpress\/ -->\n<title>Tu boda en Amalfi: un d\u00eda inolvidable entre mar e historia - Visit Amalfi<\/title>\n<meta name=\"robots\" content=\"index, follow, max-snippet:-1, max-image-preview:large, max-video-preview:-1\" \/>\n<link rel=\"canonical\" href=\"https:\/\/www.visitamalfi.info\/es\/tu-boda-en-amalfi-un-dia-inolvidable-entre-mar-e-historia\/\" \/>\n<meta property=\"og:locale\" content=\"es_ES\" \/>\n<meta property=\"og:type\" content=\"article\" \/>\n<meta property=\"og:title\" content=\"Tu boda en Amalfi: un d\u00eda inolvidable entre mar e historia - Visit Amalfi\" \/>\n<meta property=\"og:description\" content=\"So\u00f1ar con una boda de cuento de hadas a menudo significa imaginar vistas impresionantes, ambientes rom\u00e1nticos y lugares que cuenten una historia. Amalfi, con su espectacular costa y su encanto [&hellip;]\" \/>\n<meta property=\"og:url\" content=\"https:\/\/www.visitamalfi.info\/es\/tu-boda-en-amalfi-un-dia-inolvidable-entre-mar-e-historia\/\" \/>\n<meta property=\"og:site_name\" content=\"Visit Amalfi\" \/>\n<meta property=\"article:publisher\" content=\"https:\/\/www.facebook.com\/visitamalfiofficial\" \/>\n<meta property=\"article:published_time\" content=\"2025-11-30T09:00:38+00:00\" \/>\n<meta property=\"og:image\" content=\"https:\/\/www.visitamalfi.info\/wp-content\/uploads\/2023\/11\/AdameCatherine-587.jpg\" \/>\n\t<meta property=\"og:image:width\" content=\"1024\" \/>\n\t<meta property=\"og:image:height\" content=\"682\" \/>\n\t<meta property=\"og:image:type\" content=\"image\/jpeg\" \/>\n<meta name=\"author\" content=\"Federica Dumont\" \/>\n<meta name=\"twitter:card\" content=\"summary_large_image\" \/>\n<meta name=\"twitter:label1\" content=\"Escrito por\" \/>\n\t<meta name=\"twitter:data1\" content=\"Federica Dumont\" \/>\n\t<meta name=\"twitter:label2\" content=\"Tiempo de lectura\" \/>\n\t<meta name=\"twitter:data2\" content=\"2 minutos\" \/>\n<script type=\"application\/ld+json\" class=\"yoast-schema-graph\">{\"@context\":\"https:\\\/\\\/schema.org\",\"@graph\":[{\"@type\":\"Article\",\"@id\":\"https:\\\/\\\/www.visitamalfi.info\\\/es\\\/tu-boda-en-amalfi-un-dia-inolvidable-entre-mar-e-historia\\\/#article\",\"isPartOf\":{\"@id\":\"https:\\\/\\\/www.visitamalfi.info\\\/es\\\/tu-boda-en-amalfi-un-dia-inolvidable-entre-mar-e-historia\\\/\"},\"author\":{\"name\":\"Federica Dumont\",\"@id\":\"https:\\\/\\\/www.visitamalfi.info\\\/es\\\/#\\\/schema\\\/person\\\/0c7584af846d5d2da6c69f7e68f3af96\"},\"headline\":\"Tu boda en Amalfi: un d\u00eda inolvidable entre mar e historia\",\"datePublished\":\"2025-11-30T09:00:38+00:00\",\"mainEntityOfPage\":{\"@id\":\"https:\\\/\\\/www.visitamalfi.info\\\/es\\\/tu-boda-en-amalfi-un-dia-inolvidable-entre-mar-e-historia\\\/\"},\"wordCount\":404,\"commentCount\":0,\"publisher\":{\"@id\":\"https:\\\/\\\/www.visitamalfi.info\\\/es\\\/#organization\"},\"image\":{\"@id\":\"https:\\\/\\\/www.visitamalfi.info\\\/es\\\/tu-boda-en-amalfi-un-dia-inolvidable-entre-mar-e-historia\\\/#primaryimage\"},\"thumbnailUrl\":\"https:\\\/\\\/www.visitamalfi.info\\\/wp-content\\\/uploads\\\/2023\\\/11\\\/AdameCatherine-587.jpg\",\"keywords\":[\"Destacado\"],\"articleSection\":[\"Eventos\"],\"inLanguage\":\"es\",\"potentialAction\":[{\"@type\":\"CommentAction\",\"name\":\"Comment\",\"target\":[\"https:\\\/\\\/www.visitamalfi.info\\\/es\\\/tu-boda-en-amalfi-un-dia-inolvidable-entre-mar-e-historia\\\/#respond\"]}]},{\"@type\":\"WebPage\",\"@id\":\"https:\\\/\\\/www.visitamalfi.info\\\/es\\\/tu-boda-en-amalfi-un-dia-inolvidable-entre-mar-e-historia\\\/\",\"url\":\"https:\\\/\\\/www.visitamalfi.info\\\/es\\\/tu-boda-en-amalfi-un-dia-inolvidable-entre-mar-e-historia\\\/\",\"name\":\"Tu boda en Amalfi: un d\u00eda inolvidable entre mar e historia - Visit Amalfi\",\"isPartOf\":{\"@id\":\"https:\\\/\\\/www.visitamalfi.info\\\/es\\\/#website\"},\"primaryImageOfPage\":{\"@id\":\"https:\\\/\\\/www.visitamalfi.info\\\/es\\\/tu-boda-en-amalfi-un-dia-inolvidable-entre-mar-e-historia\\\/#primaryimage\"},\"image\":{\"@id\":\"https:\\\/\\\/www.visitamalfi.info\\\/es\\\/tu-boda-en-amalfi-un-dia-inolvidable-entre-mar-e-historia\\\/#primaryimage\"},\"thumbnailUrl\":\"https:\\\/\\\/www.visitamalfi.info\\\/wp-content\\\/uploads\\\/2023\\\/11\\\/AdameCatherine-587.jpg\",\"datePublished\":\"2025-11-30T09:00:38+00:00\",\"breadcrumb\":{\"@id\":\"https:\\\/\\\/www.visitamalfi.info\\\/es\\\/tu-boda-en-amalfi-un-dia-inolvidable-entre-mar-e-historia\\\/#breadcrumb\"},\"inLanguage\":\"es\",\"potentialAction\":[{\"@type\":\"ReadAction\",\"target\":[\"https:\\\/\\\/www.visitamalfi.info\\\/es\\\/tu-boda-en-amalfi-un-dia-inolvidable-entre-mar-e-historia\\\/\"]}]},{\"@type\":\"ImageObject\",\"inLanguage\":\"es\",\"@id\":\"https:\\\/\\\/www.visitamalfi.info\\\/es\\\/tu-boda-en-amalfi-un-dia-inolvidable-entre-mar-e-historia\\\/#primaryimage\",\"url\":\"https:\\\/\\\/www.visitamalfi.info\\\/wp-content\\\/uploads\\\/2023\\\/11\\\/AdameCatherine-587.jpg\",\"contentUrl\":\"https:\\\/\\\/www.visitamalfi.info\\\/wp-content\\\/uploads\\\/2023\\\/11\\\/AdameCatherine-587.jpg\",\"width\":1024,\"height\":682},{\"@type\":\"BreadcrumbList\",\"@id\":\"https:\\\/\\\/www.visitamalfi.info\\\/es\\\/tu-boda-en-amalfi-un-dia-inolvidable-entre-mar-e-historia\\\/#breadcrumb\",\"itemListElement\":[{\"@type\":\"ListItem\",\"position\":1,\"name\":\"Home\",\"item\":\"https:\\\/\\\/www.visitamalfi.info\\\/es\\\/\"},{\"@type\":\"ListItem\",\"position\":2,\"name\":\"Tu boda en Amalfi: un d\u00eda inolvidable entre mar e historia\"}]},{\"@type\":\"WebSite\",\"@id\":\"https:\\\/\\\/www.visitamalfi.info\\\/es\\\/#website\",\"url\":\"https:\\\/\\\/www.visitamalfi.info\\\/es\\\/\",\"name\":\"Visit Amalfi\",\"description\":\"Amalfi Destination Official Website\",\"publisher\":{\"@id\":\"https:\\\/\\\/www.visitamalfi.info\\\/es\\\/#organization\"},\"potentialAction\":[{\"@type\":\"SearchAction\",\"target\":{\"@type\":\"EntryPoint\",\"urlTemplate\":\"https:\\\/\\\/www.visitamalfi.info\\\/es\\\/?s={search_term_string}\"},\"query-input\":{\"@type\":\"PropertyValueSpecification\",\"valueRequired\":true,\"valueName\":\"search_term_string\"}}],\"inLanguage\":\"es\"},{\"@type\":\"Organization\",\"@id\":\"https:\\\/\\\/www.visitamalfi.info\\\/es\\\/#organization\",\"name\":\"Visit Amalfi\",\"url\":\"https:\\\/\\\/www.visitamalfi.info\\\/es\\\/\",\"logo\":{\"@type\":\"ImageObject\",\"inLanguage\":\"es\",\"@id\":\"https:\\\/\\\/www.visitamalfi.info\\\/es\\\/#\\\/schema\\\/logo\\\/image\\\/\",\"url\":\"https:\\\/\\\/www.visitamalfi.info\\\/wp-content\\\/uploads\\\/2023\\\/04\\\/visit-amalfi-logo-web.png\",\"contentUrl\":\"https:\\\/\\\/www.visitamalfi.info\\\/wp-content\\\/uploads\\\/2023\\\/04\\\/visit-amalfi-logo-web.png\",\"width\":800,\"height\":870,\"caption\":\"Visit Amalfi\"},\"image\":{\"@id\":\"https:\\\/\\\/www.visitamalfi.info\\\/es\\\/#\\\/schema\\\/logo\\\/image\\\/\"},\"sameAs\":[\"https:\\\/\\\/www.facebook.com\\\/visitamalfiofficial\",\"https:\\\/\\\/www.instagram.com\\\/visitamalfiofficial\\\/\"]},{\"@type\":\"Person\",\"@id\":\"https:\\\/\\\/www.visitamalfi.info\\\/es\\\/#\\\/schema\\\/person\\\/0c7584af846d5d2da6c69f7e68f3af96\",\"name\":\"Federica Dumont\",\"image\":{\"@type\":\"ImageObject\",\"inLanguage\":\"es\",\"@id\":\"https:\\\/\\\/secure.gravatar.com\\\/avatar\\\/0803dab414b6c6f1fd2399680f587870a020419b6ebe9d36dd75df06a6a68060?s=96&d=mm&r=g\",\"url\":\"https:\\\/\\\/secure.gravatar.com\\\/avatar\\\/0803dab414b6c6f1fd2399680f587870a020419b6ebe9d36dd75df06a6a68060?s=96&d=mm&r=g\",\"contentUrl\":\"https:\\\/\\\/secure.gravatar.com\\\/avatar\\\/0803dab414b6c6f1fd2399680f587870a020419b6ebe9d36dd75df06a6a68060?s=96&d=mm&r=g\",\"caption\":\"Federica Dumont\"},\"url\":\"https:\\\/\\\/www.visitamalfi.info\\\/es\\\/author\\\/federica\\\/\"}]}<\/script>\n<!-- \/ Yoast SEO plugin. -->","yoast_head_json":{"title":"Tu boda en Amalfi: un d\u00eda inolvidable entre mar e historia - Visit Amalfi","robots":{"index":"index","follow":"follow","max-snippet":"max-snippet:-1","max-image-preview":"max-image-preview:large","max-video-preview":"max-video-preview:-1"},"canonical":"https:\/\/www.visitamalfi.info\/es\/tu-boda-en-amalfi-un-dia-inolvidable-entre-mar-e-historia\/","og_locale":"es_ES","og_type":"article","og_title":"Tu boda en Amalfi: un d\u00eda inolvidable entre mar e historia - Visit Amalfi","og_description":"So\u00f1ar con una boda de cuento de hadas a menudo significa imaginar vistas impresionantes, ambientes rom\u00e1nticos y lugares que cuenten una historia. Amalfi, con su espectacular costa y su encanto [&hellip;]","og_url":"https:\/\/www.visitamalfi.info\/es\/tu-boda-en-amalfi-un-dia-inolvidable-entre-mar-e-historia\/","og_site_name":"Visit Amalfi","article_publisher":"https:\/\/www.facebook.com\/visitamalfiofficial","article_published_time":"2025-11-30T09:00:38+00:00","og_image":[{"width":1024,"height":682,"url":"https:\/\/www.visitamalfi.info\/wp-content\/uploads\/2023\/11\/AdameCatherine-587.jpg","type":"image\/jpeg"}],"author":"Federica Dumont","twitter_card":"summary_large_image","twitter_misc":{"Escrito por":"Federica Dumont","Tiempo de lectura":"2 minutos"},"schema":{"@context":"https:\/\/schema.org","@graph":[{"@type":"Article","@id":"https:\/\/www.visitamalfi.info\/es\/tu-boda-en-amalfi-un-dia-inolvidable-entre-mar-e-historia\/#article","isPartOf":{"@id":"https:\/\/www.visitamalfi.info\/es\/tu-boda-en-amalfi-un-dia-inolvidable-entre-mar-e-historia\/"},"author":{"name":"Federica Dumont","@id":"https:\/\/www.visitamalfi.info\/es\/#\/schema\/person\/0c7584af846d5d2da6c69f7e68f3af96"},"headline":"Tu boda en Amalfi: un d\u00eda inolvidable entre mar e historia","datePublished":"2025-11-30T09:00:38+00:00","mainEntityOfPage":{"@id":"https:\/\/www.visitamalfi.info\/es\/tu-boda-en-amalfi-un-dia-inolvidable-entre-mar-e-historia\/"},"wordCount":404,"commentCount":0,"publisher":{"@id":"https:\/\/www.visitamalfi.info\/es\/#organization"},"image":{"@id":"https:\/\/www.visitamalfi.info\/es\/tu-boda-en-amalfi-un-dia-inolvidable-entre-mar-e-historia\/#primaryimage"},"thumbnailUrl":"https:\/\/www.visitamalfi.info\/wp-content\/uploads\/2023\/11\/AdameCatherine-587.jpg","keywords":["Destacado"],"articleSection":["Eventos"],"inLanguage":"es","potentialAction":[{"@type":"CommentAction","name":"Comment","target":["https:\/\/www.visitamalfi.info\/es\/tu-boda-en-amalfi-un-dia-inolvidable-entre-mar-e-historia\/#respond"]}]},{"@type":"WebPage","@id":"https:\/\/www.visitamalfi.info\/es\/tu-boda-en-amalfi-un-dia-inolvidable-entre-mar-e-historia\/","url":"https:\/\/www.visitamalfi.info\/es\/tu-boda-en-amalfi-un-dia-inolvidable-entre-mar-e-historia\/","name":"Tu boda en Amalfi: un d\u00eda inolvidable entre mar e historia - Visit Amalfi","isPartOf":{"@id":"https:\/\/www.visitamalfi.info\/es\/#website"},"primaryImageOfPage":{"@id":"https:\/\/www.visitamalfi.info\/es\/tu-boda-en-amalfi-un-dia-inolvidable-entre-mar-e-historia\/#primaryimage"},"image":{"@id":"https:\/\/www.visitamalfi.info\/es\/tu-boda-en-amalfi-un-dia-inolvidable-entre-mar-e-historia\/#primaryimage"},"thumbnailUrl":"https:\/\/www.visitamalfi.info\/wp-content\/uploads\/2023\/11\/AdameCatherine-587.jpg","datePublished":"2025-11-30T09:00:38+00:00","breadcrumb":{"@id":"https:\/\/www.visitamalfi.info\/es\/tu-boda-en-amalfi-un-dia-inolvidable-entre-mar-e-historia\/#breadcrumb"},"inLanguage":"es","potentialAction":[{"@type":"ReadAction","target":["https:\/\/www.visitamalfi.info\/es\/tu-boda-en-amalfi-un-dia-inolvidable-entre-mar-e-historia\/"]}]},{"@type":"ImageObject","inLanguage":"es","@id":"https:\/\/www.visitamalfi.info\/es\/tu-boda-en-amalfi-un-dia-inolvidable-entre-mar-e-historia\/#primaryimage","url":"https:\/\/www.visitamalfi.info\/wp-content\/uploads\/2023\/11\/AdameCatherine-587.jpg","contentUrl":"https:\/\/www.visitamalfi.info\/wp-content\/uploads\/2023\/11\/AdameCatherine-587.jpg","width":1024,"height":682},{"@type":"BreadcrumbList","@id":"https:\/\/www.visitamalfi.info\/es\/tu-boda-en-amalfi-un-dia-inolvidable-entre-mar-e-historia\/#breadcrumb","itemListElement":[{"@type":"ListItem","position":1,"name":"Home","item":"https:\/\/www.visitamalfi.info\/es\/"},{"@type":"ListItem","position":2,"name":"Tu boda en Amalfi: un d\u00eda inolvidable entre mar e historia"}]},{"@type":"WebSite","@id":"https:\/\/www.visitamalfi.info\/es\/#website","url":"https:\/\/www.visitamalfi.info\/es\/","name":"Visit Amalfi","description":"Amalfi Destination Official Website","publisher":{"@id":"https:\/\/www.visitamalfi.info\/es\/#organization"},"potentialAction":[{"@type":"SearchAction","target":{"@type":"EntryPoint","urlTemplate":"https:\/\/www.visitamalfi.info\/es\/?s={search_term_string}"},"query-input":{"@type":"PropertyValueSpecification","valueRequired":true,"valueName":"search_term_string"}}],"inLanguage":"es"},{"@type":"Organization","@id":"https:\/\/www.visitamalfi.info\/es\/#organization","name":"Visit Amalfi","url":"https:\/\/www.visitamalfi.info\/es\/","logo":{"@type":"ImageObject","inLanguage":"es","@id":"https:\/\/www.visitamalfi.info\/es\/#\/schema\/logo\/image\/","url":"https:\/\/www.visitamalfi.info\/wp-content\/uploads\/2023\/04\/visit-amalfi-logo-web.png","contentUrl":"https:\/\/www.visitamalfi.info\/wp-content\/uploads\/2023\/04\/visit-amalfi-logo-web.png","width":800,"height":870,"caption":"Visit Amalfi"},"image":{"@id":"https:\/\/www.visitamalfi.info\/es\/#\/schema\/logo\/image\/"},"sameAs":["https:\/\/www.facebook.com\/visitamalfiofficial","https:\/\/www.instagram.com\/visitamalfiofficial\/"]},{"@type":"Person","@id":"https:\/\/www.visitamalfi.info\/es\/#\/schema\/person\/0c7584af846d5d2da6c69f7e68f3af96","name":"Federica Dumont","image":{"@type":"ImageObject","inLanguage":"es","@id":"https:\/\/secure.gravatar.com\/avatar\/0803dab414b6c6f1fd2399680f587870a020419b6ebe9d36dd75df06a6a68060?s=96&d=mm&r=g","url":"https:\/\/secure.gravatar.com\/avatar\/0803dab414b6c6f1fd2399680f587870a020419b6ebe9d36dd75df06a6a68060?s=96&d=mm&r=g","contentUrl":"https:\/\/secure.gravatar.com\/avatar\/0803dab414b6c6f1fd2399680f587870a020419b6ebe9d36dd75df06a6a68060?s=96&d=mm&r=g","caption":"Federica Dumont"},"url":"https:\/\/www.visitamalfi.info\/es\/author\/federica\/"}]}},"_links":{"self":[{"href":"https:\/\/www.visitamalfi.info\/es\/wp-json\/wp\/v2\/posts\/23274","targetHints":{"allow":["GET"]}}],"collection":[{"href":"https:\/\/www.visitamalfi.info\/es\/wp-json\/wp\/v2\/posts"}],"about":[{"href":"https:\/\/www.visitamalfi.info\/es\/wp-json\/wp\/v2\/types\/post"}],"author":[{"embeddable":true,"href":"https:\/\/www.visitamalfi.info\/es\/wp-json\/wp\/v2\/users\/7"}],"replies":[{"embeddable":true,"href":"https:\/\/www.visitamalfi.info\/es\/wp-json\/wp\/v2\/comments?post=23274"}],"version-history":[{"count":1,"href":"https:\/\/www.visitamalfi.info\/es\/wp-json\/wp\/v2\/posts\/23274\/revisions"}],"predecessor-version":[{"id":23301,"href":"https:\/\/www.visitamalfi.info\/es\/wp-json\/wp\/v2\/posts\/23274\/revisions\/23301"}],"wp:featuredmedia":[{"embeddable":true,"href":"https:\/\/www.visitamalfi.info\/es\/wp-json\/wp\/v2\/media\/13033"}],"wp:attachment":[{"href":"https:\/\/www.visitamalfi.info\/es\/wp-json\/wp\/v2\/media?parent=23274"}],"wp:term":[{"taxonomy":"category","embeddable":true,"href":"https:\/\/www.visitamalfi.info\/es\/wp-json\/wp\/v2\/categories?post=23274"},{"taxonomy":"post_tag","embeddable":true,"href":"https:\/\/www.visitamalfi.info\/es\/wp-json\/wp\/v2\/tags?post=23274"}],"curies":[{"name":"wp","href":"https:\/\/api.w.org\/{rel}","templated":true}]}}