{"id":23263,"date":"2025-11-25T10:56:26","date_gmt":"2025-11-25T09:56:26","guid":{"rendered":"https:\/\/www.visitamalfi.info\/amalfi-en-invierno-por-que-la-epoca-mas-tranquila-del-ano-es-la-mejor-para-descubrirla\/"},"modified":"2025-11-25T10:56:26","modified_gmt":"2025-11-25T09:56:26","slug":"amalfi-en-invierno-por-que-la-epoca-mas-tranquila-del-ano-es-la-mejor-para-descubrirla","status":"publish","type":"post","link":"https:\/\/www.visitamalfi.info\/es\/amalfi-en-invierno-por-que-la-epoca-mas-tranquila-del-ano-es-la-mejor-para-descubrirla\/","title":{"rendered":"Amalfi en invierno: por qu\u00e9 la \u00e9poca m\u00e1s tranquila del a\u00f1o es la mejor para descubrirla"},"content":{"rendered":"<p data-start=\"341\" data-end=\"729\">Cuando uno piensa en Amalfi, piensa inmediatamente en el verano: el sol, el mar, los barcos en el puerto, las playas&#8230;<br data-start=\"467\" data-end=\"470\">Sin embargo, es precisamente en <strong data-start=\"488\" data-end=\"501\">invierno<\/strong> cuando la ciudad revela su car\u00e1cter m\u00e1s aut\u00e9ntico. Un tiempo de tranquilidad, calma, un ritmo m\u00e1s sosegado y la posibilidad de disfrutar de la ciudad con una mirada m\u00e1s cercana a su vida cotidiana.<\/p>\n<p data-start=\"731\" data-end=\"854\">En este art\u00edculo te contamos por qu\u00e9 Amalfi en los meses de invierno es una experiencia incre\u00edble.<\/p>\n<h2 data-start=\"861\" data-end=\"902\"><strong data-start=\"864\" data-end=\"902\">La ciudad se muestra sin filtros<\/strong><\/h2>\n<p data-start=\"904\" data-end=\"1167\"><img decoding=\"async\" class=\" wp-image-15052 alignleft\" src=\"https:\/\/www.visitamalfi.info\/wp-content\/uploads\/2024\/03\/DSC03296-300x200.jpg\" alt=\"Amalfi_ Piazza Duomo\" width=\"237\" height=\"158\" srcset=\"https:\/\/www.visitamalfi.info\/wp-content\/uploads\/2024\/03\/DSC03296-300x200.jpg 300w, https:\/\/www.visitamalfi.info\/wp-content\/uploads\/2024\/03\/DSC03296-1024x683.jpg 1024w, https:\/\/www.visitamalfi.info\/wp-content\/uploads\/2024\/03\/DSC03296-768x512.jpg 768w, https:\/\/www.visitamalfi.info\/wp-content\/uploads\/2024\/03\/DSC03296-1536x1024.jpg 1536w, https:\/\/www.visitamalfi.info\/wp-content\/uploads\/2024\/03\/DSC03296-870x580.jpg 870w, https:\/\/www.visitamalfi.info\/wp-content\/uploads\/2024\/03\/DSC03296-615x410.jpg 615w, https:\/\/www.visitamalfi.info\/wp-content\/uploads\/2024\/03\/DSC03296-1240x825.jpg 1240w, https:\/\/www.visitamalfi.info\/wp-content\/uploads\/2024\/03\/DSC03296.jpg 1920w\" sizes=\"(max-width: 237px) 100vw, 237px\" \/>De noviembre a marzo, Amalfi ralentiza su ritmo.<br data-start=\"941\" data-end=\"944\">Ya no es el flujo de turistas lo que domina, sino la vida real: los habitantes que llenan la plaza principal, las tiendas de artesanos que trabajan sin prisas, los caf\u00e9s que se toman con calma entre charla y charla&#8230;<\/p>\n<p data-start=\"1169\" data-end=\"1322\">El invierno permite a quienes llegan conocer realmente Amalfi, entrando en contacto con los espacios, sonidos y gestos que la definen a diario.<\/p>\n<h2 data-start=\"1329\" data-end=\"1373\"><strong data-start=\"1332\" data-end=\"1373\">El mar de invierno: otra historia<\/strong><\/h2>\n<p data-start=\"1375\" data-end=\"1677\">El mar en diciembre, enero y febrero tiene un color diferente.<img decoding=\"async\" class=\" wp-image-1425 alignright\" src=\"https:\/\/www.visitamalfi.info\/wp-content\/uploads\/2023\/05\/amalfi-mare-inverno-300x200.jpg\" alt=\"\" width=\"248\" height=\"165\" srcset=\"https:\/\/www.visitamalfi.info\/wp-content\/uploads\/2023\/05\/amalfi-mare-inverno-300x200.jpg 300w, https:\/\/www.visitamalfi.info\/wp-content\/uploads\/2023\/05\/amalfi-mare-inverno-1024x682.jpg 1024w, https:\/\/www.visitamalfi.info\/wp-content\/uploads\/2023\/05\/amalfi-mare-inverno-768x511.jpg 768w, https:\/\/www.visitamalfi.info\/wp-content\/uploads\/2023\/05\/amalfi-mare-inverno-1536x1022.jpg 1536w, https:\/\/www.visitamalfi.info\/wp-content\/uploads\/2023\/05\/amalfi-mare-inverno-870x580.jpg 870w, https:\/\/www.visitamalfi.info\/wp-content\/uploads\/2023\/05\/amalfi-mare-inverno-615x410.jpg 615w, https:\/\/www.visitamalfi.info\/wp-content\/uploads\/2023\/05\/amalfi-mare-inverno-1240x825.jpg 1240w, https:\/\/www.visitamalfi.info\/wp-content\/uploads\/2023\/05\/amalfi-mare-inverno.jpg 1920w\" sizes=\"(max-width: 248px) 100vw, 248px\" \/><br data-start=\"1436\" data-end=\"1439\">M\u00e1s intenso, m\u00e1s tranquilo, a veces sorprendentemente transparente.<br data-start=\"1501\" data-end=\"1504\">Las playas est\u00e1n vac\u00edas, el embarcadero se convierte en un lugar perfecto para pasear y fotografiar, y el paisaje parece casi hecho para quienes gustan de descubrir lugares sin ruido.<\/p>\n<p data-start=\"1679\" data-end=\"1802\">Para muchos viajeros internacionales, \u00e9sta es una de las experiencias m\u00e1s memorables.<\/p>\n<h2 data-start=\"1809\" data-end=\"1855\"><strong data-start=\"1812\" data-end=\"1855\">Senderos y naturaleza: condiciones ideales<\/strong><\/h2>\n<p data-start=\"1857\" data-end=\"2038\"><img decoding=\"async\" class=\" wp-image-15827 alignleft\" src=\"https:\/\/www.visitamalfi.info\/wp-content\/uploads\/2024\/03\/DJI_0038-8K-fuondi-300x225.jpg\" alt=\"Amalfi_Pogerola_Chiesa della Madonna dei Fuondi\" width=\"239\" height=\"179\" srcset=\"https:\/\/www.visitamalfi.info\/wp-content\/uploads\/2024\/03\/DJI_0038-8K-fuondi-300x225.jpg 300w, https:\/\/www.visitamalfi.info\/wp-content\/uploads\/2024\/03\/DJI_0038-8K-fuondi-1024x768.jpg 1024w, https:\/\/www.visitamalfi.info\/wp-content\/uploads\/2024\/03\/DJI_0038-8K-fuondi-768x576.jpg 768w, https:\/\/www.visitamalfi.info\/wp-content\/uploads\/2024\/03\/DJI_0038-8K-fuondi-1536x1152.jpg 1536w, https:\/\/www.visitamalfi.info\/wp-content\/uploads\/2024\/03\/DJI_0038-8K-fuondi.jpg 1920w\" sizes=\"(max-width: 239px) 100vw, 239px\" \/>El oto\u00f1o y el invierno son la mejor \u00e9poca para recorrer los senderos de la Costa.<br data-start=\"1935\" data-end=\"1938\">El aire claro y los colores m\u00e1s vivos proporcionan paisajes perfectos para los amantes de las actividades al aire libre.<\/p>\n<p data-start=\"2040\" data-end=\"2072\">Entre las rutas m\u00e1s populares<\/p>\n<ul data-start=\"2074\" data-end=\"2337\">\n<li data-start=\"2074\" data-end=\"2148\">\n<p data-start=\"2076\" data-end=\"2148\"><strong data-start=\"2076\" data-end=\"2100\">Via Maestra dei Villaggi<\/strong>, ideal para los amantes de la naturaleza, la historia y los rincones escondidos;<\/p>\n<\/li>\n<li data-start=\"2149\" data-end=\"2236\">\n<p data-start=\"2151\" data-end=\"2236\"><strong>Circuito Pogerola<\/strong>, el descubrimiento de una Amalfi por descubrir, una ruta de senderismo de dificultad media de unos 8 km.<\/p>\n<\/li>\n<li data-start=\"2237\" data-end=\"2337\">\n<p data-start=\"2239\" data-end=\"2337\"><strong data-start=\"2239\" data-end=\"2264\">El pueblo de Pogerola<\/strong>, una aldea de Amalfi situada en la colina del Monte Falconcello.<\/p>\n<\/li>\n<\/ul>\n<p>Y mucho m\u00e1s&#8230;<\/p>\n<h2 data-start=\"2344\" data-end=\"2398\"><strong data-start=\"2347\" data-end=\"2398\">Gastronom\u00eda de temporada: sabores c\u00e1lidos<\/strong><\/h2>\n<p data-start=\"2400\" data-end=\"2549\"><img loading=\"lazy\" decoding=\"async\" class=\" wp-image-1576 alignright\" src=\"https:\/\/www.visitamalfi.info\/wp-content\/uploads\/2023\/05\/cooking-classes-handmade-pasta-300x169.jpg\" alt=\"\" width=\"250\" height=\"141\" srcset=\"https:\/\/www.visitamalfi.info\/wp-content\/uploads\/2023\/05\/cooking-classes-handmade-pasta-300x169.jpg 300w, https:\/\/www.visitamalfi.info\/wp-content\/uploads\/2023\/05\/cooking-classes-handmade-pasta-1024x576.jpg 1024w, https:\/\/www.visitamalfi.info\/wp-content\/uploads\/2023\/05\/cooking-classes-handmade-pasta-768x432.jpg 768w, https:\/\/www.visitamalfi.info\/wp-content\/uploads\/2023\/05\/cooking-classes-handmade-pasta-1536x864.jpg 1536w, https:\/\/www.visitamalfi.info\/wp-content\/uploads\/2023\/05\/cooking-classes-handmade-pasta.jpg 1920w\" sizes=\"(max-width: 250px) 100vw, 250px\" \/>El invierno trae consigo una cocina diferente, compuesta por platos tradicionales e ingredientes locales.<br data-start=\"2493\" data-end=\"2496\">\u00bfUn ejemplo sabroso?<\/p>\n<ul data-start=\"2551\" data-end=\"2705\">\n<li data-start=\"2572\" data-end=\"2595\">\n<p data-start=\"2574\" data-end=\"2595\">pasta hecha a mano,<\/p>\n<\/li>\n<li data-start=\"2596\" data-end=\"2658\">\n<p data-start=\"2598\" data-end=\"2658\">pescado fresco del d\u00eda<\/p>\n<\/li>\n<li data-start=\"2659\" data-end=\"2705\">\n<p data-start=\"2661\" data-end=\"2705\">dulces navide\u00f1os tradicionales y mucho m\u00e1s.<\/p>\n<\/li>\n<\/ul>\n<h2 data-start=\"2873\" data-end=\"2920\"><strong data-start=\"2876\" data-end=\"2920\">Eventos, cultura y museos&#8230; sin prisas<\/strong><\/h2>\n<p data-start=\"2922\" data-end=\"3210\"><img loading=\"lazy\" decoding=\"async\" class=\" wp-image-15002 alignleft\" src=\"https:\/\/www.visitamalfi.info\/wp-content\/uploads\/2024\/03\/Copia-di-41-Museo-della-Bussola-foto-abbagnara-300x200.jpg\" alt=\"Amalfi_Arsenal de la Rep\u00fablica\" width=\"242\" height=\"161\" srcset=\"https:\/\/www.visitamalfi.info\/wp-content\/uploads\/2024\/03\/Copia-di-41-Museo-della-Bussola-foto-abbagnara-300x200.jpg 300w, https:\/\/www.visitamalfi.info\/wp-content\/uploads\/2024\/03\/Copia-di-41-Museo-della-Bussola-foto-abbagnara-1024x683.jpg 1024w, https:\/\/www.visitamalfi.info\/wp-content\/uploads\/2024\/03\/Copia-di-41-Museo-della-Bussola-foto-abbagnara-768x512.jpg 768w, https:\/\/www.visitamalfi.info\/wp-content\/uploads\/2024\/03\/Copia-di-41-Museo-della-Bussola-foto-abbagnara-1536x1024.jpg 1536w, https:\/\/www.visitamalfi.info\/wp-content\/uploads\/2024\/03\/Copia-di-41-Museo-della-Bussola-foto-abbagnara-870x580.jpg 870w, https:\/\/www.visitamalfi.info\/wp-content\/uploads\/2024\/03\/Copia-di-41-Museo-della-Bussola-foto-abbagnara-615x410.jpg 615w, https:\/\/www.visitamalfi.info\/wp-content\/uploads\/2024\/03\/Copia-di-41-Museo-della-Bussola-foto-abbagnara-1240x825.jpg 1240w, https:\/\/www.visitamalfi.info\/wp-content\/uploads\/2024\/03\/Copia-di-41-Museo-della-Bussola-foto-abbagnara.jpg 1920w\" sizes=\"(max-width: 242px) 100vw, 242px\" \/>Amalfi en invierno es perfecta para los amantes de la cultura.<br data-start=\"2973\" data-end=\"2976\">La <strong data-start=\"2979\" data-end=\"3003\">Catedral de San Andr\u00e9s<\/strong>, el<strong data-start=\"3007\" data-end=\"3036\">Arsenal de la Rep\u00fablica<\/strong>, el <strong data-start=\"3041\" data-end=\"3062\">Museo del Papel<\/strong> y el <strong data-start=\"3087\" data-end=\"3110\">Museo de la Br\u00fajula<\/strong> pueden visitarse tranquilamente, apreciando los detalles y la historia que suelen perderse en verano.<\/p>\n<p data-start=\"3212\" data-end=\"3321\">Tambi\u00e9n es el momento en que la ciudad acoge peque\u00f1os eventos locales, conciertos e iniciativas relacionadas con las fiestas.<\/p>\n<h2 data-start=\"2873\" data-end=\"2920\"><strong data-start=\"2876\" data-end=\"2920\">Conclusi\u00f3n.<\/strong><\/h2>\n<p>Vivir Amalfi en invierno es una experiencia aut\u00e9ntica y m\u00e1gica.<\/p>\n<p>\u00bfListo para esta aventura?<\/p>\n","protected":false},"excerpt":{"rendered":"<p>Cuando uno piensa en Amalfi, piensa inmediatamente en el verano: el sol, el mar, los barcos en el puerto, las playas&#8230;Sin embargo, es precisamente en invierno cuando la ciudad revela [&hellip;]<\/p>\n","protected":false},"author":7,"featured_media":15831,"comment_status":"open","ping_status":"closed","sticky":false,"template":"","format":"standard","meta":{"inline_featured_image":false,"footnotes":""},"categories":[901,822,824],"tags":[1971,1972,1962],"class_list":["post-23263","post","type-post","status-publish","format-standard","has-post-thumbnail","hentry","category-consejos-para-viajar","category-eventos","category-tradicion","tag-amalfi-en-invierno","tag-consejos-de-viaje","tag-destacado"],"yoast_head":"<!-- This site is optimized with the Yoast SEO plugin v27.3 - https:\/\/yoast.com\/product\/yoast-seo-wordpress\/ -->\n<title>Amalfi en invierno: por qu\u00e9 la \u00e9poca m\u00e1s tranquila del a\u00f1o es la mejor para descubrirla - Visit Amalfi<\/title>\n<meta name=\"robots\" content=\"index, follow, max-snippet:-1, max-image-preview:large, max-video-preview:-1\" \/>\n<link rel=\"canonical\" href=\"https:\/\/www.visitamalfi.info\/es\/amalfi-en-invierno-por-que-la-epoca-mas-tranquila-del-ano-es-la-mejor-para-descubrirla\/\" \/>\n<meta property=\"og:locale\" content=\"es_ES\" \/>\n<meta property=\"og:type\" content=\"article\" \/>\n<meta property=\"og:title\" content=\"Amalfi en invierno: por qu\u00e9 la \u00e9poca m\u00e1s tranquila del a\u00f1o es la mejor para descubrirla - Visit Amalfi\" \/>\n<meta property=\"og:description\" content=\"Cuando uno piensa en Amalfi, piensa inmediatamente en el verano: el sol, el mar, los barcos en el puerto, las playas&#8230;Sin embargo, es precisamente en invierno cuando la ciudad revela [&hellip;]\" \/>\n<meta property=\"og:url\" content=\"https:\/\/www.visitamalfi.info\/es\/amalfi-en-invierno-por-que-la-epoca-mas-tranquila-del-ano-es-la-mejor-para-descubrirla\/\" \/>\n<meta property=\"og:site_name\" content=\"Visit Amalfi\" \/>\n<meta property=\"article:publisher\" content=\"https:\/\/www.facebook.com\/visitamalfiofficial\" \/>\n<meta property=\"article:published_time\" content=\"2025-11-25T09:56:26+00:00\" \/>\n<meta property=\"og:image\" content=\"https:\/\/www.visitamalfi.info\/wp-content\/uploads\/2024\/03\/DJI_0038-8K-fuondi.jpg\" \/>\n\t<meta property=\"og:image:width\" content=\"1920\" \/>\n\t<meta property=\"og:image:height\" content=\"1440\" \/>\n\t<meta property=\"og:image:type\" content=\"image\/jpeg\" \/>\n<meta name=\"author\" content=\"Federica Dumont\" \/>\n<meta name=\"twitter:card\" content=\"summary_large_image\" \/>\n<meta name=\"twitter:label1\" content=\"Escrito por\" \/>\n\t<meta name=\"twitter:data1\" content=\"Federica Dumont\" \/>\n\t<meta name=\"twitter:label2\" content=\"Tiempo de lectura\" \/>\n\t<meta name=\"twitter:data2\" content=\"2 minutos\" \/>\n<script type=\"application\/ld+json\" class=\"yoast-schema-graph\">{\"@context\":\"https:\\\/\\\/schema.org\",\"@graph\":[{\"@type\":\"Article\",\"@id\":\"https:\\\/\\\/www.visitamalfi.info\\\/es\\\/amalfi-en-invierno-por-que-la-epoca-mas-tranquila-del-ano-es-la-mejor-para-descubrirla\\\/#article\",\"isPartOf\":{\"@id\":\"https:\\\/\\\/www.visitamalfi.info\\\/es\\\/amalfi-en-invierno-por-que-la-epoca-mas-tranquila-del-ano-es-la-mejor-para-descubrirla\\\/\"},\"author\":{\"name\":\"Federica Dumont\",\"@id\":\"https:\\\/\\\/www.visitamalfi.info\\\/es\\\/#\\\/schema\\\/person\\\/0c7584af846d5d2da6c69f7e68f3af96\"},\"headline\":\"Amalfi en invierno: por qu\u00e9 la \u00e9poca m\u00e1s tranquila del a\u00f1o es la mejor para descubrirla\",\"datePublished\":\"2025-11-25T09:56:26+00:00\",\"mainEntityOfPage\":{\"@id\":\"https:\\\/\\\/www.visitamalfi.info\\\/es\\\/amalfi-en-invierno-por-que-la-epoca-mas-tranquila-del-ano-es-la-mejor-para-descubrirla\\\/\"},\"wordCount\":490,\"commentCount\":0,\"publisher\":{\"@id\":\"https:\\\/\\\/www.visitamalfi.info\\\/es\\\/#organization\"},\"image\":{\"@id\":\"https:\\\/\\\/www.visitamalfi.info\\\/es\\\/amalfi-en-invierno-por-que-la-epoca-mas-tranquila-del-ano-es-la-mejor-para-descubrirla\\\/#primaryimage\"},\"thumbnailUrl\":\"https:\\\/\\\/www.visitamalfi.info\\\/wp-content\\\/uploads\\\/2024\\\/03\\\/DJI_0038-8K-fuondi.jpg\",\"keywords\":[\"Amalfi en invierno\",\"consejos de viaje\",\"Destacado\"],\"articleSection\":[\"Consejos para viajar\",\"Eventos\",\"tradici\u00f3n\"],\"inLanguage\":\"es\",\"potentialAction\":[{\"@type\":\"CommentAction\",\"name\":\"Comment\",\"target\":[\"https:\\\/\\\/www.visitamalfi.info\\\/es\\\/amalfi-en-invierno-por-que-la-epoca-mas-tranquila-del-ano-es-la-mejor-para-descubrirla\\\/#respond\"]}]},{\"@type\":\"WebPage\",\"@id\":\"https:\\\/\\\/www.visitamalfi.info\\\/es\\\/amalfi-en-invierno-por-que-la-epoca-mas-tranquila-del-ano-es-la-mejor-para-descubrirla\\\/\",\"url\":\"https:\\\/\\\/www.visitamalfi.info\\\/es\\\/amalfi-en-invierno-por-que-la-epoca-mas-tranquila-del-ano-es-la-mejor-para-descubrirla\\\/\",\"name\":\"Amalfi en invierno: por qu\u00e9 la \u00e9poca m\u00e1s tranquila del a\u00f1o es la mejor para descubrirla - Visit Amalfi\",\"isPartOf\":{\"@id\":\"https:\\\/\\\/www.visitamalfi.info\\\/es\\\/#website\"},\"primaryImageOfPage\":{\"@id\":\"https:\\\/\\\/www.visitamalfi.info\\\/es\\\/amalfi-en-invierno-por-que-la-epoca-mas-tranquila-del-ano-es-la-mejor-para-descubrirla\\\/#primaryimage\"},\"image\":{\"@id\":\"https:\\\/\\\/www.visitamalfi.info\\\/es\\\/amalfi-en-invierno-por-que-la-epoca-mas-tranquila-del-ano-es-la-mejor-para-descubrirla\\\/#primaryimage\"},\"thumbnailUrl\":\"https:\\\/\\\/www.visitamalfi.info\\\/wp-content\\\/uploads\\\/2024\\\/03\\\/DJI_0038-8K-fuondi.jpg\",\"datePublished\":\"2025-11-25T09:56:26+00:00\",\"breadcrumb\":{\"@id\":\"https:\\\/\\\/www.visitamalfi.info\\\/es\\\/amalfi-en-invierno-por-que-la-epoca-mas-tranquila-del-ano-es-la-mejor-para-descubrirla\\\/#breadcrumb\"},\"inLanguage\":\"es\",\"potentialAction\":[{\"@type\":\"ReadAction\",\"target\":[\"https:\\\/\\\/www.visitamalfi.info\\\/es\\\/amalfi-en-invierno-por-que-la-epoca-mas-tranquila-del-ano-es-la-mejor-para-descubrirla\\\/\"]}]},{\"@type\":\"ImageObject\",\"inLanguage\":\"es\",\"@id\":\"https:\\\/\\\/www.visitamalfi.info\\\/es\\\/amalfi-en-invierno-por-que-la-epoca-mas-tranquila-del-ano-es-la-mejor-para-descubrirla\\\/#primaryimage\",\"url\":\"https:\\\/\\\/www.visitamalfi.info\\\/wp-content\\\/uploads\\\/2024\\\/03\\\/DJI_0038-8K-fuondi.jpg\",\"contentUrl\":\"https:\\\/\\\/www.visitamalfi.info\\\/wp-content\\\/uploads\\\/2024\\\/03\\\/DJI_0038-8K-fuondi.jpg\",\"width\":1920,\"height\":1440,\"caption\":\"Amalfi_Pogerola_Chiesa della Madonna dei Fuondi\"},{\"@type\":\"BreadcrumbList\",\"@id\":\"https:\\\/\\\/www.visitamalfi.info\\\/es\\\/amalfi-en-invierno-por-que-la-epoca-mas-tranquila-del-ano-es-la-mejor-para-descubrirla\\\/#breadcrumb\",\"itemListElement\":[{\"@type\":\"ListItem\",\"position\":1,\"name\":\"Home\",\"item\":\"https:\\\/\\\/www.visitamalfi.info\\\/es\\\/\"},{\"@type\":\"ListItem\",\"position\":2,\"name\":\"Amalfi en invierno: por qu\u00e9 la \u00e9poca m\u00e1s tranquila del a\u00f1o es la mejor para descubrirla\"}]},{\"@type\":\"WebSite\",\"@id\":\"https:\\\/\\\/www.visitamalfi.info\\\/es\\\/#website\",\"url\":\"https:\\\/\\\/www.visitamalfi.info\\\/es\\\/\",\"name\":\"Visit Amalfi\",\"description\":\"Amalfi Destination Official Website\",\"publisher\":{\"@id\":\"https:\\\/\\\/www.visitamalfi.info\\\/es\\\/#organization\"},\"potentialAction\":[{\"@type\":\"SearchAction\",\"target\":{\"@type\":\"EntryPoint\",\"urlTemplate\":\"https:\\\/\\\/www.visitamalfi.info\\\/es\\\/?s={search_term_string}\"},\"query-input\":{\"@type\":\"PropertyValueSpecification\",\"valueRequired\":true,\"valueName\":\"search_term_string\"}}],\"inLanguage\":\"es\"},{\"@type\":\"Organization\",\"@id\":\"https:\\\/\\\/www.visitamalfi.info\\\/es\\\/#organization\",\"name\":\"Visit Amalfi\",\"url\":\"https:\\\/\\\/www.visitamalfi.info\\\/es\\\/\",\"logo\":{\"@type\":\"ImageObject\",\"inLanguage\":\"es\",\"@id\":\"https:\\\/\\\/www.visitamalfi.info\\\/es\\\/#\\\/schema\\\/logo\\\/image\\\/\",\"url\":\"https:\\\/\\\/www.visitamalfi.info\\\/wp-content\\\/uploads\\\/2023\\\/04\\\/visit-amalfi-logo-web.png\",\"contentUrl\":\"https:\\\/\\\/www.visitamalfi.info\\\/wp-content\\\/uploads\\\/2023\\\/04\\\/visit-amalfi-logo-web.png\",\"width\":800,\"height\":870,\"caption\":\"Visit Amalfi\"},\"image\":{\"@id\":\"https:\\\/\\\/www.visitamalfi.info\\\/es\\\/#\\\/schema\\\/logo\\\/image\\\/\"},\"sameAs\":[\"https:\\\/\\\/www.facebook.com\\\/visitamalfiofficial\",\"https:\\\/\\\/www.instagram.com\\\/visitamalfiofficial\\\/\"]},{\"@type\":\"Person\",\"@id\":\"https:\\\/\\\/www.visitamalfi.info\\\/es\\\/#\\\/schema\\\/person\\\/0c7584af846d5d2da6c69f7e68f3af96\",\"name\":\"Federica Dumont\",\"image\":{\"@type\":\"ImageObject\",\"inLanguage\":\"es\",\"@id\":\"https:\\\/\\\/secure.gravatar.com\\\/avatar\\\/0803dab414b6c6f1fd2399680f587870a020419b6ebe9d36dd75df06a6a68060?s=96&d=mm&r=g\",\"url\":\"https:\\\/\\\/secure.gravatar.com\\\/avatar\\\/0803dab414b6c6f1fd2399680f587870a020419b6ebe9d36dd75df06a6a68060?s=96&d=mm&r=g\",\"contentUrl\":\"https:\\\/\\\/secure.gravatar.com\\\/avatar\\\/0803dab414b6c6f1fd2399680f587870a020419b6ebe9d36dd75df06a6a68060?s=96&d=mm&r=g\",\"caption\":\"Federica Dumont\"},\"url\":\"https:\\\/\\\/www.visitamalfi.info\\\/es\\\/author\\\/federica\\\/\"}]}<\/script>\n<!-- \/ Yoast SEO plugin. -->","yoast_head_json":{"title":"Amalfi en invierno: por qu\u00e9 la \u00e9poca m\u00e1s tranquila del a\u00f1o es la mejor para descubrirla - Visit Amalfi","robots":{"index":"index","follow":"follow","max-snippet":"max-snippet:-1","max-image-preview":"max-image-preview:large","max-video-preview":"max-video-preview:-1"},"canonical":"https:\/\/www.visitamalfi.info\/es\/amalfi-en-invierno-por-que-la-epoca-mas-tranquila-del-ano-es-la-mejor-para-descubrirla\/","og_locale":"es_ES","og_type":"article","og_title":"Amalfi en invierno: por qu\u00e9 la \u00e9poca m\u00e1s tranquila del a\u00f1o es la mejor para descubrirla - Visit Amalfi","og_description":"Cuando uno piensa en Amalfi, piensa inmediatamente en el verano: el sol, el mar, los barcos en el puerto, las playas&#8230;Sin embargo, es precisamente en invierno cuando la ciudad revela [&hellip;]","og_url":"https:\/\/www.visitamalfi.info\/es\/amalfi-en-invierno-por-que-la-epoca-mas-tranquila-del-ano-es-la-mejor-para-descubrirla\/","og_site_name":"Visit Amalfi","article_publisher":"https:\/\/www.facebook.com\/visitamalfiofficial","article_published_time":"2025-11-25T09:56:26+00:00","og_image":[{"width":1920,"height":1440,"url":"https:\/\/www.visitamalfi.info\/wp-content\/uploads\/2024\/03\/DJI_0038-8K-fuondi.jpg","type":"image\/jpeg"}],"author":"Federica Dumont","twitter_card":"summary_large_image","twitter_misc":{"Escrito por":"Federica Dumont","Tiempo de lectura":"2 minutos"},"schema":{"@context":"https:\/\/schema.org","@graph":[{"@type":"Article","@id":"https:\/\/www.visitamalfi.info\/es\/amalfi-en-invierno-por-que-la-epoca-mas-tranquila-del-ano-es-la-mejor-para-descubrirla\/#article","isPartOf":{"@id":"https:\/\/www.visitamalfi.info\/es\/amalfi-en-invierno-por-que-la-epoca-mas-tranquila-del-ano-es-la-mejor-para-descubrirla\/"},"author":{"name":"Federica Dumont","@id":"https:\/\/www.visitamalfi.info\/es\/#\/schema\/person\/0c7584af846d5d2da6c69f7e68f3af96"},"headline":"Amalfi en invierno: por qu\u00e9 la \u00e9poca m\u00e1s tranquila del a\u00f1o es la mejor para descubrirla","datePublished":"2025-11-25T09:56:26+00:00","mainEntityOfPage":{"@id":"https:\/\/www.visitamalfi.info\/es\/amalfi-en-invierno-por-que-la-epoca-mas-tranquila-del-ano-es-la-mejor-para-descubrirla\/"},"wordCount":490,"commentCount":0,"publisher":{"@id":"https:\/\/www.visitamalfi.info\/es\/#organization"},"image":{"@id":"https:\/\/www.visitamalfi.info\/es\/amalfi-en-invierno-por-que-la-epoca-mas-tranquila-del-ano-es-la-mejor-para-descubrirla\/#primaryimage"},"thumbnailUrl":"https:\/\/www.visitamalfi.info\/wp-content\/uploads\/2024\/03\/DJI_0038-8K-fuondi.jpg","keywords":["Amalfi en invierno","consejos de viaje","Destacado"],"articleSection":["Consejos para viajar","Eventos","tradici\u00f3n"],"inLanguage":"es","potentialAction":[{"@type":"CommentAction","name":"Comment","target":["https:\/\/www.visitamalfi.info\/es\/amalfi-en-invierno-por-que-la-epoca-mas-tranquila-del-ano-es-la-mejor-para-descubrirla\/#respond"]}]},{"@type":"WebPage","@id":"https:\/\/www.visitamalfi.info\/es\/amalfi-en-invierno-por-que-la-epoca-mas-tranquila-del-ano-es-la-mejor-para-descubrirla\/","url":"https:\/\/www.visitamalfi.info\/es\/amalfi-en-invierno-por-que-la-epoca-mas-tranquila-del-ano-es-la-mejor-para-descubrirla\/","name":"Amalfi en invierno: por qu\u00e9 la \u00e9poca m\u00e1s tranquila del a\u00f1o es la mejor para descubrirla - Visit Amalfi","isPartOf":{"@id":"https:\/\/www.visitamalfi.info\/es\/#website"},"primaryImageOfPage":{"@id":"https:\/\/www.visitamalfi.info\/es\/amalfi-en-invierno-por-que-la-epoca-mas-tranquila-del-ano-es-la-mejor-para-descubrirla\/#primaryimage"},"image":{"@id":"https:\/\/www.visitamalfi.info\/es\/amalfi-en-invierno-por-que-la-epoca-mas-tranquila-del-ano-es-la-mejor-para-descubrirla\/#primaryimage"},"thumbnailUrl":"https:\/\/www.visitamalfi.info\/wp-content\/uploads\/2024\/03\/DJI_0038-8K-fuondi.jpg","datePublished":"2025-11-25T09:56:26+00:00","breadcrumb":{"@id":"https:\/\/www.visitamalfi.info\/es\/amalfi-en-invierno-por-que-la-epoca-mas-tranquila-del-ano-es-la-mejor-para-descubrirla\/#breadcrumb"},"inLanguage":"es","potentialAction":[{"@type":"ReadAction","target":["https:\/\/www.visitamalfi.info\/es\/amalfi-en-invierno-por-que-la-epoca-mas-tranquila-del-ano-es-la-mejor-para-descubrirla\/"]}]},{"@type":"ImageObject","inLanguage":"es","@id":"https:\/\/www.visitamalfi.info\/es\/amalfi-en-invierno-por-que-la-epoca-mas-tranquila-del-ano-es-la-mejor-para-descubrirla\/#primaryimage","url":"https:\/\/www.visitamalfi.info\/wp-content\/uploads\/2024\/03\/DJI_0038-8K-fuondi.jpg","contentUrl":"https:\/\/www.visitamalfi.info\/wp-content\/uploads\/2024\/03\/DJI_0038-8K-fuondi.jpg","width":1920,"height":1440,"caption":"Amalfi_Pogerola_Chiesa della Madonna dei Fuondi"},{"@type":"BreadcrumbList","@id":"https:\/\/www.visitamalfi.info\/es\/amalfi-en-invierno-por-que-la-epoca-mas-tranquila-del-ano-es-la-mejor-para-descubrirla\/#breadcrumb","itemListElement":[{"@type":"ListItem","position":1,"name":"Home","item":"https:\/\/www.visitamalfi.info\/es\/"},{"@type":"ListItem","position":2,"name":"Amalfi en invierno: por qu\u00e9 la \u00e9poca m\u00e1s tranquila del a\u00f1o es la mejor para descubrirla"}]},{"@type":"WebSite","@id":"https:\/\/www.visitamalfi.info\/es\/#website","url":"https:\/\/www.visitamalfi.info\/es\/","name":"Visit Amalfi","description":"Amalfi Destination Official Website","publisher":{"@id":"https:\/\/www.visitamalfi.info\/es\/#organization"},"potentialAction":[{"@type":"SearchAction","target":{"@type":"EntryPoint","urlTemplate":"https:\/\/www.visitamalfi.info\/es\/?s={search_term_string}"},"query-input":{"@type":"PropertyValueSpecification","valueRequired":true,"valueName":"search_term_string"}}],"inLanguage":"es"},{"@type":"Organization","@id":"https:\/\/www.visitamalfi.info\/es\/#organization","name":"Visit Amalfi","url":"https:\/\/www.visitamalfi.info\/es\/","logo":{"@type":"ImageObject","inLanguage":"es","@id":"https:\/\/www.visitamalfi.info\/es\/#\/schema\/logo\/image\/","url":"https:\/\/www.visitamalfi.info\/wp-content\/uploads\/2023\/04\/visit-amalfi-logo-web.png","contentUrl":"https:\/\/www.visitamalfi.info\/wp-content\/uploads\/2023\/04\/visit-amalfi-logo-web.png","width":800,"height":870,"caption":"Visit Amalfi"},"image":{"@id":"https:\/\/www.visitamalfi.info\/es\/#\/schema\/logo\/image\/"},"sameAs":["https:\/\/www.facebook.com\/visitamalfiofficial","https:\/\/www.instagram.com\/visitamalfiofficial\/"]},{"@type":"Person","@id":"https:\/\/www.visitamalfi.info\/es\/#\/schema\/person\/0c7584af846d5d2da6c69f7e68f3af96","name":"Federica Dumont","image":{"@type":"ImageObject","inLanguage":"es","@id":"https:\/\/secure.gravatar.com\/avatar\/0803dab414b6c6f1fd2399680f587870a020419b6ebe9d36dd75df06a6a68060?s=96&d=mm&r=g","url":"https:\/\/secure.gravatar.com\/avatar\/0803dab414b6c6f1fd2399680f587870a020419b6ebe9d36dd75df06a6a68060?s=96&d=mm&r=g","contentUrl":"https:\/\/secure.gravatar.com\/avatar\/0803dab414b6c6f1fd2399680f587870a020419b6ebe9d36dd75df06a6a68060?s=96&d=mm&r=g","caption":"Federica Dumont"},"url":"https:\/\/www.visitamalfi.info\/es\/author\/federica\/"}]}},"_links":{"self":[{"href":"https:\/\/www.visitamalfi.info\/es\/wp-json\/wp\/v2\/posts\/23263","targetHints":{"allow":["GET"]}}],"collection":[{"href":"https:\/\/www.visitamalfi.info\/es\/wp-json\/wp\/v2\/posts"}],"about":[{"href":"https:\/\/www.visitamalfi.info\/es\/wp-json\/wp\/v2\/types\/post"}],"author":[{"embeddable":true,"href":"https:\/\/www.visitamalfi.info\/es\/wp-json\/wp\/v2\/users\/7"}],"replies":[{"embeddable":true,"href":"https:\/\/www.visitamalfi.info\/es\/wp-json\/wp\/v2\/comments?post=23263"}],"version-history":[{"count":0,"href":"https:\/\/www.visitamalfi.info\/es\/wp-json\/wp\/v2\/posts\/23263\/revisions"}],"wp:featuredmedia":[{"embeddable":true,"href":"https:\/\/www.visitamalfi.info\/es\/wp-json\/wp\/v2\/media\/15831"}],"wp:attachment":[{"href":"https:\/\/www.visitamalfi.info\/es\/wp-json\/wp\/v2\/media?parent=23263"}],"wp:term":[{"taxonomy":"category","embeddable":true,"href":"https:\/\/www.visitamalfi.info\/es\/wp-json\/wp\/v2\/categories?post=23263"},{"taxonomy":"post_tag","embeddable":true,"href":"https:\/\/www.visitamalfi.info\/es\/wp-json\/wp\/v2\/tags?post=23263"}],"curies":[{"name":"wp","href":"https:\/\/api.w.org\/{rel}","templated":true}]}}