{"id":23128,"date":"2025-11-17T10:28:33","date_gmt":"2025-11-17T09:28:33","guid":{"rendered":"https:\/\/www.visitamalfi.info\/la-fiesta-de-san-andres-en-amalfi-el-acontecimiento-que-encanta-entre-mar-fe-y-tradicion\/"},"modified":"2025-11-17T10:28:33","modified_gmt":"2025-11-17T09:28:33","slug":"la-fiesta-de-san-andres-en-amalfi-el-acontecimiento-que-encanta-entre-mar-fe-y-tradicion","status":"publish","type":"post","link":"https:\/\/www.visitamalfi.info\/es\/la-fiesta-de-san-andres-en-amalfi-el-acontecimiento-que-encanta-entre-mar-fe-y-tradicion\/","title":{"rendered":"La Fiesta de San Andr\u00e9s en Amalfi: el acontecimiento que encanta entre mar, fe y tradici\u00f3n"},"content":{"rendered":"<p data-start=\"261\" data-end=\"657\">Si hay un acontecimiento capaz de contar el alma m\u00e1s profunda de Amalfi, \u00e9se es sin duda la <strong data-start=\"356\" data-end=\"380\">Fiesta de San Andr\u00e9s<\/strong>, una celebraci\u00f3n que combina espiritualidad, historia, folclore y gran emoci\u00f3n. Dos veces al a\u00f1o, <strong data-start=\"479\" data-end=\"495\">el 27 de junio<\/strong> y el <strong data-start=\"498\" data-end=\"516\">30 de noviembre<\/strong>, la ciudad se ilumina de fiesta para rendir homenaje a su patr\u00f3n, San Andr\u00e9s Ap\u00f3stol, guardi\u00e1n y s\u00edmbolo de la comunidad amalfitana.<\/p>\n<h3 data-start=\"659\" data-end=\"702\"><strong data-start=\"663\" data-end=\"702\">Devoci\u00f3n a San Andr\u00e9s<\/strong><\/h3>\n<p data-start=\"704\" data-end=\"1046\"><img fetchpriority=\"high\" decoding=\"async\" class=\"size-medium wp-image-5151 alignright\" src=\"https:\/\/www.visitamalfi.info\/wp-content\/uploads\/2023\/07\/08-Cattedrale-300x200.jpg\" alt=\"\" width=\"300\" height=\"200\" srcset=\"https:\/\/www.visitamalfi.info\/wp-content\/uploads\/2023\/07\/08-Cattedrale-300x200.jpg 300w, https:\/\/www.visitamalfi.info\/wp-content\/uploads\/2023\/07\/08-Cattedrale-1024x683.jpg 1024w, https:\/\/www.visitamalfi.info\/wp-content\/uploads\/2023\/07\/08-Cattedrale-768x512.jpg 768w, https:\/\/www.visitamalfi.info\/wp-content\/uploads\/2023\/07\/08-Cattedrale-1536x1024.jpg 1536w, https:\/\/www.visitamalfi.info\/wp-content\/uploads\/2023\/07\/08-Cattedrale-870x580.jpg 870w, https:\/\/www.visitamalfi.info\/wp-content\/uploads\/2023\/07\/08-Cattedrale-615x410.jpg 615w, https:\/\/www.visitamalfi.info\/wp-content\/uploads\/2023\/07\/08-Cattedrale-1240x825.jpg 1240w, https:\/\/www.visitamalfi.info\/wp-content\/uploads\/2023\/07\/08-Cattedrale.jpg 1920w\" sizes=\"(max-width: 300px) 100vw, 300px\" \/>La devoci\u00f3n a San Andr\u00e9s en Amalfi hunde sus ra\u00edces en <strong data-start=\"767\" data-end=\"775\">1208<\/strong>, cuando las reliquias del Ap\u00f3stol llegaron a la ciudad procedentes de la lejana Constantinopla. Desde entonces, Amalfi se ha convertido en uno de los destinos espirituales m\u00e1s importantes dedicados al santo pescador, y a\u00fan hoy la tradici\u00f3n se renueva con la misma intensidad y participaci\u00f3n.<\/p>\n<p data-start=\"1048\" data-end=\"1106\">Las celebraciones son dos y profundamente diferentes:<\/p>\n<ul data-start=\"1108\" data-end=\"1425\">\n<li data-start=\"1108\" data-end=\"1267\">\n<p data-start=\"1110\" data-end=\"1267\"><strong data-start=\"1110\" data-end=\"1126\">El 27 de junio<\/strong>, una animada y pintoresca fiesta de verano, nacida del milagro de <strong data-start=\"1190\" data-end=\"1198\">1544<\/strong>, cuando se dice que San Andr\u00e9s salv\u00f3 Amalfi de un asalto de piratas.<\/p>\n<\/li>\n<li data-start=\"1268\" data-end=\"1425\">\n<p data-start=\"1270\" data-end=\"1425\"><strong data-start=\"1270\" data-end=\"1288\">El 30 de noviembre<\/strong>, el aniversario lit\u00fargico m\u00e1s \u00edntimo y espiritual, dedicado al recuerdo, a la oraci\u00f3n y a la fuerte identidad religiosa de la comunidad.<\/p>\n<\/li>\n<\/ul>\n<h3 data-start=\"1427\" data-end=\"1482\"><strong data-start=\"1431\" data-end=\"1482\">El coraz\u00f3n de la celebraci\u00f3n: la Catedral de Amalfi<\/strong><\/h3>\n<p data-start=\"1484\" data-end=\"1825\"><img decoding=\"async\" class=\"size-medium wp-image-1833 alignleft\" src=\"https:\/\/www.visitamalfi.info\/wp-content\/uploads\/2023\/05\/cattedrale-di-santandrea-amalfi-300x200.jpg\" alt=\"\" width=\"300\" height=\"200\" srcset=\"https:\/\/www.visitamalfi.info\/wp-content\/uploads\/2023\/05\/cattedrale-di-santandrea-amalfi-300x200.jpg 300w, https:\/\/www.visitamalfi.info\/wp-content\/uploads\/2023\/05\/cattedrale-di-santandrea-amalfi-1024x683.jpg 1024w, https:\/\/www.visitamalfi.info\/wp-content\/uploads\/2023\/05\/cattedrale-di-santandrea-amalfi-768x512.jpg 768w, https:\/\/www.visitamalfi.info\/wp-content\/uploads\/2023\/05\/cattedrale-di-santandrea-amalfi-1536x1024.jpg 1536w, https:\/\/www.visitamalfi.info\/wp-content\/uploads\/2023\/05\/cattedrale-di-santandrea-amalfi-870x580.jpg 870w, https:\/\/www.visitamalfi.info\/wp-content\/uploads\/2023\/05\/cattedrale-di-santandrea-amalfi-615x410.jpg 615w, https:\/\/www.visitamalfi.info\/wp-content\/uploads\/2023\/05\/cattedrale-di-santandrea-amalfi-1240x825.jpg 1240w, https:\/\/www.visitamalfi.info\/wp-content\/uploads\/2023\/05\/cattedrale-di-santandrea-amalfi.jpg 1920w\" sizes=\"(max-width: 300px) 100vw, 300px\" \/>El acto gira en torno a la majestuosa <strong data-start=\"1519\" data-end=\"1538\">Catedral de Amalfi<\/strong>, uno de los edificios sagrados m\u00e1s emblem\u00e1ticos del sur de Italia, dedicado a San Andr\u00e9s. All\u00ed se celebra la <strong data-start=\"1644\" data-end=\"1661\">Misa solemne<\/strong>, en presencia de las autoridades y de los fieles, seguida de uno de los momentos m\u00e1s evocadores: la <strong data-start=\"1745\" data-end=\"1783\">procesi\u00f3n de la estatua del Santo<\/strong>, llevada a hombros por las calles de la ciudad.<\/p>\n<p data-start=\"1827\" data-end=\"2004\">Entre cantos, olor a incienso, aplausos y emoci\u00f3n, toda la comunidad acompa\u00f1a a su patr\u00f3n, compartiendo un rito a la vez religioso, identitario y popular.<\/p>\n<h3 data-start=\"2006\" data-end=\"2054\"><strong data-start=\"2010\" data-end=\"2054\">El acto simb\u00f3lico: subir corriendo los escalones<\/strong><\/h3>\n<p data-start=\"2056\" data-end=\"2349\">Uno de los momentos m\u00e1s esperados -y m\u00e1s emocionantes- es la <strong data-start=\"2110\" data-end=\"2188\">bajada de la estatua de San Andr\u00e9s por la escalinata monumental de la catedral<\/strong>. Un gesto fuerte, espectacular y significativo: no es mero folclore, sino un acto de fe, una prueba de dedicaci\u00f3n y un s\u00edmbolo de protecci\u00f3n para Amalfi.<\/p>\n<p data-start=\"2351\" data-end=\"2444\">Cada vez, el p\u00fablico contiene la respiraci\u00f3n&#8230; y luego estalla en sinceros aplausos.<img decoding=\"async\" class=\"size-medium wp-image-19942 alignright\" src=\"https:\/\/www.visitamalfi.info\/wp-content\/uploads\/2024\/09\/DSC03296-300x200.jpg\" alt=\"\" width=\"300\" height=\"200\" srcset=\"https:\/\/www.visitamalfi.info\/wp-content\/uploads\/2024\/09\/DSC03296-300x200.jpg 300w, https:\/\/www.visitamalfi.info\/wp-content\/uploads\/2024\/09\/DSC03296-1024x683.jpg 1024w, https:\/\/www.visitamalfi.info\/wp-content\/uploads\/2024\/09\/DSC03296-768x512.jpg 768w, https:\/\/www.visitamalfi.info\/wp-content\/uploads\/2024\/09\/DSC03296-1536x1024.jpg 1536w, https:\/\/www.visitamalfi.info\/wp-content\/uploads\/2024\/09\/DSC03296-870x580.jpg 870w, https:\/\/www.visitamalfi.info\/wp-content\/uploads\/2024\/09\/DSC03296-615x410.jpg 615w, https:\/\/www.visitamalfi.info\/wp-content\/uploads\/2024\/09\/DSC03296-1240x825.jpg 1240w, https:\/\/www.visitamalfi.info\/wp-content\/uploads\/2024\/09\/DSC03296.jpg 1920w\" sizes=\"(max-width: 300px) 100vw, 300px\" \/><\/p>\n<h3 data-start=\"2446\" data-end=\"2500\"><strong data-start=\"2450\" data-end=\"2500\">Una celebraci\u00f3n que abarca el mar, el cielo y la comunidad<\/strong><\/h3>\n<p data-start=\"2502\" data-end=\"2833\">La celebraci\u00f3n contin\u00faa entre m\u00fasica, tradici\u00f3n y magia: las bandas recorren las calles y <strong data-start=\"2664\" data-end=\"2686\">los fuegos artificiales<\/strong> transforman el cielo en una estampa irrepetible. Es uno de los momentos m\u00e1s po\u00e9ticos y fotografiados del a\u00f1o: Amalfi celebrando reflejada en su mar.<\/p>\n<h3 data-start=\"2835\" data-end=\"2884\"><strong data-start=\"2839\" data-end=\"2884\">M\u00e1s que una fiesta: una experiencia que hay que vivir<\/strong><\/h3>\n<p data-start=\"2886\" data-end=\"3229\">Participar en la Fiesta de San Andr\u00e9s significa entrar en contacto con la identidad m\u00e1s aut\u00e9ntica de la ciudad: una identidad hecha de fe, historia mar\u00edtima, leyendas, emociones y orgullo cultural. No importa si eres creyente, un viajero curioso o un simple amante de las tradiciones locales: \u00e9sta es una celebraci\u00f3n que puede llegar al coraz\u00f3n de cualquiera.<\/p>\n<p data-start=\"3236\" data-end=\"3415\">No es s\u00f3lo un acontecimiento para ver, sino una historia para escuchar&#8230; y llev\u00e1rtela contigo.<\/p>\n<p data-start=\"3417\" data-end=\"3505\"><strong data-start=\"3417\" data-end=\"3439\">Amalfi te est\u00e1 esperando.<\/strong><br data-start=\"3439\" data-end=\"3442\">Con toda su luz.<br data-start=\"3464\" data-end=\"3467\">Y su mar cuenta milagros.<\/p>\n","protected":false},"excerpt":{"rendered":"<p>Si hay un acontecimiento capaz de contar el alma m\u00e1s profunda de Amalfi, \u00e9se es sin duda la Fiesta de San Andr\u00e9s, una celebraci\u00f3n que combina espiritualidad, historia, folclore y [&hellip;]<\/p>\n","protected":false},"author":7,"featured_media":5171,"comment_status":"open","ping_status":"closed","sticky":false,"template":"","format":"standard","meta":{"inline_featured_image":false,"footnotes":""},"categories":[901,822,824],"tags":[1962],"class_list":["post-23128","post","type-post","status-publish","format-standard","has-post-thumbnail","hentry","category-consejos-para-viajar","category-eventos","category-tradicion","tag-destacado"],"yoast_head":"<!-- This site is optimized with the Yoast SEO plugin v27.3 - https:\/\/yoast.com\/product\/yoast-seo-wordpress\/ -->\n<title>La Fiesta de San Andr\u00e9s en Amalfi: el acontecimiento que encanta entre mar, fe y tradici\u00f3n - Visit Amalfi<\/title>\n<meta name=\"robots\" content=\"index, follow, max-snippet:-1, max-image-preview:large, max-video-preview:-1\" \/>\n<link rel=\"canonical\" href=\"https:\/\/www.visitamalfi.info\/es\/la-fiesta-de-san-andres-en-amalfi-el-acontecimiento-que-encanta-entre-mar-fe-y-tradicion\/\" \/>\n<meta property=\"og:locale\" content=\"es_ES\" \/>\n<meta property=\"og:type\" content=\"article\" \/>\n<meta property=\"og:title\" content=\"La Fiesta de San Andr\u00e9s en Amalfi: el acontecimiento que encanta entre mar, fe y tradici\u00f3n - Visit Amalfi\" \/>\n<meta property=\"og:description\" content=\"Si hay un acontecimiento capaz de contar el alma m\u00e1s profunda de Amalfi, \u00e9se es sin duda la Fiesta de San Andr\u00e9s, una celebraci\u00f3n que combina espiritualidad, historia, folclore y [&hellip;]\" \/>\n<meta property=\"og:url\" content=\"https:\/\/www.visitamalfi.info\/es\/la-fiesta-de-san-andres-en-amalfi-el-acontecimiento-que-encanta-entre-mar-fe-y-tradicion\/\" \/>\n<meta property=\"og:site_name\" content=\"Visit Amalfi\" \/>\n<meta property=\"article:publisher\" content=\"https:\/\/www.facebook.com\/visitamalfiofficial\" \/>\n<meta property=\"article:published_time\" content=\"2025-11-17T09:28:33+00:00\" \/>\n<meta property=\"og:image\" content=\"https:\/\/www.visitamalfi.info\/wp-content\/uploads\/2023\/07\/38-Cattedrale-di-SantAndrea.jpg\" \/>\n\t<meta property=\"og:image:width\" content=\"1920\" \/>\n\t<meta property=\"og:image:height\" content=\"1280\" \/>\n\t<meta property=\"og:image:type\" content=\"image\/jpeg\" \/>\n<meta name=\"author\" content=\"Federica Dumont\" \/>\n<meta name=\"twitter:card\" content=\"summary_large_image\" \/>\n<meta name=\"twitter:label1\" content=\"Escrito por\" \/>\n\t<meta name=\"twitter:data1\" content=\"Federica Dumont\" \/>\n\t<meta name=\"twitter:label2\" content=\"Tiempo de lectura\" \/>\n\t<meta name=\"twitter:data2\" content=\"3 minutos\" \/>\n<script type=\"application\/ld+json\" class=\"yoast-schema-graph\">{\"@context\":\"https:\\\/\\\/schema.org\",\"@graph\":[{\"@type\":\"Article\",\"@id\":\"https:\\\/\\\/www.visitamalfi.info\\\/es\\\/la-fiesta-de-san-andres-en-amalfi-el-acontecimiento-que-encanta-entre-mar-fe-y-tradicion\\\/#article\",\"isPartOf\":{\"@id\":\"https:\\\/\\\/www.visitamalfi.info\\\/es\\\/la-fiesta-de-san-andres-en-amalfi-el-acontecimiento-que-encanta-entre-mar-fe-y-tradicion\\\/\"},\"author\":{\"name\":\"Federica Dumont\",\"@id\":\"https:\\\/\\\/www.visitamalfi.info\\\/es\\\/#\\\/schema\\\/person\\\/0c7584af846d5d2da6c69f7e68f3af96\"},\"headline\":\"La Fiesta de San Andr\u00e9s en Amalfi: el acontecimiento que encanta entre mar, fe y tradici\u00f3n\",\"datePublished\":\"2025-11-17T09:28:33+00:00\",\"mainEntityOfPage\":{\"@id\":\"https:\\\/\\\/www.visitamalfi.info\\\/es\\\/la-fiesta-de-san-andres-en-amalfi-el-acontecimiento-que-encanta-entre-mar-fe-y-tradicion\\\/\"},\"wordCount\":580,\"commentCount\":0,\"publisher\":{\"@id\":\"https:\\\/\\\/www.visitamalfi.info\\\/es\\\/#organization\"},\"image\":{\"@id\":\"https:\\\/\\\/www.visitamalfi.info\\\/es\\\/la-fiesta-de-san-andres-en-amalfi-el-acontecimiento-que-encanta-entre-mar-fe-y-tradicion\\\/#primaryimage\"},\"thumbnailUrl\":\"https:\\\/\\\/www.visitamalfi.info\\\/wp-content\\\/uploads\\\/2023\\\/07\\\/38-Cattedrale-di-SantAndrea.jpg\",\"keywords\":[\"Destacado\"],\"articleSection\":[\"Consejos para viajar\",\"Eventos\",\"tradici\u00f3n\"],\"inLanguage\":\"es\",\"potentialAction\":[{\"@type\":\"CommentAction\",\"name\":\"Comment\",\"target\":[\"https:\\\/\\\/www.visitamalfi.info\\\/es\\\/la-fiesta-de-san-andres-en-amalfi-el-acontecimiento-que-encanta-entre-mar-fe-y-tradicion\\\/#respond\"]}]},{\"@type\":\"WebPage\",\"@id\":\"https:\\\/\\\/www.visitamalfi.info\\\/es\\\/la-fiesta-de-san-andres-en-amalfi-el-acontecimiento-que-encanta-entre-mar-fe-y-tradicion\\\/\",\"url\":\"https:\\\/\\\/www.visitamalfi.info\\\/es\\\/la-fiesta-de-san-andres-en-amalfi-el-acontecimiento-que-encanta-entre-mar-fe-y-tradicion\\\/\",\"name\":\"La Fiesta de San Andr\u00e9s en Amalfi: el acontecimiento que encanta entre mar, fe y tradici\u00f3n - Visit Amalfi\",\"isPartOf\":{\"@id\":\"https:\\\/\\\/www.visitamalfi.info\\\/es\\\/#website\"},\"primaryImageOfPage\":{\"@id\":\"https:\\\/\\\/www.visitamalfi.info\\\/es\\\/la-fiesta-de-san-andres-en-amalfi-el-acontecimiento-que-encanta-entre-mar-fe-y-tradicion\\\/#primaryimage\"},\"image\":{\"@id\":\"https:\\\/\\\/www.visitamalfi.info\\\/es\\\/la-fiesta-de-san-andres-en-amalfi-el-acontecimiento-que-encanta-entre-mar-fe-y-tradicion\\\/#primaryimage\"},\"thumbnailUrl\":\"https:\\\/\\\/www.visitamalfi.info\\\/wp-content\\\/uploads\\\/2023\\\/07\\\/38-Cattedrale-di-SantAndrea.jpg\",\"datePublished\":\"2025-11-17T09:28:33+00:00\",\"breadcrumb\":{\"@id\":\"https:\\\/\\\/www.visitamalfi.info\\\/es\\\/la-fiesta-de-san-andres-en-amalfi-el-acontecimiento-que-encanta-entre-mar-fe-y-tradicion\\\/#breadcrumb\"},\"inLanguage\":\"es\",\"potentialAction\":[{\"@type\":\"ReadAction\",\"target\":[\"https:\\\/\\\/www.visitamalfi.info\\\/es\\\/la-fiesta-de-san-andres-en-amalfi-el-acontecimiento-que-encanta-entre-mar-fe-y-tradicion\\\/\"]}]},{\"@type\":\"ImageObject\",\"inLanguage\":\"es\",\"@id\":\"https:\\\/\\\/www.visitamalfi.info\\\/es\\\/la-fiesta-de-san-andres-en-amalfi-el-acontecimiento-que-encanta-entre-mar-fe-y-tradicion\\\/#primaryimage\",\"url\":\"https:\\\/\\\/www.visitamalfi.info\\\/wp-content\\\/uploads\\\/2023\\\/07\\\/38-Cattedrale-di-SantAndrea.jpg\",\"contentUrl\":\"https:\\\/\\\/www.visitamalfi.info\\\/wp-content\\\/uploads\\\/2023\\\/07\\\/38-Cattedrale-di-SantAndrea.jpg\",\"width\":1920,\"height\":1280},{\"@type\":\"BreadcrumbList\",\"@id\":\"https:\\\/\\\/www.visitamalfi.info\\\/es\\\/la-fiesta-de-san-andres-en-amalfi-el-acontecimiento-que-encanta-entre-mar-fe-y-tradicion\\\/#breadcrumb\",\"itemListElement\":[{\"@type\":\"ListItem\",\"position\":1,\"name\":\"Home\",\"item\":\"https:\\\/\\\/www.visitamalfi.info\\\/es\\\/\"},{\"@type\":\"ListItem\",\"position\":2,\"name\":\"La Fiesta de San Andr\u00e9s en Amalfi: el acontecimiento que encanta entre mar, fe y tradici\u00f3n\"}]},{\"@type\":\"WebSite\",\"@id\":\"https:\\\/\\\/www.visitamalfi.info\\\/es\\\/#website\",\"url\":\"https:\\\/\\\/www.visitamalfi.info\\\/es\\\/\",\"name\":\"Visit Amalfi\",\"description\":\"Amalfi Destination Official Website\",\"publisher\":{\"@id\":\"https:\\\/\\\/www.visitamalfi.info\\\/es\\\/#organization\"},\"potentialAction\":[{\"@type\":\"SearchAction\",\"target\":{\"@type\":\"EntryPoint\",\"urlTemplate\":\"https:\\\/\\\/www.visitamalfi.info\\\/es\\\/?s={search_term_string}\"},\"query-input\":{\"@type\":\"PropertyValueSpecification\",\"valueRequired\":true,\"valueName\":\"search_term_string\"}}],\"inLanguage\":\"es\"},{\"@type\":\"Organization\",\"@id\":\"https:\\\/\\\/www.visitamalfi.info\\\/es\\\/#organization\",\"name\":\"Visit Amalfi\",\"url\":\"https:\\\/\\\/www.visitamalfi.info\\\/es\\\/\",\"logo\":{\"@type\":\"ImageObject\",\"inLanguage\":\"es\",\"@id\":\"https:\\\/\\\/www.visitamalfi.info\\\/es\\\/#\\\/schema\\\/logo\\\/image\\\/\",\"url\":\"https:\\\/\\\/www.visitamalfi.info\\\/wp-content\\\/uploads\\\/2023\\\/04\\\/visit-amalfi-logo-web.png\",\"contentUrl\":\"https:\\\/\\\/www.visitamalfi.info\\\/wp-content\\\/uploads\\\/2023\\\/04\\\/visit-amalfi-logo-web.png\",\"width\":800,\"height\":870,\"caption\":\"Visit Amalfi\"},\"image\":{\"@id\":\"https:\\\/\\\/www.visitamalfi.info\\\/es\\\/#\\\/schema\\\/logo\\\/image\\\/\"},\"sameAs\":[\"https:\\\/\\\/www.facebook.com\\\/visitamalfiofficial\",\"https:\\\/\\\/www.instagram.com\\\/visitamalfiofficial\\\/\"]},{\"@type\":\"Person\",\"@id\":\"https:\\\/\\\/www.visitamalfi.info\\\/es\\\/#\\\/schema\\\/person\\\/0c7584af846d5d2da6c69f7e68f3af96\",\"name\":\"Federica Dumont\",\"image\":{\"@type\":\"ImageObject\",\"inLanguage\":\"es\",\"@id\":\"https:\\\/\\\/secure.gravatar.com\\\/avatar\\\/0803dab414b6c6f1fd2399680f587870a020419b6ebe9d36dd75df06a6a68060?s=96&d=mm&r=g\",\"url\":\"https:\\\/\\\/secure.gravatar.com\\\/avatar\\\/0803dab414b6c6f1fd2399680f587870a020419b6ebe9d36dd75df06a6a68060?s=96&d=mm&r=g\",\"contentUrl\":\"https:\\\/\\\/secure.gravatar.com\\\/avatar\\\/0803dab414b6c6f1fd2399680f587870a020419b6ebe9d36dd75df06a6a68060?s=96&d=mm&r=g\",\"caption\":\"Federica Dumont\"},\"url\":\"https:\\\/\\\/www.visitamalfi.info\\\/es\\\/author\\\/federica\\\/\"}]}<\/script>\n<!-- \/ Yoast SEO plugin. -->","yoast_head_json":{"title":"La Fiesta de San Andr\u00e9s en Amalfi: el acontecimiento que encanta entre mar, fe y tradici\u00f3n - Visit Amalfi","robots":{"index":"index","follow":"follow","max-snippet":"max-snippet:-1","max-image-preview":"max-image-preview:large","max-video-preview":"max-video-preview:-1"},"canonical":"https:\/\/www.visitamalfi.info\/es\/la-fiesta-de-san-andres-en-amalfi-el-acontecimiento-que-encanta-entre-mar-fe-y-tradicion\/","og_locale":"es_ES","og_type":"article","og_title":"La Fiesta de San Andr\u00e9s en Amalfi: el acontecimiento que encanta entre mar, fe y tradici\u00f3n - Visit Amalfi","og_description":"Si hay un acontecimiento capaz de contar el alma m\u00e1s profunda de Amalfi, \u00e9se es sin duda la Fiesta de San Andr\u00e9s, una celebraci\u00f3n que combina espiritualidad, historia, folclore y [&hellip;]","og_url":"https:\/\/www.visitamalfi.info\/es\/la-fiesta-de-san-andres-en-amalfi-el-acontecimiento-que-encanta-entre-mar-fe-y-tradicion\/","og_site_name":"Visit Amalfi","article_publisher":"https:\/\/www.facebook.com\/visitamalfiofficial","article_published_time":"2025-11-17T09:28:33+00:00","og_image":[{"width":1920,"height":1280,"url":"https:\/\/www.visitamalfi.info\/wp-content\/uploads\/2023\/07\/38-Cattedrale-di-SantAndrea.jpg","type":"image\/jpeg"}],"author":"Federica Dumont","twitter_card":"summary_large_image","twitter_misc":{"Escrito por":"Federica Dumont","Tiempo de lectura":"3 minutos"},"schema":{"@context":"https:\/\/schema.org","@graph":[{"@type":"Article","@id":"https:\/\/www.visitamalfi.info\/es\/la-fiesta-de-san-andres-en-amalfi-el-acontecimiento-que-encanta-entre-mar-fe-y-tradicion\/#article","isPartOf":{"@id":"https:\/\/www.visitamalfi.info\/es\/la-fiesta-de-san-andres-en-amalfi-el-acontecimiento-que-encanta-entre-mar-fe-y-tradicion\/"},"author":{"name":"Federica Dumont","@id":"https:\/\/www.visitamalfi.info\/es\/#\/schema\/person\/0c7584af846d5d2da6c69f7e68f3af96"},"headline":"La Fiesta de San Andr\u00e9s en Amalfi: el acontecimiento que encanta entre mar, fe y tradici\u00f3n","datePublished":"2025-11-17T09:28:33+00:00","mainEntityOfPage":{"@id":"https:\/\/www.visitamalfi.info\/es\/la-fiesta-de-san-andres-en-amalfi-el-acontecimiento-que-encanta-entre-mar-fe-y-tradicion\/"},"wordCount":580,"commentCount":0,"publisher":{"@id":"https:\/\/www.visitamalfi.info\/es\/#organization"},"image":{"@id":"https:\/\/www.visitamalfi.info\/es\/la-fiesta-de-san-andres-en-amalfi-el-acontecimiento-que-encanta-entre-mar-fe-y-tradicion\/#primaryimage"},"thumbnailUrl":"https:\/\/www.visitamalfi.info\/wp-content\/uploads\/2023\/07\/38-Cattedrale-di-SantAndrea.jpg","keywords":["Destacado"],"articleSection":["Consejos para viajar","Eventos","tradici\u00f3n"],"inLanguage":"es","potentialAction":[{"@type":"CommentAction","name":"Comment","target":["https:\/\/www.visitamalfi.info\/es\/la-fiesta-de-san-andres-en-amalfi-el-acontecimiento-que-encanta-entre-mar-fe-y-tradicion\/#respond"]}]},{"@type":"WebPage","@id":"https:\/\/www.visitamalfi.info\/es\/la-fiesta-de-san-andres-en-amalfi-el-acontecimiento-que-encanta-entre-mar-fe-y-tradicion\/","url":"https:\/\/www.visitamalfi.info\/es\/la-fiesta-de-san-andres-en-amalfi-el-acontecimiento-que-encanta-entre-mar-fe-y-tradicion\/","name":"La Fiesta de San Andr\u00e9s en Amalfi: el acontecimiento que encanta entre mar, fe y tradici\u00f3n - Visit Amalfi","isPartOf":{"@id":"https:\/\/www.visitamalfi.info\/es\/#website"},"primaryImageOfPage":{"@id":"https:\/\/www.visitamalfi.info\/es\/la-fiesta-de-san-andres-en-amalfi-el-acontecimiento-que-encanta-entre-mar-fe-y-tradicion\/#primaryimage"},"image":{"@id":"https:\/\/www.visitamalfi.info\/es\/la-fiesta-de-san-andres-en-amalfi-el-acontecimiento-que-encanta-entre-mar-fe-y-tradicion\/#primaryimage"},"thumbnailUrl":"https:\/\/www.visitamalfi.info\/wp-content\/uploads\/2023\/07\/38-Cattedrale-di-SantAndrea.jpg","datePublished":"2025-11-17T09:28:33+00:00","breadcrumb":{"@id":"https:\/\/www.visitamalfi.info\/es\/la-fiesta-de-san-andres-en-amalfi-el-acontecimiento-que-encanta-entre-mar-fe-y-tradicion\/#breadcrumb"},"inLanguage":"es","potentialAction":[{"@type":"ReadAction","target":["https:\/\/www.visitamalfi.info\/es\/la-fiesta-de-san-andres-en-amalfi-el-acontecimiento-que-encanta-entre-mar-fe-y-tradicion\/"]}]},{"@type":"ImageObject","inLanguage":"es","@id":"https:\/\/www.visitamalfi.info\/es\/la-fiesta-de-san-andres-en-amalfi-el-acontecimiento-que-encanta-entre-mar-fe-y-tradicion\/#primaryimage","url":"https:\/\/www.visitamalfi.info\/wp-content\/uploads\/2023\/07\/38-Cattedrale-di-SantAndrea.jpg","contentUrl":"https:\/\/www.visitamalfi.info\/wp-content\/uploads\/2023\/07\/38-Cattedrale-di-SantAndrea.jpg","width":1920,"height":1280},{"@type":"BreadcrumbList","@id":"https:\/\/www.visitamalfi.info\/es\/la-fiesta-de-san-andres-en-amalfi-el-acontecimiento-que-encanta-entre-mar-fe-y-tradicion\/#breadcrumb","itemListElement":[{"@type":"ListItem","position":1,"name":"Home","item":"https:\/\/www.visitamalfi.info\/es\/"},{"@type":"ListItem","position":2,"name":"La Fiesta de San Andr\u00e9s en Amalfi: el acontecimiento que encanta entre mar, fe y tradici\u00f3n"}]},{"@type":"WebSite","@id":"https:\/\/www.visitamalfi.info\/es\/#website","url":"https:\/\/www.visitamalfi.info\/es\/","name":"Visit Amalfi","description":"Amalfi Destination Official Website","publisher":{"@id":"https:\/\/www.visitamalfi.info\/es\/#organization"},"potentialAction":[{"@type":"SearchAction","target":{"@type":"EntryPoint","urlTemplate":"https:\/\/www.visitamalfi.info\/es\/?s={search_term_string}"},"query-input":{"@type":"PropertyValueSpecification","valueRequired":true,"valueName":"search_term_string"}}],"inLanguage":"es"},{"@type":"Organization","@id":"https:\/\/www.visitamalfi.info\/es\/#organization","name":"Visit Amalfi","url":"https:\/\/www.visitamalfi.info\/es\/","logo":{"@type":"ImageObject","inLanguage":"es","@id":"https:\/\/www.visitamalfi.info\/es\/#\/schema\/logo\/image\/","url":"https:\/\/www.visitamalfi.info\/wp-content\/uploads\/2023\/04\/visit-amalfi-logo-web.png","contentUrl":"https:\/\/www.visitamalfi.info\/wp-content\/uploads\/2023\/04\/visit-amalfi-logo-web.png","width":800,"height":870,"caption":"Visit Amalfi"},"image":{"@id":"https:\/\/www.visitamalfi.info\/es\/#\/schema\/logo\/image\/"},"sameAs":["https:\/\/www.facebook.com\/visitamalfiofficial","https:\/\/www.instagram.com\/visitamalfiofficial\/"]},{"@type":"Person","@id":"https:\/\/www.visitamalfi.info\/es\/#\/schema\/person\/0c7584af846d5d2da6c69f7e68f3af96","name":"Federica Dumont","image":{"@type":"ImageObject","inLanguage":"es","@id":"https:\/\/secure.gravatar.com\/avatar\/0803dab414b6c6f1fd2399680f587870a020419b6ebe9d36dd75df06a6a68060?s=96&d=mm&r=g","url":"https:\/\/secure.gravatar.com\/avatar\/0803dab414b6c6f1fd2399680f587870a020419b6ebe9d36dd75df06a6a68060?s=96&d=mm&r=g","contentUrl":"https:\/\/secure.gravatar.com\/avatar\/0803dab414b6c6f1fd2399680f587870a020419b6ebe9d36dd75df06a6a68060?s=96&d=mm&r=g","caption":"Federica Dumont"},"url":"https:\/\/www.visitamalfi.info\/es\/author\/federica\/"}]}},"_links":{"self":[{"href":"https:\/\/www.visitamalfi.info\/es\/wp-json\/wp\/v2\/posts\/23128","targetHints":{"allow":["GET"]}}],"collection":[{"href":"https:\/\/www.visitamalfi.info\/es\/wp-json\/wp\/v2\/posts"}],"about":[{"href":"https:\/\/www.visitamalfi.info\/es\/wp-json\/wp\/v2\/types\/post"}],"author":[{"embeddable":true,"href":"https:\/\/www.visitamalfi.info\/es\/wp-json\/wp\/v2\/users\/7"}],"replies":[{"embeddable":true,"href":"https:\/\/www.visitamalfi.info\/es\/wp-json\/wp\/v2\/comments?post=23128"}],"version-history":[{"count":0,"href":"https:\/\/www.visitamalfi.info\/es\/wp-json\/wp\/v2\/posts\/23128\/revisions"}],"wp:featuredmedia":[{"embeddable":true,"href":"https:\/\/www.visitamalfi.info\/es\/wp-json\/wp\/v2\/media\/5171"}],"wp:attachment":[{"href":"https:\/\/www.visitamalfi.info\/es\/wp-json\/wp\/v2\/media?parent=23128"}],"wp:term":[{"taxonomy":"category","embeddable":true,"href":"https:\/\/www.visitamalfi.info\/es\/wp-json\/wp\/v2\/categories?post=23128"},{"taxonomy":"post_tag","embeddable":true,"href":"https:\/\/www.visitamalfi.info\/es\/wp-json\/wp\/v2\/tags?post=23128"}],"curies":[{"name":"wp","href":"https:\/\/api.w.org\/{rel}","templated":true}]}}