{"id":23013,"date":"2025-10-11T21:07:09","date_gmt":"2025-10-11T19:07:09","guid":{"rendered":"https:\/\/www.visitamalfi.info\/navidad-2025-en-amalfi-luces-tradicion-y-magia-junto-al-mar\/"},"modified":"2025-10-11T21:07:09","modified_gmt":"2025-10-11T19:07:09","slug":"navidad-2025-en-amalfi-luces-tradicion-y-magia-junto-al-mar","status":"publish","type":"post","link":"https:\/\/www.visitamalfi.info\/es\/navidad-2025-en-amalfi-luces-tradicion-y-magia-junto-al-mar\/","title":{"rendered":"Navidad 2025 en Amalfi: luces, tradici\u00f3n y magia junto al mar"},"content":{"rendered":"<p class=\"cvGsUA direction-ltr align-start para-style-body\"><span class=\"a_GcMg font-feature-liga-off font-feature-clig-off font-feature-calt-off text-decoration-none text-strikethrough-none\">Cuando pensamos en la Navidad, a menudo la imaginamos entre mercados de monta\u00f1a y paisajes nevados. Ma c\u2019\u00e8 un luogo in Italia dove le feste si tingono di magia in un modo unico: <\/span><span class=\"a_GcMg font-feature-liga-off font-feature-clig-off font-feature-calt-off text-decoration-none text-strikethrough-none\">Amalfi<\/span><span class=\"a_GcMg font-feature-liga-off font-feature-clig-off font-feature-calt-off text-decoration-none text-strikethrough-none\">. Aqu\u00ed, el encanto del mar invernal se encuentra con las luces centelleantes de la Navidad, creando una atm\u00f3sfera que cautiva a adultos y ni\u00f1os por igual.<\/span><\/p>\n<p class=\"cvGsUA direction-ltr align-start para-style-body\"><strong><span class=\"a_GcMg font-feature-liga-off font-feature-clig-off font-feature-calt-off text-decoration-none text-strikethrough-none\">Las iluminaciones que iluminan la ciudad<\/span><\/strong><\/p>\n<p class=\"cvGsUA direction-ltr align-start para-style-body\"><span class=\"a_GcMg font-feature-liga-off font-feature-clig-off font-feature-calt-off text-decoration-none text-strikethrough-none\">Cada a\u00f1o, Amalfi se ilumina con colores y decoraciones espectaculares. Las calles del casco antiguo, los balcones y la Piazza Duomo se transforman en un escenario atmosf\u00e9rico donde pasear se convierte en una experiencia de cuento de hadas. La magia de las iluminaciones transforma Amalfi en un bel\u00e9n al aire libre, ideal para hacer fotos inolvidables y vivir el esp\u00edritu navide\u00f1o.<\/span><\/p>\n<p class=\"cvGsUA direction-ltr align-start para-style-body\"><strong><span class=\"a_GcMg font-feature-liga-off font-feature-clig-off font-feature-calt-off text-decoration-none text-strikethrough-none\">Gaiteros y m\u00fasica tradicional<\/span><\/strong><\/p>\n<p class=\"cvGsUA direction-ltr align-start para-style-body\"><span class=\"a_GcMg font-feature-liga-off font-feature-clig-off font-feature-calt-off text-decoration-none text-strikethrough-none\">La Navidad en Amalfi no es s\u00f3lo luz, sino tambi\u00e9n sonidos antiguos que calientan el coraz\u00f3n. Los gaiteros, con sus melod\u00edas tradicionales, acompa\u00f1an a los visitantes por las callejuelas del centro, devolvi\u00e9ndoles el aut\u00e9ntico ambiente de tiempos pasados. Un encuentro que emociona a j\u00f3venes y mayores y reaviva la profunda conexi\u00f3n entre la ciudad y sus ra\u00edces populares.<\/span><\/p>\n<p class=\"cvGsUA direction-ltr align-start para-style-body\"><strong><span class=\"a_GcMg font-feature-liga-off font-feature-clig-off font-feature-calt-off text-decoration-none text-strikethrough-none\">Casa de Pap\u00e1 Noel<\/span><\/strong><\/p>\n<p class=\"cvGsUA direction-ltr align-start para-style-body\"><span class=\"a_GcMg font-feature-liga-off font-feature-clig-off font-feature-calt-off text-decoration-none text-strikethrough-none\">Para los m\u00e1s peque\u00f1os, el momento m\u00e1s esperado es la llegada a la Aldea de Pap\u00e1 Noel. Un lugar encantado donde los ni\u00f1os pueden conocer a Pap\u00e1 Noel, escribir sus cartas y vivir momentos de diversi\u00f3n y juegos. Una experiencia que convierte Amalfi en un destino perfecto tambi\u00e9n para las familias.<\/span><\/p>\n<p class=\"cvGsUA direction-ltr align-start para-style-body\"><strong><span class=\"a_GcMg font-feature-liga-off font-feature-clig-off font-feature-calt-off text-decoration-none text-strikethrough-none\">Sapori e calore delle feste<\/span><\/strong><\/p>\n<p class=\"cvGsUA direction-ltr align-start para-style-body\"><span class=\"a_GcMg font-feature-liga-off font-feature-clig-off font-feature-calt-off text-decoration-none text-strikethrough-none\">La Navidad tambi\u00e9n es convivencia y buena comida. Paseando por las calles, no faltan los aromas de las especialidades locales: desde los tradicionales dulces navide\u00f1os de Amalfi hasta el calor de un vaso de vino local. Es el momento ideal para descubrir los aut\u00e9nticos sabores de la regi\u00f3n y llevarte a casa un sabroso recuerdo de las vacaciones.<\/span><\/p>\n<p class=\"cvGsUA direction-ltr align-start para-style-body\"><strong><span class=\"a_GcMg font-feature-liga-off font-feature-clig-off font-feature-calt-off text-decoration-none text-strikethrough-none\">El A\u00f1o Nuevo folcl\u00f3rico<\/span><\/strong><\/p>\n<p class=\"cvGsUA direction-ltr align-start para-style-body\"><span class=\"a_GcMg font-feature-liga-off font-feature-clig-off font-feature-calt-off text-decoration-none text-strikethrough-none\">Seg\u00fan la tradici\u00f3n, la entra\u00f1able actuaci\u00f3n del grupo folcl\u00f3rico local: un amuleto colectivo que, entre canciones populares e instrumentos t\u00edpicos, revive el alma m\u00e1s aut\u00e9ntica y festiva de la tradici\u00f3n amalfitana.<\/span><\/p>\n<p class=\"cvGsUA direction-ltr align-start para-style-body\"><strong><span class=\"a_GcMg font-feature-liga-off font-feature-clig-off font-feature-calt-off text-decoration-none text-strikethrough-none\">Nochevieja en la Plaza<\/span><\/strong><\/p>\n<p class=\"cvGsUA direction-ltr align-start para-style-body\"><span class=\"a_GcMg font-feature-liga-off font-feature-clig-off font-feature-calt-off text-decoration-none text-strikethrough-none\">El calendario de fiestas culmina con la Nochevieja en Amalfi, una noche especial, \u00fanica e inolvidable en la que la plaza se transforma en un gran escenario al aire libre. M\u00fasica, espect\u00e1culos y fuegos artificiales dan la bienvenida al A\u00f1o Nuevo con toda la magia de la Costa Amalfitana.<\/span><\/p>\n<p class=\"cvGsUA direction-ltr align-start para-style-body\"><strong><span class=\"a_GcMg font-feature-liga-off font-feature-clig-off font-feature-calt-off text-decoration-none text-strikethrough-none\">Por qu\u00e9 elegir Amalfi en Navidad<\/span><\/strong><\/p>\n<p class=\"cvGsUA direction-ltr align-start para-style-body\"><span class=\"a_GcMg font-feature-liga-off font-feature-clig-off font-feature-calt-off text-decoration-none text-strikethrough-none\">Visitar Amalfi durante el periodo navide\u00f1o es una experiencia diferente:<\/span><\/p>\n<ul>\n<li><span class=\"a_GcMg font-feature-liga-off font-feature-clig-off font-feature-calt-off text-decoration-none text-strikethrough-none\">calles menos concurridas pero llenas de ambiente;<\/span><\/li>\n<li><span class=\"a_GcMg font-feature-liga-off font-feature-clig-off font-feature-calt-off text-decoration-none text-strikethrough-none\">tradiciones aut\u00e9nticas que calientan el coraz\u00f3n;<\/span><\/li>\n<li><span class=\"a_GcMg font-feature-liga-off font-feature-clig-off font-feature-calt-off text-decoration-none text-strikethrough-none\">el encanto del mar invernal que enmarca una Navidad \u00fanica.<\/span><\/li>\n<\/ul>\n<p class=\"cvGsUA direction-ltr align-start para-style-body\"><span class=\"a_GcMg font-feature-liga-off font-feature-clig-off font-feature-calt-off text-decoration-none text-strikethrough-none\">Ya sea para un fin de semana o para unas vacaciones m\u00e1s largas, Amalfi es la elecci\u00f3n perfecta para quienes buscan unas Navidades inolvidables entre cultura, tradici\u00f3n y belleza.<\/span><\/p>\n<p class=\"cvGsUA direction-ltr align-start para-style-body\"><strong><span class=\"a_GcMg font-feature-liga-off font-feature-clig-off font-feature-calt-off text-decoration-none text-strikethrough-none\">Ven a descubrir la Navidad en Amalfi: \u00a1te esperamos para vivir juntos la magia de las fiestas!<\/span><\/strong><\/p>\n","protected":false},"excerpt":{"rendered":"<p>Cuando pensamos en la Navidad, a menudo la imaginamos entre mercados de monta\u00f1a y paisajes nevados. Ma c\u2019\u00e8 un luogo in Italia dove le feste si tingono di magia in [&hellip;]<\/p>\n","protected":false},"author":7,"featured_media":20134,"comment_status":"open","ping_status":"closed","sticky":false,"template":"","format":"standard","meta":{"inline_featured_image":false,"footnotes":""},"categories":[901,822,824],"tags":[1957],"class_list":["post-23013","post","type-post","status-publish","format-standard","has-post-thumbnail","hentry","category-consejos-para-viajar","category-eventos","category-tradicion","tag-nataleadamalfi"],"yoast_head":"<!-- This site is optimized with the Yoast SEO plugin v27.3 - https:\/\/yoast.com\/product\/yoast-seo-wordpress\/ -->\n<title>Navidad 2025 en Amalfi: luces, tradici\u00f3n y magia junto al mar - Visit Amalfi<\/title>\n<meta name=\"robots\" content=\"index, follow, max-snippet:-1, max-image-preview:large, max-video-preview:-1\" \/>\n<link rel=\"canonical\" href=\"https:\/\/www.visitamalfi.info\/es\/navidad-2025-en-amalfi-luces-tradicion-y-magia-junto-al-mar\/\" \/>\n<meta property=\"og:locale\" content=\"es_ES\" \/>\n<meta property=\"og:type\" content=\"article\" \/>\n<meta property=\"og:title\" content=\"Navidad 2025 en Amalfi: luces, tradici\u00f3n y magia junto al mar - Visit Amalfi\" \/>\n<meta property=\"og:description\" content=\"Cuando pensamos en la Navidad, a menudo la imaginamos entre mercados de monta\u00f1a y paisajes nevados. Ma c\u2019\u00e8 un luogo in Italia dove le feste si tingono di magia in [&hellip;]\" \/>\n<meta property=\"og:url\" content=\"https:\/\/www.visitamalfi.info\/es\/navidad-2025-en-amalfi-luces-tradicion-y-magia-junto-al-mar\/\" \/>\n<meta property=\"og:site_name\" content=\"Visit Amalfi\" \/>\n<meta property=\"article:publisher\" content=\"https:\/\/www.facebook.com\/visitamalfiofficial\" \/>\n<meta property=\"article:published_time\" content=\"2025-10-11T19:07:09+00:00\" \/>\n<meta property=\"og:image\" content=\"https:\/\/www.visitamalfi.info\/wp-content\/uploads\/2024\/11\/ANA_2779@emanueleanastasioph-amalfi-villaggio-natale-2023.jpg\" \/>\n\t<meta property=\"og:image:width\" content=\"1280\" \/>\n\t<meta property=\"og:image:height\" content=\"1920\" \/>\n\t<meta property=\"og:image:type\" content=\"image\/jpeg\" \/>\n<meta name=\"author\" content=\"Federica Dumont\" \/>\n<meta name=\"twitter:card\" content=\"summary_large_image\" \/>\n<meta name=\"twitter:label1\" content=\"Escrito por\" \/>\n\t<meta name=\"twitter:data1\" content=\"Federica Dumont\" \/>\n\t<meta name=\"twitter:label2\" content=\"Tiempo de lectura\" \/>\n\t<meta name=\"twitter:data2\" content=\"3 minutos\" \/>\n<script type=\"application\/ld+json\" class=\"yoast-schema-graph\">{\"@context\":\"https:\\\/\\\/schema.org\",\"@graph\":[{\"@type\":\"Article\",\"@id\":\"https:\\\/\\\/www.visitamalfi.info\\\/es\\\/navidad-2025-en-amalfi-luces-tradicion-y-magia-junto-al-mar\\\/#article\",\"isPartOf\":{\"@id\":\"https:\\\/\\\/www.visitamalfi.info\\\/es\\\/navidad-2025-en-amalfi-luces-tradicion-y-magia-junto-al-mar\\\/\"},\"author\":{\"name\":\"Federica Dumont\",\"@id\":\"https:\\\/\\\/www.visitamalfi.info\\\/es\\\/#\\\/schema\\\/person\\\/0c7584af846d5d2da6c69f7e68f3af96\"},\"headline\":\"Navidad 2025 en Amalfi: luces, tradici\u00f3n y magia junto al mar\",\"datePublished\":\"2025-10-11T19:07:09+00:00\",\"mainEntityOfPage\":{\"@id\":\"https:\\\/\\\/www.visitamalfi.info\\\/es\\\/navidad-2025-en-amalfi-luces-tradicion-y-magia-junto-al-mar\\\/\"},\"wordCount\":540,\"commentCount\":0,\"publisher\":{\"@id\":\"https:\\\/\\\/www.visitamalfi.info\\\/es\\\/#organization\"},\"image\":{\"@id\":\"https:\\\/\\\/www.visitamalfi.info\\\/es\\\/navidad-2025-en-amalfi-luces-tradicion-y-magia-junto-al-mar\\\/#primaryimage\"},\"thumbnailUrl\":\"https:\\\/\\\/www.visitamalfi.info\\\/wp-content\\\/uploads\\\/2024\\\/11\\\/ANA_2779@emanueleanastasioph-amalfi-villaggio-natale-2023.jpg\",\"keywords\":[\"nataleadamalfi\"],\"articleSection\":[\"Consejos para viajar\",\"Eventos\",\"tradici\u00f3n\"],\"inLanguage\":\"es\",\"potentialAction\":[{\"@type\":\"CommentAction\",\"name\":\"Comment\",\"target\":[\"https:\\\/\\\/www.visitamalfi.info\\\/es\\\/navidad-2025-en-amalfi-luces-tradicion-y-magia-junto-al-mar\\\/#respond\"]}]},{\"@type\":\"WebPage\",\"@id\":\"https:\\\/\\\/www.visitamalfi.info\\\/es\\\/navidad-2025-en-amalfi-luces-tradicion-y-magia-junto-al-mar\\\/\",\"url\":\"https:\\\/\\\/www.visitamalfi.info\\\/es\\\/navidad-2025-en-amalfi-luces-tradicion-y-magia-junto-al-mar\\\/\",\"name\":\"Navidad 2025 en Amalfi: luces, tradici\u00f3n y magia junto al mar - Visit Amalfi\",\"isPartOf\":{\"@id\":\"https:\\\/\\\/www.visitamalfi.info\\\/es\\\/#website\"},\"primaryImageOfPage\":{\"@id\":\"https:\\\/\\\/www.visitamalfi.info\\\/es\\\/navidad-2025-en-amalfi-luces-tradicion-y-magia-junto-al-mar\\\/#primaryimage\"},\"image\":{\"@id\":\"https:\\\/\\\/www.visitamalfi.info\\\/es\\\/navidad-2025-en-amalfi-luces-tradicion-y-magia-junto-al-mar\\\/#primaryimage\"},\"thumbnailUrl\":\"https:\\\/\\\/www.visitamalfi.info\\\/wp-content\\\/uploads\\\/2024\\\/11\\\/ANA_2779@emanueleanastasioph-amalfi-villaggio-natale-2023.jpg\",\"datePublished\":\"2025-10-11T19:07:09+00:00\",\"breadcrumb\":{\"@id\":\"https:\\\/\\\/www.visitamalfi.info\\\/es\\\/navidad-2025-en-amalfi-luces-tradicion-y-magia-junto-al-mar\\\/#breadcrumb\"},\"inLanguage\":\"es\",\"potentialAction\":[{\"@type\":\"ReadAction\",\"target\":[\"https:\\\/\\\/www.visitamalfi.info\\\/es\\\/navidad-2025-en-amalfi-luces-tradicion-y-magia-junto-al-mar\\\/\"]}]},{\"@type\":\"ImageObject\",\"inLanguage\":\"es\",\"@id\":\"https:\\\/\\\/www.visitamalfi.info\\\/es\\\/navidad-2025-en-amalfi-luces-tradicion-y-magia-junto-al-mar\\\/#primaryimage\",\"url\":\"https:\\\/\\\/www.visitamalfi.info\\\/wp-content\\\/uploads\\\/2024\\\/11\\\/ANA_2779@emanueleanastasioph-amalfi-villaggio-natale-2023.jpg\",\"contentUrl\":\"https:\\\/\\\/www.visitamalfi.info\\\/wp-content\\\/uploads\\\/2024\\\/11\\\/ANA_2779@emanueleanastasioph-amalfi-villaggio-natale-2023.jpg\",\"width\":1280,\"height\":1920},{\"@type\":\"BreadcrumbList\",\"@id\":\"https:\\\/\\\/www.visitamalfi.info\\\/es\\\/navidad-2025-en-amalfi-luces-tradicion-y-magia-junto-al-mar\\\/#breadcrumb\",\"itemListElement\":[{\"@type\":\"ListItem\",\"position\":1,\"name\":\"Home\",\"item\":\"https:\\\/\\\/www.visitamalfi.info\\\/es\\\/\"},{\"@type\":\"ListItem\",\"position\":2,\"name\":\"Navidad 2025 en Amalfi: luces, tradici\u00f3n y magia junto al mar\"}]},{\"@type\":\"WebSite\",\"@id\":\"https:\\\/\\\/www.visitamalfi.info\\\/es\\\/#website\",\"url\":\"https:\\\/\\\/www.visitamalfi.info\\\/es\\\/\",\"name\":\"Visit Amalfi\",\"description\":\"Amalfi Destination Official Website\",\"publisher\":{\"@id\":\"https:\\\/\\\/www.visitamalfi.info\\\/es\\\/#organization\"},\"potentialAction\":[{\"@type\":\"SearchAction\",\"target\":{\"@type\":\"EntryPoint\",\"urlTemplate\":\"https:\\\/\\\/www.visitamalfi.info\\\/es\\\/?s={search_term_string}\"},\"query-input\":{\"@type\":\"PropertyValueSpecification\",\"valueRequired\":true,\"valueName\":\"search_term_string\"}}],\"inLanguage\":\"es\"},{\"@type\":\"Organization\",\"@id\":\"https:\\\/\\\/www.visitamalfi.info\\\/es\\\/#organization\",\"name\":\"Visit Amalfi\",\"url\":\"https:\\\/\\\/www.visitamalfi.info\\\/es\\\/\",\"logo\":{\"@type\":\"ImageObject\",\"inLanguage\":\"es\",\"@id\":\"https:\\\/\\\/www.visitamalfi.info\\\/es\\\/#\\\/schema\\\/logo\\\/image\\\/\",\"url\":\"https:\\\/\\\/www.visitamalfi.info\\\/wp-content\\\/uploads\\\/2023\\\/04\\\/visit-amalfi-logo-web.png\",\"contentUrl\":\"https:\\\/\\\/www.visitamalfi.info\\\/wp-content\\\/uploads\\\/2023\\\/04\\\/visit-amalfi-logo-web.png\",\"width\":800,\"height\":870,\"caption\":\"Visit Amalfi\"},\"image\":{\"@id\":\"https:\\\/\\\/www.visitamalfi.info\\\/es\\\/#\\\/schema\\\/logo\\\/image\\\/\"},\"sameAs\":[\"https:\\\/\\\/www.facebook.com\\\/visitamalfiofficial\",\"https:\\\/\\\/www.instagram.com\\\/visitamalfiofficial\\\/\"]},{\"@type\":\"Person\",\"@id\":\"https:\\\/\\\/www.visitamalfi.info\\\/es\\\/#\\\/schema\\\/person\\\/0c7584af846d5d2da6c69f7e68f3af96\",\"name\":\"Federica Dumont\",\"image\":{\"@type\":\"ImageObject\",\"inLanguage\":\"es\",\"@id\":\"https:\\\/\\\/secure.gravatar.com\\\/avatar\\\/0803dab414b6c6f1fd2399680f587870a020419b6ebe9d36dd75df06a6a68060?s=96&d=mm&r=g\",\"url\":\"https:\\\/\\\/secure.gravatar.com\\\/avatar\\\/0803dab414b6c6f1fd2399680f587870a020419b6ebe9d36dd75df06a6a68060?s=96&d=mm&r=g\",\"contentUrl\":\"https:\\\/\\\/secure.gravatar.com\\\/avatar\\\/0803dab414b6c6f1fd2399680f587870a020419b6ebe9d36dd75df06a6a68060?s=96&d=mm&r=g\",\"caption\":\"Federica Dumont\"},\"url\":\"https:\\\/\\\/www.visitamalfi.info\\\/es\\\/author\\\/federica\\\/\"}]}<\/script>\n<!-- \/ Yoast SEO plugin. -->","yoast_head_json":{"title":"Navidad 2025 en Amalfi: luces, tradici\u00f3n y magia junto al mar - Visit Amalfi","robots":{"index":"index","follow":"follow","max-snippet":"max-snippet:-1","max-image-preview":"max-image-preview:large","max-video-preview":"max-video-preview:-1"},"canonical":"https:\/\/www.visitamalfi.info\/es\/navidad-2025-en-amalfi-luces-tradicion-y-magia-junto-al-mar\/","og_locale":"es_ES","og_type":"article","og_title":"Navidad 2025 en Amalfi: luces, tradici\u00f3n y magia junto al mar - Visit Amalfi","og_description":"Cuando pensamos en la Navidad, a menudo la imaginamos entre mercados de monta\u00f1a y paisajes nevados. Ma c\u2019\u00e8 un luogo in Italia dove le feste si tingono di magia in [&hellip;]","og_url":"https:\/\/www.visitamalfi.info\/es\/navidad-2025-en-amalfi-luces-tradicion-y-magia-junto-al-mar\/","og_site_name":"Visit Amalfi","article_publisher":"https:\/\/www.facebook.com\/visitamalfiofficial","article_published_time":"2025-10-11T19:07:09+00:00","og_image":[{"width":1280,"height":1920,"url":"https:\/\/www.visitamalfi.info\/wp-content\/uploads\/2024\/11\/ANA_2779@emanueleanastasioph-amalfi-villaggio-natale-2023.jpg","type":"image\/jpeg"}],"author":"Federica Dumont","twitter_card":"summary_large_image","twitter_misc":{"Escrito por":"Federica Dumont","Tiempo de lectura":"3 minutos"},"schema":{"@context":"https:\/\/schema.org","@graph":[{"@type":"Article","@id":"https:\/\/www.visitamalfi.info\/es\/navidad-2025-en-amalfi-luces-tradicion-y-magia-junto-al-mar\/#article","isPartOf":{"@id":"https:\/\/www.visitamalfi.info\/es\/navidad-2025-en-amalfi-luces-tradicion-y-magia-junto-al-mar\/"},"author":{"name":"Federica Dumont","@id":"https:\/\/www.visitamalfi.info\/es\/#\/schema\/person\/0c7584af846d5d2da6c69f7e68f3af96"},"headline":"Navidad 2025 en Amalfi: luces, tradici\u00f3n y magia junto al mar","datePublished":"2025-10-11T19:07:09+00:00","mainEntityOfPage":{"@id":"https:\/\/www.visitamalfi.info\/es\/navidad-2025-en-amalfi-luces-tradicion-y-magia-junto-al-mar\/"},"wordCount":540,"commentCount":0,"publisher":{"@id":"https:\/\/www.visitamalfi.info\/es\/#organization"},"image":{"@id":"https:\/\/www.visitamalfi.info\/es\/navidad-2025-en-amalfi-luces-tradicion-y-magia-junto-al-mar\/#primaryimage"},"thumbnailUrl":"https:\/\/www.visitamalfi.info\/wp-content\/uploads\/2024\/11\/ANA_2779@emanueleanastasioph-amalfi-villaggio-natale-2023.jpg","keywords":["nataleadamalfi"],"articleSection":["Consejos para viajar","Eventos","tradici\u00f3n"],"inLanguage":"es","potentialAction":[{"@type":"CommentAction","name":"Comment","target":["https:\/\/www.visitamalfi.info\/es\/navidad-2025-en-amalfi-luces-tradicion-y-magia-junto-al-mar\/#respond"]}]},{"@type":"WebPage","@id":"https:\/\/www.visitamalfi.info\/es\/navidad-2025-en-amalfi-luces-tradicion-y-magia-junto-al-mar\/","url":"https:\/\/www.visitamalfi.info\/es\/navidad-2025-en-amalfi-luces-tradicion-y-magia-junto-al-mar\/","name":"Navidad 2025 en Amalfi: luces, tradici\u00f3n y magia junto al mar - Visit Amalfi","isPartOf":{"@id":"https:\/\/www.visitamalfi.info\/es\/#website"},"primaryImageOfPage":{"@id":"https:\/\/www.visitamalfi.info\/es\/navidad-2025-en-amalfi-luces-tradicion-y-magia-junto-al-mar\/#primaryimage"},"image":{"@id":"https:\/\/www.visitamalfi.info\/es\/navidad-2025-en-amalfi-luces-tradicion-y-magia-junto-al-mar\/#primaryimage"},"thumbnailUrl":"https:\/\/www.visitamalfi.info\/wp-content\/uploads\/2024\/11\/ANA_2779@emanueleanastasioph-amalfi-villaggio-natale-2023.jpg","datePublished":"2025-10-11T19:07:09+00:00","breadcrumb":{"@id":"https:\/\/www.visitamalfi.info\/es\/navidad-2025-en-amalfi-luces-tradicion-y-magia-junto-al-mar\/#breadcrumb"},"inLanguage":"es","potentialAction":[{"@type":"ReadAction","target":["https:\/\/www.visitamalfi.info\/es\/navidad-2025-en-amalfi-luces-tradicion-y-magia-junto-al-mar\/"]}]},{"@type":"ImageObject","inLanguage":"es","@id":"https:\/\/www.visitamalfi.info\/es\/navidad-2025-en-amalfi-luces-tradicion-y-magia-junto-al-mar\/#primaryimage","url":"https:\/\/www.visitamalfi.info\/wp-content\/uploads\/2024\/11\/ANA_2779@emanueleanastasioph-amalfi-villaggio-natale-2023.jpg","contentUrl":"https:\/\/www.visitamalfi.info\/wp-content\/uploads\/2024\/11\/ANA_2779@emanueleanastasioph-amalfi-villaggio-natale-2023.jpg","width":1280,"height":1920},{"@type":"BreadcrumbList","@id":"https:\/\/www.visitamalfi.info\/es\/navidad-2025-en-amalfi-luces-tradicion-y-magia-junto-al-mar\/#breadcrumb","itemListElement":[{"@type":"ListItem","position":1,"name":"Home","item":"https:\/\/www.visitamalfi.info\/es\/"},{"@type":"ListItem","position":2,"name":"Navidad 2025 en Amalfi: luces, tradici\u00f3n y magia junto al mar"}]},{"@type":"WebSite","@id":"https:\/\/www.visitamalfi.info\/es\/#website","url":"https:\/\/www.visitamalfi.info\/es\/","name":"Visit Amalfi","description":"Amalfi Destination Official Website","publisher":{"@id":"https:\/\/www.visitamalfi.info\/es\/#organization"},"potentialAction":[{"@type":"SearchAction","target":{"@type":"EntryPoint","urlTemplate":"https:\/\/www.visitamalfi.info\/es\/?s={search_term_string}"},"query-input":{"@type":"PropertyValueSpecification","valueRequired":true,"valueName":"search_term_string"}}],"inLanguage":"es"},{"@type":"Organization","@id":"https:\/\/www.visitamalfi.info\/es\/#organization","name":"Visit Amalfi","url":"https:\/\/www.visitamalfi.info\/es\/","logo":{"@type":"ImageObject","inLanguage":"es","@id":"https:\/\/www.visitamalfi.info\/es\/#\/schema\/logo\/image\/","url":"https:\/\/www.visitamalfi.info\/wp-content\/uploads\/2023\/04\/visit-amalfi-logo-web.png","contentUrl":"https:\/\/www.visitamalfi.info\/wp-content\/uploads\/2023\/04\/visit-amalfi-logo-web.png","width":800,"height":870,"caption":"Visit Amalfi"},"image":{"@id":"https:\/\/www.visitamalfi.info\/es\/#\/schema\/logo\/image\/"},"sameAs":["https:\/\/www.facebook.com\/visitamalfiofficial","https:\/\/www.instagram.com\/visitamalfiofficial\/"]},{"@type":"Person","@id":"https:\/\/www.visitamalfi.info\/es\/#\/schema\/person\/0c7584af846d5d2da6c69f7e68f3af96","name":"Federica Dumont","image":{"@type":"ImageObject","inLanguage":"es","@id":"https:\/\/secure.gravatar.com\/avatar\/0803dab414b6c6f1fd2399680f587870a020419b6ebe9d36dd75df06a6a68060?s=96&d=mm&r=g","url":"https:\/\/secure.gravatar.com\/avatar\/0803dab414b6c6f1fd2399680f587870a020419b6ebe9d36dd75df06a6a68060?s=96&d=mm&r=g","contentUrl":"https:\/\/secure.gravatar.com\/avatar\/0803dab414b6c6f1fd2399680f587870a020419b6ebe9d36dd75df06a6a68060?s=96&d=mm&r=g","caption":"Federica Dumont"},"url":"https:\/\/www.visitamalfi.info\/es\/author\/federica\/"}]}},"_links":{"self":[{"href":"https:\/\/www.visitamalfi.info\/es\/wp-json\/wp\/v2\/posts\/23013","targetHints":{"allow":["GET"]}}],"collection":[{"href":"https:\/\/www.visitamalfi.info\/es\/wp-json\/wp\/v2\/posts"}],"about":[{"href":"https:\/\/www.visitamalfi.info\/es\/wp-json\/wp\/v2\/types\/post"}],"author":[{"embeddable":true,"href":"https:\/\/www.visitamalfi.info\/es\/wp-json\/wp\/v2\/users\/7"}],"replies":[{"embeddable":true,"href":"https:\/\/www.visitamalfi.info\/es\/wp-json\/wp\/v2\/comments?post=23013"}],"version-history":[{"count":0,"href":"https:\/\/www.visitamalfi.info\/es\/wp-json\/wp\/v2\/posts\/23013\/revisions"}],"wp:featuredmedia":[{"embeddable":true,"href":"https:\/\/www.visitamalfi.info\/es\/wp-json\/wp\/v2\/media\/20134"}],"wp:attachment":[{"href":"https:\/\/www.visitamalfi.info\/es\/wp-json\/wp\/v2\/media?parent=23013"}],"wp:term":[{"taxonomy":"category","embeddable":true,"href":"https:\/\/www.visitamalfi.info\/es\/wp-json\/wp\/v2\/categories?post=23013"},{"taxonomy":"post_tag","embeddable":true,"href":"https:\/\/www.visitamalfi.info\/es\/wp-json\/wp\/v2\/tags?post=23013"}],"curies":[{"name":"wp","href":"https:\/\/api.w.org\/{rel}","templated":true}]}}