{"id":22432,"date":"2025-08-06T10:58:55","date_gmt":"2025-08-06T08:58:55","guid":{"rendered":"https:\/\/www.visitamalfi.info\/agosto-en-amalfi-un-mes-magico-y-emocionante-de-musica-y-estrellas\/"},"modified":"2025-08-06T10:58:55","modified_gmt":"2025-08-06T08:58:55","slug":"agosto-en-amalfi-un-mes-magico-y-emocionante-de-musica-y-estrellas","status":"publish","type":"post","link":"https:\/\/www.visitamalfi.info\/es\/agosto-en-amalfi-un-mes-magico-y-emocionante-de-musica-y-estrellas\/","title":{"rendered":"Agosto en Amalfi: \u00a1un mes m\u00e1gico y emocionante de m\u00fasica y estrellas!"},"content":{"rendered":"<p data-start=\"225\" data-end=\"623\">En Amalfi, \u00a1el verano de 2025 brilla m\u00e1s que nunca! La emoci\u00f3n alcanza su punto \u00e1lgido en AGOSTO, con veladas inolvidables bajo el cielo estrellado de la ciudad.<\/p>\n<p data-start=\"225\" data-end=\"623\">Un a\u00f1o m\u00e1s, <strong data-start=\"364\" data-end=\"391\">el Amalfi Summer Fest 2025<\/strong> trae a la ciudad un calendario de actos llenos de m\u00fasica, entretenimiento y encanto. Una mezcla de tradici\u00f3n, homenajes a grandes nombres de la m\u00fasica italiana, sonidos contempor\u00e1neos y momentos de pura emoci\u00f3n que hacen latir m\u00e1s r\u00e1pido los corazones de ciudadanos y visitantes bajo un maravilloso cielo estrellado.<\/p>\n<h3 data-start=\"625\" data-end=\"661\"><em data-start=\"632\" data-end=\"659\">Mandolinas bajo las estrellas &#8211; 8 de agosto<\/em><\/h3>\n<p data-start=\"662\" data-end=\"943\">Un comienzo po\u00e9tico que huele a tradici\u00f3n para el mes m\u00e1s esperado del verano. La emoci\u00f3n se convierte en m\u00fasica con las dulces notas de <strong data-start=\"765\" data-end=\"778\">las mandolinas<\/strong>, que resuenan en la Piazza Duomo bajo las estrellas. Una cita rom\u00e1ntica y sugerente, capaz de devolver a Amalfi su alma m\u00e1s aut\u00e9ntica.<\/p>\n<h3 data-start=\"945\" data-end=\"979\"><em data-start=\"952\" data-end=\"977\">Frankie &amp; Canthina Band -14 <\/em><em data-start=\"632\" data-end=\"659\">Agosto<\/em><\/h3>\n<p data-start=\"980\" data-end=\"1242\">Una velada explosiva con una de las bandas m\u00e1s queridas de la escena funky italiana y siempre muy apreciada en Amalfi. Ritmo, energ\u00eda y diversi\u00f3n garantizados: <strong data-start=\"1101\" data-end=\"1128\">Frankie &amp; Canthina Band<\/strong> llevan al escenario un espect\u00e1culo apasionante que, como siempre, har\u00e1 bailar a toda la plaza, con un sonido que combina ritmo y pasi\u00f3n. Pero la diversi\u00f3n no termina. DJ set de clausura con Eddie J Warner y Filippo di Costanzo.<\/p>\n<h3 data-start=\"1244\" data-end=\"1276\"><em data-start=\"1251\" data-end=\"1274\">Los G\u00e9minis de Guidonia &#8211; 22 de agosto<\/em><\/h3>\n<p data-start=\"1277\" data-end=\"1532\">Con su impecable energ\u00eda y su irresistible iron\u00eda, <strong data-start=\"1342\" data-end=\"1367\">los Gemelos Guidonia<\/strong> encantan y entretienen. Un sobrecogedor viaje entre la m\u00fasica y la comedia, con momentos hilarantes. La mezcla perfecta para una velada con la familia o los amigos.<\/p>\n<h3 data-start=\"1534\" data-end=\"1595\"><em data-start=\"1541\" data-end=\"1562\">Giacomo in the Mood<\/em> &#8211; Concierto homenaje a De Simone &#8211; 26 de agosto<\/h3>\n<p data-start=\"1596\" data-end=\"1839\">Un acontecimiento especial, delicado y profundo: <strong data-start=\"1637\" data-end=\"1660\">Giacomo in the Mood<\/strong> es un sentido y refinado homenaje al maestro<strong data-start=\"1705\" data-end=\"1726\"> De Simone<\/strong>, entre la m\u00fasica culta y la tradici\u00f3n popular. Una oportunidad \u00fanica para descubrir o redescubrir el alma cultural del Sur.<\/p>\n<h3 data-start=\"1841\" data-end=\"1874\"><em data-start=\"1848\" data-end=\"1872\">Jovanotti Tribute Band &#8211; 27 de agosto<\/em><\/h3>\n<p data-start=\"1875\" data-end=\"2141\">Pura energ\u00eda, verano que explota, libertad y ganas de cantar a pleno pulm\u00f3n: la <strong data-start=\"1956\" data-end=\"1982\">Jovanotti Tribute<\/strong> Band lleva al escenario los grandes \u00e9xitos del artista en un concierto que hay que vivir, como &#8220;Penso positivo&#8221;, &#8220;L&#8217;ombelico del mondo&#8221; y muchas otras canciones emblem\u00e1ticas.<\/p>\n<p data-start=\"1875\" data-end=\"2141\">Y por \u00faltimo.<\/p>\n<h3 data-start=\"2143\" data-end=\"2178\"><em data-start=\"2150\" data-end=\"2176\">Mario Biondi en concierto &#8211; 31 de agosto<\/em><\/h3>\n<p data-start=\"2179\" data-end=\"2418\">Cerrando el mes con elegancia, la voz profunda e inconfundible de <strong data-start=\"2249\" data-end=\"2265\">Mario Biondi<\/strong>, que regalar\u00e1 a Amalfi una velada con clase de soul, jazz y atm\u00f3sferas refinadas. Un concierto que promete ser memorable, en un entorno impresionante.<\/p>\n<p data-start=\"2179\" data-end=\"2418\">En resumen, Amalfi en agosto se ilumina de emoci\u00f3n. \u00bfEst\u00e1s preparado?<\/p>\n<p data-start=\"2680\" data-end=\"2800\">Sigue la p\u00e1gina de Instagram de <strong data-start=\"2709\" data-end=\"2725\">Visit Amalfi<\/strong> para obtener actualizaciones, historias en directo y contenido exclusivo de los eventos.<\/p>\n<p data-start=\"2802\" data-end=\"2864\"><strong data-start=\"2802\" data-end=\"2864\">Amalfi te espera: vive un agosto inolvidable con nosotros.<\/strong><\/p>\n<h3 data-start=\"945\" data-end=\"979\"><\/h3>\n<h3 data-start=\"625\" data-end=\"661\"><\/h3>\n","protected":false},"excerpt":{"rendered":"<p>En Amalfi, \u00a1el verano de 2025 brilla m\u00e1s que nunca! La emoci\u00f3n alcanza su punto \u00e1lgido en AGOSTO, con veladas inolvidables bajo el cielo estrellado de la ciudad. Un a\u00f1o [&hellip;]<\/p>\n","protected":false},"author":7,"featured_media":22079,"comment_status":"open","ping_status":"closed","sticky":false,"template":"","format":"standard","meta":{"inline_featured_image":false,"footnotes":""},"categories":[901,822,824],"tags":[],"class_list":["post-22432","post","type-post","status-publish","format-standard","has-post-thumbnail","hentry","category-consejos-para-viajar","category-eventos","category-tradicion"],"yoast_head":"<!-- This site is optimized with the Yoast SEO plugin v27.3 - https:\/\/yoast.com\/product\/yoast-seo-wordpress\/ -->\n<title>Agosto en Amalfi: \u00a1un mes m\u00e1gico y emocionante de m\u00fasica y estrellas! - Visit Amalfi<\/title>\n<meta name=\"robots\" content=\"index, follow, max-snippet:-1, max-image-preview:large, max-video-preview:-1\" \/>\n<link rel=\"canonical\" href=\"https:\/\/www.visitamalfi.info\/es\/agosto-en-amalfi-un-mes-magico-y-emocionante-de-musica-y-estrellas\/\" \/>\n<meta property=\"og:locale\" content=\"es_ES\" \/>\n<meta property=\"og:type\" content=\"article\" \/>\n<meta property=\"og:title\" content=\"Agosto en Amalfi: \u00a1un mes m\u00e1gico y emocionante de m\u00fasica y estrellas! - Visit Amalfi\" \/>\n<meta property=\"og:description\" content=\"En Amalfi, \u00a1el verano de 2025 brilla m\u00e1s que nunca! La emoci\u00f3n alcanza su punto \u00e1lgido en AGOSTO, con veladas inolvidables bajo el cielo estrellado de la ciudad. Un a\u00f1o [&hellip;]\" \/>\n<meta property=\"og:url\" content=\"https:\/\/www.visitamalfi.info\/es\/agosto-en-amalfi-un-mes-magico-y-emocionante-de-musica-y-estrellas\/\" \/>\n<meta property=\"og:site_name\" content=\"Visit Amalfi\" \/>\n<meta property=\"article:publisher\" content=\"https:\/\/www.facebook.com\/visitamalfiofficial\" \/>\n<meta property=\"article:published_time\" content=\"2025-08-06T08:58:55+00:00\" \/>\n<meta name=\"author\" content=\"Federica Dumont\" \/>\n<meta name=\"twitter:card\" content=\"summary_large_image\" \/>\n<meta name=\"twitter:label1\" content=\"Escrito por\" \/>\n\t<meta name=\"twitter:data1\" content=\"Federica Dumont\" \/>\n\t<meta name=\"twitter:label2\" content=\"Tiempo de lectura\" \/>\n\t<meta name=\"twitter:data2\" content=\"2 minutos\" \/>\n<script type=\"application\/ld+json\" class=\"yoast-schema-graph\">{\"@context\":\"https:\\\/\\\/schema.org\",\"@graph\":[{\"@type\":\"Article\",\"@id\":\"https:\\\/\\\/www.visitamalfi.info\\\/es\\\/agosto-en-amalfi-un-mes-magico-y-emocionante-de-musica-y-estrellas\\\/#article\",\"isPartOf\":{\"@id\":\"https:\\\/\\\/www.visitamalfi.info\\\/es\\\/agosto-en-amalfi-un-mes-magico-y-emocionante-de-musica-y-estrellas\\\/\"},\"author\":{\"name\":\"Federica Dumont\",\"@id\":\"https:\\\/\\\/www.visitamalfi.info\\\/es\\\/#\\\/schema\\\/person\\\/0c7584af846d5d2da6c69f7e68f3af96\"},\"headline\":\"Agosto en Amalfi: \u00a1un mes m\u00e1gico y emocionante de m\u00fasica y estrellas!\",\"datePublished\":\"2025-08-06T08:58:55+00:00\",\"mainEntityOfPage\":{\"@id\":\"https:\\\/\\\/www.visitamalfi.info\\\/es\\\/agosto-en-amalfi-un-mes-magico-y-emocionante-de-musica-y-estrellas\\\/\"},\"wordCount\":503,\"commentCount\":0,\"publisher\":{\"@id\":\"https:\\\/\\\/www.visitamalfi.info\\\/es\\\/#organization\"},\"image\":{\"@id\":\"https:\\\/\\\/www.visitamalfi.info\\\/es\\\/agosto-en-amalfi-un-mes-magico-y-emocionante-de-musica-y-estrellas\\\/#primaryimage\"},\"thumbnailUrl\":\"https:\\\/\\\/www.visitamalfi.info\\\/wp-content\\\/uploads\\\/2025\\\/06\\\/concerto-cover-queen-of-bulsara-foto-abbagnara-59-1.jpg\",\"articleSection\":[\"Consejos para viajar\",\"Eventos\",\"tradici\u00f3n\"],\"inLanguage\":\"es\",\"potentialAction\":[{\"@type\":\"CommentAction\",\"name\":\"Comment\",\"target\":[\"https:\\\/\\\/www.visitamalfi.info\\\/es\\\/agosto-en-amalfi-un-mes-magico-y-emocionante-de-musica-y-estrellas\\\/#respond\"]}]},{\"@type\":\"WebPage\",\"@id\":\"https:\\\/\\\/www.visitamalfi.info\\\/es\\\/agosto-en-amalfi-un-mes-magico-y-emocionante-de-musica-y-estrellas\\\/\",\"url\":\"https:\\\/\\\/www.visitamalfi.info\\\/es\\\/agosto-en-amalfi-un-mes-magico-y-emocionante-de-musica-y-estrellas\\\/\",\"name\":\"Agosto en Amalfi: \u00a1un mes m\u00e1gico y emocionante de m\u00fasica y estrellas! - Visit Amalfi\",\"isPartOf\":{\"@id\":\"https:\\\/\\\/www.visitamalfi.info\\\/es\\\/#website\"},\"primaryImageOfPage\":{\"@id\":\"https:\\\/\\\/www.visitamalfi.info\\\/es\\\/agosto-en-amalfi-un-mes-magico-y-emocionante-de-musica-y-estrellas\\\/#primaryimage\"},\"image\":{\"@id\":\"https:\\\/\\\/www.visitamalfi.info\\\/es\\\/agosto-en-amalfi-un-mes-magico-y-emocionante-de-musica-y-estrellas\\\/#primaryimage\"},\"thumbnailUrl\":\"https:\\\/\\\/www.visitamalfi.info\\\/wp-content\\\/uploads\\\/2025\\\/06\\\/concerto-cover-queen-of-bulsara-foto-abbagnara-59-1.jpg\",\"datePublished\":\"2025-08-06T08:58:55+00:00\",\"breadcrumb\":{\"@id\":\"https:\\\/\\\/www.visitamalfi.info\\\/es\\\/agosto-en-amalfi-un-mes-magico-y-emocionante-de-musica-y-estrellas\\\/#breadcrumb\"},\"inLanguage\":\"es\",\"potentialAction\":[{\"@type\":\"ReadAction\",\"target\":[\"https:\\\/\\\/www.visitamalfi.info\\\/es\\\/agosto-en-amalfi-un-mes-magico-y-emocionante-de-musica-y-estrellas\\\/\"]}]},{\"@type\":\"ImageObject\",\"inLanguage\":\"es\",\"@id\":\"https:\\\/\\\/www.visitamalfi.info\\\/es\\\/agosto-en-amalfi-un-mes-magico-y-emocionante-de-musica-y-estrellas\\\/#primaryimage\",\"url\":\"https:\\\/\\\/www.visitamalfi.info\\\/wp-content\\\/uploads\\\/2025\\\/06\\\/concerto-cover-queen-of-bulsara-foto-abbagnara-59-1.jpg\",\"contentUrl\":\"https:\\\/\\\/www.visitamalfi.info\\\/wp-content\\\/uploads\\\/2025\\\/06\\\/concerto-cover-queen-of-bulsara-foto-abbagnara-59-1.jpg\",\"width\":1920,\"height\":1280},{\"@type\":\"BreadcrumbList\",\"@id\":\"https:\\\/\\\/www.visitamalfi.info\\\/es\\\/agosto-en-amalfi-un-mes-magico-y-emocionante-de-musica-y-estrellas\\\/#breadcrumb\",\"itemListElement\":[{\"@type\":\"ListItem\",\"position\":1,\"name\":\"Home\",\"item\":\"https:\\\/\\\/www.visitamalfi.info\\\/es\\\/\"},{\"@type\":\"ListItem\",\"position\":2,\"name\":\"Agosto en Amalfi: \u00a1un mes m\u00e1gico y emocionante de m\u00fasica y estrellas!\"}]},{\"@type\":\"WebSite\",\"@id\":\"https:\\\/\\\/www.visitamalfi.info\\\/es\\\/#website\",\"url\":\"https:\\\/\\\/www.visitamalfi.info\\\/es\\\/\",\"name\":\"Visit Amalfi\",\"description\":\"Amalfi Destination Official Website\",\"publisher\":{\"@id\":\"https:\\\/\\\/www.visitamalfi.info\\\/es\\\/#organization\"},\"potentialAction\":[{\"@type\":\"SearchAction\",\"target\":{\"@type\":\"EntryPoint\",\"urlTemplate\":\"https:\\\/\\\/www.visitamalfi.info\\\/es\\\/?s={search_term_string}\"},\"query-input\":{\"@type\":\"PropertyValueSpecification\",\"valueRequired\":true,\"valueName\":\"search_term_string\"}}],\"inLanguage\":\"es\"},{\"@type\":\"Organization\",\"@id\":\"https:\\\/\\\/www.visitamalfi.info\\\/es\\\/#organization\",\"name\":\"Visit Amalfi\",\"url\":\"https:\\\/\\\/www.visitamalfi.info\\\/es\\\/\",\"logo\":{\"@type\":\"ImageObject\",\"inLanguage\":\"es\",\"@id\":\"https:\\\/\\\/www.visitamalfi.info\\\/es\\\/#\\\/schema\\\/logo\\\/image\\\/\",\"url\":\"https:\\\/\\\/www.visitamalfi.info\\\/wp-content\\\/uploads\\\/2023\\\/04\\\/visit-amalfi-logo-web.png\",\"contentUrl\":\"https:\\\/\\\/www.visitamalfi.info\\\/wp-content\\\/uploads\\\/2023\\\/04\\\/visit-amalfi-logo-web.png\",\"width\":800,\"height\":870,\"caption\":\"Visit Amalfi\"},\"image\":{\"@id\":\"https:\\\/\\\/www.visitamalfi.info\\\/es\\\/#\\\/schema\\\/logo\\\/image\\\/\"},\"sameAs\":[\"https:\\\/\\\/www.facebook.com\\\/visitamalfiofficial\",\"https:\\\/\\\/www.instagram.com\\\/visitamalfiofficial\\\/\"]},{\"@type\":\"Person\",\"@id\":\"https:\\\/\\\/www.visitamalfi.info\\\/es\\\/#\\\/schema\\\/person\\\/0c7584af846d5d2da6c69f7e68f3af96\",\"name\":\"Federica Dumont\",\"image\":{\"@type\":\"ImageObject\",\"inLanguage\":\"es\",\"@id\":\"https:\\\/\\\/secure.gravatar.com\\\/avatar\\\/0803dab414b6c6f1fd2399680f587870a020419b6ebe9d36dd75df06a6a68060?s=96&d=mm&r=g\",\"url\":\"https:\\\/\\\/secure.gravatar.com\\\/avatar\\\/0803dab414b6c6f1fd2399680f587870a020419b6ebe9d36dd75df06a6a68060?s=96&d=mm&r=g\",\"contentUrl\":\"https:\\\/\\\/secure.gravatar.com\\\/avatar\\\/0803dab414b6c6f1fd2399680f587870a020419b6ebe9d36dd75df06a6a68060?s=96&d=mm&r=g\",\"caption\":\"Federica Dumont\"},\"url\":\"https:\\\/\\\/www.visitamalfi.info\\\/es\\\/author\\\/federica\\\/\"}]}<\/script>\n<!-- \/ Yoast SEO plugin. -->","yoast_head_json":{"title":"Agosto en Amalfi: \u00a1un mes m\u00e1gico y emocionante de m\u00fasica y estrellas! - Visit Amalfi","robots":{"index":"index","follow":"follow","max-snippet":"max-snippet:-1","max-image-preview":"max-image-preview:large","max-video-preview":"max-video-preview:-1"},"canonical":"https:\/\/www.visitamalfi.info\/es\/agosto-en-amalfi-un-mes-magico-y-emocionante-de-musica-y-estrellas\/","og_locale":"es_ES","og_type":"article","og_title":"Agosto en Amalfi: \u00a1un mes m\u00e1gico y emocionante de m\u00fasica y estrellas! - Visit Amalfi","og_description":"En Amalfi, \u00a1el verano de 2025 brilla m\u00e1s que nunca! La emoci\u00f3n alcanza su punto \u00e1lgido en AGOSTO, con veladas inolvidables bajo el cielo estrellado de la ciudad. Un a\u00f1o [&hellip;]","og_url":"https:\/\/www.visitamalfi.info\/es\/agosto-en-amalfi-un-mes-magico-y-emocionante-de-musica-y-estrellas\/","og_site_name":"Visit Amalfi","article_publisher":"https:\/\/www.facebook.com\/visitamalfiofficial","article_published_time":"2025-08-06T08:58:55+00:00","author":"Federica Dumont","twitter_card":"summary_large_image","twitter_misc":{"Escrito por":"Federica Dumont","Tiempo de lectura":"2 minutos"},"schema":{"@context":"https:\/\/schema.org","@graph":[{"@type":"Article","@id":"https:\/\/www.visitamalfi.info\/es\/agosto-en-amalfi-un-mes-magico-y-emocionante-de-musica-y-estrellas\/#article","isPartOf":{"@id":"https:\/\/www.visitamalfi.info\/es\/agosto-en-amalfi-un-mes-magico-y-emocionante-de-musica-y-estrellas\/"},"author":{"name":"Federica Dumont","@id":"https:\/\/www.visitamalfi.info\/es\/#\/schema\/person\/0c7584af846d5d2da6c69f7e68f3af96"},"headline":"Agosto en Amalfi: \u00a1un mes m\u00e1gico y emocionante de m\u00fasica y estrellas!","datePublished":"2025-08-06T08:58:55+00:00","mainEntityOfPage":{"@id":"https:\/\/www.visitamalfi.info\/es\/agosto-en-amalfi-un-mes-magico-y-emocionante-de-musica-y-estrellas\/"},"wordCount":503,"commentCount":0,"publisher":{"@id":"https:\/\/www.visitamalfi.info\/es\/#organization"},"image":{"@id":"https:\/\/www.visitamalfi.info\/es\/agosto-en-amalfi-un-mes-magico-y-emocionante-de-musica-y-estrellas\/#primaryimage"},"thumbnailUrl":"https:\/\/www.visitamalfi.info\/wp-content\/uploads\/2025\/06\/concerto-cover-queen-of-bulsara-foto-abbagnara-59-1.jpg","articleSection":["Consejos para viajar","Eventos","tradici\u00f3n"],"inLanguage":"es","potentialAction":[{"@type":"CommentAction","name":"Comment","target":["https:\/\/www.visitamalfi.info\/es\/agosto-en-amalfi-un-mes-magico-y-emocionante-de-musica-y-estrellas\/#respond"]}]},{"@type":"WebPage","@id":"https:\/\/www.visitamalfi.info\/es\/agosto-en-amalfi-un-mes-magico-y-emocionante-de-musica-y-estrellas\/","url":"https:\/\/www.visitamalfi.info\/es\/agosto-en-amalfi-un-mes-magico-y-emocionante-de-musica-y-estrellas\/","name":"Agosto en Amalfi: \u00a1un mes m\u00e1gico y emocionante de m\u00fasica y estrellas! - Visit Amalfi","isPartOf":{"@id":"https:\/\/www.visitamalfi.info\/es\/#website"},"primaryImageOfPage":{"@id":"https:\/\/www.visitamalfi.info\/es\/agosto-en-amalfi-un-mes-magico-y-emocionante-de-musica-y-estrellas\/#primaryimage"},"image":{"@id":"https:\/\/www.visitamalfi.info\/es\/agosto-en-amalfi-un-mes-magico-y-emocionante-de-musica-y-estrellas\/#primaryimage"},"thumbnailUrl":"https:\/\/www.visitamalfi.info\/wp-content\/uploads\/2025\/06\/concerto-cover-queen-of-bulsara-foto-abbagnara-59-1.jpg","datePublished":"2025-08-06T08:58:55+00:00","breadcrumb":{"@id":"https:\/\/www.visitamalfi.info\/es\/agosto-en-amalfi-un-mes-magico-y-emocionante-de-musica-y-estrellas\/#breadcrumb"},"inLanguage":"es","potentialAction":[{"@type":"ReadAction","target":["https:\/\/www.visitamalfi.info\/es\/agosto-en-amalfi-un-mes-magico-y-emocionante-de-musica-y-estrellas\/"]}]},{"@type":"ImageObject","inLanguage":"es","@id":"https:\/\/www.visitamalfi.info\/es\/agosto-en-amalfi-un-mes-magico-y-emocionante-de-musica-y-estrellas\/#primaryimage","url":"https:\/\/www.visitamalfi.info\/wp-content\/uploads\/2025\/06\/concerto-cover-queen-of-bulsara-foto-abbagnara-59-1.jpg","contentUrl":"https:\/\/www.visitamalfi.info\/wp-content\/uploads\/2025\/06\/concerto-cover-queen-of-bulsara-foto-abbagnara-59-1.jpg","width":1920,"height":1280},{"@type":"BreadcrumbList","@id":"https:\/\/www.visitamalfi.info\/es\/agosto-en-amalfi-un-mes-magico-y-emocionante-de-musica-y-estrellas\/#breadcrumb","itemListElement":[{"@type":"ListItem","position":1,"name":"Home","item":"https:\/\/www.visitamalfi.info\/es\/"},{"@type":"ListItem","position":2,"name":"Agosto en Amalfi: \u00a1un mes m\u00e1gico y emocionante de m\u00fasica y estrellas!"}]},{"@type":"WebSite","@id":"https:\/\/www.visitamalfi.info\/es\/#website","url":"https:\/\/www.visitamalfi.info\/es\/","name":"Visit Amalfi","description":"Amalfi Destination Official Website","publisher":{"@id":"https:\/\/www.visitamalfi.info\/es\/#organization"},"potentialAction":[{"@type":"SearchAction","target":{"@type":"EntryPoint","urlTemplate":"https:\/\/www.visitamalfi.info\/es\/?s={search_term_string}"},"query-input":{"@type":"PropertyValueSpecification","valueRequired":true,"valueName":"search_term_string"}}],"inLanguage":"es"},{"@type":"Organization","@id":"https:\/\/www.visitamalfi.info\/es\/#organization","name":"Visit Amalfi","url":"https:\/\/www.visitamalfi.info\/es\/","logo":{"@type":"ImageObject","inLanguage":"es","@id":"https:\/\/www.visitamalfi.info\/es\/#\/schema\/logo\/image\/","url":"https:\/\/www.visitamalfi.info\/wp-content\/uploads\/2023\/04\/visit-amalfi-logo-web.png","contentUrl":"https:\/\/www.visitamalfi.info\/wp-content\/uploads\/2023\/04\/visit-amalfi-logo-web.png","width":800,"height":870,"caption":"Visit Amalfi"},"image":{"@id":"https:\/\/www.visitamalfi.info\/es\/#\/schema\/logo\/image\/"},"sameAs":["https:\/\/www.facebook.com\/visitamalfiofficial","https:\/\/www.instagram.com\/visitamalfiofficial\/"]},{"@type":"Person","@id":"https:\/\/www.visitamalfi.info\/es\/#\/schema\/person\/0c7584af846d5d2da6c69f7e68f3af96","name":"Federica Dumont","image":{"@type":"ImageObject","inLanguage":"es","@id":"https:\/\/secure.gravatar.com\/avatar\/0803dab414b6c6f1fd2399680f587870a020419b6ebe9d36dd75df06a6a68060?s=96&d=mm&r=g","url":"https:\/\/secure.gravatar.com\/avatar\/0803dab414b6c6f1fd2399680f587870a020419b6ebe9d36dd75df06a6a68060?s=96&d=mm&r=g","contentUrl":"https:\/\/secure.gravatar.com\/avatar\/0803dab414b6c6f1fd2399680f587870a020419b6ebe9d36dd75df06a6a68060?s=96&d=mm&r=g","caption":"Federica Dumont"},"url":"https:\/\/www.visitamalfi.info\/es\/author\/federica\/"}]}},"_links":{"self":[{"href":"https:\/\/www.visitamalfi.info\/es\/wp-json\/wp\/v2\/posts\/22432","targetHints":{"allow":["GET"]}}],"collection":[{"href":"https:\/\/www.visitamalfi.info\/es\/wp-json\/wp\/v2\/posts"}],"about":[{"href":"https:\/\/www.visitamalfi.info\/es\/wp-json\/wp\/v2\/types\/post"}],"author":[{"embeddable":true,"href":"https:\/\/www.visitamalfi.info\/es\/wp-json\/wp\/v2\/users\/7"}],"replies":[{"embeddable":true,"href":"https:\/\/www.visitamalfi.info\/es\/wp-json\/wp\/v2\/comments?post=22432"}],"version-history":[{"count":0,"href":"https:\/\/www.visitamalfi.info\/es\/wp-json\/wp\/v2\/posts\/22432\/revisions"}],"wp:featuredmedia":[{"embeddable":true,"href":"https:\/\/www.visitamalfi.info\/es\/wp-json\/wp\/v2\/media\/22079"}],"wp:attachment":[{"href":"https:\/\/www.visitamalfi.info\/es\/wp-json\/wp\/v2\/media?parent=22432"}],"wp:term":[{"taxonomy":"category","embeddable":true,"href":"https:\/\/www.visitamalfi.info\/es\/wp-json\/wp\/v2\/categories?post=22432"},{"taxonomy":"post_tag","embeddable":true,"href":"https:\/\/www.visitamalfi.info\/es\/wp-json\/wp\/v2\/tags?post=22432"}],"curies":[{"name":"wp","href":"https:\/\/api.w.org\/{rel}","templated":true}]}}