{"id":22402,"date":"2025-07-22T13:37:42","date_gmt":"2025-07-22T11:37:42","guid":{"rendered":"https:\/\/www.visitamalfi.info\/roy-paci-40-anos-de-musica-experimentacion-y-contaminacion-del-mundo\/"},"modified":"2025-07-22T13:37:42","modified_gmt":"2025-07-22T11:37:42","slug":"roy-paci-40-anos-de-musica-experimentacion-y-contaminacion-del-mundo","status":"publish","type":"post","link":"https:\/\/www.visitamalfi.info\/es\/roy-paci-40-anos-de-musica-experimentacion-y-contaminacion-del-mundo\/","title":{"rendered":"Roy Paci: 40 a\u00f1os de m\u00fasica, experimentaci\u00f3n y contaminaci\u00f3n del mundo"},"content":{"rendered":"<p data-start=\"188\" data-end=\"682\">Roy Paci no es simplemente un m\u00fasico. Es un artista polifac\u00e9tico que, en una carrera de m\u00e1s de cuarenta a\u00f1os, ha cruzado g\u00e9neros, culturas y mundos diferentes, construy\u00e9ndose un camino \u00fanico en la escena musical internacional.<\/p>\n<p data-start=\"188\" data-end=\"682\">Cantante, trompetista, compositor, productor discogr\u00e1fico, Paci ha sabido distinguirse por su continua investigaci\u00f3n sonora y su capacidad para transformar cada colaboraci\u00f3n en algo vivo y original.<\/p>\n<h3 data-start=\"684\" data-end=\"750\"><strong data-start=\"688\" data-end=\"748\">Un viaje extraordinario, entre colaboraciones y \u00e9xitos<\/strong><\/h3>\n<p data-start=\"751\" data-end=\"1222\">A lo largo de su carrera, Roy Paci ha participado en m\u00e1s de <strong data-start=\"814\" data-end=\"827\">500 \u00e1lbumes<\/strong>, colaborando con artistas de la talla de <strong data-start=\"869\" data-end=\"1099\">Manu Chao, Mike Patton, Negrita, The Ex, Vinicio Capossela, Gogol Bordello, Macaco, 99 Posse, Daniele Silvestri, Bombino, Caparezza, Hindi Zahra, Ivano Fossati, Subsonica, Piero Pel\u00f9, Marlene Kuntz, Frankie Hi-Nrg y Tony Levin<\/strong>. Un curr\u00edculum vitae que cuenta hasta qu\u00e9 punto su m\u00fasica ha sido y sigue siendo terreno f\u00e9rtil para la contaminaci\u00f3n y la evoluci\u00f3n.<\/p>\n<p data-start=\"1224\" data-end=\"1440\">No s\u00f3lo discos y colaboraciones: Roy Paci ha escrito bandas sonoras para cine, televisi\u00f3n y teatro, obteniendo prestigiosos premios, como el <strong data-start=\"1375\" data-end=\"1395\">Nastro d&#8217;Argento<\/strong> y una <strong data-start=\"1402\" data-end=\"1439\">nominaci\u00f3n al David di Donatello<\/strong>.<\/p>\n<h3 data-start=\"1442\" data-end=\"1493\"><strong data-start=\"1446\" data-end=\"1491\">Sus bandas, entre las ra\u00edces y la experimentaci\u00f3n<\/strong><\/h3>\n<p data-start=\"1494\" data-end=\"1737\">Con su emblem\u00e1tica banda <strong data-start=\"1518\" data-end=\"1530\">Aretuska<\/strong>, Roy Paci ha incendiado escenarios por toda Europa y Latinoam\u00e9rica con un sonido que fusiona sus ra\u00edces mediterr\u00e1neas con ritmos latinos como <strong data-start=\"1665\" data-end=\"1683\">la samba y la cumbia<\/strong>, sin olvidar nunca <strong data-start=\"1707\" data-end=\"1734\">el ska, el reggae, el R&amp;B y el jazz<\/strong>.<\/p>\n<p data-start=\"1739\" data-end=\"1811\">No faltan proyectos paralelos, cada uno con su propia y fuerte identidad:<\/p>\n<ul data-start=\"1812\" data-end=\"2299\">\n<li data-start=\"1812\" data-end=\"1896\">\n<p data-start=\"1814\" data-end=\"1896\"><strong data-start=\"1814\" data-end=\"1830\">Banda Ionica<\/strong>: el primer disco del mundo dedicado \u00edntegramente a marchas f\u00fanebres.<\/p>\n<\/li>\n<li data-start=\"1897\" data-end=\"2004\">\n<p data-start=\"1899\" data-end=\"2004\"><strong data-start=\"1899\" data-end=\"1922\">Orquesta del Fuoco<\/strong>: 30 m\u00fasicos internacionales se re\u00fanen para explorar el mundo de las bandas sonoras.<\/p>\n<\/li>\n<li data-start=\"2005\" data-end=\"2081\">\n<p data-start=\"2007\" data-end=\"2081\"><strong data-start=\"2007\" data-end=\"2019\">Corleone<\/strong>: experimentaci\u00f3n sonora vanguardista y en constante evoluci\u00f3n.<\/p>\n<\/li>\n<li data-start=\"2082\" data-end=\"2168\">\n<p data-start=\"2084\" data-end=\"2168\"><strong data-start=\"2084\" data-end=\"2093\">NE:SO<\/strong>: sonidos electr\u00f3nicos y anal\u00f3gicos que se mezclan con voces, trompeta y fliscorno.<\/p>\n<\/li>\n<li data-start=\"2169\" data-end=\"2299\">\n<p data-start=\"2171\" data-end=\"2299\"><strong data-start=\"2171\" data-end=\"2183\">Carapace<\/strong>: su primera obra de teatro, escrita con el director Pablo Solari, en la que tambi\u00e9n participa como actor.<\/p>\n<\/li>\n<\/ul>\n<h3 data-start=\"2301\" data-end=\"2355\"><strong data-start=\"2305\" data-end=\"2353\">Entre el escenario y la consola, con energ\u00eda y pasi\u00f3n<\/strong><\/h3>\n<p data-start=\"2356\" data-end=\"2647\">No es raro verle protagonizar <strong data-start=\"2391\" data-end=\"2410\">en\u00e9rgicos DJ sets<\/strong>, en los que su estilo siempre consigue hacer bailar a la gente y transmitirle alegr\u00eda. En cada proyecto, Roy Paci demuestra que la m\u00fasica no tiene fronteras: se alimenta de la contaminaci\u00f3n, del encuentro, de la experimentaci\u00f3n y, sobre todo, de <strong data-start=\"2635\" data-end=\"2646\">la humanidad<\/strong>.<\/p>\n<p data-start=\"2356\" data-end=\"2647\">\u00bfListo para una velada inolvidable?<\/p>\n<p data-start=\"2356\" data-end=\"2647\"> \u00a1: &#8211; !<\/p>\n","protected":false},"excerpt":{"rendered":"<p>Roy Paci no es simplemente un m\u00fasico. Es un artista polifac\u00e9tico que, en una carrera de m\u00e1s de cuarenta a\u00f1os, ha cruzado g\u00e9neros, culturas y mundos diferentes, construy\u00e9ndose un camino [&hellip;]<\/p>\n","protected":false},"author":7,"featured_media":22396,"comment_status":"open","ping_status":"closed","sticky":false,"template":"","format":"standard","meta":{"inline_featured_image":false,"footnotes":""},"categories":[822],"tags":[],"class_list":["post-22402","post","type-post","status-publish","format-standard","has-post-thumbnail","hentry","category-eventos"],"yoast_head":"<!-- This site is optimized with the Yoast SEO plugin v27.3 - https:\/\/yoast.com\/product\/yoast-seo-wordpress\/ -->\n<title>Roy Paci: 40 a\u00f1os de m\u00fasica, experimentaci\u00f3n y contaminaci\u00f3n del mundo - Visit Amalfi<\/title>\n<meta name=\"robots\" content=\"index, follow, max-snippet:-1, max-image-preview:large, max-video-preview:-1\" \/>\n<link rel=\"canonical\" href=\"https:\/\/www.visitamalfi.info\/es\/roy-paci-40-anos-de-musica-experimentacion-y-contaminacion-del-mundo\/\" \/>\n<meta property=\"og:locale\" content=\"es_ES\" \/>\n<meta property=\"og:type\" content=\"article\" \/>\n<meta property=\"og:title\" content=\"Roy Paci: 40 a\u00f1os de m\u00fasica, experimentaci\u00f3n y contaminaci\u00f3n del mundo - Visit Amalfi\" \/>\n<meta property=\"og:description\" content=\"Roy Paci no es simplemente un m\u00fasico. Es un artista polifac\u00e9tico que, en una carrera de m\u00e1s de cuarenta a\u00f1os, ha cruzado g\u00e9neros, culturas y mundos diferentes, construy\u00e9ndose un camino [&hellip;]\" \/>\n<meta property=\"og:url\" content=\"https:\/\/www.visitamalfi.info\/es\/roy-paci-40-anos-de-musica-experimentacion-y-contaminacion-del-mundo\/\" \/>\n<meta property=\"og:site_name\" content=\"Visit Amalfi\" \/>\n<meta property=\"article:publisher\" content=\"https:\/\/www.facebook.com\/visitamalfiofficial\" \/>\n<meta property=\"article:published_time\" content=\"2025-07-22T11:37:42+00:00\" \/>\n<meta property=\"og:image\" content=\"https:\/\/www.visitamalfi.info\/wp-content\/uploads\/2025\/07\/roy.jpg\" \/>\n\t<meta property=\"og:image:width\" content=\"1920\" \/>\n\t<meta property=\"og:image:height\" content=\"1879\" \/>\n\t<meta property=\"og:image:type\" content=\"image\/jpeg\" \/>\n<meta name=\"author\" content=\"Federica Dumont\" \/>\n<meta name=\"twitter:card\" content=\"summary_large_image\" \/>\n<meta name=\"twitter:label1\" content=\"Escrito por\" \/>\n\t<meta name=\"twitter:data1\" content=\"Federica Dumont\" \/>\n\t<meta name=\"twitter:label2\" content=\"Tiempo de lectura\" \/>\n\t<meta name=\"twitter:data2\" content=\"2 minutos\" \/>\n<script type=\"application\/ld+json\" class=\"yoast-schema-graph\">{\"@context\":\"https:\\\/\\\/schema.org\",\"@graph\":[{\"@type\":\"Article\",\"@id\":\"https:\\\/\\\/www.visitamalfi.info\\\/es\\\/roy-paci-40-anos-de-musica-experimentacion-y-contaminacion-del-mundo\\\/#article\",\"isPartOf\":{\"@id\":\"https:\\\/\\\/www.visitamalfi.info\\\/es\\\/roy-paci-40-anos-de-musica-experimentacion-y-contaminacion-del-mundo\\\/\"},\"author\":{\"name\":\"Federica Dumont\",\"@id\":\"https:\\\/\\\/www.visitamalfi.info\\\/es\\\/#\\\/schema\\\/person\\\/0c7584af846d5d2da6c69f7e68f3af96\"},\"headline\":\"Roy Paci: 40 a\u00f1os de m\u00fasica, experimentaci\u00f3n y contaminaci\u00f3n del mundo\",\"datePublished\":\"2025-07-22T11:37:42+00:00\",\"mainEntityOfPage\":{\"@id\":\"https:\\\/\\\/www.visitamalfi.info\\\/es\\\/roy-paci-40-anos-de-musica-experimentacion-y-contaminacion-del-mundo\\\/\"},\"wordCount\":429,\"commentCount\":0,\"publisher\":{\"@id\":\"https:\\\/\\\/www.visitamalfi.info\\\/es\\\/#organization\"},\"image\":{\"@id\":\"https:\\\/\\\/www.visitamalfi.info\\\/es\\\/roy-paci-40-anos-de-musica-experimentacion-y-contaminacion-del-mundo\\\/#primaryimage\"},\"thumbnailUrl\":\"https:\\\/\\\/www.visitamalfi.info\\\/wp-content\\\/uploads\\\/2025\\\/07\\\/roy.jpg\",\"articleSection\":[\"Eventos\"],\"inLanguage\":\"es\",\"potentialAction\":[{\"@type\":\"CommentAction\",\"name\":\"Comment\",\"target\":[\"https:\\\/\\\/www.visitamalfi.info\\\/es\\\/roy-paci-40-anos-de-musica-experimentacion-y-contaminacion-del-mundo\\\/#respond\"]}]},{\"@type\":\"WebPage\",\"@id\":\"https:\\\/\\\/www.visitamalfi.info\\\/es\\\/roy-paci-40-anos-de-musica-experimentacion-y-contaminacion-del-mundo\\\/\",\"url\":\"https:\\\/\\\/www.visitamalfi.info\\\/es\\\/roy-paci-40-anos-de-musica-experimentacion-y-contaminacion-del-mundo\\\/\",\"name\":\"Roy Paci: 40 a\u00f1os de m\u00fasica, experimentaci\u00f3n y contaminaci\u00f3n del mundo - Visit Amalfi\",\"isPartOf\":{\"@id\":\"https:\\\/\\\/www.visitamalfi.info\\\/es\\\/#website\"},\"primaryImageOfPage\":{\"@id\":\"https:\\\/\\\/www.visitamalfi.info\\\/es\\\/roy-paci-40-anos-de-musica-experimentacion-y-contaminacion-del-mundo\\\/#primaryimage\"},\"image\":{\"@id\":\"https:\\\/\\\/www.visitamalfi.info\\\/es\\\/roy-paci-40-anos-de-musica-experimentacion-y-contaminacion-del-mundo\\\/#primaryimage\"},\"thumbnailUrl\":\"https:\\\/\\\/www.visitamalfi.info\\\/wp-content\\\/uploads\\\/2025\\\/07\\\/roy.jpg\",\"datePublished\":\"2025-07-22T11:37:42+00:00\",\"breadcrumb\":{\"@id\":\"https:\\\/\\\/www.visitamalfi.info\\\/es\\\/roy-paci-40-anos-de-musica-experimentacion-y-contaminacion-del-mundo\\\/#breadcrumb\"},\"inLanguage\":\"es\",\"potentialAction\":[{\"@type\":\"ReadAction\",\"target\":[\"https:\\\/\\\/www.visitamalfi.info\\\/es\\\/roy-paci-40-anos-de-musica-experimentacion-y-contaminacion-del-mundo\\\/\"]}]},{\"@type\":\"ImageObject\",\"inLanguage\":\"es\",\"@id\":\"https:\\\/\\\/www.visitamalfi.info\\\/es\\\/roy-paci-40-anos-de-musica-experimentacion-y-contaminacion-del-mundo\\\/#primaryimage\",\"url\":\"https:\\\/\\\/www.visitamalfi.info\\\/wp-content\\\/uploads\\\/2025\\\/07\\\/roy.jpg\",\"contentUrl\":\"https:\\\/\\\/www.visitamalfi.info\\\/wp-content\\\/uploads\\\/2025\\\/07\\\/roy.jpg\",\"width\":1920,\"height\":1879},{\"@type\":\"BreadcrumbList\",\"@id\":\"https:\\\/\\\/www.visitamalfi.info\\\/es\\\/roy-paci-40-anos-de-musica-experimentacion-y-contaminacion-del-mundo\\\/#breadcrumb\",\"itemListElement\":[{\"@type\":\"ListItem\",\"position\":1,\"name\":\"Home\",\"item\":\"https:\\\/\\\/www.visitamalfi.info\\\/es\\\/\"},{\"@type\":\"ListItem\",\"position\":2,\"name\":\"Roy Paci: 40 a\u00f1os de m\u00fasica, experimentaci\u00f3n y contaminaci\u00f3n del mundo\"}]},{\"@type\":\"WebSite\",\"@id\":\"https:\\\/\\\/www.visitamalfi.info\\\/es\\\/#website\",\"url\":\"https:\\\/\\\/www.visitamalfi.info\\\/es\\\/\",\"name\":\"Visit Amalfi\",\"description\":\"Amalfi Destination Official Website\",\"publisher\":{\"@id\":\"https:\\\/\\\/www.visitamalfi.info\\\/es\\\/#organization\"},\"potentialAction\":[{\"@type\":\"SearchAction\",\"target\":{\"@type\":\"EntryPoint\",\"urlTemplate\":\"https:\\\/\\\/www.visitamalfi.info\\\/es\\\/?s={search_term_string}\"},\"query-input\":{\"@type\":\"PropertyValueSpecification\",\"valueRequired\":true,\"valueName\":\"search_term_string\"}}],\"inLanguage\":\"es\"},{\"@type\":\"Organization\",\"@id\":\"https:\\\/\\\/www.visitamalfi.info\\\/es\\\/#organization\",\"name\":\"Visit Amalfi\",\"url\":\"https:\\\/\\\/www.visitamalfi.info\\\/es\\\/\",\"logo\":{\"@type\":\"ImageObject\",\"inLanguage\":\"es\",\"@id\":\"https:\\\/\\\/www.visitamalfi.info\\\/es\\\/#\\\/schema\\\/logo\\\/image\\\/\",\"url\":\"https:\\\/\\\/www.visitamalfi.info\\\/wp-content\\\/uploads\\\/2023\\\/04\\\/visit-amalfi-logo-web.png\",\"contentUrl\":\"https:\\\/\\\/www.visitamalfi.info\\\/wp-content\\\/uploads\\\/2023\\\/04\\\/visit-amalfi-logo-web.png\",\"width\":800,\"height\":870,\"caption\":\"Visit Amalfi\"},\"image\":{\"@id\":\"https:\\\/\\\/www.visitamalfi.info\\\/es\\\/#\\\/schema\\\/logo\\\/image\\\/\"},\"sameAs\":[\"https:\\\/\\\/www.facebook.com\\\/visitamalfiofficial\",\"https:\\\/\\\/www.instagram.com\\\/visitamalfiofficial\\\/\"]},{\"@type\":\"Person\",\"@id\":\"https:\\\/\\\/www.visitamalfi.info\\\/es\\\/#\\\/schema\\\/person\\\/0c7584af846d5d2da6c69f7e68f3af96\",\"name\":\"Federica Dumont\",\"image\":{\"@type\":\"ImageObject\",\"inLanguage\":\"es\",\"@id\":\"https:\\\/\\\/secure.gravatar.com\\\/avatar\\\/0803dab414b6c6f1fd2399680f587870a020419b6ebe9d36dd75df06a6a68060?s=96&d=mm&r=g\",\"url\":\"https:\\\/\\\/secure.gravatar.com\\\/avatar\\\/0803dab414b6c6f1fd2399680f587870a020419b6ebe9d36dd75df06a6a68060?s=96&d=mm&r=g\",\"contentUrl\":\"https:\\\/\\\/secure.gravatar.com\\\/avatar\\\/0803dab414b6c6f1fd2399680f587870a020419b6ebe9d36dd75df06a6a68060?s=96&d=mm&r=g\",\"caption\":\"Federica Dumont\"},\"url\":\"https:\\\/\\\/www.visitamalfi.info\\\/es\\\/author\\\/federica\\\/\"}]}<\/script>\n<!-- \/ Yoast SEO plugin. -->","yoast_head_json":{"title":"Roy Paci: 40 a\u00f1os de m\u00fasica, experimentaci\u00f3n y contaminaci\u00f3n del mundo - Visit Amalfi","robots":{"index":"index","follow":"follow","max-snippet":"max-snippet:-1","max-image-preview":"max-image-preview:large","max-video-preview":"max-video-preview:-1"},"canonical":"https:\/\/www.visitamalfi.info\/es\/roy-paci-40-anos-de-musica-experimentacion-y-contaminacion-del-mundo\/","og_locale":"es_ES","og_type":"article","og_title":"Roy Paci: 40 a\u00f1os de m\u00fasica, experimentaci\u00f3n y contaminaci\u00f3n del mundo - Visit Amalfi","og_description":"Roy Paci no es simplemente un m\u00fasico. Es un artista polifac\u00e9tico que, en una carrera de m\u00e1s de cuarenta a\u00f1os, ha cruzado g\u00e9neros, culturas y mundos diferentes, construy\u00e9ndose un camino [&hellip;]","og_url":"https:\/\/www.visitamalfi.info\/es\/roy-paci-40-anos-de-musica-experimentacion-y-contaminacion-del-mundo\/","og_site_name":"Visit Amalfi","article_publisher":"https:\/\/www.facebook.com\/visitamalfiofficial","article_published_time":"2025-07-22T11:37:42+00:00","og_image":[{"width":1920,"height":1879,"url":"https:\/\/www.visitamalfi.info\/wp-content\/uploads\/2025\/07\/roy.jpg","type":"image\/jpeg"}],"author":"Federica Dumont","twitter_card":"summary_large_image","twitter_misc":{"Escrito por":"Federica Dumont","Tiempo de lectura":"2 minutos"},"schema":{"@context":"https:\/\/schema.org","@graph":[{"@type":"Article","@id":"https:\/\/www.visitamalfi.info\/es\/roy-paci-40-anos-de-musica-experimentacion-y-contaminacion-del-mundo\/#article","isPartOf":{"@id":"https:\/\/www.visitamalfi.info\/es\/roy-paci-40-anos-de-musica-experimentacion-y-contaminacion-del-mundo\/"},"author":{"name":"Federica Dumont","@id":"https:\/\/www.visitamalfi.info\/es\/#\/schema\/person\/0c7584af846d5d2da6c69f7e68f3af96"},"headline":"Roy Paci: 40 a\u00f1os de m\u00fasica, experimentaci\u00f3n y contaminaci\u00f3n del mundo","datePublished":"2025-07-22T11:37:42+00:00","mainEntityOfPage":{"@id":"https:\/\/www.visitamalfi.info\/es\/roy-paci-40-anos-de-musica-experimentacion-y-contaminacion-del-mundo\/"},"wordCount":429,"commentCount":0,"publisher":{"@id":"https:\/\/www.visitamalfi.info\/es\/#organization"},"image":{"@id":"https:\/\/www.visitamalfi.info\/es\/roy-paci-40-anos-de-musica-experimentacion-y-contaminacion-del-mundo\/#primaryimage"},"thumbnailUrl":"https:\/\/www.visitamalfi.info\/wp-content\/uploads\/2025\/07\/roy.jpg","articleSection":["Eventos"],"inLanguage":"es","potentialAction":[{"@type":"CommentAction","name":"Comment","target":["https:\/\/www.visitamalfi.info\/es\/roy-paci-40-anos-de-musica-experimentacion-y-contaminacion-del-mundo\/#respond"]}]},{"@type":"WebPage","@id":"https:\/\/www.visitamalfi.info\/es\/roy-paci-40-anos-de-musica-experimentacion-y-contaminacion-del-mundo\/","url":"https:\/\/www.visitamalfi.info\/es\/roy-paci-40-anos-de-musica-experimentacion-y-contaminacion-del-mundo\/","name":"Roy Paci: 40 a\u00f1os de m\u00fasica, experimentaci\u00f3n y contaminaci\u00f3n del mundo - Visit Amalfi","isPartOf":{"@id":"https:\/\/www.visitamalfi.info\/es\/#website"},"primaryImageOfPage":{"@id":"https:\/\/www.visitamalfi.info\/es\/roy-paci-40-anos-de-musica-experimentacion-y-contaminacion-del-mundo\/#primaryimage"},"image":{"@id":"https:\/\/www.visitamalfi.info\/es\/roy-paci-40-anos-de-musica-experimentacion-y-contaminacion-del-mundo\/#primaryimage"},"thumbnailUrl":"https:\/\/www.visitamalfi.info\/wp-content\/uploads\/2025\/07\/roy.jpg","datePublished":"2025-07-22T11:37:42+00:00","breadcrumb":{"@id":"https:\/\/www.visitamalfi.info\/es\/roy-paci-40-anos-de-musica-experimentacion-y-contaminacion-del-mundo\/#breadcrumb"},"inLanguage":"es","potentialAction":[{"@type":"ReadAction","target":["https:\/\/www.visitamalfi.info\/es\/roy-paci-40-anos-de-musica-experimentacion-y-contaminacion-del-mundo\/"]}]},{"@type":"ImageObject","inLanguage":"es","@id":"https:\/\/www.visitamalfi.info\/es\/roy-paci-40-anos-de-musica-experimentacion-y-contaminacion-del-mundo\/#primaryimage","url":"https:\/\/www.visitamalfi.info\/wp-content\/uploads\/2025\/07\/roy.jpg","contentUrl":"https:\/\/www.visitamalfi.info\/wp-content\/uploads\/2025\/07\/roy.jpg","width":1920,"height":1879},{"@type":"BreadcrumbList","@id":"https:\/\/www.visitamalfi.info\/es\/roy-paci-40-anos-de-musica-experimentacion-y-contaminacion-del-mundo\/#breadcrumb","itemListElement":[{"@type":"ListItem","position":1,"name":"Home","item":"https:\/\/www.visitamalfi.info\/es\/"},{"@type":"ListItem","position":2,"name":"Roy Paci: 40 a\u00f1os de m\u00fasica, experimentaci\u00f3n y contaminaci\u00f3n del mundo"}]},{"@type":"WebSite","@id":"https:\/\/www.visitamalfi.info\/es\/#website","url":"https:\/\/www.visitamalfi.info\/es\/","name":"Visit Amalfi","description":"Amalfi Destination Official Website","publisher":{"@id":"https:\/\/www.visitamalfi.info\/es\/#organization"},"potentialAction":[{"@type":"SearchAction","target":{"@type":"EntryPoint","urlTemplate":"https:\/\/www.visitamalfi.info\/es\/?s={search_term_string}"},"query-input":{"@type":"PropertyValueSpecification","valueRequired":true,"valueName":"search_term_string"}}],"inLanguage":"es"},{"@type":"Organization","@id":"https:\/\/www.visitamalfi.info\/es\/#organization","name":"Visit Amalfi","url":"https:\/\/www.visitamalfi.info\/es\/","logo":{"@type":"ImageObject","inLanguage":"es","@id":"https:\/\/www.visitamalfi.info\/es\/#\/schema\/logo\/image\/","url":"https:\/\/www.visitamalfi.info\/wp-content\/uploads\/2023\/04\/visit-amalfi-logo-web.png","contentUrl":"https:\/\/www.visitamalfi.info\/wp-content\/uploads\/2023\/04\/visit-amalfi-logo-web.png","width":800,"height":870,"caption":"Visit Amalfi"},"image":{"@id":"https:\/\/www.visitamalfi.info\/es\/#\/schema\/logo\/image\/"},"sameAs":["https:\/\/www.facebook.com\/visitamalfiofficial","https:\/\/www.instagram.com\/visitamalfiofficial\/"]},{"@type":"Person","@id":"https:\/\/www.visitamalfi.info\/es\/#\/schema\/person\/0c7584af846d5d2da6c69f7e68f3af96","name":"Federica Dumont","image":{"@type":"ImageObject","inLanguage":"es","@id":"https:\/\/secure.gravatar.com\/avatar\/0803dab414b6c6f1fd2399680f587870a020419b6ebe9d36dd75df06a6a68060?s=96&d=mm&r=g","url":"https:\/\/secure.gravatar.com\/avatar\/0803dab414b6c6f1fd2399680f587870a020419b6ebe9d36dd75df06a6a68060?s=96&d=mm&r=g","contentUrl":"https:\/\/secure.gravatar.com\/avatar\/0803dab414b6c6f1fd2399680f587870a020419b6ebe9d36dd75df06a6a68060?s=96&d=mm&r=g","caption":"Federica Dumont"},"url":"https:\/\/www.visitamalfi.info\/es\/author\/federica\/"}]}},"_links":{"self":[{"href":"https:\/\/www.visitamalfi.info\/es\/wp-json\/wp\/v2\/posts\/22402","targetHints":{"allow":["GET"]}}],"collection":[{"href":"https:\/\/www.visitamalfi.info\/es\/wp-json\/wp\/v2\/posts"}],"about":[{"href":"https:\/\/www.visitamalfi.info\/es\/wp-json\/wp\/v2\/types\/post"}],"author":[{"embeddable":true,"href":"https:\/\/www.visitamalfi.info\/es\/wp-json\/wp\/v2\/users\/7"}],"replies":[{"embeddable":true,"href":"https:\/\/www.visitamalfi.info\/es\/wp-json\/wp\/v2\/comments?post=22402"}],"version-history":[{"count":0,"href":"https:\/\/www.visitamalfi.info\/es\/wp-json\/wp\/v2\/posts\/22402\/revisions"}],"wp:featuredmedia":[{"embeddable":true,"href":"https:\/\/www.visitamalfi.info\/es\/wp-json\/wp\/v2\/media\/22396"}],"wp:attachment":[{"href":"https:\/\/www.visitamalfi.info\/es\/wp-json\/wp\/v2\/media?parent=22402"}],"wp:term":[{"taxonomy":"category","embeddable":true,"href":"https:\/\/www.visitamalfi.info\/es\/wp-json\/wp\/v2\/categories?post=22402"},{"taxonomy":"post_tag","embeddable":true,"href":"https:\/\/www.visitamalfi.info\/es\/wp-json\/wp\/v2\/tags?post=22402"}],"curies":[{"name":"wp","href":"https:\/\/api.w.org\/{rel}","templated":true}]}}