{"id":22246,"date":"2025-06-30T11:35:44","date_gmt":"2025-06-30T09:35:44","guid":{"rendered":"https:\/\/www.visitamalfi.info\/los-mejores-puntos-panoramicos-y-mas-de-amalfi-y-cuando-ir\/"},"modified":"2025-06-30T11:35:44","modified_gmt":"2025-06-30T09:35:44","slug":"los-mejores-puntos-panoramicos-y-mas-de-amalfi-y-cuando-ir","status":"publish","type":"post","link":"https:\/\/www.visitamalfi.info\/es\/los-mejores-puntos-panoramicos-y-mas-de-amalfi-y-cuando-ir\/","title":{"rendered":"Los Mejores Puntos Panor\u00e1micos (y m\u00e1s) de Amalfi, y cu\u00e1ndo ir."},"content":{"rendered":"<p class=\"cvGsUA direction-ltr align-start para-style-body\"><span class=\"OYPEnA font-feature-liga-off font-feature-clig-off font-feature-calt-off text-decoration-none text-strikethrough-none\">Destellos inolvidables entre el cielo y el mar: <strong>la gu\u00eda definitiva<\/strong> para fotografiar la belleza de la ciudad.<\/span><\/p>\n<p class=\"cvGsUA direction-ltr align-start para-style-body\"><span class=\"OYPEnA font-feature-liga-off font-feature-clig-off font-feature-calt-off text-decoration-none text-strikethrough-none\">Amalfi es un lugar que permanece en tus ojos, pero sobre todo en tu coraz\u00f3n. Pero hay momentos y rincones en los que su belleza se amplifica, y cada plano se convierte en poes\u00eda. Tanto si eres un aficionado a la fotograf\u00eda, un rom\u00e1ntico en busca de la puesta de sol perfecta o simplemente un viajero curioso, esta gu\u00eda te llevar\u00e1 a descubrir <strong>los lugares m\u00e1s evocadores de Amalfi<\/strong>, con los consejos adecuados sobre cu\u00e1ndo ir para disfrutarlos al m\u00e1ximo.<\/span><\/p>\n<p class=\"cvGsUA direction-ltr align-start para-style-body\"><strong><span class=\"OYPEnA font-feature-liga-off font-feature-clig-off font-feature-calt-off text-decoration-none text-strikethrough-none\">1. <\/span><a class=\"OYPEnA font-feature-liga-off font-feature-clig-off font-feature-calt-off text-decoration-none text-strikethrough-none\" draggable=\"false\" href=\"https:\/\/www.visitamalfi.info\/es\/poi\/largo-duchi-piccolomini\/\" target=\"_blank\" rel=\"noopener\">Largo Duchi Piccolomini<img decoding=\"async\" class=\"wp-image-15270 alignright\" src=\"https:\/\/www.visitamalfi.info\/wp-content\/uploads\/2024\/03\/LARGO-DUCA-PICCOLOMINI-SENZA-MODELLI-M.ABBAGNARA-8-300x200.jpg\" alt=\"Amalfi_Largo Duchi Piccolomini\" width=\"189\" height=\"126\" srcset=\"https:\/\/www.visitamalfi.info\/wp-content\/uploads\/2024\/03\/LARGO-DUCA-PICCOLOMINI-SENZA-MODELLI-M.ABBAGNARA-8-300x200.jpg 300w, https:\/\/www.visitamalfi.info\/wp-content\/uploads\/2024\/03\/LARGO-DUCA-PICCOLOMINI-SENZA-MODELLI-M.ABBAGNARA-8-1024x683.jpg 1024w, https:\/\/www.visitamalfi.info\/wp-content\/uploads\/2024\/03\/LARGO-DUCA-PICCOLOMINI-SENZA-MODELLI-M.ABBAGNARA-8-768x512.jpg 768w, https:\/\/www.visitamalfi.info\/wp-content\/uploads\/2024\/03\/LARGO-DUCA-PICCOLOMINI-SENZA-MODELLI-M.ABBAGNARA-8-1536x1024.jpg 1536w, https:\/\/www.visitamalfi.info\/wp-content\/uploads\/2024\/03\/LARGO-DUCA-PICCOLOMINI-SENZA-MODELLI-M.ABBAGNARA-8-870x580.jpg 870w, https:\/\/www.visitamalfi.info\/wp-content\/uploads\/2024\/03\/LARGO-DUCA-PICCOLOMINI-SENZA-MODELLI-M.ABBAGNARA-8-615x410.jpg 615w, https:\/\/www.visitamalfi.info\/wp-content\/uploads\/2024\/03\/LARGO-DUCA-PICCOLOMINI-SENZA-MODELLI-M.ABBAGNARA-8-1240x825.jpg 1240w, https:\/\/www.visitamalfi.info\/wp-content\/uploads\/2024\/03\/LARGO-DUCA-PICCOLOMINI-SENZA-MODELLI-M.ABBAGNARA-8.jpg 1920w\" sizes=\"(max-width: 189px) 100vw, 189px\" \/><\/a><\/strong><\/p>\n<p class=\"cvGsUA direction-ltr align-start para-style-body\"><span class=\"OYPEnA font-feature-liga-off font-feature-clig-off font-feature-calt-off text-decoration-none text-strikethrough-none\">D\u00f3nde se encuentra <\/span><span class=\"OYPEnA font-feature-liga-off font-feature-clig-off font-feature-calt-off text-decoration-none text-strikethrough-none\">En pleno centro hist\u00f3rico, a dos pasos de la Plaza Mayor.<\/span><\/p>\n<p class=\"cvGsUA direction-ltr align-start para-style-body\"><span class=\"OYPEnA font-feature-liga-off font-feature-clig-off font-feature-calt-off text-decoration-none text-strikethrough-none\">Por qu\u00e9 ir all\u00ed:<\/span><span class=\"OYPEnA font-feature-liga-off font-feature-clig-off font-feature-calt-off text-decoration-none text-strikethrough-none\"> Es uno de los lugares m\u00e1s fotog\u00e9nicos de la ciudad, donde la vista se abre entre destellos arquitect\u00f3nicos y el perfil del mar asomando entre las casas.<\/span><\/p>\n<p class=\"cvGsUA direction-ltr align-start para-style-body\"><span class=\"OYPEnA font-feature-liga-off font-feature-clig-off font-feature-calt-off text-decoration-none text-strikethrough-none\">Cu\u00e1ndo ir<\/span><span class=\"OYPEnA font-feature-liga-off font-feature-clig-off font-feature-calt-off text-decoration-none text-strikethrough-none\">: Temprano por la ma\u00f1ana, cuando hay poca luz y las calles a\u00fan est\u00e1n tranquilas. Perfecto para un aut\u00e9ntico primer vistazo a la ciudad que despierta.<\/span><\/p>\n<p class=\"cvGsUA direction-ltr align-start para-style-body\"><strong><span class=\"OYPEnA font-feature-liga-off font-feature-clig-off font-feature-calt-off text-decoration-none text-strikethrough-none\">2. Escalinata de <a href=\"https:\/\/www.visitamalfi.info\/poi\/complesso-della-cattedrale-di-santandrea\/\">la Catedral de San Andr\u00e9s<\/a><\/span><\/strong><\/p>\n<p class=\"cvGsUA direction-ltr align-start para-style-body\"><span class=\"OYPEnA font-feature-liga-off font-feature-clig-off font-feature-calt-off text-decoration-none text-strikethrough-none\"><img decoding=\"async\" class=\"wp-image-19942 alignleft\" src=\"https:\/\/www.visitamalfi.info\/wp-content\/uploads\/2024\/09\/DSC03296-300x200.jpg\" alt=\"\" width=\"195\" height=\"130\" srcset=\"https:\/\/www.visitamalfi.info\/wp-content\/uploads\/2024\/09\/DSC03296-300x200.jpg 300w, https:\/\/www.visitamalfi.info\/wp-content\/uploads\/2024\/09\/DSC03296-1024x683.jpg 1024w, https:\/\/www.visitamalfi.info\/wp-content\/uploads\/2024\/09\/DSC03296-768x512.jpg 768w, https:\/\/www.visitamalfi.info\/wp-content\/uploads\/2024\/09\/DSC03296-1536x1024.jpg 1536w, https:\/\/www.visitamalfi.info\/wp-content\/uploads\/2024\/09\/DSC03296-870x580.jpg 870w, https:\/\/www.visitamalfi.info\/wp-content\/uploads\/2024\/09\/DSC03296-615x410.jpg 615w, https:\/\/www.visitamalfi.info\/wp-content\/uploads\/2024\/09\/DSC03296-1240x825.jpg 1240w, https:\/\/www.visitamalfi.info\/wp-content\/uploads\/2024\/09\/DSC03296.jpg 1920w\" sizes=\"(max-width: 195px) 100vw, 195px\" \/>D\u00f3nde se encuentra<\/span><span class=\"OYPEnA font-feature-liga-off font-feature-clig-off font-feature-calt-off text-decoration-none text-strikethrough-none\">Plaza del Duomo<\/span><\/p>\n<p class=\"cvGsUA direction-ltr align-start para-style-body\"><span class=\"OYPEnA font-feature-liga-off font-feature-clig-off font-feature-calt-off text-decoration-none text-strikethrough-none\">Por qu\u00e9 ir all\u00ed<\/span><span class=\"OYPEnA font-feature-liga-off font-feature-clig-off font-feature-calt-off text-decoration-none text-strikethrough-none\">: Es el punto de vista urbano por excelencia. Desde aqu\u00ed puedes ver toda la plaza alborotada y, detr\u00e1s de ti, la magn\u00edfica fachada de la catedral.<\/span><\/p>\n<p class=\"cvGsUA direction-ltr align-start para-style-body\"><span class=\"OYPEnA font-feature-liga-off font-feature-clig-off font-feature-calt-off text-decoration-none text-strikethrough-none\">Cu\u00e1ndo ir<\/span><span class=\"OYPEnA font-feature-liga-off font-feature-clig-off font-feature-calt-off text-decoration-none text-strikethrough-none\">Al atardecer, cuando el sol ti\u00f1e de naranja y rosa las fachadas y la plaza cobra vida sin estar abarrotada.<\/span><\/p>\n<p class=\"cvGsUA direction-ltr align-start para-style-body\"><strong><span class=\"OYPEnA font-feature-liga-off font-feature-clig-off font-feature-calt-off text-decoration-none text-strikethrough-none\">3. La terraza de la <a href=\"https:\/\/www.visitamalfi.info\/es\/poi\/chiesa-della-nativita-di-maria-ss\/\">Iglesia de la Natividad de Mar\u00eda SS.<\/a><\/span><\/strong><\/p>\n<p class=\"cvGsUA direction-ltr align-start para-style-body\"><span class=\"OYPEnA font-feature-liga-off font-feature-clig-off font-feature-calt-off text-decoration-none text-strikethrough-none\">D\u00f3nde se encuentra<\/span><span class=\"OYPEnA font-feature-liga-off font-feature-clig-off font-feature-calt-off text-decoration-none text-strikethrough-none\">:<\/span> <span class=\"OYPEnA font-feature-liga-off font-feature-clig-off font-feature-calt-off text-decoration-none text-strikethrough-none\">en el pueblo de Lone, rodeado de exuberantes jardines, terrazas y vistas impresionantes.<img decoding=\"async\" class=\" wp-image-15703 alignright\" src=\"https:\/\/www.visitamalfi.info\/wp-content\/uploads\/2024\/03\/ANA_2290-8k-300x200.jpg\" alt=\"Amalfi_Via Mestra dei Villaggi_Lone_Iglesia de la Natividad de Maria SS.\" width=\"197\" height=\"131\" srcset=\"https:\/\/www.visitamalfi.info\/wp-content\/uploads\/2024\/03\/ANA_2290-8k-300x200.jpg 300w, https:\/\/www.visitamalfi.info\/wp-content\/uploads\/2024\/03\/ANA_2290-8k-1024x683.jpg 1024w, https:\/\/www.visitamalfi.info\/wp-content\/uploads\/2024\/03\/ANA_2290-8k-768x512.jpg 768w, https:\/\/www.visitamalfi.info\/wp-content\/uploads\/2024\/03\/ANA_2290-8k-1536x1024.jpg 1536w, https:\/\/www.visitamalfi.info\/wp-content\/uploads\/2024\/03\/ANA_2290-8k-870x580.jpg 870w, https:\/\/www.visitamalfi.info\/wp-content\/uploads\/2024\/03\/ANA_2290-8k-615x410.jpg 615w, https:\/\/www.visitamalfi.info\/wp-content\/uploads\/2024\/03\/ANA_2290-8k-1240x825.jpg 1240w, https:\/\/www.visitamalfi.info\/wp-content\/uploads\/2024\/03\/ANA_2290-8k.jpg 1920w\" sizes=\"(max-width: 197px) 100vw, 197px\" \/><\/span><\/p>\n<p class=\"cvGsUA direction-ltr align-start para-style-body\"><span class=\"OYPEnA font-feature-liga-off font-feature-clig-off font-feature-calt-off text-decoration-none text-strikethrough-none\">Por qu\u00e9 ir all\u00ed<\/span><span class=\"OYPEnA font-feature-liga-off font-feature-clig-off font-feature-calt-off text-decoration-none text-strikethrough-none\">Este punto es un peque\u00f1o secreto de quienes conocen bien Amalfi y sus aldeas. Desde aqu\u00ed hay una vista maravillosa desde lo alto, con destellos \u00fanicos.<\/span><\/p>\n<p class=\"cvGsUA direction-ltr align-start para-style-body\"><span class=\"OYPEnA font-feature-liga-off font-feature-clig-off font-feature-calt-off text-decoration-none text-strikethrough-none\">Cu\u00e1ndo ir<\/span><span class=\"OYPEnA font-feature-liga-off font-feature-clig-off font-feature-calt-off text-decoration-none text-strikethrough-none\">Por la ma\u00f1ana, en medio de los maravillosos colores de la costa.<\/span><\/p>\n<p class=\"cvGsUA direction-ltr align-start para-style-body\"><strong><span class=\"OYPEnA font-feature-liga-off font-feature-clig-off font-feature-calt-off text-decoration-none text-strikethrough-none\">4. El cepillo del muelle<\/span><\/strong><\/p>\n<p class=\"cvGsUA direction-ltr align-start para-style-body\"><span class=\"OYPEnA font-feature-liga-off font-feature-clig-off font-feature-calt-off text-decoration-none text-strikethrough-none\">D\u00f3nde se encuentra<\/span><span class=\"OYPEnA font-feature-liga-off font-feature-clig-off font-feature-calt-off text-decoration-none text-strikethrough-none\">: en el puerto de Amalfi, al que se llega caminando hasta el final del muelle.<\/span><\/p>\n<p class=\"cvGsUA direction-ltr align-start para-style-body\"><span class=\"OYPEnA font-feature-liga-off font-feature-clig-off font-feature-calt-off text-decoration-none text-strikethrough-none\">Por qu\u00e9 ir all\u00ed<\/span><span class=\"OYPEnA font-feature-liga-off font-feature-clig-off font-feature-calt-off text-decoration-none text-strikethrough-none\">Ofrece la vista opuesta: desde aqu\u00ed ves Amalfi en su totalidad, como si fuera un cuadro entre el mar y las monta\u00f1as.<\/span><\/p>\n<p class=\"cvGsUA direction-ltr align-start para-style-body\"><span class=\"OYPEnA font-feature-liga-off font-feature-clig-off font-feature-calt-off text-decoration-none text-strikethrough-none\">Cu\u00e1ndo ir<\/span><span class=\"OYPEnA font-feature-liga-off font-feature-clig-off font-feature-calt-off text-decoration-none text-strikethrough-none\">Por la ma\u00f1ana, cuando el sol ilumina la fachada de la ciudad, o al atardecer, para fotografiar las luces reflejadas en el agua.<\/span><\/p>\n<p class=\"cvGsUA direction-ltr align-start para-style-body\"><strong><span class=\"OYPEnA font-feature-liga-off font-feature-clig-off font-feature-calt-off text-decoration-none text-strikethrough-none\">5. Camino al <a href=\"https:\/\/www.visitamalfi.info\/es\/poi\/cimitero-monumentale\/\">Cementerio Monumental<\/a><\/span><\/strong><\/p>\n<p class=\"cvGsUA direction-ltr align-start para-style-body\"><span class=\"OYPEnA font-feature-liga-off font-feature-clig-off font-feature-calt-off text-decoration-none text-strikethrough-none\"><img loading=\"lazy\" decoding=\"async\" class=\"wp-image-22130 alignleft\" src=\"https:\/\/www.visitamalfi.info\/wp-content\/uploads\/2025\/06\/CIMITERO-MONUMENTALE-SENZA-MODELLI-M.ABBAGNARA-6-200x300.jpg\" alt=\"\" width=\"115\" height=\"173\" srcset=\"https:\/\/www.visitamalfi.info\/wp-content\/uploads\/2025\/06\/CIMITERO-MONUMENTALE-SENZA-MODELLI-M.ABBAGNARA-6-200x300.jpg 200w, https:\/\/www.visitamalfi.info\/wp-content\/uploads\/2025\/06\/CIMITERO-MONUMENTALE-SENZA-MODELLI-M.ABBAGNARA-6-683x1024.jpg 683w, https:\/\/www.visitamalfi.info\/wp-content\/uploads\/2025\/06\/CIMITERO-MONUMENTALE-SENZA-MODELLI-M.ABBAGNARA-6-768x1152.jpg 768w, https:\/\/www.visitamalfi.info\/wp-content\/uploads\/2025\/06\/CIMITERO-MONUMENTALE-SENZA-MODELLI-M.ABBAGNARA-6-1024x1536.jpg 1024w, https:\/\/www.visitamalfi.info\/wp-content\/uploads\/2025\/06\/CIMITERO-MONUMENTALE-SENZA-MODELLI-M.ABBAGNARA-6.jpg 1280w\" sizes=\"(max-width: 115px) 100vw, 115px\" \/>D\u00f3nde se encuentra<\/span><span class=\"OYPEnA font-feature-liga-off font-feature-clig-off font-feature-calt-off text-decoration-none text-strikethrough-none\">: tomando la subida hacia el Cementerio Monumental, detr\u00e1s de la ciudad.<\/span><\/p>\n<p class=\"cvGsUA direction-ltr align-start para-style-body\"><span class=\"OYPEnA font-feature-liga-off font-feature-clig-off font-feature-calt-off text-decoration-none text-strikethrough-none\">Por qu\u00e9 ir all\u00ed<\/span><span class=\"OYPEnA font-feature-liga-off font-feature-clig-off font-feature-calt-off text-decoration-none text-strikethrough-none\">: La vista desde arriba es impresionante: catedral, tejados, limoneros y el horizonte desvaneci\u00e9ndose en el azul.<\/span><\/p>\n<p class=\"cvGsUA direction-ltr align-start para-style-body\"><span class=\"OYPEnA font-feature-liga-off font-feature-clig-off font-feature-calt-off text-decoration-none text-strikethrough-none\">Cu\u00e1ndo ir<\/span><span class=\"OYPEnA font-feature-liga-off font-feature-clig-off font-feature-calt-off text-decoration-none text-strikethrough-none\">Las ma\u00f1anas despejadas o al atardecer, cuando los colores lo hacen todo m\u00e1s m\u00e1gico.<\/span><\/p>\n<p>&nbsp;<\/p>\n<p class=\"cvGsUA direction-ltr align-start para-style-body\"><strong><span class=\"OYPEnA font-feature-liga-off font-feature-clig-off font-feature-calt-off text-decoration-none text-strikethrough-none\">Consejos para vivir (y fotografiar) las vistas de Amalfi<\/span><\/strong><\/p>\n<ul>\n<li><span class=\"OYPEnA font-feature-liga-off font-feature-clig-off font-feature-calt-off text-decoration-none text-strikethrough-none\">Lleva una c\u00e1mara o un buen smartphone, pero tambi\u00e9n ojos dispuestos a maravillarse: a veces, la belleza se capta mejor sin una pantalla delante.<\/span><\/li>\n<li><span class=\"OYPEnA font-feature-liga-off font-feature-clig-off font-feature-calt-off text-decoration-none text-strikethrough-none\">Lleva calzado c\u00f3modo: a muchos miradores s\u00f3lo se puede llegar a pie por escaleras y senderos.<\/span><\/li>\n<li><span class=\"OYPEnA font-feature-liga-off font-feature-clig-off font-feature-calt-off text-decoration-none text-strikethrough-none\">Evita las horas centrales del verano si caminas mucho: la ma\u00f1ana o la hora dorada son mejores para una luz m\u00e1s suave y temperaturas m\u00e1s agradables.<\/span><\/li>\n<li><span class=\"OYPEnA font-feature-liga-off font-feature-clig-off font-feature-calt-off text-decoration-none text-strikethrough-none\">Ll\u00e9vate una botellita de agua.<\/span><\/li>\n<\/ul>\n<p class=\"cvGsUA direction-ltr align-start para-style-body\"><strong><span class=\"OYPEnA font-feature-liga-off font-feature-clig-off font-feature-calt-off text-decoration-none text-strikethrough-none\">Amalfi vista por ti<\/span><\/strong><\/p>\n<p class=\"cvGsUA direction-ltr align-start para-style-body\"><span class=\"OYPEnA font-feature-liga-off font-feature-clig-off font-feature-calt-off text-decoration-none text-strikethrough-none\">Cada visi\u00f3n de Amalfi es una postal, pero cada viajero la ve con ojos distintos.<\/span><\/p>\n<p class=\"cvGsUA direction-ltr align-start para-style-body\"><span class=\"OYPEnA font-feature-liga-off font-feature-clig-off font-feature-calt-off text-decoration-none text-strikethrough-none\">Comparte tus momentos panor\u00e1micos en Instagram utilizando el hashtag <strong>#<\/strong><\/span><strong><span class=\"OYPEnA font-feature-liga-off font-feature-clig-off font-feature-calt-off text-decoration-none text-strikethrough-none\">VisitAmalfi<\/span><span class=\"OYPEnA font-feature-liga-off font-feature-clig-off font-feature-calt-off text-decoration-none text-strikethrough-none\">.<\/span><\/strong><\/p>\n","protected":false},"excerpt":{"rendered":"<p>Destellos inolvidables entre el cielo y el mar: la gu\u00eda definitiva para fotografiar la belleza de la ciudad. Amalfi es un lugar que permanece en tus ojos, pero sobre todo [&hellip;]<\/p>\n","protected":false},"author":7,"featured_media":15707,"comment_status":"open","ping_status":"closed","sticky":false,"template":"","format":"standard","meta":{"inline_featured_image":false,"footnotes":""},"categories":[901,263],"tags":[],"class_list":["post-22246","post","type-post","status-publish","format-standard","has-post-thumbnail","hentry","category-consejos-para-viajar","category-curiosidades"],"yoast_head":"<!-- This site is optimized with the Yoast SEO plugin v27.3 - https:\/\/yoast.com\/product\/yoast-seo-wordpress\/ -->\n<title>Los Mejores Puntos Panor\u00e1micos (y m\u00e1s) de Amalfi, y cu\u00e1ndo ir. - Visit Amalfi<\/title>\n<meta name=\"robots\" content=\"index, follow, max-snippet:-1, max-image-preview:large, max-video-preview:-1\" \/>\n<link rel=\"canonical\" href=\"https:\/\/www.visitamalfi.info\/es\/los-mejores-puntos-panoramicos-y-mas-de-amalfi-y-cuando-ir\/\" \/>\n<meta property=\"og:locale\" content=\"es_ES\" \/>\n<meta property=\"og:type\" content=\"article\" \/>\n<meta property=\"og:title\" content=\"Los Mejores Puntos Panor\u00e1micos (y m\u00e1s) de Amalfi, y cu\u00e1ndo ir. - Visit Amalfi\" \/>\n<meta property=\"og:description\" content=\"Destellos inolvidables entre el cielo y el mar: la gu\u00eda definitiva para fotografiar la belleza de la ciudad. Amalfi es un lugar que permanece en tus ojos, pero sobre todo [&hellip;]\" \/>\n<meta property=\"og:url\" content=\"https:\/\/www.visitamalfi.info\/es\/los-mejores-puntos-panoramicos-y-mas-de-amalfi-y-cuando-ir\/\" \/>\n<meta property=\"og:site_name\" content=\"Visit Amalfi\" \/>\n<meta property=\"article:publisher\" content=\"https:\/\/www.facebook.com\/visitamalfiofficial\" \/>\n<meta property=\"article:published_time\" content=\"2025-06-30T09:35:44+00:00\" \/>\n<meta property=\"og:image\" content=\"https:\/\/www.visitamalfi.info\/wp-content\/uploads\/2024\/03\/ANA_2290-8k.jpg\" \/>\n\t<meta property=\"og:image:width\" content=\"1920\" \/>\n\t<meta property=\"og:image:height\" content=\"1280\" \/>\n\t<meta property=\"og:image:type\" content=\"image\/jpeg\" \/>\n<meta name=\"author\" content=\"Federica Dumont\" \/>\n<meta name=\"twitter:card\" content=\"summary_large_image\" \/>\n<meta name=\"twitter:label1\" content=\"Escrito por\" \/>\n\t<meta name=\"twitter:data1\" content=\"Federica Dumont\" \/>\n\t<meta name=\"twitter:label2\" content=\"Tiempo de lectura\" \/>\n\t<meta name=\"twitter:data2\" content=\"3 minutos\" \/>\n<script type=\"application\/ld+json\" class=\"yoast-schema-graph\">{\"@context\":\"https:\\\/\\\/schema.org\",\"@graph\":[{\"@type\":\"Article\",\"@id\":\"https:\\\/\\\/www.visitamalfi.info\\\/es\\\/los-mejores-puntos-panoramicos-y-mas-de-amalfi-y-cuando-ir\\\/#article\",\"isPartOf\":{\"@id\":\"https:\\\/\\\/www.visitamalfi.info\\\/es\\\/los-mejores-puntos-panoramicos-y-mas-de-amalfi-y-cuando-ir\\\/\"},\"author\":{\"name\":\"Federica Dumont\",\"@id\":\"https:\\\/\\\/www.visitamalfi.info\\\/es\\\/#\\\/schema\\\/person\\\/0c7584af846d5d2da6c69f7e68f3af96\"},\"headline\":\"Los Mejores Puntos Panor\u00e1micos (y m\u00e1s) de Amalfi, y cu\u00e1ndo ir.\",\"datePublished\":\"2025-06-30T09:35:44+00:00\",\"mainEntityOfPage\":{\"@id\":\"https:\\\/\\\/www.visitamalfi.info\\\/es\\\/los-mejores-puntos-panoramicos-y-mas-de-amalfi-y-cuando-ir\\\/\"},\"wordCount\":611,\"commentCount\":0,\"publisher\":{\"@id\":\"https:\\\/\\\/www.visitamalfi.info\\\/es\\\/#organization\"},\"image\":{\"@id\":\"https:\\\/\\\/www.visitamalfi.info\\\/es\\\/los-mejores-puntos-panoramicos-y-mas-de-amalfi-y-cuando-ir\\\/#primaryimage\"},\"thumbnailUrl\":\"https:\\\/\\\/www.visitamalfi.info\\\/wp-content\\\/uploads\\\/2024\\\/03\\\/ANA_2290-8k.jpg\",\"articleSection\":[\"Consejos para viajar\",\"Curiosidades\"],\"inLanguage\":\"es\",\"potentialAction\":[{\"@type\":\"CommentAction\",\"name\":\"Comment\",\"target\":[\"https:\\\/\\\/www.visitamalfi.info\\\/es\\\/los-mejores-puntos-panoramicos-y-mas-de-amalfi-y-cuando-ir\\\/#respond\"]}]},{\"@type\":\"WebPage\",\"@id\":\"https:\\\/\\\/www.visitamalfi.info\\\/es\\\/los-mejores-puntos-panoramicos-y-mas-de-amalfi-y-cuando-ir\\\/\",\"url\":\"https:\\\/\\\/www.visitamalfi.info\\\/es\\\/los-mejores-puntos-panoramicos-y-mas-de-amalfi-y-cuando-ir\\\/\",\"name\":\"Los Mejores Puntos Panor\u00e1micos (y m\u00e1s) de Amalfi, y cu\u00e1ndo ir. - Visit Amalfi\",\"isPartOf\":{\"@id\":\"https:\\\/\\\/www.visitamalfi.info\\\/es\\\/#website\"},\"primaryImageOfPage\":{\"@id\":\"https:\\\/\\\/www.visitamalfi.info\\\/es\\\/los-mejores-puntos-panoramicos-y-mas-de-amalfi-y-cuando-ir\\\/#primaryimage\"},\"image\":{\"@id\":\"https:\\\/\\\/www.visitamalfi.info\\\/es\\\/los-mejores-puntos-panoramicos-y-mas-de-amalfi-y-cuando-ir\\\/#primaryimage\"},\"thumbnailUrl\":\"https:\\\/\\\/www.visitamalfi.info\\\/wp-content\\\/uploads\\\/2024\\\/03\\\/ANA_2290-8k.jpg\",\"datePublished\":\"2025-06-30T09:35:44+00:00\",\"breadcrumb\":{\"@id\":\"https:\\\/\\\/www.visitamalfi.info\\\/es\\\/los-mejores-puntos-panoramicos-y-mas-de-amalfi-y-cuando-ir\\\/#breadcrumb\"},\"inLanguage\":\"es\",\"potentialAction\":[{\"@type\":\"ReadAction\",\"target\":[\"https:\\\/\\\/www.visitamalfi.info\\\/es\\\/los-mejores-puntos-panoramicos-y-mas-de-amalfi-y-cuando-ir\\\/\"]}]},{\"@type\":\"ImageObject\",\"inLanguage\":\"es\",\"@id\":\"https:\\\/\\\/www.visitamalfi.info\\\/es\\\/los-mejores-puntos-panoramicos-y-mas-de-amalfi-y-cuando-ir\\\/#primaryimage\",\"url\":\"https:\\\/\\\/www.visitamalfi.info\\\/wp-content\\\/uploads\\\/2024\\\/03\\\/ANA_2290-8k.jpg\",\"contentUrl\":\"https:\\\/\\\/www.visitamalfi.info\\\/wp-content\\\/uploads\\\/2024\\\/03\\\/ANA_2290-8k.jpg\",\"width\":1920,\"height\":1280,\"caption\":\"Amalfi_Via Mestra dei Villaggi_Lone_Chiesa della Nativit\u00e0 di Maria SS\"},{\"@type\":\"BreadcrumbList\",\"@id\":\"https:\\\/\\\/www.visitamalfi.info\\\/es\\\/los-mejores-puntos-panoramicos-y-mas-de-amalfi-y-cuando-ir\\\/#breadcrumb\",\"itemListElement\":[{\"@type\":\"ListItem\",\"position\":1,\"name\":\"Home\",\"item\":\"https:\\\/\\\/www.visitamalfi.info\\\/es\\\/\"},{\"@type\":\"ListItem\",\"position\":2,\"name\":\"Los Mejores Puntos Panor\u00e1micos (y m\u00e1s) de Amalfi, y cu\u00e1ndo ir.\"}]},{\"@type\":\"WebSite\",\"@id\":\"https:\\\/\\\/www.visitamalfi.info\\\/es\\\/#website\",\"url\":\"https:\\\/\\\/www.visitamalfi.info\\\/es\\\/\",\"name\":\"Visit Amalfi\",\"description\":\"Amalfi Destination Official Website\",\"publisher\":{\"@id\":\"https:\\\/\\\/www.visitamalfi.info\\\/es\\\/#organization\"},\"potentialAction\":[{\"@type\":\"SearchAction\",\"target\":{\"@type\":\"EntryPoint\",\"urlTemplate\":\"https:\\\/\\\/www.visitamalfi.info\\\/es\\\/?s={search_term_string}\"},\"query-input\":{\"@type\":\"PropertyValueSpecification\",\"valueRequired\":true,\"valueName\":\"search_term_string\"}}],\"inLanguage\":\"es\"},{\"@type\":\"Organization\",\"@id\":\"https:\\\/\\\/www.visitamalfi.info\\\/es\\\/#organization\",\"name\":\"Visit Amalfi\",\"url\":\"https:\\\/\\\/www.visitamalfi.info\\\/es\\\/\",\"logo\":{\"@type\":\"ImageObject\",\"inLanguage\":\"es\",\"@id\":\"https:\\\/\\\/www.visitamalfi.info\\\/es\\\/#\\\/schema\\\/logo\\\/image\\\/\",\"url\":\"https:\\\/\\\/www.visitamalfi.info\\\/wp-content\\\/uploads\\\/2023\\\/04\\\/visit-amalfi-logo-web.png\",\"contentUrl\":\"https:\\\/\\\/www.visitamalfi.info\\\/wp-content\\\/uploads\\\/2023\\\/04\\\/visit-amalfi-logo-web.png\",\"width\":800,\"height\":870,\"caption\":\"Visit Amalfi\"},\"image\":{\"@id\":\"https:\\\/\\\/www.visitamalfi.info\\\/es\\\/#\\\/schema\\\/logo\\\/image\\\/\"},\"sameAs\":[\"https:\\\/\\\/www.facebook.com\\\/visitamalfiofficial\",\"https:\\\/\\\/www.instagram.com\\\/visitamalfiofficial\\\/\"]},{\"@type\":\"Person\",\"@id\":\"https:\\\/\\\/www.visitamalfi.info\\\/es\\\/#\\\/schema\\\/person\\\/0c7584af846d5d2da6c69f7e68f3af96\",\"name\":\"Federica Dumont\",\"image\":{\"@type\":\"ImageObject\",\"inLanguage\":\"es\",\"@id\":\"https:\\\/\\\/secure.gravatar.com\\\/avatar\\\/0803dab414b6c6f1fd2399680f587870a020419b6ebe9d36dd75df06a6a68060?s=96&d=mm&r=g\",\"url\":\"https:\\\/\\\/secure.gravatar.com\\\/avatar\\\/0803dab414b6c6f1fd2399680f587870a020419b6ebe9d36dd75df06a6a68060?s=96&d=mm&r=g\",\"contentUrl\":\"https:\\\/\\\/secure.gravatar.com\\\/avatar\\\/0803dab414b6c6f1fd2399680f587870a020419b6ebe9d36dd75df06a6a68060?s=96&d=mm&r=g\",\"caption\":\"Federica Dumont\"},\"url\":\"https:\\\/\\\/www.visitamalfi.info\\\/es\\\/author\\\/federica\\\/\"}]}<\/script>\n<!-- \/ Yoast SEO plugin. -->","yoast_head_json":{"title":"Los Mejores Puntos Panor\u00e1micos (y m\u00e1s) de Amalfi, y cu\u00e1ndo ir. - Visit Amalfi","robots":{"index":"index","follow":"follow","max-snippet":"max-snippet:-1","max-image-preview":"max-image-preview:large","max-video-preview":"max-video-preview:-1"},"canonical":"https:\/\/www.visitamalfi.info\/es\/los-mejores-puntos-panoramicos-y-mas-de-amalfi-y-cuando-ir\/","og_locale":"es_ES","og_type":"article","og_title":"Los Mejores Puntos Panor\u00e1micos (y m\u00e1s) de Amalfi, y cu\u00e1ndo ir. - Visit Amalfi","og_description":"Destellos inolvidables entre el cielo y el mar: la gu\u00eda definitiva para fotografiar la belleza de la ciudad. Amalfi es un lugar que permanece en tus ojos, pero sobre todo [&hellip;]","og_url":"https:\/\/www.visitamalfi.info\/es\/los-mejores-puntos-panoramicos-y-mas-de-amalfi-y-cuando-ir\/","og_site_name":"Visit Amalfi","article_publisher":"https:\/\/www.facebook.com\/visitamalfiofficial","article_published_time":"2025-06-30T09:35:44+00:00","og_image":[{"width":1920,"height":1280,"url":"https:\/\/www.visitamalfi.info\/wp-content\/uploads\/2024\/03\/ANA_2290-8k.jpg","type":"image\/jpeg"}],"author":"Federica Dumont","twitter_card":"summary_large_image","twitter_misc":{"Escrito por":"Federica Dumont","Tiempo de lectura":"3 minutos"},"schema":{"@context":"https:\/\/schema.org","@graph":[{"@type":"Article","@id":"https:\/\/www.visitamalfi.info\/es\/los-mejores-puntos-panoramicos-y-mas-de-amalfi-y-cuando-ir\/#article","isPartOf":{"@id":"https:\/\/www.visitamalfi.info\/es\/los-mejores-puntos-panoramicos-y-mas-de-amalfi-y-cuando-ir\/"},"author":{"name":"Federica Dumont","@id":"https:\/\/www.visitamalfi.info\/es\/#\/schema\/person\/0c7584af846d5d2da6c69f7e68f3af96"},"headline":"Los Mejores Puntos Panor\u00e1micos (y m\u00e1s) de Amalfi, y cu\u00e1ndo ir.","datePublished":"2025-06-30T09:35:44+00:00","mainEntityOfPage":{"@id":"https:\/\/www.visitamalfi.info\/es\/los-mejores-puntos-panoramicos-y-mas-de-amalfi-y-cuando-ir\/"},"wordCount":611,"commentCount":0,"publisher":{"@id":"https:\/\/www.visitamalfi.info\/es\/#organization"},"image":{"@id":"https:\/\/www.visitamalfi.info\/es\/los-mejores-puntos-panoramicos-y-mas-de-amalfi-y-cuando-ir\/#primaryimage"},"thumbnailUrl":"https:\/\/www.visitamalfi.info\/wp-content\/uploads\/2024\/03\/ANA_2290-8k.jpg","articleSection":["Consejos para viajar","Curiosidades"],"inLanguage":"es","potentialAction":[{"@type":"CommentAction","name":"Comment","target":["https:\/\/www.visitamalfi.info\/es\/los-mejores-puntos-panoramicos-y-mas-de-amalfi-y-cuando-ir\/#respond"]}]},{"@type":"WebPage","@id":"https:\/\/www.visitamalfi.info\/es\/los-mejores-puntos-panoramicos-y-mas-de-amalfi-y-cuando-ir\/","url":"https:\/\/www.visitamalfi.info\/es\/los-mejores-puntos-panoramicos-y-mas-de-amalfi-y-cuando-ir\/","name":"Los Mejores Puntos Panor\u00e1micos (y m\u00e1s) de Amalfi, y cu\u00e1ndo ir. - Visit Amalfi","isPartOf":{"@id":"https:\/\/www.visitamalfi.info\/es\/#website"},"primaryImageOfPage":{"@id":"https:\/\/www.visitamalfi.info\/es\/los-mejores-puntos-panoramicos-y-mas-de-amalfi-y-cuando-ir\/#primaryimage"},"image":{"@id":"https:\/\/www.visitamalfi.info\/es\/los-mejores-puntos-panoramicos-y-mas-de-amalfi-y-cuando-ir\/#primaryimage"},"thumbnailUrl":"https:\/\/www.visitamalfi.info\/wp-content\/uploads\/2024\/03\/ANA_2290-8k.jpg","datePublished":"2025-06-30T09:35:44+00:00","breadcrumb":{"@id":"https:\/\/www.visitamalfi.info\/es\/los-mejores-puntos-panoramicos-y-mas-de-amalfi-y-cuando-ir\/#breadcrumb"},"inLanguage":"es","potentialAction":[{"@type":"ReadAction","target":["https:\/\/www.visitamalfi.info\/es\/los-mejores-puntos-panoramicos-y-mas-de-amalfi-y-cuando-ir\/"]}]},{"@type":"ImageObject","inLanguage":"es","@id":"https:\/\/www.visitamalfi.info\/es\/los-mejores-puntos-panoramicos-y-mas-de-amalfi-y-cuando-ir\/#primaryimage","url":"https:\/\/www.visitamalfi.info\/wp-content\/uploads\/2024\/03\/ANA_2290-8k.jpg","contentUrl":"https:\/\/www.visitamalfi.info\/wp-content\/uploads\/2024\/03\/ANA_2290-8k.jpg","width":1920,"height":1280,"caption":"Amalfi_Via Mestra dei Villaggi_Lone_Chiesa della Nativit\u00e0 di Maria SS"},{"@type":"BreadcrumbList","@id":"https:\/\/www.visitamalfi.info\/es\/los-mejores-puntos-panoramicos-y-mas-de-amalfi-y-cuando-ir\/#breadcrumb","itemListElement":[{"@type":"ListItem","position":1,"name":"Home","item":"https:\/\/www.visitamalfi.info\/es\/"},{"@type":"ListItem","position":2,"name":"Los Mejores Puntos Panor\u00e1micos (y m\u00e1s) de Amalfi, y cu\u00e1ndo ir."}]},{"@type":"WebSite","@id":"https:\/\/www.visitamalfi.info\/es\/#website","url":"https:\/\/www.visitamalfi.info\/es\/","name":"Visit Amalfi","description":"Amalfi Destination Official Website","publisher":{"@id":"https:\/\/www.visitamalfi.info\/es\/#organization"},"potentialAction":[{"@type":"SearchAction","target":{"@type":"EntryPoint","urlTemplate":"https:\/\/www.visitamalfi.info\/es\/?s={search_term_string}"},"query-input":{"@type":"PropertyValueSpecification","valueRequired":true,"valueName":"search_term_string"}}],"inLanguage":"es"},{"@type":"Organization","@id":"https:\/\/www.visitamalfi.info\/es\/#organization","name":"Visit Amalfi","url":"https:\/\/www.visitamalfi.info\/es\/","logo":{"@type":"ImageObject","inLanguage":"es","@id":"https:\/\/www.visitamalfi.info\/es\/#\/schema\/logo\/image\/","url":"https:\/\/www.visitamalfi.info\/wp-content\/uploads\/2023\/04\/visit-amalfi-logo-web.png","contentUrl":"https:\/\/www.visitamalfi.info\/wp-content\/uploads\/2023\/04\/visit-amalfi-logo-web.png","width":800,"height":870,"caption":"Visit Amalfi"},"image":{"@id":"https:\/\/www.visitamalfi.info\/es\/#\/schema\/logo\/image\/"},"sameAs":["https:\/\/www.facebook.com\/visitamalfiofficial","https:\/\/www.instagram.com\/visitamalfiofficial\/"]},{"@type":"Person","@id":"https:\/\/www.visitamalfi.info\/es\/#\/schema\/person\/0c7584af846d5d2da6c69f7e68f3af96","name":"Federica Dumont","image":{"@type":"ImageObject","inLanguage":"es","@id":"https:\/\/secure.gravatar.com\/avatar\/0803dab414b6c6f1fd2399680f587870a020419b6ebe9d36dd75df06a6a68060?s=96&d=mm&r=g","url":"https:\/\/secure.gravatar.com\/avatar\/0803dab414b6c6f1fd2399680f587870a020419b6ebe9d36dd75df06a6a68060?s=96&d=mm&r=g","contentUrl":"https:\/\/secure.gravatar.com\/avatar\/0803dab414b6c6f1fd2399680f587870a020419b6ebe9d36dd75df06a6a68060?s=96&d=mm&r=g","caption":"Federica Dumont"},"url":"https:\/\/www.visitamalfi.info\/es\/author\/federica\/"}]}},"_links":{"self":[{"href":"https:\/\/www.visitamalfi.info\/es\/wp-json\/wp\/v2\/posts\/22246","targetHints":{"allow":["GET"]}}],"collection":[{"href":"https:\/\/www.visitamalfi.info\/es\/wp-json\/wp\/v2\/posts"}],"about":[{"href":"https:\/\/www.visitamalfi.info\/es\/wp-json\/wp\/v2\/types\/post"}],"author":[{"embeddable":true,"href":"https:\/\/www.visitamalfi.info\/es\/wp-json\/wp\/v2\/users\/7"}],"replies":[{"embeddable":true,"href":"https:\/\/www.visitamalfi.info\/es\/wp-json\/wp\/v2\/comments?post=22246"}],"version-history":[{"count":0,"href":"https:\/\/www.visitamalfi.info\/es\/wp-json\/wp\/v2\/posts\/22246\/revisions"}],"wp:featuredmedia":[{"embeddable":true,"href":"https:\/\/www.visitamalfi.info\/es\/wp-json\/wp\/v2\/media\/15707"}],"wp:attachment":[{"href":"https:\/\/www.visitamalfi.info\/es\/wp-json\/wp\/v2\/media?parent=22246"}],"wp:term":[{"taxonomy":"category","embeddable":true,"href":"https:\/\/www.visitamalfi.info\/es\/wp-json\/wp\/v2\/categories?post=22246"},{"taxonomy":"post_tag","embeddable":true,"href":"https:\/\/www.visitamalfi.info\/es\/wp-json\/wp\/v2\/tags?post=22246"}],"curies":[{"name":"wp","href":"https:\/\/api.w.org\/{rel}","templated":true}]}}