{"id":22150,"date":"2025-06-24T10:50:19","date_gmt":"2025-06-24T08:50:19","guid":{"rendered":"https:\/\/www.visitamalfi.info\/amalfi-itinerario-perfecto-para-un-fin-de-semana-de-ensueno\/"},"modified":"2025-06-24T10:50:19","modified_gmt":"2025-06-24T08:50:19","slug":"amalfi-itinerario-perfecto-para-un-fin-de-semana-de-ensueno","status":"publish","type":"post","link":"https:\/\/www.visitamalfi.info\/es\/amalfi-itinerario-perfecto-para-un-fin-de-semana-de-ensueno\/","title":{"rendered":"Amalfi: Itinerario perfecto para un fin de semana de ensue\u00f1o"},"content":{"rendered":"<p class=\"cvGsUA direction-ltr align-start para-style-body\"><span class=\"OYPEnA font-feature-liga-off font-feature-clig-off font-feature-calt-off text-decoration-none text-strikethrough-none\">Unas vacaciones entre historia, mar y sabores: descubre qu\u00e9 ver, d\u00f3nde comer y c\u00f3mo vivir mejor la magia de Amalfi.<\/span><\/p>\n<p class=\"cvGsUA direction-ltr align-start para-style-body\"><span class=\"OYPEnA font-feature-liga-off font-feature-clig-off font-feature-calt-off text-decoration-none text-strikethrough-none\">\u00bfEs tu primera vez en Amalfi y no sabes qu\u00e9 hacer? <\/span><span class=\"OYPEnA font-feature-liga-off font-feature-clig-off font-feature-calt-off text-decoration-none text-strikethrough-none\">No hay problema: con la combinaci\u00f3n adecuada de etapas, podr\u00e1s descubrir la aut\u00e9ntica esencia de esta joya de la Costa. Entre paseos panor\u00e1micos, arte milenario, el aroma de los limones y puestas de sol inolvidables, aqu\u00ed tienes el itinerario perfecto para vivir Amalfi en su m\u00e1xima expresi\u00f3n.<\/span><\/p>\n<p class=\"cvGsUA direction-ltr align-start para-style-body\"><strong><span class=\"OYPEnA font-feature-liga-off font-feature-clig-off font-feature-calt-off text-decoration-none text-strikethrough-none\">Ma\u00f1ana: visita a las aldeas<\/span><\/strong><\/p>\n<p class=\"cvGsUA direction-ltr align-start para-style-body\"><span class=\"OYPEnA font-feature-liga-off font-feature-clig-off font-feature-calt-off text-decoration-none text-strikethrough-none\"><img fetchpriority=\"high\" decoding=\"async\" class=\" wp-image-22141 alignleft\" src=\"https:\/\/www.visitamalfi.info\/wp-content\/uploads\/2025\/06\/proposta-outdoor-300x225.jpg\" alt=\"\" width=\"261\" height=\"196\" srcset=\"https:\/\/www.visitamalfi.info\/wp-content\/uploads\/2025\/06\/proposta-outdoor-300x225.jpg 300w, https:\/\/www.visitamalfi.info\/wp-content\/uploads\/2025\/06\/proposta-outdoor-1024x768.jpg 1024w, https:\/\/www.visitamalfi.info\/wp-content\/uploads\/2025\/06\/proposta-outdoor-768x576.jpg 768w, https:\/\/www.visitamalfi.info\/wp-content\/uploads\/2025\/06\/proposta-outdoor-1536x1152.jpg 1536w, https:\/\/www.visitamalfi.info\/wp-content\/uploads\/2025\/06\/proposta-outdoor.jpg 1920w\" sizes=\"(max-width: 261px) 100vw, 261px\" \/>Disfruta de un maravilloso y fascinante recorrido por las aldeas, un viaje para descubrir lugares llenos de cultura, tradici\u00f3n y vistas impresionantes.<\/span><\/p>\n<p class=\"cvGsUA direction-ltr align-start para-style-body\"><span class=\"OYPEnA font-feature-liga-off font-feature-clig-off font-feature-calt-off text-decoration-none text-strikethrough-none\">&#x1f449; <\/span><span class=\"OYPEnA font-feature-liga-off font-feature-clig-off font-feature-calt-off text-decoration-none text-strikethrough-none\"><strong>Consejo<\/strong>: La mejor hora para disfrutar del centro de Amalfi es por la tarde, cuando hace menos calor y hay menos gente.<\/span><\/p>\n<p class=\"cvGsUA direction-ltr align-start para-style-body\"><strong><span class=\"OYPEnA font-feature-liga-off font-feature-clig-off font-feature-calt-off text-decoration-none text-strikethrough-none\">Comida con vistas al mar:<\/span><\/strong><\/p>\n<p class=\"cvGsUA direction-ltr align-start para-style-body\"><span class=\"OYPEnA font-feature-liga-off font-feature-clig-off font-feature-calt-off text-decoration-none text-strikethrough-none\">Pasea por las \u201ccallejuelas\u201d del centro y disfruta de un almuerzo con vistas en el restaurante Sensi: su cocina con estrellas te conquistar\u00e1 con platos que mezclan tradici\u00f3n e innovaci\u00f3n.<\/span><\/p>\n<p class=\"cvGsUA direction-ltr align-start para-style-body\"><strong><span class=\"OYPEnA font-feature-liga-off font-feature-clig-off font-feature-calt-off text-decoration-none text-strikethrough-none\">Tarde: Explora el casco antiguo y la catedral<\/span><\/strong><\/p>\n<p class=\"cvGsUA direction-ltr align-start para-style-body\"><span class=\"OYPEnA font-feature-liga-off font-feature-clig-off font-feature-calt-off text-decoration-none text-strikethrough-none\">Contin\u00faa la aventura en la plaza principal, la Piazza Duomo, dominada por la escalinata esc\u00e9nica y la Catedral de San Andr\u00e9s.<\/span><\/p>\n<p class=\"cvGsUA direction-ltr align-start para-style-body\"><span class=\"OYPEnA font-feature-liga-off font-feature-clig-off font-feature-calt-off text-decoration-none text-strikethrough-none\">La visita al Duomo es imprescindible: d\u00e9jate sorprender por el Claustro del Para\u00edso y el fascinante interior.<img decoding=\"async\" class=\" wp-image-19942 alignright\" src=\"https:\/\/www.visitamalfi.info\/wp-content\/uploads\/2024\/09\/DSC03296-300x200.jpg\" alt=\"\" width=\"275\" height=\"183\" srcset=\"https:\/\/www.visitamalfi.info\/wp-content\/uploads\/2024\/09\/DSC03296-300x200.jpg 300w, https:\/\/www.visitamalfi.info\/wp-content\/uploads\/2024\/09\/DSC03296-1024x683.jpg 1024w, https:\/\/www.visitamalfi.info\/wp-content\/uploads\/2024\/09\/DSC03296-768x512.jpg 768w, https:\/\/www.visitamalfi.info\/wp-content\/uploads\/2024\/09\/DSC03296-1536x1024.jpg 1536w, https:\/\/www.visitamalfi.info\/wp-content\/uploads\/2024\/09\/DSC03296-870x580.jpg 870w, https:\/\/www.visitamalfi.info\/wp-content\/uploads\/2024\/09\/DSC03296-615x410.jpg 615w, https:\/\/www.visitamalfi.info\/wp-content\/uploads\/2024\/09\/DSC03296-1240x825.jpg 1240w, https:\/\/www.visitamalfi.info\/wp-content\/uploads\/2024\/09\/DSC03296.jpg 1920w\" sizes=\"(max-width: 275px) 100vw, 275px\" \/><\/span><\/p>\n<p class=\"cvGsUA direction-ltr align-start para-style-body\"><span class=\"OYPEnA font-feature-liga-off font-feature-clig-off font-feature-calt-off text-decoration-none text-strikethrough-none\">&#x1f449; <strong>Consejo<\/strong>: Tras tu visita, reg\u00e1late un descanso en uno de los caf\u00e9s de la plaza con una sfogliatella o una delicia de lim\u00f3n.<\/span><\/p>\n<p class=\"cvGsUA direction-ltr align-start para-style-body\"><strong><span class=\"OYPEnA font-feature-liga-off font-feature-clig-off font-feature-calt-off text-decoration-none text-strikethrough-none\">Puesta de sol en el paseo mar\u00edtimo<\/span><\/strong><\/p>\n<p class=\"cvGsUA direction-ltr align-start para-style-body\"><span class=\"OYPEnA font-feature-liga-off font-feature-clig-off font-feature-calt-off text-decoration-none text-strikethrough-none\">De vuelta al centro, del\u00e9itate con un helado casero y disfruta de la puesta de sol paseando por el paseo mar\u00edtimo o sentado en un banco en direcci\u00f3n al puerto.<\/span><\/p>\n<p class=\"cvGsUA direction-ltr align-start para-style-body\"><strong><span class=\"OYPEnA font-feature-liga-off font-feature-clig-off font-feature-calt-off text-decoration-none text-strikethrough-none\">Cena rom\u00e1ntica <\/span><\/strong><\/p>\n<p class=\"cvGsUA direction-ltr align-start para-style-body\"><span class=\"OYPEnA font-feature-liga-off font-feature-clig-off font-feature-calt-off text-decoration-none text-strikethrough-none\"><img decoding=\"async\" class=\" wp-image-8237 alignleft\" src=\"https:\/\/www.visitamalfi.info\/wp-content\/uploads\/2023\/06\/Amalfi_residence_Sensi_Tormolino_MGL9998Nikoboi-2021-300x200.jpg\" alt=\"\" width=\"260\" height=\"173\" srcset=\"https:\/\/www.visitamalfi.info\/wp-content\/uploads\/2023\/06\/Amalfi_residence_Sensi_Tormolino_MGL9998Nikoboi-2021-300x200.jpg 300w, https:\/\/www.visitamalfi.info\/wp-content\/uploads\/2023\/06\/Amalfi_residence_Sensi_Tormolino_MGL9998Nikoboi-2021-1024x683.jpg 1024w, https:\/\/www.visitamalfi.info\/wp-content\/uploads\/2023\/06\/Amalfi_residence_Sensi_Tormolino_MGL9998Nikoboi-2021-768x512.jpg 768w, https:\/\/www.visitamalfi.info\/wp-content\/uploads\/2023\/06\/Amalfi_residence_Sensi_Tormolino_MGL9998Nikoboi-2021-1536x1024.jpg 1536w, https:\/\/www.visitamalfi.info\/wp-content\/uploads\/2023\/06\/Amalfi_residence_Sensi_Tormolino_MGL9998Nikoboi-2021-870x580.jpg 870w, https:\/\/www.visitamalfi.info\/wp-content\/uploads\/2023\/06\/Amalfi_residence_Sensi_Tormolino_MGL9998Nikoboi-2021-615x410.jpg 615w, https:\/\/www.visitamalfi.info\/wp-content\/uploads\/2023\/06\/Amalfi_residence_Sensi_Tormolino_MGL9998Nikoboi-2021-1240x825.jpg 1240w, https:\/\/www.visitamalfi.info\/wp-content\/uploads\/2023\/06\/Amalfi_residence_Sensi_Tormolino_MGL9998Nikoboi-2021.jpg 1920w\" sizes=\"(max-width: 260px) 100vw, 260px\" \/>Para la cena, elige entre una cena \u00edntima y rom\u00e1ntica, elige entre las opciones de este <\/span><a href=\"https:\/\/www.visitamalfi.info\/es\/food\/?type=3&#038;category=0&#038;experience=0&#038;inspiration=0&#038;accommodation=0&#038;acat=0&#038;food_type=0&#038;experience=0&#038;service=0&#038;season=0&#038;listing-view=grid&#038;listing-orderby=\"><span class=\"OYPEnA font-feature-liga-off font-feature-clig-off font-feature-calt-off text-strikethrough-none text-decoration-underline\">enlace<\/span><\/a><span class=\"OYPEnA font-feature-liga-off font-feature-clig-off font-feature-calt-off text-strikethrough-none text-decoration-none\">. Despu\u00e9s de cenar, el casco antiguo cobra vida con las luces: perfecto para un digestivo o un paseo nocturno.<\/span><\/p>\n<p class=\"cvGsUA direction-ltr align-start para-style-body\"><strong><span class=\"OYPEnA font-feature-liga-off font-feature-clig-off font-feature-calt-off text-decoration-none text-strikethrough-none\">Consejo extra:<\/span><\/strong><\/p>\n<p class=\"cvGsUA direction-ltr align-start para-style-body\"><span class=\"OYPEnA font-feature-liga-off font-feature-clig-off font-feature-calt-off text-decoration-none text-strikethrough-none\">Consulta el <a href=\"https:\/\/www.visitamalfi.info\/eventi\/\">calendario <\/a><\/span><span class=\"OYPEnA font-feature-liga-off font-feature-clig-off font-feature-calt-off text-strikethrough-none text-decoration-underline\">eventos<\/span><span class=\"OYPEnA font-feature-liga-off font-feature-clig-off font-feature-calt-off text-strikethrough-none text-decoration-none\"> en Amalfi: podr\u00e1s asistir a conciertos, espect\u00e1culos en las plazas o recreaciones hist\u00f3ricas realmente \u00fanicas.<img loading=\"lazy\" decoding=\"async\" class=\" wp-image-22046 alignright\" src=\"https:\/\/www.visitamalfi.info\/wp-content\/uploads\/2025\/06\/concerto-cover-queen-of-bulsara-foto-abbagnara-59-300x200.jpg\" alt=\"\" width=\"254\" height=\"169\" srcset=\"https:\/\/www.visitamalfi.info\/wp-content\/uploads\/2025\/06\/concerto-cover-queen-of-bulsara-foto-abbagnara-59-300x200.jpg 300w, https:\/\/www.visitamalfi.info\/wp-content\/uploads\/2025\/06\/concerto-cover-queen-of-bulsara-foto-abbagnara-59-1024x683.jpg 1024w, https:\/\/www.visitamalfi.info\/wp-content\/uploads\/2025\/06\/concerto-cover-queen-of-bulsara-foto-abbagnara-59-768x512.jpg 768w, https:\/\/www.visitamalfi.info\/wp-content\/uploads\/2025\/06\/concerto-cover-queen-of-bulsara-foto-abbagnara-59-1536x1024.jpg 1536w, https:\/\/www.visitamalfi.info\/wp-content\/uploads\/2025\/06\/concerto-cover-queen-of-bulsara-foto-abbagnara-59-870x580.jpg 870w, https:\/\/www.visitamalfi.info\/wp-content\/uploads\/2025\/06\/concerto-cover-queen-of-bulsara-foto-abbagnara-59-615x410.jpg 615w, https:\/\/www.visitamalfi.info\/wp-content\/uploads\/2025\/06\/concerto-cover-queen-of-bulsara-foto-abbagnara-59-1240x825.jpg 1240w, https:\/\/www.visitamalfi.info\/wp-content\/uploads\/2025\/06\/concerto-cover-queen-of-bulsara-foto-abbagnara-59.jpg 1920w\" sizes=\"(max-width: 254px) 100vw, 254px\" \/><\/span><\/p>\n<p class=\"cvGsUA direction-ltr align-start para-style-body\">\n<p class=\"cvGsUA direction-ltr align-start para-style-body\"><span class=\"OYPEnA font-feature-liga-off font-feature-clig-off font-feature-calt-off text-decoration-none text-strikethrough-none\">&#x1f449; \u00bfHas pasado un fin de semana m\u00e1gico? \u00a1Comparte tus fotos con el hashtag oficial <strong>#VisitAmalfi<\/strong> y etiqueta a <strong>@visitamalfi<\/strong> para entrar en nuestra galer\u00eda!<\/span><\/p>\n","protected":false},"excerpt":{"rendered":"<p>Unas vacaciones entre historia, mar y sabores: descubre qu\u00e9 ver, d\u00f3nde comer y c\u00f3mo vivir mejor la magia de Amalfi. \u00bfEs tu primera vez en Amalfi y no sabes qu\u00e9 [&hellip;]<\/p>\n","protected":false},"author":7,"featured_media":22134,"comment_status":"open","ping_status":"closed","sticky":false,"template":"","format":"standard","meta":{"inline_featured_image":false,"footnotes":""},"categories":[901,263],"tags":[],"class_list":["post-22150","post","type-post","status-publish","format-standard","has-post-thumbnail","hentry","category-consejos-para-viajar","category-curiosidades"],"yoast_head":"<!-- This site is optimized with the Yoast SEO plugin v27.3 - https:\/\/yoast.com\/product\/yoast-seo-wordpress\/ -->\n<title>Amalfi: Itinerario perfecto para un fin de semana de ensue\u00f1o - Visit Amalfi<\/title>\n<meta name=\"robots\" content=\"index, follow, max-snippet:-1, max-image-preview:large, max-video-preview:-1\" \/>\n<link rel=\"canonical\" href=\"https:\/\/www.visitamalfi.info\/es\/amalfi-itinerario-perfecto-para-un-fin-de-semana-de-ensueno\/\" \/>\n<meta property=\"og:locale\" content=\"es_ES\" \/>\n<meta property=\"og:type\" content=\"article\" \/>\n<meta property=\"og:title\" content=\"Amalfi: Itinerario perfecto para un fin de semana de ensue\u00f1o - Visit Amalfi\" \/>\n<meta property=\"og:description\" content=\"Unas vacaciones entre historia, mar y sabores: descubre qu\u00e9 ver, d\u00f3nde comer y c\u00f3mo vivir mejor la magia de Amalfi. \u00bfEs tu primera vez en Amalfi y no sabes qu\u00e9 [&hellip;]\" \/>\n<meta property=\"og:url\" content=\"https:\/\/www.visitamalfi.info\/es\/amalfi-itinerario-perfecto-para-un-fin-de-semana-de-ensueno\/\" \/>\n<meta property=\"og:site_name\" content=\"Visit Amalfi\" \/>\n<meta property=\"article:publisher\" content=\"https:\/\/www.facebook.com\/visitamalfiofficial\" \/>\n<meta property=\"article:published_time\" content=\"2025-06-24T08:50:19+00:00\" \/>\n<meta property=\"og:image\" content=\"https:\/\/www.visitamalfi.info\/wp-content\/uploads\/2025\/06\/CIMITERO-MONUMENTALE-SENZA-MODELLI-M.ABBAGNARA-6.jpg\" \/>\n\t<meta property=\"og:image:width\" content=\"1280\" \/>\n\t<meta property=\"og:image:height\" content=\"1920\" \/>\n\t<meta property=\"og:image:type\" content=\"image\/jpeg\" \/>\n<meta name=\"author\" content=\"Federica Dumont\" \/>\n<meta name=\"twitter:card\" content=\"summary_large_image\" \/>\n<meta name=\"twitter:label1\" content=\"Escrito por\" \/>\n\t<meta name=\"twitter:data1\" content=\"Federica Dumont\" \/>\n\t<meta name=\"twitter:label2\" content=\"Tiempo de lectura\" \/>\n\t<meta name=\"twitter:data2\" content=\"2 minutos\" \/>\n<script type=\"application\/ld+json\" class=\"yoast-schema-graph\">{\"@context\":\"https:\\\/\\\/schema.org\",\"@graph\":[{\"@type\":\"Article\",\"@id\":\"https:\\\/\\\/www.visitamalfi.info\\\/es\\\/amalfi-itinerario-perfecto-para-un-fin-de-semana-de-ensueno\\\/#article\",\"isPartOf\":{\"@id\":\"https:\\\/\\\/www.visitamalfi.info\\\/es\\\/amalfi-itinerario-perfecto-para-un-fin-de-semana-de-ensueno\\\/\"},\"author\":{\"name\":\"Federica Dumont\",\"@id\":\"https:\\\/\\\/www.visitamalfi.info\\\/es\\\/#\\\/schema\\\/person\\\/0c7584af846d5d2da6c69f7e68f3af96\"},\"headline\":\"Amalfi: Itinerario perfecto para un fin de semana de ensue\u00f1o\",\"datePublished\":\"2025-06-24T08:50:19+00:00\",\"mainEntityOfPage\":{\"@id\":\"https:\\\/\\\/www.visitamalfi.info\\\/es\\\/amalfi-itinerario-perfecto-para-un-fin-de-semana-de-ensueno\\\/\"},\"wordCount\":400,\"commentCount\":0,\"publisher\":{\"@id\":\"https:\\\/\\\/www.visitamalfi.info\\\/es\\\/#organization\"},\"image\":{\"@id\":\"https:\\\/\\\/www.visitamalfi.info\\\/es\\\/amalfi-itinerario-perfecto-para-un-fin-de-semana-de-ensueno\\\/#primaryimage\"},\"thumbnailUrl\":\"https:\\\/\\\/www.visitamalfi.info\\\/wp-content\\\/uploads\\\/2025\\\/06\\\/CIMITERO-MONUMENTALE-SENZA-MODELLI-M.ABBAGNARA-6.jpg\",\"articleSection\":[\"Consejos para viajar\",\"Curiosidades\"],\"inLanguage\":\"es\",\"potentialAction\":[{\"@type\":\"CommentAction\",\"name\":\"Comment\",\"target\":[\"https:\\\/\\\/www.visitamalfi.info\\\/es\\\/amalfi-itinerario-perfecto-para-un-fin-de-semana-de-ensueno\\\/#respond\"]}]},{\"@type\":\"WebPage\",\"@id\":\"https:\\\/\\\/www.visitamalfi.info\\\/es\\\/amalfi-itinerario-perfecto-para-un-fin-de-semana-de-ensueno\\\/\",\"url\":\"https:\\\/\\\/www.visitamalfi.info\\\/es\\\/amalfi-itinerario-perfecto-para-un-fin-de-semana-de-ensueno\\\/\",\"name\":\"Amalfi: Itinerario perfecto para un fin de semana de ensue\u00f1o - Visit Amalfi\",\"isPartOf\":{\"@id\":\"https:\\\/\\\/www.visitamalfi.info\\\/es\\\/#website\"},\"primaryImageOfPage\":{\"@id\":\"https:\\\/\\\/www.visitamalfi.info\\\/es\\\/amalfi-itinerario-perfecto-para-un-fin-de-semana-de-ensueno\\\/#primaryimage\"},\"image\":{\"@id\":\"https:\\\/\\\/www.visitamalfi.info\\\/es\\\/amalfi-itinerario-perfecto-para-un-fin-de-semana-de-ensueno\\\/#primaryimage\"},\"thumbnailUrl\":\"https:\\\/\\\/www.visitamalfi.info\\\/wp-content\\\/uploads\\\/2025\\\/06\\\/CIMITERO-MONUMENTALE-SENZA-MODELLI-M.ABBAGNARA-6.jpg\",\"datePublished\":\"2025-06-24T08:50:19+00:00\",\"breadcrumb\":{\"@id\":\"https:\\\/\\\/www.visitamalfi.info\\\/es\\\/amalfi-itinerario-perfecto-para-un-fin-de-semana-de-ensueno\\\/#breadcrumb\"},\"inLanguage\":\"es\",\"potentialAction\":[{\"@type\":\"ReadAction\",\"target\":[\"https:\\\/\\\/www.visitamalfi.info\\\/es\\\/amalfi-itinerario-perfecto-para-un-fin-de-semana-de-ensueno\\\/\"]}]},{\"@type\":\"ImageObject\",\"inLanguage\":\"es\",\"@id\":\"https:\\\/\\\/www.visitamalfi.info\\\/es\\\/amalfi-itinerario-perfecto-para-un-fin-de-semana-de-ensueno\\\/#primaryimage\",\"url\":\"https:\\\/\\\/www.visitamalfi.info\\\/wp-content\\\/uploads\\\/2025\\\/06\\\/CIMITERO-MONUMENTALE-SENZA-MODELLI-M.ABBAGNARA-6.jpg\",\"contentUrl\":\"https:\\\/\\\/www.visitamalfi.info\\\/wp-content\\\/uploads\\\/2025\\\/06\\\/CIMITERO-MONUMENTALE-SENZA-MODELLI-M.ABBAGNARA-6.jpg\",\"width\":1280,\"height\":1920},{\"@type\":\"BreadcrumbList\",\"@id\":\"https:\\\/\\\/www.visitamalfi.info\\\/es\\\/amalfi-itinerario-perfecto-para-un-fin-de-semana-de-ensueno\\\/#breadcrumb\",\"itemListElement\":[{\"@type\":\"ListItem\",\"position\":1,\"name\":\"Home\",\"item\":\"https:\\\/\\\/www.visitamalfi.info\\\/es\\\/\"},{\"@type\":\"ListItem\",\"position\":2,\"name\":\"Amalfi: Itinerario perfecto para un fin de semana de ensue\u00f1o\"}]},{\"@type\":\"WebSite\",\"@id\":\"https:\\\/\\\/www.visitamalfi.info\\\/es\\\/#website\",\"url\":\"https:\\\/\\\/www.visitamalfi.info\\\/es\\\/\",\"name\":\"Visit Amalfi\",\"description\":\"Amalfi Destination Official Website\",\"publisher\":{\"@id\":\"https:\\\/\\\/www.visitamalfi.info\\\/es\\\/#organization\"},\"potentialAction\":[{\"@type\":\"SearchAction\",\"target\":{\"@type\":\"EntryPoint\",\"urlTemplate\":\"https:\\\/\\\/www.visitamalfi.info\\\/es\\\/?s={search_term_string}\"},\"query-input\":{\"@type\":\"PropertyValueSpecification\",\"valueRequired\":true,\"valueName\":\"search_term_string\"}}],\"inLanguage\":\"es\"},{\"@type\":\"Organization\",\"@id\":\"https:\\\/\\\/www.visitamalfi.info\\\/es\\\/#organization\",\"name\":\"Visit Amalfi\",\"url\":\"https:\\\/\\\/www.visitamalfi.info\\\/es\\\/\",\"logo\":{\"@type\":\"ImageObject\",\"inLanguage\":\"es\",\"@id\":\"https:\\\/\\\/www.visitamalfi.info\\\/es\\\/#\\\/schema\\\/logo\\\/image\\\/\",\"url\":\"https:\\\/\\\/www.visitamalfi.info\\\/wp-content\\\/uploads\\\/2023\\\/04\\\/visit-amalfi-logo-web.png\",\"contentUrl\":\"https:\\\/\\\/www.visitamalfi.info\\\/wp-content\\\/uploads\\\/2023\\\/04\\\/visit-amalfi-logo-web.png\",\"width\":800,\"height\":870,\"caption\":\"Visit Amalfi\"},\"image\":{\"@id\":\"https:\\\/\\\/www.visitamalfi.info\\\/es\\\/#\\\/schema\\\/logo\\\/image\\\/\"},\"sameAs\":[\"https:\\\/\\\/www.facebook.com\\\/visitamalfiofficial\",\"https:\\\/\\\/www.instagram.com\\\/visitamalfiofficial\\\/\"]},{\"@type\":\"Person\",\"@id\":\"https:\\\/\\\/www.visitamalfi.info\\\/es\\\/#\\\/schema\\\/person\\\/0c7584af846d5d2da6c69f7e68f3af96\",\"name\":\"Federica Dumont\",\"image\":{\"@type\":\"ImageObject\",\"inLanguage\":\"es\",\"@id\":\"https:\\\/\\\/secure.gravatar.com\\\/avatar\\\/0803dab414b6c6f1fd2399680f587870a020419b6ebe9d36dd75df06a6a68060?s=96&d=mm&r=g\",\"url\":\"https:\\\/\\\/secure.gravatar.com\\\/avatar\\\/0803dab414b6c6f1fd2399680f587870a020419b6ebe9d36dd75df06a6a68060?s=96&d=mm&r=g\",\"contentUrl\":\"https:\\\/\\\/secure.gravatar.com\\\/avatar\\\/0803dab414b6c6f1fd2399680f587870a020419b6ebe9d36dd75df06a6a68060?s=96&d=mm&r=g\",\"caption\":\"Federica Dumont\"},\"url\":\"https:\\\/\\\/www.visitamalfi.info\\\/es\\\/author\\\/federica\\\/\"}]}<\/script>\n<!-- \/ Yoast SEO plugin. -->","yoast_head_json":{"title":"Amalfi: Itinerario perfecto para un fin de semana de ensue\u00f1o - Visit Amalfi","robots":{"index":"index","follow":"follow","max-snippet":"max-snippet:-1","max-image-preview":"max-image-preview:large","max-video-preview":"max-video-preview:-1"},"canonical":"https:\/\/www.visitamalfi.info\/es\/amalfi-itinerario-perfecto-para-un-fin-de-semana-de-ensueno\/","og_locale":"es_ES","og_type":"article","og_title":"Amalfi: Itinerario perfecto para un fin de semana de ensue\u00f1o - Visit Amalfi","og_description":"Unas vacaciones entre historia, mar y sabores: descubre qu\u00e9 ver, d\u00f3nde comer y c\u00f3mo vivir mejor la magia de Amalfi. \u00bfEs tu primera vez en Amalfi y no sabes qu\u00e9 [&hellip;]","og_url":"https:\/\/www.visitamalfi.info\/es\/amalfi-itinerario-perfecto-para-un-fin-de-semana-de-ensueno\/","og_site_name":"Visit Amalfi","article_publisher":"https:\/\/www.facebook.com\/visitamalfiofficial","article_published_time":"2025-06-24T08:50:19+00:00","og_image":[{"width":1280,"height":1920,"url":"https:\/\/www.visitamalfi.info\/wp-content\/uploads\/2025\/06\/CIMITERO-MONUMENTALE-SENZA-MODELLI-M.ABBAGNARA-6.jpg","type":"image\/jpeg"}],"author":"Federica Dumont","twitter_card":"summary_large_image","twitter_misc":{"Escrito por":"Federica Dumont","Tiempo de lectura":"2 minutos"},"schema":{"@context":"https:\/\/schema.org","@graph":[{"@type":"Article","@id":"https:\/\/www.visitamalfi.info\/es\/amalfi-itinerario-perfecto-para-un-fin-de-semana-de-ensueno\/#article","isPartOf":{"@id":"https:\/\/www.visitamalfi.info\/es\/amalfi-itinerario-perfecto-para-un-fin-de-semana-de-ensueno\/"},"author":{"name":"Federica Dumont","@id":"https:\/\/www.visitamalfi.info\/es\/#\/schema\/person\/0c7584af846d5d2da6c69f7e68f3af96"},"headline":"Amalfi: Itinerario perfecto para un fin de semana de ensue\u00f1o","datePublished":"2025-06-24T08:50:19+00:00","mainEntityOfPage":{"@id":"https:\/\/www.visitamalfi.info\/es\/amalfi-itinerario-perfecto-para-un-fin-de-semana-de-ensueno\/"},"wordCount":400,"commentCount":0,"publisher":{"@id":"https:\/\/www.visitamalfi.info\/es\/#organization"},"image":{"@id":"https:\/\/www.visitamalfi.info\/es\/amalfi-itinerario-perfecto-para-un-fin-de-semana-de-ensueno\/#primaryimage"},"thumbnailUrl":"https:\/\/www.visitamalfi.info\/wp-content\/uploads\/2025\/06\/CIMITERO-MONUMENTALE-SENZA-MODELLI-M.ABBAGNARA-6.jpg","articleSection":["Consejos para viajar","Curiosidades"],"inLanguage":"es","potentialAction":[{"@type":"CommentAction","name":"Comment","target":["https:\/\/www.visitamalfi.info\/es\/amalfi-itinerario-perfecto-para-un-fin-de-semana-de-ensueno\/#respond"]}]},{"@type":"WebPage","@id":"https:\/\/www.visitamalfi.info\/es\/amalfi-itinerario-perfecto-para-un-fin-de-semana-de-ensueno\/","url":"https:\/\/www.visitamalfi.info\/es\/amalfi-itinerario-perfecto-para-un-fin-de-semana-de-ensueno\/","name":"Amalfi: Itinerario perfecto para un fin de semana de ensue\u00f1o - Visit Amalfi","isPartOf":{"@id":"https:\/\/www.visitamalfi.info\/es\/#website"},"primaryImageOfPage":{"@id":"https:\/\/www.visitamalfi.info\/es\/amalfi-itinerario-perfecto-para-un-fin-de-semana-de-ensueno\/#primaryimage"},"image":{"@id":"https:\/\/www.visitamalfi.info\/es\/amalfi-itinerario-perfecto-para-un-fin-de-semana-de-ensueno\/#primaryimage"},"thumbnailUrl":"https:\/\/www.visitamalfi.info\/wp-content\/uploads\/2025\/06\/CIMITERO-MONUMENTALE-SENZA-MODELLI-M.ABBAGNARA-6.jpg","datePublished":"2025-06-24T08:50:19+00:00","breadcrumb":{"@id":"https:\/\/www.visitamalfi.info\/es\/amalfi-itinerario-perfecto-para-un-fin-de-semana-de-ensueno\/#breadcrumb"},"inLanguage":"es","potentialAction":[{"@type":"ReadAction","target":["https:\/\/www.visitamalfi.info\/es\/amalfi-itinerario-perfecto-para-un-fin-de-semana-de-ensueno\/"]}]},{"@type":"ImageObject","inLanguage":"es","@id":"https:\/\/www.visitamalfi.info\/es\/amalfi-itinerario-perfecto-para-un-fin-de-semana-de-ensueno\/#primaryimage","url":"https:\/\/www.visitamalfi.info\/wp-content\/uploads\/2025\/06\/CIMITERO-MONUMENTALE-SENZA-MODELLI-M.ABBAGNARA-6.jpg","contentUrl":"https:\/\/www.visitamalfi.info\/wp-content\/uploads\/2025\/06\/CIMITERO-MONUMENTALE-SENZA-MODELLI-M.ABBAGNARA-6.jpg","width":1280,"height":1920},{"@type":"BreadcrumbList","@id":"https:\/\/www.visitamalfi.info\/es\/amalfi-itinerario-perfecto-para-un-fin-de-semana-de-ensueno\/#breadcrumb","itemListElement":[{"@type":"ListItem","position":1,"name":"Home","item":"https:\/\/www.visitamalfi.info\/es\/"},{"@type":"ListItem","position":2,"name":"Amalfi: Itinerario perfecto para un fin de semana de ensue\u00f1o"}]},{"@type":"WebSite","@id":"https:\/\/www.visitamalfi.info\/es\/#website","url":"https:\/\/www.visitamalfi.info\/es\/","name":"Visit Amalfi","description":"Amalfi Destination Official Website","publisher":{"@id":"https:\/\/www.visitamalfi.info\/es\/#organization"},"potentialAction":[{"@type":"SearchAction","target":{"@type":"EntryPoint","urlTemplate":"https:\/\/www.visitamalfi.info\/es\/?s={search_term_string}"},"query-input":{"@type":"PropertyValueSpecification","valueRequired":true,"valueName":"search_term_string"}}],"inLanguage":"es"},{"@type":"Organization","@id":"https:\/\/www.visitamalfi.info\/es\/#organization","name":"Visit Amalfi","url":"https:\/\/www.visitamalfi.info\/es\/","logo":{"@type":"ImageObject","inLanguage":"es","@id":"https:\/\/www.visitamalfi.info\/es\/#\/schema\/logo\/image\/","url":"https:\/\/www.visitamalfi.info\/wp-content\/uploads\/2023\/04\/visit-amalfi-logo-web.png","contentUrl":"https:\/\/www.visitamalfi.info\/wp-content\/uploads\/2023\/04\/visit-amalfi-logo-web.png","width":800,"height":870,"caption":"Visit Amalfi"},"image":{"@id":"https:\/\/www.visitamalfi.info\/es\/#\/schema\/logo\/image\/"},"sameAs":["https:\/\/www.facebook.com\/visitamalfiofficial","https:\/\/www.instagram.com\/visitamalfiofficial\/"]},{"@type":"Person","@id":"https:\/\/www.visitamalfi.info\/es\/#\/schema\/person\/0c7584af846d5d2da6c69f7e68f3af96","name":"Federica Dumont","image":{"@type":"ImageObject","inLanguage":"es","@id":"https:\/\/secure.gravatar.com\/avatar\/0803dab414b6c6f1fd2399680f587870a020419b6ebe9d36dd75df06a6a68060?s=96&d=mm&r=g","url":"https:\/\/secure.gravatar.com\/avatar\/0803dab414b6c6f1fd2399680f587870a020419b6ebe9d36dd75df06a6a68060?s=96&d=mm&r=g","contentUrl":"https:\/\/secure.gravatar.com\/avatar\/0803dab414b6c6f1fd2399680f587870a020419b6ebe9d36dd75df06a6a68060?s=96&d=mm&r=g","caption":"Federica Dumont"},"url":"https:\/\/www.visitamalfi.info\/es\/author\/federica\/"}]}},"_links":{"self":[{"href":"https:\/\/www.visitamalfi.info\/es\/wp-json\/wp\/v2\/posts\/22150","targetHints":{"allow":["GET"]}}],"collection":[{"href":"https:\/\/www.visitamalfi.info\/es\/wp-json\/wp\/v2\/posts"}],"about":[{"href":"https:\/\/www.visitamalfi.info\/es\/wp-json\/wp\/v2\/types\/post"}],"author":[{"embeddable":true,"href":"https:\/\/www.visitamalfi.info\/es\/wp-json\/wp\/v2\/users\/7"}],"replies":[{"embeddable":true,"href":"https:\/\/www.visitamalfi.info\/es\/wp-json\/wp\/v2\/comments?post=22150"}],"version-history":[{"count":0,"href":"https:\/\/www.visitamalfi.info\/es\/wp-json\/wp\/v2\/posts\/22150\/revisions"}],"wp:featuredmedia":[{"embeddable":true,"href":"https:\/\/www.visitamalfi.info\/es\/wp-json\/wp\/v2\/media\/22134"}],"wp:attachment":[{"href":"https:\/\/www.visitamalfi.info\/es\/wp-json\/wp\/v2\/media?parent=22150"}],"wp:term":[{"taxonomy":"category","embeddable":true,"href":"https:\/\/www.visitamalfi.info\/es\/wp-json\/wp\/v2\/categories?post=22150"},{"taxonomy":"post_tag","embeddable":true,"href":"https:\/\/www.visitamalfi.info\/es\/wp-json\/wp\/v2\/tags?post=22150"}],"curies":[{"name":"wp","href":"https:\/\/api.w.org\/{rel}","templated":true}]}}