{"id":21982,"date":"2025-06-19T16:08:23","date_gmt":"2025-06-19T14:08:23","guid":{"rendered":"https:\/\/www.visitamalfi.info\/amalfi-cada-vez-mas-accesible-nace-una-playa-inclusiva-para-todos\/"},"modified":"2025-06-19T16:08:23","modified_gmt":"2025-06-19T14:08:23","slug":"amalfi-cada-vez-mas-accesible-nace-una-playa-inclusiva-para-todos","status":"publish","type":"post","link":"https:\/\/www.visitamalfi.info\/es\/amalfi-cada-vez-mas-accesible-nace-una-playa-inclusiva-para-todos\/","title":{"rendered":"Amalfi cada vez m\u00e1s accesible: nace una playa inclusiva para todos"},"content":{"rendered":"<p>A partir del verano de 2025, Amalfi da un paso importante hacia una acogida cada vez m\u00e1s inclusiva. Gracias a un proyecto dedicado a la<strong>accesibilidad tur\u00edstica<\/strong>, una parte de la famosa playa de \u201cMarina Spiaggia\u201d (lado oeste) se equipar\u00e1 y reservar\u00e1 para que las personas con discapacidad o dificultades motrices puedan disfrutar del mar con total libertad y serenidad.<img fetchpriority=\"high\" decoding=\"async\" class=\"size-medium wp-image-21942 alignleft\" src=\"https:\/\/www.visitamalfi.info\/wp-content\/uploads\/2025\/06\/20250619_104153-169x300.jpg\" alt=\"\" width=\"169\" height=\"300\" srcset=\"https:\/\/www.visitamalfi.info\/wp-content\/uploads\/2025\/06\/20250619_104153-169x300.jpg 169w, https:\/\/www.visitamalfi.info\/wp-content\/uploads\/2025\/06\/20250619_104153-577x1024.jpg 577w, https:\/\/www.visitamalfi.info\/wp-content\/uploads\/2025\/06\/20250619_104153-768x1364.jpg 768w, https:\/\/www.visitamalfi.info\/wp-content\/uploads\/2025\/06\/20250619_104153-865x1536.jpg 865w, https:\/\/www.visitamalfi.info\/wp-content\/uploads\/2025\/06\/20250619_104153.jpg 1081w\" sizes=\"(max-width: 169px) 100vw, 169px\" \/><\/p>\n<p><strong>Una zona dise\u00f1ada con cuidado y atenci\u00f3n<\/strong><\/p>\n<p>De junio a octubre, los visitantes podr\u00e1n hacer uso de un espacio c\u00f3modo y bien equipado, dise\u00f1ado para facilitar el acceso y la estancia en la playa.<\/p>\n<p>El \u00e1rea estar\u00e1 equipada con:<\/p>\n<ul>\n<li>Sillas flotantes (para facilitar la entrada segura en el agua),<\/li>\n<li>Una silla Job, ideal para transportarla por la arena,<\/li>\n<li>Una pasarela facilita el acceso a las tumbonas y sombrillas,<\/li>\n<li>Estaciones de relax con 6 tumbonas, 6 sombrillas y sillas de director.<\/li>\n<\/ul>\n<p><strong>Recepci\u00f3n gratuita y personal dedicado<\/strong><\/p>\n<p>Lo que har\u00e1 que este proyecto sea a\u00fan m\u00e1s especial ser\u00e1 la presencia de <strong>operadores cualificados<\/strong>, dispuestos a acoger y apoyar a cada hu\u00e9sped. La asistencia ser\u00e1 totalmente gratuita y estar\u00e1 a cargo de la Cooperativa Sociale L&#8217;Alveare, que tambi\u00e9n proporcionar\u00e1 orientaci\u00f3n y organizar\u00e1 el acceso.<img decoding=\"async\" class=\"size-medium wp-image-21952 alignright\" src=\"https:\/\/www.visitamalfi.info\/wp-content\/uploads\/2025\/06\/20250619_105039-300x169.jpg\" alt=\"\" width=\"300\" height=\"169\" srcset=\"https:\/\/www.visitamalfi.info\/wp-content\/uploads\/2025\/06\/20250619_105039-300x169.jpg 300w, https:\/\/www.visitamalfi.info\/wp-content\/uploads\/2025\/06\/20250619_105039-1024x577.jpg 1024w, https:\/\/www.visitamalfi.info\/wp-content\/uploads\/2025\/06\/20250619_105039-768x432.jpg 768w, https:\/\/www.visitamalfi.info\/wp-content\/uploads\/2025\/06\/20250619_105039-1536x865.jpg 1536w, https:\/\/www.visitamalfi.info\/wp-content\/uploads\/2025\/06\/20250619_105039.jpg 1920w\" sizes=\"(max-width: 300px) 100vw, 300px\" \/><\/p>\n<p><strong>Un compromiso concreto con el turismo que no excluya a nadie<\/strong><\/p>\n<p>Con esta iniciativa, Amalfi renueva su compromiso con un turismo accesible y sensible a las necesidades de todos. Para quienes aman viajar, explorar y relajarse junto al mar, saber que pueden contar con un lugar bien equipado e inclusivo marca la diferencia.<\/p>\n<p>Ya sean unas vacaciones en familia, una estancia con amigos o una escapada personal, a partir de este verano Amalfi ser\u00e1 a\u00fan m\u00e1s acogedora para todos.<\/p>\n<p>&nbsp;<\/p>\n<div id='gallery-1' class='gallery galleryid-21982 gallery-columns-3 gallery-size-thumbnail'><figure class='gallery-item'>\n\t\t\t<div class='gallery-icon portrait'>\n\t\t\t\t<a href='https:\/\/www.visitamalfi.info\/es\/amalfi-cada-vez-mas-accesible-nace-una-playa-inclusiva-para-todos\/20250619_103953-2\/'><img decoding=\"async\" width=\"300\" height=\"300\" src=\"https:\/\/www.visitamalfi.info\/wp-content\/uploads\/2025\/06\/20250619_103953-300x300.jpg\" class=\"attachment-thumbnail size-thumbnail\" alt=\"\" srcset=\"https:\/\/www.visitamalfi.info\/wp-content\/uploads\/2025\/06\/20250619_103953-300x300.jpg 300w, https:\/\/www.visitamalfi.info\/wp-content\/uploads\/2025\/06\/20250619_103953-510x510.jpg 510w, https:\/\/www.visitamalfi.info\/wp-content\/uploads\/2025\/06\/20250619_103953-160x160.jpg 160w\" sizes=\"(max-width: 300px) 100vw, 300px\" \/><\/a>\n\t\t\t<\/div><\/figure><figure class='gallery-item'>\n\t\t\t<div class='gallery-icon portrait'>\n\t\t\t\t<a href='https:\/\/www.visitamalfi.info\/es\/amalfi-cada-vez-mas-accesible-nace-una-playa-inclusiva-para-todos\/20250619_104001-2\/'><img loading=\"lazy\" decoding=\"async\" width=\"300\" height=\"300\" src=\"https:\/\/www.visitamalfi.info\/wp-content\/uploads\/2025\/06\/20250619_104001-300x300.jpg\" class=\"attachment-thumbnail size-thumbnail\" alt=\"\" srcset=\"https:\/\/www.visitamalfi.info\/wp-content\/uploads\/2025\/06\/20250619_104001-300x300.jpg 300w, https:\/\/www.visitamalfi.info\/wp-content\/uploads\/2025\/06\/20250619_104001-510x510.jpg 510w, https:\/\/www.visitamalfi.info\/wp-content\/uploads\/2025\/06\/20250619_104001-160x160.jpg 160w\" sizes=\"(max-width: 300px) 100vw, 300px\" \/><\/a>\n\t\t\t<\/div><\/figure><figure class='gallery-item'>\n\t\t\t<div class='gallery-icon portrait'>\n\t\t\t\t<a href='https:\/\/www.visitamalfi.info\/es\/amalfi-cada-vez-mas-accesible-nace-una-playa-inclusiva-para-todos\/20250619_104153-2\/'><img loading=\"lazy\" decoding=\"async\" width=\"300\" height=\"300\" src=\"https:\/\/www.visitamalfi.info\/wp-content\/uploads\/2025\/06\/20250619_104153-300x300.jpg\" class=\"attachment-thumbnail size-thumbnail\" alt=\"\" srcset=\"https:\/\/www.visitamalfi.info\/wp-content\/uploads\/2025\/06\/20250619_104153-300x300.jpg 300w, https:\/\/www.visitamalfi.info\/wp-content\/uploads\/2025\/06\/20250619_104153-510x510.jpg 510w, https:\/\/www.visitamalfi.info\/wp-content\/uploads\/2025\/06\/20250619_104153-160x160.jpg 160w\" sizes=\"(max-width: 300px) 100vw, 300px\" \/><\/a>\n\t\t\t<\/div><\/figure><figure class='gallery-item'>\n\t\t\t<div class='gallery-icon landscape'>\n\t\t\t\t<a href='https:\/\/www.visitamalfi.info\/es\/amalfi-cada-vez-mas-accesible-nace-una-playa-inclusiva-para-todos\/20250619_104215-2\/'><img loading=\"lazy\" decoding=\"async\" width=\"300\" height=\"300\" src=\"https:\/\/www.visitamalfi.info\/wp-content\/uploads\/2025\/06\/20250619_104215-300x300.jpg\" class=\"attachment-thumbnail size-thumbnail\" alt=\"\" srcset=\"https:\/\/www.visitamalfi.info\/wp-content\/uploads\/2025\/06\/20250619_104215-300x300.jpg 300w, https:\/\/www.visitamalfi.info\/wp-content\/uploads\/2025\/06\/20250619_104215-510x510.jpg 510w, https:\/\/www.visitamalfi.info\/wp-content\/uploads\/2025\/06\/20250619_104215-160x160.jpg 160w\" sizes=\"(max-width: 300px) 100vw, 300px\" \/><\/a>\n\t\t\t<\/div><\/figure><figure class='gallery-item'>\n\t\t\t<div class='gallery-icon landscape'>\n\t\t\t\t<a href='https:\/\/www.visitamalfi.info\/es\/amalfi-cada-vez-mas-accesible-nace-una-playa-inclusiva-para-todos\/20250619_105039-2\/'><img loading=\"lazy\" decoding=\"async\" width=\"300\" height=\"300\" src=\"https:\/\/www.visitamalfi.info\/wp-content\/uploads\/2025\/06\/20250619_105039-300x300.jpg\" class=\"attachment-thumbnail size-thumbnail\" alt=\"\" srcset=\"https:\/\/www.visitamalfi.info\/wp-content\/uploads\/2025\/06\/20250619_105039-300x300.jpg 300w, https:\/\/www.visitamalfi.info\/wp-content\/uploads\/2025\/06\/20250619_105039-510x510.jpg 510w, https:\/\/www.visitamalfi.info\/wp-content\/uploads\/2025\/06\/20250619_105039-160x160.jpg 160w\" sizes=\"(max-width: 300px) 100vw, 300px\" \/><\/a>\n\t\t\t<\/div><\/figure><figure class='gallery-item'>\n\t\t\t<div class='gallery-icon landscape'>\n\t\t\t\t<a href='https:\/\/www.visitamalfi.info\/es\/amalfi-cada-vez-mas-accesible-nace-una-playa-inclusiva-para-todos\/20250619_105711-2\/'><img loading=\"lazy\" decoding=\"async\" width=\"300\" height=\"300\" src=\"https:\/\/www.visitamalfi.info\/wp-content\/uploads\/2025\/06\/20250619_105711-300x300.jpg\" class=\"attachment-thumbnail size-thumbnail\" alt=\"\" srcset=\"https:\/\/www.visitamalfi.info\/wp-content\/uploads\/2025\/06\/20250619_105711-300x300.jpg 300w, https:\/\/www.visitamalfi.info\/wp-content\/uploads\/2025\/06\/20250619_105711-510x510.jpg 510w, https:\/\/www.visitamalfi.info\/wp-content\/uploads\/2025\/06\/20250619_105711-160x160.jpg 160w\" sizes=\"(max-width: 300px) 100vw, 300px\" \/><\/a>\n\t\t\t<\/div><\/figure><figure class='gallery-item'>\n\t\t\t<div class='gallery-icon portrait'>\n\t\t\t\t<a href='https:\/\/www.visitamalfi.info\/es\/amalfi-cada-vez-mas-accesible-nace-una-playa-inclusiva-para-todos\/20250619_105740-2\/'><img loading=\"lazy\" decoding=\"async\" width=\"300\" height=\"300\" src=\"https:\/\/www.visitamalfi.info\/wp-content\/uploads\/2025\/06\/20250619_105740-300x300.jpg\" class=\"attachment-thumbnail size-thumbnail\" alt=\"\" srcset=\"https:\/\/www.visitamalfi.info\/wp-content\/uploads\/2025\/06\/20250619_105740-300x300.jpg 300w, https:\/\/www.visitamalfi.info\/wp-content\/uploads\/2025\/06\/20250619_105740-510x510.jpg 510w, https:\/\/www.visitamalfi.info\/wp-content\/uploads\/2025\/06\/20250619_105740-160x160.jpg 160w\" sizes=\"(max-width: 300px) 100vw, 300px\" \/><\/a>\n\t\t\t<\/div><\/figure><figure class='gallery-item'>\n\t\t\t<div class='gallery-icon portrait'>\n\t\t\t\t<a href='https:\/\/www.visitamalfi.info\/es\/amalfi-cada-vez-mas-accesible-nace-una-playa-inclusiva-para-todos\/20250619_105909-2\/'><img loading=\"lazy\" decoding=\"async\" width=\"300\" height=\"300\" src=\"https:\/\/www.visitamalfi.info\/wp-content\/uploads\/2025\/06\/20250619_105909-300x300.jpg\" class=\"attachment-thumbnail size-thumbnail\" alt=\"\" srcset=\"https:\/\/www.visitamalfi.info\/wp-content\/uploads\/2025\/06\/20250619_105909-300x300.jpg 300w, https:\/\/www.visitamalfi.info\/wp-content\/uploads\/2025\/06\/20250619_105909-510x510.jpg 510w, https:\/\/www.visitamalfi.info\/wp-content\/uploads\/2025\/06\/20250619_105909-160x160.jpg 160w\" sizes=\"(max-width: 300px) 100vw, 300px\" \/><\/a>\n\t\t\t<\/div><\/figure><figure class='gallery-item'>\n\t\t\t<div class='gallery-icon landscape'>\n\t\t\t\t<a href='https:\/\/www.visitamalfi.info\/es\/amalfi-cada-vez-mas-accesible-nace-una-playa-inclusiva-para-todos\/whatsapp-image-2025-06-19-at-11-48-33-2\/'><img loading=\"lazy\" decoding=\"async\" width=\"300\" height=\"300\" src=\"https:\/\/www.visitamalfi.info\/wp-content\/uploads\/2025\/06\/WhatsApp-Image-2025-06-19-at-11.48.33-300x300.jpeg\" class=\"attachment-thumbnail size-thumbnail\" alt=\"\" srcset=\"https:\/\/www.visitamalfi.info\/wp-content\/uploads\/2025\/06\/WhatsApp-Image-2025-06-19-at-11.48.33-300x300.jpeg 300w, https:\/\/www.visitamalfi.info\/wp-content\/uploads\/2025\/06\/WhatsApp-Image-2025-06-19-at-11.48.33-510x510.jpeg 510w, https:\/\/www.visitamalfi.info\/wp-content\/uploads\/2025\/06\/WhatsApp-Image-2025-06-19-at-11.48.33-160x160.jpeg 160w\" sizes=\"(max-width: 300px) 100vw, 300px\" \/><\/a>\n\t\t\t<\/div><\/figure>\n\t\t<\/div>\n\n","protected":false},"excerpt":{"rendered":"<p>A partir del verano de 2025, Amalfi da un paso importante hacia una acogida cada vez m\u00e1s inclusiva. Gracias a un proyecto dedicado a laaccesibilidad tur\u00edstica, una parte de la [&hellip;]<\/p>\n","protected":false},"author":7,"featured_media":21931,"comment_status":"open","ping_status":"closed","sticky":false,"template":"","format":"standard","meta":{"inline_featured_image":false,"footnotes":""},"categories":[901,263],"tags":[],"class_list":["post-21982","post","type-post","status-publish","format-standard","has-post-thumbnail","hentry","category-consejos-para-viajar","category-curiosidades"],"yoast_head":"<!-- This site is optimized with the Yoast SEO plugin v27.3 - https:\/\/yoast.com\/product\/yoast-seo-wordpress\/ -->\n<title>Amalfi cada vez m\u00e1s accesible: nace una playa inclusiva para todos - Visit Amalfi<\/title>\n<meta name=\"robots\" content=\"index, follow, max-snippet:-1, max-image-preview:large, max-video-preview:-1\" \/>\n<link rel=\"canonical\" href=\"https:\/\/www.visitamalfi.info\/es\/amalfi-cada-vez-mas-accesible-nace-una-playa-inclusiva-para-todos\/\" \/>\n<meta property=\"og:locale\" content=\"es_ES\" \/>\n<meta property=\"og:type\" content=\"article\" \/>\n<meta property=\"og:title\" content=\"Amalfi cada vez m\u00e1s accesible: nace una playa inclusiva para todos - Visit Amalfi\" \/>\n<meta property=\"og:description\" content=\"A partir del verano de 2025, Amalfi da un paso importante hacia una acogida cada vez m\u00e1s inclusiva. Gracias a un proyecto dedicado a laaccesibilidad tur\u00edstica, una parte de la [&hellip;]\" \/>\n<meta property=\"og:url\" content=\"https:\/\/www.visitamalfi.info\/es\/amalfi-cada-vez-mas-accesible-nace-una-playa-inclusiva-para-todos\/\" \/>\n<meta property=\"og:site_name\" content=\"Visit Amalfi\" \/>\n<meta property=\"article:publisher\" content=\"https:\/\/www.facebook.com\/visitamalfiofficial\" \/>\n<meta property=\"article:published_time\" content=\"2025-06-19T14:08:23+00:00\" \/>\n<meta property=\"og:image\" content=\"https:\/\/www.visitamalfi.info\/wp-content\/uploads\/2025\/06\/WhatsApp-Image-2025-06-19-at-11.48.33.jpeg\" \/>\n\t<meta property=\"og:image:width\" content=\"1920\" \/>\n\t<meta property=\"og:image:height\" content=\"1081\" \/>\n\t<meta property=\"og:image:type\" content=\"image\/jpeg\" \/>\n<meta name=\"author\" content=\"Federica Dumont\" \/>\n<meta name=\"twitter:card\" content=\"summary_large_image\" \/>\n<meta name=\"twitter:label1\" content=\"Escrito por\" \/>\n\t<meta name=\"twitter:data1\" content=\"Federica Dumont\" \/>\n\t<meta name=\"twitter:label2\" content=\"Tiempo de lectura\" \/>\n\t<meta name=\"twitter:data2\" content=\"1 minuto\" \/>\n<script type=\"application\/ld+json\" class=\"yoast-schema-graph\">{\"@context\":\"https:\\\/\\\/schema.org\",\"@graph\":[{\"@type\":\"Article\",\"@id\":\"https:\\\/\\\/www.visitamalfi.info\\\/es\\\/amalfi-cada-vez-mas-accesible-nace-una-playa-inclusiva-para-todos\\\/#article\",\"isPartOf\":{\"@id\":\"https:\\\/\\\/www.visitamalfi.info\\\/es\\\/amalfi-cada-vez-mas-accesible-nace-una-playa-inclusiva-para-todos\\\/\"},\"author\":{\"name\":\"Federica Dumont\",\"@id\":\"https:\\\/\\\/www.visitamalfi.info\\\/es\\\/#\\\/schema\\\/person\\\/0c7584af846d5d2da6c69f7e68f3af96\"},\"headline\":\"Amalfi cada vez m\u00e1s accesible: nace una playa inclusiva para todos\",\"datePublished\":\"2025-06-19T14:08:23+00:00\",\"mainEntityOfPage\":{\"@id\":\"https:\\\/\\\/www.visitamalfi.info\\\/es\\\/amalfi-cada-vez-mas-accesible-nace-una-playa-inclusiva-para-todos\\\/\"},\"wordCount\":297,\"commentCount\":0,\"publisher\":{\"@id\":\"https:\\\/\\\/www.visitamalfi.info\\\/es\\\/#organization\"},\"image\":{\"@id\":\"https:\\\/\\\/www.visitamalfi.info\\\/es\\\/amalfi-cada-vez-mas-accesible-nace-una-playa-inclusiva-para-todos\\\/#primaryimage\"},\"thumbnailUrl\":\"https:\\\/\\\/www.visitamalfi.info\\\/wp-content\\\/uploads\\\/2025\\\/06\\\/WhatsApp-Image-2025-06-19-at-11.48.33.jpeg\",\"articleSection\":[\"Consejos para viajar\",\"Curiosidades\"],\"inLanguage\":\"es\",\"potentialAction\":[{\"@type\":\"CommentAction\",\"name\":\"Comment\",\"target\":[\"https:\\\/\\\/www.visitamalfi.info\\\/es\\\/amalfi-cada-vez-mas-accesible-nace-una-playa-inclusiva-para-todos\\\/#respond\"]}]},{\"@type\":\"WebPage\",\"@id\":\"https:\\\/\\\/www.visitamalfi.info\\\/es\\\/amalfi-cada-vez-mas-accesible-nace-una-playa-inclusiva-para-todos\\\/\",\"url\":\"https:\\\/\\\/www.visitamalfi.info\\\/es\\\/amalfi-cada-vez-mas-accesible-nace-una-playa-inclusiva-para-todos\\\/\",\"name\":\"Amalfi cada vez m\u00e1s accesible: nace una playa inclusiva para todos - Visit Amalfi\",\"isPartOf\":{\"@id\":\"https:\\\/\\\/www.visitamalfi.info\\\/es\\\/#website\"},\"primaryImageOfPage\":{\"@id\":\"https:\\\/\\\/www.visitamalfi.info\\\/es\\\/amalfi-cada-vez-mas-accesible-nace-una-playa-inclusiva-para-todos\\\/#primaryimage\"},\"image\":{\"@id\":\"https:\\\/\\\/www.visitamalfi.info\\\/es\\\/amalfi-cada-vez-mas-accesible-nace-una-playa-inclusiva-para-todos\\\/#primaryimage\"},\"thumbnailUrl\":\"https:\\\/\\\/www.visitamalfi.info\\\/wp-content\\\/uploads\\\/2025\\\/06\\\/WhatsApp-Image-2025-06-19-at-11.48.33.jpeg\",\"datePublished\":\"2025-06-19T14:08:23+00:00\",\"breadcrumb\":{\"@id\":\"https:\\\/\\\/www.visitamalfi.info\\\/es\\\/amalfi-cada-vez-mas-accesible-nace-una-playa-inclusiva-para-todos\\\/#breadcrumb\"},\"inLanguage\":\"es\",\"potentialAction\":[{\"@type\":\"ReadAction\",\"target\":[\"https:\\\/\\\/www.visitamalfi.info\\\/es\\\/amalfi-cada-vez-mas-accesible-nace-una-playa-inclusiva-para-todos\\\/\"]}]},{\"@type\":\"ImageObject\",\"inLanguage\":\"es\",\"@id\":\"https:\\\/\\\/www.visitamalfi.info\\\/es\\\/amalfi-cada-vez-mas-accesible-nace-una-playa-inclusiva-para-todos\\\/#primaryimage\",\"url\":\"https:\\\/\\\/www.visitamalfi.info\\\/wp-content\\\/uploads\\\/2025\\\/06\\\/WhatsApp-Image-2025-06-19-at-11.48.33.jpeg\",\"contentUrl\":\"https:\\\/\\\/www.visitamalfi.info\\\/wp-content\\\/uploads\\\/2025\\\/06\\\/WhatsApp-Image-2025-06-19-at-11.48.33.jpeg\",\"width\":1920,\"height\":1081},{\"@type\":\"BreadcrumbList\",\"@id\":\"https:\\\/\\\/www.visitamalfi.info\\\/es\\\/amalfi-cada-vez-mas-accesible-nace-una-playa-inclusiva-para-todos\\\/#breadcrumb\",\"itemListElement\":[{\"@type\":\"ListItem\",\"position\":1,\"name\":\"Home\",\"item\":\"https:\\\/\\\/www.visitamalfi.info\\\/es\\\/\"},{\"@type\":\"ListItem\",\"position\":2,\"name\":\"Amalfi cada vez m\u00e1s accesible: nace una playa inclusiva para todos\"}]},{\"@type\":\"WebSite\",\"@id\":\"https:\\\/\\\/www.visitamalfi.info\\\/es\\\/#website\",\"url\":\"https:\\\/\\\/www.visitamalfi.info\\\/es\\\/\",\"name\":\"Visit Amalfi\",\"description\":\"Amalfi Destination Official Website\",\"publisher\":{\"@id\":\"https:\\\/\\\/www.visitamalfi.info\\\/es\\\/#organization\"},\"potentialAction\":[{\"@type\":\"SearchAction\",\"target\":{\"@type\":\"EntryPoint\",\"urlTemplate\":\"https:\\\/\\\/www.visitamalfi.info\\\/es\\\/?s={search_term_string}\"},\"query-input\":{\"@type\":\"PropertyValueSpecification\",\"valueRequired\":true,\"valueName\":\"search_term_string\"}}],\"inLanguage\":\"es\"},{\"@type\":\"Organization\",\"@id\":\"https:\\\/\\\/www.visitamalfi.info\\\/es\\\/#organization\",\"name\":\"Visit Amalfi\",\"url\":\"https:\\\/\\\/www.visitamalfi.info\\\/es\\\/\",\"logo\":{\"@type\":\"ImageObject\",\"inLanguage\":\"es\",\"@id\":\"https:\\\/\\\/www.visitamalfi.info\\\/es\\\/#\\\/schema\\\/logo\\\/image\\\/\",\"url\":\"https:\\\/\\\/www.visitamalfi.info\\\/wp-content\\\/uploads\\\/2023\\\/04\\\/visit-amalfi-logo-web.png\",\"contentUrl\":\"https:\\\/\\\/www.visitamalfi.info\\\/wp-content\\\/uploads\\\/2023\\\/04\\\/visit-amalfi-logo-web.png\",\"width\":800,\"height\":870,\"caption\":\"Visit Amalfi\"},\"image\":{\"@id\":\"https:\\\/\\\/www.visitamalfi.info\\\/es\\\/#\\\/schema\\\/logo\\\/image\\\/\"},\"sameAs\":[\"https:\\\/\\\/www.facebook.com\\\/visitamalfiofficial\",\"https:\\\/\\\/www.instagram.com\\\/visitamalfiofficial\\\/\"]},{\"@type\":\"Person\",\"@id\":\"https:\\\/\\\/www.visitamalfi.info\\\/es\\\/#\\\/schema\\\/person\\\/0c7584af846d5d2da6c69f7e68f3af96\",\"name\":\"Federica Dumont\",\"image\":{\"@type\":\"ImageObject\",\"inLanguage\":\"es\",\"@id\":\"https:\\\/\\\/secure.gravatar.com\\\/avatar\\\/0803dab414b6c6f1fd2399680f587870a020419b6ebe9d36dd75df06a6a68060?s=96&d=mm&r=g\",\"url\":\"https:\\\/\\\/secure.gravatar.com\\\/avatar\\\/0803dab414b6c6f1fd2399680f587870a020419b6ebe9d36dd75df06a6a68060?s=96&d=mm&r=g\",\"contentUrl\":\"https:\\\/\\\/secure.gravatar.com\\\/avatar\\\/0803dab414b6c6f1fd2399680f587870a020419b6ebe9d36dd75df06a6a68060?s=96&d=mm&r=g\",\"caption\":\"Federica Dumont\"},\"url\":\"https:\\\/\\\/www.visitamalfi.info\\\/es\\\/author\\\/federica\\\/\"}]}<\/script>\n<!-- \/ Yoast SEO plugin. -->","yoast_head_json":{"title":"Amalfi cada vez m\u00e1s accesible: nace una playa inclusiva para todos - Visit Amalfi","robots":{"index":"index","follow":"follow","max-snippet":"max-snippet:-1","max-image-preview":"max-image-preview:large","max-video-preview":"max-video-preview:-1"},"canonical":"https:\/\/www.visitamalfi.info\/es\/amalfi-cada-vez-mas-accesible-nace-una-playa-inclusiva-para-todos\/","og_locale":"es_ES","og_type":"article","og_title":"Amalfi cada vez m\u00e1s accesible: nace una playa inclusiva para todos - Visit Amalfi","og_description":"A partir del verano de 2025, Amalfi da un paso importante hacia una acogida cada vez m\u00e1s inclusiva. Gracias a un proyecto dedicado a laaccesibilidad tur\u00edstica, una parte de la [&hellip;]","og_url":"https:\/\/www.visitamalfi.info\/es\/amalfi-cada-vez-mas-accesible-nace-una-playa-inclusiva-para-todos\/","og_site_name":"Visit Amalfi","article_publisher":"https:\/\/www.facebook.com\/visitamalfiofficial","article_published_time":"2025-06-19T14:08:23+00:00","og_image":[{"width":1920,"height":1081,"url":"https:\/\/www.visitamalfi.info\/wp-content\/uploads\/2025\/06\/WhatsApp-Image-2025-06-19-at-11.48.33.jpeg","type":"image\/jpeg"}],"author":"Federica Dumont","twitter_card":"summary_large_image","twitter_misc":{"Escrito por":"Federica Dumont","Tiempo de lectura":"1 minuto"},"schema":{"@context":"https:\/\/schema.org","@graph":[{"@type":"Article","@id":"https:\/\/www.visitamalfi.info\/es\/amalfi-cada-vez-mas-accesible-nace-una-playa-inclusiva-para-todos\/#article","isPartOf":{"@id":"https:\/\/www.visitamalfi.info\/es\/amalfi-cada-vez-mas-accesible-nace-una-playa-inclusiva-para-todos\/"},"author":{"name":"Federica Dumont","@id":"https:\/\/www.visitamalfi.info\/es\/#\/schema\/person\/0c7584af846d5d2da6c69f7e68f3af96"},"headline":"Amalfi cada vez m\u00e1s accesible: nace una playa inclusiva para todos","datePublished":"2025-06-19T14:08:23+00:00","mainEntityOfPage":{"@id":"https:\/\/www.visitamalfi.info\/es\/amalfi-cada-vez-mas-accesible-nace-una-playa-inclusiva-para-todos\/"},"wordCount":297,"commentCount":0,"publisher":{"@id":"https:\/\/www.visitamalfi.info\/es\/#organization"},"image":{"@id":"https:\/\/www.visitamalfi.info\/es\/amalfi-cada-vez-mas-accesible-nace-una-playa-inclusiva-para-todos\/#primaryimage"},"thumbnailUrl":"https:\/\/www.visitamalfi.info\/wp-content\/uploads\/2025\/06\/WhatsApp-Image-2025-06-19-at-11.48.33.jpeg","articleSection":["Consejos para viajar","Curiosidades"],"inLanguage":"es","potentialAction":[{"@type":"CommentAction","name":"Comment","target":["https:\/\/www.visitamalfi.info\/es\/amalfi-cada-vez-mas-accesible-nace-una-playa-inclusiva-para-todos\/#respond"]}]},{"@type":"WebPage","@id":"https:\/\/www.visitamalfi.info\/es\/amalfi-cada-vez-mas-accesible-nace-una-playa-inclusiva-para-todos\/","url":"https:\/\/www.visitamalfi.info\/es\/amalfi-cada-vez-mas-accesible-nace-una-playa-inclusiva-para-todos\/","name":"Amalfi cada vez m\u00e1s accesible: nace una playa inclusiva para todos - Visit Amalfi","isPartOf":{"@id":"https:\/\/www.visitamalfi.info\/es\/#website"},"primaryImageOfPage":{"@id":"https:\/\/www.visitamalfi.info\/es\/amalfi-cada-vez-mas-accesible-nace-una-playa-inclusiva-para-todos\/#primaryimage"},"image":{"@id":"https:\/\/www.visitamalfi.info\/es\/amalfi-cada-vez-mas-accesible-nace-una-playa-inclusiva-para-todos\/#primaryimage"},"thumbnailUrl":"https:\/\/www.visitamalfi.info\/wp-content\/uploads\/2025\/06\/WhatsApp-Image-2025-06-19-at-11.48.33.jpeg","datePublished":"2025-06-19T14:08:23+00:00","breadcrumb":{"@id":"https:\/\/www.visitamalfi.info\/es\/amalfi-cada-vez-mas-accesible-nace-una-playa-inclusiva-para-todos\/#breadcrumb"},"inLanguage":"es","potentialAction":[{"@type":"ReadAction","target":["https:\/\/www.visitamalfi.info\/es\/amalfi-cada-vez-mas-accesible-nace-una-playa-inclusiva-para-todos\/"]}]},{"@type":"ImageObject","inLanguage":"es","@id":"https:\/\/www.visitamalfi.info\/es\/amalfi-cada-vez-mas-accesible-nace-una-playa-inclusiva-para-todos\/#primaryimage","url":"https:\/\/www.visitamalfi.info\/wp-content\/uploads\/2025\/06\/WhatsApp-Image-2025-06-19-at-11.48.33.jpeg","contentUrl":"https:\/\/www.visitamalfi.info\/wp-content\/uploads\/2025\/06\/WhatsApp-Image-2025-06-19-at-11.48.33.jpeg","width":1920,"height":1081},{"@type":"BreadcrumbList","@id":"https:\/\/www.visitamalfi.info\/es\/amalfi-cada-vez-mas-accesible-nace-una-playa-inclusiva-para-todos\/#breadcrumb","itemListElement":[{"@type":"ListItem","position":1,"name":"Home","item":"https:\/\/www.visitamalfi.info\/es\/"},{"@type":"ListItem","position":2,"name":"Amalfi cada vez m\u00e1s accesible: nace una playa inclusiva para todos"}]},{"@type":"WebSite","@id":"https:\/\/www.visitamalfi.info\/es\/#website","url":"https:\/\/www.visitamalfi.info\/es\/","name":"Visit Amalfi","description":"Amalfi Destination Official Website","publisher":{"@id":"https:\/\/www.visitamalfi.info\/es\/#organization"},"potentialAction":[{"@type":"SearchAction","target":{"@type":"EntryPoint","urlTemplate":"https:\/\/www.visitamalfi.info\/es\/?s={search_term_string}"},"query-input":{"@type":"PropertyValueSpecification","valueRequired":true,"valueName":"search_term_string"}}],"inLanguage":"es"},{"@type":"Organization","@id":"https:\/\/www.visitamalfi.info\/es\/#organization","name":"Visit Amalfi","url":"https:\/\/www.visitamalfi.info\/es\/","logo":{"@type":"ImageObject","inLanguage":"es","@id":"https:\/\/www.visitamalfi.info\/es\/#\/schema\/logo\/image\/","url":"https:\/\/www.visitamalfi.info\/wp-content\/uploads\/2023\/04\/visit-amalfi-logo-web.png","contentUrl":"https:\/\/www.visitamalfi.info\/wp-content\/uploads\/2023\/04\/visit-amalfi-logo-web.png","width":800,"height":870,"caption":"Visit Amalfi"},"image":{"@id":"https:\/\/www.visitamalfi.info\/es\/#\/schema\/logo\/image\/"},"sameAs":["https:\/\/www.facebook.com\/visitamalfiofficial","https:\/\/www.instagram.com\/visitamalfiofficial\/"]},{"@type":"Person","@id":"https:\/\/www.visitamalfi.info\/es\/#\/schema\/person\/0c7584af846d5d2da6c69f7e68f3af96","name":"Federica Dumont","image":{"@type":"ImageObject","inLanguage":"es","@id":"https:\/\/secure.gravatar.com\/avatar\/0803dab414b6c6f1fd2399680f587870a020419b6ebe9d36dd75df06a6a68060?s=96&d=mm&r=g","url":"https:\/\/secure.gravatar.com\/avatar\/0803dab414b6c6f1fd2399680f587870a020419b6ebe9d36dd75df06a6a68060?s=96&d=mm&r=g","contentUrl":"https:\/\/secure.gravatar.com\/avatar\/0803dab414b6c6f1fd2399680f587870a020419b6ebe9d36dd75df06a6a68060?s=96&d=mm&r=g","caption":"Federica Dumont"},"url":"https:\/\/www.visitamalfi.info\/es\/author\/federica\/"}]}},"_links":{"self":[{"href":"https:\/\/www.visitamalfi.info\/es\/wp-json\/wp\/v2\/posts\/21982","targetHints":{"allow":["GET"]}}],"collection":[{"href":"https:\/\/www.visitamalfi.info\/es\/wp-json\/wp\/v2\/posts"}],"about":[{"href":"https:\/\/www.visitamalfi.info\/es\/wp-json\/wp\/v2\/types\/post"}],"author":[{"embeddable":true,"href":"https:\/\/www.visitamalfi.info\/es\/wp-json\/wp\/v2\/users\/7"}],"replies":[{"embeddable":true,"href":"https:\/\/www.visitamalfi.info\/es\/wp-json\/wp\/v2\/comments?post=21982"}],"version-history":[{"count":0,"href":"https:\/\/www.visitamalfi.info\/es\/wp-json\/wp\/v2\/posts\/21982\/revisions"}],"wp:featuredmedia":[{"embeddable":true,"href":"https:\/\/www.visitamalfi.info\/es\/wp-json\/wp\/v2\/media\/21931"}],"wp:attachment":[{"href":"https:\/\/www.visitamalfi.info\/es\/wp-json\/wp\/v2\/media?parent=21982"}],"wp:term":[{"taxonomy":"category","embeddable":true,"href":"https:\/\/www.visitamalfi.info\/es\/wp-json\/wp\/v2\/categories?post=21982"},{"taxonomy":"post_tag","embeddable":true,"href":"https:\/\/www.visitamalfi.info\/es\/wp-json\/wp\/v2\/tags?post=21982"}],"curies":[{"name":"wp","href":"https:\/\/api.w.org\/{rel}","templated":true}]}}