{"id":21855,"date":"2025-06-03T11:22:13","date_gmt":"2025-06-03T09:22:13","guid":{"rendered":"https:\/\/www.visitamalfi.info\/la-fiesta-de-san-andres-en-amalfi-entre-fe-folclore-y-espectaculo-junto-al-mar\/"},"modified":"2025-06-03T11:22:13","modified_gmt":"2025-06-03T09:22:13","slug":"la-fiesta-de-san-andres-en-amalfi-entre-fe-folclore-y-espectaculo-junto-al-mar","status":"publish","type":"post","link":"https:\/\/www.visitamalfi.info\/es\/la-fiesta-de-san-andres-en-amalfi-entre-fe-folclore-y-espectaculo-junto-al-mar\/","title":{"rendered":"La Fiesta de San Andr\u00e9s en Amalfi: entre fe, folclore y espect\u00e1culo junto al mar"},"content":{"rendered":"<div class=\"page\" title=\"P\u00e1gina 1\">\n<div class=\"section\">\n<div class=\"layoutArea\">\n<div class=\"column\">\n<p>Quiz\u00e1 no todo el mundo sepa que, el 27 de junio y el 30 de noviembre, Amalfi celebra San Andr\u00e9s, su patr\u00f3n, y la ciudad se viste de gala.<br \/>\nEs una ocasi\u00f3n especial, que combina tradici\u00f3n, sacralidad y espect\u00e1culo, capaz de cautivar a todos, ciudadanos y visitantes. Pero, \u00bfde qu\u00e9 se trata?<\/p>\n<p><img fetchpriority=\"high\" decoding=\"async\" class=\"size-medium wp-image-21836 alignright\" src=\"https:\/\/www.visitamalfi.info\/wp-content\/uploads\/2025\/06\/51-Cattedrale-foto-abbagnara-300x200.jpg\" alt=\"\" width=\"300\" height=\"200\" srcset=\"https:\/\/www.visitamalfi.info\/wp-content\/uploads\/2025\/06\/51-Cattedrale-foto-abbagnara-300x200.jpg 300w, https:\/\/www.visitamalfi.info\/wp-content\/uploads\/2025\/06\/51-Cattedrale-foto-abbagnara-1024x683.jpg 1024w, https:\/\/www.visitamalfi.info\/wp-content\/uploads\/2025\/06\/51-Cattedrale-foto-abbagnara-768x512.jpg 768w, https:\/\/www.visitamalfi.info\/wp-content\/uploads\/2025\/06\/51-Cattedrale-foto-abbagnara-1536x1024.jpg 1536w, https:\/\/www.visitamalfi.info\/wp-content\/uploads\/2025\/06\/51-Cattedrale-foto-abbagnara-870x580.jpg 870w, https:\/\/www.visitamalfi.info\/wp-content\/uploads\/2025\/06\/51-Cattedrale-foto-abbagnara-615x410.jpg 615w, https:\/\/www.visitamalfi.info\/wp-content\/uploads\/2025\/06\/51-Cattedrale-foto-abbagnara-1240x825.jpg 1240w, https:\/\/www.visitamalfi.info\/wp-content\/uploads\/2025\/06\/51-Cattedrale-foto-abbagnara.jpg 1920w\" sizes=\"(max-width: 300px) 100vw, 300px\" \/><strong>Una tradici\u00f3n entra\u00f1able<\/strong><\/p>\n<p>Desde 1208, cuando sus reliquias fueron tra\u00eddas aqu\u00ed desde Constantinopla, el ap\u00f3stol pescador ha sido el centro de dos celebraciones solemnes: una de verano (27 de junio) que conmemora el milagro de 1544, cuando se dice que salv\u00f3 a la ciudad de un ataque de piratas, y otra de invierno (30 de noviembre), m\u00e1s \u00edntima y espiritual, en el d\u00eda lit\u00fargico del santo.<\/p>\n<p><strong>El coraz\u00f3n del festival: la Catedral y la Cripta<\/strong><\/p>\n<p><img decoding=\"async\" class=\"size-medium wp-image-21841 alignleft\" src=\"https:\/\/www.visitamalfi.info\/wp-content\/uploads\/2025\/06\/01-Cattedrale-foto-abbagnara-200x300.jpg\" alt=\"\" width=\"200\" height=\"300\" srcset=\"https:\/\/www.visitamalfi.info\/wp-content\/uploads\/2025\/06\/01-Cattedrale-foto-abbagnara-200x300.jpg 200w, https:\/\/www.visitamalfi.info\/wp-content\/uploads\/2025\/06\/01-Cattedrale-foto-abbagnara-683x1024.jpg 683w, https:\/\/www.visitamalfi.info\/wp-content\/uploads\/2025\/06\/01-Cattedrale-foto-abbagnara-768x1152.jpg 768w, https:\/\/www.visitamalfi.info\/wp-content\/uploads\/2025\/06\/01-Cattedrale-foto-abbagnara-1024x1536.jpg 1024w, https:\/\/www.visitamalfi.info\/wp-content\/uploads\/2025\/06\/01-Cattedrale-foto-abbagnara.jpg 1280w\" sizes=\"(max-width: 200px) 100vw, 200px\" \/>El centro de las celebraciones es la majestuosa Catedral de Amalfi, dedicada a San Andr\u00e9s. Aqu\u00ed se celebra la misa solemne, en presencia de las autoridades civiles y religiosas, y desde aqu\u00ed parte la impresionante procesi\u00f3n con la estatua del Santo llevada a hombros, acompa\u00f1ada de cantos, oraciones y toda una comunidad en fiesta.<\/p>\n<p><strong>El momento m\u00e1s esperado: la carrera de las estatuas<\/strong><br \/>\nUno de los actos m\u00e1s esc\u00e9nicos de la celebraci\u00f3n es la bajada de la estatua de San Andr\u00e9s por la escalinata monumental de la catedral, entre los aplausos de la multitud. Es un gesto espectacular y un acto de fe.<\/p>\n<p><strong>La fiesta junto al mar<\/strong><\/p>\n<p>Tras la procesi\u00f3n, los festejos se trasladan al mar y al cielo: bandas de m\u00fasica, barcos iluminados a lo largo de la costa y, sobre todo, fuegos artificiales sobre el mar proporcionan uno de los momentos m\u00e1s emocionantes del verano amalfitano.<\/p>\n<p>La fiesta de San Andr\u00e9s no es s\u00f3lo un acontecimiento religioso: es una experiencia total y tradicional. Es ver Amalfi en su estado m\u00e1s aut\u00e9ntico, entre historia, leyenda, devoci\u00f3n y espect\u00e1culo.<\/p>\n<p>Seas creyente o no, esta celebraci\u00f3n es una oportunidad \u00fanica para entrar en contacto con el alma m\u00e1s profunda de la Ciudad.<\/p>\n<\/div>\n<\/div>\n<\/div>\n<\/div>\n","protected":false},"excerpt":{"rendered":"<p>Quiz\u00e1 no todo el mundo sepa que, el 27 de junio y el 30 de noviembre, Amalfi celebra San Andr\u00e9s, su patr\u00f3n, y la ciudad se viste de gala. Es [&hellip;]<\/p>\n","protected":false},"author":7,"featured_media":21850,"comment_status":"open","ping_status":"closed","sticky":false,"template":"","format":"standard","meta":{"inline_featured_image":false,"footnotes":""},"categories":[263],"tags":[],"class_list":["post-21855","post","type-post","status-publish","format-standard","has-post-thumbnail","hentry","category-curiosidades"],"yoast_head":"<!-- This site is optimized with the Yoast SEO plugin v27.3 - https:\/\/yoast.com\/product\/yoast-seo-wordpress\/ -->\n<title>La Fiesta de San Andr\u00e9s en Amalfi: entre fe, folclore y espect\u00e1culo junto al mar - Visit Amalfi<\/title>\n<meta name=\"robots\" content=\"index, follow, max-snippet:-1, max-image-preview:large, max-video-preview:-1\" \/>\n<link rel=\"canonical\" href=\"https:\/\/www.visitamalfi.info\/es\/la-fiesta-de-san-andres-en-amalfi-entre-fe-folclore-y-espectaculo-junto-al-mar\/\" \/>\n<meta property=\"og:locale\" content=\"es_ES\" \/>\n<meta property=\"og:type\" content=\"article\" \/>\n<meta property=\"og:title\" content=\"La Fiesta de San Andr\u00e9s en Amalfi: entre fe, folclore y espect\u00e1culo junto al mar - Visit Amalfi\" \/>\n<meta property=\"og:description\" content=\"Quiz\u00e1 no todo el mundo sepa que, el 27 de junio y el 30 de noviembre, Amalfi celebra San Andr\u00e9s, su patr\u00f3n, y la ciudad se viste de gala. Es [&hellip;]\" \/>\n<meta property=\"og:url\" content=\"https:\/\/www.visitamalfi.info\/es\/la-fiesta-de-san-andres-en-amalfi-entre-fe-folclore-y-espectaculo-junto-al-mar\/\" \/>\n<meta property=\"og:site_name\" content=\"Visit Amalfi\" \/>\n<meta property=\"article:publisher\" content=\"https:\/\/www.facebook.com\/visitamalfiofficial\" \/>\n<meta property=\"article:published_time\" content=\"2025-06-03T09:22:13+00:00\" \/>\n<meta property=\"og:image\" content=\"https:\/\/www.visitamalfi.info\/wp-content\/uploads\/2025\/06\/08-Cattedrale-foto-abbagnara.jpg\" \/>\n\t<meta property=\"og:image:width\" content=\"1920\" \/>\n\t<meta property=\"og:image:height\" content=\"1280\" \/>\n\t<meta property=\"og:image:type\" content=\"image\/jpeg\" \/>\n<meta name=\"author\" content=\"Federica Dumont\" \/>\n<meta name=\"twitter:card\" content=\"summary_large_image\" \/>\n<meta name=\"twitter:label1\" content=\"Escrito por\" \/>\n\t<meta name=\"twitter:data1\" content=\"Federica Dumont\" \/>\n\t<meta name=\"twitter:label2\" content=\"Tiempo de lectura\" \/>\n\t<meta name=\"twitter:data2\" content=\"2 minutos\" \/>\n<script type=\"application\/ld+json\" class=\"yoast-schema-graph\">{\"@context\":\"https:\\\/\\\/schema.org\",\"@graph\":[{\"@type\":\"Article\",\"@id\":\"https:\\\/\\\/www.visitamalfi.info\\\/es\\\/la-fiesta-de-san-andres-en-amalfi-entre-fe-folclore-y-espectaculo-junto-al-mar\\\/#article\",\"isPartOf\":{\"@id\":\"https:\\\/\\\/www.visitamalfi.info\\\/es\\\/la-fiesta-de-san-andres-en-amalfi-entre-fe-folclore-y-espectaculo-junto-al-mar\\\/\"},\"author\":{\"name\":\"Federica Dumont\",\"@id\":\"https:\\\/\\\/www.visitamalfi.info\\\/es\\\/#\\\/schema\\\/person\\\/0c7584af846d5d2da6c69f7e68f3af96\"},\"headline\":\"La Fiesta de San Andr\u00e9s en Amalfi: entre fe, folclore y espect\u00e1culo junto al mar\",\"datePublished\":\"2025-06-03T09:22:13+00:00\",\"mainEntityOfPage\":{\"@id\":\"https:\\\/\\\/www.visitamalfi.info\\\/es\\\/la-fiesta-de-san-andres-en-amalfi-entre-fe-folclore-y-espectaculo-junto-al-mar\\\/\"},\"wordCount\":372,\"commentCount\":0,\"publisher\":{\"@id\":\"https:\\\/\\\/www.visitamalfi.info\\\/es\\\/#organization\"},\"image\":{\"@id\":\"https:\\\/\\\/www.visitamalfi.info\\\/es\\\/la-fiesta-de-san-andres-en-amalfi-entre-fe-folclore-y-espectaculo-junto-al-mar\\\/#primaryimage\"},\"thumbnailUrl\":\"https:\\\/\\\/www.visitamalfi.info\\\/wp-content\\\/uploads\\\/2025\\\/06\\\/08-Cattedrale-foto-abbagnara.jpg\",\"articleSection\":[\"Curiosidades\"],\"inLanguage\":\"es\",\"potentialAction\":[{\"@type\":\"CommentAction\",\"name\":\"Comment\",\"target\":[\"https:\\\/\\\/www.visitamalfi.info\\\/es\\\/la-fiesta-de-san-andres-en-amalfi-entre-fe-folclore-y-espectaculo-junto-al-mar\\\/#respond\"]}]},{\"@type\":\"WebPage\",\"@id\":\"https:\\\/\\\/www.visitamalfi.info\\\/es\\\/la-fiesta-de-san-andres-en-amalfi-entre-fe-folclore-y-espectaculo-junto-al-mar\\\/\",\"url\":\"https:\\\/\\\/www.visitamalfi.info\\\/es\\\/la-fiesta-de-san-andres-en-amalfi-entre-fe-folclore-y-espectaculo-junto-al-mar\\\/\",\"name\":\"La Fiesta de San Andr\u00e9s en Amalfi: entre fe, folclore y espect\u00e1culo junto al mar - Visit Amalfi\",\"isPartOf\":{\"@id\":\"https:\\\/\\\/www.visitamalfi.info\\\/es\\\/#website\"},\"primaryImageOfPage\":{\"@id\":\"https:\\\/\\\/www.visitamalfi.info\\\/es\\\/la-fiesta-de-san-andres-en-amalfi-entre-fe-folclore-y-espectaculo-junto-al-mar\\\/#primaryimage\"},\"image\":{\"@id\":\"https:\\\/\\\/www.visitamalfi.info\\\/es\\\/la-fiesta-de-san-andres-en-amalfi-entre-fe-folclore-y-espectaculo-junto-al-mar\\\/#primaryimage\"},\"thumbnailUrl\":\"https:\\\/\\\/www.visitamalfi.info\\\/wp-content\\\/uploads\\\/2025\\\/06\\\/08-Cattedrale-foto-abbagnara.jpg\",\"datePublished\":\"2025-06-03T09:22:13+00:00\",\"breadcrumb\":{\"@id\":\"https:\\\/\\\/www.visitamalfi.info\\\/es\\\/la-fiesta-de-san-andres-en-amalfi-entre-fe-folclore-y-espectaculo-junto-al-mar\\\/#breadcrumb\"},\"inLanguage\":\"es\",\"potentialAction\":[{\"@type\":\"ReadAction\",\"target\":[\"https:\\\/\\\/www.visitamalfi.info\\\/es\\\/la-fiesta-de-san-andres-en-amalfi-entre-fe-folclore-y-espectaculo-junto-al-mar\\\/\"]}]},{\"@type\":\"ImageObject\",\"inLanguage\":\"es\",\"@id\":\"https:\\\/\\\/www.visitamalfi.info\\\/es\\\/la-fiesta-de-san-andres-en-amalfi-entre-fe-folclore-y-espectaculo-junto-al-mar\\\/#primaryimage\",\"url\":\"https:\\\/\\\/www.visitamalfi.info\\\/wp-content\\\/uploads\\\/2025\\\/06\\\/08-Cattedrale-foto-abbagnara.jpg\",\"contentUrl\":\"https:\\\/\\\/www.visitamalfi.info\\\/wp-content\\\/uploads\\\/2025\\\/06\\\/08-Cattedrale-foto-abbagnara.jpg\",\"width\":1920,\"height\":1280},{\"@type\":\"BreadcrumbList\",\"@id\":\"https:\\\/\\\/www.visitamalfi.info\\\/es\\\/la-fiesta-de-san-andres-en-amalfi-entre-fe-folclore-y-espectaculo-junto-al-mar\\\/#breadcrumb\",\"itemListElement\":[{\"@type\":\"ListItem\",\"position\":1,\"name\":\"Home\",\"item\":\"https:\\\/\\\/www.visitamalfi.info\\\/es\\\/\"},{\"@type\":\"ListItem\",\"position\":2,\"name\":\"La Fiesta de San Andr\u00e9s en Amalfi: entre fe, folclore y espect\u00e1culo junto al mar\"}]},{\"@type\":\"WebSite\",\"@id\":\"https:\\\/\\\/www.visitamalfi.info\\\/es\\\/#website\",\"url\":\"https:\\\/\\\/www.visitamalfi.info\\\/es\\\/\",\"name\":\"Visit Amalfi\",\"description\":\"Amalfi Destination Official Website\",\"publisher\":{\"@id\":\"https:\\\/\\\/www.visitamalfi.info\\\/es\\\/#organization\"},\"potentialAction\":[{\"@type\":\"SearchAction\",\"target\":{\"@type\":\"EntryPoint\",\"urlTemplate\":\"https:\\\/\\\/www.visitamalfi.info\\\/es\\\/?s={search_term_string}\"},\"query-input\":{\"@type\":\"PropertyValueSpecification\",\"valueRequired\":true,\"valueName\":\"search_term_string\"}}],\"inLanguage\":\"es\"},{\"@type\":\"Organization\",\"@id\":\"https:\\\/\\\/www.visitamalfi.info\\\/es\\\/#organization\",\"name\":\"Visit Amalfi\",\"url\":\"https:\\\/\\\/www.visitamalfi.info\\\/es\\\/\",\"logo\":{\"@type\":\"ImageObject\",\"inLanguage\":\"es\",\"@id\":\"https:\\\/\\\/www.visitamalfi.info\\\/es\\\/#\\\/schema\\\/logo\\\/image\\\/\",\"url\":\"https:\\\/\\\/www.visitamalfi.info\\\/wp-content\\\/uploads\\\/2023\\\/04\\\/visit-amalfi-logo-web.png\",\"contentUrl\":\"https:\\\/\\\/www.visitamalfi.info\\\/wp-content\\\/uploads\\\/2023\\\/04\\\/visit-amalfi-logo-web.png\",\"width\":800,\"height\":870,\"caption\":\"Visit Amalfi\"},\"image\":{\"@id\":\"https:\\\/\\\/www.visitamalfi.info\\\/es\\\/#\\\/schema\\\/logo\\\/image\\\/\"},\"sameAs\":[\"https:\\\/\\\/www.facebook.com\\\/visitamalfiofficial\",\"https:\\\/\\\/www.instagram.com\\\/visitamalfiofficial\\\/\"]},{\"@type\":\"Person\",\"@id\":\"https:\\\/\\\/www.visitamalfi.info\\\/es\\\/#\\\/schema\\\/person\\\/0c7584af846d5d2da6c69f7e68f3af96\",\"name\":\"Federica Dumont\",\"image\":{\"@type\":\"ImageObject\",\"inLanguage\":\"es\",\"@id\":\"https:\\\/\\\/secure.gravatar.com\\\/avatar\\\/0803dab414b6c6f1fd2399680f587870a020419b6ebe9d36dd75df06a6a68060?s=96&d=mm&r=g\",\"url\":\"https:\\\/\\\/secure.gravatar.com\\\/avatar\\\/0803dab414b6c6f1fd2399680f587870a020419b6ebe9d36dd75df06a6a68060?s=96&d=mm&r=g\",\"contentUrl\":\"https:\\\/\\\/secure.gravatar.com\\\/avatar\\\/0803dab414b6c6f1fd2399680f587870a020419b6ebe9d36dd75df06a6a68060?s=96&d=mm&r=g\",\"caption\":\"Federica Dumont\"},\"url\":\"https:\\\/\\\/www.visitamalfi.info\\\/es\\\/author\\\/federica\\\/\"}]}<\/script>\n<!-- \/ Yoast SEO plugin. -->","yoast_head_json":{"title":"La Fiesta de San Andr\u00e9s en Amalfi: entre fe, folclore y espect\u00e1culo junto al mar - Visit Amalfi","robots":{"index":"index","follow":"follow","max-snippet":"max-snippet:-1","max-image-preview":"max-image-preview:large","max-video-preview":"max-video-preview:-1"},"canonical":"https:\/\/www.visitamalfi.info\/es\/la-fiesta-de-san-andres-en-amalfi-entre-fe-folclore-y-espectaculo-junto-al-mar\/","og_locale":"es_ES","og_type":"article","og_title":"La Fiesta de San Andr\u00e9s en Amalfi: entre fe, folclore y espect\u00e1culo junto al mar - Visit Amalfi","og_description":"Quiz\u00e1 no todo el mundo sepa que, el 27 de junio y el 30 de noviembre, Amalfi celebra San Andr\u00e9s, su patr\u00f3n, y la ciudad se viste de gala. Es [&hellip;]","og_url":"https:\/\/www.visitamalfi.info\/es\/la-fiesta-de-san-andres-en-amalfi-entre-fe-folclore-y-espectaculo-junto-al-mar\/","og_site_name":"Visit Amalfi","article_publisher":"https:\/\/www.facebook.com\/visitamalfiofficial","article_published_time":"2025-06-03T09:22:13+00:00","og_image":[{"width":1920,"height":1280,"url":"https:\/\/www.visitamalfi.info\/wp-content\/uploads\/2025\/06\/08-Cattedrale-foto-abbagnara.jpg","type":"image\/jpeg"}],"author":"Federica Dumont","twitter_card":"summary_large_image","twitter_misc":{"Escrito por":"Federica Dumont","Tiempo de lectura":"2 minutos"},"schema":{"@context":"https:\/\/schema.org","@graph":[{"@type":"Article","@id":"https:\/\/www.visitamalfi.info\/es\/la-fiesta-de-san-andres-en-amalfi-entre-fe-folclore-y-espectaculo-junto-al-mar\/#article","isPartOf":{"@id":"https:\/\/www.visitamalfi.info\/es\/la-fiesta-de-san-andres-en-amalfi-entre-fe-folclore-y-espectaculo-junto-al-mar\/"},"author":{"name":"Federica Dumont","@id":"https:\/\/www.visitamalfi.info\/es\/#\/schema\/person\/0c7584af846d5d2da6c69f7e68f3af96"},"headline":"La Fiesta de San Andr\u00e9s en Amalfi: entre fe, folclore y espect\u00e1culo junto al mar","datePublished":"2025-06-03T09:22:13+00:00","mainEntityOfPage":{"@id":"https:\/\/www.visitamalfi.info\/es\/la-fiesta-de-san-andres-en-amalfi-entre-fe-folclore-y-espectaculo-junto-al-mar\/"},"wordCount":372,"commentCount":0,"publisher":{"@id":"https:\/\/www.visitamalfi.info\/es\/#organization"},"image":{"@id":"https:\/\/www.visitamalfi.info\/es\/la-fiesta-de-san-andres-en-amalfi-entre-fe-folclore-y-espectaculo-junto-al-mar\/#primaryimage"},"thumbnailUrl":"https:\/\/www.visitamalfi.info\/wp-content\/uploads\/2025\/06\/08-Cattedrale-foto-abbagnara.jpg","articleSection":["Curiosidades"],"inLanguage":"es","potentialAction":[{"@type":"CommentAction","name":"Comment","target":["https:\/\/www.visitamalfi.info\/es\/la-fiesta-de-san-andres-en-amalfi-entre-fe-folclore-y-espectaculo-junto-al-mar\/#respond"]}]},{"@type":"WebPage","@id":"https:\/\/www.visitamalfi.info\/es\/la-fiesta-de-san-andres-en-amalfi-entre-fe-folclore-y-espectaculo-junto-al-mar\/","url":"https:\/\/www.visitamalfi.info\/es\/la-fiesta-de-san-andres-en-amalfi-entre-fe-folclore-y-espectaculo-junto-al-mar\/","name":"La Fiesta de San Andr\u00e9s en Amalfi: entre fe, folclore y espect\u00e1culo junto al mar - Visit Amalfi","isPartOf":{"@id":"https:\/\/www.visitamalfi.info\/es\/#website"},"primaryImageOfPage":{"@id":"https:\/\/www.visitamalfi.info\/es\/la-fiesta-de-san-andres-en-amalfi-entre-fe-folclore-y-espectaculo-junto-al-mar\/#primaryimage"},"image":{"@id":"https:\/\/www.visitamalfi.info\/es\/la-fiesta-de-san-andres-en-amalfi-entre-fe-folclore-y-espectaculo-junto-al-mar\/#primaryimage"},"thumbnailUrl":"https:\/\/www.visitamalfi.info\/wp-content\/uploads\/2025\/06\/08-Cattedrale-foto-abbagnara.jpg","datePublished":"2025-06-03T09:22:13+00:00","breadcrumb":{"@id":"https:\/\/www.visitamalfi.info\/es\/la-fiesta-de-san-andres-en-amalfi-entre-fe-folclore-y-espectaculo-junto-al-mar\/#breadcrumb"},"inLanguage":"es","potentialAction":[{"@type":"ReadAction","target":["https:\/\/www.visitamalfi.info\/es\/la-fiesta-de-san-andres-en-amalfi-entre-fe-folclore-y-espectaculo-junto-al-mar\/"]}]},{"@type":"ImageObject","inLanguage":"es","@id":"https:\/\/www.visitamalfi.info\/es\/la-fiesta-de-san-andres-en-amalfi-entre-fe-folclore-y-espectaculo-junto-al-mar\/#primaryimage","url":"https:\/\/www.visitamalfi.info\/wp-content\/uploads\/2025\/06\/08-Cattedrale-foto-abbagnara.jpg","contentUrl":"https:\/\/www.visitamalfi.info\/wp-content\/uploads\/2025\/06\/08-Cattedrale-foto-abbagnara.jpg","width":1920,"height":1280},{"@type":"BreadcrumbList","@id":"https:\/\/www.visitamalfi.info\/es\/la-fiesta-de-san-andres-en-amalfi-entre-fe-folclore-y-espectaculo-junto-al-mar\/#breadcrumb","itemListElement":[{"@type":"ListItem","position":1,"name":"Home","item":"https:\/\/www.visitamalfi.info\/es\/"},{"@type":"ListItem","position":2,"name":"La Fiesta de San Andr\u00e9s en Amalfi: entre fe, folclore y espect\u00e1culo junto al mar"}]},{"@type":"WebSite","@id":"https:\/\/www.visitamalfi.info\/es\/#website","url":"https:\/\/www.visitamalfi.info\/es\/","name":"Visit Amalfi","description":"Amalfi Destination Official Website","publisher":{"@id":"https:\/\/www.visitamalfi.info\/es\/#organization"},"potentialAction":[{"@type":"SearchAction","target":{"@type":"EntryPoint","urlTemplate":"https:\/\/www.visitamalfi.info\/es\/?s={search_term_string}"},"query-input":{"@type":"PropertyValueSpecification","valueRequired":true,"valueName":"search_term_string"}}],"inLanguage":"es"},{"@type":"Organization","@id":"https:\/\/www.visitamalfi.info\/es\/#organization","name":"Visit Amalfi","url":"https:\/\/www.visitamalfi.info\/es\/","logo":{"@type":"ImageObject","inLanguage":"es","@id":"https:\/\/www.visitamalfi.info\/es\/#\/schema\/logo\/image\/","url":"https:\/\/www.visitamalfi.info\/wp-content\/uploads\/2023\/04\/visit-amalfi-logo-web.png","contentUrl":"https:\/\/www.visitamalfi.info\/wp-content\/uploads\/2023\/04\/visit-amalfi-logo-web.png","width":800,"height":870,"caption":"Visit Amalfi"},"image":{"@id":"https:\/\/www.visitamalfi.info\/es\/#\/schema\/logo\/image\/"},"sameAs":["https:\/\/www.facebook.com\/visitamalfiofficial","https:\/\/www.instagram.com\/visitamalfiofficial\/"]},{"@type":"Person","@id":"https:\/\/www.visitamalfi.info\/es\/#\/schema\/person\/0c7584af846d5d2da6c69f7e68f3af96","name":"Federica Dumont","image":{"@type":"ImageObject","inLanguage":"es","@id":"https:\/\/secure.gravatar.com\/avatar\/0803dab414b6c6f1fd2399680f587870a020419b6ebe9d36dd75df06a6a68060?s=96&d=mm&r=g","url":"https:\/\/secure.gravatar.com\/avatar\/0803dab414b6c6f1fd2399680f587870a020419b6ebe9d36dd75df06a6a68060?s=96&d=mm&r=g","contentUrl":"https:\/\/secure.gravatar.com\/avatar\/0803dab414b6c6f1fd2399680f587870a020419b6ebe9d36dd75df06a6a68060?s=96&d=mm&r=g","caption":"Federica Dumont"},"url":"https:\/\/www.visitamalfi.info\/es\/author\/federica\/"}]}},"_links":{"self":[{"href":"https:\/\/www.visitamalfi.info\/es\/wp-json\/wp\/v2\/posts\/21855","targetHints":{"allow":["GET"]}}],"collection":[{"href":"https:\/\/www.visitamalfi.info\/es\/wp-json\/wp\/v2\/posts"}],"about":[{"href":"https:\/\/www.visitamalfi.info\/es\/wp-json\/wp\/v2\/types\/post"}],"author":[{"embeddable":true,"href":"https:\/\/www.visitamalfi.info\/es\/wp-json\/wp\/v2\/users\/7"}],"replies":[{"embeddable":true,"href":"https:\/\/www.visitamalfi.info\/es\/wp-json\/wp\/v2\/comments?post=21855"}],"version-history":[{"count":0,"href":"https:\/\/www.visitamalfi.info\/es\/wp-json\/wp\/v2\/posts\/21855\/revisions"}],"wp:featuredmedia":[{"embeddable":true,"href":"https:\/\/www.visitamalfi.info\/es\/wp-json\/wp\/v2\/media\/21850"}],"wp:attachment":[{"href":"https:\/\/www.visitamalfi.info\/es\/wp-json\/wp\/v2\/media?parent=21855"}],"wp:term":[{"taxonomy":"category","embeddable":true,"href":"https:\/\/www.visitamalfi.info\/es\/wp-json\/wp\/v2\/categories?post=21855"},{"taxonomy":"post_tag","embeddable":true,"href":"https:\/\/www.visitamalfi.info\/es\/wp-json\/wp\/v2\/tags?post=21855"}],"curies":[{"name":"wp","href":"https:\/\/api.w.org\/{rel}","templated":true}]}}