{"id":21764,"date":"2025-05-19T09:41:26","date_gmt":"2025-05-19T07:41:26","guid":{"rendered":"https:\/\/www.visitamalfi.info\/amalfi-la-70a-regata-de-las-antiguas-republicas-maritimas-llego-a-su-fin\/"},"modified":"2025-05-19T09:41:26","modified_gmt":"2025-05-19T07:41:26","slug":"amalfi-la-70a-regata-de-las-antiguas-republicas-maritimas-llego-a-su-fin","status":"publish","type":"post","link":"https:\/\/www.visitamalfi.info\/es\/amalfi-la-70a-regata-de-las-antiguas-republicas-maritimas-llego-a-su-fin\/","title":{"rendered":"Amalfi, la 70\u00aa Regata de las Antiguas Rep\u00fablicas Mar\u00edtimas lleg\u00f3 a su fin"},"content":{"rendered":"<p class=\"\" data-start=\"326\" data-end=\"788\">Del 15 al 18 de mayo, Amalfi acogi\u00f3 la 70\u00aa <strong data-start=\"419\" data-end=\"464\">Regata de las Antiguas Rep\u00fablicas Mar\u00edtimas<\/strong>, una de las tradiciones m\u00e1s fascinantes y sentidas del Mediterr\u00e1neo. Un acontecimiento que hunde sus ra\u00edces en la historia, cuando cuatro grandes ciudades-estado <strong data-start=\"632\" data-end=\"666\">-Amalfi, Pisa, G\u00e9nova y Venecia-<\/strong> se disputaban el dominio del mar, pero que ahora est\u00e1n m\u00e1s unidas que nunca. Una rivalidad convertida en una fiesta del deporte, la cultura y la hermandad.<img fetchpriority=\"high\" decoding=\"async\" class=\"size-medium wp-image-21657 alignright\" src=\"https:\/\/www.visitamalfi.info\/wp-content\/uploads\/2025\/05\/498188648_1111432554359111_6113755544808778168_n-300x201.jpg\" alt=\"\" width=\"300\" height=\"201\" srcset=\"https:\/\/www.visitamalfi.info\/wp-content\/uploads\/2025\/05\/498188648_1111432554359111_6113755544808778168_n-300x201.jpg 300w, https:\/\/www.visitamalfi.info\/wp-content\/uploads\/2025\/05\/498188648_1111432554359111_6113755544808778168_n-1024x685.jpg 1024w, https:\/\/www.visitamalfi.info\/wp-content\/uploads\/2025\/05\/498188648_1111432554359111_6113755544808778168_n-768x513.jpg 768w, https:\/\/www.visitamalfi.info\/wp-content\/uploads\/2025\/05\/498188648_1111432554359111_6113755544808778168_n-870x580.jpg 870w, https:\/\/www.visitamalfi.info\/wp-content\/uploads\/2025\/05\/498188648_1111432554359111_6113755544808778168_n-615x410.jpg 615w, https:\/\/www.visitamalfi.info\/wp-content\/uploads\/2025\/05\/498188648_1111432554359111_6113755544808778168_n-1240x825.jpg 1240w, https:\/\/www.visitamalfi.info\/wp-content\/uploads\/2025\/05\/498188648_1111432554359111_6113755544808778168_n.jpg 1469w\" sizes=\"(max-width: 300px) 100vw, 300px\" \/><\/p>\n<h3 class=\"\" data-start=\"790\" data-end=\"835\"><strong data-start=\"794\" data-end=\"835\">Cuatro ciudades, una gran pasi\u00f3n<\/strong><\/h3>\n<p class=\"\" data-start=\"837\" data-end=\"1148\">Durante estos d\u00edas de fiesta y tradici\u00f3n, la ciudad se transform\u00f3 en un escenario al aire libre: actos culturales, el Desfile Hist\u00f3rico, encuentros, m\u00fasica y, por supuesto, la esperada Regata, con el coraz\u00f3n palpitante de la competici\u00f3n animando cada rinc\u00f3n de la ciudad, cada balc\u00f3n, cada mirada hacia el mar.<\/p>\n<p class=\"\" data-start=\"1150\" data-end=\"1339\">Amalfi acogi\u00f3 a sus hermanas mar\u00edtimas con orgullo y pasi\u00f3n, mostrando su aut\u00e9ntica belleza, su capacidad para unir pasado y presente en un relato que emociona a\u00f1o tras a\u00f1o.<\/p>\n<h3 class=\"\" data-start=\"1341\" data-end=\"1383\"><strong data-start=\"1345\" data-end=\"1383\">Una tradici\u00f3n de 70 a\u00f1os<\/strong><\/h3>\n<p class=\"\" data-start=\"1385\" data-end=\"1781\">Cada a\u00f1o, desde la primera edici\u00f3n de la Regata, las cuatro rep\u00fablicas se turnan como sedes. Setenta a\u00f1os de desaf\u00edos a remo, de desfiles con trajes de \u00e9poca y coloridos estandartes, de gritos de \u00e1nimo y ojos brillantes en la l\u00ednea de meta.<\/p>\n<h3 class=\"\" data-start=\"1908\" data-end=\"1946\"><strong data-start=\"1912\" data-end=\"1946\">La carrera de las mujeres, el desfile, la historia<\/strong><\/h3>\n<p class=\"\" data-start=\"1948\" data-end=\"2390\">Una emoci\u00f3n especial acompa\u00f1\u00f3 tambi\u00e9n a la regata con la tripulaci\u00f3n femenina, que demostr\u00f3 una gran determinaci\u00f3n y esp\u00edritu de equipo. Una competici\u00f3n intensa y atractiva. <img decoding=\"async\" class=\"size-medium wp-image-21702 alignright\" src=\"https:\/\/www.visitamalfi.info\/wp-content\/uploads\/2025\/05\/498216887_1111432617692438_8921515639753605227_n-300x200.jpg\" alt=\"\" width=\"300\" height=\"200\" srcset=\"https:\/\/www.visitamalfi.info\/wp-content\/uploads\/2025\/05\/498216887_1111432617692438_8921515639753605227_n-300x200.jpg 300w, https:\/\/www.visitamalfi.info\/wp-content\/uploads\/2025\/05\/498216887_1111432617692438_8921515639753605227_n-1024x684.jpg 1024w, https:\/\/www.visitamalfi.info\/wp-content\/uploads\/2025\/05\/498216887_1111432617692438_8921515639753605227_n-768x513.jpg 768w, https:\/\/www.visitamalfi.info\/wp-content\/uploads\/2025\/05\/498216887_1111432617692438_8921515639753605227_n-1536x1027.jpg 1536w, https:\/\/www.visitamalfi.info\/wp-content\/uploads\/2025\/05\/498216887_1111432617692438_8921515639753605227_n-870x580.jpg 870w, https:\/\/www.visitamalfi.info\/wp-content\/uploads\/2025\/05\/498216887_1111432617692438_8921515639753605227_n-615x410.jpg 615w, https:\/\/www.visitamalfi.info\/wp-content\/uploads\/2025\/05\/498216887_1111432617692438_8921515639753605227_n-1240x825.jpg 1240w, https:\/\/www.visitamalfi.info\/wp-content\/uploads\/2025\/05\/498216887_1111432617692438_8921515639753605227_n.jpg 1616w\" sizes=\"(max-width: 300px) 100vw, 300px\" \/><\/p>\n<p class=\"\" data-start=\"1948\" data-end=\"2390\">Y luego, el momento m\u00e1s esperado, la carrera entre los galeones, mantuvo a todos en vilo hasta el \u00faltimo segundo. Los chicos, lo dieron todo: pasi\u00f3n, fuerza, estrategia, coraz\u00f3n.<\/p>\n<p><img decoding=\"async\" class=\"size-medium wp-image-21662 alignleft\" src=\"https:\/\/www.visitamalfi.info\/wp-content\/uploads\/2025\/05\/499314391_1111996504302716_4381156091683412266_n-300x200.jpg\" alt=\"\" width=\"300\" height=\"200\" srcset=\"https:\/\/www.visitamalfi.info\/wp-content\/uploads\/2025\/05\/499314391_1111996504302716_4381156091683412266_n-300x200.jpg 300w, https:\/\/www.visitamalfi.info\/wp-content\/uploads\/2025\/05\/499314391_1111996504302716_4381156091683412266_n-1024x684.jpg 1024w, https:\/\/www.visitamalfi.info\/wp-content\/uploads\/2025\/05\/499314391_1111996504302716_4381156091683412266_n-768x513.jpg 768w, https:\/\/www.visitamalfi.info\/wp-content\/uploads\/2025\/05\/499314391_1111996504302716_4381156091683412266_n-1536x1027.jpg 1536w, https:\/\/www.visitamalfi.info\/wp-content\/uploads\/2025\/05\/499314391_1111996504302716_4381156091683412266_n-870x580.jpg 870w, https:\/\/www.visitamalfi.info\/wp-content\/uploads\/2025\/05\/499314391_1111996504302716_4381156091683412266_n-615x410.jpg 615w, https:\/\/www.visitamalfi.info\/wp-content\/uploads\/2025\/05\/499314391_1111996504302716_4381156091683412266_n-1240x825.jpg 1240w, https:\/\/www.visitamalfi.info\/wp-content\/uploads\/2025\/05\/499314391_1111996504302716_4381156091683412266_n.jpg 1616w\" sizes=\"(max-width: 300px) 100vw, 300px\" \/><\/p>\n<p class=\"\" data-start=\"1948\" data-end=\"2390\">La procesi\u00f3n hist\u00f3rica encant\u00f3 a los presentes. Los suntuosos ropajes, la solemnidad de las figuras hist\u00f3ricas, el ritmo de los tambores, relataban el glorioso pasado de estas antiguas ciudades-estado que hicieron historia.<\/p>\n<h3 class=\"\" data-start=\"2392\" data-end=\"2416\"><strong data-start=\"2396\" data-end=\"2416\">Amalfi, un entorno especial<\/strong><\/h3>\n<p class=\"\" data-start=\"2418\" data-end=\"2741\">Esta edici\u00f3n tuvo un sabor especial. Tal vez por la belleza conmovedora de sus vistas, tal vez por la acogida de sus gentes, o tal vez por esa energ\u00eda que s\u00f3lo Amalfi sabe dar en sus momentos festivos, por no hablar del paso del Amerigo Vespucci, el barco m\u00e1s bello del mundo.<img loading=\"lazy\" decoding=\"async\" class=\"size-medium wp-image-21667 alignright\" src=\"https:\/\/www.visitamalfi.info\/wp-content\/uploads\/2025\/05\/499551466_1111432947692405_6093490863381578439_n-300x201.jpg\" alt=\"\" width=\"300\" height=\"201\" srcset=\"https:\/\/www.visitamalfi.info\/wp-content\/uploads\/2025\/05\/499551466_1111432947692405_6093490863381578439_n-300x201.jpg 300w, https:\/\/www.visitamalfi.info\/wp-content\/uploads\/2025\/05\/499551466_1111432947692405_6093490863381578439_n-1024x684.jpg 1024w, https:\/\/www.visitamalfi.info\/wp-content\/uploads\/2025\/05\/499551466_1111432947692405_6093490863381578439_n-768x513.jpg 768w, https:\/\/www.visitamalfi.info\/wp-content\/uploads\/2025\/05\/499551466_1111432947692405_6093490863381578439_n-870x580.jpg 870w, https:\/\/www.visitamalfi.info\/wp-content\/uploads\/2025\/05\/499551466_1111432947692405_6093490863381578439_n-615x410.jpg 615w, https:\/\/www.visitamalfi.info\/wp-content\/uploads\/2025\/05\/499551466_1111432947692405_6093490863381578439_n.jpg 1197w\" sizes=\"(max-width: 300px) 100vw, 300px\" \/><\/p>\n<p class=\"\" data-start=\"2418\" data-end=\"2741\">Una ciudad que no olvida su glorioso pasado, pero que mira al futuro con ojos orgullosos y brillantes.<\/p>\n<p class=\"\" data-start=\"2788\" data-end=\"3096\">Compartimos contigo <strong data-start=\"2822\" data-end=\"2880\">una selecci\u00f3n de las im\u00e1genes m\u00e1s bellas y significativas<\/strong> de estos d\u00edas: rostros, detalles, emociones y colores que cuentan la magia de la Regata en Amalfi mejor que cualquier palabra.<\/p>\n<div id='gallery-1' class='gallery galleryid-21764 gallery-columns-3 gallery-size-thumbnail'><figure class='gallery-item'>\n\t\t\t<div class='gallery-icon landscape'>\n\t\t\t\t<a href='https:\/\/www.visitamalfi.info\/es\/amalfi-la-70a-regata-de-las-antiguas-republicas-maritimas-llego-a-su-fin\/492525873_1110327607802939_255743510518372913_n-2\/'><img loading=\"lazy\" decoding=\"async\" width=\"300\" height=\"300\" src=\"https:\/\/www.visitamalfi.info\/wp-content\/uploads\/2025\/05\/492525873_1110327607802939_255743510518372913_n-300x300.jpg\" class=\"attachment-thumbnail size-thumbnail\" alt=\"\" srcset=\"https:\/\/www.visitamalfi.info\/wp-content\/uploads\/2025\/05\/492525873_1110327607802939_255743510518372913_n-300x300.jpg 300w, https:\/\/www.visitamalfi.info\/wp-content\/uploads\/2025\/05\/492525873_1110327607802939_255743510518372913_n-510x510.jpg 510w, https:\/\/www.visitamalfi.info\/wp-content\/uploads\/2025\/05\/492525873_1110327607802939_255743510518372913_n-160x160.jpg 160w\" sizes=\"(max-width: 300px) 100vw, 300px\" \/><\/a>\n\t\t\t<\/div><\/figure><figure class='gallery-item'>\n\t\t\t<div class='gallery-icon landscape'>\n\t\t\t\t<a href='https:\/\/www.visitamalfi.info\/es\/amalfi-la-70a-regata-de-las-antiguas-republicas-maritimas-llego-a-su-fin\/494265706_1109735857862114_2775253413335280540_n-2\/'><img loading=\"lazy\" decoding=\"async\" width=\"300\" height=\"300\" src=\"https:\/\/www.visitamalfi.info\/wp-content\/uploads\/2025\/05\/494265706_1109735857862114_2775253413335280540_n-300x300.jpg\" class=\"attachment-thumbnail size-thumbnail\" alt=\"\" srcset=\"https:\/\/www.visitamalfi.info\/wp-content\/uploads\/2025\/05\/494265706_1109735857862114_2775253413335280540_n-300x300.jpg 300w, https:\/\/www.visitamalfi.info\/wp-content\/uploads\/2025\/05\/494265706_1109735857862114_2775253413335280540_n-510x510.jpg 510w, https:\/\/www.visitamalfi.info\/wp-content\/uploads\/2025\/05\/494265706_1109735857862114_2775253413335280540_n-160x160.jpg 160w\" sizes=\"(max-width: 300px) 100vw, 300px\" \/><\/a>\n\t\t\t<\/div><\/figure><figure class='gallery-item'>\n\t\t\t<div class='gallery-icon landscape'>\n\t\t\t\t<a href='https:\/\/www.visitamalfi.info\/es\/amalfi-la-70a-regata-de-las-antiguas-republicas-maritimas-llego-a-su-fin\/497882297_1109735984528768_1097365344911079931_n-2\/'><img loading=\"lazy\" decoding=\"async\" width=\"300\" height=\"300\" src=\"https:\/\/www.visitamalfi.info\/wp-content\/uploads\/2025\/05\/497882297_1109735984528768_1097365344911079931_n-300x300.jpg\" class=\"attachment-thumbnail size-thumbnail\" alt=\"\" srcset=\"https:\/\/www.visitamalfi.info\/wp-content\/uploads\/2025\/05\/497882297_1109735984528768_1097365344911079931_n-300x300.jpg 300w, https:\/\/www.visitamalfi.info\/wp-content\/uploads\/2025\/05\/497882297_1109735984528768_1097365344911079931_n-510x510.jpg 510w, https:\/\/www.visitamalfi.info\/wp-content\/uploads\/2025\/05\/497882297_1109735984528768_1097365344911079931_n-160x160.jpg 160w\" sizes=\"(max-width: 300px) 100vw, 300px\" \/><\/a>\n\t\t\t<\/div><\/figure><figure class='gallery-item'>\n\t\t\t<div class='gallery-icon landscape'>\n\t\t\t\t<a href='https:\/\/www.visitamalfi.info\/es\/amalfi-la-70a-regata-de-las-antiguas-republicas-maritimas-llego-a-su-fin\/497900891_1110525387783161_3047488301368800675_n-2-2\/'><img loading=\"lazy\" decoding=\"async\" width=\"300\" height=\"300\" src=\"https:\/\/www.visitamalfi.info\/wp-content\/uploads\/2025\/05\/497900891_1110525387783161_3047488301368800675_n-1-300x300.jpg\" class=\"attachment-thumbnail size-thumbnail\" alt=\"\" srcset=\"https:\/\/www.visitamalfi.info\/wp-content\/uploads\/2025\/05\/497900891_1110525387783161_3047488301368800675_n-1-300x300.jpg 300w, https:\/\/www.visitamalfi.info\/wp-content\/uploads\/2025\/05\/497900891_1110525387783161_3047488301368800675_n-1-510x510.jpg 510w, https:\/\/www.visitamalfi.info\/wp-content\/uploads\/2025\/05\/497900891_1110525387783161_3047488301368800675_n-1-160x160.jpg 160w\" sizes=\"(max-width: 300px) 100vw, 300px\" \/><\/a>\n\t\t\t<\/div><\/figure><figure class='gallery-item'>\n\t\t\t<div class='gallery-icon landscape'>\n\t\t\t\t<a href='https:\/\/www.visitamalfi.info\/es\/amalfi-la-70a-regata-de-las-antiguas-republicas-maritimas-llego-a-su-fin\/497903035_1110525427783157_3747789723995749728_n-2\/'><img loading=\"lazy\" decoding=\"async\" width=\"300\" height=\"300\" src=\"https:\/\/www.visitamalfi.info\/wp-content\/uploads\/2025\/05\/497903035_1110525427783157_3747789723995749728_n-300x300.jpg\" class=\"attachment-thumbnail size-thumbnail\" alt=\"\" srcset=\"https:\/\/www.visitamalfi.info\/wp-content\/uploads\/2025\/05\/497903035_1110525427783157_3747789723995749728_n-300x300.jpg 300w, https:\/\/www.visitamalfi.info\/wp-content\/uploads\/2025\/05\/497903035_1110525427783157_3747789723995749728_n-510x510.jpg 510w, https:\/\/www.visitamalfi.info\/wp-content\/uploads\/2025\/05\/497903035_1110525427783157_3747789723995749728_n-160x160.jpg 160w\" sizes=\"(max-width: 300px) 100vw, 300px\" \/><\/a>\n\t\t\t<\/div><\/figure><figure class='gallery-item'>\n\t\t\t<div class='gallery-icon landscape'>\n\t\t\t\t<a href='https:\/\/www.visitamalfi.info\/es\/amalfi-la-70a-regata-de-las-antiguas-republicas-maritimas-llego-a-su-fin\/498188648_1111432554359111_6113755544808778168_n-2-2\/'><img loading=\"lazy\" decoding=\"async\" width=\"300\" height=\"300\" src=\"https:\/\/www.visitamalfi.info\/wp-content\/uploads\/2025\/05\/498188648_1111432554359111_6113755544808778168_n-1-300x300.jpg\" class=\"attachment-thumbnail size-thumbnail\" alt=\"\" srcset=\"https:\/\/www.visitamalfi.info\/wp-content\/uploads\/2025\/05\/498188648_1111432554359111_6113755544808778168_n-1-300x300.jpg 300w, https:\/\/www.visitamalfi.info\/wp-content\/uploads\/2025\/05\/498188648_1111432554359111_6113755544808778168_n-1-510x510.jpg 510w, https:\/\/www.visitamalfi.info\/wp-content\/uploads\/2025\/05\/498188648_1111432554359111_6113755544808778168_n-1-160x160.jpg 160w\" sizes=\"(max-width: 300px) 100vw, 300px\" \/><\/a>\n\t\t\t<\/div><\/figure><figure class='gallery-item'>\n\t\t\t<div class='gallery-icon landscape'>\n\t\t\t\t<a href='https:\/\/www.visitamalfi.info\/es\/amalfi-la-70a-regata-de-las-antiguas-republicas-maritimas-llego-a-su-fin\/498216887_1111432617692438_8921515639753605227_n-2\/'><img loading=\"lazy\" decoding=\"async\" width=\"300\" height=\"300\" src=\"https:\/\/www.visitamalfi.info\/wp-content\/uploads\/2025\/05\/498216887_1111432617692438_8921515639753605227_n-300x300.jpg\" class=\"attachment-thumbnail size-thumbnail\" alt=\"\" srcset=\"https:\/\/www.visitamalfi.info\/wp-content\/uploads\/2025\/05\/498216887_1111432617692438_8921515639753605227_n-300x300.jpg 300w, https:\/\/www.visitamalfi.info\/wp-content\/uploads\/2025\/05\/498216887_1111432617692438_8921515639753605227_n-510x510.jpg 510w, https:\/\/www.visitamalfi.info\/wp-content\/uploads\/2025\/05\/498216887_1111432617692438_8921515639753605227_n-160x160.jpg 160w\" sizes=\"(max-width: 300px) 100vw, 300px\" \/><\/a>\n\t\t\t<\/div><\/figure><figure class='gallery-item'>\n\t\t\t<div class='gallery-icon landscape'>\n\t\t\t\t<a href='https:\/\/www.visitamalfi.info\/es\/amalfi-la-70a-regata-de-las-antiguas-republicas-maritimas-llego-a-su-fin\/499153240_1111996570969376_5959425029536137681_n-2\/'><img loading=\"lazy\" decoding=\"async\" width=\"300\" height=\"300\" src=\"https:\/\/www.visitamalfi.info\/wp-content\/uploads\/2025\/05\/499153240_1111996570969376_5959425029536137681_n-300x300.jpg\" class=\"attachment-thumbnail size-thumbnail\" alt=\"\" srcset=\"https:\/\/www.visitamalfi.info\/wp-content\/uploads\/2025\/05\/499153240_1111996570969376_5959425029536137681_n-300x300.jpg 300w, https:\/\/www.visitamalfi.info\/wp-content\/uploads\/2025\/05\/499153240_1111996570969376_5959425029536137681_n-510x510.jpg 510w, https:\/\/www.visitamalfi.info\/wp-content\/uploads\/2025\/05\/499153240_1111996570969376_5959425029536137681_n-160x160.jpg 160w\" sizes=\"(max-width: 300px) 100vw, 300px\" \/><\/a>\n\t\t\t<\/div><\/figure><figure class='gallery-item'>\n\t\t\t<div class='gallery-icon landscape'>\n\t\t\t\t<a href='https:\/\/www.visitamalfi.info\/es\/amalfi-la-70a-regata-de-las-antiguas-republicas-maritimas-llego-a-su-fin\/499314391_1111996504302716_4381156091683412266_n-2-2\/'><img loading=\"lazy\" decoding=\"async\" width=\"300\" height=\"300\" src=\"https:\/\/www.visitamalfi.info\/wp-content\/uploads\/2025\/05\/499314391_1111996504302716_4381156091683412266_n-1-300x300.jpg\" class=\"attachment-thumbnail size-thumbnail\" alt=\"\" srcset=\"https:\/\/www.visitamalfi.info\/wp-content\/uploads\/2025\/05\/499314391_1111996504302716_4381156091683412266_n-1-300x300.jpg 300w, https:\/\/www.visitamalfi.info\/wp-content\/uploads\/2025\/05\/499314391_1111996504302716_4381156091683412266_n-1-510x510.jpg 510w, https:\/\/www.visitamalfi.info\/wp-content\/uploads\/2025\/05\/499314391_1111996504302716_4381156091683412266_n-1-160x160.jpg 160w\" sizes=\"(max-width: 300px) 100vw, 300px\" \/><\/a>\n\t\t\t<\/div><\/figure><figure class='gallery-item'>\n\t\t\t<div class='gallery-icon landscape'>\n\t\t\t\t<a href='https:\/\/www.visitamalfi.info\/es\/amalfi-la-70a-regata-de-las-antiguas-republicas-maritimas-llego-a-su-fin\/499366626_1111996564302710_2441532875256247265_n-2\/'><img loading=\"lazy\" decoding=\"async\" width=\"300\" height=\"300\" src=\"https:\/\/www.visitamalfi.info\/wp-content\/uploads\/2025\/05\/499366626_1111996564302710_2441532875256247265_n-300x300.jpg\" class=\"attachment-thumbnail size-thumbnail\" alt=\"\" srcset=\"https:\/\/www.visitamalfi.info\/wp-content\/uploads\/2025\/05\/499366626_1111996564302710_2441532875256247265_n-300x300.jpg 300w, https:\/\/www.visitamalfi.info\/wp-content\/uploads\/2025\/05\/499366626_1111996564302710_2441532875256247265_n-510x510.jpg 510w, https:\/\/www.visitamalfi.info\/wp-content\/uploads\/2025\/05\/499366626_1111996564302710_2441532875256247265_n-160x160.jpg 160w\" sizes=\"(max-width: 300px) 100vw, 300px\" \/><\/a>\n\t\t\t<\/div><\/figure><figure class='gallery-item'>\n\t\t\t<div class='gallery-icon landscape'>\n\t\t\t\t<a href='https:\/\/www.visitamalfi.info\/es\/amalfi-la-70a-regata-de-las-antiguas-republicas-maritimas-llego-a-su-fin\/499399464_1111996617636038_4574219719329272507_n-2-2\/'><img loading=\"lazy\" decoding=\"async\" width=\"300\" height=\"300\" src=\"https:\/\/www.visitamalfi.info\/wp-content\/uploads\/2025\/05\/499399464_1111996617636038_4574219719329272507_n-1-300x300.jpg\" class=\"attachment-thumbnail size-thumbnail\" alt=\"\" srcset=\"https:\/\/www.visitamalfi.info\/wp-content\/uploads\/2025\/05\/499399464_1111996617636038_4574219719329272507_n-1-300x300.jpg 300w, https:\/\/www.visitamalfi.info\/wp-content\/uploads\/2025\/05\/499399464_1111996617636038_4574219719329272507_n-1-510x510.jpg 510w, https:\/\/www.visitamalfi.info\/wp-content\/uploads\/2025\/05\/499399464_1111996617636038_4574219719329272507_n-1-160x160.jpg 160w\" sizes=\"(max-width: 300px) 100vw, 300px\" \/><\/a>\n\t\t\t<\/div><\/figure><figure class='gallery-item'>\n\t\t\t<div class='gallery-icon landscape'>\n\t\t\t\t<a href='https:\/\/www.visitamalfi.info\/es\/amalfi-la-70a-regata-de-las-antiguas-republicas-maritimas-llego-a-su-fin\/499529396_1111996610969372_4159260709990055893_n-2\/'><img loading=\"lazy\" decoding=\"async\" width=\"300\" height=\"300\" src=\"https:\/\/www.visitamalfi.info\/wp-content\/uploads\/2025\/05\/499529396_1111996610969372_4159260709990055893_n-300x300.jpg\" class=\"attachment-thumbnail size-thumbnail\" alt=\"\" srcset=\"https:\/\/www.visitamalfi.info\/wp-content\/uploads\/2025\/05\/499529396_1111996610969372_4159260709990055893_n-300x300.jpg 300w, https:\/\/www.visitamalfi.info\/wp-content\/uploads\/2025\/05\/499529396_1111996610969372_4159260709990055893_n-510x510.jpg 510w, https:\/\/www.visitamalfi.info\/wp-content\/uploads\/2025\/05\/499529396_1111996610969372_4159260709990055893_n-160x160.jpg 160w\" sizes=\"(max-width: 300px) 100vw, 300px\" \/><\/a>\n\t\t\t<\/div><\/figure><figure class='gallery-item'>\n\t\t\t<div class='gallery-icon landscape'>\n\t\t\t\t<a href='https:\/\/www.visitamalfi.info\/es\/amalfi-la-70a-regata-de-las-antiguas-republicas-maritimas-llego-a-su-fin\/499551466_1111432947692405_6093490863381578439_n-2-2\/'><img loading=\"lazy\" decoding=\"async\" width=\"300\" height=\"300\" src=\"https:\/\/www.visitamalfi.info\/wp-content\/uploads\/2025\/05\/499551466_1111432947692405_6093490863381578439_n-1-300x300.jpg\" class=\"attachment-thumbnail size-thumbnail\" alt=\"\" srcset=\"https:\/\/www.visitamalfi.info\/wp-content\/uploads\/2025\/05\/499551466_1111432947692405_6093490863381578439_n-1-300x300.jpg 300w, https:\/\/www.visitamalfi.info\/wp-content\/uploads\/2025\/05\/499551466_1111432947692405_6093490863381578439_n-1-510x510.jpg 510w, https:\/\/www.visitamalfi.info\/wp-content\/uploads\/2025\/05\/499551466_1111432947692405_6093490863381578439_n-1-160x160.jpg 160w\" sizes=\"(max-width: 300px) 100vw, 300px\" \/><\/a>\n\t\t\t<\/div><\/figure><figure class='gallery-item'>\n\t\t\t<div class='gallery-icon landscape'>\n\t\t\t\t<a href='https:\/\/www.visitamalfi.info\/es\/amalfi-la-70a-regata-de-las-antiguas-republicas-maritimas-llego-a-su-fin\/499570793_1111651464337220_1402161409452429187_n-2\/'><img loading=\"lazy\" decoding=\"async\" width=\"300\" height=\"300\" src=\"https:\/\/www.visitamalfi.info\/wp-content\/uploads\/2025\/05\/499570793_1111651464337220_1402161409452429187_n-300x300.jpg\" class=\"attachment-thumbnail size-thumbnail\" alt=\"\" srcset=\"https:\/\/www.visitamalfi.info\/wp-content\/uploads\/2025\/05\/499570793_1111651464337220_1402161409452429187_n-300x300.jpg 300w, https:\/\/www.visitamalfi.info\/wp-content\/uploads\/2025\/05\/499570793_1111651464337220_1402161409452429187_n-510x510.jpg 510w, https:\/\/www.visitamalfi.info\/wp-content\/uploads\/2025\/05\/499570793_1111651464337220_1402161409452429187_n-160x160.jpg 160w\" sizes=\"(max-width: 300px) 100vw, 300px\" \/><\/a>\n\t\t\t<\/div><\/figure><figure class='gallery-item'>\n\t\t\t<div class='gallery-icon landscape'>\n\t\t\t\t<a href='https:\/\/www.visitamalfi.info\/es\/amalfi-la-70a-regata-de-las-antiguas-republicas-maritimas-llego-a-su-fin\/499717347_1111996344302732_3114441923700090575_n-2\/'><img loading=\"lazy\" decoding=\"async\" width=\"300\" height=\"300\" src=\"https:\/\/www.visitamalfi.info\/wp-content\/uploads\/2025\/05\/499717347_1111996344302732_3114441923700090575_n-300x300.jpg\" class=\"attachment-thumbnail size-thumbnail\" alt=\"\" srcset=\"https:\/\/www.visitamalfi.info\/wp-content\/uploads\/2025\/05\/499717347_1111996344302732_3114441923700090575_n-300x300.jpg 300w, https:\/\/www.visitamalfi.info\/wp-content\/uploads\/2025\/05\/499717347_1111996344302732_3114441923700090575_n-510x510.jpg 510w, https:\/\/www.visitamalfi.info\/wp-content\/uploads\/2025\/05\/499717347_1111996344302732_3114441923700090575_n-160x160.jpg 160w\" sizes=\"(max-width: 300px) 100vw, 300px\" \/><\/a>\n\t\t\t<\/div><\/figure><figure class='gallery-item'>\n\t\t\t<div class='gallery-icon landscape'>\n\t\t\t\t<a href='https:\/\/www.visitamalfi.info\/es\/amalfi-la-70a-regata-de-las-antiguas-republicas-maritimas-llego-a-su-fin\/499730079_1111996497636050_379709429185307215_n-2\/'><img loading=\"lazy\" decoding=\"async\" width=\"300\" height=\"300\" src=\"https:\/\/www.visitamalfi.info\/wp-content\/uploads\/2025\/05\/499730079_1111996497636050_379709429185307215_n-300x300.jpg\" class=\"attachment-thumbnail size-thumbnail\" alt=\"\" srcset=\"https:\/\/www.visitamalfi.info\/wp-content\/uploads\/2025\/05\/499730079_1111996497636050_379709429185307215_n-300x300.jpg 300w, https:\/\/www.visitamalfi.info\/wp-content\/uploads\/2025\/05\/499730079_1111996497636050_379709429185307215_n-510x510.jpg 510w, https:\/\/www.visitamalfi.info\/wp-content\/uploads\/2025\/05\/499730079_1111996497636050_379709429185307215_n-160x160.jpg 160w\" sizes=\"(max-width: 300px) 100vw, 300px\" \/><\/a>\n\t\t\t<\/div><\/figure><figure class='gallery-item'>\n\t\t\t<div class='gallery-icon landscape'>\n\t\t\t\t<a href='https:\/\/www.visitamalfi.info\/es\/amalfi-la-70a-regata-de-las-antiguas-republicas-maritimas-llego-a-su-fin\/499794034_1111996437636056_5843477050932737354_n-2\/'><img loading=\"lazy\" decoding=\"async\" width=\"300\" height=\"300\" src=\"https:\/\/www.visitamalfi.info\/wp-content\/uploads\/2025\/05\/499794034_1111996437636056_5843477050932737354_n-300x300.jpg\" class=\"attachment-thumbnail size-thumbnail\" alt=\"\" srcset=\"https:\/\/www.visitamalfi.info\/wp-content\/uploads\/2025\/05\/499794034_1111996437636056_5843477050932737354_n-300x300.jpg 300w, https:\/\/www.visitamalfi.info\/wp-content\/uploads\/2025\/05\/499794034_1111996437636056_5843477050932737354_n-510x510.jpg 510w, https:\/\/www.visitamalfi.info\/wp-content\/uploads\/2025\/05\/499794034_1111996437636056_5843477050932737354_n-160x160.jpg 160w\" sizes=\"(max-width: 300px) 100vw, 300px\" \/><\/a>\n\t\t\t<\/div><\/figure>\n\t\t<\/div>\n\n","protected":false},"excerpt":{"rendered":"<p>Del 15 al 18 de mayo, Amalfi acogi\u00f3 la 70\u00aa Regata de las Antiguas Rep\u00fablicas Mar\u00edtimas, una de las tradiciones m\u00e1s fascinantes y sentidas del Mediterr\u00e1neo. Un acontecimiento que hunde [&hellip;]<\/p>\n","protected":false},"author":7,"featured_media":21656,"comment_status":"open","ping_status":"closed","sticky":false,"template":"","format":"standard","meta":{"inline_featured_image":false,"footnotes":""},"categories":[726,263,822,823,824],"tags":[],"class_list":["post-21764","post","type-post","status-publish","format-standard","has-post-thumbnail","hentry","category-arte-es","category-curiosidades","category-eventos","category-historia","category-tradicion"],"yoast_head":"<!-- This site is optimized with the Yoast SEO plugin v27.3 - https:\/\/yoast.com\/product\/yoast-seo-wordpress\/ -->\n<title>Amalfi, la 70\u00aa Regata de las Antiguas Rep\u00fablicas Mar\u00edtimas lleg\u00f3 a su fin - Visit Amalfi<\/title>\n<meta name=\"robots\" content=\"index, follow, max-snippet:-1, max-image-preview:large, max-video-preview:-1\" \/>\n<link rel=\"canonical\" href=\"https:\/\/www.visitamalfi.info\/es\/amalfi-la-70a-regata-de-las-antiguas-republicas-maritimas-llego-a-su-fin\/\" \/>\n<meta property=\"og:locale\" content=\"es_ES\" \/>\n<meta property=\"og:type\" content=\"article\" \/>\n<meta property=\"og:title\" content=\"Amalfi, la 70\u00aa Regata de las Antiguas Rep\u00fablicas Mar\u00edtimas lleg\u00f3 a su fin - Visit Amalfi\" \/>\n<meta property=\"og:description\" content=\"Del 15 al 18 de mayo, Amalfi acogi\u00f3 la 70\u00aa Regata de las Antiguas Rep\u00fablicas Mar\u00edtimas, una de las tradiciones m\u00e1s fascinantes y sentidas del Mediterr\u00e1neo. Un acontecimiento que hunde [&hellip;]\" \/>\n<meta property=\"og:url\" content=\"https:\/\/www.visitamalfi.info\/es\/amalfi-la-70a-regata-de-las-antiguas-republicas-maritimas-llego-a-su-fin\/\" \/>\n<meta property=\"og:site_name\" content=\"Visit Amalfi\" \/>\n<meta property=\"article:publisher\" content=\"https:\/\/www.facebook.com\/visitamalfiofficial\" \/>\n<meta property=\"article:published_time\" content=\"2025-05-19T07:41:26+00:00\" \/>\n<meta property=\"og:image\" content=\"https:\/\/www.visitamalfi.info\/wp-content\/uploads\/2025\/05\/499399464_1111996617636038_4574219719329272507_n.jpg\" \/>\n\t<meta property=\"og:image:width\" content=\"1337\" \/>\n\t<meta property=\"og:image:height\" content=\"894\" \/>\n\t<meta property=\"og:image:type\" content=\"image\/jpeg\" \/>\n<meta name=\"author\" content=\"Federica Dumont\" \/>\n<meta name=\"twitter:card\" content=\"summary_large_image\" \/>\n<meta name=\"twitter:label1\" content=\"Escrito por\" \/>\n\t<meta name=\"twitter:data1\" content=\"Federica Dumont\" \/>\n\t<meta name=\"twitter:label2\" content=\"Tiempo de lectura\" \/>\n\t<meta name=\"twitter:data2\" content=\"2 minutos\" \/>\n<script type=\"application\/ld+json\" class=\"yoast-schema-graph\">{\"@context\":\"https:\\\/\\\/schema.org\",\"@graph\":[{\"@type\":\"Article\",\"@id\":\"https:\\\/\\\/www.visitamalfi.info\\\/es\\\/amalfi-la-70a-regata-de-las-antiguas-republicas-maritimas-llego-a-su-fin\\\/#article\",\"isPartOf\":{\"@id\":\"https:\\\/\\\/www.visitamalfi.info\\\/es\\\/amalfi-la-70a-regata-de-las-antiguas-republicas-maritimas-llego-a-su-fin\\\/\"},\"author\":{\"name\":\"Federica Dumont\",\"@id\":\"https:\\\/\\\/www.visitamalfi.info\\\/es\\\/#\\\/schema\\\/person\\\/0c7584af846d5d2da6c69f7e68f3af96\"},\"headline\":\"Amalfi, la 70\u00aa Regata de las Antiguas Rep\u00fablicas Mar\u00edtimas lleg\u00f3 a su fin\",\"datePublished\":\"2025-05-19T07:41:26+00:00\",\"mainEntityOfPage\":{\"@id\":\"https:\\\/\\\/www.visitamalfi.info\\\/es\\\/amalfi-la-70a-regata-de-las-antiguas-republicas-maritimas-llego-a-su-fin\\\/\"},\"wordCount\":467,\"commentCount\":0,\"publisher\":{\"@id\":\"https:\\\/\\\/www.visitamalfi.info\\\/es\\\/#organization\"},\"image\":{\"@id\":\"https:\\\/\\\/www.visitamalfi.info\\\/es\\\/amalfi-la-70a-regata-de-las-antiguas-republicas-maritimas-llego-a-su-fin\\\/#primaryimage\"},\"thumbnailUrl\":\"https:\\\/\\\/www.visitamalfi.info\\\/wp-content\\\/uploads\\\/2025\\\/05\\\/499399464_1111996617636038_4574219719329272507_n.jpg\",\"articleSection\":[\"arte\",\"Curiosidades\",\"Eventos\",\"historia\",\"tradici\u00f3n\"],\"inLanguage\":\"es\",\"potentialAction\":[{\"@type\":\"CommentAction\",\"name\":\"Comment\",\"target\":[\"https:\\\/\\\/www.visitamalfi.info\\\/es\\\/amalfi-la-70a-regata-de-las-antiguas-republicas-maritimas-llego-a-su-fin\\\/#respond\"]}]},{\"@type\":\"WebPage\",\"@id\":\"https:\\\/\\\/www.visitamalfi.info\\\/es\\\/amalfi-la-70a-regata-de-las-antiguas-republicas-maritimas-llego-a-su-fin\\\/\",\"url\":\"https:\\\/\\\/www.visitamalfi.info\\\/es\\\/amalfi-la-70a-regata-de-las-antiguas-republicas-maritimas-llego-a-su-fin\\\/\",\"name\":\"Amalfi, la 70\u00aa Regata de las Antiguas Rep\u00fablicas Mar\u00edtimas lleg\u00f3 a su fin - Visit Amalfi\",\"isPartOf\":{\"@id\":\"https:\\\/\\\/www.visitamalfi.info\\\/es\\\/#website\"},\"primaryImageOfPage\":{\"@id\":\"https:\\\/\\\/www.visitamalfi.info\\\/es\\\/amalfi-la-70a-regata-de-las-antiguas-republicas-maritimas-llego-a-su-fin\\\/#primaryimage\"},\"image\":{\"@id\":\"https:\\\/\\\/www.visitamalfi.info\\\/es\\\/amalfi-la-70a-regata-de-las-antiguas-republicas-maritimas-llego-a-su-fin\\\/#primaryimage\"},\"thumbnailUrl\":\"https:\\\/\\\/www.visitamalfi.info\\\/wp-content\\\/uploads\\\/2025\\\/05\\\/499399464_1111996617636038_4574219719329272507_n.jpg\",\"datePublished\":\"2025-05-19T07:41:26+00:00\",\"breadcrumb\":{\"@id\":\"https:\\\/\\\/www.visitamalfi.info\\\/es\\\/amalfi-la-70a-regata-de-las-antiguas-republicas-maritimas-llego-a-su-fin\\\/#breadcrumb\"},\"inLanguage\":\"es\",\"potentialAction\":[{\"@type\":\"ReadAction\",\"target\":[\"https:\\\/\\\/www.visitamalfi.info\\\/es\\\/amalfi-la-70a-regata-de-las-antiguas-republicas-maritimas-llego-a-su-fin\\\/\"]}]},{\"@type\":\"ImageObject\",\"inLanguage\":\"es\",\"@id\":\"https:\\\/\\\/www.visitamalfi.info\\\/es\\\/amalfi-la-70a-regata-de-las-antiguas-republicas-maritimas-llego-a-su-fin\\\/#primaryimage\",\"url\":\"https:\\\/\\\/www.visitamalfi.info\\\/wp-content\\\/uploads\\\/2025\\\/05\\\/499399464_1111996617636038_4574219719329272507_n.jpg\",\"contentUrl\":\"https:\\\/\\\/www.visitamalfi.info\\\/wp-content\\\/uploads\\\/2025\\\/05\\\/499399464_1111996617636038_4574219719329272507_n.jpg\",\"width\":1337,\"height\":894},{\"@type\":\"BreadcrumbList\",\"@id\":\"https:\\\/\\\/www.visitamalfi.info\\\/es\\\/amalfi-la-70a-regata-de-las-antiguas-republicas-maritimas-llego-a-su-fin\\\/#breadcrumb\",\"itemListElement\":[{\"@type\":\"ListItem\",\"position\":1,\"name\":\"Home\",\"item\":\"https:\\\/\\\/www.visitamalfi.info\\\/es\\\/\"},{\"@type\":\"ListItem\",\"position\":2,\"name\":\"Amalfi, la 70\u00aa Regata de las Antiguas Rep\u00fablicas Mar\u00edtimas lleg\u00f3 a su fin\"}]},{\"@type\":\"WebSite\",\"@id\":\"https:\\\/\\\/www.visitamalfi.info\\\/es\\\/#website\",\"url\":\"https:\\\/\\\/www.visitamalfi.info\\\/es\\\/\",\"name\":\"Visit Amalfi\",\"description\":\"Amalfi Destination Official Website\",\"publisher\":{\"@id\":\"https:\\\/\\\/www.visitamalfi.info\\\/es\\\/#organization\"},\"potentialAction\":[{\"@type\":\"SearchAction\",\"target\":{\"@type\":\"EntryPoint\",\"urlTemplate\":\"https:\\\/\\\/www.visitamalfi.info\\\/es\\\/?s={search_term_string}\"},\"query-input\":{\"@type\":\"PropertyValueSpecification\",\"valueRequired\":true,\"valueName\":\"search_term_string\"}}],\"inLanguage\":\"es\"},{\"@type\":\"Organization\",\"@id\":\"https:\\\/\\\/www.visitamalfi.info\\\/es\\\/#organization\",\"name\":\"Visit Amalfi\",\"url\":\"https:\\\/\\\/www.visitamalfi.info\\\/es\\\/\",\"logo\":{\"@type\":\"ImageObject\",\"inLanguage\":\"es\",\"@id\":\"https:\\\/\\\/www.visitamalfi.info\\\/es\\\/#\\\/schema\\\/logo\\\/image\\\/\",\"url\":\"https:\\\/\\\/www.visitamalfi.info\\\/wp-content\\\/uploads\\\/2023\\\/04\\\/visit-amalfi-logo-web.png\",\"contentUrl\":\"https:\\\/\\\/www.visitamalfi.info\\\/wp-content\\\/uploads\\\/2023\\\/04\\\/visit-amalfi-logo-web.png\",\"width\":800,\"height\":870,\"caption\":\"Visit Amalfi\"},\"image\":{\"@id\":\"https:\\\/\\\/www.visitamalfi.info\\\/es\\\/#\\\/schema\\\/logo\\\/image\\\/\"},\"sameAs\":[\"https:\\\/\\\/www.facebook.com\\\/visitamalfiofficial\",\"https:\\\/\\\/www.instagram.com\\\/visitamalfiofficial\\\/\"]},{\"@type\":\"Person\",\"@id\":\"https:\\\/\\\/www.visitamalfi.info\\\/es\\\/#\\\/schema\\\/person\\\/0c7584af846d5d2da6c69f7e68f3af96\",\"name\":\"Federica Dumont\",\"image\":{\"@type\":\"ImageObject\",\"inLanguage\":\"es\",\"@id\":\"https:\\\/\\\/secure.gravatar.com\\\/avatar\\\/0803dab414b6c6f1fd2399680f587870a020419b6ebe9d36dd75df06a6a68060?s=96&d=mm&r=g\",\"url\":\"https:\\\/\\\/secure.gravatar.com\\\/avatar\\\/0803dab414b6c6f1fd2399680f587870a020419b6ebe9d36dd75df06a6a68060?s=96&d=mm&r=g\",\"contentUrl\":\"https:\\\/\\\/secure.gravatar.com\\\/avatar\\\/0803dab414b6c6f1fd2399680f587870a020419b6ebe9d36dd75df06a6a68060?s=96&d=mm&r=g\",\"caption\":\"Federica Dumont\"},\"url\":\"https:\\\/\\\/www.visitamalfi.info\\\/es\\\/author\\\/federica\\\/\"}]}<\/script>\n<!-- \/ Yoast SEO plugin. -->","yoast_head_json":{"title":"Amalfi, la 70\u00aa Regata de las Antiguas Rep\u00fablicas Mar\u00edtimas lleg\u00f3 a su fin - Visit Amalfi","robots":{"index":"index","follow":"follow","max-snippet":"max-snippet:-1","max-image-preview":"max-image-preview:large","max-video-preview":"max-video-preview:-1"},"canonical":"https:\/\/www.visitamalfi.info\/es\/amalfi-la-70a-regata-de-las-antiguas-republicas-maritimas-llego-a-su-fin\/","og_locale":"es_ES","og_type":"article","og_title":"Amalfi, la 70\u00aa Regata de las Antiguas Rep\u00fablicas Mar\u00edtimas lleg\u00f3 a su fin - Visit Amalfi","og_description":"Del 15 al 18 de mayo, Amalfi acogi\u00f3 la 70\u00aa Regata de las Antiguas Rep\u00fablicas Mar\u00edtimas, una de las tradiciones m\u00e1s fascinantes y sentidas del Mediterr\u00e1neo. Un acontecimiento que hunde [&hellip;]","og_url":"https:\/\/www.visitamalfi.info\/es\/amalfi-la-70a-regata-de-las-antiguas-republicas-maritimas-llego-a-su-fin\/","og_site_name":"Visit Amalfi","article_publisher":"https:\/\/www.facebook.com\/visitamalfiofficial","article_published_time":"2025-05-19T07:41:26+00:00","og_image":[{"width":1337,"height":894,"url":"https:\/\/www.visitamalfi.info\/wp-content\/uploads\/2025\/05\/499399464_1111996617636038_4574219719329272507_n.jpg","type":"image\/jpeg"}],"author":"Federica Dumont","twitter_card":"summary_large_image","twitter_misc":{"Escrito por":"Federica Dumont","Tiempo de lectura":"2 minutos"},"schema":{"@context":"https:\/\/schema.org","@graph":[{"@type":"Article","@id":"https:\/\/www.visitamalfi.info\/es\/amalfi-la-70a-regata-de-las-antiguas-republicas-maritimas-llego-a-su-fin\/#article","isPartOf":{"@id":"https:\/\/www.visitamalfi.info\/es\/amalfi-la-70a-regata-de-las-antiguas-republicas-maritimas-llego-a-su-fin\/"},"author":{"name":"Federica Dumont","@id":"https:\/\/www.visitamalfi.info\/es\/#\/schema\/person\/0c7584af846d5d2da6c69f7e68f3af96"},"headline":"Amalfi, la 70\u00aa Regata de las Antiguas Rep\u00fablicas Mar\u00edtimas lleg\u00f3 a su fin","datePublished":"2025-05-19T07:41:26+00:00","mainEntityOfPage":{"@id":"https:\/\/www.visitamalfi.info\/es\/amalfi-la-70a-regata-de-las-antiguas-republicas-maritimas-llego-a-su-fin\/"},"wordCount":467,"commentCount":0,"publisher":{"@id":"https:\/\/www.visitamalfi.info\/es\/#organization"},"image":{"@id":"https:\/\/www.visitamalfi.info\/es\/amalfi-la-70a-regata-de-las-antiguas-republicas-maritimas-llego-a-su-fin\/#primaryimage"},"thumbnailUrl":"https:\/\/www.visitamalfi.info\/wp-content\/uploads\/2025\/05\/499399464_1111996617636038_4574219719329272507_n.jpg","articleSection":["arte","Curiosidades","Eventos","historia","tradici\u00f3n"],"inLanguage":"es","potentialAction":[{"@type":"CommentAction","name":"Comment","target":["https:\/\/www.visitamalfi.info\/es\/amalfi-la-70a-regata-de-las-antiguas-republicas-maritimas-llego-a-su-fin\/#respond"]}]},{"@type":"WebPage","@id":"https:\/\/www.visitamalfi.info\/es\/amalfi-la-70a-regata-de-las-antiguas-republicas-maritimas-llego-a-su-fin\/","url":"https:\/\/www.visitamalfi.info\/es\/amalfi-la-70a-regata-de-las-antiguas-republicas-maritimas-llego-a-su-fin\/","name":"Amalfi, la 70\u00aa Regata de las Antiguas Rep\u00fablicas Mar\u00edtimas lleg\u00f3 a su fin - Visit Amalfi","isPartOf":{"@id":"https:\/\/www.visitamalfi.info\/es\/#website"},"primaryImageOfPage":{"@id":"https:\/\/www.visitamalfi.info\/es\/amalfi-la-70a-regata-de-las-antiguas-republicas-maritimas-llego-a-su-fin\/#primaryimage"},"image":{"@id":"https:\/\/www.visitamalfi.info\/es\/amalfi-la-70a-regata-de-las-antiguas-republicas-maritimas-llego-a-su-fin\/#primaryimage"},"thumbnailUrl":"https:\/\/www.visitamalfi.info\/wp-content\/uploads\/2025\/05\/499399464_1111996617636038_4574219719329272507_n.jpg","datePublished":"2025-05-19T07:41:26+00:00","breadcrumb":{"@id":"https:\/\/www.visitamalfi.info\/es\/amalfi-la-70a-regata-de-las-antiguas-republicas-maritimas-llego-a-su-fin\/#breadcrumb"},"inLanguage":"es","potentialAction":[{"@type":"ReadAction","target":["https:\/\/www.visitamalfi.info\/es\/amalfi-la-70a-regata-de-las-antiguas-republicas-maritimas-llego-a-su-fin\/"]}]},{"@type":"ImageObject","inLanguage":"es","@id":"https:\/\/www.visitamalfi.info\/es\/amalfi-la-70a-regata-de-las-antiguas-republicas-maritimas-llego-a-su-fin\/#primaryimage","url":"https:\/\/www.visitamalfi.info\/wp-content\/uploads\/2025\/05\/499399464_1111996617636038_4574219719329272507_n.jpg","contentUrl":"https:\/\/www.visitamalfi.info\/wp-content\/uploads\/2025\/05\/499399464_1111996617636038_4574219719329272507_n.jpg","width":1337,"height":894},{"@type":"BreadcrumbList","@id":"https:\/\/www.visitamalfi.info\/es\/amalfi-la-70a-regata-de-las-antiguas-republicas-maritimas-llego-a-su-fin\/#breadcrumb","itemListElement":[{"@type":"ListItem","position":1,"name":"Home","item":"https:\/\/www.visitamalfi.info\/es\/"},{"@type":"ListItem","position":2,"name":"Amalfi, la 70\u00aa Regata de las Antiguas Rep\u00fablicas Mar\u00edtimas lleg\u00f3 a su fin"}]},{"@type":"WebSite","@id":"https:\/\/www.visitamalfi.info\/es\/#website","url":"https:\/\/www.visitamalfi.info\/es\/","name":"Visit Amalfi","description":"Amalfi Destination Official Website","publisher":{"@id":"https:\/\/www.visitamalfi.info\/es\/#organization"},"potentialAction":[{"@type":"SearchAction","target":{"@type":"EntryPoint","urlTemplate":"https:\/\/www.visitamalfi.info\/es\/?s={search_term_string}"},"query-input":{"@type":"PropertyValueSpecification","valueRequired":true,"valueName":"search_term_string"}}],"inLanguage":"es"},{"@type":"Organization","@id":"https:\/\/www.visitamalfi.info\/es\/#organization","name":"Visit Amalfi","url":"https:\/\/www.visitamalfi.info\/es\/","logo":{"@type":"ImageObject","inLanguage":"es","@id":"https:\/\/www.visitamalfi.info\/es\/#\/schema\/logo\/image\/","url":"https:\/\/www.visitamalfi.info\/wp-content\/uploads\/2023\/04\/visit-amalfi-logo-web.png","contentUrl":"https:\/\/www.visitamalfi.info\/wp-content\/uploads\/2023\/04\/visit-amalfi-logo-web.png","width":800,"height":870,"caption":"Visit Amalfi"},"image":{"@id":"https:\/\/www.visitamalfi.info\/es\/#\/schema\/logo\/image\/"},"sameAs":["https:\/\/www.facebook.com\/visitamalfiofficial","https:\/\/www.instagram.com\/visitamalfiofficial\/"]},{"@type":"Person","@id":"https:\/\/www.visitamalfi.info\/es\/#\/schema\/person\/0c7584af846d5d2da6c69f7e68f3af96","name":"Federica Dumont","image":{"@type":"ImageObject","inLanguage":"es","@id":"https:\/\/secure.gravatar.com\/avatar\/0803dab414b6c6f1fd2399680f587870a020419b6ebe9d36dd75df06a6a68060?s=96&d=mm&r=g","url":"https:\/\/secure.gravatar.com\/avatar\/0803dab414b6c6f1fd2399680f587870a020419b6ebe9d36dd75df06a6a68060?s=96&d=mm&r=g","contentUrl":"https:\/\/secure.gravatar.com\/avatar\/0803dab414b6c6f1fd2399680f587870a020419b6ebe9d36dd75df06a6a68060?s=96&d=mm&r=g","caption":"Federica Dumont"},"url":"https:\/\/www.visitamalfi.info\/es\/author\/federica\/"}]}},"_links":{"self":[{"href":"https:\/\/www.visitamalfi.info\/es\/wp-json\/wp\/v2\/posts\/21764","targetHints":{"allow":["GET"]}}],"collection":[{"href":"https:\/\/www.visitamalfi.info\/es\/wp-json\/wp\/v2\/posts"}],"about":[{"href":"https:\/\/www.visitamalfi.info\/es\/wp-json\/wp\/v2\/types\/post"}],"author":[{"embeddable":true,"href":"https:\/\/www.visitamalfi.info\/es\/wp-json\/wp\/v2\/users\/7"}],"replies":[{"embeddable":true,"href":"https:\/\/www.visitamalfi.info\/es\/wp-json\/wp\/v2\/comments?post=21764"}],"version-history":[{"count":0,"href":"https:\/\/www.visitamalfi.info\/es\/wp-json\/wp\/v2\/posts\/21764\/revisions"}],"wp:featuredmedia":[{"embeddable":true,"href":"https:\/\/www.visitamalfi.info\/es\/wp-json\/wp\/v2\/media\/21656"}],"wp:attachment":[{"href":"https:\/\/www.visitamalfi.info\/es\/wp-json\/wp\/v2\/media?parent=21764"}],"wp:term":[{"taxonomy":"category","embeddable":true,"href":"https:\/\/www.visitamalfi.info\/es\/wp-json\/wp\/v2\/categories?post=21764"},{"taxonomy":"post_tag","embeddable":true,"href":"https:\/\/www.visitamalfi.info\/es\/wp-json\/wp\/v2\/tags?post=21764"}],"curies":[{"name":"wp","href":"https:\/\/api.w.org\/{rel}","templated":true}]}}