{"id":21641,"date":"2025-05-15T18:27:38","date_gmt":"2025-05-15T16:27:38","guid":{"rendered":"https:\/\/www.visitamalfi.info\/amalfi-lista-para-recibir-a-las-republicas-maritimas-se-levanta-el-telon-del-palio-de-las-reinas-de-los-mares\/"},"modified":"2025-05-15T18:27:38","modified_gmt":"2025-05-15T16:27:38","slug":"amalfi-lista-para-recibir-a-las-republicas-maritimas-se-levanta-el-telon-del-palio-de-las-reinas-de-los-mares","status":"publish","type":"post","link":"https:\/\/www.visitamalfi.info\/es\/amalfi-lista-para-recibir-a-las-republicas-maritimas-se-levanta-el-telon-del-palio-de-las-reinas-de-los-mares\/","title":{"rendered":"Amalfi lista para recibir a las Rep\u00fablicas Mar\u00edtimas: se levanta el tel\u00f3n del Palio de las Reinas de los Mares"},"content":{"rendered":"<p class=\"cvGsUA direction-ltr align-start para-style-body\"><span class=\"OYPEnA font-feature-liga-off font-feature-clig-off font-feature-calt-off text-decoration-none text-strikethrough-none\">Hoy, jueves 15 de mayo, el Arsenal de la Rep\u00fablica ha sido escenario de un momento simb\u00f3lico, art\u00edstico y evocador: el <\/span><span class=\"OYPEnA font-feature-liga-off font-feature-clig-off font-feature-calt-off text-decoration-none text-strikethrough-none\">primer acto cultural<\/span><span class=\"OYPEnA font-feature-liga-off font-feature-clig-off font-feature-calt-off text-decoration-none text-strikethrough-none\"> que inaugura oficialmente las celebraciones dedicadas a la Regata de las Antiguas Rep\u00fablicas Mar\u00edtimas.<img fetchpriority=\"high\" decoding=\"async\" class=\"size-medium wp-image-21602 alignright\" src=\"https:\/\/www.visitamalfi.info\/wp-content\/uploads\/2025\/05\/496053856_1109743344528032_975839270209202004_n-300x200.jpg\" alt=\"\" width=\"300\" height=\"200\" srcset=\"https:\/\/www.visitamalfi.info\/wp-content\/uploads\/2025\/05\/496053856_1109743344528032_975839270209202004_n-300x200.jpg 300w, https:\/\/www.visitamalfi.info\/wp-content\/uploads\/2025\/05\/496053856_1109743344528032_975839270209202004_n-1024x682.jpg 1024w, https:\/\/www.visitamalfi.info\/wp-content\/uploads\/2025\/05\/496053856_1109743344528032_975839270209202004_n-768x512.jpg 768w, https:\/\/www.visitamalfi.info\/wp-content\/uploads\/2025\/05\/496053856_1109743344528032_975839270209202004_n-1536x1023.jpg 1536w, https:\/\/www.visitamalfi.info\/wp-content\/uploads\/2025\/05\/496053856_1109743344528032_975839270209202004_n-870x580.jpg 870w, https:\/\/www.visitamalfi.info\/wp-content\/uploads\/2025\/05\/496053856_1109743344528032_975839270209202004_n-615x410.jpg 615w, https:\/\/www.visitamalfi.info\/wp-content\/uploads\/2025\/05\/496053856_1109743344528032_975839270209202004_n-1240x825.jpg 1240w, https:\/\/www.visitamalfi.info\/wp-content\/uploads\/2025\/05\/496053856_1109743344528032_975839270209202004_n.jpg 1600w\" sizes=\"(max-width: 300px) 100vw, 300px\" \/><\/span><\/p>\n<p class=\"cvGsUA direction-ltr align-start para-style-body\"><strong><span class=\"OYPEnA font-feature-liga-off font-feature-clig-off font-feature-calt-off text-decoration-none text-strikethrough-none\">La Exposici\u00f3n<\/span><\/strong><\/p>\n<p class=\"cvGsUA direction-ltr align-start para-style-body\"><span class=\"OYPEnA font-feature-liga-off font-feature-clig-off font-feature-calt-off text-decoration-none text-strikethrough-none\">El primer acontecimiento es un verdadero viaje a la memoria y a la belleza del evento: la inauguraci\u00f3n de una<em> exposici\u00f3n dedicada a los carteles m\u00e1s significativos de las 70 ediciones de la Regata<\/em>. Se trata de una oportunidad \u00fanica y emocionante de revivir momentos pasados ligados a la historia de la Regata a trav\u00e9s de la evoluci\u00f3n de su <em>imagen gr\u00e1fica<\/em>.<\/span><\/p>\n<p class=\"cvGsUA direction-ltr align-start para-style-body\"><span class=\"OYPEnA font-feature-liga-off font-feature-clig-off font-feature-calt-off text-decoration-none text-strikethrough-none\"><img decoding=\"async\" class=\"size-medium wp-image-21607 alignleft\" src=\"https:\/\/www.visitamalfi.info\/wp-content\/uploads\/2025\/05\/2r-300x200.jpg\" alt=\"\" width=\"300\" height=\"200\" srcset=\"https:\/\/www.visitamalfi.info\/wp-content\/uploads\/2025\/05\/2r-300x200.jpg 300w, https:\/\/www.visitamalfi.info\/wp-content\/uploads\/2025\/05\/2r-1024x682.jpg 1024w, https:\/\/www.visitamalfi.info\/wp-content\/uploads\/2025\/05\/2r-768x512.jpg 768w, https:\/\/www.visitamalfi.info\/wp-content\/uploads\/2025\/05\/2r-1536x1023.jpg 1536w, https:\/\/www.visitamalfi.info\/wp-content\/uploads\/2025\/05\/2r-870x580.jpg 870w, https:\/\/www.visitamalfi.info\/wp-content\/uploads\/2025\/05\/2r-615x410.jpg 615w, https:\/\/www.visitamalfi.info\/wp-content\/uploads\/2025\/05\/2r-1240x825.jpg 1240w, https:\/\/www.visitamalfi.info\/wp-content\/uploads\/2025\/05\/2r.jpg 1600w\" sizes=\"(max-width: 300px) 100vw, 300px\" \/>Para enriquecer la velada, la presentaci\u00f3n del &#8220;<\/span><em><span class=\"OYPEnA font-feature-liga-off font-feature-clig-off font-feature-calt-off text-decoration-none text-strikethrough-none\">n\u00famero \u00fanico<\/span><\/em><span class=\"OYPEnA font-feature-liga-off font-feature-clig-off font-feature-calt-off text-decoration-none text-strikethrough-none\">&#8216;, es decir, la publicaci\u00f3n con la que Amalfi celebra el acontecimiento, editada por el Centro di Cultura e Storia Amalfitana, y de los <em>8 nuevos trajes de los personajes<\/em> que har\u00e1n su debut en la <em>procesi\u00f3n hist\u00f3rica<\/em> (s\u00e1bado 17 de mayo, 19.30 h): un homenaje a la tradici\u00f3n elegantemente renovada a trav\u00e9s de una cuidadosa investigaci\u00f3n hist\u00f3rica y sartorial que realza la identidad de la ciudad.<\/span><\/p>\n<p class=\"cvGsUA direction-ltr align-start para-style-body\"><span class=\"OYPEnA font-feature-liga-off font-feature-clig-off font-feature-calt-off text-decoration-none text-strikethrough-none\">&#8220;<em>Se trata de cuatro caballeros, llamados<strong>&#8220;Milites<\/strong>&#8220;, cuyas figuras aparecen en un fresco de la milenaria abad\u00eda de <strong>Santa Maria dell&#8217;Olearia<\/strong> de Maiori, dos mercaderes, el primero perteneciente a la nobleza amalfitana, el otro expresi\u00f3n de la clase llamada<strong>&#8220;mediocres<\/strong>&#8220;, y dos mujeres nobles: la <strong>Ducissa<\/strong>, consorte del duque, patricio y ant\u00ecpato <strong>Mansone I<\/strong>, y la <strong>Ducissa Regale<\/strong>, esposa del duque corrector <strong>Giovanni<\/strong> I, cuyas referencias visuales proceden de otras tantas esculturas que se remontan respectivamente a una Dama di Scala y a Sigilgaida della Marra&#8230;.<\/em>&#8220;<\/span><\/p>\n<p class=\"cvGsUA direction-ltr align-start para-style-body\"><strong><span class=\"OYPEnA font-feature-liga-off font-feature-clig-off font-feature-calt-off text-decoration-none text-strikethrough-none\">El Arsenal vuelve a ser el coraz\u00f3n palpitante de la cultura<\/span><\/strong><\/p>\n<p class=\"cvGsUA direction-ltr align-start para-style-body\"><span class=\"OYPEnA font-feature-liga-off font-feature-clig-off font-feature-calt-off text-decoration-none text-strikethrough-none\">El antiguo Arsenal, s\u00edmbolo indiscutible del poder\u00edo marinero de Amalfi, vuelve a ser un centro de vida cultural y un lugar de encuentro <em>entre el pasado y el presente<\/em>. Este primer acto no es s\u00f3lo un anticipo de la Regata, sino tambi\u00e9n una invitaci\u00f3n a redescubrir el valor de las ra\u00edces.<img decoding=\"async\" class=\"size-medium wp-image-21597 alignright\" src=\"https:\/\/www.visitamalfi.info\/wp-content\/uploads\/2025\/05\/f-300x200.jpg\" alt=\"\" width=\"300\" height=\"200\" srcset=\"https:\/\/www.visitamalfi.info\/wp-content\/uploads\/2025\/05\/f-300x200.jpg 300w, https:\/\/www.visitamalfi.info\/wp-content\/uploads\/2025\/05\/f-1024x682.jpg 1024w, https:\/\/www.visitamalfi.info\/wp-content\/uploads\/2025\/05\/f-768x512.jpg 768w, https:\/\/www.visitamalfi.info\/wp-content\/uploads\/2025\/05\/f-1536x1023.jpg 1536w, https:\/\/www.visitamalfi.info\/wp-content\/uploads\/2025\/05\/f-870x580.jpg 870w, https:\/\/www.visitamalfi.info\/wp-content\/uploads\/2025\/05\/f-615x410.jpg 615w, https:\/\/www.visitamalfi.info\/wp-content\/uploads\/2025\/05\/f-1240x825.jpg 1240w, https:\/\/www.visitamalfi.info\/wp-content\/uploads\/2025\/05\/f.jpg 1600w\" sizes=\"(max-width: 300px) 100vw, 300px\" \/><\/span><\/p>\n<p class=\"cvGsUA direction-ltr align-start para-style-body\"><strong><span class=\"OYPEnA font-feature-liga-off font-feature-clig-off font-feature-calt-off text-decoration-none text-strikethrough-none\">Esperando el gran acontecimiento<\/span><\/strong><\/p>\n<p class=\"cvGsUA direction-ltr align-start para-style-body\"><span class=\"OYPEnA font-feature-liga-off font-feature-clig-off font-feature-calt-off text-decoration-none text-strikethrough-none\">Por ello, Amalfi se viste de gala, lista para recibir a invitados, curiosos y aficionados de todo el mundo. Las Rep\u00fablicas Mar\u00edtimas -Amalfi, G\u00e9nova, Pisa y Venecia- vuelven a cruzar sus caminos entre la historia y el deporte, la cultura y el entretenimiento.<\/span><\/p>\n<p class=\"cvGsUA direction-ltr align-start para-style-body\"><span class=\"OYPEnA font-feature-liga-off font-feature-clig-off font-feature-calt-off text-decoration-none text-strikethrough-none\">Y todo empieza aqu\u00ed mismo, desde este primer y emocionante paso.<\/span><\/p>\n<p>\u00bfTodos listos para animar Amalfi?<\/p>\n<div id='gallery-1' class='gallery galleryid-21641 gallery-columns-3 gallery-size-thumbnail'><figure class='gallery-item'>\n\t\t\t<div class='gallery-icon portrait'>\n\t\t\t\t<a href='https:\/\/www.visitamalfi.info\/es\/amalfi-lista-para-recibir-a-las-republicas-maritimas-se-levanta-el-telon-del-palio-de-las-reinas-de-los-mares\/497350292_1109743221194711_8657796789485730696_n-2\/'><img loading=\"lazy\" decoding=\"async\" width=\"300\" height=\"300\" src=\"https:\/\/www.visitamalfi.info\/wp-content\/uploads\/2025\/05\/497350292_1109743221194711_8657796789485730696_n-300x300.jpg\" class=\"attachment-thumbnail size-thumbnail\" alt=\"\" srcset=\"https:\/\/www.visitamalfi.info\/wp-content\/uploads\/2025\/05\/497350292_1109743221194711_8657796789485730696_n-300x300.jpg 300w, https:\/\/www.visitamalfi.info\/wp-content\/uploads\/2025\/05\/497350292_1109743221194711_8657796789485730696_n-510x510.jpg 510w, https:\/\/www.visitamalfi.info\/wp-content\/uploads\/2025\/05\/497350292_1109743221194711_8657796789485730696_n-160x160.jpg 160w\" sizes=\"(max-width: 300px) 100vw, 300px\" \/><\/a>\n\t\t\t<\/div><\/figure><figure class='gallery-item'>\n\t\t\t<div class='gallery-icon portrait'>\n\t\t\t\t<a href='https:\/\/www.visitamalfi.info\/es\/amalfi-lista-para-recibir-a-las-republicas-maritimas-se-levanta-el-telon-del-palio-de-las-reinas-de-los-mares\/497524614_1109743251194708_2611088161515784241_n-2\/'><img loading=\"lazy\" decoding=\"async\" width=\"300\" height=\"300\" src=\"https:\/\/www.visitamalfi.info\/wp-content\/uploads\/2025\/05\/497524614_1109743251194708_2611088161515784241_n-300x300.jpg\" class=\"attachment-thumbnail size-thumbnail\" alt=\"\" srcset=\"https:\/\/www.visitamalfi.info\/wp-content\/uploads\/2025\/05\/497524614_1109743251194708_2611088161515784241_n-300x300.jpg 300w, https:\/\/www.visitamalfi.info\/wp-content\/uploads\/2025\/05\/497524614_1109743251194708_2611088161515784241_n-510x510.jpg 510w, https:\/\/www.visitamalfi.info\/wp-content\/uploads\/2025\/05\/497524614_1109743251194708_2611088161515784241_n-160x160.jpg 160w\" sizes=\"(max-width: 300px) 100vw, 300px\" \/><\/a>\n\t\t\t<\/div><\/figure><figure class='gallery-item'>\n\t\t\t<div class='gallery-icon portrait'>\n\t\t\t\t<a href='https:\/\/www.visitamalfi.info\/es\/amalfi-lista-para-recibir-a-las-republicas-maritimas-se-levanta-el-telon-del-palio-de-las-reinas-de-los-mares\/497672790_1109743107861389_8584494237515674312_n-2\/'><img loading=\"lazy\" decoding=\"async\" width=\"300\" height=\"300\" src=\"https:\/\/www.visitamalfi.info\/wp-content\/uploads\/2025\/05\/497672790_1109743107861389_8584494237515674312_n-300x300.jpg\" class=\"attachment-thumbnail size-thumbnail\" alt=\"\" srcset=\"https:\/\/www.visitamalfi.info\/wp-content\/uploads\/2025\/05\/497672790_1109743107861389_8584494237515674312_n-300x300.jpg 300w, https:\/\/www.visitamalfi.info\/wp-content\/uploads\/2025\/05\/497672790_1109743107861389_8584494237515674312_n-510x510.jpg 510w, https:\/\/www.visitamalfi.info\/wp-content\/uploads\/2025\/05\/497672790_1109743107861389_8584494237515674312_n-160x160.jpg 160w\" sizes=\"(max-width: 300px) 100vw, 300px\" \/><\/a>\n\t\t\t<\/div><\/figure><figure class='gallery-item'>\n\t\t\t<div class='gallery-icon landscape'>\n\t\t\t\t<a href='https:\/\/www.visitamalfi.info\/es\/amalfi-lista-para-recibir-a-las-republicas-maritimas-se-levanta-el-telon-del-palio-de-las-reinas-de-los-mares\/2r-2\/'><img loading=\"lazy\" decoding=\"async\" width=\"300\" height=\"300\" src=\"https:\/\/www.visitamalfi.info\/wp-content\/uploads\/2025\/05\/2r-300x300.jpg\" class=\"attachment-thumbnail size-thumbnail\" alt=\"\" srcset=\"https:\/\/www.visitamalfi.info\/wp-content\/uploads\/2025\/05\/2r-300x300.jpg 300w, https:\/\/www.visitamalfi.info\/wp-content\/uploads\/2025\/05\/2r-510x510.jpg 510w, https:\/\/www.visitamalfi.info\/wp-content\/uploads\/2025\/05\/2r-160x160.jpg 160w\" sizes=\"(max-width: 300px) 100vw, 300px\" \/><\/a>\n\t\t\t<\/div><\/figure><figure class='gallery-item'>\n\t\t\t<div class='gallery-icon landscape'>\n\t\t\t\t<a href='https:\/\/www.visitamalfi.info\/es\/amalfi-lista-para-recibir-a-las-republicas-maritimas-se-levanta-el-telon-del-palio-de-las-reinas-de-los-mares\/496053856_1109743344528032_975839270209202004_n-2\/'><img loading=\"lazy\" decoding=\"async\" width=\"300\" height=\"300\" src=\"https:\/\/www.visitamalfi.info\/wp-content\/uploads\/2025\/05\/496053856_1109743344528032_975839270209202004_n-300x300.jpg\" class=\"attachment-thumbnail size-thumbnail\" alt=\"\" srcset=\"https:\/\/www.visitamalfi.info\/wp-content\/uploads\/2025\/05\/496053856_1109743344528032_975839270209202004_n-300x300.jpg 300w, https:\/\/www.visitamalfi.info\/wp-content\/uploads\/2025\/05\/496053856_1109743344528032_975839270209202004_n-510x510.jpg 510w, https:\/\/www.visitamalfi.info\/wp-content\/uploads\/2025\/05\/496053856_1109743344528032_975839270209202004_n-160x160.jpg 160w\" sizes=\"(max-width: 300px) 100vw, 300px\" \/><\/a>\n\t\t\t<\/div><\/figure><figure class='gallery-item'>\n\t\t\t<div class='gallery-icon landscape'>\n\t\t\t\t<a href='https:\/\/www.visitamalfi.info\/es\/amalfi-lista-para-recibir-a-las-republicas-maritimas-se-levanta-el-telon-del-palio-de-las-reinas-de-los-mares\/f-2\/'><img loading=\"lazy\" decoding=\"async\" width=\"300\" height=\"300\" src=\"https:\/\/www.visitamalfi.info\/wp-content\/uploads\/2025\/05\/f-300x300.jpg\" class=\"attachment-thumbnail size-thumbnail\" alt=\"\" srcset=\"https:\/\/www.visitamalfi.info\/wp-content\/uploads\/2025\/05\/f-300x300.jpg 300w, https:\/\/www.visitamalfi.info\/wp-content\/uploads\/2025\/05\/f-510x510.jpg 510w, https:\/\/www.visitamalfi.info\/wp-content\/uploads\/2025\/05\/f-160x160.jpg 160w\" sizes=\"(max-width: 300px) 100vw, 300px\" \/><\/a>\n\t\t\t<\/div><\/figure><figure class='gallery-item'>\n\t\t\t<div class='gallery-icon landscape'>\n\t\t\t\t<a href='https:\/\/www.visitamalfi.info\/es\/amalfi-lista-para-recibir-a-las-republicas-maritimas-se-levanta-el-telon-del-palio-de-las-reinas-de-los-mares\/3s-2\/'><img loading=\"lazy\" decoding=\"async\" width=\"300\" height=\"300\" src=\"https:\/\/www.visitamalfi.info\/wp-content\/uploads\/2025\/05\/3s-300x300.jpg\" class=\"attachment-thumbnail size-thumbnail\" alt=\"\" srcset=\"https:\/\/www.visitamalfi.info\/wp-content\/uploads\/2025\/05\/3s-300x300.jpg 300w, https:\/\/www.visitamalfi.info\/wp-content\/uploads\/2025\/05\/3s-510x510.jpg 510w, https:\/\/www.visitamalfi.info\/wp-content\/uploads\/2025\/05\/3s-160x160.jpg 160w\" sizes=\"(max-width: 300px) 100vw, 300px\" \/><\/a>\n\t\t\t<\/div><\/figure><figure class='gallery-item'>\n\t\t\t<div class='gallery-icon portrait'>\n\t\t\t\t<a href='https:\/\/www.visitamalfi.info\/es\/amalfi-lista-para-recibir-a-las-republicas-maritimas-se-levanta-el-telon-del-palio-de-las-reinas-de-los-mares\/494305486_1109743151194718_6352148661008959502_n-2\/'><img loading=\"lazy\" decoding=\"async\" width=\"300\" height=\"300\" src=\"https:\/\/www.visitamalfi.info\/wp-content\/uploads\/2025\/05\/494305486_1109743151194718_6352148661008959502_n-300x300.jpg\" class=\"attachment-thumbnail size-thumbnail\" alt=\"\" srcset=\"https:\/\/www.visitamalfi.info\/wp-content\/uploads\/2025\/05\/494305486_1109743151194718_6352148661008959502_n-300x300.jpg 300w, https:\/\/www.visitamalfi.info\/wp-content\/uploads\/2025\/05\/494305486_1109743151194718_6352148661008959502_n-510x510.jpg 510w, https:\/\/www.visitamalfi.info\/wp-content\/uploads\/2025\/05\/494305486_1109743151194718_6352148661008959502_n-160x160.jpg 160w\" sizes=\"(max-width: 300px) 100vw, 300px\" \/><\/a>\n\t\t\t<\/div><\/figure><figure class='gallery-item'>\n\t\t\t<div class='gallery-icon portrait'>\n\t\t\t\t<a href='https:\/\/www.visitamalfi.info\/es\/amalfi-lista-para-recibir-a-las-republicas-maritimas-se-levanta-el-telon-del-palio-de-las-reinas-de-los-mares\/494421358_1109743184528048_4258256673229505645_n-2\/'><img loading=\"lazy\" decoding=\"async\" width=\"300\" height=\"300\" src=\"https:\/\/www.visitamalfi.info\/wp-content\/uploads\/2025\/05\/494421358_1109743184528048_4258256673229505645_n-300x300.jpg\" class=\"attachment-thumbnail size-thumbnail\" alt=\"\" srcset=\"https:\/\/www.visitamalfi.info\/wp-content\/uploads\/2025\/05\/494421358_1109743184528048_4258256673229505645_n-300x300.jpg 300w, https:\/\/www.visitamalfi.info\/wp-content\/uploads\/2025\/05\/494421358_1109743184528048_4258256673229505645_n-510x510.jpg 510w, https:\/\/www.visitamalfi.info\/wp-content\/uploads\/2025\/05\/494421358_1109743184528048_4258256673229505645_n-160x160.jpg 160w\" sizes=\"(max-width: 300px) 100vw, 300px\" \/><\/a>\n\t\t\t<\/div><\/figure>\n\t\t<\/div>\n\n","protected":false},"excerpt":{"rendered":"<p>Hoy, jueves 15 de mayo, el Arsenal de la Rep\u00fablica ha sido escenario de un momento simb\u00f3lico, art\u00edstico y evocador: el primer acto cultural que inaugura oficialmente las celebraciones dedicadas [&hellip;]<\/p>\n","protected":false},"author":7,"featured_media":21601,"comment_status":"open","ping_status":"closed","sticky":false,"template":"","format":"standard","meta":{"inline_featured_image":false,"footnotes":""},"categories":[726,901,822,823,824],"tags":[],"class_list":["post-21641","post","type-post","status-publish","format-standard","has-post-thumbnail","hentry","category-arte-es","category-consejos-para-viajar","category-eventos","category-historia","category-tradicion"],"yoast_head":"<!-- This site is optimized with the Yoast SEO plugin v27.3 - https:\/\/yoast.com\/product\/yoast-seo-wordpress\/ -->\n<title>Amalfi lista para recibir a las Rep\u00fablicas Mar\u00edtimas: se levanta el tel\u00f3n del Palio de las Reinas de los Mares - Visit Amalfi<\/title>\n<meta name=\"robots\" content=\"index, follow, max-snippet:-1, max-image-preview:large, max-video-preview:-1\" \/>\n<link rel=\"canonical\" href=\"https:\/\/www.visitamalfi.info\/es\/amalfi-lista-para-recibir-a-las-republicas-maritimas-se-levanta-el-telon-del-palio-de-las-reinas-de-los-mares\/\" \/>\n<meta property=\"og:locale\" content=\"es_ES\" \/>\n<meta property=\"og:type\" content=\"article\" \/>\n<meta property=\"og:title\" content=\"Amalfi lista para recibir a las Rep\u00fablicas Mar\u00edtimas: se levanta el tel\u00f3n del Palio de las Reinas de los Mares - Visit Amalfi\" \/>\n<meta property=\"og:description\" content=\"Hoy, jueves 15 de mayo, el Arsenal de la Rep\u00fablica ha sido escenario de un momento simb\u00f3lico, art\u00edstico y evocador: el primer acto cultural que inaugura oficialmente las celebraciones dedicadas [&hellip;]\" \/>\n<meta property=\"og:url\" content=\"https:\/\/www.visitamalfi.info\/es\/amalfi-lista-para-recibir-a-las-republicas-maritimas-se-levanta-el-telon-del-palio-de-las-reinas-de-los-mares\/\" \/>\n<meta property=\"og:site_name\" content=\"Visit Amalfi\" \/>\n<meta property=\"article:publisher\" content=\"https:\/\/www.facebook.com\/visitamalfiofficial\" \/>\n<meta property=\"article:published_time\" content=\"2025-05-15T16:27:38+00:00\" \/>\n<meta property=\"og:image\" content=\"https:\/\/www.visitamalfi.info\/wp-content\/uploads\/2025\/05\/f.jpg\" \/>\n\t<meta property=\"og:image:width\" content=\"1600\" \/>\n\t<meta property=\"og:image:height\" content=\"1066\" \/>\n\t<meta property=\"og:image:type\" content=\"image\/jpeg\" \/>\n<meta name=\"author\" content=\"Federica Dumont\" \/>\n<meta name=\"twitter:card\" content=\"summary_large_image\" \/>\n<meta name=\"twitter:label1\" content=\"Escrito por\" \/>\n\t<meta name=\"twitter:data1\" content=\"Federica Dumont\" \/>\n\t<meta name=\"twitter:label2\" content=\"Tiempo de lectura\" \/>\n\t<meta name=\"twitter:data2\" content=\"2 minutos\" \/>\n<script type=\"application\/ld+json\" class=\"yoast-schema-graph\">{\"@context\":\"https:\\\/\\\/schema.org\",\"@graph\":[{\"@type\":\"Article\",\"@id\":\"https:\\\/\\\/www.visitamalfi.info\\\/es\\\/amalfi-lista-para-recibir-a-las-republicas-maritimas-se-levanta-el-telon-del-palio-de-las-reinas-de-los-mares\\\/#article\",\"isPartOf\":{\"@id\":\"https:\\\/\\\/www.visitamalfi.info\\\/es\\\/amalfi-lista-para-recibir-a-las-republicas-maritimas-se-levanta-el-telon-del-palio-de-las-reinas-de-los-mares\\\/\"},\"author\":{\"name\":\"Federica Dumont\",\"@id\":\"https:\\\/\\\/www.visitamalfi.info\\\/es\\\/#\\\/schema\\\/person\\\/0c7584af846d5d2da6c69f7e68f3af96\"},\"headline\":\"Amalfi lista para recibir a las Rep\u00fablicas Mar\u00edtimas: se levanta el tel\u00f3n del Palio de las Reinas de los Mares\",\"datePublished\":\"2025-05-15T16:27:38+00:00\",\"mainEntityOfPage\":{\"@id\":\"https:\\\/\\\/www.visitamalfi.info\\\/es\\\/amalfi-lista-para-recibir-a-las-republicas-maritimas-se-levanta-el-telon-del-palio-de-las-reinas-de-los-mares\\\/\"},\"wordCount\":445,\"commentCount\":0,\"publisher\":{\"@id\":\"https:\\\/\\\/www.visitamalfi.info\\\/es\\\/#organization\"},\"image\":{\"@id\":\"https:\\\/\\\/www.visitamalfi.info\\\/es\\\/amalfi-lista-para-recibir-a-las-republicas-maritimas-se-levanta-el-telon-del-palio-de-las-reinas-de-los-mares\\\/#primaryimage\"},\"thumbnailUrl\":\"https:\\\/\\\/www.visitamalfi.info\\\/wp-content\\\/uploads\\\/2025\\\/05\\\/f.jpg\",\"articleSection\":[\"arte\",\"Consejos para viajar\",\"Eventos\",\"historia\",\"tradici\u00f3n\"],\"inLanguage\":\"es\",\"potentialAction\":[{\"@type\":\"CommentAction\",\"name\":\"Comment\",\"target\":[\"https:\\\/\\\/www.visitamalfi.info\\\/es\\\/amalfi-lista-para-recibir-a-las-republicas-maritimas-se-levanta-el-telon-del-palio-de-las-reinas-de-los-mares\\\/#respond\"]}]},{\"@type\":\"WebPage\",\"@id\":\"https:\\\/\\\/www.visitamalfi.info\\\/es\\\/amalfi-lista-para-recibir-a-las-republicas-maritimas-se-levanta-el-telon-del-palio-de-las-reinas-de-los-mares\\\/\",\"url\":\"https:\\\/\\\/www.visitamalfi.info\\\/es\\\/amalfi-lista-para-recibir-a-las-republicas-maritimas-se-levanta-el-telon-del-palio-de-las-reinas-de-los-mares\\\/\",\"name\":\"Amalfi lista para recibir a las Rep\u00fablicas Mar\u00edtimas: se levanta el tel\u00f3n del Palio de las Reinas de los Mares - Visit Amalfi\",\"isPartOf\":{\"@id\":\"https:\\\/\\\/www.visitamalfi.info\\\/es\\\/#website\"},\"primaryImageOfPage\":{\"@id\":\"https:\\\/\\\/www.visitamalfi.info\\\/es\\\/amalfi-lista-para-recibir-a-las-republicas-maritimas-se-levanta-el-telon-del-palio-de-las-reinas-de-los-mares\\\/#primaryimage\"},\"image\":{\"@id\":\"https:\\\/\\\/www.visitamalfi.info\\\/es\\\/amalfi-lista-para-recibir-a-las-republicas-maritimas-se-levanta-el-telon-del-palio-de-las-reinas-de-los-mares\\\/#primaryimage\"},\"thumbnailUrl\":\"https:\\\/\\\/www.visitamalfi.info\\\/wp-content\\\/uploads\\\/2025\\\/05\\\/f.jpg\",\"datePublished\":\"2025-05-15T16:27:38+00:00\",\"breadcrumb\":{\"@id\":\"https:\\\/\\\/www.visitamalfi.info\\\/es\\\/amalfi-lista-para-recibir-a-las-republicas-maritimas-se-levanta-el-telon-del-palio-de-las-reinas-de-los-mares\\\/#breadcrumb\"},\"inLanguage\":\"es\",\"potentialAction\":[{\"@type\":\"ReadAction\",\"target\":[\"https:\\\/\\\/www.visitamalfi.info\\\/es\\\/amalfi-lista-para-recibir-a-las-republicas-maritimas-se-levanta-el-telon-del-palio-de-las-reinas-de-los-mares\\\/\"]}]},{\"@type\":\"ImageObject\",\"inLanguage\":\"es\",\"@id\":\"https:\\\/\\\/www.visitamalfi.info\\\/es\\\/amalfi-lista-para-recibir-a-las-republicas-maritimas-se-levanta-el-telon-del-palio-de-las-reinas-de-los-mares\\\/#primaryimage\",\"url\":\"https:\\\/\\\/www.visitamalfi.info\\\/wp-content\\\/uploads\\\/2025\\\/05\\\/f.jpg\",\"contentUrl\":\"https:\\\/\\\/www.visitamalfi.info\\\/wp-content\\\/uploads\\\/2025\\\/05\\\/f.jpg\",\"width\":1600,\"height\":1066},{\"@type\":\"BreadcrumbList\",\"@id\":\"https:\\\/\\\/www.visitamalfi.info\\\/es\\\/amalfi-lista-para-recibir-a-las-republicas-maritimas-se-levanta-el-telon-del-palio-de-las-reinas-de-los-mares\\\/#breadcrumb\",\"itemListElement\":[{\"@type\":\"ListItem\",\"position\":1,\"name\":\"Home\",\"item\":\"https:\\\/\\\/www.visitamalfi.info\\\/es\\\/\"},{\"@type\":\"ListItem\",\"position\":2,\"name\":\"Amalfi lista para recibir a las Rep\u00fablicas Mar\u00edtimas: se levanta el tel\u00f3n del Palio de las Reinas de los Mares\"}]},{\"@type\":\"WebSite\",\"@id\":\"https:\\\/\\\/www.visitamalfi.info\\\/es\\\/#website\",\"url\":\"https:\\\/\\\/www.visitamalfi.info\\\/es\\\/\",\"name\":\"Visit Amalfi\",\"description\":\"Amalfi Destination Official Website\",\"publisher\":{\"@id\":\"https:\\\/\\\/www.visitamalfi.info\\\/es\\\/#organization\"},\"potentialAction\":[{\"@type\":\"SearchAction\",\"target\":{\"@type\":\"EntryPoint\",\"urlTemplate\":\"https:\\\/\\\/www.visitamalfi.info\\\/es\\\/?s={search_term_string}\"},\"query-input\":{\"@type\":\"PropertyValueSpecification\",\"valueRequired\":true,\"valueName\":\"search_term_string\"}}],\"inLanguage\":\"es\"},{\"@type\":\"Organization\",\"@id\":\"https:\\\/\\\/www.visitamalfi.info\\\/es\\\/#organization\",\"name\":\"Visit Amalfi\",\"url\":\"https:\\\/\\\/www.visitamalfi.info\\\/es\\\/\",\"logo\":{\"@type\":\"ImageObject\",\"inLanguage\":\"es\",\"@id\":\"https:\\\/\\\/www.visitamalfi.info\\\/es\\\/#\\\/schema\\\/logo\\\/image\\\/\",\"url\":\"https:\\\/\\\/www.visitamalfi.info\\\/wp-content\\\/uploads\\\/2023\\\/04\\\/visit-amalfi-logo-web.png\",\"contentUrl\":\"https:\\\/\\\/www.visitamalfi.info\\\/wp-content\\\/uploads\\\/2023\\\/04\\\/visit-amalfi-logo-web.png\",\"width\":800,\"height\":870,\"caption\":\"Visit Amalfi\"},\"image\":{\"@id\":\"https:\\\/\\\/www.visitamalfi.info\\\/es\\\/#\\\/schema\\\/logo\\\/image\\\/\"},\"sameAs\":[\"https:\\\/\\\/www.facebook.com\\\/visitamalfiofficial\",\"https:\\\/\\\/www.instagram.com\\\/visitamalfiofficial\\\/\"]},{\"@type\":\"Person\",\"@id\":\"https:\\\/\\\/www.visitamalfi.info\\\/es\\\/#\\\/schema\\\/person\\\/0c7584af846d5d2da6c69f7e68f3af96\",\"name\":\"Federica Dumont\",\"image\":{\"@type\":\"ImageObject\",\"inLanguage\":\"es\",\"@id\":\"https:\\\/\\\/secure.gravatar.com\\\/avatar\\\/0803dab414b6c6f1fd2399680f587870a020419b6ebe9d36dd75df06a6a68060?s=96&d=mm&r=g\",\"url\":\"https:\\\/\\\/secure.gravatar.com\\\/avatar\\\/0803dab414b6c6f1fd2399680f587870a020419b6ebe9d36dd75df06a6a68060?s=96&d=mm&r=g\",\"contentUrl\":\"https:\\\/\\\/secure.gravatar.com\\\/avatar\\\/0803dab414b6c6f1fd2399680f587870a020419b6ebe9d36dd75df06a6a68060?s=96&d=mm&r=g\",\"caption\":\"Federica Dumont\"},\"url\":\"https:\\\/\\\/www.visitamalfi.info\\\/es\\\/author\\\/federica\\\/\"}]}<\/script>\n<!-- \/ Yoast SEO plugin. -->","yoast_head_json":{"title":"Amalfi lista para recibir a las Rep\u00fablicas Mar\u00edtimas: se levanta el tel\u00f3n del Palio de las Reinas de los Mares - Visit Amalfi","robots":{"index":"index","follow":"follow","max-snippet":"max-snippet:-1","max-image-preview":"max-image-preview:large","max-video-preview":"max-video-preview:-1"},"canonical":"https:\/\/www.visitamalfi.info\/es\/amalfi-lista-para-recibir-a-las-republicas-maritimas-se-levanta-el-telon-del-palio-de-las-reinas-de-los-mares\/","og_locale":"es_ES","og_type":"article","og_title":"Amalfi lista para recibir a las Rep\u00fablicas Mar\u00edtimas: se levanta el tel\u00f3n del Palio de las Reinas de los Mares - Visit Amalfi","og_description":"Hoy, jueves 15 de mayo, el Arsenal de la Rep\u00fablica ha sido escenario de un momento simb\u00f3lico, art\u00edstico y evocador: el primer acto cultural que inaugura oficialmente las celebraciones dedicadas [&hellip;]","og_url":"https:\/\/www.visitamalfi.info\/es\/amalfi-lista-para-recibir-a-las-republicas-maritimas-se-levanta-el-telon-del-palio-de-las-reinas-de-los-mares\/","og_site_name":"Visit Amalfi","article_publisher":"https:\/\/www.facebook.com\/visitamalfiofficial","article_published_time":"2025-05-15T16:27:38+00:00","og_image":[{"width":1600,"height":1066,"url":"https:\/\/www.visitamalfi.info\/wp-content\/uploads\/2025\/05\/f.jpg","type":"image\/jpeg"}],"author":"Federica Dumont","twitter_card":"summary_large_image","twitter_misc":{"Escrito por":"Federica Dumont","Tiempo de lectura":"2 minutos"},"schema":{"@context":"https:\/\/schema.org","@graph":[{"@type":"Article","@id":"https:\/\/www.visitamalfi.info\/es\/amalfi-lista-para-recibir-a-las-republicas-maritimas-se-levanta-el-telon-del-palio-de-las-reinas-de-los-mares\/#article","isPartOf":{"@id":"https:\/\/www.visitamalfi.info\/es\/amalfi-lista-para-recibir-a-las-republicas-maritimas-se-levanta-el-telon-del-palio-de-las-reinas-de-los-mares\/"},"author":{"name":"Federica Dumont","@id":"https:\/\/www.visitamalfi.info\/es\/#\/schema\/person\/0c7584af846d5d2da6c69f7e68f3af96"},"headline":"Amalfi lista para recibir a las Rep\u00fablicas Mar\u00edtimas: se levanta el tel\u00f3n del Palio de las Reinas de los Mares","datePublished":"2025-05-15T16:27:38+00:00","mainEntityOfPage":{"@id":"https:\/\/www.visitamalfi.info\/es\/amalfi-lista-para-recibir-a-las-republicas-maritimas-se-levanta-el-telon-del-palio-de-las-reinas-de-los-mares\/"},"wordCount":445,"commentCount":0,"publisher":{"@id":"https:\/\/www.visitamalfi.info\/es\/#organization"},"image":{"@id":"https:\/\/www.visitamalfi.info\/es\/amalfi-lista-para-recibir-a-las-republicas-maritimas-se-levanta-el-telon-del-palio-de-las-reinas-de-los-mares\/#primaryimage"},"thumbnailUrl":"https:\/\/www.visitamalfi.info\/wp-content\/uploads\/2025\/05\/f.jpg","articleSection":["arte","Consejos para viajar","Eventos","historia","tradici\u00f3n"],"inLanguage":"es","potentialAction":[{"@type":"CommentAction","name":"Comment","target":["https:\/\/www.visitamalfi.info\/es\/amalfi-lista-para-recibir-a-las-republicas-maritimas-se-levanta-el-telon-del-palio-de-las-reinas-de-los-mares\/#respond"]}]},{"@type":"WebPage","@id":"https:\/\/www.visitamalfi.info\/es\/amalfi-lista-para-recibir-a-las-republicas-maritimas-se-levanta-el-telon-del-palio-de-las-reinas-de-los-mares\/","url":"https:\/\/www.visitamalfi.info\/es\/amalfi-lista-para-recibir-a-las-republicas-maritimas-se-levanta-el-telon-del-palio-de-las-reinas-de-los-mares\/","name":"Amalfi lista para recibir a las Rep\u00fablicas Mar\u00edtimas: se levanta el tel\u00f3n del Palio de las Reinas de los Mares - Visit Amalfi","isPartOf":{"@id":"https:\/\/www.visitamalfi.info\/es\/#website"},"primaryImageOfPage":{"@id":"https:\/\/www.visitamalfi.info\/es\/amalfi-lista-para-recibir-a-las-republicas-maritimas-se-levanta-el-telon-del-palio-de-las-reinas-de-los-mares\/#primaryimage"},"image":{"@id":"https:\/\/www.visitamalfi.info\/es\/amalfi-lista-para-recibir-a-las-republicas-maritimas-se-levanta-el-telon-del-palio-de-las-reinas-de-los-mares\/#primaryimage"},"thumbnailUrl":"https:\/\/www.visitamalfi.info\/wp-content\/uploads\/2025\/05\/f.jpg","datePublished":"2025-05-15T16:27:38+00:00","breadcrumb":{"@id":"https:\/\/www.visitamalfi.info\/es\/amalfi-lista-para-recibir-a-las-republicas-maritimas-se-levanta-el-telon-del-palio-de-las-reinas-de-los-mares\/#breadcrumb"},"inLanguage":"es","potentialAction":[{"@type":"ReadAction","target":["https:\/\/www.visitamalfi.info\/es\/amalfi-lista-para-recibir-a-las-republicas-maritimas-se-levanta-el-telon-del-palio-de-las-reinas-de-los-mares\/"]}]},{"@type":"ImageObject","inLanguage":"es","@id":"https:\/\/www.visitamalfi.info\/es\/amalfi-lista-para-recibir-a-las-republicas-maritimas-se-levanta-el-telon-del-palio-de-las-reinas-de-los-mares\/#primaryimage","url":"https:\/\/www.visitamalfi.info\/wp-content\/uploads\/2025\/05\/f.jpg","contentUrl":"https:\/\/www.visitamalfi.info\/wp-content\/uploads\/2025\/05\/f.jpg","width":1600,"height":1066},{"@type":"BreadcrumbList","@id":"https:\/\/www.visitamalfi.info\/es\/amalfi-lista-para-recibir-a-las-republicas-maritimas-se-levanta-el-telon-del-palio-de-las-reinas-de-los-mares\/#breadcrumb","itemListElement":[{"@type":"ListItem","position":1,"name":"Home","item":"https:\/\/www.visitamalfi.info\/es\/"},{"@type":"ListItem","position":2,"name":"Amalfi lista para recibir a las Rep\u00fablicas Mar\u00edtimas: se levanta el tel\u00f3n del Palio de las Reinas de los Mares"}]},{"@type":"WebSite","@id":"https:\/\/www.visitamalfi.info\/es\/#website","url":"https:\/\/www.visitamalfi.info\/es\/","name":"Visit Amalfi","description":"Amalfi Destination Official Website","publisher":{"@id":"https:\/\/www.visitamalfi.info\/es\/#organization"},"potentialAction":[{"@type":"SearchAction","target":{"@type":"EntryPoint","urlTemplate":"https:\/\/www.visitamalfi.info\/es\/?s={search_term_string}"},"query-input":{"@type":"PropertyValueSpecification","valueRequired":true,"valueName":"search_term_string"}}],"inLanguage":"es"},{"@type":"Organization","@id":"https:\/\/www.visitamalfi.info\/es\/#organization","name":"Visit Amalfi","url":"https:\/\/www.visitamalfi.info\/es\/","logo":{"@type":"ImageObject","inLanguage":"es","@id":"https:\/\/www.visitamalfi.info\/es\/#\/schema\/logo\/image\/","url":"https:\/\/www.visitamalfi.info\/wp-content\/uploads\/2023\/04\/visit-amalfi-logo-web.png","contentUrl":"https:\/\/www.visitamalfi.info\/wp-content\/uploads\/2023\/04\/visit-amalfi-logo-web.png","width":800,"height":870,"caption":"Visit Amalfi"},"image":{"@id":"https:\/\/www.visitamalfi.info\/es\/#\/schema\/logo\/image\/"},"sameAs":["https:\/\/www.facebook.com\/visitamalfiofficial","https:\/\/www.instagram.com\/visitamalfiofficial\/"]},{"@type":"Person","@id":"https:\/\/www.visitamalfi.info\/es\/#\/schema\/person\/0c7584af846d5d2da6c69f7e68f3af96","name":"Federica Dumont","image":{"@type":"ImageObject","inLanguage":"es","@id":"https:\/\/secure.gravatar.com\/avatar\/0803dab414b6c6f1fd2399680f587870a020419b6ebe9d36dd75df06a6a68060?s=96&d=mm&r=g","url":"https:\/\/secure.gravatar.com\/avatar\/0803dab414b6c6f1fd2399680f587870a020419b6ebe9d36dd75df06a6a68060?s=96&d=mm&r=g","contentUrl":"https:\/\/secure.gravatar.com\/avatar\/0803dab414b6c6f1fd2399680f587870a020419b6ebe9d36dd75df06a6a68060?s=96&d=mm&r=g","caption":"Federica Dumont"},"url":"https:\/\/www.visitamalfi.info\/es\/author\/federica\/"}]}},"_links":{"self":[{"href":"https:\/\/www.visitamalfi.info\/es\/wp-json\/wp\/v2\/posts\/21641","targetHints":{"allow":["GET"]}}],"collection":[{"href":"https:\/\/www.visitamalfi.info\/es\/wp-json\/wp\/v2\/posts"}],"about":[{"href":"https:\/\/www.visitamalfi.info\/es\/wp-json\/wp\/v2\/types\/post"}],"author":[{"embeddable":true,"href":"https:\/\/www.visitamalfi.info\/es\/wp-json\/wp\/v2\/users\/7"}],"replies":[{"embeddable":true,"href":"https:\/\/www.visitamalfi.info\/es\/wp-json\/wp\/v2\/comments?post=21641"}],"version-history":[{"count":0,"href":"https:\/\/www.visitamalfi.info\/es\/wp-json\/wp\/v2\/posts\/21641\/revisions"}],"wp:featuredmedia":[{"embeddable":true,"href":"https:\/\/www.visitamalfi.info\/es\/wp-json\/wp\/v2\/media\/21601"}],"wp:attachment":[{"href":"https:\/\/www.visitamalfi.info\/es\/wp-json\/wp\/v2\/media?parent=21641"}],"wp:term":[{"taxonomy":"category","embeddable":true,"href":"https:\/\/www.visitamalfi.info\/es\/wp-json\/wp\/v2\/categories?post=21641"},{"taxonomy":"post_tag","embeddable":true,"href":"https:\/\/www.visitamalfi.info\/es\/wp-json\/wp\/v2\/tags?post=21641"}],"curies":[{"name":"wp","href":"https:\/\/api.w.org\/{rel}","templated":true}]}}