{"id":21589,"date":"2025-05-14T19:46:05","date_gmt":"2025-05-14T17:46:05","guid":{"rendered":"https:\/\/www.visitamalfi.info\/un-homenaje-artistico-a-las-republicas-maritimas-en-amalfi-cuatro-jarrones-instalados-en-la-plaza-flavio-gioia\/"},"modified":"2025-05-14T19:46:05","modified_gmt":"2025-05-14T17:46:05","slug":"un-homenaje-artistico-a-las-republicas-maritimas-en-amalfi-cuatro-jarrones-instalados-en-la-plaza-flavio-gioia","status":"publish","type":"post","link":"https:\/\/www.visitamalfi.info\/es\/un-homenaje-artistico-a-las-republicas-maritimas-en-amalfi-cuatro-jarrones-instalados-en-la-plaza-flavio-gioia\/","title":{"rendered":"Un homenaje art\u00edstico a las Rep\u00fablicas Mar\u00edtimas en Amalfi: cuatro jarrones instalados en la plaza Flavio Gioia"},"content":{"rendered":"<p class=\"cvGsUA direction-ltr align-start para-style-body\"><span class=\"OYPEnA font-feature-liga-off font-feature-clig-off font-feature-calt-off text-decoration-none text-strikethrough-none\"><img fetchpriority=\"high\" decoding=\"async\" class=\"size-medium wp-image-21545 alignright\" src=\"https:\/\/www.visitamalfi.info\/wp-content\/uploads\/2025\/05\/vaso-amalfi-200x300.jpeg\" alt=\"\" width=\"200\" height=\"300\" srcset=\"https:\/\/www.visitamalfi.info\/wp-content\/uploads\/2025\/05\/vaso-amalfi-200x300.jpeg 200w, https:\/\/www.visitamalfi.info\/wp-content\/uploads\/2025\/05\/vaso-amalfi-682x1024.jpeg 682w, https:\/\/www.visitamalfi.info\/wp-content\/uploads\/2025\/05\/vaso-amalfi-768x1153.jpeg 768w, https:\/\/www.visitamalfi.info\/wp-content\/uploads\/2025\/05\/vaso-amalfi-1023x1536.jpeg 1023w, https:\/\/www.visitamalfi.info\/wp-content\/uploads\/2025\/05\/vaso-amalfi.jpeg 1066w\" sizes=\"(max-width: 200px) 100vw, 200px\" \/>Con motivo de la 70\u00aa edici\u00f3n de la Regata de las Antiguas Rep\u00fablicas Mar\u00edtimas, Amalfi ha elegido celebrar el pasado y la tradici\u00f3n mediante una instalaci\u00f3n art\u00edstica muy especial, que engalanar\u00e1 la ciudad. En la plaza Flavio Gioia se colocaron cuatro jarrones, cada uno dedicado a una de las 4 Ciudades-Estado antiguas: Amalfi, Pisa, G\u00e9nova y Venecia.<\/span><\/p>\n<p class=\"cvGsUA direction-ltr align-start para-style-body\"><strong><span class=\"OYPEnA font-feature-liga-off font-feature-clig-off font-feature-calt-off text-decoration-none text-strikethrough-none\">Un cuento art\u00edstico en cer\u00e1mica<\/span><\/strong><\/p>\n<p class=\"cvGsUA direction-ltr align-start para-style-body\"><span class=\"OYPEnA font-feature-liga-off font-feature-clig-off font-feature-calt-off text-decoration-none text-strikethrough-none\">En cada jarr\u00f3n est\u00e1n representados respectivamente elementos que cuentan la identidad de cada ciudad:<\/span><\/p>\n<ul>\n<li><span class=\"OYPEnA font-feature-liga-off font-feature-clig-off font-feature-calt-off text-decoration-none text-strikethrough-none\">El <\/span><span class=\"OYPEnA font-feature-liga-off font-feature-clig-off font-feature-calt-off text-decoration-none text-strikethrough-none\">Banner<\/span><\/li>\n<li><span class=\"OYPEnA font-feature-liga-off font-feature-clig-off font-feature-calt-off text-decoration-none text-strikethrough-none\">La <\/span><span class=\"OYPEnA font-feature-liga-off font-feature-clig-off font-feature-calt-off text-decoration-none text-strikethrough-none\">Cabeza de Figura<\/span><\/li>\n<li><span class=\"OYPEnA font-feature-liga-off font-feature-clig-off font-feature-calt-off text-decoration-none text-strikethrough-none\">El <\/span><span class=\"OYPEnA font-feature-liga-off font-feature-clig-off font-feature-calt-off text-decoration-none text-strikethrough-none\">Duque<\/span><\/li>\n<\/ul>\n<p class=\"cvGsUA direction-ltr align-start para-style-body\"><span class=\"OYPEnA font-feature-liga-off font-feature-clig-off font-feature-calt-off text-decoration-none text-strikethrough-none\">Los jarrones<em>&#8220;fueron realizados por el maestro vietnamita <strong>Francesco Raimondi<\/strong>, uno de los mayores expertos en las artes figurativas sobre terrenos de barro cocido esmaltado que, con su taller, l&#8217;Archetto, es hoy un punto de referencia para muchos aficionados a la cer\u00e1mica<\/em>&#8230;&#8221;. Estas obras <\/span>se convierten en una narraci\u00f3n \u00fanica, una obra de arte que tiende un puente entre el pasado y el presente, entre la historia y la tradici\u00f3n, entre Amalfi y sus &#8220;hermanas del mar&#8221;.<\/p>\n<p class=\"cvGsUA direction-ltr align-start para-style-body\"><span class=\"OYPEnA font-feature-liga-off font-feature-clig-off font-feature-calt-off text-decoration-none text-strikethrough-none\"><img decoding=\"async\" class=\" wp-image-21560 alignleft\" src=\"https:\/\/www.visitamalfi.info\/wp-content\/uploads\/2025\/05\/4-200x300.jpg\" alt=\"\" width=\"183\" height=\"275\" srcset=\"https:\/\/www.visitamalfi.info\/wp-content\/uploads\/2025\/05\/4-200x300.jpg 200w, https:\/\/www.visitamalfi.info\/wp-content\/uploads\/2025\/05\/4-682x1024.jpg 682w, https:\/\/www.visitamalfi.info\/wp-content\/uploads\/2025\/05\/4-768x1153.jpg 768w, https:\/\/www.visitamalfi.info\/wp-content\/uploads\/2025\/05\/4-1023x1536.jpg 1023w, https:\/\/www.visitamalfi.info\/wp-content\/uploads\/2025\/05\/4.jpg 1066w\" sizes=\"(max-width: 183px) 100vw, 183px\" \/><\/span><\/p>\n<p class=\"cvGsUA direction-ltr align-start para-style-body\"><strong><span class=\"OYPEnA font-feature-liga-off font-feature-clig-off font-feature-calt-off text-decoration-none text-strikethrough-none\">Amalfi: arte, belleza y tradici\u00f3n<\/span><\/strong><\/p>\n<p class=\"cvGsUA direction-ltr align-start para-style-body\"><span class=\"OYPEnA font-feature-liga-off font-feature-clig-off font-feature-calt-off text-decoration-none text-strikethrough-none\"><img decoding=\"async\" class=\"size-medium wp-image-21550 alignright\" src=\"https:\/\/www.visitamalfi.info\/wp-content\/uploads\/2025\/05\/vaso-genova-1-200x300.jpeg\" alt=\"\" width=\"200\" height=\"300\" srcset=\"https:\/\/www.visitamalfi.info\/wp-content\/uploads\/2025\/05\/vaso-genova-1-200x300.jpeg 200w, https:\/\/www.visitamalfi.info\/wp-content\/uploads\/2025\/05\/vaso-genova-1-682x1024.jpeg 682w, https:\/\/www.visitamalfi.info\/wp-content\/uploads\/2025\/05\/vaso-genova-1-768x1153.jpeg 768w, https:\/\/www.visitamalfi.info\/wp-content\/uploads\/2025\/05\/vaso-genova-1-1023x1536.jpeg 1023w, https:\/\/www.visitamalfi.info\/wp-content\/uploads\/2025\/05\/vaso-genova-1.jpeg 1066w\" sizes=\"(max-width: 200px) 100vw, 200px\" \/>La iniciativa forma parte de una mejora urbana y cultural m\u00e1s amplia, que transforma la plaza no s\u00f3lo en un lugar de paso, sino en un espacio de reflexi\u00f3n y belleza, donde la historia vuelve a ser protagonista cotidiana ante la mirada fascinada de ciudadanos y visitantes.<\/span><\/p>\n<p class=\"cvGsUA direction-ltr align-start para-style-body\"><strong><span class=\"OYPEnA font-feature-liga-off font-feature-clig-off font-feature-calt-off text-decoration-none text-strikethrough-none\">Una obra que une y cuenta<\/span><\/strong><\/p>\n<p class=\"cvGsUA direction-ltr align-start para-style-body\"><span class=\"OYPEnA font-feature-liga-off font-feature-clig-off font-feature-calt-off text-decoration-none text-strikethrough-none\">El homenaje a las cuatro Rep\u00fablicas Mar\u00edtimas es ante todo una invitaci\u00f3n a redescubrir los lazos hist\u00f3ricos entre las cuatro ciudades-estado, anta\u00f1o rivales y hoy m\u00e1s unidas que nunca.<img loading=\"lazy\" decoding=\"async\" class=\" wp-image-21555 alignleft\" src=\"https:\/\/www.visitamalfi.info\/wp-content\/uploads\/2025\/05\/3-200x300.jpg\" alt=\"\" width=\"189\" height=\"284\" srcset=\"https:\/\/www.visitamalfi.info\/wp-content\/uploads\/2025\/05\/3-200x300.jpg 200w, https:\/\/www.visitamalfi.info\/wp-content\/uploads\/2025\/05\/3-682x1024.jpg 682w, https:\/\/www.visitamalfi.info\/wp-content\/uploads\/2025\/05\/3-768x1153.jpg 768w, https:\/\/www.visitamalfi.info\/wp-content\/uploads\/2025\/05\/3-1023x1536.jpg 1023w, https:\/\/www.visitamalfi.info\/wp-content\/uploads\/2025\/05\/3.jpg 1066w\" sizes=\"(max-width: 189px) 100vw, 189px\" \/><\/span><\/p>\n<p class=\"cvGsUA direction-ltr align-start para-style-body\"><span class=\"OYPEnA font-feature-liga-off font-feature-clig-off font-feature-calt-off text-decoration-none text-strikethrough-none\">Ya sea un ciudadano amalfitano o un visitante que ha venido a la ciudad para pasar unas vacaciones \u00fanicas, quienes pueden admirar estas obras en la plaza Flavio Gioia se ven impulsados a detenerse, observar e interrogarse, porque cada jarr\u00f3n no es un simple objeto decorativo, sino un relato de historia, tradici\u00f3n, mar, poder y arte, que sigue navegando a trav\u00e9s del tiempo.<\/span><\/p>\n<div id='gallery-1' class='gallery galleryid-21589 gallery-columns-3 gallery-size-thumbnail'><figure class='gallery-item'>\n\t\t\t<div class='gallery-icon portrait'>\n\t\t\t\t<a href='https:\/\/www.visitamalfi.info\/es\/un-homenaje-artistico-a-las-republicas-maritimas-en-amalfi-cuatro-jarrones-instalados-en-la-plaza-flavio-gioia\/vaso-amalfi-2\/'><img loading=\"lazy\" decoding=\"async\" width=\"300\" height=\"300\" src=\"https:\/\/www.visitamalfi.info\/wp-content\/uploads\/2025\/05\/vaso-amalfi-300x300.jpeg\" class=\"attachment-thumbnail size-thumbnail\" alt=\"\" srcset=\"https:\/\/www.visitamalfi.info\/wp-content\/uploads\/2025\/05\/vaso-amalfi-300x300.jpeg 300w, https:\/\/www.visitamalfi.info\/wp-content\/uploads\/2025\/05\/vaso-amalfi-510x510.jpeg 510w, https:\/\/www.visitamalfi.info\/wp-content\/uploads\/2025\/05\/vaso-amalfi-160x160.jpeg 160w\" sizes=\"(max-width: 300px) 100vw, 300px\" \/><\/a>\n\t\t\t<\/div><\/figure><figure class='gallery-item'>\n\t\t\t<div class='gallery-icon portrait'>\n\t\t\t\t<a href='https:\/\/www.visitamalfi.info\/es\/un-homenaje-artistico-a-las-republicas-maritimas-en-amalfi-cuatro-jarrones-instalados-en-la-plaza-flavio-gioia\/vaso-genova-1-2\/'><img loading=\"lazy\" decoding=\"async\" width=\"300\" height=\"300\" src=\"https:\/\/www.visitamalfi.info\/wp-content\/uploads\/2025\/05\/vaso-genova-1-300x300.jpeg\" class=\"attachment-thumbnail size-thumbnail\" alt=\"\" srcset=\"https:\/\/www.visitamalfi.info\/wp-content\/uploads\/2025\/05\/vaso-genova-1-300x300.jpeg 300w, https:\/\/www.visitamalfi.info\/wp-content\/uploads\/2025\/05\/vaso-genova-1-510x510.jpeg 510w, https:\/\/www.visitamalfi.info\/wp-content\/uploads\/2025\/05\/vaso-genova-1-160x160.jpeg 160w\" sizes=\"(max-width: 300px) 100vw, 300px\" \/><\/a>\n\t\t\t<\/div><\/figure><figure class='gallery-item'>\n\t\t\t<div class='gallery-icon portrait'>\n\t\t\t\t<a href='https:\/\/www.visitamalfi.info\/es\/un-homenaje-artistico-a-las-republicas-maritimas-en-amalfi-cuatro-jarrones-instalados-en-la-plaza-flavio-gioia\/3-11-2\/'><img loading=\"lazy\" decoding=\"async\" width=\"300\" height=\"300\" src=\"https:\/\/www.visitamalfi.info\/wp-content\/uploads\/2025\/05\/3-300x300.jpg\" class=\"attachment-thumbnail size-thumbnail\" alt=\"\" srcset=\"https:\/\/www.visitamalfi.info\/wp-content\/uploads\/2025\/05\/3-300x300.jpg 300w, https:\/\/www.visitamalfi.info\/wp-content\/uploads\/2025\/05\/3-510x510.jpg 510w, https:\/\/www.visitamalfi.info\/wp-content\/uploads\/2025\/05\/3-160x160.jpg 160w\" sizes=\"(max-width: 300px) 100vw, 300px\" \/><\/a>\n\t\t\t<\/div><\/figure><figure class='gallery-item'>\n\t\t\t<div class='gallery-icon portrait'>\n\t\t\t\t<a href='https:\/\/www.visitamalfi.info\/es\/un-homenaje-artistico-a-las-republicas-maritimas-en-amalfi-cuatro-jarrones-instalados-en-la-plaza-flavio-gioia\/4-8-2\/'><img loading=\"lazy\" decoding=\"async\" width=\"300\" height=\"300\" src=\"https:\/\/www.visitamalfi.info\/wp-content\/uploads\/2025\/05\/4-300x300.jpg\" class=\"attachment-thumbnail size-thumbnail\" alt=\"\" srcset=\"https:\/\/www.visitamalfi.info\/wp-content\/uploads\/2025\/05\/4-300x300.jpg 300w, https:\/\/www.visitamalfi.info\/wp-content\/uploads\/2025\/05\/4-510x510.jpg 510w, https:\/\/www.visitamalfi.info\/wp-content\/uploads\/2025\/05\/4-160x160.jpg 160w\" sizes=\"(max-width: 300px) 100vw, 300px\" \/><\/a>\n\t\t\t<\/div><\/figure><figure class='gallery-item'>\n\t\t\t<div class='gallery-icon landscape'>\n\t\t\t\t<a href='https:\/\/www.visitamalfi.info\/es\/un-homenaje-artistico-a-las-republicas-maritimas-en-amalfi-cuatro-jarrones-instalados-en-la-plaza-flavio-gioia\/polena-vaso-2\/'><img loading=\"lazy\" decoding=\"async\" width=\"300\" height=\"300\" src=\"https:\/\/www.visitamalfi.info\/wp-content\/uploads\/2025\/05\/polena-vaso--300x300.jpeg\" class=\"attachment-thumbnail size-thumbnail\" alt=\"\" srcset=\"https:\/\/www.visitamalfi.info\/wp-content\/uploads\/2025\/05\/polena-vaso--300x300.jpeg 300w, https:\/\/www.visitamalfi.info\/wp-content\/uploads\/2025\/05\/polena-vaso--510x510.jpeg 510w, https:\/\/www.visitamalfi.info\/wp-content\/uploads\/2025\/05\/polena-vaso--160x160.jpeg 160w\" sizes=\"(max-width: 300px) 100vw, 300px\" \/><\/a>\n\t\t\t<\/div><\/figure><figure class='gallery-item'>\n\t\t\t<div class='gallery-icon landscape'>\n\t\t\t\t<a href='https:\/\/www.visitamalfi.info\/es\/un-homenaje-artistico-a-las-republicas-maritimas-en-amalfi-cuatro-jarrones-instalados-en-la-plaza-flavio-gioia\/vaso-piazza-2\/'><img loading=\"lazy\" decoding=\"async\" width=\"300\" height=\"300\" src=\"https:\/\/www.visitamalfi.info\/wp-content\/uploads\/2025\/05\/vaso-piazza-300x300.jpeg\" class=\"attachment-thumbnail size-thumbnail\" alt=\"\" srcset=\"https:\/\/www.visitamalfi.info\/wp-content\/uploads\/2025\/05\/vaso-piazza-300x300.jpeg 300w, https:\/\/www.visitamalfi.info\/wp-content\/uploads\/2025\/05\/vaso-piazza-510x510.jpeg 510w, https:\/\/www.visitamalfi.info\/wp-content\/uploads\/2025\/05\/vaso-piazza-160x160.jpeg 160w\" sizes=\"(max-width: 300px) 100vw, 300px\" \/><\/a>\n\t\t\t<\/div><\/figure><figure class='gallery-item'>\n\t\t\t<div class='gallery-icon portrait'>\n\t\t\t\t<a href='https:\/\/www.visitamalfi.info\/es\/un-homenaje-artistico-a-las-republicas-maritimas-en-amalfi-cuatro-jarrones-instalados-en-la-plaza-flavio-gioia\/attachment\/0\/'><img loading=\"lazy\" decoding=\"async\" width=\"300\" height=\"300\" src=\"https:\/\/www.visitamalfi.info\/wp-content\/uploads\/2025\/05\/0-300x300.jpeg\" class=\"attachment-thumbnail size-thumbnail\" alt=\"\" srcset=\"https:\/\/www.visitamalfi.info\/wp-content\/uploads\/2025\/05\/0-300x300.jpeg 300w, https:\/\/www.visitamalfi.info\/wp-content\/uploads\/2025\/05\/0-510x510.jpeg 510w, https:\/\/www.visitamalfi.info\/wp-content\/uploads\/2025\/05\/0-160x160.jpeg 160w\" sizes=\"(max-width: 300px) 100vw, 300px\" \/><\/a>\n\t\t\t<\/div><\/figure><figure class='gallery-item'>\n\t\t\t<div class='gallery-icon portrait'>\n\t\t\t\t<a href='https:\/\/www.visitamalfi.info\/es\/un-homenaje-artistico-a-las-republicas-maritimas-en-amalfi-cuatro-jarrones-instalados-en-la-plaza-flavio-gioia\/vaso-genova-2-2\/'><img loading=\"lazy\" decoding=\"async\" width=\"300\" height=\"300\" src=\"https:\/\/www.visitamalfi.info\/wp-content\/uploads\/2025\/05\/vaso-genova-2-300x300.jpeg\" class=\"attachment-thumbnail size-thumbnail\" alt=\"\" srcset=\"https:\/\/www.visitamalfi.info\/wp-content\/uploads\/2025\/05\/vaso-genova-2-300x300.jpeg 300w, https:\/\/www.visitamalfi.info\/wp-content\/uploads\/2025\/05\/vaso-genova-2-510x510.jpeg 510w, https:\/\/www.visitamalfi.info\/wp-content\/uploads\/2025\/05\/vaso-genova-2-160x160.jpeg 160w\" sizes=\"(max-width: 300px) 100vw, 300px\" \/><\/a>\n\t\t\t<\/div><\/figure><figure class='gallery-item'>\n\t\t\t<div class='gallery-icon portrait'>\n\t\t\t\t<a href='https:\/\/www.visitamalfi.info\/es\/un-homenaje-artistico-a-las-republicas-maritimas-en-amalfi-cuatro-jarrones-instalados-en-la-plaza-flavio-gioia\/ven-2\/'><img loading=\"lazy\" decoding=\"async\" width=\"300\" height=\"300\" src=\"https:\/\/www.visitamalfi.info\/wp-content\/uploads\/2025\/05\/ven-300x300.jpg\" class=\"attachment-thumbnail size-thumbnail\" alt=\"\" srcset=\"https:\/\/www.visitamalfi.info\/wp-content\/uploads\/2025\/05\/ven-300x300.jpg 300w, https:\/\/www.visitamalfi.info\/wp-content\/uploads\/2025\/05\/ven-510x510.jpg 510w, https:\/\/www.visitamalfi.info\/wp-content\/uploads\/2025\/05\/ven-160x160.jpg 160w\" sizes=\"(max-width: 300px) 100vw, 300px\" \/><\/a>\n\t\t\t<\/div><\/figure>\n\t\t<\/div>\n\n","protected":false},"excerpt":{"rendered":"<p>Con motivo de la 70\u00aa edici\u00f3n de la Regata de las Antiguas Rep\u00fablicas Mar\u00edtimas, Amalfi ha elegido celebrar el pasado y la tradici\u00f3n mediante una instalaci\u00f3n art\u00edstica muy especial, que [&hellip;]<\/p>\n","protected":false},"author":7,"featured_media":21539,"comment_status":"open","ping_status":"closed","sticky":false,"template":"","format":"standard","meta":{"inline_featured_image":false,"footnotes":""},"categories":[726,263],"tags":[],"class_list":["post-21589","post","type-post","status-publish","format-standard","has-post-thumbnail","hentry","category-arte-es","category-curiosidades"],"yoast_head":"<!-- This site is optimized with the Yoast SEO plugin v27.3 - https:\/\/yoast.com\/product\/yoast-seo-wordpress\/ -->\n<title>Un homenaje art\u00edstico a las Rep\u00fablicas Mar\u00edtimas en Amalfi: cuatro jarrones instalados en la plaza Flavio Gioia - Visit Amalfi<\/title>\n<meta name=\"robots\" content=\"index, follow, max-snippet:-1, max-image-preview:large, max-video-preview:-1\" \/>\n<link rel=\"canonical\" href=\"https:\/\/www.visitamalfi.info\/es\/un-homenaje-artistico-a-las-republicas-maritimas-en-amalfi-cuatro-jarrones-instalados-en-la-plaza-flavio-gioia\/\" \/>\n<meta property=\"og:locale\" content=\"es_ES\" \/>\n<meta property=\"og:type\" content=\"article\" \/>\n<meta property=\"og:title\" content=\"Un homenaje art\u00edstico a las Rep\u00fablicas Mar\u00edtimas en Amalfi: cuatro jarrones instalados en la plaza Flavio Gioia - Visit Amalfi\" \/>\n<meta property=\"og:description\" content=\"Con motivo de la 70\u00aa edici\u00f3n de la Regata de las Antiguas Rep\u00fablicas Mar\u00edtimas, Amalfi ha elegido celebrar el pasado y la tradici\u00f3n mediante una instalaci\u00f3n art\u00edstica muy especial, que [&hellip;]\" \/>\n<meta property=\"og:url\" content=\"https:\/\/www.visitamalfi.info\/es\/un-homenaje-artistico-a-las-republicas-maritimas-en-amalfi-cuatro-jarrones-instalados-en-la-plaza-flavio-gioia\/\" \/>\n<meta property=\"og:site_name\" content=\"Visit Amalfi\" \/>\n<meta property=\"article:publisher\" content=\"https:\/\/www.facebook.com\/visitamalfiofficial\" \/>\n<meta property=\"article:published_time\" content=\"2025-05-14T17:46:05+00:00\" \/>\n<meta property=\"og:image\" content=\"https:\/\/www.visitamalfi.info\/wp-content\/uploads\/2025\/05\/vaso-piazza.jpeg\" \/>\n\t<meta property=\"og:image:width\" content=\"1600\" \/>\n\t<meta property=\"og:image:height\" content=\"1066\" \/>\n\t<meta property=\"og:image:type\" content=\"image\/jpeg\" \/>\n<meta name=\"author\" content=\"Federica Dumont\" \/>\n<meta name=\"twitter:card\" content=\"summary_large_image\" \/>\n<meta name=\"twitter:label1\" content=\"Escrito por\" \/>\n\t<meta name=\"twitter:data1\" content=\"Federica Dumont\" \/>\n\t<meta name=\"twitter:label2\" content=\"Tiempo de lectura\" \/>\n\t<meta name=\"twitter:data2\" content=\"2 minutos\" \/>\n<script type=\"application\/ld+json\" class=\"yoast-schema-graph\">{\"@context\":\"https:\\\/\\\/schema.org\",\"@graph\":[{\"@type\":\"Article\",\"@id\":\"https:\\\/\\\/www.visitamalfi.info\\\/es\\\/un-homenaje-artistico-a-las-republicas-maritimas-en-amalfi-cuatro-jarrones-instalados-en-la-plaza-flavio-gioia\\\/#article\",\"isPartOf\":{\"@id\":\"https:\\\/\\\/www.visitamalfi.info\\\/es\\\/un-homenaje-artistico-a-las-republicas-maritimas-en-amalfi-cuatro-jarrones-instalados-en-la-plaza-flavio-gioia\\\/\"},\"author\":{\"name\":\"Federica Dumont\",\"@id\":\"https:\\\/\\\/www.visitamalfi.info\\\/es\\\/#\\\/schema\\\/person\\\/0c7584af846d5d2da6c69f7e68f3af96\"},\"headline\":\"Un homenaje art\u00edstico a las Rep\u00fablicas Mar\u00edtimas en Amalfi: cuatro jarrones instalados en la plaza Flavio Gioia\",\"datePublished\":\"2025-05-14T17:46:05+00:00\",\"mainEntityOfPage\":{\"@id\":\"https:\\\/\\\/www.visitamalfi.info\\\/es\\\/un-homenaje-artistico-a-las-republicas-maritimas-en-amalfi-cuatro-jarrones-instalados-en-la-plaza-flavio-gioia\\\/\"},\"wordCount\":359,\"commentCount\":0,\"publisher\":{\"@id\":\"https:\\\/\\\/www.visitamalfi.info\\\/es\\\/#organization\"},\"image\":{\"@id\":\"https:\\\/\\\/www.visitamalfi.info\\\/es\\\/un-homenaje-artistico-a-las-republicas-maritimas-en-amalfi-cuatro-jarrones-instalados-en-la-plaza-flavio-gioia\\\/#primaryimage\"},\"thumbnailUrl\":\"https:\\\/\\\/www.visitamalfi.info\\\/wp-content\\\/uploads\\\/2025\\\/05\\\/vaso-piazza.jpeg\",\"articleSection\":[\"arte\",\"Curiosidades\"],\"inLanguage\":\"es\",\"potentialAction\":[{\"@type\":\"CommentAction\",\"name\":\"Comment\",\"target\":[\"https:\\\/\\\/www.visitamalfi.info\\\/es\\\/un-homenaje-artistico-a-las-republicas-maritimas-en-amalfi-cuatro-jarrones-instalados-en-la-plaza-flavio-gioia\\\/#respond\"]}]},{\"@type\":\"WebPage\",\"@id\":\"https:\\\/\\\/www.visitamalfi.info\\\/es\\\/un-homenaje-artistico-a-las-republicas-maritimas-en-amalfi-cuatro-jarrones-instalados-en-la-plaza-flavio-gioia\\\/\",\"url\":\"https:\\\/\\\/www.visitamalfi.info\\\/es\\\/un-homenaje-artistico-a-las-republicas-maritimas-en-amalfi-cuatro-jarrones-instalados-en-la-plaza-flavio-gioia\\\/\",\"name\":\"Un homenaje art\u00edstico a las Rep\u00fablicas Mar\u00edtimas en Amalfi: cuatro jarrones instalados en la plaza Flavio Gioia - Visit Amalfi\",\"isPartOf\":{\"@id\":\"https:\\\/\\\/www.visitamalfi.info\\\/es\\\/#website\"},\"primaryImageOfPage\":{\"@id\":\"https:\\\/\\\/www.visitamalfi.info\\\/es\\\/un-homenaje-artistico-a-las-republicas-maritimas-en-amalfi-cuatro-jarrones-instalados-en-la-plaza-flavio-gioia\\\/#primaryimage\"},\"image\":{\"@id\":\"https:\\\/\\\/www.visitamalfi.info\\\/es\\\/un-homenaje-artistico-a-las-republicas-maritimas-en-amalfi-cuatro-jarrones-instalados-en-la-plaza-flavio-gioia\\\/#primaryimage\"},\"thumbnailUrl\":\"https:\\\/\\\/www.visitamalfi.info\\\/wp-content\\\/uploads\\\/2025\\\/05\\\/vaso-piazza.jpeg\",\"datePublished\":\"2025-05-14T17:46:05+00:00\",\"breadcrumb\":{\"@id\":\"https:\\\/\\\/www.visitamalfi.info\\\/es\\\/un-homenaje-artistico-a-las-republicas-maritimas-en-amalfi-cuatro-jarrones-instalados-en-la-plaza-flavio-gioia\\\/#breadcrumb\"},\"inLanguage\":\"es\",\"potentialAction\":[{\"@type\":\"ReadAction\",\"target\":[\"https:\\\/\\\/www.visitamalfi.info\\\/es\\\/un-homenaje-artistico-a-las-republicas-maritimas-en-amalfi-cuatro-jarrones-instalados-en-la-plaza-flavio-gioia\\\/\"]}]},{\"@type\":\"ImageObject\",\"inLanguage\":\"es\",\"@id\":\"https:\\\/\\\/www.visitamalfi.info\\\/es\\\/un-homenaje-artistico-a-las-republicas-maritimas-en-amalfi-cuatro-jarrones-instalados-en-la-plaza-flavio-gioia\\\/#primaryimage\",\"url\":\"https:\\\/\\\/www.visitamalfi.info\\\/wp-content\\\/uploads\\\/2025\\\/05\\\/vaso-piazza.jpeg\",\"contentUrl\":\"https:\\\/\\\/www.visitamalfi.info\\\/wp-content\\\/uploads\\\/2025\\\/05\\\/vaso-piazza.jpeg\",\"width\":1600,\"height\":1066},{\"@type\":\"BreadcrumbList\",\"@id\":\"https:\\\/\\\/www.visitamalfi.info\\\/es\\\/un-homenaje-artistico-a-las-republicas-maritimas-en-amalfi-cuatro-jarrones-instalados-en-la-plaza-flavio-gioia\\\/#breadcrumb\",\"itemListElement\":[{\"@type\":\"ListItem\",\"position\":1,\"name\":\"Home\",\"item\":\"https:\\\/\\\/www.visitamalfi.info\\\/es\\\/\"},{\"@type\":\"ListItem\",\"position\":2,\"name\":\"Un homenaje art\u00edstico a las Rep\u00fablicas Mar\u00edtimas en Amalfi: cuatro jarrones instalados en la plaza Flavio Gioia\"}]},{\"@type\":\"WebSite\",\"@id\":\"https:\\\/\\\/www.visitamalfi.info\\\/es\\\/#website\",\"url\":\"https:\\\/\\\/www.visitamalfi.info\\\/es\\\/\",\"name\":\"Visit Amalfi\",\"description\":\"Amalfi Destination Official Website\",\"publisher\":{\"@id\":\"https:\\\/\\\/www.visitamalfi.info\\\/es\\\/#organization\"},\"potentialAction\":[{\"@type\":\"SearchAction\",\"target\":{\"@type\":\"EntryPoint\",\"urlTemplate\":\"https:\\\/\\\/www.visitamalfi.info\\\/es\\\/?s={search_term_string}\"},\"query-input\":{\"@type\":\"PropertyValueSpecification\",\"valueRequired\":true,\"valueName\":\"search_term_string\"}}],\"inLanguage\":\"es\"},{\"@type\":\"Organization\",\"@id\":\"https:\\\/\\\/www.visitamalfi.info\\\/es\\\/#organization\",\"name\":\"Visit Amalfi\",\"url\":\"https:\\\/\\\/www.visitamalfi.info\\\/es\\\/\",\"logo\":{\"@type\":\"ImageObject\",\"inLanguage\":\"es\",\"@id\":\"https:\\\/\\\/www.visitamalfi.info\\\/es\\\/#\\\/schema\\\/logo\\\/image\\\/\",\"url\":\"https:\\\/\\\/www.visitamalfi.info\\\/wp-content\\\/uploads\\\/2023\\\/04\\\/visit-amalfi-logo-web.png\",\"contentUrl\":\"https:\\\/\\\/www.visitamalfi.info\\\/wp-content\\\/uploads\\\/2023\\\/04\\\/visit-amalfi-logo-web.png\",\"width\":800,\"height\":870,\"caption\":\"Visit Amalfi\"},\"image\":{\"@id\":\"https:\\\/\\\/www.visitamalfi.info\\\/es\\\/#\\\/schema\\\/logo\\\/image\\\/\"},\"sameAs\":[\"https:\\\/\\\/www.facebook.com\\\/visitamalfiofficial\",\"https:\\\/\\\/www.instagram.com\\\/visitamalfiofficial\\\/\"]},{\"@type\":\"Person\",\"@id\":\"https:\\\/\\\/www.visitamalfi.info\\\/es\\\/#\\\/schema\\\/person\\\/0c7584af846d5d2da6c69f7e68f3af96\",\"name\":\"Federica Dumont\",\"image\":{\"@type\":\"ImageObject\",\"inLanguage\":\"es\",\"@id\":\"https:\\\/\\\/secure.gravatar.com\\\/avatar\\\/0803dab414b6c6f1fd2399680f587870a020419b6ebe9d36dd75df06a6a68060?s=96&d=mm&r=g\",\"url\":\"https:\\\/\\\/secure.gravatar.com\\\/avatar\\\/0803dab414b6c6f1fd2399680f587870a020419b6ebe9d36dd75df06a6a68060?s=96&d=mm&r=g\",\"contentUrl\":\"https:\\\/\\\/secure.gravatar.com\\\/avatar\\\/0803dab414b6c6f1fd2399680f587870a020419b6ebe9d36dd75df06a6a68060?s=96&d=mm&r=g\",\"caption\":\"Federica Dumont\"},\"url\":\"https:\\\/\\\/www.visitamalfi.info\\\/es\\\/author\\\/federica\\\/\"}]}<\/script>\n<!-- \/ Yoast SEO plugin. -->","yoast_head_json":{"title":"Un homenaje art\u00edstico a las Rep\u00fablicas Mar\u00edtimas en Amalfi: cuatro jarrones instalados en la plaza Flavio Gioia - Visit Amalfi","robots":{"index":"index","follow":"follow","max-snippet":"max-snippet:-1","max-image-preview":"max-image-preview:large","max-video-preview":"max-video-preview:-1"},"canonical":"https:\/\/www.visitamalfi.info\/es\/un-homenaje-artistico-a-las-republicas-maritimas-en-amalfi-cuatro-jarrones-instalados-en-la-plaza-flavio-gioia\/","og_locale":"es_ES","og_type":"article","og_title":"Un homenaje art\u00edstico a las Rep\u00fablicas Mar\u00edtimas en Amalfi: cuatro jarrones instalados en la plaza Flavio Gioia - Visit Amalfi","og_description":"Con motivo de la 70\u00aa edici\u00f3n de la Regata de las Antiguas Rep\u00fablicas Mar\u00edtimas, Amalfi ha elegido celebrar el pasado y la tradici\u00f3n mediante una instalaci\u00f3n art\u00edstica muy especial, que [&hellip;]","og_url":"https:\/\/www.visitamalfi.info\/es\/un-homenaje-artistico-a-las-republicas-maritimas-en-amalfi-cuatro-jarrones-instalados-en-la-plaza-flavio-gioia\/","og_site_name":"Visit Amalfi","article_publisher":"https:\/\/www.facebook.com\/visitamalfiofficial","article_published_time":"2025-05-14T17:46:05+00:00","og_image":[{"width":1600,"height":1066,"url":"https:\/\/www.visitamalfi.info\/wp-content\/uploads\/2025\/05\/vaso-piazza.jpeg","type":"image\/jpeg"}],"author":"Federica Dumont","twitter_card":"summary_large_image","twitter_misc":{"Escrito por":"Federica Dumont","Tiempo de lectura":"2 minutos"},"schema":{"@context":"https:\/\/schema.org","@graph":[{"@type":"Article","@id":"https:\/\/www.visitamalfi.info\/es\/un-homenaje-artistico-a-las-republicas-maritimas-en-amalfi-cuatro-jarrones-instalados-en-la-plaza-flavio-gioia\/#article","isPartOf":{"@id":"https:\/\/www.visitamalfi.info\/es\/un-homenaje-artistico-a-las-republicas-maritimas-en-amalfi-cuatro-jarrones-instalados-en-la-plaza-flavio-gioia\/"},"author":{"name":"Federica Dumont","@id":"https:\/\/www.visitamalfi.info\/es\/#\/schema\/person\/0c7584af846d5d2da6c69f7e68f3af96"},"headline":"Un homenaje art\u00edstico a las Rep\u00fablicas Mar\u00edtimas en Amalfi: cuatro jarrones instalados en la plaza Flavio Gioia","datePublished":"2025-05-14T17:46:05+00:00","mainEntityOfPage":{"@id":"https:\/\/www.visitamalfi.info\/es\/un-homenaje-artistico-a-las-republicas-maritimas-en-amalfi-cuatro-jarrones-instalados-en-la-plaza-flavio-gioia\/"},"wordCount":359,"commentCount":0,"publisher":{"@id":"https:\/\/www.visitamalfi.info\/es\/#organization"},"image":{"@id":"https:\/\/www.visitamalfi.info\/es\/un-homenaje-artistico-a-las-republicas-maritimas-en-amalfi-cuatro-jarrones-instalados-en-la-plaza-flavio-gioia\/#primaryimage"},"thumbnailUrl":"https:\/\/www.visitamalfi.info\/wp-content\/uploads\/2025\/05\/vaso-piazza.jpeg","articleSection":["arte","Curiosidades"],"inLanguage":"es","potentialAction":[{"@type":"CommentAction","name":"Comment","target":["https:\/\/www.visitamalfi.info\/es\/un-homenaje-artistico-a-las-republicas-maritimas-en-amalfi-cuatro-jarrones-instalados-en-la-plaza-flavio-gioia\/#respond"]}]},{"@type":"WebPage","@id":"https:\/\/www.visitamalfi.info\/es\/un-homenaje-artistico-a-las-republicas-maritimas-en-amalfi-cuatro-jarrones-instalados-en-la-plaza-flavio-gioia\/","url":"https:\/\/www.visitamalfi.info\/es\/un-homenaje-artistico-a-las-republicas-maritimas-en-amalfi-cuatro-jarrones-instalados-en-la-plaza-flavio-gioia\/","name":"Un homenaje art\u00edstico a las Rep\u00fablicas Mar\u00edtimas en Amalfi: cuatro jarrones instalados en la plaza Flavio Gioia - Visit Amalfi","isPartOf":{"@id":"https:\/\/www.visitamalfi.info\/es\/#website"},"primaryImageOfPage":{"@id":"https:\/\/www.visitamalfi.info\/es\/un-homenaje-artistico-a-las-republicas-maritimas-en-amalfi-cuatro-jarrones-instalados-en-la-plaza-flavio-gioia\/#primaryimage"},"image":{"@id":"https:\/\/www.visitamalfi.info\/es\/un-homenaje-artistico-a-las-republicas-maritimas-en-amalfi-cuatro-jarrones-instalados-en-la-plaza-flavio-gioia\/#primaryimage"},"thumbnailUrl":"https:\/\/www.visitamalfi.info\/wp-content\/uploads\/2025\/05\/vaso-piazza.jpeg","datePublished":"2025-05-14T17:46:05+00:00","breadcrumb":{"@id":"https:\/\/www.visitamalfi.info\/es\/un-homenaje-artistico-a-las-republicas-maritimas-en-amalfi-cuatro-jarrones-instalados-en-la-plaza-flavio-gioia\/#breadcrumb"},"inLanguage":"es","potentialAction":[{"@type":"ReadAction","target":["https:\/\/www.visitamalfi.info\/es\/un-homenaje-artistico-a-las-republicas-maritimas-en-amalfi-cuatro-jarrones-instalados-en-la-plaza-flavio-gioia\/"]}]},{"@type":"ImageObject","inLanguage":"es","@id":"https:\/\/www.visitamalfi.info\/es\/un-homenaje-artistico-a-las-republicas-maritimas-en-amalfi-cuatro-jarrones-instalados-en-la-plaza-flavio-gioia\/#primaryimage","url":"https:\/\/www.visitamalfi.info\/wp-content\/uploads\/2025\/05\/vaso-piazza.jpeg","contentUrl":"https:\/\/www.visitamalfi.info\/wp-content\/uploads\/2025\/05\/vaso-piazza.jpeg","width":1600,"height":1066},{"@type":"BreadcrumbList","@id":"https:\/\/www.visitamalfi.info\/es\/un-homenaje-artistico-a-las-republicas-maritimas-en-amalfi-cuatro-jarrones-instalados-en-la-plaza-flavio-gioia\/#breadcrumb","itemListElement":[{"@type":"ListItem","position":1,"name":"Home","item":"https:\/\/www.visitamalfi.info\/es\/"},{"@type":"ListItem","position":2,"name":"Un homenaje art\u00edstico a las Rep\u00fablicas Mar\u00edtimas en Amalfi: cuatro jarrones instalados en la plaza Flavio Gioia"}]},{"@type":"WebSite","@id":"https:\/\/www.visitamalfi.info\/es\/#website","url":"https:\/\/www.visitamalfi.info\/es\/","name":"Visit Amalfi","description":"Amalfi Destination Official Website","publisher":{"@id":"https:\/\/www.visitamalfi.info\/es\/#organization"},"potentialAction":[{"@type":"SearchAction","target":{"@type":"EntryPoint","urlTemplate":"https:\/\/www.visitamalfi.info\/es\/?s={search_term_string}"},"query-input":{"@type":"PropertyValueSpecification","valueRequired":true,"valueName":"search_term_string"}}],"inLanguage":"es"},{"@type":"Organization","@id":"https:\/\/www.visitamalfi.info\/es\/#organization","name":"Visit Amalfi","url":"https:\/\/www.visitamalfi.info\/es\/","logo":{"@type":"ImageObject","inLanguage":"es","@id":"https:\/\/www.visitamalfi.info\/es\/#\/schema\/logo\/image\/","url":"https:\/\/www.visitamalfi.info\/wp-content\/uploads\/2023\/04\/visit-amalfi-logo-web.png","contentUrl":"https:\/\/www.visitamalfi.info\/wp-content\/uploads\/2023\/04\/visit-amalfi-logo-web.png","width":800,"height":870,"caption":"Visit Amalfi"},"image":{"@id":"https:\/\/www.visitamalfi.info\/es\/#\/schema\/logo\/image\/"},"sameAs":["https:\/\/www.facebook.com\/visitamalfiofficial","https:\/\/www.instagram.com\/visitamalfiofficial\/"]},{"@type":"Person","@id":"https:\/\/www.visitamalfi.info\/es\/#\/schema\/person\/0c7584af846d5d2da6c69f7e68f3af96","name":"Federica Dumont","image":{"@type":"ImageObject","inLanguage":"es","@id":"https:\/\/secure.gravatar.com\/avatar\/0803dab414b6c6f1fd2399680f587870a020419b6ebe9d36dd75df06a6a68060?s=96&d=mm&r=g","url":"https:\/\/secure.gravatar.com\/avatar\/0803dab414b6c6f1fd2399680f587870a020419b6ebe9d36dd75df06a6a68060?s=96&d=mm&r=g","contentUrl":"https:\/\/secure.gravatar.com\/avatar\/0803dab414b6c6f1fd2399680f587870a020419b6ebe9d36dd75df06a6a68060?s=96&d=mm&r=g","caption":"Federica Dumont"},"url":"https:\/\/www.visitamalfi.info\/es\/author\/federica\/"}]}},"_links":{"self":[{"href":"https:\/\/www.visitamalfi.info\/es\/wp-json\/wp\/v2\/posts\/21589","targetHints":{"allow":["GET"]}}],"collection":[{"href":"https:\/\/www.visitamalfi.info\/es\/wp-json\/wp\/v2\/posts"}],"about":[{"href":"https:\/\/www.visitamalfi.info\/es\/wp-json\/wp\/v2\/types\/post"}],"author":[{"embeddable":true,"href":"https:\/\/www.visitamalfi.info\/es\/wp-json\/wp\/v2\/users\/7"}],"replies":[{"embeddable":true,"href":"https:\/\/www.visitamalfi.info\/es\/wp-json\/wp\/v2\/comments?post=21589"}],"version-history":[{"count":0,"href":"https:\/\/www.visitamalfi.info\/es\/wp-json\/wp\/v2\/posts\/21589\/revisions"}],"wp:featuredmedia":[{"embeddable":true,"href":"https:\/\/www.visitamalfi.info\/es\/wp-json\/wp\/v2\/media\/21539"}],"wp:attachment":[{"href":"https:\/\/www.visitamalfi.info\/es\/wp-json\/wp\/v2\/media?parent=21589"}],"wp:term":[{"taxonomy":"category","embeddable":true,"href":"https:\/\/www.visitamalfi.info\/es\/wp-json\/wp\/v2\/categories?post=21589"},{"taxonomy":"post_tag","embeddable":true,"href":"https:\/\/www.visitamalfi.info\/es\/wp-json\/wp\/v2\/tags?post=21589"}],"curies":[{"name":"wp","href":"https:\/\/api.w.org\/{rel}","templated":true}]}}