{"id":21467,"date":"2025-05-03T12:37:13","date_gmt":"2025-05-03T10:37:13","guid":{"rendered":"https:\/\/www.visitamalfi.info\/amalfi-mas-sostenible-y-bella-se-instalan-papeleras-para-colillas\/"},"modified":"2025-05-06T09:26:15","modified_gmt":"2025-05-06T07:26:15","slug":"amalfi-mas-sostenible-y-bella-se-instalan-papeleras-para-colillas","status":"publish","type":"post","link":"https:\/\/www.visitamalfi.info\/es\/amalfi-mas-sostenible-y-bella-se-instalan-papeleras-para-colillas\/","title":{"rendered":"Amalfi m\u00e1s sostenible y bella: se instalan papeleras para colillas"},"content":{"rendered":"<div>\n<div>\n<p>En el imaginario com\u00fan, <strong>Amalfi<\/strong> representa el mar cristalino, las t\u00edpicas callejuelas llenas de tradici\u00f3n, historia y olor a limones, sin olvidar las impresionantes vistas que encantan cada d\u00eda a visitantes de todo el mundo. Pero hoy, Amalfi es tambi\u00e9n un ejemplo concreto de <strong>respeto al medio ambiente y de acciones en pro de la sostenibilidad<\/strong>. \u00bfDe qu\u00e9 estamos hablando?<\/p>\n<p>\u00a1Desc\u00fabrelo en este art\u00edculo!<\/p>\n<\/div>\n<div>\n<p><img fetchpriority=\"high\" decoding=\"async\" class=\"size-medium wp-image-21490 alignleft\" src=\"https:\/\/www.visitamalfi.info\/wp-content\/uploads\/2025\/05\/20250506_090533-169x300.jpg\" alt=\"\" width=\"169\" height=\"300\" srcset=\"https:\/\/www.visitamalfi.info\/wp-content\/uploads\/2025\/05\/20250506_090533-169x300.jpg 169w, https:\/\/www.visitamalfi.info\/wp-content\/uploads\/2025\/05\/20250506_090533-577x1024.jpg 577w, https:\/\/www.visitamalfi.info\/wp-content\/uploads\/2025\/05\/20250506_090533-768x1364.jpg 768w, https:\/\/www.visitamalfi.info\/wp-content\/uploads\/2025\/05\/20250506_090533-865x1536.jpg 865w, https:\/\/www.visitamalfi.info\/wp-content\/uploads\/2025\/05\/20250506_090533.jpg 1081w\" sizes=\"(max-width: 169px) 100vw, 169px\" \/>Se han instalado en la ciudad <strong>diez &#8220;puntos para fumadores&#8221; inteligentes<\/strong>, ceniceros urbanos dise\u00f1ados para recoger y reciclar las colillas. El proyecto se denomina <strong>Re-Cig,<\/strong> forma parte de la planificaci\u00f3n m\u00e1s amplia de la administraci\u00f3n municipal para la protecci\u00f3n del medio ambiente con el fin de promover las<strong>&#8220;11 Acciones para un turismo m\u00e1s sostenible<\/strong>&#8221; y representa un nuevo paso en una estrategia hacia una Amalfi m\u00e1s sostenible y bella.<\/p>\n<\/div>\n<div>\n<p><strong>\u00bfQu\u00e9 son los ceniceros inteligentes?<\/strong><\/p>\n<\/div>\n<div>\n<p>Estos dispositivos est\u00e1n pensados para simplificar la <strong>recogida de colillas de<\/strong> forma limpia y ordenada. Apagar un cigarrillo en el lugar adecuado, un peque\u00f1o gesto que puede suponer una gran diferencia en la protecci\u00f3n de nuestro medio ambiente.<\/p>\n<\/div>\n<div>\n<p>Tanto si est\u00e1s tomando un c\u00f3ctel en la Piazza Duomo, paseando por las callejuelas o haciendo una foto del maravilloso panorama de la Costa, deshacerte adecuadamente de una colilla es una forma importante, sencilla y concreta de contribuir a la protecci\u00f3n de la ciudad.<\/p>\n<\/div>\n<div>\n<p>Amalfi ha optado por invertir en una visi\u00f3n del turismo sostenible, donde la belleza y el respeto al medio ambiente caminan de la mano.<\/p>\n<\/div>\n<div>\n<p><strong>\u00bfD\u00f3nde se encuentran?<\/strong><\/p>\n<\/div>\n<div>\n<p><img decoding=\"async\" class=\"size-medium wp-image-21485 alignright\" src=\"https:\/\/www.visitamalfi.info\/wp-content\/uploads\/2025\/05\/20250506_090550-169x300.jpg\" alt=\"\" width=\"169\" height=\"300\" srcset=\"https:\/\/www.visitamalfi.info\/wp-content\/uploads\/2025\/05\/20250506_090550-169x300.jpg 169w, https:\/\/www.visitamalfi.info\/wp-content\/uploads\/2025\/05\/20250506_090550-577x1024.jpg 577w, https:\/\/www.visitamalfi.info\/wp-content\/uploads\/2025\/05\/20250506_090550-768x1364.jpg 768w, https:\/\/www.visitamalfi.info\/wp-content\/uploads\/2025\/05\/20250506_090550-865x1536.jpg 865w, https:\/\/www.visitamalfi.info\/wp-content\/uploads\/2025\/05\/20250506_090550.jpg 1081w\" sizes=\"(max-width: 169px) 100vw, 169px\" \/>Los dispositivos se colocaron en los puntos neur\u00e1lgicos de la ciudad, es decir, la <strong>playa de Marina Grande, el paseo mar\u00edtimo, las paradas de autob\u00fas, en la plaza de la Bussola, a la entrada del muelle, en la plaza dei Dogi y en la plaza Duomo.<\/strong><\/p>\n<p>Pero las noticias no acaban aqu\u00ed: pronto se instalar\u00e1n nuevos dispositivos para una gesti\u00f3n de la recogida de residuos cada vez m\u00e1s sostenible.<\/p>\n<\/div>\n<div>\n<p>\u00bfParticipar\u00e1s t\u00fa tambi\u00e9n en esta revoluci\u00f3n de la sostenibilidad?<\/p>\n<\/div>\n<div>\n<p><strong><em>Amalfi te da la bienvenida. T\u00fa, corresponde con un peque\u00f1o gesto.<\/em><\/strong><\/p>\n<\/div>\n<\/div>\n","protected":false},"excerpt":{"rendered":"<p>En el imaginario com\u00fan, Amalfi representa el mar cristalino, las t\u00edpicas callejuelas llenas de tradici\u00f3n, historia y olor a limones, sin olvidar las impresionantes vistas que encantan cada d\u00eda a [&hellip;]<\/p>\n","protected":false},"author":7,"featured_media":21483,"comment_status":"open","ping_status":"closed","sticky":false,"template":"","format":"standard","meta":{"inline_featured_image":false,"footnotes":""},"categories":[901],"tags":[],"class_list":["post-21467","post","type-post","status-publish","format-standard","has-post-thumbnail","hentry","category-consejos-para-viajar"],"yoast_head":"<!-- This site is optimized with the Yoast SEO plugin v27.3 - https:\/\/yoast.com\/product\/yoast-seo-wordpress\/ -->\n<title>Amalfi m\u00e1s sostenible y bella: se instalan papeleras para colillas - Visit Amalfi<\/title>\n<meta name=\"robots\" content=\"index, follow, max-snippet:-1, max-image-preview:large, max-video-preview:-1\" \/>\n<link rel=\"canonical\" href=\"https:\/\/www.visitamalfi.info\/es\/amalfi-mas-sostenible-y-bella-se-instalan-papeleras-para-colillas\/\" \/>\n<meta property=\"og:locale\" content=\"es_ES\" \/>\n<meta property=\"og:type\" content=\"article\" \/>\n<meta property=\"og:title\" content=\"Amalfi m\u00e1s sostenible y bella: se instalan papeleras para colillas - Visit Amalfi\" \/>\n<meta property=\"og:description\" content=\"En el imaginario com\u00fan, Amalfi representa el mar cristalino, las t\u00edpicas callejuelas llenas de tradici\u00f3n, historia y olor a limones, sin olvidar las impresionantes vistas que encantan cada d\u00eda a [&hellip;]\" \/>\n<meta property=\"og:url\" content=\"https:\/\/www.visitamalfi.info\/es\/amalfi-mas-sostenible-y-bella-se-instalan-papeleras-para-colillas\/\" \/>\n<meta property=\"og:site_name\" content=\"Visit Amalfi\" \/>\n<meta property=\"article:publisher\" content=\"https:\/\/www.facebook.com\/visitamalfiofficial\" \/>\n<meta property=\"article:published_time\" content=\"2025-05-03T10:37:13+00:00\" \/>\n<meta property=\"article:modified_time\" content=\"2025-05-06T07:26:15+00:00\" \/>\n<meta property=\"og:image\" content=\"https:\/\/www.visitamalfi.info\/wp-content\/uploads\/2025\/05\/20250506_090634.jpg\" \/>\n\t<meta property=\"og:image:width\" content=\"1920\" \/>\n\t<meta property=\"og:image:height\" content=\"1081\" \/>\n\t<meta property=\"og:image:type\" content=\"image\/jpeg\" \/>\n<meta name=\"author\" content=\"Federica Dumont\" \/>\n<meta name=\"twitter:card\" content=\"summary_large_image\" \/>\n<meta name=\"twitter:label1\" content=\"Escrito por\" \/>\n\t<meta name=\"twitter:data1\" content=\"Federica Dumont\" \/>\n\t<meta name=\"twitter:label2\" content=\"Tiempo de lectura\" \/>\n\t<meta name=\"twitter:data2\" content=\"2 minutos\" \/>\n<script type=\"application\/ld+json\" class=\"yoast-schema-graph\">{\"@context\":\"https:\\\/\\\/schema.org\",\"@graph\":[{\"@type\":\"Article\",\"@id\":\"https:\\\/\\\/www.visitamalfi.info\\\/es\\\/amalfi-mas-sostenible-y-bella-se-instalan-papeleras-para-colillas\\\/#article\",\"isPartOf\":{\"@id\":\"https:\\\/\\\/www.visitamalfi.info\\\/es\\\/amalfi-mas-sostenible-y-bella-se-instalan-papeleras-para-colillas\\\/\"},\"author\":{\"name\":\"Federica Dumont\",\"@id\":\"https:\\\/\\\/www.visitamalfi.info\\\/es\\\/#\\\/schema\\\/person\\\/0c7584af846d5d2da6c69f7e68f3af96\"},\"headline\":\"Amalfi m\u00e1s sostenible y bella: se instalan papeleras para colillas\",\"datePublished\":\"2025-05-03T10:37:13+00:00\",\"dateModified\":\"2025-05-06T07:26:15+00:00\",\"mainEntityOfPage\":{\"@id\":\"https:\\\/\\\/www.visitamalfi.info\\\/es\\\/amalfi-mas-sostenible-y-bella-se-instalan-papeleras-para-colillas\\\/\"},\"wordCount\":379,\"commentCount\":0,\"publisher\":{\"@id\":\"https:\\\/\\\/www.visitamalfi.info\\\/es\\\/#organization\"},\"image\":{\"@id\":\"https:\\\/\\\/www.visitamalfi.info\\\/es\\\/amalfi-mas-sostenible-y-bella-se-instalan-papeleras-para-colillas\\\/#primaryimage\"},\"thumbnailUrl\":\"https:\\\/\\\/www.visitamalfi.info\\\/wp-content\\\/uploads\\\/2025\\\/05\\\/20250506_090634.jpg\",\"articleSection\":[\"Consejos para viajar\"],\"inLanguage\":\"es\",\"potentialAction\":[{\"@type\":\"CommentAction\",\"name\":\"Comment\",\"target\":[\"https:\\\/\\\/www.visitamalfi.info\\\/es\\\/amalfi-mas-sostenible-y-bella-se-instalan-papeleras-para-colillas\\\/#respond\"]}]},{\"@type\":\"WebPage\",\"@id\":\"https:\\\/\\\/www.visitamalfi.info\\\/es\\\/amalfi-mas-sostenible-y-bella-se-instalan-papeleras-para-colillas\\\/\",\"url\":\"https:\\\/\\\/www.visitamalfi.info\\\/es\\\/amalfi-mas-sostenible-y-bella-se-instalan-papeleras-para-colillas\\\/\",\"name\":\"Amalfi m\u00e1s sostenible y bella: se instalan papeleras para colillas - Visit Amalfi\",\"isPartOf\":{\"@id\":\"https:\\\/\\\/www.visitamalfi.info\\\/es\\\/#website\"},\"primaryImageOfPage\":{\"@id\":\"https:\\\/\\\/www.visitamalfi.info\\\/es\\\/amalfi-mas-sostenible-y-bella-se-instalan-papeleras-para-colillas\\\/#primaryimage\"},\"image\":{\"@id\":\"https:\\\/\\\/www.visitamalfi.info\\\/es\\\/amalfi-mas-sostenible-y-bella-se-instalan-papeleras-para-colillas\\\/#primaryimage\"},\"thumbnailUrl\":\"https:\\\/\\\/www.visitamalfi.info\\\/wp-content\\\/uploads\\\/2025\\\/05\\\/20250506_090634.jpg\",\"datePublished\":\"2025-05-03T10:37:13+00:00\",\"dateModified\":\"2025-05-06T07:26:15+00:00\",\"breadcrumb\":{\"@id\":\"https:\\\/\\\/www.visitamalfi.info\\\/es\\\/amalfi-mas-sostenible-y-bella-se-instalan-papeleras-para-colillas\\\/#breadcrumb\"},\"inLanguage\":\"es\",\"potentialAction\":[{\"@type\":\"ReadAction\",\"target\":[\"https:\\\/\\\/www.visitamalfi.info\\\/es\\\/amalfi-mas-sostenible-y-bella-se-instalan-papeleras-para-colillas\\\/\"]}]},{\"@type\":\"ImageObject\",\"inLanguage\":\"es\",\"@id\":\"https:\\\/\\\/www.visitamalfi.info\\\/es\\\/amalfi-mas-sostenible-y-bella-se-instalan-papeleras-para-colillas\\\/#primaryimage\",\"url\":\"https:\\\/\\\/www.visitamalfi.info\\\/wp-content\\\/uploads\\\/2025\\\/05\\\/20250506_090634.jpg\",\"contentUrl\":\"https:\\\/\\\/www.visitamalfi.info\\\/wp-content\\\/uploads\\\/2025\\\/05\\\/20250506_090634.jpg\",\"width\":1920,\"height\":1081},{\"@type\":\"BreadcrumbList\",\"@id\":\"https:\\\/\\\/www.visitamalfi.info\\\/es\\\/amalfi-mas-sostenible-y-bella-se-instalan-papeleras-para-colillas\\\/#breadcrumb\",\"itemListElement\":[{\"@type\":\"ListItem\",\"position\":1,\"name\":\"Home\",\"item\":\"https:\\\/\\\/www.visitamalfi.info\\\/es\\\/\"},{\"@type\":\"ListItem\",\"position\":2,\"name\":\"Amalfi m\u00e1s sostenible y bella: se instalan papeleras para colillas\"}]},{\"@type\":\"WebSite\",\"@id\":\"https:\\\/\\\/www.visitamalfi.info\\\/es\\\/#website\",\"url\":\"https:\\\/\\\/www.visitamalfi.info\\\/es\\\/\",\"name\":\"Visit Amalfi\",\"description\":\"Amalfi Destination Official Website\",\"publisher\":{\"@id\":\"https:\\\/\\\/www.visitamalfi.info\\\/es\\\/#organization\"},\"potentialAction\":[{\"@type\":\"SearchAction\",\"target\":{\"@type\":\"EntryPoint\",\"urlTemplate\":\"https:\\\/\\\/www.visitamalfi.info\\\/es\\\/?s={search_term_string}\"},\"query-input\":{\"@type\":\"PropertyValueSpecification\",\"valueRequired\":true,\"valueName\":\"search_term_string\"}}],\"inLanguage\":\"es\"},{\"@type\":\"Organization\",\"@id\":\"https:\\\/\\\/www.visitamalfi.info\\\/es\\\/#organization\",\"name\":\"Visit Amalfi\",\"url\":\"https:\\\/\\\/www.visitamalfi.info\\\/es\\\/\",\"logo\":{\"@type\":\"ImageObject\",\"inLanguage\":\"es\",\"@id\":\"https:\\\/\\\/www.visitamalfi.info\\\/es\\\/#\\\/schema\\\/logo\\\/image\\\/\",\"url\":\"https:\\\/\\\/www.visitamalfi.info\\\/wp-content\\\/uploads\\\/2023\\\/04\\\/visit-amalfi-logo-web.png\",\"contentUrl\":\"https:\\\/\\\/www.visitamalfi.info\\\/wp-content\\\/uploads\\\/2023\\\/04\\\/visit-amalfi-logo-web.png\",\"width\":800,\"height\":870,\"caption\":\"Visit Amalfi\"},\"image\":{\"@id\":\"https:\\\/\\\/www.visitamalfi.info\\\/es\\\/#\\\/schema\\\/logo\\\/image\\\/\"},\"sameAs\":[\"https:\\\/\\\/www.facebook.com\\\/visitamalfiofficial\",\"https:\\\/\\\/www.instagram.com\\\/visitamalfiofficial\\\/\"]},{\"@type\":\"Person\",\"@id\":\"https:\\\/\\\/www.visitamalfi.info\\\/es\\\/#\\\/schema\\\/person\\\/0c7584af846d5d2da6c69f7e68f3af96\",\"name\":\"Federica Dumont\",\"image\":{\"@type\":\"ImageObject\",\"inLanguage\":\"es\",\"@id\":\"https:\\\/\\\/secure.gravatar.com\\\/avatar\\\/0803dab414b6c6f1fd2399680f587870a020419b6ebe9d36dd75df06a6a68060?s=96&d=mm&r=g\",\"url\":\"https:\\\/\\\/secure.gravatar.com\\\/avatar\\\/0803dab414b6c6f1fd2399680f587870a020419b6ebe9d36dd75df06a6a68060?s=96&d=mm&r=g\",\"contentUrl\":\"https:\\\/\\\/secure.gravatar.com\\\/avatar\\\/0803dab414b6c6f1fd2399680f587870a020419b6ebe9d36dd75df06a6a68060?s=96&d=mm&r=g\",\"caption\":\"Federica Dumont\"},\"url\":\"https:\\\/\\\/www.visitamalfi.info\\\/es\\\/author\\\/federica\\\/\"}]}<\/script>\n<!-- \/ Yoast SEO plugin. -->","yoast_head_json":{"title":"Amalfi m\u00e1s sostenible y bella: se instalan papeleras para colillas - Visit Amalfi","robots":{"index":"index","follow":"follow","max-snippet":"max-snippet:-1","max-image-preview":"max-image-preview:large","max-video-preview":"max-video-preview:-1"},"canonical":"https:\/\/www.visitamalfi.info\/es\/amalfi-mas-sostenible-y-bella-se-instalan-papeleras-para-colillas\/","og_locale":"es_ES","og_type":"article","og_title":"Amalfi m\u00e1s sostenible y bella: se instalan papeleras para colillas - Visit Amalfi","og_description":"En el imaginario com\u00fan, Amalfi representa el mar cristalino, las t\u00edpicas callejuelas llenas de tradici\u00f3n, historia y olor a limones, sin olvidar las impresionantes vistas que encantan cada d\u00eda a [&hellip;]","og_url":"https:\/\/www.visitamalfi.info\/es\/amalfi-mas-sostenible-y-bella-se-instalan-papeleras-para-colillas\/","og_site_name":"Visit Amalfi","article_publisher":"https:\/\/www.facebook.com\/visitamalfiofficial","article_published_time":"2025-05-03T10:37:13+00:00","article_modified_time":"2025-05-06T07:26:15+00:00","og_image":[{"width":1920,"height":1081,"url":"https:\/\/www.visitamalfi.info\/wp-content\/uploads\/2025\/05\/20250506_090634.jpg","type":"image\/jpeg"}],"author":"Federica Dumont","twitter_card":"summary_large_image","twitter_misc":{"Escrito por":"Federica Dumont","Tiempo de lectura":"2 minutos"},"schema":{"@context":"https:\/\/schema.org","@graph":[{"@type":"Article","@id":"https:\/\/www.visitamalfi.info\/es\/amalfi-mas-sostenible-y-bella-se-instalan-papeleras-para-colillas\/#article","isPartOf":{"@id":"https:\/\/www.visitamalfi.info\/es\/amalfi-mas-sostenible-y-bella-se-instalan-papeleras-para-colillas\/"},"author":{"name":"Federica Dumont","@id":"https:\/\/www.visitamalfi.info\/es\/#\/schema\/person\/0c7584af846d5d2da6c69f7e68f3af96"},"headline":"Amalfi m\u00e1s sostenible y bella: se instalan papeleras para colillas","datePublished":"2025-05-03T10:37:13+00:00","dateModified":"2025-05-06T07:26:15+00:00","mainEntityOfPage":{"@id":"https:\/\/www.visitamalfi.info\/es\/amalfi-mas-sostenible-y-bella-se-instalan-papeleras-para-colillas\/"},"wordCount":379,"commentCount":0,"publisher":{"@id":"https:\/\/www.visitamalfi.info\/es\/#organization"},"image":{"@id":"https:\/\/www.visitamalfi.info\/es\/amalfi-mas-sostenible-y-bella-se-instalan-papeleras-para-colillas\/#primaryimage"},"thumbnailUrl":"https:\/\/www.visitamalfi.info\/wp-content\/uploads\/2025\/05\/20250506_090634.jpg","articleSection":["Consejos para viajar"],"inLanguage":"es","potentialAction":[{"@type":"CommentAction","name":"Comment","target":["https:\/\/www.visitamalfi.info\/es\/amalfi-mas-sostenible-y-bella-se-instalan-papeleras-para-colillas\/#respond"]}]},{"@type":"WebPage","@id":"https:\/\/www.visitamalfi.info\/es\/amalfi-mas-sostenible-y-bella-se-instalan-papeleras-para-colillas\/","url":"https:\/\/www.visitamalfi.info\/es\/amalfi-mas-sostenible-y-bella-se-instalan-papeleras-para-colillas\/","name":"Amalfi m\u00e1s sostenible y bella: se instalan papeleras para colillas - Visit Amalfi","isPartOf":{"@id":"https:\/\/www.visitamalfi.info\/es\/#website"},"primaryImageOfPage":{"@id":"https:\/\/www.visitamalfi.info\/es\/amalfi-mas-sostenible-y-bella-se-instalan-papeleras-para-colillas\/#primaryimage"},"image":{"@id":"https:\/\/www.visitamalfi.info\/es\/amalfi-mas-sostenible-y-bella-se-instalan-papeleras-para-colillas\/#primaryimage"},"thumbnailUrl":"https:\/\/www.visitamalfi.info\/wp-content\/uploads\/2025\/05\/20250506_090634.jpg","datePublished":"2025-05-03T10:37:13+00:00","dateModified":"2025-05-06T07:26:15+00:00","breadcrumb":{"@id":"https:\/\/www.visitamalfi.info\/es\/amalfi-mas-sostenible-y-bella-se-instalan-papeleras-para-colillas\/#breadcrumb"},"inLanguage":"es","potentialAction":[{"@type":"ReadAction","target":["https:\/\/www.visitamalfi.info\/es\/amalfi-mas-sostenible-y-bella-se-instalan-papeleras-para-colillas\/"]}]},{"@type":"ImageObject","inLanguage":"es","@id":"https:\/\/www.visitamalfi.info\/es\/amalfi-mas-sostenible-y-bella-se-instalan-papeleras-para-colillas\/#primaryimage","url":"https:\/\/www.visitamalfi.info\/wp-content\/uploads\/2025\/05\/20250506_090634.jpg","contentUrl":"https:\/\/www.visitamalfi.info\/wp-content\/uploads\/2025\/05\/20250506_090634.jpg","width":1920,"height":1081},{"@type":"BreadcrumbList","@id":"https:\/\/www.visitamalfi.info\/es\/amalfi-mas-sostenible-y-bella-se-instalan-papeleras-para-colillas\/#breadcrumb","itemListElement":[{"@type":"ListItem","position":1,"name":"Home","item":"https:\/\/www.visitamalfi.info\/es\/"},{"@type":"ListItem","position":2,"name":"Amalfi m\u00e1s sostenible y bella: se instalan papeleras para colillas"}]},{"@type":"WebSite","@id":"https:\/\/www.visitamalfi.info\/es\/#website","url":"https:\/\/www.visitamalfi.info\/es\/","name":"Visit Amalfi","description":"Amalfi Destination Official Website","publisher":{"@id":"https:\/\/www.visitamalfi.info\/es\/#organization"},"potentialAction":[{"@type":"SearchAction","target":{"@type":"EntryPoint","urlTemplate":"https:\/\/www.visitamalfi.info\/es\/?s={search_term_string}"},"query-input":{"@type":"PropertyValueSpecification","valueRequired":true,"valueName":"search_term_string"}}],"inLanguage":"es"},{"@type":"Organization","@id":"https:\/\/www.visitamalfi.info\/es\/#organization","name":"Visit Amalfi","url":"https:\/\/www.visitamalfi.info\/es\/","logo":{"@type":"ImageObject","inLanguage":"es","@id":"https:\/\/www.visitamalfi.info\/es\/#\/schema\/logo\/image\/","url":"https:\/\/www.visitamalfi.info\/wp-content\/uploads\/2023\/04\/visit-amalfi-logo-web.png","contentUrl":"https:\/\/www.visitamalfi.info\/wp-content\/uploads\/2023\/04\/visit-amalfi-logo-web.png","width":800,"height":870,"caption":"Visit Amalfi"},"image":{"@id":"https:\/\/www.visitamalfi.info\/es\/#\/schema\/logo\/image\/"},"sameAs":["https:\/\/www.facebook.com\/visitamalfiofficial","https:\/\/www.instagram.com\/visitamalfiofficial\/"]},{"@type":"Person","@id":"https:\/\/www.visitamalfi.info\/es\/#\/schema\/person\/0c7584af846d5d2da6c69f7e68f3af96","name":"Federica Dumont","image":{"@type":"ImageObject","inLanguage":"es","@id":"https:\/\/secure.gravatar.com\/avatar\/0803dab414b6c6f1fd2399680f587870a020419b6ebe9d36dd75df06a6a68060?s=96&d=mm&r=g","url":"https:\/\/secure.gravatar.com\/avatar\/0803dab414b6c6f1fd2399680f587870a020419b6ebe9d36dd75df06a6a68060?s=96&d=mm&r=g","contentUrl":"https:\/\/secure.gravatar.com\/avatar\/0803dab414b6c6f1fd2399680f587870a020419b6ebe9d36dd75df06a6a68060?s=96&d=mm&r=g","caption":"Federica Dumont"},"url":"https:\/\/www.visitamalfi.info\/es\/author\/federica\/"}]}},"_links":{"self":[{"href":"https:\/\/www.visitamalfi.info\/es\/wp-json\/wp\/v2\/posts\/21467","targetHints":{"allow":["GET"]}}],"collection":[{"href":"https:\/\/www.visitamalfi.info\/es\/wp-json\/wp\/v2\/posts"}],"about":[{"href":"https:\/\/www.visitamalfi.info\/es\/wp-json\/wp\/v2\/types\/post"}],"author":[{"embeddable":true,"href":"https:\/\/www.visitamalfi.info\/es\/wp-json\/wp\/v2\/users\/7"}],"replies":[{"embeddable":true,"href":"https:\/\/www.visitamalfi.info\/es\/wp-json\/wp\/v2\/comments?post=21467"}],"version-history":[{"count":1,"href":"https:\/\/www.visitamalfi.info\/es\/wp-json\/wp\/v2\/posts\/21467\/revisions"}],"predecessor-version":[{"id":21499,"href":"https:\/\/www.visitamalfi.info\/es\/wp-json\/wp\/v2\/posts\/21467\/revisions\/21499"}],"wp:featuredmedia":[{"embeddable":true,"href":"https:\/\/www.visitamalfi.info\/es\/wp-json\/wp\/v2\/media\/21483"}],"wp:attachment":[{"href":"https:\/\/www.visitamalfi.info\/es\/wp-json\/wp\/v2\/media?parent=21467"}],"wp:term":[{"taxonomy":"category","embeddable":true,"href":"https:\/\/www.visitamalfi.info\/es\/wp-json\/wp\/v2\/categories?post=21467"},{"taxonomy":"post_tag","embeddable":true,"href":"https:\/\/www.visitamalfi.info\/es\/wp-json\/wp\/v2\/tags?post=21467"}],"curies":[{"name":"wp","href":"https:\/\/api.w.org\/{rel}","templated":true}]}}