{"id":21293,"date":"2025-04-16T17:26:10","date_gmt":"2025-04-16T15:26:10","guid":{"rendered":"https:\/\/www.visitamalfi.info\/una-historia-que-lleva-70-anos-navegando-amalfi-acoge-la-70a-regata-de-las-republicas-maritimas\/"},"modified":"2025-04-16T17:26:10","modified_gmt":"2025-04-16T15:26:10","slug":"una-historia-que-lleva-70-anos-navegando-amalfi-acoge-la-70a-regata-de-las-republicas-maritimas","status":"publish","type":"post","link":"https:\/\/www.visitamalfi.info\/es\/una-historia-que-lleva-70-anos-navegando-amalfi-acoge-la-70a-regata-de-las-republicas-maritimas\/","title":{"rendered":"Una historia que lleva 70 a\u00f1os navegando: Amalfi acoge la 70\u00aa Regata de las Rep\u00fablicas Mar\u00edtimas"},"content":{"rendered":"<p class=\"cvGsUA direction-ltr align-start para-style-body\"><span class=\"OYPEnA font-feature-liga-off font-feature-clig-off font-feature-calt-off text-decoration-none text-strikethrough-none\">El mar est\u00e1 en el centro de este espect\u00e1culo, como el m\u00e1s bello escenario, las multitudes de aficionados -amalfitanos y no- llenan el horizonte de la ciudad, y cada rinc\u00f3n de Amalfi desprende energ\u00eda.<\/span><\/p>\n<p class=\"cvGsUA direction-ltr align-start para-style-body\"><strong><span class=\"OYPEnA font-feature-liga-off font-feature-clig-off font-feature-calt-off text-decoration-none text-strikethrough-none\">Domingo 18 de mayo de 2025<\/span><\/strong><span class=\"OYPEnA font-feature-liga-off font-feature-clig-off font-feature-calt-off text-decoration-none text-strikethrough-none\">Amalfi acoger\u00e1 la <\/span><em><strong><span class=\"OYPEnA font-feature-liga-off font-feature-clig-off font-feature-calt-off text-decoration-none text-strikethrough-none\">70\u00aa edici\u00f3n de la Regata Hist\u00f3rica de las Rep\u00fablicas Mar\u00edtimas<\/span><\/strong><\/em><span class=\"OYPEnA font-feature-liga-off font-feature-clig-off font-feature-calt-off text-decoration-none text-strikethrough-none\">uno de los acontecimientos m\u00e1s esperados, emblem\u00e1ticos y sentidos del calendario cultural de Amalfi. Un reto de remo que ve, las cuatro gloriosas ciudades mar\u00edtimas de <\/span><strong><span class=\"OYPEnA font-feature-liga-off font-feature-clig-off font-feature-calt-off text-decoration-none text-strikethrough-none\">Amalfi, Pisa, G\u00e9nova y Venecia<\/span><\/strong><span class=\"OYPEnA font-feature-liga-off font-feature-clig-off font-feature-calt-off text-decoration-none text-strikethrough-none\">ya no se encuentran como rivales, sino unidas por valores de civilizaci\u00f3n, identidad cultural y deporte.<\/span><\/p>\n<p class=\"cvGsUA direction-ltr align-center para-style-body\"><strong><span class=\"OYPEnA font-feature-liga-off font-feature-clig-off font-feature-calt-off text-decoration-none text-strikethrough-none\">Una inmersi\u00f3n en el pasado, de vuelta a sus or\u00edgenes<\/span><\/strong><\/p>\n<p class=\"cvGsUA direction-ltr align-start para-style-body\"><span class=\"OYPEnA font-feature-liga-off font-feature-clig-off font-feature-calt-off text-decoration-none text-strikethrough-none\">Fundada en 1955 para celebrar las haza\u00f1as navales de las cuatro Ciudades-Estado que dominaron el Mediterr\u00e1neo en la Edad Media, la Regata Hist\u00f3rica ha evolucionado a lo largo de los a\u00f1os hasta convertirse en un acontecimiento profundamente sentido, capaz de combinar cultura, entretenimiento y pasi\u00f3n popular.<\/span><\/p>\n<p class=\"cvGsUA direction-ltr align-start para-style-body\"><span class=\"OYPEnA font-feature-liga-off font-feature-clig-off font-feature-calt-off text-decoration-none text-strikethrough-none\">Amalfi, que ya fue protagonista en 1957, se prepara ahora para vivir su 14\u00aa edici\u00f3n como ciudad anfitriona. La emoci\u00f3n est\u00e1 por las nubes.<\/span><\/p>\n<p class=\"cvGsUA direction-ltr align-start para-style-body\"><span class=\"OYPEnA font-feature-liga-off font-feature-clig-off font-feature-calt-off text-decoration-none text-strikethrough-none\"><img fetchpriority=\"high\" decoding=\"async\" class=\"size-medium wp-image-21284 alignleft\" src=\"https:\/\/www.visitamalfi.info\/wp-content\/uploads\/2025\/04\/WhatsApp-Image-2025-04-16-at-15.18.58-210x300.jpeg\" alt=\"\" width=\"210\" height=\"300\" srcset=\"https:\/\/www.visitamalfi.info\/wp-content\/uploads\/2025\/04\/WhatsApp-Image-2025-04-16-at-15.18.58-210x300.jpeg 210w, https:\/\/www.visitamalfi.info\/wp-content\/uploads\/2025\/04\/WhatsApp-Image-2025-04-16-at-15.18.58-717x1024.jpeg 717w, https:\/\/www.visitamalfi.info\/wp-content\/uploads\/2025\/04\/WhatsApp-Image-2025-04-16-at-15.18.58-768x1097.jpeg 768w, https:\/\/www.visitamalfi.info\/wp-content\/uploads\/2025\/04\/WhatsApp-Image-2025-04-16-at-15.18.58-1076x1536.jpeg 1076w, https:\/\/www.visitamalfi.info\/wp-content\/uploads\/2025\/04\/WhatsApp-Image-2025-04-16-at-15.18.58-555x790.jpeg 555w, https:\/\/www.visitamalfi.info\/wp-content\/uploads\/2025\/04\/WhatsApp-Image-2025-04-16-at-15.18.58.jpeg 1080w\" sizes=\"(max-width: 210px) 100vw, 210px\" \/>Hoy se presenta el nuevo <\/span><span class=\"OYPEnA font-feature-liga-off font-feature-clig-off font-feature-calt-off text-decoration-none text-strikethrough-none\">dise\u00f1o gr\u00e1fico oficial<\/span><span class=\"OYPEnA font-feature-liga-off font-feature-clig-off font-feature-calt-off text-decoration-none text-strikethrough-none\">: <\/span><span class=\"OYPEnA font-feature-liga-off font-feature-clig-off font-feature-calt-off text-decoration-none text-strikethrough-none\">cuatro remeros estilizados de color azul, que representan a las cuatro Rep\u00fablicas<\/span><span class=\"OYPEnA font-feature-liga-off font-feature-clig-off font-feature-calt-off text-decoration-none text-strikethrough-none\"> Mar\u00edtima, hoy m\u00e1s unida que nunca. Una imagen a la vez moderna y simb\u00f3lica, pero profundamente arraigada en la tradici\u00f3n. La elecci\u00f3n fue retomar -simb\u00f3licamente- la de 1957, cuando se represent\u00f3 a un solo remero superpuesto a las banderas de las ciudades competidoras.<\/span><\/p>\n<p class=\"cvGsUA direction-ltr align-center para-style-body\"><strong><span class=\"OYPEnA font-feature-liga-off font-feature-clig-off font-feature-calt-off text-decoration-none text-strikethrough-none\">\u00bfD\u00f3nde competir\u00e1n?<\/span><\/strong><\/p>\n<p class=\"cvGsUA direction-ltr align-start para-style-body\"><span class=\"OYPEnA font-feature-liga-off font-feature-clig-off font-feature-calt-off text-decoration-none text-strikethrough-none\">La regata tendr\u00e1 lugar en el tramo de agua entre el <\/span><span class=\"OYPEnA font-feature-liga-off font-feature-clig-off font-feature-calt-off text-decoration-none text-strikethrough-none\"><strong>Capo di Vettica<\/strong> y la <strong>bah\u00eda de Amalfi<\/strong><\/span><span class=\"OYPEnA font-feature-liga-off font-feature-clig-off font-feature-calt-off text-decoration-none text-strikethrough-none\">un impresionante escenario natural que har\u00e1 a\u00fan m\u00e1s hermoso el desaf\u00edo de remar. Los barcos, totalmente id\u00e9nticos en forma y tama\u00f1o, competir\u00e1n en una regata que no es s\u00f3lo una competici\u00f3n, sino el s\u00edmbolo de un v\u00ednculo redescubierto.<\/span><\/p>\n<p class=\"cvGsUA direction-ltr align-center para-style-body\"><strong><span class=\"OYPEnA font-feature-liga-off font-feature-clig-off font-feature-calt-off text-decoration-none text-strikethrough-none\">Amalfi in festa: entre exposiciones, m\u00fasica y cultura<\/span><\/strong><\/p>\n<p class=\"cvGsUA direction-ltr align-start para-style-body\"><span class=\"OYPEnA font-feature-liga-off font-feature-clig-off font-feature-calt-off text-decoration-none text-strikethrough-none\">Como es tradici\u00f3n, la Regata ir\u00e1 acompa\u00f1ada de eventos paralelos ineludibles, planeados para hacer memorable este momento de convivencia y cultura.<\/span><\/p>\n<p class=\"cvGsUA direction-ltr align-start para-style-body\"><span class=\"OYPEnA font-feature-liga-off font-feature-clig-off font-feature-calt-off text-decoration-none text-strikethrough-none\">Estos incluyen una <\/span><strong><span class=\"OYPEnA font-feature-liga-off font-feature-clig-off font-feature-calt-off text-decoration-none text-strikethrough-none\">exposici\u00f3n <\/span><\/strong><span class=\"OYPEnA font-feature-liga-off font-feature-clig-off font-feature-calt-off text-decoration-none text-strikethrough-none\">emocionante y evocadora <\/span><strong><span class=\"OYPEnA font-feature-liga-off font-feature-clig-off font-feature-calt-off text-decoration-none text-strikethrough-none\">de los carteles que celebran las 70 ediciones de la Regata<\/span><\/strong><span class=\"OYPEnA font-feature-liga-off font-feature-clig-off font-feature-calt-off text-decoration-none text-strikethrough-none\">un verdadero viaje emocional y visual a trav\u00e9s de la evoluci\u00f3n -tambi\u00e9n gr\u00e1fica- del evento.<\/span><\/p>\n<p class=\"cvGsUA direction-ltr align-start para-style-body\"><span class=\"OYPEnA font-feature-liga-off font-feature-clig-off font-feature-calt-off text-decoration-none text-strikethrough-none\">No faltar\u00e1n momentos festivos que involucren a toda la ciudad y a los visitantes, transformando Amalfi en un gran teatro al aire libre.<\/span><\/p>\n<p class=\"cvGsUA direction-ltr align-center para-style-body\"><strong><span class=\"OYPEnA font-feature-liga-off font-feature-clig-off font-feature-calt-off text-decoration-none text-strikethrough-none\">Un desaf\u00edo en las olas<\/span><\/strong><\/p>\n<p class=\"cvGsUA direction-ltr align-start para-style-body\"><span class=\"OYPEnA font-feature-liga-off font-feature-clig-off font-feature-calt-off text-decoration-none text-strikethrough-none\">Hoy, las Rep\u00fablicas Mar\u00edtimas han dejado de lado antiguas rivalidades, dejando espacio \u00fanica y exclusivamente a los valores de compartir y fraternidad.<\/span><\/p>\n<p class=\"cvGsUA direction-ltr align-start para-style-body\"><span class=\"OYPEnA font-feature-liga-off font-feature-clig-off font-feature-calt-off text-decoration-none text-strikethrough-none\">Historia, cultura, deporte y unidad ser\u00e1n los protagonistas de esta 70\u00aa edici\u00f3n.<\/span><\/p>\n<p class=\"cvGsUA direction-ltr align-start para-style-body\"><span class=\"OYPEnA font-feature-liga-off font-feature-clig-off font-feature-calt-off text-decoration-none text-strikethrough-none\">Amalfi est\u00e1 lista. Las pancartas se expondr\u00e1n en breve. Las emociones est\u00e1n a flor de piel.<\/span><\/p>\n<p class=\"cvGsUA direction-ltr align-start para-style-body\"><span class=\"OYPEnA font-feature-liga-off font-feature-clig-off font-feature-calt-off text-decoration-none text-strikethrough-none\">S\u00f3lo queda dejarse llevar por el ritmo de los remos, el calor de la multitud y la llamada del mar.<\/span><\/p>\n<p class=\"cvGsUA direction-ltr align-start para-style-body\"><span class=\"OYPEnA font-feature-liga-off font-feature-clig-off font-feature-calt-off text-decoration-none text-strikethrough-none\"><strong>Reserva la fecha:<\/strong><\/span><\/p>\n<p><span class=\"OYPEnA font-feature-liga-off font-feature-clig-off font-feature-calt-off text-decoration-none text-strikethrough-none\">Amalfi | <\/span><span class=\"OYPEnA font-feature-liga-off font-feature-clig-off font-feature-calt-off text-decoration-none text-strikethrough-none\">Domingo 18 de mayo de 2025<\/span><\/p>\n<p><span class=\"OYPEnA font-feature-liga-off font-feature-clig-off font-feature-calt-off text-decoration-none text-strikethrough-none\">70\u00aa Regata Hist\u00f3rica de las Rep\u00fablicas Mar\u00edtimas<\/span><\/p>\n<p class=\"cvGsUA direction-ltr align-start para-style-body\"><em><span class=\"OYPEnA font-feature-liga-off font-feature-clig-off font-feature-calt-off text-decoration-none text-strikethrough-none\">-Una historia que lleva 70 a\u00f1os navegando.<\/span><\/em><\/p>\n","protected":false},"excerpt":{"rendered":"<p>El mar est\u00e1 en el centro de este espect\u00e1culo, como el m\u00e1s bello escenario, las multitudes de aficionados -amalfitanos y no- llenan el horizonte de la ciudad, y cada rinc\u00f3n [&hellip;]<\/p>\n","protected":false},"author":7,"featured_media":20037,"comment_status":"open","ping_status":"closed","sticky":false,"template":"","format":"standard","meta":{"inline_featured_image":false,"footnotes":""},"categories":[822,823,824],"tags":[1939],"class_list":["post-21293","post","type-post","status-publish","format-standard","has-post-thumbnail","hentry","category-eventos","category-historia","category-tradicion","tag-regata-historica"],"yoast_head":"<!-- This site is optimized with the Yoast SEO plugin v27.3 - https:\/\/yoast.com\/product\/yoast-seo-wordpress\/ -->\n<title>Una historia que lleva 70 a\u00f1os navegando: Amalfi acoge la 70\u00aa Regata de las Rep\u00fablicas Mar\u00edtimas - Visit Amalfi<\/title>\n<meta name=\"robots\" content=\"index, follow, max-snippet:-1, max-image-preview:large, max-video-preview:-1\" \/>\n<link rel=\"canonical\" href=\"https:\/\/www.visitamalfi.info\/es\/una-historia-que-lleva-70-anos-navegando-amalfi-acoge-la-70a-regata-de-las-republicas-maritimas\/\" \/>\n<meta property=\"og:locale\" content=\"es_ES\" \/>\n<meta property=\"og:type\" content=\"article\" \/>\n<meta property=\"og:title\" content=\"Una historia que lleva 70 a\u00f1os navegando: Amalfi acoge la 70\u00aa Regata de las Rep\u00fablicas Mar\u00edtimas - Visit Amalfi\" \/>\n<meta property=\"og:description\" content=\"El mar est\u00e1 en el centro de este espect\u00e1culo, como el m\u00e1s bello escenario, las multitudes de aficionados -amalfitanos y no- llenan el horizonte de la ciudad, y cada rinc\u00f3n [&hellip;]\" \/>\n<meta property=\"og:url\" content=\"https:\/\/www.visitamalfi.info\/es\/una-historia-que-lleva-70-anos-navegando-amalfi-acoge-la-70a-regata-de-las-republicas-maritimas\/\" \/>\n<meta property=\"og:site_name\" content=\"Visit Amalfi\" \/>\n<meta property=\"article:publisher\" content=\"https:\/\/www.facebook.com\/visitamalfiofficial\" \/>\n<meta property=\"article:published_time\" content=\"2025-04-16T15:26:10+00:00\" \/>\n<meta property=\"og:image\" content=\"https:\/\/www.visitamalfi.info\/wp-content\/uploads\/2024\/10\/1.jpg\" \/>\n\t<meta property=\"og:image:width\" content=\"1920\" \/>\n\t<meta property=\"og:image:height\" content=\"1280\" \/>\n\t<meta property=\"og:image:type\" content=\"image\/jpeg\" \/>\n<meta name=\"author\" content=\"Federica Dumont\" \/>\n<meta name=\"twitter:card\" content=\"summary_large_image\" \/>\n<meta name=\"twitter:label1\" content=\"Escrito por\" \/>\n\t<meta name=\"twitter:data1\" content=\"Federica Dumont\" \/>\n\t<meta name=\"twitter:label2\" content=\"Tiempo de lectura\" \/>\n\t<meta name=\"twitter:data2\" content=\"3 minutos\" \/>\n<script type=\"application\/ld+json\" class=\"yoast-schema-graph\">{\"@context\":\"https:\\\/\\\/schema.org\",\"@graph\":[{\"@type\":\"Article\",\"@id\":\"https:\\\/\\\/www.visitamalfi.info\\\/es\\\/una-historia-que-lleva-70-anos-navegando-amalfi-acoge-la-70a-regata-de-las-republicas-maritimas\\\/#article\",\"isPartOf\":{\"@id\":\"https:\\\/\\\/www.visitamalfi.info\\\/es\\\/una-historia-que-lleva-70-anos-navegando-amalfi-acoge-la-70a-regata-de-las-republicas-maritimas\\\/\"},\"author\":{\"name\":\"Federica Dumont\",\"@id\":\"https:\\\/\\\/www.visitamalfi.info\\\/es\\\/#\\\/schema\\\/person\\\/0c7584af846d5d2da6c69f7e68f3af96\"},\"headline\":\"Una historia que lleva 70 a\u00f1os navegando: Amalfi acoge la 70\u00aa Regata de las Rep\u00fablicas Mar\u00edtimas\",\"datePublished\":\"2025-04-16T15:26:10+00:00\",\"mainEntityOfPage\":{\"@id\":\"https:\\\/\\\/www.visitamalfi.info\\\/es\\\/una-historia-que-lleva-70-anos-navegando-amalfi-acoge-la-70a-regata-de-las-republicas-maritimas\\\/\"},\"wordCount\":555,\"commentCount\":0,\"publisher\":{\"@id\":\"https:\\\/\\\/www.visitamalfi.info\\\/es\\\/#organization\"},\"image\":{\"@id\":\"https:\\\/\\\/www.visitamalfi.info\\\/es\\\/una-historia-que-lleva-70-anos-navegando-amalfi-acoge-la-70a-regata-de-las-republicas-maritimas\\\/#primaryimage\"},\"thumbnailUrl\":\"https:\\\/\\\/www.visitamalfi.info\\\/wp-content\\\/uploads\\\/2024\\\/10\\\/1.jpg\",\"keywords\":[\"regata hist\u00f3rica\"],\"articleSection\":[\"Eventos\",\"historia\",\"tradici\u00f3n\"],\"inLanguage\":\"es\",\"potentialAction\":[{\"@type\":\"CommentAction\",\"name\":\"Comment\",\"target\":[\"https:\\\/\\\/www.visitamalfi.info\\\/es\\\/una-historia-que-lleva-70-anos-navegando-amalfi-acoge-la-70a-regata-de-las-republicas-maritimas\\\/#respond\"]}]},{\"@type\":\"WebPage\",\"@id\":\"https:\\\/\\\/www.visitamalfi.info\\\/es\\\/una-historia-que-lleva-70-anos-navegando-amalfi-acoge-la-70a-regata-de-las-republicas-maritimas\\\/\",\"url\":\"https:\\\/\\\/www.visitamalfi.info\\\/es\\\/una-historia-que-lleva-70-anos-navegando-amalfi-acoge-la-70a-regata-de-las-republicas-maritimas\\\/\",\"name\":\"Una historia que lleva 70 a\u00f1os navegando: Amalfi acoge la 70\u00aa Regata de las Rep\u00fablicas Mar\u00edtimas - Visit Amalfi\",\"isPartOf\":{\"@id\":\"https:\\\/\\\/www.visitamalfi.info\\\/es\\\/#website\"},\"primaryImageOfPage\":{\"@id\":\"https:\\\/\\\/www.visitamalfi.info\\\/es\\\/una-historia-que-lleva-70-anos-navegando-amalfi-acoge-la-70a-regata-de-las-republicas-maritimas\\\/#primaryimage\"},\"image\":{\"@id\":\"https:\\\/\\\/www.visitamalfi.info\\\/es\\\/una-historia-que-lleva-70-anos-navegando-amalfi-acoge-la-70a-regata-de-las-republicas-maritimas\\\/#primaryimage\"},\"thumbnailUrl\":\"https:\\\/\\\/www.visitamalfi.info\\\/wp-content\\\/uploads\\\/2024\\\/10\\\/1.jpg\",\"datePublished\":\"2025-04-16T15:26:10+00:00\",\"breadcrumb\":{\"@id\":\"https:\\\/\\\/www.visitamalfi.info\\\/es\\\/una-historia-que-lleva-70-anos-navegando-amalfi-acoge-la-70a-regata-de-las-republicas-maritimas\\\/#breadcrumb\"},\"inLanguage\":\"es\",\"potentialAction\":[{\"@type\":\"ReadAction\",\"target\":[\"https:\\\/\\\/www.visitamalfi.info\\\/es\\\/una-historia-que-lleva-70-anos-navegando-amalfi-acoge-la-70a-regata-de-las-republicas-maritimas\\\/\"]}]},{\"@type\":\"ImageObject\",\"inLanguage\":\"es\",\"@id\":\"https:\\\/\\\/www.visitamalfi.info\\\/es\\\/una-historia-que-lleva-70-anos-navegando-amalfi-acoge-la-70a-regata-de-las-republicas-maritimas\\\/#primaryimage\",\"url\":\"https:\\\/\\\/www.visitamalfi.info\\\/wp-content\\\/uploads\\\/2024\\\/10\\\/1.jpg\",\"contentUrl\":\"https:\\\/\\\/www.visitamalfi.info\\\/wp-content\\\/uploads\\\/2024\\\/10\\\/1.jpg\",\"width\":1920,\"height\":1280},{\"@type\":\"BreadcrumbList\",\"@id\":\"https:\\\/\\\/www.visitamalfi.info\\\/es\\\/una-historia-que-lleva-70-anos-navegando-amalfi-acoge-la-70a-regata-de-las-republicas-maritimas\\\/#breadcrumb\",\"itemListElement\":[{\"@type\":\"ListItem\",\"position\":1,\"name\":\"Home\",\"item\":\"https:\\\/\\\/www.visitamalfi.info\\\/es\\\/\"},{\"@type\":\"ListItem\",\"position\":2,\"name\":\"Una historia que lleva 70 a\u00f1os navegando: Amalfi acoge la 70\u00aa Regata de las Rep\u00fablicas Mar\u00edtimas\"}]},{\"@type\":\"WebSite\",\"@id\":\"https:\\\/\\\/www.visitamalfi.info\\\/es\\\/#website\",\"url\":\"https:\\\/\\\/www.visitamalfi.info\\\/es\\\/\",\"name\":\"Visit Amalfi\",\"description\":\"Amalfi Destination Official Website\",\"publisher\":{\"@id\":\"https:\\\/\\\/www.visitamalfi.info\\\/es\\\/#organization\"},\"potentialAction\":[{\"@type\":\"SearchAction\",\"target\":{\"@type\":\"EntryPoint\",\"urlTemplate\":\"https:\\\/\\\/www.visitamalfi.info\\\/es\\\/?s={search_term_string}\"},\"query-input\":{\"@type\":\"PropertyValueSpecification\",\"valueRequired\":true,\"valueName\":\"search_term_string\"}}],\"inLanguage\":\"es\"},{\"@type\":\"Organization\",\"@id\":\"https:\\\/\\\/www.visitamalfi.info\\\/es\\\/#organization\",\"name\":\"Visit Amalfi\",\"url\":\"https:\\\/\\\/www.visitamalfi.info\\\/es\\\/\",\"logo\":{\"@type\":\"ImageObject\",\"inLanguage\":\"es\",\"@id\":\"https:\\\/\\\/www.visitamalfi.info\\\/es\\\/#\\\/schema\\\/logo\\\/image\\\/\",\"url\":\"https:\\\/\\\/www.visitamalfi.info\\\/wp-content\\\/uploads\\\/2023\\\/04\\\/visit-amalfi-logo-web.png\",\"contentUrl\":\"https:\\\/\\\/www.visitamalfi.info\\\/wp-content\\\/uploads\\\/2023\\\/04\\\/visit-amalfi-logo-web.png\",\"width\":800,\"height\":870,\"caption\":\"Visit Amalfi\"},\"image\":{\"@id\":\"https:\\\/\\\/www.visitamalfi.info\\\/es\\\/#\\\/schema\\\/logo\\\/image\\\/\"},\"sameAs\":[\"https:\\\/\\\/www.facebook.com\\\/visitamalfiofficial\",\"https:\\\/\\\/www.instagram.com\\\/visitamalfiofficial\\\/\"]},{\"@type\":\"Person\",\"@id\":\"https:\\\/\\\/www.visitamalfi.info\\\/es\\\/#\\\/schema\\\/person\\\/0c7584af846d5d2da6c69f7e68f3af96\",\"name\":\"Federica Dumont\",\"image\":{\"@type\":\"ImageObject\",\"inLanguage\":\"es\",\"@id\":\"https:\\\/\\\/secure.gravatar.com\\\/avatar\\\/0803dab414b6c6f1fd2399680f587870a020419b6ebe9d36dd75df06a6a68060?s=96&d=mm&r=g\",\"url\":\"https:\\\/\\\/secure.gravatar.com\\\/avatar\\\/0803dab414b6c6f1fd2399680f587870a020419b6ebe9d36dd75df06a6a68060?s=96&d=mm&r=g\",\"contentUrl\":\"https:\\\/\\\/secure.gravatar.com\\\/avatar\\\/0803dab414b6c6f1fd2399680f587870a020419b6ebe9d36dd75df06a6a68060?s=96&d=mm&r=g\",\"caption\":\"Federica Dumont\"},\"url\":\"https:\\\/\\\/www.visitamalfi.info\\\/es\\\/author\\\/federica\\\/\"}]}<\/script>\n<!-- \/ Yoast SEO plugin. -->","yoast_head_json":{"title":"Una historia que lleva 70 a\u00f1os navegando: Amalfi acoge la 70\u00aa Regata de las Rep\u00fablicas Mar\u00edtimas - Visit Amalfi","robots":{"index":"index","follow":"follow","max-snippet":"max-snippet:-1","max-image-preview":"max-image-preview:large","max-video-preview":"max-video-preview:-1"},"canonical":"https:\/\/www.visitamalfi.info\/es\/una-historia-que-lleva-70-anos-navegando-amalfi-acoge-la-70a-regata-de-las-republicas-maritimas\/","og_locale":"es_ES","og_type":"article","og_title":"Una historia que lleva 70 a\u00f1os navegando: Amalfi acoge la 70\u00aa Regata de las Rep\u00fablicas Mar\u00edtimas - Visit Amalfi","og_description":"El mar est\u00e1 en el centro de este espect\u00e1culo, como el m\u00e1s bello escenario, las multitudes de aficionados -amalfitanos y no- llenan el horizonte de la ciudad, y cada rinc\u00f3n [&hellip;]","og_url":"https:\/\/www.visitamalfi.info\/es\/una-historia-que-lleva-70-anos-navegando-amalfi-acoge-la-70a-regata-de-las-republicas-maritimas\/","og_site_name":"Visit Amalfi","article_publisher":"https:\/\/www.facebook.com\/visitamalfiofficial","article_published_time":"2025-04-16T15:26:10+00:00","og_image":[{"width":1920,"height":1280,"url":"https:\/\/www.visitamalfi.info\/wp-content\/uploads\/2024\/10\/1.jpg","type":"image\/jpeg"}],"author":"Federica Dumont","twitter_card":"summary_large_image","twitter_misc":{"Escrito por":"Federica Dumont","Tiempo de lectura":"3 minutos"},"schema":{"@context":"https:\/\/schema.org","@graph":[{"@type":"Article","@id":"https:\/\/www.visitamalfi.info\/es\/una-historia-que-lleva-70-anos-navegando-amalfi-acoge-la-70a-regata-de-las-republicas-maritimas\/#article","isPartOf":{"@id":"https:\/\/www.visitamalfi.info\/es\/una-historia-que-lleva-70-anos-navegando-amalfi-acoge-la-70a-regata-de-las-republicas-maritimas\/"},"author":{"name":"Federica Dumont","@id":"https:\/\/www.visitamalfi.info\/es\/#\/schema\/person\/0c7584af846d5d2da6c69f7e68f3af96"},"headline":"Una historia que lleva 70 a\u00f1os navegando: Amalfi acoge la 70\u00aa Regata de las Rep\u00fablicas Mar\u00edtimas","datePublished":"2025-04-16T15:26:10+00:00","mainEntityOfPage":{"@id":"https:\/\/www.visitamalfi.info\/es\/una-historia-que-lleva-70-anos-navegando-amalfi-acoge-la-70a-regata-de-las-republicas-maritimas\/"},"wordCount":555,"commentCount":0,"publisher":{"@id":"https:\/\/www.visitamalfi.info\/es\/#organization"},"image":{"@id":"https:\/\/www.visitamalfi.info\/es\/una-historia-que-lleva-70-anos-navegando-amalfi-acoge-la-70a-regata-de-las-republicas-maritimas\/#primaryimage"},"thumbnailUrl":"https:\/\/www.visitamalfi.info\/wp-content\/uploads\/2024\/10\/1.jpg","keywords":["regata hist\u00f3rica"],"articleSection":["Eventos","historia","tradici\u00f3n"],"inLanguage":"es","potentialAction":[{"@type":"CommentAction","name":"Comment","target":["https:\/\/www.visitamalfi.info\/es\/una-historia-que-lleva-70-anos-navegando-amalfi-acoge-la-70a-regata-de-las-republicas-maritimas\/#respond"]}]},{"@type":"WebPage","@id":"https:\/\/www.visitamalfi.info\/es\/una-historia-que-lleva-70-anos-navegando-amalfi-acoge-la-70a-regata-de-las-republicas-maritimas\/","url":"https:\/\/www.visitamalfi.info\/es\/una-historia-que-lleva-70-anos-navegando-amalfi-acoge-la-70a-regata-de-las-republicas-maritimas\/","name":"Una historia que lleva 70 a\u00f1os navegando: Amalfi acoge la 70\u00aa Regata de las Rep\u00fablicas Mar\u00edtimas - Visit Amalfi","isPartOf":{"@id":"https:\/\/www.visitamalfi.info\/es\/#website"},"primaryImageOfPage":{"@id":"https:\/\/www.visitamalfi.info\/es\/una-historia-que-lleva-70-anos-navegando-amalfi-acoge-la-70a-regata-de-las-republicas-maritimas\/#primaryimage"},"image":{"@id":"https:\/\/www.visitamalfi.info\/es\/una-historia-que-lleva-70-anos-navegando-amalfi-acoge-la-70a-regata-de-las-republicas-maritimas\/#primaryimage"},"thumbnailUrl":"https:\/\/www.visitamalfi.info\/wp-content\/uploads\/2024\/10\/1.jpg","datePublished":"2025-04-16T15:26:10+00:00","breadcrumb":{"@id":"https:\/\/www.visitamalfi.info\/es\/una-historia-que-lleva-70-anos-navegando-amalfi-acoge-la-70a-regata-de-las-republicas-maritimas\/#breadcrumb"},"inLanguage":"es","potentialAction":[{"@type":"ReadAction","target":["https:\/\/www.visitamalfi.info\/es\/una-historia-que-lleva-70-anos-navegando-amalfi-acoge-la-70a-regata-de-las-republicas-maritimas\/"]}]},{"@type":"ImageObject","inLanguage":"es","@id":"https:\/\/www.visitamalfi.info\/es\/una-historia-que-lleva-70-anos-navegando-amalfi-acoge-la-70a-regata-de-las-republicas-maritimas\/#primaryimage","url":"https:\/\/www.visitamalfi.info\/wp-content\/uploads\/2024\/10\/1.jpg","contentUrl":"https:\/\/www.visitamalfi.info\/wp-content\/uploads\/2024\/10\/1.jpg","width":1920,"height":1280},{"@type":"BreadcrumbList","@id":"https:\/\/www.visitamalfi.info\/es\/una-historia-que-lleva-70-anos-navegando-amalfi-acoge-la-70a-regata-de-las-republicas-maritimas\/#breadcrumb","itemListElement":[{"@type":"ListItem","position":1,"name":"Home","item":"https:\/\/www.visitamalfi.info\/es\/"},{"@type":"ListItem","position":2,"name":"Una historia que lleva 70 a\u00f1os navegando: Amalfi acoge la 70\u00aa Regata de las Rep\u00fablicas Mar\u00edtimas"}]},{"@type":"WebSite","@id":"https:\/\/www.visitamalfi.info\/es\/#website","url":"https:\/\/www.visitamalfi.info\/es\/","name":"Visit Amalfi","description":"Amalfi Destination Official Website","publisher":{"@id":"https:\/\/www.visitamalfi.info\/es\/#organization"},"potentialAction":[{"@type":"SearchAction","target":{"@type":"EntryPoint","urlTemplate":"https:\/\/www.visitamalfi.info\/es\/?s={search_term_string}"},"query-input":{"@type":"PropertyValueSpecification","valueRequired":true,"valueName":"search_term_string"}}],"inLanguage":"es"},{"@type":"Organization","@id":"https:\/\/www.visitamalfi.info\/es\/#organization","name":"Visit Amalfi","url":"https:\/\/www.visitamalfi.info\/es\/","logo":{"@type":"ImageObject","inLanguage":"es","@id":"https:\/\/www.visitamalfi.info\/es\/#\/schema\/logo\/image\/","url":"https:\/\/www.visitamalfi.info\/wp-content\/uploads\/2023\/04\/visit-amalfi-logo-web.png","contentUrl":"https:\/\/www.visitamalfi.info\/wp-content\/uploads\/2023\/04\/visit-amalfi-logo-web.png","width":800,"height":870,"caption":"Visit Amalfi"},"image":{"@id":"https:\/\/www.visitamalfi.info\/es\/#\/schema\/logo\/image\/"},"sameAs":["https:\/\/www.facebook.com\/visitamalfiofficial","https:\/\/www.instagram.com\/visitamalfiofficial\/"]},{"@type":"Person","@id":"https:\/\/www.visitamalfi.info\/es\/#\/schema\/person\/0c7584af846d5d2da6c69f7e68f3af96","name":"Federica Dumont","image":{"@type":"ImageObject","inLanguage":"es","@id":"https:\/\/secure.gravatar.com\/avatar\/0803dab414b6c6f1fd2399680f587870a020419b6ebe9d36dd75df06a6a68060?s=96&d=mm&r=g","url":"https:\/\/secure.gravatar.com\/avatar\/0803dab414b6c6f1fd2399680f587870a020419b6ebe9d36dd75df06a6a68060?s=96&d=mm&r=g","contentUrl":"https:\/\/secure.gravatar.com\/avatar\/0803dab414b6c6f1fd2399680f587870a020419b6ebe9d36dd75df06a6a68060?s=96&d=mm&r=g","caption":"Federica Dumont"},"url":"https:\/\/www.visitamalfi.info\/es\/author\/federica\/"}]}},"_links":{"self":[{"href":"https:\/\/www.visitamalfi.info\/es\/wp-json\/wp\/v2\/posts\/21293","targetHints":{"allow":["GET"]}}],"collection":[{"href":"https:\/\/www.visitamalfi.info\/es\/wp-json\/wp\/v2\/posts"}],"about":[{"href":"https:\/\/www.visitamalfi.info\/es\/wp-json\/wp\/v2\/types\/post"}],"author":[{"embeddable":true,"href":"https:\/\/www.visitamalfi.info\/es\/wp-json\/wp\/v2\/users\/7"}],"replies":[{"embeddable":true,"href":"https:\/\/www.visitamalfi.info\/es\/wp-json\/wp\/v2\/comments?post=21293"}],"version-history":[{"count":0,"href":"https:\/\/www.visitamalfi.info\/es\/wp-json\/wp\/v2\/posts\/21293\/revisions"}],"wp:featuredmedia":[{"embeddable":true,"href":"https:\/\/www.visitamalfi.info\/es\/wp-json\/wp\/v2\/media\/20037"}],"wp:attachment":[{"href":"https:\/\/www.visitamalfi.info\/es\/wp-json\/wp\/v2\/media?parent=21293"}],"wp:term":[{"taxonomy":"category","embeddable":true,"href":"https:\/\/www.visitamalfi.info\/es\/wp-json\/wp\/v2\/categories?post=21293"},{"taxonomy":"post_tag","embeddable":true,"href":"https:\/\/www.visitamalfi.info\/es\/wp-json\/wp\/v2\/tags?post=21293"}],"curies":[{"name":"wp","href":"https:\/\/api.w.org\/{rel}","templated":true}]}}