{"id":21019,"date":"2025-02-26T16:00:14","date_gmt":"2025-02-26T15:00:14","guid":{"rendered":"https:\/\/www.visitamalfi.info\/el-palacio-san-benedetto-de-amalfi-su-historia-y-su-nuevo-aspecto\/"},"modified":"2025-02-26T16:00:14","modified_gmt":"2025-02-26T15:00:14","slug":"el-palacio-san-benedetto-de-amalfi-su-historia-y-su-nuevo-aspecto","status":"publish","type":"post","link":"https:\/\/www.visitamalfi.info\/es\/el-palacio-san-benedetto-de-amalfi-su-historia-y-su-nuevo-aspecto\/","title":{"rendered":"El Palacio San Benedetto de Amalfi: su historia y su nuevo aspecto."},"content":{"rendered":"<p class=\"cvGsUA direction-ltr align-start para-style-body\"><span class=\"OYPEnA font-feature-liga-off font-feature-clig-off font-feature-calt-off text-decoration-none text-strikethrough-none\">Amalfi, joya enclavada en el espectacular marco de la Costa Amalfitana, es depositaria de numerosos tesoros de incalculable valor arquitect\u00f3nico, art\u00edstico, hist\u00f3rico y cultural. Hoy te hablamos del <a href=\"https:\/\/www.visitamalfi.info\/poi\/palazzo-san-benedetto\/\"><strong>Palacio San Benedetto<\/strong><\/a>un edificio que cuenta siglos de historia, entrelazando su evoluci\u00f3n arquitect\u00f3nica con los acontecimientos de la ciudad.<\/span> <span class=\"OYPEnA font-feature-liga-off font-feature-clig-off font-feature-calt-off text-decoration-none text-strikethrough-none\">El palacio de San Benedetto, actual sede municipal, fue fundado en 1580 como<strong>&#8220;Monasterio de Mujeres Nobles<\/strong>&#8221; de la Sant\u00edsima Trinidad.<\/span><\/p>\n<p>&nbsp;<\/p>\n<p class=\"cvGsUA direction-ltr align-start para-style-body\"><strong><span class=\"OYPEnA font-feature-liga-off font-feature-clig-off font-feature-calt-off text-decoration-none text-strikethrough-none\">Or\u00edgenes mon\u00e1sticos:<\/span><\/strong><\/p>\n<p class=\"cvGsUA direction-ltr align-start para-style-body\"><span class=\"OYPEnA font-feature-liga-off font-feature-clig-off font-feature-calt-off text-decoration-none text-strikethrough-none\">Su fundaci\u00f3n surgi\u00f3 de la necesidad de reunir en un solo complejo a monjas de otros complejos benedictinos que se estaban desmantelando, por lo que naci\u00f3 como parte de un monasterio benedictino femenino.<\/span><\/p>\n<p class=\"cvGsUA direction-ltr align-start para-style-body\"><span class=\"OYPEnA font-feature-liga-off font-feature-clig-off font-feature-calt-off text-decoration-none text-strikethrough-none\">&#8220;.<em>.<\/em><\/span><span class=\"OYPEnA font-feature-liga-off font-feature-clig-off font-feature-calt-off text-decoration-none text-strikethrough-none\"><em>.en una \u00e9poca en que la Rep\u00fablica de Amalfi estaba en la cima de su poder\u00edo mar\u00edtimo, la vida religiosa desempe\u00f1aba un papel fundamental en la sociedad. El monasterio, dedicado a San Benito, acogi\u00f3 a monjas de noble linaje y contribuy\u00f3 a estrechar los lazos entre las familias aristocr\u00e1ticas y la Iglesia&#8230;<\/em>&#8220;<\/span><\/p>\n<p class=\"cvGsUA direction-ltr align-start para-style-body\"><strong><span class=\"OYPEnA font-feature-liga-off font-feature-clig-off font-feature-calt-off text-decoration-none text-strikethrough-none\">Caracter\u00edsticas:<\/span><\/strong><\/p>\n<p class=\"cvGsUA direction-ltr align-start para-style-body\"><span class=\"OYPEnA font-feature-liga-off font-feature-clig-off font-feature-calt-off text-decoration-none text-strikethrough-none\">La estructura se caracteriza por capillas laterales que albergan altares, pinturas y estatuas. El presbiterio tiene forma rectangular y est\u00e1 adornado por un tosello de estuco con dos pinturas superpuestas. En el siglo XVIII, la iglesia sufri\u00f3 una actualizaci\u00f3n estil\u00edstica de estilo barroco. El vest\u00edbulo conserva el presbiterio con los &#8220;jellies&#8221; para ocultar a las monjas. Un bonito suelo de baldosas, y el coro de las monjas con bancos de madera.<\/span><\/p>\n<p class=\"cvGsUA direction-ltr align-start para-style-body\"><strong><span class=\"OYPEnA font-feature-liga-off font-feature-clig-off font-feature-calt-off text-decoration-underline text-strikethrough-none\">La transformaci\u00f3n a trav\u00e9s de los siglos<\/span><span class=\"OYPEnA font-feature-liga-off font-feature-clig-off font-feature-calt-off text-strikethrough-none text-decoration-none\">:<\/span><\/strong><\/p>\n<p class=\"cvGsUA direction-ltr align-start para-style-body\"><span class=\"OYPEnA font-feature-liga-off font-feature-clig-off font-feature-calt-off text-decoration-none text-strikethrough-none\">Con el declive de la Rep\u00fablica Amalfitana, las instituciones religiosas tambi\u00e9n empezaron a sufrir cambios. En el periodo posterior a la unificaci\u00f3n, el monasterio fue perdiendo su funci\u00f3n original y el conjunto arquitect\u00f3nico se transform\u00f3, adapt\u00e1ndose a las nuevas necesidades civiles. <\/span><span class=\"OYPEnA font-feature-liga-off font-feature-clig-off font-feature-calt-off text-decoration-none text-strikethrough-none\">S\u00f3lo en las primeras d\u00e9cadas del siglo XX, tras diversos acontecimientos, se convirti\u00f3 en el Ayuntamiento.<\/span><\/p>\n<p class=\"cvGsUA direction-ltr align-start para-style-body\"><span class=\"OYPEnA font-feature-liga-off font-feature-clig-off font-feature-calt-off text-decoration-none text-strikethrough-none\">Hoy, el Palacio se prepara para acoger las obras de &#8220;<\/span><em><span class=\"OYPEnA font-feature-liga-off font-feature-clig-off font-feature-calt-off text-decoration-none text-strikethrough-none\">restauraci\u00f3n de la fachada deseada por la administraci\u00f3n municipal dirigida por el alcalde Daniele Milano, que incluye la recuperaci\u00f3n de las yeser\u00edas y la restauraci\u00f3n del panel de may\u00f3lica de Diodoro Cossa colocado en la pared que da al mar&#8230;<\/span><\/em><span class=\"OYPEnA font-feature-liga-off font-feature-clig-off font-feature-calt-off text-decoration-none text-strikethrough-none\">&#8220;<\/span><\/p>\n<p class=\"cvGsUA direction-ltr align-start para-style-body\">\n<p class=\"cvGsUA direction-ltr align-start para-style-body\"><span class=\"OYPEnA font-feature-liga-off font-feature-clig-off font-feature-calt-off text-decoration-none text-strikethrough-none\">El Palacio San Benedetto representa hoy un s\u00edmbolo de la capacidad de evoluci\u00f3n de Amalfi.<\/span><\/p>\n","protected":false},"excerpt":{"rendered":"<p>Amalfi, joya enclavada en el espectacular marco de la Costa Amalfitana, es depositaria de numerosos tesoros de incalculable valor arquitect\u00f3nico, art\u00edstico, hist\u00f3rico y cultural. Hoy te hablamos del Palacio San [&hellip;]<\/p>\n","protected":false},"author":7,"featured_media":14895,"comment_status":"open","ping_status":"closed","sticky":false,"template":"","format":"standard","meta":{"inline_featured_image":false,"footnotes":""},"categories":[263],"tags":[265,825,1925],"class_list":["post-21019","post","type-post","status-publish","format-standard","has-post-thumbnail","hentry","category-curiosidades","tag-amalfi-es","tag-historia","tag-palacio-de-san-benedetto"],"yoast_head":"<!-- This site is optimized with the Yoast SEO plugin v27.3 - https:\/\/yoast.com\/product\/yoast-seo-wordpress\/ -->\n<title>El Palacio San Benedetto de Amalfi: su historia y su nuevo aspecto. - Visit Amalfi<\/title>\n<meta name=\"robots\" content=\"index, follow, max-snippet:-1, max-image-preview:large, max-video-preview:-1\" \/>\n<link rel=\"canonical\" href=\"https:\/\/www.visitamalfi.info\/es\/el-palacio-san-benedetto-de-amalfi-su-historia-y-su-nuevo-aspecto\/\" \/>\n<meta property=\"og:locale\" content=\"es_ES\" \/>\n<meta property=\"og:type\" content=\"article\" \/>\n<meta property=\"og:title\" content=\"El Palacio San Benedetto de Amalfi: su historia y su nuevo aspecto. - Visit Amalfi\" \/>\n<meta property=\"og:description\" content=\"Amalfi, joya enclavada en el espectacular marco de la Costa Amalfitana, es depositaria de numerosos tesoros de incalculable valor arquitect\u00f3nico, art\u00edstico, hist\u00f3rico y cultural. Hoy te hablamos del Palacio San [&hellip;]\" \/>\n<meta property=\"og:url\" content=\"https:\/\/www.visitamalfi.info\/es\/el-palacio-san-benedetto-de-amalfi-su-historia-y-su-nuevo-aspecto\/\" \/>\n<meta property=\"og:site_name\" content=\"Visit Amalfi\" \/>\n<meta property=\"article:publisher\" content=\"https:\/\/www.facebook.com\/visitamalfiofficial\" \/>\n<meta property=\"article:published_time\" content=\"2025-02-26T15:00:14+00:00\" \/>\n<meta property=\"og:image\" content=\"https:\/\/www.visitamalfi.info\/wp-content\/uploads\/2024\/03\/DSC02628.jpg\" \/>\n\t<meta property=\"og:image:width\" content=\"1920\" \/>\n\t<meta property=\"og:image:height\" content=\"1280\" \/>\n\t<meta property=\"og:image:type\" content=\"image\/jpeg\" \/>\n<meta name=\"author\" content=\"Federica Dumont\" \/>\n<meta name=\"twitter:card\" content=\"summary_large_image\" \/>\n<meta name=\"twitter:label1\" content=\"Escrito por\" \/>\n\t<meta name=\"twitter:data1\" content=\"Federica Dumont\" \/>\n\t<meta name=\"twitter:label2\" content=\"Tiempo de lectura\" \/>\n\t<meta name=\"twitter:data2\" content=\"2 minutos\" \/>\n<script type=\"application\/ld+json\" class=\"yoast-schema-graph\">{\"@context\":\"https:\\\/\\\/schema.org\",\"@graph\":[{\"@type\":\"Article\",\"@id\":\"https:\\\/\\\/www.visitamalfi.info\\\/es\\\/el-palacio-san-benedetto-de-amalfi-su-historia-y-su-nuevo-aspecto\\\/#article\",\"isPartOf\":{\"@id\":\"https:\\\/\\\/www.visitamalfi.info\\\/es\\\/el-palacio-san-benedetto-de-amalfi-su-historia-y-su-nuevo-aspecto\\\/\"},\"author\":{\"name\":\"Federica Dumont\",\"@id\":\"https:\\\/\\\/www.visitamalfi.info\\\/es\\\/#\\\/schema\\\/person\\\/0c7584af846d5d2da6c69f7e68f3af96\"},\"headline\":\"El Palacio San Benedetto de Amalfi: su historia y su nuevo aspecto.\",\"datePublished\":\"2025-02-26T15:00:14+00:00\",\"mainEntityOfPage\":{\"@id\":\"https:\\\/\\\/www.visitamalfi.info\\\/es\\\/el-palacio-san-benedetto-de-amalfi-su-historia-y-su-nuevo-aspecto\\\/\"},\"wordCount\":405,\"commentCount\":0,\"publisher\":{\"@id\":\"https:\\\/\\\/www.visitamalfi.info\\\/es\\\/#organization\"},\"image\":{\"@id\":\"https:\\\/\\\/www.visitamalfi.info\\\/es\\\/el-palacio-san-benedetto-de-amalfi-su-historia-y-su-nuevo-aspecto\\\/#primaryimage\"},\"thumbnailUrl\":\"https:\\\/\\\/www.visitamalfi.info\\\/wp-content\\\/uploads\\\/2024\\\/03\\\/DSC02628.jpg\",\"keywords\":[\"amalfi\",\"historia\",\"palacio de san benedetto\"],\"articleSection\":[\"Curiosidades\"],\"inLanguage\":\"es\",\"potentialAction\":[{\"@type\":\"CommentAction\",\"name\":\"Comment\",\"target\":[\"https:\\\/\\\/www.visitamalfi.info\\\/es\\\/el-palacio-san-benedetto-de-amalfi-su-historia-y-su-nuevo-aspecto\\\/#respond\"]}]},{\"@type\":\"WebPage\",\"@id\":\"https:\\\/\\\/www.visitamalfi.info\\\/es\\\/el-palacio-san-benedetto-de-amalfi-su-historia-y-su-nuevo-aspecto\\\/\",\"url\":\"https:\\\/\\\/www.visitamalfi.info\\\/es\\\/el-palacio-san-benedetto-de-amalfi-su-historia-y-su-nuevo-aspecto\\\/\",\"name\":\"El Palacio San Benedetto de Amalfi: su historia y su nuevo aspecto. - Visit Amalfi\",\"isPartOf\":{\"@id\":\"https:\\\/\\\/www.visitamalfi.info\\\/es\\\/#website\"},\"primaryImageOfPage\":{\"@id\":\"https:\\\/\\\/www.visitamalfi.info\\\/es\\\/el-palacio-san-benedetto-de-amalfi-su-historia-y-su-nuevo-aspecto\\\/#primaryimage\"},\"image\":{\"@id\":\"https:\\\/\\\/www.visitamalfi.info\\\/es\\\/el-palacio-san-benedetto-de-amalfi-su-historia-y-su-nuevo-aspecto\\\/#primaryimage\"},\"thumbnailUrl\":\"https:\\\/\\\/www.visitamalfi.info\\\/wp-content\\\/uploads\\\/2024\\\/03\\\/DSC02628.jpg\",\"datePublished\":\"2025-02-26T15:00:14+00:00\",\"breadcrumb\":{\"@id\":\"https:\\\/\\\/www.visitamalfi.info\\\/es\\\/el-palacio-san-benedetto-de-amalfi-su-historia-y-su-nuevo-aspecto\\\/#breadcrumb\"},\"inLanguage\":\"es\",\"potentialAction\":[{\"@type\":\"ReadAction\",\"target\":[\"https:\\\/\\\/www.visitamalfi.info\\\/es\\\/el-palacio-san-benedetto-de-amalfi-su-historia-y-su-nuevo-aspecto\\\/\"]}]},{\"@type\":\"ImageObject\",\"inLanguage\":\"es\",\"@id\":\"https:\\\/\\\/www.visitamalfi.info\\\/es\\\/el-palacio-san-benedetto-de-amalfi-su-historia-y-su-nuevo-aspecto\\\/#primaryimage\",\"url\":\"https:\\\/\\\/www.visitamalfi.info\\\/wp-content\\\/uploads\\\/2024\\\/03\\\/DSC02628.jpg\",\"contentUrl\":\"https:\\\/\\\/www.visitamalfi.info\\\/wp-content\\\/uploads\\\/2024\\\/03\\\/DSC02628.jpg\",\"width\":1920,\"height\":1280,\"caption\":\"Amalfi_Palazzo San Benedetto\"},{\"@type\":\"BreadcrumbList\",\"@id\":\"https:\\\/\\\/www.visitamalfi.info\\\/es\\\/el-palacio-san-benedetto-de-amalfi-su-historia-y-su-nuevo-aspecto\\\/#breadcrumb\",\"itemListElement\":[{\"@type\":\"ListItem\",\"position\":1,\"name\":\"Home\",\"item\":\"https:\\\/\\\/www.visitamalfi.info\\\/es\\\/\"},{\"@type\":\"ListItem\",\"position\":2,\"name\":\"El Palacio San Benedetto de Amalfi: su historia y su nuevo aspecto.\"}]},{\"@type\":\"WebSite\",\"@id\":\"https:\\\/\\\/www.visitamalfi.info\\\/es\\\/#website\",\"url\":\"https:\\\/\\\/www.visitamalfi.info\\\/es\\\/\",\"name\":\"Visit Amalfi\",\"description\":\"Amalfi Destination Official Website\",\"publisher\":{\"@id\":\"https:\\\/\\\/www.visitamalfi.info\\\/es\\\/#organization\"},\"potentialAction\":[{\"@type\":\"SearchAction\",\"target\":{\"@type\":\"EntryPoint\",\"urlTemplate\":\"https:\\\/\\\/www.visitamalfi.info\\\/es\\\/?s={search_term_string}\"},\"query-input\":{\"@type\":\"PropertyValueSpecification\",\"valueRequired\":true,\"valueName\":\"search_term_string\"}}],\"inLanguage\":\"es\"},{\"@type\":\"Organization\",\"@id\":\"https:\\\/\\\/www.visitamalfi.info\\\/es\\\/#organization\",\"name\":\"Visit Amalfi\",\"url\":\"https:\\\/\\\/www.visitamalfi.info\\\/es\\\/\",\"logo\":{\"@type\":\"ImageObject\",\"inLanguage\":\"es\",\"@id\":\"https:\\\/\\\/www.visitamalfi.info\\\/es\\\/#\\\/schema\\\/logo\\\/image\\\/\",\"url\":\"https:\\\/\\\/www.visitamalfi.info\\\/wp-content\\\/uploads\\\/2023\\\/04\\\/visit-amalfi-logo-web.png\",\"contentUrl\":\"https:\\\/\\\/www.visitamalfi.info\\\/wp-content\\\/uploads\\\/2023\\\/04\\\/visit-amalfi-logo-web.png\",\"width\":800,\"height\":870,\"caption\":\"Visit Amalfi\"},\"image\":{\"@id\":\"https:\\\/\\\/www.visitamalfi.info\\\/es\\\/#\\\/schema\\\/logo\\\/image\\\/\"},\"sameAs\":[\"https:\\\/\\\/www.facebook.com\\\/visitamalfiofficial\",\"https:\\\/\\\/www.instagram.com\\\/visitamalfiofficial\\\/\"]},{\"@type\":\"Person\",\"@id\":\"https:\\\/\\\/www.visitamalfi.info\\\/es\\\/#\\\/schema\\\/person\\\/0c7584af846d5d2da6c69f7e68f3af96\",\"name\":\"Federica Dumont\",\"image\":{\"@type\":\"ImageObject\",\"inLanguage\":\"es\",\"@id\":\"https:\\\/\\\/secure.gravatar.com\\\/avatar\\\/0803dab414b6c6f1fd2399680f587870a020419b6ebe9d36dd75df06a6a68060?s=96&d=mm&r=g\",\"url\":\"https:\\\/\\\/secure.gravatar.com\\\/avatar\\\/0803dab414b6c6f1fd2399680f587870a020419b6ebe9d36dd75df06a6a68060?s=96&d=mm&r=g\",\"contentUrl\":\"https:\\\/\\\/secure.gravatar.com\\\/avatar\\\/0803dab414b6c6f1fd2399680f587870a020419b6ebe9d36dd75df06a6a68060?s=96&d=mm&r=g\",\"caption\":\"Federica Dumont\"},\"url\":\"https:\\\/\\\/www.visitamalfi.info\\\/es\\\/author\\\/federica\\\/\"}]}<\/script>\n<!-- \/ Yoast SEO plugin. -->","yoast_head_json":{"title":"El Palacio San Benedetto de Amalfi: su historia y su nuevo aspecto. - Visit Amalfi","robots":{"index":"index","follow":"follow","max-snippet":"max-snippet:-1","max-image-preview":"max-image-preview:large","max-video-preview":"max-video-preview:-1"},"canonical":"https:\/\/www.visitamalfi.info\/es\/el-palacio-san-benedetto-de-amalfi-su-historia-y-su-nuevo-aspecto\/","og_locale":"es_ES","og_type":"article","og_title":"El Palacio San Benedetto de Amalfi: su historia y su nuevo aspecto. - Visit Amalfi","og_description":"Amalfi, joya enclavada en el espectacular marco de la Costa Amalfitana, es depositaria de numerosos tesoros de incalculable valor arquitect\u00f3nico, art\u00edstico, hist\u00f3rico y cultural. Hoy te hablamos del Palacio San [&hellip;]","og_url":"https:\/\/www.visitamalfi.info\/es\/el-palacio-san-benedetto-de-amalfi-su-historia-y-su-nuevo-aspecto\/","og_site_name":"Visit Amalfi","article_publisher":"https:\/\/www.facebook.com\/visitamalfiofficial","article_published_time":"2025-02-26T15:00:14+00:00","og_image":[{"width":1920,"height":1280,"url":"https:\/\/www.visitamalfi.info\/wp-content\/uploads\/2024\/03\/DSC02628.jpg","type":"image\/jpeg"}],"author":"Federica Dumont","twitter_card":"summary_large_image","twitter_misc":{"Escrito por":"Federica Dumont","Tiempo de lectura":"2 minutos"},"schema":{"@context":"https:\/\/schema.org","@graph":[{"@type":"Article","@id":"https:\/\/www.visitamalfi.info\/es\/el-palacio-san-benedetto-de-amalfi-su-historia-y-su-nuevo-aspecto\/#article","isPartOf":{"@id":"https:\/\/www.visitamalfi.info\/es\/el-palacio-san-benedetto-de-amalfi-su-historia-y-su-nuevo-aspecto\/"},"author":{"name":"Federica Dumont","@id":"https:\/\/www.visitamalfi.info\/es\/#\/schema\/person\/0c7584af846d5d2da6c69f7e68f3af96"},"headline":"El Palacio San Benedetto de Amalfi: su historia y su nuevo aspecto.","datePublished":"2025-02-26T15:00:14+00:00","mainEntityOfPage":{"@id":"https:\/\/www.visitamalfi.info\/es\/el-palacio-san-benedetto-de-amalfi-su-historia-y-su-nuevo-aspecto\/"},"wordCount":405,"commentCount":0,"publisher":{"@id":"https:\/\/www.visitamalfi.info\/es\/#organization"},"image":{"@id":"https:\/\/www.visitamalfi.info\/es\/el-palacio-san-benedetto-de-amalfi-su-historia-y-su-nuevo-aspecto\/#primaryimage"},"thumbnailUrl":"https:\/\/www.visitamalfi.info\/wp-content\/uploads\/2024\/03\/DSC02628.jpg","keywords":["amalfi","historia","palacio de san benedetto"],"articleSection":["Curiosidades"],"inLanguage":"es","potentialAction":[{"@type":"CommentAction","name":"Comment","target":["https:\/\/www.visitamalfi.info\/es\/el-palacio-san-benedetto-de-amalfi-su-historia-y-su-nuevo-aspecto\/#respond"]}]},{"@type":"WebPage","@id":"https:\/\/www.visitamalfi.info\/es\/el-palacio-san-benedetto-de-amalfi-su-historia-y-su-nuevo-aspecto\/","url":"https:\/\/www.visitamalfi.info\/es\/el-palacio-san-benedetto-de-amalfi-su-historia-y-su-nuevo-aspecto\/","name":"El Palacio San Benedetto de Amalfi: su historia y su nuevo aspecto. - Visit Amalfi","isPartOf":{"@id":"https:\/\/www.visitamalfi.info\/es\/#website"},"primaryImageOfPage":{"@id":"https:\/\/www.visitamalfi.info\/es\/el-palacio-san-benedetto-de-amalfi-su-historia-y-su-nuevo-aspecto\/#primaryimage"},"image":{"@id":"https:\/\/www.visitamalfi.info\/es\/el-palacio-san-benedetto-de-amalfi-su-historia-y-su-nuevo-aspecto\/#primaryimage"},"thumbnailUrl":"https:\/\/www.visitamalfi.info\/wp-content\/uploads\/2024\/03\/DSC02628.jpg","datePublished":"2025-02-26T15:00:14+00:00","breadcrumb":{"@id":"https:\/\/www.visitamalfi.info\/es\/el-palacio-san-benedetto-de-amalfi-su-historia-y-su-nuevo-aspecto\/#breadcrumb"},"inLanguage":"es","potentialAction":[{"@type":"ReadAction","target":["https:\/\/www.visitamalfi.info\/es\/el-palacio-san-benedetto-de-amalfi-su-historia-y-su-nuevo-aspecto\/"]}]},{"@type":"ImageObject","inLanguage":"es","@id":"https:\/\/www.visitamalfi.info\/es\/el-palacio-san-benedetto-de-amalfi-su-historia-y-su-nuevo-aspecto\/#primaryimage","url":"https:\/\/www.visitamalfi.info\/wp-content\/uploads\/2024\/03\/DSC02628.jpg","contentUrl":"https:\/\/www.visitamalfi.info\/wp-content\/uploads\/2024\/03\/DSC02628.jpg","width":1920,"height":1280,"caption":"Amalfi_Palazzo San Benedetto"},{"@type":"BreadcrumbList","@id":"https:\/\/www.visitamalfi.info\/es\/el-palacio-san-benedetto-de-amalfi-su-historia-y-su-nuevo-aspecto\/#breadcrumb","itemListElement":[{"@type":"ListItem","position":1,"name":"Home","item":"https:\/\/www.visitamalfi.info\/es\/"},{"@type":"ListItem","position":2,"name":"El Palacio San Benedetto de Amalfi: su historia y su nuevo aspecto."}]},{"@type":"WebSite","@id":"https:\/\/www.visitamalfi.info\/es\/#website","url":"https:\/\/www.visitamalfi.info\/es\/","name":"Visit Amalfi","description":"Amalfi Destination Official Website","publisher":{"@id":"https:\/\/www.visitamalfi.info\/es\/#organization"},"potentialAction":[{"@type":"SearchAction","target":{"@type":"EntryPoint","urlTemplate":"https:\/\/www.visitamalfi.info\/es\/?s={search_term_string}"},"query-input":{"@type":"PropertyValueSpecification","valueRequired":true,"valueName":"search_term_string"}}],"inLanguage":"es"},{"@type":"Organization","@id":"https:\/\/www.visitamalfi.info\/es\/#organization","name":"Visit Amalfi","url":"https:\/\/www.visitamalfi.info\/es\/","logo":{"@type":"ImageObject","inLanguage":"es","@id":"https:\/\/www.visitamalfi.info\/es\/#\/schema\/logo\/image\/","url":"https:\/\/www.visitamalfi.info\/wp-content\/uploads\/2023\/04\/visit-amalfi-logo-web.png","contentUrl":"https:\/\/www.visitamalfi.info\/wp-content\/uploads\/2023\/04\/visit-amalfi-logo-web.png","width":800,"height":870,"caption":"Visit Amalfi"},"image":{"@id":"https:\/\/www.visitamalfi.info\/es\/#\/schema\/logo\/image\/"},"sameAs":["https:\/\/www.facebook.com\/visitamalfiofficial","https:\/\/www.instagram.com\/visitamalfiofficial\/"]},{"@type":"Person","@id":"https:\/\/www.visitamalfi.info\/es\/#\/schema\/person\/0c7584af846d5d2da6c69f7e68f3af96","name":"Federica Dumont","image":{"@type":"ImageObject","inLanguage":"es","@id":"https:\/\/secure.gravatar.com\/avatar\/0803dab414b6c6f1fd2399680f587870a020419b6ebe9d36dd75df06a6a68060?s=96&d=mm&r=g","url":"https:\/\/secure.gravatar.com\/avatar\/0803dab414b6c6f1fd2399680f587870a020419b6ebe9d36dd75df06a6a68060?s=96&d=mm&r=g","contentUrl":"https:\/\/secure.gravatar.com\/avatar\/0803dab414b6c6f1fd2399680f587870a020419b6ebe9d36dd75df06a6a68060?s=96&d=mm&r=g","caption":"Federica Dumont"},"url":"https:\/\/www.visitamalfi.info\/es\/author\/federica\/"}]}},"_links":{"self":[{"href":"https:\/\/www.visitamalfi.info\/es\/wp-json\/wp\/v2\/posts\/21019","targetHints":{"allow":["GET"]}}],"collection":[{"href":"https:\/\/www.visitamalfi.info\/es\/wp-json\/wp\/v2\/posts"}],"about":[{"href":"https:\/\/www.visitamalfi.info\/es\/wp-json\/wp\/v2\/types\/post"}],"author":[{"embeddable":true,"href":"https:\/\/www.visitamalfi.info\/es\/wp-json\/wp\/v2\/users\/7"}],"replies":[{"embeddable":true,"href":"https:\/\/www.visitamalfi.info\/es\/wp-json\/wp\/v2\/comments?post=21019"}],"version-history":[{"count":0,"href":"https:\/\/www.visitamalfi.info\/es\/wp-json\/wp\/v2\/posts\/21019\/revisions"}],"wp:featuredmedia":[{"embeddable":true,"href":"https:\/\/www.visitamalfi.info\/es\/wp-json\/wp\/v2\/media\/14895"}],"wp:attachment":[{"href":"https:\/\/www.visitamalfi.info\/es\/wp-json\/wp\/v2\/media?parent=21019"}],"wp:term":[{"taxonomy":"category","embeddable":true,"href":"https:\/\/www.visitamalfi.info\/es\/wp-json\/wp\/v2\/categories?post=21019"},{"taxonomy":"post_tag","embeddable":true,"href":"https:\/\/www.visitamalfi.info\/es\/wp-json\/wp\/v2\/tags?post=21019"}],"curies":[{"name":"wp","href":"https:\/\/api.w.org\/{rel}","templated":true}]}}