{"id":20993,"date":"2025-02-21T15:06:42","date_gmt":"2025-02-21T14:06:42","guid":{"rendered":"https:\/\/www.visitamalfi.info\/en-amalfi-el-carnaval-de-este-ano-sera-aun-mas-magico-del-2-al-4-de-marzo-tres-dias-fantasticos-en-el-mundo-de-harry-potter\/"},"modified":"2025-02-21T15:06:42","modified_gmt":"2025-02-21T14:06:42","slug":"en-amalfi-el-carnaval-de-este-ano-sera-aun-mas-magico-del-2-al-4-de-marzo-tres-dias-fantasticos-en-el-mundo-de-harry-potter","status":"publish","type":"post","link":"https:\/\/www.visitamalfi.info\/es\/en-amalfi-el-carnaval-de-este-ano-sera-aun-mas-magico-del-2-al-4-de-marzo-tres-dias-fantasticos-en-el-mundo-de-harry-potter\/","title":{"rendered":"En Amalfi, el Carnaval de este a\u00f1o ser\u00e1 a\u00fan m\u00e1s m\u00e1gico. Del 2 al 4 de marzo, \u00a1tres d\u00edas fant\u00e1sticos en el mundo de Harry Potter!"},"content":{"rendered":"<p class=\"cvGsUA direction-ltr align-start para-style-body\"><span class=\"OYPEnA font-feature-liga-off font-feature-clig-off font-feature-calt-off text-decoration-none text-strikethrough-none\">Definitivamente, <strong>el Carnaval aqu\u00ed en Amalfi<\/strong> siempre es m\u00e1gico, pero este a\u00f1o ser\u00e1 a\u00fan m\u00e1s especial, espectacular, \u00fanico y&#8230; embrujado, porque todos viviremos en el m\u00e1gico <strong>Mundo de <\/strong><\/span><strong><span class=\"OYPEnA font-feature-liga-off font-feature-clig-off font-feature-calt-off text-decoration-none text-strikethrough-none\">Harry Potter<\/span><\/strong><span class=\"OYPEnA font-feature-liga-off font-feature-clig-off font-feature-calt-off text-decoration-none text-strikethrough-none\">\u00a1!<\/span><\/p>\n<p class=\"cvGsUA direction-ltr align-start para-style-body\"><span class=\"OYPEnA font-feature-liga-off font-feature-clig-off font-feature-calt-off text-decoration-none text-strikethrough-none\">Durante tres d\u00edas, la ciudad se transformar\u00e1 en una experiencia \u00fanica para grandes y peque\u00f1os.<\/span><\/p>\n<p class=\"cvGsUA direction-ltr align-start para-style-body\"><strong><span class=\"OYPEnA font-feature-liga-off font-feature-clig-off font-feature-calt-off text-decoration-none text-strikethrough-none\">Un viaje al mundo de la magia:<\/span><\/strong><\/p>\n<p class=\"cvGsUA direction-ltr align-start para-style-body\"><span class=\"OYPEnA font-feature-liga-off font-feature-clig-off font-feature-calt-off text-decoration-none text-strikethrough-none\">Los amantes de la magia podr\u00e1n sumergirse en una atm\u00f3sfera encantada de &#8216;<em>.<\/em><\/span><em><span class=\"OYPEnA font-feature-liga-off font-feature-clig-off font-feature-calt-off text-decoration-none text-strikethrough-none\">..creatividad, coreograf\u00eda y energ\u00eda, por los rincones m\u00e1s bellos de Amalfi, entre desfiles callejeros, historias fant\u00e1sticas, m\u00e1scaras y trucos, mientras la Piazza della Bussola, el Antiguo Arsenal de la Rep\u00fablica y la monumental escalinata del Duomo cobrar\u00e1n vida con espect\u00e1culos y actuaciones generalizadas.<\/span><\/em><span class=\"OYPEnA font-feature-liga-off font-feature-clig-off font-feature-calt-off text-decoration-none text-strikethrough-none\">&#8220;<\/span><\/p>\n<p class=\"cvGsUA direction-ltr align-start para-style-body\"><span class=\"OYPEnA font-feature-liga-off font-feature-clig-off font-feature-calt-off text-decoration-none text-strikethrough-none\">En resumen, el Carnaval en la ciudad dar\u00e1 a los visitantes la sensaci\u00f3n de estar en una aut\u00e9ntica pel\u00edcula de Harry Potter.<\/span><\/p>\n<p class=\"cvGsUA direction-ltr align-start para-style-body\"><strong><span class=\"OYPEnA font-feature-liga-off font-feature-clig-off font-feature-calt-off text-decoration-none text-strikethrough-none\">Una experiencia que no debes perderte:<\/span><\/strong><\/p>\n<p class=\"cvGsUA direction-ltr align-start para-style-body\"><span class=\"OYPEnA font-feature-liga-off font-feature-clig-off font-feature-calt-off text-decoration-none text-strikethrough-none\">Adem\u00e1s, estos tres d\u00edas de fiesta en Amalfi ofrecer\u00e1n <strong>talleres de pociones, clases de lanzamiento de hechizos y mucha diversi\u00f3n.<\/strong><\/span><\/p>\n<p class=\"cvGsUA direction-ltr align-start para-style-body\"><span class=\"OYPEnA font-feature-liga-off font-feature-clig-off font-feature-calt-off text-decoration-none text-strikethrough-none\">Prepara tu disfraz, perfecciona tus habilidades m\u00e1gicas y \u00a1d\u00e9jate transportar a un mundo de encanto y maravilla!<\/span><\/p>\n<p class=\"cvGsUA direction-ltr align-start para-style-body\"><span class=\"OYPEnA font-feature-liga-off font-feature-clig-off font-feature-calt-off text-decoration-none text-strikethrough-none\"><em>\u00a1A<\/em><em>lohomora<\/em> a la diversi\u00f3n!<\/span><\/p>\n<p class=\"cvGsUA direction-ltr align-justify para-style-body\"><span class=\"OYPEnA font-feature-liga-off font-feature-clig-off font-feature-calt-off text-decoration-none text-strikethrough-none\"><img fetchpriority=\"high\" decoding=\"async\" class=\"alignnone size-medium wp-image-20983\" src=\"https:\/\/www.visitamalfi.info\/wp-content\/uploads\/2025\/02\/481046384_1043705487798485_2220008779777729701_n-1-210x300.jpg\" alt=\"\" width=\"210\" height=\"300\" srcset=\"https:\/\/www.visitamalfi.info\/wp-content\/uploads\/2025\/02\/481046384_1043705487798485_2220008779777729701_n-1-210x300.jpg 210w, https:\/\/www.visitamalfi.info\/wp-content\/uploads\/2025\/02\/481046384_1043705487798485_2220008779777729701_n-1-717x1024.jpg 717w, https:\/\/www.visitamalfi.info\/wp-content\/uploads\/2025\/02\/481046384_1043705487798485_2220008779777729701_n-1-768x1097.jpg 768w, https:\/\/www.visitamalfi.info\/wp-content\/uploads\/2025\/02\/481046384_1043705487798485_2220008779777729701_n-1-1075x1536.jpg 1075w, https:\/\/www.visitamalfi.info\/wp-content\/uploads\/2025\/02\/481046384_1043705487798485_2220008779777729701_n-1-555x790.jpg 555w, https:\/\/www.visitamalfi.info\/wp-content\/uploads\/2025\/02\/481046384_1043705487798485_2220008779777729701_n-1.jpg 1120w\" sizes=\"(max-width: 210px) 100vw, 210px\" \/><\/span><\/p>\n","protected":false},"excerpt":{"rendered":"<p>Definitivamente, el Carnaval aqu\u00ed en Amalfi siempre es m\u00e1gico, pero este a\u00f1o ser\u00e1 a\u00fan m\u00e1s especial, espectacular, \u00fanico y&#8230; embrujado, porque todos viviremos en el m\u00e1gico Mundo de Harry Potter\u00a1! [&hellip;]<\/p>\n","protected":false},"author":7,"featured_media":20981,"comment_status":"open","ping_status":"closed","sticky":false,"template":"","format":"standard","meta":{"inline_featured_image":false,"footnotes":""},"categories":[263],"tags":[265,1440,1910],"class_list":["post-20993","post","type-post","status-publish","format-standard","has-post-thumbnail","hentry","category-curiosidades","tag-amalfi-es","tag-carnaval","tag-harry-potter-es"],"yoast_head":"<!-- This site is optimized with the Yoast SEO plugin v27.3 - https:\/\/yoast.com\/product\/yoast-seo-wordpress\/ -->\n<title>En Amalfi, el Carnaval de este a\u00f1o ser\u00e1 a\u00fan m\u00e1s m\u00e1gico. Del 2 al 4 de marzo, \u00a1tres d\u00edas fant\u00e1sticos en el mundo de Harry Potter! - Visit Amalfi<\/title>\n<meta name=\"robots\" content=\"index, follow, max-snippet:-1, max-image-preview:large, max-video-preview:-1\" \/>\n<link rel=\"canonical\" href=\"https:\/\/www.visitamalfi.info\/es\/en-amalfi-el-carnaval-de-este-ano-sera-aun-mas-magico-del-2-al-4-de-marzo-tres-dias-fantasticos-en-el-mundo-de-harry-potter\/\" \/>\n<meta property=\"og:locale\" content=\"es_ES\" \/>\n<meta property=\"og:type\" content=\"article\" \/>\n<meta property=\"og:title\" content=\"En Amalfi, el Carnaval de este a\u00f1o ser\u00e1 a\u00fan m\u00e1s m\u00e1gico. Del 2 al 4 de marzo, \u00a1tres d\u00edas fant\u00e1sticos en el mundo de Harry Potter! - Visit Amalfi\" \/>\n<meta property=\"og:description\" content=\"Definitivamente, el Carnaval aqu\u00ed en Amalfi siempre es m\u00e1gico, pero este a\u00f1o ser\u00e1 a\u00fan m\u00e1s especial, espectacular, \u00fanico y&#8230; embrujado, porque todos viviremos en el m\u00e1gico Mundo de Harry Potter\u00a1! [&hellip;]\" \/>\n<meta property=\"og:url\" content=\"https:\/\/www.visitamalfi.info\/es\/en-amalfi-el-carnaval-de-este-ano-sera-aun-mas-magico-del-2-al-4-de-marzo-tres-dias-fantasticos-en-el-mundo-de-harry-potter\/\" \/>\n<meta property=\"og:site_name\" content=\"Visit Amalfi\" \/>\n<meta property=\"article:publisher\" content=\"https:\/\/www.facebook.com\/visitamalfiofficial\" \/>\n<meta property=\"article:published_time\" content=\"2025-02-21T14:06:42+00:00\" \/>\n<meta property=\"og:image\" content=\"https:\/\/www.visitamalfi.info\/wp-content\/uploads\/2025\/02\/481046384_1043705487798485_2220008779777729701_n-e1740146679356.jpg\" \/>\n\t<meta property=\"og:image:width\" content=\"1120\" \/>\n\t<meta property=\"og:image:height\" content=\"1600\" \/>\n\t<meta property=\"og:image:type\" content=\"image\/jpeg\" \/>\n<meta name=\"author\" content=\"Federica Dumont\" \/>\n<meta name=\"twitter:card\" content=\"summary_large_image\" \/>\n<meta name=\"twitter:label1\" content=\"Escrito por\" \/>\n\t<meta name=\"twitter:data1\" content=\"Federica Dumont\" \/>\n\t<meta name=\"twitter:label2\" content=\"Tiempo de lectura\" \/>\n\t<meta name=\"twitter:data2\" content=\"1 minuto\" \/>\n<script type=\"application\/ld+json\" class=\"yoast-schema-graph\">{\"@context\":\"https:\\\/\\\/schema.org\",\"@graph\":[{\"@type\":\"Article\",\"@id\":\"https:\\\/\\\/www.visitamalfi.info\\\/es\\\/en-amalfi-el-carnaval-de-este-ano-sera-aun-mas-magico-del-2-al-4-de-marzo-tres-dias-fantasticos-en-el-mundo-de-harry-potter\\\/#article\",\"isPartOf\":{\"@id\":\"https:\\\/\\\/www.visitamalfi.info\\\/es\\\/en-amalfi-el-carnaval-de-este-ano-sera-aun-mas-magico-del-2-al-4-de-marzo-tres-dias-fantasticos-en-el-mundo-de-harry-potter\\\/\"},\"author\":{\"name\":\"Federica Dumont\",\"@id\":\"https:\\\/\\\/www.visitamalfi.info\\\/es\\\/#\\\/schema\\\/person\\\/0c7584af846d5d2da6c69f7e68f3af96\"},\"headline\":\"En Amalfi, el Carnaval de este a\u00f1o ser\u00e1 a\u00fan m\u00e1s m\u00e1gico. Del 2 al 4 de marzo, \u00a1tres d\u00edas fant\u00e1sticos en el mundo de Harry Potter!\",\"datePublished\":\"2025-02-21T14:06:42+00:00\",\"mainEntityOfPage\":{\"@id\":\"https:\\\/\\\/www.visitamalfi.info\\\/es\\\/en-amalfi-el-carnaval-de-este-ano-sera-aun-mas-magico-del-2-al-4-de-marzo-tres-dias-fantasticos-en-el-mundo-de-harry-potter\\\/\"},\"wordCount\":234,\"commentCount\":0,\"publisher\":{\"@id\":\"https:\\\/\\\/www.visitamalfi.info\\\/es\\\/#organization\"},\"image\":{\"@id\":\"https:\\\/\\\/www.visitamalfi.info\\\/es\\\/en-amalfi-el-carnaval-de-este-ano-sera-aun-mas-magico-del-2-al-4-de-marzo-tres-dias-fantasticos-en-el-mundo-de-harry-potter\\\/#primaryimage\"},\"thumbnailUrl\":\"https:\\\/\\\/www.visitamalfi.info\\\/wp-content\\\/uploads\\\/2025\\\/02\\\/481046384_1043705487798485_2220008779777729701_n-e1740146679356.jpg\",\"keywords\":[\"amalfi\",\"carnaval\",\"harry potter\"],\"articleSection\":[\"Curiosidades\"],\"inLanguage\":\"es\",\"potentialAction\":[{\"@type\":\"CommentAction\",\"name\":\"Comment\",\"target\":[\"https:\\\/\\\/www.visitamalfi.info\\\/es\\\/en-amalfi-el-carnaval-de-este-ano-sera-aun-mas-magico-del-2-al-4-de-marzo-tres-dias-fantasticos-en-el-mundo-de-harry-potter\\\/#respond\"]}]},{\"@type\":\"WebPage\",\"@id\":\"https:\\\/\\\/www.visitamalfi.info\\\/es\\\/en-amalfi-el-carnaval-de-este-ano-sera-aun-mas-magico-del-2-al-4-de-marzo-tres-dias-fantasticos-en-el-mundo-de-harry-potter\\\/\",\"url\":\"https:\\\/\\\/www.visitamalfi.info\\\/es\\\/en-amalfi-el-carnaval-de-este-ano-sera-aun-mas-magico-del-2-al-4-de-marzo-tres-dias-fantasticos-en-el-mundo-de-harry-potter\\\/\",\"name\":\"En Amalfi, el Carnaval de este a\u00f1o ser\u00e1 a\u00fan m\u00e1s m\u00e1gico. Del 2 al 4 de marzo, \u00a1tres d\u00edas fant\u00e1sticos en el mundo de Harry Potter! - Visit Amalfi\",\"isPartOf\":{\"@id\":\"https:\\\/\\\/www.visitamalfi.info\\\/es\\\/#website\"},\"primaryImageOfPage\":{\"@id\":\"https:\\\/\\\/www.visitamalfi.info\\\/es\\\/en-amalfi-el-carnaval-de-este-ano-sera-aun-mas-magico-del-2-al-4-de-marzo-tres-dias-fantasticos-en-el-mundo-de-harry-potter\\\/#primaryimage\"},\"image\":{\"@id\":\"https:\\\/\\\/www.visitamalfi.info\\\/es\\\/en-amalfi-el-carnaval-de-este-ano-sera-aun-mas-magico-del-2-al-4-de-marzo-tres-dias-fantasticos-en-el-mundo-de-harry-potter\\\/#primaryimage\"},\"thumbnailUrl\":\"https:\\\/\\\/www.visitamalfi.info\\\/wp-content\\\/uploads\\\/2025\\\/02\\\/481046384_1043705487798485_2220008779777729701_n-e1740146679356.jpg\",\"datePublished\":\"2025-02-21T14:06:42+00:00\",\"breadcrumb\":{\"@id\":\"https:\\\/\\\/www.visitamalfi.info\\\/es\\\/en-amalfi-el-carnaval-de-este-ano-sera-aun-mas-magico-del-2-al-4-de-marzo-tres-dias-fantasticos-en-el-mundo-de-harry-potter\\\/#breadcrumb\"},\"inLanguage\":\"es\",\"potentialAction\":[{\"@type\":\"ReadAction\",\"target\":[\"https:\\\/\\\/www.visitamalfi.info\\\/es\\\/en-amalfi-el-carnaval-de-este-ano-sera-aun-mas-magico-del-2-al-4-de-marzo-tres-dias-fantasticos-en-el-mundo-de-harry-potter\\\/\"]}]},{\"@type\":\"ImageObject\",\"inLanguage\":\"es\",\"@id\":\"https:\\\/\\\/www.visitamalfi.info\\\/es\\\/en-amalfi-el-carnaval-de-este-ano-sera-aun-mas-magico-del-2-al-4-de-marzo-tres-dias-fantasticos-en-el-mundo-de-harry-potter\\\/#primaryimage\",\"url\":\"https:\\\/\\\/www.visitamalfi.info\\\/wp-content\\\/uploads\\\/2025\\\/02\\\/481046384_1043705487798485_2220008779777729701_n-e1740146679356.jpg\",\"contentUrl\":\"https:\\\/\\\/www.visitamalfi.info\\\/wp-content\\\/uploads\\\/2025\\\/02\\\/481046384_1043705487798485_2220008779777729701_n-e1740146679356.jpg\",\"width\":1120,\"height\":1600},{\"@type\":\"BreadcrumbList\",\"@id\":\"https:\\\/\\\/www.visitamalfi.info\\\/es\\\/en-amalfi-el-carnaval-de-este-ano-sera-aun-mas-magico-del-2-al-4-de-marzo-tres-dias-fantasticos-en-el-mundo-de-harry-potter\\\/#breadcrumb\",\"itemListElement\":[{\"@type\":\"ListItem\",\"position\":1,\"name\":\"Home\",\"item\":\"https:\\\/\\\/www.visitamalfi.info\\\/es\\\/\"},{\"@type\":\"ListItem\",\"position\":2,\"name\":\"En Amalfi, el Carnaval de este a\u00f1o ser\u00e1 a\u00fan m\u00e1s m\u00e1gico. Del 2 al 4 de marzo, \u00a1tres d\u00edas fant\u00e1sticos en el mundo de Harry Potter!\"}]},{\"@type\":\"WebSite\",\"@id\":\"https:\\\/\\\/www.visitamalfi.info\\\/es\\\/#website\",\"url\":\"https:\\\/\\\/www.visitamalfi.info\\\/es\\\/\",\"name\":\"Visit Amalfi\",\"description\":\"Amalfi Destination Official Website\",\"publisher\":{\"@id\":\"https:\\\/\\\/www.visitamalfi.info\\\/es\\\/#organization\"},\"potentialAction\":[{\"@type\":\"SearchAction\",\"target\":{\"@type\":\"EntryPoint\",\"urlTemplate\":\"https:\\\/\\\/www.visitamalfi.info\\\/es\\\/?s={search_term_string}\"},\"query-input\":{\"@type\":\"PropertyValueSpecification\",\"valueRequired\":true,\"valueName\":\"search_term_string\"}}],\"inLanguage\":\"es\"},{\"@type\":\"Organization\",\"@id\":\"https:\\\/\\\/www.visitamalfi.info\\\/es\\\/#organization\",\"name\":\"Visit Amalfi\",\"url\":\"https:\\\/\\\/www.visitamalfi.info\\\/es\\\/\",\"logo\":{\"@type\":\"ImageObject\",\"inLanguage\":\"es\",\"@id\":\"https:\\\/\\\/www.visitamalfi.info\\\/es\\\/#\\\/schema\\\/logo\\\/image\\\/\",\"url\":\"https:\\\/\\\/www.visitamalfi.info\\\/wp-content\\\/uploads\\\/2023\\\/04\\\/visit-amalfi-logo-web.png\",\"contentUrl\":\"https:\\\/\\\/www.visitamalfi.info\\\/wp-content\\\/uploads\\\/2023\\\/04\\\/visit-amalfi-logo-web.png\",\"width\":800,\"height\":870,\"caption\":\"Visit Amalfi\"},\"image\":{\"@id\":\"https:\\\/\\\/www.visitamalfi.info\\\/es\\\/#\\\/schema\\\/logo\\\/image\\\/\"},\"sameAs\":[\"https:\\\/\\\/www.facebook.com\\\/visitamalfiofficial\",\"https:\\\/\\\/www.instagram.com\\\/visitamalfiofficial\\\/\"]},{\"@type\":\"Person\",\"@id\":\"https:\\\/\\\/www.visitamalfi.info\\\/es\\\/#\\\/schema\\\/person\\\/0c7584af846d5d2da6c69f7e68f3af96\",\"name\":\"Federica Dumont\",\"image\":{\"@type\":\"ImageObject\",\"inLanguage\":\"es\",\"@id\":\"https:\\\/\\\/secure.gravatar.com\\\/avatar\\\/0803dab414b6c6f1fd2399680f587870a020419b6ebe9d36dd75df06a6a68060?s=96&d=mm&r=g\",\"url\":\"https:\\\/\\\/secure.gravatar.com\\\/avatar\\\/0803dab414b6c6f1fd2399680f587870a020419b6ebe9d36dd75df06a6a68060?s=96&d=mm&r=g\",\"contentUrl\":\"https:\\\/\\\/secure.gravatar.com\\\/avatar\\\/0803dab414b6c6f1fd2399680f587870a020419b6ebe9d36dd75df06a6a68060?s=96&d=mm&r=g\",\"caption\":\"Federica Dumont\"},\"url\":\"https:\\\/\\\/www.visitamalfi.info\\\/es\\\/author\\\/federica\\\/\"}]}<\/script>\n<!-- \/ Yoast SEO plugin. -->","yoast_head_json":{"title":"En Amalfi, el Carnaval de este a\u00f1o ser\u00e1 a\u00fan m\u00e1s m\u00e1gico. Del 2 al 4 de marzo, \u00a1tres d\u00edas fant\u00e1sticos en el mundo de Harry Potter! - Visit Amalfi","robots":{"index":"index","follow":"follow","max-snippet":"max-snippet:-1","max-image-preview":"max-image-preview:large","max-video-preview":"max-video-preview:-1"},"canonical":"https:\/\/www.visitamalfi.info\/es\/en-amalfi-el-carnaval-de-este-ano-sera-aun-mas-magico-del-2-al-4-de-marzo-tres-dias-fantasticos-en-el-mundo-de-harry-potter\/","og_locale":"es_ES","og_type":"article","og_title":"En Amalfi, el Carnaval de este a\u00f1o ser\u00e1 a\u00fan m\u00e1s m\u00e1gico. Del 2 al 4 de marzo, \u00a1tres d\u00edas fant\u00e1sticos en el mundo de Harry Potter! - Visit Amalfi","og_description":"Definitivamente, el Carnaval aqu\u00ed en Amalfi siempre es m\u00e1gico, pero este a\u00f1o ser\u00e1 a\u00fan m\u00e1s especial, espectacular, \u00fanico y&#8230; embrujado, porque todos viviremos en el m\u00e1gico Mundo de Harry Potter\u00a1! [&hellip;]","og_url":"https:\/\/www.visitamalfi.info\/es\/en-amalfi-el-carnaval-de-este-ano-sera-aun-mas-magico-del-2-al-4-de-marzo-tres-dias-fantasticos-en-el-mundo-de-harry-potter\/","og_site_name":"Visit Amalfi","article_publisher":"https:\/\/www.facebook.com\/visitamalfiofficial","article_published_time":"2025-02-21T14:06:42+00:00","og_image":[{"width":1120,"height":1600,"url":"https:\/\/www.visitamalfi.info\/wp-content\/uploads\/2025\/02\/481046384_1043705487798485_2220008779777729701_n-e1740146679356.jpg","type":"image\/jpeg"}],"author":"Federica Dumont","twitter_card":"summary_large_image","twitter_misc":{"Escrito por":"Federica Dumont","Tiempo de lectura":"1 minuto"},"schema":{"@context":"https:\/\/schema.org","@graph":[{"@type":"Article","@id":"https:\/\/www.visitamalfi.info\/es\/en-amalfi-el-carnaval-de-este-ano-sera-aun-mas-magico-del-2-al-4-de-marzo-tres-dias-fantasticos-en-el-mundo-de-harry-potter\/#article","isPartOf":{"@id":"https:\/\/www.visitamalfi.info\/es\/en-amalfi-el-carnaval-de-este-ano-sera-aun-mas-magico-del-2-al-4-de-marzo-tres-dias-fantasticos-en-el-mundo-de-harry-potter\/"},"author":{"name":"Federica Dumont","@id":"https:\/\/www.visitamalfi.info\/es\/#\/schema\/person\/0c7584af846d5d2da6c69f7e68f3af96"},"headline":"En Amalfi, el Carnaval de este a\u00f1o ser\u00e1 a\u00fan m\u00e1s m\u00e1gico. Del 2 al 4 de marzo, \u00a1tres d\u00edas fant\u00e1sticos en el mundo de Harry Potter!","datePublished":"2025-02-21T14:06:42+00:00","mainEntityOfPage":{"@id":"https:\/\/www.visitamalfi.info\/es\/en-amalfi-el-carnaval-de-este-ano-sera-aun-mas-magico-del-2-al-4-de-marzo-tres-dias-fantasticos-en-el-mundo-de-harry-potter\/"},"wordCount":234,"commentCount":0,"publisher":{"@id":"https:\/\/www.visitamalfi.info\/es\/#organization"},"image":{"@id":"https:\/\/www.visitamalfi.info\/es\/en-amalfi-el-carnaval-de-este-ano-sera-aun-mas-magico-del-2-al-4-de-marzo-tres-dias-fantasticos-en-el-mundo-de-harry-potter\/#primaryimage"},"thumbnailUrl":"https:\/\/www.visitamalfi.info\/wp-content\/uploads\/2025\/02\/481046384_1043705487798485_2220008779777729701_n-e1740146679356.jpg","keywords":["amalfi","carnaval","harry potter"],"articleSection":["Curiosidades"],"inLanguage":"es","potentialAction":[{"@type":"CommentAction","name":"Comment","target":["https:\/\/www.visitamalfi.info\/es\/en-amalfi-el-carnaval-de-este-ano-sera-aun-mas-magico-del-2-al-4-de-marzo-tres-dias-fantasticos-en-el-mundo-de-harry-potter\/#respond"]}]},{"@type":"WebPage","@id":"https:\/\/www.visitamalfi.info\/es\/en-amalfi-el-carnaval-de-este-ano-sera-aun-mas-magico-del-2-al-4-de-marzo-tres-dias-fantasticos-en-el-mundo-de-harry-potter\/","url":"https:\/\/www.visitamalfi.info\/es\/en-amalfi-el-carnaval-de-este-ano-sera-aun-mas-magico-del-2-al-4-de-marzo-tres-dias-fantasticos-en-el-mundo-de-harry-potter\/","name":"En Amalfi, el Carnaval de este a\u00f1o ser\u00e1 a\u00fan m\u00e1s m\u00e1gico. Del 2 al 4 de marzo, \u00a1tres d\u00edas fant\u00e1sticos en el mundo de Harry Potter! - Visit Amalfi","isPartOf":{"@id":"https:\/\/www.visitamalfi.info\/es\/#website"},"primaryImageOfPage":{"@id":"https:\/\/www.visitamalfi.info\/es\/en-amalfi-el-carnaval-de-este-ano-sera-aun-mas-magico-del-2-al-4-de-marzo-tres-dias-fantasticos-en-el-mundo-de-harry-potter\/#primaryimage"},"image":{"@id":"https:\/\/www.visitamalfi.info\/es\/en-amalfi-el-carnaval-de-este-ano-sera-aun-mas-magico-del-2-al-4-de-marzo-tres-dias-fantasticos-en-el-mundo-de-harry-potter\/#primaryimage"},"thumbnailUrl":"https:\/\/www.visitamalfi.info\/wp-content\/uploads\/2025\/02\/481046384_1043705487798485_2220008779777729701_n-e1740146679356.jpg","datePublished":"2025-02-21T14:06:42+00:00","breadcrumb":{"@id":"https:\/\/www.visitamalfi.info\/es\/en-amalfi-el-carnaval-de-este-ano-sera-aun-mas-magico-del-2-al-4-de-marzo-tres-dias-fantasticos-en-el-mundo-de-harry-potter\/#breadcrumb"},"inLanguage":"es","potentialAction":[{"@type":"ReadAction","target":["https:\/\/www.visitamalfi.info\/es\/en-amalfi-el-carnaval-de-este-ano-sera-aun-mas-magico-del-2-al-4-de-marzo-tres-dias-fantasticos-en-el-mundo-de-harry-potter\/"]}]},{"@type":"ImageObject","inLanguage":"es","@id":"https:\/\/www.visitamalfi.info\/es\/en-amalfi-el-carnaval-de-este-ano-sera-aun-mas-magico-del-2-al-4-de-marzo-tres-dias-fantasticos-en-el-mundo-de-harry-potter\/#primaryimage","url":"https:\/\/www.visitamalfi.info\/wp-content\/uploads\/2025\/02\/481046384_1043705487798485_2220008779777729701_n-e1740146679356.jpg","contentUrl":"https:\/\/www.visitamalfi.info\/wp-content\/uploads\/2025\/02\/481046384_1043705487798485_2220008779777729701_n-e1740146679356.jpg","width":1120,"height":1600},{"@type":"BreadcrumbList","@id":"https:\/\/www.visitamalfi.info\/es\/en-amalfi-el-carnaval-de-este-ano-sera-aun-mas-magico-del-2-al-4-de-marzo-tres-dias-fantasticos-en-el-mundo-de-harry-potter\/#breadcrumb","itemListElement":[{"@type":"ListItem","position":1,"name":"Home","item":"https:\/\/www.visitamalfi.info\/es\/"},{"@type":"ListItem","position":2,"name":"En Amalfi, el Carnaval de este a\u00f1o ser\u00e1 a\u00fan m\u00e1s m\u00e1gico. Del 2 al 4 de marzo, \u00a1tres d\u00edas fant\u00e1sticos en el mundo de Harry Potter!"}]},{"@type":"WebSite","@id":"https:\/\/www.visitamalfi.info\/es\/#website","url":"https:\/\/www.visitamalfi.info\/es\/","name":"Visit Amalfi","description":"Amalfi Destination Official Website","publisher":{"@id":"https:\/\/www.visitamalfi.info\/es\/#organization"},"potentialAction":[{"@type":"SearchAction","target":{"@type":"EntryPoint","urlTemplate":"https:\/\/www.visitamalfi.info\/es\/?s={search_term_string}"},"query-input":{"@type":"PropertyValueSpecification","valueRequired":true,"valueName":"search_term_string"}}],"inLanguage":"es"},{"@type":"Organization","@id":"https:\/\/www.visitamalfi.info\/es\/#organization","name":"Visit Amalfi","url":"https:\/\/www.visitamalfi.info\/es\/","logo":{"@type":"ImageObject","inLanguage":"es","@id":"https:\/\/www.visitamalfi.info\/es\/#\/schema\/logo\/image\/","url":"https:\/\/www.visitamalfi.info\/wp-content\/uploads\/2023\/04\/visit-amalfi-logo-web.png","contentUrl":"https:\/\/www.visitamalfi.info\/wp-content\/uploads\/2023\/04\/visit-amalfi-logo-web.png","width":800,"height":870,"caption":"Visit Amalfi"},"image":{"@id":"https:\/\/www.visitamalfi.info\/es\/#\/schema\/logo\/image\/"},"sameAs":["https:\/\/www.facebook.com\/visitamalfiofficial","https:\/\/www.instagram.com\/visitamalfiofficial\/"]},{"@type":"Person","@id":"https:\/\/www.visitamalfi.info\/es\/#\/schema\/person\/0c7584af846d5d2da6c69f7e68f3af96","name":"Federica Dumont","image":{"@type":"ImageObject","inLanguage":"es","@id":"https:\/\/secure.gravatar.com\/avatar\/0803dab414b6c6f1fd2399680f587870a020419b6ebe9d36dd75df06a6a68060?s=96&d=mm&r=g","url":"https:\/\/secure.gravatar.com\/avatar\/0803dab414b6c6f1fd2399680f587870a020419b6ebe9d36dd75df06a6a68060?s=96&d=mm&r=g","contentUrl":"https:\/\/secure.gravatar.com\/avatar\/0803dab414b6c6f1fd2399680f587870a020419b6ebe9d36dd75df06a6a68060?s=96&d=mm&r=g","caption":"Federica Dumont"},"url":"https:\/\/www.visitamalfi.info\/es\/author\/federica\/"}]}},"_links":{"self":[{"href":"https:\/\/www.visitamalfi.info\/es\/wp-json\/wp\/v2\/posts\/20993","targetHints":{"allow":["GET"]}}],"collection":[{"href":"https:\/\/www.visitamalfi.info\/es\/wp-json\/wp\/v2\/posts"}],"about":[{"href":"https:\/\/www.visitamalfi.info\/es\/wp-json\/wp\/v2\/types\/post"}],"author":[{"embeddable":true,"href":"https:\/\/www.visitamalfi.info\/es\/wp-json\/wp\/v2\/users\/7"}],"replies":[{"embeddable":true,"href":"https:\/\/www.visitamalfi.info\/es\/wp-json\/wp\/v2\/comments?post=20993"}],"version-history":[{"count":0,"href":"https:\/\/www.visitamalfi.info\/es\/wp-json\/wp\/v2\/posts\/20993\/revisions"}],"wp:featuredmedia":[{"embeddable":true,"href":"https:\/\/www.visitamalfi.info\/es\/wp-json\/wp\/v2\/media\/20981"}],"wp:attachment":[{"href":"https:\/\/www.visitamalfi.info\/es\/wp-json\/wp\/v2\/media?parent=20993"}],"wp:term":[{"taxonomy":"category","embeddable":true,"href":"https:\/\/www.visitamalfi.info\/es\/wp-json\/wp\/v2\/categories?post=20993"},{"taxonomy":"post_tag","embeddable":true,"href":"https:\/\/www.visitamalfi.info\/es\/wp-json\/wp\/v2\/tags?post=20993"}],"curies":[{"name":"wp","href":"https:\/\/api.w.org\/{rel}","templated":true}]}}