{"id":20022,"date":"2024-10-11T12:06:36","date_gmt":"2024-10-11T10:06:36","guid":{"rendered":"https:\/\/www.visitamalfi.info\/?p=20022"},"modified":"2024-10-11T12:21:13","modified_gmt":"2024-10-11T10:21:13","slug":"alessandro-nacido-y-criado-en-una-zona-que-ama-y-que-le-inspira-cada-dia","status":"publish","type":"post","link":"https:\/\/www.visitamalfi.info\/es\/alessandro-nacido-y-criado-en-una-zona-que-ama-y-que-le-inspira-cada-dia\/","title":{"rendered":"Alessandro, \u00a1nacido y criado en una zona que ama y que le inspira cada d\u00eda!"},"content":{"rendered":"\t\t<div data-elementor-type=\"wp-post\" data-elementor-id=\"20022\" class=\"elementor elementor-20022 elementor-20019\">\n\t\t\t\t\t\t<section class=\"elementor-section elementor-top-section elementor-element elementor-element-356446cb elementor-section-full_width elementor-section-height-default elementor-section-height-default\" data-id=\"356446cb\" data-element_type=\"section\" data-e-type=\"section\">\n\t\t\t\t\t\t<div class=\"elementor-container elementor-column-gap-no\">\n\t\t\t\t\t<div class=\"elementor-column elementor-col-100 elementor-top-column elementor-element elementor-element-5ec58ce0\" data-id=\"5ec58ce0\" data-element_type=\"column\" data-e-type=\"column\">\n\t\t\t<div class=\"elementor-widget-wrap elementor-element-populated\">\n\t\t\t\t\t\t<div class=\"elementor-element elementor-element-8492fde elementor-drop-cap-yes elementor-drop-cap-view-default elementor-widget elementor-widget-text-editor\" data-id=\"8492fde\" data-element_type=\"widget\" data-e-type=\"widget\" data-settings=\"{&quot;drop_cap&quot;:&quot;yes&quot;}\" data-widget_type=\"text-editor.default\">\n\t\t\t\t<div class=\"elementor-widget-container\">\n\t\t\t\t\t\t\t\t\t<p><span class=\"OYPEnA font-feature-liga-off font-feature-clig-off font-feature-calt-off text-decoration-none text-strikethrough-none\">Lo de Alessandro no puede llamarse un trabajo, sino una verdadera pasi\u00f3n que naci\u00f3 y creci\u00f3 con \u00e9l a\u00f1o tras a\u00f1o y que estamos seguros de que le acompa\u00f1ar\u00e1 durante toda su vida.<\/span><\/p>\n\t\t\t\t\t\t\t\t<\/div>\n\t\t\t\t<\/div>\n\t\t\t\t<div class=\"elementor-element elementor-element-350e35f2 elementor-widget-divider--view-line elementor-widget elementor-widget-divider\" data-id=\"350e35f2\" data-element_type=\"widget\" data-e-type=\"widget\" data-widget_type=\"divider.default\">\n\t\t\t\t<div class=\"elementor-widget-container\">\n\t\t\t\t\t\t\t<div class=\"elementor-divider\">\n\t\t\t<span class=\"elementor-divider-separator\">\n\t\t\t\t\t\t<\/span>\n\t\t<\/div>\n\t\t\t\t\t\t<\/div>\n\t\t\t\t<\/div>\n\t\t\t\t<div class=\"elementor-element elementor-element-8f56c11 elementor-widget elementor-widget-read-more\" data-id=\"8f56c11\" data-element_type=\"widget\" data-e-type=\"widget\" data-widget_type=\"read-more.default\">\n\t\t\t\t<div class=\"elementor-widget-container\">\n\t\t\t\t\t<\/div><\/div><\/div><\/div><\/div><\/section><\/div> <a href=\"https:\/\/www.visitamalfi.info\/es\/alessandro-nacido-y-criado-en-una-zona-que-ama-y-que-le-inspira-cada-dia\/#more-20022\" class=\"more-link elementor-more-link\"><span aria-label=\"Sigue leyendo Alessandro, \u00a1nacido y criado en una zona que ama y que le inspira cada d\u00eda!\">Continua a leggere<\/span><\/a>","protected":false},"excerpt":{"rendered":"<p>Lo de Alessandro no puede llamarse un trabajo, sino una verdadera pasi\u00f3n que naci\u00f3 y creci\u00f3 con \u00e9l a\u00f1o tras a\u00f1o y que estamos seguros de que le acompa\u00f1ar\u00e1 durante [&hellip;]<\/p>\n","protected":false},"author":7,"featured_media":20037,"comment_status":"closed","ping_status":"closed","sticky":false,"template":"","format":"standard","meta":{"inline_featured_image":false,"footnotes":""},"categories":[901,263,823,824],"tags":[265,902],"class_list":["post-20022","post","type-post","status-publish","format-standard","has-post-thumbnail","hentry","category-consejos-para-viajar","category-curiosidades","category-historia","category-tradicion","tag-amalfi-es","tag-cultura-es"],"yoast_head":"<!-- This site is optimized with the Yoast SEO plugin v27.3 - https:\/\/yoast.com\/product\/yoast-seo-wordpress\/ -->\n<title>Alessandro, \u00a1nacido y criado en una zona que ama y que le inspira cada d\u00eda! - Visit Amalfi<\/title>\n<meta name=\"description\" content=\"Los aut\u00e9nticos sabores de la Costa Amalfitana y la tierra y el mar de Amalfi quedar\u00e1n grabados en tu coraz\u00f3n para siempre.\" \/>\n<meta name=\"robots\" content=\"index, follow, max-snippet:-1, max-image-preview:large, max-video-preview:-1\" \/>\n<link rel=\"canonical\" href=\"https:\/\/www.visitamalfi.info\/es\/alessandro-nacido-y-criado-en-una-zona-que-ama-y-que-le-inspira-cada-dia\/\" \/>\n<meta property=\"og:locale\" content=\"es_ES\" \/>\n<meta property=\"og:type\" content=\"article\" \/>\n<meta property=\"og:title\" content=\"Alessandro, \u00a1nacido y criado en una zona que ama y que le inspira cada d\u00eda! - Visit Amalfi\" \/>\n<meta property=\"og:description\" content=\"Los aut\u00e9nticos sabores de la Costa Amalfitana y la tierra y el mar de Amalfi quedar\u00e1n grabados en tu coraz\u00f3n para siempre.\" \/>\n<meta property=\"og:url\" content=\"https:\/\/www.visitamalfi.info\/es\/alessandro-nacido-y-criado-en-una-zona-que-ama-y-que-le-inspira-cada-dia\/\" \/>\n<meta property=\"og:site_name\" content=\"Visit Amalfi\" \/>\n<meta property=\"article:publisher\" content=\"https:\/\/www.facebook.com\/visitamalfiofficial\" \/>\n<meta property=\"article:published_time\" content=\"2024-10-11T10:06:36+00:00\" \/>\n<meta property=\"article:modified_time\" content=\"2024-10-11T10:21:13+00:00\" \/>\n<meta property=\"og:image\" content=\"https:\/\/www.visitamalfi.info\/wp-content\/uploads\/2024\/10\/1.jpg\" \/>\n\t<meta property=\"og:image:width\" content=\"1920\" \/>\n\t<meta property=\"og:image:height\" content=\"1280\" \/>\n\t<meta property=\"og:image:type\" content=\"image\/jpeg\" \/>\n<meta name=\"author\" content=\"Federica Dumont\" \/>\n<meta name=\"twitter:card\" content=\"summary_large_image\" \/>\n<meta name=\"twitter:label1\" content=\"Escrito por\" \/>\n\t<meta name=\"twitter:data1\" content=\"Federica Dumont\" \/>\n\t<meta name=\"twitter:label2\" content=\"Tiempo de lectura\" \/>\n\t<meta name=\"twitter:data2\" content=\"4 minutos\" \/>\n<script type=\"application\/ld+json\" class=\"yoast-schema-graph\">{\"@context\":\"https:\\\/\\\/schema.org\",\"@graph\":[{\"@type\":\"Article\",\"@id\":\"https:\\\/\\\/www.visitamalfi.info\\\/es\\\/alessandro-nacido-y-criado-en-una-zona-que-ama-y-que-le-inspira-cada-dia\\\/#article\",\"isPartOf\":{\"@id\":\"https:\\\/\\\/www.visitamalfi.info\\\/es\\\/alessandro-nacido-y-criado-en-una-zona-que-ama-y-que-le-inspira-cada-dia\\\/\"},\"author\":{\"name\":\"Federica Dumont\",\"@id\":\"https:\\\/\\\/www.visitamalfi.info\\\/es\\\/#\\\/schema\\\/person\\\/0c7584af846d5d2da6c69f7e68f3af96\"},\"headline\":\"Alessandro, \u00a1nacido y criado en una zona que ama y que le inspira cada d\u00eda!\",\"datePublished\":\"2024-10-11T10:06:36+00:00\",\"dateModified\":\"2024-10-11T10:21:13+00:00\",\"mainEntityOfPage\":{\"@id\":\"https:\\\/\\\/www.visitamalfi.info\\\/es\\\/alessandro-nacido-y-criado-en-una-zona-que-ama-y-que-le-inspira-cada-dia\\\/\"},\"wordCount\":448,\"publisher\":{\"@id\":\"https:\\\/\\\/www.visitamalfi.info\\\/es\\\/#organization\"},\"image\":{\"@id\":\"https:\\\/\\\/www.visitamalfi.info\\\/es\\\/alessandro-nacido-y-criado-en-una-zona-que-ama-y-que-le-inspira-cada-dia\\\/#primaryimage\"},\"thumbnailUrl\":\"https:\\\/\\\/www.visitamalfi.info\\\/wp-content\\\/uploads\\\/2024\\\/10\\\/1.jpg\",\"keywords\":[\"amalfi\",\"cultura\"],\"articleSection\":[\"Consejos para viajar\",\"Curiosidades\",\"historia\",\"tradici\u00f3n\"],\"inLanguage\":\"es\"},{\"@type\":\"WebPage\",\"@id\":\"https:\\\/\\\/www.visitamalfi.info\\\/es\\\/alessandro-nacido-y-criado-en-una-zona-que-ama-y-que-le-inspira-cada-dia\\\/\",\"url\":\"https:\\\/\\\/www.visitamalfi.info\\\/es\\\/alessandro-nacido-y-criado-en-una-zona-que-ama-y-que-le-inspira-cada-dia\\\/\",\"name\":\"Alessandro, \u00a1nacido y criado en una zona que ama y que le inspira cada d\u00eda! - Visit Amalfi\",\"isPartOf\":{\"@id\":\"https:\\\/\\\/www.visitamalfi.info\\\/es\\\/#website\"},\"primaryImageOfPage\":{\"@id\":\"https:\\\/\\\/www.visitamalfi.info\\\/es\\\/alessandro-nacido-y-criado-en-una-zona-que-ama-y-que-le-inspira-cada-dia\\\/#primaryimage\"},\"image\":{\"@id\":\"https:\\\/\\\/www.visitamalfi.info\\\/es\\\/alessandro-nacido-y-criado-en-una-zona-que-ama-y-que-le-inspira-cada-dia\\\/#primaryimage\"},\"thumbnailUrl\":\"https:\\\/\\\/www.visitamalfi.info\\\/wp-content\\\/uploads\\\/2024\\\/10\\\/1.jpg\",\"datePublished\":\"2024-10-11T10:06:36+00:00\",\"dateModified\":\"2024-10-11T10:21:13+00:00\",\"description\":\"Los aut\u00e9nticos sabores de la Costa Amalfitana y la tierra y el mar de Amalfi quedar\u00e1n grabados en tu coraz\u00f3n para siempre.\",\"breadcrumb\":{\"@id\":\"https:\\\/\\\/www.visitamalfi.info\\\/es\\\/alessandro-nacido-y-criado-en-una-zona-que-ama-y-que-le-inspira-cada-dia\\\/#breadcrumb\"},\"inLanguage\":\"es\",\"potentialAction\":[{\"@type\":\"ReadAction\",\"target\":[\"https:\\\/\\\/www.visitamalfi.info\\\/es\\\/alessandro-nacido-y-criado-en-una-zona-que-ama-y-que-le-inspira-cada-dia\\\/\"]}]},{\"@type\":\"ImageObject\",\"inLanguage\":\"es\",\"@id\":\"https:\\\/\\\/www.visitamalfi.info\\\/es\\\/alessandro-nacido-y-criado-en-una-zona-que-ama-y-que-le-inspira-cada-dia\\\/#primaryimage\",\"url\":\"https:\\\/\\\/www.visitamalfi.info\\\/wp-content\\\/uploads\\\/2024\\\/10\\\/1.jpg\",\"contentUrl\":\"https:\\\/\\\/www.visitamalfi.info\\\/wp-content\\\/uploads\\\/2024\\\/10\\\/1.jpg\",\"width\":1920,\"height\":1280},{\"@type\":\"BreadcrumbList\",\"@id\":\"https:\\\/\\\/www.visitamalfi.info\\\/es\\\/alessandro-nacido-y-criado-en-una-zona-que-ama-y-que-le-inspira-cada-dia\\\/#breadcrumb\",\"itemListElement\":[{\"@type\":\"ListItem\",\"position\":1,\"name\":\"Home\",\"item\":\"https:\\\/\\\/www.visitamalfi.info\\\/es\\\/\"},{\"@type\":\"ListItem\",\"position\":2,\"name\":\"Alessandro, \u00a1nacido y criado en una zona que ama y que le inspira cada d\u00eda!\"}]},{\"@type\":\"WebSite\",\"@id\":\"https:\\\/\\\/www.visitamalfi.info\\\/es\\\/#website\",\"url\":\"https:\\\/\\\/www.visitamalfi.info\\\/es\\\/\",\"name\":\"Visit Amalfi\",\"description\":\"Amalfi Destination Official Website\",\"publisher\":{\"@id\":\"https:\\\/\\\/www.visitamalfi.info\\\/es\\\/#organization\"},\"potentialAction\":[{\"@type\":\"SearchAction\",\"target\":{\"@type\":\"EntryPoint\",\"urlTemplate\":\"https:\\\/\\\/www.visitamalfi.info\\\/es\\\/?s={search_term_string}\"},\"query-input\":{\"@type\":\"PropertyValueSpecification\",\"valueRequired\":true,\"valueName\":\"search_term_string\"}}],\"inLanguage\":\"es\"},{\"@type\":\"Organization\",\"@id\":\"https:\\\/\\\/www.visitamalfi.info\\\/es\\\/#organization\",\"name\":\"Visit Amalfi\",\"url\":\"https:\\\/\\\/www.visitamalfi.info\\\/es\\\/\",\"logo\":{\"@type\":\"ImageObject\",\"inLanguage\":\"es\",\"@id\":\"https:\\\/\\\/www.visitamalfi.info\\\/es\\\/#\\\/schema\\\/logo\\\/image\\\/\",\"url\":\"https:\\\/\\\/www.visitamalfi.info\\\/wp-content\\\/uploads\\\/2023\\\/04\\\/visit-amalfi-logo-web.png\",\"contentUrl\":\"https:\\\/\\\/www.visitamalfi.info\\\/wp-content\\\/uploads\\\/2023\\\/04\\\/visit-amalfi-logo-web.png\",\"width\":800,\"height\":870,\"caption\":\"Visit Amalfi\"},\"image\":{\"@id\":\"https:\\\/\\\/www.visitamalfi.info\\\/es\\\/#\\\/schema\\\/logo\\\/image\\\/\"},\"sameAs\":[\"https:\\\/\\\/www.facebook.com\\\/visitamalfiofficial\",\"https:\\\/\\\/www.instagram.com\\\/visitamalfiofficial\\\/\"]},{\"@type\":\"Person\",\"@id\":\"https:\\\/\\\/www.visitamalfi.info\\\/es\\\/#\\\/schema\\\/person\\\/0c7584af846d5d2da6c69f7e68f3af96\",\"name\":\"Federica Dumont\",\"image\":{\"@type\":\"ImageObject\",\"inLanguage\":\"es\",\"@id\":\"https:\\\/\\\/secure.gravatar.com\\\/avatar\\\/0803dab414b6c6f1fd2399680f587870a020419b6ebe9d36dd75df06a6a68060?s=96&d=mm&r=g\",\"url\":\"https:\\\/\\\/secure.gravatar.com\\\/avatar\\\/0803dab414b6c6f1fd2399680f587870a020419b6ebe9d36dd75df06a6a68060?s=96&d=mm&r=g\",\"contentUrl\":\"https:\\\/\\\/secure.gravatar.com\\\/avatar\\\/0803dab414b6c6f1fd2399680f587870a020419b6ebe9d36dd75df06a6a68060?s=96&d=mm&r=g\",\"caption\":\"Federica Dumont\"},\"url\":\"https:\\\/\\\/www.visitamalfi.info\\\/es\\\/author\\\/federica\\\/\"}]}<\/script>\n<!-- \/ Yoast SEO plugin. -->","yoast_head_json":{"title":"Alessandro, \u00a1nacido y criado en una zona que ama y que le inspira cada d\u00eda! - Visit Amalfi","description":"Los aut\u00e9nticos sabores de la Costa Amalfitana y la tierra y el mar de Amalfi quedar\u00e1n grabados en tu coraz\u00f3n para siempre.","robots":{"index":"index","follow":"follow","max-snippet":"max-snippet:-1","max-image-preview":"max-image-preview:large","max-video-preview":"max-video-preview:-1"},"canonical":"https:\/\/www.visitamalfi.info\/es\/alessandro-nacido-y-criado-en-una-zona-que-ama-y-que-le-inspira-cada-dia\/","og_locale":"es_ES","og_type":"article","og_title":"Alessandro, \u00a1nacido y criado en una zona que ama y que le inspira cada d\u00eda! - Visit Amalfi","og_description":"Los aut\u00e9nticos sabores de la Costa Amalfitana y la tierra y el mar de Amalfi quedar\u00e1n grabados en tu coraz\u00f3n para siempre.","og_url":"https:\/\/www.visitamalfi.info\/es\/alessandro-nacido-y-criado-en-una-zona-que-ama-y-que-le-inspira-cada-dia\/","og_site_name":"Visit Amalfi","article_publisher":"https:\/\/www.facebook.com\/visitamalfiofficial","article_published_time":"2024-10-11T10:06:36+00:00","article_modified_time":"2024-10-11T10:21:13+00:00","og_image":[{"width":1920,"height":1280,"url":"https:\/\/www.visitamalfi.info\/wp-content\/uploads\/2024\/10\/1.jpg","type":"image\/jpeg"}],"author":"Federica Dumont","twitter_card":"summary_large_image","twitter_misc":{"Escrito por":"Federica Dumont","Tiempo de lectura":"4 minutos"},"schema":{"@context":"https:\/\/schema.org","@graph":[{"@type":"Article","@id":"https:\/\/www.visitamalfi.info\/es\/alessandro-nacido-y-criado-en-una-zona-que-ama-y-que-le-inspira-cada-dia\/#article","isPartOf":{"@id":"https:\/\/www.visitamalfi.info\/es\/alessandro-nacido-y-criado-en-una-zona-que-ama-y-que-le-inspira-cada-dia\/"},"author":{"name":"Federica Dumont","@id":"https:\/\/www.visitamalfi.info\/es\/#\/schema\/person\/0c7584af846d5d2da6c69f7e68f3af96"},"headline":"Alessandro, \u00a1nacido y criado en una zona que ama y que le inspira cada d\u00eda!","datePublished":"2024-10-11T10:06:36+00:00","dateModified":"2024-10-11T10:21:13+00:00","mainEntityOfPage":{"@id":"https:\/\/www.visitamalfi.info\/es\/alessandro-nacido-y-criado-en-una-zona-que-ama-y-que-le-inspira-cada-dia\/"},"wordCount":448,"publisher":{"@id":"https:\/\/www.visitamalfi.info\/es\/#organization"},"image":{"@id":"https:\/\/www.visitamalfi.info\/es\/alessandro-nacido-y-criado-en-una-zona-que-ama-y-que-le-inspira-cada-dia\/#primaryimage"},"thumbnailUrl":"https:\/\/www.visitamalfi.info\/wp-content\/uploads\/2024\/10\/1.jpg","keywords":["amalfi","cultura"],"articleSection":["Consejos para viajar","Curiosidades","historia","tradici\u00f3n"],"inLanguage":"es"},{"@type":"WebPage","@id":"https:\/\/www.visitamalfi.info\/es\/alessandro-nacido-y-criado-en-una-zona-que-ama-y-que-le-inspira-cada-dia\/","url":"https:\/\/www.visitamalfi.info\/es\/alessandro-nacido-y-criado-en-una-zona-que-ama-y-que-le-inspira-cada-dia\/","name":"Alessandro, \u00a1nacido y criado en una zona que ama y que le inspira cada d\u00eda! - Visit Amalfi","isPartOf":{"@id":"https:\/\/www.visitamalfi.info\/es\/#website"},"primaryImageOfPage":{"@id":"https:\/\/www.visitamalfi.info\/es\/alessandro-nacido-y-criado-en-una-zona-que-ama-y-que-le-inspira-cada-dia\/#primaryimage"},"image":{"@id":"https:\/\/www.visitamalfi.info\/es\/alessandro-nacido-y-criado-en-una-zona-que-ama-y-que-le-inspira-cada-dia\/#primaryimage"},"thumbnailUrl":"https:\/\/www.visitamalfi.info\/wp-content\/uploads\/2024\/10\/1.jpg","datePublished":"2024-10-11T10:06:36+00:00","dateModified":"2024-10-11T10:21:13+00:00","description":"Los aut\u00e9nticos sabores de la Costa Amalfitana y la tierra y el mar de Amalfi quedar\u00e1n grabados en tu coraz\u00f3n para siempre.","breadcrumb":{"@id":"https:\/\/www.visitamalfi.info\/es\/alessandro-nacido-y-criado-en-una-zona-que-ama-y-que-le-inspira-cada-dia\/#breadcrumb"},"inLanguage":"es","potentialAction":[{"@type":"ReadAction","target":["https:\/\/www.visitamalfi.info\/es\/alessandro-nacido-y-criado-en-una-zona-que-ama-y-que-le-inspira-cada-dia\/"]}]},{"@type":"ImageObject","inLanguage":"es","@id":"https:\/\/www.visitamalfi.info\/es\/alessandro-nacido-y-criado-en-una-zona-que-ama-y-que-le-inspira-cada-dia\/#primaryimage","url":"https:\/\/www.visitamalfi.info\/wp-content\/uploads\/2024\/10\/1.jpg","contentUrl":"https:\/\/www.visitamalfi.info\/wp-content\/uploads\/2024\/10\/1.jpg","width":1920,"height":1280},{"@type":"BreadcrumbList","@id":"https:\/\/www.visitamalfi.info\/es\/alessandro-nacido-y-criado-en-una-zona-que-ama-y-que-le-inspira-cada-dia\/#breadcrumb","itemListElement":[{"@type":"ListItem","position":1,"name":"Home","item":"https:\/\/www.visitamalfi.info\/es\/"},{"@type":"ListItem","position":2,"name":"Alessandro, \u00a1nacido y criado en una zona que ama y que le inspira cada d\u00eda!"}]},{"@type":"WebSite","@id":"https:\/\/www.visitamalfi.info\/es\/#website","url":"https:\/\/www.visitamalfi.info\/es\/","name":"Visit Amalfi","description":"Amalfi Destination Official Website","publisher":{"@id":"https:\/\/www.visitamalfi.info\/es\/#organization"},"potentialAction":[{"@type":"SearchAction","target":{"@type":"EntryPoint","urlTemplate":"https:\/\/www.visitamalfi.info\/es\/?s={search_term_string}"},"query-input":{"@type":"PropertyValueSpecification","valueRequired":true,"valueName":"search_term_string"}}],"inLanguage":"es"},{"@type":"Organization","@id":"https:\/\/www.visitamalfi.info\/es\/#organization","name":"Visit Amalfi","url":"https:\/\/www.visitamalfi.info\/es\/","logo":{"@type":"ImageObject","inLanguage":"es","@id":"https:\/\/www.visitamalfi.info\/es\/#\/schema\/logo\/image\/","url":"https:\/\/www.visitamalfi.info\/wp-content\/uploads\/2023\/04\/visit-amalfi-logo-web.png","contentUrl":"https:\/\/www.visitamalfi.info\/wp-content\/uploads\/2023\/04\/visit-amalfi-logo-web.png","width":800,"height":870,"caption":"Visit Amalfi"},"image":{"@id":"https:\/\/www.visitamalfi.info\/es\/#\/schema\/logo\/image\/"},"sameAs":["https:\/\/www.facebook.com\/visitamalfiofficial","https:\/\/www.instagram.com\/visitamalfiofficial\/"]},{"@type":"Person","@id":"https:\/\/www.visitamalfi.info\/es\/#\/schema\/person\/0c7584af846d5d2da6c69f7e68f3af96","name":"Federica Dumont","image":{"@type":"ImageObject","inLanguage":"es","@id":"https:\/\/secure.gravatar.com\/avatar\/0803dab414b6c6f1fd2399680f587870a020419b6ebe9d36dd75df06a6a68060?s=96&d=mm&r=g","url":"https:\/\/secure.gravatar.com\/avatar\/0803dab414b6c6f1fd2399680f587870a020419b6ebe9d36dd75df06a6a68060?s=96&d=mm&r=g","contentUrl":"https:\/\/secure.gravatar.com\/avatar\/0803dab414b6c6f1fd2399680f587870a020419b6ebe9d36dd75df06a6a68060?s=96&d=mm&r=g","caption":"Federica Dumont"},"url":"https:\/\/www.visitamalfi.info\/es\/author\/federica\/"}]}},"_links":{"self":[{"href":"https:\/\/www.visitamalfi.info\/es\/wp-json\/wp\/v2\/posts\/20022","targetHints":{"allow":["GET"]}}],"collection":[{"href":"https:\/\/www.visitamalfi.info\/es\/wp-json\/wp\/v2\/posts"}],"about":[{"href":"https:\/\/www.visitamalfi.info\/es\/wp-json\/wp\/v2\/types\/post"}],"author":[{"embeddable":true,"href":"https:\/\/www.visitamalfi.info\/es\/wp-json\/wp\/v2\/users\/7"}],"replies":[{"embeddable":true,"href":"https:\/\/www.visitamalfi.info\/es\/wp-json\/wp\/v2\/comments?post=20022"}],"version-history":[{"count":3,"href":"https:\/\/www.visitamalfi.info\/es\/wp-json\/wp\/v2\/posts\/20022\/revisions"}],"predecessor-version":[{"id":20046,"href":"https:\/\/www.visitamalfi.info\/es\/wp-json\/wp\/v2\/posts\/20022\/revisions\/20046"}],"wp:featuredmedia":[{"embeddable":true,"href":"https:\/\/www.visitamalfi.info\/es\/wp-json\/wp\/v2\/media\/20037"}],"wp:attachment":[{"href":"https:\/\/www.visitamalfi.info\/es\/wp-json\/wp\/v2\/media?parent=20022"}],"wp:term":[{"taxonomy":"category","embeddable":true,"href":"https:\/\/www.visitamalfi.info\/es\/wp-json\/wp\/v2\/categories?post=20022"},{"taxonomy":"post_tag","embeddable":true,"href":"https:\/\/www.visitamalfi.info\/es\/wp-json\/wp\/v2\/tags?post=20022"}],"curies":[{"name":"wp","href":"https:\/\/api.w.org\/{rel}","templated":true}]}}