{"id":19149,"date":"2024-06-10T11:24:54","date_gmt":"2024-06-10T09:24:54","guid":{"rendered":"https:\/\/www.visitamalfi.info\/fiesta-del-verano-de-amalfi-2024\/"},"modified":"2024-06-10T11:32:41","modified_gmt":"2024-06-10T09:32:41","slug":"fiesta-del-verano-de-amalfi-2024","status":"publish","type":"post","link":"https:\/\/www.visitamalfi.info\/es\/fiesta-del-verano-de-amalfi-2024\/","title":{"rendered":"Fiesta del Verano de Amalfi 2024"},"content":{"rendered":"<p>Arisa, Simona Molinari, Paolo Belli y su Big Band, Frankie &amp; Canthina Band, Maurizio De Giovanni: los grandes conciertos y espect\u00e1culos del verano en Amalfi. Amalfi en Jazz, el Concierto de la Puesta de Sol, noches de discoteca. Novedad el set de vinilos en la Piazza Duomo y la revista teatral Scene d&#8217;aMare: todos los eventos de 2024 promovidos por el Ayuntamiento de Amalfi con entrada gratuita.<\/p>\n<p>El sonido irrumpe en Amalfi, que se transforma en un gran anfiteatro natural &#8220;en plein air&#8221;. La magia est\u00e1 a punto de estallar con &#8220;Amalfi Summer Fest&#8221;, el programa de actos promovido por la administraci\u00f3n municipal dirigida por el alcalde Daniele Milano, para vivir juntos la belleza del verano en nombre de la m\u00fasica, el teatro, la literatura y el arte.<\/p>\n<p>Arisa, Simona Molinari, Paolo Belli con su Big Band, Ana Carla Maza, Matthew Lee, son s\u00f3lo algunos de los grandes artistas que actuar\u00e1n este verano en Amalfi, uno de los escenarios m\u00e1s fascinantes del mundo, tocando lugares extraordinarios, desde el Duomo hasta los rincones m\u00e1s \u00edntimos y escondidos de la ciudad, o m\u00e1s arriba, a lo largo de las laderas de los pueblos m\u00e1s altos, en miradores de belleza sobrecogedora.<\/p>\n<p>El Amalfi Summer Fest se confirma as\u00ed como un punto de referencia en la Costa Amalfitana, en un cruce de g\u00e9neros que incluye m\u00fasica italiana remezclada en clave dance, contaminaciones funky y soul, rock, m\u00fasica negra, jazz latino, bossa nova y atm\u00f3sferas gospel. Un groove con un fuerte impacto emocional, que cruza la m\u00fasica pop y la energ\u00eda del baile disco, para un verano inolvidable, hecho a\u00fan m\u00e1s evocador por la arquitectura de la Catedral y la escalera monumental, que se iluminan para crear un escenario \u00fanico. Amalfi en Jazz, el impresionante Concierto al Atardecer en las maravillosas terrazas panor\u00e1micas con vistas al mar, las fascinantes celebraciones del A\u00f1o Nuevo Bizantino, que incluyen recreaciones hist\u00f3ricas, investidura del Magister, espect\u00e1culos de fuego y conciertos en la Piazza Duomo.<\/p>\n<p>Tambi\u00e9n ser\u00e1 una celebraci\u00f3n del Sonido Motown y su papel en los a\u00f1os 60 en la difusi\u00f3n del g\u00e9nero R&amp;B y la integraci\u00f3n racial en la m\u00fasica pop: un homenaje al genio creativo de grandes m\u00fasicos que se convirtieron en leyendas de la historia de la m\u00fasica.<\/p>\n<p>Adem\u00e1s, tras el gran \u00e9xito del a\u00f1o pasado con el experimento Cover Night, la energ\u00eda pura y disruptiva de la m\u00fasica disco en la plaza vuelve por petici\u00f3n popular, con un directo especial protagonizado exclusivamente por discos de vinilo.<\/p>\n<p>La novedad de esta edici\u00f3n es la Rassegna &#8220;Scene d&#8217;aMare&#8221;, entre teatro y literatura: dos citas que enriquecer\u00e1n el programa de verano, en el que participar\u00e1n, entre otros, el escritor Maurizio De Giovanni, los actores Paolo Cresta, Rosaria De Cicco, Alessio Sica, Marianita Carfora, Alfredo Mundo, Riccardo Maio, Gennaro Monti, Debora Sacco, Michele Costantino y m\u00fasicos de la gran escuela de jazz de Campania.<\/p>\n<p>Un denso y creciente programa de eventos, que tambi\u00e9n estar\u00e1 acompa\u00f1ado por Borghi in Festa, la revista itinerante entre las aldeas de Amalfi en un viaje sensorial en busca del gran patrimonio identitario y la gran melod\u00eda de la canci\u00f3n italiana y cl\u00e1sica. Tambi\u00e9n habr\u00e1 el Verano Infantil, el programa exclusivo dise\u00f1ado para los ni\u00f1os, y grandes exposiciones.<\/p>\n<p>&#8220;Amalfi Summer Fest es una propuesta cultural y art\u00edstica de gran amplitud, variada, para vivir todos juntos momentos de desenfado y alegr\u00eda -subraya el alcalde Daniele Milano- En las \u00faltimas ediciones hemos registrado un r\u00e9cord de asistencia. Es un programa de eventos pensado para alegrar a todos nuestros ciudadanos, a los j\u00f3venes y a todos los turistas internacionales que han elegido Amalfi como destino tur\u00edstico. Rutas dedicadas a descubrir Amalfi, sus puntos de inter\u00e9s, su patrimonio hist\u00f3rico e identitario, su belleza. Amalfi Summer Fest se inscribe en esta visi\u00f3n, para crear dinamismo y vitalidad, con citas libres, porque la cultura no tiene barreras&#8221;.<\/p>\n<p>&#8220;La Piazza Duomo se transforma en un elegante sal\u00f3n, con m\u00fasica ambiental bajo las estrellas. Las luces se apagan, s\u00f3lo se ilumina la arquitectura del Duomo, y la poes\u00eda se abre a la mirada del espectador. Esta es una de las im\u00e1genes m\u00e1s poderosas y evocadoras del Amalfi Summer Fest&#8221;, explica Enza Cobalto, concejala de Eventos, comisaria del programa de eventos estivales, &#8220;el festival se caracteriza por su vocaci\u00f3n internacional. La idea b\u00e1sica de las elecciones art\u00edsticas es crear momentos de entretenimiento dedicados a la ciudad y hacer que la estancia en Amalfi sea agradable para los turistas. Tendremos jazz en todos sus matices, desde el interplay y la improvisaci\u00f3n jazz\u00edstica hasta el pop-jazz, con grandes voces italianas e internacionales, como Simona Molinari y Ana Carla Maza. Nos dejaremos llevar por la magia del Concierto ac\u00fastico al atardecer con Lucy Kiely y Cherubino Fariello. Bailaremos con la Big Band de Paolo Belli y con apasionantes espect\u00e1culos inspirados en la gran m\u00fasica italiana remezclada en clave de m\u00fasica disco. Descubriremos los rincones m\u00e1s bellos de Amalfi con Borghi in Festa, que se a\u00f1adir\u00e1 al programa de actos. Y gran final con el A\u00f1o Nuevo Bizantino y una artista incre\u00edble, Arisa, una voz extraordinaria para una velada exclusiva en la Piazza Duomo&#8217;.<\/p>\n<p>Editado por:<\/p>\n<p>Oficina de Prensa &#8211; Ciudad de Amalfi<\/p>\n<p>Descubre el programa en la secci\u00f3n de <a href=\"https:\/\/www.visitamalfi.info\/eventi\/\">eventos<\/a> de nuestro sitio web y \u00a1disfruta del verano en Amalfi!<\/p>\n","protected":false},"excerpt":{"rendered":"<p>Arisa, Simona Molinari, Paolo Belli y su Big Band, Frankie &amp; Canthina Band, Maurizio De Giovanni: los grandes conciertos y espect\u00e1culos del verano en Amalfi. Amalfi en Jazz, el Concierto [&hellip;]<\/p>\n","protected":false},"author":7,"featured_media":5280,"comment_status":"open","ping_status":"closed","sticky":false,"template":"","format":"standard","meta":{"inline_featured_image":false,"footnotes":""},"categories":[901,822,824],"tags":[265,1734,1733],"class_list":["post-19149","post","type-post","status-publish","format-standard","has-post-thumbnail","hentry","category-consejos-para-viajar","category-eventos","category-tradicion","tag-amalfi-es","tag-eventos-es","tag-verano-amalfi-24"],"yoast_head":"<!-- This site is optimized with the Yoast SEO plugin v27.3 - https:\/\/yoast.com\/product\/yoast-seo-wordpress\/ -->\n<title>Fiesta del Verano de Amalfi 2024 - Visit Amalfi<\/title>\n<meta name=\"robots\" content=\"index, follow, max-snippet:-1, max-image-preview:large, max-video-preview:-1\" \/>\n<link rel=\"canonical\" href=\"https:\/\/www.visitamalfi.info\/es\/fiesta-del-verano-de-amalfi-2024\/\" \/>\n<meta property=\"og:locale\" content=\"es_ES\" \/>\n<meta property=\"og:type\" content=\"article\" \/>\n<meta property=\"og:title\" content=\"Fiesta del Verano de Amalfi 2024 - Visit Amalfi\" \/>\n<meta property=\"og:description\" content=\"Arisa, Simona Molinari, Paolo Belli y su Big Band, Frankie &amp; Canthina Band, Maurizio De Giovanni: los grandes conciertos y espect\u00e1culos del verano en Amalfi. Amalfi en Jazz, el Concierto [&hellip;]\" \/>\n<meta property=\"og:url\" content=\"https:\/\/www.visitamalfi.info\/es\/fiesta-del-verano-de-amalfi-2024\/\" \/>\n<meta property=\"og:site_name\" content=\"Visit Amalfi\" \/>\n<meta property=\"article:publisher\" content=\"https:\/\/www.facebook.com\/visitamalfiofficial\" \/>\n<meta property=\"article:published_time\" content=\"2024-06-10T09:24:54+00:00\" \/>\n<meta property=\"article:modified_time\" content=\"2024-06-10T09:32:41+00:00\" \/>\n<meta property=\"og:image\" content=\"https:\/\/www.visitamalfi.info\/wp-content\/uploads\/2023\/07\/eventi.jpg\" \/>\n\t<meta property=\"og:image:width\" content=\"1920\" \/>\n\t<meta property=\"og:image:height\" content=\"886\" \/>\n\t<meta property=\"og:image:type\" content=\"image\/jpeg\" \/>\n<meta name=\"author\" content=\"Federica Dumont\" \/>\n<meta name=\"twitter:card\" content=\"summary_large_image\" \/>\n<meta name=\"twitter:label1\" content=\"Escrito por\" \/>\n\t<meta name=\"twitter:data1\" content=\"Federica Dumont\" \/>\n\t<meta name=\"twitter:label2\" content=\"Tiempo de lectura\" \/>\n\t<meta name=\"twitter:data2\" content=\"5 minutos\" \/>\n<script type=\"application\/ld+json\" class=\"yoast-schema-graph\">{\"@context\":\"https:\\\/\\\/schema.org\",\"@graph\":[{\"@type\":\"Article\",\"@id\":\"https:\\\/\\\/www.visitamalfi.info\\\/es\\\/fiesta-del-verano-de-amalfi-2024\\\/#article\",\"isPartOf\":{\"@id\":\"https:\\\/\\\/www.visitamalfi.info\\\/es\\\/fiesta-del-verano-de-amalfi-2024\\\/\"},\"author\":{\"name\":\"Federica Dumont\",\"@id\":\"https:\\\/\\\/www.visitamalfi.info\\\/es\\\/#\\\/schema\\\/person\\\/0c7584af846d5d2da6c69f7e68f3af96\"},\"headline\":\"Fiesta del Verano de Amalfi 2024\",\"datePublished\":\"2024-06-10T09:24:54+00:00\",\"dateModified\":\"2024-06-10T09:32:41+00:00\",\"mainEntityOfPage\":{\"@id\":\"https:\\\/\\\/www.visitamalfi.info\\\/es\\\/fiesta-del-verano-de-amalfi-2024\\\/\"},\"wordCount\":955,\"commentCount\":0,\"publisher\":{\"@id\":\"https:\\\/\\\/www.visitamalfi.info\\\/es\\\/#organization\"},\"image\":{\"@id\":\"https:\\\/\\\/www.visitamalfi.info\\\/es\\\/fiesta-del-verano-de-amalfi-2024\\\/#primaryimage\"},\"thumbnailUrl\":\"https:\\\/\\\/www.visitamalfi.info\\\/wp-content\\\/uploads\\\/2023\\\/07\\\/eventi.jpg\",\"keywords\":[\"amalfi\",\"eventos\",\"verano amalfi 24\"],\"articleSection\":[\"Consejos para viajar\",\"Eventos\",\"tradici\u00f3n\"],\"inLanguage\":\"es\",\"potentialAction\":[{\"@type\":\"CommentAction\",\"name\":\"Comment\",\"target\":[\"https:\\\/\\\/www.visitamalfi.info\\\/es\\\/fiesta-del-verano-de-amalfi-2024\\\/#respond\"]}]},{\"@type\":\"WebPage\",\"@id\":\"https:\\\/\\\/www.visitamalfi.info\\\/es\\\/fiesta-del-verano-de-amalfi-2024\\\/\",\"url\":\"https:\\\/\\\/www.visitamalfi.info\\\/es\\\/fiesta-del-verano-de-amalfi-2024\\\/\",\"name\":\"Fiesta del Verano de Amalfi 2024 - Visit Amalfi\",\"isPartOf\":{\"@id\":\"https:\\\/\\\/www.visitamalfi.info\\\/es\\\/#website\"},\"primaryImageOfPage\":{\"@id\":\"https:\\\/\\\/www.visitamalfi.info\\\/es\\\/fiesta-del-verano-de-amalfi-2024\\\/#primaryimage\"},\"image\":{\"@id\":\"https:\\\/\\\/www.visitamalfi.info\\\/es\\\/fiesta-del-verano-de-amalfi-2024\\\/#primaryimage\"},\"thumbnailUrl\":\"https:\\\/\\\/www.visitamalfi.info\\\/wp-content\\\/uploads\\\/2023\\\/07\\\/eventi.jpg\",\"datePublished\":\"2024-06-10T09:24:54+00:00\",\"dateModified\":\"2024-06-10T09:32:41+00:00\",\"breadcrumb\":{\"@id\":\"https:\\\/\\\/www.visitamalfi.info\\\/es\\\/fiesta-del-verano-de-amalfi-2024\\\/#breadcrumb\"},\"inLanguage\":\"es\",\"potentialAction\":[{\"@type\":\"ReadAction\",\"target\":[\"https:\\\/\\\/www.visitamalfi.info\\\/es\\\/fiesta-del-verano-de-amalfi-2024\\\/\"]}]},{\"@type\":\"ImageObject\",\"inLanguage\":\"es\",\"@id\":\"https:\\\/\\\/www.visitamalfi.info\\\/es\\\/fiesta-del-verano-de-amalfi-2024\\\/#primaryimage\",\"url\":\"https:\\\/\\\/www.visitamalfi.info\\\/wp-content\\\/uploads\\\/2023\\\/07\\\/eventi.jpg\",\"contentUrl\":\"https:\\\/\\\/www.visitamalfi.info\\\/wp-content\\\/uploads\\\/2023\\\/07\\\/eventi.jpg\",\"width\":1920,\"height\":886},{\"@type\":\"BreadcrumbList\",\"@id\":\"https:\\\/\\\/www.visitamalfi.info\\\/es\\\/fiesta-del-verano-de-amalfi-2024\\\/#breadcrumb\",\"itemListElement\":[{\"@type\":\"ListItem\",\"position\":1,\"name\":\"Home\",\"item\":\"https:\\\/\\\/www.visitamalfi.info\\\/es\\\/\"},{\"@type\":\"ListItem\",\"position\":2,\"name\":\"Fiesta del Verano de Amalfi 2024\"}]},{\"@type\":\"WebSite\",\"@id\":\"https:\\\/\\\/www.visitamalfi.info\\\/es\\\/#website\",\"url\":\"https:\\\/\\\/www.visitamalfi.info\\\/es\\\/\",\"name\":\"Visit Amalfi\",\"description\":\"Amalfi Destination Official Website\",\"publisher\":{\"@id\":\"https:\\\/\\\/www.visitamalfi.info\\\/es\\\/#organization\"},\"potentialAction\":[{\"@type\":\"SearchAction\",\"target\":{\"@type\":\"EntryPoint\",\"urlTemplate\":\"https:\\\/\\\/www.visitamalfi.info\\\/es\\\/?s={search_term_string}\"},\"query-input\":{\"@type\":\"PropertyValueSpecification\",\"valueRequired\":true,\"valueName\":\"search_term_string\"}}],\"inLanguage\":\"es\"},{\"@type\":\"Organization\",\"@id\":\"https:\\\/\\\/www.visitamalfi.info\\\/es\\\/#organization\",\"name\":\"Visit Amalfi\",\"url\":\"https:\\\/\\\/www.visitamalfi.info\\\/es\\\/\",\"logo\":{\"@type\":\"ImageObject\",\"inLanguage\":\"es\",\"@id\":\"https:\\\/\\\/www.visitamalfi.info\\\/es\\\/#\\\/schema\\\/logo\\\/image\\\/\",\"url\":\"https:\\\/\\\/www.visitamalfi.info\\\/wp-content\\\/uploads\\\/2023\\\/04\\\/visit-amalfi-logo-web.png\",\"contentUrl\":\"https:\\\/\\\/www.visitamalfi.info\\\/wp-content\\\/uploads\\\/2023\\\/04\\\/visit-amalfi-logo-web.png\",\"width\":800,\"height\":870,\"caption\":\"Visit Amalfi\"},\"image\":{\"@id\":\"https:\\\/\\\/www.visitamalfi.info\\\/es\\\/#\\\/schema\\\/logo\\\/image\\\/\"},\"sameAs\":[\"https:\\\/\\\/www.facebook.com\\\/visitamalfiofficial\",\"https:\\\/\\\/www.instagram.com\\\/visitamalfiofficial\\\/\"]},{\"@type\":\"Person\",\"@id\":\"https:\\\/\\\/www.visitamalfi.info\\\/es\\\/#\\\/schema\\\/person\\\/0c7584af846d5d2da6c69f7e68f3af96\",\"name\":\"Federica Dumont\",\"image\":{\"@type\":\"ImageObject\",\"inLanguage\":\"es\",\"@id\":\"https:\\\/\\\/secure.gravatar.com\\\/avatar\\\/0803dab414b6c6f1fd2399680f587870a020419b6ebe9d36dd75df06a6a68060?s=96&d=mm&r=g\",\"url\":\"https:\\\/\\\/secure.gravatar.com\\\/avatar\\\/0803dab414b6c6f1fd2399680f587870a020419b6ebe9d36dd75df06a6a68060?s=96&d=mm&r=g\",\"contentUrl\":\"https:\\\/\\\/secure.gravatar.com\\\/avatar\\\/0803dab414b6c6f1fd2399680f587870a020419b6ebe9d36dd75df06a6a68060?s=96&d=mm&r=g\",\"caption\":\"Federica Dumont\"},\"url\":\"https:\\\/\\\/www.visitamalfi.info\\\/es\\\/author\\\/federica\\\/\"}]}<\/script>\n<!-- \/ Yoast SEO plugin. -->","yoast_head_json":{"title":"Fiesta del Verano de Amalfi 2024 - Visit Amalfi","robots":{"index":"index","follow":"follow","max-snippet":"max-snippet:-1","max-image-preview":"max-image-preview:large","max-video-preview":"max-video-preview:-1"},"canonical":"https:\/\/www.visitamalfi.info\/es\/fiesta-del-verano-de-amalfi-2024\/","og_locale":"es_ES","og_type":"article","og_title":"Fiesta del Verano de Amalfi 2024 - Visit Amalfi","og_description":"Arisa, Simona Molinari, Paolo Belli y su Big Band, Frankie &amp; Canthina Band, Maurizio De Giovanni: los grandes conciertos y espect\u00e1culos del verano en Amalfi. Amalfi en Jazz, el Concierto [&hellip;]","og_url":"https:\/\/www.visitamalfi.info\/es\/fiesta-del-verano-de-amalfi-2024\/","og_site_name":"Visit Amalfi","article_publisher":"https:\/\/www.facebook.com\/visitamalfiofficial","article_published_time":"2024-06-10T09:24:54+00:00","article_modified_time":"2024-06-10T09:32:41+00:00","og_image":[{"width":1920,"height":886,"url":"https:\/\/www.visitamalfi.info\/wp-content\/uploads\/2023\/07\/eventi.jpg","type":"image\/jpeg"}],"author":"Federica Dumont","twitter_card":"summary_large_image","twitter_misc":{"Escrito por":"Federica Dumont","Tiempo de lectura":"5 minutos"},"schema":{"@context":"https:\/\/schema.org","@graph":[{"@type":"Article","@id":"https:\/\/www.visitamalfi.info\/es\/fiesta-del-verano-de-amalfi-2024\/#article","isPartOf":{"@id":"https:\/\/www.visitamalfi.info\/es\/fiesta-del-verano-de-amalfi-2024\/"},"author":{"name":"Federica Dumont","@id":"https:\/\/www.visitamalfi.info\/es\/#\/schema\/person\/0c7584af846d5d2da6c69f7e68f3af96"},"headline":"Fiesta del Verano de Amalfi 2024","datePublished":"2024-06-10T09:24:54+00:00","dateModified":"2024-06-10T09:32:41+00:00","mainEntityOfPage":{"@id":"https:\/\/www.visitamalfi.info\/es\/fiesta-del-verano-de-amalfi-2024\/"},"wordCount":955,"commentCount":0,"publisher":{"@id":"https:\/\/www.visitamalfi.info\/es\/#organization"},"image":{"@id":"https:\/\/www.visitamalfi.info\/es\/fiesta-del-verano-de-amalfi-2024\/#primaryimage"},"thumbnailUrl":"https:\/\/www.visitamalfi.info\/wp-content\/uploads\/2023\/07\/eventi.jpg","keywords":["amalfi","eventos","verano amalfi 24"],"articleSection":["Consejos para viajar","Eventos","tradici\u00f3n"],"inLanguage":"es","potentialAction":[{"@type":"CommentAction","name":"Comment","target":["https:\/\/www.visitamalfi.info\/es\/fiesta-del-verano-de-amalfi-2024\/#respond"]}]},{"@type":"WebPage","@id":"https:\/\/www.visitamalfi.info\/es\/fiesta-del-verano-de-amalfi-2024\/","url":"https:\/\/www.visitamalfi.info\/es\/fiesta-del-verano-de-amalfi-2024\/","name":"Fiesta del Verano de Amalfi 2024 - Visit Amalfi","isPartOf":{"@id":"https:\/\/www.visitamalfi.info\/es\/#website"},"primaryImageOfPage":{"@id":"https:\/\/www.visitamalfi.info\/es\/fiesta-del-verano-de-amalfi-2024\/#primaryimage"},"image":{"@id":"https:\/\/www.visitamalfi.info\/es\/fiesta-del-verano-de-amalfi-2024\/#primaryimage"},"thumbnailUrl":"https:\/\/www.visitamalfi.info\/wp-content\/uploads\/2023\/07\/eventi.jpg","datePublished":"2024-06-10T09:24:54+00:00","dateModified":"2024-06-10T09:32:41+00:00","breadcrumb":{"@id":"https:\/\/www.visitamalfi.info\/es\/fiesta-del-verano-de-amalfi-2024\/#breadcrumb"},"inLanguage":"es","potentialAction":[{"@type":"ReadAction","target":["https:\/\/www.visitamalfi.info\/es\/fiesta-del-verano-de-amalfi-2024\/"]}]},{"@type":"ImageObject","inLanguage":"es","@id":"https:\/\/www.visitamalfi.info\/es\/fiesta-del-verano-de-amalfi-2024\/#primaryimage","url":"https:\/\/www.visitamalfi.info\/wp-content\/uploads\/2023\/07\/eventi.jpg","contentUrl":"https:\/\/www.visitamalfi.info\/wp-content\/uploads\/2023\/07\/eventi.jpg","width":1920,"height":886},{"@type":"BreadcrumbList","@id":"https:\/\/www.visitamalfi.info\/es\/fiesta-del-verano-de-amalfi-2024\/#breadcrumb","itemListElement":[{"@type":"ListItem","position":1,"name":"Home","item":"https:\/\/www.visitamalfi.info\/es\/"},{"@type":"ListItem","position":2,"name":"Fiesta del Verano de Amalfi 2024"}]},{"@type":"WebSite","@id":"https:\/\/www.visitamalfi.info\/es\/#website","url":"https:\/\/www.visitamalfi.info\/es\/","name":"Visit Amalfi","description":"Amalfi Destination Official Website","publisher":{"@id":"https:\/\/www.visitamalfi.info\/es\/#organization"},"potentialAction":[{"@type":"SearchAction","target":{"@type":"EntryPoint","urlTemplate":"https:\/\/www.visitamalfi.info\/es\/?s={search_term_string}"},"query-input":{"@type":"PropertyValueSpecification","valueRequired":true,"valueName":"search_term_string"}}],"inLanguage":"es"},{"@type":"Organization","@id":"https:\/\/www.visitamalfi.info\/es\/#organization","name":"Visit Amalfi","url":"https:\/\/www.visitamalfi.info\/es\/","logo":{"@type":"ImageObject","inLanguage":"es","@id":"https:\/\/www.visitamalfi.info\/es\/#\/schema\/logo\/image\/","url":"https:\/\/www.visitamalfi.info\/wp-content\/uploads\/2023\/04\/visit-amalfi-logo-web.png","contentUrl":"https:\/\/www.visitamalfi.info\/wp-content\/uploads\/2023\/04\/visit-amalfi-logo-web.png","width":800,"height":870,"caption":"Visit Amalfi"},"image":{"@id":"https:\/\/www.visitamalfi.info\/es\/#\/schema\/logo\/image\/"},"sameAs":["https:\/\/www.facebook.com\/visitamalfiofficial","https:\/\/www.instagram.com\/visitamalfiofficial\/"]},{"@type":"Person","@id":"https:\/\/www.visitamalfi.info\/es\/#\/schema\/person\/0c7584af846d5d2da6c69f7e68f3af96","name":"Federica Dumont","image":{"@type":"ImageObject","inLanguage":"es","@id":"https:\/\/secure.gravatar.com\/avatar\/0803dab414b6c6f1fd2399680f587870a020419b6ebe9d36dd75df06a6a68060?s=96&d=mm&r=g","url":"https:\/\/secure.gravatar.com\/avatar\/0803dab414b6c6f1fd2399680f587870a020419b6ebe9d36dd75df06a6a68060?s=96&d=mm&r=g","contentUrl":"https:\/\/secure.gravatar.com\/avatar\/0803dab414b6c6f1fd2399680f587870a020419b6ebe9d36dd75df06a6a68060?s=96&d=mm&r=g","caption":"Federica Dumont"},"url":"https:\/\/www.visitamalfi.info\/es\/author\/federica\/"}]}},"_links":{"self":[{"href":"https:\/\/www.visitamalfi.info\/es\/wp-json\/wp\/v2\/posts\/19149","targetHints":{"allow":["GET"]}}],"collection":[{"href":"https:\/\/www.visitamalfi.info\/es\/wp-json\/wp\/v2\/posts"}],"about":[{"href":"https:\/\/www.visitamalfi.info\/es\/wp-json\/wp\/v2\/types\/post"}],"author":[{"embeddable":true,"href":"https:\/\/www.visitamalfi.info\/es\/wp-json\/wp\/v2\/users\/7"}],"replies":[{"embeddable":true,"href":"https:\/\/www.visitamalfi.info\/es\/wp-json\/wp\/v2\/comments?post=19149"}],"version-history":[{"count":1,"href":"https:\/\/www.visitamalfi.info\/es\/wp-json\/wp\/v2\/posts\/19149\/revisions"}],"predecessor-version":[{"id":19150,"href":"https:\/\/www.visitamalfi.info\/es\/wp-json\/wp\/v2\/posts\/19149\/revisions\/19150"}],"wp:featuredmedia":[{"embeddable":true,"href":"https:\/\/www.visitamalfi.info\/es\/wp-json\/wp\/v2\/media\/5280"}],"wp:attachment":[{"href":"https:\/\/www.visitamalfi.info\/es\/wp-json\/wp\/v2\/media?parent=19149"}],"wp:term":[{"taxonomy":"category","embeddable":true,"href":"https:\/\/www.visitamalfi.info\/es\/wp-json\/wp\/v2\/categories?post=19149"},{"taxonomy":"post_tag","embeddable":true,"href":"https:\/\/www.visitamalfi.info\/es\/wp-json\/wp\/v2\/tags?post=19149"}],"curies":[{"name":"wp","href":"https:\/\/api.w.org\/{rel}","templated":true}]}}