{"id":14365,"date":"2024-03-20T14:06:45","date_gmt":"2024-03-20T13:06:45","guid":{"rendered":"https:\/\/www.visitamalfi.info\/?p=14365"},"modified":"2024-05-03T14:54:31","modified_gmt":"2024-05-03T12:54:31","slug":"semana-santa-2024-en-amalfi-los-acontecimientos","status":"publish","type":"post","link":"https:\/\/www.visitamalfi.info\/es\/semana-santa-2024-en-amalfi-los-acontecimientos\/","title":{"rendered":"Semana Santa 2024 en Amalfi: los acontecimientos"},"content":{"rendered":"\t\t<div data-elementor-type=\"wp-post\" data-elementor-id=\"14365\" class=\"elementor elementor-14365 elementor-14362\">\n\t\t\t\t\t\t<section class=\"elementor-section elementor-top-section elementor-element elementor-element-356446cb elementor-section-full_width elementor-section-height-default elementor-section-height-default\" data-id=\"356446cb\" data-element_type=\"section\" data-e-type=\"section\">\n\t\t\t\t\t\t<div class=\"elementor-container elementor-column-gap-no\">\n\t\t\t\t\t<div class=\"elementor-column elementor-col-100 elementor-top-column elementor-element elementor-element-5ec58ce0\" data-id=\"5ec58ce0\" data-element_type=\"column\" data-e-type=\"column\">\n\t\t\t<div class=\"elementor-widget-wrap elementor-element-populated\">\n\t\t\t\t\t\t<div class=\"elementor-element elementor-element-8492fde elementor-drop-cap-yes elementor-drop-cap-view-default elementor-widget elementor-widget-text-editor\" data-id=\"8492fde\" data-element_type=\"widget\" data-e-type=\"widget\" data-settings=\"{&quot;drop_cap&quot;:&quot;yes&quot;}\" data-widget_type=\"text-editor.default\">\n\t\t\t\t<div class=\"elementor-widget-container\">\n\t\t\t\t\t\t\t\t\t<p class=\"cvGsUA direction-ltr align-start para-style-body\"><span class=\"OYPEnA text-decoration-none text-strikethrough-none\">Pascua en Amalfi, tiempo de fe, cultura, tradici\u00f3n y sacralidad. <\/span><span class=\"OYPEnA text-decoration-none text-strikethrough-none\">&#8220;<\/span><span class=\"OYPEnA text-decoration-none text-strikethrough-none\">El Ayuntamiento de Amalfi, dirigido por el alcalde Daniele Milano, se prepara para celebrar la Santa Pascua -un momento vivido con gran intensidad por toda la comunidad- y acoger a los turistas con un programa de actos a trav\u00e9s del cual se renueva el gran patrimonio antropol\u00f3gico de la ciudad, para descubrir la fe m\u00e1s aut\u00e9ntica y profunda de los amalfitanos<\/span><span class=\"OYPEnA text-decoration-none text-strikethrough-none\">&#8220;<\/span><\/p>\n\t\t\t\t\t\t\t\t<\/div>\n\t\t\t\t<\/div>\n\t\t\t\t<div class=\"elementor-element elementor-element-350e35f2 elementor-widget-divider--view-line elementor-widget elementor-widget-divider\" data-id=\"350e35f2\" data-element_type=\"widget\" data-e-type=\"widget\" data-widget_type=\"divider.default\">\n\t\t\t\t<div class=\"elementor-widget-container\">\n\t\t\t\t\t\t\t<div class=\"elementor-divider\">\n\t\t\t<span class=\"elementor-divider-separator\">\n\t\t\t\t\t\t<\/span>\n\t\t<\/div>\n\t\t\t\t\t\t<\/div>\n\t\t\t\t<\/div>\n\t\t\t\t<div class=\"elementor-element elementor-element-8f56c11 elementor-widget elementor-widget-read-more\" data-id=\"8f56c11\" data-element_type=\"widget\" data-e-type=\"widget\" data-widget_type=\"read-more.default\">\n\t\t\t\t<div class=\"elementor-widget-container\">\n\t\t\t\t\t<\/div><\/div><\/div><\/div><\/div><\/section><\/div> <a href=\"https:\/\/www.visitamalfi.info\/es\/semana-santa-2024-en-amalfi-los-acontecimientos\/#more-14365\" class=\"more-link elementor-more-link\"><span aria-label=\"Sigue leyendo Semana Santa 2024 en Amalfi: los acontecimientos\">Continua a leggere<\/span><\/a>","protected":false},"excerpt":{"rendered":"<p>Pascua en Amalfi, tiempo de fe, cultura, tradici\u00f3n y sacralidad. &#8220;El Ayuntamiento de Amalfi, dirigido por el alcalde Daniele Milano, se prepara para celebrar la Santa Pascua -un momento vivido [&hellip;]<\/p>\n","protected":false},"author":7,"featured_media":14360,"comment_status":"closed","ping_status":"closed","sticky":false,"template":"","format":"standard","meta":{"inline_featured_image":false,"footnotes":""},"categories":[726,901,822,823,824],"tags":[265,827,825,1497,1498,826],"class_list":["post-14365","post","type-post","status-publish","format-standard","has-post-thumbnail","hentry","category-arte-es","category-consejos-para-viajar","category-eventos","category-historia","category-tradicion","tag-amalfi-es","tag-eventos","tag-historia","tag-pascua2024","tag-recreacion","tag-tradicion"],"yoast_head":"<!-- This site is optimized with the Yoast SEO plugin v27.3 - https:\/\/yoast.com\/product\/yoast-seo-wordpress\/ -->\n<title>Semana Santa 2024 en Amalfi: los acontecimientos - Visit Amalfi<\/title>\n<meta name=\"robots\" content=\"index, follow, max-snippet:-1, max-image-preview:large, max-video-preview:-1\" \/>\n<link rel=\"canonical\" href=\"https:\/\/www.visitamalfi.info\/es\/semana-santa-2024-en-amalfi-los-acontecimientos\/\" \/>\n<meta property=\"og:locale\" content=\"es_ES\" \/>\n<meta property=\"og:type\" content=\"article\" \/>\n<meta property=\"og:title\" content=\"Semana Santa 2024 en Amalfi: los acontecimientos - Visit Amalfi\" \/>\n<meta property=\"og:description\" content=\"Pascua en Amalfi, tiempo de fe, cultura, tradici\u00f3n y sacralidad. &#8220;El Ayuntamiento de Amalfi, dirigido por el alcalde Daniele Milano, se prepara para celebrar la Santa Pascua -un momento vivido [&hellip;]\" \/>\n<meta property=\"og:url\" content=\"https:\/\/www.visitamalfi.info\/es\/semana-santa-2024-en-amalfi-los-acontecimientos\/\" \/>\n<meta property=\"og:site_name\" content=\"Visit Amalfi\" \/>\n<meta property=\"article:publisher\" content=\"https:\/\/www.facebook.com\/visitamalfiofficial\" \/>\n<meta property=\"article:published_time\" content=\"2024-03-20T13:06:45+00:00\" \/>\n<meta property=\"article:modified_time\" content=\"2024-05-03T12:54:31+00:00\" \/>\n<meta property=\"og:image\" content=\"https:\/\/www.visitamalfi.info\/wp-content\/uploads\/2024\/03\/WhatsApp-Image-2024-03-19-at-09.37.07.jpeg\" \/>\n\t<meta property=\"og:image:width\" content=\"1120\" \/>\n\t<meta property=\"og:image:height\" content=\"1600\" \/>\n\t<meta property=\"og:image:type\" content=\"image\/jpeg\" \/>\n<meta name=\"author\" content=\"Federica Dumont\" \/>\n<meta name=\"twitter:card\" content=\"summary_large_image\" \/>\n<meta name=\"twitter:label1\" content=\"Escrito por\" \/>\n\t<meta name=\"twitter:data1\" content=\"Federica Dumont\" \/>\n\t<meta name=\"twitter:label2\" content=\"Tiempo de lectura\" \/>\n\t<meta name=\"twitter:data2\" content=\"3 minutos\" \/>\n<script type=\"application\/ld+json\" class=\"yoast-schema-graph\">{\"@context\":\"https:\\\/\\\/schema.org\",\"@graph\":[{\"@type\":\"Article\",\"@id\":\"https:\\\/\\\/www.visitamalfi.info\\\/es\\\/semana-santa-2024-en-amalfi-los-acontecimientos\\\/#article\",\"isPartOf\":{\"@id\":\"https:\\\/\\\/www.visitamalfi.info\\\/es\\\/semana-santa-2024-en-amalfi-los-acontecimientos\\\/\"},\"author\":{\"name\":\"Federica Dumont\",\"@id\":\"https:\\\/\\\/www.visitamalfi.info\\\/es\\\/#\\\/schema\\\/person\\\/0c7584af846d5d2da6c69f7e68f3af96\"},\"headline\":\"Semana Santa 2024 en Amalfi: los acontecimientos\",\"datePublished\":\"2024-03-20T13:06:45+00:00\",\"dateModified\":\"2024-05-03T12:54:31+00:00\",\"mainEntityOfPage\":{\"@id\":\"https:\\\/\\\/www.visitamalfi.info\\\/es\\\/semana-santa-2024-en-amalfi-los-acontecimientos\\\/\"},\"wordCount\":673,\"publisher\":{\"@id\":\"https:\\\/\\\/www.visitamalfi.info\\\/es\\\/#organization\"},\"image\":{\"@id\":\"https:\\\/\\\/www.visitamalfi.info\\\/es\\\/semana-santa-2024-en-amalfi-los-acontecimientos\\\/#primaryimage\"},\"thumbnailUrl\":\"https:\\\/\\\/www.visitamalfi.info\\\/wp-content\\\/uploads\\\/2024\\\/03\\\/WhatsApp-Image-2024-03-19-at-09.37.07.jpeg\",\"keywords\":[\"amalfi\",\"eventos\",\"historia\",\"pascua2024\",\"recreaci\u00f3n\",\"tradici\u00f3n\"],\"articleSection\":[\"arte\",\"Consejos para viajar\",\"Eventos\",\"historia\",\"tradici\u00f3n\"],\"inLanguage\":\"es\"},{\"@type\":\"WebPage\",\"@id\":\"https:\\\/\\\/www.visitamalfi.info\\\/es\\\/semana-santa-2024-en-amalfi-los-acontecimientos\\\/\",\"url\":\"https:\\\/\\\/www.visitamalfi.info\\\/es\\\/semana-santa-2024-en-amalfi-los-acontecimientos\\\/\",\"name\":\"Semana Santa 2024 en Amalfi: los acontecimientos - Visit Amalfi\",\"isPartOf\":{\"@id\":\"https:\\\/\\\/www.visitamalfi.info\\\/es\\\/#website\"},\"primaryImageOfPage\":{\"@id\":\"https:\\\/\\\/www.visitamalfi.info\\\/es\\\/semana-santa-2024-en-amalfi-los-acontecimientos\\\/#primaryimage\"},\"image\":{\"@id\":\"https:\\\/\\\/www.visitamalfi.info\\\/es\\\/semana-santa-2024-en-amalfi-los-acontecimientos\\\/#primaryimage\"},\"thumbnailUrl\":\"https:\\\/\\\/www.visitamalfi.info\\\/wp-content\\\/uploads\\\/2024\\\/03\\\/WhatsApp-Image-2024-03-19-at-09.37.07.jpeg\",\"datePublished\":\"2024-03-20T13:06:45+00:00\",\"dateModified\":\"2024-05-03T12:54:31+00:00\",\"breadcrumb\":{\"@id\":\"https:\\\/\\\/www.visitamalfi.info\\\/es\\\/semana-santa-2024-en-amalfi-los-acontecimientos\\\/#breadcrumb\"},\"inLanguage\":\"es\",\"potentialAction\":[{\"@type\":\"ReadAction\",\"target\":[\"https:\\\/\\\/www.visitamalfi.info\\\/es\\\/semana-santa-2024-en-amalfi-los-acontecimientos\\\/\"]}]},{\"@type\":\"ImageObject\",\"inLanguage\":\"es\",\"@id\":\"https:\\\/\\\/www.visitamalfi.info\\\/es\\\/semana-santa-2024-en-amalfi-los-acontecimientos\\\/#primaryimage\",\"url\":\"https:\\\/\\\/www.visitamalfi.info\\\/wp-content\\\/uploads\\\/2024\\\/03\\\/WhatsApp-Image-2024-03-19-at-09.37.07.jpeg\",\"contentUrl\":\"https:\\\/\\\/www.visitamalfi.info\\\/wp-content\\\/uploads\\\/2024\\\/03\\\/WhatsApp-Image-2024-03-19-at-09.37.07.jpeg\",\"width\":1120,\"height\":1600},{\"@type\":\"BreadcrumbList\",\"@id\":\"https:\\\/\\\/www.visitamalfi.info\\\/es\\\/semana-santa-2024-en-amalfi-los-acontecimientos\\\/#breadcrumb\",\"itemListElement\":[{\"@type\":\"ListItem\",\"position\":1,\"name\":\"Home\",\"item\":\"https:\\\/\\\/www.visitamalfi.info\\\/es\\\/\"},{\"@type\":\"ListItem\",\"position\":2,\"name\":\"Semana Santa 2024 en Amalfi: los acontecimientos\"}]},{\"@type\":\"WebSite\",\"@id\":\"https:\\\/\\\/www.visitamalfi.info\\\/es\\\/#website\",\"url\":\"https:\\\/\\\/www.visitamalfi.info\\\/es\\\/\",\"name\":\"Visit Amalfi\",\"description\":\"Amalfi Destination Official Website\",\"publisher\":{\"@id\":\"https:\\\/\\\/www.visitamalfi.info\\\/es\\\/#organization\"},\"potentialAction\":[{\"@type\":\"SearchAction\",\"target\":{\"@type\":\"EntryPoint\",\"urlTemplate\":\"https:\\\/\\\/www.visitamalfi.info\\\/es\\\/?s={search_term_string}\"},\"query-input\":{\"@type\":\"PropertyValueSpecification\",\"valueRequired\":true,\"valueName\":\"search_term_string\"}}],\"inLanguage\":\"es\"},{\"@type\":\"Organization\",\"@id\":\"https:\\\/\\\/www.visitamalfi.info\\\/es\\\/#organization\",\"name\":\"Visit Amalfi\",\"url\":\"https:\\\/\\\/www.visitamalfi.info\\\/es\\\/\",\"logo\":{\"@type\":\"ImageObject\",\"inLanguage\":\"es\",\"@id\":\"https:\\\/\\\/www.visitamalfi.info\\\/es\\\/#\\\/schema\\\/logo\\\/image\\\/\",\"url\":\"https:\\\/\\\/www.visitamalfi.info\\\/wp-content\\\/uploads\\\/2023\\\/04\\\/visit-amalfi-logo-web.png\",\"contentUrl\":\"https:\\\/\\\/www.visitamalfi.info\\\/wp-content\\\/uploads\\\/2023\\\/04\\\/visit-amalfi-logo-web.png\",\"width\":800,\"height\":870,\"caption\":\"Visit Amalfi\"},\"image\":{\"@id\":\"https:\\\/\\\/www.visitamalfi.info\\\/es\\\/#\\\/schema\\\/logo\\\/image\\\/\"},\"sameAs\":[\"https:\\\/\\\/www.facebook.com\\\/visitamalfiofficial\",\"https:\\\/\\\/www.instagram.com\\\/visitamalfiofficial\\\/\"]},{\"@type\":\"Person\",\"@id\":\"https:\\\/\\\/www.visitamalfi.info\\\/es\\\/#\\\/schema\\\/person\\\/0c7584af846d5d2da6c69f7e68f3af96\",\"name\":\"Federica Dumont\",\"image\":{\"@type\":\"ImageObject\",\"inLanguage\":\"es\",\"@id\":\"https:\\\/\\\/secure.gravatar.com\\\/avatar\\\/0803dab414b6c6f1fd2399680f587870a020419b6ebe9d36dd75df06a6a68060?s=96&d=mm&r=g\",\"url\":\"https:\\\/\\\/secure.gravatar.com\\\/avatar\\\/0803dab414b6c6f1fd2399680f587870a020419b6ebe9d36dd75df06a6a68060?s=96&d=mm&r=g\",\"contentUrl\":\"https:\\\/\\\/secure.gravatar.com\\\/avatar\\\/0803dab414b6c6f1fd2399680f587870a020419b6ebe9d36dd75df06a6a68060?s=96&d=mm&r=g\",\"caption\":\"Federica Dumont\"},\"url\":\"https:\\\/\\\/www.visitamalfi.info\\\/es\\\/author\\\/federica\\\/\"}]}<\/script>\n<!-- \/ Yoast SEO plugin. -->","yoast_head_json":{"title":"Semana Santa 2024 en Amalfi: los acontecimientos - Visit Amalfi","robots":{"index":"index","follow":"follow","max-snippet":"max-snippet:-1","max-image-preview":"max-image-preview:large","max-video-preview":"max-video-preview:-1"},"canonical":"https:\/\/www.visitamalfi.info\/es\/semana-santa-2024-en-amalfi-los-acontecimientos\/","og_locale":"es_ES","og_type":"article","og_title":"Semana Santa 2024 en Amalfi: los acontecimientos - Visit Amalfi","og_description":"Pascua en Amalfi, tiempo de fe, cultura, tradici\u00f3n y sacralidad. &#8220;El Ayuntamiento de Amalfi, dirigido por el alcalde Daniele Milano, se prepara para celebrar la Santa Pascua -un momento vivido [&hellip;]","og_url":"https:\/\/www.visitamalfi.info\/es\/semana-santa-2024-en-amalfi-los-acontecimientos\/","og_site_name":"Visit Amalfi","article_publisher":"https:\/\/www.facebook.com\/visitamalfiofficial","article_published_time":"2024-03-20T13:06:45+00:00","article_modified_time":"2024-05-03T12:54:31+00:00","og_image":[{"width":1120,"height":1600,"url":"https:\/\/www.visitamalfi.info\/wp-content\/uploads\/2024\/03\/WhatsApp-Image-2024-03-19-at-09.37.07.jpeg","type":"image\/jpeg"}],"author":"Federica Dumont","twitter_card":"summary_large_image","twitter_misc":{"Escrito por":"Federica Dumont","Tiempo de lectura":"3 minutos"},"schema":{"@context":"https:\/\/schema.org","@graph":[{"@type":"Article","@id":"https:\/\/www.visitamalfi.info\/es\/semana-santa-2024-en-amalfi-los-acontecimientos\/#article","isPartOf":{"@id":"https:\/\/www.visitamalfi.info\/es\/semana-santa-2024-en-amalfi-los-acontecimientos\/"},"author":{"name":"Federica Dumont","@id":"https:\/\/www.visitamalfi.info\/es\/#\/schema\/person\/0c7584af846d5d2da6c69f7e68f3af96"},"headline":"Semana Santa 2024 en Amalfi: los acontecimientos","datePublished":"2024-03-20T13:06:45+00:00","dateModified":"2024-05-03T12:54:31+00:00","mainEntityOfPage":{"@id":"https:\/\/www.visitamalfi.info\/es\/semana-santa-2024-en-amalfi-los-acontecimientos\/"},"wordCount":673,"publisher":{"@id":"https:\/\/www.visitamalfi.info\/es\/#organization"},"image":{"@id":"https:\/\/www.visitamalfi.info\/es\/semana-santa-2024-en-amalfi-los-acontecimientos\/#primaryimage"},"thumbnailUrl":"https:\/\/www.visitamalfi.info\/wp-content\/uploads\/2024\/03\/WhatsApp-Image-2024-03-19-at-09.37.07.jpeg","keywords":["amalfi","eventos","historia","pascua2024","recreaci\u00f3n","tradici\u00f3n"],"articleSection":["arte","Consejos para viajar","Eventos","historia","tradici\u00f3n"],"inLanguage":"es"},{"@type":"WebPage","@id":"https:\/\/www.visitamalfi.info\/es\/semana-santa-2024-en-amalfi-los-acontecimientos\/","url":"https:\/\/www.visitamalfi.info\/es\/semana-santa-2024-en-amalfi-los-acontecimientos\/","name":"Semana Santa 2024 en Amalfi: los acontecimientos - Visit Amalfi","isPartOf":{"@id":"https:\/\/www.visitamalfi.info\/es\/#website"},"primaryImageOfPage":{"@id":"https:\/\/www.visitamalfi.info\/es\/semana-santa-2024-en-amalfi-los-acontecimientos\/#primaryimage"},"image":{"@id":"https:\/\/www.visitamalfi.info\/es\/semana-santa-2024-en-amalfi-los-acontecimientos\/#primaryimage"},"thumbnailUrl":"https:\/\/www.visitamalfi.info\/wp-content\/uploads\/2024\/03\/WhatsApp-Image-2024-03-19-at-09.37.07.jpeg","datePublished":"2024-03-20T13:06:45+00:00","dateModified":"2024-05-03T12:54:31+00:00","breadcrumb":{"@id":"https:\/\/www.visitamalfi.info\/es\/semana-santa-2024-en-amalfi-los-acontecimientos\/#breadcrumb"},"inLanguage":"es","potentialAction":[{"@type":"ReadAction","target":["https:\/\/www.visitamalfi.info\/es\/semana-santa-2024-en-amalfi-los-acontecimientos\/"]}]},{"@type":"ImageObject","inLanguage":"es","@id":"https:\/\/www.visitamalfi.info\/es\/semana-santa-2024-en-amalfi-los-acontecimientos\/#primaryimage","url":"https:\/\/www.visitamalfi.info\/wp-content\/uploads\/2024\/03\/WhatsApp-Image-2024-03-19-at-09.37.07.jpeg","contentUrl":"https:\/\/www.visitamalfi.info\/wp-content\/uploads\/2024\/03\/WhatsApp-Image-2024-03-19-at-09.37.07.jpeg","width":1120,"height":1600},{"@type":"BreadcrumbList","@id":"https:\/\/www.visitamalfi.info\/es\/semana-santa-2024-en-amalfi-los-acontecimientos\/#breadcrumb","itemListElement":[{"@type":"ListItem","position":1,"name":"Home","item":"https:\/\/www.visitamalfi.info\/es\/"},{"@type":"ListItem","position":2,"name":"Semana Santa 2024 en Amalfi: los acontecimientos"}]},{"@type":"WebSite","@id":"https:\/\/www.visitamalfi.info\/es\/#website","url":"https:\/\/www.visitamalfi.info\/es\/","name":"Visit Amalfi","description":"Amalfi Destination Official Website","publisher":{"@id":"https:\/\/www.visitamalfi.info\/es\/#organization"},"potentialAction":[{"@type":"SearchAction","target":{"@type":"EntryPoint","urlTemplate":"https:\/\/www.visitamalfi.info\/es\/?s={search_term_string}"},"query-input":{"@type":"PropertyValueSpecification","valueRequired":true,"valueName":"search_term_string"}}],"inLanguage":"es"},{"@type":"Organization","@id":"https:\/\/www.visitamalfi.info\/es\/#organization","name":"Visit Amalfi","url":"https:\/\/www.visitamalfi.info\/es\/","logo":{"@type":"ImageObject","inLanguage":"es","@id":"https:\/\/www.visitamalfi.info\/es\/#\/schema\/logo\/image\/","url":"https:\/\/www.visitamalfi.info\/wp-content\/uploads\/2023\/04\/visit-amalfi-logo-web.png","contentUrl":"https:\/\/www.visitamalfi.info\/wp-content\/uploads\/2023\/04\/visit-amalfi-logo-web.png","width":800,"height":870,"caption":"Visit Amalfi"},"image":{"@id":"https:\/\/www.visitamalfi.info\/es\/#\/schema\/logo\/image\/"},"sameAs":["https:\/\/www.facebook.com\/visitamalfiofficial","https:\/\/www.instagram.com\/visitamalfiofficial\/"]},{"@type":"Person","@id":"https:\/\/www.visitamalfi.info\/es\/#\/schema\/person\/0c7584af846d5d2da6c69f7e68f3af96","name":"Federica Dumont","image":{"@type":"ImageObject","inLanguage":"es","@id":"https:\/\/secure.gravatar.com\/avatar\/0803dab414b6c6f1fd2399680f587870a020419b6ebe9d36dd75df06a6a68060?s=96&d=mm&r=g","url":"https:\/\/secure.gravatar.com\/avatar\/0803dab414b6c6f1fd2399680f587870a020419b6ebe9d36dd75df06a6a68060?s=96&d=mm&r=g","contentUrl":"https:\/\/secure.gravatar.com\/avatar\/0803dab414b6c6f1fd2399680f587870a020419b6ebe9d36dd75df06a6a68060?s=96&d=mm&r=g","caption":"Federica Dumont"},"url":"https:\/\/www.visitamalfi.info\/es\/author\/federica\/"}]}},"_links":{"self":[{"href":"https:\/\/www.visitamalfi.info\/es\/wp-json\/wp\/v2\/posts\/14365","targetHints":{"allow":["GET"]}}],"collection":[{"href":"https:\/\/www.visitamalfi.info\/es\/wp-json\/wp\/v2\/posts"}],"about":[{"href":"https:\/\/www.visitamalfi.info\/es\/wp-json\/wp\/v2\/types\/post"}],"author":[{"embeddable":true,"href":"https:\/\/www.visitamalfi.info\/es\/wp-json\/wp\/v2\/users\/7"}],"replies":[{"embeddable":true,"href":"https:\/\/www.visitamalfi.info\/es\/wp-json\/wp\/v2\/comments?post=14365"}],"version-history":[{"count":5,"href":"https:\/\/www.visitamalfi.info\/es\/wp-json\/wp\/v2\/posts\/14365\/revisions"}],"predecessor-version":[{"id":16916,"href":"https:\/\/www.visitamalfi.info\/es\/wp-json\/wp\/v2\/posts\/14365\/revisions\/16916"}],"wp:featuredmedia":[{"embeddable":true,"href":"https:\/\/www.visitamalfi.info\/es\/wp-json\/wp\/v2\/media\/14360"}],"wp:attachment":[{"href":"https:\/\/www.visitamalfi.info\/es\/wp-json\/wp\/v2\/media?parent=14365"}],"wp:term":[{"taxonomy":"category","embeddable":true,"href":"https:\/\/www.visitamalfi.info\/es\/wp-json\/wp\/v2\/categories?post=14365"},{"taxonomy":"post_tag","embeddable":true,"href":"https:\/\/www.visitamalfi.info\/es\/wp-json\/wp\/v2\/tags?post=14365"}],"curies":[{"name":"wp","href":"https:\/\/api.w.org\/{rel}","templated":true}]}}