{"id":14070,"date":"2024-02-03T14:56:44","date_gmt":"2024-02-03T13:56:44","guid":{"rendered":"https:\/\/www.visitamalfi.info\/?p=14070"},"modified":"2024-05-03T15:12:59","modified_gmt":"2024-05-03T13:12:59","slug":"el-carnaval-de-amalfi-ha-llegado-a-la-ciudad","status":"publish","type":"post","link":"https:\/\/www.visitamalfi.info\/es\/el-carnaval-de-amalfi-ha-llegado-a-la-ciudad\/","title":{"rendered":"\u00a1El Carnaval de Amalfi ha llegado a la ciudad!"},"content":{"rendered":"\t\t<div data-elementor-type=\"wp-post\" data-elementor-id=\"14070\" class=\"elementor elementor-14070 elementor-14067\">\n\t\t\t\t\t\t<section class=\"elementor-section elementor-top-section elementor-element elementor-element-356446cb elementor-section-full_width elementor-section-height-default elementor-section-height-default\" data-id=\"356446cb\" data-element_type=\"section\" data-e-type=\"section\">\n\t\t\t\t\t\t<div class=\"elementor-container elementor-column-gap-no\">\n\t\t\t\t\t<div class=\"elementor-column elementor-col-100 elementor-top-column elementor-element elementor-element-5ec58ce0\" data-id=\"5ec58ce0\" data-element_type=\"column\" data-e-type=\"column\">\n\t\t\t<div class=\"elementor-widget-wrap elementor-element-populated\">\n\t\t\t\t\t\t<div class=\"elementor-element elementor-element-8492fde elementor-drop-cap-yes elementor-drop-cap-view-default elementor-widget elementor-widget-text-editor\" data-id=\"8492fde\" data-element_type=\"widget\" data-e-type=\"widget\" data-settings=\"{&quot;drop_cap&quot;:&quot;yes&quot;}\" data-widget_type=\"text-editor.default\">\n\t\t\t\t<div class=\"elementor-widget-container\">\n\t\t\t\t\t\t\t\t\t<p><span class=\"OYPEnA text-decoration-none text-strikethrough-none\">Contin\u00faan las celebraciones del Carnaval amalfitano, que comenzaron ayer con el Mardi Gras y el espect\u00e1culo &#8216;Che mondo \u00e8 se Carnevale non c&#8217;\u00e8&#8217; (&#8216;Qu\u00e9 mundo es si no est\u00e1 el Carnaval&#8217;) en el Arsenale della Repubblica, con m\u00fasica, actores, alegres marionetas y el mism\u00edsimo Rey Carnaval. Un acontecimiento que entusiasm\u00f3 a todos, j\u00f3venes y mayores, y que se desarroll\u00f3 en un ambiente de alegr\u00eda y serenidad.<\/span><\/p>\n\t\t\t\t\t\t\t\t<\/div>\n\t\t\t\t<\/div>\n\t\t\t\t<div class=\"elementor-element elementor-element-350e35f2 elementor-widget-divider--view-line elementor-widget elementor-widget-divider\" data-id=\"350e35f2\" data-element_type=\"widget\" data-e-type=\"widget\" data-widget_type=\"divider.default\">\n\t\t\t\t<div class=\"elementor-widget-container\">\n\t\t\t\t\t\t\t<div class=\"elementor-divider\">\n\t\t\t<span class=\"elementor-divider-separator\">\n\t\t\t\t\t\t<\/span>\n\t\t<\/div>\n\t\t\t\t\t\t<\/div>\n\t\t\t\t<\/div>\n\t\t\t\t<div class=\"elementor-element elementor-element-8f56c11 elementor-widget elementor-widget-read-more\" data-id=\"8f56c11\" data-element_type=\"widget\" data-e-type=\"widget\" data-widget_type=\"read-more.default\">\n\t\t\t\t<div class=\"elementor-widget-container\">\n\t\t\t\t\t<\/div><\/div><\/div><\/div><\/div><\/section><\/div> <a href=\"https:\/\/www.visitamalfi.info\/es\/el-carnaval-de-amalfi-ha-llegado-a-la-ciudad\/#more-14070\" class=\"more-link elementor-more-link\"><span aria-label=\"Sigue leyendo \u00a1El Carnaval de Amalfi ha llegado a la ciudad!\">Continua a leggere<\/span><\/a>","protected":false},"excerpt":{"rendered":"<p>Contin\u00faan las celebraciones del Carnaval amalfitano, que comenzaron ayer con el Mardi Gras y el espect\u00e1culo &#8216;Che mondo \u00e8 se Carnevale non c&#8217;\u00e8&#8217; (&#8216;Qu\u00e9 mundo es si no est\u00e1 el [&hellip;]<\/p>\n","protected":false},"author":7,"featured_media":14058,"comment_status":"closed","ping_status":"closed","sticky":false,"template":"","format":"standard","meta":{"inline_featured_image":false,"footnotes":""},"categories":[901,263,822,824],"tags":[265,1440,827,1344,1442,604,826],"class_list":["post-14070","post","type-post","status-publish","format-standard","has-post-thumbnail","hentry","category-consejos-para-viajar","category-curiosidades","category-eventos","category-tradicion","tag-amalfi-es","tag-carnaval","tag-eventos","tag-fiesta","tag-mascaras","tag-musica","tag-tradicion"],"yoast_head":"<!-- This site is optimized with the Yoast SEO plugin v27.3 - https:\/\/yoast.com\/product\/yoast-seo-wordpress\/ -->\n<title>\u00a1El Carnaval de Amalfi ha llegado a la ciudad! - Visit Amalfi<\/title>\n<meta name=\"robots\" content=\"index, follow, max-snippet:-1, max-image-preview:large, max-video-preview:-1\" \/>\n<link rel=\"canonical\" href=\"https:\/\/www.visitamalfi.info\/es\/el-carnaval-de-amalfi-ha-llegado-a-la-ciudad\/\" \/>\n<meta property=\"og:locale\" content=\"es_ES\" \/>\n<meta property=\"og:type\" content=\"article\" \/>\n<meta property=\"og:title\" content=\"\u00a1El Carnaval de Amalfi ha llegado a la ciudad! - Visit Amalfi\" \/>\n<meta property=\"og:description\" content=\"Contin\u00faan las celebraciones del Carnaval amalfitano, que comenzaron ayer con el Mardi Gras y el espect\u00e1culo &#8216;Che mondo \u00e8 se Carnevale non c&#8217;\u00e8&#8217; (&#8216;Qu\u00e9 mundo es si no est\u00e1 el [&hellip;]\" \/>\n<meta property=\"og:url\" content=\"https:\/\/www.visitamalfi.info\/es\/el-carnaval-de-amalfi-ha-llegado-a-la-ciudad\/\" \/>\n<meta property=\"og:site_name\" content=\"Visit Amalfi\" \/>\n<meta property=\"article:publisher\" content=\"https:\/\/www.facebook.com\/visitamalfiofficial\" \/>\n<meta property=\"article:published_time\" content=\"2024-02-03T13:56:44+00:00\" \/>\n<meta property=\"article:modified_time\" content=\"2024-05-03T13:12:59+00:00\" \/>\n<meta property=\"og:image\" content=\"https:\/\/www.visitamalfi.info\/wp-content\/uploads\/2024\/02\/carnevale.jpeg\" \/>\n\t<meta property=\"og:image:width\" content=\"1080\" \/>\n\t<meta property=\"og:image:height\" content=\"1543\" \/>\n\t<meta property=\"og:image:type\" content=\"image\/jpeg\" \/>\n<meta name=\"author\" content=\"Federica Dumont\" \/>\n<meta name=\"twitter:card\" content=\"summary_large_image\" \/>\n<meta name=\"twitter:label1\" content=\"Escrito por\" \/>\n\t<meta name=\"twitter:data1\" content=\"Federica Dumont\" \/>\n\t<meta name=\"twitter:label2\" content=\"Tiempo de lectura\" \/>\n\t<meta name=\"twitter:data2\" content=\"1 minuto\" \/>\n<script type=\"application\/ld+json\" class=\"yoast-schema-graph\">{\"@context\":\"https:\\\/\\\/schema.org\",\"@graph\":[{\"@type\":\"Article\",\"@id\":\"https:\\\/\\\/www.visitamalfi.info\\\/es\\\/el-carnaval-de-amalfi-ha-llegado-a-la-ciudad\\\/#article\",\"isPartOf\":{\"@id\":\"https:\\\/\\\/www.visitamalfi.info\\\/es\\\/el-carnaval-de-amalfi-ha-llegado-a-la-ciudad\\\/\"},\"author\":{\"name\":\"Federica Dumont\",\"@id\":\"https:\\\/\\\/www.visitamalfi.info\\\/es\\\/#\\\/schema\\\/person\\\/0c7584af846d5d2da6c69f7e68f3af96\"},\"headline\":\"\u00a1El Carnaval de Amalfi ha llegado a la ciudad!\",\"datePublished\":\"2024-02-03T13:56:44+00:00\",\"dateModified\":\"2024-05-03T13:12:59+00:00\",\"mainEntityOfPage\":{\"@id\":\"https:\\\/\\\/www.visitamalfi.info\\\/es\\\/el-carnaval-de-amalfi-ha-llegado-a-la-ciudad\\\/\"},\"wordCount\":283,\"publisher\":{\"@id\":\"https:\\\/\\\/www.visitamalfi.info\\\/es\\\/#organization\"},\"image\":{\"@id\":\"https:\\\/\\\/www.visitamalfi.info\\\/es\\\/el-carnaval-de-amalfi-ha-llegado-a-la-ciudad\\\/#primaryimage\"},\"thumbnailUrl\":\"https:\\\/\\\/www.visitamalfi.info\\\/wp-content\\\/uploads\\\/2024\\\/02\\\/carnevale.jpeg\",\"keywords\":[\"amalfi\",\"carnaval\",\"eventos\",\"fiesta\",\"m\u00e1scaras\",\"m\u00fasica\",\"tradici\u00f3n\"],\"articleSection\":[\"Consejos para viajar\",\"Curiosidades\",\"Eventos\",\"tradici\u00f3n\"],\"inLanguage\":\"es\"},{\"@type\":\"WebPage\",\"@id\":\"https:\\\/\\\/www.visitamalfi.info\\\/es\\\/el-carnaval-de-amalfi-ha-llegado-a-la-ciudad\\\/\",\"url\":\"https:\\\/\\\/www.visitamalfi.info\\\/es\\\/el-carnaval-de-amalfi-ha-llegado-a-la-ciudad\\\/\",\"name\":\"\u00a1El Carnaval de Amalfi ha llegado a la ciudad! - Visit Amalfi\",\"isPartOf\":{\"@id\":\"https:\\\/\\\/www.visitamalfi.info\\\/es\\\/#website\"},\"primaryImageOfPage\":{\"@id\":\"https:\\\/\\\/www.visitamalfi.info\\\/es\\\/el-carnaval-de-amalfi-ha-llegado-a-la-ciudad\\\/#primaryimage\"},\"image\":{\"@id\":\"https:\\\/\\\/www.visitamalfi.info\\\/es\\\/el-carnaval-de-amalfi-ha-llegado-a-la-ciudad\\\/#primaryimage\"},\"thumbnailUrl\":\"https:\\\/\\\/www.visitamalfi.info\\\/wp-content\\\/uploads\\\/2024\\\/02\\\/carnevale.jpeg\",\"datePublished\":\"2024-02-03T13:56:44+00:00\",\"dateModified\":\"2024-05-03T13:12:59+00:00\",\"breadcrumb\":{\"@id\":\"https:\\\/\\\/www.visitamalfi.info\\\/es\\\/el-carnaval-de-amalfi-ha-llegado-a-la-ciudad\\\/#breadcrumb\"},\"inLanguage\":\"es\",\"potentialAction\":[{\"@type\":\"ReadAction\",\"target\":[\"https:\\\/\\\/www.visitamalfi.info\\\/es\\\/el-carnaval-de-amalfi-ha-llegado-a-la-ciudad\\\/\"]}]},{\"@type\":\"ImageObject\",\"inLanguage\":\"es\",\"@id\":\"https:\\\/\\\/www.visitamalfi.info\\\/es\\\/el-carnaval-de-amalfi-ha-llegado-a-la-ciudad\\\/#primaryimage\",\"url\":\"https:\\\/\\\/www.visitamalfi.info\\\/wp-content\\\/uploads\\\/2024\\\/02\\\/carnevale.jpeg\",\"contentUrl\":\"https:\\\/\\\/www.visitamalfi.info\\\/wp-content\\\/uploads\\\/2024\\\/02\\\/carnevale.jpeg\",\"width\":1080,\"height\":1543},{\"@type\":\"BreadcrumbList\",\"@id\":\"https:\\\/\\\/www.visitamalfi.info\\\/es\\\/el-carnaval-de-amalfi-ha-llegado-a-la-ciudad\\\/#breadcrumb\",\"itemListElement\":[{\"@type\":\"ListItem\",\"position\":1,\"name\":\"Home\",\"item\":\"https:\\\/\\\/www.visitamalfi.info\\\/es\\\/\"},{\"@type\":\"ListItem\",\"position\":2,\"name\":\"\u00a1El Carnaval de Amalfi ha llegado a la ciudad!\"}]},{\"@type\":\"WebSite\",\"@id\":\"https:\\\/\\\/www.visitamalfi.info\\\/es\\\/#website\",\"url\":\"https:\\\/\\\/www.visitamalfi.info\\\/es\\\/\",\"name\":\"Visit Amalfi\",\"description\":\"Amalfi Destination Official Website\",\"publisher\":{\"@id\":\"https:\\\/\\\/www.visitamalfi.info\\\/es\\\/#organization\"},\"potentialAction\":[{\"@type\":\"SearchAction\",\"target\":{\"@type\":\"EntryPoint\",\"urlTemplate\":\"https:\\\/\\\/www.visitamalfi.info\\\/es\\\/?s={search_term_string}\"},\"query-input\":{\"@type\":\"PropertyValueSpecification\",\"valueRequired\":true,\"valueName\":\"search_term_string\"}}],\"inLanguage\":\"es\"},{\"@type\":\"Organization\",\"@id\":\"https:\\\/\\\/www.visitamalfi.info\\\/es\\\/#organization\",\"name\":\"Visit Amalfi\",\"url\":\"https:\\\/\\\/www.visitamalfi.info\\\/es\\\/\",\"logo\":{\"@type\":\"ImageObject\",\"inLanguage\":\"es\",\"@id\":\"https:\\\/\\\/www.visitamalfi.info\\\/es\\\/#\\\/schema\\\/logo\\\/image\\\/\",\"url\":\"https:\\\/\\\/www.visitamalfi.info\\\/wp-content\\\/uploads\\\/2023\\\/04\\\/visit-amalfi-logo-web.png\",\"contentUrl\":\"https:\\\/\\\/www.visitamalfi.info\\\/wp-content\\\/uploads\\\/2023\\\/04\\\/visit-amalfi-logo-web.png\",\"width\":800,\"height\":870,\"caption\":\"Visit Amalfi\"},\"image\":{\"@id\":\"https:\\\/\\\/www.visitamalfi.info\\\/es\\\/#\\\/schema\\\/logo\\\/image\\\/\"},\"sameAs\":[\"https:\\\/\\\/www.facebook.com\\\/visitamalfiofficial\",\"https:\\\/\\\/www.instagram.com\\\/visitamalfiofficial\\\/\"]},{\"@type\":\"Person\",\"@id\":\"https:\\\/\\\/www.visitamalfi.info\\\/es\\\/#\\\/schema\\\/person\\\/0c7584af846d5d2da6c69f7e68f3af96\",\"name\":\"Federica Dumont\",\"image\":{\"@type\":\"ImageObject\",\"inLanguage\":\"es\",\"@id\":\"https:\\\/\\\/secure.gravatar.com\\\/avatar\\\/0803dab414b6c6f1fd2399680f587870a020419b6ebe9d36dd75df06a6a68060?s=96&d=mm&r=g\",\"url\":\"https:\\\/\\\/secure.gravatar.com\\\/avatar\\\/0803dab414b6c6f1fd2399680f587870a020419b6ebe9d36dd75df06a6a68060?s=96&d=mm&r=g\",\"contentUrl\":\"https:\\\/\\\/secure.gravatar.com\\\/avatar\\\/0803dab414b6c6f1fd2399680f587870a020419b6ebe9d36dd75df06a6a68060?s=96&d=mm&r=g\",\"caption\":\"Federica Dumont\"},\"url\":\"https:\\\/\\\/www.visitamalfi.info\\\/es\\\/author\\\/federica\\\/\"}]}<\/script>\n<!-- \/ Yoast SEO plugin. -->","yoast_head_json":{"title":"\u00a1El Carnaval de Amalfi ha llegado a la ciudad! - Visit Amalfi","robots":{"index":"index","follow":"follow","max-snippet":"max-snippet:-1","max-image-preview":"max-image-preview:large","max-video-preview":"max-video-preview:-1"},"canonical":"https:\/\/www.visitamalfi.info\/es\/el-carnaval-de-amalfi-ha-llegado-a-la-ciudad\/","og_locale":"es_ES","og_type":"article","og_title":"\u00a1El Carnaval de Amalfi ha llegado a la ciudad! - Visit Amalfi","og_description":"Contin\u00faan las celebraciones del Carnaval amalfitano, que comenzaron ayer con el Mardi Gras y el espect\u00e1culo &#8216;Che mondo \u00e8 se Carnevale non c&#8217;\u00e8&#8217; (&#8216;Qu\u00e9 mundo es si no est\u00e1 el [&hellip;]","og_url":"https:\/\/www.visitamalfi.info\/es\/el-carnaval-de-amalfi-ha-llegado-a-la-ciudad\/","og_site_name":"Visit Amalfi","article_publisher":"https:\/\/www.facebook.com\/visitamalfiofficial","article_published_time":"2024-02-03T13:56:44+00:00","article_modified_time":"2024-05-03T13:12:59+00:00","og_image":[{"width":1080,"height":1543,"url":"https:\/\/www.visitamalfi.info\/wp-content\/uploads\/2024\/02\/carnevale.jpeg","type":"image\/jpeg"}],"author":"Federica Dumont","twitter_card":"summary_large_image","twitter_misc":{"Escrito por":"Federica Dumont","Tiempo de lectura":"1 minuto"},"schema":{"@context":"https:\/\/schema.org","@graph":[{"@type":"Article","@id":"https:\/\/www.visitamalfi.info\/es\/el-carnaval-de-amalfi-ha-llegado-a-la-ciudad\/#article","isPartOf":{"@id":"https:\/\/www.visitamalfi.info\/es\/el-carnaval-de-amalfi-ha-llegado-a-la-ciudad\/"},"author":{"name":"Federica Dumont","@id":"https:\/\/www.visitamalfi.info\/es\/#\/schema\/person\/0c7584af846d5d2da6c69f7e68f3af96"},"headline":"\u00a1El Carnaval de Amalfi ha llegado a la ciudad!","datePublished":"2024-02-03T13:56:44+00:00","dateModified":"2024-05-03T13:12:59+00:00","mainEntityOfPage":{"@id":"https:\/\/www.visitamalfi.info\/es\/el-carnaval-de-amalfi-ha-llegado-a-la-ciudad\/"},"wordCount":283,"publisher":{"@id":"https:\/\/www.visitamalfi.info\/es\/#organization"},"image":{"@id":"https:\/\/www.visitamalfi.info\/es\/el-carnaval-de-amalfi-ha-llegado-a-la-ciudad\/#primaryimage"},"thumbnailUrl":"https:\/\/www.visitamalfi.info\/wp-content\/uploads\/2024\/02\/carnevale.jpeg","keywords":["amalfi","carnaval","eventos","fiesta","m\u00e1scaras","m\u00fasica","tradici\u00f3n"],"articleSection":["Consejos para viajar","Curiosidades","Eventos","tradici\u00f3n"],"inLanguage":"es"},{"@type":"WebPage","@id":"https:\/\/www.visitamalfi.info\/es\/el-carnaval-de-amalfi-ha-llegado-a-la-ciudad\/","url":"https:\/\/www.visitamalfi.info\/es\/el-carnaval-de-amalfi-ha-llegado-a-la-ciudad\/","name":"\u00a1El Carnaval de Amalfi ha llegado a la ciudad! - Visit Amalfi","isPartOf":{"@id":"https:\/\/www.visitamalfi.info\/es\/#website"},"primaryImageOfPage":{"@id":"https:\/\/www.visitamalfi.info\/es\/el-carnaval-de-amalfi-ha-llegado-a-la-ciudad\/#primaryimage"},"image":{"@id":"https:\/\/www.visitamalfi.info\/es\/el-carnaval-de-amalfi-ha-llegado-a-la-ciudad\/#primaryimage"},"thumbnailUrl":"https:\/\/www.visitamalfi.info\/wp-content\/uploads\/2024\/02\/carnevale.jpeg","datePublished":"2024-02-03T13:56:44+00:00","dateModified":"2024-05-03T13:12:59+00:00","breadcrumb":{"@id":"https:\/\/www.visitamalfi.info\/es\/el-carnaval-de-amalfi-ha-llegado-a-la-ciudad\/#breadcrumb"},"inLanguage":"es","potentialAction":[{"@type":"ReadAction","target":["https:\/\/www.visitamalfi.info\/es\/el-carnaval-de-amalfi-ha-llegado-a-la-ciudad\/"]}]},{"@type":"ImageObject","inLanguage":"es","@id":"https:\/\/www.visitamalfi.info\/es\/el-carnaval-de-amalfi-ha-llegado-a-la-ciudad\/#primaryimage","url":"https:\/\/www.visitamalfi.info\/wp-content\/uploads\/2024\/02\/carnevale.jpeg","contentUrl":"https:\/\/www.visitamalfi.info\/wp-content\/uploads\/2024\/02\/carnevale.jpeg","width":1080,"height":1543},{"@type":"BreadcrumbList","@id":"https:\/\/www.visitamalfi.info\/es\/el-carnaval-de-amalfi-ha-llegado-a-la-ciudad\/#breadcrumb","itemListElement":[{"@type":"ListItem","position":1,"name":"Home","item":"https:\/\/www.visitamalfi.info\/es\/"},{"@type":"ListItem","position":2,"name":"\u00a1El Carnaval de Amalfi ha llegado a la ciudad!"}]},{"@type":"WebSite","@id":"https:\/\/www.visitamalfi.info\/es\/#website","url":"https:\/\/www.visitamalfi.info\/es\/","name":"Visit Amalfi","description":"Amalfi Destination Official Website","publisher":{"@id":"https:\/\/www.visitamalfi.info\/es\/#organization"},"potentialAction":[{"@type":"SearchAction","target":{"@type":"EntryPoint","urlTemplate":"https:\/\/www.visitamalfi.info\/es\/?s={search_term_string}"},"query-input":{"@type":"PropertyValueSpecification","valueRequired":true,"valueName":"search_term_string"}}],"inLanguage":"es"},{"@type":"Organization","@id":"https:\/\/www.visitamalfi.info\/es\/#organization","name":"Visit Amalfi","url":"https:\/\/www.visitamalfi.info\/es\/","logo":{"@type":"ImageObject","inLanguage":"es","@id":"https:\/\/www.visitamalfi.info\/es\/#\/schema\/logo\/image\/","url":"https:\/\/www.visitamalfi.info\/wp-content\/uploads\/2023\/04\/visit-amalfi-logo-web.png","contentUrl":"https:\/\/www.visitamalfi.info\/wp-content\/uploads\/2023\/04\/visit-amalfi-logo-web.png","width":800,"height":870,"caption":"Visit Amalfi"},"image":{"@id":"https:\/\/www.visitamalfi.info\/es\/#\/schema\/logo\/image\/"},"sameAs":["https:\/\/www.facebook.com\/visitamalfiofficial","https:\/\/www.instagram.com\/visitamalfiofficial\/"]},{"@type":"Person","@id":"https:\/\/www.visitamalfi.info\/es\/#\/schema\/person\/0c7584af846d5d2da6c69f7e68f3af96","name":"Federica Dumont","image":{"@type":"ImageObject","inLanguage":"es","@id":"https:\/\/secure.gravatar.com\/avatar\/0803dab414b6c6f1fd2399680f587870a020419b6ebe9d36dd75df06a6a68060?s=96&d=mm&r=g","url":"https:\/\/secure.gravatar.com\/avatar\/0803dab414b6c6f1fd2399680f587870a020419b6ebe9d36dd75df06a6a68060?s=96&d=mm&r=g","contentUrl":"https:\/\/secure.gravatar.com\/avatar\/0803dab414b6c6f1fd2399680f587870a020419b6ebe9d36dd75df06a6a68060?s=96&d=mm&r=g","caption":"Federica Dumont"},"url":"https:\/\/www.visitamalfi.info\/es\/author\/federica\/"}]}},"_links":{"self":[{"href":"https:\/\/www.visitamalfi.info\/es\/wp-json\/wp\/v2\/posts\/14070","targetHints":{"allow":["GET"]}}],"collection":[{"href":"https:\/\/www.visitamalfi.info\/es\/wp-json\/wp\/v2\/posts"}],"about":[{"href":"https:\/\/www.visitamalfi.info\/es\/wp-json\/wp\/v2\/types\/post"}],"author":[{"embeddable":true,"href":"https:\/\/www.visitamalfi.info\/es\/wp-json\/wp\/v2\/users\/7"}],"replies":[{"embeddable":true,"href":"https:\/\/www.visitamalfi.info\/es\/wp-json\/wp\/v2\/comments?post=14070"}],"version-history":[{"count":4,"href":"https:\/\/www.visitamalfi.info\/es\/wp-json\/wp\/v2\/posts\/14070\/revisions"}],"predecessor-version":[{"id":18415,"href":"https:\/\/www.visitamalfi.info\/es\/wp-json\/wp\/v2\/posts\/14070\/revisions\/18415"}],"wp:featuredmedia":[{"embeddable":true,"href":"https:\/\/www.visitamalfi.info\/es\/wp-json\/wp\/v2\/media\/14058"}],"wp:attachment":[{"href":"https:\/\/www.visitamalfi.info\/es\/wp-json\/wp\/v2\/media?parent=14070"}],"wp:term":[{"taxonomy":"category","embeddable":true,"href":"https:\/\/www.visitamalfi.info\/es\/wp-json\/wp\/v2\/categories?post=14070"},{"taxonomy":"post_tag","embeddable":true,"href":"https:\/\/www.visitamalfi.info\/es\/wp-json\/wp\/v2\/tags?post=14070"}],"curies":[{"name":"wp","href":"https:\/\/api.w.org\/{rel}","templated":true}]}}