{"id":23420,"global_id":"www.visitamalfi.info\/es\/?id=23420","global_id_lineage":["www.visitamalfi.info\/es\/?id=23420"],"author":"7","status":"publish","date":"2025-12-01 20:48:05","date_utc":"2025-12-01 19:48:05","modified":"2025-12-01 20:48:05","modified_utc":"2025-12-01 19:48:05","url":"https:\/\/www.visitamalfi.info\/es\/evento\/nochevieja-folclorica-en-amalfi-3\/","rest_url":"https:\/\/www.visitamalfi.info\/es\/wp-json\/tribe\/events\/v1\/events\/23420","title":"Nochevieja Folcl\u00f3rica en Amalfi","description":"<p data-start=\"98\" data-end=\"211\">El A\u00f1o Nuevo en Amalfi se abre con los colores, los sonidos y la energ\u00eda de las tradiciones m\u00e1s vivas de nuestra tierra.<\/p>\n<p data-start=\"213\" data-end=\"515\">El jueves 1 de enero, las calles de la ciudad se transforman en un enorme escenario al aire libre:<br data-start=\"310\" data-end=\"313\">De <strong data-start=\"319\" data-end=\"339\">15.15 a 16.45 h<\/strong>, el <strong data-start=\"344\" data-end=\"370\">Gruppo Folk Pogerolese<\/strong> animar\u00e1 el centro hist\u00f3rico con un desfile que partir\u00e1 de Via Cardinale Marino del Giudice y estallar\u00e1 con m\u00fasica y bailes en la Piazza Duomo.<\/p>\n<p data-start=\"517\" data-end=\"725\">Despu\u00e9s, de <strong data-start=\"534\" data-end=\"554\">16.30 a 18.00 horas<\/strong>, ser\u00e1 el turno del grupo <strong data-start=\"581\" data-end=\"608\">Gli Amici di Masaniello<\/strong>, que llevar\u00e1 el ritmo arrollador de la tradici\u00f3n popular a las callejuelas, las escaleras y el coraz\u00f3n palpitante de la ciudad.<\/p>\n<p data-start=\"727\" data-end=\"895\">Una tarde de aut\u00e9ntica fiesta, en la que Amalfi celebra el A\u00f1o Nuevo con su alma m\u00e1s sincera: la comunidad, la alegr\u00eda compartida y la belleza de sus ra\u00edces.<\/p>\n<p data-start=\"727\" data-end=\"895\">Y la fiesta contin\u00faa por la noche: de <strong data-start=\"765\" data-end=\"785\">19:30 a 21:00<\/strong>, el grupo <strong data-start=\"797\" data-end=\"818\">O&#8217; Guagliunciello<\/strong> volver\u00e1 a recorrer las calles del centro con su inconfundible energ\u00eda, ofreciendo otra actuaci\u00f3n llena de folclore y alegr\u00eda.<\/p>","excerpt":"","slug":"nochevieja-folclorica-en-amalfi-3","image":{"url":"https:\/\/www.visitamalfi.info\/wp-content\/uploads\/2025\/04\/WhatsApp-Image-2025-04-17-at-10.29.13-2.jpeg","id":21310,"extension":"jpeg","width":1920,"height":1280,"filesize":468809,"sizes":{"medium":{"width":300,"height":200,"mime-type":"image\/jpeg","filesize":19209,"url":"https:\/\/www.visitamalfi.info\/wp-content\/uploads\/2025\/04\/WhatsApp-Image-2025-04-17-at-10.29.13-2-300x200.jpeg"},"large":{"width":1024,"height":683,"mime-type":"image\/jpeg","filesize":155497,"url":"https:\/\/www.visitamalfi.info\/wp-content\/uploads\/2025\/04\/WhatsApp-Image-2025-04-17-at-10.29.13-2-1024x683.jpeg"},"thumbnail":{"width":300,"height":300,"mime-type":"image\/jpeg","filesize":26273,"url":"https:\/\/www.visitamalfi.info\/wp-content\/uploads\/2025\/04\/WhatsApp-Image-2025-04-17-at-10.29.13-2-300x300.jpeg"},"medium_large":{"width":768,"height":512,"mime-type":"image\/jpeg","filesize":94660,"url":"https:\/\/www.visitamalfi.info\/wp-content\/uploads\/2025\/04\/WhatsApp-Image-2025-04-17-at-10.29.13-2-768x512.jpeg"},"1536x1536":{"width":1536,"height":1024,"mime-type":"image\/jpeg","filesize":300234,"url":"https:\/\/www.visitamalfi.info\/wp-content\/uploads\/2025\/04\/WhatsApp-Image-2025-04-17-at-10.29.13-2-1536x1024.jpeg"},"post-thumbnail":{"width":870,"height":580,"mime-type":"image\/jpeg","filesize":118342,"url":"https:\/\/www.visitamalfi.info\/wp-content\/uploads\/2025\/04\/WhatsApp-Image-2025-04-17-at-10.29.13-2-870x580.jpeg"},"ignition_item":{"width":615,"height":410,"mime-type":"image\/jpeg","filesize":65493,"url":"https:\/\/www.visitamalfi.info\/wp-content\/uploads\/2025\/04\/WhatsApp-Image-2025-04-17-at-10.29.13-2-615x410.jpeg"},"ignition_item_lg":{"width":1240,"height":825,"mime-type":"image\/jpeg","filesize":212881,"url":"https:\/\/www.visitamalfi.info\/wp-content\/uploads\/2025\/04\/WhatsApp-Image-2025-04-17-at-10.29.13-2-1240x825.jpeg"},"ignition_article_media":{"width":510,"height":510,"mime-type":"image\/jpeg","filesize":64238,"url":"https:\/\/www.visitamalfi.info\/wp-content\/uploads\/2025\/04\/WhatsApp-Image-2025-04-17-at-10.29.13-2-510x510.jpeg"},"ignition_minicart_item":{"width":160,"height":160,"mime-type":"image\/jpeg","filesize":8919,"url":"https:\/\/www.visitamalfi.info\/wp-content\/uploads\/2025\/04\/WhatsApp-Image-2025-04-17-at-10.29.13-2-160x160.jpeg"},"ignition_cousteau_pro_item_package":{"width":555,"height":790,"mime-type":"image\/jpeg","filesize":95204,"url":"https:\/\/www.visitamalfi.info\/wp-content\/uploads\/2025\/04\/WhatsApp-Image-2025-04-17-at-10.29.13-2-555x790.jpeg"},"maxslider_slide":{"width":750,"height":450,"mime-type":"image\/jpeg","filesize":83348,"url":"https:\/\/www.visitamalfi.info\/wp-content\/uploads\/2025\/04\/WhatsApp-Image-2025-04-17-at-10.29.13-2-750x450.jpeg"}}},"all_day":false,"start_date":"2026-01-01 15:15:00","start_date_details":{"year":"2026","month":"01","day":"01","hour":"15","minutes":"15","seconds":"00"},"end_date":"2026-01-01 21:00:00","end_date_details":{"year":"2026","month":"01","day":"01","hour":"21","minutes":"00","seconds":"00"},"utc_start_date":"2026-01-01 14:15:00","utc_start_date_details":{"year":"2026","month":"01","day":"01","hour":"14","minutes":"15","seconds":"00"},"utc_end_date":"2026-01-01 20:00:00","utc_end_date_details":{"year":"2026","month":"01","day":"01","hour":"20","minutes":"00","seconds":"00"},"timezone":"Europe\/Rome","timezone_abbr":"CET","cost":"","cost_details":{"currency_symbol":"","currency_code":"","currency_position":"","values":[]},"website":"https:\/\/www.visitamalfi.info\/es\/evento\/nochevieja-folclorica-en-amalfi-3\/","show_map":true,"show_map_link":false,"hide_from_listings":false,"sticky":false,"featured":false,"categories":[{"name":"tradici\u00f3n","slug":"tradicion","term_group":0,"term_taxonomy_id":572,"taxonomy":"tribe_events_cat","description":"","parent":0,"count":33,"filter":"raw","id":572,"urls":{"self":"https:\/\/www.visitamalfi.info\/es\/wp-json\/tribe\/events\/v1\/categories\/572","collection":"https:\/\/www.visitamalfi.info\/es\/wp-json\/tribe\/events\/v1\/categories"}}],"tags":[],"venue":{"id":3896,"author":"7","status":"publish","date":"2023-06-14 09:54:47","date_utc":"2023-06-14 07:54:47","modified":"2023-06-14 09:54:47","modified_utc":"2023-06-14 07:54:47","url":"https:\/\/www.visitamalfi.info\/recinto\/amalfi\/","venue":"amalfi","slug":"amalfi","json_ld":{"@type":"Place","name":"amalfi","description":"","url":"","address":{"@type":"PostalAddress"},"telephone":"","sameAs":""},"show_map":true,"show_map_link":true,"global_id":"www.visitamalfi.info\/es\/?id=3896","global_id_lineage":["www.visitamalfi.info\/es\/?id=3896"]},"organizer":[],"custom_fields":[],"json_ld":{"@context":"http:\/\/schema.org","@type":"Event","name":"Nochevieja Folcl\u00f3rica en Amalfi","description":"&lt;p&gt;El A\u00f1o Nuevo en Amalfi se abre con los colores, los sonidos y la energ\u00eda de las tradiciones m\u00e1s vivas de nuestra tierra. El jueves 1 de enero, las calles [&hellip;]&lt;\/p&gt;\\n","image":"https:\/\/www.visitamalfi.info\/wp-content\/uploads\/2025\/04\/WhatsApp-Image-2025-04-17-at-10.29.13-2.jpeg","url":"https:\/\/www.visitamalfi.info\/es\/evento\/nochevieja-folclorica-en-amalfi-3\/","eventAttendanceMode":"https:\/\/schema.org\/OfflineEventAttendanceMode","eventStatus":"https:\/\/schema.org\/EventScheduled","startDate":"2026-01-01T15:15:00+01:00","endDate":"2026-01-01T21:00:00+01:00","location":{"@type":"Place","name":"amalfi","description":"","url":"","address":{"@type":"PostalAddress"},"telephone":"","sameAs":""},"performer":"Organization"}}