{"id":23415,"global_id":"www.visitamalfi.info\/es\/?id=23415","global_id_lineage":["www.visitamalfi.info\/es\/?id=23415"],"author":"7","status":"publish","date":"2025-12-01 20:54:30","date_utc":"2025-12-01 19:54:30","modified":"2025-12-01 20:54:30","modified_utc":"2025-12-01 19:54:30","url":"https:\/\/www.visitamalfi.info\/es\/evento\/resena-de-los-coros-polifonicos-amalfi-canta-la-navidad-xxxii-edicion\/","rest_url":"https:\/\/www.visitamalfi.info\/es\/wp-json\/tribe\/events\/v1\/events\/23415","title":"Rese\u00f1a de los coros polif\u00f3nicos Amalfi Canta la Navidad &#8211; XXXII edici\u00f3n","description":"<div>\n<p>La tradicional Revista Coral de Navidad lleva m\u00e1s de treinta a\u00f1os reuniendo a los mejores coros italianos en la majestuosa Catedral de Amalfi. Bajo los auspicios de Feniarco &#8211; Federazione Nazionale Italiana Associazione Regionali Cori &#8211; y ARCC &#8211; Associazione Regionale Cori Campani &#8211; .<\/p>\n<\/div>\n<div>\n<p>Editado por la Oficina de Pastoral del Turismo y del Tiempo Libre<\/p>\n<\/div>","excerpt":"","slug":"resena-de-los-coros-polifonicos-amalfi-canta-la-navidad-xxxii-edicion","image":{"url":"https:\/\/www.visitamalfi.info\/wp-content\/uploads\/2024\/03\/36-Cattedrale-foto-abbagnara.jpg","id":14449,"extension":"jpg","width":1920,"height":1280,"filesize":713921,"sizes":{"medium":{"width":300,"height":200,"mime-type":"image\/jpeg","filesize":59394,"url":"https:\/\/www.visitamalfi.info\/wp-content\/uploads\/2024\/03\/36-Cattedrale-foto-abbagnara-300x200.jpg"},"large":{"width":1024,"height":683,"mime-type":"image\/jpeg","filesize":250480,"url":"https:\/\/www.visitamalfi.info\/wp-content\/uploads\/2024\/03\/36-Cattedrale-foto-abbagnara-1024x683.jpg"},"thumbnail":{"width":300,"height":300,"mime-type":"image\/jpeg","filesize":71415,"url":"https:\/\/www.visitamalfi.info\/wp-content\/uploads\/2024\/03\/36-Cattedrale-foto-abbagnara-300x300.jpg"},"medium_large":{"width":768,"height":512,"mime-type":"image\/jpeg","filesize":164230,"url":"https:\/\/www.visitamalfi.info\/wp-content\/uploads\/2024\/03\/36-Cattedrale-foto-abbagnara-768x512.jpg"},"1536x1536":{"width":1536,"height":1024,"mime-type":"image\/jpeg","filesize":461240,"url":"https:\/\/www.visitamalfi.info\/wp-content\/uploads\/2024\/03\/36-Cattedrale-foto-abbagnara-1536x1024.jpg"},"post-thumbnail":{"width":870,"height":580,"mime-type":"image\/jpeg","filesize":197315,"url":"https:\/\/www.visitamalfi.info\/wp-content\/uploads\/2024\/03\/36-Cattedrale-foto-abbagnara-870x580.jpg"},"ignition_item":{"width":615,"height":410,"mime-type":"image\/jpeg","filesize":123246,"url":"https:\/\/www.visitamalfi.info\/wp-content\/uploads\/2024\/03\/36-Cattedrale-foto-abbagnara-615x410.jpg"},"ignition_item_lg":{"width":1240,"height":825,"mime-type":"image\/jpeg","filesize":333014,"url":"https:\/\/www.visitamalfi.info\/wp-content\/uploads\/2024\/03\/36-Cattedrale-foto-abbagnara-1240x825.jpg"},"ignition_article_media":{"width":510,"height":510,"mime-type":"image\/jpeg","filesize":128283,"url":"https:\/\/www.visitamalfi.info\/wp-content\/uploads\/2024\/03\/36-Cattedrale-foto-abbagnara-510x510.jpg"},"ignition_minicart_item":{"width":160,"height":160,"mime-type":"image\/jpeg","filesize":46566,"url":"https:\/\/www.visitamalfi.info\/wp-content\/uploads\/2024\/03\/36-Cattedrale-foto-abbagnara-160x160.jpg"},"ignition_cousteau_pro_item_package":{"width":555,"height":790,"mime-type":"image\/jpeg","filesize":185599,"url":"https:\/\/www.visitamalfi.info\/wp-content\/uploads\/2024\/03\/36-Cattedrale-foto-abbagnara-555x790.jpg"},"maxslider_slide":{"width":750,"height":450,"mime-type":"image\/jpeg","filesize":148592,"url":"https:\/\/www.visitamalfi.info\/wp-content\/uploads\/2024\/03\/36-Cattedrale-foto-abbagnara-750x450.jpg"}}},"all_day":false,"start_date":"2026-01-02 18:00:00","start_date_details":{"year":"2026","month":"01","day":"02","hour":"18","minutes":"00","seconds":"00"},"end_date":"2026-01-02 19:00:00","end_date_details":{"year":"2026","month":"01","day":"02","hour":"19","minutes":"00","seconds":"00"},"utc_start_date":"2026-01-02 17:00:00","utc_start_date_details":{"year":"2026","month":"01","day":"02","hour":"17","minutes":"00","seconds":"00"},"utc_end_date":"2026-01-02 18:00:00","utc_end_date_details":{"year":"2026","month":"01","day":"02","hour":"18","minutes":"00","seconds":"00"},"timezone":"Europe\/Rome","timezone_abbr":"CET","cost":"","cost_details":{"currency_symbol":"","currency_code":"","currency_position":"","values":[]},"website":"https:\/\/www.visitamalfi.info\/es\/evento\/resena-de-los-coros-polifonicos-amalfi-canta-la-navidad-xxxii-edicion\/","show_map":true,"show_map_link":true,"hide_from_listings":false,"sticky":false,"featured":false,"categories":[{"name":"tradici\u00f3n","slug":"tradicion","term_group":0,"term_taxonomy_id":572,"taxonomy":"tribe_events_cat","description":"","parent":0,"count":33,"filter":"raw","id":572,"urls":{"self":"https:\/\/www.visitamalfi.info\/es\/wp-json\/tribe\/events\/v1\/categories\/572","collection":"https:\/\/www.visitamalfi.info\/es\/wp-json\/tribe\/events\/v1\/categories"}}],"tags":[],"venue":{"id":3862,"author":"7","status":"publish","date":"2023-06-08 10:32:25","date_utc":"2023-06-08 08:32:25","modified":"2023-06-08 10:32:25","modified_utc":"2023-06-08 08:32:25","url":"https:\/\/www.visitamalfi.info\/recinto\/piazza-duomo-amalfi\/","venue":"piazza duomo amalfi","slug":"piazza-duomo-amalfi","address":"Piazza Duomo","city":"Amalfi","country":"Italia","json_ld":{"@type":"Place","name":"piazza duomo amalfi","description":"","url":"","address":{"@type":"PostalAddress","streetAddress":"Piazza Duomo","addressLocality":"Amalfi","addressCountry":"Italia"},"telephone":"","sameAs":""},"show_map":true,"show_map_link":true,"global_id":"www.visitamalfi.info\/es\/?id=3862","global_id_lineage":["www.visitamalfi.info\/es\/?id=3862"]},"organizer":[],"custom_fields":[],"json_ld":{"@context":"http:\/\/schema.org","@type":"Event","name":"Rese\u00f1a de los coros polif\u00f3nicos Amalfi Canta la Navidad &#8211; XXXII edici\u00f3n","description":"&lt;p&gt;La tradicional Revista Coral de Navidad lleva m\u00e1s de treinta a\u00f1os reuniendo a los mejores coros italianos en la majestuosa Catedral de Amalfi. Bajo los auspicios de Feniarco - Federazione [&hellip;]&lt;\/p&gt;\\n","image":"https:\/\/www.visitamalfi.info\/wp-content\/uploads\/2024\/03\/36-Cattedrale-foto-abbagnara.jpg","url":"https:\/\/www.visitamalfi.info\/es\/evento\/resena-de-los-coros-polifonicos-amalfi-canta-la-navidad-xxxii-edicion\/","eventAttendanceMode":"https:\/\/schema.org\/OfflineEventAttendanceMode","eventStatus":"https:\/\/schema.org\/EventScheduled","startDate":"2026-01-02T18:00:00+01:00","endDate":"2026-01-02T19:00:00+01:00","location":{"@type":"Place","name":"piazza duomo amalfi","description":"","url":"","address":{"@type":"PostalAddress","streetAddress":"Piazza Duomo","addressLocality":"Amalfi","addressCountry":"Italia"},"telephone":"","sameAs":""},"performer":"Organization"}}