{"id":22479,"global_id":"www.visitamalfi.info\/es\/?id=22479","global_id_lineage":["www.visitamalfi.info\/es\/?id=22479"],"author":"7","status":"publish","date":"2025-08-29 13:24:31","date_utc":"2025-08-29 11:24:31","modified":"2025-08-29 18:11:56","modified_utc":"2025-08-29 16:11:56","url":"https:\/\/www.visitamalfi.info\/es\/evento\/el-ano-nuevo-bizantino-2025-una-inmersion-en-la-historia-entre-el-esplendor-medieval-y-las-tradiciones-redescubiertas\/","rest_url":"https:\/\/www.visitamalfi.info\/es\/wp-json\/tribe\/events\/v1\/events\/22479","title":"El A\u00f1o Nuevo Bizantino 2025 &#8211; Una inmersi\u00f3n en la historia, entre el esplendor medieval y las tradiciones redescubiertas","description":"<h3 data-start=\"183\" data-end=\"221\">El A\u00f1o Nuevo Bizantino en Amalfi<\/h3>\n<p data-start=\"293\" data-end=\"534\">Cada a\u00f1o Amalfi celebra su glorioso pasado con el <strong><em data-start=\"382\" data-end=\"403\">A\u00f1o Nuevo Bizantino<\/em><\/strong>un acontecimiento muy esperado y querido.<\/p>\n<p data-start=\"293\" data-end=\"534\">La ciudad se transforma en un escenario hist\u00f3rico, con desfiles de trajes medievales, ceremonias solemnes y espect\u00e1culos que animan el coraz\u00f3n de Amalfi.<\/p>\n<p data-start=\"293\" data-end=\"534\">El momento central del acto es la solemne investidura del <em data-start=\"766\" data-end=\"798\">Magister de la Civilizaci\u00f3n Amalfitana<\/em>, un reconocimiento simb\u00f3lico que se otorga a personalidades que se han distinguido en la valorizaci\u00f3n del Mediterr\u00e1neo.<\/p>\n<p data-start=\"913\" data-end=\"1090\">El A\u00f1o Nuevo Bizantino es un viaje a trav\u00e9s de la cultura, la identidad y la memoria. Es Amalfi narr\u00e1ndose a s\u00ed misma, entre sus ra\u00edces bizantinas y el esp\u00edritu contempor\u00e1neo que la hace eterna.<\/p>\n<p data-start=\"913\" data-end=\"1090\">A continuaci\u00f3n encontrar\u00e1s <strong>el programa de actos<\/strong><\/p>\n<p><strong>Domingo 31 de agosto<\/strong><br \/>\n-h 19.00, Amalfi &#8211; Largo Duca Piccolomini<br \/>\nMesa redonda tem\u00e1tica del <em>Centro de Historia y Cultura Amalfitana<\/em><br \/>\n-h 20.00, Amalfi &#8211; Largo Duca Piccolomini<br \/>\nEntrevista con el <strong>Magister<\/strong><br \/>\n-h 22.00. Amalfi &#8211; Plaza del Duomo<br \/>\nConcierto <strong>de Mario Biondi<\/strong><\/p>\n<p><strong>Lunes 1 de septiembre<\/strong><br \/>\n-h 18.00, Amalfi &#8211; Salida desde Valle de Mulini<br \/>\nDesfile y Exhibici\u00f3n de las Abanderadas y M\u00fasicos de la Ciudad Real<br \/>\n-h 18.30, Amalfi &#8211; Piazza Duomo<br \/>\nDesfile <strong>hist\u00f3rico<\/strong><br \/>\n-h 19.30, Atrani &#8211; Iglesia de San Salvatore del Birecto<br \/>\nCeremonia de <strong>Inducci\u00f3n de Magister<\/strong><br \/>\n-h 21.00, Amalfi &#8211; Piazza Duomo<br \/>\nPresentaci\u00f3n del <strong>Magister a la Ciudadan\u00eda<\/strong><br \/>\n-h 21.30, Amalfi &#8211; Piazza Municipio<br \/>\nActuaci\u00f3n de los Pistonieri di Santa Maria del Rovo.<br \/>\nEl hist\u00f3rico grupo de Trombonieri de Cava de&#8217; Tirreni desfilar\u00e1 desde la Piazza Duomo hasta la Piazza Municipio, donde celebrar\u00e1 su espect\u00e1culo.<\/p>\n<p><strong>Martes 2 de septiembre<\/strong><br \/>\n-h 20.00, Amalfi &#8211; Piazza Municipio<br \/>\nVelada medieval y actuaci\u00f3n de los cetreros de Irno<\/p>\n<h3 class=\" text-justify font-sans-serif title_editor\"><strong>ALTERACIONES DEL TR\u00c1FICO, INFORMACI\u00d3N SOBRE MOVILIDAD Y APARCAMIENTO<\/strong><\/h3>\n<p class=\" text-justify\">El <strong>1 de septiembre de 2025<\/strong>, habr\u00e1 restricciones de tr\u00e1fico para permitir que se celebre el evento, la procesi\u00f3n hist\u00f3rica y los actos posteriores.<\/p>\n<p class=\" text-justify\">Est\u00e1 previsto el <strong>cierre temporal al tr\u00e1fico de la carretera estatal SS163<\/strong> entre Amalfi y Atrani<\/p>\n<p class=\" text-justify\">&#8211; <strong>de 18:15 a 19:15<\/strong><\/p>\n<p class=\" text-justify\">&#8211; <strong>de 20:00 a 21:00<\/strong><\/p>\n<p class=\" text-justify\">&#8211; <strong>de 21.30 a 22.00 h.<\/strong><\/p>\n<p class=\" text-justify\">El <strong>centro hist\u00f3rico de Amalfi estar\u00e1 cerrado al tr\u00e1fico<\/strong>:<\/p>\n<p class=\" text-justify\">&#8211; <strong>de 18:00 a 19:00<\/strong><\/p>\n<p class=\" text-justify\">&#8211; <strong>de 20:00 a 22:00<\/strong><\/p>","excerpt":"<p>Cada a\u00f1o, Amalfi celebra su glorioso pasado con el A\u00f1o Nuevo Bizantino: un acontecimiento muy esperado y querido.<\/p>\n<p>La ciudad se transforma en un escenario hist\u00f3rico, con desfiles de trajes medievales, ceremonias solemnes y espect\u00e1culos que animan el coraz\u00f3n de Amalfi.<\/p>","slug":"el-ano-nuevo-bizantino-2025-una-inmersion-en-la-historia-entre-el-esplendor-medieval-y-las-tradiciones-redescubiertas","image":{"url":"https:\/\/www.visitamalfi.info\/wp-content\/uploads\/2023\/08\/1.jpeg","id":10546,"extension":"jpeg","width":1600,"height":1064,"filesize":518013,"sizes":{"medium":{"width":300,"height":200,"mime-type":"image\/jpeg","filesize":17470,"url":"https:\/\/www.visitamalfi.info\/wp-content\/uploads\/2023\/08\/1-300x200.jpeg"},"large":{"width":1024,"height":681,"mime-type":"image\/jpeg","filesize":150029,"url":"https:\/\/www.visitamalfi.info\/wp-content\/uploads\/2023\/08\/1-1024x681.jpeg"},"thumbnail":{"width":300,"height":300,"mime-type":"image\/jpeg","filesize":22461,"url":"https:\/\/www.visitamalfi.info\/wp-content\/uploads\/2023\/08\/1-300x300.jpeg"},"medium_large":{"width":768,"height":511,"mime-type":"image\/jpeg","filesize":91299,"url":"https:\/\/www.visitamalfi.info\/wp-content\/uploads\/2023\/08\/1-768x511.jpeg"},"1536x1536":{"width":1536,"height":1021,"mime-type":"image\/jpeg","filesize":295138,"url":"https:\/\/www.visitamalfi.info\/wp-content\/uploads\/2023\/08\/1-1536x1021.jpeg"},"post-thumbnail":{"width":870,"height":580,"mime-type":"image\/jpeg","filesize":114042,"url":"https:\/\/www.visitamalfi.info\/wp-content\/uploads\/2023\/08\/1-870x580.jpeg"},"ignition_item":{"width":615,"height":410,"mime-type":"image\/jpeg","filesize":62220,"url":"https:\/\/www.visitamalfi.info\/wp-content\/uploads\/2023\/08\/1-615x410.jpeg"},"ignition_item_lg":{"width":1240,"height":825,"mime-type":"image\/jpeg","filesize":207391,"url":"https:\/\/www.visitamalfi.info\/wp-content\/uploads\/2023\/08\/1-1240x825.jpeg"},"ignition_article_media":{"width":510,"height":510,"mime-type":"image\/jpeg","filesize":58382,"url":"https:\/\/www.visitamalfi.info\/wp-content\/uploads\/2023\/08\/1-510x510.jpeg"},"ignition_minicart_item":{"width":160,"height":160,"mime-type":"image\/jpeg","filesize":7224,"url":"https:\/\/www.visitamalfi.info\/wp-content\/uploads\/2023\/08\/1-160x160.jpeg"},"ignition_cousteau_pro_item_package":{"width":555,"height":790,"mime-type":"image\/jpeg","filesize":84256,"url":"https:\/\/www.visitamalfi.info\/wp-content\/uploads\/2023\/08\/1-555x790.jpeg"},"maxslider_slide":{"width":750,"height":450,"mime-type":"image\/jpeg","filesize":82740,"url":"https:\/\/www.visitamalfi.info\/wp-content\/uploads\/2023\/08\/1-750x450.jpeg"}}},"all_day":true,"start_date":"2025-08-31 00:00:00","start_date_details":{"year":"2025","month":"08","day":"31","hour":"00","minutes":"00","seconds":"00"},"end_date":"2025-09-02 23:59:59","end_date_details":{"year":"2025","month":"09","day":"02","hour":"23","minutes":"59","seconds":"59"},"utc_start_date":"2025-08-30 22:00:00","utc_start_date_details":{"year":"2025","month":"08","day":"30","hour":"22","minutes":"00","seconds":"00"},"utc_end_date":"2025-09-02 21:59:59","utc_end_date_details":{"year":"2025","month":"09","day":"02","hour":"21","minutes":"59","seconds":"59"},"timezone":"Europe\/Rome","timezone_abbr":"CEST","cost":"","cost_details":{"currency_symbol":"","currency_code":"","currency_position":"","values":[]},"website":"https:\/\/www.visitamalfi.info\/es\/evento\/el-ano-nuevo-bizantino-2025-una-inmersion-en-la-historia-entre-el-esplendor-medieval-y-las-tradiciones-redescubiertas\/","show_map":true,"show_map_link":true,"hide_from_listings":false,"sticky":false,"featured":false,"categories":[{"name":"acontecimiento hist\u00f3rico","slug":"acontecimiento-historico","term_group":0,"term_taxonomy_id":718,"taxonomy":"tribe_events_cat","description":"","parent":0,"count":7,"filter":"raw","id":718,"urls":{"self":"https:\/\/www.visitamalfi.info\/es\/wp-json\/tribe\/events\/v1\/categories\/718","collection":"https:\/\/www.visitamalfi.info\/es\/wp-json\/tribe\/events\/v1\/categories"}},{"name":"musica dal vivo","slug":"musica-dal-vivo-es","term_group":0,"term_taxonomy_id":371,"taxonomy":"tribe_events_cat","description":"","parent":0,"count":41,"filter":"raw","id":371,"urls":{"self":"https:\/\/www.visitamalfi.info\/es\/wp-json\/tribe\/events\/v1\/categories\/371","collection":"https:\/\/www.visitamalfi.info\/es\/wp-json\/tribe\/events\/v1\/categories"}},{"name":"recreaci\u00f3n hist\u00f3rica","slug":"recreacion-historica","term_group":0,"term_taxonomy_id":719,"taxonomy":"tribe_events_cat","description":"","parent":0,"count":6,"filter":"raw","id":719,"urls":{"self":"https:\/\/www.visitamalfi.info\/es\/wp-json\/tribe\/events\/v1\/categories\/719","collection":"https:\/\/www.visitamalfi.info\/es\/wp-json\/tribe\/events\/v1\/categories"}},{"name":"tradici\u00f3n","slug":"tradicion","term_group":0,"term_taxonomy_id":572,"taxonomy":"tribe_events_cat","description":"","parent":0,"count":33,"filter":"raw","id":572,"urls":{"self":"https:\/\/www.visitamalfi.info\/es\/wp-json\/tribe\/events\/v1\/categories\/572","collection":"https:\/\/www.visitamalfi.info\/es\/wp-json\/tribe\/events\/v1\/categories"}}],"tags":[],"venue":{"id":3896,"author":"7","status":"publish","date":"2023-06-14 09:54:47","date_utc":"2023-06-14 07:54:47","modified":"2023-06-14 09:54:47","modified_utc":"2023-06-14 07:54:47","url":"https:\/\/www.visitamalfi.info\/recinto\/amalfi\/","venue":"amalfi","slug":"amalfi","json_ld":{"@type":"Place","name":"amalfi","description":"","url":"","address":{"@type":"PostalAddress"},"telephone":"","sameAs":""},"show_map":true,"show_map_link":true,"global_id":"www.visitamalfi.info\/es\/?id=3896","global_id_lineage":["www.visitamalfi.info\/es\/?id=3896"]},"organizer":[],"custom_fields":[],"json_ld":{"@context":"http:\/\/schema.org","@type":"Event","name":"El A\u00f1o Nuevo Bizantino 2025 &#8211; Una inmersi\u00f3n en la historia, entre el esplendor medieval y las tradiciones redescubiertas","description":"&lt;p&gt;Cada a\u00f1o, Amalfi celebra su glorioso pasado con el A\u00f1o Nuevo Bizantino: un acontecimiento muy esperado y querido.&lt;\/p&gt;\\n&lt;p&gt;La ciudad se transforma en un escenario hist\u00f3rico, con desfiles de trajes medievales, ceremonias solemnes y espect\u00e1culos que animan el coraz\u00f3n de Amalfi.&lt;\/p&gt;\\n","image":"https:\/\/www.visitamalfi.info\/wp-content\/uploads\/2023\/08\/1.jpeg","url":"https:\/\/www.visitamalfi.info\/es\/evento\/el-ano-nuevo-bizantino-2025-una-inmersion-en-la-historia-entre-el-esplendor-medieval-y-las-tradiciones-redescubiertas\/","eventAttendanceMode":"https:\/\/schema.org\/OfflineEventAttendanceMode","eventStatus":"https:\/\/schema.org\/EventScheduled","startDate":"2025-08-31T00:00:00+02:00","endDate":"2025-09-02T23:59:59+02:00","location":{"@type":"Place","name":"amalfi","description":"","url":"","address":{"@type":"PostalAddress"},"telephone":"","sameAs":""},"performer":"Organization"}}