{"id":19111,"global_id":"www.visitamalfi.info\/es\/?id=19111","global_id_lineage":["www.visitamalfi.info\/es\/?id=19111"],"author":"7","status":"publish","date":"2024-06-07 17:20:01","date_utc":"2024-06-07 15:20:01","modified":"2024-06-07 17:20:01","modified_utc":"2024-06-07 15:20:01","url":"https:\/\/www.visitamalfi.info\/es\/evento\/amalfi-en-jazz-ana-carla-maza-quartet\/","rest_url":"https:\/\/www.visitamalfi.info\/es\/wp-json\/tribe\/events\/v1\/events\/19111","title":"Amalfi en Jazz &#8211; Ana Carla Maza Quartet","description":"<p><strong>Ana Carla Maza<\/strong> naci\u00f3 cuando Wim Wenders iniciaba el rodaje de <strong><em>Buena Vista Social Club <\/em><\/strong>en La Habana. Cogi\u00f3 por primera vez el violonchelo, un instrumento que se entrelazar\u00eda con su alma, a los ocho a\u00f1os y subi\u00f3 al escenario a los diez. A los diecis\u00e9is a\u00f1os se traslad\u00f3 a Par\u00eds para estudiar en el Conservatorio de M\u00fasica, y fue actuando en clubes de jazz y caf\u00e9s parisinos donde comenz\u00f3 su carrera. La joven int\u00e9rprete cubana se mueve con destreza entre ritmos latinos, sonidos pop, armon\u00edas de jazz y t\u00e9cnica cl\u00e1sica, y alterna los idiomas franc\u00e9s y espa\u00f1ol al escribir sus letras. Con <strong>Ana Carla Maza<\/strong> al violonchelo y voz, <strong>Norman Peplow <\/strong>al piano, <strong>Marc Ayza<\/strong> a la bater\u00eda y <strong>Luis Guerra<\/strong> a la percusi\u00f3n<\/p>","excerpt":"<p>Ana Carla Maza naci\u00f3 cuando Wim Wenders iniciaba el rodaje de Buena Vista Social Club en La Habana.<\/p>","slug":"amalfi-en-jazz-ana-carla-maza-quartet","image":false,"all_day":false,"start_date":"2024-07-26 22:00:00","start_date_details":{"year":"2024","month":"07","day":"26","hour":"22","minutes":"00","seconds":"00"},"end_date":"2024-07-26 23:59:00","end_date_details":{"year":"2024","month":"07","day":"26","hour":"23","minutes":"59","seconds":"00"},"utc_start_date":"2024-07-26 20:00:00","utc_start_date_details":{"year":"2024","month":"07","day":"26","hour":"20","minutes":"00","seconds":"00"},"utc_end_date":"2024-07-26 21:59:00","utc_end_date_details":{"year":"2024","month":"07","day":"26","hour":"21","minutes":"59","seconds":"00"},"timezone":"Europe\/Rome","timezone_abbr":"CEST","cost":"","cost_details":{"currency_symbol":"","currency_code":"","currency_position":"","values":[]},"website":"https:\/\/www.visitamalfi.info\/es\/evento\/amalfi-en-jazz-ana-carla-maza-quartet\/","show_map":true,"show_map_link":true,"hide_from_listings":false,"sticky":false,"featured":false,"categories":[{"name":"jazz","slug":"jazz-es","term_group":0,"term_taxonomy_id":372,"taxonomy":"tribe_events_cat","description":"","parent":0,"count":6,"filter":"raw","id":372,"urls":{"self":"https:\/\/www.visitamalfi.info\/es\/wp-json\/tribe\/events\/v1\/categories\/372","collection":"https:\/\/www.visitamalfi.info\/es\/wp-json\/tribe\/events\/v1\/categories"}},{"name":"m\u00fasica","slug":"musica-es","term_group":0,"term_taxonomy_id":661,"taxonomy":"tribe_events_cat","description":"","parent":0,"count":23,"filter":"raw","id":661,"urls":{"self":"https:\/\/www.visitamalfi.info\/es\/wp-json\/tribe\/events\/v1\/categories\/661","collection":"https:\/\/www.visitamalfi.info\/es\/wp-json\/tribe\/events\/v1\/categories"}},{"name":"musica dal vivo","slug":"musica-dal-vivo-es","term_group":0,"term_taxonomy_id":371,"taxonomy":"tribe_events_cat","description":"","parent":0,"count":41,"filter":"raw","id":371,"urls":{"self":"https:\/\/www.visitamalfi.info\/es\/wp-json\/tribe\/events\/v1\/categories\/371","collection":"https:\/\/www.visitamalfi.info\/es\/wp-json\/tribe\/events\/v1\/categories"}}],"tags":[],"venue":{"id":3862,"author":"7","status":"publish","date":"2023-06-08 10:32:25","date_utc":"2023-06-08 08:32:25","modified":"2023-06-08 10:32:25","modified_utc":"2023-06-08 08:32:25","url":"https:\/\/www.visitamalfi.info\/recinto\/piazza-duomo-amalfi\/","venue":"piazza duomo amalfi","slug":"piazza-duomo-amalfi","address":"Piazza Duomo","city":"Amalfi","country":"Italia","json_ld":{"@type":"Place","name":"piazza duomo amalfi","description":"","url":"","address":{"@type":"PostalAddress","streetAddress":"Piazza Duomo","addressLocality":"Amalfi","addressCountry":"Italia"},"telephone":"","sameAs":""},"show_map":true,"show_map_link":true,"global_id":"www.visitamalfi.info\/es\/?id=3862","global_id_lineage":["www.visitamalfi.info\/es\/?id=3862"]},"organizer":[],"custom_fields":[],"json_ld":{"@context":"http:\/\/schema.org","@type":"Event","name":"Amalfi en Jazz &#8211; Ana Carla Maza Quartet","description":"&lt;p&gt;Ana Carla Maza naci\u00f3 cuando Wim Wenders iniciaba el rodaje de Buena Vista Social Club en La Habana.&lt;\/p&gt;\\n","url":"https:\/\/www.visitamalfi.info\/es\/evento\/amalfi-en-jazz-ana-carla-maza-quartet\/","eventAttendanceMode":"https:\/\/schema.org\/OfflineEventAttendanceMode","eventStatus":"https:\/\/schema.org\/EventScheduled","startDate":"2024-07-26T22:00:00+02:00","endDate":"2024-07-26T23:59:00+02:00","location":{"@type":"Place","name":"piazza duomo amalfi","description":"","url":"","address":{"@type":"PostalAddress","streetAddress":"Piazza Duomo","addressLocality":"Amalfi","addressCountry":"Italia"},"telephone":"","sameAs":""},"performer":"Organization"}}