{"id":23782,"date":"2026-01-15T15:55:53","date_gmt":"2026-01-15T14:55:53","guid":{"rendered":"https:\/\/www.visitamalfi.info\/weihnachten-2025-und-silvester-in-amalfi-eine-geschichte-die-jeden-tag-bewegt\/"},"modified":"2026-01-15T15:55:53","modified_gmt":"2026-01-15T14:55:53","slug":"weihnachten-2025-und-silvester-in-amalfi-eine-geschichte-die-jeden-tag-bewegt","status":"publish","type":"post","link":"https:\/\/www.visitamalfi.info\/de\/weihnachten-2025-und-silvester-in-amalfi-eine-geschichte-die-jeden-tag-bewegt\/","title":{"rendered":"Weihnachten 2025 und Silvester in Amalfi: eine Geschichte, die jeden Tag bewegt"},"content":{"rendered":"<p data-start=\"380\" data-end=\"478\">Es gibt Orte, die w\u00e4hrend der Feiertage leuchten.<br data-start=\"432\" data-end=\"435\">Und dann gibt es Orte &#8211; wie Amalfi &#8211; die <strong data-start=\"460\" data-end=\"477\">ihre eigenen Geschichten erz\u00e4hlen<\/strong>.<\/p>\n<p data-start=\"480\" data-end=\"818\">In Amalfi waren Weihnachten und Silvester nicht nur ein Veranstaltungskalender, sondern eine emotionale und kulturelle Reise, eine wochenlange Geschichte, die in der Lage war, Tradition und Zeitgenossenschaft, Feiern und Zuh\u00f6ren, Piazza und Intimit\u00e4t zu vereinen.<br data-start=\"710\" data-end=\"713\">Ein Chorm\u00e4rchen, das die Weihnachtszeit zu einem authentischen, gemeinsamen, lebendigen, aber vor allem magischen Erlebnis f\u00fcr Jung und Alt macht.<\/p>\n<h3 data-start=\"829\" data-end=\"889\"><strong data-start=\"833\" data-end=\"889\">Der alte Klang von Weihnachten: Dudels\u00e4cke in den Gassen<img decoding=\"async\" class=\" wp-image-23724 alignleft\" src=\"https:\/\/www.visitamalfi.info\/wp-content\/uploads\/2026\/01\/3-300x200.jpeg\" alt=\"\" width=\"174\" height=\"116\" srcset=\"https:\/\/www.visitamalfi.info\/wp-content\/uploads\/2026\/01\/3-300x200.jpeg 300w, https:\/\/www.visitamalfi.info\/wp-content\/uploads\/2026\/01\/3-1024x683.jpeg 1024w, https:\/\/www.visitamalfi.info\/wp-content\/uploads\/2026\/01\/3-768x512.jpeg 768w, https:\/\/www.visitamalfi.info\/wp-content\/uploads\/2026\/01\/3-870x580.jpeg 870w, https:\/\/www.visitamalfi.info\/wp-content\/uploads\/2026\/01\/3-615x410.jpeg 615w, https:\/\/www.visitamalfi.info\/wp-content\/uploads\/2026\/01\/3-1240x825.jpeg 1240w, https:\/\/www.visitamalfi.info\/wp-content\/uploads\/2026\/01\/3.jpeg 1439w\" sizes=\"(max-width: 174px) 100vw, 174px\" \/><\/strong><\/h3>\n<p data-start=\"891\" data-end=\"1273\">In Amalfi begann Weihnachten auf diese Weise: mit dem uralten Klang von <strong data-start=\"983\" data-end=\"995\">Dudels\u00e4cken<\/strong> in den Gassen der Stadt.<br data-start=\"1032\" data-end=\"1035\">Ein tiefer, archaischer Klang, der ferne Erinnerungen wachrufen und eine unmittelbare Verbindung zwischen Vergangenheit und Gegenwart herstellen kann. Dudels\u00e4cke begleiten Weihnachten nicht nur: sie verk\u00fcnden es, sie erz\u00e4hlen es, sie machen es in den Stra\u00dfen und Herzen lebendig.<\/p>\n<h3 data-start=\"296\" data-end=\"366\"><strong data-start=\"300\" data-end=\"366\">Die Weihnachtsm\u00e4rkte: Amalfi als kleine Verzauberung am Meer<img decoding=\"async\" class=\"wp-image-23729 alignright\" src=\"https:\/\/www.visitamalfi.info\/wp-content\/uploads\/2026\/01\/1-300x200.jpg\" alt=\"\" width=\"181\" height=\"120\" srcset=\"https:\/\/www.visitamalfi.info\/wp-content\/uploads\/2026\/01\/1-300x200.jpg 300w, https:\/\/www.visitamalfi.info\/wp-content\/uploads\/2026\/01\/1-1024x682.jpg 1024w, https:\/\/www.visitamalfi.info\/wp-content\/uploads\/2026\/01\/1-768x512.jpg 768w, https:\/\/www.visitamalfi.info\/wp-content\/uploads\/2026\/01\/1-870x580.jpg 870w, https:\/\/www.visitamalfi.info\/wp-content\/uploads\/2026\/01\/1-615x410.jpg 615w, https:\/\/www.visitamalfi.info\/wp-content\/uploads\/2026\/01\/1-1240x825.jpg 1240w, https:\/\/www.visitamalfi.info\/wp-content\/uploads\/2026\/01\/1.jpg 1280w\" sizes=\"(max-width: 181px) 100vw, 181px\" \/><\/strong><\/h3>\n<p data-start=\"368\" data-end=\"822\">Mit warmen Lichtern, traditionellen D\u00fcften und l\u00e4chelnden Stra\u00dfen verwandeln die <strong data-start=\"445\" data-end=\"468\">Weihnachtsm\u00e4rkte<\/strong> Amalfi in einen kleinen Zauber mit Blick auf das Meer.<br data-start=\"536\" data-end=\"539\">Ein Bummel zwischen den St\u00e4nden war wie der Eintritt in eine andere Dimension, in der die Zeit langsamer l\u00e4uft und jedes Detail von der W\u00e4rme der Festlichkeiten und der G\u00fcte und Sch\u00f6nheit der lokalen Produkte erz\u00e4hlt. Handgefertigte Gegenst\u00e4nde, authentische Geschm\u00e4cker und eine famili\u00e4re Atmosph\u00e4re machen Weihnachten in Amalfi zu einem Erlebnis, das man mit allen Sinnen genie\u00dfen kann.<\/p>\n<h3 data-start=\"1280\" data-end=\"1347\"><strong data-start=\"1284\" data-end=\"1347\">Papier, H\u00e4nde und Fantasie: Weihnachten im Papiermuseum<img decoding=\"async\" class=\" wp-image-23734 alignleft\" src=\"https:\/\/www.visitamalfi.info\/wp-content\/uploads\/2026\/01\/6-300x200.jpg\" alt=\"\" width=\"230\" height=\"153\" srcset=\"https:\/\/www.visitamalfi.info\/wp-content\/uploads\/2026\/01\/6-300x200.jpg 300w, https:\/\/www.visitamalfi.info\/wp-content\/uploads\/2026\/01\/6-1024x683.jpg 1024w, https:\/\/www.visitamalfi.info\/wp-content\/uploads\/2026\/01\/6-768x512.jpg 768w, https:\/\/www.visitamalfi.info\/wp-content\/uploads\/2026\/01\/6-870x580.jpg 870w, https:\/\/www.visitamalfi.info\/wp-content\/uploads\/2026\/01\/6-615x410.jpg 615w, https:\/\/www.visitamalfi.info\/wp-content\/uploads\/2026\/01\/6-1240x825.jpg 1240w, https:\/\/www.visitamalfi.info\/wp-content\/uploads\/2026\/01\/6.jpg 1440w\" sizes=\"(max-width: 230px) 100vw, 230px\" \/><\/strong><\/h3>\n<p data-start=\"1349\" data-end=\"1703\">H\u00e4nde, die erschaffen, W\u00fcnsche, die Gestalt annehmen, neugierige Blicke voller Staunen.<br data-start=\"1431\" data-end=\"1434\">Im <strong data-start=\"1437\" data-end=\"1468\">Amalfi Paper Museum<\/strong> ist Weihnachten zu einem Erlebnis aus Papier, Fantasie und Kreativit\u00e4t geworden. Die Kinder gestalteten ihren Weihnachtsbrief auf handgesch\u00f6pftem Papier und erlebten so einen authentischen Moment, in dem sich Tradition und Spiel trafen.<\/p>\n<p data-start=\"1705\" data-end=\"1860\">Eine einfache und wertvolle Erfahrung, die den Wert des Tuns, des Wartens und des Tr\u00e4umens vermittelt.<\/p>\n<h3 data-start=\"1867\" data-end=\"1923\"><strong data-start=\"1871\" data-end=\"1923\">Die Weihnachtsfabrik: Wo die Magie Gestalt annahm<img loading=\"lazy\" decoding=\"async\" class=\" wp-image-23739 alignright\" src=\"https:\/\/www.visitamalfi.info\/wp-content\/uploads\/2026\/01\/9-300x200.jpeg\" alt=\"\" width=\"255\" height=\"170\" srcset=\"https:\/\/www.visitamalfi.info\/wp-content\/uploads\/2026\/01\/9-300x200.jpeg 300w, https:\/\/www.visitamalfi.info\/wp-content\/uploads\/2026\/01\/9-1024x683.jpeg 1024w, https:\/\/www.visitamalfi.info\/wp-content\/uploads\/2026\/01\/9-768x512.jpeg 768w, https:\/\/www.visitamalfi.info\/wp-content\/uploads\/2026\/01\/9-870x580.jpeg 870w, https:\/\/www.visitamalfi.info\/wp-content\/uploads\/2026\/01\/9-615x410.jpeg 615w, https:\/\/www.visitamalfi.info\/wp-content\/uploads\/2026\/01\/9-1240x825.jpeg 1240w, https:\/\/www.visitamalfi.info\/wp-content\/uploads\/2026\/01\/9.jpeg 1440w\" sizes=\"(max-width: 255px) 100vw, 255px\" \/><\/strong><\/h3>\n<p data-start=\"1925\" data-end=\"2285\">Im<strong data-start=\"1929\" data-end=\"1958\">Arsenale della Repubblica<\/strong> \u00f6ffnete die <strong data-start=\"1963\" data-end=\"1984\">Weihnachtsfabrik<\/strong> ihre Pforten zu einem Ort, an dem Fantasie Gestalt annimmt und Magie Wirklichkeit wird.<br data-start=\"2074\" data-end=\"2077\">Lachen, staunende Augen, H\u00e4nde bei der Arbeit, Spiele, Workshops und besondere Begegnungen: Die Weihnachtsfabrik erwachte gemeinsam mit ihren kleinen und gro\u00dfen Besuchern zum Leben und verwandelte sich in ein verzaubertes Dorf.<\/p>\n<p data-start=\"2287\" data-end=\"2476\">Bis zum 23. Dezember wurden Familien und Kinder in einem Raum willkommen gehei\u00dfen, in dem sie eine authentische Zeit voller Kreativit\u00e4t und Wunder verbringen konnten. Einfache Momente, aber sie sind dazu bestimmt, zu bleiben.<\/p>\n<p data-start=\"2478\" data-end=\"2651\"><img loading=\"lazy\" decoding=\"async\" class=\" wp-image-23744 alignleft\" src=\"https:\/\/www.visitamalfi.info\/wp-content\/uploads\/2026\/01\/10-300x200.jpeg\" alt=\"\" width=\"253\" height=\"168\" srcset=\"https:\/\/www.visitamalfi.info\/wp-content\/uploads\/2026\/01\/10-300x200.jpeg 300w, https:\/\/www.visitamalfi.info\/wp-content\/uploads\/2026\/01\/10-1024x683.jpeg 1024w, https:\/\/www.visitamalfi.info\/wp-content\/uploads\/2026\/01\/10-768x512.jpeg 768w, https:\/\/www.visitamalfi.info\/wp-content\/uploads\/2026\/01\/10-870x580.jpeg 870w, https:\/\/www.visitamalfi.info\/wp-content\/uploads\/2026\/01\/10-615x410.jpeg 615w, https:\/\/www.visitamalfi.info\/wp-content\/uploads\/2026\/01\/10-1240x825.jpeg 1240w, https:\/\/www.visitamalfi.info\/wp-content\/uploads\/2026\/01\/10.jpeg 1440w\" sizes=\"(max-width: 253px) 100vw, 253px\" \/>Und am 24. Dezember machte ein besonderes Datum alles noch magischer: die <strong data-start=\"2554\" data-end=\"2592\">Ankunft des Weihnachtsmanns in Amalfi<\/strong>, inmitten von L\u00e4cheln, Aufregung und vor Gl\u00fcck strahlenden Augen.<\/p>\n<h3 data-start=\"2658\" data-end=\"2714\"><strong data-start=\"2662\" data-end=\"2714\">26. Dezember: Wenn die Musik die Stadt umarmt<\/strong><\/h3>\n<p data-start=\"2716\" data-end=\"2936\">Am 26. Dezember stand in Amalfi die Zeit f\u00fcr einen Augenblick still.<br data-start=\"2780\" data-end=\"2783\">Die Stimmen von <strong data-start=\"2795\" data-end=\"2812\">Neri per Caso<\/strong> erf\u00fcllten den Platz wie eine warme Umarmung und vermischten sich mit den alten Steinen der <strong data-start=\"2904\" data-end=\"2933\">Kathedrale St. Andrew&#8217;s.<\/strong><\/p>\n<p data-start=\"2938\" data-end=\"3180\">Ein Konzert, das in der Lage war, verschiedene Generationen zu vereinen, in einer intimen und intensiven Atmosph\u00e4re, in der die Musik zu einer Pr\u00e4senz, einer Beziehung, einem gemeinsamen Gef\u00fchl wurde. Ein Moment, der die Geschichte von Weihnachten in ihrer reinsten Form erz\u00e4hlt: die der Begegnung.<\/p>\n<h3 data-start=\"820\" data-end=\"889\"><strong data-start=\"824\" data-end=\"889\">Und dann&#8230; die l\u00e4ngste Silvesternacht Italiens: wenn die Zeit das Tempo \u00e4ndert<\/strong><\/h3>\n<p data-start=\"891\" data-end=\"959\">In Amalfi findet Silvester nicht in einer Nacht statt.<img loading=\"lazy\" decoding=\"async\" class=\" wp-image-23749 alignright\" src=\"https:\/\/www.visitamalfi.info\/wp-content\/uploads\/2026\/01\/17-300x200.jpg\" alt=\"\" width=\"273\" height=\"182\" srcset=\"https:\/\/www.visitamalfi.info\/wp-content\/uploads\/2026\/01\/17-300x200.jpg 300w, https:\/\/www.visitamalfi.info\/wp-content\/uploads\/2026\/01\/17-1024x682.jpg 1024w, https:\/\/www.visitamalfi.info\/wp-content\/uploads\/2026\/01\/17-768x512.jpg 768w, https:\/\/www.visitamalfi.info\/wp-content\/uploads\/2026\/01\/17-870x580.jpg 870w, https:\/\/www.visitamalfi.info\/wp-content\/uploads\/2026\/01\/17-615x410.jpg 615w, https:\/\/www.visitamalfi.info\/wp-content\/uploads\/2026\/01\/17-1240x825.jpg 1240w, https:\/\/www.visitamalfi.info\/wp-content\/uploads\/2026\/01\/17.jpg 1439w\" sizes=\"(max-width: 273px) 100vw, 273px\" \/><br data-start=\"942\" data-end=\"945\">Es kreuzt.<\/p>\n<p data-start=\"961\" data-end=\"1236\">Die Stadt hat sich daf\u00fcr entschieden, die Zeit zu verlangsamen und zu verl\u00e4ngern, um das zu beleben, was man ohne zu z\u00f6gern als <strong data-start=\"1077\" data-end=\"1112\">die l\u00e4ngste Silvesternacht Italiens<\/strong> bezeichnen kann: eine Abfolge von verschiedenen Momenten, Atmosph\u00e4ren und Sprachen, die Bewohner und Besucher gleicherma\u00dfen auf tiefgreifende Weise einbeziehen sollen.<\/p>\n<p data-start=\"1238\" data-end=\"1429\">Von der musikalischen Untermalung des Nachmittags bis hin zu den bis sp\u00e4t in die Nacht gef\u00fcllten Pl\u00e4tzen, von kollektiven Ritualen bis hin zu intimeren Erlebnissen ist jede Veranstaltung zu einem Kapitel einer gr\u00f6\u00dferen Geschichte geworden.<\/p>\n<h3 data-start=\"1431\" data-end=\"1476\"><strong data-start=\"1435\" data-end=\"1476\">Die Pl\u00e4tze: das pulsierende Herz des Festivals<\/strong><\/h3>\n<p data-start=\"1478\" data-end=\"1685\"><img loading=\"lazy\" decoding=\"async\" class=\" wp-image-23754 alignleft\" src=\"https:\/\/www.visitamalfi.info\/wp-content\/uploads\/2026\/01\/14-300x200.jpg\" alt=\"\" width=\"269\" height=\"179\" srcset=\"https:\/\/www.visitamalfi.info\/wp-content\/uploads\/2026\/01\/14-300x200.jpg 300w, https:\/\/www.visitamalfi.info\/wp-content\/uploads\/2026\/01\/14-1024x683.jpg 1024w, https:\/\/www.visitamalfi.info\/wp-content\/uploads\/2026\/01\/14-768x512.jpg 768w, https:\/\/www.visitamalfi.info\/wp-content\/uploads\/2026\/01\/14-870x580.jpg 870w, https:\/\/www.visitamalfi.info\/wp-content\/uploads\/2026\/01\/14-615x410.jpg 615w, https:\/\/www.visitamalfi.info\/wp-content\/uploads\/2026\/01\/14-1240x825.jpg 1240w, https:\/\/www.visitamalfi.info\/wp-content\/uploads\/2026\/01\/14.jpg 1440w\" sizes=\"(max-width: 269px) 100vw, 269px\" \/>Die Pl\u00e4tze von Amalfi sind wieder zum Zentrum der Gemeinde geworden.<br data-start=\"1545\" data-end=\"1548\">Piazza Duomo, Piazza Flavio Gioia, die Gassen und Stra\u00dfen empfingen Musik, L\u00e4cheln, Begegnungen und wurden zu Orten des echten Austauschs.<\/p>\n<p data-start=\"1687\" data-end=\"2047\">Die Silvesternacht begann bereits am Nachmittag des 31. Dezember mit der Energie der Happy Music Selection und setzte sich am Abend mit Karaoke, Folk, kollektiven Emotionen und einer hellen Mitternacht fort, die mit einem Feuerwerk gefeiert wurde.<br data-start=\"1922\" data-end=\"1925\">Und wenn anderswo die Party endete, ging sie in Amalfi weiter: Live-Musik, Disco-Shows und eine Nacht, die nie zu enden schien.<\/p>\n<h3 data-start=\"2049\" data-end=\"2107\"><strong data-start=\"2053\" data-end=\"2107\">Das Neujahrsvolk von Amalfi: eine wandelnde Identit\u00e4t<\/strong><\/h3>\n<p data-start=\"2109\" data-end=\"2332\">Zu den authentischsten Momenten geh\u00f6rte der <strong data-start=\"2141\" data-end=\"2170\">Capodanno Folk Amalfitano<\/strong>, der die Kraft der Wurzeln wieder in den Mittelpunkt r\u00fcckte.<br data-start=\"2216\" data-end=\"2219\">Die Bands, die die Stra\u00dfen kreuzen, die Musik, die sich mit den Menschen bewegt, die Blicke, die sich gegenseitig erkennen.<img loading=\"lazy\" decoding=\"async\" class=\"wp-image-23759 alignright\" src=\"https:\/\/www.visitamalfi.info\/wp-content\/uploads\/2026\/01\/20-300x200.jpg\" alt=\"\" width=\"267\" height=\"178\" srcset=\"https:\/\/www.visitamalfi.info\/wp-content\/uploads\/2026\/01\/20-300x200.jpg 300w, https:\/\/www.visitamalfi.info\/wp-content\/uploads\/2026\/01\/20-1024x682.jpg 1024w, https:\/\/www.visitamalfi.info\/wp-content\/uploads\/2026\/01\/20-768x512.jpg 768w, https:\/\/www.visitamalfi.info\/wp-content\/uploads\/2026\/01\/20-1536x1023.jpg 1536w, https:\/\/www.visitamalfi.info\/wp-content\/uploads\/2026\/01\/20-870x580.jpg 870w, https:\/\/www.visitamalfi.info\/wp-content\/uploads\/2026\/01\/20-615x410.jpg 615w, https:\/\/www.visitamalfi.info\/wp-content\/uploads\/2026\/01\/20-1240x825.jpg 1240w, https:\/\/www.visitamalfi.info\/wp-content\/uploads\/2026\/01\/20.jpg 1600w\" sizes=\"(max-width: 267px) 100vw, 267px\" \/><\/p>\n<p data-start=\"2334\" data-end=\"2547\">Ein Silvester, das keine B\u00fchnen braucht, um zu begeistern, denn es wird unter den Menschen und f\u00fcr die Menschen geboren.<br data-start=\"2433\" data-end=\"2436\">Ein kollektives Ritual, das die wahre Seele von Amalfi erz\u00e4hlt, die aus Erinnerung, Zugeh\u00f6rigkeit und Kontinuit\u00e4t besteht.<\/p>\n<h3 data-start=\"2549\" data-end=\"2601\"><strong data-start=\"2553\" data-end=\"2601\">Das Arsenal: Musik, die zum Zuh\u00f6ren einl\u00e4dt<\/strong><\/h3>\n<p data-start=\"2603\" data-end=\"2824\">Neben der chorischen Dimension der Pl\u00e4tze bot Amalfi auch R\u00e4ume f\u00fcr tiefes Zuh\u00f6ren.<br data-start=\"2698\" data-end=\"2701\">Das Arsenal ist zum Ort der Intimit\u00e4t geworden, der Worte, die Gewicht haben, der Musik, die nicht nach L\u00e4rm, sondern nach Beziehung sucht.<\/p>\n<p data-start=\"2826\" data-end=\"3014\"><img loading=\"lazy\" decoding=\"async\" class=\"wp-image-23764 alignleft\" src=\"https:\/\/www.visitamalfi.info\/wp-content\/uploads\/2026\/01\/19-300x200.jpg\" alt=\"\" width=\"198\" height=\"132\" srcset=\"https:\/\/www.visitamalfi.info\/wp-content\/uploads\/2026\/01\/19-300x200.jpg 300w, https:\/\/www.visitamalfi.info\/wp-content\/uploads\/2026\/01\/19-1024x683.jpg 1024w, https:\/\/www.visitamalfi.info\/wp-content\/uploads\/2026\/01\/19-768x512.jpg 768w, https:\/\/www.visitamalfi.info\/wp-content\/uploads\/2026\/01\/19-870x580.jpg 870w, https:\/\/www.visitamalfi.info\/wp-content\/uploads\/2026\/01\/19-615x410.jpg 615w, https:\/\/www.visitamalfi.info\/wp-content\/uploads\/2026\/01\/19-1240x825.jpg 1240w, https:\/\/www.visitamalfi.info\/wp-content\/uploads\/2026\/01\/19.jpg 1439w\" sizes=\"(max-width: 198px) 100vw, 198px\" \/>Das Konzert des<strong data-start=\"2843\" data-end=\"2887\">International Harmonia Chamber Orchestra<\/strong> am 1. Januar er\u00f6ffnete das Jahr mit Eleganz und Harmonie und machte den ersten Tag des neuen Jahres zu einer Einladung zur Sch\u00f6nheit.<\/p>\n<p data-start=\"3016\" data-end=\"3194\">Am 2. Januar bot <strong data-start=\"3030\" data-end=\"3038\">Gnut<\/strong> ein intimes und poetisches Konzert, bestehend aus Stille, Gitarren und gefl\u00fcsterten Wahrheiten, das eine tiefe Verbindung zwischen K\u00fcnstler, Publikum und Veranstaltungsort schaffen konnte.<img loading=\"lazy\" decoding=\"async\" class=\" wp-image-23769 alignright\" src=\"https:\/\/www.visitamalfi.info\/wp-content\/uploads\/2026\/01\/21-300x200.jpg\" alt=\"\" width=\"242\" height=\"161\" srcset=\"https:\/\/www.visitamalfi.info\/wp-content\/uploads\/2026\/01\/21-300x200.jpg 300w, https:\/\/www.visitamalfi.info\/wp-content\/uploads\/2026\/01\/21-1024x683.jpg 1024w, https:\/\/www.visitamalfi.info\/wp-content\/uploads\/2026\/01\/21-768x512.jpg 768w, https:\/\/www.visitamalfi.info\/wp-content\/uploads\/2026\/01\/21-870x580.jpg 870w, https:\/\/www.visitamalfi.info\/wp-content\/uploads\/2026\/01\/21-615x410.jpg 615w, https:\/\/www.visitamalfi.info\/wp-content\/uploads\/2026\/01\/21-1240x825.jpg 1240w, https:\/\/www.visitamalfi.info\/wp-content\/uploads\/2026\/01\/21.jpg 1440w\" sizes=\"(max-width: 242px) 100vw, 242px\" \/><\/p>\n<p data-start=\"3196\" data-end=\"3377\">Am 4. Januar gab die <strong data-start=\"3213\" data-end=\"3238\">Compagnia Daltrocanto<\/strong> dem <em data-start=\"3255\" data-end=\"3270\">Autorenvolk<\/em> eine Stimme und verkn\u00fcpfte Tradition und Forschung, Vergangenheit und Gegenwart zu einer musikalischen Geschichte, die bewahrt und weitergibt.<\/p>\n<h3 data-start=\"3379\" data-end=\"3420\"><strong data-start=\"3383\" data-end=\"3420\"><img loading=\"lazy\" decoding=\"async\" class=\" wp-image-23774 alignleft\" src=\"https:\/\/www.visitamalfi.info\/wp-content\/uploads\/2026\/01\/22-300x200.jpg\" alt=\"\" width=\"224\" height=\"149\" srcset=\"https:\/\/www.visitamalfi.info\/wp-content\/uploads\/2026\/01\/22-300x200.jpg 300w, https:\/\/www.visitamalfi.info\/wp-content\/uploads\/2026\/01\/22-1024x682.jpg 1024w, https:\/\/www.visitamalfi.info\/wp-content\/uploads\/2026\/01\/22-768x512.jpg 768w, https:\/\/www.visitamalfi.info\/wp-content\/uploads\/2026\/01\/22-870x580.jpg 870w, https:\/\/www.visitamalfi.info\/wp-content\/uploads\/2026\/01\/22-615x410.jpg 615w, https:\/\/www.visitamalfi.info\/wp-content\/uploads\/2026\/01\/22-1240x825.jpg 1240w, https:\/\/www.visitamalfi.info\/wp-content\/uploads\/2026\/01\/22.jpg 1439w\" sizes=\"(max-width: 224px) 100vw, 224px\" \/>Eine Vision, die \u00fcber die Partei hinausgeht<\/strong><\/h3>\n<p data-start=\"3422\" data-end=\"3682\">Was Weihnachten und Silvester in Amalfi so besonders machte, war nicht nur die Qualit\u00e4t der Veranstaltungen, sondern auch die <strong data-start=\"3530\" data-end=\"3541\">Vision<\/strong>, die sie zusammenhielt.<br data-start=\"3567\" data-end=\"3570\">Eine Vision, die sich auf Gemeinschaft, Kultur, die Sch\u00f6nheit der Orte und den Wert der gemeinsamen Zeit konzentriert.<\/p>\n<p data-start=\"3684\" data-end=\"3897\">In Amalfi ging es zu Weihnachten nicht nur um Dekoration.<br data-start=\"3734\" data-end=\"3737\">Silvester war nicht nur zum Feiern da.<br data-start=\"3780\" data-end=\"3783\">Sie sind eine kontinuierliche Geschichte, die in der Lage ist, verschiedene Sprachen und Menschen zu beherbergen, ohne ihre Identit\u00e4t zu verlieren.<\/p>\n<h3 data-start=\"3899\" data-end=\"3927\"><strong data-start=\"3903\" data-end=\"3927\">Eine Geschichte, die bleibt<\/strong><\/h3>\n<p data-start=\"3929\" data-end=\"4081\">Am Ende der Feierlichkeiten bleiben nicht nur Bilder und Videos, sondern auch ein Gef\u00fchl:<br data-start=\"4017\" data-end=\"4020\">das Gef\u00fchl, etwas erlebt zu haben, das sich nicht schnell abnutzt.<\/p>\n<p data-start=\"4083\" data-end=\"4313\">Denn <strong data-start=\"4090\" data-end=\"4122\">Weihnachten und Silvester in Amalfi<\/strong> waren nicht nur Ereignisse, die man beobachten konnte, sondern <strong data-start=\"4166\" data-end=\"4190\">eine Geschichte, die man leben<\/strong>, durchleben und in Erinnerung behalten musste.<br data-start=\"4216\" data-end=\"4219\">Eine besondere Zeit, in der die Stadt sich entschieden hat, ihre Geschichte wieder einmal mit Authentizit\u00e4t zu erz\u00e4hlen.<\/p>\n<p data-start=\"4315\" data-end=\"4386\">Und wenn die Zeit wieder zu laufen beginnt, bleiben die Emotionen in Amalfi.<\/p>\n","protected":false},"excerpt":{"rendered":"<p>Es gibt Orte, die w\u00e4hrend der Feiertage leuchten.Und dann gibt es Orte &#8211; wie Amalfi &#8211; die ihre eigenen Geschichten erz\u00e4hlen. In Amalfi waren Weihnachten und Silvester nicht nur ein [&hellip;]<\/p>\n","protected":false},"author":7,"featured_media":23747,"comment_status":"open","ping_status":"closed","sticky":false,"template":"","format":"standard","meta":{"inline_featured_image":false,"footnotes":""},"categories":[816],"tags":[1961],"class_list":["post-23782","post","type-post","status-publish","format-standard","has-post-thumbnail","hentry","category-eventi-de","tag-hervorgehoben"],"yoast_head":"<!-- This site is optimized with the Yoast SEO plugin v27.3 - https:\/\/yoast.com\/product\/yoast-seo-wordpress\/ -->\n<title>Weihnachten 2025 und Silvester in Amalfi: eine Geschichte, die jeden Tag bewegt - Visit Amalfi<\/title>\n<meta name=\"robots\" content=\"index, follow, max-snippet:-1, max-image-preview:large, max-video-preview:-1\" \/>\n<link rel=\"canonical\" href=\"https:\/\/www.visitamalfi.info\/de\/weihnachten-2025-und-silvester-in-amalfi-eine-geschichte-die-jeden-tag-bewegt\/\" \/>\n<meta property=\"og:locale\" content=\"de_DE\" \/>\n<meta property=\"og:type\" content=\"article\" \/>\n<meta property=\"og:title\" content=\"Weihnachten 2025 und Silvester in Amalfi: eine Geschichte, die jeden Tag bewegt - Visit Amalfi\" \/>\n<meta property=\"og:description\" content=\"Es gibt Orte, die w\u00e4hrend der Feiertage leuchten.Und dann gibt es Orte &#8211; wie Amalfi &#8211; die ihre eigenen Geschichten erz\u00e4hlen. In Amalfi waren Weihnachten und Silvester nicht nur ein [&hellip;]\" \/>\n<meta property=\"og:url\" content=\"https:\/\/www.visitamalfi.info\/de\/weihnachten-2025-und-silvester-in-amalfi-eine-geschichte-die-jeden-tag-bewegt\/\" \/>\n<meta property=\"og:site_name\" content=\"Visit Amalfi\" \/>\n<meta property=\"article:publisher\" content=\"https:\/\/www.facebook.com\/visitamalfiofficial\" \/>\n<meta property=\"article:published_time\" content=\"2026-01-15T14:55:53+00:00\" \/>\n<meta property=\"og:image\" content=\"https:\/\/www.visitamalfi.info\/wp-content\/uploads\/2026\/01\/10.jpeg\" \/>\n\t<meta property=\"og:image:width\" content=\"1440\" \/>\n\t<meta property=\"og:image:height\" content=\"960\" \/>\n\t<meta property=\"og:image:type\" content=\"image\/jpeg\" \/>\n<meta name=\"author\" content=\"Federica Dumont\" \/>\n<meta name=\"twitter:card\" content=\"summary_large_image\" \/>\n<meta name=\"twitter:label1\" content=\"Verfasst von\" \/>\n\t<meta name=\"twitter:data1\" content=\"Federica Dumont\" \/>\n\t<meta name=\"twitter:label2\" content=\"Gesch\u00e4tzte Lesezeit\" \/>\n\t<meta name=\"twitter:data2\" content=\"6\u00a0Minuten\" \/>\n<script type=\"application\/ld+json\" class=\"yoast-schema-graph\">{\"@context\":\"https:\\\/\\\/schema.org\",\"@graph\":[{\"@type\":\"Article\",\"@id\":\"https:\\\/\\\/www.visitamalfi.info\\\/de\\\/weihnachten-2025-und-silvester-in-amalfi-eine-geschichte-die-jeden-tag-bewegt\\\/#article\",\"isPartOf\":{\"@id\":\"https:\\\/\\\/www.visitamalfi.info\\\/de\\\/weihnachten-2025-und-silvester-in-amalfi-eine-geschichte-die-jeden-tag-bewegt\\\/\"},\"author\":{\"name\":\"Federica Dumont\",\"@id\":\"https:\\\/\\\/www.visitamalfi.info\\\/de\\\/#\\\/schema\\\/person\\\/0c7584af846d5d2da6c69f7e68f3af96\"},\"headline\":\"Weihnachten 2025 und Silvester in Amalfi: eine Geschichte, die jeden Tag bewegt\",\"datePublished\":\"2026-01-15T14:55:53+00:00\",\"mainEntityOfPage\":{\"@id\":\"https:\\\/\\\/www.visitamalfi.info\\\/de\\\/weihnachten-2025-und-silvester-in-amalfi-eine-geschichte-die-jeden-tag-bewegt\\\/\"},\"wordCount\":1183,\"commentCount\":0,\"publisher\":{\"@id\":\"https:\\\/\\\/www.visitamalfi.info\\\/de\\\/#organization\"},\"image\":{\"@id\":\"https:\\\/\\\/www.visitamalfi.info\\\/de\\\/weihnachten-2025-und-silvester-in-amalfi-eine-geschichte-die-jeden-tag-bewegt\\\/#primaryimage\"},\"thumbnailUrl\":\"https:\\\/\\\/www.visitamalfi.info\\\/wp-content\\\/uploads\\\/2026\\\/01\\\/10.jpeg\",\"keywords\":[\"Hervorgehoben\"],\"articleSection\":[\"Eventi\"],\"inLanguage\":\"de\",\"potentialAction\":[{\"@type\":\"CommentAction\",\"name\":\"Comment\",\"target\":[\"https:\\\/\\\/www.visitamalfi.info\\\/de\\\/weihnachten-2025-und-silvester-in-amalfi-eine-geschichte-die-jeden-tag-bewegt\\\/#respond\"]}]},{\"@type\":\"WebPage\",\"@id\":\"https:\\\/\\\/www.visitamalfi.info\\\/de\\\/weihnachten-2025-und-silvester-in-amalfi-eine-geschichte-die-jeden-tag-bewegt\\\/\",\"url\":\"https:\\\/\\\/www.visitamalfi.info\\\/de\\\/weihnachten-2025-und-silvester-in-amalfi-eine-geschichte-die-jeden-tag-bewegt\\\/\",\"name\":\"Weihnachten 2025 und Silvester in Amalfi: eine Geschichte, die jeden Tag bewegt - Visit Amalfi\",\"isPartOf\":{\"@id\":\"https:\\\/\\\/www.visitamalfi.info\\\/de\\\/#website\"},\"primaryImageOfPage\":{\"@id\":\"https:\\\/\\\/www.visitamalfi.info\\\/de\\\/weihnachten-2025-und-silvester-in-amalfi-eine-geschichte-die-jeden-tag-bewegt\\\/#primaryimage\"},\"image\":{\"@id\":\"https:\\\/\\\/www.visitamalfi.info\\\/de\\\/weihnachten-2025-und-silvester-in-amalfi-eine-geschichte-die-jeden-tag-bewegt\\\/#primaryimage\"},\"thumbnailUrl\":\"https:\\\/\\\/www.visitamalfi.info\\\/wp-content\\\/uploads\\\/2026\\\/01\\\/10.jpeg\",\"datePublished\":\"2026-01-15T14:55:53+00:00\",\"breadcrumb\":{\"@id\":\"https:\\\/\\\/www.visitamalfi.info\\\/de\\\/weihnachten-2025-und-silvester-in-amalfi-eine-geschichte-die-jeden-tag-bewegt\\\/#breadcrumb\"},\"inLanguage\":\"de\",\"potentialAction\":[{\"@type\":\"ReadAction\",\"target\":[\"https:\\\/\\\/www.visitamalfi.info\\\/de\\\/weihnachten-2025-und-silvester-in-amalfi-eine-geschichte-die-jeden-tag-bewegt\\\/\"]}]},{\"@type\":\"ImageObject\",\"inLanguage\":\"de\",\"@id\":\"https:\\\/\\\/www.visitamalfi.info\\\/de\\\/weihnachten-2025-und-silvester-in-amalfi-eine-geschichte-die-jeden-tag-bewegt\\\/#primaryimage\",\"url\":\"https:\\\/\\\/www.visitamalfi.info\\\/wp-content\\\/uploads\\\/2026\\\/01\\\/10.jpeg\",\"contentUrl\":\"https:\\\/\\\/www.visitamalfi.info\\\/wp-content\\\/uploads\\\/2026\\\/01\\\/10.jpeg\",\"width\":1440,\"height\":960},{\"@type\":\"BreadcrumbList\",\"@id\":\"https:\\\/\\\/www.visitamalfi.info\\\/de\\\/weihnachten-2025-und-silvester-in-amalfi-eine-geschichte-die-jeden-tag-bewegt\\\/#breadcrumb\",\"itemListElement\":[{\"@type\":\"ListItem\",\"position\":1,\"name\":\"Home\",\"item\":\"https:\\\/\\\/www.visitamalfi.info\\\/de\\\/\"},{\"@type\":\"ListItem\",\"position\":2,\"name\":\"Weihnachten 2025 und Silvester in Amalfi: eine Geschichte, die jeden Tag bewegt\"}]},{\"@type\":\"WebSite\",\"@id\":\"https:\\\/\\\/www.visitamalfi.info\\\/de\\\/#website\",\"url\":\"https:\\\/\\\/www.visitamalfi.info\\\/de\\\/\",\"name\":\"Visit Amalfi\",\"description\":\"Amalfi Destination Official Website\",\"publisher\":{\"@id\":\"https:\\\/\\\/www.visitamalfi.info\\\/de\\\/#organization\"},\"potentialAction\":[{\"@type\":\"SearchAction\",\"target\":{\"@type\":\"EntryPoint\",\"urlTemplate\":\"https:\\\/\\\/www.visitamalfi.info\\\/de\\\/?s={search_term_string}\"},\"query-input\":{\"@type\":\"PropertyValueSpecification\",\"valueRequired\":true,\"valueName\":\"search_term_string\"}}],\"inLanguage\":\"de\"},{\"@type\":\"Organization\",\"@id\":\"https:\\\/\\\/www.visitamalfi.info\\\/de\\\/#organization\",\"name\":\"Visit Amalfi\",\"url\":\"https:\\\/\\\/www.visitamalfi.info\\\/de\\\/\",\"logo\":{\"@type\":\"ImageObject\",\"inLanguage\":\"de\",\"@id\":\"https:\\\/\\\/www.visitamalfi.info\\\/de\\\/#\\\/schema\\\/logo\\\/image\\\/\",\"url\":\"https:\\\/\\\/www.visitamalfi.info\\\/wp-content\\\/uploads\\\/2023\\\/04\\\/visit-amalfi-logo-web.png\",\"contentUrl\":\"https:\\\/\\\/www.visitamalfi.info\\\/wp-content\\\/uploads\\\/2023\\\/04\\\/visit-amalfi-logo-web.png\",\"width\":800,\"height\":870,\"caption\":\"Visit Amalfi\"},\"image\":{\"@id\":\"https:\\\/\\\/www.visitamalfi.info\\\/de\\\/#\\\/schema\\\/logo\\\/image\\\/\"},\"sameAs\":[\"https:\\\/\\\/www.facebook.com\\\/visitamalfiofficial\",\"https:\\\/\\\/www.instagram.com\\\/visitamalfiofficial\\\/\"]},{\"@type\":\"Person\",\"@id\":\"https:\\\/\\\/www.visitamalfi.info\\\/de\\\/#\\\/schema\\\/person\\\/0c7584af846d5d2da6c69f7e68f3af96\",\"name\":\"Federica Dumont\",\"image\":{\"@type\":\"ImageObject\",\"inLanguage\":\"de\",\"@id\":\"https:\\\/\\\/secure.gravatar.com\\\/avatar\\\/0803dab414b6c6f1fd2399680f587870a020419b6ebe9d36dd75df06a6a68060?s=96&d=mm&r=g\",\"url\":\"https:\\\/\\\/secure.gravatar.com\\\/avatar\\\/0803dab414b6c6f1fd2399680f587870a020419b6ebe9d36dd75df06a6a68060?s=96&d=mm&r=g\",\"contentUrl\":\"https:\\\/\\\/secure.gravatar.com\\\/avatar\\\/0803dab414b6c6f1fd2399680f587870a020419b6ebe9d36dd75df06a6a68060?s=96&d=mm&r=g\",\"caption\":\"Federica Dumont\"},\"url\":\"https:\\\/\\\/www.visitamalfi.info\\\/de\\\/author\\\/federica\\\/\"}]}<\/script>\n<!-- \/ Yoast SEO plugin. -->","yoast_head_json":{"title":"Weihnachten 2025 und Silvester in Amalfi: eine Geschichte, die jeden Tag bewegt - Visit Amalfi","robots":{"index":"index","follow":"follow","max-snippet":"max-snippet:-1","max-image-preview":"max-image-preview:large","max-video-preview":"max-video-preview:-1"},"canonical":"https:\/\/www.visitamalfi.info\/de\/weihnachten-2025-und-silvester-in-amalfi-eine-geschichte-die-jeden-tag-bewegt\/","og_locale":"de_DE","og_type":"article","og_title":"Weihnachten 2025 und Silvester in Amalfi: eine Geschichte, die jeden Tag bewegt - Visit Amalfi","og_description":"Es gibt Orte, die w\u00e4hrend der Feiertage leuchten.Und dann gibt es Orte &#8211; wie Amalfi &#8211; die ihre eigenen Geschichten erz\u00e4hlen. In Amalfi waren Weihnachten und Silvester nicht nur ein [&hellip;]","og_url":"https:\/\/www.visitamalfi.info\/de\/weihnachten-2025-und-silvester-in-amalfi-eine-geschichte-die-jeden-tag-bewegt\/","og_site_name":"Visit Amalfi","article_publisher":"https:\/\/www.facebook.com\/visitamalfiofficial","article_published_time":"2026-01-15T14:55:53+00:00","og_image":[{"width":1440,"height":960,"url":"https:\/\/www.visitamalfi.info\/wp-content\/uploads\/2026\/01\/10.jpeg","type":"image\/jpeg"}],"author":"Federica Dumont","twitter_card":"summary_large_image","twitter_misc":{"Verfasst von":"Federica Dumont","Gesch\u00e4tzte Lesezeit":"6\u00a0Minuten"},"schema":{"@context":"https:\/\/schema.org","@graph":[{"@type":"Article","@id":"https:\/\/www.visitamalfi.info\/de\/weihnachten-2025-und-silvester-in-amalfi-eine-geschichte-die-jeden-tag-bewegt\/#article","isPartOf":{"@id":"https:\/\/www.visitamalfi.info\/de\/weihnachten-2025-und-silvester-in-amalfi-eine-geschichte-die-jeden-tag-bewegt\/"},"author":{"name":"Federica Dumont","@id":"https:\/\/www.visitamalfi.info\/de\/#\/schema\/person\/0c7584af846d5d2da6c69f7e68f3af96"},"headline":"Weihnachten 2025 und Silvester in Amalfi: eine Geschichte, die jeden Tag bewegt","datePublished":"2026-01-15T14:55:53+00:00","mainEntityOfPage":{"@id":"https:\/\/www.visitamalfi.info\/de\/weihnachten-2025-und-silvester-in-amalfi-eine-geschichte-die-jeden-tag-bewegt\/"},"wordCount":1183,"commentCount":0,"publisher":{"@id":"https:\/\/www.visitamalfi.info\/de\/#organization"},"image":{"@id":"https:\/\/www.visitamalfi.info\/de\/weihnachten-2025-und-silvester-in-amalfi-eine-geschichte-die-jeden-tag-bewegt\/#primaryimage"},"thumbnailUrl":"https:\/\/www.visitamalfi.info\/wp-content\/uploads\/2026\/01\/10.jpeg","keywords":["Hervorgehoben"],"articleSection":["Eventi"],"inLanguage":"de","potentialAction":[{"@type":"CommentAction","name":"Comment","target":["https:\/\/www.visitamalfi.info\/de\/weihnachten-2025-und-silvester-in-amalfi-eine-geschichte-die-jeden-tag-bewegt\/#respond"]}]},{"@type":"WebPage","@id":"https:\/\/www.visitamalfi.info\/de\/weihnachten-2025-und-silvester-in-amalfi-eine-geschichte-die-jeden-tag-bewegt\/","url":"https:\/\/www.visitamalfi.info\/de\/weihnachten-2025-und-silvester-in-amalfi-eine-geschichte-die-jeden-tag-bewegt\/","name":"Weihnachten 2025 und Silvester in Amalfi: eine Geschichte, die jeden Tag bewegt - Visit Amalfi","isPartOf":{"@id":"https:\/\/www.visitamalfi.info\/de\/#website"},"primaryImageOfPage":{"@id":"https:\/\/www.visitamalfi.info\/de\/weihnachten-2025-und-silvester-in-amalfi-eine-geschichte-die-jeden-tag-bewegt\/#primaryimage"},"image":{"@id":"https:\/\/www.visitamalfi.info\/de\/weihnachten-2025-und-silvester-in-amalfi-eine-geschichte-die-jeden-tag-bewegt\/#primaryimage"},"thumbnailUrl":"https:\/\/www.visitamalfi.info\/wp-content\/uploads\/2026\/01\/10.jpeg","datePublished":"2026-01-15T14:55:53+00:00","breadcrumb":{"@id":"https:\/\/www.visitamalfi.info\/de\/weihnachten-2025-und-silvester-in-amalfi-eine-geschichte-die-jeden-tag-bewegt\/#breadcrumb"},"inLanguage":"de","potentialAction":[{"@type":"ReadAction","target":["https:\/\/www.visitamalfi.info\/de\/weihnachten-2025-und-silvester-in-amalfi-eine-geschichte-die-jeden-tag-bewegt\/"]}]},{"@type":"ImageObject","inLanguage":"de","@id":"https:\/\/www.visitamalfi.info\/de\/weihnachten-2025-und-silvester-in-amalfi-eine-geschichte-die-jeden-tag-bewegt\/#primaryimage","url":"https:\/\/www.visitamalfi.info\/wp-content\/uploads\/2026\/01\/10.jpeg","contentUrl":"https:\/\/www.visitamalfi.info\/wp-content\/uploads\/2026\/01\/10.jpeg","width":1440,"height":960},{"@type":"BreadcrumbList","@id":"https:\/\/www.visitamalfi.info\/de\/weihnachten-2025-und-silvester-in-amalfi-eine-geschichte-die-jeden-tag-bewegt\/#breadcrumb","itemListElement":[{"@type":"ListItem","position":1,"name":"Home","item":"https:\/\/www.visitamalfi.info\/de\/"},{"@type":"ListItem","position":2,"name":"Weihnachten 2025 und Silvester in Amalfi: eine Geschichte, die jeden Tag bewegt"}]},{"@type":"WebSite","@id":"https:\/\/www.visitamalfi.info\/de\/#website","url":"https:\/\/www.visitamalfi.info\/de\/","name":"Visit Amalfi","description":"Amalfi Destination Official Website","publisher":{"@id":"https:\/\/www.visitamalfi.info\/de\/#organization"},"potentialAction":[{"@type":"SearchAction","target":{"@type":"EntryPoint","urlTemplate":"https:\/\/www.visitamalfi.info\/de\/?s={search_term_string}"},"query-input":{"@type":"PropertyValueSpecification","valueRequired":true,"valueName":"search_term_string"}}],"inLanguage":"de"},{"@type":"Organization","@id":"https:\/\/www.visitamalfi.info\/de\/#organization","name":"Visit Amalfi","url":"https:\/\/www.visitamalfi.info\/de\/","logo":{"@type":"ImageObject","inLanguage":"de","@id":"https:\/\/www.visitamalfi.info\/de\/#\/schema\/logo\/image\/","url":"https:\/\/www.visitamalfi.info\/wp-content\/uploads\/2023\/04\/visit-amalfi-logo-web.png","contentUrl":"https:\/\/www.visitamalfi.info\/wp-content\/uploads\/2023\/04\/visit-amalfi-logo-web.png","width":800,"height":870,"caption":"Visit Amalfi"},"image":{"@id":"https:\/\/www.visitamalfi.info\/de\/#\/schema\/logo\/image\/"},"sameAs":["https:\/\/www.facebook.com\/visitamalfiofficial","https:\/\/www.instagram.com\/visitamalfiofficial\/"]},{"@type":"Person","@id":"https:\/\/www.visitamalfi.info\/de\/#\/schema\/person\/0c7584af846d5d2da6c69f7e68f3af96","name":"Federica Dumont","image":{"@type":"ImageObject","inLanguage":"de","@id":"https:\/\/secure.gravatar.com\/avatar\/0803dab414b6c6f1fd2399680f587870a020419b6ebe9d36dd75df06a6a68060?s=96&d=mm&r=g","url":"https:\/\/secure.gravatar.com\/avatar\/0803dab414b6c6f1fd2399680f587870a020419b6ebe9d36dd75df06a6a68060?s=96&d=mm&r=g","contentUrl":"https:\/\/secure.gravatar.com\/avatar\/0803dab414b6c6f1fd2399680f587870a020419b6ebe9d36dd75df06a6a68060?s=96&d=mm&r=g","caption":"Federica Dumont"},"url":"https:\/\/www.visitamalfi.info\/de\/author\/federica\/"}]}},"_links":{"self":[{"href":"https:\/\/www.visitamalfi.info\/de\/wp-json\/wp\/v2\/posts\/23782","targetHints":{"allow":["GET"]}}],"collection":[{"href":"https:\/\/www.visitamalfi.info\/de\/wp-json\/wp\/v2\/posts"}],"about":[{"href":"https:\/\/www.visitamalfi.info\/de\/wp-json\/wp\/v2\/types\/post"}],"author":[{"embeddable":true,"href":"https:\/\/www.visitamalfi.info\/de\/wp-json\/wp\/v2\/users\/7"}],"replies":[{"embeddable":true,"href":"https:\/\/www.visitamalfi.info\/de\/wp-json\/wp\/v2\/comments?post=23782"}],"version-history":[{"count":0,"href":"https:\/\/www.visitamalfi.info\/de\/wp-json\/wp\/v2\/posts\/23782\/revisions"}],"wp:featuredmedia":[{"embeddable":true,"href":"https:\/\/www.visitamalfi.info\/de\/wp-json\/wp\/v2\/media\/23747"}],"wp:attachment":[{"href":"https:\/\/www.visitamalfi.info\/de\/wp-json\/wp\/v2\/media?parent=23782"}],"wp:term":[{"taxonomy":"category","embeddable":true,"href":"https:\/\/www.visitamalfi.info\/de\/wp-json\/wp\/v2\/categories?post=23782"},{"taxonomy":"post_tag","embeddable":true,"href":"https:\/\/www.visitamalfi.info\/de\/wp-json\/wp\/v2\/tags?post=23782"}],"curies":[{"name":"wp","href":"https:\/\/api.w.org\/{rel}","templated":true}]}}