{"id":23262,"date":"2025-11-25T10:56:26","date_gmt":"2025-11-25T09:56:26","guid":{"rendered":"https:\/\/www.visitamalfi.info\/amalfi-im-winter-warum-die-ruhigste-zeit-des-jahres-die-beste-zeit-ist-sie-zu-entdecken\/"},"modified":"2025-11-25T10:56:26","modified_gmt":"2025-11-25T09:56:26","slug":"amalfi-im-winter-warum-die-ruhigste-zeit-des-jahres-die-beste-zeit-ist-sie-zu-entdecken","status":"publish","type":"post","link":"https:\/\/www.visitamalfi.info\/de\/amalfi-im-winter-warum-die-ruhigste-zeit-des-jahres-die-beste-zeit-ist-sie-zu-entdecken\/","title":{"rendered":"Amalfi im Winter: warum die ruhigste Zeit des Jahres die beste Zeit ist, sie zu entdecken"},"content":{"rendered":"<p data-start=\"341\" data-end=\"729\">Wenn man an Amalfi denkt, kommt einem sofort der Sommer in den Sinn: die Sonne, das Meer, die Boote im Hafen, die Str\u00e4nde&#8230;<br data-start=\"467\" data-end=\"470\">Doch gerade im <strong data-start=\"488\" data-end=\"501\">Winter<\/strong> zeigt die Stadt ihren authentischen Charakter. Eine Zeit der Ruhe, der Gelassenheit, des ruhigeren Tempos und der M\u00f6glichkeit, die Stadt mit einem genaueren Blick auf ihr t\u00e4gliches Leben zu genie\u00dfen.<\/p>\n<p data-start=\"731\" data-end=\"854\">In diesem Artikel verraten wir Ihnen, warum Amalfi in den Wintermonaten ein fantastisches Erlebnis ist.<\/p>\n<h2 data-start=\"861\" data-end=\"902\"><strong data-start=\"864\" data-end=\"902\">Die Stadt zeigt sich ohne Filter<\/strong><\/h2>\n<p data-start=\"904\" data-end=\"1167\"><img decoding=\"async\" class=\" wp-image-15052 alignleft\" src=\"https:\/\/www.visitamalfi.info\/wp-content\/uploads\/2024\/03\/DSC03296-300x200.jpg\" alt=\"Amalfi_ Piazza Duomo\" width=\"237\" height=\"158\" srcset=\"https:\/\/www.visitamalfi.info\/wp-content\/uploads\/2024\/03\/DSC03296-300x200.jpg 300w, https:\/\/www.visitamalfi.info\/wp-content\/uploads\/2024\/03\/DSC03296-1024x683.jpg 1024w, https:\/\/www.visitamalfi.info\/wp-content\/uploads\/2024\/03\/DSC03296-768x512.jpg 768w, https:\/\/www.visitamalfi.info\/wp-content\/uploads\/2024\/03\/DSC03296-1536x1024.jpg 1536w, https:\/\/www.visitamalfi.info\/wp-content\/uploads\/2024\/03\/DSC03296-870x580.jpg 870w, https:\/\/www.visitamalfi.info\/wp-content\/uploads\/2024\/03\/DSC03296-615x410.jpg 615w, https:\/\/www.visitamalfi.info\/wp-content\/uploads\/2024\/03\/DSC03296-1240x825.jpg 1240w, https:\/\/www.visitamalfi.info\/wp-content\/uploads\/2024\/03\/DSC03296.jpg 1920w\" sizes=\"(max-width: 237px) 100vw, 237px\" \/>Von November bis M\u00e4rz verlangsamt sich das Tempo in Amalfi.<br data-start=\"941\" data-end=\"944\">Es ist nicht mehr der Strom der Touristen, der dominiert, sondern das echte Leben: die Einwohner, die den Hauptplatz bev\u00f6lkern, die Handwerksbetriebe, die in aller Ruhe arbeiten, die Caf\u00e9s, die in aller Ruhe von einem Gespr\u00e4ch zum n\u00e4chsten gef\u00fchrt werden&#8230;<\/p>\n<p data-start=\"1169\" data-end=\"1322\">Der Winter erm\u00f6glicht es den Besuchern, Amalfi wirklich kennen zu lernen und mit den R\u00e4umen, Ger\u00e4uschen und Gesten in Kontakt zu kommen, die die Stadt t\u00e4glich pr\u00e4gen.<\/p>\n<h2 data-start=\"1329\" data-end=\"1373\"><strong data-start=\"1332\" data-end=\"1373\">Das Wintermeer: eine andere Geschichte<\/strong><\/h2>\n<p data-start=\"1375\" data-end=\"1677\">Das Meer hat im Dezember, Januar und Februar eine andere Farbe.<img decoding=\"async\" class=\" wp-image-1425 alignright\" src=\"https:\/\/www.visitamalfi.info\/wp-content\/uploads\/2023\/05\/amalfi-mare-inverno-300x200.jpg\" alt=\"\" width=\"248\" height=\"165\" srcset=\"https:\/\/www.visitamalfi.info\/wp-content\/uploads\/2023\/05\/amalfi-mare-inverno-300x200.jpg 300w, https:\/\/www.visitamalfi.info\/wp-content\/uploads\/2023\/05\/amalfi-mare-inverno-1024x682.jpg 1024w, https:\/\/www.visitamalfi.info\/wp-content\/uploads\/2023\/05\/amalfi-mare-inverno-768x511.jpg 768w, https:\/\/www.visitamalfi.info\/wp-content\/uploads\/2023\/05\/amalfi-mare-inverno-1536x1022.jpg 1536w, https:\/\/www.visitamalfi.info\/wp-content\/uploads\/2023\/05\/amalfi-mare-inverno-870x580.jpg 870w, https:\/\/www.visitamalfi.info\/wp-content\/uploads\/2023\/05\/amalfi-mare-inverno-615x410.jpg 615w, https:\/\/www.visitamalfi.info\/wp-content\/uploads\/2023\/05\/amalfi-mare-inverno-1240x825.jpg 1240w, https:\/\/www.visitamalfi.info\/wp-content\/uploads\/2023\/05\/amalfi-mare-inverno.jpg 1920w\" sizes=\"(max-width: 248px) 100vw, 248px\" \/><br data-start=\"1436\" data-end=\"1439\">Intensiver, ruhiger, manchmal erstaunlich transparent.<br data-start=\"1501\" data-end=\"1504\">Die Str\u00e4nde sind leer, der Pier ist ein perfekter Ort zum Flanieren und Fotografieren und die Landschaft scheint wie geschaffen f\u00fcr diejenigen, die gerne Orte ohne L\u00e4rm entdecken.<\/p>\n<p data-start=\"1679\" data-end=\"1802\">F\u00fcr viele internationale Reisende ist dies eine der unvergesslichsten Erfahrungen.<\/p>\n<h2 data-start=\"1809\" data-end=\"1855\"><strong data-start=\"1812\" data-end=\"1855\">Wanderwege und Natur: ideale Bedingungen<\/strong><\/h2>\n<p data-start=\"1857\" data-end=\"2038\"><img decoding=\"async\" class=\" wp-image-15827 alignleft\" src=\"https:\/\/www.visitamalfi.info\/wp-content\/uploads\/2024\/03\/DJI_0038-8K-fuondi-300x225.jpg\" alt=\"Amalfi_Pogerola_Chiesa della Madonna dei Fuondi\" width=\"239\" height=\"179\" srcset=\"https:\/\/www.visitamalfi.info\/wp-content\/uploads\/2024\/03\/DJI_0038-8K-fuondi-300x225.jpg 300w, https:\/\/www.visitamalfi.info\/wp-content\/uploads\/2024\/03\/DJI_0038-8K-fuondi-1024x768.jpg 1024w, https:\/\/www.visitamalfi.info\/wp-content\/uploads\/2024\/03\/DJI_0038-8K-fuondi-768x576.jpg 768w, https:\/\/www.visitamalfi.info\/wp-content\/uploads\/2024\/03\/DJI_0038-8K-fuondi-1536x1152.jpg 1536w, https:\/\/www.visitamalfi.info\/wp-content\/uploads\/2024\/03\/DJI_0038-8K-fuondi.jpg 1920w\" sizes=\"(max-width: 239px) 100vw, 239px\" \/>Herbst und Winter sind die beste Zeit, um auf den Wegen entlang der K\u00fcste zu wandern.<br data-start=\"1935\" data-end=\"1938\">Klare Luft und lebendigere Farben bieten perfekte Landschaften f\u00fcr Outdoor-Fans.<\/p>\n<p data-start=\"2040\" data-end=\"2072\">Zu den beliebtesten Routen geh\u00f6ren<\/p>\n<ul data-start=\"2074\" data-end=\"2337\">\n<li data-start=\"2074\" data-end=\"2148\">\n<p data-start=\"2076\" data-end=\"2148\"><strong data-start=\"2076\" data-end=\"2100\">Via Maestra dei Villaggi<\/strong>, ideal f\u00fcr alle, die Natur, Geschichte und versteckte Ecken lieben;<\/p>\n<\/li>\n<li data-start=\"2149\" data-end=\"2236\">\n<p data-start=\"2151\" data-end=\"2236\"><strong>Circuito Pogerola<\/strong>, die Entdeckung eines unentdeckten Amalfi, ein Wanderweg mit mittlerem Schwierigkeitsgrad von etwa 8 km.<\/p>\n<\/li>\n<li data-start=\"2237\" data-end=\"2337\">\n<p data-start=\"2239\" data-end=\"2337\"><strong data-start=\"2239\" data-end=\"2264\">Das<\/strong> Dorf <strong data-start=\"2239\" data-end=\"2264\">Pogerola<\/strong>, ein Weiler von Amalfi, liegt auf dem H\u00fcgel des Monte Falconcello.<\/p>\n<\/li>\n<\/ul>\n<p>Und vieles mehr&#8230;<\/p>\n<h2 data-start=\"2344\" data-end=\"2398\"><strong data-start=\"2347\" data-end=\"2398\">Gastronomie der Saison: w\u00e4rmende Aromen<\/strong><\/h2>\n<p data-start=\"2400\" data-end=\"2549\"><img loading=\"lazy\" decoding=\"async\" class=\" wp-image-1576 alignright\" src=\"https:\/\/www.visitamalfi.info\/wp-content\/uploads\/2023\/05\/cooking-classes-handmade-pasta-300x169.jpg\" alt=\"\" width=\"250\" height=\"141\" srcset=\"https:\/\/www.visitamalfi.info\/wp-content\/uploads\/2023\/05\/cooking-classes-handmade-pasta-300x169.jpg 300w, https:\/\/www.visitamalfi.info\/wp-content\/uploads\/2023\/05\/cooking-classes-handmade-pasta-1024x576.jpg 1024w, https:\/\/www.visitamalfi.info\/wp-content\/uploads\/2023\/05\/cooking-classes-handmade-pasta-768x432.jpg 768w, https:\/\/www.visitamalfi.info\/wp-content\/uploads\/2023\/05\/cooking-classes-handmade-pasta-1536x864.jpg 1536w, https:\/\/www.visitamalfi.info\/wp-content\/uploads\/2023\/05\/cooking-classes-handmade-pasta.jpg 1920w\" sizes=\"(max-width: 250px) 100vw, 250px\" \/>Der Winter bringt eine andere K\u00fcche mit sich, die aus traditionellen Gerichten und lokalen Zutaten besteht.<br data-start=\"2493\" data-end=\"2496\">Ein leckeres Beispiel?<\/p>\n<ul data-start=\"2551\" data-end=\"2705\">\n<li data-start=\"2572\" data-end=\"2595\">\n<p data-start=\"2574\" data-end=\"2595\">handgemachte Pasta,<\/p>\n<\/li>\n<li data-start=\"2596\" data-end=\"2658\">\n<p data-start=\"2598\" data-end=\"2658\">frischer Fisch des Tages<\/p>\n<\/li>\n<li data-start=\"2659\" data-end=\"2705\">\n<p data-start=\"2661\" data-end=\"2705\">traditionelle Weihnachtss\u00fc\u00dfigkeiten und mehr.<\/p>\n<\/li>\n<\/ul>\n<h2 data-start=\"2873\" data-end=\"2920\"><strong data-start=\"2876\" data-end=\"2920\">Veranstaltungen, Kultur und Museen&#8230; keine Eile<\/strong><\/h2>\n<p data-start=\"2922\" data-end=\"3210\"><img loading=\"lazy\" decoding=\"async\" class=\" wp-image-15002 alignleft\" src=\"https:\/\/www.visitamalfi.info\/wp-content\/uploads\/2024\/03\/Copia-di-41-Museo-della-Bussola-foto-abbagnara-300x200.jpg\" alt=\"Amalfi_Arsenal der Republik\" width=\"242\" height=\"161\" srcset=\"https:\/\/www.visitamalfi.info\/wp-content\/uploads\/2024\/03\/Copia-di-41-Museo-della-Bussola-foto-abbagnara-300x200.jpg 300w, https:\/\/www.visitamalfi.info\/wp-content\/uploads\/2024\/03\/Copia-di-41-Museo-della-Bussola-foto-abbagnara-1024x683.jpg 1024w, https:\/\/www.visitamalfi.info\/wp-content\/uploads\/2024\/03\/Copia-di-41-Museo-della-Bussola-foto-abbagnara-768x512.jpg 768w, https:\/\/www.visitamalfi.info\/wp-content\/uploads\/2024\/03\/Copia-di-41-Museo-della-Bussola-foto-abbagnara-1536x1024.jpg 1536w, https:\/\/www.visitamalfi.info\/wp-content\/uploads\/2024\/03\/Copia-di-41-Museo-della-Bussola-foto-abbagnara-870x580.jpg 870w, https:\/\/www.visitamalfi.info\/wp-content\/uploads\/2024\/03\/Copia-di-41-Museo-della-Bussola-foto-abbagnara-615x410.jpg 615w, https:\/\/www.visitamalfi.info\/wp-content\/uploads\/2024\/03\/Copia-di-41-Museo-della-Bussola-foto-abbagnara-1240x825.jpg 1240w, https:\/\/www.visitamalfi.info\/wp-content\/uploads\/2024\/03\/Copia-di-41-Museo-della-Bussola-foto-abbagnara.jpg 1920w\" sizes=\"(max-width: 242px) 100vw, 242px\" \/>Amalfi im Winter ist perfekt f\u00fcr alle, die Kultur lieben.<br data-start=\"2973\" data-end=\"2976\">Die <strong data-start=\"2979\" data-end=\"3003\">Kathedrale St. Andrew<\/strong>, das<strong data-start=\"3007\" data-end=\"3036\">Arsenal der Republik<\/strong>, das <strong data-start=\"3041\" data-end=\"3062\">Papiermuseum<\/strong> und das <strong data-start=\"3087\" data-end=\"3110\">Kompassmuseum<\/strong> k\u00f6nnen Sie in aller Ruhe besichtigen und dabei die Details und die Geschichte bewundern, die im Sommer oft \u00fcbersehen werden.<\/p>\n<p data-start=\"3212\" data-end=\"3321\">Es ist auch die Zeit, in der die Stadt kleine lokale Veranstaltungen, Konzerte und festliche Initiativen ausrichtet.<\/p>\n<h2 data-start=\"2873\" data-end=\"2920\"><strong data-start=\"2876\" data-end=\"2920\">Unterm Strich.<\/strong><\/h2>\n<p>Amalfi im Winter zu erleben, ist eine authentische und magische Erfahrung.<\/p>\n<p>Sind Sie bereit f\u00fcr dieses Abenteuer?<\/p>\n","protected":false},"excerpt":{"rendered":"<p>Wenn man an Amalfi denkt, kommt einem sofort der Sommer in den Sinn: die Sonne, das Meer, die Boote im Hafen, die Str\u00e4nde&#8230;Doch gerade im Winter zeigt die Stadt ihren [&hellip;]<\/p>\n","protected":false},"author":7,"featured_media":15830,"comment_status":"open","ping_status":"closed","sticky":false,"template":"","format":"standard","meta":{"inline_featured_image":false,"footnotes":""},"categories":[896,816,818],"tags":[1969,1961,1970],"class_list":["post-23262","post","type-post","status-publish","format-standard","has-post-thumbnail","hentry","category-consigli-di-viaggio-de","category-eventi-de","category-tradition-de","tag-amalfi-im-winter","tag-hervorgehoben","tag-reisetipps"],"yoast_head":"<!-- This site is optimized with the Yoast SEO plugin v27.3 - https:\/\/yoast.com\/product\/yoast-seo-wordpress\/ -->\n<title>Amalfi im Winter: warum die ruhigste Zeit des Jahres die beste Zeit ist, sie zu entdecken - Visit Amalfi<\/title>\n<meta name=\"robots\" content=\"index, follow, max-snippet:-1, max-image-preview:large, max-video-preview:-1\" \/>\n<link rel=\"canonical\" href=\"https:\/\/www.visitamalfi.info\/de\/amalfi-im-winter-warum-die-ruhigste-zeit-des-jahres-die-beste-zeit-ist-sie-zu-entdecken\/\" \/>\n<meta property=\"og:locale\" content=\"de_DE\" \/>\n<meta property=\"og:type\" content=\"article\" \/>\n<meta property=\"og:title\" content=\"Amalfi im Winter: warum die ruhigste Zeit des Jahres die beste Zeit ist, sie zu entdecken - Visit Amalfi\" \/>\n<meta property=\"og:description\" content=\"Wenn man an Amalfi denkt, kommt einem sofort der Sommer in den Sinn: die Sonne, das Meer, die Boote im Hafen, die Str\u00e4nde&#8230;Doch gerade im Winter zeigt die Stadt ihren [&hellip;]\" \/>\n<meta property=\"og:url\" content=\"https:\/\/www.visitamalfi.info\/de\/amalfi-im-winter-warum-die-ruhigste-zeit-des-jahres-die-beste-zeit-ist-sie-zu-entdecken\/\" \/>\n<meta property=\"og:site_name\" content=\"Visit Amalfi\" \/>\n<meta property=\"article:publisher\" content=\"https:\/\/www.facebook.com\/visitamalfiofficial\" \/>\n<meta property=\"article:published_time\" content=\"2025-11-25T09:56:26+00:00\" \/>\n<meta property=\"og:image\" content=\"https:\/\/www.visitamalfi.info\/wp-content\/uploads\/2024\/03\/DJI_0038-8K-fuondi.jpg\" \/>\n\t<meta property=\"og:image:width\" content=\"1920\" \/>\n\t<meta property=\"og:image:height\" content=\"1440\" \/>\n\t<meta property=\"og:image:type\" content=\"image\/jpeg\" \/>\n<meta name=\"author\" content=\"Federica Dumont\" \/>\n<meta name=\"twitter:card\" content=\"summary_large_image\" \/>\n<meta name=\"twitter:label1\" content=\"Verfasst von\" \/>\n\t<meta name=\"twitter:data1\" content=\"Federica Dumont\" \/>\n\t<meta name=\"twitter:label2\" content=\"Gesch\u00e4tzte Lesezeit\" \/>\n\t<meta name=\"twitter:data2\" content=\"2\u00a0Minuten\" \/>\n<script type=\"application\/ld+json\" class=\"yoast-schema-graph\">{\"@context\":\"https:\\\/\\\/schema.org\",\"@graph\":[{\"@type\":\"Article\",\"@id\":\"https:\\\/\\\/www.visitamalfi.info\\\/de\\\/amalfi-im-winter-warum-die-ruhigste-zeit-des-jahres-die-beste-zeit-ist-sie-zu-entdecken\\\/#article\",\"isPartOf\":{\"@id\":\"https:\\\/\\\/www.visitamalfi.info\\\/de\\\/amalfi-im-winter-warum-die-ruhigste-zeit-des-jahres-die-beste-zeit-ist-sie-zu-entdecken\\\/\"},\"author\":{\"name\":\"Federica Dumont\",\"@id\":\"https:\\\/\\\/www.visitamalfi.info\\\/de\\\/#\\\/schema\\\/person\\\/0c7584af846d5d2da6c69f7e68f3af96\"},\"headline\":\"Amalfi im Winter: warum die ruhigste Zeit des Jahres die beste Zeit ist, sie zu entdecken\",\"datePublished\":\"2025-11-25T09:56:26+00:00\",\"mainEntityOfPage\":{\"@id\":\"https:\\\/\\\/www.visitamalfi.info\\\/de\\\/amalfi-im-winter-warum-die-ruhigste-zeit-des-jahres-die-beste-zeit-ist-sie-zu-entdecken\\\/\"},\"wordCount\":460,\"commentCount\":0,\"publisher\":{\"@id\":\"https:\\\/\\\/www.visitamalfi.info\\\/de\\\/#organization\"},\"image\":{\"@id\":\"https:\\\/\\\/www.visitamalfi.info\\\/de\\\/amalfi-im-winter-warum-die-ruhigste-zeit-des-jahres-die-beste-zeit-ist-sie-zu-entdecken\\\/#primaryimage\"},\"thumbnailUrl\":\"https:\\\/\\\/www.visitamalfi.info\\\/wp-content\\\/uploads\\\/2024\\\/03\\\/DJI_0038-8K-fuondi.jpg\",\"keywords\":[\"Amalfi im Winter\",\"Hervorgehoben\",\"Reisetipps\"],\"articleSection\":[\"Consigli di viaggio\",\"Eventi\",\"Tradition\"],\"inLanguage\":\"de\",\"potentialAction\":[{\"@type\":\"CommentAction\",\"name\":\"Comment\",\"target\":[\"https:\\\/\\\/www.visitamalfi.info\\\/de\\\/amalfi-im-winter-warum-die-ruhigste-zeit-des-jahres-die-beste-zeit-ist-sie-zu-entdecken\\\/#respond\"]}]},{\"@type\":\"WebPage\",\"@id\":\"https:\\\/\\\/www.visitamalfi.info\\\/de\\\/amalfi-im-winter-warum-die-ruhigste-zeit-des-jahres-die-beste-zeit-ist-sie-zu-entdecken\\\/\",\"url\":\"https:\\\/\\\/www.visitamalfi.info\\\/de\\\/amalfi-im-winter-warum-die-ruhigste-zeit-des-jahres-die-beste-zeit-ist-sie-zu-entdecken\\\/\",\"name\":\"Amalfi im Winter: warum die ruhigste Zeit des Jahres die beste Zeit ist, sie zu entdecken - Visit Amalfi\",\"isPartOf\":{\"@id\":\"https:\\\/\\\/www.visitamalfi.info\\\/de\\\/#website\"},\"primaryImageOfPage\":{\"@id\":\"https:\\\/\\\/www.visitamalfi.info\\\/de\\\/amalfi-im-winter-warum-die-ruhigste-zeit-des-jahres-die-beste-zeit-ist-sie-zu-entdecken\\\/#primaryimage\"},\"image\":{\"@id\":\"https:\\\/\\\/www.visitamalfi.info\\\/de\\\/amalfi-im-winter-warum-die-ruhigste-zeit-des-jahres-die-beste-zeit-ist-sie-zu-entdecken\\\/#primaryimage\"},\"thumbnailUrl\":\"https:\\\/\\\/www.visitamalfi.info\\\/wp-content\\\/uploads\\\/2024\\\/03\\\/DJI_0038-8K-fuondi.jpg\",\"datePublished\":\"2025-11-25T09:56:26+00:00\",\"breadcrumb\":{\"@id\":\"https:\\\/\\\/www.visitamalfi.info\\\/de\\\/amalfi-im-winter-warum-die-ruhigste-zeit-des-jahres-die-beste-zeit-ist-sie-zu-entdecken\\\/#breadcrumb\"},\"inLanguage\":\"de\",\"potentialAction\":[{\"@type\":\"ReadAction\",\"target\":[\"https:\\\/\\\/www.visitamalfi.info\\\/de\\\/amalfi-im-winter-warum-die-ruhigste-zeit-des-jahres-die-beste-zeit-ist-sie-zu-entdecken\\\/\"]}]},{\"@type\":\"ImageObject\",\"inLanguage\":\"de\",\"@id\":\"https:\\\/\\\/www.visitamalfi.info\\\/de\\\/amalfi-im-winter-warum-die-ruhigste-zeit-des-jahres-die-beste-zeit-ist-sie-zu-entdecken\\\/#primaryimage\",\"url\":\"https:\\\/\\\/www.visitamalfi.info\\\/wp-content\\\/uploads\\\/2024\\\/03\\\/DJI_0038-8K-fuondi.jpg\",\"contentUrl\":\"https:\\\/\\\/www.visitamalfi.info\\\/wp-content\\\/uploads\\\/2024\\\/03\\\/DJI_0038-8K-fuondi.jpg\",\"width\":1920,\"height\":1440,\"caption\":\"Amalfi_Pogerola_Chiesa della Madonna dei Fuondi\"},{\"@type\":\"BreadcrumbList\",\"@id\":\"https:\\\/\\\/www.visitamalfi.info\\\/de\\\/amalfi-im-winter-warum-die-ruhigste-zeit-des-jahres-die-beste-zeit-ist-sie-zu-entdecken\\\/#breadcrumb\",\"itemListElement\":[{\"@type\":\"ListItem\",\"position\":1,\"name\":\"Home\",\"item\":\"https:\\\/\\\/www.visitamalfi.info\\\/de\\\/\"},{\"@type\":\"ListItem\",\"position\":2,\"name\":\"Amalfi im Winter: warum die ruhigste Zeit des Jahres die beste Zeit ist, sie zu entdecken\"}]},{\"@type\":\"WebSite\",\"@id\":\"https:\\\/\\\/www.visitamalfi.info\\\/de\\\/#website\",\"url\":\"https:\\\/\\\/www.visitamalfi.info\\\/de\\\/\",\"name\":\"Visit Amalfi\",\"description\":\"Amalfi Destination Official Website\",\"publisher\":{\"@id\":\"https:\\\/\\\/www.visitamalfi.info\\\/de\\\/#organization\"},\"potentialAction\":[{\"@type\":\"SearchAction\",\"target\":{\"@type\":\"EntryPoint\",\"urlTemplate\":\"https:\\\/\\\/www.visitamalfi.info\\\/de\\\/?s={search_term_string}\"},\"query-input\":{\"@type\":\"PropertyValueSpecification\",\"valueRequired\":true,\"valueName\":\"search_term_string\"}}],\"inLanguage\":\"de\"},{\"@type\":\"Organization\",\"@id\":\"https:\\\/\\\/www.visitamalfi.info\\\/de\\\/#organization\",\"name\":\"Visit Amalfi\",\"url\":\"https:\\\/\\\/www.visitamalfi.info\\\/de\\\/\",\"logo\":{\"@type\":\"ImageObject\",\"inLanguage\":\"de\",\"@id\":\"https:\\\/\\\/www.visitamalfi.info\\\/de\\\/#\\\/schema\\\/logo\\\/image\\\/\",\"url\":\"https:\\\/\\\/www.visitamalfi.info\\\/wp-content\\\/uploads\\\/2023\\\/04\\\/visit-amalfi-logo-web.png\",\"contentUrl\":\"https:\\\/\\\/www.visitamalfi.info\\\/wp-content\\\/uploads\\\/2023\\\/04\\\/visit-amalfi-logo-web.png\",\"width\":800,\"height\":870,\"caption\":\"Visit Amalfi\"},\"image\":{\"@id\":\"https:\\\/\\\/www.visitamalfi.info\\\/de\\\/#\\\/schema\\\/logo\\\/image\\\/\"},\"sameAs\":[\"https:\\\/\\\/www.facebook.com\\\/visitamalfiofficial\",\"https:\\\/\\\/www.instagram.com\\\/visitamalfiofficial\\\/\"]},{\"@type\":\"Person\",\"@id\":\"https:\\\/\\\/www.visitamalfi.info\\\/de\\\/#\\\/schema\\\/person\\\/0c7584af846d5d2da6c69f7e68f3af96\",\"name\":\"Federica Dumont\",\"image\":{\"@type\":\"ImageObject\",\"inLanguage\":\"de\",\"@id\":\"https:\\\/\\\/secure.gravatar.com\\\/avatar\\\/0803dab414b6c6f1fd2399680f587870a020419b6ebe9d36dd75df06a6a68060?s=96&d=mm&r=g\",\"url\":\"https:\\\/\\\/secure.gravatar.com\\\/avatar\\\/0803dab414b6c6f1fd2399680f587870a020419b6ebe9d36dd75df06a6a68060?s=96&d=mm&r=g\",\"contentUrl\":\"https:\\\/\\\/secure.gravatar.com\\\/avatar\\\/0803dab414b6c6f1fd2399680f587870a020419b6ebe9d36dd75df06a6a68060?s=96&d=mm&r=g\",\"caption\":\"Federica Dumont\"},\"url\":\"https:\\\/\\\/www.visitamalfi.info\\\/de\\\/author\\\/federica\\\/\"}]}<\/script>\n<!-- \/ Yoast SEO plugin. -->","yoast_head_json":{"title":"Amalfi im Winter: warum die ruhigste Zeit des Jahres die beste Zeit ist, sie zu entdecken - Visit Amalfi","robots":{"index":"index","follow":"follow","max-snippet":"max-snippet:-1","max-image-preview":"max-image-preview:large","max-video-preview":"max-video-preview:-1"},"canonical":"https:\/\/www.visitamalfi.info\/de\/amalfi-im-winter-warum-die-ruhigste-zeit-des-jahres-die-beste-zeit-ist-sie-zu-entdecken\/","og_locale":"de_DE","og_type":"article","og_title":"Amalfi im Winter: warum die ruhigste Zeit des Jahres die beste Zeit ist, sie zu entdecken - Visit Amalfi","og_description":"Wenn man an Amalfi denkt, kommt einem sofort der Sommer in den Sinn: die Sonne, das Meer, die Boote im Hafen, die Str\u00e4nde&#8230;Doch gerade im Winter zeigt die Stadt ihren [&hellip;]","og_url":"https:\/\/www.visitamalfi.info\/de\/amalfi-im-winter-warum-die-ruhigste-zeit-des-jahres-die-beste-zeit-ist-sie-zu-entdecken\/","og_site_name":"Visit Amalfi","article_publisher":"https:\/\/www.facebook.com\/visitamalfiofficial","article_published_time":"2025-11-25T09:56:26+00:00","og_image":[{"width":1920,"height":1440,"url":"https:\/\/www.visitamalfi.info\/wp-content\/uploads\/2024\/03\/DJI_0038-8K-fuondi.jpg","type":"image\/jpeg"}],"author":"Federica Dumont","twitter_card":"summary_large_image","twitter_misc":{"Verfasst von":"Federica Dumont","Gesch\u00e4tzte Lesezeit":"2\u00a0Minuten"},"schema":{"@context":"https:\/\/schema.org","@graph":[{"@type":"Article","@id":"https:\/\/www.visitamalfi.info\/de\/amalfi-im-winter-warum-die-ruhigste-zeit-des-jahres-die-beste-zeit-ist-sie-zu-entdecken\/#article","isPartOf":{"@id":"https:\/\/www.visitamalfi.info\/de\/amalfi-im-winter-warum-die-ruhigste-zeit-des-jahres-die-beste-zeit-ist-sie-zu-entdecken\/"},"author":{"name":"Federica Dumont","@id":"https:\/\/www.visitamalfi.info\/de\/#\/schema\/person\/0c7584af846d5d2da6c69f7e68f3af96"},"headline":"Amalfi im Winter: warum die ruhigste Zeit des Jahres die beste Zeit ist, sie zu entdecken","datePublished":"2025-11-25T09:56:26+00:00","mainEntityOfPage":{"@id":"https:\/\/www.visitamalfi.info\/de\/amalfi-im-winter-warum-die-ruhigste-zeit-des-jahres-die-beste-zeit-ist-sie-zu-entdecken\/"},"wordCount":460,"commentCount":0,"publisher":{"@id":"https:\/\/www.visitamalfi.info\/de\/#organization"},"image":{"@id":"https:\/\/www.visitamalfi.info\/de\/amalfi-im-winter-warum-die-ruhigste-zeit-des-jahres-die-beste-zeit-ist-sie-zu-entdecken\/#primaryimage"},"thumbnailUrl":"https:\/\/www.visitamalfi.info\/wp-content\/uploads\/2024\/03\/DJI_0038-8K-fuondi.jpg","keywords":["Amalfi im Winter","Hervorgehoben","Reisetipps"],"articleSection":["Consigli di viaggio","Eventi","Tradition"],"inLanguage":"de","potentialAction":[{"@type":"CommentAction","name":"Comment","target":["https:\/\/www.visitamalfi.info\/de\/amalfi-im-winter-warum-die-ruhigste-zeit-des-jahres-die-beste-zeit-ist-sie-zu-entdecken\/#respond"]}]},{"@type":"WebPage","@id":"https:\/\/www.visitamalfi.info\/de\/amalfi-im-winter-warum-die-ruhigste-zeit-des-jahres-die-beste-zeit-ist-sie-zu-entdecken\/","url":"https:\/\/www.visitamalfi.info\/de\/amalfi-im-winter-warum-die-ruhigste-zeit-des-jahres-die-beste-zeit-ist-sie-zu-entdecken\/","name":"Amalfi im Winter: warum die ruhigste Zeit des Jahres die beste Zeit ist, sie zu entdecken - Visit Amalfi","isPartOf":{"@id":"https:\/\/www.visitamalfi.info\/de\/#website"},"primaryImageOfPage":{"@id":"https:\/\/www.visitamalfi.info\/de\/amalfi-im-winter-warum-die-ruhigste-zeit-des-jahres-die-beste-zeit-ist-sie-zu-entdecken\/#primaryimage"},"image":{"@id":"https:\/\/www.visitamalfi.info\/de\/amalfi-im-winter-warum-die-ruhigste-zeit-des-jahres-die-beste-zeit-ist-sie-zu-entdecken\/#primaryimage"},"thumbnailUrl":"https:\/\/www.visitamalfi.info\/wp-content\/uploads\/2024\/03\/DJI_0038-8K-fuondi.jpg","datePublished":"2025-11-25T09:56:26+00:00","breadcrumb":{"@id":"https:\/\/www.visitamalfi.info\/de\/amalfi-im-winter-warum-die-ruhigste-zeit-des-jahres-die-beste-zeit-ist-sie-zu-entdecken\/#breadcrumb"},"inLanguage":"de","potentialAction":[{"@type":"ReadAction","target":["https:\/\/www.visitamalfi.info\/de\/amalfi-im-winter-warum-die-ruhigste-zeit-des-jahres-die-beste-zeit-ist-sie-zu-entdecken\/"]}]},{"@type":"ImageObject","inLanguage":"de","@id":"https:\/\/www.visitamalfi.info\/de\/amalfi-im-winter-warum-die-ruhigste-zeit-des-jahres-die-beste-zeit-ist-sie-zu-entdecken\/#primaryimage","url":"https:\/\/www.visitamalfi.info\/wp-content\/uploads\/2024\/03\/DJI_0038-8K-fuondi.jpg","contentUrl":"https:\/\/www.visitamalfi.info\/wp-content\/uploads\/2024\/03\/DJI_0038-8K-fuondi.jpg","width":1920,"height":1440,"caption":"Amalfi_Pogerola_Chiesa della Madonna dei Fuondi"},{"@type":"BreadcrumbList","@id":"https:\/\/www.visitamalfi.info\/de\/amalfi-im-winter-warum-die-ruhigste-zeit-des-jahres-die-beste-zeit-ist-sie-zu-entdecken\/#breadcrumb","itemListElement":[{"@type":"ListItem","position":1,"name":"Home","item":"https:\/\/www.visitamalfi.info\/de\/"},{"@type":"ListItem","position":2,"name":"Amalfi im Winter: warum die ruhigste Zeit des Jahres die beste Zeit ist, sie zu entdecken"}]},{"@type":"WebSite","@id":"https:\/\/www.visitamalfi.info\/de\/#website","url":"https:\/\/www.visitamalfi.info\/de\/","name":"Visit Amalfi","description":"Amalfi Destination Official Website","publisher":{"@id":"https:\/\/www.visitamalfi.info\/de\/#organization"},"potentialAction":[{"@type":"SearchAction","target":{"@type":"EntryPoint","urlTemplate":"https:\/\/www.visitamalfi.info\/de\/?s={search_term_string}"},"query-input":{"@type":"PropertyValueSpecification","valueRequired":true,"valueName":"search_term_string"}}],"inLanguage":"de"},{"@type":"Organization","@id":"https:\/\/www.visitamalfi.info\/de\/#organization","name":"Visit Amalfi","url":"https:\/\/www.visitamalfi.info\/de\/","logo":{"@type":"ImageObject","inLanguage":"de","@id":"https:\/\/www.visitamalfi.info\/de\/#\/schema\/logo\/image\/","url":"https:\/\/www.visitamalfi.info\/wp-content\/uploads\/2023\/04\/visit-amalfi-logo-web.png","contentUrl":"https:\/\/www.visitamalfi.info\/wp-content\/uploads\/2023\/04\/visit-amalfi-logo-web.png","width":800,"height":870,"caption":"Visit Amalfi"},"image":{"@id":"https:\/\/www.visitamalfi.info\/de\/#\/schema\/logo\/image\/"},"sameAs":["https:\/\/www.facebook.com\/visitamalfiofficial","https:\/\/www.instagram.com\/visitamalfiofficial\/"]},{"@type":"Person","@id":"https:\/\/www.visitamalfi.info\/de\/#\/schema\/person\/0c7584af846d5d2da6c69f7e68f3af96","name":"Federica Dumont","image":{"@type":"ImageObject","inLanguage":"de","@id":"https:\/\/secure.gravatar.com\/avatar\/0803dab414b6c6f1fd2399680f587870a020419b6ebe9d36dd75df06a6a68060?s=96&d=mm&r=g","url":"https:\/\/secure.gravatar.com\/avatar\/0803dab414b6c6f1fd2399680f587870a020419b6ebe9d36dd75df06a6a68060?s=96&d=mm&r=g","contentUrl":"https:\/\/secure.gravatar.com\/avatar\/0803dab414b6c6f1fd2399680f587870a020419b6ebe9d36dd75df06a6a68060?s=96&d=mm&r=g","caption":"Federica Dumont"},"url":"https:\/\/www.visitamalfi.info\/de\/author\/federica\/"}]}},"_links":{"self":[{"href":"https:\/\/www.visitamalfi.info\/de\/wp-json\/wp\/v2\/posts\/23262","targetHints":{"allow":["GET"]}}],"collection":[{"href":"https:\/\/www.visitamalfi.info\/de\/wp-json\/wp\/v2\/posts"}],"about":[{"href":"https:\/\/www.visitamalfi.info\/de\/wp-json\/wp\/v2\/types\/post"}],"author":[{"embeddable":true,"href":"https:\/\/www.visitamalfi.info\/de\/wp-json\/wp\/v2\/users\/7"}],"replies":[{"embeddable":true,"href":"https:\/\/www.visitamalfi.info\/de\/wp-json\/wp\/v2\/comments?post=23262"}],"version-history":[{"count":0,"href":"https:\/\/www.visitamalfi.info\/de\/wp-json\/wp\/v2\/posts\/23262\/revisions"}],"wp:featuredmedia":[{"embeddable":true,"href":"https:\/\/www.visitamalfi.info\/de\/wp-json\/wp\/v2\/media\/15830"}],"wp:attachment":[{"href":"https:\/\/www.visitamalfi.info\/de\/wp-json\/wp\/v2\/media?parent=23262"}],"wp:term":[{"taxonomy":"category","embeddable":true,"href":"https:\/\/www.visitamalfi.info\/de\/wp-json\/wp\/v2\/categories?post=23262"},{"taxonomy":"post_tag","embeddable":true,"href":"https:\/\/www.visitamalfi.info\/de\/wp-json\/wp\/v2\/tags?post=23262"}],"curies":[{"name":"wp","href":"https:\/\/api.w.org\/{rel}","templated":true}]}}