{"id":23127,"date":"2025-11-17T10:28:33","date_gmt":"2025-11-17T09:28:33","guid":{"rendered":"https:\/\/www.visitamalfi.info\/das-fest-des-heiligen-andreas-in-amalfi-das-ereignis-das-zwischen-meer-glauben-und-tradition-verzaubert\/"},"modified":"2025-11-17T10:28:33","modified_gmt":"2025-11-17T09:28:33","slug":"das-fest-des-heiligen-andreas-in-amalfi-das-ereignis-das-zwischen-meer-glauben-und-tradition-verzaubert","status":"publish","type":"post","link":"https:\/\/www.visitamalfi.info\/de\/das-fest-des-heiligen-andreas-in-amalfi-das-ereignis-das-zwischen-meer-glauben-und-tradition-verzaubert\/","title":{"rendered":"Das Fest des Heiligen Andreas in Amalfi: das Ereignis, das zwischen Meer, Glauben und Tradition verzaubert"},"content":{"rendered":"<p data-start=\"261\" data-end=\"657\">Wenn es ein Ereignis gibt, das in der Lage ist, die tiefste Seele von Amalfi zu erz\u00e4hlen, dann ist dies zweifellos das <strong data-start=\"356\" data-end=\"380\">Fest des Heiligen Andreas<\/strong>, ein Fest, das Spiritualit\u00e4t, Geschichte, Folklore und gro\u00dfe Emotionen vereint. Zweimal im Jahr &#8211; <strong data-start=\"479\" data-end=\"495\">am 27. Juni<\/strong> und am <strong data-start=\"498\" data-end=\"516\">30. November<\/strong> &#8211; erstrahlt die Stadt im Lichterglanz, um ihren Schutzpatron, den heiligen Apostel Andreas, Besch\u00fctzer und Symbol der amalfitanischen Gemeinschaft, zu ehren.<\/p>\n<h3 data-start=\"659\" data-end=\"702\"><strong data-start=\"663\" data-end=\"702\">Verehrung des Heiligen Andreas<\/strong><\/h3>\n<p data-start=\"704\" data-end=\"1046\"><img fetchpriority=\"high\" decoding=\"async\" class=\"size-medium wp-image-5151 alignright\" src=\"https:\/\/www.visitamalfi.info\/wp-content\/uploads\/2023\/07\/08-Cattedrale-300x200.jpg\" alt=\"\" width=\"300\" height=\"200\" srcset=\"https:\/\/www.visitamalfi.info\/wp-content\/uploads\/2023\/07\/08-Cattedrale-300x200.jpg 300w, https:\/\/www.visitamalfi.info\/wp-content\/uploads\/2023\/07\/08-Cattedrale-1024x683.jpg 1024w, https:\/\/www.visitamalfi.info\/wp-content\/uploads\/2023\/07\/08-Cattedrale-768x512.jpg 768w, https:\/\/www.visitamalfi.info\/wp-content\/uploads\/2023\/07\/08-Cattedrale-1536x1024.jpg 1536w, https:\/\/www.visitamalfi.info\/wp-content\/uploads\/2023\/07\/08-Cattedrale-870x580.jpg 870w, https:\/\/www.visitamalfi.info\/wp-content\/uploads\/2023\/07\/08-Cattedrale-615x410.jpg 615w, https:\/\/www.visitamalfi.info\/wp-content\/uploads\/2023\/07\/08-Cattedrale-1240x825.jpg 1240w, https:\/\/www.visitamalfi.info\/wp-content\/uploads\/2023\/07\/08-Cattedrale.jpg 1920w\" sizes=\"(max-width: 300px) 100vw, 300px\" \/>Die Verehrung des Heiligen Andreas in Amalfi hat ihre Wurzeln im <strong data-start=\"767\" data-end=\"775\">Jahr 1208<\/strong>, als die Reliquien des Apostels aus dem fernen Konstantinopel in die Stadt kamen. Seitdem ist Amalfi zu einem der wichtigsten spirituellen Reiseziele geworden, das dem Fischerheiligen gewidmet ist, und auch heute noch wird die Tradition mit der gleichen Intensit\u00e4t und Beteiligung erneuert.<\/p>\n<p data-start=\"1048\" data-end=\"1106\">Die Feierlichkeiten sind zwei und sehr unterschiedlich:<\/p>\n<ul data-start=\"1108\" data-end=\"1425\">\n<li data-start=\"1108\" data-end=\"1267\">\n<p data-start=\"1110\" data-end=\"1267\"><strong data-start=\"1110\" data-end=\"1126\">Am 27. Juni<\/strong> findet ein lebhaftes und malerisches Sommerfest statt, das auf das Wunder von <strong data-start=\"1190\" data-end=\"1198\">1544<\/strong> zur\u00fcckgeht, als der Heilige Andreas Amalfi vor einem Piratenangriff gerettet haben soll.<\/p>\n<\/li>\n<li data-start=\"1268\" data-end=\"1425\">\n<p data-start=\"1270\" data-end=\"1425\"><strong data-start=\"1270\" data-end=\"1288\">30. November<\/strong>, der intimste und spirituellste liturgische Jahrestag, der dem Gedenken, dem Gebet und der starken religi\u00f6sen Identit\u00e4t der Gemeinschaft gewidmet ist.<\/p>\n<\/li>\n<\/ul>\n<h3 data-start=\"1427\" data-end=\"1482\"><strong data-start=\"1431\" data-end=\"1482\">Das Herzst\u00fcck des Festes: die Kathedrale von Amalfi<\/strong><\/h3>\n<p data-start=\"1484\" data-end=\"1825\"><img decoding=\"async\" class=\"size-medium wp-image-1833 alignleft\" src=\"https:\/\/www.visitamalfi.info\/wp-content\/uploads\/2023\/05\/cattedrale-di-santandrea-amalfi-300x200.jpg\" alt=\"\" width=\"300\" height=\"200\" srcset=\"https:\/\/www.visitamalfi.info\/wp-content\/uploads\/2023\/05\/cattedrale-di-santandrea-amalfi-300x200.jpg 300w, https:\/\/www.visitamalfi.info\/wp-content\/uploads\/2023\/05\/cattedrale-di-santandrea-amalfi-1024x683.jpg 1024w, https:\/\/www.visitamalfi.info\/wp-content\/uploads\/2023\/05\/cattedrale-di-santandrea-amalfi-768x512.jpg 768w, https:\/\/www.visitamalfi.info\/wp-content\/uploads\/2023\/05\/cattedrale-di-santandrea-amalfi-1536x1024.jpg 1536w, https:\/\/www.visitamalfi.info\/wp-content\/uploads\/2023\/05\/cattedrale-di-santandrea-amalfi-870x580.jpg 870w, https:\/\/www.visitamalfi.info\/wp-content\/uploads\/2023\/05\/cattedrale-di-santandrea-amalfi-615x410.jpg 615w, https:\/\/www.visitamalfi.info\/wp-content\/uploads\/2023\/05\/cattedrale-di-santandrea-amalfi-1240x825.jpg 1240w, https:\/\/www.visitamalfi.info\/wp-content\/uploads\/2023\/05\/cattedrale-di-santandrea-amalfi.jpg 1920w\" sizes=\"(max-width: 300px) 100vw, 300px\" \/>Im Mittelpunkt der Veranstaltung steht der majest\u00e4tische <strong data-start=\"1519\" data-end=\"1538\">Dom von Amalfi<\/strong>, eines der symboltr\u00e4chtigsten sakralen Geb\u00e4ude S\u00fcditaliens, das dem Heiligen Andreas gewidmet ist. Hier findet die <strong data-start=\"1644\" data-end=\"1661\">feierliche Messe<\/strong> in Anwesenheit der Beh\u00f6rden und der Gl\u00e4ubigen statt, gefolgt von einem der eindrucksvollsten Momente: die <strong data-start=\"1745\" data-end=\"1783\">Prozession der Statue des Heiligen<\/strong>, die auf den Schultern durch die Stra\u00dfen der Stadt getragen wird.<\/p>\n<p data-start=\"1827\" data-end=\"2004\">Inmitten von Gesang, Weihrauchduft, Applaus und Emotionen begleitet die gesamte Gemeinde ihren Schutzpatron und teilt einen Ritus, der zugleich religi\u00f6s, identit\u00e4tsstiftend und volkst\u00fcmlich ist.<\/p>\n<h3 data-start=\"2006\" data-end=\"2054\"><strong data-start=\"2010\" data-end=\"2054\">Der symbolische Akt: die Treppe hochlaufen<\/strong><\/h3>\n<p data-start=\"2056\" data-end=\"2349\">Einer der am sehnlichsten erwarteten &#8211; und aufregendsten &#8211; Momente ist der <strong data-start=\"2110\" data-end=\"2188\">Lauf der Statue des Heiligen Andreas die monumentalen Stufen der Kathedrale hinunter<\/strong>. Eine starke, spektakul\u00e4re und bedeutungsvolle Geste: Sie ist keine blo\u00dfe Folklore, sondern ein Akt des Glaubens, ein Beweis der Hingabe und ein Symbol des Schutzes f\u00fcr Amalfi.<\/p>\n<p data-start=\"2351\" data-end=\"2444\">Jedes Mal h\u00e4lt die Menge den Atem an&#8230; und bricht dann in herzlichen Applaus aus.<img decoding=\"async\" class=\"size-medium wp-image-19942 alignright\" src=\"https:\/\/www.visitamalfi.info\/wp-content\/uploads\/2024\/09\/DSC03296-300x200.jpg\" alt=\"\" width=\"300\" height=\"200\" srcset=\"https:\/\/www.visitamalfi.info\/wp-content\/uploads\/2024\/09\/DSC03296-300x200.jpg 300w, https:\/\/www.visitamalfi.info\/wp-content\/uploads\/2024\/09\/DSC03296-1024x683.jpg 1024w, https:\/\/www.visitamalfi.info\/wp-content\/uploads\/2024\/09\/DSC03296-768x512.jpg 768w, https:\/\/www.visitamalfi.info\/wp-content\/uploads\/2024\/09\/DSC03296-1536x1024.jpg 1536w, https:\/\/www.visitamalfi.info\/wp-content\/uploads\/2024\/09\/DSC03296-870x580.jpg 870w, https:\/\/www.visitamalfi.info\/wp-content\/uploads\/2024\/09\/DSC03296-615x410.jpg 615w, https:\/\/www.visitamalfi.info\/wp-content\/uploads\/2024\/09\/DSC03296-1240x825.jpg 1240w, https:\/\/www.visitamalfi.info\/wp-content\/uploads\/2024\/09\/DSC03296.jpg 1920w\" sizes=\"(max-width: 300px) 100vw, 300px\" \/><\/p>\n<h3 data-start=\"2446\" data-end=\"2500\"><strong data-start=\"2450\" data-end=\"2500\">Ein Fest, das Meer, Himmel und Gemeinschaft umarmt<\/strong><\/h3>\n<p data-start=\"2502\" data-end=\"2833\">Die Feierlichkeiten gehen inmitten von Musik, Tradition und Magie weiter: Bands ziehen durch die Stra\u00dfen und <strong data-start=\"2664\" data-end=\"2686\">Feuerwerke<\/strong> verwandeln den Himmel in ein unwiederholbares Bild. Es ist einer der poetischsten und meistfotografierten Momente des Jahres: Amalfi feiert und spiegelt sich in seinem Meer.<\/p>\n<h3 data-start=\"2835\" data-end=\"2884\"><strong data-start=\"2839\" data-end=\"2884\">Mehr als eine Party: eine Erfahrung, die gelebt werden muss<\/strong><\/h3>\n<p data-start=\"2886\" data-end=\"3229\">Die Teilnahme am Andreasfest bedeutet, mit der wahren Identit\u00e4t der Stadt in Ber\u00fchrung zu kommen: eine Identit\u00e4t, die aus Glauben, maritimer Geschichte, Legenden, Emotionen und kulturellem Stolz besteht. Es spielt keine Rolle, ob Sie gl\u00e4ubig, ein neugieriger Reisender oder einfach nur ein Liebhaber lokaler Traditionen sind: dieses Fest kann das Herz eines jeden ansprechen.<\/p>\n<p data-start=\"3236\" data-end=\"3415\">Es ist nicht nur ein Ereignis, das Sie sehen, sondern eine Geschichte, die Sie h\u00f6ren&#8230; und mitnehmen sollten.<\/p>\n<p data-start=\"3417\" data-end=\"3505\"><strong data-start=\"3417\" data-end=\"3439\">Amalfi wartet auf Sie.<\/strong><br data-start=\"3439\" data-end=\"3442\">Mit all seinem Licht.<br data-start=\"3464\" data-end=\"3467\">Und das Meer, das Wunder erz\u00e4hlt.<\/p>\n","protected":false},"excerpt":{"rendered":"<p>Wenn es ein Ereignis gibt, das in der Lage ist, die tiefste Seele von Amalfi zu erz\u00e4hlen, dann ist dies zweifellos das Fest des Heiligen Andreas, ein Fest, das Spiritualit\u00e4t, [&hellip;]<\/p>\n","protected":false},"author":7,"featured_media":5170,"comment_status":"open","ping_status":"closed","sticky":false,"template":"","format":"standard","meta":{"inline_featured_image":false,"footnotes":""},"categories":[896,816,818],"tags":[1961],"class_list":["post-23127","post","type-post","status-publish","format-standard","has-post-thumbnail","hentry","category-consigli-di-viaggio-de","category-eventi-de","category-tradition-de","tag-hervorgehoben"],"yoast_head":"<!-- This site is optimized with the Yoast SEO plugin v27.3 - https:\/\/yoast.com\/product\/yoast-seo-wordpress\/ -->\n<title>Das Fest des Heiligen Andreas in Amalfi: das Ereignis, das zwischen Meer, Glauben und Tradition verzaubert - Visit Amalfi<\/title>\n<meta name=\"robots\" content=\"index, follow, max-snippet:-1, max-image-preview:large, max-video-preview:-1\" \/>\n<link rel=\"canonical\" href=\"https:\/\/www.visitamalfi.info\/de\/das-fest-des-heiligen-andreas-in-amalfi-das-ereignis-das-zwischen-meer-glauben-und-tradition-verzaubert\/\" \/>\n<meta property=\"og:locale\" content=\"de_DE\" \/>\n<meta property=\"og:type\" content=\"article\" \/>\n<meta property=\"og:title\" content=\"Das Fest des Heiligen Andreas in Amalfi: das Ereignis, das zwischen Meer, Glauben und Tradition verzaubert - Visit Amalfi\" \/>\n<meta property=\"og:description\" content=\"Wenn es ein Ereignis gibt, das in der Lage ist, die tiefste Seele von Amalfi zu erz\u00e4hlen, dann ist dies zweifellos das Fest des Heiligen Andreas, ein Fest, das Spiritualit\u00e4t, [&hellip;]\" \/>\n<meta property=\"og:url\" content=\"https:\/\/www.visitamalfi.info\/de\/das-fest-des-heiligen-andreas-in-amalfi-das-ereignis-das-zwischen-meer-glauben-und-tradition-verzaubert\/\" \/>\n<meta property=\"og:site_name\" content=\"Visit Amalfi\" \/>\n<meta property=\"article:publisher\" content=\"https:\/\/www.facebook.com\/visitamalfiofficial\" \/>\n<meta property=\"article:published_time\" content=\"2025-11-17T09:28:33+00:00\" \/>\n<meta property=\"og:image\" content=\"https:\/\/www.visitamalfi.info\/wp-content\/uploads\/2023\/07\/38-Cattedrale-di-SantAndrea.jpg\" \/>\n\t<meta property=\"og:image:width\" content=\"1920\" \/>\n\t<meta property=\"og:image:height\" content=\"1280\" \/>\n\t<meta property=\"og:image:type\" content=\"image\/jpeg\" \/>\n<meta name=\"author\" content=\"Federica Dumont\" \/>\n<meta name=\"twitter:card\" content=\"summary_large_image\" \/>\n<meta name=\"twitter:label1\" content=\"Verfasst von\" \/>\n\t<meta name=\"twitter:data1\" content=\"Federica Dumont\" \/>\n\t<meta name=\"twitter:label2\" content=\"Gesch\u00e4tzte Lesezeit\" \/>\n\t<meta name=\"twitter:data2\" content=\"3\u00a0Minuten\" \/>\n<script type=\"application\/ld+json\" class=\"yoast-schema-graph\">{\"@context\":\"https:\\\/\\\/schema.org\",\"@graph\":[{\"@type\":\"Article\",\"@id\":\"https:\\\/\\\/www.visitamalfi.info\\\/de\\\/das-fest-des-heiligen-andreas-in-amalfi-das-ereignis-das-zwischen-meer-glauben-und-tradition-verzaubert\\\/#article\",\"isPartOf\":{\"@id\":\"https:\\\/\\\/www.visitamalfi.info\\\/de\\\/das-fest-des-heiligen-andreas-in-amalfi-das-ereignis-das-zwischen-meer-glauben-und-tradition-verzaubert\\\/\"},\"author\":{\"name\":\"Federica Dumont\",\"@id\":\"https:\\\/\\\/www.visitamalfi.info\\\/de\\\/#\\\/schema\\\/person\\\/0c7584af846d5d2da6c69f7e68f3af96\"},\"headline\":\"Das Fest des Heiligen Andreas in Amalfi: das Ereignis, das zwischen Meer, Glauben und Tradition verzaubert\",\"datePublished\":\"2025-11-17T09:28:33+00:00\",\"mainEntityOfPage\":{\"@id\":\"https:\\\/\\\/www.visitamalfi.info\\\/de\\\/das-fest-des-heiligen-andreas-in-amalfi-das-ereignis-das-zwischen-meer-glauben-und-tradition-verzaubert\\\/\"},\"wordCount\":532,\"commentCount\":0,\"publisher\":{\"@id\":\"https:\\\/\\\/www.visitamalfi.info\\\/de\\\/#organization\"},\"image\":{\"@id\":\"https:\\\/\\\/www.visitamalfi.info\\\/de\\\/das-fest-des-heiligen-andreas-in-amalfi-das-ereignis-das-zwischen-meer-glauben-und-tradition-verzaubert\\\/#primaryimage\"},\"thumbnailUrl\":\"https:\\\/\\\/www.visitamalfi.info\\\/wp-content\\\/uploads\\\/2023\\\/07\\\/38-Cattedrale-di-SantAndrea.jpg\",\"keywords\":[\"Hervorgehoben\"],\"articleSection\":[\"Consigli di viaggio\",\"Eventi\",\"Tradition\"],\"inLanguage\":\"de\",\"potentialAction\":[{\"@type\":\"CommentAction\",\"name\":\"Comment\",\"target\":[\"https:\\\/\\\/www.visitamalfi.info\\\/de\\\/das-fest-des-heiligen-andreas-in-amalfi-das-ereignis-das-zwischen-meer-glauben-und-tradition-verzaubert\\\/#respond\"]}]},{\"@type\":\"WebPage\",\"@id\":\"https:\\\/\\\/www.visitamalfi.info\\\/de\\\/das-fest-des-heiligen-andreas-in-amalfi-das-ereignis-das-zwischen-meer-glauben-und-tradition-verzaubert\\\/\",\"url\":\"https:\\\/\\\/www.visitamalfi.info\\\/de\\\/das-fest-des-heiligen-andreas-in-amalfi-das-ereignis-das-zwischen-meer-glauben-und-tradition-verzaubert\\\/\",\"name\":\"Das Fest des Heiligen Andreas in Amalfi: das Ereignis, das zwischen Meer, Glauben und Tradition verzaubert - Visit Amalfi\",\"isPartOf\":{\"@id\":\"https:\\\/\\\/www.visitamalfi.info\\\/de\\\/#website\"},\"primaryImageOfPage\":{\"@id\":\"https:\\\/\\\/www.visitamalfi.info\\\/de\\\/das-fest-des-heiligen-andreas-in-amalfi-das-ereignis-das-zwischen-meer-glauben-und-tradition-verzaubert\\\/#primaryimage\"},\"image\":{\"@id\":\"https:\\\/\\\/www.visitamalfi.info\\\/de\\\/das-fest-des-heiligen-andreas-in-amalfi-das-ereignis-das-zwischen-meer-glauben-und-tradition-verzaubert\\\/#primaryimage\"},\"thumbnailUrl\":\"https:\\\/\\\/www.visitamalfi.info\\\/wp-content\\\/uploads\\\/2023\\\/07\\\/38-Cattedrale-di-SantAndrea.jpg\",\"datePublished\":\"2025-11-17T09:28:33+00:00\",\"breadcrumb\":{\"@id\":\"https:\\\/\\\/www.visitamalfi.info\\\/de\\\/das-fest-des-heiligen-andreas-in-amalfi-das-ereignis-das-zwischen-meer-glauben-und-tradition-verzaubert\\\/#breadcrumb\"},\"inLanguage\":\"de\",\"potentialAction\":[{\"@type\":\"ReadAction\",\"target\":[\"https:\\\/\\\/www.visitamalfi.info\\\/de\\\/das-fest-des-heiligen-andreas-in-amalfi-das-ereignis-das-zwischen-meer-glauben-und-tradition-verzaubert\\\/\"]}]},{\"@type\":\"ImageObject\",\"inLanguage\":\"de\",\"@id\":\"https:\\\/\\\/www.visitamalfi.info\\\/de\\\/das-fest-des-heiligen-andreas-in-amalfi-das-ereignis-das-zwischen-meer-glauben-und-tradition-verzaubert\\\/#primaryimage\",\"url\":\"https:\\\/\\\/www.visitamalfi.info\\\/wp-content\\\/uploads\\\/2023\\\/07\\\/38-Cattedrale-di-SantAndrea.jpg\",\"contentUrl\":\"https:\\\/\\\/www.visitamalfi.info\\\/wp-content\\\/uploads\\\/2023\\\/07\\\/38-Cattedrale-di-SantAndrea.jpg\",\"width\":1920,\"height\":1280},{\"@type\":\"BreadcrumbList\",\"@id\":\"https:\\\/\\\/www.visitamalfi.info\\\/de\\\/das-fest-des-heiligen-andreas-in-amalfi-das-ereignis-das-zwischen-meer-glauben-und-tradition-verzaubert\\\/#breadcrumb\",\"itemListElement\":[{\"@type\":\"ListItem\",\"position\":1,\"name\":\"Home\",\"item\":\"https:\\\/\\\/www.visitamalfi.info\\\/de\\\/\"},{\"@type\":\"ListItem\",\"position\":2,\"name\":\"Das Fest des Heiligen Andreas in Amalfi: das Ereignis, das zwischen Meer, Glauben und Tradition verzaubert\"}]},{\"@type\":\"WebSite\",\"@id\":\"https:\\\/\\\/www.visitamalfi.info\\\/de\\\/#website\",\"url\":\"https:\\\/\\\/www.visitamalfi.info\\\/de\\\/\",\"name\":\"Visit Amalfi\",\"description\":\"Amalfi Destination Official Website\",\"publisher\":{\"@id\":\"https:\\\/\\\/www.visitamalfi.info\\\/de\\\/#organization\"},\"potentialAction\":[{\"@type\":\"SearchAction\",\"target\":{\"@type\":\"EntryPoint\",\"urlTemplate\":\"https:\\\/\\\/www.visitamalfi.info\\\/de\\\/?s={search_term_string}\"},\"query-input\":{\"@type\":\"PropertyValueSpecification\",\"valueRequired\":true,\"valueName\":\"search_term_string\"}}],\"inLanguage\":\"de\"},{\"@type\":\"Organization\",\"@id\":\"https:\\\/\\\/www.visitamalfi.info\\\/de\\\/#organization\",\"name\":\"Visit Amalfi\",\"url\":\"https:\\\/\\\/www.visitamalfi.info\\\/de\\\/\",\"logo\":{\"@type\":\"ImageObject\",\"inLanguage\":\"de\",\"@id\":\"https:\\\/\\\/www.visitamalfi.info\\\/de\\\/#\\\/schema\\\/logo\\\/image\\\/\",\"url\":\"https:\\\/\\\/www.visitamalfi.info\\\/wp-content\\\/uploads\\\/2023\\\/04\\\/visit-amalfi-logo-web.png\",\"contentUrl\":\"https:\\\/\\\/www.visitamalfi.info\\\/wp-content\\\/uploads\\\/2023\\\/04\\\/visit-amalfi-logo-web.png\",\"width\":800,\"height\":870,\"caption\":\"Visit Amalfi\"},\"image\":{\"@id\":\"https:\\\/\\\/www.visitamalfi.info\\\/de\\\/#\\\/schema\\\/logo\\\/image\\\/\"},\"sameAs\":[\"https:\\\/\\\/www.facebook.com\\\/visitamalfiofficial\",\"https:\\\/\\\/www.instagram.com\\\/visitamalfiofficial\\\/\"]},{\"@type\":\"Person\",\"@id\":\"https:\\\/\\\/www.visitamalfi.info\\\/de\\\/#\\\/schema\\\/person\\\/0c7584af846d5d2da6c69f7e68f3af96\",\"name\":\"Federica Dumont\",\"image\":{\"@type\":\"ImageObject\",\"inLanguage\":\"de\",\"@id\":\"https:\\\/\\\/secure.gravatar.com\\\/avatar\\\/0803dab414b6c6f1fd2399680f587870a020419b6ebe9d36dd75df06a6a68060?s=96&d=mm&r=g\",\"url\":\"https:\\\/\\\/secure.gravatar.com\\\/avatar\\\/0803dab414b6c6f1fd2399680f587870a020419b6ebe9d36dd75df06a6a68060?s=96&d=mm&r=g\",\"contentUrl\":\"https:\\\/\\\/secure.gravatar.com\\\/avatar\\\/0803dab414b6c6f1fd2399680f587870a020419b6ebe9d36dd75df06a6a68060?s=96&d=mm&r=g\",\"caption\":\"Federica Dumont\"},\"url\":\"https:\\\/\\\/www.visitamalfi.info\\\/de\\\/author\\\/federica\\\/\"}]}<\/script>\n<!-- \/ Yoast SEO plugin. -->","yoast_head_json":{"title":"Das Fest des Heiligen Andreas in Amalfi: das Ereignis, das zwischen Meer, Glauben und Tradition verzaubert - Visit Amalfi","robots":{"index":"index","follow":"follow","max-snippet":"max-snippet:-1","max-image-preview":"max-image-preview:large","max-video-preview":"max-video-preview:-1"},"canonical":"https:\/\/www.visitamalfi.info\/de\/das-fest-des-heiligen-andreas-in-amalfi-das-ereignis-das-zwischen-meer-glauben-und-tradition-verzaubert\/","og_locale":"de_DE","og_type":"article","og_title":"Das Fest des Heiligen Andreas in Amalfi: das Ereignis, das zwischen Meer, Glauben und Tradition verzaubert - Visit Amalfi","og_description":"Wenn es ein Ereignis gibt, das in der Lage ist, die tiefste Seele von Amalfi zu erz\u00e4hlen, dann ist dies zweifellos das Fest des Heiligen Andreas, ein Fest, das Spiritualit\u00e4t, [&hellip;]","og_url":"https:\/\/www.visitamalfi.info\/de\/das-fest-des-heiligen-andreas-in-amalfi-das-ereignis-das-zwischen-meer-glauben-und-tradition-verzaubert\/","og_site_name":"Visit Amalfi","article_publisher":"https:\/\/www.facebook.com\/visitamalfiofficial","article_published_time":"2025-11-17T09:28:33+00:00","og_image":[{"width":1920,"height":1280,"url":"https:\/\/www.visitamalfi.info\/wp-content\/uploads\/2023\/07\/38-Cattedrale-di-SantAndrea.jpg","type":"image\/jpeg"}],"author":"Federica Dumont","twitter_card":"summary_large_image","twitter_misc":{"Verfasst von":"Federica Dumont","Gesch\u00e4tzte Lesezeit":"3\u00a0Minuten"},"schema":{"@context":"https:\/\/schema.org","@graph":[{"@type":"Article","@id":"https:\/\/www.visitamalfi.info\/de\/das-fest-des-heiligen-andreas-in-amalfi-das-ereignis-das-zwischen-meer-glauben-und-tradition-verzaubert\/#article","isPartOf":{"@id":"https:\/\/www.visitamalfi.info\/de\/das-fest-des-heiligen-andreas-in-amalfi-das-ereignis-das-zwischen-meer-glauben-und-tradition-verzaubert\/"},"author":{"name":"Federica Dumont","@id":"https:\/\/www.visitamalfi.info\/de\/#\/schema\/person\/0c7584af846d5d2da6c69f7e68f3af96"},"headline":"Das Fest des Heiligen Andreas in Amalfi: das Ereignis, das zwischen Meer, Glauben und Tradition verzaubert","datePublished":"2025-11-17T09:28:33+00:00","mainEntityOfPage":{"@id":"https:\/\/www.visitamalfi.info\/de\/das-fest-des-heiligen-andreas-in-amalfi-das-ereignis-das-zwischen-meer-glauben-und-tradition-verzaubert\/"},"wordCount":532,"commentCount":0,"publisher":{"@id":"https:\/\/www.visitamalfi.info\/de\/#organization"},"image":{"@id":"https:\/\/www.visitamalfi.info\/de\/das-fest-des-heiligen-andreas-in-amalfi-das-ereignis-das-zwischen-meer-glauben-und-tradition-verzaubert\/#primaryimage"},"thumbnailUrl":"https:\/\/www.visitamalfi.info\/wp-content\/uploads\/2023\/07\/38-Cattedrale-di-SantAndrea.jpg","keywords":["Hervorgehoben"],"articleSection":["Consigli di viaggio","Eventi","Tradition"],"inLanguage":"de","potentialAction":[{"@type":"CommentAction","name":"Comment","target":["https:\/\/www.visitamalfi.info\/de\/das-fest-des-heiligen-andreas-in-amalfi-das-ereignis-das-zwischen-meer-glauben-und-tradition-verzaubert\/#respond"]}]},{"@type":"WebPage","@id":"https:\/\/www.visitamalfi.info\/de\/das-fest-des-heiligen-andreas-in-amalfi-das-ereignis-das-zwischen-meer-glauben-und-tradition-verzaubert\/","url":"https:\/\/www.visitamalfi.info\/de\/das-fest-des-heiligen-andreas-in-amalfi-das-ereignis-das-zwischen-meer-glauben-und-tradition-verzaubert\/","name":"Das Fest des Heiligen Andreas in Amalfi: das Ereignis, das zwischen Meer, Glauben und Tradition verzaubert - Visit Amalfi","isPartOf":{"@id":"https:\/\/www.visitamalfi.info\/de\/#website"},"primaryImageOfPage":{"@id":"https:\/\/www.visitamalfi.info\/de\/das-fest-des-heiligen-andreas-in-amalfi-das-ereignis-das-zwischen-meer-glauben-und-tradition-verzaubert\/#primaryimage"},"image":{"@id":"https:\/\/www.visitamalfi.info\/de\/das-fest-des-heiligen-andreas-in-amalfi-das-ereignis-das-zwischen-meer-glauben-und-tradition-verzaubert\/#primaryimage"},"thumbnailUrl":"https:\/\/www.visitamalfi.info\/wp-content\/uploads\/2023\/07\/38-Cattedrale-di-SantAndrea.jpg","datePublished":"2025-11-17T09:28:33+00:00","breadcrumb":{"@id":"https:\/\/www.visitamalfi.info\/de\/das-fest-des-heiligen-andreas-in-amalfi-das-ereignis-das-zwischen-meer-glauben-und-tradition-verzaubert\/#breadcrumb"},"inLanguage":"de","potentialAction":[{"@type":"ReadAction","target":["https:\/\/www.visitamalfi.info\/de\/das-fest-des-heiligen-andreas-in-amalfi-das-ereignis-das-zwischen-meer-glauben-und-tradition-verzaubert\/"]}]},{"@type":"ImageObject","inLanguage":"de","@id":"https:\/\/www.visitamalfi.info\/de\/das-fest-des-heiligen-andreas-in-amalfi-das-ereignis-das-zwischen-meer-glauben-und-tradition-verzaubert\/#primaryimage","url":"https:\/\/www.visitamalfi.info\/wp-content\/uploads\/2023\/07\/38-Cattedrale-di-SantAndrea.jpg","contentUrl":"https:\/\/www.visitamalfi.info\/wp-content\/uploads\/2023\/07\/38-Cattedrale-di-SantAndrea.jpg","width":1920,"height":1280},{"@type":"BreadcrumbList","@id":"https:\/\/www.visitamalfi.info\/de\/das-fest-des-heiligen-andreas-in-amalfi-das-ereignis-das-zwischen-meer-glauben-und-tradition-verzaubert\/#breadcrumb","itemListElement":[{"@type":"ListItem","position":1,"name":"Home","item":"https:\/\/www.visitamalfi.info\/de\/"},{"@type":"ListItem","position":2,"name":"Das Fest des Heiligen Andreas in Amalfi: das Ereignis, das zwischen Meer, Glauben und Tradition verzaubert"}]},{"@type":"WebSite","@id":"https:\/\/www.visitamalfi.info\/de\/#website","url":"https:\/\/www.visitamalfi.info\/de\/","name":"Visit Amalfi","description":"Amalfi Destination Official Website","publisher":{"@id":"https:\/\/www.visitamalfi.info\/de\/#organization"},"potentialAction":[{"@type":"SearchAction","target":{"@type":"EntryPoint","urlTemplate":"https:\/\/www.visitamalfi.info\/de\/?s={search_term_string}"},"query-input":{"@type":"PropertyValueSpecification","valueRequired":true,"valueName":"search_term_string"}}],"inLanguage":"de"},{"@type":"Organization","@id":"https:\/\/www.visitamalfi.info\/de\/#organization","name":"Visit Amalfi","url":"https:\/\/www.visitamalfi.info\/de\/","logo":{"@type":"ImageObject","inLanguage":"de","@id":"https:\/\/www.visitamalfi.info\/de\/#\/schema\/logo\/image\/","url":"https:\/\/www.visitamalfi.info\/wp-content\/uploads\/2023\/04\/visit-amalfi-logo-web.png","contentUrl":"https:\/\/www.visitamalfi.info\/wp-content\/uploads\/2023\/04\/visit-amalfi-logo-web.png","width":800,"height":870,"caption":"Visit Amalfi"},"image":{"@id":"https:\/\/www.visitamalfi.info\/de\/#\/schema\/logo\/image\/"},"sameAs":["https:\/\/www.facebook.com\/visitamalfiofficial","https:\/\/www.instagram.com\/visitamalfiofficial\/"]},{"@type":"Person","@id":"https:\/\/www.visitamalfi.info\/de\/#\/schema\/person\/0c7584af846d5d2da6c69f7e68f3af96","name":"Federica Dumont","image":{"@type":"ImageObject","inLanguage":"de","@id":"https:\/\/secure.gravatar.com\/avatar\/0803dab414b6c6f1fd2399680f587870a020419b6ebe9d36dd75df06a6a68060?s=96&d=mm&r=g","url":"https:\/\/secure.gravatar.com\/avatar\/0803dab414b6c6f1fd2399680f587870a020419b6ebe9d36dd75df06a6a68060?s=96&d=mm&r=g","contentUrl":"https:\/\/secure.gravatar.com\/avatar\/0803dab414b6c6f1fd2399680f587870a020419b6ebe9d36dd75df06a6a68060?s=96&d=mm&r=g","caption":"Federica Dumont"},"url":"https:\/\/www.visitamalfi.info\/de\/author\/federica\/"}]}},"_links":{"self":[{"href":"https:\/\/www.visitamalfi.info\/de\/wp-json\/wp\/v2\/posts\/23127","targetHints":{"allow":["GET"]}}],"collection":[{"href":"https:\/\/www.visitamalfi.info\/de\/wp-json\/wp\/v2\/posts"}],"about":[{"href":"https:\/\/www.visitamalfi.info\/de\/wp-json\/wp\/v2\/types\/post"}],"author":[{"embeddable":true,"href":"https:\/\/www.visitamalfi.info\/de\/wp-json\/wp\/v2\/users\/7"}],"replies":[{"embeddable":true,"href":"https:\/\/www.visitamalfi.info\/de\/wp-json\/wp\/v2\/comments?post=23127"}],"version-history":[{"count":0,"href":"https:\/\/www.visitamalfi.info\/de\/wp-json\/wp\/v2\/posts\/23127\/revisions"}],"wp:featuredmedia":[{"embeddable":true,"href":"https:\/\/www.visitamalfi.info\/de\/wp-json\/wp\/v2\/media\/5170"}],"wp:attachment":[{"href":"https:\/\/www.visitamalfi.info\/de\/wp-json\/wp\/v2\/media?parent=23127"}],"wp:term":[{"taxonomy":"category","embeddable":true,"href":"https:\/\/www.visitamalfi.info\/de\/wp-json\/wp\/v2\/categories?post=23127"},{"taxonomy":"post_tag","embeddable":true,"href":"https:\/\/www.visitamalfi.info\/de\/wp-json\/wp\/v2\/tags?post=23127"}],"curies":[{"name":"wp","href":"https:\/\/api.w.org\/{rel}","templated":true}]}}