{"id":23098,"date":"2025-10-20T12:56:00","date_gmt":"2025-10-20T10:56:00","guid":{"rendered":"https:\/\/www.visitamalfi.info\/nachhaltigkeits-wochenende-2025-in-amalfi-ein-meer-eine-stadt-eine-gemeinschaft-die-sich-fuer-die-umwelt-einsetzt\/"},"modified":"2025-10-20T12:56:00","modified_gmt":"2025-10-20T10:56:00","slug":"nachhaltigkeits-wochenende-2025-in-amalfi-ein-meer-eine-stadt-eine-gemeinschaft-die-sich-fuer-die-umwelt-einsetzt","status":"publish","type":"post","link":"https:\/\/www.visitamalfi.info\/de\/nachhaltigkeits-wochenende-2025-in-amalfi-ein-meer-eine-stadt-eine-gemeinschaft-die-sich-fuer-die-umwelt-einsetzt\/","title":{"rendered":"Nachhaltigkeits-Wochenende 2025 in Amalfi: ein Meer, eine Stadt, eine Gemeinschaft, die sich f\u00fcr die Umwelt einsetzt"},"content":{"rendered":"<p>Drei Tage, um den Wert der F\u00fcrsorge neu zu entdecken.<br data-start=\"418\" data-end=\"421\">Vom historischen Zentrum bis zum Meer erlebte <em data-start=\"449\" data-end=\"457\">Amalfi<\/em> ein Wochenende im Zeichen der Nachhaltigkeit, des Austauschs und des Respekts f\u00fcr das Gebiet und die Umwelt.<\/p>\n<h3 data-start=\"569\" data-end=\"598\">Tag 1 &#8211; Tag der Aufr\u00e4umarbeiten<\/h3>\n<p data-start=\"599\" data-end=\"996\"><img decoding=\"async\" class=\"wp-image-23060 alignleft\" src=\"https:\/\/www.visitamalfi.info\/wp-content\/uploads\/2025\/10\/20251017_182106-300x169.jpg\" alt=\"\" width=\"264\" height=\"149\" srcset=\"https:\/\/www.visitamalfi.info\/wp-content\/uploads\/2025\/10\/20251017_182106-300x169.jpg 300w, https:\/\/www.visitamalfi.info\/wp-content\/uploads\/2025\/10\/20251017_182106-1024x577.jpg 1024w, https:\/\/www.visitamalfi.info\/wp-content\/uploads\/2025\/10\/20251017_182106-768x432.jpg 768w, https:\/\/www.visitamalfi.info\/wp-content\/uploads\/2025\/10\/20251017_182106-1536x865.jpg 1536w, https:\/\/www.visitamalfi.info\/wp-content\/uploads\/2025\/10\/20251017_182106.jpg 1920w\" sizes=\"(max-width: 264px) 100vw, 264px\" \/>Bei der ersten Veranstaltung nahmen Freiwillige, B\u00fcrger und junge Pfadfinder, am <em data-start=\"700\" data-end=\"714\">Clean Up<\/em> Day teil: ein Tag, der der Reinigung des historischen Zentrums von Amalfi gewidmet war.<img decoding=\"async\" class=\" wp-image-23065 alignright\" src=\"https:\/\/www.visitamalfi.info\/wp-content\/uploads\/2025\/10\/20251017_181754-300x169.jpg\" alt=\"\" width=\"206\" height=\"116\" srcset=\"https:\/\/www.visitamalfi.info\/wp-content\/uploads\/2025\/10\/20251017_181754-300x169.jpg 300w, https:\/\/www.visitamalfi.info\/wp-content\/uploads\/2025\/10\/20251017_181754-1024x577.jpg 1024w, https:\/\/www.visitamalfi.info\/wp-content\/uploads\/2025\/10\/20251017_181754-768x432.jpg 768w, https:\/\/www.visitamalfi.info\/wp-content\/uploads\/2025\/10\/20251017_181754-1536x865.jpg 1536w, https:\/\/www.visitamalfi.info\/wp-content\/uploads\/2025\/10\/20251017_181754.jpg 1920w\" sizes=\"(max-width: 206px) 100vw, 206px\" \/><br data-start=\"793\" data-end=\"796\">Inmitten von Gassen, Pl\u00e4tzen und ikonischen Ansichten haben sich Dutzende von H\u00e4nden zusammengetan, um die Sch\u00f6nheit und den Anstand der Stadt wiederherzustellen. Eine einfache, aber kraftvolle Geste, die die Liebe zu Amalfi in konkrete Taten umsetzt.<\/p>\n<h3 data-start=\"998\" data-end=\"1039\">Tag 2 &#8211; Jugend und Bewusstseinsbildung<\/h3>\n<p><img decoding=\"async\" class=\"wp-image-23070 alignleft\" src=\"https:\/\/www.visitamalfi.info\/wp-content\/uploads\/2025\/10\/DJI_20251018103259_0863_D-300x169.jpg\" alt=\"\" width=\"201\" height=\"113\" srcset=\"https:\/\/www.visitamalfi.info\/wp-content\/uploads\/2025\/10\/DJI_20251018103259_0863_D-300x169.jpg 300w, https:\/\/www.visitamalfi.info\/wp-content\/uploads\/2025\/10\/DJI_20251018103259_0863_D-1024x576.jpg 1024w, https:\/\/www.visitamalfi.info\/wp-content\/uploads\/2025\/10\/DJI_20251018103259_0863_D-768x432.jpg 768w, https:\/\/www.visitamalfi.info\/wp-content\/uploads\/2025\/10\/DJI_20251018103259_0863_D-1536x864.jpg 1536w, https:\/\/www.visitamalfi.info\/wp-content\/uploads\/2025\/10\/DJI_20251018103259_0863_D.jpg 1920w\" sizes=\"(max-width: 201px) 100vw, 201px\" \/><\/p>\n<p data-start=\"1040\" data-end=\"1581\">Am zweiten Tag trafen sich Highschool-Sch\u00fcler mit Experten in der wundersch\u00f6nen Umgebung des Arsenals.<br data-start=\"1166\" data-end=\"1169\">Der Tag begann im alten Arsenal der Republik mit einem Moment der Besinnung und einer Diskussion \u00fcber die Bedeutung der kleinen Entscheidungen im Alltag.<\/p>\n<p><img loading=\"lazy\" decoding=\"async\" class=\"wp-image-23075 alignright\" src=\"https:\/\/www.visitamalfi.info\/wp-content\/uploads\/2025\/10\/DJI_20251018104936_0890_D-300x169.jpg\" alt=\"\" width=\"205\" height=\"115\" srcset=\"https:\/\/www.visitamalfi.info\/wp-content\/uploads\/2025\/10\/DJI_20251018104936_0890_D-300x169.jpg 300w, https:\/\/www.visitamalfi.info\/wp-content\/uploads\/2025\/10\/DJI_20251018104936_0890_D-1024x576.jpg 1024w, https:\/\/www.visitamalfi.info\/wp-content\/uploads\/2025\/10\/DJI_20251018104936_0890_D-768x432.jpg 768w, https:\/\/www.visitamalfi.info\/wp-content\/uploads\/2025\/10\/DJI_20251018104936_0890_D-1536x864.jpg 1536w, https:\/\/www.visitamalfi.info\/wp-content\/uploads\/2025\/10\/DJI_20251018104936_0890_D.jpg 1920w\" sizes=\"(max-width: 205px) 100vw, 205px\" \/><\/p>\n<p data-start=\"1040\" data-end=\"1581\"><br data-start=\"1345\" data-end=\"1348\">Dann nahmen alle Jungen und M\u00e4dchen gemeinsam an einer neuen Clean Up-Aktivit\u00e4t teil und trugen mit Begeisterung und Verantwortungsbewusstsein dazu bei, w\u00e4hrend Freiwillige des Archeoclubs f\u00fcr eine erste Tiefseereinigung abtauchten.<br data-start=\"1492\" data-end=\"1495\">Eine klare Botschaft: Nachhaltigkeit f\u00e4ngt bei der Jugend an und w\u00e4chst durch Vorbild.<\/p>\n<h3 data-start=\"1583\" data-end=\"1614\">Tag 3 &#8211; Saubere Kulissen<\/h3>\n<p data-start=\"1615\" data-end=\"1990\"><img loading=\"lazy\" decoding=\"async\" class=\" wp-image-23080 alignleft\" src=\"https:\/\/www.visitamalfi.info\/wp-content\/uploads\/2025\/10\/20251019_115802-300x169.jpg\" alt=\"\" width=\"220\" height=\"124\" srcset=\"https:\/\/www.visitamalfi.info\/wp-content\/uploads\/2025\/10\/20251019_115802-300x169.jpg 300w, https:\/\/www.visitamalfi.info\/wp-content\/uploads\/2025\/10\/20251019_115802-1024x577.jpg 1024w, https:\/\/www.visitamalfi.info\/wp-content\/uploads\/2025\/10\/20251019_115802-768x432.jpg 768w, https:\/\/www.visitamalfi.info\/wp-content\/uploads\/2025\/10\/20251019_115802-1536x865.jpg 1536w, https:\/\/www.visitamalfi.info\/wp-content\/uploads\/2025\/10\/20251019_115802.jpg 1920w\" sizes=\"(max-width: 220px) 100vw, 220px\" \/>Das Wochenende endete mit der Initiative <em data-start=\"1657\" data-end=\"1673\">Fondali Puliti (Sauberer Meeresboden<\/em>), bei der Taucher und Freiwillige M\u00fcll aus dem Meer von Amalfi sammelten.<img loading=\"lazy\" decoding=\"async\" class=\" wp-image-23085 alignright\" src=\"https:\/\/www.visitamalfi.info\/wp-content\/uploads\/2025\/10\/20251019_1210350-300x169.jpg\" alt=\"\" width=\"272\" height=\"153\" srcset=\"https:\/\/www.visitamalfi.info\/wp-content\/uploads\/2025\/10\/20251019_1210350-300x169.jpg 300w, https:\/\/www.visitamalfi.info\/wp-content\/uploads\/2025\/10\/20251019_1210350-1024x577.jpg 1024w, https:\/\/www.visitamalfi.info\/wp-content\/uploads\/2025\/10\/20251019_1210350-768x432.jpg 768w, https:\/\/www.visitamalfi.info\/wp-content\/uploads\/2025\/10\/20251019_1210350-1536x865.jpg 1536w, https:\/\/www.visitamalfi.info\/wp-content\/uploads\/2025\/10\/20251019_1210350.jpg 1920w\" sizes=\"(max-width: 272px) 100vw, 272px\" \/><br data-start=\"1802\" data-end=\"1805\">Eine symbolische und konkrete Geste, um dem Meer seine Reinheit zur\u00fcckzugeben, um ihm f\u00fcr seine Sch\u00f6nheit zu danken und um uns daran zu erinnern, dass der Schutz der Umwelt jeden Tag eine Verpflichtung f\u00fcr uns alle ist.<\/p>\n<h3 data-start=\"1992\" data-end=\"2028\">Ein Wochenende, das Spuren hinterl\u00e4sst<\/h3>\n<p data-start=\"2029\" data-end=\"2267\">Drei intensive Tage, voller Emotionen und Beteiligung.<br data-start=\"2088\" data-end=\"2091\">Ein Projekt, das die Generationen vereint und von einem Amalfi erz\u00e4hlt, das zunehmend auf Nachhaltigkeit, Zusammenarbeit und Respekt f\u00fcr sein nat\u00fcrliches und kulturelles Erbe achtet.<\/p>\n<p data-start=\"2269\" data-end=\"2366\">Denn die Zukunft von Amalfi &#8211; und von jedem Ort, den wir lieben &#8211; h\u00e4ngt auch von den Gesten von heute ab.<\/p>\n","protected":false},"excerpt":{"rendered":"<p>Drei Tage, um den Wert der F\u00fcrsorge neu zu entdecken.Vom historischen Zentrum bis zum Meer erlebte Amalfi ein Wochenende im Zeichen der Nachhaltigkeit, des Austauschs und des Respekts f\u00fcr das [&hellip;]<\/p>\n","protected":false},"author":7,"featured_media":23095,"comment_status":"open","ping_status":"closed","sticky":false,"template":"","format":"standard","meta":{"inline_featured_image":false,"footnotes":""},"categories":[260],"tags":[],"class_list":["post-23098","post","type-post","status-publish","format-standard","has-post-thumbnail","hentry","category-kuriositaten"],"yoast_head":"<!-- This site is optimized with the Yoast SEO plugin v27.3 - https:\/\/yoast.com\/product\/yoast-seo-wordpress\/ -->\n<title>Nachhaltigkeits-Wochenende 2025 in Amalfi: ein Meer, eine Stadt, eine Gemeinschaft, die sich f\u00fcr die Umwelt einsetzt - Visit Amalfi<\/title>\n<meta name=\"robots\" content=\"index, follow, max-snippet:-1, max-image-preview:large, max-video-preview:-1\" \/>\n<link rel=\"canonical\" href=\"https:\/\/www.visitamalfi.info\/de\/nachhaltigkeits-wochenende-2025-in-amalfi-ein-meer-eine-stadt-eine-gemeinschaft-die-sich-fuer-die-umwelt-einsetzt\/\" \/>\n<meta property=\"og:locale\" content=\"de_DE\" \/>\n<meta property=\"og:type\" content=\"article\" \/>\n<meta property=\"og:title\" content=\"Nachhaltigkeits-Wochenende 2025 in Amalfi: ein Meer, eine Stadt, eine Gemeinschaft, die sich f\u00fcr die Umwelt einsetzt - Visit Amalfi\" \/>\n<meta property=\"og:description\" content=\"Drei Tage, um den Wert der F\u00fcrsorge neu zu entdecken.Vom historischen Zentrum bis zum Meer erlebte Amalfi ein Wochenende im Zeichen der Nachhaltigkeit, des Austauschs und des Respekts f\u00fcr das [&hellip;]\" \/>\n<meta property=\"og:url\" content=\"https:\/\/www.visitamalfi.info\/de\/nachhaltigkeits-wochenende-2025-in-amalfi-ein-meer-eine-stadt-eine-gemeinschaft-die-sich-fuer-die-umwelt-einsetzt\/\" \/>\n<meta property=\"og:site_name\" content=\"Visit Amalfi\" \/>\n<meta property=\"article:publisher\" content=\"https:\/\/www.facebook.com\/visitamalfiofficial\" \/>\n<meta property=\"article:published_time\" content=\"2025-10-20T10:56:00+00:00\" \/>\n<meta property=\"og:image\" content=\"https:\/\/www.visitamalfi.info\/wp-content\/uploads\/2025\/10\/20251019_114225.jpg\" \/>\n\t<meta property=\"og:image:width\" content=\"1920\" \/>\n\t<meta property=\"og:image:height\" content=\"1081\" \/>\n\t<meta property=\"og:image:type\" content=\"image\/jpeg\" \/>\n<meta name=\"author\" content=\"Federica Dumont\" \/>\n<meta name=\"twitter:card\" content=\"summary_large_image\" \/>\n<meta name=\"twitter:label1\" content=\"Verfasst von\" \/>\n\t<meta name=\"twitter:data1\" content=\"Federica Dumont\" \/>\n\t<meta name=\"twitter:label2\" content=\"Gesch\u00e4tzte Lesezeit\" \/>\n\t<meta name=\"twitter:data2\" content=\"2\u00a0Minuten\" \/>\n<script type=\"application\/ld+json\" class=\"yoast-schema-graph\">{\"@context\":\"https:\\\/\\\/schema.org\",\"@graph\":[{\"@type\":\"Article\",\"@id\":\"https:\\\/\\\/www.visitamalfi.info\\\/de\\\/nachhaltigkeits-wochenende-2025-in-amalfi-ein-meer-eine-stadt-eine-gemeinschaft-die-sich-fuer-die-umwelt-einsetzt\\\/#article\",\"isPartOf\":{\"@id\":\"https:\\\/\\\/www.visitamalfi.info\\\/de\\\/nachhaltigkeits-wochenende-2025-in-amalfi-ein-meer-eine-stadt-eine-gemeinschaft-die-sich-fuer-die-umwelt-einsetzt\\\/\"},\"author\":{\"name\":\"Federica Dumont\",\"@id\":\"https:\\\/\\\/www.visitamalfi.info\\\/de\\\/#\\\/schema\\\/person\\\/0c7584af846d5d2da6c69f7e68f3af96\"},\"headline\":\"Nachhaltigkeits-Wochenende 2025 in Amalfi: ein Meer, eine Stadt, eine Gemeinschaft, die sich f\u00fcr die Umwelt einsetzt\",\"datePublished\":\"2025-10-20T10:56:00+00:00\",\"mainEntityOfPage\":{\"@id\":\"https:\\\/\\\/www.visitamalfi.info\\\/de\\\/nachhaltigkeits-wochenende-2025-in-amalfi-ein-meer-eine-stadt-eine-gemeinschaft-die-sich-fuer-die-umwelt-einsetzt\\\/\"},\"wordCount\":352,\"commentCount\":0,\"publisher\":{\"@id\":\"https:\\\/\\\/www.visitamalfi.info\\\/de\\\/#organization\"},\"image\":{\"@id\":\"https:\\\/\\\/www.visitamalfi.info\\\/de\\\/nachhaltigkeits-wochenende-2025-in-amalfi-ein-meer-eine-stadt-eine-gemeinschaft-die-sich-fuer-die-umwelt-einsetzt\\\/#primaryimage\"},\"thumbnailUrl\":\"https:\\\/\\\/www.visitamalfi.info\\\/wp-content\\\/uploads\\\/2025\\\/10\\\/20251019_114225.jpg\",\"articleSection\":[\"Kuriosit\u00e4ten\"],\"inLanguage\":\"de\",\"potentialAction\":[{\"@type\":\"CommentAction\",\"name\":\"Comment\",\"target\":[\"https:\\\/\\\/www.visitamalfi.info\\\/de\\\/nachhaltigkeits-wochenende-2025-in-amalfi-ein-meer-eine-stadt-eine-gemeinschaft-die-sich-fuer-die-umwelt-einsetzt\\\/#respond\"]}]},{\"@type\":\"WebPage\",\"@id\":\"https:\\\/\\\/www.visitamalfi.info\\\/de\\\/nachhaltigkeits-wochenende-2025-in-amalfi-ein-meer-eine-stadt-eine-gemeinschaft-die-sich-fuer-die-umwelt-einsetzt\\\/\",\"url\":\"https:\\\/\\\/www.visitamalfi.info\\\/de\\\/nachhaltigkeits-wochenende-2025-in-amalfi-ein-meer-eine-stadt-eine-gemeinschaft-die-sich-fuer-die-umwelt-einsetzt\\\/\",\"name\":\"Nachhaltigkeits-Wochenende 2025 in Amalfi: ein Meer, eine Stadt, eine Gemeinschaft, die sich f\u00fcr die Umwelt einsetzt - Visit Amalfi\",\"isPartOf\":{\"@id\":\"https:\\\/\\\/www.visitamalfi.info\\\/de\\\/#website\"},\"primaryImageOfPage\":{\"@id\":\"https:\\\/\\\/www.visitamalfi.info\\\/de\\\/nachhaltigkeits-wochenende-2025-in-amalfi-ein-meer-eine-stadt-eine-gemeinschaft-die-sich-fuer-die-umwelt-einsetzt\\\/#primaryimage\"},\"image\":{\"@id\":\"https:\\\/\\\/www.visitamalfi.info\\\/de\\\/nachhaltigkeits-wochenende-2025-in-amalfi-ein-meer-eine-stadt-eine-gemeinschaft-die-sich-fuer-die-umwelt-einsetzt\\\/#primaryimage\"},\"thumbnailUrl\":\"https:\\\/\\\/www.visitamalfi.info\\\/wp-content\\\/uploads\\\/2025\\\/10\\\/20251019_114225.jpg\",\"datePublished\":\"2025-10-20T10:56:00+00:00\",\"breadcrumb\":{\"@id\":\"https:\\\/\\\/www.visitamalfi.info\\\/de\\\/nachhaltigkeits-wochenende-2025-in-amalfi-ein-meer-eine-stadt-eine-gemeinschaft-die-sich-fuer-die-umwelt-einsetzt\\\/#breadcrumb\"},\"inLanguage\":\"de\",\"potentialAction\":[{\"@type\":\"ReadAction\",\"target\":[\"https:\\\/\\\/www.visitamalfi.info\\\/de\\\/nachhaltigkeits-wochenende-2025-in-amalfi-ein-meer-eine-stadt-eine-gemeinschaft-die-sich-fuer-die-umwelt-einsetzt\\\/\"]}]},{\"@type\":\"ImageObject\",\"inLanguage\":\"de\",\"@id\":\"https:\\\/\\\/www.visitamalfi.info\\\/de\\\/nachhaltigkeits-wochenende-2025-in-amalfi-ein-meer-eine-stadt-eine-gemeinschaft-die-sich-fuer-die-umwelt-einsetzt\\\/#primaryimage\",\"url\":\"https:\\\/\\\/www.visitamalfi.info\\\/wp-content\\\/uploads\\\/2025\\\/10\\\/20251019_114225.jpg\",\"contentUrl\":\"https:\\\/\\\/www.visitamalfi.info\\\/wp-content\\\/uploads\\\/2025\\\/10\\\/20251019_114225.jpg\",\"width\":1920,\"height\":1081},{\"@type\":\"BreadcrumbList\",\"@id\":\"https:\\\/\\\/www.visitamalfi.info\\\/de\\\/nachhaltigkeits-wochenende-2025-in-amalfi-ein-meer-eine-stadt-eine-gemeinschaft-die-sich-fuer-die-umwelt-einsetzt\\\/#breadcrumb\",\"itemListElement\":[{\"@type\":\"ListItem\",\"position\":1,\"name\":\"Home\",\"item\":\"https:\\\/\\\/www.visitamalfi.info\\\/de\\\/\"},{\"@type\":\"ListItem\",\"position\":2,\"name\":\"Nachhaltigkeits-Wochenende 2025 in Amalfi: ein Meer, eine Stadt, eine Gemeinschaft, die sich f\u00fcr die Umwelt einsetzt\"}]},{\"@type\":\"WebSite\",\"@id\":\"https:\\\/\\\/www.visitamalfi.info\\\/de\\\/#website\",\"url\":\"https:\\\/\\\/www.visitamalfi.info\\\/de\\\/\",\"name\":\"Visit Amalfi\",\"description\":\"Amalfi Destination Official Website\",\"publisher\":{\"@id\":\"https:\\\/\\\/www.visitamalfi.info\\\/de\\\/#organization\"},\"potentialAction\":[{\"@type\":\"SearchAction\",\"target\":{\"@type\":\"EntryPoint\",\"urlTemplate\":\"https:\\\/\\\/www.visitamalfi.info\\\/de\\\/?s={search_term_string}\"},\"query-input\":{\"@type\":\"PropertyValueSpecification\",\"valueRequired\":true,\"valueName\":\"search_term_string\"}}],\"inLanguage\":\"de\"},{\"@type\":\"Organization\",\"@id\":\"https:\\\/\\\/www.visitamalfi.info\\\/de\\\/#organization\",\"name\":\"Visit Amalfi\",\"url\":\"https:\\\/\\\/www.visitamalfi.info\\\/de\\\/\",\"logo\":{\"@type\":\"ImageObject\",\"inLanguage\":\"de\",\"@id\":\"https:\\\/\\\/www.visitamalfi.info\\\/de\\\/#\\\/schema\\\/logo\\\/image\\\/\",\"url\":\"https:\\\/\\\/www.visitamalfi.info\\\/wp-content\\\/uploads\\\/2023\\\/04\\\/visit-amalfi-logo-web.png\",\"contentUrl\":\"https:\\\/\\\/www.visitamalfi.info\\\/wp-content\\\/uploads\\\/2023\\\/04\\\/visit-amalfi-logo-web.png\",\"width\":800,\"height\":870,\"caption\":\"Visit Amalfi\"},\"image\":{\"@id\":\"https:\\\/\\\/www.visitamalfi.info\\\/de\\\/#\\\/schema\\\/logo\\\/image\\\/\"},\"sameAs\":[\"https:\\\/\\\/www.facebook.com\\\/visitamalfiofficial\",\"https:\\\/\\\/www.instagram.com\\\/visitamalfiofficial\\\/\"]},{\"@type\":\"Person\",\"@id\":\"https:\\\/\\\/www.visitamalfi.info\\\/de\\\/#\\\/schema\\\/person\\\/0c7584af846d5d2da6c69f7e68f3af96\",\"name\":\"Federica Dumont\",\"image\":{\"@type\":\"ImageObject\",\"inLanguage\":\"de\",\"@id\":\"https:\\\/\\\/secure.gravatar.com\\\/avatar\\\/0803dab414b6c6f1fd2399680f587870a020419b6ebe9d36dd75df06a6a68060?s=96&d=mm&r=g\",\"url\":\"https:\\\/\\\/secure.gravatar.com\\\/avatar\\\/0803dab414b6c6f1fd2399680f587870a020419b6ebe9d36dd75df06a6a68060?s=96&d=mm&r=g\",\"contentUrl\":\"https:\\\/\\\/secure.gravatar.com\\\/avatar\\\/0803dab414b6c6f1fd2399680f587870a020419b6ebe9d36dd75df06a6a68060?s=96&d=mm&r=g\",\"caption\":\"Federica Dumont\"},\"url\":\"https:\\\/\\\/www.visitamalfi.info\\\/de\\\/author\\\/federica\\\/\"}]}<\/script>\n<!-- \/ Yoast SEO plugin. -->","yoast_head_json":{"title":"Nachhaltigkeits-Wochenende 2025 in Amalfi: ein Meer, eine Stadt, eine Gemeinschaft, die sich f\u00fcr die Umwelt einsetzt - Visit Amalfi","robots":{"index":"index","follow":"follow","max-snippet":"max-snippet:-1","max-image-preview":"max-image-preview:large","max-video-preview":"max-video-preview:-1"},"canonical":"https:\/\/www.visitamalfi.info\/de\/nachhaltigkeits-wochenende-2025-in-amalfi-ein-meer-eine-stadt-eine-gemeinschaft-die-sich-fuer-die-umwelt-einsetzt\/","og_locale":"de_DE","og_type":"article","og_title":"Nachhaltigkeits-Wochenende 2025 in Amalfi: ein Meer, eine Stadt, eine Gemeinschaft, die sich f\u00fcr die Umwelt einsetzt - Visit Amalfi","og_description":"Drei Tage, um den Wert der F\u00fcrsorge neu zu entdecken.Vom historischen Zentrum bis zum Meer erlebte Amalfi ein Wochenende im Zeichen der Nachhaltigkeit, des Austauschs und des Respekts f\u00fcr das [&hellip;]","og_url":"https:\/\/www.visitamalfi.info\/de\/nachhaltigkeits-wochenende-2025-in-amalfi-ein-meer-eine-stadt-eine-gemeinschaft-die-sich-fuer-die-umwelt-einsetzt\/","og_site_name":"Visit Amalfi","article_publisher":"https:\/\/www.facebook.com\/visitamalfiofficial","article_published_time":"2025-10-20T10:56:00+00:00","og_image":[{"width":1920,"height":1081,"url":"https:\/\/www.visitamalfi.info\/wp-content\/uploads\/2025\/10\/20251019_114225.jpg","type":"image\/jpeg"}],"author":"Federica Dumont","twitter_card":"summary_large_image","twitter_misc":{"Verfasst von":"Federica Dumont","Gesch\u00e4tzte Lesezeit":"2\u00a0Minuten"},"schema":{"@context":"https:\/\/schema.org","@graph":[{"@type":"Article","@id":"https:\/\/www.visitamalfi.info\/de\/nachhaltigkeits-wochenende-2025-in-amalfi-ein-meer-eine-stadt-eine-gemeinschaft-die-sich-fuer-die-umwelt-einsetzt\/#article","isPartOf":{"@id":"https:\/\/www.visitamalfi.info\/de\/nachhaltigkeits-wochenende-2025-in-amalfi-ein-meer-eine-stadt-eine-gemeinschaft-die-sich-fuer-die-umwelt-einsetzt\/"},"author":{"name":"Federica Dumont","@id":"https:\/\/www.visitamalfi.info\/de\/#\/schema\/person\/0c7584af846d5d2da6c69f7e68f3af96"},"headline":"Nachhaltigkeits-Wochenende 2025 in Amalfi: ein Meer, eine Stadt, eine Gemeinschaft, die sich f\u00fcr die Umwelt einsetzt","datePublished":"2025-10-20T10:56:00+00:00","mainEntityOfPage":{"@id":"https:\/\/www.visitamalfi.info\/de\/nachhaltigkeits-wochenende-2025-in-amalfi-ein-meer-eine-stadt-eine-gemeinschaft-die-sich-fuer-die-umwelt-einsetzt\/"},"wordCount":352,"commentCount":0,"publisher":{"@id":"https:\/\/www.visitamalfi.info\/de\/#organization"},"image":{"@id":"https:\/\/www.visitamalfi.info\/de\/nachhaltigkeits-wochenende-2025-in-amalfi-ein-meer-eine-stadt-eine-gemeinschaft-die-sich-fuer-die-umwelt-einsetzt\/#primaryimage"},"thumbnailUrl":"https:\/\/www.visitamalfi.info\/wp-content\/uploads\/2025\/10\/20251019_114225.jpg","articleSection":["Kuriosit\u00e4ten"],"inLanguage":"de","potentialAction":[{"@type":"CommentAction","name":"Comment","target":["https:\/\/www.visitamalfi.info\/de\/nachhaltigkeits-wochenende-2025-in-amalfi-ein-meer-eine-stadt-eine-gemeinschaft-die-sich-fuer-die-umwelt-einsetzt\/#respond"]}]},{"@type":"WebPage","@id":"https:\/\/www.visitamalfi.info\/de\/nachhaltigkeits-wochenende-2025-in-amalfi-ein-meer-eine-stadt-eine-gemeinschaft-die-sich-fuer-die-umwelt-einsetzt\/","url":"https:\/\/www.visitamalfi.info\/de\/nachhaltigkeits-wochenende-2025-in-amalfi-ein-meer-eine-stadt-eine-gemeinschaft-die-sich-fuer-die-umwelt-einsetzt\/","name":"Nachhaltigkeits-Wochenende 2025 in Amalfi: ein Meer, eine Stadt, eine Gemeinschaft, die sich f\u00fcr die Umwelt einsetzt - Visit Amalfi","isPartOf":{"@id":"https:\/\/www.visitamalfi.info\/de\/#website"},"primaryImageOfPage":{"@id":"https:\/\/www.visitamalfi.info\/de\/nachhaltigkeits-wochenende-2025-in-amalfi-ein-meer-eine-stadt-eine-gemeinschaft-die-sich-fuer-die-umwelt-einsetzt\/#primaryimage"},"image":{"@id":"https:\/\/www.visitamalfi.info\/de\/nachhaltigkeits-wochenende-2025-in-amalfi-ein-meer-eine-stadt-eine-gemeinschaft-die-sich-fuer-die-umwelt-einsetzt\/#primaryimage"},"thumbnailUrl":"https:\/\/www.visitamalfi.info\/wp-content\/uploads\/2025\/10\/20251019_114225.jpg","datePublished":"2025-10-20T10:56:00+00:00","breadcrumb":{"@id":"https:\/\/www.visitamalfi.info\/de\/nachhaltigkeits-wochenende-2025-in-amalfi-ein-meer-eine-stadt-eine-gemeinschaft-die-sich-fuer-die-umwelt-einsetzt\/#breadcrumb"},"inLanguage":"de","potentialAction":[{"@type":"ReadAction","target":["https:\/\/www.visitamalfi.info\/de\/nachhaltigkeits-wochenende-2025-in-amalfi-ein-meer-eine-stadt-eine-gemeinschaft-die-sich-fuer-die-umwelt-einsetzt\/"]}]},{"@type":"ImageObject","inLanguage":"de","@id":"https:\/\/www.visitamalfi.info\/de\/nachhaltigkeits-wochenende-2025-in-amalfi-ein-meer-eine-stadt-eine-gemeinschaft-die-sich-fuer-die-umwelt-einsetzt\/#primaryimage","url":"https:\/\/www.visitamalfi.info\/wp-content\/uploads\/2025\/10\/20251019_114225.jpg","contentUrl":"https:\/\/www.visitamalfi.info\/wp-content\/uploads\/2025\/10\/20251019_114225.jpg","width":1920,"height":1081},{"@type":"BreadcrumbList","@id":"https:\/\/www.visitamalfi.info\/de\/nachhaltigkeits-wochenende-2025-in-amalfi-ein-meer-eine-stadt-eine-gemeinschaft-die-sich-fuer-die-umwelt-einsetzt\/#breadcrumb","itemListElement":[{"@type":"ListItem","position":1,"name":"Home","item":"https:\/\/www.visitamalfi.info\/de\/"},{"@type":"ListItem","position":2,"name":"Nachhaltigkeits-Wochenende 2025 in Amalfi: ein Meer, eine Stadt, eine Gemeinschaft, die sich f\u00fcr die Umwelt einsetzt"}]},{"@type":"WebSite","@id":"https:\/\/www.visitamalfi.info\/de\/#website","url":"https:\/\/www.visitamalfi.info\/de\/","name":"Visit Amalfi","description":"Amalfi Destination Official Website","publisher":{"@id":"https:\/\/www.visitamalfi.info\/de\/#organization"},"potentialAction":[{"@type":"SearchAction","target":{"@type":"EntryPoint","urlTemplate":"https:\/\/www.visitamalfi.info\/de\/?s={search_term_string}"},"query-input":{"@type":"PropertyValueSpecification","valueRequired":true,"valueName":"search_term_string"}}],"inLanguage":"de"},{"@type":"Organization","@id":"https:\/\/www.visitamalfi.info\/de\/#organization","name":"Visit Amalfi","url":"https:\/\/www.visitamalfi.info\/de\/","logo":{"@type":"ImageObject","inLanguage":"de","@id":"https:\/\/www.visitamalfi.info\/de\/#\/schema\/logo\/image\/","url":"https:\/\/www.visitamalfi.info\/wp-content\/uploads\/2023\/04\/visit-amalfi-logo-web.png","contentUrl":"https:\/\/www.visitamalfi.info\/wp-content\/uploads\/2023\/04\/visit-amalfi-logo-web.png","width":800,"height":870,"caption":"Visit Amalfi"},"image":{"@id":"https:\/\/www.visitamalfi.info\/de\/#\/schema\/logo\/image\/"},"sameAs":["https:\/\/www.facebook.com\/visitamalfiofficial","https:\/\/www.instagram.com\/visitamalfiofficial\/"]},{"@type":"Person","@id":"https:\/\/www.visitamalfi.info\/de\/#\/schema\/person\/0c7584af846d5d2da6c69f7e68f3af96","name":"Federica Dumont","image":{"@type":"ImageObject","inLanguage":"de","@id":"https:\/\/secure.gravatar.com\/avatar\/0803dab414b6c6f1fd2399680f587870a020419b6ebe9d36dd75df06a6a68060?s=96&d=mm&r=g","url":"https:\/\/secure.gravatar.com\/avatar\/0803dab414b6c6f1fd2399680f587870a020419b6ebe9d36dd75df06a6a68060?s=96&d=mm&r=g","contentUrl":"https:\/\/secure.gravatar.com\/avatar\/0803dab414b6c6f1fd2399680f587870a020419b6ebe9d36dd75df06a6a68060?s=96&d=mm&r=g","caption":"Federica Dumont"},"url":"https:\/\/www.visitamalfi.info\/de\/author\/federica\/"}]}},"_links":{"self":[{"href":"https:\/\/www.visitamalfi.info\/de\/wp-json\/wp\/v2\/posts\/23098","targetHints":{"allow":["GET"]}}],"collection":[{"href":"https:\/\/www.visitamalfi.info\/de\/wp-json\/wp\/v2\/posts"}],"about":[{"href":"https:\/\/www.visitamalfi.info\/de\/wp-json\/wp\/v2\/types\/post"}],"author":[{"embeddable":true,"href":"https:\/\/www.visitamalfi.info\/de\/wp-json\/wp\/v2\/users\/7"}],"replies":[{"embeddable":true,"href":"https:\/\/www.visitamalfi.info\/de\/wp-json\/wp\/v2\/comments?post=23098"}],"version-history":[{"count":0,"href":"https:\/\/www.visitamalfi.info\/de\/wp-json\/wp\/v2\/posts\/23098\/revisions"}],"wp:featuredmedia":[{"embeddable":true,"href":"https:\/\/www.visitamalfi.info\/de\/wp-json\/wp\/v2\/media\/23095"}],"wp:attachment":[{"href":"https:\/\/www.visitamalfi.info\/de\/wp-json\/wp\/v2\/media?parent=23098"}],"wp:term":[{"taxonomy":"category","embeddable":true,"href":"https:\/\/www.visitamalfi.info\/de\/wp-json\/wp\/v2\/categories?post=23098"},{"taxonomy":"post_tag","embeddable":true,"href":"https:\/\/www.visitamalfi.info\/de\/wp-json\/wp\/v2\/tags?post=23098"}],"curies":[{"name":"wp","href":"https:\/\/api.w.org\/{rel}","templated":true}]}}